{"id":20782,"date":"2026-03-06T15:28:55","date_gmt":"2026-03-06T13:28:55","guid":{"rendered":"https:\/\/voima.fi\/hairikot\/?p=20782"},"modified":"2026-03-06T15:28:55","modified_gmt":"2026-03-06T13:28:55","slug":"kolme-katsetta-kanaan","status":"publish","type":"post","link":"https:\/\/voima.fi\/hairikot\/artikkeli\/kolme-katsetta-kanaan\/","title":{"rendered":"Kolme katsetta kanaan"},"content":{"rendered":"<p>Broilerit ovat tuttuja ja vieraita. Monet tapaavat t\u00e4m\u00e4n kanalinnun lautasellaan monta kertaa viikossa, mutta muuten broilerit ovat n\u00e4kym\u00e4tt\u00f6mi\u00e4. Omanlaisia v\u00e4l\u00e4hdyksi\u00e4 broilereista ja suhteestamme heihin on kuitenkin n\u00e4hty esimeriksi mainoksissa ja teatterilavalla.<\/p>\n<p>Kiasma-teatterissa esitetty<b> Samuli Niittym\u00e4en<\/b> k\u00e4sikirjoittama ja ohjaama <a href=\"https:\/\/kiasma.fi\/esitykset\/krispi-fraid\/\" class=\"external\" rel=\"nofollow\"><i>Krispi Fraid<\/i><\/a> on absurdi esitys kanasuhteestamme ja hieman mainoksistakin. Kolmeen osaan jakautuva esitys vaikuttaa \u00e4kkiselt\u00e4\u00e4n ep\u00e4suhtaiselta kokonaisuudelta, mutta paljastuukin nerokkaaksi yhdistelm\u00e4ksi perinteist\u00e4 monologivetoista huumoriteatteria ja nykytanssia.<\/p>\n<p>Esityksen ensimm\u00e4isess\u00e4 osassa ollaan New Yorkissa vuonna 1984. Tuottaja Risto (<b>Joonas Heikkinen<\/b>) maanittelee hotellihuoneeseensa sulkeutunutta ohjaaja Intoa (Samuli Niittym\u00e4ki) ulos ja kuvauspaikalle. On Krispi Fraid -yhti\u00f6n mainoskuvausten viimeinen p\u00e4iv\u00e4 ja homma pit\u00e4isi saada pakettiin. Kanan ruumiinosat eiv\u00e4t myy itse itse\u00e4\u00e4n, tarvitaan ohjaajaneron visiota. Ep\u00e4toivoinen tuottaja hotellin k\u00e4yt\u00e4v\u00e4ll\u00e4 k\u00e4y l\u00e4pi inhimillisen tunneskaalan raivosta turhautumiseen, ilosta ep\u00e4toivoon ja masennukseen. Heikkisen kehollinen ja sanallinen huumori on huikeaa ja h\u00e4nen tuskansa on samalla k\u00e4sinkosketeltava sek\u00e4 riemastuttavaa katsottavaa.<span class=\"Apple-converted-space\">\u00a0<\/span><\/p>\n<p>Farssimaista ensimm\u00e4ist\u00e4 osaa seuraa siirtym\u00e4 hotellihuoneen sis\u00e4lle, jossa Into havahtuu aamuun t\u00e4ysin vieraassa olotilassa. Niittym\u00e4ki kuvaa sanattomasti tanssin avulla henkil\u00f6\u00e4, joka kokee yll\u00e4tt\u00e4v\u00e4n muodonmuutoksen kanaksi. Alussa Into-kana ei kykene edes nousemaan jaloilleen ja py\u00f6rii maassa avuttomana kuin lihastensa painon alle lyyhistynyt kananpoikanen konsanaan. Toisin kuin perhetilojen broilerit Into saa pit\u00e4\u00e4 henkens\u00e4 ja ruumiinsa ja p\u00e4\u00e4see lopulta el\u00e4m\u00e4n syrj\u00e4\u00e4n kiinni uudessa kehossaan.<\/p>\n<p>Esityksen kolmannessa osassa siirryt\u00e4\u00e4n ajassa vuosi eteenp\u00e4in. Risto on kutsunut kana Inton l\u00e4heisi\u00e4 koolle, sill\u00e4 el\u00e4inl\u00e4\u00e4k\u00e4rin mukaan loppu alkaa olla l\u00e4hell\u00e4. Riston juhlapuheesta k\u00e4y ilmi, kuinka h\u00e4nen oma suhteensa kanoihin on kokemuksen my\u00f6t\u00e4 muuttunut \u2013 niin kanan lihan kuin munienkin sy\u00f6minen on loppunut.<\/p>\n<p>K\u00e4sikirjoittajan mietteiden arvailu on tietenkin aina vaikeaa, mutta onneksi yleis\u00f6ll\u00e4 on vapaus tulkita teoksia haluamallaan tavalla. <b>Franz<\/b> <b>Kafkan<\/b> <i>Muodonmuutoksessa <\/i>Gregor Samsasta tulee torakka, v\u00e4heksytty paarialuokan edustaja mutta my\u00f6s oikeasti toisenlajinen el\u00e4in. Inton metamorfoosi k\u00e4ynnistyy h\u00e4nen kuvatessaan mainosta, jonka tarkoituksena on maksimoida kanojen ruumiiden myyminen. On kysymys sitten konkreettisesta transformaatiosta tai eksistentiaalisen kriisin ruumiillistamisesta, havahtuminen siihen, ett\u00e4 on itse mukana edist\u00e4m\u00e4ss\u00e4 monin tavoin moraalitonta toimintaa, on ep\u00e4ilem\u00e4tt\u00e4 melko vaikea tilanne ja voimakkaatkin reaktiot ymm\u00e4rrett\u00e4vi\u00e4.<\/p>\n<p><i>Krispi Fraidin<\/i> kerronta ja tyyli tuo omalla tavallaan mieleen <b>Frederic Beigbederin<\/b> kirjoittaman <i>24,99<\/i>-romaanin (Like 2004), tai ehk\u00e4 erityisesti <b>Jan Kounenin<\/b> ohjaaman <i>99 Francs<\/i> -filmatisoinnin (2007) siit\u00e4. Beigbederin tarina on kuvaus mainosmaailman tyhjyyden ja kyynisyyden riivaaman mainosmiehen psyyken hajoamisesta. Kenties Niittym\u00e4ki tavoittaa jotain samaa, mutta omalla tavallaan ja tietenkin omaa polkuaan kulkien.<\/p>\n<figure id=\"attachment_20783\" aria-describedby=\"caption-attachment-20783\" style=\"width: 1920px\" class=\"wp-caption aligncenter\"><img decoding=\"async\" class=\"size-full wp-image-20783\" src=\"https:\/\/voima.fi\/hairikot\/wp-content\/uploads\/sites\/9\/2026\/03\/krispi-fraid.jpg\" alt=\"\" width=\"1920\" height=\"1080\" srcset=\"https:\/\/voima.fi\/hairikot\/wp-content\/uploads\/sites\/9\/2026\/03\/krispi-fraid.jpg 1920w, https:\/\/voima.fi\/hairikot\/wp-content\/uploads\/sites\/9\/2026\/03\/krispi-fraid-600x338.jpg 600w, https:\/\/voima.fi\/hairikot\/wp-content\/uploads\/sites\/9\/2026\/03\/krispi-fraid-1024x576.jpg 1024w, https:\/\/voima.fi\/hairikot\/wp-content\/uploads\/sites\/9\/2026\/03\/krispi-fraid-768x432.jpg 768w, https:\/\/voima.fi\/hairikot\/wp-content\/uploads\/sites\/9\/2026\/03\/krispi-fraid-1536x864.jpg 1536w, https:\/\/voima.fi\/hairikot\/wp-content\/uploads\/sites\/9\/2026\/03\/krispi-fraid-320x180.jpg 320w, https:\/\/voima.fi\/hairikot\/wp-content\/uploads\/sites\/9\/2026\/03\/krispi-fraid-200x113.jpg 200w, https:\/\/voima.fi\/hairikot\/wp-content\/uploads\/sites\/9\/2026\/03\/krispi-fraid-560x315.jpg 560w, https:\/\/voima.fi\/hairikot\/wp-content\/uploads\/sites\/9\/2026\/03\/krispi-fraid-980x551.jpg 980w\" sizes=\"(max-width: 1920px) 100vw, 1920px\" \/><figcaption id=\"caption-attachment-20783\" class=\"wp-caption-text\">Kuvitteellisen yrityksen mainoskuva, jolla mainostetaan saman nimist\u00e4 teatteriesityst\u00e4, jossa esitet\u00e4\u00e4n yrityst\u00e4 kuvata tuon kuvitteellisen yrityksen mainosta.<\/figcaption><\/figure>\n<h3><b>Kanat mainoksissa<\/b><\/h3>\n<p>Kanojen ja mainosten maailmoissa m\u00f6yriv\u00e4\u00e4n <i>Krispi Fraid<\/i> -teokseen tuo oman ajankohtaisuutensa se, ett\u00e4 olemme juuri n\u00e4hneet kaksi poikkeuksellista ja kesken\u00e4\u00e4n hyvin erilaista kanoihin liittyv\u00e4\u00e4 mainoskampanjaa. Samalla kun el\u00e4inoikeusj\u00e4rjest\u00f6 Animalian Tuhotuotetut-kampanja on pyrkinyt tekem\u00e4\u00e4n n\u00e4kyv\u00e4ksi broilerituotannon ongelmia, televisiokanava Nelonen on p\u00e4\u00e4tt\u00e4nyt esitt\u00e4\u00e4 lihatalo Atrian tuottamia mainosvideoita dokumentteina.<span class=\"Apple-converted-space\">\u00a0<\/span><\/p>\n<p>Animalian kampanjan normaalista liiketalouden logiikasta poikkeavat tavoitteet tuottivat hienoista p\u00e4\u00e4nvaivaa j\u00e4rjestelm\u00e4lle ja mainostilaa vuokraava JCDecaux vaati mainoksiin muutoksia. \u201dPiti hieman arvuutella, mist\u00e4 on kyse, sill\u00e4 suoraan ei sanottu\u201d, kuvailee Animalian viestint\u00e4p\u00e4\u00e4llikk\u00f6 <b>Taija Rinne<\/b> tilannetta.<\/p>\n<p>JCDecaux\u2019n mukaan mainonnassa ei saa \u201dmustamaalata mit\u00e4\u00e4n organisaatiota, ammattia, henkil\u00f6\u00e4, henkil\u00f6ryhm\u00e4\u00e4 tai tuotetta ep\u00e4oikeudenmukaisella tavalla\u201d. Vaikka Animalian mainoksista l\u00f6ytynytt\u00e4 mustamaalaamista ei eritelty, arvioitiin j\u00e4rjest\u00f6ss\u00e4, ett\u00e4 mainoksen teksti \u201dbroilerikiusausta perhetilalta\u201d oli ongelma ja sen poistamisen j\u00e4lkeen mainos kelpasikin levitykseen. \u201dPerhetila\u201d on termi, jota Atria k\u00e4ytt\u00e4\u00e4 tuottajiensa tiloista. Keskim\u00e4\u00e4r\u00e4isell\u00e4 \u201dperhetilalla\u201d el\u00e4\u00e4 kerralla noin 70 000 broileria ja muutama ihminen.<\/p>\n<p>Vaikka hunajamarinoidut broilerisuikaleet ja wingsit sek\u00e4 nugetit ovat arkisista arkisin asia, emme ole yhteiskuntana tottuneet keskustelemaan niist\u00e4 muuta kuin myynninedist\u00e4misen nimiss\u00e4. Animalian tarve hienos\u00e4\u00e4t\u00e4\u00e4 mainoksiaan muistuttaakin siit\u00e4, mink\u00e4laisten viestien v\u00e4litt\u00e4miseen mainosekosysteemi on lopulta rakennettu. T\u00e4m\u00e4 todellisuuden kohtaamisen vaikeus ja samalla todellisuuden kauheus kenties selitt\u00e4\u00e4 my\u00f6s osaltaan mainosohjaajan kriisi\u00e4 <i>Krispi Fraidissa<\/i>.<\/p>\n<p>Sopivasti samoihin aikoihin Tuhotuotetut-kampanjan kanssa Nelonen esitt\u00e4\u00e4 Atrian yhdess\u00e4 <b>Arman Alizadin<\/b> kanssa tekem\u00e4\u00e4 <i>Arman ja oodi suomalaiselle ruoalle<\/i> -sarjaa. On kiistatonta, ett\u00e4 sarja on mainos, vaikka Nelonen sit\u00e4 \u201ddokumenttina\u201d esitt\u00e4\u00e4kin. Sarjan rahoittajan huomioiden ei ole yll\u00e4tt\u00e4v\u00e4\u00e4, ett\u00e4 siin\u00e4 esitet\u00e4\u00e4n muun muassa tarkasti kuratoitua kuvaa broilerihalleista, joissa keltaiset tiput pomppivat ja kuopsuttelevat. Aineisto on kuvattu viiden viikon kasvatuskierron alkupuolella, kun broilerit ovat viel\u00e4 s\u00f6p\u00f6j\u00e4 pikku palleroita ja tilaa riitt\u00e4\u00e4. Alizad ei sattunut osumaan paikalle kierron loppuvaiheessa, jolloin l\u00e4helle teuraspainoa turvotetut broilerit kyyh\u00f6tt\u00e4v\u00e4t kylkikyljess\u00e4 n\u00e4lk\u00e4\u00e4n n\u00e4\u00e4ntyneiden lajikumppaneidensa kanssa.<\/p>\n<p>Atrian ja Armanin mainossarjan loppun\u00e4yt\u00f6s on viel\u00e4 edess\u00e4, sill\u00e4 sen esitt\u00e4minen televisiossa poiki v\u00e4litt\u00f6m\u00e4sti joukon valituksia eri tahoille. Koska on hieman ep\u00e4selv\u00e4\u00e4, mink\u00e4 valvovan elimen alaisuuteen asian k\u00e4sittely kuuluu, on siit\u00e4 kirjelm\u00f6ity ainakin kuluttaja-asiamiehelle, Julkisen sanan neuvostolle ja Mainonnan eettiselle neuvostolle. N\u00e4ht\u00e4v\u00e4ksi j\u00e4\u00e4, kuka asiaan tarttuu jos toki on my\u00f6s mahdollista, ett\u00e4 valvojat pesev\u00e4t toinen toistensa k\u00e4det. Toisaalta, useampi kuin yksi valvoja voi perustellusti tarttua tapaukseen.<\/p>\n<figure id=\"attachment_20784\" aria-describedby=\"caption-attachment-20784\" style=\"width: 731px\" class=\"wp-caption aligncenter\"><img decoding=\"async\" class=\"size-full wp-image-20784\" src=\"https:\/\/voima.fi\/hairikot\/wp-content\/uploads\/sites\/9\/2026\/03\/tuhotuotetut-turussa.jpg\" alt=\"\" width=\"731\" height=\"517\" srcset=\"https:\/\/voima.fi\/hairikot\/wp-content\/uploads\/sites\/9\/2026\/03\/tuhotuotetut-turussa.jpg 731w, https:\/\/voima.fi\/hairikot\/wp-content\/uploads\/sites\/9\/2026\/03\/tuhotuotetut-turussa-600x424.jpg 600w, https:\/\/voima.fi\/hairikot\/wp-content\/uploads\/sites\/9\/2026\/03\/tuhotuotetut-turussa-320x226.jpg 320w, https:\/\/voima.fi\/hairikot\/wp-content\/uploads\/sites\/9\/2026\/03\/tuhotuotetut-turussa-200x141.jpg 200w, https:\/\/voima.fi\/hairikot\/wp-content\/uploads\/sites\/9\/2026\/03\/tuhotuotetut-turussa-560x396.jpg 560w\" sizes=\"(max-width: 731px) 100vw, 731px\" \/><figcaption id=\"caption-attachment-20784\" class=\"wp-caption-text\">Helsingin ulkopuolella Tuhotuotetut-kampanja levitettiin Outshine-yhti\u00f6n mainosn\u00e4yt\u00f6ill\u00e4. Outshinen toimistolla termi\u00e4 &#8221;perhetila&#8221; in n\u00e4hty ongelmana ja mainokset kelpuutettiin esitett\u00e4v\u00e4ksi alkuper\u00e4isess\u00e4 muodossa.<\/figcaption><\/figure>\n<h3><b>Lopuksi<\/b><\/h3>\n<p>Siin\u00e4, miss\u00e4 Animalia pyrkii kohdistamaan yleis\u00f6n katseen lintuihin itseens\u00e4, tasapainottelee <i>Krispi Fraid<\/i> kanaan katsomisen ja inhimillisen kokemuksen v\u00e4lill\u00e4. Atrian mainoksessa katse on tiukasti inhimillisess\u00e4 kokemuksessa ja tavoitteissa, kuten lihatalon mainokselta voi odottaakin.<\/p>\n<p>N\u00e4m\u00e4 kolme kesken\u00e4\u00e4n hyvin erilaista tapaa tarkastella osittain samaa piirt\u00e4v\u00e4t yhdess\u00e4 omanlaisensa kuvan <a href=\"https:\/\/voima.fi\/hairikot\/artikkeli\/kanan-elama\/\">maailman yleisimm\u00e4st\u00e4 linnusta<\/a>. Samalla ne kertovat meist\u00e4 itsest\u00e4mme.<\/p>\n<p><strong>Samuli Niittym\u00e4ki: Krispi Fraid. N\u00e4yt\u00f6kset Kiasma-teatterissa 8.3. asti.<\/strong><\/p>\n","protected":false},"excerpt":{"rendered":"<p>Broilerit ovat tuttuja ja vieraita. Monet tapaavat t\u00e4m\u00e4n kanalinnun lautasellaan monta kertaa viikossa, mutta muuten broilerit ovat n\u00e4kym\u00e4tt\u00f6mi\u00e4. Omanlaisia v\u00e4l\u00e4hdyksi\u00e4 broilereista ja suhteestamme heihin on kuitenkin n\u00e4hty esimeriksi mainoksissa ja teatterilavalla. Kiasma-teatterissa esitetty Samuli Niittym\u00e4en k\u00e4sikirjoittama ja ohjaama Krispi Fraid on absurdi esitys kanasuhteestamme ja hieman mainoksistakin. Kolmeen osaan jakautuva esitys vaikuttaa \u00e4kkiselt\u00e4\u00e4n ep\u00e4suhtaiselta kokonaisuudelta, [&hellip;]<\/p>\n","protected":false},"author":122,"featured_media":20783,"comment_status":"closed","ping_status":"closed","sticky":false,"template":"","format":"standard","meta":{"footnotes":""},"categories":[4],"tags":[123,207,3217,1016,1136,2490],"yoast_head":"<!-- This site is optimized with the Yoast SEO plugin v22.7 - https:\/\/yoast.com\/wordpress\/plugins\/seo\/ -->\n<title>Kolme katsetta kanaan - H\u00e4irik\u00f6t-p\u00e4\u00e4maja<\/title>\n<meta name=\"robots\" content=\"index, follow, max-snippet:-1, max-image-preview:large, max-video-preview:-1\" \/>\n<link rel=\"canonical\" href=\"https:\/\/voima.fi\/hairikot\/artikkeli\/kolme-katsetta-kanaan\/\" \/>\n<meta property=\"og:locale\" content=\"fi_FI\" \/>\n<meta property=\"og:type\" content=\"article\" \/>\n<meta property=\"og:title\" content=\"Kolme katsetta kanaan - H\u00e4irik\u00f6t-p\u00e4\u00e4maja\" \/>\n<meta property=\"og:description\" content=\"Broilerit ovat tuttuja ja vieraita. Monet tapaavat t\u00e4m\u00e4n kanalinnun lautasellaan monta kertaa viikossa, mutta muuten broilerit ovat n\u00e4kym\u00e4tt\u00f6mi\u00e4. Omanlaisia v\u00e4l\u00e4hdyksi\u00e4 broilereista ja suhteestamme heihin on kuitenkin n\u00e4hty esimeriksi mainoksissa ja teatterilavalla. Kiasma-teatterissa esitetty Samuli Niittym\u00e4en k\u00e4sikirjoittama ja ohjaama Krispi Fraid on absurdi esitys kanasuhteestamme ja hieman mainoksistakin. Kolmeen osaan jakautuva esitys vaikuttaa \u00e4kkiselt\u00e4\u00e4n ep\u00e4suhtaiselta kokonaisuudelta, [&hellip;]\" \/>\n<meta property=\"og:url\" content=\"https:\/\/voima.fi\/hairikot\/artikkeli\/kolme-katsetta-kanaan\/\" \/>\n<meta property=\"og:site_name\" content=\"H\u00e4irik\u00f6t-p\u00e4\u00e4maja\" \/>\n<meta property=\"article:published_time\" content=\"2026-03-06T13:28:55+00:00\" \/>\n<meta property=\"og:image\" content=\"https:\/\/voima.fi\/hairikot\/wp-content\/uploads\/sites\/9\/2026\/03\/krispi-fraid.jpg\" \/>\n\t<meta property=\"og:image:width\" content=\"1920\" \/>\n\t<meta property=\"og:image:height\" content=\"1080\" \/>\n\t<meta property=\"og:image:type\" content=\"image\/jpeg\" \/>\n<meta name=\"author\" content=\"Jari Tamminen\" \/>\n<meta name=\"twitter:card\" content=\"summary_large_image\" \/>\n<meta name=\"twitter:label1\" content=\"Kirjoittanut\" \/>\n\t<meta name=\"twitter:data1\" content=\"Jari Tamminen\" \/>\n\t<meta name=\"twitter:label2\" content=\"Arvioitu lukuaika\" \/>\n\t<meta name=\"twitter:data2\" content=\"6 minuuttia\" \/>\n<script type=\"application\/ld+json\" class=\"yoast-schema-graph\">{\"@context\":\"https:\/\/schema.org\",\"@graph\":[{\"@type\":\"WebPage\",\"@id\":\"https:\/\/voima.fi\/hairikot\/artikkeli\/kolme-katsetta-kanaan\/\",\"url\":\"https:\/\/voima.fi\/hairikot\/artikkeli\/kolme-katsetta-kanaan\/\",\"name\":\"Kolme katsetta kanaan - H\u00e4irik\u00f6t-p\u00e4\u00e4maja\",\"isPartOf\":{\"@id\":\"https:\/\/voima.fi\/hairikot\/#website\"},\"primaryImageOfPage\":{\"@id\":\"https:\/\/voima.fi\/hairikot\/artikkeli\/kolme-katsetta-kanaan\/#primaryimage\"},\"image\":{\"@id\":\"https:\/\/voima.fi\/hairikot\/artikkeli\/kolme-katsetta-kanaan\/#primaryimage\"},\"thumbnailUrl\":\"https:\/\/voima.fi\/hairikot\/wp-content\/uploads\/sites\/9\/2026\/03\/krispi-fraid.jpg\",\"datePublished\":\"2026-03-06T13:28:55+00:00\",\"dateModified\":\"2026-03-06T13:28:55+00:00\",\"author\":{\"@id\":\"https:\/\/voima.fi\/hairikot\/#\/schema\/person\/523ff68c19f1381d78529f38bb76e7fe\"},\"breadcrumb\":{\"@id\":\"https:\/\/voima.fi\/hairikot\/artikkeli\/kolme-katsetta-kanaan\/#breadcrumb\"},\"inLanguage\":\"fi\",\"potentialAction\":[{\"@type\":\"ReadAction\",\"target\":[\"https:\/\/voima.fi\/hairikot\/artikkeli\/kolme-katsetta-kanaan\/\"]}]},{\"@type\":\"ImageObject\",\"inLanguage\":\"fi\",\"@id\":\"https:\/\/voima.fi\/hairikot\/artikkeli\/kolme-katsetta-kanaan\/#primaryimage\",\"url\":\"https:\/\/voima.fi\/hairikot\/wp-content\/uploads\/sites\/9\/2026\/03\/krispi-fraid.jpg\",\"contentUrl\":\"https:\/\/voima.fi\/hairikot\/wp-content\/uploads\/sites\/9\/2026\/03\/krispi-fraid.jpg\",\"width\":1920,\"height\":1080,\"caption\":\"Kuvitteellisen yrityksen mainoskuva, jolla mainostetaan saman nimist\u00e4 teatteriesityst\u00e4, jossa yritet\u00e4\u00e4n kuvata tuon kuvitteellisen yrityksen mainosta.\"},{\"@type\":\"BreadcrumbList\",\"@id\":\"https:\/\/voima.fi\/hairikot\/artikkeli\/kolme-katsetta-kanaan\/#breadcrumb\",\"itemListElement\":[{\"@type\":\"ListItem\",\"position\":1,\"name\":\"Home\",\"item\":\"https:\/\/voima.fi\/hairikot\/\"},{\"@type\":\"ListItem\",\"position\":2,\"name\":\"Kolme katsetta kanaan\"}]},{\"@type\":\"WebSite\",\"@id\":\"https:\/\/voima.fi\/hairikot\/#website\",\"url\":\"https:\/\/voima.fi\/hairikot\/\",\"name\":\"H\u00e4irik\u00f6t-p\u00e4\u00e4maja\",\"description\":\"\",\"potentialAction\":[{\"@type\":\"SearchAction\",\"target\":{\"@type\":\"EntryPoint\",\"urlTemplate\":\"https:\/\/voima.fi\/hairikot\/?s={search_term_string}\"},\"query-input\":\"required name=search_term_string\"}],\"inLanguage\":\"fi\"},{\"@type\":\"Person\",\"@id\":\"https:\/\/voima.fi\/hairikot\/#\/schema\/person\/523ff68c19f1381d78529f38bb76e7fe\",\"name\":\"Jari Tamminen\",\"image\":{\"@type\":\"ImageObject\",\"inLanguage\":\"fi\",\"@id\":\"https:\/\/voima.fi\/hairikot\/#\/schema\/person\/image\/\",\"url\":\"https:\/\/secure.gravatar.com\/avatar\/e5c0bb16f2efc1924afe37fc190f8ce1?s=96&d=blank&r=g\",\"contentUrl\":\"https:\/\/secure.gravatar.com\/avatar\/e5c0bb16f2efc1924afe37fc190f8ce1?s=96&d=blank&r=g\",\"caption\":\"Jari Tamminen\"},\"description\":\"Kulttuurih\u00e4irint\u00e4 on taiteen ja aktivismin j\u00e4nnitt\u00e4v\u00e4\u00e4 lomittumista: odottamaton performanssi katuvilin\u00e4ss\u00e4, vallattuja mainostauluja ja mainosparodioita. Se on k\u00e4site, joka yhdist\u00e4\u00e4 yhteiskunnallista kommentaaria ja luovaa vastarintaa. T\u00e4ss\u00e4 blogissa Voiman Jari Tamminen hahmottaa maailmaa kulttuurih\u00e4irinn\u00e4n n\u00e4k\u00f6kulmasta. Lis\u00e4\u00e4 Tammisen huomioita kulttuurih\u00e4irinn\u00e4st\u00e4 voi lukea Voimasta, H\u00e4irik\u00f6t \u2013 Kulttuurih\u00e4irinn\u00e4n aakkoset -kirjasta ja p\u00e4ivitt\u00e4in osoitteesta www.facebook.com\/hairikot.\",\"sameAs\":[\"http:\/\/www.facebook.com\/hairikot\"],\"url\":\"https:\/\/voima.fi\/hairikot\/artikkeli\/author\/hairikko\/\"}]}<\/script>\n<!-- \/ Yoast SEO plugin. -->","yoast_head_json":{"title":"Kolme katsetta kanaan - H\u00e4irik\u00f6t-p\u00e4\u00e4maja","robots":{"index":"index","follow":"follow","max-snippet":"max-snippet:-1","max-image-preview":"max-image-preview:large","max-video-preview":"max-video-preview:-1"},"canonical":"https:\/\/voima.fi\/hairikot\/artikkeli\/kolme-katsetta-kanaan\/","og_locale":"fi_FI","og_type":"article","og_title":"Kolme katsetta kanaan - H\u00e4irik\u00f6t-p\u00e4\u00e4maja","og_description":"Broilerit ovat tuttuja ja vieraita. Monet tapaavat t\u00e4m\u00e4n kanalinnun lautasellaan monta kertaa viikossa, mutta muuten broilerit ovat n\u00e4kym\u00e4tt\u00f6mi\u00e4. Omanlaisia v\u00e4l\u00e4hdyksi\u00e4 broilereista ja suhteestamme heihin on kuitenkin n\u00e4hty esimeriksi mainoksissa ja teatterilavalla. Kiasma-teatterissa esitetty Samuli Niittym\u00e4en k\u00e4sikirjoittama ja ohjaama Krispi Fraid on absurdi esitys kanasuhteestamme ja hieman mainoksistakin. Kolmeen osaan jakautuva esitys vaikuttaa \u00e4kkiselt\u00e4\u00e4n ep\u00e4suhtaiselta kokonaisuudelta, [&hellip;]","og_url":"https:\/\/voima.fi\/hairikot\/artikkeli\/kolme-katsetta-kanaan\/","og_site_name":"H\u00e4irik\u00f6t-p\u00e4\u00e4maja","article_published_time":"2026-03-06T13:28:55+00:00","og_image":[{"width":1920,"height":1080,"url":"https:\/\/voima.fi\/hairikot\/wp-content\/uploads\/sites\/9\/2026\/03\/krispi-fraid.jpg","type":"image\/jpeg"}],"author":"Jari Tamminen","twitter_card":"summary_large_image","twitter_misc":{"Kirjoittanut":"Jari Tamminen","Arvioitu lukuaika":"6 minuuttia"},"schema":{"@context":"https:\/\/schema.org","@graph":[{"@type":"WebPage","@id":"https:\/\/voima.fi\/hairikot\/artikkeli\/kolme-katsetta-kanaan\/","url":"https:\/\/voima.fi\/hairikot\/artikkeli\/kolme-katsetta-kanaan\/","name":"Kolme katsetta kanaan - H\u00e4irik\u00f6t-p\u00e4\u00e4maja","isPartOf":{"@id":"https:\/\/voima.fi\/hairikot\/#website"},"primaryImageOfPage":{"@id":"https:\/\/voima.fi\/hairikot\/artikkeli\/kolme-katsetta-kanaan\/#primaryimage"},"image":{"@id":"https:\/\/voima.fi\/hairikot\/artikkeli\/kolme-katsetta-kanaan\/#primaryimage"},"thumbnailUrl":"https:\/\/voima.fi\/hairikot\/wp-content\/uploads\/sites\/9\/2026\/03\/krispi-fraid.jpg","datePublished":"2026-03-06T13:28:55+00:00","dateModified":"2026-03-06T13:28:55+00:00","author":{"@id":"https:\/\/voima.fi\/hairikot\/#\/schema\/person\/523ff68c19f1381d78529f38bb76e7fe"},"breadcrumb":{"@id":"https:\/\/voima.fi\/hairikot\/artikkeli\/kolme-katsetta-kanaan\/#breadcrumb"},"inLanguage":"fi","potentialAction":[{"@type":"ReadAction","target":["https:\/\/voima.fi\/hairikot\/artikkeli\/kolme-katsetta-kanaan\/"]}]},{"@type":"ImageObject","inLanguage":"fi","@id":"https:\/\/voima.fi\/hairikot\/artikkeli\/kolme-katsetta-kanaan\/#primaryimage","url":"https:\/\/voima.fi\/hairikot\/wp-content\/uploads\/sites\/9\/2026\/03\/krispi-fraid.jpg","contentUrl":"https:\/\/voima.fi\/hairikot\/wp-content\/uploads\/sites\/9\/2026\/03\/krispi-fraid.jpg","width":1920,"height":1080,"caption":"Kuvitteellisen yrityksen mainoskuva, jolla mainostetaan saman nimist\u00e4 teatteriesityst\u00e4, jossa yritet\u00e4\u00e4n kuvata tuon kuvitteellisen yrityksen mainosta."},{"@type":"BreadcrumbList","@id":"https:\/\/voima.fi\/hairikot\/artikkeli\/kolme-katsetta-kanaan\/#breadcrumb","itemListElement":[{"@type":"ListItem","position":1,"name":"Home","item":"https:\/\/voima.fi\/hairikot\/"},{"@type":"ListItem","position":2,"name":"Kolme katsetta kanaan"}]},{"@type":"WebSite","@id":"https:\/\/voima.fi\/hairikot\/#website","url":"https:\/\/voima.fi\/hairikot\/","name":"H\u00e4irik\u00f6t-p\u00e4\u00e4maja","description":"","potentialAction":[{"@type":"SearchAction","target":{"@type":"EntryPoint","urlTemplate":"https:\/\/voima.fi\/hairikot\/?s={search_term_string}"},"query-input":"required name=search_term_string"}],"inLanguage":"fi"},{"@type":"Person","@id":"https:\/\/voima.fi\/hairikot\/#\/schema\/person\/523ff68c19f1381d78529f38bb76e7fe","name":"Jari Tamminen","image":{"@type":"ImageObject","inLanguage":"fi","@id":"https:\/\/voima.fi\/hairikot\/#\/schema\/person\/image\/","url":"https:\/\/secure.gravatar.com\/avatar\/e5c0bb16f2efc1924afe37fc190f8ce1?s=96&d=blank&r=g","contentUrl":"https:\/\/secure.gravatar.com\/avatar\/e5c0bb16f2efc1924afe37fc190f8ce1?s=96&d=blank&r=g","caption":"Jari Tamminen"},"description":"Kulttuurih\u00e4irint\u00e4 on taiteen ja aktivismin j\u00e4nnitt\u00e4v\u00e4\u00e4 lomittumista: odottamaton performanssi katuvilin\u00e4ss\u00e4, vallattuja mainostauluja ja mainosparodioita. Se on k\u00e4site, joka yhdist\u00e4\u00e4 yhteiskunnallista kommentaaria ja luovaa vastarintaa. T\u00e4ss\u00e4 blogissa Voiman Jari Tamminen hahmottaa maailmaa kulttuurih\u00e4irinn\u00e4n n\u00e4k\u00f6kulmasta. Lis\u00e4\u00e4 Tammisen huomioita kulttuurih\u00e4irinn\u00e4st\u00e4 voi lukea Voimasta, H\u00e4irik\u00f6t \u2013 Kulttuurih\u00e4irinn\u00e4n aakkoset -kirjasta ja p\u00e4ivitt\u00e4in osoitteesta www.facebook.com\/hairikot.","sameAs":["http:\/\/www.facebook.com\/hairikot"],"url":"https:\/\/voima.fi\/hairikot\/artikkeli\/author\/hairikko\/"}]}},"enclosure":{"image":"https:\/\/voima.fi\/hairikot\/wp-content\/uploads\/sites\/9\/2026\/03\/krispi-fraid.jpg"},"meta:avatar":"","geolocation":[],"meta:youtube":null,"meta:vimeo":null,"meta:duration":null,"_links":{"self":[{"href":"https:\/\/voima.fi\/hairikot\/wp-json\/wp\/v2\/posts\/20782"}],"collection":[{"href":"https:\/\/voima.fi\/hairikot\/wp-json\/wp\/v2\/posts"}],"about":[{"href":"https:\/\/voima.fi\/hairikot\/wp-json\/wp\/v2\/types\/post"}],"author":[{"embeddable":true,"href":"https:\/\/voima.fi\/hairikot\/wp-json\/wp\/v2\/users\/122"}],"replies":[{"embeddable":true,"href":"https:\/\/voima.fi\/hairikot\/wp-json\/wp\/v2\/comments?post=20782"}],"version-history":[{"count":2,"href":"https:\/\/voima.fi\/hairikot\/wp-json\/wp\/v2\/posts\/20782\/revisions"}],"predecessor-version":[{"id":20786,"href":"https:\/\/voima.fi\/hairikot\/wp-json\/wp\/v2\/posts\/20782\/revisions\/20786"}],"wp:featuredmedia":[{"embeddable":true,"href":"https:\/\/voima.fi\/hairikot\/wp-json\/wp\/v2\/media\/20783"}],"wp:attachment":[{"href":"https:\/\/voima.fi\/hairikot\/wp-json\/wp\/v2\/media?parent=20782"}],"wp:term":[{"taxonomy":"category","embeddable":true,"href":"https:\/\/voima.fi\/hairikot\/wp-json\/wp\/v2\/categories?post=20782"},{"taxonomy":"post_tag","embeddable":true,"href":"https:\/\/voima.fi\/hairikot\/wp-json\/wp\/v2\/tags?post=20782"}],"curies":[{"name":"wp","href":"https:\/\/api.w.org\/{rel}","templated":true}]}}