{"id":20744,"date":"2025-10-14T13:47:52","date_gmt":"2025-10-14T10:47:52","guid":{"rendered":"https:\/\/voima.fi\/hairikot\/?p=20744"},"modified":"2025-10-14T13:47:52","modified_gmt":"2025-10-14T10:47:52","slug":"ei-yksin-kierrattaminen-riita","status":"publish","type":"post","link":"https:\/\/voima.fi\/hairikot\/artikkeli\/ei-yksin-kierrattaminen-riita\/","title":{"rendered":"Ei yksin kierr\u00e4tt\u00e4minen riit\u00e4"},"content":{"rendered":"<p>Onko ep\u00e4ekologisesti tuotetun raaka-aineen kierr\u00e4tt\u00e4minen ekoteko? Kenties. Voiko kest\u00e4v\u00e4 kiertotalous perustua sille, ett\u00e4 kierr\u00e4tet\u00e4\u00e4n alkujaan ongelmallista raaka-ainetta? Ei oikeastaan.<\/p>\n<p>Kiertotalous on ollut viime vuosina melko trendik\u00e4s sana. Uutisotsikot antavat kuvan siit\u00e4, miten se ymm\u00e4rret\u00e4\u00e4n: \u201dJyv\u00e4skyl\u00e4ss\u00e4 suunnitellaan kierr\u00e4tyslaitosta\u201d, \u201dtekstiilij\u00e4tteest\u00e4 arvokasta raaka-ainetta\u201d, \u201dkierr\u00e4tyskeskus laajentaa\u201d, \u201dJenni haistoi mehukkaan mahdollisuuden\u201d, \u201dsuomalaisten joulukinkkurasvasta tehtiin uusiutuvaa dieseli\u00e4\u201d ja \u201d<i>Time<\/i>-lehti hehkuttaa Suomea kiertotalouden esimerkkimaana\u201d.<\/p>\n<p>Kiertotalouteen perehtynyt Jyv\u00e4skyl\u00e4n yliopiston tutkija <b>Milla Sarja<\/b> toteaa, ett\u00e4 usein kun mediassa ja yritysviestinn\u00e4ss\u00e4 mainitaan kierto\u00adtalous, puhutaan vain kierr\u00e4tyksest\u00e4.<\/p>\n<p>\u201dOn yleist\u00e4, ett\u00e4 kiertotaloudella tarkoitetaan vain j\u00e4tteiden lajittelua. Akateemisessa kirjallisuudessakin kiertotaloudella viitataan usein siihen, miten j\u00e4tehuolto on hoidettu eri paikoissa.\u201d<\/p>\n<p>Termill\u00e4 tyk\u00e4t\u00e4\u00e4n ratsastaa, ja kierr\u00e4tt\u00e4mist\u00e4 pidet\u00e4\u00e4n arvokkaana, mutta n\u00e4in hahmotettuna kuva kiertotaloudesta muodostuu hyvin kapeaksi. Kiertotalous on ajatuksena radikaalimpi ja samalla monimutkaisempi eik\u00e4 se tarkoita vain muovi- ja bioroskien lajittelua tai vaatteiden myymist\u00e4 kirpparilla. Kiertotalous viittaa kokonaiseen talousmalliin.<\/p>\n<figure id=\"attachment_20745\" aria-describedby=\"caption-attachment-20745\" style=\"width: 560px\" class=\"wp-caption alignright\"><img decoding=\"async\" class=\" wp-image-20745\" src=\"https:\/\/voima.fi\/hairikot\/wp-content\/uploads\/sites\/9\/2025\/10\/nesteessa-ollaan-vastis-scaled.jpg\" alt=\"\" width=\"560\" height=\"814\" srcset=\"https:\/\/voima.fi\/hairikot\/wp-content\/uploads\/sites\/9\/2025\/10\/nesteessa-ollaan-vastis-scaled.jpg 1762w, https:\/\/voima.fi\/hairikot\/wp-content\/uploads\/sites\/9\/2025\/10\/nesteessa-ollaan-vastis-413x600.jpg 413w, https:\/\/voima.fi\/hairikot\/wp-content\/uploads\/sites\/9\/2025\/10\/nesteessa-ollaan-vastis-705x1024.jpg 705w, https:\/\/voima.fi\/hairikot\/wp-content\/uploads\/sites\/9\/2025\/10\/nesteessa-ollaan-vastis-768x1116.jpg 768w, https:\/\/voima.fi\/hairikot\/wp-content\/uploads\/sites\/9\/2025\/10\/nesteessa-ollaan-vastis-1057x1536.jpg 1057w, https:\/\/voima.fi\/hairikot\/wp-content\/uploads\/sites\/9\/2025\/10\/nesteessa-ollaan-vastis-1410x2048.jpg 1410w, https:\/\/voima.fi\/hairikot\/wp-content\/uploads\/sites\/9\/2025\/10\/nesteessa-ollaan-vastis-220x320.jpg 220w, https:\/\/voima.fi\/hairikot\/wp-content\/uploads\/sites\/9\/2025\/10\/nesteessa-ollaan-vastis-200x291.jpg 200w, https:\/\/voima.fi\/hairikot\/wp-content\/uploads\/sites\/9\/2025\/10\/nesteessa-ollaan-vastis-560x814.jpg 560w, https:\/\/voima.fi\/hairikot\/wp-content\/uploads\/sites\/9\/2025\/10\/nesteessa-ollaan-vastis-980x1424.jpg 980w\" sizes=\"(max-width: 560px) 100vw, 560px\" \/><figcaption id=\"caption-attachment-20745\" class=\"wp-caption-text\">Yleisradion <a href=\"https:\/\/yle.fi\/a\/20-295704\" class=\"external\" rel=\"nofollow\">mukaan<\/a> Suomessa kuolee vuosittain noin miljoona broileria ennen teurastamoon ehtimist\u00e4. N\u00e4iden broilerien ruumiita ei voida myyd\u00e4 ihmisravinnoksi, mutta ne tietenkin mieluusti myyd\u00e4\u00e4n kiinnostuneille. \u00d6ljy-yhti\u00f6 Neste on kiinnostunut ja se kierr\u00e4tt\u00e4\u00e4nkin ruumiit uusiutuvaksi polttoaineeksi. N\u00e4ill\u00e4 el\u00e4in- ja ruokataollisuuden ylij\u00e4\u00e4mill\u00e4 korvataan palmu\u00f6ljy\u00e4 polttoaineen raaka-aineena. T\u00e4m\u00e4 on sik\u00e4li j\u00e4rkev\u00e4\u00e4, ett\u00e4 palmu\u00f6ljyn tuottamista voi kuvailla l\u00e4hinn\u00e4 ymp\u00e4rist\u00f6rikokseksi.<br \/>Vaikka elintarviketeollisuuden sivuvirtojen kierr\u00e4tt\u00e4minen on perusteltua, eiv\u00e4t n\u00e4m\u00e4 j\u00e4tteet ratkaise polttoneisteisiin liittyvi\u00e4 perustavanlaatuisia ongelmia. Vaikka kierr\u00e4tt\u00e4isimme kaikki maailman kierr\u00e4tyskelpoiset j\u00e4tteet l\u00f6p\u00f6ksi, ei tuotettu uusiutuva polttoaine riitt\u00e4isi korvaamaan kuin muutaman prosentin nykyisin k\u00e4ytett\u00e4v\u00e4n polttoaineiden m\u00e4\u00e4r\u00e4st\u00e4. Kest\u00e4v\u00e4n kiertotalouden saavuttamiseksi meid\u00e4n pit\u00e4\u00e4 v\u00e4hent\u00e4\u00e4 esimerkiksi fossiilisten polttoaineiden k\u00e4ytt\u00f6\u00e4 aivan erilaisessa mittakaavassa, kuin mit\u00e4 broileridiesel ikin\u00e4 voi korvata.<br \/>Ennen teurastamoa kuolleiden broilerien kierr\u00e4tt\u00e4minen ei my\u00f6sk\u00e4\u00e4n poista broilerituotannon sis\u00e4\u00e4nrakennettuja ongelmia, joista ymp\u00e4rist\u00f6kysymykset ovat vain yksi.<\/figcaption><\/figure>\n<p>\u201dKiertotaloudessa puhutaan materiaalin kierrosta laajemmin. Tietenkin my\u00f6s ne lajitellut j\u00e4tteet pit\u00e4\u00e4 kierr\u00e4tt\u00e4\u00e4, mutta kiertotaloudessa kuitenkin pohditaan jo tuotannon alkup\u00e4\u00e4ss\u00e4 siit\u00e4, mit\u00e4 valintoja tehd\u00e4\u00e4n ja kuinka hy\u00f6dynnet\u00e4\u00e4n mahdollisimman pitk\u00e4lle ei-neitseellist\u00e4 raaka-ainetta.\u201d<\/p>\n<p>Sarja mainitsee niin sanotut kiertotalouden R-strategiat. Englanninkieliset r-kirjaimella alkavat termit kuten <i>recycle<\/i>, <i>reuse, reduce<\/i> (kierr\u00e4t\u00e4, uudelleenk\u00e4yt\u00e4, v\u00e4henn\u00e4) auttavat hahmottamaan ajatusmallia. Pelkk\u00e4 kierr\u00e4tt\u00e4minen ei riit\u00e4, koska ymp\u00e4rist\u00f6kriisi ei ratkea sill\u00e4, ett\u00e4 kierr\u00e4t\u00e4mme roskia samalla, kun tuotamme lis\u00e4\u00e4 uutta roskaa.<\/p>\n<p>\u201dKiertotaloustutkijan n\u00e4k\u00f6kulmasta on aina hieman kivuliasta, kun termi\u00e4 k\u00e4ytet\u00e4\u00e4n v\u00e4\u00e4rin. Tied\u00e4n, ett\u00e4 se voi olla hifistely\u00e4, mutta kun sanaa k\u00e4ytet\u00e4\u00e4n v\u00e4\u00e4r\u00e4ss\u00e4 merkityksess\u00e4, kiertotalouden hienous vesittyy.\u201d<\/p>\n<p>Sarjaa my\u00f6s \u00e4rsytt\u00e4\u00e4 puheet, joissa teollistuneet l\u00e4nsimaat esiintyv\u00e4t jotenkin edistyksellisin\u00e4.<\/p>\n<p>\u201dJos vertaillaan valtioiden p\u00e4\u00e4st\u00f6j\u00e4, monissa kehittyviss\u00e4 maissa p\u00e4\u00e4st\u00f6t ovat niin v\u00e4h\u00e4isi\u00e4, etteiv\u00e4t ne maat oikeastaan edes n\u00e4y tilastoissa. Toki jotkut kehittyv\u00e4t maat tuotavat l\u00e4nsimaalaisten ostamat tavarat ja tuottavat samalla p\u00e4\u00e4st\u00f6j\u00e4 enemm\u00e4n.\u201d<\/p>\n<p>Vaikka Suomea siis otsikoissa esitell\u00e4\u00e4n kiertotalouden mallimaaksi ja kehutaan, ett\u00e4 meill\u00e4 on ensimm\u00e4inen valtiollinen kiertotalouden tiekartta, Sarja ei vahvista ajatusta.<\/p>\n<p>\u201dKulutamme todella paljon raaka-aineita, jotka eiv\u00e4t tule uusiutuvista tai kierr\u00e4tetyist\u00e4 l\u00e4hteist\u00e4. T\u00e4ss\u00e4 vertailussa Suomi ei miss\u00e4\u00e4n tapauksessa ole kiertotalouden edell\u00e4k\u00e4vij\u00e4.\u201d<\/p>\n<h3><b>Poukkoileva politiikka haittaa<\/b><\/h3>\n<p>Vastaparina kiertotaloudelle toimii nykyinen j\u00e4rjestelm\u00e4mme, jota voi kuvata lineaariseksi talousmalliksi. Siin\u00e4 prosessien alku- ja loppup\u00e4\u00e4t eiv\u00e4t automaattisesti ole kosketuksissa toisiinsa. Muutos vanhasta mallista uuteen on v\u00e4ist\u00e4m\u00e4tt\u00e4 edess\u00e4, mutta vaivaton se ei tule olemaan. Vanhasta luopuminen my\u00f6s vaatii yksitt\u00e4isi\u00e4 toimijoita suurempia voimia onnistuakseen eik\u00e4 markkinoiden kannata odottaa raivaavan muutoksen esteit\u00e4 itsekseen. Poliitikkojen on kannettava vastuunsa.<\/p>\n<figure id=\"attachment_19277\" aria-describedby=\"caption-attachment-19277\" style=\"width: 541px\" class=\"wp-caption alignleft\"><img decoding=\"async\" class=\" wp-image-19277\" src=\"https:\/\/voima.fi\/hairikot\/wp-content\/uploads\/sites\/9\/2021\/08\/vihrea-lenkki-vastis.jpg\" alt=\"\" width=\"541\" height=\"765\" srcset=\"https:\/\/voima.fi\/hairikot\/wp-content\/uploads\/sites\/9\/2021\/08\/vihrea-lenkki-vastis.jpg 1448w, https:\/\/voima.fi\/hairikot\/wp-content\/uploads\/sites\/9\/2021\/08\/vihrea-lenkki-vastis-424x600.jpg 424w, https:\/\/voima.fi\/hairikot\/wp-content\/uploads\/sites\/9\/2021\/08\/vihrea-lenkki-vastis-724x1024.jpg 724w, https:\/\/voima.fi\/hairikot\/wp-content\/uploads\/sites\/9\/2021\/08\/vihrea-lenkki-vastis-768x1086.jpg 768w, https:\/\/voima.fi\/hairikot\/wp-content\/uploads\/sites\/9\/2021\/08\/vihrea-lenkki-vastis-1086x1536.jpg 1086w, https:\/\/voima.fi\/hairikot\/wp-content\/uploads\/sites\/9\/2021\/08\/vihrea-lenkki-vastis-226x320.jpg 226w, https:\/\/voima.fi\/hairikot\/wp-content\/uploads\/sites\/9\/2021\/08\/vihrea-lenkki-vastis-200x283.jpg 200w, https:\/\/voima.fi\/hairikot\/wp-content\/uploads\/sites\/9\/2021\/08\/vihrea-lenkki-vastis-560x792.jpg 560w, https:\/\/voima.fi\/hairikot\/wp-content\/uploads\/sites\/9\/2021\/08\/vihrea-lenkki-vastis-980x1386.jpg 980w, https:\/\/voima.fi\/hairikot\/wp-content\/uploads\/sites\/9\/2021\/08\/vihrea-lenkki-vastis-212x300.jpg 212w\" sizes=\"(max-width: 541px) 100vw, 541px\" \/><figcaption id=\"caption-attachment-19277\" class=\"wp-caption-text\">Kiertotalous on ollut viime vuosina kuuma termi, kun eri alat ovat pyrkineet vakuuttamaan asiakkaitaan siit\u00e4, ett\u00e4 niiden toiminnan p\u00e4\u00e4st\u00f6t voidaan painaa alas erilaisilla toimilla.<br \/>&#8221;Yht\u00e4\u00e4lt\u00e4 t\u00e4llaiset termit mahdollistavat uutta luovan yhteiskunnallisen keskustelun, mutta toisaalta ne muuttuvat helposti rituaalikieleksi, joka j\u00e4\u00e4 merkitykselt\u00e4\u00e4n ontoksi. Ei riit\u00e4, ett\u00e4 jotain sanotaan kiertotaloudeksi, sen t\u00e4ytyy my\u00f6s tarkoittaa jotain ja johtaa johonkin&#8221;, kuten BIOS-tutkimusyksik\u00f6n <a href=\"https:\/\/bios.fi\/#kiertotalouden-suuret-pienet-askeleet\" class=\"external\" rel=\"nofollow\">Kiertotalouden suuret pienet askeleet<\/a> -artikkelissa muotoiltiin.<br \/>Voisiko lihantuotannon p\u00e4\u00e4st\u00f6ist\u00e4 seuraavia haittoja v\u00e4hent\u00e4\u00e4 niin, ett\u00e4 nuo haitat sis\u00e4llytett\u00e4isiin kuluttajille tarjottuun hy\u00f6dykkeeseen? Onko t\u00e4m\u00e4 oireeseen reagoiminen lopulta j\u00e4rkev\u00e4 tapa toimia, vai pit\u00e4isik\u00f6 alkusyyhyn puuttua?<\/figcaption><\/figure>\n<p>\u201dYrityksiss\u00e4, joiden edustajien kanssa olen puhunut, lains\u00e4\u00e4d\u00e4nt\u00f6 on ollut l\u00e4ht\u00f6kohtaisesti suuri muutoksen ajuri. Ymp\u00e4rist\u00f6asioista jo valmiiksi kiinnostuneissa yrityksiss\u00e4 vahvistetaan toimia ja yrityksiss\u00e4, joissa kest\u00e4vyysteemoihin ei oikein panosteta, todetaan, ett\u00e4 t\u00e4m\u00e4kin on nyt pakko tehd\u00e4.\u201d<\/p>\n<p>Ongelmia yrityksille tuottaa politiikan poukkoilevuus. Kev\u00e4\u00e4ll\u00e4 2025 Euroopan parlamentti esitteli uuden, niin sanotun Green Omnibus -paketin, jonka tarkoituksena oli yhten\u00e4ist\u00e4\u00e4 tiukempaa ymp\u00e4rist\u00f6s\u00e4\u00e4ntely\u00e4 ja jossa esitettiin muutoksia muun muassa yritysten kest\u00e4vyysraportointiin. Nyt, syksyll\u00e4, parlamentti on jo peruuttelemassa linjastaan.<span class=\"Apple-converted-space\">\u00a0<\/span><\/p>\n<p>Samoin Suomessa hallitus purkaa jo asetettuja tavoitteita Suomen kokonaisp\u00e4\u00e4st\u00f6jen pudottamiseksi ja metsi\u00e4 hakataan sellaiseen tahtiin, ett\u00e4 ne eiv\u00e4t ehdi uusiutua mill\u00e4\u00e4n tavoin mitattuna. My\u00f6s vihre\u00e4n siirtym\u00e4n tukia ollaan perumassa \u2013 kenties s\u00e4\u00e4st\u00f6jen saamiseksi, kenties ideologian ajamina.<\/p>\n<p>T\u00e4m\u00e4 kaikki vaikeuttaa yritysten kyky\u00e4 ennakoida tilanteeseen.<\/p>\n<p>Lains\u00e4\u00e4d\u00e4nn\u00f6n tuoman pakon rinnalla on v\u00e4l\u00e4ytelty my\u00f6s mahdollisuuksista tehd\u00e4 rahaa kiertotaloudella. T\u00e4m\u00e4 ei ole yll\u00e4tt\u00e4v\u00e4\u00e4, el\u00e4mmeh\u00e4n talousj\u00e4rjestelm\u00e4ss\u00e4, jossa rahan tekeminen pit\u00e4\u00e4 yhteiskunnan k\u00e4ynniss\u00e4. Ja kyll\u00e4, kiertotalous voi olla my\u00f6s liike\u00adtoimintamahdollisuus, mutta \u201dkoskaan ei oikein sanota sit\u00e4, ett\u00e4 t\u00e4m\u00e4 ei ole lis\u00e4bisnest\u00e4 sen vanhan p\u00e4\u00e4lle\u201d, Sarja muistuttaa ja jatkaa: \u201dHarvoin sanotaan \u00e4\u00e4neen, ett\u00e4 meill\u00e4 on yrityksi\u00e4 ja kokonaisia teollisuuden aloja, joita ei itse asiassa pit\u00e4isi nykyp\u00e4iv\u00e4n\u00e4 olla olemassa. Niille ei ole ymp\u00e4rist\u00f6kriisien aikakaudella olemassaolon oikeutusta.\u201d<\/p>\n<p>Sarja pit\u00e4\u00e4 h\u00e4mment\u00e4v\u00e4n\u00e4, ett\u00e4 ymp\u00e4rist\u00f6\u00e4 tuhoavia toimintoja ei saada ajettua alas. Toisaalta h\u00e4n my\u00f6nt\u00e4\u00e4, ett\u00e4 tutkimusta tehdess\u00e4 h\u00e4nen hieman optimistinen naiiviutensa on jonkin verran p\u00e4\u00e4ssyt rapistumaan.<\/p>\n<p>\u201dYmm\u00e4rr\u00e4n kyll\u00e4, miksi yritykset toimivat niin kuin ne toimivat. Ongelma ei siis ole niink\u00e4\u00e4n yksitt\u00e4isiss\u00e4 yrityksiss\u00e4 vaan systeemitasolla.\u201d<\/p>\n<h3><b>Markkinat eiv\u00e4t t\u00e4t\u00e4 ratkaise<\/b><\/h3>\n<p>Markkinoiden kyky\u00e4 ratkaista ongelma heikent\u00e4\u00e4 se, ett\u00e4 liiketoiminnan ulkoisia vaikutuksia ei ole hinnoiteltu kunnolla ja siten markkinamekanismit eiv\u00e4t moisin reagoi. Eli taivaalle tuprutetulla hiilidioksidilla tai vesist\u00f6jen pilaamisella ei ole hintaa, joka ylitt\u00e4isi huomiokynnyksen riitt\u00e4v\u00e4n hyvin. P\u00e4\u00e4st\u00f6kaupasta toivotaan ratkaisua, mutta Sarja ei n\u00e4e sit\u00e4k\u00e4\u00e4n ongelmattomana tapana hakea oikeudenmukaista siirtym\u00e4\u00e4.<\/p>\n<p>\u201dVarallisuus on kertynyt niin ep\u00e4tasaisesti, ett\u00e4 tietyt valtiot voisivat porskuttaa maailman tappiin niin, ett\u00e4 ostavat kaikki p\u00e4\u00e4st\u00f6kiinti\u00f6t itselleen. Ja mit\u00e4 muille sitten k\u00e4visi?\u201d<\/p>\n<p>Markkinoiden ja politiikan ohella muutosta hidastavat asenteet. Sarja huomauttaa, ett\u00e4 olemme ihmisin\u00e4, kansalaisina ja kuluttajina tottuneet saamaan nopeasti sen, mit\u00e4 ikin\u00e4 satummekaan toivomaan. Markkinointikoneistolla on varmasti suuri rooli siin\u00e4, millaisiksi arvomme ovat muodostuneet.<span class=\"Apple-converted-space\">\u00a0<\/span><\/p>\n<p>\u201dEnsimm\u00e4inen viheli\u00e4inen ongelma kiertotalouden tiell\u00e4 onkin se, ett\u00e4 kuluttajilla on voimakas mielikuva siit\u00e4, ett\u00e4 uusi on aina parempi ja palvelee tarkoitustaan vanhaa tavaraa paremmin. Meille halutaan myyd\u00e4 jatkuvasti uutta vanhan tilalle. Osa tuotteista on tosiasiallisesti suunniteltu hajoamaan tai muuten vanhentumaan nopeasti. Kyse on vuosikymmenten saatossa kehittyneest\u00e4 systeemitason logiikasta. Homma menee kapitalistisen j\u00e4rjestelm\u00e4n s\u00e4\u00e4nt\u00f6jen mukaan, ja se palvelee lineaarista taloutta.\u201d<\/p>\n<p>Uuden tuotteen valitsemisen mielekkyytt\u00e4 nostaa tietenkin se, ett\u00e4 tuotteita ei tosiaan ole suunniteltu kest\u00e4viksi tai korjattaviksi. On helpompaa ja taloudellisesti houkuttelevaa hyl\u00e4t\u00e4 vioittunut ja tai muuten vaan vanhempi tuote, jos tilalle saa uuden suhteellisen halvalla. T\u00e4m\u00e4 huomio palauttaa j\u00e4lleen lineaarisen talousmallin ominaisuuksiin. Korjauttaminen on vaivalloista, koska kyse on oikeastaan henkil\u00f6kohtaisesta palvelusta. Uutta tuotetaan massamittaisesti ja useimmiten paikoissa, joissa ty\u00f6ntekij\u00e4n palkka on h\u00e4vi\u00e4v\u00e4n murto-osan siit\u00e4, mit\u00e4 t\u00e4\u00e4ll\u00e4 kuluttajaa l\u00e4hell\u00e4 ty\u00f6skentelev\u00e4lle korjaajalle pit\u00e4isi maksaa.<\/p>\n<h3><b>Mainospuhettako vain?<\/b><\/h3>\n<p>Monet yritykset viittaavat kierto\u00adtalouteen mainoksissaan, vaikkei j\u00e4rjestelm\u00e4\u00e4 viel\u00e4 todellisuudessa ole. Onko kyse hienoisesta kaunistelusta vai suoranaisesta valehtelusta?<\/p>\n<p>\u201dEn ehk\u00e4 suoraan sanoisi, ett\u00e4 t\u00e4st\u00e4 valehdellaan, mutta ei yritysten toiminta aina v\u00e4ltt\u00e4m\u00e4tt\u00e4 ole kauhean kunnianhimoista. Toimiva kiertotalous ei toteudu, ellei rakenneta kokonaisia yritysverkostoja ja kiertotalous\u00adekosysteemej\u00e4.\u201d<\/p>\n<figure id=\"attachment_20425\" aria-describedby=\"caption-attachment-20425\" style=\"width: 540px\" class=\"wp-caption alignright\"><img decoding=\"async\" class=\" wp-image-20425\" src=\"https:\/\/voima.fi\/hairikot\/wp-content\/uploads\/sites\/9\/2024\/05\/plastica-di-mare-vastis-scaled.jpeg\" alt=\"\" width=\"540\" height=\"789\" srcset=\"https:\/\/voima.fi\/hairikot\/wp-content\/uploads\/sites\/9\/2024\/05\/plastica-di-mare-vastis-scaled.jpeg 1752w, https:\/\/voima.fi\/hairikot\/wp-content\/uploads\/sites\/9\/2024\/05\/plastica-di-mare-vastis-411x600.jpeg 411w, https:\/\/voima.fi\/hairikot\/wp-content\/uploads\/sites\/9\/2024\/05\/plastica-di-mare-vastis-701x1024.jpeg 701w, https:\/\/voima.fi\/hairikot\/wp-content\/uploads\/sites\/9\/2024\/05\/plastica-di-mare-vastis-768x1122.jpeg 768w, https:\/\/voima.fi\/hairikot\/wp-content\/uploads\/sites\/9\/2024\/05\/plastica-di-mare-vastis-1051x1536.jpeg 1051w, https:\/\/voima.fi\/hairikot\/wp-content\/uploads\/sites\/9\/2024\/05\/plastica-di-mare-vastis-1401x2048.jpeg 1401w, https:\/\/voima.fi\/hairikot\/wp-content\/uploads\/sites\/9\/2024\/05\/plastica-di-mare-vastis-219x320.jpeg 219w, https:\/\/voima.fi\/hairikot\/wp-content\/uploads\/sites\/9\/2024\/05\/plastica-di-mare-vastis-200x292.jpeg 200w, https:\/\/voima.fi\/hairikot\/wp-content\/uploads\/sites\/9\/2024\/05\/plastica-di-mare-vastis-560x818.jpeg 560w, https:\/\/voima.fi\/hairikot\/wp-content\/uploads\/sites\/9\/2024\/05\/plastica-di-mare-vastis-980x1432.jpeg 980w\" sizes=\"(max-width: 540px) 100vw, 540px\" \/><figcaption id=\"caption-attachment-20425\" class=\"wp-caption-text\">Muovi on mahtava materiaali, paitsi v\u00e4\u00e4r\u00e4\u00e4n paikkaan joutuessaan. Maailman valtameriss\u00e4 on viisi j\u00e4ttim\u00e4ist\u00e4 aluetta, jonne merivirrat kuljettavat muoviroskaa erityisen paljon. N\u00e4ist\u00e4 suurin sijaitsee pohjoisella Tyynell\u00e4merell\u00e4 ja tunnetaan nimell\u00e4 Tyynenmeren j\u00e4tepy\u00f6rre. Sen kooksi on arvioitu noin kolme kertaa Ranskan pinta-ala. J\u00e4tepy\u00f6rteet eiv\u00e4t ole kiinteit\u00e4 kelluvia roskalauttoja, vaan ne muodostuvat eri kokoisista ja laatuisista muovinkappaleista, joita ajelehtii veden mukana. Mikromuovin m\u00e4\u00e4r\u00e4n arvioidaan ylitt\u00e4v\u00e4n alueella moninkertaisesti el\u00e4inplanktonin m\u00e4\u00e4r\u00e4n. Kalojen kautta tuo mikromuovi l\u00f6yt\u00e4\u00e4 tiens\u00e4 my\u00f6s suomalaisten lautasille.<br \/>Kun Tyynenmeren roskalautan muovista arviolta noin 80 prosenttia on per\u00e4isin kalastus- ja kalankasvatus-v\u00e4lineist\u00f6st\u00e4, arvioidaan niiden muodostavan noin viidesosan It\u00e4merest\u00e4 muovij\u00e4tteest\u00e4. Kalaverkot ovat monipuolisen viheli\u00e4inen muoviroskan laji.<br \/>Lis\u00e4\u00e4 kalaverkoista ja vesist\u00f6jen muovij\u00e4tteest\u00e4 <a href=\"https:\/\/voima.fi\/hairikot\/artikkeli\/plastica-di-mare\/\">t\u00e4\u00e4ll\u00e4<\/a>.<\/figcaption><\/figure>\n<p>Sarja kuitenkin sanoo, ett\u00e4 monissa yrityksiss\u00e4 on otettu k\u00e4ytt\u00f6\u00f6n toimintamalleja, jotka mukailevat kiertotalouden ajatuksia. Yhteiskunta ei kuitenkaan tue kiertotaloutta, sill\u00e4 neitseellisi\u00e4 raaka-aineita k\u00e4ytet\u00e4\u00e4n varsin huolettomasti. Olemme my\u00f6s kollektiivisesti sis\u00e4ist\u00e4neet fantasian jatkuvasta kasvusta ja rakentaneet talousmallimme sen varaan. T\u00e4m\u00e4 talouden tasapainoa yll\u00e4pit\u00e4v\u00e4n kasvun tarve pit\u00e4isi poistaa.<\/p>\n<p>\u201dMeill\u00e4 on paljon sellaista, mink\u00e4 tuottamisen voisi vain j\u00e4tt\u00e4\u00e4 pois. El\u00e4m\u00e4nlaatummekin saattaisi parantua sen my\u00f6t\u00e4.\u201d<\/p>\n<h3><b>Radikaali muutos<\/b><\/h3>\n<p>Yksi esimerkki ongelmallisesta kierto\u00adtalouspuheesta on yht\u00e4l\u00e4isyysmerkkien vet\u00e4minen sen ja niin kutsutun biotalouden v\u00e4lille. T\u00e4h\u00e4n liittyy my\u00f6s p\u00e4\u00e4ministeri <b>Juha \u00adSipil\u00e4n<\/b> hallituksen keskeinen tavoite tehd\u00e4 Suomesta biotalouden edell\u00e4k\u00e4vij\u00e4. Sittemmin t\u00e4m\u00e4 sipil\u00e4l\u00e4inen biotalous\u00admalli on osoittautunut juuri niin mahdottomaksi kuin mit\u00e4 oli ennalta n\u00e4ht\u00e4viss\u00e4.<span class=\"Apple-converted-space\">\u00a0<\/span><\/p>\n<p>\u201dBiokiertotalous on sin\u00e4ll\u00e4\u00e4n ihan oikea ja toimiva juttu, mutta kasvuorientoituneessa mallissa se ei toteudu, koska luonnon kierrot eiv\u00e4t saa aikaa toteutuakseen\u201d, Sarja tarkentaa.<\/p>\n<p>Yksi suomalaisen biotalousstrategian kulmakivist\u00e4 oli biopolttoaineet, joita suureksi osaksi valtion omistama \u00f6ljy-yhti\u00f6 Neste on kehitt\u00e4nyt.<span class=\"Apple-converted-space\">\u00a0<\/span><\/p>\n<p>Aluksi Nesteen biopolttoaineen keskeiseksi raaka-aineeksi valikoitui palmu\u00ad\u00f6ljy ja sen tuottamisesta ylij\u00e4\u00e4nyt aines. Palmu\u00f6ljypohjainen polttoaine on kuitenkin l\u00e4hinn\u00e4 ymp\u00e4rist\u00f6\u00adrikos, koska palmu\u00f6ljyplantaasien tielt\u00e4 raivataan Kaakkois-Aasiassa sademetsi\u00e4. Entisen sademets\u00e4n alta paljastuva turvemaa vapauttaa kuivuessaan siihen vuosituhansien mittaan varastoituneen hiilen ilmakeh\u00e4\u00e4n, ja sademetsien h\u00e4vitys tuhoaa luonnon monimuotoisuutta. Neste onkin v\u00e4hitellen muuttanut biopolttoaineensa koostumusta. Yhdyskuntaj\u00e4tteet muodostavat nyky\u00e4\u00e4n isomman osan sen raaka-aineista, mutta t\u00e4m\u00e4k\u00e4\u00e4n ei poista ongelmia. Vaikka kaikki maailman j\u00e4tteet kierr\u00e4tett\u00e4isiin biopolttoaineeksi, se ei riitt\u00e4isi kattamaan kuin muutaman prosentin nykyisest\u00e4 fossiilisten polttoaineiden k\u00e4yt\u00f6st\u00e4.<span class=\"Apple-converted-space\">\u00a0<\/span><\/p>\n<p>Vaikka j\u00e4tteest\u00e4 kierr\u00e4tetty biopolttoaine voi olla fiksu tuote, se ei ratkaise ongelmaa.<\/p>\n<p>Neste my\u00f6s kierr\u00e4tt\u00e4\u00e4 biopolttoaineeseensa vuosittain noin miljoona broilerin kalmoa. Kasvatustiloilta teurastamoon kuljetettaessa kuolleita broilereita ei voi myyd\u00e4 elintarvikkeiksi, mutta ne kelpaavat polttoaineen raaka-aineeksi.<span class=\"Apple-converted-space\">\u00a0<\/span><\/p>\n<figure id=\"attachment_20527\" aria-describedby=\"caption-attachment-20527\" style=\"width: 538px\" class=\"wp-caption alignleft\"><img decoding=\"async\" class=\" wp-image-20527\" src=\"https:\/\/voima.fi\/hairikot\/wp-content\/uploads\/sites\/9\/2024\/10\/metsaton-suomi-vastis-scaled.jpg\" alt=\"\" width=\"538\" height=\"795\" srcset=\"https:\/\/voima.fi\/hairikot\/wp-content\/uploads\/sites\/9\/2024\/10\/metsaton-suomi-vastis-scaled.jpg 1732w, https:\/\/voima.fi\/hairikot\/wp-content\/uploads\/sites\/9\/2024\/10\/metsaton-suomi-vastis-406x600.jpg 406w, https:\/\/voima.fi\/hairikot\/wp-content\/uploads\/sites\/9\/2024\/10\/metsaton-suomi-vastis-693x1024.jpg 693w, https:\/\/voima.fi\/hairikot\/wp-content\/uploads\/sites\/9\/2024\/10\/metsaton-suomi-vastis-768x1135.jpg 768w, https:\/\/voima.fi\/hairikot\/wp-content\/uploads\/sites\/9\/2024\/10\/metsaton-suomi-vastis-1039x1536.jpg 1039w, https:\/\/voima.fi\/hairikot\/wp-content\/uploads\/sites\/9\/2024\/10\/metsaton-suomi-vastis-1386x2048.jpg 1386w, https:\/\/voima.fi\/hairikot\/wp-content\/uploads\/sites\/9\/2024\/10\/metsaton-suomi-vastis-217x320.jpg 217w, https:\/\/voima.fi\/hairikot\/wp-content\/uploads\/sites\/9\/2024\/10\/metsaton-suomi-vastis-200x296.jpg 200w, https:\/\/voima.fi\/hairikot\/wp-content\/uploads\/sites\/9\/2024\/10\/metsaton-suomi-vastis-560x828.jpg 560w, https:\/\/voima.fi\/hairikot\/wp-content\/uploads\/sites\/9\/2024\/10\/metsaton-suomi-vastis-980x1448.jpg 980w\" sizes=\"(max-width: 538px) 100vw, 538px\" \/><figcaption id=\"caption-attachment-20527\" class=\"wp-caption-text\">Koska kulutuskulttuuri tapahtuu materiaalisessa todellisuudessa, on valinnoilla v\u00e4li\u00e4 my\u00f6s resurssien k\u00e4yt\u00f6n kannalta. Jokaisen kipon, kapon ja \u00e4mp\u00e4rin valmistamiseen tarvitaan raaka-aineita, jotka eiv\u00e4t materialisoidu tyhj\u00e4st\u00e4. Perinteisesti muovi on valmistettu \u00f6ljyst\u00e4. Samalla, kun ymm\u00e4rrys \u00f6ljyriippuvuuden katkaisemisen tarpeellisuudesta kasvaa, toivovat monet biotaloudesta pelastusta. Maailmassa ei kuitenkaan biopohjaista raaka-ainetta synny siin\u00e4 m\u00e4\u00e4rin, ett\u00e4 nykyisen kaltainen tavaran ja kr\u00e4\u00e4s\u00e4n tuottaminen voisi jatkua entiseen malliin ainoastaan raaka-ainetta vaihtamalla.<br \/>Samalla, kun Suomessa tulisi v\u00e4hent\u00e4\u00e4 metsien hakkuita, mets\u00e4alan yksityisten ja valtiollisten toimijoiden Metsien Suomi -hanke kehuu mainoksissaan, mit\u00e4 kaikkea puupohjaisesta muovista voikaan valmistaa. Kenell\u00e4k\u00e4\u00e4n ei ilmeisesti ole k\u00e4ynyt mieless\u00e4 se, ett\u00e4 metsien hakkuita pit\u00e4isi v\u00e4hent\u00e4\u00e4, eik\u00e4 uusien k\u00e4ytt\u00f6tarkoitusten keksiminen puuraaka-aineelle varsinaisesti v\u00e4henn\u00e4 puun k\u00e4ytt\u00f6\u00e4. Lis\u00e4\u00e4 siit\u00e4, kuinka emme metsi\u00e4 hakkaamalla kykene nykymenoa jatkamaan <a href=\"https:\/\/voima.fi\/hairikot\/artikkeli\/amparikansan-perinto\/\">t\u00e4\u00e4ll\u00e4<\/a>.<\/figcaption><\/figure>\n<p>\u201dSiin\u00e4 vaiheessa, kun on jo se raato, onhan se hyv\u00e4 hy\u00f6dynt\u00e4\u00e4. Mutta tarvitseeko niit\u00e4 tuottaa niin paljon alunperink\u00e4\u00e4n?\u201d, Sarja kysyy.<\/p>\n<p>T\u00e4m\u00e4 huomio palauttaa siihen alkuper\u00e4iseen kysymykseen kiertotalouden ja kierr\u00e4tt\u00e4misen eroista. Vaikka raatojen kierr\u00e4tys on pistem\u00e4isesti tarkasteltuna perusteltua, se samalla tukee tuotantoa, joka on kiertotaloudesta kaukana. \u201dJos kiertotaloudesta puhuttaessa keskityt\u00e4\u00e4n siihen prosessin loppup\u00e4\u00e4h\u00e4n, ei huomata kyseenalaistaa tuotannon alkup\u00e4\u00e4t\u00e4. Kun isoja kysymyksi\u00e4 ei haluta esitt\u00e4\u00e4, tyydyt\u00e4\u00e4n tekem\u00e4\u00e4n t\u00e4mm\u00f6isi\u00e4 puolikkaita ratkaisuja.\u201d<\/p>\n<p>Samanlaista el\u00e4inteollisuuden ja biotalouden ep\u00e4suoraa viherpesemist\u00e4 n\u00e4kyy Kemianteollisuus ry:n vuosittain joulun alla j\u00e4rjest\u00e4m\u00e4ss\u00e4 \u201dKinkku\u00adtemppu-kiertotalouskampanjassa\u201d. Kampanjassa kannustetaan kinkkuja kotona paistaneita ker\u00e4\u00e4m\u00e4\u00e4n uunipellille j\u00e4\u00e4nyt rasva vaikka maitot\u00f6lkkiin ja sitten kiikuttamaan sen ruoka\u00adkauppojen yhteydess\u00e4 sijaitseviin ker\u00e4yspisteisiin. Ker\u00e4tty rasva k\u00e4ytet\u00e4\u00e4n Nesteen biopolttoaineen raaka-aineena.<span class=\"Apple-converted-space\">\u00a0<\/span><\/p>\n<p>Sarja huomauttaa, ett\u00e4 on tietenkin hyv\u00e4, ettei paistorasva p\u00e4\u00e4dy tukkimaan viem\u00e4rin putkia ja rasittamaan vedenpuhdistamoa. Monissa paikoissa rasvat\u00f6lkin voi kuitenkin ilman erillist\u00e4 kuljettelua sujauttaa energiaj\u00e4tteeseen, josta tuotetaan energiaa polttolaitoksessa. Paistorasvan kierr\u00e4tt\u00e4minen ei my\u00f6sk\u00e4\u00e4n tee resursseja tuhlailevasta siantuotannosta ekologista. Jotain mittakaavoista kertoo sekin, ett\u00e4 perhekokoisen kinkun rasvasta saatavalla biodieselill\u00e4 ajelee vain muutaman kilometrin, ehk\u00e4 juuri kauppaan ja takaisin.<\/p>\n<p>\u201dLiian harvoin muistetaan kiertotalousajattelun ylin taso <i>refuse, <\/i>eli kielt\u00e4ytyminen. Pit\u00e4isi kielt\u00e4yty\u00e4 turhasta tuottamisesta ja turhasta ostamisesta. Broilerien ja kinkkujen kierr\u00e4tt\u00e4misen sijaan voisi kielt\u00e4yty\u00e4 tuottamasta niit\u00e4.\u201d<\/p>\n","protected":false},"excerpt":{"rendered":"<p>Onko ep\u00e4ekologisesti tuotetun raaka-aineen kierr\u00e4tt\u00e4minen ekoteko? Kenties. Voiko kest\u00e4v\u00e4 kiertotalous perustua sille, ett\u00e4 kierr\u00e4tet\u00e4\u00e4n alkujaan ongelmallista raaka-ainetta? Ei oikeastaan. Kiertotalous on ollut viime vuosina melko trendik\u00e4s sana. Uutisotsikot antavat kuvan siit\u00e4, miten se ymm\u00e4rret\u00e4\u00e4n: \u201dJyv\u00e4skyl\u00e4ss\u00e4 suunnitellaan kierr\u00e4tyslaitosta\u201d, \u201dtekstiilij\u00e4tteest\u00e4 arvokasta raaka-ainetta\u201d, \u201dkierr\u00e4tyskeskus laajentaa\u201d, \u201dJenni haistoi mehukkaan mahdollisuuden\u201d, \u201dsuomalaisten joulukinkkurasvasta tehtiin uusiutuvaa dieseli\u00e4\u201d ja \u201dTime-lehti hehkuttaa Suomea [&hellip;]<\/p>\n","protected":false},"author":122,"featured_media":20746,"comment_status":"closed","ping_status":"closed","sticky":false,"template":"","format":"standard","meta":{"footnotes":""},"categories":[4],"tags":[262,3217,3266,2775],"yoast_head":"<!-- This site is optimized with the Yoast SEO plugin v22.7 - https:\/\/yoast.com\/wordpress\/plugins\/seo\/ -->\n<title>Ei yksin kierr\u00e4tt\u00e4minen riit\u00e4 - H\u00e4irik\u00f6t-p\u00e4\u00e4maja<\/title>\n<meta name=\"robots\" content=\"index, follow, max-snippet:-1, max-image-preview:large, max-video-preview:-1\" \/>\n<link rel=\"canonical\" href=\"https:\/\/voima.fi\/hairikot\/artikkeli\/ei-yksin-kierrattaminen-riita\/\" \/>\n<meta property=\"og:locale\" content=\"fi_FI\" \/>\n<meta property=\"og:type\" content=\"article\" \/>\n<meta property=\"og:title\" content=\"Ei yksin kierr\u00e4tt\u00e4minen riit\u00e4 - H\u00e4irik\u00f6t-p\u00e4\u00e4maja\" \/>\n<meta property=\"og:description\" content=\"Onko ep\u00e4ekologisesti tuotetun raaka-aineen kierr\u00e4tt\u00e4minen ekoteko? Kenties. Voiko kest\u00e4v\u00e4 kiertotalous perustua sille, ett\u00e4 kierr\u00e4tet\u00e4\u00e4n alkujaan ongelmallista raaka-ainetta? Ei oikeastaan. Kiertotalous on ollut viime vuosina melko trendik\u00e4s sana. Uutisotsikot antavat kuvan siit\u00e4, miten se ymm\u00e4rret\u00e4\u00e4n: \u201dJyv\u00e4skyl\u00e4ss\u00e4 suunnitellaan kierr\u00e4tyslaitosta\u201d, \u201dtekstiilij\u00e4tteest\u00e4 arvokasta raaka-ainetta\u201d, \u201dkierr\u00e4tyskeskus laajentaa\u201d, \u201dJenni haistoi mehukkaan mahdollisuuden\u201d, \u201dsuomalaisten joulukinkkurasvasta tehtiin uusiutuvaa dieseli\u00e4\u201d ja \u201dTime-lehti hehkuttaa Suomea [&hellip;]\" \/>\n<meta property=\"og:url\" content=\"https:\/\/voima.fi\/hairikot\/artikkeli\/ei-yksin-kierrattaminen-riita\/\" \/>\n<meta property=\"og:site_name\" content=\"H\u00e4irik\u00f6t-p\u00e4\u00e4maja\" \/>\n<meta property=\"article:published_time\" content=\"2025-10-14T10:47:52+00:00\" \/>\n<meta property=\"og:image\" content=\"https:\/\/voima.fi\/hairikot\/wp-content\/uploads\/sites\/9\/2025\/10\/nesteessa-ollaan-otsikko.jpg\" \/>\n\t<meta property=\"og:image:width\" content=\"2510\" \/>\n\t<meta property=\"og:image:height\" content=\"1773\" \/>\n\t<meta property=\"og:image:type\" content=\"image\/jpeg\" \/>\n<meta name=\"author\" content=\"Jari Tamminen\" \/>\n<meta name=\"twitter:card\" content=\"summary_large_image\" \/>\n<meta name=\"twitter:label1\" content=\"Kirjoittanut\" \/>\n\t<meta name=\"twitter:data1\" content=\"Jari Tamminen\" \/>\n\t<meta name=\"twitter:label2\" content=\"Arvioitu lukuaika\" \/>\n\t<meta name=\"twitter:data2\" content=\"13 minuuttia\" \/>\n<script type=\"application\/ld+json\" class=\"yoast-schema-graph\">{\"@context\":\"https:\/\/schema.org\",\"@graph\":[{\"@type\":\"WebPage\",\"@id\":\"https:\/\/voima.fi\/hairikot\/artikkeli\/ei-yksin-kierrattaminen-riita\/\",\"url\":\"https:\/\/voima.fi\/hairikot\/artikkeli\/ei-yksin-kierrattaminen-riita\/\",\"name\":\"Ei yksin kierr\u00e4tt\u00e4minen riit\u00e4 - H\u00e4irik\u00f6t-p\u00e4\u00e4maja\",\"isPartOf\":{\"@id\":\"https:\/\/voima.fi\/hairikot\/#website\"},\"primaryImageOfPage\":{\"@id\":\"https:\/\/voima.fi\/hairikot\/artikkeli\/ei-yksin-kierrattaminen-riita\/#primaryimage\"},\"image\":{\"@id\":\"https:\/\/voima.fi\/hairikot\/artikkeli\/ei-yksin-kierrattaminen-riita\/#primaryimage\"},\"thumbnailUrl\":\"https:\/\/voima.fi\/hairikot\/wp-content\/uploads\/sites\/9\/2025\/10\/nesteessa-ollaan-otsikko.jpg\",\"datePublished\":\"2025-10-14T10:47:52+00:00\",\"dateModified\":\"2025-10-14T10:47:52+00:00\",\"author\":{\"@id\":\"https:\/\/voima.fi\/hairikot\/#\/schema\/person\/523ff68c19f1381d78529f38bb76e7fe\"},\"breadcrumb\":{\"@id\":\"https:\/\/voima.fi\/hairikot\/artikkeli\/ei-yksin-kierrattaminen-riita\/#breadcrumb\"},\"inLanguage\":\"fi\",\"potentialAction\":[{\"@type\":\"ReadAction\",\"target\":[\"https:\/\/voima.fi\/hairikot\/artikkeli\/ei-yksin-kierrattaminen-riita\/\"]}]},{\"@type\":\"ImageObject\",\"inLanguage\":\"fi\",\"@id\":\"https:\/\/voima.fi\/hairikot\/artikkeli\/ei-yksin-kierrattaminen-riita\/#primaryimage\",\"url\":\"https:\/\/voima.fi\/hairikot\/wp-content\/uploads\/sites\/9\/2025\/10\/nesteessa-ollaan-otsikko.jpg\",\"contentUrl\":\"https:\/\/voima.fi\/hairikot\/wp-content\/uploads\/sites\/9\/2025\/10\/nesteessa-ollaan-otsikko.jpg\",\"width\":2510,\"height\":1773},{\"@type\":\"BreadcrumbList\",\"@id\":\"https:\/\/voima.fi\/hairikot\/artikkeli\/ei-yksin-kierrattaminen-riita\/#breadcrumb\",\"itemListElement\":[{\"@type\":\"ListItem\",\"position\":1,\"name\":\"Home\",\"item\":\"https:\/\/voima.fi\/hairikot\/\"},{\"@type\":\"ListItem\",\"position\":2,\"name\":\"Ei yksin kierr\u00e4tt\u00e4minen riit\u00e4\"}]},{\"@type\":\"WebSite\",\"@id\":\"https:\/\/voima.fi\/hairikot\/#website\",\"url\":\"https:\/\/voima.fi\/hairikot\/\",\"name\":\"H\u00e4irik\u00f6t-p\u00e4\u00e4maja\",\"description\":\"\",\"potentialAction\":[{\"@type\":\"SearchAction\",\"target\":{\"@type\":\"EntryPoint\",\"urlTemplate\":\"https:\/\/voima.fi\/hairikot\/?s={search_term_string}\"},\"query-input\":\"required name=search_term_string\"}],\"inLanguage\":\"fi\"},{\"@type\":\"Person\",\"@id\":\"https:\/\/voima.fi\/hairikot\/#\/schema\/person\/523ff68c19f1381d78529f38bb76e7fe\",\"name\":\"Jari Tamminen\",\"image\":{\"@type\":\"ImageObject\",\"inLanguage\":\"fi\",\"@id\":\"https:\/\/voima.fi\/hairikot\/#\/schema\/person\/image\/\",\"url\":\"https:\/\/secure.gravatar.com\/avatar\/e5c0bb16f2efc1924afe37fc190f8ce1?s=96&d=blank&r=g\",\"contentUrl\":\"https:\/\/secure.gravatar.com\/avatar\/e5c0bb16f2efc1924afe37fc190f8ce1?s=96&d=blank&r=g\",\"caption\":\"Jari Tamminen\"},\"description\":\"Kulttuurih\u00e4irint\u00e4 on taiteen ja aktivismin j\u00e4nnitt\u00e4v\u00e4\u00e4 lomittumista: odottamaton performanssi katuvilin\u00e4ss\u00e4, vallattuja mainostauluja ja mainosparodioita. Se on k\u00e4site, joka yhdist\u00e4\u00e4 yhteiskunnallista kommentaaria ja luovaa vastarintaa. T\u00e4ss\u00e4 blogissa Voiman Jari Tamminen hahmottaa maailmaa kulttuurih\u00e4irinn\u00e4n n\u00e4k\u00f6kulmasta. Lis\u00e4\u00e4 Tammisen huomioita kulttuurih\u00e4irinn\u00e4st\u00e4 voi lukea Voimasta, H\u00e4irik\u00f6t \u2013 Kulttuurih\u00e4irinn\u00e4n aakkoset -kirjasta ja p\u00e4ivitt\u00e4in osoitteesta www.facebook.com\/hairikot.\",\"sameAs\":[\"http:\/\/www.facebook.com\/hairikot\"],\"url\":\"https:\/\/voima.fi\/hairikot\/artikkeli\/author\/hairikko\/\"}]}<\/script>\n<!-- \/ Yoast SEO plugin. -->","yoast_head_json":{"title":"Ei yksin kierr\u00e4tt\u00e4minen riit\u00e4 - H\u00e4irik\u00f6t-p\u00e4\u00e4maja","robots":{"index":"index","follow":"follow","max-snippet":"max-snippet:-1","max-image-preview":"max-image-preview:large","max-video-preview":"max-video-preview:-1"},"canonical":"https:\/\/voima.fi\/hairikot\/artikkeli\/ei-yksin-kierrattaminen-riita\/","og_locale":"fi_FI","og_type":"article","og_title":"Ei yksin kierr\u00e4tt\u00e4minen riit\u00e4 - H\u00e4irik\u00f6t-p\u00e4\u00e4maja","og_description":"Onko ep\u00e4ekologisesti tuotetun raaka-aineen kierr\u00e4tt\u00e4minen ekoteko? Kenties. Voiko kest\u00e4v\u00e4 kiertotalous perustua sille, ett\u00e4 kierr\u00e4tet\u00e4\u00e4n alkujaan ongelmallista raaka-ainetta? Ei oikeastaan. Kiertotalous on ollut viime vuosina melko trendik\u00e4s sana. Uutisotsikot antavat kuvan siit\u00e4, miten se ymm\u00e4rret\u00e4\u00e4n: \u201dJyv\u00e4skyl\u00e4ss\u00e4 suunnitellaan kierr\u00e4tyslaitosta\u201d, \u201dtekstiilij\u00e4tteest\u00e4 arvokasta raaka-ainetta\u201d, \u201dkierr\u00e4tyskeskus laajentaa\u201d, \u201dJenni haistoi mehukkaan mahdollisuuden\u201d, \u201dsuomalaisten joulukinkkurasvasta tehtiin uusiutuvaa dieseli\u00e4\u201d ja \u201dTime-lehti hehkuttaa Suomea [&hellip;]","og_url":"https:\/\/voima.fi\/hairikot\/artikkeli\/ei-yksin-kierrattaminen-riita\/","og_site_name":"H\u00e4irik\u00f6t-p\u00e4\u00e4maja","article_published_time":"2025-10-14T10:47:52+00:00","og_image":[{"width":2510,"height":1773,"url":"https:\/\/voima.fi\/hairikot\/wp-content\/uploads\/sites\/9\/2025\/10\/nesteessa-ollaan-otsikko.jpg","type":"image\/jpeg"}],"author":"Jari Tamminen","twitter_card":"summary_large_image","twitter_misc":{"Kirjoittanut":"Jari Tamminen","Arvioitu lukuaika":"13 minuuttia"},"schema":{"@context":"https:\/\/schema.org","@graph":[{"@type":"WebPage","@id":"https:\/\/voima.fi\/hairikot\/artikkeli\/ei-yksin-kierrattaminen-riita\/","url":"https:\/\/voima.fi\/hairikot\/artikkeli\/ei-yksin-kierrattaminen-riita\/","name":"Ei yksin kierr\u00e4tt\u00e4minen riit\u00e4 - H\u00e4irik\u00f6t-p\u00e4\u00e4maja","isPartOf":{"@id":"https:\/\/voima.fi\/hairikot\/#website"},"primaryImageOfPage":{"@id":"https:\/\/voima.fi\/hairikot\/artikkeli\/ei-yksin-kierrattaminen-riita\/#primaryimage"},"image":{"@id":"https:\/\/voima.fi\/hairikot\/artikkeli\/ei-yksin-kierrattaminen-riita\/#primaryimage"},"thumbnailUrl":"https:\/\/voima.fi\/hairikot\/wp-content\/uploads\/sites\/9\/2025\/10\/nesteessa-ollaan-otsikko.jpg","datePublished":"2025-10-14T10:47:52+00:00","dateModified":"2025-10-14T10:47:52+00:00","author":{"@id":"https:\/\/voima.fi\/hairikot\/#\/schema\/person\/523ff68c19f1381d78529f38bb76e7fe"},"breadcrumb":{"@id":"https:\/\/voima.fi\/hairikot\/artikkeli\/ei-yksin-kierrattaminen-riita\/#breadcrumb"},"inLanguage":"fi","potentialAction":[{"@type":"ReadAction","target":["https:\/\/voima.fi\/hairikot\/artikkeli\/ei-yksin-kierrattaminen-riita\/"]}]},{"@type":"ImageObject","inLanguage":"fi","@id":"https:\/\/voima.fi\/hairikot\/artikkeli\/ei-yksin-kierrattaminen-riita\/#primaryimage","url":"https:\/\/voima.fi\/hairikot\/wp-content\/uploads\/sites\/9\/2025\/10\/nesteessa-ollaan-otsikko.jpg","contentUrl":"https:\/\/voima.fi\/hairikot\/wp-content\/uploads\/sites\/9\/2025\/10\/nesteessa-ollaan-otsikko.jpg","width":2510,"height":1773},{"@type":"BreadcrumbList","@id":"https:\/\/voima.fi\/hairikot\/artikkeli\/ei-yksin-kierrattaminen-riita\/#breadcrumb","itemListElement":[{"@type":"ListItem","position":1,"name":"Home","item":"https:\/\/voima.fi\/hairikot\/"},{"@type":"ListItem","position":2,"name":"Ei yksin kierr\u00e4tt\u00e4minen riit\u00e4"}]},{"@type":"WebSite","@id":"https:\/\/voima.fi\/hairikot\/#website","url":"https:\/\/voima.fi\/hairikot\/","name":"H\u00e4irik\u00f6t-p\u00e4\u00e4maja","description":"","potentialAction":[{"@type":"SearchAction","target":{"@type":"EntryPoint","urlTemplate":"https:\/\/voima.fi\/hairikot\/?s={search_term_string}"},"query-input":"required name=search_term_string"}],"inLanguage":"fi"},{"@type":"Person","@id":"https:\/\/voima.fi\/hairikot\/#\/schema\/person\/523ff68c19f1381d78529f38bb76e7fe","name":"Jari Tamminen","image":{"@type":"ImageObject","inLanguage":"fi","@id":"https:\/\/voima.fi\/hairikot\/#\/schema\/person\/image\/","url":"https:\/\/secure.gravatar.com\/avatar\/e5c0bb16f2efc1924afe37fc190f8ce1?s=96&d=blank&r=g","contentUrl":"https:\/\/secure.gravatar.com\/avatar\/e5c0bb16f2efc1924afe37fc190f8ce1?s=96&d=blank&r=g","caption":"Jari Tamminen"},"description":"Kulttuurih\u00e4irint\u00e4 on taiteen ja aktivismin j\u00e4nnitt\u00e4v\u00e4\u00e4 lomittumista: odottamaton performanssi katuvilin\u00e4ss\u00e4, vallattuja mainostauluja ja mainosparodioita. Se on k\u00e4site, joka yhdist\u00e4\u00e4 yhteiskunnallista kommentaaria ja luovaa vastarintaa. T\u00e4ss\u00e4 blogissa Voiman Jari Tamminen hahmottaa maailmaa kulttuurih\u00e4irinn\u00e4n n\u00e4k\u00f6kulmasta. Lis\u00e4\u00e4 Tammisen huomioita kulttuurih\u00e4irinn\u00e4st\u00e4 voi lukea Voimasta, H\u00e4irik\u00f6t \u2013 Kulttuurih\u00e4irinn\u00e4n aakkoset -kirjasta ja p\u00e4ivitt\u00e4in osoitteesta www.facebook.com\/hairikot.","sameAs":["http:\/\/www.facebook.com\/hairikot"],"url":"https:\/\/voima.fi\/hairikot\/artikkeli\/author\/hairikko\/"}]}},"enclosure":{"image":"https:\/\/voima.fi\/hairikot\/wp-content\/uploads\/sites\/9\/2025\/10\/nesteessa-ollaan-otsikko.jpg"},"meta:avatar":"","geolocation":[],"meta:youtube":null,"meta:vimeo":null,"meta:duration":null,"_links":{"self":[{"href":"https:\/\/voima.fi\/hairikot\/wp-json\/wp\/v2\/posts\/20744"}],"collection":[{"href":"https:\/\/voima.fi\/hairikot\/wp-json\/wp\/v2\/posts"}],"about":[{"href":"https:\/\/voima.fi\/hairikot\/wp-json\/wp\/v2\/types\/post"}],"author":[{"embeddable":true,"href":"https:\/\/voima.fi\/hairikot\/wp-json\/wp\/v2\/users\/122"}],"replies":[{"embeddable":true,"href":"https:\/\/voima.fi\/hairikot\/wp-json\/wp\/v2\/comments?post=20744"}],"version-history":[{"count":2,"href":"https:\/\/voima.fi\/hairikot\/wp-json\/wp\/v2\/posts\/20744\/revisions"}],"predecessor-version":[{"id":20748,"href":"https:\/\/voima.fi\/hairikot\/wp-json\/wp\/v2\/posts\/20744\/revisions\/20748"}],"wp:featuredmedia":[{"embeddable":true,"href":"https:\/\/voima.fi\/hairikot\/wp-json\/wp\/v2\/media\/20746"}],"wp:attachment":[{"href":"https:\/\/voima.fi\/hairikot\/wp-json\/wp\/v2\/media?parent=20744"}],"wp:term":[{"taxonomy":"category","embeddable":true,"href":"https:\/\/voima.fi\/hairikot\/wp-json\/wp\/v2\/categories?post=20744"},{"taxonomy":"post_tag","embeddable":true,"href":"https:\/\/voima.fi\/hairikot\/wp-json\/wp\/v2\/tags?post=20744"}],"curies":[{"name":"wp","href":"https:\/\/api.w.org\/{rel}","templated":true}]}}