{"id":20716,"date":"2025-08-15T14:40:46","date_gmt":"2025-08-15T11:40:46","guid":{"rendered":"https:\/\/voima.fi\/hairikot\/?p=20716"},"modified":"2025-08-27T19:28:00","modified_gmt":"2025-08-27T16:28:00","slug":"rusta-yliopiston-arvot","status":"publish","type":"post","link":"https:\/\/voima.fi\/hairikot\/artikkeli\/rusta-yliopiston-arvot\/","title":{"rendered":"Rusta-yliopiston arvot"},"content":{"rendered":"<p><span style=\"font-weight: 400;\">Monet ovat h\u00e4mm\u00e4stelleet Helsingin yliopiston p\u00e4\u00e4t\u00f6st\u00e4 vaihtaa tiloissaan vuokralaisena ollut, maan suurimmalla valikoimalla varustettu kirjakauppa kr\u00e4\u00e4s\u00e4kaupaksi. Kirjakauppa Sivullisen tilalle muuttava Rusta tuo maailmaan l\u00e4hinn\u00e4 rompetta, joka on roskaa jo tehtaalta l\u00e4htiess\u00e4\u00e4n.<\/span><\/p>\n<figure id=\"attachment_20717\" aria-describedby=\"caption-attachment-20717\" style=\"width: 560px\" class=\"wp-caption alignright\"><img decoding=\"async\" class=\" wp-image-20717\" src=\"https:\/\/voima.fi\/hairikot\/wp-content\/uploads\/sites\/9\/2025\/08\/rusta-yliopisto.jpg\" alt=\"\" width=\"560\" height=\"559\" srcset=\"https:\/\/voima.fi\/hairikot\/wp-content\/uploads\/sites\/9\/2025\/08\/rusta-yliopisto.jpg 1004w, https:\/\/voima.fi\/hairikot\/wp-content\/uploads\/sites\/9\/2025\/08\/rusta-yliopisto-600x600.jpg 600w, https:\/\/voima.fi\/hairikot\/wp-content\/uploads\/sites\/9\/2025\/08\/rusta-yliopisto-150x150.jpg 150w, https:\/\/voima.fi\/hairikot\/wp-content\/uploads\/sites\/9\/2025\/08\/rusta-yliopisto-768x766.jpg 768w, https:\/\/voima.fi\/hairikot\/wp-content\/uploads\/sites\/9\/2025\/08\/rusta-yliopisto-320x320.jpg 320w, https:\/\/voima.fi\/hairikot\/wp-content\/uploads\/sites\/9\/2025\/08\/rusta-yliopisto-160x160.jpg 160w, https:\/\/voima.fi\/hairikot\/wp-content\/uploads\/sites\/9\/2025\/08\/rusta-yliopisto-640x640.jpg 640w, https:\/\/voima.fi\/hairikot\/wp-content\/uploads\/sites\/9\/2025\/08\/rusta-yliopisto-200x200.jpg 200w, https:\/\/voima.fi\/hairikot\/wp-content\/uploads\/sites\/9\/2025\/08\/rusta-yliopisto-560x559.jpg 560w, https:\/\/voima.fi\/hairikot\/wp-content\/uploads\/sites\/9\/2025\/08\/rusta-yliopisto-980x978.jpg 980w\" sizes=\"(max-width: 560px) 100vw, 560px\" \/><figcaption id=\"caption-attachment-20717\" class=\"wp-caption-text\">Rusta-yliopiston logossa yhdistyv\u00e4t sek\u00e4 Helsingin yliopiston ett\u00e4 Rustan arvot ja fokus. Uuden yliopiston missiona on sytytell\u00e4 innovaation liekki\u00e4 kaikille rajapinnoille ja tuottaa kontentin ohella rahaa omistajille.<\/figcaption><\/figure>\n<p><span style=\"font-weight: 400;\">Yliopisto kuvaili t\u00e4t\u00e4 uutta vuokralaista etuk\u00e4teen \u201dkansainv\u00e4liseksi toimijaksi\u201d. Kansainv\u00e4lisyys on tunnetusti t\u00e4rke\u00e4 arvo yliopistolle, mutta ehk\u00e4 t\u00e4m\u00e4 ei ole sit\u00e4, kuinka tuo arvo on yleisesti ymm\u00e4rret\u00e4\u00e4n.\u00a0<\/span><\/p>\n<p><span style=\"font-weight: 400;\">Yliopiston johdon toiminnan takana on tietenkin \u2013 v\u00e4hint\u00e4\u00e4n osittain \u2013 sille asetetut vaatimukset ja vuokralaisen vaihto saattaa vaikuttaa j\u00e4rkev\u00e4lt\u00e4 siirrolta ainakin hetkellisesti. Julkisuuteen noussutta vuokralaispolitiikkaa voi tarkastella my\u00f6s hieman laajemmin.\u00a0<\/span><\/p>\n<h3><b>Mik\u00e4 on yliopiston etu?<\/b><\/h3>\n<p><span style=\"font-weight: 400;\">Suorien tulojen ohella vuokralaisten valinnassa on kyse yliopiston br\u00e4ndist\u00e4 ja siit\u00e4, miten yliopisto integroituu ja hy\u00f6tyy yhteisty\u00f6st\u00e4 ymp\u00e4rill\u00e4\u00e4n olevien toimijoiden kanssa. Rustasta ei todenn\u00e4k\u00f6isesti ole yliopistolle vuokratulojen ohella mit\u00e4\u00e4n hy\u00f6ty\u00e4, mutta Sivullisen kaltainen toimija hy\u00f6dytt\u00e4\u00e4 yliopistoa muutenkin kuin suoraan rahallisesti. T\u00e4lle ei-rahalliselle arvolle ei ilmeisesti ole arvoa laskettu.\u00a0<\/span><\/p>\n<p><span style=\"font-weight: 400;\">Esimerkkin\u00e4 Sivullisen yliopistolle tuomasta ei-rahallisesta hy\u00f6dyst\u00e4 toimikoon vaikka tilaisuus, joka j\u00e4rjestettiin Sivullisessa samana p\u00e4iv\u00e4n\u00e4, kun tieto kirjakaupan vaihtumisesta Rustaksi tuli julkisuuteen. Tuolloin Helsingin yliopiston professori <\/span><b>Teivo Teivainen<\/b><span style=\"font-weight: 400;\"> esitteli <a href=\"https:\/\/voima.fi\/arvio\/kirja-arvio-erillishakaristin-historia\/\">uutta kirjaansa<\/a> t\u00e4ydelle tuvalle. H\u00e4nen akateemiseen tutkimuksensa perustuva kirja her\u00e4tti siin\u00e4 m\u00e4\u00e4rin kiinnostusta, ett\u00e4 kaikki kustantajan paikalle tuomat teokset myytiin. Mik\u00e4li yliopiston teht\u00e4viin katsotaan kuuluvan sen seinien sis\u00e4ll\u00e4 syntyvien havaintojen ja ajatusten levitt\u00e4misen laajemmalle, olisi virhe olla laskematta t\u00e4m\u00e4n kaltaiselle tilaisuudelle jotain arvoa. On h\u00e4lyytt\u00e4v\u00e4\u00e4 ja traagista, mik\u00e4li yliopiston johdolle ei ole annettu mittareita arvottaa t\u00e4m\u00e4nkaltaista n\u00e4kyvyytt\u00e4 ja julkista keskustelua.\u00a0<\/span><\/p>\n<div class=\"su-youtube su-u-responsive-media-yes\"><iframe width=\"600\" height=\"400\" src=\"https:\/\/www.youtube.com\/embed\/qAJdfAi1ZVs?\" frameborder=\"0\" allowfullscreen allow=\"autoplay; encrypted-media; picture-in-picture\" title=\"\"><\/iframe><\/div>\n<p><i><span style=\"font-weight: 400;\">Sivullisen lavalla j\u00e4rjestetyt keskustelutilaisuudet taltioidaan ja niit\u00e4 on ladattu Youtubeen yli 900 kappaletta. Videoilla ovat p\u00e4\u00e4sseet \u00e4\u00e4neen my\u00f6s Helsingin yliopiston tutkijat. Oheisella videolla professori Teivo Teivainen keskustelee Hakaristin historia -teokseensa liittyvi\u00e4.<\/span><\/i><\/p>\n<p><span style=\"font-weight: 400;\">Sivullisen vieress\u00e4 vuosia sijainnut huonekaluliike Masku on poistumassa Kaisaniemest\u00e4, ja Yliopisto vuokraa tammikuusta alkaen Rustalle sek\u00e4 Maskun ett\u00e4 Sivullisen t\u00e4ll\u00e4 hetkell\u00e4 t\u00e4ytt\u00e4m\u00e4t neli\u00f6t. Kirjakauppa Sivullisen h\u00e4\u00e4t\u00f6\u00e4 onkin julkisuudessa pyritty arvioimaan ja ymm\u00e4rt\u00e4m\u00e4\u00e4n liiketaloudellisesti perusteltuna siirtona.<\/span><span style=\"font-weight: 400;\">\u00a0T\u00e4m\u00e4 selitys ei kuitenkaan huomioi muutamaa seikkaa. Ensinn\u00e4kin Sivullinen on juuri se vuokralainen, joka on onnistunut tekem\u00e4\u00e4n tuosta vuosia tyhjill\u00e4\u00e4n ja vajaak\u00e4yt\u00f6ll\u00e4 olleesta liikekiinteist\u00f6st\u00e4 vetovoimaisen ja on luotettava vuokralainen, joka tarjoaa omistajalle varmaa tuloa. Toisekseen, Sivullista py\u00f6ritt\u00e4v\u00e4n kirjakauppaketju Rosebud Booksin toimitusjohtaja <\/span><b>Hannu Paloviita<\/b><span style=\"font-weight: 400;\"> on tarjoutunut laajentamaan kirjakaupan toimintaa ja vuokraamaan my\u00f6s Maskulta vapautuvat neli\u00f6t. T\u00e4h\u00e4n tarjoukseen yliopisto ei halunnut tarttua, vaan on arvioinut Rustan itselleen arvokkaammaksi vuokralaiseksi.<\/span><\/p>\n<p>Yliopiston p\u00e4\u00e4t\u00f6s olla tarttumatta Paloviidan tarjoukseen n\u00e4ytt\u00e4ytyy viel\u00e4 omituisemmalta kun k\u00e4vi <a href=\"https:\/\/www.hs.fi\/helsinki\/art-2000011430319.html\" class=\"external\" rel=\"nofollow\">ilmi<\/a>, ett\u00e4 Rosebud Books on maksanut viimeisen vuoden ajan Sivullisen tiloistaan vuokraa noin kaksinkertaisesti viereisen, jokseenkin samankokoisen liiketilan vuokranneeseen Maskuun verrattuna.<\/p>\n<p><span style=\"font-weight: 400;\">Jo t\u00e4ss\u00e4 vaiheessa on selv\u00e4\u00e4, ett\u00e4 mainehaitta yliopistolle vuokralaisen vaihtamisesta on merkitt\u00e4v\u00e4, ja on ep\u00e4varmaa, tuottaako vuokralaisen vaihtaminen tuota haittaa vastaavan taloudellisen hy\u00f6dyn. N\u00e4in tarkasteltuna yliopiston johdon toiminta ei ole itsest\u00e4\u00e4n selv\u00e4sti yliopiston etujen mukaista.\u00a0<\/span><\/p>\n<h3><b>Fantastinen yliopistouudistus<\/b><\/h3>\n<p><span style=\"font-weight: 400;\">Helsingin yliopisto ei toimi tyhji\u00f6ss\u00e4. Sen toimintaa m\u00e4\u00e4ritt\u00e4\u00e4 osaltaan vuonna 2009 tehty yliopistolain uudistus, jota kokoomuksen puheenjohtajana toiminut <\/span><b>Jyrki Katainen<\/b><span style=\"font-weight: 400;\"> kuvaili \u201cfantastiseksi\u201d. Tampereen yliopiston tutkijatohtori <\/span><b>Mikko Poutanen<\/b><span style=\"font-weight: 400;\"> on tutkinut uudistuksen vaikutuksia ja vuonna 2023 h\u00e4n totesi <\/span><a href=\"https:\/\/voima.fi\/hairikot\/artikkeli\/oy-yliopisto-ab\/\"><i><span style=\"font-weight: 400;\">Voiman<\/span><\/i><\/a><span style=\"font-weight: 400;\"><a href=\"https:\/\/voima.fi\/hairikot\/artikkeli\/oy-yliopisto-ab\/\"> haastattelussa<\/a> n\u00e4in:<\/span><\/p>\n<p><span style=\"font-weight: 400;\">\u201dMonet kokevat, ett\u00e4 yliopisto ei en\u00e4\u00e4 voi olla talouden ulkopuolella, ett\u00e4 se on tietotalouteen nivoutunut julkisrahoitteinen toimija, er\u00e4\u00e4nlainen tiedontuotannon tehdas. Ajatus muuttaa yliopiston asemaa suhteessa kapitalistiseen arvontuotantoon ja liitt\u00e4\u00e4 sen osaksi muuta kapitalistista tuotantokoneistoa.\u201d<\/span><\/p>\n<p><span style=\"font-weight: 400;\">Yliopistojen teht\u00e4vien muuttuessa muuttuvat my\u00f6s mittarit, joilla toiminnan onnistumista mitataan. Poutanen k\u00e4ytt\u00e4\u00e4 t\u00e4h\u00e4n liittyvist\u00e4 arvostusten muutoksista puhuessaan termi\u00e4 \u201dakateeminen kapitalismi\u201d. Uuden yliopistolain my\u00f6t\u00e4 yliopistoille asetettiin uudenlaisia taloudellisia vastuita ja toisinaan n\u00e4m\u00e4 ajavat akateemisten arvojen yli sek\u00e4 ohi. Valitut talouden mittarit omalta osaltaan yksipuolistavat yliopistojen toimintaa ja ohjaavat niit\u00e4 suuntaan, joka ei tue yliopistojen perimm\u00e4ist\u00e4 tarkoitusta sivistyksen ja uuden tiedon tuottajana.\u00a0<\/span><\/p>\n<p><span style=\"font-weight: 400;\">N\u00e4m\u00e4 uudenlaiset taloudelliset vaatimukset saattavat olla senkin taustalla, ett\u00e4 Helsingin yliopisto kokee arvokkaammaksi pit\u00e4\u00e4 kivijalassaan (kattavasti my\u00f6s akateemista kirjallisuutta myyv\u00e4n) kirjakaupan sijaan kr\u00e4\u00e4s\u00e4kauppaa. Kenties n\u00e4kem\u00e4mme voisi hahmottaa niin, ett\u00e4 t\u00e4mm\u00f6ist\u00e4 se on, kun markkinoiden n\u00e4kym\u00e4t\u00f6n k\u00e4si p\u00e4\u00e4see ohjaamaan yliopistoa. \u201dFantastista\u201d, jotkut ep\u00e4ilem\u00e4tt\u00e4 ajattelevat.<\/span><\/p>\n<h3><b>Ristiriitaiset arvot<\/b><\/h3>\n<p><span style=\"font-weight: 400;\">Yliopisto ei ole liikelaitos ja historiallisesti tarkasteltuna yliopiston py\u00f6ritt\u00e4minen ei itsess\u00e4\u00e4n ole erityisen hyv\u00e4 bisnes, eik\u00e4 niit\u00e4 bisnestarkoituksiin ole juurikaan perustettu. Yliopiston k\u00e4ytt\u00e4mien kiinteist\u00f6jen hallinnointia kuitenkin usein nykyisell\u00e4\u00e4n bisneksen\u00e4 tarkastellaan. N\u00e4in yliopiston ja sen rahaston tai kiinteist\u00f6yhti\u00f6n omistaman yhti\u00f6n tavoitteet eiv\u00e4t ole yhteismitallisia, mutta kuten nykyaikana on tapana, arvot on n\u00e4emm\u00e4 muutettu rahallisiksi.\u00a0<\/span><\/p>\n<p><span style=\"font-weight: 400;\">Kaisa-talon \u2013 jonka kivijalassa Sivullinen sijaitsee \u2013 omistaa Helsingin yliopiston rahastot, joka vastaa suoraan yliopiston johdolle. Rosebud Booksin toimitusjohtaja Paloviidan kanssa Kaisa-talon tiloista neuvotteli Helsingin Yliopistokiinteist\u00f6t Oy, vaikkei se ollut varsinainen vuokranantaja. Helsingin Yliopistokiinteist\u00f6t Oy on Helsingin yliopiston kokonaisuudessaan omistama yhti\u00f6, joka hallinnoi useita yliopiston k\u00e4ytt\u00e4mi\u00e4 tiloja.<\/span><\/p>\n<figure id=\"attachment_20720\" aria-describedby=\"caption-attachment-20720\" style=\"width: 559px\" class=\"wp-caption alignleft\"><img decoding=\"async\" class=\" wp-image-20720\" src=\"https:\/\/voima.fi\/hairikot\/wp-content\/uploads\/sites\/9\/2025\/08\/tokmanni-yliopisto.jpg\" alt=\"\" width=\"559\" height=\"321\" srcset=\"https:\/\/voima.fi\/hairikot\/wp-content\/uploads\/sites\/9\/2025\/08\/tokmanni-yliopisto.jpg 1890w, https:\/\/voima.fi\/hairikot\/wp-content\/uploads\/sites\/9\/2025\/08\/tokmanni-yliopisto-600x345.jpg 600w, https:\/\/voima.fi\/hairikot\/wp-content\/uploads\/sites\/9\/2025\/08\/tokmanni-yliopisto-1024x588.jpg 1024w, https:\/\/voima.fi\/hairikot\/wp-content\/uploads\/sites\/9\/2025\/08\/tokmanni-yliopisto-768x441.jpg 768w, https:\/\/voima.fi\/hairikot\/wp-content\/uploads\/sites\/9\/2025\/08\/tokmanni-yliopisto-1536x883.jpg 1536w, https:\/\/voima.fi\/hairikot\/wp-content\/uploads\/sites\/9\/2025\/08\/tokmanni-yliopisto-320x184.jpg 320w, https:\/\/voima.fi\/hairikot\/wp-content\/uploads\/sites\/9\/2025\/08\/tokmanni-yliopisto-200x115.jpg 200w, https:\/\/voima.fi\/hairikot\/wp-content\/uploads\/sites\/9\/2025\/08\/tokmanni-yliopisto-560x322.jpg 560w, https:\/\/voima.fi\/hairikot\/wp-content\/uploads\/sites\/9\/2025\/08\/tokmanni-yliopisto-980x563.jpg 980w\" sizes=\"(max-width: 559px) 100vw, 559px\" \/><figcaption id=\"caption-attachment-20720\" class=\"wp-caption-text\">Kenties Tokmanni-yliopistokin voisi olla totta, mik\u00e4li hinnasta p\u00e4\u00e4st\u00e4\u00e4n yhteisymm\u00e4rrykseen. Nykyisell\u00e4\u00e4n Helsingin yliopiston p\u00e4\u00e4rakennut on melko matalatuottoisessa k\u00e4yt\u00f6ss\u00e4.<\/figcaption><\/figure>\n<p><i><span style=\"font-weight: 400;\">Helsingin Sanomissa<\/span><\/i><span style=\"font-weight: 400;\"> Helsingin Yliopistokiinteist\u00f6t Oy:n toimitusjohtaja <\/span><b>Jaana Ihalainen<\/b><span style=\"font-weight: 400;\"> kertoi, ett\u00e4 yliopisto on toiminut t\u00e4ss\u00e4 vuokralaisasiassa \u201darvojensa mukaisesti\u201d. Kenties Ihalainen tiet\u00e4\u00e4 mist\u00e4 puhuu ja t\u00e4m\u00e4 vuokralaisen vaihtaminen on yliopiston arvojen mukainen siirto. Jos hyv\u00e4ksymme Ihalaisen arvion yliopiston arvojen mukaisesta toiminnasta, voisi olla hyv\u00e4 hetki keskustella kyseisist\u00e4 arvoista.<\/span><\/p>\n<p><span style=\"font-weight: 400;\">Helsingin yliopisto listaa nettisivullaan arvoikseen totuuden, sivistyksen, vapauden ja yhteis\u00f6llisyyden. N\u00e4ist\u00e4 arvoista ainakin \u201dsivistys\u201d n\u00e4ytt\u00e4isi tulleen ohitetuksi vuokralaista vaihdettaessa. Tuskin \u201dyhteis\u00f6llisyydenk\u00e4\u00e4n\u201d tavoite Rustan avulla t\u00e4yttyy. Mit\u00e4 \u201ctotuuteen\u201d tulee, kirjakaupan h\u00e4\u00e4t\u00f6 on totta ja Rustan \u201dvapaus\u201d h\u00e4\u00e4d\u00e4tt\u00e4\u00e4 entinen vuokralainen tiloista toteutuu.<\/span><\/p>\n<p><span style=\"font-weight: 400;\">Jos hyv\u00e4ksymme, ett\u00e4 t\u00e4m\u00e4 on yliopiston tavotteiden ja arvojen mukaista, voisimme tarkastella sit\u00e4, kuinka yliopiston kiinteist\u00f6j\u00e4 laajemminkin hy\u00f6dynnet\u00e4\u00e4n. Kaikki tiet\u00e4v\u00e4t, ettei yliopiston py\u00f6ritt\u00e4minen ole kummoinenkaan bisnes ja sik\u00e4li yliopiston kyky maksaa k\u00e4ytt\u00e4mist\u00e4\u00e4n tiloista on hieman niin ja n\u00e4in. Her\u00e4\u00e4 kysymys, ovatko yliopiston opetus- ja tutkimusk\u00e4yt\u00f6ss\u00e4 olevat tilat nyky\u00e4\u00e4n ollenkaan yliopiston arvojen mukaisessa k\u00e4yt\u00f6ss\u00e4? Yliopisto saisi ep\u00e4ilem\u00e4tt\u00e4 paremman tuoton kiinteist\u00f6illeen, mik\u00e4li opiskelijat ja tutkijat siirrett\u00e4isiin edullisempiin tiloihin esimerkiksi it\u00e4isess\u00e4 Virossa sijaitsevaan Narvaan ja samalla Helsingiss\u00e4 sijaitsevat kiinteist\u00f6t voitaisiin vuokrata hyv\u00e4ll\u00e4 katteella kaupalliseen k\u00e4ytt\u00f6\u00f6n. Opiskelijoiden asuminenkin tulisi Narvassa halvemmaksi kuin Helsingiss\u00e4!<\/span><\/p>\n<p><span style=\"font-weight: 400;\">Tuntuisiko t\u00e4m\u00e4 ajatus toiminnan siirt\u00e4misest\u00e4 Narvaan h\u00f6ps\u00f6lt\u00e4 ajatukselta? Miksi? Seh\u00e4n on Helsingin Yliopistokiinteist\u00f6jen toimitusjohtaja Ihalaisen kuvailemien arvojen mukaista toimintaa. Tai kenties v\u00e4litt\u00f6m\u00e4t tuotot kiinteist\u00f6ist\u00e4 eiv\u00e4t sittenk\u00e4\u00e4n ole yliopiston toiminnan keski\u00f6ss\u00e4.\u00a0<\/span><\/p>\n<h3><b>Tilanteet muuttuvat<\/b><\/h3>\n<p><span style=\"font-weight: 400;\">Yliopiston toimintaa voi tarkastella my\u00f6s sen kautta, miten toiminta vaikuttaa yliopiston br\u00e4ndiin. Tarkastelun voimme aloittaa kymmenen vuoden takaisesta episodista.<\/span><\/p>\n<p><span style=\"font-weight: 400;\">Vuonna 2015 Helsingin yliopisto juhli 375-vuotista taivaltaan. Osana juhlallisuuksien valmistelua yliopiston johto lobbasi uutta nime\u00e4 tilojensa alapuolella sijaitsevalle Kaisaniemen metroasemalle. Kenties kyseess\u00e4 oli vilpit\u00f6n halu vaihtaa aseman nimi mahdollisimman kuvaavaksi. Taustalla saattoi vaikuttaa my\u00f6s se, ett\u00e4 yksi uuden L\u00e4nsimetron asemista oli nimetty Aalto-yliopistoksi. On esitetty arvailuja siit\u00e4, ett\u00e4 Helsingin yliopiston johdossa koettiin n\u00f6yryytt\u00e4v\u00e4ksi se, ett\u00e4 Aalto-yliopiston kaltainen pienempi yliopisto oli saamassa oman nimikkoasemansa, mutta Helsingin yliopistolla ei moista ollut. Syyst\u00e4 tai toisesta metroaseman nimi vaihtui Kaisaniemest\u00e4 Helsingin yliopistoksi.<\/span><\/p>\n<figure id=\"attachment_20721\" aria-describedby=\"caption-attachment-20721\" style=\"width: 421px\" class=\"wp-caption alignright\"><img decoding=\"async\" class=\"size-full wp-image-20721\" src=\"https:\/\/voima.fi\/hairikot\/wp-content\/uploads\/sites\/9\/2025\/08\/rusta-asema.png\" alt=\"\" width=\"421\" height=\"435\" srcset=\"https:\/\/voima.fi\/hairikot\/wp-content\/uploads\/sites\/9\/2025\/08\/rusta-asema.png 421w, https:\/\/voima.fi\/hairikot\/wp-content\/uploads\/sites\/9\/2025\/08\/rusta-asema-310x320.png 310w, https:\/\/voima.fi\/hairikot\/wp-content\/uploads\/sites\/9\/2025\/08\/rusta-asema-200x207.png 200w\" sizes=\"(max-width: 421px) 100vw, 421px\" \/><figcaption id=\"caption-attachment-20721\" class=\"wp-caption-text\">Onko mit\u00e4\u00e4n esteit\u00e4 sille, ett\u00e4 aikaisemmin Kaisaniemen\u00e4 ja sittemmin Helsingin yliopistona tunnetun metroaseman nime\u00e4 muutettaisiin uudestaan? Olisko Rusta-asema uhka vai mahdollisuus?<\/figcaption><\/figure>\n<p><span style=\"font-weight: 400;\">Pian aseman nimen vaihduttua metroaseman yhteydess\u00e4 sijaitsevaa Kaisaniemen Tokmannin nimi muutettiin \u2013 sin\u00e4ns\u00e4 ihan loogisesti \u2013 Helsingin yliopiston Tokmanniksi. T\u00e4st\u00e4 Helsingin yliopiston johto ei pit\u00e4nyt ja Tokmannia uhkailtiin lakimiehill\u00e4. Yliopistolla koettiin, ett\u00e4 t\u00e4ss\u00e4 ratsastetaan sen br\u00e4ndill\u00e4 ja tahrataan sit\u00e4, mutta toisaalta yliopisto itse avasi pelin levitt\u00e4m\u00e4ll\u00e4 br\u00e4ndins\u00e4 kattamaan my\u00f6s metroaseman.<\/span><\/p>\n<p><span style=\"font-weight: 400;\">On tietenkin ymm\u00e4rrett\u00e4v\u00e4\u00e4, ett\u00e4 yliopiston johto koki tilanteen kiusalliseksi. T\u00e4t\u00e4 ymm\u00e4rryst\u00e4 kuitenkin rapauttaa yliopiston vimma saada kymmenen vuotta my\u00f6hemmin kr\u00e4\u00e4s\u00e4kauppa Rusta kivijalkaansa.\u00a0<\/span><\/p>\n<p><span style=\"font-weight: 400;\">Ehk\u00e4 perimm\u00e4inen ongelma Helsingin yliopiston Tokmannin tapauksessa olikin nyt tarkasteltavien \u201cyliopiston arvojen\u201d suhteen siin\u00e4, ett\u00e4 yliopistolle ei ollut tulossa vuokratuloja. T\u00e4ll\u00e4 kertaa tilanne on toinen. Voisiko yliopiston br\u00e4ndin arvon arvioida sen (kenties) suuremman summan mukaan, mit\u00e4 yliopisto uskoo saavansa Rustalta eik\u00e4 Rosebud Booksilta?<\/span><\/p>\n<p><span style=\"font-weight: 400;\">Vaikka Helsingin yliopiston rahastojen kiinteist\u00f6ll\u00e4, Kaisa-talolla ja Yliopistokiinteist\u00f6ill\u00e4 on varsin erikoistunut toimintaymp\u00e4rist\u00f6, niiden liiketoiminnan tavoitteet lienev\u00e4t kaupallisen toimijan tavoitteita. Toiminnan onnistumista ep\u00e4ilem\u00e4tt\u00e4 tarkastellaan ensisijaisesti taloudellisin mittarein, mutta ne toimivat tosiasiallisesti yliopiston br\u00e4ndin alla. Tilanne on sik\u00e4li ep\u00e4terve, ett\u00e4 toiminnan rahallinen tuotto lasketaan operatiivisen johdon saavutukseksi, mutta yliopistolle aiheutunut br\u00e4ndihaitta kaatuu johonkin muualle. Nyt onnistuttu br\u00e4nd\u00e4\u00e4m\u00e4\u00e4n omistaja kr\u00e4\u00e4s\u00e4ksi ja t\u00e4t\u00e4 voi pit\u00e4\u00e4 kaikkien p\u00e4\u00e4t\u00f6ksentekoon osallistuneiden virheen\u00e4 ja ep\u00e4onnistumisena. T\u00e4t\u00e4 voisi my\u00f6s pit\u00e4\u00e4 esimerkkin\u00e4 siit\u00e4, kun pohjimmiltaan ei-bisnest\u00e4 tekev\u00e4t organisaatiot yritt\u00e4v\u00e4t olla bisnesnokkelia ja osaamattomuuttaan tekev\u00e4t hallaa muiden ohella my\u00f6s itselleen.<\/span><\/p>\n<h3><b>Hate the Game, not the Player<\/b><\/h3>\n<p><span style=\"font-weight: 400;\">Samalla, kun Helsingin yliopiston johdon p\u00e4\u00e4lle kaatuu elinik\u00e4inen henkil\u00f6kohtainen h\u00e4pe\u00e4 ja yliopiston maine tahrautuu, on hyv\u00e4 erottaa yliopiston tutkijat tapauksesta. Tutkijoilla tai juuri kenell\u00e4k\u00e4\u00e4n henkil\u00f6kunnan j\u00e4senell\u00e4 ei ole ollut mit\u00e4\u00e4n sananvaltaa t\u00e4ss\u00e4 asiassa. Vaikka Helsingin yliopiston toiminta on kunniatonta, ei se ole opiskelijoiden tai tutkijoiden syy.<\/span><\/p>\n<p><span style=\"font-weight: 400;\">Ehk\u00e4, ajan my\u00f6t\u00e4, yliopiston johtokin reipastuu ja alkaa tarkastella yliopiston toimintaa muunkin kuin lyhyiden ja kenties my\u00f6s kuviteltujen taloudellisten voittojen vinkkelist\u00e4. Luoja tiet\u00e4\u00e4, ett\u00e4 Yliopistoilla on riitt\u00e4v\u00e4n vaikeaa ilman toistaitoista ja v\u00e4\u00e4rien tavoitteiden ohjailemaa johtoakin.\u00a0<\/span><\/p>\n<p><b>Rosebud Books on yksi H\u00e4irik\u00f6t-p\u00e4\u00e4majan taustalla l\u00f6ytyv\u00e4n Voima-lehden omistajista. T\u00e4m\u00e4 saattaa vaikuttaa tai olla vaikuttamatta kirjoittajan edell\u00e4 esitt\u00e4miin tulkintoihin, mutta faktat ovat kuitenkin niin kuin ne on kirjoitettu.<br \/>\nJuttua p\u00e4ivitetty 15.8. klo 16.50, lis\u00e4tty tieto Rosebudin ja Maskun maksamien vuokrien erosta.<\/b><\/p>\n","protected":false},"excerpt":{"rendered":"<p>Monet ovat h\u00e4mm\u00e4stelleet Helsingin yliopiston p\u00e4\u00e4t\u00f6st\u00e4 vaihtaa tiloissaan vuokralaisena ollut, maan suurimmalla valikoimalla varustettu kirjakauppa kr\u00e4\u00e4s\u00e4kaupaksi. Kirjakauppa Sivullisen tilalle muuttava Rusta tuo maailmaan l\u00e4hinn\u00e4 rompetta, joka on roskaa jo tehtaalta l\u00e4htiess\u00e4\u00e4n. Yliopisto kuvaili t\u00e4t\u00e4 uutta vuokralaista etuk\u00e4teen \u201dkansainv\u00e4liseksi toimijaksi\u201d. Kansainv\u00e4lisyys on tunnetusti t\u00e4rke\u00e4 arvo yliopistolle, mutta ehk\u00e4 t\u00e4m\u00e4 ei ole sit\u00e4, kuinka tuo arvo on [&hellip;]<\/p>\n","protected":false},"author":122,"featured_media":20718,"comment_status":"closed","ping_status":"closed","sticky":false,"template":"","format":"standard","meta":{"footnotes":""},"categories":[4],"tags":[3260,3261,3263,3262,2921],"yoast_head":"<!-- This site is optimized with the Yoast SEO plugin v22.7 - https:\/\/yoast.com\/wordpress\/plugins\/seo\/ -->\n<title>Rusta-yliopiston arvot - H\u00e4irik\u00f6t-p\u00e4\u00e4maja<\/title>\n<meta name=\"robots\" content=\"index, follow, max-snippet:-1, max-image-preview:large, max-video-preview:-1\" \/>\n<link rel=\"canonical\" href=\"https:\/\/voima.fi\/hairikot\/artikkeli\/rusta-yliopiston-arvot\/\" \/>\n<meta property=\"og:locale\" content=\"fi_FI\" \/>\n<meta property=\"og:type\" content=\"article\" \/>\n<meta property=\"og:title\" content=\"Rusta-yliopiston arvot - H\u00e4irik\u00f6t-p\u00e4\u00e4maja\" \/>\n<meta property=\"og:description\" content=\"Monet ovat h\u00e4mm\u00e4stelleet Helsingin yliopiston p\u00e4\u00e4t\u00f6st\u00e4 vaihtaa tiloissaan vuokralaisena ollut, maan suurimmalla valikoimalla varustettu kirjakauppa kr\u00e4\u00e4s\u00e4kaupaksi. Kirjakauppa Sivullisen tilalle muuttava Rusta tuo maailmaan l\u00e4hinn\u00e4 rompetta, joka on roskaa jo tehtaalta l\u00e4htiess\u00e4\u00e4n. Yliopisto kuvaili t\u00e4t\u00e4 uutta vuokralaista etuk\u00e4teen \u201dkansainv\u00e4liseksi toimijaksi\u201d. Kansainv\u00e4lisyys on tunnetusti t\u00e4rke\u00e4 arvo yliopistolle, mutta ehk\u00e4 t\u00e4m\u00e4 ei ole sit\u00e4, kuinka tuo arvo on [&hellip;]\" \/>\n<meta property=\"og:url\" content=\"https:\/\/voima.fi\/hairikot\/artikkeli\/rusta-yliopiston-arvot\/\" \/>\n<meta property=\"og:site_name\" content=\"H\u00e4irik\u00f6t-p\u00e4\u00e4maja\" \/>\n<meta property=\"article:published_time\" content=\"2025-08-15T11:40:46+00:00\" \/>\n<meta property=\"article:modified_time\" content=\"2025-08-27T16:28:00+00:00\" \/>\n<meta property=\"og:image\" content=\"https:\/\/voima.fi\/hairikot\/wp-content\/uploads\/sites\/9\/2025\/08\/roska-logo.png\" \/>\n\t<meta property=\"og:image:width\" content=\"1920\" \/>\n\t<meta property=\"og:image:height\" content=\"1000\" \/>\n\t<meta property=\"og:image:type\" content=\"image\/png\" \/>\n<meta name=\"author\" content=\"Jari Tamminen\" \/>\n<meta name=\"twitter:card\" content=\"summary_large_image\" \/>\n<meta name=\"twitter:label1\" content=\"Kirjoittanut\" \/>\n\t<meta name=\"twitter:data1\" content=\"Jari Tamminen\" \/>\n\t<meta name=\"twitter:label2\" content=\"Arvioitu lukuaika\" \/>\n\t<meta name=\"twitter:data2\" content=\"10 minuuttia\" \/>\n<script type=\"application\/ld+json\" class=\"yoast-schema-graph\">{\"@context\":\"https:\/\/schema.org\",\"@graph\":[{\"@type\":\"WebPage\",\"@id\":\"https:\/\/voima.fi\/hairikot\/artikkeli\/rusta-yliopiston-arvot\/\",\"url\":\"https:\/\/voima.fi\/hairikot\/artikkeli\/rusta-yliopiston-arvot\/\",\"name\":\"Rusta-yliopiston arvot - H\u00e4irik\u00f6t-p\u00e4\u00e4maja\",\"isPartOf\":{\"@id\":\"https:\/\/voima.fi\/hairikot\/#website\"},\"primaryImageOfPage\":{\"@id\":\"https:\/\/voima.fi\/hairikot\/artikkeli\/rusta-yliopiston-arvot\/#primaryimage\"},\"image\":{\"@id\":\"https:\/\/voima.fi\/hairikot\/artikkeli\/rusta-yliopiston-arvot\/#primaryimage\"},\"thumbnailUrl\":\"https:\/\/voima.fi\/hairikot\/wp-content\/uploads\/sites\/9\/2025\/08\/roska-logo.png\",\"datePublished\":\"2025-08-15T11:40:46+00:00\",\"dateModified\":\"2025-08-27T16:28:00+00:00\",\"author\":{\"@id\":\"https:\/\/voima.fi\/hairikot\/#\/schema\/person\/523ff68c19f1381d78529f38bb76e7fe\"},\"breadcrumb\":{\"@id\":\"https:\/\/voima.fi\/hairikot\/artikkeli\/rusta-yliopiston-arvot\/#breadcrumb\"},\"inLanguage\":\"fi\",\"potentialAction\":[{\"@type\":\"ReadAction\",\"target\":[\"https:\/\/voima.fi\/hairikot\/artikkeli\/rusta-yliopiston-arvot\/\"]}]},{\"@type\":\"ImageObject\",\"inLanguage\":\"fi\",\"@id\":\"https:\/\/voima.fi\/hairikot\/artikkeli\/rusta-yliopiston-arvot\/#primaryimage\",\"url\":\"https:\/\/voima.fi\/hairikot\/wp-content\/uploads\/sites\/9\/2025\/08\/roska-logo.png\",\"contentUrl\":\"https:\/\/voima.fi\/hairikot\/wp-content\/uploads\/sites\/9\/2025\/08\/roska-logo.png\",\"width\":1920,\"height\":1000},{\"@type\":\"BreadcrumbList\",\"@id\":\"https:\/\/voima.fi\/hairikot\/artikkeli\/rusta-yliopiston-arvot\/#breadcrumb\",\"itemListElement\":[{\"@type\":\"ListItem\",\"position\":1,\"name\":\"Home\",\"item\":\"https:\/\/voima.fi\/hairikot\/\"},{\"@type\":\"ListItem\",\"position\":2,\"name\":\"Rusta-yliopiston arvot\"}]},{\"@type\":\"WebSite\",\"@id\":\"https:\/\/voima.fi\/hairikot\/#website\",\"url\":\"https:\/\/voima.fi\/hairikot\/\",\"name\":\"H\u00e4irik\u00f6t-p\u00e4\u00e4maja\",\"description\":\"\",\"potentialAction\":[{\"@type\":\"SearchAction\",\"target\":{\"@type\":\"EntryPoint\",\"urlTemplate\":\"https:\/\/voima.fi\/hairikot\/?s={search_term_string}\"},\"query-input\":\"required name=search_term_string\"}],\"inLanguage\":\"fi\"},{\"@type\":\"Person\",\"@id\":\"https:\/\/voima.fi\/hairikot\/#\/schema\/person\/523ff68c19f1381d78529f38bb76e7fe\",\"name\":\"Jari Tamminen\",\"image\":{\"@type\":\"ImageObject\",\"inLanguage\":\"fi\",\"@id\":\"https:\/\/voima.fi\/hairikot\/#\/schema\/person\/image\/\",\"url\":\"https:\/\/secure.gravatar.com\/avatar\/e5c0bb16f2efc1924afe37fc190f8ce1?s=96&d=blank&r=g\",\"contentUrl\":\"https:\/\/secure.gravatar.com\/avatar\/e5c0bb16f2efc1924afe37fc190f8ce1?s=96&d=blank&r=g\",\"caption\":\"Jari Tamminen\"},\"description\":\"Kulttuurih\u00e4irint\u00e4 on taiteen ja aktivismin j\u00e4nnitt\u00e4v\u00e4\u00e4 lomittumista: odottamaton performanssi katuvilin\u00e4ss\u00e4, vallattuja mainostauluja ja mainosparodioita. Se on k\u00e4site, joka yhdist\u00e4\u00e4 yhteiskunnallista kommentaaria ja luovaa vastarintaa. T\u00e4ss\u00e4 blogissa Voiman Jari Tamminen hahmottaa maailmaa kulttuurih\u00e4irinn\u00e4n n\u00e4k\u00f6kulmasta. Lis\u00e4\u00e4 Tammisen huomioita kulttuurih\u00e4irinn\u00e4st\u00e4 voi lukea Voimasta, H\u00e4irik\u00f6t \u2013 Kulttuurih\u00e4irinn\u00e4n aakkoset -kirjasta ja p\u00e4ivitt\u00e4in osoitteesta www.facebook.com\/hairikot.\",\"sameAs\":[\"http:\/\/www.facebook.com\/hairikot\"],\"url\":\"https:\/\/voima.fi\/hairikot\/artikkeli\/author\/hairikko\/\"}]}<\/script>\n<!-- \/ Yoast SEO plugin. -->","yoast_head_json":{"title":"Rusta-yliopiston arvot - H\u00e4irik\u00f6t-p\u00e4\u00e4maja","robots":{"index":"index","follow":"follow","max-snippet":"max-snippet:-1","max-image-preview":"max-image-preview:large","max-video-preview":"max-video-preview:-1"},"canonical":"https:\/\/voima.fi\/hairikot\/artikkeli\/rusta-yliopiston-arvot\/","og_locale":"fi_FI","og_type":"article","og_title":"Rusta-yliopiston arvot - H\u00e4irik\u00f6t-p\u00e4\u00e4maja","og_description":"Monet ovat h\u00e4mm\u00e4stelleet Helsingin yliopiston p\u00e4\u00e4t\u00f6st\u00e4 vaihtaa tiloissaan vuokralaisena ollut, maan suurimmalla valikoimalla varustettu kirjakauppa kr\u00e4\u00e4s\u00e4kaupaksi. Kirjakauppa Sivullisen tilalle muuttava Rusta tuo maailmaan l\u00e4hinn\u00e4 rompetta, joka on roskaa jo tehtaalta l\u00e4htiess\u00e4\u00e4n. Yliopisto kuvaili t\u00e4t\u00e4 uutta vuokralaista etuk\u00e4teen \u201dkansainv\u00e4liseksi toimijaksi\u201d. Kansainv\u00e4lisyys on tunnetusti t\u00e4rke\u00e4 arvo yliopistolle, mutta ehk\u00e4 t\u00e4m\u00e4 ei ole sit\u00e4, kuinka tuo arvo on [&hellip;]","og_url":"https:\/\/voima.fi\/hairikot\/artikkeli\/rusta-yliopiston-arvot\/","og_site_name":"H\u00e4irik\u00f6t-p\u00e4\u00e4maja","article_published_time":"2025-08-15T11:40:46+00:00","article_modified_time":"2025-08-27T16:28:00+00:00","og_image":[{"width":1920,"height":1000,"url":"https:\/\/voima.fi\/hairikot\/wp-content\/uploads\/sites\/9\/2025\/08\/roska-logo.png","type":"image\/png"}],"author":"Jari Tamminen","twitter_card":"summary_large_image","twitter_misc":{"Kirjoittanut":"Jari Tamminen","Arvioitu lukuaika":"10 minuuttia"},"schema":{"@context":"https:\/\/schema.org","@graph":[{"@type":"WebPage","@id":"https:\/\/voima.fi\/hairikot\/artikkeli\/rusta-yliopiston-arvot\/","url":"https:\/\/voima.fi\/hairikot\/artikkeli\/rusta-yliopiston-arvot\/","name":"Rusta-yliopiston arvot - H\u00e4irik\u00f6t-p\u00e4\u00e4maja","isPartOf":{"@id":"https:\/\/voima.fi\/hairikot\/#website"},"primaryImageOfPage":{"@id":"https:\/\/voima.fi\/hairikot\/artikkeli\/rusta-yliopiston-arvot\/#primaryimage"},"image":{"@id":"https:\/\/voima.fi\/hairikot\/artikkeli\/rusta-yliopiston-arvot\/#primaryimage"},"thumbnailUrl":"https:\/\/voima.fi\/hairikot\/wp-content\/uploads\/sites\/9\/2025\/08\/roska-logo.png","datePublished":"2025-08-15T11:40:46+00:00","dateModified":"2025-08-27T16:28:00+00:00","author":{"@id":"https:\/\/voima.fi\/hairikot\/#\/schema\/person\/523ff68c19f1381d78529f38bb76e7fe"},"breadcrumb":{"@id":"https:\/\/voima.fi\/hairikot\/artikkeli\/rusta-yliopiston-arvot\/#breadcrumb"},"inLanguage":"fi","potentialAction":[{"@type":"ReadAction","target":["https:\/\/voima.fi\/hairikot\/artikkeli\/rusta-yliopiston-arvot\/"]}]},{"@type":"ImageObject","inLanguage":"fi","@id":"https:\/\/voima.fi\/hairikot\/artikkeli\/rusta-yliopiston-arvot\/#primaryimage","url":"https:\/\/voima.fi\/hairikot\/wp-content\/uploads\/sites\/9\/2025\/08\/roska-logo.png","contentUrl":"https:\/\/voima.fi\/hairikot\/wp-content\/uploads\/sites\/9\/2025\/08\/roska-logo.png","width":1920,"height":1000},{"@type":"BreadcrumbList","@id":"https:\/\/voima.fi\/hairikot\/artikkeli\/rusta-yliopiston-arvot\/#breadcrumb","itemListElement":[{"@type":"ListItem","position":1,"name":"Home","item":"https:\/\/voima.fi\/hairikot\/"},{"@type":"ListItem","position":2,"name":"Rusta-yliopiston arvot"}]},{"@type":"WebSite","@id":"https:\/\/voima.fi\/hairikot\/#website","url":"https:\/\/voima.fi\/hairikot\/","name":"H\u00e4irik\u00f6t-p\u00e4\u00e4maja","description":"","potentialAction":[{"@type":"SearchAction","target":{"@type":"EntryPoint","urlTemplate":"https:\/\/voima.fi\/hairikot\/?s={search_term_string}"},"query-input":"required name=search_term_string"}],"inLanguage":"fi"},{"@type":"Person","@id":"https:\/\/voima.fi\/hairikot\/#\/schema\/person\/523ff68c19f1381d78529f38bb76e7fe","name":"Jari Tamminen","image":{"@type":"ImageObject","inLanguage":"fi","@id":"https:\/\/voima.fi\/hairikot\/#\/schema\/person\/image\/","url":"https:\/\/secure.gravatar.com\/avatar\/e5c0bb16f2efc1924afe37fc190f8ce1?s=96&d=blank&r=g","contentUrl":"https:\/\/secure.gravatar.com\/avatar\/e5c0bb16f2efc1924afe37fc190f8ce1?s=96&d=blank&r=g","caption":"Jari Tamminen"},"description":"Kulttuurih\u00e4irint\u00e4 on taiteen ja aktivismin j\u00e4nnitt\u00e4v\u00e4\u00e4 lomittumista: odottamaton performanssi katuvilin\u00e4ss\u00e4, vallattuja mainostauluja ja mainosparodioita. Se on k\u00e4site, joka yhdist\u00e4\u00e4 yhteiskunnallista kommentaaria ja luovaa vastarintaa. T\u00e4ss\u00e4 blogissa Voiman Jari Tamminen hahmottaa maailmaa kulttuurih\u00e4irinn\u00e4n n\u00e4k\u00f6kulmasta. Lis\u00e4\u00e4 Tammisen huomioita kulttuurih\u00e4irinn\u00e4st\u00e4 voi lukea Voimasta, H\u00e4irik\u00f6t \u2013 Kulttuurih\u00e4irinn\u00e4n aakkoset -kirjasta ja p\u00e4ivitt\u00e4in osoitteesta www.facebook.com\/hairikot.","sameAs":["http:\/\/www.facebook.com\/hairikot"],"url":"https:\/\/voima.fi\/hairikot\/artikkeli\/author\/hairikko\/"}]}},"enclosure":{"image":"https:\/\/voima.fi\/hairikot\/wp-content\/uploads\/sites\/9\/2025\/08\/roska-logo.png"},"meta:avatar":"","geolocation":[],"meta:youtube":null,"meta:vimeo":null,"meta:duration":null,"_links":{"self":[{"href":"https:\/\/voima.fi\/hairikot\/wp-json\/wp\/v2\/posts\/20716"}],"collection":[{"href":"https:\/\/voima.fi\/hairikot\/wp-json\/wp\/v2\/posts"}],"about":[{"href":"https:\/\/voima.fi\/hairikot\/wp-json\/wp\/v2\/types\/post"}],"author":[{"embeddable":true,"href":"https:\/\/voima.fi\/hairikot\/wp-json\/wp\/v2\/users\/122"}],"replies":[{"embeddable":true,"href":"https:\/\/voima.fi\/hairikot\/wp-json\/wp\/v2\/comments?post=20716"}],"version-history":[{"count":5,"href":"https:\/\/voima.fi\/hairikot\/wp-json\/wp\/v2\/posts\/20716\/revisions"}],"predecessor-version":[{"id":20729,"href":"https:\/\/voima.fi\/hairikot\/wp-json\/wp\/v2\/posts\/20716\/revisions\/20729"}],"wp:featuredmedia":[{"embeddable":true,"href":"https:\/\/voima.fi\/hairikot\/wp-json\/wp\/v2\/media\/20718"}],"wp:attachment":[{"href":"https:\/\/voima.fi\/hairikot\/wp-json\/wp\/v2\/media?parent=20716"}],"wp:term":[{"taxonomy":"category","embeddable":true,"href":"https:\/\/voima.fi\/hairikot\/wp-json\/wp\/v2\/categories?post=20716"},{"taxonomy":"post_tag","embeddable":true,"href":"https:\/\/voima.fi\/hairikot\/wp-json\/wp\/v2\/tags?post=20716"}],"curies":[{"name":"wp","href":"https:\/\/api.w.org\/{rel}","templated":true}]}}