{"id":20050,"date":"2023-03-23T21:30:10","date_gmt":"2023-03-23T19:30:10","guid":{"rendered":"https:\/\/voima.fi\/hairikot\/?p=20050"},"modified":"2023-03-24T09:49:09","modified_gmt":"2023-03-24T07:49:09","slug":"kuka-lupaa-kylminta-kyytia-ensi-hallituskaudelle","status":"publish","type":"post","link":"https:\/\/voima.fi\/hairikot\/artikkeli\/kuka-lupaa-kylminta-kyytia-ensi-hallituskaudelle\/","title":{"rendered":"Kuka lupaa kylmint\u00e4 kyyti\u00e4 ensi hallituskaudelle?"},"content":{"rendered":"<p><b>Vaalien alla<\/b> riitt\u00e4\u00e4 aina keskustelua siit\u00e4, mit\u00e4 mik\u00e4kin puolue oikeasti haluaa ja millaista politiikkaa erilaiset hallituskokoonpanot saattaisivat ajaa. Yksi mittatikku tulevan arvioimiselle ovat aikaisemmat teot.<\/p>\n<p><b>Juha Sipil\u00e4n<\/b> vuosina 2015 &#8211; 2019 johtama ensimm\u00e4inen perusporvarihallitus rakentui juuri keskustan, kokoomuksen ja Perussuomalaisten (my\u00f6hemmin Sinisen tulevaisuuden) varaan. Sipil\u00e4n p\u00e4\u00e4ministerikautta leimasivat pyrkimys leikata vaikka v\u00e4kisten ja kiky-sekoilu.\u00a0Vuoden 2023 eduskuntavaalien alla monia on j\u00e4nnitt\u00e4nyt puheet porvarihallituksen paluusta ja se, mitk\u00e4 olisivat entist\u00e4 m\u00e4\u00e4r\u00e4tietoisemman leikkauspolitiikan seuraukset. Joukko taiteilijoita, aktivisteja ja muita aiheesta kiinnostuneita kansalaisia teki parodian perusporvarihallituksen vaalimainoksesta. Ajatuksena oli sanoa \u00e4\u00e4neen se, mit\u00e4 rivien v\u00e4liss\u00e4 luvataan.<span class=\"Apple-converted-space\">\u00a0<\/span><\/p>\n<div class=\"su-youtube su-u-responsive-media-yes\"><iframe width=\"600\" height=\"400\" src=\"https:\/\/www.youtube.com\/embed\/Msk6t__QYjE?\" frameborder=\"0\" allowfullscreen allow=\"autoplay; encrypted-media; picture-in-picture\" title=\"\"><\/iframe><\/div>\n<p><em>&#8221;Hei duunari.\u00a0Suomi on kriisiss\u00e4 ja se on sun syy. S\u00e4 teet liian v\u00e4h\u00e4n duunia ja saat liikaa liksaa. Ja vaikka mit\u00e4 tukia! S\u00e4 tuut meille todella kalliiksi.&#8221;<\/em><\/p>\n<h2>Leikkaa, leikkaa, komeamman kruunun saat<\/h2>\n<p>Helsingin yliopiston politiikan tutkija <b>Antti Ronkainen<\/b> kommentoi videolla esitettyj\u00e4 huomioita.<\/p>\n<p>\u201dJos Suomeen tulisi vaalien j\u00e4lkeen kokoomuksen ja perussuomalaisten varaan rakentuva perusporvarihallitus, tarkoittaisi se talouspoliittista suunnanmuutosta suhteessa <b>Antti Rinteen<\/b> ja <b>Sanna Marinin<\/b> hallituksiin. Vaalikeskustelua on leimannut valtionvarainministeri\u00f6n arvio siit\u00e4, ett\u00e4 ensi hallituskauden sopeutustarve olisi kuusi miljardia euroa ja sit\u00e4 seuraavalla kaudella kolme miljardia. Konkreettiset puheet ovat kuitenkin olleet ep\u00e4m\u00e4\u00e4r\u00e4isempi\u00e4, joten yll\u00e4tyksi\u00e4 voi viel\u00e4 tulla.\u201d<span class=\"Apple-converted-space\">\u00a0<\/span><\/p>\n<p>Konkretian v\u00e4h\u00e4isyydest\u00e4 kertoo esimerkiksi Perussuomalaisten talouspoliittinen linjaus, ett\u00e4 kaikilta valtion hallinnonaloilta pit\u00e4isi h\u00f6yl\u00e4t\u00e4 2-4 prosenttia vuosittain. Puolue <a href=\"https:\/\/sorsafoundation.fi\/perussuomalainen-talouspolitiikka\/\" class=\"external\" rel=\"nofollow\">ei erittele tarkemmin<\/a> sit\u00e4, mihin leikkaukset kohdistuisivat, mutta hallituskauden loppuun menness\u00e4 n\u00e4ist\u00e4 leikkauksista kumuloituisi jopa kymmenen miljardin euron pudotus valtion vuosittaisissa menoissa. T\u00e4n\u00e4 vuonna valtion budjetti on noin 80 miljardia euroa.<\/p>\n<p>Kokoomus ei ole uskaltanut luvata yht\u00e4 hurjia leikkauksia, mutta kyll\u00e4 siell\u00e4kin leikkuria on hamuiltu jo hyv\u00e4n aikaa.<\/p>\n<p>\u201dPerusporvarihallitus oletettavasti sitoutuisi valtionvarainministeri\u00f6n m\u00e4\u00e4ritt\u00e4m\u00e4\u00e4n talouskuriin ja pyrkisi nykyisten puheiden perusteella tasapainottamaan budjettia ja hillitsem\u00e4\u00e4n velkaantumista leikkausvetoisesti. Lis\u00e4ksi yleissitovuutta pyritt\u00e4isiin todenn\u00e4k\u00f6isesti heikent\u00e4m\u00e4\u00e4n ja paikallista sopimista lis\u00e4\u00e4m\u00e4\u00e4n. EU-politiikan suhteen hallitus sanoisi todenn\u00e4k\u00f6isesti ei EU:n integraation syvent\u00e4miselle lukuunottamatta Ukrainan taloudellista ja sotilaallista auttamista. Maahanmuuttopolitiikka oletettavasti kovenisi samaan aikaan kun ilmastopolitiikka l\u00f6ysenisi\u201d, Ronkainen jatkaa arviotansa perusporvarihallituksen linjasta.<\/p>\n<p>Ronkainen my\u00f6s muistuttaa, ett\u00e4 vaikka perusporvarihallituksella on jaettua rajapintaa talouskysymyksiss\u00e4, niin EU-kysymysten ja maahanmuuttolinjausten ohella esimerkiksi kulttuuripolitiikkaan liittyy ristiriitoja. Samoin ristiriitoja l\u00f6ytyy erimielisyyksi\u00e4 siit\u00e4 hieman h\u00e4hm\u00e4isest\u00e4 arvokysymysten hetteik\u00f6st\u00e4, jota kutsutaan kulttuurisodaksi ja identiteettipolitiikaksi.<\/p>\n<h2><b>Vakaville asioille saa nauraa<\/b><\/h2>\n<p><strong>Maria Hukkam\u00e4ki<\/strong>\u00a0k\u00e4sikirjoitti yhdess\u00e4 <strong>Teemu Sepp\u00e4sen<\/strong> kanssa\u00a0<em>Perusporvarihallitus<\/em>-videon ja esiintyy sill\u00e4. H\u00e4nen mielest\u00e4 parodia ja huumori voivat tehd\u00e4 n\u00e4kyv\u00e4ksi sen, mik\u00e4 v\u00e4lill\u00e4 j\u00e4\u00e4 piiloon.<\/p>\n<p>\u201dPoliitikkojen pit\u00e4isi ottaa aiheensa tosissaan, koska politiikalla on todellisia seurauksia. Taiteen ja hassuttelun teht\u00e4v\u00e4n\u00e4 sen sijaan on n\u00e4ytt\u00e4\u00e4, milt\u00e4 politiikka t\u00e4st\u00e4 vinkkelist\u00e4 n\u00e4ytt\u00e4\u00e4.\u201d<\/p>\n<p>Vaalien alla Hukkam\u00e4en mukaan on t\u00e4rke\u00e4\u00e4 puhua siit\u00e4, mink\u00e4laisen yhteiskunnan me haluamme.<\/p>\n<p>\u201dArvot kiinnostavat. Aiheena kiinnostaa se, ett\u00e4 mit\u00e4 poliitikot sanovat rivien v\u00e4list\u00e4 ja mit\u00e4 ei sanota \u00e4\u00e4neen. Voidaanko sanoa, ett\u00e4 leikataan aivan vitusti, ja sitten j\u00e4tt\u00e4\u00e4 sanomatta, ett\u00e4 mist\u00e4? My\u00f6s kiinnostaa se, ett\u00e4 mink\u00e4laista politiikkaa erilaiset koalitiot tuottavat. Suomessa on pystytty monenlaisiin hallituskoalitioihin, mutta niill\u00e4 saadaan aikaan tosi erin\u00e4k\u00f6isi\u00e4 yhteiskunnallisia ratkaisuja. Jos kokoomus alkaa hamuilla kohti konservativiisempaa suuntaa ja persuja, niin varmaan toteutuva politiikka n\u00e4ytt\u00e4\u00e4 sen mukaiselta. Ja mit\u00e4 persut edes haluaa?\u201d<\/p>\n<p>Hukkam\u00e4ki toivoo, ett\u00e4 h\u00e4nen kaveriensa kanssa tekem\u00e4 video kannustaa kyseenalaistamaan poliitikkojen puheet ja lupaukset, ja tarkastelemaan niit\u00e4 kriittisesti. H\u00e4n my\u00f6s haluaa videon avulla kannustaa ihmisi\u00e4 \u00e4\u00e4nest\u00e4m\u00e4\u00e4n.<\/p>\n<h2><b>Velkapaniikki onkin turhaa?<\/b><\/h2>\n<p>Vuonna 2023 vaalien alus t\u00e4yttyi taas keskustelulla valtion velasta. Valtionvarainministeri\u00f6 listasi mieluisat leikkauslistat ja leikattavaahan todellakin l\u00f6ytyi. Vaikka ministeri\u00f6 ei mahdollisia leikkauskohteita listatessaan tarkoittanut, ett\u00e4 kaikkea listalle keksitty\u00e4 pit\u00e4isi leikata, innostuivat monet poliitikot kilvoittelemaan sill\u00e4, kenell\u00e4 on pokkaa antaa villimpi\u00e4 leikkauslupauksia.<span class=\"Apple-converted-space\">\u00a0<\/span><\/p>\n<p>On totta, ett\u00e4 Suomen valtio ja monet julkiset toimijat ovat velkaa. Velkaa on otettu monilta suunnilta, mutta <a href=\"https:\/\/www.ku.fi\/artikkeli\/4774066-noin-puolet-suomen-valtionvelasta-on-suomen-pankille-onko-suomi-velkaantunut-itselleen-ja-nelja-muuta-kysymysta-aiheesta\" class=\"external\" rel=\"nofollow\">noin puolet valtionvelasta on velkaa itselle<\/a>, eli Suomen pankille. Suomen julkinen velka on reilu 140 miljardia euroa ja t\u00e4m\u00e4 pit\u00e4\u00e4 sis\u00e4ll\u00e4\u00e4n valtion velan lis\u00e4ksi muun muassa kuntien velan. 140 miljardia on toki julmetun paljon rahaa, mutta ei Suomi ole mitenk\u00e4\u00e4n poikkeuksellisen velkaantunut valtio. Eurom\u00e4\u00e4rien rinnalla on my\u00f6s hyv\u00e4 suhteuttaa tuo velan m\u00e4\u00e4r\u00e4 julkisen talouden kokoon \u2013 samalla, kun velan m\u00e4\u00e4r\u00e4 on kasvanut, on my\u00f6s talous kasvanut suuremmaksi.<\/p>\n<p>Vuonna 2022 julkisen talouden alij\u00e4\u00e4m\u00e4 kutistui 0,8 prosenttiin, joka on pienin alij\u00e4\u00e4m\u00e4 pitk\u00e4\u00e4n aikaan. Istuvan hallituksen syytt\u00e4minen velanotosta on siis hieman ongelmallista numeroiden valossa. Selv\u00e4\u00e4 on my\u00f6s se, ett\u00e4 mik\u00e4 tahansa hallituskokoonpano olisi velkaa ottanut koronapandemian ja Ven\u00e4j\u00e4n hy\u00f6kk\u00e4yssodan tuottaman taloudellisen myllerryksen keskell\u00e4.<\/p>\n<p><i>Helsingin Sanomien<\/i> <a href=\"https:\/\/www.hs.fi\/visio\/art-2000009463824.html\" class=\"external\" rel=\"nofollow\">haastettelussa<\/a> pitk\u00e4n linjan oikeistolainen talousvaikuttaja, muun muassa Eloinkeinoel\u00e4m\u00e4n tutkimuslaistos Etlaa johtanut ja valtionvarainministerion kansantalousosaston p\u00e4\u00e4llikk\u00f6n\u00e4 toiminut <b>Sixten Korkman<\/b> toteaa, ett\u00e4 h\u00e4nen n\u00e4hd\u00e4kseen velkapuheissa on \u201dtarpeetonta paniikin lietsontaa\u201d. Toki h\u00e4n pit\u00e4\u00e4 j\u00e4rkev\u00e4n\u00e4 ja tarpeellisena mietti\u00e4 sit\u00e4, miten velkaantuminen pitk\u00e4ll\u00e4 aikav\u00e4lill\u00e4 v\u00e4henisi. Korkman my\u00f6s muistuttaa, ett\u00e4 taantuman edess\u00e4 ei ole j\u00e4rkev\u00e4\u00e4 leikata, koska se aina v\u00e4ist\u00e4m\u00e4tt\u00e4 jarruttaa taloudellista toimeliaisuutta ja kasvua.\u00a0Samassa artikkelissa toinen talousvaikuttaja, my\u00f6skin Etlan entinen johtaja <strong>Vesa Vihri\u00e4l\u00e4<\/strong> komppaa ja toteaa, ett\u00e4 \u201dei ole aihetta paniikinomaiseen velkahuoleen, talo ei ole juuri kaatumassa p\u00e4\u00e4lle\u201d.<\/p>\n<p>Eli velkapaniikkip\u00e4iss\u00e4\u00e4nk\u00e4\u00e4n ei kannata unohtaa hyvinvointivaltiota ja keskitty\u00e4 omaa ehdokasta miettiess\u00e4 siihen, millaista Suomea ja maailmaa h\u00e4n voisi olla rakentamassa.<\/p>\n","protected":false},"excerpt":{"rendered":"<p>Vaalien alla riitt\u00e4\u00e4 aina keskustelua siit\u00e4, mit\u00e4 mik\u00e4kin puolue oikeasti haluaa ja millaista politiikkaa erilaiset hallituskokoonpanot saattaisivat ajaa. Yksi mittatikku tulevan arvioimiselle ovat aikaisemmat teot. Juha Sipil\u00e4n vuosina 2015 &#8211; 2019 johtama ensimm\u00e4inen perusporvarihallitus rakentui juuri keskustan, kokoomuksen ja Perussuomalaisten (my\u00f6hemmin Sinisen tulevaisuuden) varaan. Sipil\u00e4n p\u00e4\u00e4ministerikautta leimasivat pyrkimys leikata vaikka v\u00e4kisten ja kiky-sekoilu.\u00a0Vuoden 2023 eduskuntavaalien [&hellip;]<\/p>\n","protected":false},"author":122,"featured_media":20051,"comment_status":"closed","ping_status":"closed","sticky":false,"template":"","format":"standard","meta":{"footnotes":""},"categories":[4],"tags":[1131,1185,1260,3173,1905,2703,2775],"yoast_head":"<!-- This site is optimized with the Yoast SEO plugin v22.7 - https:\/\/yoast.com\/wordpress\/plugins\/seo\/ -->\n<title>Kuka lupaa kylmint\u00e4 kyyti\u00e4 ensi hallituskaudelle? - H\u00e4irik\u00f6t-p\u00e4\u00e4maja<\/title>\n<meta name=\"robots\" content=\"index, follow, max-snippet:-1, max-image-preview:large, max-video-preview:-1\" \/>\n<link rel=\"canonical\" href=\"https:\/\/voima.fi\/hairikot\/artikkeli\/kuka-lupaa-kylminta-kyytia-ensi-hallituskaudelle\/\" \/>\n<meta property=\"og:locale\" content=\"fi_FI\" \/>\n<meta property=\"og:type\" content=\"article\" \/>\n<meta property=\"og:title\" content=\"Kuka lupaa kylmint\u00e4 kyyti\u00e4 ensi hallituskaudelle? - H\u00e4irik\u00f6t-p\u00e4\u00e4maja\" \/>\n<meta property=\"og:description\" content=\"Vaalien alla riitt\u00e4\u00e4 aina keskustelua siit\u00e4, mit\u00e4 mik\u00e4kin puolue oikeasti haluaa ja millaista politiikkaa erilaiset hallituskokoonpanot saattaisivat ajaa. Yksi mittatikku tulevan arvioimiselle ovat aikaisemmat teot. Juha Sipil\u00e4n vuosina 2015 &#8211; 2019 johtama ensimm\u00e4inen perusporvarihallitus rakentui juuri keskustan, kokoomuksen ja Perussuomalaisten (my\u00f6hemmin Sinisen tulevaisuuden) varaan. Sipil\u00e4n p\u00e4\u00e4ministerikautta leimasivat pyrkimys leikata vaikka v\u00e4kisten ja kiky-sekoilu.\u00a0Vuoden 2023 eduskuntavaalien [&hellip;]\" \/>\n<meta property=\"og:url\" content=\"https:\/\/voima.fi\/hairikot\/artikkeli\/kuka-lupaa-kylminta-kyytia-ensi-hallituskaudelle\/\" \/>\n<meta property=\"og:site_name\" content=\"H\u00e4irik\u00f6t-p\u00e4\u00e4maja\" \/>\n<meta property=\"article:published_time\" content=\"2023-03-23T19:30:10+00:00\" \/>\n<meta property=\"article:modified_time\" content=\"2023-03-24T07:49:09+00:00\" \/>\n<meta property=\"og:image\" content=\"https:\/\/voima.fi\/hairikot\/wp-content\/uploads\/sites\/9\/2023\/03\/nayttokuva-2023-3-23-kello-210325.png\" \/>\n\t<meta property=\"og:image:width\" content=\"1440\" \/>\n\t<meta property=\"og:image:height\" content=\"788\" \/>\n\t<meta property=\"og:image:type\" content=\"image\/png\" \/>\n<meta name=\"author\" content=\"Jari Tamminen\" \/>\n<meta name=\"twitter:card\" content=\"summary_large_image\" \/>\n<meta name=\"twitter:label1\" content=\"Kirjoittanut\" \/>\n\t<meta name=\"twitter:data1\" content=\"Jari Tamminen\" \/>\n\t<meta name=\"twitter:label2\" content=\"Arvioitu lukuaika\" \/>\n\t<meta name=\"twitter:data2\" content=\"5 minuuttia\" \/>\n<script type=\"application\/ld+json\" class=\"yoast-schema-graph\">{\"@context\":\"https:\/\/schema.org\",\"@graph\":[{\"@type\":\"WebPage\",\"@id\":\"https:\/\/voima.fi\/hairikot\/artikkeli\/kuka-lupaa-kylminta-kyytia-ensi-hallituskaudelle\/\",\"url\":\"https:\/\/voima.fi\/hairikot\/artikkeli\/kuka-lupaa-kylminta-kyytia-ensi-hallituskaudelle\/\",\"name\":\"Kuka lupaa kylmint\u00e4 kyyti\u00e4 ensi hallituskaudelle? - H\u00e4irik\u00f6t-p\u00e4\u00e4maja\",\"isPartOf\":{\"@id\":\"https:\/\/voima.fi\/hairikot\/#website\"},\"primaryImageOfPage\":{\"@id\":\"https:\/\/voima.fi\/hairikot\/artikkeli\/kuka-lupaa-kylminta-kyytia-ensi-hallituskaudelle\/#primaryimage\"},\"image\":{\"@id\":\"https:\/\/voima.fi\/hairikot\/artikkeli\/kuka-lupaa-kylminta-kyytia-ensi-hallituskaudelle\/#primaryimage\"},\"thumbnailUrl\":\"https:\/\/voima.fi\/hairikot\/wp-content\/uploads\/sites\/9\/2023\/03\/nayttokuva-2023-3-23-kello-210325.png\",\"datePublished\":\"2023-03-23T19:30:10+00:00\",\"dateModified\":\"2023-03-24T07:49:09+00:00\",\"author\":{\"@id\":\"https:\/\/voima.fi\/hairikot\/#\/schema\/person\/523ff68c19f1381d78529f38bb76e7fe\"},\"breadcrumb\":{\"@id\":\"https:\/\/voima.fi\/hairikot\/artikkeli\/kuka-lupaa-kylminta-kyytia-ensi-hallituskaudelle\/#breadcrumb\"},\"inLanguage\":\"fi\",\"potentialAction\":[{\"@type\":\"ReadAction\",\"target\":[\"https:\/\/voima.fi\/hairikot\/artikkeli\/kuka-lupaa-kylminta-kyytia-ensi-hallituskaudelle\/\"]}]},{\"@type\":\"ImageObject\",\"inLanguage\":\"fi\",\"@id\":\"https:\/\/voima.fi\/hairikot\/artikkeli\/kuka-lupaa-kylminta-kyytia-ensi-hallituskaudelle\/#primaryimage\",\"url\":\"https:\/\/voima.fi\/hairikot\/wp-content\/uploads\/sites\/9\/2023\/03\/nayttokuva-2023-3-23-kello-210325.png\",\"contentUrl\":\"https:\/\/voima.fi\/hairikot\/wp-content\/uploads\/sites\/9\/2023\/03\/nayttokuva-2023-3-23-kello-210325.png\",\"width\":1440,\"height\":788},{\"@type\":\"BreadcrumbList\",\"@id\":\"https:\/\/voima.fi\/hairikot\/artikkeli\/kuka-lupaa-kylminta-kyytia-ensi-hallituskaudelle\/#breadcrumb\",\"itemListElement\":[{\"@type\":\"ListItem\",\"position\":1,\"name\":\"Home\",\"item\":\"https:\/\/voima.fi\/hairikot\/\"},{\"@type\":\"ListItem\",\"position\":2,\"name\":\"Kuka lupaa kylmint\u00e4 kyyti\u00e4 ensi hallituskaudelle?\"}]},{\"@type\":\"WebSite\",\"@id\":\"https:\/\/voima.fi\/hairikot\/#website\",\"url\":\"https:\/\/voima.fi\/hairikot\/\",\"name\":\"H\u00e4irik\u00f6t-p\u00e4\u00e4maja\",\"description\":\"\",\"potentialAction\":[{\"@type\":\"SearchAction\",\"target\":{\"@type\":\"EntryPoint\",\"urlTemplate\":\"https:\/\/voima.fi\/hairikot\/?s={search_term_string}\"},\"query-input\":\"required name=search_term_string\"}],\"inLanguage\":\"fi\"},{\"@type\":\"Person\",\"@id\":\"https:\/\/voima.fi\/hairikot\/#\/schema\/person\/523ff68c19f1381d78529f38bb76e7fe\",\"name\":\"Jari Tamminen\",\"image\":{\"@type\":\"ImageObject\",\"inLanguage\":\"fi\",\"@id\":\"https:\/\/voima.fi\/hairikot\/#\/schema\/person\/image\/\",\"url\":\"https:\/\/secure.gravatar.com\/avatar\/e5c0bb16f2efc1924afe37fc190f8ce1?s=96&d=blank&r=g\",\"contentUrl\":\"https:\/\/secure.gravatar.com\/avatar\/e5c0bb16f2efc1924afe37fc190f8ce1?s=96&d=blank&r=g\",\"caption\":\"Jari Tamminen\"},\"description\":\"Kulttuurih\u00e4irint\u00e4 on taiteen ja aktivismin j\u00e4nnitt\u00e4v\u00e4\u00e4 lomittumista: odottamaton performanssi katuvilin\u00e4ss\u00e4, vallattuja mainostauluja ja mainosparodioita. Se on k\u00e4site, joka yhdist\u00e4\u00e4 yhteiskunnallista kommentaaria ja luovaa vastarintaa. T\u00e4ss\u00e4 blogissa Voiman Jari Tamminen hahmottaa maailmaa kulttuurih\u00e4irinn\u00e4n n\u00e4k\u00f6kulmasta. Lis\u00e4\u00e4 Tammisen huomioita kulttuurih\u00e4irinn\u00e4st\u00e4 voi lukea Voimasta, H\u00e4irik\u00f6t \u2013 Kulttuurih\u00e4irinn\u00e4n aakkoset -kirjasta ja p\u00e4ivitt\u00e4in osoitteesta www.facebook.com\/hairikot.\",\"sameAs\":[\"http:\/\/www.facebook.com\/hairikot\"],\"url\":\"https:\/\/voima.fi\/hairikot\/artikkeli\/author\/hairikko\/\"}]}<\/script>\n<!-- \/ Yoast SEO plugin. -->","yoast_head_json":{"title":"Kuka lupaa kylmint\u00e4 kyyti\u00e4 ensi hallituskaudelle? - H\u00e4irik\u00f6t-p\u00e4\u00e4maja","robots":{"index":"index","follow":"follow","max-snippet":"max-snippet:-1","max-image-preview":"max-image-preview:large","max-video-preview":"max-video-preview:-1"},"canonical":"https:\/\/voima.fi\/hairikot\/artikkeli\/kuka-lupaa-kylminta-kyytia-ensi-hallituskaudelle\/","og_locale":"fi_FI","og_type":"article","og_title":"Kuka lupaa kylmint\u00e4 kyyti\u00e4 ensi hallituskaudelle? - H\u00e4irik\u00f6t-p\u00e4\u00e4maja","og_description":"Vaalien alla riitt\u00e4\u00e4 aina keskustelua siit\u00e4, mit\u00e4 mik\u00e4kin puolue oikeasti haluaa ja millaista politiikkaa erilaiset hallituskokoonpanot saattaisivat ajaa. Yksi mittatikku tulevan arvioimiselle ovat aikaisemmat teot. Juha Sipil\u00e4n vuosina 2015 &#8211; 2019 johtama ensimm\u00e4inen perusporvarihallitus rakentui juuri keskustan, kokoomuksen ja Perussuomalaisten (my\u00f6hemmin Sinisen tulevaisuuden) varaan. Sipil\u00e4n p\u00e4\u00e4ministerikautta leimasivat pyrkimys leikata vaikka v\u00e4kisten ja kiky-sekoilu.\u00a0Vuoden 2023 eduskuntavaalien [&hellip;]","og_url":"https:\/\/voima.fi\/hairikot\/artikkeli\/kuka-lupaa-kylminta-kyytia-ensi-hallituskaudelle\/","og_site_name":"H\u00e4irik\u00f6t-p\u00e4\u00e4maja","article_published_time":"2023-03-23T19:30:10+00:00","article_modified_time":"2023-03-24T07:49:09+00:00","og_image":[{"width":1440,"height":788,"url":"https:\/\/voima.fi\/hairikot\/wp-content\/uploads\/sites\/9\/2023\/03\/nayttokuva-2023-3-23-kello-210325.png","type":"image\/png"}],"author":"Jari Tamminen","twitter_card":"summary_large_image","twitter_misc":{"Kirjoittanut":"Jari Tamminen","Arvioitu lukuaika":"5 minuuttia"},"schema":{"@context":"https:\/\/schema.org","@graph":[{"@type":"WebPage","@id":"https:\/\/voima.fi\/hairikot\/artikkeli\/kuka-lupaa-kylminta-kyytia-ensi-hallituskaudelle\/","url":"https:\/\/voima.fi\/hairikot\/artikkeli\/kuka-lupaa-kylminta-kyytia-ensi-hallituskaudelle\/","name":"Kuka lupaa kylmint\u00e4 kyyti\u00e4 ensi hallituskaudelle? - H\u00e4irik\u00f6t-p\u00e4\u00e4maja","isPartOf":{"@id":"https:\/\/voima.fi\/hairikot\/#website"},"primaryImageOfPage":{"@id":"https:\/\/voima.fi\/hairikot\/artikkeli\/kuka-lupaa-kylminta-kyytia-ensi-hallituskaudelle\/#primaryimage"},"image":{"@id":"https:\/\/voima.fi\/hairikot\/artikkeli\/kuka-lupaa-kylminta-kyytia-ensi-hallituskaudelle\/#primaryimage"},"thumbnailUrl":"https:\/\/voima.fi\/hairikot\/wp-content\/uploads\/sites\/9\/2023\/03\/nayttokuva-2023-3-23-kello-210325.png","datePublished":"2023-03-23T19:30:10+00:00","dateModified":"2023-03-24T07:49:09+00:00","author":{"@id":"https:\/\/voima.fi\/hairikot\/#\/schema\/person\/523ff68c19f1381d78529f38bb76e7fe"},"breadcrumb":{"@id":"https:\/\/voima.fi\/hairikot\/artikkeli\/kuka-lupaa-kylminta-kyytia-ensi-hallituskaudelle\/#breadcrumb"},"inLanguage":"fi","potentialAction":[{"@type":"ReadAction","target":["https:\/\/voima.fi\/hairikot\/artikkeli\/kuka-lupaa-kylminta-kyytia-ensi-hallituskaudelle\/"]}]},{"@type":"ImageObject","inLanguage":"fi","@id":"https:\/\/voima.fi\/hairikot\/artikkeli\/kuka-lupaa-kylminta-kyytia-ensi-hallituskaudelle\/#primaryimage","url":"https:\/\/voima.fi\/hairikot\/wp-content\/uploads\/sites\/9\/2023\/03\/nayttokuva-2023-3-23-kello-210325.png","contentUrl":"https:\/\/voima.fi\/hairikot\/wp-content\/uploads\/sites\/9\/2023\/03\/nayttokuva-2023-3-23-kello-210325.png","width":1440,"height":788},{"@type":"BreadcrumbList","@id":"https:\/\/voima.fi\/hairikot\/artikkeli\/kuka-lupaa-kylminta-kyytia-ensi-hallituskaudelle\/#breadcrumb","itemListElement":[{"@type":"ListItem","position":1,"name":"Home","item":"https:\/\/voima.fi\/hairikot\/"},{"@type":"ListItem","position":2,"name":"Kuka lupaa kylmint\u00e4 kyyti\u00e4 ensi hallituskaudelle?"}]},{"@type":"WebSite","@id":"https:\/\/voima.fi\/hairikot\/#website","url":"https:\/\/voima.fi\/hairikot\/","name":"H\u00e4irik\u00f6t-p\u00e4\u00e4maja","description":"","potentialAction":[{"@type":"SearchAction","target":{"@type":"EntryPoint","urlTemplate":"https:\/\/voima.fi\/hairikot\/?s={search_term_string}"},"query-input":"required name=search_term_string"}],"inLanguage":"fi"},{"@type":"Person","@id":"https:\/\/voima.fi\/hairikot\/#\/schema\/person\/523ff68c19f1381d78529f38bb76e7fe","name":"Jari Tamminen","image":{"@type":"ImageObject","inLanguage":"fi","@id":"https:\/\/voima.fi\/hairikot\/#\/schema\/person\/image\/","url":"https:\/\/secure.gravatar.com\/avatar\/e5c0bb16f2efc1924afe37fc190f8ce1?s=96&d=blank&r=g","contentUrl":"https:\/\/secure.gravatar.com\/avatar\/e5c0bb16f2efc1924afe37fc190f8ce1?s=96&d=blank&r=g","caption":"Jari Tamminen"},"description":"Kulttuurih\u00e4irint\u00e4 on taiteen ja aktivismin j\u00e4nnitt\u00e4v\u00e4\u00e4 lomittumista: odottamaton performanssi katuvilin\u00e4ss\u00e4, vallattuja mainostauluja ja mainosparodioita. Se on k\u00e4site, joka yhdist\u00e4\u00e4 yhteiskunnallista kommentaaria ja luovaa vastarintaa. T\u00e4ss\u00e4 blogissa Voiman Jari Tamminen hahmottaa maailmaa kulttuurih\u00e4irinn\u00e4n n\u00e4k\u00f6kulmasta. Lis\u00e4\u00e4 Tammisen huomioita kulttuurih\u00e4irinn\u00e4st\u00e4 voi lukea Voimasta, H\u00e4irik\u00f6t \u2013 Kulttuurih\u00e4irinn\u00e4n aakkoset -kirjasta ja p\u00e4ivitt\u00e4in osoitteesta www.facebook.com\/hairikot.","sameAs":["http:\/\/www.facebook.com\/hairikot"],"url":"https:\/\/voima.fi\/hairikot\/artikkeli\/author\/hairikko\/"}]}},"enclosure":{"image":"https:\/\/voima.fi\/hairikot\/wp-content\/uploads\/sites\/9\/2023\/03\/nayttokuva-2023-3-23-kello-210325.png"},"meta:avatar":"","geolocation":[],"meta:youtube":null,"meta:vimeo":null,"meta:duration":null,"_links":{"self":[{"href":"https:\/\/voima.fi\/hairikot\/wp-json\/wp\/v2\/posts\/20050"}],"collection":[{"href":"https:\/\/voima.fi\/hairikot\/wp-json\/wp\/v2\/posts"}],"about":[{"href":"https:\/\/voima.fi\/hairikot\/wp-json\/wp\/v2\/types\/post"}],"author":[{"embeddable":true,"href":"https:\/\/voima.fi\/hairikot\/wp-json\/wp\/v2\/users\/122"}],"replies":[{"embeddable":true,"href":"https:\/\/voima.fi\/hairikot\/wp-json\/wp\/v2\/comments?post=20050"}],"version-history":[{"count":6,"href":"https:\/\/voima.fi\/hairikot\/wp-json\/wp\/v2\/posts\/20050\/revisions"}],"predecessor-version":[{"id":20057,"href":"https:\/\/voima.fi\/hairikot\/wp-json\/wp\/v2\/posts\/20050\/revisions\/20057"}],"wp:featuredmedia":[{"embeddable":true,"href":"https:\/\/voima.fi\/hairikot\/wp-json\/wp\/v2\/media\/20051"}],"wp:attachment":[{"href":"https:\/\/voima.fi\/hairikot\/wp-json\/wp\/v2\/media?parent=20050"}],"wp:term":[{"taxonomy":"category","embeddable":true,"href":"https:\/\/voima.fi\/hairikot\/wp-json\/wp\/v2\/categories?post=20050"},{"taxonomy":"post_tag","embeddable":true,"href":"https:\/\/voima.fi\/hairikot\/wp-json\/wp\/v2\/tags?post=20050"}],"curies":[{"name":"wp","href":"https:\/\/api.w.org\/{rel}","templated":true}]}}