{"id":20024,"date":"2023-03-09T13:52:12","date_gmt":"2023-03-09T11:52:12","guid":{"rendered":"https:\/\/voima.fi\/hairikot\/?p=20024"},"modified":"2023-03-13T17:27:45","modified_gmt":"2023-03-13T15:27:45","slug":"oy-yliopisto-ab","status":"publish","type":"post","link":"https:\/\/voima.fi\/hairikot\/artikkeli\/oy-yliopisto-ab\/","title":{"rendered":"Oy Yliopisto Ab"},"content":{"rendered":"<p><span style=\"font-weight: 400;\">\u201dYliopistojen teht\u00e4v\u00e4n\u00e4 on edist\u00e4\u00e4 vapaata tutkimusta sek\u00e4 tieteellist\u00e4 ja taiteellista sivistyst\u00e4, antaa tutkimukseen perustuvaa ylint\u00e4 opetusta sek\u00e4 kasvattaa opiskelijoita palvelemaan is\u00e4nmaata ja ihmiskuntaa\u201d, listataan yliopistolaissa. Laissa todetaan edelleen, ett\u00e4 yliopistojen tulee \u201dtoimia vuorovaikutuksessa muun yhteiskunnan kanssa ja edist\u00e4\u00e4 tutkimustulosten ja tieteellisen toiminnan yhteiskunnallista vaikuttavuutta\u201d.<\/span><\/p>\n<p><span style=\"font-weight: 400;\">Viime vuosina monet ovat kantaneet huolta siit\u00e4, tuottavatko yliopistot riitt\u00e4v\u00e4sti liike-el\u00e4m\u00e4\u00e4 hy\u00f6dytt\u00e4vi\u00e4 resursseja. Ajatus on luettavissa my\u00f6s yliopistolaista. Tampereen yliopiston tutkijatohtori <\/span><b>Mikko Poutanen<\/b><span style=\"font-weight: 400;\"> on seurannut keskustelua aiheesta yliopistolaitoksen sis\u00e4lt\u00e4.<\/span><\/p>\n<figure id=\"attachment_20025\" aria-describedby=\"caption-attachment-20025\" style=\"width: 520px\" class=\"wp-caption alignright\"><img decoding=\"async\" class=\" wp-image-20025\" src=\"https:\/\/voima.fi\/hairikot\/wp-content\/uploads\/sites\/9\/2023\/03\/oy-yliopisto-ab-vastis-411x600.jpg\" alt=\"\" width=\"520\" height=\"758\" srcset=\"https:\/\/voima.fi\/hairikot\/wp-content\/uploads\/sites\/9\/2023\/03\/oy-yliopisto-ab-vastis-411x600.jpg 411w, https:\/\/voima.fi\/hairikot\/wp-content\/uploads\/sites\/9\/2023\/03\/oy-yliopisto-ab-vastis-219x320.jpg 219w, https:\/\/voima.fi\/hairikot\/wp-content\/uploads\/sites\/9\/2023\/03\/oy-yliopisto-ab-vastis-200x292.jpg 200w\" sizes=\"(max-width: 520px) 100vw, 520px\" \/><figcaption id=\"caption-attachment-20025\" class=\"wp-caption-text\">Helvetica on <strong>Max Miedingerin<\/strong> ja <strong>Eduard Hoffmannin<\/strong> vuonna 1957 julkaisema kirjaintyyppi, joka tunnettiin aluksi nimell\u00e4 Neue Haas Grotesk. Neutraalina ja h\u00f6ss\u00f6tt\u00e4m\u00e4tt\u00f6m\u00e4n\u00e4 pidety\u00e4 Helveticaa on v\u00e4itetty maailman suosituimmaksi fontiksi ja se l\u00f6ytyy my\u00f6s lukuisten suuryhti\u00f6iden logoista. My\u00f6s oy_yliopisto_ab voisi hyvinkin mahdollisesti sen itselleen logofontiksi valita. Valinta ei olisi erityisen kekseli\u00e4s, mutta ainahan yritysmaailma ei sit\u00e4 ole.<\/figcaption><\/figure>\n<p><span style=\"font-weight: 400;\">\u201dMonet kokevat, ett\u00e4 yliopisto ei en\u00e4\u00e4 voi olla talouden ulkopuolella, ett\u00e4 se on tietotalouteen nivoutunut julkisrahoitteinen toimija, er\u00e4\u00e4nlainen tiedontuotannon tehdas. Ajatus muuttaa yliopiston asemaa suhteessa kapitalistiseen arvontuotantoon ja liitt\u00e4\u00e4 sen osaksi muuta kapitalistista tuotantokoneistoa.\u201d<\/span><\/p>\n<p><span style=\"font-weight: 400;\">Jos yliopiston n\u00e4kee hieman romanttisesti osana historiallista jatkumoa, jossa ihmiskunta pyrkii kohti parempaa ymm\u00e4rryst\u00e4 itsest\u00e4\u00e4n ja ymp\u00e4rist\u00f6st\u00e4\u00e4n, tuntuu taloudellisten mittarien k\u00e4ytt\u00e4minen sen arvioimiseen melko kovakouraiselta. Poutasen mukaan monet kuitenkin haluavat n\u00e4hd\u00e4 yliopistot osana globaalia tietotalouksien kilpailua. Unelma vapaasta tiedon kartuttamisesta on korvautunut ajatuksella akateemisesta kapitalismista.<\/span><\/p>\n<p><span style=\"font-weight: 400;\">\u201dAkateeminen kapitalismi on yhdysvaltalaisessa kontekstissa 1990-luvulla kehitetty termi, joka kuvaa sik\u00e4l\u00e4isten yliopistojen ja TKI-yritysklusterien avioliittoa. Sittemmin sit\u00e4 on muovattu my\u00f6s eurooppalaiseen kontekstiin sopivaksi.\u201d<\/span><\/p>\n<p><span style=\"font-weight: 400;\">Termill\u00e4 TKI viitataan tutkimus-, tuotekehitys- ja innovaatiotoimintaan.<\/span><\/p>\n<h2>H\u00e4nt\u00e4 heiluttaa koiraa<\/h2>\n<p><span style=\"font-weight: 400;\">Kuten kaikissa keskusteluissa, my\u00f6s yliopistojen asemaan ja teht\u00e4viin liittyv\u00e4t n\u00e4kemykset ovat moninaisia, suorastaan ristiriitaisia. Jako n\u00e4kyy kuitenkin voimakkaimmin humanististen ja teknisten oppiaineiden v\u00e4lill\u00e4. Tampereen yliopistolla t\u00e4m\u00e4 n\u00e4kyi selv\u00e4sti vuonna 2019 vanhan Tampereen yliopiston ja Tampereen teknillisen yliopiston yhdistyess\u00e4.<\/span><\/p>\n<p><span style=\"font-weight: 400;\">\u201dYliopiston uudistuksessa Tampereen teknillisess\u00e4 yliopistossa pel\u00e4ttiin, ett\u00e4 se menett\u00e4\u00e4 uskottavuutensa yritysyhteisty\u00f6kumppanina. Ep\u00e4kaupalliseksi ymm\u00e4rretty vanha Tampereen yliopisto n\u00e4htiin uhkana teknisten alojen uskottavuudelle. Sik\u00e4li t\u00e4m\u00e4 on ehk\u00e4 ymm\u00e4rrett\u00e4v\u00e4\u00e4, jos ajateltiin, ett\u00e4 kriittiset yhteiskuntatieteilij\u00e4t problematisoivat t\u00e4t\u00e4 arvokkaaksi koettua suhdetta\u201d, Poutanen toteaa.<\/span><\/p>\n<p><span style=\"font-weight: 400;\">Poutasen mukaan joillain aloilla yritysyhteisty\u00f6 n\u00e4hd\u00e4\u00e4n taloudellisen arvon luomisen ohella my\u00f6s identiteettikysymyksen\u00e4. Sen kautta voidaan osoittaa oma v\u00e4lineellinen arvo muulle yhteiskunnalle.<\/span><\/p>\n<h2>Fantastinen yliopistouudistus<\/h2>\n<p><span style=\"font-weight: 400;\">Vuonna 2009 astui voimaan uusi yliopistolaki, jota kokoomuksen puheenjohtaja <\/span><b>Jyrki Katainen<\/b><span style=\"font-weight: 400;\"> kuvaili fantastiseksi. Uusi laki irrotti yliopistot valtion hallinnosta, vastuutti ne omasta taloudestaan, ja n\u00e4in lis\u00e4si yliopistojen painetta hankkia rahoitusta muualta kuin valtion kassasta. Osa uudistusta oli my\u00f6s s\u00e4\u00e4ti\u00f6yliopiston malli, joka mahdollistaa elinkeinoel\u00e4m\u00e4n edustajien keskeisemm\u00e4n osallistumisen yliopiston toiminnan ohjaamiseen.\u00a0<\/span><\/p>\n<p><span style=\"font-weight: 400;\">\u201dEnsin Aallosta tuli Suomen \u2019lippulaivayliopisto\u2019 s\u00e4\u00e4ti\u00f6mallisena. Tampereen teknillinen yliopisto omaksui oma-aloitteisesti s\u00e4\u00e4ti\u00f6mallin vuonna 2010. Siell\u00e4 katsottiin, ett\u00e4 s\u00e4\u00e4ti\u00f6malli oli uskottavampi kokonaisuus elinkeinoel\u00e4m\u00e4\u00e4, taloutta ja teollisuutta edustaville yhteisty\u00f6kumppaneille, koska se pelasi yliopistoyhteis\u00f6n tosiasiallisesti ulos oman instituutionsa johtamisesta.\u201d<\/span><\/p>\n<figure id=\"attachment_14640\" aria-describedby=\"caption-attachment-14640\" style=\"width: 600px\" class=\"wp-caption alignleft\"><img decoding=\"async\" class=\"size-medium wp-image-14640\" src=\"https:\/\/voima.fi\/hairikot\/wp-content\/uploads\/sites\/9\/2020\/02\/Na\u0308ytto\u0308kuva-2020-2-18-kello-13.27.35-600x459.png\" alt=\"\" width=\"600\" height=\"459\" srcset=\"https:\/\/voima.fi\/hairikot\/wp-content\/uploads\/sites\/9\/2020\/02\/Na\u0308ytto\u0308kuva-2020-2-18-kello-13.27.35-600x459.png 600w, https:\/\/voima.fi\/hairikot\/wp-content\/uploads\/sites\/9\/2020\/02\/Na\u0308ytto\u0308kuva-2020-2-18-kello-13.27.35-768x587.png 768w, https:\/\/voima.fi\/hairikot\/wp-content\/uploads\/sites\/9\/2020\/02\/Na\u0308ytto\u0308kuva-2020-2-18-kello-13.27.35-320x245.png 320w, https:\/\/voima.fi\/hairikot\/wp-content\/uploads\/sites\/9\/2020\/02\/Na\u0308ytto\u0308kuva-2020-2-18-kello-13.27.35-200x153.png 200w, https:\/\/voima.fi\/hairikot\/wp-content\/uploads\/sites\/9\/2020\/02\/Na\u0308ytto\u0308kuva-2020-2-18-kello-13.27.35-560x428.png 560w, https:\/\/voima.fi\/hairikot\/wp-content\/uploads\/sites\/9\/2020\/02\/Na\u0308ytto\u0308kuva-2020-2-18-kello-13.27.35-300x229.png 300w, https:\/\/voima.fi\/hairikot\/wp-content\/uploads\/sites\/9\/2020\/02\/Na\u0308ytto\u0308kuva-2020-2-18-kello-13.27.35.png 774w\" sizes=\"(max-width: 600px) 100vw, 600px\" \/><figcaption id=\"caption-attachment-14640\" class=\"wp-caption-text\">&#8221;Ph&#8217;nglui mglw&#8217;nafh Cthulhu Tampere wgah-nagl fhtagn.&#8221; Tampereen yliopistouudistus meni ajoittain niin omituiseksi, ett\u00e4 opiskelijaj\u00e4rjest\u00f6n tekem\u00e4 parodia yliopiston uudesta logosta johti nuhteisiin ja tavaramerkkilailla pelotteluu. Opiskelijoiden tekem\u00e4 logoparodia (alla) yhdisti siis Tampereen yliopiston logon (yll\u00e4) <strong>H.P. Lovecraftin<\/strong> kauhukirjalliseen kerrontaan. \u00a0Lis\u00e4\u00e4 aiheesta <a href=\"https:\/\/voima.fi\/hairikot\/artikkeli\/tampereen-yliopisto-uhkailee-omia-opiskelijoitaan\/\"><span style=\"text-decoration: underline;\">t\u00e4\u00e4ll\u00e4<\/span><\/a>.<\/figcaption><\/figure>\n<p><span style=\"font-weight: 400;\">My\u00f6s uusi Tampereen yliopisto rakennettiin s\u00e4\u00e4ti\u00f6mallin varaan. Poutanen pit\u00e4\u00e4 muutosta kriittisen\u00e4 ja pohtii, kenen \u00e4\u00e4ni kuuluu, kun tulevaisuuden suuntaviivoja piirret\u00e4\u00e4n.<\/span><\/p>\n<p><span style=\"font-weight: 400;\">\u201dYliopistolain uudistuksen my\u00f6t\u00e4 opetus- ja kulttuuriministeri\u00f6 ei m\u00e4\u00e4r\u00e4\u00e4 koulutussuuntauksien perustamisesta tai lakkauttamisesta, vaan n\u00e4it\u00e4 p\u00e4\u00e4t\u00f6ksi\u00e4 tekev\u00e4t yliopistot itsen\u00e4isesti.\u00a0<\/span>Ministeri\u00f6n lupa uusille koulutusohjelmille tosin yh\u00e4 vaaditaan ja sen taloudellinen tulosohjaus ohjaa ep\u00e4suorasti yliopistoja, sill\u00e4 yliopistot tiet\u00e4v\u00e4t, ett\u00e4 niiden suorituskyky\u00e4 ja \u2019tuloksellisuutta\u2019 arvioidaan talouden mittareilla.\u201d<\/p>\n<p><span style=\"font-weight: 400;\">Ongelmaa pahentaa se, ett\u00e4 talouden mittarit yksipuolistavat toimintaa. Jos kaikissa yliopistoissa pyrit\u00e4\u00e4n vastaamaan samoihin mittareiden osoittamiin tarpeisiin, yksipuolistuu yliopistojen tutkimus ja opetus.\u00a0<\/span><\/p>\n<p><span style=\"font-weight: 400;\">\u201dMinisteri\u00f6 ei yliopistoautonomian vuoksi voi en\u00e4\u00e4 sekaantua yliopistojen operatiiviseen k\u00e4yt\u00e4nt\u00f6\u00f6n, eik\u00e4 leve\u00e4n pohjan sivistys ole en\u00e4\u00e4 kenenk\u00e4\u00e4n vastuulla \u2013 sen on korvannut talousvastuu.\u201d<\/span><\/p>\n<h2>Onko yritysten etu yhteiskunnan etu?<\/h2>\n<p><span style=\"font-weight: 400;\">Yrityksilt\u00e4 saatu \u201dulkopuolinen\u201d rahoitus kannustaa kuuntelemaan niiden toiveita herk\u00e4ll\u00e4 korvalla. T\u00e4m\u00e4 on ongelma yliopiston autonomian kannalta ja voi my\u00f6s kysy\u00e4, p\u00e4\u00e4seek\u00f6 h\u00e4nt\u00e4 heiluttamaan koiraa.<\/span><\/p>\n<p><span style=\"font-weight: 400;\">\u201dYliopistot joutuvat omaksumaan uusia teht\u00e4vi\u00e4 olemassa olevien rinnalle ja toisinaan niiden ohi. T\u00e4h\u00e4n nimenomaan liittyv\u00e4t akateemisen kapitalismin prioriteetit, jotka mittaavat yliopistoty\u00f6t\u00e4 jonkinlaisena tuotantona, jolla on selke\u00e4\u00e4 v\u00e4lineellist\u00e4 arvoa. T\u00e4ss\u00e4 ajattelussa yliopistot esimerkiksi tuottavat ensisijaisesti oikealla tavalla korkeakoulutettua ty\u00f6voimaa, toissijaisesti sivistyneit\u00e4 kansalaisia.\u201d<\/span><\/p>\n<p><span style=\"font-weight: 400;\">Yliopistojen yritysyhteisty\u00f6st\u00e4 saamat rahat ja muut resurssit ovat ehdottomasti merkitt\u00e4vi\u00e4, mutta ne my\u00f6s kannattaa asettaa mittakaavaan. Ensimm\u00e4isen suomenkielisen yliopiston perustamisesta Turkuun on vier\u00e4ht\u00e4nyt reilu sata vuotta. Tuossa ajassa yliopistoihin on sijoitettu miljardien ja miljardien eurojen edest\u00e4 yhteist\u00e4 rahaa, ja lukemattomat ihmiset ovat panoksellaan rakentaneet niiden nykyist\u00e4 tietop\u00e4\u00e4omaa. Kuinka pienill\u00e4 panoksilla tuota koottua kansallisomaisuutta p\u00e4\u00e4see ohjailemaan, jos hallituksiin haalitaan yritysmaailman edustajia ajamaan edustamiensa yritysten etuja? Hallituksissa ei huvikseen istuta, eiv\u00e4tk\u00e4 yritykset jaa rahaa hyv\u00e4ntekev\u00e4isyyden vuoksi.\u00a0<\/span><\/p>\n<p><span style=\"font-weight: 400;\">\u201dLiike-el\u00e4m\u00e4ss\u00e4 on aika normaalia ajatella, ett\u00e4 sijoitukselle t\u00e4ytyy saada vastinetta\u201d, Poutanen muotoilee.<\/span><\/p>\n<p><span style=\"font-weight: 400;\">Yliopistojen tuottamien innovaatioiden merkitys liike-el\u00e4m\u00e4lle ja sen my\u00f6t\u00e4 yhteiskunnalle on tietenkin merkitt\u00e4v\u00e4. Esimerkiksi ilman Teknillisen korkeakoulun (osa nykyist\u00e4 Aalto-yliopistoa) panosta Nokialla ei olisi ollut NMT-teknologiaa, jonka avulla valloittaa maailma. Mutta ongelmia syntyy, jos tutkimuksen taloudellinen hy\u00f6dynnett\u00e4vyys m\u00e4\u00e4ritell\u00e4\u00e4n sen ylimm\u00e4ksi arvoksi. Huomionarvoista on my\u00f6s se, ett\u00e4 monet arvokkaiksi osoittautuneet innovaatiot ovat sellaisia, ettei niit\u00e4 ole kehitetty yritysten vision\u00e4\u00e4risyyden ansiosta, vaan ilman tietoa tuotteistamismahdollisuuksista. Yritysmaailman todelliset tarpeet saattavat olla muualla kuin sen toiveet.<\/span><\/p>\n<h2>Valo tunnelin p\u00e4\u00e4ss\u00e4 on juna<\/h2>\n<p><span style=\"font-weight: 400;\">\u201dAllekirjoitan ainakin osin brittil\u00e4isen professori <\/span><b>Richard Hallin<\/b><span style=\"font-weight: 400;\"> kirjan <\/span><i><span style=\"font-weight: 400;\">The Hopeless University<\/span><\/i><span style=\"font-weight: 400;\"> keskeisen teesin: vasta kun hahmotamme, kuinka toivotonta l\u00e4peens\u00e4 markkinaistuneen, akateemisen kapitalismin muokkaaman yliopiston muuttaminen on, voimme \u2019vapautua\u2019 kuvittelemaan jotain radikaalimpaa ja vapaampaa vaihtoehtoa sille. Hall kirjoittaa brittil\u00e4isest\u00e4 kontekstista, mutta n\u00e4en merkkej\u00e4 vastaavasta my\u00f6s meid\u00e4n tulevaisuudessa.\u201d<\/span><\/p>\n<figure id=\"attachment_13350\" aria-describedby=\"caption-attachment-13350\" style=\"width: 521px\" class=\"wp-caption alignright\"><img decoding=\"async\" class=\" wp-image-13350\" src=\"https:\/\/voima.fi\/hairikot\/wp-content\/uploads\/sites\/9\/2018\/02\/Sipila-_Suomi-epa-kuntoon-424x600.jpg\" alt=\"\" width=\"521\" height=\"737\" srcset=\"https:\/\/voima.fi\/hairikot\/wp-content\/uploads\/sites\/9\/2018\/02\/Sipila-_Suomi-epa-kuntoon-424x600.jpg 424w, https:\/\/voima.fi\/hairikot\/wp-content\/uploads\/sites\/9\/2018\/02\/Sipila-_Suomi-epa-kuntoon-724x1024.jpg 724w, https:\/\/voima.fi\/hairikot\/wp-content\/uploads\/sites\/9\/2018\/02\/Sipila-_Suomi-epa-kuntoon-768x1086.jpg 768w, https:\/\/voima.fi\/hairikot\/wp-content\/uploads\/sites\/9\/2018\/02\/Sipila-_Suomi-epa-kuntoon-226x320.jpg 226w, https:\/\/voima.fi\/hairikot\/wp-content\/uploads\/sites\/9\/2018\/02\/Sipila-_Suomi-epa-kuntoon-200x283.jpg 200w, https:\/\/voima.fi\/hairikot\/wp-content\/uploads\/sites\/9\/2018\/02\/Sipila-_Suomi-epa-kuntoon-560x792.jpg 560w, https:\/\/voima.fi\/hairikot\/wp-content\/uploads\/sites\/9\/2018\/02\/Sipila-_Suomi-epa-kuntoon-212x300.jpg 212w, https:\/\/voima.fi\/hairikot\/wp-content\/uploads\/sites\/9\/2018\/02\/Sipila-_Suomi-epa-kuntoon.jpg 842w\" sizes=\"(max-width: 521px) 100vw, 521px\" \/><figcaption id=\"caption-attachment-13350\" class=\"wp-caption-text\">Huhtikuussa 2016\u00a0H\u00e4irik\u00f6t-p\u00e4\u00e4maja osallistui Poliittisen valokuvan festivaalia j\u00e4rjestettyyn Vuosi vaaleista -n\u00e4yttelyyn.<br \/>P\u00e4iv\u00e4lleen vuosi edellisten eduskunta-vaalien j\u00e4lkeen ripustetussa n\u00e4yttelyss\u00e4 tarkasteltiin sit\u00e4, miten maa makaa perusporvarihallituksen hoteissa. Yksi huolista liittyi koulutusleikkauksiin ja t\u00e4t\u00e4 p\u00e4\u00e4tyi kuvastamaan korjattu versio keskustan ja <strong>Juha Sipil\u00e4n<\/strong> <em>Suomi kuntoon<\/em> -vaalijulisteesta.\u00a0<em>Suomi ep\u00e4kuntoon<\/em>\u00a0-teoksessa salama iskee Helsingin yliopiston p\u00e4\u00e4rakennuksen lipputankoon.<\/figcaption><\/figure>\n<p><span style=\"font-weight: 400;\">Vaikka Poutanen selv\u00e4sti kokee yliopiston puolustamisen arvoiseksi, voi h\u00e4nen mielest\u00e4\u00e4n sen tilalle my\u00f6s nousta jotain uutta ja parempaa.<\/span><\/p>\n<p><span style=\"font-weight: 400;\">\u201dYliopistot instituutioina ovat olleet aina elitistisi\u00e4 ja ulossulkevia. Eiv\u00e4t ne nyky\u00e4\u00e4nk\u00e4\u00e4n ole aina mukavia paikkoja v\u00e4hemmist\u00f6ille tai heille, jotka eiv\u00e4t kykene heitt\u00e4ytym\u00e4\u00e4n akateemisen kapitalismin vaatimusten armoille. T\u00e4st\u00e4 syyst\u00e4 olisi ehk\u00e4 j\u00e4rkev\u00e4mp\u00e4\u00e4 kuvitella jotain uutta, inklusiivista ja inhimillist\u00e4 \u00e4lyllist\u00e4 toimintaa.\u201d\u00a0<\/span><\/p>\n<p><span style=\"font-weight: 400;\">Toivottomuuden keskell\u00e4kin Poutanen kuitenkin jatkaa omaa tutkimusty\u00f6t\u00e4\u00e4n ja kamppailua yliopistodemokratian puolesta. Aika n\u00e4ytt\u00e4\u00e4, mit\u00e4 tuhkasta nousee.<\/span><\/p>\n","protected":false},"excerpt":{"rendered":"<p>\u201dYliopistojen teht\u00e4v\u00e4n\u00e4 on edist\u00e4\u00e4 vapaata tutkimusta sek\u00e4 tieteellist\u00e4 ja taiteellista sivistyst\u00e4, antaa tutkimukseen perustuvaa ylint\u00e4 opetusta sek\u00e4 kasvattaa opiskelijoita palvelemaan is\u00e4nmaata ja ihmiskuntaa\u201d, listataan yliopistolaissa. Laissa todetaan edelleen, ett\u00e4 yliopistojen tulee \u201dtoimia vuorovaikutuksessa muun yhteiskunnan kanssa ja edist\u00e4\u00e4 tutkimustulosten ja tieteellisen toiminnan yhteiskunnallista vaikuttavuutta\u201d. Viime vuosina monet ovat kantaneet huolta siit\u00e4, tuottavatko yliopistot riitt\u00e4v\u00e4sti liike-el\u00e4m\u00e4\u00e4 [&hellip;]<\/p>\n","protected":false},"author":122,"featured_media":20028,"comment_status":"closed","ping_status":"closed","sticky":false,"template":"","format":"standard","meta":{"footnotes":""},"categories":[4],"tags":[3170,1260,2775,2921,3169],"yoast_head":"<!-- This site is optimized with the Yoast SEO plugin v22.7 - https:\/\/yoast.com\/wordpress\/plugins\/seo\/ -->\n<title>Oy Yliopisto Ab - H\u00e4irik\u00f6t-p\u00e4\u00e4maja<\/title>\n<meta name=\"robots\" content=\"index, follow, max-snippet:-1, max-image-preview:large, max-video-preview:-1\" \/>\n<link rel=\"canonical\" href=\"https:\/\/voima.fi\/hairikot\/artikkeli\/oy-yliopisto-ab\/\" \/>\n<meta property=\"og:locale\" content=\"fi_FI\" \/>\n<meta property=\"og:type\" content=\"article\" \/>\n<meta property=\"og:title\" content=\"Oy Yliopisto Ab - H\u00e4irik\u00f6t-p\u00e4\u00e4maja\" \/>\n<meta property=\"og:description\" content=\"\u201dYliopistojen teht\u00e4v\u00e4n\u00e4 on edist\u00e4\u00e4 vapaata tutkimusta sek\u00e4 tieteellist\u00e4 ja taiteellista sivistyst\u00e4, antaa tutkimukseen perustuvaa ylint\u00e4 opetusta sek\u00e4 kasvattaa opiskelijoita palvelemaan is\u00e4nmaata ja ihmiskuntaa\u201d, listataan yliopistolaissa. Laissa todetaan edelleen, ett\u00e4 yliopistojen tulee \u201dtoimia vuorovaikutuksessa muun yhteiskunnan kanssa ja edist\u00e4\u00e4 tutkimustulosten ja tieteellisen toiminnan yhteiskunnallista vaikuttavuutta\u201d. Viime vuosina monet ovat kantaneet huolta siit\u00e4, tuottavatko yliopistot riitt\u00e4v\u00e4sti liike-el\u00e4m\u00e4\u00e4 [&hellip;]\" \/>\n<meta property=\"og:url\" content=\"https:\/\/voima.fi\/hairikot\/artikkeli\/oy-yliopisto-ab\/\" \/>\n<meta property=\"og:site_name\" content=\"H\u00e4irik\u00f6t-p\u00e4\u00e4maja\" \/>\n<meta property=\"article:published_time\" content=\"2023-03-09T11:52:12+00:00\" \/>\n<meta property=\"article:modified_time\" content=\"2023-03-13T15:27:45+00:00\" \/>\n<meta property=\"og:image\" content=\"https:\/\/voima.fi\/hairikot\/wp-content\/uploads\/sites\/9\/2023\/03\/oy-yliopisto-ab.jpg\" \/>\n\t<meta property=\"og:image:width\" content=\"1827\" \/>\n\t<meta property=\"og:image:height\" content=\"979\" \/>\n\t<meta property=\"og:image:type\" content=\"image\/jpeg\" \/>\n<meta name=\"author\" content=\"Jari Tamminen\" \/>\n<meta name=\"twitter:card\" content=\"summary_large_image\" \/>\n<meta name=\"twitter:label1\" content=\"Kirjoittanut\" \/>\n\t<meta name=\"twitter:data1\" content=\"Jari Tamminen\" \/>\n\t<meta name=\"twitter:label2\" content=\"Arvioitu lukuaika\" \/>\n\t<meta name=\"twitter:data2\" content=\"7 minuuttia\" \/>\n<script type=\"application\/ld+json\" class=\"yoast-schema-graph\">{\"@context\":\"https:\/\/schema.org\",\"@graph\":[{\"@type\":\"WebPage\",\"@id\":\"https:\/\/voima.fi\/hairikot\/artikkeli\/oy-yliopisto-ab\/\",\"url\":\"https:\/\/voima.fi\/hairikot\/artikkeli\/oy-yliopisto-ab\/\",\"name\":\"Oy Yliopisto Ab - H\u00e4irik\u00f6t-p\u00e4\u00e4maja\",\"isPartOf\":{\"@id\":\"https:\/\/voima.fi\/hairikot\/#website\"},\"primaryImageOfPage\":{\"@id\":\"https:\/\/voima.fi\/hairikot\/artikkeli\/oy-yliopisto-ab\/#primaryimage\"},\"image\":{\"@id\":\"https:\/\/voima.fi\/hairikot\/artikkeli\/oy-yliopisto-ab\/#primaryimage\"},\"thumbnailUrl\":\"https:\/\/voima.fi\/hairikot\/wp-content\/uploads\/sites\/9\/2023\/03\/oy-yliopisto-ab.jpg\",\"datePublished\":\"2023-03-09T11:52:12+00:00\",\"dateModified\":\"2023-03-13T15:27:45+00:00\",\"author\":{\"@id\":\"https:\/\/voima.fi\/hairikot\/#\/schema\/person\/523ff68c19f1381d78529f38bb76e7fe\"},\"breadcrumb\":{\"@id\":\"https:\/\/voima.fi\/hairikot\/artikkeli\/oy-yliopisto-ab\/#breadcrumb\"},\"inLanguage\":\"fi\",\"potentialAction\":[{\"@type\":\"ReadAction\",\"target\":[\"https:\/\/voima.fi\/hairikot\/artikkeli\/oy-yliopisto-ab\/\"]}]},{\"@type\":\"ImageObject\",\"inLanguage\":\"fi\",\"@id\":\"https:\/\/voima.fi\/hairikot\/artikkeli\/oy-yliopisto-ab\/#primaryimage\",\"url\":\"https:\/\/voima.fi\/hairikot\/wp-content\/uploads\/sites\/9\/2023\/03\/oy-yliopisto-ab.jpg\",\"contentUrl\":\"https:\/\/voima.fi\/hairikot\/wp-content\/uploads\/sites\/9\/2023\/03\/oy-yliopisto-ab.jpg\",\"width\":1827,\"height\":979},{\"@type\":\"BreadcrumbList\",\"@id\":\"https:\/\/voima.fi\/hairikot\/artikkeli\/oy-yliopisto-ab\/#breadcrumb\",\"itemListElement\":[{\"@type\":\"ListItem\",\"position\":1,\"name\":\"Home\",\"item\":\"https:\/\/voima.fi\/hairikot\/\"},{\"@type\":\"ListItem\",\"position\":2,\"name\":\"Oy Yliopisto Ab\"}]},{\"@type\":\"WebSite\",\"@id\":\"https:\/\/voima.fi\/hairikot\/#website\",\"url\":\"https:\/\/voima.fi\/hairikot\/\",\"name\":\"H\u00e4irik\u00f6t-p\u00e4\u00e4maja\",\"description\":\"\",\"potentialAction\":[{\"@type\":\"SearchAction\",\"target\":{\"@type\":\"EntryPoint\",\"urlTemplate\":\"https:\/\/voima.fi\/hairikot\/?s={search_term_string}\"},\"query-input\":\"required name=search_term_string\"}],\"inLanguage\":\"fi\"},{\"@type\":\"Person\",\"@id\":\"https:\/\/voima.fi\/hairikot\/#\/schema\/person\/523ff68c19f1381d78529f38bb76e7fe\",\"name\":\"Jari Tamminen\",\"image\":{\"@type\":\"ImageObject\",\"inLanguage\":\"fi\",\"@id\":\"https:\/\/voima.fi\/hairikot\/#\/schema\/person\/image\/\",\"url\":\"https:\/\/secure.gravatar.com\/avatar\/e5c0bb16f2efc1924afe37fc190f8ce1?s=96&d=blank&r=g\",\"contentUrl\":\"https:\/\/secure.gravatar.com\/avatar\/e5c0bb16f2efc1924afe37fc190f8ce1?s=96&d=blank&r=g\",\"caption\":\"Jari Tamminen\"},\"description\":\"Kulttuurih\u00e4irint\u00e4 on taiteen ja aktivismin j\u00e4nnitt\u00e4v\u00e4\u00e4 lomittumista: odottamaton performanssi katuvilin\u00e4ss\u00e4, vallattuja mainostauluja ja mainosparodioita. Se on k\u00e4site, joka yhdist\u00e4\u00e4 yhteiskunnallista kommentaaria ja luovaa vastarintaa. T\u00e4ss\u00e4 blogissa Voiman Jari Tamminen hahmottaa maailmaa kulttuurih\u00e4irinn\u00e4n n\u00e4k\u00f6kulmasta. Lis\u00e4\u00e4 Tammisen huomioita kulttuurih\u00e4irinn\u00e4st\u00e4 voi lukea Voimasta, H\u00e4irik\u00f6t \u2013 Kulttuurih\u00e4irinn\u00e4n aakkoset -kirjasta ja p\u00e4ivitt\u00e4in osoitteesta www.facebook.com\/hairikot.\",\"sameAs\":[\"http:\/\/www.facebook.com\/hairikot\"],\"url\":\"https:\/\/voima.fi\/hairikot\/artikkeli\/author\/hairikko\/\"}]}<\/script>\n<!-- \/ Yoast SEO plugin. -->","yoast_head_json":{"title":"Oy Yliopisto Ab - H\u00e4irik\u00f6t-p\u00e4\u00e4maja","robots":{"index":"index","follow":"follow","max-snippet":"max-snippet:-1","max-image-preview":"max-image-preview:large","max-video-preview":"max-video-preview:-1"},"canonical":"https:\/\/voima.fi\/hairikot\/artikkeli\/oy-yliopisto-ab\/","og_locale":"fi_FI","og_type":"article","og_title":"Oy Yliopisto Ab - H\u00e4irik\u00f6t-p\u00e4\u00e4maja","og_description":"\u201dYliopistojen teht\u00e4v\u00e4n\u00e4 on edist\u00e4\u00e4 vapaata tutkimusta sek\u00e4 tieteellist\u00e4 ja taiteellista sivistyst\u00e4, antaa tutkimukseen perustuvaa ylint\u00e4 opetusta sek\u00e4 kasvattaa opiskelijoita palvelemaan is\u00e4nmaata ja ihmiskuntaa\u201d, listataan yliopistolaissa. Laissa todetaan edelleen, ett\u00e4 yliopistojen tulee \u201dtoimia vuorovaikutuksessa muun yhteiskunnan kanssa ja edist\u00e4\u00e4 tutkimustulosten ja tieteellisen toiminnan yhteiskunnallista vaikuttavuutta\u201d. Viime vuosina monet ovat kantaneet huolta siit\u00e4, tuottavatko yliopistot riitt\u00e4v\u00e4sti liike-el\u00e4m\u00e4\u00e4 [&hellip;]","og_url":"https:\/\/voima.fi\/hairikot\/artikkeli\/oy-yliopisto-ab\/","og_site_name":"H\u00e4irik\u00f6t-p\u00e4\u00e4maja","article_published_time":"2023-03-09T11:52:12+00:00","article_modified_time":"2023-03-13T15:27:45+00:00","og_image":[{"width":1827,"height":979,"url":"https:\/\/voima.fi\/hairikot\/wp-content\/uploads\/sites\/9\/2023\/03\/oy-yliopisto-ab.jpg","type":"image\/jpeg"}],"author":"Jari Tamminen","twitter_card":"summary_large_image","twitter_misc":{"Kirjoittanut":"Jari Tamminen","Arvioitu lukuaika":"7 minuuttia"},"schema":{"@context":"https:\/\/schema.org","@graph":[{"@type":"WebPage","@id":"https:\/\/voima.fi\/hairikot\/artikkeli\/oy-yliopisto-ab\/","url":"https:\/\/voima.fi\/hairikot\/artikkeli\/oy-yliopisto-ab\/","name":"Oy Yliopisto Ab - H\u00e4irik\u00f6t-p\u00e4\u00e4maja","isPartOf":{"@id":"https:\/\/voima.fi\/hairikot\/#website"},"primaryImageOfPage":{"@id":"https:\/\/voima.fi\/hairikot\/artikkeli\/oy-yliopisto-ab\/#primaryimage"},"image":{"@id":"https:\/\/voima.fi\/hairikot\/artikkeli\/oy-yliopisto-ab\/#primaryimage"},"thumbnailUrl":"https:\/\/voima.fi\/hairikot\/wp-content\/uploads\/sites\/9\/2023\/03\/oy-yliopisto-ab.jpg","datePublished":"2023-03-09T11:52:12+00:00","dateModified":"2023-03-13T15:27:45+00:00","author":{"@id":"https:\/\/voima.fi\/hairikot\/#\/schema\/person\/523ff68c19f1381d78529f38bb76e7fe"},"breadcrumb":{"@id":"https:\/\/voima.fi\/hairikot\/artikkeli\/oy-yliopisto-ab\/#breadcrumb"},"inLanguage":"fi","potentialAction":[{"@type":"ReadAction","target":["https:\/\/voima.fi\/hairikot\/artikkeli\/oy-yliopisto-ab\/"]}]},{"@type":"ImageObject","inLanguage":"fi","@id":"https:\/\/voima.fi\/hairikot\/artikkeli\/oy-yliopisto-ab\/#primaryimage","url":"https:\/\/voima.fi\/hairikot\/wp-content\/uploads\/sites\/9\/2023\/03\/oy-yliopisto-ab.jpg","contentUrl":"https:\/\/voima.fi\/hairikot\/wp-content\/uploads\/sites\/9\/2023\/03\/oy-yliopisto-ab.jpg","width":1827,"height":979},{"@type":"BreadcrumbList","@id":"https:\/\/voima.fi\/hairikot\/artikkeli\/oy-yliopisto-ab\/#breadcrumb","itemListElement":[{"@type":"ListItem","position":1,"name":"Home","item":"https:\/\/voima.fi\/hairikot\/"},{"@type":"ListItem","position":2,"name":"Oy Yliopisto Ab"}]},{"@type":"WebSite","@id":"https:\/\/voima.fi\/hairikot\/#website","url":"https:\/\/voima.fi\/hairikot\/","name":"H\u00e4irik\u00f6t-p\u00e4\u00e4maja","description":"","potentialAction":[{"@type":"SearchAction","target":{"@type":"EntryPoint","urlTemplate":"https:\/\/voima.fi\/hairikot\/?s={search_term_string}"},"query-input":"required name=search_term_string"}],"inLanguage":"fi"},{"@type":"Person","@id":"https:\/\/voima.fi\/hairikot\/#\/schema\/person\/523ff68c19f1381d78529f38bb76e7fe","name":"Jari Tamminen","image":{"@type":"ImageObject","inLanguage":"fi","@id":"https:\/\/voima.fi\/hairikot\/#\/schema\/person\/image\/","url":"https:\/\/secure.gravatar.com\/avatar\/e5c0bb16f2efc1924afe37fc190f8ce1?s=96&d=blank&r=g","contentUrl":"https:\/\/secure.gravatar.com\/avatar\/e5c0bb16f2efc1924afe37fc190f8ce1?s=96&d=blank&r=g","caption":"Jari Tamminen"},"description":"Kulttuurih\u00e4irint\u00e4 on taiteen ja aktivismin j\u00e4nnitt\u00e4v\u00e4\u00e4 lomittumista: odottamaton performanssi katuvilin\u00e4ss\u00e4, vallattuja mainostauluja ja mainosparodioita. Se on k\u00e4site, joka yhdist\u00e4\u00e4 yhteiskunnallista kommentaaria ja luovaa vastarintaa. T\u00e4ss\u00e4 blogissa Voiman Jari Tamminen hahmottaa maailmaa kulttuurih\u00e4irinn\u00e4n n\u00e4k\u00f6kulmasta. Lis\u00e4\u00e4 Tammisen huomioita kulttuurih\u00e4irinn\u00e4st\u00e4 voi lukea Voimasta, H\u00e4irik\u00f6t \u2013 Kulttuurih\u00e4irinn\u00e4n aakkoset -kirjasta ja p\u00e4ivitt\u00e4in osoitteesta www.facebook.com\/hairikot.","sameAs":["http:\/\/www.facebook.com\/hairikot"],"url":"https:\/\/voima.fi\/hairikot\/artikkeli\/author\/hairikko\/"}]}},"enclosure":{"image":"https:\/\/voima.fi\/hairikot\/wp-content\/uploads\/sites\/9\/2023\/03\/oy-yliopisto-ab.jpg"},"meta:avatar":"","geolocation":[],"meta:youtube":null,"meta:vimeo":null,"meta:duration":null,"_links":{"self":[{"href":"https:\/\/voima.fi\/hairikot\/wp-json\/wp\/v2\/posts\/20024"}],"collection":[{"href":"https:\/\/voima.fi\/hairikot\/wp-json\/wp\/v2\/posts"}],"about":[{"href":"https:\/\/voima.fi\/hairikot\/wp-json\/wp\/v2\/types\/post"}],"author":[{"embeddable":true,"href":"https:\/\/voima.fi\/hairikot\/wp-json\/wp\/v2\/users\/122"}],"replies":[{"embeddable":true,"href":"https:\/\/voima.fi\/hairikot\/wp-json\/wp\/v2\/comments?post=20024"}],"version-history":[{"count":7,"href":"https:\/\/voima.fi\/hairikot\/wp-json\/wp\/v2\/posts\/20024\/revisions"}],"predecessor-version":[{"id":20034,"href":"https:\/\/voima.fi\/hairikot\/wp-json\/wp\/v2\/posts\/20024\/revisions\/20034"}],"wp:featuredmedia":[{"embeddable":true,"href":"https:\/\/voima.fi\/hairikot\/wp-json\/wp\/v2\/media\/20028"}],"wp:attachment":[{"href":"https:\/\/voima.fi\/hairikot\/wp-json\/wp\/v2\/media?parent=20024"}],"wp:term":[{"taxonomy":"category","embeddable":true,"href":"https:\/\/voima.fi\/hairikot\/wp-json\/wp\/v2\/categories?post=20024"},{"taxonomy":"post_tag","embeddable":true,"href":"https:\/\/voima.fi\/hairikot\/wp-json\/wp\/v2\/tags?post=20024"}],"curies":[{"name":"wp","href":"https:\/\/api.w.org\/{rel}","templated":true}]}}