{"id":19980,"date":"2023-02-16T11:00:06","date_gmt":"2023-02-16T09:00:06","guid":{"rendered":"https:\/\/voima.fi\/hairikot\/?p=19980"},"modified":"2023-02-16T11:06:03","modified_gmt":"2023-02-16T09:06:03","slug":"hs-vaalikone-kristilliset-arvot-ovat-hyva-pohja-poliittiselle-paatoksenteolle","status":"publish","type":"post","link":"https:\/\/voima.fi\/hairikot\/artikkeli\/hs-vaalikone-kristilliset-arvot-ovat-hyva-pohja-poliittiselle-paatoksenteolle\/","title":{"rendered":"HS-vaalikone:\u201d Kristilliset arvot ovat hyv\u00e4 pohja poliittiselle p\u00e4\u00e4t\u00f6ksenteolle.&#8221;"},"content":{"rendered":"<p><i>Helsingin Sanomien<\/i> vaalikoneessa on yhten\u00e4 v\u00e4itt\u00e4m\u00e4n\u00e4 ajatus siit\u00e4, et\u00e4 \u201dkristilliset arvot\u201d ovat hyv\u00e4 l\u00e4ht\u00f6kohta poliittisia p\u00e4\u00e4t\u00f6ksi\u00e4 tehdess\u00e4. On tietenkin ihan merkityksellist\u00e4 hahmottaa, mist\u00e4 perinteest\u00e4 ja arvopohjasta ehdokkaat ammentavat. Eik\u00e4 t\u00e4m\u00e4 tietenk\u00e4\u00e4n ole ensimm\u00e4inen kerta, kun t\u00e4mm\u00f6ist\u00e4 kysell\u00e4\u00e4n, mutta mietitytt\u00e4\u00e4, ett\u00e4 mihink\u00f6h\u00e4n kukin vastaaja ajattelee vastaavansa. H\u00e4hm\u00e4isten kysymysten joukossa tuo on monella tavalla vailla vertaa.<\/p>\n<p>Ent\u00e4 kuinka usein ehdokkaan mietteet v\u00e4itt\u00e4m\u00e4n merkityksest\u00e4 ovat jollain tavalla linjassa vaalikoneta k\u00e4ytt\u00e4v\u00e4n \u00e4\u00e4nest\u00e4j\u00e4n ymm\u00e4rryksen kanssa?<\/p>\n<h2>Mist\u00e4 yleens\u00e4k\u00e4\u00e4n on kyse?<\/h2>\n<p>\u201dKristilliset arvot\u201d kiinnitiv\u00e4t ajatuksena huomion v\u00e4itt\u00e4m\u00e4patteristossa ehk\u00e4 erityisesti siksi, ett\u00e4 sain juuri teologian tohtori <b>Ville M\u00e4kipellon<\/b> ja Helsingin yliopistolla teologian alalla v\u00e4it\u00f6stutkimusta tekev\u00e4n <b>Paavo Huotarin<\/b> kirjoittaman\u00a0<i>Sensuroitu \u2013 Raamatun muutosten vaiettu historia<\/i> -teoksen (Otava, 2023). M\u00e4kipelto ja Huotari kysyv\u00e4t teoksessa, mik\u00e4 <i>Raamattu<\/i> ylip\u00e4\u00e4t\u00e4\u00e4n on. Hahmottaakseen kysymyst\u00e4 he k\u00e4yv\u00e4t l\u00e4pi niit\u00e4 muutoksia, korjauksia, v\u00e4\u00e4ristymi\u00e4 ja sattuman kaupalla tapahtuneita k\u00e4\u00e4nteit\u00e4, joita tuon <i>Raamattuna<\/i> tunnetun kirjoituskokoelman historiasta tunnetaan. Se, mit\u00e4 t\u00e4n\u00e4\u00e4n Suomessa luetaan Raamattuna ei suinkaan ole sama teos, kuin mit\u00e4 on alan laskumme alkuvaiheessa luettu ja kopioitu V\u00e4limeren alueella.<\/p>\n<p><img decoding=\"async\" class=\" wp-image-19982 alignright\" src=\"https:\/\/voima.fi\/hairikot\/wp-content\/uploads\/sites\/9\/2023\/02\/jeesus-on-pettynyt.jpg\" alt=\"\" width=\"460\" height=\"450\" srcset=\"https:\/\/voima.fi\/hairikot\/wp-content\/uploads\/sites\/9\/2023\/02\/jeesus-on-pettynyt.jpg 526w, https:\/\/voima.fi\/hairikot\/wp-content\/uploads\/sites\/9\/2023\/02\/jeesus-on-pettynyt-320x313.jpg 320w, https:\/\/voima.fi\/hairikot\/wp-content\/uploads\/sites\/9\/2023\/02\/jeesus-on-pettynyt-200x196.jpg 200w\" sizes=\"(max-width: 460px) 100vw, 460px\" \/>Ja koska k\u00e4sityksemme \u201dkristillisist\u00e4 arvoista\u201d perustuu pitk\u00e4lti noiden <em>Raamatun<\/em> tekstien tulkitsemiseen, on ajatus n\u00e4ist\u00e4 \u201darvoista\u201d politiikan ohjaajana varsin vaikea.<\/p>\n<p>Kuten hieman ymp\u00e4rilleen vilkuilemalla on helppo huomata, niin jo Suomen rajojen sis\u00e4ll\u00e4kin nuo arvot voivat tarkoittaa l\u00e4hes mit\u00e4 tahansa. Arvolibeeraali tapakristitty miettii <i>Vuorisaarnan<\/i> lempeydest\u00e4 puhuvaa Jeesusta ja samalla <b>P\u00e4ivi R\u00e4s\u00e4nen<\/b> ammentaa enemm\u00e4n Vanhan testamentin tuomitsevaa ja kuristavaa tunnelmaa, jossa kaikki h\u00e4nest\u00e4 poikkeava on kauhistus. Voiko oikeasti v\u00e4itt\u00e4\u00e4, ett\u00e4 n\u00e4m\u00e4 molemmat edustaisivat jotain yhteisi\u00e4, jaettuja arvoja?<span class=\"Apple-converted-space\">\u00a0<\/span><\/p>\n<p>Ja kuinka kaoottiseksi k\u00e4sitteeksi nuo \u201dkristilliset arvot&#8221; muuttuvat jos siirr\u00e4mme katseemme maan rajojen ulkopuolelle? Tai miten kysymys suhtautuu aikaan? Edustiko Espanjan inkvisiittio \u201dkristillisi\u00e4 arvoja\u201d.<\/p>\n<figure id=\"attachment_19983\" aria-describedby=\"caption-attachment-19983\" style=\"width: 480px\" class=\"wp-caption alignleft\"><img decoding=\"async\" class=\"size-full wp-image-19983\" src=\"https:\/\/voima.fi\/hairikot\/wp-content\/uploads\/sites\/9\/2023\/02\/jeesus-rehaa-meemi.jpg\" alt=\"\" width=\"480\" height=\"343\" srcset=\"https:\/\/voima.fi\/hairikot\/wp-content\/uploads\/sites\/9\/2023\/02\/jeesus-rehaa-meemi.jpg 480w, https:\/\/voima.fi\/hairikot\/wp-content\/uploads\/sites\/9\/2023\/02\/jeesus-rehaa-meemi-320x229.jpg 320w, https:\/\/voima.fi\/hairikot\/wp-content\/uploads\/sites\/9\/2023\/02\/jeesus-rehaa-meemi-200x143.jpg 200w\" sizes=\"(max-width: 480px) 100vw, 480px\" \/><figcaption id=\"caption-attachment-19983\" class=\"wp-caption-text\">Kuuluuko kristillisiin arvoihin se, ett\u00e4 pistet\u00e4\u00e4n ranttaliksi ja piest\u00e4\u00e4n ahneet? Ehk\u00e4. Toisaalta, harvemmin ainakaan politiikassa taidetaan viitata t\u00e4h\u00e4n k\u00e4yt\u00f6kseen, kun puhe k\u00e4\u00e4ntyy &#8221;kristillisiin arvoihin&#8221;. Mutta eik\u00f6 Jeesus Kristus kuitenkin ole se og, jonka touhuista h\u00e4nen seuraajaksi ilmottautuvien pit\u00e4isi ottaa mallia?<\/figcaption><\/figure>\n<p>Ent\u00e4p\u00e4s, kun Yhdysvalloissa juuri kisatun amerikkalaisen jalkapallon finaalin, Super Bowlin aikana n\u00e4htiin <i>He Gets us<\/i> -niminen mainos, jossa mainostettiin Jeesusta ja kristinuskoa? Vuonna 2021 perustettu kristitty s\u00e4\u00e4ti\u00f6 Signatry maksoi yhteens\u00e4 20 miljoonaa dollaria noista kahdesta mainoksesta. Kuulostaa kovin erilaiselta, kuin sen rahanvaihtajien p\u00f6yti\u00e4 kumonneen ja ranttaliksi pist\u00e4neen Jeesuksen touhut. Eik\u00e4 siin\u00e4 viel\u00e4 kaikki: kaksi Super Bowlissa n\u00e4hty\u00e4 mainosta ovat osa noin 100 miljoonana dollarin arvoista kampanjaa, jossa t\u00e4m\u00e4 muun muassa \u00a0LGBTQI+-henkil\u00f6it\u00e4 ja aborttioikeutta vastustava yhteis\u00f6 kertoo Jeesuksesta, joka saattaa olla l\u00e4hemp\u00e4n\u00e4 P\u00e4ivi R\u00e4s\u00e4sen toivetta, mutta samalla on hyvin kaukana monien vaikkapa suomalaisten kokemuksesta. Edustaako t\u00e4m\u00e4 <i>He gets us<\/i> -mainoskampanja <i>Hesarin<\/i> vaalikoneessa kyseltyj\u00e4 \u201dkristillisi\u00e4 arvoja\u201d?<span class=\"Apple-converted-space\">\u00a0<\/span><\/p>\n<p>Vastausta kysymykseen ei voi tiet\u00e4\u00e4 kukaan muu, kuin kukin kysymykseen vastannut ehdokas. Me vaalikoneiden k\u00e4ytt\u00e4j\u00e4t joudumme arvailemaan sit\u00e4, miksi t\u00e4t\u00e4 kysyt\u00e4\u00e4n ja pohtimaan sattuuko oma kokemuksemme termist\u00e4 ylip\u00e4\u00e4t\u00e4\u00e4n edes auttavasti yksiin ehdokkaan kokemuksen kanssa.<span class=\"Apple-converted-space\">\u00a0<\/span><\/p>\n","protected":false},"excerpt":{"rendered":"<p>Helsingin Sanomien vaalikoneessa on yhten\u00e4 v\u00e4itt\u00e4m\u00e4n\u00e4 ajatus siit\u00e4, et\u00e4 \u201dkristilliset arvot\u201d ovat hyv\u00e4 l\u00e4ht\u00f6kohta poliittisia p\u00e4\u00e4t\u00f6ksi\u00e4 tehdess\u00e4. On tietenkin ihan merkityksellist\u00e4 hahmottaa, mist\u00e4 perinteest\u00e4 ja arvopohjasta ehdokkaat ammentavat. Eik\u00e4 t\u00e4m\u00e4 tietenk\u00e4\u00e4n ole ensimm\u00e4inen kerta, kun t\u00e4mm\u00f6ist\u00e4 kysell\u00e4\u00e4n, mutta mietitytt\u00e4\u00e4, ett\u00e4 mihink\u00f6h\u00e4n kukin vastaaja ajattelee vastaavansa. H\u00e4hm\u00e4isten kysymysten joukossa tuo on monella tavalla vailla vertaa. Ent\u00e4 [&hellip;]<\/p>\n","protected":false},"author":122,"featured_media":19986,"comment_status":"closed","ping_status":"closed","sticky":false,"template":"","format":"standard","meta":{"footnotes":""},"categories":[4],"tags":[757,923,3167,1546,3081,2703],"yoast_head":"<!-- This site is optimized with the Yoast SEO plugin v22.7 - https:\/\/yoast.com\/wordpress\/plugins\/seo\/ -->\n<title>HS-vaalikone:\u201d Kristilliset arvot ovat hyv\u00e4 pohja poliittiselle p\u00e4\u00e4t\u00f6ksenteolle.&quot; - H\u00e4irik\u00f6t-p\u00e4\u00e4maja<\/title>\n<meta name=\"robots\" content=\"index, follow, max-snippet:-1, max-image-preview:large, max-video-preview:-1\" \/>\n<link rel=\"canonical\" href=\"https:\/\/voima.fi\/hairikot\/artikkeli\/hs-vaalikone-kristilliset-arvot-ovat-hyva-pohja-poliittiselle-paatoksenteolle\/\" \/>\n<meta property=\"og:locale\" content=\"fi_FI\" \/>\n<meta property=\"og:type\" content=\"article\" \/>\n<meta property=\"og:title\" content=\"HS-vaalikone:\u201d Kristilliset arvot ovat hyv\u00e4 pohja poliittiselle p\u00e4\u00e4t\u00f6ksenteolle.&quot; - H\u00e4irik\u00f6t-p\u00e4\u00e4maja\" \/>\n<meta property=\"og:description\" content=\"Helsingin Sanomien vaalikoneessa on yhten\u00e4 v\u00e4itt\u00e4m\u00e4n\u00e4 ajatus siit\u00e4, et\u00e4 \u201dkristilliset arvot\u201d ovat hyv\u00e4 l\u00e4ht\u00f6kohta poliittisia p\u00e4\u00e4t\u00f6ksi\u00e4 tehdess\u00e4. On tietenkin ihan merkityksellist\u00e4 hahmottaa, mist\u00e4 perinteest\u00e4 ja arvopohjasta ehdokkaat ammentavat. Eik\u00e4 t\u00e4m\u00e4 tietenk\u00e4\u00e4n ole ensimm\u00e4inen kerta, kun t\u00e4mm\u00f6ist\u00e4 kysell\u00e4\u00e4n, mutta mietitytt\u00e4\u00e4, ett\u00e4 mihink\u00f6h\u00e4n kukin vastaaja ajattelee vastaavansa. H\u00e4hm\u00e4isten kysymysten joukossa tuo on monella tavalla vailla vertaa. Ent\u00e4 [&hellip;]\" \/>\n<meta property=\"og:url\" content=\"https:\/\/voima.fi\/hairikot\/artikkeli\/hs-vaalikone-kristilliset-arvot-ovat-hyva-pohja-poliittiselle-paatoksenteolle\/\" \/>\n<meta property=\"og:site_name\" content=\"H\u00e4irik\u00f6t-p\u00e4\u00e4maja\" \/>\n<meta property=\"article:published_time\" content=\"2023-02-16T09:00:06+00:00\" \/>\n<meta property=\"article:modified_time\" content=\"2023-02-16T09:06:03+00:00\" \/>\n<meta property=\"og:image\" content=\"https:\/\/voima.fi\/hairikot\/wp-content\/uploads\/sites\/9\/2023\/02\/hs-vaalikone-1.jpg\" \/>\n\t<meta property=\"og:image:width\" content=\"1428\" \/>\n\t<meta property=\"og:image:height\" content=\"739\" \/>\n\t<meta property=\"og:image:type\" content=\"image\/jpeg\" \/>\n<meta name=\"author\" content=\"Jari Tamminen\" \/>\n<meta name=\"twitter:card\" content=\"summary_large_image\" \/>\n<meta name=\"twitter:label1\" content=\"Kirjoittanut\" \/>\n\t<meta name=\"twitter:data1\" content=\"Jari Tamminen\" \/>\n\t<meta name=\"twitter:label2\" content=\"Arvioitu lukuaika\" \/>\n\t<meta name=\"twitter:data2\" content=\"4 minuuttia\" \/>\n<script type=\"application\/ld+json\" class=\"yoast-schema-graph\">{\"@context\":\"https:\/\/schema.org\",\"@graph\":[{\"@type\":\"WebPage\",\"@id\":\"https:\/\/voima.fi\/hairikot\/artikkeli\/hs-vaalikone-kristilliset-arvot-ovat-hyva-pohja-poliittiselle-paatoksenteolle\/\",\"url\":\"https:\/\/voima.fi\/hairikot\/artikkeli\/hs-vaalikone-kristilliset-arvot-ovat-hyva-pohja-poliittiselle-paatoksenteolle\/\",\"name\":\"HS-vaalikone:\u201d Kristilliset arvot ovat hyv\u00e4 pohja poliittiselle p\u00e4\u00e4t\u00f6ksenteolle.\\\" - H\u00e4irik\u00f6t-p\u00e4\u00e4maja\",\"isPartOf\":{\"@id\":\"https:\/\/voima.fi\/hairikot\/#website\"},\"primaryImageOfPage\":{\"@id\":\"https:\/\/voima.fi\/hairikot\/artikkeli\/hs-vaalikone-kristilliset-arvot-ovat-hyva-pohja-poliittiselle-paatoksenteolle\/#primaryimage\"},\"image\":{\"@id\":\"https:\/\/voima.fi\/hairikot\/artikkeli\/hs-vaalikone-kristilliset-arvot-ovat-hyva-pohja-poliittiselle-paatoksenteolle\/#primaryimage\"},\"thumbnailUrl\":\"https:\/\/voima.fi\/hairikot\/wp-content\/uploads\/sites\/9\/2023\/02\/hs-vaalikone-1.jpg\",\"datePublished\":\"2023-02-16T09:00:06+00:00\",\"dateModified\":\"2023-02-16T09:06:03+00:00\",\"author\":{\"@id\":\"https:\/\/voima.fi\/hairikot\/#\/schema\/person\/523ff68c19f1381d78529f38bb76e7fe\"},\"breadcrumb\":{\"@id\":\"https:\/\/voima.fi\/hairikot\/artikkeli\/hs-vaalikone-kristilliset-arvot-ovat-hyva-pohja-poliittiselle-paatoksenteolle\/#breadcrumb\"},\"inLanguage\":\"fi\",\"potentialAction\":[{\"@type\":\"ReadAction\",\"target\":[\"https:\/\/voima.fi\/hairikot\/artikkeli\/hs-vaalikone-kristilliset-arvot-ovat-hyva-pohja-poliittiselle-paatoksenteolle\/\"]}]},{\"@type\":\"ImageObject\",\"inLanguage\":\"fi\",\"@id\":\"https:\/\/voima.fi\/hairikot\/artikkeli\/hs-vaalikone-kristilliset-arvot-ovat-hyva-pohja-poliittiselle-paatoksenteolle\/#primaryimage\",\"url\":\"https:\/\/voima.fi\/hairikot\/wp-content\/uploads\/sites\/9\/2023\/02\/hs-vaalikone-1.jpg\",\"contentUrl\":\"https:\/\/voima.fi\/hairikot\/wp-content\/uploads\/sites\/9\/2023\/02\/hs-vaalikone-1.jpg\",\"width\":1428,\"height\":739},{\"@type\":\"BreadcrumbList\",\"@id\":\"https:\/\/voima.fi\/hairikot\/artikkeli\/hs-vaalikone-kristilliset-arvot-ovat-hyva-pohja-poliittiselle-paatoksenteolle\/#breadcrumb\",\"itemListElement\":[{\"@type\":\"ListItem\",\"position\":1,\"name\":\"Home\",\"item\":\"https:\/\/voima.fi\/hairikot\/\"},{\"@type\":\"ListItem\",\"position\":2,\"name\":\"HS-vaalikone:\u201d Kristilliset arvot ovat hyv\u00e4 pohja poliittiselle p\u00e4\u00e4t\u00f6ksenteolle.&#8221;\"}]},{\"@type\":\"WebSite\",\"@id\":\"https:\/\/voima.fi\/hairikot\/#website\",\"url\":\"https:\/\/voima.fi\/hairikot\/\",\"name\":\"H\u00e4irik\u00f6t-p\u00e4\u00e4maja\",\"description\":\"\",\"potentialAction\":[{\"@type\":\"SearchAction\",\"target\":{\"@type\":\"EntryPoint\",\"urlTemplate\":\"https:\/\/voima.fi\/hairikot\/?s={search_term_string}\"},\"query-input\":\"required name=search_term_string\"}],\"inLanguage\":\"fi\"},{\"@type\":\"Person\",\"@id\":\"https:\/\/voima.fi\/hairikot\/#\/schema\/person\/523ff68c19f1381d78529f38bb76e7fe\",\"name\":\"Jari Tamminen\",\"image\":{\"@type\":\"ImageObject\",\"inLanguage\":\"fi\",\"@id\":\"https:\/\/voima.fi\/hairikot\/#\/schema\/person\/image\/\",\"url\":\"https:\/\/secure.gravatar.com\/avatar\/e5c0bb16f2efc1924afe37fc190f8ce1?s=96&d=blank&r=g\",\"contentUrl\":\"https:\/\/secure.gravatar.com\/avatar\/e5c0bb16f2efc1924afe37fc190f8ce1?s=96&d=blank&r=g\",\"caption\":\"Jari Tamminen\"},\"description\":\"Kulttuurih\u00e4irint\u00e4 on taiteen ja aktivismin j\u00e4nnitt\u00e4v\u00e4\u00e4 lomittumista: odottamaton performanssi katuvilin\u00e4ss\u00e4, vallattuja mainostauluja ja mainosparodioita. Se on k\u00e4site, joka yhdist\u00e4\u00e4 yhteiskunnallista kommentaaria ja luovaa vastarintaa. T\u00e4ss\u00e4 blogissa Voiman Jari Tamminen hahmottaa maailmaa kulttuurih\u00e4irinn\u00e4n n\u00e4k\u00f6kulmasta. Lis\u00e4\u00e4 Tammisen huomioita kulttuurih\u00e4irinn\u00e4st\u00e4 voi lukea Voimasta, H\u00e4irik\u00f6t \u2013 Kulttuurih\u00e4irinn\u00e4n aakkoset -kirjasta ja p\u00e4ivitt\u00e4in osoitteesta www.facebook.com\/hairikot.\",\"sameAs\":[\"http:\/\/www.facebook.com\/hairikot\"],\"url\":\"https:\/\/voima.fi\/hairikot\/artikkeli\/author\/hairikko\/\"}]}<\/script>\n<!-- \/ Yoast SEO plugin. -->","yoast_head_json":{"title":"HS-vaalikone:\u201d Kristilliset arvot ovat hyv\u00e4 pohja poliittiselle p\u00e4\u00e4t\u00f6ksenteolle.\" - H\u00e4irik\u00f6t-p\u00e4\u00e4maja","robots":{"index":"index","follow":"follow","max-snippet":"max-snippet:-1","max-image-preview":"max-image-preview:large","max-video-preview":"max-video-preview:-1"},"canonical":"https:\/\/voima.fi\/hairikot\/artikkeli\/hs-vaalikone-kristilliset-arvot-ovat-hyva-pohja-poliittiselle-paatoksenteolle\/","og_locale":"fi_FI","og_type":"article","og_title":"HS-vaalikone:\u201d Kristilliset arvot ovat hyv\u00e4 pohja poliittiselle p\u00e4\u00e4t\u00f6ksenteolle.\" - H\u00e4irik\u00f6t-p\u00e4\u00e4maja","og_description":"Helsingin Sanomien vaalikoneessa on yhten\u00e4 v\u00e4itt\u00e4m\u00e4n\u00e4 ajatus siit\u00e4, et\u00e4 \u201dkristilliset arvot\u201d ovat hyv\u00e4 l\u00e4ht\u00f6kohta poliittisia p\u00e4\u00e4t\u00f6ksi\u00e4 tehdess\u00e4. On tietenkin ihan merkityksellist\u00e4 hahmottaa, mist\u00e4 perinteest\u00e4 ja arvopohjasta ehdokkaat ammentavat. Eik\u00e4 t\u00e4m\u00e4 tietenk\u00e4\u00e4n ole ensimm\u00e4inen kerta, kun t\u00e4mm\u00f6ist\u00e4 kysell\u00e4\u00e4n, mutta mietitytt\u00e4\u00e4, ett\u00e4 mihink\u00f6h\u00e4n kukin vastaaja ajattelee vastaavansa. H\u00e4hm\u00e4isten kysymysten joukossa tuo on monella tavalla vailla vertaa. Ent\u00e4 [&hellip;]","og_url":"https:\/\/voima.fi\/hairikot\/artikkeli\/hs-vaalikone-kristilliset-arvot-ovat-hyva-pohja-poliittiselle-paatoksenteolle\/","og_site_name":"H\u00e4irik\u00f6t-p\u00e4\u00e4maja","article_published_time":"2023-02-16T09:00:06+00:00","article_modified_time":"2023-02-16T09:06:03+00:00","og_image":[{"width":1428,"height":739,"url":"https:\/\/voima.fi\/hairikot\/wp-content\/uploads\/sites\/9\/2023\/02\/hs-vaalikone-1.jpg","type":"image\/jpeg"}],"author":"Jari Tamminen","twitter_card":"summary_large_image","twitter_misc":{"Kirjoittanut":"Jari Tamminen","Arvioitu lukuaika":"4 minuuttia"},"schema":{"@context":"https:\/\/schema.org","@graph":[{"@type":"WebPage","@id":"https:\/\/voima.fi\/hairikot\/artikkeli\/hs-vaalikone-kristilliset-arvot-ovat-hyva-pohja-poliittiselle-paatoksenteolle\/","url":"https:\/\/voima.fi\/hairikot\/artikkeli\/hs-vaalikone-kristilliset-arvot-ovat-hyva-pohja-poliittiselle-paatoksenteolle\/","name":"HS-vaalikone:\u201d Kristilliset arvot ovat hyv\u00e4 pohja poliittiselle p\u00e4\u00e4t\u00f6ksenteolle.\" - H\u00e4irik\u00f6t-p\u00e4\u00e4maja","isPartOf":{"@id":"https:\/\/voima.fi\/hairikot\/#website"},"primaryImageOfPage":{"@id":"https:\/\/voima.fi\/hairikot\/artikkeli\/hs-vaalikone-kristilliset-arvot-ovat-hyva-pohja-poliittiselle-paatoksenteolle\/#primaryimage"},"image":{"@id":"https:\/\/voima.fi\/hairikot\/artikkeli\/hs-vaalikone-kristilliset-arvot-ovat-hyva-pohja-poliittiselle-paatoksenteolle\/#primaryimage"},"thumbnailUrl":"https:\/\/voima.fi\/hairikot\/wp-content\/uploads\/sites\/9\/2023\/02\/hs-vaalikone-1.jpg","datePublished":"2023-02-16T09:00:06+00:00","dateModified":"2023-02-16T09:06:03+00:00","author":{"@id":"https:\/\/voima.fi\/hairikot\/#\/schema\/person\/523ff68c19f1381d78529f38bb76e7fe"},"breadcrumb":{"@id":"https:\/\/voima.fi\/hairikot\/artikkeli\/hs-vaalikone-kristilliset-arvot-ovat-hyva-pohja-poliittiselle-paatoksenteolle\/#breadcrumb"},"inLanguage":"fi","potentialAction":[{"@type":"ReadAction","target":["https:\/\/voima.fi\/hairikot\/artikkeli\/hs-vaalikone-kristilliset-arvot-ovat-hyva-pohja-poliittiselle-paatoksenteolle\/"]}]},{"@type":"ImageObject","inLanguage":"fi","@id":"https:\/\/voima.fi\/hairikot\/artikkeli\/hs-vaalikone-kristilliset-arvot-ovat-hyva-pohja-poliittiselle-paatoksenteolle\/#primaryimage","url":"https:\/\/voima.fi\/hairikot\/wp-content\/uploads\/sites\/9\/2023\/02\/hs-vaalikone-1.jpg","contentUrl":"https:\/\/voima.fi\/hairikot\/wp-content\/uploads\/sites\/9\/2023\/02\/hs-vaalikone-1.jpg","width":1428,"height":739},{"@type":"BreadcrumbList","@id":"https:\/\/voima.fi\/hairikot\/artikkeli\/hs-vaalikone-kristilliset-arvot-ovat-hyva-pohja-poliittiselle-paatoksenteolle\/#breadcrumb","itemListElement":[{"@type":"ListItem","position":1,"name":"Home","item":"https:\/\/voima.fi\/hairikot\/"},{"@type":"ListItem","position":2,"name":"HS-vaalikone:\u201d Kristilliset arvot ovat hyv\u00e4 pohja poliittiselle p\u00e4\u00e4t\u00f6ksenteolle.&#8221;"}]},{"@type":"WebSite","@id":"https:\/\/voima.fi\/hairikot\/#website","url":"https:\/\/voima.fi\/hairikot\/","name":"H\u00e4irik\u00f6t-p\u00e4\u00e4maja","description":"","potentialAction":[{"@type":"SearchAction","target":{"@type":"EntryPoint","urlTemplate":"https:\/\/voima.fi\/hairikot\/?s={search_term_string}"},"query-input":"required name=search_term_string"}],"inLanguage":"fi"},{"@type":"Person","@id":"https:\/\/voima.fi\/hairikot\/#\/schema\/person\/523ff68c19f1381d78529f38bb76e7fe","name":"Jari Tamminen","image":{"@type":"ImageObject","inLanguage":"fi","@id":"https:\/\/voima.fi\/hairikot\/#\/schema\/person\/image\/","url":"https:\/\/secure.gravatar.com\/avatar\/e5c0bb16f2efc1924afe37fc190f8ce1?s=96&d=blank&r=g","contentUrl":"https:\/\/secure.gravatar.com\/avatar\/e5c0bb16f2efc1924afe37fc190f8ce1?s=96&d=blank&r=g","caption":"Jari Tamminen"},"description":"Kulttuurih\u00e4irint\u00e4 on taiteen ja aktivismin j\u00e4nnitt\u00e4v\u00e4\u00e4 lomittumista: odottamaton performanssi katuvilin\u00e4ss\u00e4, vallattuja mainostauluja ja mainosparodioita. Se on k\u00e4site, joka yhdist\u00e4\u00e4 yhteiskunnallista kommentaaria ja luovaa vastarintaa. T\u00e4ss\u00e4 blogissa Voiman Jari Tamminen hahmottaa maailmaa kulttuurih\u00e4irinn\u00e4n n\u00e4k\u00f6kulmasta. Lis\u00e4\u00e4 Tammisen huomioita kulttuurih\u00e4irinn\u00e4st\u00e4 voi lukea Voimasta, H\u00e4irik\u00f6t \u2013 Kulttuurih\u00e4irinn\u00e4n aakkoset -kirjasta ja p\u00e4ivitt\u00e4in osoitteesta www.facebook.com\/hairikot.","sameAs":["http:\/\/www.facebook.com\/hairikot"],"url":"https:\/\/voima.fi\/hairikot\/artikkeli\/author\/hairikko\/"}]}},"enclosure":{"image":"https:\/\/voima.fi\/hairikot\/wp-content\/uploads\/sites\/9\/2023\/02\/hs-vaalikone-1.jpg"},"meta:avatar":"","geolocation":[],"meta:youtube":null,"meta:vimeo":null,"meta:duration":null,"_links":{"self":[{"href":"https:\/\/voima.fi\/hairikot\/wp-json\/wp\/v2\/posts\/19980"}],"collection":[{"href":"https:\/\/voima.fi\/hairikot\/wp-json\/wp\/v2\/posts"}],"about":[{"href":"https:\/\/voima.fi\/hairikot\/wp-json\/wp\/v2\/types\/post"}],"author":[{"embeddable":true,"href":"https:\/\/voima.fi\/hairikot\/wp-json\/wp\/v2\/users\/122"}],"replies":[{"embeddable":true,"href":"https:\/\/voima.fi\/hairikot\/wp-json\/wp\/v2\/comments?post=19980"}],"version-history":[{"count":7,"href":"https:\/\/voima.fi\/hairikot\/wp-json\/wp\/v2\/posts\/19980\/revisions"}],"predecessor-version":[{"id":19992,"href":"https:\/\/voima.fi\/hairikot\/wp-json\/wp\/v2\/posts\/19980\/revisions\/19992"}],"wp:featuredmedia":[{"embeddable":true,"href":"https:\/\/voima.fi\/hairikot\/wp-json\/wp\/v2\/media\/19986"}],"wp:attachment":[{"href":"https:\/\/voima.fi\/hairikot\/wp-json\/wp\/v2\/media?parent=19980"}],"wp:term":[{"taxonomy":"category","embeddable":true,"href":"https:\/\/voima.fi\/hairikot\/wp-json\/wp\/v2\/categories?post=19980"},{"taxonomy":"post_tag","embeddable":true,"href":"https:\/\/voima.fi\/hairikot\/wp-json\/wp\/v2\/tags?post=19980"}],"curies":[{"name":"wp","href":"https:\/\/api.w.org\/{rel}","templated":true}]}}