{"id":19973,"date":"2023-02-06T11:27:28","date_gmt":"2023-02-06T09:27:28","guid":{"rendered":"https:\/\/voima.fi\/hairikot\/?p=19973"},"modified":"2023-02-06T20:44:18","modified_gmt":"2023-02-06T18:44:18","slug":"kerro-kerro-kuvastin","status":"publish","type":"post","link":"https:\/\/voima.fi\/hairikot\/artikkeli\/kerro-kerro-kuvastin\/","title":{"rendered":"Kerro, kerro kuvastin, milt\u00e4 meid\u00e4n pit\u00e4isi n\u00e4ytt\u00e4\u00e4"},"content":{"rendered":"<p><strong>\u201dV\u00e4lt\u00e4n puhumasta<\/strong> mediavaikutuksista ja median luomasta keho- ja kauneus\u00adihanteesta, koska se luo k\u00e4sityksen, ett\u00e4 tietyn n\u00e4k\u00f6isten kuvien n\u00e4kemisen ja oman kehon kokemuksen v\u00e4lill\u00e4 olisi joku kausaalinen suhde\u201d, tutkijatohtori <strong>Kaisu Hynn\u00e4-Granberg<\/strong> Turun yliopistolta aloittaa.<\/p>\n<p>\u201dEn tarkoita, etteik\u00f6 kuvilla olisi v\u00e4li\u00e4, mutta kauneusihanteiden ja kuvien v\u00e4linen suhde on monis\u00e4ikeinen. Ehk\u00e4 voisi sanoa, ett\u00e4 kulttuurissamme on tietynlaisia ihanteita ja media tuo ne ihanteet kuvastonsa kautta esille.\u201d<\/p>\n<p>Mainokset voi halutessaan n\u00e4hd\u00e4 peilin\u00e4, joka kuvastaa yhteiskuntaamme. Hynn\u00e4-Granbergin mukaan ongelma ei v\u00e4ltt\u00e4m\u00e4tt\u00e4 ole peiliss\u00e4, mik\u00e4li kuva ei miellyt\u00e4. Kuvissa heijastuva yhteiskunta kuitenkin muodostuu meist\u00e4 kansalaisista, ja ideaalit, vaatimukset sek\u00e4 unelmat kumpuavat meist\u00e4 itsest\u00e4mme.<\/p>\n<p>\u201dMainoskuvasto voi antaa hieman k\u00e4rjistetyn ja irvokkaan kuvan yhteiskunnastamme, mutta ei se kuvasto t\u00e4nne mist\u00e4\u00e4n tyhj\u00e4st\u00e4 putoa.\u201d<\/p>\n<h2><b>Maybe She\u2019s Born With It<\/b><\/h2>\n<p>Kuvastolle altistumisen ohella kansalaiset my\u00f6s osallistuvat sen tuottamiseen ja jakamiseen sosiaalisessa mediassa. T\u00e4m\u00e4 ei ole pelk\u00e4st\u00e4\u00e4n huono asia. Vaikka esimerkiksi Instagramissa yleinen filtter\u00f6ity kuvasto ei toistu oikeassa el\u00e4m\u00e4ss\u00e4, tuo sosiaalinen media my\u00f6s n\u00e4kyviin monenlaisia esteettisi\u00e4 tyylej\u00e4.<span class=\"Apple-converted-space\">\u00a0<\/span><\/p>\n<figure id=\"attachment_19974\" aria-describedby=\"caption-attachment-19974\" style=\"width: 510px\" class=\"wp-caption alignright\"><img decoding=\"async\" class=\" wp-image-19974\" src=\"https:\/\/voima.fi\/hairikot\/wp-content\/uploads\/sites\/9\/2023\/02\/soreal-vastis-411x600.jpg\" alt=\"\" width=\"510\" height=\"745\" srcset=\"https:\/\/voima.fi\/hairikot\/wp-content\/uploads\/sites\/9\/2023\/02\/soreal-vastis-411x600.jpg 411w, https:\/\/voima.fi\/hairikot\/wp-content\/uploads\/sites\/9\/2023\/02\/soreal-vastis-701x1024.jpg 701w, https:\/\/voima.fi\/hairikot\/wp-content\/uploads\/sites\/9\/2023\/02\/soreal-vastis-768x1122.jpg 768w, https:\/\/voima.fi\/hairikot\/wp-content\/uploads\/sites\/9\/2023\/02\/soreal-vastis-1051x1536.jpg 1051w, https:\/\/voima.fi\/hairikot\/wp-content\/uploads\/sites\/9\/2023\/02\/soreal-vastis-1401x2048.jpg 1401w, https:\/\/voima.fi\/hairikot\/wp-content\/uploads\/sites\/9\/2023\/02\/soreal-vastis-219x320.jpg 219w, https:\/\/voima.fi\/hairikot\/wp-content\/uploads\/sites\/9\/2023\/02\/soreal-vastis-200x292.jpg 200w, https:\/\/voima.fi\/hairikot\/wp-content\/uploads\/sites\/9\/2023\/02\/soreal-vastis-560x818.jpg 560w, https:\/\/voima.fi\/hairikot\/wp-content\/uploads\/sites\/9\/2023\/02\/soreal-vastis-980x1432.jpg 980w, https:\/\/voima.fi\/hairikot\/wp-content\/uploads\/sites\/9\/2023\/02\/soreal-vastis-scaled.jpg 1752w\" sizes=\"(max-width: 510px) 100vw, 510px\" \/><figcaption id=\"caption-attachment-19974\" class=\"wp-caption-text\">&#8221;Luonnollisuus&#8221; ymm\u00e4rret\u00e4\u00e4n usein sellaiseksi, mit\u00e4 ihminen ei ole eri tavoin muokannut. M\u00e4\u00e4ritelm\u00e4n ongelmana on se, ett\u00e4 ihmisel\u00e4in on tietenkin my\u00f6s osa luontoa. Mutta jotenkin asiat on aina rajattava ja meid\u00e4n on vain hyv\u00e4ksytt\u00e4v\u00e4 t\u00e4h\u00e4nkin k\u00e4sitteeseen liittyv\u00e4 ep\u00e4m\u00e4\u00e4r\u00e4isyys, jotta se ei laajene tarkoittamaan kaikkea.<br \/>Ottaen huomioon t\u00e4m\u00e4 luonnollisuuden k\u00e4sitteeseen liittyv\u00e4 ep\u00e4selvyys, on huikeaa kuinka paljon meille myyd\u00e4\u00e4n luonnollisuutta. T\u00e4ll\u00e4 inhimillisen s\u00f6rkkimisen poissulkevalla luonnollisuudella myyd\u00e4\u00e4n my\u00f6s h\u00e4kellytt\u00e4v\u00e4n paljon my\u00f6s kosmetiikkaa. Ilmi\u00f6t\u00e4 voisi pit\u00e4\u00e4 omituisena, ellei ottaisi huomioon sit\u00e4, ett\u00e4 ristiriitaisuus on yksi mainosten perusominaisuuksista. Mainoksia kannattaakin aina tarkastella t\u00e4t\u00e4 ristiriitaa vasten.<\/figcaption><\/figure>\n<p>\u201dDigitaalinen media avaa uudenlaisia mahdollisuuksia yksil\u00f6lle leikki\u00e4 ja kokeilla ulkon\u00e4\u00f6ll\u00e4\u00e4n. Ja jos mediassa ei n\u00e4y itsen n\u00e4k\u00f6isi\u00e4 henkil\u00f6it\u00e4, voi selfieill\u00e4 korjata tilannetta ja samalla p\u00e4\u00e4st\u00e4 tarkastelemaan omaa kehoaan eri suunnista.\u201d<\/p>\n<p>Hynn\u00e4-Granbergin mukaan juuri sosiaalinen media on tuonut vaihtelevuutta ulkon\u00e4k\u00f6normeihin.<span class=\"Apple-converted-space\">\u00a0<\/span><\/p>\n<p>\u201dSomessa n\u00e4kee paljon kilpailevia tyylej\u00e4 ja estetiikkoja: on esimerkiksi hyvin perinteisen feminiinist\u00e4 tyyli\u00e4 ja korostettua luonnollisuutta, fitness\u00adihanne ja kehopositiivisuus. Ulkon\u00e4k\u00f6paineista ja sosiaalisesta mediasta kuitenkin puhutaan esimerkiksi iltap\u00e4iv\u00e4lehdiss\u00e4 aina samasta huolia korostavasta n\u00e4k\u00f6kulmasta. Emme silti ole luopumassa sosiaalisesta mediasta, ja voisi puhua enemm\u00e4n siit\u00e4, kuinka sosiaalinen media luo uusia tiloja ja avaa kokemusmaailmaa niin nuorille kuin aikuisillekin.\u201d<\/p>\n<h2><b>Woke Up Like This Foundation<\/b><\/h2>\n<p>Ulkon\u00e4k\u00f6\u00f6n liittyy vahvoja kaksoisstandardeja, joiden kanssa tasapainoilu on v\u00e4hint\u00e4\u00e4nkin vaikeaa. Esimerkiksi melko tiukoista kauneuden m\u00e4\u00e4ritelmist\u00e4 poikkeamisesta herk\u00e4sti rangaistaan, mutta samalla n\u00e4kyv\u00e4 ulkon\u00e4k\u00f6\u00f6n panostaminen koetaan pinnalliseksi. Pit\u00e4isi olla treenattu, mutta salilla rehkiminen on ep\u00e4ilytt\u00e4v\u00e4\u00e4. Eli pit\u00e4isi t\u00e4ytt\u00e4\u00e4 hankalastikin saavutettavat vaatimukset ilman vaivann\u00e4k\u00f6\u00e4.<\/p>\n<p>T\u00e4m\u00e4 kauneusvaatimusten \u201dluonnollisuuteen\u201d ja vaivattomuuteen vetoamisen ristiriitaisuus n\u00e4kyy my\u00f6s mainoksissa, joissa asialla ajoittain leikitell\u00e4\u00e4nkin. Ironiaa huokuvat hiustuotesarja Bed Head ja meikkivoide Woke Up Like This. Samalla, kun mainokset ja tuotemerkit sek\u00e4 sloganit voivat huvittaa, ne kuitenkin osaltaan tuottavat paineita. Silti huumori ja ironian taju voisivat auttaa my\u00f6s yksil\u00f6\u00e4 ristiriitaisten vaatimusten edess\u00e4.<\/p>\n<p>Ristiriidat ulottuvat my\u00f6s tutkimukseen. Ulkon\u00e4k\u00f6ihanteita pohtiva tutkimus onkin jakautunut.<\/p>\n<p>\u201dFeministisill\u00e4 tutkijoilla on ollut kahdenlaista linjaa kauneusk\u00e4yt\u00e4nt\u00f6ihin, meikkaamiseen ja pukeutumiseen liittyen. Edelleen on vahva linja, jossa osallistuminen n\u00e4ihin k\u00e4yt\u00e4nt\u00f6ihin koetaan itsens\u00e4 alistamisena ja se tuomitaan. Tuomitaan yksil\u00f6, vaikka n\u00e4hd\u00e4\u00e4n, ett\u00e4 ne ihanteet ovat yhteiskunnallisten rakenteiden synnytt\u00e4mi\u00e4. Se on mielest\u00e4ni v\u00e4\u00e4rin, koska se kuvasto on kaikkialla ymp\u00e4rill\u00e4mme ja on vaikea asettua sen ulkopuolelle.\u201d<\/p>\n<p>Vastapainoksi tuomitsevalle linjalle l\u00f6ytyy my\u00f6s n\u00e4kemys, jossa korostetaan pukeutumisen ja meikkaamisen tuomaa nautintoa sek\u00e4 itseluottamusta. Vaatimukset k\u00e4\u00e4nnet\u00e4\u00e4n voimavaraksi ja resurssiksi, jolla voi my\u00f6s leikitell\u00e4.<\/p>\n<p>\u201dOma linjani on jossain n\u00e4iden kahden p\u00e4\u00e4n v\u00e4lill\u00e4. Pit\u00e4\u00e4 totta kai puhua yhteiskunnan rakenteista, olla kriittinen sille, mit\u00e4 kapitalistiseen kauneus\u00adteollisuuteen liittyy. Mutta my\u00f6s se el\u00e4myksellisyyden korostaminen on t\u00e4rke\u00e4\u00e4. Esimerkiksi pukeutumisesta nauttiminen voi olla yksil\u00f6lle keino p\u00e4\u00e4st\u00e4 paineiden yl\u00e4puolelle.\u201d<\/p>\n<h2><b>War Paint for Men<\/b><\/h2>\n<p>Ulkon\u00e4k\u00f6\u00f6n liittyv\u00e4t kaksoisstandardit n\u00e4kyv\u00e4t my\u00f6s ty\u00f6el\u00e4m\u00e4ss\u00e4. Se, millaisia ominaisuuksia suositaan, el\u00e4\u00e4 hieman ajassa, mutta riippuu my\u00f6s siit\u00e4, mink\u00e4 n\u00e4k\u00f6isi\u00e4 henkil\u00f6it\u00e4 miss\u00e4kin teht\u00e4viss\u00e4 on totuttu n\u00e4kem\u00e4\u00e4n. T\u00e4m\u00e4 tuli n\u00e4kyv\u00e4ksi my\u00f6s siin\u00e4, kuinka p\u00e4\u00e4ministeri <strong>Sanna Marinia<\/strong> on tarkasteltu mediassa. Lehdiss\u00e4 on jopa julkaistu kuvia totuttua nuoremman ja eitt\u00e4m\u00e4tt\u00e4 kauniin naisp\u00e4\u00e4ministerin takamuksesta. Mutta ei Marin suinkaan ensimm\u00e4inen stereotypiasta poikkeava poliitikko ole.<\/p>\n<figure id=\"attachment_19975\" aria-describedby=\"caption-attachment-19975\" style=\"width: 510px\" class=\"wp-caption alignleft\"><img decoding=\"async\" class=\" wp-image-19975\" src=\"https:\/\/voima.fi\/hairikot\/wp-content\/uploads\/sites\/9\/2023\/02\/oilfactor-vastis-425x600.png\" alt=\"\" width=\"510\" height=\"720\" srcset=\"https:\/\/voima.fi\/hairikot\/wp-content\/uploads\/sites\/9\/2023\/02\/oilfactor-vastis-425x600.png 425w, https:\/\/voima.fi\/hairikot\/wp-content\/uploads\/sites\/9\/2023\/02\/oilfactor-vastis-227x320.png 227w, https:\/\/voima.fi\/hairikot\/wp-content\/uploads\/sites\/9\/2023\/02\/oilfactor-vastis-200x283.png 200w, https:\/\/voima.fi\/hairikot\/wp-content\/uploads\/sites\/9\/2023\/02\/oilfactor-vastis-560x791.png 560w, https:\/\/voima.fi\/hairikot\/wp-content\/uploads\/sites\/9\/2023\/02\/oilfactor-vastis.png 625w\" sizes=\"(max-width: 510px) 100vw, 510px\" \/><figcaption id=\"caption-attachment-19975\" class=\"wp-caption-text\">\u00d6ljy on se voide, jonka varassa ihmiskunnan rattaat py\u00f6riv\u00e4t. Osa \u00f6ljyst\u00e4 poltetaan polttomoottoreissa ja n\u00e4in muutetaan liikkeeksi, mutta merkitt\u00e4v\u00e4 osuus maasta pumpatusta \u00f6ljyst\u00e4 k\u00e4ytet\u00e4\u00e4n tavoilla, jotka eiv\u00e4t v\u00e4ltt\u00e4m\u00e4tt\u00e4 ole niin ilmeisi\u00e4. N\u00e4iss\u00e4 kohdissa voisi puhua piilo\u00f6ljyst\u00e4 samoin, kuin puhutaan piilorasvasta.<br \/>Kosmetiikan kemikaalipitoisuuksia<br \/>seuraavan CosmEthics-<br \/>yhti\u00f6n ker\u00e4\u00e4mien tietojen<br \/>perusteella l\u00e4hes puolet EU:n alueella myyt\u00e4vist\u00e4 kosmetiikkatuotteista<br \/>sis\u00e4lt\u00e4v\u00e4t \u00f6ljy- ja muovijalosteita.<\/figcaption><\/figure>\n<p>\u201dSamoin tulee my\u00f6s mieleen kansanedustaja <strong>Tanja Saarela<\/strong>, jonka ulkon\u00e4k\u00f6\u00f6n kiinnitettiin paljon huomiota. H\u00e4n oli missi ja aivan liian kaunis ollakseen fiksu ja hyv\u00e4 poliitikko. My\u00f6s presidentti <strong>Tarja Halosen<\/strong> ulkon\u00e4k\u00f6 on her\u00e4tt\u00e4nyt kommentteja. Se lokero, johon pit\u00e4isi asettua on kapea \u2013 erityisesti naisilla ja etenkin poliitikoilla. Mutta eiv\u00e4t miehetk\u00e4\u00e4n ole t\u00e4m\u00e4n ulkopuolella. <strong>Martti Ahtisaaren<\/strong> koko her\u00e4tti paljon kritiikki\u00e4 ja h\u00e4n sai aivan j\u00e4rkytt\u00e4v\u00e4\u00e4 palautetta.\u201d<\/p>\n<p>Politiikan ohella my\u00f6s liike-el\u00e4m\u00e4ss\u00e4 ulkon\u00e4k\u00f6\u00f6n liittyvi\u00e4 kaksoisstandardeja riitt\u00e4\u00e4. Joidenkin fyysisi\u00e4 ominaisuuksia arvostetaan ja toisten v\u00e4heksyt\u00e4\u00e4n, mutta onneksi maailma muuttuu. Ulkon\u00e4k\u00f6vaatimusten monipuolistuminen n\u00e4kyy my\u00f6s poikien ja miesten el\u00e4m\u00e4ss\u00e4.<\/p>\n<p>\u201dOnneksi my\u00f6s maskuliinisuuden ymm\u00e4rt\u00e4minen on muuttunut. Ei v\u00e4ltt\u00e4m\u00e4tt\u00e4 tarvitse olla ylti\u00f6bodattua kehoa ja pidet\u00e4\u00e4n ihan hyv\u00e4n\u00e4kin \u00adasiana, ett\u00e4 mies voi k\u00e4ytt\u00e4\u00e4 ihonhoitotuotteita ja mietti\u00e4 vaatteitaan.\u201d<\/p>\n<h2><b>Naked by Urban Decay<\/b><\/h2>\n<p>\u201dAitouden\u201d vaatimuksen kaksoistandardi tuli kiinnostavasti n\u00e4kyv\u00e4ksi tieteellisess\u00e4 <a href=\"https:\/\/www.researchgate.net\/publication\/353811983_The_cost_of_looking_natural_Why_the_no-makeup_movement_may_fail_to_discourage_cosmetic_use\" class=\"external\" rel=\"nofollow\"><em>The cost of looking natural<\/em><\/a> -artikkelissa, jossa verrattiin sosiaalisessa mediassa noussutta #nomakeup-liikett\u00e4 ja kosmetiikkamyynti\u00e4 trendin rinnalla. Kosmetiikan myynti kasvoi samalla, kun oli trendik\u00e4st\u00e4 kertoa, ett\u00e4 ei k\u00e4yt\u00e4 meikki\u00e4.<span class=\"Apple-converted-space\">\u00a0<\/span><\/p>\n<p>\u201dKosmetiikka- ja kauneusteollisuus ovat eritt\u00e4in tietoisia kaikista trendeist\u00e4. Teollisuus my\u00f6s hyvin ristiriitaisesti julistaa, kuinka kaikki ovat kauniita, mutta kertoo samalla, ett\u00e4 tarvitset n\u00e4it\u00e4 meid\u00e4n tuotteitamme saavuttaaksesi kauneuden.\u201d<\/p>\n<p>Ei meikki\u00e4 -ajatukseen liittyy my\u00f6s ajatus \u201daitoudesta\u201d. Mutta mit\u00e4 \u201daitous\u201d yleens\u00e4k\u00e4\u00e4n on?<\/p>\n<p>\u201dSomessa tosiaan tulee erityisen vahvasti esiin aitouden vaatimus. On tutkittu, millaisiin somevaikuttajiin reagoidaan: arkisen oloiset postaukset koetaan vetoavammiksi. Oma aiheensa ovat meikitt\u00f6m\u00e4t ja filtteritt\u00f6m\u00e4t selfiet. Silloinkin on hyv\u00e4 mietti\u00e4, kenen tavoitettavissa sen meikitt\u00f6m\u00e4n selfien vaatimukset ovat. Niiden julkaiseminen k\u00e4\u00e4ntyy \u00e4kki\u00e4 kauhisteluksi siit\u00e4, ett\u00e4 vaikka 50-vuotias naisn\u00e4yttelij\u00e4 on liian vanhan \u2013 eli ik\u00e4isens\u00e4 \u2013 n\u00e4k\u00f6inen.\u201d<\/p>\n<p>Hynn\u00e4-Granbergin mielest\u00e4 auttaisi, jos kauneusihanteet teht\u00e4isiin l\u00e4pin\u00e4kyv\u00e4mmiksi.<\/p>\n<p>\u201dOn todella suuri ongelma k\u00e4ytt\u00e4\u00e4 #nomakeup-hastagia, jos on oikeasti k\u00e4ytetty meikki\u00e4, ja on tehty aika paljonkin ty\u00f6t\u00e4 ulkon\u00e4\u00f6n eteen. Eli rehellisyys tehdyst\u00e4 ulkon\u00e4k\u00f6ty\u00f6st\u00e4 voisi olla yksi tapa kohdata vaatimukset.\u201d<\/p>\n<p><strong>Kaisu Hynn\u00e4-Granbergin v\u00e4it\u00f6stutkimus\u00a0<em>The Feeling body in the media: affective engagements with body positive media<\/em> luettavissa <a href=\"https:\/\/www.utupub.fi\/handle\/10024\/173074\" class=\"external\" rel=\"nofollow\">t\u00e4\u00e4ll\u00e4<\/a>.<\/strong><\/p>\n","protected":false},"excerpt":{"rendered":"<p>\u201dV\u00e4lt\u00e4n puhumasta mediavaikutuksista ja median luomasta keho- ja kauneus\u00adihanteesta, koska se luo k\u00e4sityksen, ett\u00e4 tietyn n\u00e4k\u00f6isten kuvien n\u00e4kemisen ja oman kehon kokemuksen v\u00e4lill\u00e4 olisi joku kausaalinen suhde\u201d, tutkijatohtori Kaisu Hynn\u00e4-Granberg Turun yliopistolta aloittaa. \u201dEn tarkoita, etteik\u00f6 kuvilla olisi v\u00e4li\u00e4, mutta kauneusihanteiden ja kuvien v\u00e4linen suhde on monis\u00e4ikeinen. Ehk\u00e4 voisi sanoa, ett\u00e4 kulttuurissamme on tietynlaisia ihanteita [&hellip;]<\/p>\n","protected":false},"author":122,"featured_media":19979,"comment_status":"closed","ping_status":"closed","sticky":false,"template":"","format":"standard","meta":{"footnotes":""},"categories":[4],"tags":[1091,1092,3163,1260,1485,3164,1542,3165,2315,3166,2775],"yoast_head":"<!-- This site is optimized with the Yoast SEO plugin v22.7 - https:\/\/yoast.com\/wordpress\/plugins\/seo\/ -->\n<title>Kerro, kerro kuvastin, milt\u00e4 meid\u00e4n pit\u00e4isi n\u00e4ytt\u00e4\u00e4 - H\u00e4irik\u00f6t-p\u00e4\u00e4maja<\/title>\n<meta name=\"robots\" content=\"index, follow, max-snippet:-1, max-image-preview:large, max-video-preview:-1\" \/>\n<link rel=\"canonical\" href=\"https:\/\/voima.fi\/hairikot\/artikkeli\/kerro-kerro-kuvastin\/\" \/>\n<meta property=\"og:locale\" content=\"fi_FI\" \/>\n<meta property=\"og:type\" content=\"article\" \/>\n<meta property=\"og:title\" content=\"Kerro, kerro kuvastin, milt\u00e4 meid\u00e4n pit\u00e4isi n\u00e4ytt\u00e4\u00e4 - H\u00e4irik\u00f6t-p\u00e4\u00e4maja\" \/>\n<meta property=\"og:description\" content=\"\u201dV\u00e4lt\u00e4n puhumasta mediavaikutuksista ja median luomasta keho- ja kauneus\u00adihanteesta, koska se luo k\u00e4sityksen, ett\u00e4 tietyn n\u00e4k\u00f6isten kuvien n\u00e4kemisen ja oman kehon kokemuksen v\u00e4lill\u00e4 olisi joku kausaalinen suhde\u201d, tutkijatohtori Kaisu Hynn\u00e4-Granberg Turun yliopistolta aloittaa. \u201dEn tarkoita, etteik\u00f6 kuvilla olisi v\u00e4li\u00e4, mutta kauneusihanteiden ja kuvien v\u00e4linen suhde on monis\u00e4ikeinen. Ehk\u00e4 voisi sanoa, ett\u00e4 kulttuurissamme on tietynlaisia ihanteita [&hellip;]\" \/>\n<meta property=\"og:url\" content=\"https:\/\/voima.fi\/hairikot\/artikkeli\/kerro-kerro-kuvastin\/\" \/>\n<meta property=\"og:site_name\" content=\"H\u00e4irik\u00f6t-p\u00e4\u00e4maja\" \/>\n<meta property=\"article:published_time\" content=\"2023-02-06T09:27:28+00:00\" \/>\n<meta property=\"article:modified_time\" content=\"2023-02-06T18:44:18+00:00\" \/>\n<meta property=\"og:image\" content=\"https:\/\/voima.fi\/hairikot\/wp-content\/uploads\/sites\/9\/2023\/02\/soreal-vaaka-vastis.jpg\" \/>\n\t<meta property=\"og:image:width\" content=\"2048\" \/>\n\t<meta property=\"og:image:height\" content=\"1325\" \/>\n\t<meta property=\"og:image:type\" content=\"image\/jpeg\" \/>\n<meta name=\"author\" content=\"Jari Tamminen\" \/>\n<meta name=\"twitter:card\" content=\"summary_large_image\" \/>\n<meta name=\"twitter:label1\" content=\"Kirjoittanut\" \/>\n\t<meta name=\"twitter:data1\" content=\"Jari Tamminen\" \/>\n\t<meta name=\"twitter:label2\" content=\"Arvioitu lukuaika\" \/>\n\t<meta name=\"twitter:data2\" content=\"7 minuuttia\" \/>\n<script type=\"application\/ld+json\" class=\"yoast-schema-graph\">{\"@context\":\"https:\/\/schema.org\",\"@graph\":[{\"@type\":\"WebPage\",\"@id\":\"https:\/\/voima.fi\/hairikot\/artikkeli\/kerro-kerro-kuvastin\/\",\"url\":\"https:\/\/voima.fi\/hairikot\/artikkeli\/kerro-kerro-kuvastin\/\",\"name\":\"Kerro, kerro kuvastin, milt\u00e4 meid\u00e4n pit\u00e4isi n\u00e4ytt\u00e4\u00e4 - H\u00e4irik\u00f6t-p\u00e4\u00e4maja\",\"isPartOf\":{\"@id\":\"https:\/\/voima.fi\/hairikot\/#website\"},\"primaryImageOfPage\":{\"@id\":\"https:\/\/voima.fi\/hairikot\/artikkeli\/kerro-kerro-kuvastin\/#primaryimage\"},\"image\":{\"@id\":\"https:\/\/voima.fi\/hairikot\/artikkeli\/kerro-kerro-kuvastin\/#primaryimage\"},\"thumbnailUrl\":\"https:\/\/voima.fi\/hairikot\/wp-content\/uploads\/sites\/9\/2023\/02\/soreal-vaaka-vastis.jpg\",\"datePublished\":\"2023-02-06T09:27:28+00:00\",\"dateModified\":\"2023-02-06T18:44:18+00:00\",\"author\":{\"@id\":\"https:\/\/voima.fi\/hairikot\/#\/schema\/person\/523ff68c19f1381d78529f38bb76e7fe\"},\"breadcrumb\":{\"@id\":\"https:\/\/voima.fi\/hairikot\/artikkeli\/kerro-kerro-kuvastin\/#breadcrumb\"},\"inLanguage\":\"fi\",\"potentialAction\":[{\"@type\":\"ReadAction\",\"target\":[\"https:\/\/voima.fi\/hairikot\/artikkeli\/kerro-kerro-kuvastin\/\"]}]},{\"@type\":\"ImageObject\",\"inLanguage\":\"fi\",\"@id\":\"https:\/\/voima.fi\/hairikot\/artikkeli\/kerro-kerro-kuvastin\/#primaryimage\",\"url\":\"https:\/\/voima.fi\/hairikot\/wp-content\/uploads\/sites\/9\/2023\/02\/soreal-vaaka-vastis.jpg\",\"contentUrl\":\"https:\/\/voima.fi\/hairikot\/wp-content\/uploads\/sites\/9\/2023\/02\/soreal-vaaka-vastis.jpg\",\"width\":2048,\"height\":1325},{\"@type\":\"BreadcrumbList\",\"@id\":\"https:\/\/voima.fi\/hairikot\/artikkeli\/kerro-kerro-kuvastin\/#breadcrumb\",\"itemListElement\":[{\"@type\":\"ListItem\",\"position\":1,\"name\":\"Home\",\"item\":\"https:\/\/voima.fi\/hairikot\/\"},{\"@type\":\"ListItem\",\"position\":2,\"name\":\"Kerro, kerro kuvastin, milt\u00e4 meid\u00e4n pit\u00e4isi n\u00e4ytt\u00e4\u00e4\"}]},{\"@type\":\"WebSite\",\"@id\":\"https:\/\/voima.fi\/hairikot\/#website\",\"url\":\"https:\/\/voima.fi\/hairikot\/\",\"name\":\"H\u00e4irik\u00f6t-p\u00e4\u00e4maja\",\"description\":\"\",\"potentialAction\":[{\"@type\":\"SearchAction\",\"target\":{\"@type\":\"EntryPoint\",\"urlTemplate\":\"https:\/\/voima.fi\/hairikot\/?s={search_term_string}\"},\"query-input\":\"required name=search_term_string\"}],\"inLanguage\":\"fi\"},{\"@type\":\"Person\",\"@id\":\"https:\/\/voima.fi\/hairikot\/#\/schema\/person\/523ff68c19f1381d78529f38bb76e7fe\",\"name\":\"Jari Tamminen\",\"image\":{\"@type\":\"ImageObject\",\"inLanguage\":\"fi\",\"@id\":\"https:\/\/voima.fi\/hairikot\/#\/schema\/person\/image\/\",\"url\":\"https:\/\/secure.gravatar.com\/avatar\/e5c0bb16f2efc1924afe37fc190f8ce1?s=96&d=blank&r=g\",\"contentUrl\":\"https:\/\/secure.gravatar.com\/avatar\/e5c0bb16f2efc1924afe37fc190f8ce1?s=96&d=blank&r=g\",\"caption\":\"Jari Tamminen\"},\"description\":\"Kulttuurih\u00e4irint\u00e4 on taiteen ja aktivismin j\u00e4nnitt\u00e4v\u00e4\u00e4 lomittumista: odottamaton performanssi katuvilin\u00e4ss\u00e4, vallattuja mainostauluja ja mainosparodioita. Se on k\u00e4site, joka yhdist\u00e4\u00e4 yhteiskunnallista kommentaaria ja luovaa vastarintaa. T\u00e4ss\u00e4 blogissa Voiman Jari Tamminen hahmottaa maailmaa kulttuurih\u00e4irinn\u00e4n n\u00e4k\u00f6kulmasta. Lis\u00e4\u00e4 Tammisen huomioita kulttuurih\u00e4irinn\u00e4st\u00e4 voi lukea Voimasta, H\u00e4irik\u00f6t \u2013 Kulttuurih\u00e4irinn\u00e4n aakkoset -kirjasta ja p\u00e4ivitt\u00e4in osoitteesta www.facebook.com\/hairikot.\",\"sameAs\":[\"http:\/\/www.facebook.com\/hairikot\"],\"url\":\"https:\/\/voima.fi\/hairikot\/artikkeli\/author\/hairikko\/\"}]}<\/script>\n<!-- \/ Yoast SEO plugin. -->","yoast_head_json":{"title":"Kerro, kerro kuvastin, milt\u00e4 meid\u00e4n pit\u00e4isi n\u00e4ytt\u00e4\u00e4 - H\u00e4irik\u00f6t-p\u00e4\u00e4maja","robots":{"index":"index","follow":"follow","max-snippet":"max-snippet:-1","max-image-preview":"max-image-preview:large","max-video-preview":"max-video-preview:-1"},"canonical":"https:\/\/voima.fi\/hairikot\/artikkeli\/kerro-kerro-kuvastin\/","og_locale":"fi_FI","og_type":"article","og_title":"Kerro, kerro kuvastin, milt\u00e4 meid\u00e4n pit\u00e4isi n\u00e4ytt\u00e4\u00e4 - H\u00e4irik\u00f6t-p\u00e4\u00e4maja","og_description":"\u201dV\u00e4lt\u00e4n puhumasta mediavaikutuksista ja median luomasta keho- ja kauneus\u00adihanteesta, koska se luo k\u00e4sityksen, ett\u00e4 tietyn n\u00e4k\u00f6isten kuvien n\u00e4kemisen ja oman kehon kokemuksen v\u00e4lill\u00e4 olisi joku kausaalinen suhde\u201d, tutkijatohtori Kaisu Hynn\u00e4-Granberg Turun yliopistolta aloittaa. \u201dEn tarkoita, etteik\u00f6 kuvilla olisi v\u00e4li\u00e4, mutta kauneusihanteiden ja kuvien v\u00e4linen suhde on monis\u00e4ikeinen. Ehk\u00e4 voisi sanoa, ett\u00e4 kulttuurissamme on tietynlaisia ihanteita [&hellip;]","og_url":"https:\/\/voima.fi\/hairikot\/artikkeli\/kerro-kerro-kuvastin\/","og_site_name":"H\u00e4irik\u00f6t-p\u00e4\u00e4maja","article_published_time":"2023-02-06T09:27:28+00:00","article_modified_time":"2023-02-06T18:44:18+00:00","og_image":[{"width":2048,"height":1325,"url":"https:\/\/voima.fi\/hairikot\/wp-content\/uploads\/sites\/9\/2023\/02\/soreal-vaaka-vastis.jpg","type":"image\/jpeg"}],"author":"Jari Tamminen","twitter_card":"summary_large_image","twitter_misc":{"Kirjoittanut":"Jari Tamminen","Arvioitu lukuaika":"7 minuuttia"},"schema":{"@context":"https:\/\/schema.org","@graph":[{"@type":"WebPage","@id":"https:\/\/voima.fi\/hairikot\/artikkeli\/kerro-kerro-kuvastin\/","url":"https:\/\/voima.fi\/hairikot\/artikkeli\/kerro-kerro-kuvastin\/","name":"Kerro, kerro kuvastin, milt\u00e4 meid\u00e4n pit\u00e4isi n\u00e4ytt\u00e4\u00e4 - H\u00e4irik\u00f6t-p\u00e4\u00e4maja","isPartOf":{"@id":"https:\/\/voima.fi\/hairikot\/#website"},"primaryImageOfPage":{"@id":"https:\/\/voima.fi\/hairikot\/artikkeli\/kerro-kerro-kuvastin\/#primaryimage"},"image":{"@id":"https:\/\/voima.fi\/hairikot\/artikkeli\/kerro-kerro-kuvastin\/#primaryimage"},"thumbnailUrl":"https:\/\/voima.fi\/hairikot\/wp-content\/uploads\/sites\/9\/2023\/02\/soreal-vaaka-vastis.jpg","datePublished":"2023-02-06T09:27:28+00:00","dateModified":"2023-02-06T18:44:18+00:00","author":{"@id":"https:\/\/voima.fi\/hairikot\/#\/schema\/person\/523ff68c19f1381d78529f38bb76e7fe"},"breadcrumb":{"@id":"https:\/\/voima.fi\/hairikot\/artikkeli\/kerro-kerro-kuvastin\/#breadcrumb"},"inLanguage":"fi","potentialAction":[{"@type":"ReadAction","target":["https:\/\/voima.fi\/hairikot\/artikkeli\/kerro-kerro-kuvastin\/"]}]},{"@type":"ImageObject","inLanguage":"fi","@id":"https:\/\/voima.fi\/hairikot\/artikkeli\/kerro-kerro-kuvastin\/#primaryimage","url":"https:\/\/voima.fi\/hairikot\/wp-content\/uploads\/sites\/9\/2023\/02\/soreal-vaaka-vastis.jpg","contentUrl":"https:\/\/voima.fi\/hairikot\/wp-content\/uploads\/sites\/9\/2023\/02\/soreal-vaaka-vastis.jpg","width":2048,"height":1325},{"@type":"BreadcrumbList","@id":"https:\/\/voima.fi\/hairikot\/artikkeli\/kerro-kerro-kuvastin\/#breadcrumb","itemListElement":[{"@type":"ListItem","position":1,"name":"Home","item":"https:\/\/voima.fi\/hairikot\/"},{"@type":"ListItem","position":2,"name":"Kerro, kerro kuvastin, milt\u00e4 meid\u00e4n pit\u00e4isi n\u00e4ytt\u00e4\u00e4"}]},{"@type":"WebSite","@id":"https:\/\/voima.fi\/hairikot\/#website","url":"https:\/\/voima.fi\/hairikot\/","name":"H\u00e4irik\u00f6t-p\u00e4\u00e4maja","description":"","potentialAction":[{"@type":"SearchAction","target":{"@type":"EntryPoint","urlTemplate":"https:\/\/voima.fi\/hairikot\/?s={search_term_string}"},"query-input":"required name=search_term_string"}],"inLanguage":"fi"},{"@type":"Person","@id":"https:\/\/voima.fi\/hairikot\/#\/schema\/person\/523ff68c19f1381d78529f38bb76e7fe","name":"Jari Tamminen","image":{"@type":"ImageObject","inLanguage":"fi","@id":"https:\/\/voima.fi\/hairikot\/#\/schema\/person\/image\/","url":"https:\/\/secure.gravatar.com\/avatar\/e5c0bb16f2efc1924afe37fc190f8ce1?s=96&d=blank&r=g","contentUrl":"https:\/\/secure.gravatar.com\/avatar\/e5c0bb16f2efc1924afe37fc190f8ce1?s=96&d=blank&r=g","caption":"Jari Tamminen"},"description":"Kulttuurih\u00e4irint\u00e4 on taiteen ja aktivismin j\u00e4nnitt\u00e4v\u00e4\u00e4 lomittumista: odottamaton performanssi katuvilin\u00e4ss\u00e4, vallattuja mainostauluja ja mainosparodioita. Se on k\u00e4site, joka yhdist\u00e4\u00e4 yhteiskunnallista kommentaaria ja luovaa vastarintaa. T\u00e4ss\u00e4 blogissa Voiman Jari Tamminen hahmottaa maailmaa kulttuurih\u00e4irinn\u00e4n n\u00e4k\u00f6kulmasta. Lis\u00e4\u00e4 Tammisen huomioita kulttuurih\u00e4irinn\u00e4st\u00e4 voi lukea Voimasta, H\u00e4irik\u00f6t \u2013 Kulttuurih\u00e4irinn\u00e4n aakkoset -kirjasta ja p\u00e4ivitt\u00e4in osoitteesta www.facebook.com\/hairikot.","sameAs":["http:\/\/www.facebook.com\/hairikot"],"url":"https:\/\/voima.fi\/hairikot\/artikkeli\/author\/hairikko\/"}]}},"enclosure":{"image":"https:\/\/voima.fi\/hairikot\/wp-content\/uploads\/sites\/9\/2023\/02\/soreal-vaaka-vastis.jpg"},"meta:avatar":"","geolocation":[],"meta:youtube":null,"meta:vimeo":null,"meta:duration":null,"_links":{"self":[{"href":"https:\/\/voima.fi\/hairikot\/wp-json\/wp\/v2\/posts\/19973"}],"collection":[{"href":"https:\/\/voima.fi\/hairikot\/wp-json\/wp\/v2\/posts"}],"about":[{"href":"https:\/\/voima.fi\/hairikot\/wp-json\/wp\/v2\/types\/post"}],"author":[{"embeddable":true,"href":"https:\/\/voima.fi\/hairikot\/wp-json\/wp\/v2\/users\/122"}],"replies":[{"embeddable":true,"href":"https:\/\/voima.fi\/hairikot\/wp-json\/wp\/v2\/comments?post=19973"}],"version-history":[{"count":2,"href":"https:\/\/voima.fi\/hairikot\/wp-json\/wp\/v2\/posts\/19973\/revisions"}],"predecessor-version":[{"id":19978,"href":"https:\/\/voima.fi\/hairikot\/wp-json\/wp\/v2\/posts\/19973\/revisions\/19978"}],"wp:featuredmedia":[{"embeddable":true,"href":"https:\/\/voima.fi\/hairikot\/wp-json\/wp\/v2\/media\/19979"}],"wp:attachment":[{"href":"https:\/\/voima.fi\/hairikot\/wp-json\/wp\/v2\/media?parent=19973"}],"wp:term":[{"taxonomy":"category","embeddable":true,"href":"https:\/\/voima.fi\/hairikot\/wp-json\/wp\/v2\/categories?post=19973"},{"taxonomy":"post_tag","embeddable":true,"href":"https:\/\/voima.fi\/hairikot\/wp-json\/wp\/v2\/tags?post=19973"}],"curies":[{"name":"wp","href":"https:\/\/api.w.org\/{rel}","templated":true}]}}