{"id":19845,"date":"2022-10-19T12:39:42","date_gmt":"2022-10-19T09:39:42","guid":{"rendered":"https:\/\/voima.fi\/hairikot\/?p=19845"},"modified":"2022-10-19T12:41:07","modified_gmt":"2022-10-19T09:41:07","slug":"suora-toiminta-ilmastokriisi-ja-taide","status":"publish","type":"post","link":"https:\/\/voima.fi\/hairikot\/artikkeli\/suora-toiminta-ilmastokriisi-ja-taide\/","title":{"rendered":"Suora toiminta, ilmastokriisi ja taide"},"content":{"rendered":"<p><strong>\u201dAktivistit heittiv\u00e4t purkillisen tomaattikeittoa<\/strong>\u00a0korvaamattoman arvokkaan Van Goghin maalauksen p\u00e4\u00e4lle!\u201d<\/p>\n<p>N\u00e4in meille Lontoossa 14. lokakuuta tapahtunutta uutisoitiin. Oikeastihan kyseess\u00e4 ei ollut aivan noin dramaattinen tapaus. <a href=\"https:\/\/juststopoil.org\/2022\/10\/14\/just-stop-oil-supporters-throw-soup-over-van-goghs-sunflowers-to-demand-no-new-oil-and-gas\/\" class=\"external\" rel=\"nofollow\">Just Stop Oil<\/a> -ryhm\u00e4n kaksi aktivistia kyll\u00e4 sinkosi tomaattikeittoa kohti Van Goghin maalausta, mutta maalauksen ja tomaattikeiton v\u00e4liss\u00e4 oli suojalasi. Teos oli t\u00e4ysin turvassa l\u00e4pi mekkalan ja t\u00e4m\u00e4 oli my\u00f6s aktivistien tiedossa.<\/p>\n<p>Toinen aktivisteista, lontoolainen\u00a0<strong>Phoebe Plummer<\/strong>\u00a0esitti keikille kauhistuneille kysymyksen &#8221;Onko taide el\u00e4m\u00e4\u00e4 arvokkaampaa? Ruokaa arvokkaampaa? Oikeutta arvokkaampaa?&#8221;<\/p>\n<p>Itse uskaltaisin sanoa, ett\u00e4 taide on kyll\u00e4 yksi niist\u00e4 asioista, mink\u00e4 takia t\u00e4t\u00e4 ihmiskuntaa yleens\u00e4k\u00e4\u00e4n kannattaa arvostaa, mutta taide voi my\u00f6s olla montaa eri asiaa. Kansainv\u00e4lisill\u00e4 taidemarkkinoilla taide on jo aikap\u00e4iv\u00e4\u00e4 sitten muuttunut jostain &#8221;ylev\u00e4st\u00e4&#8221; ja &#8221;kauniista&#8221; arvon mitaksi, keinottelun v\u00e4lineeksi. Kyll\u00e4 keskustelua siis sopii k\u00e4yd\u00e4 siit\u00e4, kuinka ja miksi mit\u00e4kin arvostetaan.<\/p>\n<p>Ja kertauksen vuoksi: Tempauksessa ei vahingoitettu taideteoksia.<\/p>\n<figure id=\"attachment_19847\" aria-describedby=\"caption-attachment-19847\" style=\"width: 551px\" class=\"wp-caption alignright\"><img decoding=\"async\" class=\" wp-image-19847\" src=\"https:\/\/voima.fi\/hairikot\/wp-content\/uploads\/sites\/9\/2022\/10\/just-stop-oil.jpeg\" alt=\"\" width=\"551\" height=\"369\" srcset=\"https:\/\/voima.fi\/hairikot\/wp-content\/uploads\/sites\/9\/2022\/10\/just-stop-oil.jpeg 1024w, https:\/\/voima.fi\/hairikot\/wp-content\/uploads\/sites\/9\/2022\/10\/just-stop-oil-600x401.jpeg 600w, https:\/\/voima.fi\/hairikot\/wp-content\/uploads\/sites\/9\/2022\/10\/just-stop-oil-768x514.jpeg 768w, https:\/\/voima.fi\/hairikot\/wp-content\/uploads\/sites\/9\/2022\/10\/just-stop-oil-320x214.jpeg 320w, https:\/\/voima.fi\/hairikot\/wp-content\/uploads\/sites\/9\/2022\/10\/just-stop-oil-200x134.jpeg 200w, https:\/\/voima.fi\/hairikot\/wp-content\/uploads\/sites\/9\/2022\/10\/just-stop-oil-560x375.jpeg 560w, https:\/\/voima.fi\/hairikot\/wp-content\/uploads\/sites\/9\/2022\/10\/just-stop-oil-980x656.jpeg 980w\" sizes=\"(max-width: 551px) 100vw, 551px\" \/><figcaption id=\"caption-attachment-19847\" class=\"wp-caption-text\">T\u00e4ss\u00e4 se tomaattikeitto oli ja tuonne se meni.<\/figcaption><\/figure>\n<p>Mutta eiv\u00e4th\u00e4n aktivistit oikeasti olleet paikalla keskustellakseen taidefilosofiasta. Plummer jatkoi ajatuksistaan ja muistutti, ett\u00e4 t\u00e4ll\u00e4 hetkell\u00e4 my\u00f6s Isoa-Britanniaa ravisuttava elinkustannusten r\u00e4j\u00e4hdysm\u00e4inen nousu on fossiilisten polttoaineiden ajamaa. Ja samalla, kun &#8221;n\u00e4lk\u00e4isill\u00e4 ei ole varaa edes l\u00e4mmitt\u00e4\u00e4 t\u00f6lkillist\u00e4 soppaa&#8221; toisaalla &#8221;sadot lakaistuvat ja ihmisi\u00e4 kuolee turboahdetuissa monsuunisateissa, massiivisissa mets\u00e4paloissa ja loputtomissa kuivuuksissa jotka ovat kaikki seurausta ilmastoj\u00e4rjestelm\u00e4n romahtamisesta.&#8221;<\/p>\n<p>Moni tolkun ihminen kiirehti kertomaan, ett\u00e4 v\u00e4\u00e4rin sammutettu, ei keskustelua n\u00e4in synnytet\u00e4. Monien tolkun ihmisten mielest\u00e4 aktivistien pit\u00e4isi pyyt\u00e4\u00e4 kauniisti, ehk\u00e4 kirjoittaa kirje yleis\u00f6nosastolle. T\u00e4t\u00e4kin on kokeiltu, mutta tulokset puhuvat \u2013 tai siis eiv\u00e4t puhu \u2013 puolestaan. Tiedeyhteis\u00f6 ja ymp\u00e4rist\u00f6j\u00e4rjest\u00f6t ovat varoittaneet meit\u00e4 tulevasta jo vuosikymmenten ajan, mutta kohteliaasti ja asiallisesti esitettyj\u00e4, hyvin argumentoituja ja tieteell\u00e4 perusteltuja puheenvuoroja ei niin hirve\u00e4sti ole kuunneltu.<\/p>\n<p>Uskoisin, ett\u00e4 aktivisteja ajoi t\u00e4h\u00e4n valittuun toimintamalliin juuri se, ett\u00e4 kun vuosia on j\u00e4tetty kuuntelematta niit\u00e4 kauniita pyynt\u00f6j\u00e4, niin kannustukset pyyt\u00e4\u00e4 kauniisti kaikuvat tyhjin\u00e4. Moni tolkun ihminen on my\u00f6s eh\u00e4tt\u00e4nyt kertomaan, ett\u00e4 johan t\u00e4ss\u00e4 kaikkea tehd\u00e4\u00e4n ja samalla moni n\u00e4in sanovista itse tekee kaikkensa, jotta positiivinen kehitys etenisi mahdollisimman hitaasti tai ei ainakaan nopeammin kuin mannerj\u00e4\u00e4tik\u00f6t (jotka pian eiv\u00e4t etene mill\u00e4\u00e4n vauhdilla mihink\u00e4\u00e4n muualle kuin olemattomiin).<span class=\"Apple-converted-space\">\u00a0<\/span><\/p>\n<p>Ehk\u00e4 kauhistelun sijaan t\u00e4t\u00e4 taidemuseossa tapahtunutta tempausta kannattaisi tarkastella juurikin paikan tarjoamassa kontekstissa. Voisiko t\u00e4m\u00e4 tempaus olla taidetta siin\u00e4, miss\u00e4 se on aktivismiakin?<\/p>\n<p><b>Hyvin \u00f6ljytty taidemaailma<\/b><\/p>\n<p>On olemassa hyv\u00e4t perusteet sille, ett\u00e4 taidemuseossa tapahtunutta tekoa pit\u00e4\u00e4 todellakin tarkastella taiteen kontekstissa. Tempaus on jo muuttunut osaksi Van Goghin teoksen historiaa. On my\u00f6s hyv\u00e4 huomioida tapahtumapaikan sek\u00e4 teon v\u00e4linen yhteys.<\/p>\n<p>Itse olisin kyll\u00e4 aktivistien asemassa valinnut rikosv\u00e4lineeksi Campbell\u2019s-tomaattikeiton, koska se olisi alleviivannut tempauksen linkittyv\u00e4n taiteeseen. Mutta oikeastihan se kysymys on muotoa olennaisempi:\u00a0Kiinnostaako meit\u00e4 t\u00e4ss\u00e4 lajikadon ja tuhon keskell\u00e4 maalaus auringonkukista enemm\u00e4n kuin auringonkukat? Ymp\u00e4rist\u00f6toimittaja <strong>George Monbiot<\/strong> <a href=\"https:\/\/www.theguardian.com\/commentisfree\/2022\/oct\/19\/van-gogh-sunflowers-just-stop-oil-tactics?fbclid=IwAR1Wno64HBxvWMqw_wGnhckweNa1Ih6DRrFCzineXKf6vln_AzgnFq2_Qa0\" class=\"external\" rel=\"nofollow\">kysyi osuvasti<\/a>, ett\u00e4 kuinkakohan moni National Galleryn kokoelmiin kuuluvissa teoksissa n\u00e4kyv\u00e4 maisema on jo tuhottu kehityksen nimiss\u00e4.<\/p>\n<figure id=\"attachment_15929\" aria-describedby=\"caption-attachment-15929\" style=\"width: 550px\" class=\"wp-caption alignleft\"><img decoding=\"async\" class=\" wp-image-15929\" src=\"https:\/\/voima.fi\/hairikot\/wp-content\/uploads\/sites\/9\/2020\/04\/REv-Billy-1024x669.jpg\" alt=\"\" width=\"550\" height=\"359\" srcset=\"https:\/\/voima.fi\/hairikot\/wp-content\/uploads\/sites\/9\/2020\/04\/REv-Billy-1024x669.jpg 1024w, https:\/\/voima.fi\/hairikot\/wp-content\/uploads\/sites\/9\/2020\/04\/REv-Billy-600x392.jpg 600w, https:\/\/voima.fi\/hairikot\/wp-content\/uploads\/sites\/9\/2020\/04\/REv-Billy-768x502.jpg 768w, https:\/\/voima.fi\/hairikot\/wp-content\/uploads\/sites\/9\/2020\/04\/REv-Billy-1536x1003.jpg 1536w, https:\/\/voima.fi\/hairikot\/wp-content\/uploads\/sites\/9\/2020\/04\/REv-Billy-2048x1338.jpg 2048w, https:\/\/voima.fi\/hairikot\/wp-content\/uploads\/sites\/9\/2020\/04\/REv-Billy-320x209.jpg 320w, https:\/\/voima.fi\/hairikot\/wp-content\/uploads\/sites\/9\/2020\/04\/REv-Billy-200x131.jpg 200w, https:\/\/voima.fi\/hairikot\/wp-content\/uploads\/sites\/9\/2020\/04\/REv-Billy-560x366.jpg 560w, https:\/\/voima.fi\/hairikot\/wp-content\/uploads\/sites\/9\/2020\/04\/REv-Billy-980x640.jpg 980w, https:\/\/voima.fi\/hairikot\/wp-content\/uploads\/sites\/9\/2020\/04\/REv-Billy-300x196.jpg 300w\" sizes=\"(max-width: 550px) 100vw, 550px\" \/><figcaption id=\"caption-attachment-15929\" class=\"wp-caption-text\">Vuonna 2010 lontoolaisessa Tate-museossa j\u00e4rjestettiin ty\u00f6paja, jossa oli tarkoituksena tuottaa &#8221;kriittist\u00e4 taidetta&#8221;. Ainoana rajoituksena oli, ett\u00e4 piikki\u00e4 ei saa suunnata Taten sponsoreiden suuntaan. Ty\u00f6paja ja sen ymp\u00e4rill\u00e4 k\u00e4yty keskustelu k\u00e4ynnistiv\u00e4t Liberate Tate -liikkeen, jonka tavoitteena oli katkaista museon ja sit\u00e4 sponsoroineen \u00f6ljy-yhti\u00f6 BP:n yhteisty\u00f6.<br \/>Taiteen keinoja hy\u00f6dynt\u00e4nyt kampanja j\u00e4rjesti useita tempauksia museossa ja sen l\u00e4heisyydess\u00e4. Vuonna 2016 sellaiseen osallistui my\u00f6s newyorkilainen Reverend Billy (ks. kuva). Vuonna 2017 Tate ilmoitti, ett\u00e4 vuosia jatkunut yhteisty\u00f6 BP:n kanssa p\u00e4\u00e4ttyy.<br \/>Lis\u00e4\u00e4 Liberate Tate -kampanjasta <a href=\"https:\/\/voima.fi\/hairikot\/artikkeli\/vapauttakaa-museo\/\"><span style=\"text-decoration: underline;\">t\u00e4\u00e4ll\u00e4<\/span><\/a>.<\/figcaption><\/figure>\n<p>Kuten todettua, tarkkaavainen katsoja kiinnitt\u00e4\u00e4 siis huomiota tapahtumapaikkaan. National Gallery on Lontoossa vuonna 1824 perustettu taidemuseo, jonka kokoelma on osa valtion taidekokoelmia. National Gallery on my\u00f6s ollut vuosia kriittisen huomion kohteena sen takia, ett\u00e4 se on tehnyt yhteisty\u00f6t\u00e4 \u00f6ljyteollisuuden kanssa. National Galleryn ja Shellin yhteisty\u00f6 <a href=\"https:\/\/www.theguardian.com\/business\/2018\/oct\/19\/shells-ends-national-gallery-sponsorship-to-delight-of-campaigners\" class=\"external\" rel=\"nofollow\">p\u00e4\u00e4ttyi<\/a>\u00a0kova\u00e4\u00e4nisen kritiikin my\u00f6t\u00e4 vuonna 2018.<\/p>\n<p>T\u00e4m\u00e4 viherpesun (tai kenties taidepesun?) ongelma ei tietenk\u00e4\u00e4n rajoitu pelk\u00e4st\u00e4\u00e4n National Galleryn toimintaan. Sen naapurissa toimiva National Portrait Gallery on tehnyt vuosikymmeni\u00e4 l\u00e4heist\u00e4 yhteisty\u00f6t\u00e4 \u00f6ljy-yhti\u00f6 BP:n kanssa, mutta t\u00e4m\u00e4nkin yhteisty\u00f6n on <a href=\"https:\/\/www.npg.org.uk\/whatson\/bp-portrait-award-2020\/update\/\" class=\"external\" rel=\"nofollow\">luvattu<\/a> p\u00e4\u00e4ttyv\u00e4n t\u00e4m\u00e4n vuoden loppuun menness\u00e4. Samoin Lontoosta l\u00f6ytyv\u00e4n\u00e4 esimerkkin\u00e4 pitk\u00e4\u00e4n jatkuneesta, mutta kritiikin my\u00f6t\u00e4 lopetetusta yhteisty\u00f6st\u00e4 voi mainita viel\u00e4 Tate Modernin, jonka yhteisty\u00f6 BP:n kanssa\u00a0<a href=\"https:\/\/www.theguardian.com\/artanddesign\/2016\/mar\/11\/bp-to-end-tate-sponsorship-climate-protests\" class=\"external\" rel=\"nofollow\">p\u00e4\u00e4ttyi<\/a> vuonna 2017.<\/p>\n<p>Vaikka National Gallery on siis kritiikin my\u00f6t\u00e4 lopettanut suoran yhteisty\u00f6n \u00f6ljyteollisuuden kanssa, on se vastaansanomattomasti avannut oven tiloissaan tapahtuvalle keskustelulle aiheesta. Ja keskustelu aiheesta on Britanniassakin ajankohtaista nyt, kun maan hallitus on juuri my\u00f6nt\u00e4m\u00e4ss\u00e4 yli sata <a href=\"https:\/\/www.theguardian.com\/business\/2022\/oct\/07\/uk-offers-new-north-sea-oil-and-gas-licences-despite-climate-concerns\" class=\"external\" rel=\"nofollow\">uutta lupaa<\/a> porata ja pumpata \u00f6ljy\u00e4 ja kaasua\u00a0Pohjanmerell\u00e4.<\/p>\n<figure id=\"attachment_19850\" aria-describedby=\"caption-attachment-19850\" style=\"width: 550px\" class=\"wp-caption alignright\"><img decoding=\"async\" class=\" wp-image-19850\" src=\"https:\/\/voima.fi\/hairikot\/wp-content\/uploads\/sites\/9\/2022\/10\/riiko-sakkinen-vandalised-masterpieces-759x1024.jpg\" alt=\"\" width=\"550\" height=\"742\" srcset=\"https:\/\/voima.fi\/hairikot\/wp-content\/uploads\/sites\/9\/2022\/10\/riiko-sakkinen-vandalised-masterpieces-759x1024.jpg 759w, https:\/\/voima.fi\/hairikot\/wp-content\/uploads\/sites\/9\/2022\/10\/riiko-sakkinen-vandalised-masterpieces-445x600.jpg 445w, https:\/\/voima.fi\/hairikot\/wp-content\/uploads\/sites\/9\/2022\/10\/riiko-sakkinen-vandalised-masterpieces-768x1036.jpg 768w, https:\/\/voima.fi\/hairikot\/wp-content\/uploads\/sites\/9\/2022\/10\/riiko-sakkinen-vandalised-masterpieces-1139x1536.jpg 1139w, https:\/\/voima.fi\/hairikot\/wp-content\/uploads\/sites\/9\/2022\/10\/riiko-sakkinen-vandalised-masterpieces-237x320.jpg 237w, https:\/\/voima.fi\/hairikot\/wp-content\/uploads\/sites\/9\/2022\/10\/riiko-sakkinen-vandalised-masterpieces-200x270.jpg 200w, https:\/\/voima.fi\/hairikot\/wp-content\/uploads\/sites\/9\/2022\/10\/riiko-sakkinen-vandalised-masterpieces-560x756.jpg 560w, https:\/\/voima.fi\/hairikot\/wp-content\/uploads\/sites\/9\/2022\/10\/riiko-sakkinen-vandalised-masterpieces-980x1322.jpg 980w, https:\/\/voima.fi\/hairikot\/wp-content\/uploads\/sites\/9\/2022\/10\/riiko-sakkinen-vandalised-masterpieces.jpg 1518w\" sizes=\"(max-width: 550px) 100vw, 550px\" \/><figcaption id=\"caption-attachment-19850\" class=\"wp-caption-text\">Ruoka ja taide lomittuvat kesken\u00e4\u00e4n monin tavoin. Taiteilija Riiko Sakkinen on k\u00e4sitellyt teoksissaan toistuvasti ruokaa ja suhdettamme siihen ja siksip\u00e4 ei olekaan yll\u00e4tt\u00e4v\u00e4\u00e4, ett\u00e4 h\u00e4n reagoi National Galleryn tapaukseen nopeasti. Teos Vandalised Masterpieces rakentuu Lontoossa n\u00e4hdyn tekov\u00e4lineen ymp\u00e4rille ja Sakkiselle ominaisessa listassa on lueteltu teoksia, joita on tavalla tai toisella kohdeltu kaltoin vuosien saatossa.<\/figcaption><\/figure>\n<p>Taidemuseot eiv\u00e4t siis suinkaan ole satunnaisia ja viattomia sivullisia t\u00e4ss\u00e4 r\u00e4isk\u00e4htelev\u00e4ss\u00e4 keskustelussa fossiilikapitalismista. Ne ovat ilomielin ottaneet osansa rikkauksista ja vastineeksi ovat antaneet omaa arvovaltaansa \u00f6ljy-yhti\u00f6iden hy\u00f6dynnett\u00e4v\u00e4ksi. Museot ovat ilomielin luovuttaneet n\u00e4iden nyt kova\u00e4\u00e4nisesti rajattoman arvokkaiksi julistettujen (ja sit\u00e4 monin tavoin olevienkin) taideaarteiden symbolisen merkityksen my\u00f6s sellaisten yhti\u00f6iden k\u00e4ytt\u00f6\u00f6n, jotka ovat m\u00e4\u00e4r\u00e4tietoisesti tuhonneet ymp\u00e4rist\u00f6\u00e4 ja k\u00e4ytt\u00e4neet huikeita m\u00e4\u00e4ri\u00e4 rahaa t\u00e4m\u00e4n aiheuttamansa tuhon j\u00e4rjestelm\u00e4lliseen piilottelemiseen ja tieteen v\u00e4\u00e4rist\u00e4miseen.<\/p>\n<p>Koska ilmaista lounasta ei ole olemassakaan, voi t\u00e4m\u00e4n viimeisimm\u00e4n hulinan National Galleryss\u00e4 laskea osaksi sit\u00e4 hintaa, jonka museo joutuu niist\u00e4 \u00f6ljyyhti\u00f6iden rikkauksista maksamaan. Ja kuten niin usein, lasku voi tulla maksettavaksi viel\u00e4 pitk\u00e4\u00e4n sen j\u00e4lkeen, kun ateria on ja sy\u00f6ty.<\/p>\n","protected":false},"excerpt":{"rendered":"<p>\u201dAktivistit heittiv\u00e4t purkillisen tomaattikeittoa\u00a0korvaamattoman arvokkaan Van Goghin maalauksen p\u00e4\u00e4lle!\u201d N\u00e4in meille Lontoossa 14. lokakuuta tapahtunutta uutisoitiin. Oikeastihan kyseess\u00e4 ei ollut aivan noin dramaattinen tapaus. Just Stop Oil -ryhm\u00e4n kaksi aktivistia kyll\u00e4 sinkosi tomaattikeittoa kohti Van Goghin maalausta, mutta maalauksen ja tomaattikeiton v\u00e4liss\u00e4 oli suojalasi. Teos oli t\u00e4ysin turvassa l\u00e4pi mekkalan ja t\u00e4m\u00e4 oli my\u00f6s aktivistien [&hellip;]<\/p>\n","protected":false},"author":122,"featured_media":19851,"comment_status":"closed","ping_status":"closed","sticky":false,"template":"","format":"standard","meta":{"footnotes":""},"categories":[4],"tags":[63,819,3136,3137,2437,2487,3135],"yoast_head":"<!-- This site is optimized with the Yoast SEO plugin v22.7 - https:\/\/yoast.com\/wordpress\/plugins\/seo\/ -->\n<title>Suora toiminta, ilmastokriisi ja taide - H\u00e4irik\u00f6t-p\u00e4\u00e4maja<\/title>\n<meta name=\"robots\" content=\"index, follow, max-snippet:-1, max-image-preview:large, max-video-preview:-1\" \/>\n<link rel=\"canonical\" href=\"https:\/\/voima.fi\/hairikot\/artikkeli\/suora-toiminta-ilmastokriisi-ja-taide\/\" \/>\n<meta property=\"og:locale\" content=\"fi_FI\" \/>\n<meta property=\"og:type\" content=\"article\" \/>\n<meta property=\"og:title\" content=\"Suora toiminta, ilmastokriisi ja taide - H\u00e4irik\u00f6t-p\u00e4\u00e4maja\" \/>\n<meta property=\"og:description\" content=\"\u201dAktivistit heittiv\u00e4t purkillisen tomaattikeittoa\u00a0korvaamattoman arvokkaan Van Goghin maalauksen p\u00e4\u00e4lle!\u201d N\u00e4in meille Lontoossa 14. lokakuuta tapahtunutta uutisoitiin. Oikeastihan kyseess\u00e4 ei ollut aivan noin dramaattinen tapaus. Just Stop Oil -ryhm\u00e4n kaksi aktivistia kyll\u00e4 sinkosi tomaattikeittoa kohti Van Goghin maalausta, mutta maalauksen ja tomaattikeiton v\u00e4liss\u00e4 oli suojalasi. Teos oli t\u00e4ysin turvassa l\u00e4pi mekkalan ja t\u00e4m\u00e4 oli my\u00f6s aktivistien [&hellip;]\" \/>\n<meta property=\"og:url\" content=\"https:\/\/voima.fi\/hairikot\/artikkeli\/suora-toiminta-ilmastokriisi-ja-taide\/\" \/>\n<meta property=\"og:site_name\" content=\"H\u00e4irik\u00f6t-p\u00e4\u00e4maja\" \/>\n<meta property=\"article:published_time\" content=\"2022-10-19T09:39:42+00:00\" \/>\n<meta property=\"article:modified_time\" content=\"2022-10-19T09:41:07+00:00\" \/>\n<meta property=\"og:image\" content=\"https:\/\/voima.fi\/hairikot\/wp-content\/uploads\/sites\/9\/2022\/10\/heinz-soppa-otsikko.jpg\" \/>\n\t<meta property=\"og:image:width\" content=\"1400\" \/>\n\t<meta property=\"og:image:height\" content=\"788\" \/>\n\t<meta property=\"og:image:type\" content=\"image\/jpeg\" \/>\n<meta name=\"author\" content=\"Jari Tamminen\" \/>\n<meta name=\"twitter:card\" content=\"summary_large_image\" \/>\n<meta name=\"twitter:label1\" content=\"Kirjoittanut\" \/>\n\t<meta name=\"twitter:data1\" content=\"Jari Tamminen\" \/>\n\t<meta name=\"twitter:label2\" content=\"Arvioitu lukuaika\" \/>\n\t<meta name=\"twitter:data2\" content=\"6 minuuttia\" \/>\n<script type=\"application\/ld+json\" class=\"yoast-schema-graph\">{\"@context\":\"https:\/\/schema.org\",\"@graph\":[{\"@type\":\"WebPage\",\"@id\":\"https:\/\/voima.fi\/hairikot\/artikkeli\/suora-toiminta-ilmastokriisi-ja-taide\/\",\"url\":\"https:\/\/voima.fi\/hairikot\/artikkeli\/suora-toiminta-ilmastokriisi-ja-taide\/\",\"name\":\"Suora toiminta, ilmastokriisi ja taide - H\u00e4irik\u00f6t-p\u00e4\u00e4maja\",\"isPartOf\":{\"@id\":\"https:\/\/voima.fi\/hairikot\/#website\"},\"primaryImageOfPage\":{\"@id\":\"https:\/\/voima.fi\/hairikot\/artikkeli\/suora-toiminta-ilmastokriisi-ja-taide\/#primaryimage\"},\"image\":{\"@id\":\"https:\/\/voima.fi\/hairikot\/artikkeli\/suora-toiminta-ilmastokriisi-ja-taide\/#primaryimage\"},\"thumbnailUrl\":\"https:\/\/voima.fi\/hairikot\/wp-content\/uploads\/sites\/9\/2022\/10\/heinz-soppa-otsikko.jpg\",\"datePublished\":\"2022-10-19T09:39:42+00:00\",\"dateModified\":\"2022-10-19T09:41:07+00:00\",\"author\":{\"@id\":\"https:\/\/voima.fi\/hairikot\/#\/schema\/person\/523ff68c19f1381d78529f38bb76e7fe\"},\"breadcrumb\":{\"@id\":\"https:\/\/voima.fi\/hairikot\/artikkeli\/suora-toiminta-ilmastokriisi-ja-taide\/#breadcrumb\"},\"inLanguage\":\"fi\",\"potentialAction\":[{\"@type\":\"ReadAction\",\"target\":[\"https:\/\/voima.fi\/hairikot\/artikkeli\/suora-toiminta-ilmastokriisi-ja-taide\/\"]}]},{\"@type\":\"ImageObject\",\"inLanguage\":\"fi\",\"@id\":\"https:\/\/voima.fi\/hairikot\/artikkeli\/suora-toiminta-ilmastokriisi-ja-taide\/#primaryimage\",\"url\":\"https:\/\/voima.fi\/hairikot\/wp-content\/uploads\/sites\/9\/2022\/10\/heinz-soppa-otsikko.jpg\",\"contentUrl\":\"https:\/\/voima.fi\/hairikot\/wp-content\/uploads\/sites\/9\/2022\/10\/heinz-soppa-otsikko.jpg\",\"width\":1400,\"height\":788},{\"@type\":\"BreadcrumbList\",\"@id\":\"https:\/\/voima.fi\/hairikot\/artikkeli\/suora-toiminta-ilmastokriisi-ja-taide\/#breadcrumb\",\"itemListElement\":[{\"@type\":\"ListItem\",\"position\":1,\"name\":\"Home\",\"item\":\"https:\/\/voima.fi\/hairikot\/\"},{\"@type\":\"ListItem\",\"position\":2,\"name\":\"Suora toiminta, ilmastokriisi ja taide\"}]},{\"@type\":\"WebSite\",\"@id\":\"https:\/\/voima.fi\/hairikot\/#website\",\"url\":\"https:\/\/voima.fi\/hairikot\/\",\"name\":\"H\u00e4irik\u00f6t-p\u00e4\u00e4maja\",\"description\":\"\",\"potentialAction\":[{\"@type\":\"SearchAction\",\"target\":{\"@type\":\"EntryPoint\",\"urlTemplate\":\"https:\/\/voima.fi\/hairikot\/?s={search_term_string}\"},\"query-input\":\"required name=search_term_string\"}],\"inLanguage\":\"fi\"},{\"@type\":\"Person\",\"@id\":\"https:\/\/voima.fi\/hairikot\/#\/schema\/person\/523ff68c19f1381d78529f38bb76e7fe\",\"name\":\"Jari Tamminen\",\"image\":{\"@type\":\"ImageObject\",\"inLanguage\":\"fi\",\"@id\":\"https:\/\/voima.fi\/hairikot\/#\/schema\/person\/image\/\",\"url\":\"https:\/\/secure.gravatar.com\/avatar\/e5c0bb16f2efc1924afe37fc190f8ce1?s=96&d=blank&r=g\",\"contentUrl\":\"https:\/\/secure.gravatar.com\/avatar\/e5c0bb16f2efc1924afe37fc190f8ce1?s=96&d=blank&r=g\",\"caption\":\"Jari Tamminen\"},\"description\":\"Kulttuurih\u00e4irint\u00e4 on taiteen ja aktivismin j\u00e4nnitt\u00e4v\u00e4\u00e4 lomittumista: odottamaton performanssi katuvilin\u00e4ss\u00e4, vallattuja mainostauluja ja mainosparodioita. Se on k\u00e4site, joka yhdist\u00e4\u00e4 yhteiskunnallista kommentaaria ja luovaa vastarintaa. T\u00e4ss\u00e4 blogissa Voiman Jari Tamminen hahmottaa maailmaa kulttuurih\u00e4irinn\u00e4n n\u00e4k\u00f6kulmasta. Lis\u00e4\u00e4 Tammisen huomioita kulttuurih\u00e4irinn\u00e4st\u00e4 voi lukea Voimasta, H\u00e4irik\u00f6t \u2013 Kulttuurih\u00e4irinn\u00e4n aakkoset -kirjasta ja p\u00e4ivitt\u00e4in osoitteesta www.facebook.com\/hairikot.\",\"sameAs\":[\"http:\/\/www.facebook.com\/hairikot\"],\"url\":\"https:\/\/voima.fi\/hairikot\/artikkeli\/author\/hairikko\/\"}]}<\/script>\n<!-- \/ Yoast SEO plugin. -->","yoast_head_json":{"title":"Suora toiminta, ilmastokriisi ja taide - H\u00e4irik\u00f6t-p\u00e4\u00e4maja","robots":{"index":"index","follow":"follow","max-snippet":"max-snippet:-1","max-image-preview":"max-image-preview:large","max-video-preview":"max-video-preview:-1"},"canonical":"https:\/\/voima.fi\/hairikot\/artikkeli\/suora-toiminta-ilmastokriisi-ja-taide\/","og_locale":"fi_FI","og_type":"article","og_title":"Suora toiminta, ilmastokriisi ja taide - H\u00e4irik\u00f6t-p\u00e4\u00e4maja","og_description":"\u201dAktivistit heittiv\u00e4t purkillisen tomaattikeittoa\u00a0korvaamattoman arvokkaan Van Goghin maalauksen p\u00e4\u00e4lle!\u201d N\u00e4in meille Lontoossa 14. lokakuuta tapahtunutta uutisoitiin. Oikeastihan kyseess\u00e4 ei ollut aivan noin dramaattinen tapaus. Just Stop Oil -ryhm\u00e4n kaksi aktivistia kyll\u00e4 sinkosi tomaattikeittoa kohti Van Goghin maalausta, mutta maalauksen ja tomaattikeiton v\u00e4liss\u00e4 oli suojalasi. Teos oli t\u00e4ysin turvassa l\u00e4pi mekkalan ja t\u00e4m\u00e4 oli my\u00f6s aktivistien [&hellip;]","og_url":"https:\/\/voima.fi\/hairikot\/artikkeli\/suora-toiminta-ilmastokriisi-ja-taide\/","og_site_name":"H\u00e4irik\u00f6t-p\u00e4\u00e4maja","article_published_time":"2022-10-19T09:39:42+00:00","article_modified_time":"2022-10-19T09:41:07+00:00","og_image":[{"width":1400,"height":788,"url":"https:\/\/voima.fi\/hairikot\/wp-content\/uploads\/sites\/9\/2022\/10\/heinz-soppa-otsikko.jpg","type":"image\/jpeg"}],"author":"Jari Tamminen","twitter_card":"summary_large_image","twitter_misc":{"Kirjoittanut":"Jari Tamminen","Arvioitu lukuaika":"6 minuuttia"},"schema":{"@context":"https:\/\/schema.org","@graph":[{"@type":"WebPage","@id":"https:\/\/voima.fi\/hairikot\/artikkeli\/suora-toiminta-ilmastokriisi-ja-taide\/","url":"https:\/\/voima.fi\/hairikot\/artikkeli\/suora-toiminta-ilmastokriisi-ja-taide\/","name":"Suora toiminta, ilmastokriisi ja taide - H\u00e4irik\u00f6t-p\u00e4\u00e4maja","isPartOf":{"@id":"https:\/\/voima.fi\/hairikot\/#website"},"primaryImageOfPage":{"@id":"https:\/\/voima.fi\/hairikot\/artikkeli\/suora-toiminta-ilmastokriisi-ja-taide\/#primaryimage"},"image":{"@id":"https:\/\/voima.fi\/hairikot\/artikkeli\/suora-toiminta-ilmastokriisi-ja-taide\/#primaryimage"},"thumbnailUrl":"https:\/\/voima.fi\/hairikot\/wp-content\/uploads\/sites\/9\/2022\/10\/heinz-soppa-otsikko.jpg","datePublished":"2022-10-19T09:39:42+00:00","dateModified":"2022-10-19T09:41:07+00:00","author":{"@id":"https:\/\/voima.fi\/hairikot\/#\/schema\/person\/523ff68c19f1381d78529f38bb76e7fe"},"breadcrumb":{"@id":"https:\/\/voima.fi\/hairikot\/artikkeli\/suora-toiminta-ilmastokriisi-ja-taide\/#breadcrumb"},"inLanguage":"fi","potentialAction":[{"@type":"ReadAction","target":["https:\/\/voima.fi\/hairikot\/artikkeli\/suora-toiminta-ilmastokriisi-ja-taide\/"]}]},{"@type":"ImageObject","inLanguage":"fi","@id":"https:\/\/voima.fi\/hairikot\/artikkeli\/suora-toiminta-ilmastokriisi-ja-taide\/#primaryimage","url":"https:\/\/voima.fi\/hairikot\/wp-content\/uploads\/sites\/9\/2022\/10\/heinz-soppa-otsikko.jpg","contentUrl":"https:\/\/voima.fi\/hairikot\/wp-content\/uploads\/sites\/9\/2022\/10\/heinz-soppa-otsikko.jpg","width":1400,"height":788},{"@type":"BreadcrumbList","@id":"https:\/\/voima.fi\/hairikot\/artikkeli\/suora-toiminta-ilmastokriisi-ja-taide\/#breadcrumb","itemListElement":[{"@type":"ListItem","position":1,"name":"Home","item":"https:\/\/voima.fi\/hairikot\/"},{"@type":"ListItem","position":2,"name":"Suora toiminta, ilmastokriisi ja taide"}]},{"@type":"WebSite","@id":"https:\/\/voima.fi\/hairikot\/#website","url":"https:\/\/voima.fi\/hairikot\/","name":"H\u00e4irik\u00f6t-p\u00e4\u00e4maja","description":"","potentialAction":[{"@type":"SearchAction","target":{"@type":"EntryPoint","urlTemplate":"https:\/\/voima.fi\/hairikot\/?s={search_term_string}"},"query-input":"required name=search_term_string"}],"inLanguage":"fi"},{"@type":"Person","@id":"https:\/\/voima.fi\/hairikot\/#\/schema\/person\/523ff68c19f1381d78529f38bb76e7fe","name":"Jari Tamminen","image":{"@type":"ImageObject","inLanguage":"fi","@id":"https:\/\/voima.fi\/hairikot\/#\/schema\/person\/image\/","url":"https:\/\/secure.gravatar.com\/avatar\/e5c0bb16f2efc1924afe37fc190f8ce1?s=96&d=blank&r=g","contentUrl":"https:\/\/secure.gravatar.com\/avatar\/e5c0bb16f2efc1924afe37fc190f8ce1?s=96&d=blank&r=g","caption":"Jari Tamminen"},"description":"Kulttuurih\u00e4irint\u00e4 on taiteen ja aktivismin j\u00e4nnitt\u00e4v\u00e4\u00e4 lomittumista: odottamaton performanssi katuvilin\u00e4ss\u00e4, vallattuja mainostauluja ja mainosparodioita. Se on k\u00e4site, joka yhdist\u00e4\u00e4 yhteiskunnallista kommentaaria ja luovaa vastarintaa. T\u00e4ss\u00e4 blogissa Voiman Jari Tamminen hahmottaa maailmaa kulttuurih\u00e4irinn\u00e4n n\u00e4k\u00f6kulmasta. Lis\u00e4\u00e4 Tammisen huomioita kulttuurih\u00e4irinn\u00e4st\u00e4 voi lukea Voimasta, H\u00e4irik\u00f6t \u2013 Kulttuurih\u00e4irinn\u00e4n aakkoset -kirjasta ja p\u00e4ivitt\u00e4in osoitteesta www.facebook.com\/hairikot.","sameAs":["http:\/\/www.facebook.com\/hairikot"],"url":"https:\/\/voima.fi\/hairikot\/artikkeli\/author\/hairikko\/"}]}},"enclosure":{"image":"https:\/\/voima.fi\/hairikot\/wp-content\/uploads\/sites\/9\/2022\/10\/heinz-soppa-otsikko.jpg"},"meta:avatar":"","geolocation":[],"meta:youtube":null,"meta:vimeo":null,"meta:duration":null,"_links":{"self":[{"href":"https:\/\/voima.fi\/hairikot\/wp-json\/wp\/v2\/posts\/19845"}],"collection":[{"href":"https:\/\/voima.fi\/hairikot\/wp-json\/wp\/v2\/posts"}],"about":[{"href":"https:\/\/voima.fi\/hairikot\/wp-json\/wp\/v2\/types\/post"}],"author":[{"embeddable":true,"href":"https:\/\/voima.fi\/hairikot\/wp-json\/wp\/v2\/users\/122"}],"replies":[{"embeddable":true,"href":"https:\/\/voima.fi\/hairikot\/wp-json\/wp\/v2\/comments?post=19845"}],"version-history":[{"count":4,"href":"https:\/\/voima.fi\/hairikot\/wp-json\/wp\/v2\/posts\/19845\/revisions"}],"predecessor-version":[{"id":19854,"href":"https:\/\/voima.fi\/hairikot\/wp-json\/wp\/v2\/posts\/19845\/revisions\/19854"}],"wp:featuredmedia":[{"embeddable":true,"href":"https:\/\/voima.fi\/hairikot\/wp-json\/wp\/v2\/media\/19851"}],"wp:attachment":[{"href":"https:\/\/voima.fi\/hairikot\/wp-json\/wp\/v2\/media?parent=19845"}],"wp:term":[{"taxonomy":"category","embeddable":true,"href":"https:\/\/voima.fi\/hairikot\/wp-json\/wp\/v2\/categories?post=19845"},{"taxonomy":"post_tag","embeddable":true,"href":"https:\/\/voima.fi\/hairikot\/wp-json\/wp\/v2\/tags?post=19845"}],"curies":[{"name":"wp","href":"https:\/\/api.w.org\/{rel}","templated":true}]}}