{"id":19617,"date":"2022-03-23T11:33:36","date_gmt":"2022-03-23T09:33:36","guid":{"rendered":"https:\/\/voima.fi\/hairikot\/?p=19617"},"modified":"2022-03-23T11:33:36","modified_gmt":"2022-03-23T09:33:36","slug":"voitto-taiteilijoille-ja-aktivisteille","status":"publish","type":"post","link":"https:\/\/voima.fi\/hairikot\/artikkeli\/voitto-taiteilijoille-ja-aktivisteille\/","title":{"rendered":"Voitto taiteilijoille ja aktivisteille"},"content":{"rendered":"<p class=\"p1\"><span class=\"s1\"><b>2000-luvulla keskustelu<\/b> saamelaisten asemasta ja heid\u00e4n oikeuksiensa kunnioittamisesta on noussut julkiseen keskusteluun uudella tavalla. Muutoksen takana on osaltaan se, ett\u00e4 saamelaiset taiteilijat ovat astuneet julkisuuteen. Nyt heid\u00e4n teoksiaan ja dokumentaatiota tapahtuneesta on n\u00e4ht\u00e4vill\u00e4 Helsingiss\u00e4, <a href=\"http:\/\/www.stoa.fi\/fi\/tapahtumat\/event\/91D127354C9E7899CF0602579D8E980E\/Vu_ittu____Vu_itt____Vuoitu____Voitto_\" class=\"external\" rel=\"nofollow\">kulttuuritalo Stoan galleriassa<\/a>.<\/span><\/p>\n<figure id=\"attachment_19618\" aria-describedby=\"caption-attachment-19618\" style=\"width: 519px\" class=\"wp-caption alignright\"><img decoding=\"async\" class=\" wp-image-19618\" src=\"https:\/\/voima.fi\/hairikot\/wp-content\/uploads\/sites\/9\/2022\/03\/rata-tulee-pian-724x1024.jpg\" alt=\"\" width=\"519\" height=\"734\" srcset=\"https:\/\/voima.fi\/hairikot\/wp-content\/uploads\/sites\/9\/2022\/03\/rata-tulee-pian-724x1024.jpg 724w, https:\/\/voima.fi\/hairikot\/wp-content\/uploads\/sites\/9\/2022\/03\/rata-tulee-pian-424x600.jpg 424w, https:\/\/voima.fi\/hairikot\/wp-content\/uploads\/sites\/9\/2022\/03\/rata-tulee-pian-768x1086.jpg 768w, https:\/\/voima.fi\/hairikot\/wp-content\/uploads\/sites\/9\/2022\/03\/rata-tulee-pian-1086x1536.jpg 1086w, https:\/\/voima.fi\/hairikot\/wp-content\/uploads\/sites\/9\/2022\/03\/rata-tulee-pian-226x320.jpg 226w, https:\/\/voima.fi\/hairikot\/wp-content\/uploads\/sites\/9\/2022\/03\/rata-tulee-pian-200x283.jpg 200w, https:\/\/voima.fi\/hairikot\/wp-content\/uploads\/sites\/9\/2022\/03\/rata-tulee-pian-560x792.jpg 560w, https:\/\/voima.fi\/hairikot\/wp-content\/uploads\/sites\/9\/2022\/03\/rata-tulee-pian-980x1386.jpg 980w, https:\/\/voima.fi\/hairikot\/wp-content\/uploads\/sites\/9\/2022\/03\/rata-tulee-pian-212x300.jpg 212w, https:\/\/voima.fi\/hairikot\/wp-content\/uploads\/sites\/9\/2022\/03\/rata-tulee-pian.jpg 1141w\" sizes=\"(max-width: 519px) 100vw, 519px\" \/><figcaption id=\"caption-attachment-19618\" class=\"wp-caption-text\">Kuten tyylilajiin kuuluu, t\u00e4t\u00e4 Jeesus tulee pian -lapuista muotonsa lainannutta Suohpanterrorin teosta on levitetty my\u00f6s teiden varsille Saamenmaalla. Jeesuksen toista tulemista tunnetusti seuraisi Harmageddon, eik\u00e4 J\u00e4\u00e4meren radan seurauksia pidet\u00e4 v\u00e4h\u00e4isi\u00e4 my\u00f6sk\u00e4\u00e4n.<\/figcaption><\/figure>\n<p class=\"p1\"><span class=\"s1\">N\u00e4yttelyss\u00e4 esitetyt huomiot ja ajatukset saattavat vaikuttaa yll\u00e4tt\u00e4vilt\u00e4. Useimpien k\u00e4sitykseen suomalaisuudesta ei kuulu, ett\u00e4 suomalaiset olisivat jollain tavoin sekaantuneet kolonialismiin. Kuitenkin l\u00e4pi itsen\u00e4isen Suomen historian saamelaiset ovat j\u00e4\u00e4neet jalkoihin, kun on <a href=\"https:\/\/voima.fi\/hairikot\/artikkeli\/sapmi-saami-100\/\">rakennettu kansallista yhten\u00e4iskulttuuria ja vaalittu unelmaa yhten\u00e4isest\u00e4 kansasta<\/a>. <\/span><\/p>\n<p class=\"p1\"><span class=\"s1\">Yksi t\u00e4m\u00e4n saamelaisten uuden \u00e4\u00e4nen n\u00e4kyvist\u00e4 esimerkeist\u00e4 on taiteilija-aktivistiryhm\u00e4 <a href=\"https:\/\/voima.fi\/arkisto-voima\/arktinen-terrori\/\">Suohpanterror<\/a>. Vuonna 2012 julkisuuteen astuneen Suohpanterrorin populaarikulttuurista, elokuvajulisteista ja propagandakuvastosta innoituksensa ammentavat teokset k\u00e4sittelev\u00e4t saamelaisten asemaa tavalla, jota Suomessa ei aiemmin oltu n\u00e4hty. Monille suomalaisille ryhm\u00e4n ajatukset v\u00e4littyiv\u00e4t odottamattomalla \u2013 ja provosoivalla \u2013 tavalla tuttuun kuvastoon yhdistettyn\u00e4. Lukuisten teoksissa k\u00e4siteltyjen aiheiden joukossa J\u00e4\u00e4meren rata toistuu monesti.<\/span><\/p>\n<h2 class=\"p1\"><span class=\"s1\"><b>Ratahanke eteni, kunnes se pys\u00e4htyi<\/b><\/span><\/h2>\n<p class=\"p1\"><span class=\"s1\">Junarataa J\u00e4\u00e4merelle on kaavailtu jo 1800-luvulla, mutta 2010-luvulla hanketta edistettiin erityisen voimallisesti. Toteutuessaan rata kulkisi l\u00e4pi poronhoitolaueiden ja uhkaisi alueen herkk\u00e4\u00e4 luontoa sek\u00e4 saamelaisten kulttuuria ja el\u00e4mi\u00e4. Rovaniemelt\u00e4 J\u00e4\u00e4meren rannalle, Norjan Kirkkoniemeen johtava rata kuljettaisi raaka-aineita entist\u00e4 nopeammin ja edullisemmin satamiin ja samalla houkuttelisi pohjoiseen entist\u00e4 enemm\u00e4n kaivoksia ja lis\u00e4is hakkuita. <\/span><\/p>\n<p class=\"p1\"><span class=\"s1\">Kaivoksista j\u00e4\u00e4 lyhyen elinkaarensa j\u00e4lkeen paikallisille tuhottu ymp\u00e4rist\u00f6 eiv\u00e4tk\u00e4 mets\u00e4tk\u00e4\u00e4n nopeasti \u2013 jos koskaan \u2013 palaa pohjoisen karuissa oloissa. Ratahanke onkin saanut kannatuksensa l\u00e4hinn\u00e4 teollisuudelta, paikallisilta v\u00e4hemm\u00e4n. Ratahanketta on puskettu m\u00e4\u00e4r\u00e4tietoisesti eteen p\u00e4in, vaikka se on toistuvasti osoitettu taloudellisesti kannattamattomaksi my\u00f6s Liikenne- ja viestint\u00e4ministeri\u00f6n omissa selvityksiss\u00e4.<\/span><\/p>\n<p class=\"p1\"><span class=\"s1\">Vuonna 2018 Suohpanterror, Suomen saamelaisnuoret ja ymp\u00e4rist\u00f6j\u00e4rjest\u00f6 Greenpeace j\u00e4rjestiv\u00e4t joukon <a href=\"https:\/\/voima.fi\/hairikot\/artikkeli\/jaameren-rata\/\"><i>Red Line<\/i> -mielenosoituksia<\/a> eri puolilla Saamenmaata, J\u00e4\u00e4merenradan kaavaillulla reitill\u00e4. Mukana mielt\u00e4\u00e4n osoittamassa oli my\u00f6s <a href=\"https:\/\/voima.fi\/hairikot\/artikkeli\/stoppi-hyvaksikaytolle\/\">alkuper\u00e4iskansojen edustajia<\/a> eri puolilta maailmaa.<\/span><\/p>\n<figure id=\"attachment_16924\" aria-describedby=\"caption-attachment-16924\" style=\"width: 540px\" class=\"wp-caption alignleft\"><img decoding=\"async\" class=\" wp-image-16924\" src=\"https:\/\/voima.fi\/hairikot\/wp-content\/uploads\/sites\/9\/2020\/04\/Lapset-mukaan-Sevettija-rvella-Jonne-Sippola-1024x683.jpg\" alt=\"\" width=\"540\" height=\"360\" srcset=\"https:\/\/voima.fi\/hairikot\/wp-content\/uploads\/sites\/9\/2020\/04\/Lapset-mukaan-Sevettija-rvella-Jonne-Sippola-1024x683.jpg 1024w, https:\/\/voima.fi\/hairikot\/wp-content\/uploads\/sites\/9\/2020\/04\/Lapset-mukaan-Sevettija-rvella-Jonne-Sippola-600x400.jpg 600w, https:\/\/voima.fi\/hairikot\/wp-content\/uploads\/sites\/9\/2020\/04\/Lapset-mukaan-Sevettija-rvella-Jonne-Sippola-768x512.jpg 768w, https:\/\/voima.fi\/hairikot\/wp-content\/uploads\/sites\/9\/2020\/04\/Lapset-mukaan-Sevettija-rvella-Jonne-Sippola-1536x1024.jpg 1536w, https:\/\/voima.fi\/hairikot\/wp-content\/uploads\/sites\/9\/2020\/04\/Lapset-mukaan-Sevettija-rvella-Jonne-Sippola-2048x1365.jpg 2048w, https:\/\/voima.fi\/hairikot\/wp-content\/uploads\/sites\/9\/2020\/04\/Lapset-mukaan-Sevettija-rvella-Jonne-Sippola-320x213.jpg 320w, https:\/\/voima.fi\/hairikot\/wp-content\/uploads\/sites\/9\/2020\/04\/Lapset-mukaan-Sevettija-rvella-Jonne-Sippola-200x133.jpg 200w, https:\/\/voima.fi\/hairikot\/wp-content\/uploads\/sites\/9\/2020\/04\/Lapset-mukaan-Sevettija-rvella-Jonne-Sippola-560x373.jpg 560w, https:\/\/voima.fi\/hairikot\/wp-content\/uploads\/sites\/9\/2020\/04\/Lapset-mukaan-Sevettija-rvella-Jonne-Sippola-980x653.jpg 980w, https:\/\/voima.fi\/hairikot\/wp-content\/uploads\/sites\/9\/2020\/04\/Lapset-mukaan-Sevettija-rvella-Jonne-Sippola-300x200.jpg 300w\" sizes=\"(max-width: 540px) 100vw, 540px\" \/><figcaption id=\"caption-attachment-16924\" class=\"wp-caption-text\">Lapset ovat tulevaisuus ja siksikin on oikein, ett\u00e4 lapset osallistuivat Red Line -mielenosoituksiin. Oheinen perhe saapui paikalle Sevettij\u00e4rvell\u00e4. KUVA: Jonne Sippola<\/figcaption><\/figure>\n<p class=\"p1\"><span class=\"s1\">\u201dMit\u00e4 syit\u00e4 t\u00e4nne on j\u00e4\u00e4d\u00e4, jos el\u00e4misen mahdollisuudet vied\u00e4\u00e4n?\u201d, kysyi\u00a0<b>Jussa Seuruj\u00e4rvi<\/b>\u00a0Muddusj\u00e4rven paliskunnasta. \u201dHaluamme el\u00e4\u00e4 t\u00e4\u00e4ll\u00e4 ja jatkaa kulttuuriamme. Jos ei ole el\u00e4m\u00e4n mahdollisuuksia, niin silloin kulttuurikin katoaa\u201d, Seuruj\u00e4rvi huolehti.<\/span><\/p>\n<p class=\"p1\"><span class=\"s1\">Viikon ajan punaisia viivoja radan reitille piirt\u00e4neiden viivojen yhteydess\u00e4 j\u00e4rjestettiin my\u00f6s keskustelutilaisuuksia jotka ker\u00e4siv\u00e4t erityisesti saamelaisia mukaan. Moni keskusteluihin osallistunut totesi, ettei mik\u00e4\u00e4n ole aiemmin yhdist\u00e4nyt yhteis\u00f6\u00e4 n\u00e4in tehokkaasti, ja taidetta ja aktivismia yhdist\u00e4nyt projekti sai kiitosta yhteen kokoavana voimana. Lopulta kev\u00e4\u00e4ll\u00e4 2021 Lapin liitto \u00e4\u00e4nesti nurin l\u00e4hes kymmenen vuotta tekeill\u00e4 olleen hankkeen kaatamalla maakuntakaavan, jossa J\u00e4\u00e4meren rata oli merkittyn\u00e4. Lapin liiton kannan muutoksen takana oli isolta osalta juuri saamelaisten vastustus hankkeelle.<\/span><\/p>\n<p class=\"p1\"><span class=\"s1\">Red Line -mielenosoitukset olivat ehdottomasti aktivismia, mutta niihin sis\u00e4ltyi my\u00f6s ripaus taiteellista ilmaisua. Mielenosoitukset bannereineen noudattivat tuttua kaavaa, mutta ne toteutettiin p\u00e4\u00e4osin kaukana ihmisasutuksesta ja vailla yleis\u00f6\u00e4. Voi mietti\u00e4, miss\u00e4 m\u00e4\u00e4rin kyse oli mielenosoituksista ja miss\u00e4 m\u00e4\u00e4rin kyse oli mielenosoituksen muotoa lainaavista performatiivisista esityksist\u00e4. T\u00e4ss\u00e4 yhteydess\u00e4 yksi ei ole poissa toisesta ja taiteellinen elementti ei v\u00e4henn\u00e4 aktivismin voimaan.<\/span><\/p>\n<p class=\"p3\"><div class=\"su-youtube su-u-responsive-media-yes\"><iframe width=\"600\" height=\"400\" src=\"https:\/\/www.youtube.com\/embed\/cq7UwCtq6Gw?\" frameborder=\"0\" allowfullscreen allow=\"autoplay; encrypted-media; picture-in-picture\" title=\"\"><\/iframe><\/div>\n<em>Lapin hippu -teoksen tekij\u00e4 ja S\u00e1mi Hustler toisintivat Saamenmaalla tapahtuvaa kolonialistista prosessia pelimekaniikan avulla. Performanssi mahdollistaa erilaisten ep\u00e4kohtien kohtaamisen ja niist\u00e4 puhumisen.<\/em><\/p>\n<h2 class=\"p1\"><span class=\"s1\"><b>Saamenmaan ry\u00f6st\u00f6 symbolisesti toistettuna<\/b><\/span><\/h2>\n<p class=\"p1\"><span class=\"s1\">\u201dMixed fiilis, kun voittaa\u201d, totesi <a href=\"https:\/\/voima.fi\/hairikot\/artikkeli\/sanoissa-on-voimaa\/\"><b>S\u00e1mi Hustler<\/b><\/a> voitettuaan <i>Lapin hipun<\/i>. Kyseess\u00e4 on <i>Afrikan t\u00e4hdelt\u00e4<\/i> muotonsa lainannut teos, jonka avulla voi tutkia sit\u00e4, kuinka my\u00f6s Suomen Lapissa raaka-aineita ja rikkauksia ulosmitataan teollisessa mittakaavassa.<\/span><\/p>\n<figure id=\"attachment_19620\" aria-describedby=\"caption-attachment-19620\" style=\"width: 540px\" class=\"wp-caption alignright\"><img decoding=\"async\" class=\" wp-image-19620\" src=\"https:\/\/voima.fi\/hairikot\/wp-content\/uploads\/sites\/9\/2022\/03\/saamsik-1011x1024.jpg\" alt=\"\" width=\"540\" height=\"547\" srcset=\"https:\/\/voima.fi\/hairikot\/wp-content\/uploads\/sites\/9\/2022\/03\/saamsik-1011x1024.jpg 1011w, https:\/\/voima.fi\/hairikot\/wp-content\/uploads\/sites\/9\/2022\/03\/saamsik-593x600.jpg 593w, https:\/\/voima.fi\/hairikot\/wp-content\/uploads\/sites\/9\/2022\/03\/saamsik-768x778.jpg 768w, https:\/\/voima.fi\/hairikot\/wp-content\/uploads\/sites\/9\/2022\/03\/saamsik-316x320.jpg 316w, https:\/\/voima.fi\/hairikot\/wp-content\/uploads\/sites\/9\/2022\/03\/saamsik-200x202.jpg 200w, https:\/\/voima.fi\/hairikot\/wp-content\/uploads\/sites\/9\/2022\/03\/saamsik-560x567.jpg 560w, https:\/\/voima.fi\/hairikot\/wp-content\/uploads\/sites\/9\/2022\/03\/saamsik-980x992.jpg 980w, https:\/\/voima.fi\/hairikot\/wp-content\/uploads\/sites\/9\/2022\/03\/saamsik-296x300.jpg 296w, https:\/\/voima.fi\/hairikot\/wp-content\/uploads\/sites\/9\/2022\/03\/saamsik.jpg 1365w\" sizes=\"(max-width: 540px) 100vw, 540px\" \/><figcaption id=\"caption-attachment-19620\" class=\"wp-caption-text\">\u0160aam\u0161i\u01e9 on kolttasaamelais naisten k\u00e4ytt\u00e4m\u00e4 perinteinen p\u00e4\u00e4hine. Samoin kuin kolttasaamelaisten kulttuuri, my\u00f6s p\u00e4\u00e4hine S\u00e1mi Hustlerin samannimisessa teoksessa on l\u00e4hes kadonnut. Toivoa ei kuitenkaan ole menetetty ja toivon kipin\u00e4 el\u00e4\u00e4.<\/figcaption><\/figure>\n<p class=\"p1\"><span class=\"s1\">1940-luvun lopulla tehty <i>Afrikan t\u00e4hti<\/i> on ollut vuosikymmenien ajan ja vuodesta toiseen Suomen myydyin lautapeli. Sit\u00e4 voi turvallisin mielin kuvailla kansalliseksi instituutioksi, ikoniksi. Peli kuvastaa varsin vilpitt\u00f6m\u00e4sti aikansa k\u00e4sityst\u00e4 Afrikan mantereesta ja tuo k\u00e4sitys oli l\u00e4peens\u00e4 kolonialistinen. Pelilaudalla kuvattu Afrikka on manner, jota seikkaillaan ristiin rastiin rikkauksia etsien ja niit\u00e4 rohmuten. Rikkauksista suurimman \u2013 eli \u201dAfrikan t\u00e4hti\u201d -timantin \u2013 l\u00f6yt\u00e4neen pelaajan pit\u00e4\u00e4 kiikuttaa se mahdollisimman nopeasti mantereen Euroopan puoleisiin suurkaupunkeihin, pois viet\u00e4v\u00e4ksi.<\/span><\/p>\n<figure id=\"attachment_19619\" aria-describedby=\"caption-attachment-19619\" style=\"width: 399px\" class=\"wp-caption alignleft\"><img decoding=\"async\" class=\" wp-image-19619\" src=\"https:\/\/voima.fi\/hairikot\/wp-content\/uploads\/sites\/9\/2022\/03\/lapin-hippu-802x1024.jpg\" alt=\"\" width=\"399\" height=\"509\" srcset=\"https:\/\/voima.fi\/hairikot\/wp-content\/uploads\/sites\/9\/2022\/03\/lapin-hippu-802x1024.jpg 802w, https:\/\/voima.fi\/hairikot\/wp-content\/uploads\/sites\/9\/2022\/03\/lapin-hippu-470x600.jpg 470w, https:\/\/voima.fi\/hairikot\/wp-content\/uploads\/sites\/9\/2022\/03\/lapin-hippu-768x981.jpg 768w, https:\/\/voima.fi\/hairikot\/wp-content\/uploads\/sites\/9\/2022\/03\/lapin-hippu-1203x1536.jpg 1203w, https:\/\/voima.fi\/hairikot\/wp-content\/uploads\/sites\/9\/2022\/03\/lapin-hippu-251x320.jpg 251w, https:\/\/voima.fi\/hairikot\/wp-content\/uploads\/sites\/9\/2022\/03\/lapin-hippu-200x255.jpg 200w, https:\/\/voima.fi\/hairikot\/wp-content\/uploads\/sites\/9\/2022\/03\/lapin-hippu-560x715.jpg 560w, https:\/\/voima.fi\/hairikot\/wp-content\/uploads\/sites\/9\/2022\/03\/lapin-hippu-980x1251.jpg 980w, https:\/\/voima.fi\/hairikot\/wp-content\/uploads\/sites\/9\/2022\/03\/lapin-hippu-235x300.jpg 235w, https:\/\/voima.fi\/hairikot\/wp-content\/uploads\/sites\/9\/2022\/03\/lapin-hippu.jpg 1604w\" sizes=\"(max-width: 399px) 100vw, 399px\" \/><figcaption id=\"caption-attachment-19619\" class=\"wp-caption-text\">Lapin hippu -teoksen perimm\u00e4inen tarkoitus on tulla koetuksi pelillisesti. N\u00e4yttelytarkoituksia varten osa teoksesta on kuitenkin l\u00f6yt\u00e4nyt tiens\u00e4 my\u00f6s kehyksiin. Esikuvastaan poiketen Lapin hipussa ei ole lentoreittej\u00e4 ja punainen viiva seuraa J\u00e4\u00e4meren radan kaavailtua reitti\u00e4.<\/figcaption><\/figure>\n<p class=\"p1\"><span class=\"s1\">Vaikka Suomella ei siirtomaita Afrikan mantereella ollutkaan ei itsen\u00e4isen Suomen historia ei ole vapaa kolonialismista. <i>Lapin hipussa<\/i> t\u00e4t\u00e4 maan rajojen sis\u00e4ll\u00e4 tapahtuvaa kolonialisimia tutkitaan <i>Afrikan t\u00e4hdest\u00e4<\/i> tutun mekanismin kautta. Teoksen logiikka on pidetty samana, kuin mik\u00e4 se on esikuvassaankin \u2013 eli luonnonrikkauksien ja esineiden kuljettamisesta pois palkitaan. T\u00e4m\u00e4 riist\u00e4vien rakenteiden n\u00e4kyv\u00e4ksi tekeminen on ensimm\u00e4inen askel matkalla kohti oikeuksien toteutumista.<\/span><\/p>\n<p class=\"p1\"><span class=\"s1\">\u201dSe, ett\u00e4 me k\u00e4sittelemme n\u00e4it\u00e4 asioita t\u00e4m\u00e4n teoksen kautta on hyv\u00e4 tapa kohdata t\u00e4llaisia ep\u00e4kohtia\u201d, S\u00e1mi Hustler totesi <i>Lapin hipusta<\/i>. H\u00e4n kuitenkin huomautti, ett\u00e4 suhtautuisi teokseen hyvin eri tavoin, jos sit\u00e4 \u201dmyyt\u00e4isiin Stockalla tavallisena pelin\u00e4\u201d.<\/span><\/p>\n<p class=\"p1\"><span class=\"s1\">Omissa teoksissaan S\u00e1mi Hustler k\u00e4sittelee saamelaisten asemaa ensisijassa graffitin keinoin. H\u00e4nt\u00e4 kannusti polulle erityisesti J\u00e4\u00e4meren radan ymp\u00e4rill\u00e4 k\u00e4yty keskustelu.<\/span><\/p>\n<h2 class=\"p1\"><span class=\"s1\"><b>Voitto ei koskaan ole lopullinen<\/b><\/span><\/h2>\n<p class=\"p1\"><span class=\"s1\">J\u00e4\u00e4meren rata vaikuttaisi ainakin toistaiseksi kuopatulta, mutta samankaltaisilla hankkeilla on ollut tapana pulpahdella pintaan kerta toisensa j\u00e4lkeen. Ehk\u00e4 tunnetuimpana esimerkkin\u00e4 voi pit\u00e4\u00e4 Vuotoksen tekoj\u00e4rve\u00e4, jota on kaavailtu jo 1950-luvulta alkaen. Aina kun hanke on kaadettu, on vier\u00e4ht\u00e4nyt vain tovi, kun joku on j\u00e4lleen sit\u00e4 alkanut l\u00e4mmittelem\u00e4\u00e4n. T\u00e4m\u00e4 mieless\u00e4 voitoista pit\u00e4\u00e4 iloita, mutta niiden ei voi antaa tuudittaa liialliseen tyytyv\u00e4isyyteen. Tarvetta taiteelle ja aktivismille on jatkossakin. <\/span><\/p>\n<figure id=\"attachment_19522\" aria-describedby=\"caption-attachment-19522\" style=\"width: 499px\" class=\"wp-caption alignleft\"><img decoding=\"async\" class=\" wp-image-19522\" src=\"https:\/\/voima.fi\/hairikot\/wp-content\/uploads\/sites\/9\/2022\/02\/kuva-2022-02-02-113849.png\" alt=\"\" width=\"499\" height=\"494\" srcset=\"https:\/\/voima.fi\/hairikot\/wp-content\/uploads\/sites\/9\/2022\/02\/kuva-2022-02-02-113849.png 819w, https:\/\/voima.fi\/hairikot\/wp-content\/uploads\/sites\/9\/2022\/02\/kuva-2022-02-02-113849-600x593.png 600w, https:\/\/voima.fi\/hairikot\/wp-content\/uploads\/sites\/9\/2022\/02\/kuva-2022-02-02-113849-768x760.png 768w, https:\/\/voima.fi\/hairikot\/wp-content\/uploads\/sites\/9\/2022\/02\/kuva-2022-02-02-113849-320x316.png 320w, https:\/\/voima.fi\/hairikot\/wp-content\/uploads\/sites\/9\/2022\/02\/kuva-2022-02-02-113849-200x198.png 200w, https:\/\/voima.fi\/hairikot\/wp-content\/uploads\/sites\/9\/2022\/02\/kuva-2022-02-02-113849-560x554.png 560w, https:\/\/voima.fi\/hairikot\/wp-content\/uploads\/sites\/9\/2022\/02\/kuva-2022-02-02-113849-300x297.png 300w\" sizes=\"(max-width: 499px) 100vw, 499px\" \/><figcaption id=\"caption-attachment-19522\" class=\"wp-caption-text\">Liikennemerkkej\u00e4 on t\u00e4g\u00e4ilty kerran jos toisenkin. T\u00e4ll\u00e4 kertaa t\u00e4g\u00e4\u00e4j\u00e4n nimen lis\u00e4ksi liikennemerkkiin on ilmaantunut teksti &#8221;colonialism&#8221;.<\/figcaption><\/figure>\n<p class=\"p1\"><span class=\"s1\">T\u00e4h\u00e4n keskusteluun kaivataan my\u00f6s muiden kuin saamelaisten \u00e4\u00e4nt\u00e4. Ei saa j\u00e4\u00e4d\u00e4 uhrien harteille avata konfliktia ja ehdottaa tapoja korjata tapahtunut. My\u00f6s toisen osapuolen pit\u00e4\u00e4 osallistua keskusteluun ja kantaa vastuu, vaikkei se miellytt\u00e4v\u00e4\u00e4 olisikaan.<\/span><\/p>\n<p class=\"p1\"><span class=\"s1\">\u201dOn hyv\u00e4, ett\u00e4 saamelaisten asemasta keskustellaan, mutta jos revit\u00e4\u00e4n auki jo v\u00e4h\u00e4n parantuneita arpia, niin se voi kyll\u00e4 satuttaa. Se olisi kaikkien keskusteluun osallistuvien hyv\u00e4 ottaa huomioon\u201d, S\u00e1mi Hustler muistuttaa.<\/span><\/p>\n<p class=\"p1\"><span class=\"s1\"><b>Vu\u00e1ittu! \u0131 Vu\u00e4itt! \u0131 Vuoitu! \u0131 Voitto! Saamelaista taidetta ja aktivismia. Kulttuurikeskus Stoan galleriassa 24.4. asti. Vapaa p\u00e4\u00e4sy. Kirjoittaja kuratoi n\u00e4yttelyn.<\/b><\/span><\/p>\n<p class=\"p2\">\n","protected":false},"excerpt":{"rendered":"<p>2000-luvulla keskustelu saamelaisten asemasta ja heid\u00e4n oikeuksiensa kunnioittamisesta on noussut julkiseen keskusteluun uudella tavalla. Muutoksen takana on osaltaan se, ett\u00e4 saamelaiset taiteilijat ovat astuneet julkisuuteen. Nyt heid\u00e4n teoksiaan ja dokumentaatiota tapahtuneesta on n\u00e4ht\u00e4vill\u00e4 Helsingiss\u00e4, kulttuuritalo Stoan galleriassa. N\u00e4yttelyss\u00e4 esitetyt huomiot ja ajatukset saattavat vaikuttaa yll\u00e4tt\u00e4vilt\u00e4. Useimpien k\u00e4sitykseen suomalaisuudesta ei kuulu, ett\u00e4 suomalaiset olisivat jollain tavoin [&hellip;]<\/p>\n","protected":false},"author":122,"featured_media":19523,"comment_status":"closed","ping_status":"closed","sticky":false,"template":"","format":"standard","meta":{"footnotes":""},"categories":[4],"tags":[63,620,3006,3113,3114,2388,2437],"yoast_head":"<!-- This site is optimized with the Yoast SEO plugin v22.7 - https:\/\/yoast.com\/wordpress\/plugins\/seo\/ -->\n<title>Voitto taiteilijoille ja aktivisteille - H\u00e4irik\u00f6t-p\u00e4\u00e4maja<\/title>\n<meta name=\"robots\" content=\"index, follow, max-snippet:-1, max-image-preview:large, max-video-preview:-1\" \/>\n<link rel=\"canonical\" href=\"https:\/\/voima.fi\/hairikot\/artikkeli\/voitto-taiteilijoille-ja-aktivisteille\/\" \/>\n<meta property=\"og:locale\" content=\"fi_FI\" \/>\n<meta property=\"og:type\" content=\"article\" \/>\n<meta property=\"og:title\" content=\"Voitto taiteilijoille ja aktivisteille - H\u00e4irik\u00f6t-p\u00e4\u00e4maja\" \/>\n<meta property=\"og:description\" content=\"2000-luvulla keskustelu saamelaisten asemasta ja heid\u00e4n oikeuksiensa kunnioittamisesta on noussut julkiseen keskusteluun uudella tavalla. Muutoksen takana on osaltaan se, ett\u00e4 saamelaiset taiteilijat ovat astuneet julkisuuteen. Nyt heid\u00e4n teoksiaan ja dokumentaatiota tapahtuneesta on n\u00e4ht\u00e4vill\u00e4 Helsingiss\u00e4, kulttuuritalo Stoan galleriassa. N\u00e4yttelyss\u00e4 esitetyt huomiot ja ajatukset saattavat vaikuttaa yll\u00e4tt\u00e4vilt\u00e4. Useimpien k\u00e4sitykseen suomalaisuudesta ei kuulu, ett\u00e4 suomalaiset olisivat jollain tavoin [&hellip;]\" \/>\n<meta property=\"og:url\" content=\"https:\/\/voima.fi\/hairikot\/artikkeli\/voitto-taiteilijoille-ja-aktivisteille\/\" \/>\n<meta property=\"og:site_name\" content=\"H\u00e4irik\u00f6t-p\u00e4\u00e4maja\" \/>\n<meta property=\"article:published_time\" content=\"2022-03-23T09:33:36+00:00\" \/>\n<meta property=\"og:image\" content=\"https:\/\/voima.fi\/hairikot\/wp-content\/uploads\/sites\/9\/2022\/02\/ratify-it-1024x799.png\" \/>\n\t<meta property=\"og:image:width\" content=\"1024\" \/>\n\t<meta property=\"og:image:height\" content=\"799\" \/>\n\t<meta property=\"og:image:type\" content=\"image\/png\" \/>\n<meta name=\"author\" content=\"Jari Tamminen\" \/>\n<meta name=\"twitter:card\" content=\"summary_large_image\" \/>\n<meta name=\"twitter:label1\" content=\"Kirjoittanut\" \/>\n\t<meta name=\"twitter:data1\" content=\"Jari Tamminen\" \/>\n\t<meta name=\"twitter:label2\" content=\"Arvioitu lukuaika\" \/>\n\t<meta name=\"twitter:data2\" content=\"6 minuuttia\" \/>\n<script type=\"application\/ld+json\" class=\"yoast-schema-graph\">{\"@context\":\"https:\/\/schema.org\",\"@graph\":[{\"@type\":\"WebPage\",\"@id\":\"https:\/\/voima.fi\/hairikot\/artikkeli\/voitto-taiteilijoille-ja-aktivisteille\/\",\"url\":\"https:\/\/voima.fi\/hairikot\/artikkeli\/voitto-taiteilijoille-ja-aktivisteille\/\",\"name\":\"Voitto taiteilijoille ja aktivisteille - H\u00e4irik\u00f6t-p\u00e4\u00e4maja\",\"isPartOf\":{\"@id\":\"https:\/\/voima.fi\/hairikot\/#website\"},\"primaryImageOfPage\":{\"@id\":\"https:\/\/voima.fi\/hairikot\/artikkeli\/voitto-taiteilijoille-ja-aktivisteille\/#primaryimage\"},\"image\":{\"@id\":\"https:\/\/voima.fi\/hairikot\/artikkeli\/voitto-taiteilijoille-ja-aktivisteille\/#primaryimage\"},\"thumbnailUrl\":\"https:\/\/voima.fi\/hairikot\/wp-content\/uploads\/sites\/9\/2022\/02\/ratify-it.png\",\"datePublished\":\"2022-03-23T09:33:36+00:00\",\"dateModified\":\"2022-03-23T09:33:36+00:00\",\"author\":{\"@id\":\"https:\/\/voima.fi\/hairikot\/#\/schema\/person\/523ff68c19f1381d78529f38bb76e7fe\"},\"breadcrumb\":{\"@id\":\"https:\/\/voima.fi\/hairikot\/artikkeli\/voitto-taiteilijoille-ja-aktivisteille\/#breadcrumb\"},\"inLanguage\":\"fi\",\"potentialAction\":[{\"@type\":\"ReadAction\",\"target\":[\"https:\/\/voima.fi\/hairikot\/artikkeli\/voitto-taiteilijoille-ja-aktivisteille\/\"]}]},{\"@type\":\"ImageObject\",\"inLanguage\":\"fi\",\"@id\":\"https:\/\/voima.fi\/hairikot\/artikkeli\/voitto-taiteilijoille-ja-aktivisteille\/#primaryimage\",\"url\":\"https:\/\/voima.fi\/hairikot\/wp-content\/uploads\/sites\/9\/2022\/02\/ratify-it.png\",\"contentUrl\":\"https:\/\/voima.fi\/hairikot\/wp-content\/uploads\/sites\/9\/2022\/02\/ratify-it.png\",\"width\":1681,\"height\":1311,\"caption\":\"Alkuper\u00e4iskansojen oikeudet tunnustavan ILO169-sopimuksen ratifioimista on pyydetty kauniisti ja vaadittu \u00e4\u00e4nekk\u00e4\u00e4sti jo vuosikymmenten ajan. T\u00e4t\u00e4 ei Suomessa kuitenkaan ole tehty. Suurimpana hidasteena ratifioimisen tiell\u00e4 on ollut se, ett\u00e4 saamelaisten oikeuksien tunnistaminen ja tunnustaminen tietenkin vahvistaisi heid\u00e4n oikeuksiaan. Jos maailman n\u00e4kee nollasummapelin\u00e4, niin luonnollisesti joidenkin oikeudet ovat pois toisilta ja niinp\u00e4 ILO169 onkin j\u00e4\u00e4nyt resursseista k\u00e4yt\u00e4v\u00e4n kamppailun jalkoihin. Maailmaa voisi tarkastella my\u00f6s toisin ja on olemassa vallan mainioita argumentteja sen puolesta, ett\u00e4 sopimuksen ratifioiminen olisi ihan kaikkien hy\u00f6ty.\"},{\"@type\":\"BreadcrumbList\",\"@id\":\"https:\/\/voima.fi\/hairikot\/artikkeli\/voitto-taiteilijoille-ja-aktivisteille\/#breadcrumb\",\"itemListElement\":[{\"@type\":\"ListItem\",\"position\":1,\"name\":\"Home\",\"item\":\"https:\/\/voima.fi\/hairikot\/\"},{\"@type\":\"ListItem\",\"position\":2,\"name\":\"Voitto taiteilijoille ja aktivisteille\"}]},{\"@type\":\"WebSite\",\"@id\":\"https:\/\/voima.fi\/hairikot\/#website\",\"url\":\"https:\/\/voima.fi\/hairikot\/\",\"name\":\"H\u00e4irik\u00f6t-p\u00e4\u00e4maja\",\"description\":\"\",\"potentialAction\":[{\"@type\":\"SearchAction\",\"target\":{\"@type\":\"EntryPoint\",\"urlTemplate\":\"https:\/\/voima.fi\/hairikot\/?s={search_term_string}\"},\"query-input\":\"required name=search_term_string\"}],\"inLanguage\":\"fi\"},{\"@type\":\"Person\",\"@id\":\"https:\/\/voima.fi\/hairikot\/#\/schema\/person\/523ff68c19f1381d78529f38bb76e7fe\",\"name\":\"Jari Tamminen\",\"image\":{\"@type\":\"ImageObject\",\"inLanguage\":\"fi\",\"@id\":\"https:\/\/voima.fi\/hairikot\/#\/schema\/person\/image\/\",\"url\":\"https:\/\/secure.gravatar.com\/avatar\/e5c0bb16f2efc1924afe37fc190f8ce1?s=96&d=blank&r=g\",\"contentUrl\":\"https:\/\/secure.gravatar.com\/avatar\/e5c0bb16f2efc1924afe37fc190f8ce1?s=96&d=blank&r=g\",\"caption\":\"Jari Tamminen\"},\"description\":\"Kulttuurih\u00e4irint\u00e4 on taiteen ja aktivismin j\u00e4nnitt\u00e4v\u00e4\u00e4 lomittumista: odottamaton performanssi katuvilin\u00e4ss\u00e4, vallattuja mainostauluja ja mainosparodioita. Se on k\u00e4site, joka yhdist\u00e4\u00e4 yhteiskunnallista kommentaaria ja luovaa vastarintaa. T\u00e4ss\u00e4 blogissa Voiman Jari Tamminen hahmottaa maailmaa kulttuurih\u00e4irinn\u00e4n n\u00e4k\u00f6kulmasta. Lis\u00e4\u00e4 Tammisen huomioita kulttuurih\u00e4irinn\u00e4st\u00e4 voi lukea Voimasta, H\u00e4irik\u00f6t \u2013 Kulttuurih\u00e4irinn\u00e4n aakkoset -kirjasta ja p\u00e4ivitt\u00e4in osoitteesta www.facebook.com\/hairikot.\",\"sameAs\":[\"http:\/\/www.facebook.com\/hairikot\"],\"url\":\"https:\/\/voima.fi\/hairikot\/artikkeli\/author\/hairikko\/\"}]}<\/script>\n<!-- \/ Yoast SEO plugin. -->","yoast_head_json":{"title":"Voitto taiteilijoille ja aktivisteille - H\u00e4irik\u00f6t-p\u00e4\u00e4maja","robots":{"index":"index","follow":"follow","max-snippet":"max-snippet:-1","max-image-preview":"max-image-preview:large","max-video-preview":"max-video-preview:-1"},"canonical":"https:\/\/voima.fi\/hairikot\/artikkeli\/voitto-taiteilijoille-ja-aktivisteille\/","og_locale":"fi_FI","og_type":"article","og_title":"Voitto taiteilijoille ja aktivisteille - H\u00e4irik\u00f6t-p\u00e4\u00e4maja","og_description":"2000-luvulla keskustelu saamelaisten asemasta ja heid\u00e4n oikeuksiensa kunnioittamisesta on noussut julkiseen keskusteluun uudella tavalla. Muutoksen takana on osaltaan se, ett\u00e4 saamelaiset taiteilijat ovat astuneet julkisuuteen. Nyt heid\u00e4n teoksiaan ja dokumentaatiota tapahtuneesta on n\u00e4ht\u00e4vill\u00e4 Helsingiss\u00e4, kulttuuritalo Stoan galleriassa. N\u00e4yttelyss\u00e4 esitetyt huomiot ja ajatukset saattavat vaikuttaa yll\u00e4tt\u00e4vilt\u00e4. Useimpien k\u00e4sitykseen suomalaisuudesta ei kuulu, ett\u00e4 suomalaiset olisivat jollain tavoin [&hellip;]","og_url":"https:\/\/voima.fi\/hairikot\/artikkeli\/voitto-taiteilijoille-ja-aktivisteille\/","og_site_name":"H\u00e4irik\u00f6t-p\u00e4\u00e4maja","article_published_time":"2022-03-23T09:33:36+00:00","og_image":[{"width":1024,"height":799,"url":"https:\/\/voima.fi\/hairikot\/wp-content\/uploads\/sites\/9\/2022\/02\/ratify-it-1024x799.png","type":"image\/png"}],"author":"Jari Tamminen","twitter_card":"summary_large_image","twitter_misc":{"Kirjoittanut":"Jari Tamminen","Arvioitu lukuaika":"6 minuuttia"},"schema":{"@context":"https:\/\/schema.org","@graph":[{"@type":"WebPage","@id":"https:\/\/voima.fi\/hairikot\/artikkeli\/voitto-taiteilijoille-ja-aktivisteille\/","url":"https:\/\/voima.fi\/hairikot\/artikkeli\/voitto-taiteilijoille-ja-aktivisteille\/","name":"Voitto taiteilijoille ja aktivisteille - H\u00e4irik\u00f6t-p\u00e4\u00e4maja","isPartOf":{"@id":"https:\/\/voima.fi\/hairikot\/#website"},"primaryImageOfPage":{"@id":"https:\/\/voima.fi\/hairikot\/artikkeli\/voitto-taiteilijoille-ja-aktivisteille\/#primaryimage"},"image":{"@id":"https:\/\/voima.fi\/hairikot\/artikkeli\/voitto-taiteilijoille-ja-aktivisteille\/#primaryimage"},"thumbnailUrl":"https:\/\/voima.fi\/hairikot\/wp-content\/uploads\/sites\/9\/2022\/02\/ratify-it.png","datePublished":"2022-03-23T09:33:36+00:00","dateModified":"2022-03-23T09:33:36+00:00","author":{"@id":"https:\/\/voima.fi\/hairikot\/#\/schema\/person\/523ff68c19f1381d78529f38bb76e7fe"},"breadcrumb":{"@id":"https:\/\/voima.fi\/hairikot\/artikkeli\/voitto-taiteilijoille-ja-aktivisteille\/#breadcrumb"},"inLanguage":"fi","potentialAction":[{"@type":"ReadAction","target":["https:\/\/voima.fi\/hairikot\/artikkeli\/voitto-taiteilijoille-ja-aktivisteille\/"]}]},{"@type":"ImageObject","inLanguage":"fi","@id":"https:\/\/voima.fi\/hairikot\/artikkeli\/voitto-taiteilijoille-ja-aktivisteille\/#primaryimage","url":"https:\/\/voima.fi\/hairikot\/wp-content\/uploads\/sites\/9\/2022\/02\/ratify-it.png","contentUrl":"https:\/\/voima.fi\/hairikot\/wp-content\/uploads\/sites\/9\/2022\/02\/ratify-it.png","width":1681,"height":1311,"caption":"Alkuper\u00e4iskansojen oikeudet tunnustavan ILO169-sopimuksen ratifioimista on pyydetty kauniisti ja vaadittu \u00e4\u00e4nekk\u00e4\u00e4sti jo vuosikymmenten ajan. T\u00e4t\u00e4 ei Suomessa kuitenkaan ole tehty. Suurimpana hidasteena ratifioimisen tiell\u00e4 on ollut se, ett\u00e4 saamelaisten oikeuksien tunnistaminen ja tunnustaminen tietenkin vahvistaisi heid\u00e4n oikeuksiaan. Jos maailman n\u00e4kee nollasummapelin\u00e4, niin luonnollisesti joidenkin oikeudet ovat pois toisilta ja niinp\u00e4 ILO169 onkin j\u00e4\u00e4nyt resursseista k\u00e4yt\u00e4v\u00e4n kamppailun jalkoihin. Maailmaa voisi tarkastella my\u00f6s toisin ja on olemassa vallan mainioita argumentteja sen puolesta, ett\u00e4 sopimuksen ratifioiminen olisi ihan kaikkien hy\u00f6ty."},{"@type":"BreadcrumbList","@id":"https:\/\/voima.fi\/hairikot\/artikkeli\/voitto-taiteilijoille-ja-aktivisteille\/#breadcrumb","itemListElement":[{"@type":"ListItem","position":1,"name":"Home","item":"https:\/\/voima.fi\/hairikot\/"},{"@type":"ListItem","position":2,"name":"Voitto taiteilijoille ja aktivisteille"}]},{"@type":"WebSite","@id":"https:\/\/voima.fi\/hairikot\/#website","url":"https:\/\/voima.fi\/hairikot\/","name":"H\u00e4irik\u00f6t-p\u00e4\u00e4maja","description":"","potentialAction":[{"@type":"SearchAction","target":{"@type":"EntryPoint","urlTemplate":"https:\/\/voima.fi\/hairikot\/?s={search_term_string}"},"query-input":"required name=search_term_string"}],"inLanguage":"fi"},{"@type":"Person","@id":"https:\/\/voima.fi\/hairikot\/#\/schema\/person\/523ff68c19f1381d78529f38bb76e7fe","name":"Jari Tamminen","image":{"@type":"ImageObject","inLanguage":"fi","@id":"https:\/\/voima.fi\/hairikot\/#\/schema\/person\/image\/","url":"https:\/\/secure.gravatar.com\/avatar\/e5c0bb16f2efc1924afe37fc190f8ce1?s=96&d=blank&r=g","contentUrl":"https:\/\/secure.gravatar.com\/avatar\/e5c0bb16f2efc1924afe37fc190f8ce1?s=96&d=blank&r=g","caption":"Jari Tamminen"},"description":"Kulttuurih\u00e4irint\u00e4 on taiteen ja aktivismin j\u00e4nnitt\u00e4v\u00e4\u00e4 lomittumista: odottamaton performanssi katuvilin\u00e4ss\u00e4, vallattuja mainostauluja ja mainosparodioita. Se on k\u00e4site, joka yhdist\u00e4\u00e4 yhteiskunnallista kommentaaria ja luovaa vastarintaa. T\u00e4ss\u00e4 blogissa Voiman Jari Tamminen hahmottaa maailmaa kulttuurih\u00e4irinn\u00e4n n\u00e4k\u00f6kulmasta. Lis\u00e4\u00e4 Tammisen huomioita kulttuurih\u00e4irinn\u00e4st\u00e4 voi lukea Voimasta, H\u00e4irik\u00f6t \u2013 Kulttuurih\u00e4irinn\u00e4n aakkoset -kirjasta ja p\u00e4ivitt\u00e4in osoitteesta www.facebook.com\/hairikot.","sameAs":["http:\/\/www.facebook.com\/hairikot"],"url":"https:\/\/voima.fi\/hairikot\/artikkeli\/author\/hairikko\/"}]}},"enclosure":{"image":"https:\/\/voima.fi\/hairikot\/wp-content\/uploads\/sites\/9\/2022\/02\/ratify-it.png"},"meta:avatar":"","geolocation":[],"meta:youtube":null,"meta:vimeo":null,"meta:duration":null,"_links":{"self":[{"href":"https:\/\/voima.fi\/hairikot\/wp-json\/wp\/v2\/posts\/19617"}],"collection":[{"href":"https:\/\/voima.fi\/hairikot\/wp-json\/wp\/v2\/posts"}],"about":[{"href":"https:\/\/voima.fi\/hairikot\/wp-json\/wp\/v2\/types\/post"}],"author":[{"embeddable":true,"href":"https:\/\/voima.fi\/hairikot\/wp-json\/wp\/v2\/users\/122"}],"replies":[{"embeddable":true,"href":"https:\/\/voima.fi\/hairikot\/wp-json\/wp\/v2\/comments?post=19617"}],"version-history":[{"count":3,"href":"https:\/\/voima.fi\/hairikot\/wp-json\/wp\/v2\/posts\/19617\/revisions"}],"predecessor-version":[{"id":19623,"href":"https:\/\/voima.fi\/hairikot\/wp-json\/wp\/v2\/posts\/19617\/revisions\/19623"}],"wp:featuredmedia":[{"embeddable":true,"href":"https:\/\/voima.fi\/hairikot\/wp-json\/wp\/v2\/media\/19523"}],"wp:attachment":[{"href":"https:\/\/voima.fi\/hairikot\/wp-json\/wp\/v2\/media?parent=19617"}],"wp:term":[{"taxonomy":"category","embeddable":true,"href":"https:\/\/voima.fi\/hairikot\/wp-json\/wp\/v2\/categories?post=19617"},{"taxonomy":"post_tag","embeddable":true,"href":"https:\/\/voima.fi\/hairikot\/wp-json\/wp\/v2\/tags?post=19617"}],"curies":[{"name":"wp","href":"https:\/\/api.w.org\/{rel}","templated":true}]}}