{"id":19383,"date":"2021-11-12T15:51:59","date_gmt":"2021-11-12T13:51:59","guid":{"rendered":"https:\/\/voima.fi\/hairikot\/?p=19383"},"modified":"2021-11-12T15:55:36","modified_gmt":"2021-11-12T13:55:36","slug":"rahat-ja-henki-jalkapallon-puolesta","status":"publish","type":"post","link":"https:\/\/voima.fi\/hairikot\/artikkeli\/rahat-ja-henki-jalkapallon-puolesta\/","title":{"rendered":"Rahat ja henki jalkapallon puolesta"},"content":{"rendered":"<p><strong>Jalkapallon arvokisat<\/strong> ovat kes\u00e4n parasta aikaa. Jalkapalloa pelaavana lapsena<span class=\"Apple-converted-space\">\u00a0 <\/span>kisoissa kiinnosti n\u00e4hd\u00e4 idoleidensa pelaavan ja aikuisemmalla i\u00e4ll\u00e4 valmentajana toimiessa on ollut mahtavaa p\u00e4\u00e4st\u00e4 vertailemaan eri maiden pelityylej\u00e4.<span class=\"Apple-converted-space\">\u00a0<\/span><\/p>\n<p>Nyt Qatarin MM-lopputurnaus puhututtaa. Ei kuitenkaan itse peliin liittyen, vaan siirtoty\u00f6ntekij\u00f6iden huonojen olosuhteiden vuoksi. Syyskuussa Suomen maa\u00adjoukkueen pitk\u00e4aikainen kapteeni <strong>Tim Sparv<\/strong> julkaisi <em>The Players\u2019 Tribune<\/em> -verkko\u00admediassa <a href=\"https:\/\/www.theplayerstribune.com\/posts\/tim-sparv-finland-world-cup-2022-qatar-soccer\" class=\"external\" rel=\"nofollow\">kannanoton aiheesta<\/a>. Muutama vuosi sitten <strong>Riku Riski<\/strong> nousi otsikoihin boikotoidessaan maajoukkueleiri\u00e4 Qatarissa. N\u00e4iden v\u00e4liss\u00e4 <strong>Jari Litmanen<\/strong> taas h\u00e4mmensi keskustelua my\u00f6nteisill\u00e4 lausunnoillaan paikan p\u00e4\u00e4lt\u00e4. J\u00e4lkeenp\u00e4in Litmanen selitti, ett\u00e4 otti vain kantaa pelaajille pelin kannalta relevantteihin \u201djalkapallo-olosuhteisiin\u201d.<\/p>\n<p>Kuten usein kuulee sanottavan, ei urheilua ja politiikkaa tule sekoittaa.<\/p>\n<h3>Voiko urheilua ja politiikkaa erottaa toisistaan?<\/h3>\n<p>Viime vuosina pelikenttien ulkopuolella on tapahtunut politikointia, mik\u00e4 on antanut syyn kyseenalaistaa koko kisojen idean.<\/p>\n<figure id=\"attachment_19384\" aria-describedby=\"caption-attachment-19384\" style=\"width: 540px\" class=\"wp-caption alignright\"><img decoding=\"async\" class=\" wp-image-19384\" src=\"https:\/\/voima.fi\/hairikot\/wp-content\/uploads\/sites\/9\/2021\/11\/fairworldcup-724x1024.jpg\" alt=\"\" width=\"540\" height=\"763\" srcset=\"https:\/\/voima.fi\/hairikot\/wp-content\/uploads\/sites\/9\/2021\/11\/fairworldcup-724x1024.jpg 724w, https:\/\/voima.fi\/hairikot\/wp-content\/uploads\/sites\/9\/2021\/11\/fairworldcup-424x600.jpg 424w, https:\/\/voima.fi\/hairikot\/wp-content\/uploads\/sites\/9\/2021\/11\/fairworldcup-768x1086.jpg 768w, https:\/\/voima.fi\/hairikot\/wp-content\/uploads\/sites\/9\/2021\/11\/fairworldcup-1086x1536.jpg 1086w, https:\/\/voima.fi\/hairikot\/wp-content\/uploads\/sites\/9\/2021\/11\/fairworldcup-1448x2048.jpg 1448w, https:\/\/voima.fi\/hairikot\/wp-content\/uploads\/sites\/9\/2021\/11\/fairworldcup-226x320.jpg 226w, https:\/\/voima.fi\/hairikot\/wp-content\/uploads\/sites\/9\/2021\/11\/fairworldcup-200x283.jpg 200w, https:\/\/voima.fi\/hairikot\/wp-content\/uploads\/sites\/9\/2021\/11\/fairworldcup-560x792.jpg 560w, https:\/\/voima.fi\/hairikot\/wp-content\/uploads\/sites\/9\/2021\/11\/fairworldcup-980x1386.jpg 980w, https:\/\/voima.fi\/hairikot\/wp-content\/uploads\/sites\/9\/2021\/11\/fairworldcup-212x300.jpg 212w, https:\/\/voima.fi\/hairikot\/wp-content\/uploads\/sites\/9\/2021\/11\/fairworldcup-scaled.jpg 1810w\" sizes=\"(max-width: 540px) 100vw, 540px\" \/><figcaption id=\"caption-attachment-19384\" class=\"wp-caption-text\">Juhlapuheissa urheilu tuo ihmiset ja kansakunnat yhteen, ja tarjoaa mahdollisuuden kilvoitella rehdisti. Todellisuus poikkeaa usein juhlapuheissa maalaillusta kuvasta. My\u00f6s Amnesty International <a href=\"http:\/\/www.amnesty.fi\/vetoomukset\/qatarin-siirtotyolaisten-oikeuksien-parantamisella-on-kiire-fifan-on-toimittava-nyt\/\" class=\"external\" rel=\"nofollow\"><span style=\"text-decoration: underline;\">vetoaa<\/span><\/a> Quatarin siirtoty\u00f6l\u00e4isten oikeuksien parantamisen puolesta<\/figcaption><\/figure>\n<p>Kannattiko EM-kisat j\u00e4rjest\u00e4\u00e4 ymp\u00e4ri Eurooppaa keskell\u00e4 pandemiaa? Pietarin kisaturistit olivat kohun aihe viel\u00e4 pitk\u00e4\u00e4n sen j\u00e4lkeen, kun Suomi oli tippunut pois ensimm\u00e4isist\u00e4 miesten arvokisoistaan. Oli pandemiaa tai ei,<span class=\"Apple-converted-space\">\u00a0 <\/span>ymp\u00e4ri maanosaa reissaaminen pelien v\u00e4lill\u00e4 ole ei ilmastonmuutoksen kannalta kovin kest\u00e4v\u00e4\u00e4. <span class=\"Apple-converted-space\">\u00a0<\/span><\/p>\n<p>Toisaalta verrattuna MM-kisoihin, voivat EM-kisat vaikuttaa l\u00e4hes demokraattisilta. Viime MM-kisat pelattiin Ven\u00e4j\u00e4ll\u00e4, sit\u00e4 ennen Brasiliassa ja Etel\u00e4-Afrikassa. Kun mukaan lis\u00e4t\u00e4\u00e4n viel\u00e4 Qatar, ei mik\u00e4\u00e4n edell\u00e4 mainituista erotu edukseen erityisen hyvin toteutuneista ihmisoikeuksistaan.<\/p>\n<p>Lajin kattoj\u00e4rjest\u00f6\u00e4, Kansainv\u00e4list\u00e4 jalkapalloliitto FIFAa on my\u00f6s syytetty korruptiosta kisapaikkojen valintojen yhteydess\u00e4.<\/p>\n<h3>Onko mik\u00e4\u00e4n hinta liikaa?<\/h3>\n<p>Turnaukset vaativat infrastruktuuria, jota harvalla kehittyv\u00e4ll\u00e4 maalla on ennest\u00e4\u00e4n.<\/p>\n<figure id=\"attachment_19386\" aria-describedby=\"caption-attachment-19386\" style=\"width: 500px\" class=\"wp-caption alignleft\"><img decoding=\"async\" class=\" wp-image-19386\" src=\"https:\/\/voima.fi\/hairikot\/wp-content\/uploads\/sites\/9\/2021\/11\/beating-vastis-724x1024.jpg\" alt=\"\" width=\"500\" height=\"707\" srcset=\"https:\/\/voima.fi\/hairikot\/wp-content\/uploads\/sites\/9\/2021\/11\/beating-vastis-724x1024.jpg 724w, https:\/\/voima.fi\/hairikot\/wp-content\/uploads\/sites\/9\/2021\/11\/beating-vastis-424x600.jpg 424w, https:\/\/voima.fi\/hairikot\/wp-content\/uploads\/sites\/9\/2021\/11\/beating-vastis-768x1087.jpg 768w, https:\/\/voima.fi\/hairikot\/wp-content\/uploads\/sites\/9\/2021\/11\/beating-vastis-226x320.jpg 226w, https:\/\/voima.fi\/hairikot\/wp-content\/uploads\/sites\/9\/2021\/11\/beating-vastis-200x283.jpg 200w, https:\/\/voima.fi\/hairikot\/wp-content\/uploads\/sites\/9\/2021\/11\/beating-vastis-560x792.jpg 560w, https:\/\/voima.fi\/hairikot\/wp-content\/uploads\/sites\/9\/2021\/11\/beating-vastis-980x1387.jpg 980w, https:\/\/voima.fi\/hairikot\/wp-content\/uploads\/sites\/9\/2021\/11\/beating-vastis-212x300.jpg 212w, https:\/\/voima.fi\/hairikot\/wp-content\/uploads\/sites\/9\/2021\/11\/beating-vastis.jpg 1000w\" sizes=\"(max-width: 500px) 100vw, 500px\" \/><figcaption id=\"caption-attachment-19386\" class=\"wp-caption-text\">Korruptio ja ihmisoikeusloukkaukset liittyv\u00e4t moniin muihinkin urheilutapahtumiin kuin FIFAn j\u00e4rjest\u00e4miin jalkapallon maailmanmestaruuskilpailuihin. Samoja ongelmia on n\u00e4hty niin <a href=\"https:\/\/voima.fi\/arkisto-voima\/sotsi-kivat-kulissit-ruma-todellisuus\/\"><span style=\"text-decoration: underline;\">Ven\u00e4j\u00e4n<\/span><\/a> kuin Kiinankin j\u00e4rjest\u00e4miss\u00e4 olympialaisissa. Eiv\u00e4tk\u00e4 olympialaisten ongelmat tietenk\u00e4\u00e4n rajoitu ainoastaan diktatuurien is\u00e4nn\u00f6imiin kisoihin \u2013 my\u00f6s Lontoon vuoden 2012 j\u00e4rjestelyihin <a href=\"https:\/\/voima.fi\/arkisto-voima\/olympialaisten-toinen-puoli\/\"><span style=\"text-decoration: underline;\">liittyi paljon ongelmia<\/span><\/a>.<\/figcaption><\/figure>\n<p>Sek\u00e4 Etel\u00e4-Afrikan ett\u00e4 Brasilian kisoja leimasi k\u00f6yhien asuinalueiden p\u00e4\u00e4lle rakentaminen, joka tarkoitti asukkaiden h\u00e4\u00e4t\u00f6\u00e4 stadionien tai parkkipaikkojen tielt\u00e4. Qatarissa ihmisoikeusloukkaukset ovat n\u00e4ytt\u00e4ytyneet maksamattomina palkkoina, hirvein\u00e4 asuinoloina sek\u00e4 lukemattomina kuolemina. Ven\u00e4j\u00e4n MM-turnaus muistetaan autoritaarisen johtajansa PR-kampanjana. Avausottelussa hymyilevien Putinin ja Saudi-Arabian kruununprinssi Mohammed bin Salmanin k\u00e4ttely sai l\u00e4hes yht\u00e4 paljon ruutuaikaa kuin is\u00e4nt\u00e4joukkueen viisi maalia.<\/p>\n<p>Hyv\u00e4n PR:n ohella, kisojen j\u00e4rjest\u00e4mist\u00e4 perustellaan usein niiden tuomalla taloudellisella hy\u00f6dyll\u00e4. Mutta kuka ker\u00e4\u00e4 voitot lis\u00e4\u00e4ntyneest\u00e4 turismista? Etel\u00e4-Afrikan kisojen aikana paikallisten kauppiaiden piti maksaa 60000 randin, eli reilun 6000 euron, rekister\u00f6intimaksu luvasta toimia 1,5 kilometrin s\u00e4teell\u00e4 kisapaikoista. Summa vastaa melkein kahta mediaanivuosituloa. Etel\u00e4-Afrikalle palautui vain noin kymmenesosa sijoitetusta 3,6 miljardista eurosta, kun taas jalkapallon kattoj\u00e4rjest\u00f6 FIFA nappasi 2 miljardin tuotot. N\u00e4iden lukujen valossa, ei liene ep\u00e4selv\u00e4\u00e4, miksi FIFA on ehdottanut MM-lopputurnausten j\u00e4rjest\u00e4mistiheyden kaventamista nelj\u00e4st\u00e4 vuodesta kahteen.<\/p>\n<p>Kun vertaa kisojen j\u00e4rjest\u00e4misen tuomia hy\u00f6tyj\u00e4 sen kustannuksiin, voi perustellusti kysy\u00e4, miksi yksik\u00e4\u00e4n valtio suostuu siihen? Ainakaan sellainen, jota kiinnostaa oman kansakunnan etu.<\/p>\n<p><strong>Fair World Cup vastamainoksessa k\u00e4ytetty osia muista teoksista. CC-BY-SA 4.0. Patsaan hartiat ja k\u00e4det Meathead Movers ja pokaalin jalusta Revon Web.<\/strong><\/p>\n","protected":false},"excerpt":{"rendered":"<p>Jalkapallon arvokisat ovat kes\u00e4n parasta aikaa. Jalkapalloa pelaavana lapsena\u00a0 kisoissa kiinnosti n\u00e4hd\u00e4 idoleidensa pelaavan ja aikuisemmalla i\u00e4ll\u00e4 valmentajana toimiessa on ollut mahtavaa p\u00e4\u00e4st\u00e4 vertailemaan eri maiden pelityylej\u00e4.\u00a0 Nyt Qatarin MM-lopputurnaus puhututtaa. Ei kuitenkaan itse peliin liittyen, vaan siirtoty\u00f6ntekij\u00f6iden huonojen olosuhteiden vuoksi. Syyskuussa Suomen maa\u00adjoukkueen pitk\u00e4aikainen kapteeni Tim Sparv julkaisi The Players\u2019 Tribune -verkko\u00admediassa kannanoton aiheesta. [&hellip;]<\/p>\n","protected":false},"author":122,"featured_media":19389,"comment_status":"closed","ping_status":"closed","sticky":false,"template":"","format":"standard","meta":{"footnotes":""},"categories":[1],"tags":[3070,801,900,1217,1260,3072,2775,3071],"yoast_head":"<!-- This site is optimized with the Yoast SEO plugin v22.7 - https:\/\/yoast.com\/wordpress\/plugins\/seo\/ -->\n<title>Rahat ja henki jalkapallon puolesta - H\u00e4irik\u00f6t-p\u00e4\u00e4maja<\/title>\n<meta name=\"robots\" content=\"index, follow, max-snippet:-1, max-image-preview:large, max-video-preview:-1\" \/>\n<link rel=\"canonical\" href=\"https:\/\/voima.fi\/hairikot\/artikkeli\/rahat-ja-henki-jalkapallon-puolesta\/\" \/>\n<meta property=\"og:locale\" content=\"fi_FI\" \/>\n<meta property=\"og:type\" content=\"article\" \/>\n<meta property=\"og:title\" content=\"Rahat ja henki jalkapallon puolesta - H\u00e4irik\u00f6t-p\u00e4\u00e4maja\" \/>\n<meta property=\"og:description\" content=\"Jalkapallon arvokisat ovat kes\u00e4n parasta aikaa. Jalkapalloa pelaavana lapsena\u00a0 kisoissa kiinnosti n\u00e4hd\u00e4 idoleidensa pelaavan ja aikuisemmalla i\u00e4ll\u00e4 valmentajana toimiessa on ollut mahtavaa p\u00e4\u00e4st\u00e4 vertailemaan eri maiden pelityylej\u00e4.\u00a0 Nyt Qatarin MM-lopputurnaus puhututtaa. Ei kuitenkaan itse peliin liittyen, vaan siirtoty\u00f6ntekij\u00f6iden huonojen olosuhteiden vuoksi. Syyskuussa Suomen maa\u00adjoukkueen pitk\u00e4aikainen kapteeni Tim Sparv julkaisi The Players\u2019 Tribune -verkko\u00admediassa kannanoton aiheesta. [&hellip;]\" \/>\n<meta property=\"og:url\" content=\"https:\/\/voima.fi\/hairikot\/artikkeli\/rahat-ja-henki-jalkapallon-puolesta\/\" \/>\n<meta property=\"og:site_name\" content=\"H\u00e4irik\u00f6t-p\u00e4\u00e4maja\" \/>\n<meta property=\"article:published_time\" content=\"2021-11-12T13:51:59+00:00\" \/>\n<meta property=\"article:modified_time\" content=\"2021-11-12T13:55:36+00:00\" \/>\n<meta property=\"og:image\" content=\"https:\/\/voima.fi\/hairikot\/wp-content\/uploads\/sites\/9\/2021\/11\/fair-world-cup.jpg\" \/>\n\t<meta property=\"og:image:width\" content=\"1497\" \/>\n\t<meta property=\"og:image:height\" content=\"815\" \/>\n\t<meta property=\"og:image:type\" content=\"image\/jpeg\" \/>\n<meta name=\"author\" content=\"Jari Tamminen\" \/>\n<meta name=\"twitter:card\" content=\"summary_large_image\" \/>\n<meta name=\"twitter:label1\" content=\"Kirjoittanut\" \/>\n\t<meta name=\"twitter:data1\" content=\"Jari Tamminen\" \/>\n\t<meta name=\"twitter:label2\" content=\"Arvioitu lukuaika\" \/>\n\t<meta name=\"twitter:data2\" content=\"3 minuuttia\" \/>\n<script type=\"application\/ld+json\" class=\"yoast-schema-graph\">{\"@context\":\"https:\/\/schema.org\",\"@graph\":[{\"@type\":\"WebPage\",\"@id\":\"https:\/\/voima.fi\/hairikot\/artikkeli\/rahat-ja-henki-jalkapallon-puolesta\/\",\"url\":\"https:\/\/voima.fi\/hairikot\/artikkeli\/rahat-ja-henki-jalkapallon-puolesta\/\",\"name\":\"Rahat ja henki jalkapallon puolesta - H\u00e4irik\u00f6t-p\u00e4\u00e4maja\",\"isPartOf\":{\"@id\":\"https:\/\/voima.fi\/hairikot\/#website\"},\"primaryImageOfPage\":{\"@id\":\"https:\/\/voima.fi\/hairikot\/artikkeli\/rahat-ja-henki-jalkapallon-puolesta\/#primaryimage\"},\"image\":{\"@id\":\"https:\/\/voima.fi\/hairikot\/artikkeli\/rahat-ja-henki-jalkapallon-puolesta\/#primaryimage\"},\"thumbnailUrl\":\"https:\/\/voima.fi\/hairikot\/wp-content\/uploads\/sites\/9\/2021\/11\/fair-world-cup.jpg\",\"datePublished\":\"2021-11-12T13:51:59+00:00\",\"dateModified\":\"2021-11-12T13:55:36+00:00\",\"author\":{\"@id\":\"https:\/\/voima.fi\/hairikot\/#\/schema\/person\/523ff68c19f1381d78529f38bb76e7fe\"},\"breadcrumb\":{\"@id\":\"https:\/\/voima.fi\/hairikot\/artikkeli\/rahat-ja-henki-jalkapallon-puolesta\/#breadcrumb\"},\"inLanguage\":\"fi\",\"potentialAction\":[{\"@type\":\"ReadAction\",\"target\":[\"https:\/\/voima.fi\/hairikot\/artikkeli\/rahat-ja-henki-jalkapallon-puolesta\/\"]}]},{\"@type\":\"ImageObject\",\"inLanguage\":\"fi\",\"@id\":\"https:\/\/voima.fi\/hairikot\/artikkeli\/rahat-ja-henki-jalkapallon-puolesta\/#primaryimage\",\"url\":\"https:\/\/voima.fi\/hairikot\/wp-content\/uploads\/sites\/9\/2021\/11\/fair-world-cup.jpg\",\"contentUrl\":\"https:\/\/voima.fi\/hairikot\/wp-content\/uploads\/sites\/9\/2021\/11\/fair-world-cup.jpg\",\"width\":1497,\"height\":815},{\"@type\":\"BreadcrumbList\",\"@id\":\"https:\/\/voima.fi\/hairikot\/artikkeli\/rahat-ja-henki-jalkapallon-puolesta\/#breadcrumb\",\"itemListElement\":[{\"@type\":\"ListItem\",\"position\":1,\"name\":\"Home\",\"item\":\"https:\/\/voima.fi\/hairikot\/\"},{\"@type\":\"ListItem\",\"position\":2,\"name\":\"Rahat ja henki jalkapallon puolesta\"}]},{\"@type\":\"WebSite\",\"@id\":\"https:\/\/voima.fi\/hairikot\/#website\",\"url\":\"https:\/\/voima.fi\/hairikot\/\",\"name\":\"H\u00e4irik\u00f6t-p\u00e4\u00e4maja\",\"description\":\"\",\"potentialAction\":[{\"@type\":\"SearchAction\",\"target\":{\"@type\":\"EntryPoint\",\"urlTemplate\":\"https:\/\/voima.fi\/hairikot\/?s={search_term_string}\"},\"query-input\":\"required name=search_term_string\"}],\"inLanguage\":\"fi\"},{\"@type\":\"Person\",\"@id\":\"https:\/\/voima.fi\/hairikot\/#\/schema\/person\/523ff68c19f1381d78529f38bb76e7fe\",\"name\":\"Jari Tamminen\",\"image\":{\"@type\":\"ImageObject\",\"inLanguage\":\"fi\",\"@id\":\"https:\/\/voima.fi\/hairikot\/#\/schema\/person\/image\/\",\"url\":\"https:\/\/secure.gravatar.com\/avatar\/e5c0bb16f2efc1924afe37fc190f8ce1?s=96&d=blank&r=g\",\"contentUrl\":\"https:\/\/secure.gravatar.com\/avatar\/e5c0bb16f2efc1924afe37fc190f8ce1?s=96&d=blank&r=g\",\"caption\":\"Jari Tamminen\"},\"description\":\"Kulttuurih\u00e4irint\u00e4 on taiteen ja aktivismin j\u00e4nnitt\u00e4v\u00e4\u00e4 lomittumista: odottamaton performanssi katuvilin\u00e4ss\u00e4, vallattuja mainostauluja ja mainosparodioita. Se on k\u00e4site, joka yhdist\u00e4\u00e4 yhteiskunnallista kommentaaria ja luovaa vastarintaa. T\u00e4ss\u00e4 blogissa Voiman Jari Tamminen hahmottaa maailmaa kulttuurih\u00e4irinn\u00e4n n\u00e4k\u00f6kulmasta. Lis\u00e4\u00e4 Tammisen huomioita kulttuurih\u00e4irinn\u00e4st\u00e4 voi lukea Voimasta, H\u00e4irik\u00f6t \u2013 Kulttuurih\u00e4irinn\u00e4n aakkoset -kirjasta ja p\u00e4ivitt\u00e4in osoitteesta www.facebook.com\/hairikot.\",\"sameAs\":[\"http:\/\/www.facebook.com\/hairikot\"],\"url\":\"https:\/\/voima.fi\/hairikot\/artikkeli\/author\/hairikko\/\"}]}<\/script>\n<!-- \/ Yoast SEO plugin. -->","yoast_head_json":{"title":"Rahat ja henki jalkapallon puolesta - H\u00e4irik\u00f6t-p\u00e4\u00e4maja","robots":{"index":"index","follow":"follow","max-snippet":"max-snippet:-1","max-image-preview":"max-image-preview:large","max-video-preview":"max-video-preview:-1"},"canonical":"https:\/\/voima.fi\/hairikot\/artikkeli\/rahat-ja-henki-jalkapallon-puolesta\/","og_locale":"fi_FI","og_type":"article","og_title":"Rahat ja henki jalkapallon puolesta - H\u00e4irik\u00f6t-p\u00e4\u00e4maja","og_description":"Jalkapallon arvokisat ovat kes\u00e4n parasta aikaa. Jalkapalloa pelaavana lapsena\u00a0 kisoissa kiinnosti n\u00e4hd\u00e4 idoleidensa pelaavan ja aikuisemmalla i\u00e4ll\u00e4 valmentajana toimiessa on ollut mahtavaa p\u00e4\u00e4st\u00e4 vertailemaan eri maiden pelityylej\u00e4.\u00a0 Nyt Qatarin MM-lopputurnaus puhututtaa. Ei kuitenkaan itse peliin liittyen, vaan siirtoty\u00f6ntekij\u00f6iden huonojen olosuhteiden vuoksi. Syyskuussa Suomen maa\u00adjoukkueen pitk\u00e4aikainen kapteeni Tim Sparv julkaisi The Players\u2019 Tribune -verkko\u00admediassa kannanoton aiheesta. [&hellip;]","og_url":"https:\/\/voima.fi\/hairikot\/artikkeli\/rahat-ja-henki-jalkapallon-puolesta\/","og_site_name":"H\u00e4irik\u00f6t-p\u00e4\u00e4maja","article_published_time":"2021-11-12T13:51:59+00:00","article_modified_time":"2021-11-12T13:55:36+00:00","og_image":[{"width":1497,"height":815,"url":"https:\/\/voima.fi\/hairikot\/wp-content\/uploads\/sites\/9\/2021\/11\/fair-world-cup.jpg","type":"image\/jpeg"}],"author":"Jari Tamminen","twitter_card":"summary_large_image","twitter_misc":{"Kirjoittanut":"Jari Tamminen","Arvioitu lukuaika":"3 minuuttia"},"schema":{"@context":"https:\/\/schema.org","@graph":[{"@type":"WebPage","@id":"https:\/\/voima.fi\/hairikot\/artikkeli\/rahat-ja-henki-jalkapallon-puolesta\/","url":"https:\/\/voima.fi\/hairikot\/artikkeli\/rahat-ja-henki-jalkapallon-puolesta\/","name":"Rahat ja henki jalkapallon puolesta - H\u00e4irik\u00f6t-p\u00e4\u00e4maja","isPartOf":{"@id":"https:\/\/voima.fi\/hairikot\/#website"},"primaryImageOfPage":{"@id":"https:\/\/voima.fi\/hairikot\/artikkeli\/rahat-ja-henki-jalkapallon-puolesta\/#primaryimage"},"image":{"@id":"https:\/\/voima.fi\/hairikot\/artikkeli\/rahat-ja-henki-jalkapallon-puolesta\/#primaryimage"},"thumbnailUrl":"https:\/\/voima.fi\/hairikot\/wp-content\/uploads\/sites\/9\/2021\/11\/fair-world-cup.jpg","datePublished":"2021-11-12T13:51:59+00:00","dateModified":"2021-11-12T13:55:36+00:00","author":{"@id":"https:\/\/voima.fi\/hairikot\/#\/schema\/person\/523ff68c19f1381d78529f38bb76e7fe"},"breadcrumb":{"@id":"https:\/\/voima.fi\/hairikot\/artikkeli\/rahat-ja-henki-jalkapallon-puolesta\/#breadcrumb"},"inLanguage":"fi","potentialAction":[{"@type":"ReadAction","target":["https:\/\/voima.fi\/hairikot\/artikkeli\/rahat-ja-henki-jalkapallon-puolesta\/"]}]},{"@type":"ImageObject","inLanguage":"fi","@id":"https:\/\/voima.fi\/hairikot\/artikkeli\/rahat-ja-henki-jalkapallon-puolesta\/#primaryimage","url":"https:\/\/voima.fi\/hairikot\/wp-content\/uploads\/sites\/9\/2021\/11\/fair-world-cup.jpg","contentUrl":"https:\/\/voima.fi\/hairikot\/wp-content\/uploads\/sites\/9\/2021\/11\/fair-world-cup.jpg","width":1497,"height":815},{"@type":"BreadcrumbList","@id":"https:\/\/voima.fi\/hairikot\/artikkeli\/rahat-ja-henki-jalkapallon-puolesta\/#breadcrumb","itemListElement":[{"@type":"ListItem","position":1,"name":"Home","item":"https:\/\/voima.fi\/hairikot\/"},{"@type":"ListItem","position":2,"name":"Rahat ja henki jalkapallon puolesta"}]},{"@type":"WebSite","@id":"https:\/\/voima.fi\/hairikot\/#website","url":"https:\/\/voima.fi\/hairikot\/","name":"H\u00e4irik\u00f6t-p\u00e4\u00e4maja","description":"","potentialAction":[{"@type":"SearchAction","target":{"@type":"EntryPoint","urlTemplate":"https:\/\/voima.fi\/hairikot\/?s={search_term_string}"},"query-input":"required name=search_term_string"}],"inLanguage":"fi"},{"@type":"Person","@id":"https:\/\/voima.fi\/hairikot\/#\/schema\/person\/523ff68c19f1381d78529f38bb76e7fe","name":"Jari Tamminen","image":{"@type":"ImageObject","inLanguage":"fi","@id":"https:\/\/voima.fi\/hairikot\/#\/schema\/person\/image\/","url":"https:\/\/secure.gravatar.com\/avatar\/e5c0bb16f2efc1924afe37fc190f8ce1?s=96&d=blank&r=g","contentUrl":"https:\/\/secure.gravatar.com\/avatar\/e5c0bb16f2efc1924afe37fc190f8ce1?s=96&d=blank&r=g","caption":"Jari Tamminen"},"description":"Kulttuurih\u00e4irint\u00e4 on taiteen ja aktivismin j\u00e4nnitt\u00e4v\u00e4\u00e4 lomittumista: odottamaton performanssi katuvilin\u00e4ss\u00e4, vallattuja mainostauluja ja mainosparodioita. Se on k\u00e4site, joka yhdist\u00e4\u00e4 yhteiskunnallista kommentaaria ja luovaa vastarintaa. T\u00e4ss\u00e4 blogissa Voiman Jari Tamminen hahmottaa maailmaa kulttuurih\u00e4irinn\u00e4n n\u00e4k\u00f6kulmasta. Lis\u00e4\u00e4 Tammisen huomioita kulttuurih\u00e4irinn\u00e4st\u00e4 voi lukea Voimasta, H\u00e4irik\u00f6t \u2013 Kulttuurih\u00e4irinn\u00e4n aakkoset -kirjasta ja p\u00e4ivitt\u00e4in osoitteesta www.facebook.com\/hairikot.","sameAs":["http:\/\/www.facebook.com\/hairikot"],"url":"https:\/\/voima.fi\/hairikot\/artikkeli\/author\/hairikko\/"}]}},"enclosure":{"image":"https:\/\/voima.fi\/hairikot\/wp-content\/uploads\/sites\/9\/2021\/11\/fair-world-cup.jpg"},"meta:avatar":"","geolocation":[],"meta:youtube":null,"meta:vimeo":null,"meta:duration":null,"_links":{"self":[{"href":"https:\/\/voima.fi\/hairikot\/wp-json\/wp\/v2\/posts\/19383"}],"collection":[{"href":"https:\/\/voima.fi\/hairikot\/wp-json\/wp\/v2\/posts"}],"about":[{"href":"https:\/\/voima.fi\/hairikot\/wp-json\/wp\/v2\/types\/post"}],"author":[{"embeddable":true,"href":"https:\/\/voima.fi\/hairikot\/wp-json\/wp\/v2\/users\/122"}],"replies":[{"embeddable":true,"href":"https:\/\/voima.fi\/hairikot\/wp-json\/wp\/v2\/comments?post=19383"}],"version-history":[{"count":6,"href":"https:\/\/voima.fi\/hairikot\/wp-json\/wp\/v2\/posts\/19383\/revisions"}],"predecessor-version":[{"id":19393,"href":"https:\/\/voima.fi\/hairikot\/wp-json\/wp\/v2\/posts\/19383\/revisions\/19393"}],"wp:featuredmedia":[{"embeddable":true,"href":"https:\/\/voima.fi\/hairikot\/wp-json\/wp\/v2\/media\/19389"}],"wp:attachment":[{"href":"https:\/\/voima.fi\/hairikot\/wp-json\/wp\/v2\/media?parent=19383"}],"wp:term":[{"taxonomy":"category","embeddable":true,"href":"https:\/\/voima.fi\/hairikot\/wp-json\/wp\/v2\/categories?post=19383"},{"taxonomy":"post_tag","embeddable":true,"href":"https:\/\/voima.fi\/hairikot\/wp-json\/wp\/v2\/tags?post=19383"}],"curies":[{"name":"wp","href":"https:\/\/api.w.org\/{rel}","templated":true}]}}