{"id":19016,"date":"2021-03-31T12:15:18","date_gmt":"2021-03-31T09:15:18","guid":{"rendered":"http:\/\/voima.fi\/hairikot\/?p=19016"},"modified":"2021-03-31T12:37:29","modified_gmt":"2021-03-31T09:37:29","slug":"kun-poliisi-lyo","status":"publish","type":"post","link":"https:\/\/voima.fi\/hairikot\/artikkeli\/kun-poliisi-lyo\/","title":{"rendered":"Kun poliisi ly\u00f6"},"content":{"rendered":"<p><em><b>\u201dP<\/b><b>oliisit vastasivat<\/b> t\u00e4lle miehelle ett\u00e4 no mep\u00e4 n\u00e4ytet\u00e4\u00e4n. Poliisit ottivat miehest\u00e4 kiinni ja kirjaimellisesti heittiv\u00e4t kaaressa rappuihin siten ett\u00e4 mies paiskautui rappuk\u00e4yt\u00e4v\u00e4n sein\u00e4\u00e4n. T\u00e4m\u00e4 ei viel\u00e4 riitt\u00e4nyt. Sama toistui viel\u00e4 kaksi kerrosta alasp\u00e4in eli yhteens\u00e4 kolme heittoa rappuja alas. Lopputuloksena tajuton mies kannettiin maijan takaboksiin ja rikosilmoitus virkavallan v\u00e4kivaltaisesta vastustamisesta toki pahoinpitelyn kera joka oli varmaan ainoa asia joka oli aitoa teksti\u00e4 rikosilmoituksessa.\u201d<\/em><\/p>\n<p>Entinen poliisi <b>Joakim Lindholm<\/b> kirjoittaa <a href=\"https:\/\/poliisirikokset.wordpress.com\" class=\"external\" rel=\"nofollow\"><em>Poliisirikokset<\/em>-blogissa<\/a> kokemuksistaan poliisien v\u00e4kivallasta. N\u00e4m\u00e4 kuvatut tapahtumat ovat p\u00e4\u00e4osin suuren enemmist\u00f6n kokemushorisontin tuolla puolen.<\/p>\n<p>Suomalaisten luottamusta poliisiin tutkitaan <a href=\"https:\/\/julkaisut.valtioneuvosto.fi\/handle\/10024\/162345\" class=\"external\" rel=\"nofollow\">tasaisin v\u00e4liajoin<\/a>. Toistuvasti n\u00e4iss\u00e4 tutkimuksissa kansalaisten luottamus poliisiin on muistuttanut v\u00e4hemm\u00e4n demokraattisen valtion vaalitulosta: kerta toisensa j\u00e4lkeen yli 90 prosenttia kansalaisista kertoo luottavansa poliiseihin.<\/p>\n<p>Poliisille itselle t\u00e4m\u00e4 luottamus on t\u00e4rke\u00e4\u00e4, sill\u00e4 se parantaa poliisin toimintakyky\u00e4.<\/p>\n<p>N\u00e4m\u00e4 kyselyt luottamuksesta kuitenkin perustuvat hyvin voimakkaasti mielikuviin. Valtaosa kansalaisista ei joudu juuri koskaan tekemisiin poliisien kanssa. Oikeusministeri\u00f6 onkin huomauttanut, ett\u00e4 kansalaisten luottamus poliisiin heikkenee, mik\u00e4li he ovat olleet poliisin kanssa tekemisiss\u00e4 esimerkiksi rikoksen uhrina.\u00a0Eli tieto lis\u00e4\u00e4 tuskaa.<\/p>\n<p>Haastattelemani tutkimusjohtaja <a class=\"external\" href=\"https:\/\/researchportal.helsinki.fi\/en\/persons\/juha-k\u00e4\u00e4ri\u00e4inen\/publications\/\" rel=\"nofollow\"><b>Juha K\u00e4\u00e4ri\u00e4inen<\/b><\/a> Helsingin yliopistolta <a href=\"https:\/\/voima.fi\/hairikot\/artikkeli\/kytat\/\">muistutti<\/a>, ett\u00e4 melko tasa-arvoinen ja turvallinen yhteiskunta my\u00f6s auttaa poliisia t\u00e4ss\u00e4 hyv\u00e4n imagon vaalimisessa. Suomessa ei ole niin paljon ristiriitoja, joita poliisin pit\u00e4isi ratkoa tai joita sen toiminta synnytt\u00e4isi. Turvallinen yhteiskunta luo v\u00e4hemm\u00e4n painetta poliisia kohtaan kuin turvaton ja hyvinvoiva keskiluokka harvemmin joutuu todistamaan poliisin ylily\u00f6ntej\u00e4.<\/p>\n<p>Kansalaisten odotusten ja todellisuuden v\u00e4linen ristiriita voi ajoittain ry\u00f6ps\u00e4ht\u00e4\u00e4 odottamattomasti silmille. Kun lokakuussa 2020 julkisuuteen levisi <a href=\"https:\/\/voima.fi\/hairikot\/artikkeli\/poliisin-tarpeetonta-vakivaltaa-helsingissa\/\">video poliisista suihkuttamassa pippurikaasua rauhallisten ja v\u00e4kivallattomien mielenosoittajien kasvoille<\/a>\u00a0moni tuntui reagoivan n\u00e4kem\u00e4\u00e4ns\u00e4 kielt\u00e4en sen tai selitt\u00e4en (itselleen?) ett\u00e4 varmasti kuvan ulkopuolella on tapahtunut jotain, joka oikeuttaa v\u00e4kivallan. Odottamattoman edess\u00e4 kansalainen joutuu pohtimaan miten suhtautua todisteisiin, jotka ovat ristiriidassa omien oletusten ja toiveiden kanssa. Heille voisi kuitenkin todeta, ett\u00e4 \u00e4l\u00e4 s\u00e4\u00e4d\u00e4 vastaanotintasi \u2013 vika on todellisuudessa.<\/p>\n<figure id=\"attachment_18649\" aria-describedby=\"caption-attachment-18649\" style=\"width: 540px\" class=\"wp-caption alignright\"><img decoding=\"async\" class=\" wp-image-18649\" src=\"https:\/\/voima.fi\/hairikot\/wp-content\/uploads\/sites\/9\/2020\/10\/kytacc88t-vastis-701x1024.jpg\" alt=\"\" width=\"540\" height=\"789\" srcset=\"https:\/\/voima.fi\/hairikot\/wp-content\/uploads\/sites\/9\/2020\/10\/kytacc88t-vastis-701x1024.jpg 701w, https:\/\/voima.fi\/hairikot\/wp-content\/uploads\/sites\/9\/2020\/10\/kytacc88t-vastis-411x600.jpg 411w, https:\/\/voima.fi\/hairikot\/wp-content\/uploads\/sites\/9\/2020\/10\/kytacc88t-vastis-768x1122.jpg 768w, https:\/\/voima.fi\/hairikot\/wp-content\/uploads\/sites\/9\/2020\/10\/kytacc88t-vastis-1051x1536.jpg 1051w, https:\/\/voima.fi\/hairikot\/wp-content\/uploads\/sites\/9\/2020\/10\/kytacc88t-vastis-1401x2048.jpg 1401w, https:\/\/voima.fi\/hairikot\/wp-content\/uploads\/sites\/9\/2020\/10\/kytacc88t-vastis-219x320.jpg 219w, https:\/\/voima.fi\/hairikot\/wp-content\/uploads\/sites\/9\/2020\/10\/kytacc88t-vastis-200x292.jpg 200w, https:\/\/voima.fi\/hairikot\/wp-content\/uploads\/sites\/9\/2020\/10\/kytacc88t-vastis-560x818.jpg 560w, https:\/\/voima.fi\/hairikot\/wp-content\/uploads\/sites\/9\/2020\/10\/kytacc88t-vastis-980x1432.jpg 980w, https:\/\/voima.fi\/hairikot\/wp-content\/uploads\/sites\/9\/2020\/10\/kytacc88t-vastis-205x300.jpg 205w, https:\/\/voima.fi\/hairikot\/wp-content\/uploads\/sites\/9\/2020\/10\/kytacc88t-vastis-scaled.jpg 1752w\" sizes=\"(max-width: 540px) 100vw, 540px\" \/><figcaption id=\"caption-attachment-18649\" class=\"wp-caption-text\">Milt\u00e4 n\u00e4ytt\u00e4isi tositelevisio, joka kuvaisi poliiseja, jotka rikkovat s\u00e4\u00e4nt\u00f6j\u00e4, kolhivat ep\u00e4iltyj\u00e4 tarpeetoman kovasti tai py\u00f6ritt\u00e4v\u00e4t huumekauppaa? Se n\u00e4ytt\u00e4isi varsin erilaiselta kuin se, mit\u00e4 n\u00e4emme televisiossa. Silti nuo poliisin toimintaan liittyv\u00e4t ongelmatkin ovat osa todellisuutta, niist\u00e4 on vain mukavampi vaieta. Silti on t\u00e4rke\u00e4 muistaa \u2013 ja muistuttaa \u2013 ett\u00e4 valta tuo vastuuta.<br \/>Poliisin virkavelvollisuuteen ja virkavastuuseen kuuluu, ett\u00e4 julkisen vallan k\u00e4yt\u00f6ss\u00e4 on noudatettava tarkoin lakia. T\u00e4m\u00e4 on erityisen t\u00e4rke\u00e4\u00e4, koska poliisilla on v\u00e4kivaltamonopoli maan rajojen sis\u00e4puolella. Poikkeuksellinen valta tuo poikkeuksellista vastuuta.<br \/>Yhteiskunnan j\u00e4rjestyst\u00e4 valvovaan poliisiin kohdistunut v\u00e4kivalta voidaan katsoa v\u00e4kivallaksi koko yhteiskuntaa kohtaan. Samoin poliisin v\u00e4kivalta ja muu asiaton k\u00e4yt\u00f6s tulisi n\u00e4hd\u00e4 yhteiskunnan v\u00e4kivaltana kansalaista kohtaan.<\/figcaption><\/figure>\n<p><strong>Lindholmin, entisen poliisin<\/strong> kuvaukset poliisien tekem\u00e4st\u00e4 v\u00e4kivallasta ovat karuja.<span class=\"Apple-converted-space\">\u00a0 <\/span>H\u00e4n my\u00f6s huomauttaa, ett\u00e4 \u201dSuomi on Euroopan ainoa maa jossa toinen poliisi tutkii toista poliisia jos poliisi on rikoksesta ep\u00e4ilty\u201d, ja jatkaa ettei ole ihme, ett\u00e4 meill\u00e4 on tilastojen valossa maailman v\u00e4hiten korruptoitunut poliisi.<span class=\"Apple-converted-space\">\u00a0<\/span><\/p>\n<p>Kun poliisi ei tutki ja <a href=\"https:\/\/voima.fi\/arkisto-voima\/virkavaltaa-mielivaltaa-2\/\">syytt\u00e4j\u00e4 ei syyt\u00e4<\/a>, n\u00e4ytt\u00e4\u00e4 tilanne tietenkin ruusuiselta. Jos taas sattuu olemaan esimerkiksi koditon ja p\u00e4ihdeongelmainen, voi tilanne n\u00e4ytt\u00e4\u00e4 hyvin erilaiselta, kuten Lindholm kirjoittaa.<\/p>\n<p><em>\u201dJ\u00e4tk\u00e4t keksi niinkin sairaan idean ett\u00e4 kun vied\u00e4\u00e4n juoppoja joita korjataan talteen ja vied\u00e4\u00e4n Sahaajankadulle niin aletaanpa kisaamaan siit\u00e4 kuka heitt\u00e4\u00e4 juopot pisimm\u00e4lle maijan boksista. Kirjaimellisesti heitt\u00e4\u00e4. Sahaajankatu on siis paikka jossa kodittomat alkoholistit voivat y\u00f6ns\u00e4 viett\u00e4\u00e4 seinien sis\u00e4ll\u00e4.. .. Pisimm\u00e4t heitot olivat jotain 3 metrin luokkaa. N\u00e4ille naurettiin r\u00e4k\u00e4isesti ja j\u00e4tk\u00e4t jopa alkoivat ottaa nopeammin keikkoja jossa sammuneita oli tarjolla jotta saisi uusia heittoja ja voiton kisassa.\u201d<\/em><\/p>\n<p>Ja kyll\u00e4h\u00e4n poliisin johdossa tiedet\u00e4\u00e4n siit\u00e4, mit\u00e4 kadulla tapahtuu \u2013 tai jos ei tiedet\u00e4, niin sitten voi kysell\u00e4 johdon ammattitaidon per\u00e4\u00e4n.\u00a0Sit\u00e4 paitsi, samoissa hommissa johtajat ovat olleet ja Lindholmin mukaan yksi heittokisoihin osallistuneista poliiseista on p\u00e4\u00e4tynyt jopa poliisitarkastajaksi Poliisihallitukseen.<\/p>\n<p><b>T\u00e4m\u00e4 kuvaus<\/b> raa\u2019asta ja tarpeettomasta v\u00e4kivallasta palauttaa mieleen sen kun <a href=\"https:\/\/voima.fi\/arkisto-voima\/kuka-vartioi-vartijaa\/\">haastattelin Helsingin Rautatieasemalla vartijana ty\u00f6skennellytt\u00e4 henkil\u00f6\u00e4<\/a>. H\u00e4nen kuvauksensa vartijoiden v\u00e4kivallasta, poliisin reaktioista siihen sek\u00e4 poliisien omasta v\u00e4kivaltaisuudesta sopivat hyvin Lindholmin piirt\u00e4m\u00e4\u00e4n kuvaan.<\/p>\n<p>Haastattelemani vartija kertoi Steissill\u00e4 kuvatusta videosta, jossa<span class=\"Apple-converted-space\">\u00a0 <\/span>\u201dvartija l\u00f6i maassa makaavaa miest\u00e4 teleskooppipampulla yksitoista kertaa oikein olan takaa. Siin\u00e4 se mies sitten makasi paskat ja kuset housuissa piestyn\u00e4. Video on toimitettu poliisille, mutta ei siit\u00e4 mit\u00e4\u00e4n tutkimuksia tullut\u201d.<\/p>\n<p>Vartija kertoi my\u00f6s kuinka h\u00e4n oli parinsa kanssa l\u00f6yt\u00e4nyt tyhjill\u00e4\u00e4n olleesta rakennuksesta y\u00f6puulla olevia romanikerj\u00e4l\u00e4isi\u00e4. Paikalle h\u00e4lyytetty poliisipartio veti maijasta astuessaan hanskoja k\u00e4siins\u00e4 ja marssi suoraan rakennukseen. Seuraavaksi vartijan kertoman mukaan kuului kovaa v\u00e4kivallan \u00e4\u00e4nt\u00e4 ja pian ovesta astui n\u00e4kyv\u00e4sti pahoinpidelty, laiha mies. Vartija ei kyennyt kuvittelemaan mit\u00e4\u00e4n todellista uhkaa, jota pahoinpidelty romani olisi poliisille saattanut aiheuttaa, mutta h\u00e4n oli henkil\u00f6, jonka pahoinpitelyll\u00e4 tuskin mit\u00e4\u00e4n seurauksia poliisille olisi.<\/p>\n<p>Lindholmin <a href=\"https:\/\/poliisirikokset.wordpress.com\/2021\/03\/27\/keissi-1-paiskominen-rappusia-alas\/\" class=\"external\" rel=\"nofollow\">kuvaa<\/a>\u00a0prosessia, joka seuraa v\u00e4kivaltatapauksia ja turvaa poliisia seuraamuksilta.<\/p>\n<p><em>&#8221;Rikosilmoituksia suunniteltiin todella huolella aina kun n\u00e4it\u00e4 v\u00e4kivallantekoja tapahtui. Minulle opetettiin jo heti alussa ett\u00e4 jos keitt\u00e4\u00e4 yli tai jos leipoo turpaan pokaa niin pit\u00e4\u00e4 aina muistaa kirjoittaa ilmoitus virkavallan v\u00e4kivaltaisesta vastustamisesta, jotta voi &#8217;todistaa&#8217; ett\u00e4 uhri l\u00f6i poliisia ensin ja vammat ovat tulleet laillisen voimank\u00e4yt\u00f6n tuloksena. Kahden poliisin sana yht\u00e4 &#8217;poliisin kimppuun k\u00e4ynytt\u00e4&#8217; vastaan on l\u00e4hes aina t\u00e4ysin selv\u00e4 keissi. On oikeastaan t\u00e4ysin mahdotonta l\u00e4hte\u00e4 v\u00e4itt\u00e4m\u00e4\u00e4n yksin kahden poliisin sanaa jotka l\u00e4ht\u00f6kohtaisesti tuomioistuimessa ja tutkinnassa ovat tarkoin valikoituja yksil\u00f6it\u00e4 ja kansan puolustajia. Suurin osa n\u00e4ist\u00e4 virkavallan v\u00e4kivaltaisista vastustamisisista oli juttuja joissa oli riitt\u00e4nyt pari v\u00e4\u00e4r\u00e4\u00e4 sanaa poliisille ja sitten alkoi nyrkit heilua. Paikkoja hajosi, aivot\u00e4r\u00e4hdyksi\u00e4, aivovammoja.&#8221;<\/em><\/p>\n<figure id=\"attachment_18655\" aria-describedby=\"caption-attachment-18655\" style=\"width: 440px\" class=\"wp-caption alignleft\"><img decoding=\"async\" class=\" wp-image-18655\" src=\"https:\/\/voima.fi\/hairikot\/wp-content\/uploads\/sites\/9\/2019\/08\/kytacc88tvaakuna.png\" alt=\"\" width=\"440\" height=\"646\" srcset=\"https:\/\/voima.fi\/hairikot\/wp-content\/uploads\/sites\/9\/2019\/08\/kytacc88tvaakuna.png 437w, https:\/\/voima.fi\/hairikot\/wp-content\/uploads\/sites\/9\/2019\/08\/kytacc88tvaakuna-408x600.png 408w, https:\/\/voima.fi\/hairikot\/wp-content\/uploads\/sites\/9\/2019\/08\/kytacc88tvaakuna-218x320.png 218w, https:\/\/voima.fi\/hairikot\/wp-content\/uploads\/sites\/9\/2019\/08\/kytacc88tvaakuna-200x294.png 200w, https:\/\/voima.fi\/hairikot\/wp-content\/uploads\/sites\/9\/2019\/08\/kytacc88tvaakuna-204x300.png 204w\" sizes=\"(max-width: 440px) 100vw, 440px\" \/><figcaption id=\"caption-attachment-18655\" class=\"wp-caption-text\">Taiteilija Harro Koskisen Sikapoliisivaakuna-teos her\u00e4tti aikanaan puhetta ja paheksuntaa. Ohessa on H\u00e4irik\u00f6iden versio samasta aiheesta: Kytt\u00e4merkki.<br \/>Poliisin virkamerkki muistuttaa meit\u00e4 poliisin asemasta. Merkkiin Suomen vaakunasta lainattu kruunup\u00e4inen leijona kertoo siit\u00e4, ett\u00e4 poliisi edustaa toimiessaan Suomen valtiota. Miekka puolestaan muistuttaa siit\u00e4, ett\u00e4 poliisi toteuttaa valtion v\u00e4kivaltamonopolia ja saa ihan luvalla k\u00e4ytt\u00e4\u00e4 voimakeinoja ty\u00f6teht\u00e4viens\u00e4 suorittamiseen.<br \/>Kytt\u00e4merkki esitt\u00e4\u00e4 kuvallisen pohdinnan siit\u00e4, milt\u00e4 virkamerkki n\u00e4ytt\u00e4isi, jos se suunniteltaisiin esimerkiksi poliisijohtaja Jari Aarnion toimien perusteella. Merkiss\u00e4 on tuttuna elementtin\u00e4 leijona, mutta kruunu on vaihtunut nyrkkiraudaksi. Samoin miekka on vaihtunut ja tilalle on tullut huumeruisku.<\/figcaption><\/figure>\n<p><b>Suomi on <\/b>poikkeuksellisen rauhallinen ja turvallinen maa. Valtaosa kansalaisista ei koskaan joudu tekemisiin poliisin kanssa juurikaan muissa kuin passiasioissa. Silloin on ep\u00e4ilem\u00e4tt\u00e4 lohdullista luottaa ajatukseen aina reilusta ja rehdist\u00e4 poliisista. Reinikainen el\u00e4\u00e4 kansakuntamme sielussa edelleen.<span class=\"Apple-converted-space\">\u00a0<\/span><\/p>\n<p>Uusia reinikaisia my\u00f6s syntyy, kun media esitt\u00e4\u00e4 esimerkiksi poliisin kanssa yhteisty\u00f6ss\u00e4 tehty\u00e4 \u201dtositelevisiota\u201d jossa totta voi olla l\u00e4hinn\u00e4 ainoastaan se \u201dtelevisio\u201d. Virkavallan kanssa yhdess\u00e4 tehty ohjelma n\u00e4ytt\u00e4\u00e4 tietenkin juuri sen, mink\u00e4 virkavalta haluaa itsest\u00e4\u00e4n n\u00e4ytt\u00e4\u00e4. Vaikka kuvatut tapaukset ja tilanteet olisivatkin faktisesti tosia, niin valikoivuudessaan ne voivat antaa tyystin v\u00e4\u00e4ristyneen kuvan todellisuudesta. Voi ihan perustellusti kysy\u00e4 televisiokanava Nelosen vastuuta <i>Poliisit<\/i>-sarjan esitt\u00e4misest\u00e4. Sarjassa menee viihde, tiedonv\u00e4litys ja propaganda niin solmuun, ett\u00e4 sen n\u00e4hty\u00e4\u00e4n katsojan hahmotus todellisuudesta voi hyvinkin olla heikompi kuin ennen sarjan n\u00e4kemist\u00e4.<span class=\"Apple-converted-space\">\u00a0<\/span><\/p>\n<p>Se, ett\u00e4 media ei poliisia haasta, poliisi ei tutki ja syytt\u00e4j\u00e4 ei syyt\u00e4 on rakenteellinen ongelma ja olisi ihan kaikkien etu, jos poliisia ei p\u00e4\u00e4stett\u00e4isi liian helpolla. Poliisijohdolle on tietenkin helpompaa paistatella suosiossa, aina kun kansalaisten tunnelmia on taas kyselty, mutta se ei ole hyv\u00e4\u00e4 tai vastuullista viran hoitamista.<\/p>\n","protected":false},"excerpt":{"rendered":"<p>\u201dPoliisit vastasivat t\u00e4lle miehelle ett\u00e4 no mep\u00e4 n\u00e4ytet\u00e4\u00e4n. Poliisit ottivat miehest\u00e4 kiinni ja kirjaimellisesti heittiv\u00e4t kaaressa rappuihin siten ett\u00e4 mies paiskautui rappuk\u00e4yt\u00e4v\u00e4n sein\u00e4\u00e4n. T\u00e4m\u00e4 ei viel\u00e4 riitt\u00e4nyt. Sama toistui viel\u00e4 kaksi kerrosta alasp\u00e4in eli yhteens\u00e4 kolme heittoa rappuja alas. Lopputuloksena tajuton mies kannettiin maijan takaboksiin ja rikosilmoitus virkavallan v\u00e4kivaltaisesta vastustamisesta toki pahoinpitelyn kera joka oli [&hellip;]<\/p>\n","protected":false},"author":122,"featured_media":19024,"comment_status":"closed","ping_status":"closed","sticky":false,"template":"","format":"standard","meta":{"footnotes":""},"categories":[4],"tags":[1960,2775,2720],"yoast_head":"<!-- This site is optimized with the Yoast SEO plugin v22.7 - https:\/\/yoast.com\/wordpress\/plugins\/seo\/ -->\n<title>Kun poliisi ly\u00f6 - H\u00e4irik\u00f6t-p\u00e4\u00e4maja<\/title>\n<meta name=\"robots\" content=\"index, follow, max-snippet:-1, max-image-preview:large, max-video-preview:-1\" \/>\n<link rel=\"canonical\" href=\"https:\/\/voima.fi\/hairikot\/artikkeli\/kun-poliisi-lyo\/\" \/>\n<meta property=\"og:locale\" content=\"fi_FI\" \/>\n<meta property=\"og:type\" content=\"article\" \/>\n<meta property=\"og:title\" content=\"Kun poliisi ly\u00f6 - H\u00e4irik\u00f6t-p\u00e4\u00e4maja\" \/>\n<meta property=\"og:description\" content=\"\u201dPoliisit vastasivat t\u00e4lle miehelle ett\u00e4 no mep\u00e4 n\u00e4ytet\u00e4\u00e4n. Poliisit ottivat miehest\u00e4 kiinni ja kirjaimellisesti heittiv\u00e4t kaaressa rappuihin siten ett\u00e4 mies paiskautui rappuk\u00e4yt\u00e4v\u00e4n sein\u00e4\u00e4n. T\u00e4m\u00e4 ei viel\u00e4 riitt\u00e4nyt. Sama toistui viel\u00e4 kaksi kerrosta alasp\u00e4in eli yhteens\u00e4 kolme heittoa rappuja alas. Lopputuloksena tajuton mies kannettiin maijan takaboksiin ja rikosilmoitus virkavallan v\u00e4kivaltaisesta vastustamisesta toki pahoinpitelyn kera joka oli [&hellip;]\" \/>\n<meta property=\"og:url\" content=\"https:\/\/voima.fi\/hairikot\/artikkeli\/kun-poliisi-lyo\/\" \/>\n<meta property=\"og:site_name\" content=\"H\u00e4irik\u00f6t-p\u00e4\u00e4maja\" \/>\n<meta property=\"article:published_time\" content=\"2021-03-31T09:15:18+00:00\" \/>\n<meta property=\"article:modified_time\" content=\"2021-03-31T09:37:29+00:00\" \/>\n<meta property=\"og:image\" content=\"https:\/\/voima.fi\/hairikot\/wp-content\/uploads\/sites\/9\/2021\/03\/kytat-otsikko.png\" \/>\n\t<meta property=\"og:image:width\" content=\"1547\" \/>\n\t<meta property=\"og:image:height\" content=\"1066\" \/>\n\t<meta property=\"og:image:type\" content=\"image\/png\" \/>\n<meta name=\"author\" content=\"Jari Tamminen\" \/>\n<meta name=\"twitter:card\" content=\"summary_large_image\" \/>\n<meta name=\"twitter:label1\" content=\"Kirjoittanut\" \/>\n\t<meta name=\"twitter:data1\" content=\"Jari Tamminen\" \/>\n\t<meta name=\"twitter:label2\" content=\"Arvioitu lukuaika\" \/>\n\t<meta name=\"twitter:data2\" content=\"6 minuuttia\" \/>\n<script type=\"application\/ld+json\" class=\"yoast-schema-graph\">{\"@context\":\"https:\/\/schema.org\",\"@graph\":[{\"@type\":\"WebPage\",\"@id\":\"https:\/\/voima.fi\/hairikot\/artikkeli\/kun-poliisi-lyo\/\",\"url\":\"https:\/\/voima.fi\/hairikot\/artikkeli\/kun-poliisi-lyo\/\",\"name\":\"Kun poliisi ly\u00f6 - H\u00e4irik\u00f6t-p\u00e4\u00e4maja\",\"isPartOf\":{\"@id\":\"https:\/\/voima.fi\/hairikot\/#website\"},\"primaryImageOfPage\":{\"@id\":\"https:\/\/voima.fi\/hairikot\/artikkeli\/kun-poliisi-lyo\/#primaryimage\"},\"image\":{\"@id\":\"https:\/\/voima.fi\/hairikot\/artikkeli\/kun-poliisi-lyo\/#primaryimage\"},\"thumbnailUrl\":\"https:\/\/voima.fi\/hairikot\/wp-content\/uploads\/sites\/9\/2021\/03\/kytat-otsikko.png\",\"datePublished\":\"2021-03-31T09:15:18+00:00\",\"dateModified\":\"2021-03-31T09:37:29+00:00\",\"author\":{\"@id\":\"https:\/\/voima.fi\/hairikot\/#\/schema\/person\/523ff68c19f1381d78529f38bb76e7fe\"},\"breadcrumb\":{\"@id\":\"https:\/\/voima.fi\/hairikot\/artikkeli\/kun-poliisi-lyo\/#breadcrumb\"},\"inLanguage\":\"fi\",\"potentialAction\":[{\"@type\":\"ReadAction\",\"target\":[\"https:\/\/voima.fi\/hairikot\/artikkeli\/kun-poliisi-lyo\/\"]}]},{\"@type\":\"ImageObject\",\"inLanguage\":\"fi\",\"@id\":\"https:\/\/voima.fi\/hairikot\/artikkeli\/kun-poliisi-lyo\/#primaryimage\",\"url\":\"https:\/\/voima.fi\/hairikot\/wp-content\/uploads\/sites\/9\/2021\/03\/kytat-otsikko.png\",\"contentUrl\":\"https:\/\/voima.fi\/hairikot\/wp-content\/uploads\/sites\/9\/2021\/03\/kytat-otsikko.png\",\"width\":1547,\"height\":1066},{\"@type\":\"BreadcrumbList\",\"@id\":\"https:\/\/voima.fi\/hairikot\/artikkeli\/kun-poliisi-lyo\/#breadcrumb\",\"itemListElement\":[{\"@type\":\"ListItem\",\"position\":1,\"name\":\"Home\",\"item\":\"https:\/\/voima.fi\/hairikot\/\"},{\"@type\":\"ListItem\",\"position\":2,\"name\":\"Kun poliisi ly\u00f6\"}]},{\"@type\":\"WebSite\",\"@id\":\"https:\/\/voima.fi\/hairikot\/#website\",\"url\":\"https:\/\/voima.fi\/hairikot\/\",\"name\":\"H\u00e4irik\u00f6t-p\u00e4\u00e4maja\",\"description\":\"\",\"potentialAction\":[{\"@type\":\"SearchAction\",\"target\":{\"@type\":\"EntryPoint\",\"urlTemplate\":\"https:\/\/voima.fi\/hairikot\/?s={search_term_string}\"},\"query-input\":\"required name=search_term_string\"}],\"inLanguage\":\"fi\"},{\"@type\":\"Person\",\"@id\":\"https:\/\/voima.fi\/hairikot\/#\/schema\/person\/523ff68c19f1381d78529f38bb76e7fe\",\"name\":\"Jari Tamminen\",\"image\":{\"@type\":\"ImageObject\",\"inLanguage\":\"fi\",\"@id\":\"https:\/\/voima.fi\/hairikot\/#\/schema\/person\/image\/\",\"url\":\"https:\/\/secure.gravatar.com\/avatar\/e5c0bb16f2efc1924afe37fc190f8ce1?s=96&d=blank&r=g\",\"contentUrl\":\"https:\/\/secure.gravatar.com\/avatar\/e5c0bb16f2efc1924afe37fc190f8ce1?s=96&d=blank&r=g\",\"caption\":\"Jari Tamminen\"},\"description\":\"Kulttuurih\u00e4irint\u00e4 on taiteen ja aktivismin j\u00e4nnitt\u00e4v\u00e4\u00e4 lomittumista: odottamaton performanssi katuvilin\u00e4ss\u00e4, vallattuja mainostauluja ja mainosparodioita. Se on k\u00e4site, joka yhdist\u00e4\u00e4 yhteiskunnallista kommentaaria ja luovaa vastarintaa. T\u00e4ss\u00e4 blogissa Voiman Jari Tamminen hahmottaa maailmaa kulttuurih\u00e4irinn\u00e4n n\u00e4k\u00f6kulmasta. Lis\u00e4\u00e4 Tammisen huomioita kulttuurih\u00e4irinn\u00e4st\u00e4 voi lukea Voimasta, H\u00e4irik\u00f6t \u2013 Kulttuurih\u00e4irinn\u00e4n aakkoset -kirjasta ja p\u00e4ivitt\u00e4in osoitteesta www.facebook.com\/hairikot.\",\"sameAs\":[\"http:\/\/www.facebook.com\/hairikot\"],\"url\":\"https:\/\/voima.fi\/hairikot\/artikkeli\/author\/hairikko\/\"}]}<\/script>\n<!-- \/ Yoast SEO plugin. -->","yoast_head_json":{"title":"Kun poliisi ly\u00f6 - H\u00e4irik\u00f6t-p\u00e4\u00e4maja","robots":{"index":"index","follow":"follow","max-snippet":"max-snippet:-1","max-image-preview":"max-image-preview:large","max-video-preview":"max-video-preview:-1"},"canonical":"https:\/\/voima.fi\/hairikot\/artikkeli\/kun-poliisi-lyo\/","og_locale":"fi_FI","og_type":"article","og_title":"Kun poliisi ly\u00f6 - H\u00e4irik\u00f6t-p\u00e4\u00e4maja","og_description":"\u201dPoliisit vastasivat t\u00e4lle miehelle ett\u00e4 no mep\u00e4 n\u00e4ytet\u00e4\u00e4n. Poliisit ottivat miehest\u00e4 kiinni ja kirjaimellisesti heittiv\u00e4t kaaressa rappuihin siten ett\u00e4 mies paiskautui rappuk\u00e4yt\u00e4v\u00e4n sein\u00e4\u00e4n. T\u00e4m\u00e4 ei viel\u00e4 riitt\u00e4nyt. Sama toistui viel\u00e4 kaksi kerrosta alasp\u00e4in eli yhteens\u00e4 kolme heittoa rappuja alas. Lopputuloksena tajuton mies kannettiin maijan takaboksiin ja rikosilmoitus virkavallan v\u00e4kivaltaisesta vastustamisesta toki pahoinpitelyn kera joka oli [&hellip;]","og_url":"https:\/\/voima.fi\/hairikot\/artikkeli\/kun-poliisi-lyo\/","og_site_name":"H\u00e4irik\u00f6t-p\u00e4\u00e4maja","article_published_time":"2021-03-31T09:15:18+00:00","article_modified_time":"2021-03-31T09:37:29+00:00","og_image":[{"width":1547,"height":1066,"url":"https:\/\/voima.fi\/hairikot\/wp-content\/uploads\/sites\/9\/2021\/03\/kytat-otsikko.png","type":"image\/png"}],"author":"Jari Tamminen","twitter_card":"summary_large_image","twitter_misc":{"Kirjoittanut":"Jari Tamminen","Arvioitu lukuaika":"6 minuuttia"},"schema":{"@context":"https:\/\/schema.org","@graph":[{"@type":"WebPage","@id":"https:\/\/voima.fi\/hairikot\/artikkeli\/kun-poliisi-lyo\/","url":"https:\/\/voima.fi\/hairikot\/artikkeli\/kun-poliisi-lyo\/","name":"Kun poliisi ly\u00f6 - H\u00e4irik\u00f6t-p\u00e4\u00e4maja","isPartOf":{"@id":"https:\/\/voima.fi\/hairikot\/#website"},"primaryImageOfPage":{"@id":"https:\/\/voima.fi\/hairikot\/artikkeli\/kun-poliisi-lyo\/#primaryimage"},"image":{"@id":"https:\/\/voima.fi\/hairikot\/artikkeli\/kun-poliisi-lyo\/#primaryimage"},"thumbnailUrl":"https:\/\/voima.fi\/hairikot\/wp-content\/uploads\/sites\/9\/2021\/03\/kytat-otsikko.png","datePublished":"2021-03-31T09:15:18+00:00","dateModified":"2021-03-31T09:37:29+00:00","author":{"@id":"https:\/\/voima.fi\/hairikot\/#\/schema\/person\/523ff68c19f1381d78529f38bb76e7fe"},"breadcrumb":{"@id":"https:\/\/voima.fi\/hairikot\/artikkeli\/kun-poliisi-lyo\/#breadcrumb"},"inLanguage":"fi","potentialAction":[{"@type":"ReadAction","target":["https:\/\/voima.fi\/hairikot\/artikkeli\/kun-poliisi-lyo\/"]}]},{"@type":"ImageObject","inLanguage":"fi","@id":"https:\/\/voima.fi\/hairikot\/artikkeli\/kun-poliisi-lyo\/#primaryimage","url":"https:\/\/voima.fi\/hairikot\/wp-content\/uploads\/sites\/9\/2021\/03\/kytat-otsikko.png","contentUrl":"https:\/\/voima.fi\/hairikot\/wp-content\/uploads\/sites\/9\/2021\/03\/kytat-otsikko.png","width":1547,"height":1066},{"@type":"BreadcrumbList","@id":"https:\/\/voima.fi\/hairikot\/artikkeli\/kun-poliisi-lyo\/#breadcrumb","itemListElement":[{"@type":"ListItem","position":1,"name":"Home","item":"https:\/\/voima.fi\/hairikot\/"},{"@type":"ListItem","position":2,"name":"Kun poliisi ly\u00f6"}]},{"@type":"WebSite","@id":"https:\/\/voima.fi\/hairikot\/#website","url":"https:\/\/voima.fi\/hairikot\/","name":"H\u00e4irik\u00f6t-p\u00e4\u00e4maja","description":"","potentialAction":[{"@type":"SearchAction","target":{"@type":"EntryPoint","urlTemplate":"https:\/\/voima.fi\/hairikot\/?s={search_term_string}"},"query-input":"required name=search_term_string"}],"inLanguage":"fi"},{"@type":"Person","@id":"https:\/\/voima.fi\/hairikot\/#\/schema\/person\/523ff68c19f1381d78529f38bb76e7fe","name":"Jari Tamminen","image":{"@type":"ImageObject","inLanguage":"fi","@id":"https:\/\/voima.fi\/hairikot\/#\/schema\/person\/image\/","url":"https:\/\/secure.gravatar.com\/avatar\/e5c0bb16f2efc1924afe37fc190f8ce1?s=96&d=blank&r=g","contentUrl":"https:\/\/secure.gravatar.com\/avatar\/e5c0bb16f2efc1924afe37fc190f8ce1?s=96&d=blank&r=g","caption":"Jari Tamminen"},"description":"Kulttuurih\u00e4irint\u00e4 on taiteen ja aktivismin j\u00e4nnitt\u00e4v\u00e4\u00e4 lomittumista: odottamaton performanssi katuvilin\u00e4ss\u00e4, vallattuja mainostauluja ja mainosparodioita. Se on k\u00e4site, joka yhdist\u00e4\u00e4 yhteiskunnallista kommentaaria ja luovaa vastarintaa. T\u00e4ss\u00e4 blogissa Voiman Jari Tamminen hahmottaa maailmaa kulttuurih\u00e4irinn\u00e4n n\u00e4k\u00f6kulmasta. Lis\u00e4\u00e4 Tammisen huomioita kulttuurih\u00e4irinn\u00e4st\u00e4 voi lukea Voimasta, H\u00e4irik\u00f6t \u2013 Kulttuurih\u00e4irinn\u00e4n aakkoset -kirjasta ja p\u00e4ivitt\u00e4in osoitteesta www.facebook.com\/hairikot.","sameAs":["http:\/\/www.facebook.com\/hairikot"],"url":"https:\/\/voima.fi\/hairikot\/artikkeli\/author\/hairikko\/"}]}},"enclosure":{"image":"https:\/\/voima.fi\/hairikot\/wp-content\/uploads\/sites\/9\/2021\/03\/kytat-otsikko.png"},"meta:avatar":"","geolocation":[],"meta:youtube":null,"meta:vimeo":null,"meta:duration":null,"_links":{"self":[{"href":"https:\/\/voima.fi\/hairikot\/wp-json\/wp\/v2\/posts\/19016"}],"collection":[{"href":"https:\/\/voima.fi\/hairikot\/wp-json\/wp\/v2\/posts"}],"about":[{"href":"https:\/\/voima.fi\/hairikot\/wp-json\/wp\/v2\/types\/post"}],"author":[{"embeddable":true,"href":"https:\/\/voima.fi\/hairikot\/wp-json\/wp\/v2\/users\/122"}],"replies":[{"embeddable":true,"href":"https:\/\/voima.fi\/hairikot\/wp-json\/wp\/v2\/comments?post=19016"}],"version-history":[{"count":4,"href":"https:\/\/voima.fi\/hairikot\/wp-json\/wp\/v2\/posts\/19016\/revisions"}],"predecessor-version":[{"id":19022,"href":"https:\/\/voima.fi\/hairikot\/wp-json\/wp\/v2\/posts\/19016\/revisions\/19022"}],"wp:featuredmedia":[{"embeddable":true,"href":"https:\/\/voima.fi\/hairikot\/wp-json\/wp\/v2\/media\/19024"}],"wp:attachment":[{"href":"https:\/\/voima.fi\/hairikot\/wp-json\/wp\/v2\/media?parent=19016"}],"wp:term":[{"taxonomy":"category","embeddable":true,"href":"https:\/\/voima.fi\/hairikot\/wp-json\/wp\/v2\/categories?post=19016"},{"taxonomy":"post_tag","embeddable":true,"href":"https:\/\/voima.fi\/hairikot\/wp-json\/wp\/v2\/tags?post=19016"}],"curies":[{"name":"wp","href":"https:\/\/api.w.org\/{rel}","templated":true}]}}