{"id":18778,"date":"2020-12-14T14:07:54","date_gmt":"2020-12-14T12:07:54","guid":{"rendered":"http:\/\/voima.fi\/hairikot\/?p=18778"},"modified":"2022-06-18T20:25:00","modified_gmt":"2022-06-18T17:25:00","slug":"ruokajarjestelma-muutoksen-edessa","status":"publish","type":"post","link":"https:\/\/voima.fi\/hairikot\/artikkeli\/ruokajarjestelma-muutoksen-edessa\/","title":{"rendered":"Ruokaj\u00e4rjestelm\u00e4 muutoksen edess\u00e4"},"content":{"rendered":"<p><b>Kun marjanpoimijat <\/b>Ukrainasta ja Thaimaasta eiv\u00e4t p\u00e4\u00e4sseet kes\u00e4ll\u00e4 2020 koronapandemian vuoksi maahan totuttuun tapaan, Suomessa her\u00e4si huoli marjasadon j\u00e4\u00e4misest\u00e4 poimimatta.\u00a0Kotimainen tuotanto ei ollutkaan niin sinivalkoista kuin olemme tottuneet ajattelemaan. Vaikka marjat ovat kotimaan kamaran hedelmi\u00e4, tuotanto on riippuvainen ulkomaisesta kausity\u00f6st\u00e4.<\/p>\n<p>\u201dKansainv\u00e4linen kauppa, joka on historiallisesti tasannut paikallisia h\u00e4iri\u00f6it\u00e4, on kehittyess\u00e4\u00e4n my\u00f6s tuottanut systeemist\u00e4 ep\u00e4vakautta. Yh\u00e4 tiiviimmin verkottunut ja nopeisiin toimituksiin perustuva j\u00e4rjestelm\u00e4 on l\u00e4ht\u00f6kohtaisesti h\u00e4iri\u00f6alttiimpi. Tilannetta pahentaa, ett\u00e4 ruoantuotanto on sitoutunut runsaaseen energian ja luonnonvarojen k\u00e4ytt\u00f6\u00f6n. Nyt ekologiset rajat ovat tulleet vastaan\u201d, toteaa monitieteellisen <a href=\"https:\/\/bios.fi\" class=\"external\" rel=\"nofollow\">BIOS-tutkimusyksik\u00f6n<\/a> <b>Ville L\u00e4hde.<\/b><\/p>\n<p>Kansainv\u00e4linen ruokaj\u00e4rjestelm\u00e4 on kokonaisuus, jonka muodostavat ruuan tuottaminen, jalostaminen, kuljettaminen ja kuluttaminen. J\u00e4rjestelm\u00e4 on altis h\u00e4iri\u00f6ille, eik\u00e4 h\u00e4iri\u00f6iden syihin osata tarttua.<\/p>\n<p>Ruuantuotannon h\u00e4iri\u00f6iden edess\u00e4 Suomessakin on toivottu turvaa l\u00e4hiruuasta.<\/p>\n<p>\u201d\u2019L\u00e4hiruoka\u2019 on v\u00e4h\u00e4n ep\u00e4m\u00e4\u00e4r\u00e4inen k\u00e4site. Tarkoitetaanko sill\u00e4 pohjoismaista, suomalaista, maakuntalaista, mit\u00e4? Ja mink\u00e4 vuoksi l\u00e4hiruokaa korostetaan: ymp\u00e4rist\u00f6syist\u00e4, ty\u00f6llisyyssyist\u00e4, vaihtotaseen kannalta, huoltovarmuussyist\u00e4?\u201d, L\u00e4hde avaa vyyhti\u00e4 ja huomauttaa, ett\u00e4 n\u00e4iden eri n\u00e4k\u00f6kulmien edut ja haitat asettuvat eri tavoin.<\/p>\n<figure id=\"attachment_18779\" aria-describedby=\"caption-attachment-18779\" style=\"width: 520px\" class=\"wp-caption alignright\"><img decoding=\"async\" class=\" wp-image-18779\" src=\"https:\/\/voima.fi\/hairikot\/wp-content\/uploads\/sites\/9\/2020\/12\/puhdasta-lahiruokaa-vastis.jpg\" alt=\"\" width=\"520\" height=\"755\" srcset=\"https:\/\/voima.fi\/hairikot\/wp-content\/uploads\/sites\/9\/2020\/12\/puhdasta-lahiruokaa-vastis.jpg 1322w, https:\/\/voima.fi\/hairikot\/wp-content\/uploads\/sites\/9\/2020\/12\/puhdasta-lahiruokaa-vastis-413x600.jpg 413w, https:\/\/voima.fi\/hairikot\/wp-content\/uploads\/sites\/9\/2020\/12\/puhdasta-lahiruokaa-vastis-705x1024.jpg 705w, https:\/\/voima.fi\/hairikot\/wp-content\/uploads\/sites\/9\/2020\/12\/puhdasta-lahiruokaa-vastis-768x1115.jpg 768w, https:\/\/voima.fi\/hairikot\/wp-content\/uploads\/sites\/9\/2020\/12\/puhdasta-lahiruokaa-vastis-1058x1536.jpg 1058w, https:\/\/voima.fi\/hairikot\/wp-content\/uploads\/sites\/9\/2020\/12\/puhdasta-lahiruokaa-vastis-220x320.jpg 220w, https:\/\/voima.fi\/hairikot\/wp-content\/uploads\/sites\/9\/2020\/12\/puhdasta-lahiruokaa-vastis-200x290.jpg 200w, https:\/\/voima.fi\/hairikot\/wp-content\/uploads\/sites\/9\/2020\/12\/puhdasta-lahiruokaa-vastis-560x813.jpg 560w, https:\/\/voima.fi\/hairikot\/wp-content\/uploads\/sites\/9\/2020\/12\/puhdasta-lahiruokaa-vastis-980x1423.jpg 980w, https:\/\/voima.fi\/hairikot\/wp-content\/uploads\/sites\/9\/2020\/12\/puhdasta-lahiruokaa-vastis-207x300.jpg 207w\" sizes=\"(max-width: 520px) 100vw, 520px\" \/><figcaption id=\"caption-attachment-18779\" class=\"wp-caption-text\">Onko l\u00e4hiruoka illuusio? Meille myyd\u00e4\u00e4n l\u00e4hiruokana lihaa, mutta k\u00e4yt\u00e4nn\u00f6ss\u00e4 lihoiksi pistetylle el\u00e4imelle on sy\u00f6tetty usein tuontirehua ja monet muutkin tuotantopanokset ovat tuontitavaraa.<\/figcaption><\/figure>\n<p><b>Globaalien tuotanto- <\/b>ja raaka-aineketjujen maailmassa paikallisuus voi olla n\u00e4enn\u00e4ist\u00e4, vaikka sit\u00e4 suuresti arvostetaankin. Hyv\u00e4\u00e4 Suomesta -merkki on vuodesta toiseen yksi Suomen arvostetuimmista merkeist\u00e4. Sen luvataan tarkoittavan, ett\u00e4 esimerkiksi merkill\u00e4 varustettu liha on aina sataprosenttisesti suomalaista. Mutta kuinka kotimaista kotletti on, jos liha- ja siipikarjalle sek\u00e4 kaloille sy\u00f6tetyst\u00e4 valkuaispitoisesta rehusta <a href=\"https:\/\/www.luke.fi\/tietoa-luonnonvaroista\/maatalous-ja-maaseutu\/elainten-ruokinta\/\" class=\"external\" rel=\"nofollow\">vain noin 15 prosenttia on kotimaista<\/a>?<\/p>\n<p>Esimerkiksi 95 prosenttia Suomeen tuotavasta soijasta <a href=\"https:\/\/www.lihatiedotus.fi\/tilalta-kauppaan\/alkutuotanto\/elainten-olot-tiloilla\/rehut-ja-vesi.html\" class=\"external\" rel=\"nofollow\">menee rehuksi<\/a>. Muuttuuko brasilialainen soija l\u00e4hiruuaksi, kun se kierr\u00e4tet\u00e4\u00e4n tuotantoel\u00e4imen ruuansulatuselimist\u00f6n kautta?<\/p>\n<p>\u201dNo eip\u00e4 tietysti. Suomessahan kulutetun ruoan osalta omavaraisuusaste on korkea, mutta olemme massiivisesti riippuvaisia kansainv\u00e4lisist\u00e4 markkinoista rehun, lannoitteiden, maatalouskemikaalien ja energian kaltaisten tuotantopanoksien sek\u00e4 vierasty\u00f6voiman suhteen\u201d, L\u00e4hde selvent\u00e4\u00e4.<\/p>\n<p>Vauraat maat ovat ulkoistaneet tuotantoaan ja luonnonvarojen kulutusta muualle maailmaan, mik\u00e4 luo erilaisia riippuvuussuhteita. L\u00e4hde muistuttaa, ett\u00e4 nopeista itsen\u00e4isist\u00e4 muutoksista seuraa usein ongelmia toisaalla.<\/p>\n<p>\u201dMuutettaessa ruokaj\u00e4rjestelm\u00e4n verkoston rakennetta pit\u00e4isi luoda kauppa- ja kehityspolitiikkaa, joka turvaa hyv\u00e4n el\u00e4m\u00e4n edellytyksi\u00e4 muuallakin.\u201d<\/p>\n<p>T\u00e4ss\u00e4 Suomi ei L\u00e4hteen mukaan ole kantanut vastuutaan toivotulla tavalla.<\/p>\n<p>\u201dTuoreet Euroopan unionin maatalouspolitiikan uudistamista k\u00e4sittelev\u00e4t <a href=\"https:\/\/www.maaseuduntulevaisuus.fi\/politiikka\/artikkeli-1.1220891\" class=\"external\" rel=\"nofollow\">CAP-neuvottelut<\/a> ovat j\u00e4lleen merkki siit\u00e4, ett\u00e4 Suomi valtiona ei toimi kovin vastuullisesti. Yhteisen kest\u00e4v\u00e4mm\u00e4n ja kansainv\u00e4lisesti solidaarisemman suunnan sijaan Suomessa keskityt\u00e4\u00e4n yh\u00e4 liikaa omien saavutettujen etujen varjelemiseen.\u201d<\/p>\n<figure id=\"attachment_18781\" aria-describedby=\"caption-attachment-18781\" style=\"width: 399px\" class=\"wp-caption alignleft\"><img decoding=\"async\" class=\" wp-image-18781\" src=\"https:\/\/voima.fi\/hairikot\/wp-content\/uploads\/sites\/9\/2020\/12\/tule-maajussille-ilmaistoihin.jpg\" alt=\"\" width=\"399\" height=\"295\" srcset=\"https:\/\/voima.fi\/hairikot\/wp-content\/uploads\/sites\/9\/2020\/12\/tule-maajussille-ilmaistoihin.jpg 650w, https:\/\/voima.fi\/hairikot\/wp-content\/uploads\/sites\/9\/2020\/12\/tule-maajussille-ilmaistoihin-600x443.jpg 600w, https:\/\/voima.fi\/hairikot\/wp-content\/uploads\/sites\/9\/2020\/12\/tule-maajussille-ilmaistoihin-320x236.jpg 320w, https:\/\/voima.fi\/hairikot\/wp-content\/uploads\/sites\/9\/2020\/12\/tule-maajussille-ilmaistoihin-200x148.jpg 200w, https:\/\/voima.fi\/hairikot\/wp-content\/uploads\/sites\/9\/2020\/12\/tule-maajussille-ilmaistoihin-560x414.jpg 560w, https:\/\/voima.fi\/hairikot\/wp-content\/uploads\/sites\/9\/2020\/12\/tule-maajussille-ilmaistoihin-300x222.jpg 300w\" sizes=\"(max-width: 399px) 100vw, 399px\" \/><figcaption id=\"caption-attachment-18781\" class=\"wp-caption-text\">Kev\u00e4\u00e4ll\u00e4 2020 marjatiloja uhkasi ty\u00f6voimapula, kuin ukrainalaiset marjanpoimijat eiv\u00e4t p\u00e4\u00e4sseen maahan koronarajoitusten takia. Meit\u00e4 kaikkia uhkasi ruokapula koska sato j\u00e4\u00e4 korjaamatta. Ratkaisuksi ongelmaan ehdotettiin varusmiehi\u00e4 pelloille ja\/tai vaihtoehtoisesti lomautettujen pakkoty\u00f6h\u00f6n m\u00e4\u00e4r\u00e4\u00e4mist\u00e4. Pian per\u00e4ss\u00e4 tuli #kausit\u00f6it\u00e4-mainoskampanja, joka huokui 30-lukulaista (kansallis)romantiikkaa tavalla, joka ei ehk\u00e4 kuitenkaan vaikuttanut uskottavalta.<br \/>Kun alan ty\u00f6paikat laitettiin hakuun, ty\u00f6hakemuksia tulvikin ovista ja ikkunoista. T\u00e4m\u00e4 johti erilaisiin ongelmiin, kun palkkataso osoittautui alhaiseksi ja ty\u00f6olosuhteet hirveiksi.<br \/>Omavaraisuuden koetaan usein tarkoittavat ruokaturvaa. Mutta onko turva aitoa, jos marjat uhkaavat j\u00e4\u00e4d\u00e4 metsiin ja pelloille ilman ulkomaista halpaty\u00f6voimaa?<br \/>Kuvassa alkuper\u00e4isen mainoksen teksti\u00e4 on korjattu himpun verran.<\/figcaption><\/figure>\n<p><b>Koronapandemia ei <\/b>ollut ensimm\u00e4inen globaalin ruokaj\u00e4rjestelm\u00e4n kriisi 2000-luvulla.<\/p>\n<p>\u201dJoskus kriisin taustalla on tuotantoh\u00e4iri\u00f6, mutta kriisi voi synty\u00e4 my\u00f6s esimerkiksi konfliktin, hy\u00f6dykespekulaation tai aggressiivisen kauppapolitiikan tuotteena\u201d, L\u00e4hde kertoo.<\/p>\n<p>K\u00e4yt\u00e4nn\u00f6ss\u00e4 kriisit ovat usein lukuisten tekij\u00f6iden yhteistulos.<\/p>\n<p>\u201dKun maailman ruokaj\u00e4rjestelm\u00e4t ovat nivoutuneet yh\u00e4 tiukemmaksi globaaliksi verkostoksi, paikalliset h\u00e4iri\u00f6t levi\u00e4v\u00e4t yh\u00e4 helpommin ymp\u00e4ri maailman.&#8221;<\/p>\n<p>L\u00e4hde jakaa kriisit kahteen kategoriaan: nopeisiin v\u00e4liaikaisiin ja hitaisiin pysyviin. Kriisien muodot pit\u00e4\u00e4 tunnistaa ja erottaa toisistaan.<\/p>\n<p>\u201dVuosiakin kest\u00e4v\u00e4n\u00e4 pandemia on lopulta ohimenev\u00e4 h\u00e4iri\u00f6, joka syntyy ennen kaikkea liikenne- ja kuljetuskatkoksista sek\u00e4 muista torjuntatoimien vaikutuksista. T\u00e4llaisiin kriiseihin tarvitaan varmuusvarastoja, varaj\u00e4rjestelmi\u00e4 ja erilaisia poikkeustilaj\u00e4rjestelyit\u00e4, jotta ty\u00f6voimaa ja mahdollisuuksia hankkia ruokaa saadaan sinne, miss\u00e4 niille on tarve.\u201d\u009d<\/p>\n<p>N\u00e4iden ohimenevien h\u00e4iri\u00f6iden kohtaamisessa aidon omavaraisuusasteen lis\u00e4\u00e4minen voisi auttaa. Mit\u00e4 tiukemmin olemme riippuvaisia pitkist\u00e4 tuotantoketjuista, sit\u00e4 haavoittuvampia olemme.<\/p>\n<p>\u201dUseat yhtaikaisesti etenev\u00e4t ymp\u00e4rist\u00f6ongelmat sen sijaan muodostavat hitaan, kertautuvan kriisin, joka vaatii poikkeustoimien sijaan koko globaalin ruokaj\u00e4rjestelm\u00e4n muutosta. Yht\u00e4\u00e4lt\u00e4 haitallisia ymp\u00e4rist\u00f6vaikutuksia t\u00e4ytyy v\u00e4hent\u00e4\u00e4, toisaalta tuotantoa pit\u00e4\u00e4 muuttaa sopeutuvammaksi muuttuviin oloihin.\u201d<\/p>\n<p>Usein kriisit ruokkivat toisiaan, mik\u00e4 tekee niihin valmistautumisesta vaikeaa. Esimerkiksi hitaasti rakentunut ymp\u00e4rist\u00f6kriisi lis\u00e4\u00e4 nopeiden kriisien todenn\u00e4k\u00f6isyytt\u00e4.<\/p>\n<p>Suomalaista karjaa ruokkiva soija tulee usein massiivisilta ja yksipuolisilta viljelmilt\u00e4. Niiden alta raivataan esimerkiksi Amazonin sademets\u00e4\u00e4, mik\u00e4 ruokkii ilmastokriisi\u00e4. Soijaa toki p\u00e4\u00e4tyy my\u00f6s ihmisten lautasille, mutta kuluttajille myyt\u00e4v\u00e4\u00e4 soijaa kehutaan vastuullisesti tuotetuksi. Se vastuuttomasti tuotettu menee sitten karjalle.<\/p>\n<p>Rehun tarpeen v\u00e4hent\u00e4minen v\u00e4hent\u00e4isi my\u00f6s viljelypinta-alan tarvetta, sill\u00e4 rehuna sy\u00f6tetyst\u00e4 ravinnosta vain pieni osa muuttuu lihaksi. N\u00e4in pienempi m\u00e4\u00e4r\u00e4 samaa soijaa ruokkisi isomman osan v\u00e4est\u00f6st\u00e4. Samalla poistuisi tarve raivata tilaa uusille viljelmille esimerkiksi juuri Amazonia h\u00e4vitt\u00e4m\u00e4ll\u00e4.<\/p>\n<p>Yksipuoliset viljelykasvien ja tuotantoel\u00e4inten monokulttuurit ovat my\u00f6s alttiita erilaisille sairauksille, jotka voivat johtaa jopa kokonaisen tuotantolajikkeen katoamiseen. N\u00e4in k\u00e4vi esimerkiksi 1950-luvulla banaanimarkkinoita hallinneelle Gros Michel -lajikkeelle, jonka panamantauti tuhosi. Sittemmin tilalle l\u00f6ydetty\u00e4 Cavendish-lajiketta joita maailman markettien banaanit ovat <a href=\"https:\/\/yle.fi\/uutiset\/3-10919797\" class=\"external\" rel=\"nofollow\">uhkaa t\u00e4ll\u00e4 hetkell\u00e4 saman taudin uusi muoto<\/a>. Emme ole osanneet ottaa opiksi kohtaamistamme vastoink\u00e4ymisist\u00e4.<\/p>\n<figure id=\"attachment_18785\" aria-describedby=\"caption-attachment-18785\" style=\"width: 400px\" class=\"wp-caption alignright\"><img decoding=\"async\" class=\" wp-image-18785\" src=\"https:\/\/voima.fi\/hairikot\/wp-content\/uploads\/sites\/9\/2020\/12\/wwf-biomassa-ja-elaimet.png\" alt=\"\" width=\"400\" height=\"400\" srcset=\"https:\/\/voima.fi\/hairikot\/wp-content\/uploads\/sites\/9\/2020\/12\/wwf-biomassa-ja-elaimet.png 1000w, https:\/\/voima.fi\/hairikot\/wp-content\/uploads\/sites\/9\/2020\/12\/wwf-biomassa-ja-elaimet-600x600.png 600w, https:\/\/voima.fi\/hairikot\/wp-content\/uploads\/sites\/9\/2020\/12\/wwf-biomassa-ja-elaimet-150x150.png 150w, https:\/\/voima.fi\/hairikot\/wp-content\/uploads\/sites\/9\/2020\/12\/wwf-biomassa-ja-elaimet-768x768.png 768w, https:\/\/voima.fi\/hairikot\/wp-content\/uploads\/sites\/9\/2020\/12\/wwf-biomassa-ja-elaimet-320x320.png 320w, https:\/\/voima.fi\/hairikot\/wp-content\/uploads\/sites\/9\/2020\/12\/wwf-biomassa-ja-elaimet-160x160.png 160w, https:\/\/voima.fi\/hairikot\/wp-content\/uploads\/sites\/9\/2020\/12\/wwf-biomassa-ja-elaimet-640x640.png 640w, https:\/\/voima.fi\/hairikot\/wp-content\/uploads\/sites\/9\/2020\/12\/wwf-biomassa-ja-elaimet-200x200.png 200w, https:\/\/voima.fi\/hairikot\/wp-content\/uploads\/sites\/9\/2020\/12\/wwf-biomassa-ja-elaimet-560x560.png 560w, https:\/\/voima.fi\/hairikot\/wp-content\/uploads\/sites\/9\/2020\/12\/wwf-biomassa-ja-elaimet-980x980.png 980w, https:\/\/voima.fi\/hairikot\/wp-content\/uploads\/sites\/9\/2020\/12\/wwf-biomassa-ja-elaimet-300x300.png 300w\" sizes=\"(max-width: 400px) 100vw, 400px\" \/><figcaption id=\"caption-attachment-18785\" class=\"wp-caption-text\">Viimeisen puolen vuosisadan aikana selk\u00e4rankaisten villiel\u00e4inten m\u00e4\u00e4r\u00e4 on <a href=\"https:\/\/wwf.fi\/tiedotteet\/2019\/05\/wwfn-raportti-maapallon-elainten-maara-romahtanut-halyttavaa-tahtia-2\/\" class=\"external\" rel=\"nofollow\"><span style=\"text-decoration: underline;\">romahtanut keskim\u00e4\u00e4rin 60 prosentilla<\/span><\/a>. Erityisesti villiel\u00e4inten elintilaa kaventaa kasvavan lihan tuotannon tarpeet.<\/figcaption><\/figure>\n<p><b>Jos ilmastokriisi <\/b>ja sen seuraukset ovat esimerkkej\u00e4 hitaasta kriisist\u00e4, korona puolestaan on malliesimerkki nopeasta kriisist\u00e4. Molempien taustalla on mekanismeja, joihin ruuantuotanto vaikuttaa.<\/p>\n<p>Maatalous on yksi merkitt\u00e4vimmist\u00e4 globaaleista p\u00e4\u00e4st\u00f6l\u00e4hteist\u00e4 ja vaikuttaa paljon my\u00f6s ilmastokriisin torjuntaan. Villiel\u00e4inten elintilan kaventuminen kasvavan viljelypinta-alan tielt\u00e4 ja suunnattoman sek\u00e4 yksipuolisen tuotantoel\u00e4inpopulaation tunkeminen ahtaisiin tuotantolaitoksiin puolestaan lis\u00e4\u00e4v\u00e4t merkitt\u00e4v\u00e4sti koronan kaltaisten pandemioiden synnyn riski\u00e4. Zoonoosit eli el\u00e4imist\u00e4 ihmisiin siirtyv\u00e4t <a href=\"https:\/\/voima.fi\/hairikot\/artikkeli\/ihmiskunnan-on-aika-aikuistua\/\">taudit p\u00e4\u00e4sev\u00e4t tarttumaan ymp\u00e4rist\u00f6iss\u00e4<\/a>, joissa ihmiset ovat muiden el\u00e4inten kanssa tiiviisti tekemisiss\u00e4 ahtaissa oloissa.<\/p>\n<p>Poliitikot ja tuottajaj\u00e4rjest\u00f6t ovat kuitenkin olleet melko haluttomia tarttumaan ongelmiin. Ville L\u00e4hteen mukaan suomalainen ruokakeskustelu on pahasti jumissa.<\/p>\n<p>\u201dTuottajapuolella ollaan siilipuolustuksessa, mik\u00e4 on ymm\u00e4rrett\u00e4v\u00e4\u00e4, koska alkutuottajien asema on kovin heikko. Puolustautuessa kuitenkin kaikki n\u00e4hd\u00e4\u00e4n uhkana ja tullaan pit\u00e4ytyneeksi perityss\u00e4 tilanteessa, joka heikent\u00e4\u00e4 olosuhteita entisest\u00e4\u00e4n.\u201d\u009d<\/p>\n<p>Kyse ei kuitenkaan ole yksin tuottajapuolen luomasta ongelmasta.<\/p>\n<p>\u201dYmp\u00e4rist\u00f6puolella taas on harmillisen paljon sellaista yksiulotteista ajattelua, jossa unelmoidaan maaseudun korvaamisesta korkeateknologisilla ymp\u00e4rist\u00f6ill\u00e4. T\u00e4ss\u00e4 ovat mittakaavat totaalisen hakusessa. BIOS-tutkimusyksikk\u00f6 ja moni muu taho on yritt\u00e4nyt avata keskustelua viime vuosina, sill\u00e4 ekologisessa siirtym\u00e4ss\u00e4 yhteiskunnallinen reiluus on v\u00e4ltt\u00e4m\u00e4t\u00f6n edellytys muutosten hyv\u00e4ksytt\u00e4vyydelle ja kest\u00e4vyydelle.\u201d<\/p>\n<p>Kaikkien muutospaineiden keskell\u00e4 kannattaa pit\u00e4\u00e4 mieless\u00e4, ett\u00e4 ruokaa tarvitaan jatkossakin. Nyt on aika keskustella siit\u00e4, mit\u00e4 ja miten tuotettua ruokaa sy\u00f6mme tulevaisuudessa.<\/p>\n<p><b>Lis\u00e4\u00e4 aiheesta BIOS-tutkimusyksik\u00f6n poikkitieteellisess\u00e4 <a href=\"http:\/\/eko.bios.fi\" class=\"external\" rel=\"nofollow\">Ekologinen j\u00e4lleenrakennus<\/a> -oppaassa.<\/b><\/p>\n","protected":false},"excerpt":{"rendered":"<p>Kun marjanpoimijat Ukrainasta ja Thaimaasta eiv\u00e4t p\u00e4\u00e4sseet kes\u00e4ll\u00e4 2020 koronapandemian vuoksi maahan totuttuun tapaan, Suomessa her\u00e4si huoli marjasadon j\u00e4\u00e4misest\u00e4 poimimatta.\u00a0Kotimainen tuotanto ei ollutkaan niin sinivalkoista kuin olemme tottuneet ajattelemaan. Vaikka marjat ovat kotimaan kamaran hedelmi\u00e4, tuotanto on riippuvainen ulkomaisesta kausity\u00f6st\u00e4. \u201dKansainv\u00e4linen kauppa, joka on historiallisesti tasannut paikallisia h\u00e4iri\u00f6it\u00e4, on kehittyess\u00e4\u00e4n my\u00f6s tuottanut systeemist\u00e4 ep\u00e4vakautta. Yh\u00e4 [&hellip;]<\/p>\n","protected":false},"author":122,"featured_media":18783,"comment_status":"closed","ping_status":"closed","sticky":false,"template":"","format":"standard","meta":{"footnotes":""},"categories":[4],"tags":[1260,2996,2995,2310,2775],"yoast_head":"<!-- This site is optimized with the Yoast SEO plugin v22.7 - https:\/\/yoast.com\/wordpress\/plugins\/seo\/ -->\n<title>Ruokaj\u00e4rjestelm\u00e4 muutoksen edess\u00e4 - H\u00e4irik\u00f6t-p\u00e4\u00e4maja<\/title>\n<meta name=\"robots\" content=\"index, follow, max-snippet:-1, max-image-preview:large, max-video-preview:-1\" \/>\n<link rel=\"canonical\" href=\"https:\/\/voima.fi\/hairikot\/artikkeli\/ruokajarjestelma-muutoksen-edessa\/\" \/>\n<meta property=\"og:locale\" content=\"fi_FI\" \/>\n<meta property=\"og:type\" content=\"article\" \/>\n<meta property=\"og:title\" content=\"Ruokaj\u00e4rjestelm\u00e4 muutoksen edess\u00e4 - H\u00e4irik\u00f6t-p\u00e4\u00e4maja\" \/>\n<meta property=\"og:description\" content=\"Kun marjanpoimijat Ukrainasta ja Thaimaasta eiv\u00e4t p\u00e4\u00e4sseet kes\u00e4ll\u00e4 2020 koronapandemian vuoksi maahan totuttuun tapaan, Suomessa her\u00e4si huoli marjasadon j\u00e4\u00e4misest\u00e4 poimimatta.\u00a0Kotimainen tuotanto ei ollutkaan niin sinivalkoista kuin olemme tottuneet ajattelemaan. Vaikka marjat ovat kotimaan kamaran hedelmi\u00e4, tuotanto on riippuvainen ulkomaisesta kausity\u00f6st\u00e4. \u201dKansainv\u00e4linen kauppa, joka on historiallisesti tasannut paikallisia h\u00e4iri\u00f6it\u00e4, on kehittyess\u00e4\u00e4n my\u00f6s tuottanut systeemist\u00e4 ep\u00e4vakautta. Yh\u00e4 [&hellip;]\" \/>\n<meta property=\"og:url\" content=\"https:\/\/voima.fi\/hairikot\/artikkeli\/ruokajarjestelma-muutoksen-edessa\/\" \/>\n<meta property=\"og:site_name\" content=\"H\u00e4irik\u00f6t-p\u00e4\u00e4maja\" \/>\n<meta property=\"article:published_time\" content=\"2020-12-14T12:07:54+00:00\" \/>\n<meta property=\"article:modified_time\" content=\"2022-06-18T17:25:00+00:00\" \/>\n<meta property=\"og:image\" content=\"https:\/\/voima.fi\/hairikot\/wp-content\/uploads\/sites\/9\/2020\/12\/lahiruoka-otsikko-1024x753.png\" \/>\n\t<meta property=\"og:image:width\" content=\"1024\" \/>\n\t<meta property=\"og:image:height\" content=\"753\" \/>\n\t<meta property=\"og:image:type\" content=\"image\/png\" \/>\n<meta name=\"author\" content=\"Jari Tamminen\" \/>\n<meta name=\"twitter:card\" content=\"summary_large_image\" \/>\n<meta name=\"twitter:label1\" content=\"Kirjoittanut\" \/>\n\t<meta name=\"twitter:data1\" content=\"Jari Tamminen\" \/>\n\t<meta name=\"twitter:label2\" content=\"Arvioitu lukuaika\" \/>\n\t<meta name=\"twitter:data2\" content=\"7 minuuttia\" \/>\n<script type=\"application\/ld+json\" class=\"yoast-schema-graph\">{\"@context\":\"https:\/\/schema.org\",\"@graph\":[{\"@type\":\"WebPage\",\"@id\":\"https:\/\/voima.fi\/hairikot\/artikkeli\/ruokajarjestelma-muutoksen-edessa\/\",\"url\":\"https:\/\/voima.fi\/hairikot\/artikkeli\/ruokajarjestelma-muutoksen-edessa\/\",\"name\":\"Ruokaj\u00e4rjestelm\u00e4 muutoksen edess\u00e4 - H\u00e4irik\u00f6t-p\u00e4\u00e4maja\",\"isPartOf\":{\"@id\":\"https:\/\/voima.fi\/hairikot\/#website\"},\"primaryImageOfPage\":{\"@id\":\"https:\/\/voima.fi\/hairikot\/artikkeli\/ruokajarjestelma-muutoksen-edessa\/#primaryimage\"},\"image\":{\"@id\":\"https:\/\/voima.fi\/hairikot\/artikkeli\/ruokajarjestelma-muutoksen-edessa\/#primaryimage\"},\"thumbnailUrl\":\"https:\/\/voima.fi\/hairikot\/wp-content\/uploads\/sites\/9\/2020\/12\/lahiruoka-otsikko.png\",\"datePublished\":\"2020-12-14T12:07:54+00:00\",\"dateModified\":\"2022-06-18T17:25:00+00:00\",\"author\":{\"@id\":\"https:\/\/voima.fi\/hairikot\/#\/schema\/person\/523ff68c19f1381d78529f38bb76e7fe\"},\"breadcrumb\":{\"@id\":\"https:\/\/voima.fi\/hairikot\/artikkeli\/ruokajarjestelma-muutoksen-edessa\/#breadcrumb\"},\"inLanguage\":\"fi\",\"potentialAction\":[{\"@type\":\"ReadAction\",\"target\":[\"https:\/\/voima.fi\/hairikot\/artikkeli\/ruokajarjestelma-muutoksen-edessa\/\"]}]},{\"@type\":\"ImageObject\",\"inLanguage\":\"fi\",\"@id\":\"https:\/\/voima.fi\/hairikot\/artikkeli\/ruokajarjestelma-muutoksen-edessa\/#primaryimage\",\"url\":\"https:\/\/voima.fi\/hairikot\/wp-content\/uploads\/sites\/9\/2020\/12\/lahiruoka-otsikko.png\",\"contentUrl\":\"https:\/\/voima.fi\/hairikot\/wp-content\/uploads\/sites\/9\/2020\/12\/lahiruoka-otsikko.png\",\"width\":2921,\"height\":2149},{\"@type\":\"BreadcrumbList\",\"@id\":\"https:\/\/voima.fi\/hairikot\/artikkeli\/ruokajarjestelma-muutoksen-edessa\/#breadcrumb\",\"itemListElement\":[{\"@type\":\"ListItem\",\"position\":1,\"name\":\"Home\",\"item\":\"https:\/\/voima.fi\/hairikot\/\"},{\"@type\":\"ListItem\",\"position\":2,\"name\":\"Ruokaj\u00e4rjestelm\u00e4 muutoksen edess\u00e4\"}]},{\"@type\":\"WebSite\",\"@id\":\"https:\/\/voima.fi\/hairikot\/#website\",\"url\":\"https:\/\/voima.fi\/hairikot\/\",\"name\":\"H\u00e4irik\u00f6t-p\u00e4\u00e4maja\",\"description\":\"\",\"potentialAction\":[{\"@type\":\"SearchAction\",\"target\":{\"@type\":\"EntryPoint\",\"urlTemplate\":\"https:\/\/voima.fi\/hairikot\/?s={search_term_string}\"},\"query-input\":\"required name=search_term_string\"}],\"inLanguage\":\"fi\"},{\"@type\":\"Person\",\"@id\":\"https:\/\/voima.fi\/hairikot\/#\/schema\/person\/523ff68c19f1381d78529f38bb76e7fe\",\"name\":\"Jari Tamminen\",\"image\":{\"@type\":\"ImageObject\",\"inLanguage\":\"fi\",\"@id\":\"https:\/\/voima.fi\/hairikot\/#\/schema\/person\/image\/\",\"url\":\"https:\/\/secure.gravatar.com\/avatar\/e5c0bb16f2efc1924afe37fc190f8ce1?s=96&d=blank&r=g\",\"contentUrl\":\"https:\/\/secure.gravatar.com\/avatar\/e5c0bb16f2efc1924afe37fc190f8ce1?s=96&d=blank&r=g\",\"caption\":\"Jari Tamminen\"},\"description\":\"Kulttuurih\u00e4irint\u00e4 on taiteen ja aktivismin j\u00e4nnitt\u00e4v\u00e4\u00e4 lomittumista: odottamaton performanssi katuvilin\u00e4ss\u00e4, vallattuja mainostauluja ja mainosparodioita. Se on k\u00e4site, joka yhdist\u00e4\u00e4 yhteiskunnallista kommentaaria ja luovaa vastarintaa. T\u00e4ss\u00e4 blogissa Voiman Jari Tamminen hahmottaa maailmaa kulttuurih\u00e4irinn\u00e4n n\u00e4k\u00f6kulmasta. Lis\u00e4\u00e4 Tammisen huomioita kulttuurih\u00e4irinn\u00e4st\u00e4 voi lukea Voimasta, H\u00e4irik\u00f6t \u2013 Kulttuurih\u00e4irinn\u00e4n aakkoset -kirjasta ja p\u00e4ivitt\u00e4in osoitteesta www.facebook.com\/hairikot.\",\"sameAs\":[\"http:\/\/www.facebook.com\/hairikot\"],\"url\":\"https:\/\/voima.fi\/hairikot\/artikkeli\/author\/hairikko\/\"}]}<\/script>\n<!-- \/ Yoast SEO plugin. -->","yoast_head_json":{"title":"Ruokaj\u00e4rjestelm\u00e4 muutoksen edess\u00e4 - H\u00e4irik\u00f6t-p\u00e4\u00e4maja","robots":{"index":"index","follow":"follow","max-snippet":"max-snippet:-1","max-image-preview":"max-image-preview:large","max-video-preview":"max-video-preview:-1"},"canonical":"https:\/\/voima.fi\/hairikot\/artikkeli\/ruokajarjestelma-muutoksen-edessa\/","og_locale":"fi_FI","og_type":"article","og_title":"Ruokaj\u00e4rjestelm\u00e4 muutoksen edess\u00e4 - H\u00e4irik\u00f6t-p\u00e4\u00e4maja","og_description":"Kun marjanpoimijat Ukrainasta ja Thaimaasta eiv\u00e4t p\u00e4\u00e4sseet kes\u00e4ll\u00e4 2020 koronapandemian vuoksi maahan totuttuun tapaan, Suomessa her\u00e4si huoli marjasadon j\u00e4\u00e4misest\u00e4 poimimatta.\u00a0Kotimainen tuotanto ei ollutkaan niin sinivalkoista kuin olemme tottuneet ajattelemaan. Vaikka marjat ovat kotimaan kamaran hedelmi\u00e4, tuotanto on riippuvainen ulkomaisesta kausity\u00f6st\u00e4. \u201dKansainv\u00e4linen kauppa, joka on historiallisesti tasannut paikallisia h\u00e4iri\u00f6it\u00e4, on kehittyess\u00e4\u00e4n my\u00f6s tuottanut systeemist\u00e4 ep\u00e4vakautta. Yh\u00e4 [&hellip;]","og_url":"https:\/\/voima.fi\/hairikot\/artikkeli\/ruokajarjestelma-muutoksen-edessa\/","og_site_name":"H\u00e4irik\u00f6t-p\u00e4\u00e4maja","article_published_time":"2020-12-14T12:07:54+00:00","article_modified_time":"2022-06-18T17:25:00+00:00","og_image":[{"width":1024,"height":753,"url":"https:\/\/voima.fi\/hairikot\/wp-content\/uploads\/sites\/9\/2020\/12\/lahiruoka-otsikko-1024x753.png","type":"image\/png"}],"author":"Jari Tamminen","twitter_card":"summary_large_image","twitter_misc":{"Kirjoittanut":"Jari Tamminen","Arvioitu lukuaika":"7 minuuttia"},"schema":{"@context":"https:\/\/schema.org","@graph":[{"@type":"WebPage","@id":"https:\/\/voima.fi\/hairikot\/artikkeli\/ruokajarjestelma-muutoksen-edessa\/","url":"https:\/\/voima.fi\/hairikot\/artikkeli\/ruokajarjestelma-muutoksen-edessa\/","name":"Ruokaj\u00e4rjestelm\u00e4 muutoksen edess\u00e4 - H\u00e4irik\u00f6t-p\u00e4\u00e4maja","isPartOf":{"@id":"https:\/\/voima.fi\/hairikot\/#website"},"primaryImageOfPage":{"@id":"https:\/\/voima.fi\/hairikot\/artikkeli\/ruokajarjestelma-muutoksen-edessa\/#primaryimage"},"image":{"@id":"https:\/\/voima.fi\/hairikot\/artikkeli\/ruokajarjestelma-muutoksen-edessa\/#primaryimage"},"thumbnailUrl":"https:\/\/voima.fi\/hairikot\/wp-content\/uploads\/sites\/9\/2020\/12\/lahiruoka-otsikko.png","datePublished":"2020-12-14T12:07:54+00:00","dateModified":"2022-06-18T17:25:00+00:00","author":{"@id":"https:\/\/voima.fi\/hairikot\/#\/schema\/person\/523ff68c19f1381d78529f38bb76e7fe"},"breadcrumb":{"@id":"https:\/\/voima.fi\/hairikot\/artikkeli\/ruokajarjestelma-muutoksen-edessa\/#breadcrumb"},"inLanguage":"fi","potentialAction":[{"@type":"ReadAction","target":["https:\/\/voima.fi\/hairikot\/artikkeli\/ruokajarjestelma-muutoksen-edessa\/"]}]},{"@type":"ImageObject","inLanguage":"fi","@id":"https:\/\/voima.fi\/hairikot\/artikkeli\/ruokajarjestelma-muutoksen-edessa\/#primaryimage","url":"https:\/\/voima.fi\/hairikot\/wp-content\/uploads\/sites\/9\/2020\/12\/lahiruoka-otsikko.png","contentUrl":"https:\/\/voima.fi\/hairikot\/wp-content\/uploads\/sites\/9\/2020\/12\/lahiruoka-otsikko.png","width":2921,"height":2149},{"@type":"BreadcrumbList","@id":"https:\/\/voima.fi\/hairikot\/artikkeli\/ruokajarjestelma-muutoksen-edessa\/#breadcrumb","itemListElement":[{"@type":"ListItem","position":1,"name":"Home","item":"https:\/\/voima.fi\/hairikot\/"},{"@type":"ListItem","position":2,"name":"Ruokaj\u00e4rjestelm\u00e4 muutoksen edess\u00e4"}]},{"@type":"WebSite","@id":"https:\/\/voima.fi\/hairikot\/#website","url":"https:\/\/voima.fi\/hairikot\/","name":"H\u00e4irik\u00f6t-p\u00e4\u00e4maja","description":"","potentialAction":[{"@type":"SearchAction","target":{"@type":"EntryPoint","urlTemplate":"https:\/\/voima.fi\/hairikot\/?s={search_term_string}"},"query-input":"required name=search_term_string"}],"inLanguage":"fi"},{"@type":"Person","@id":"https:\/\/voima.fi\/hairikot\/#\/schema\/person\/523ff68c19f1381d78529f38bb76e7fe","name":"Jari Tamminen","image":{"@type":"ImageObject","inLanguage":"fi","@id":"https:\/\/voima.fi\/hairikot\/#\/schema\/person\/image\/","url":"https:\/\/secure.gravatar.com\/avatar\/e5c0bb16f2efc1924afe37fc190f8ce1?s=96&d=blank&r=g","contentUrl":"https:\/\/secure.gravatar.com\/avatar\/e5c0bb16f2efc1924afe37fc190f8ce1?s=96&d=blank&r=g","caption":"Jari Tamminen"},"description":"Kulttuurih\u00e4irint\u00e4 on taiteen ja aktivismin j\u00e4nnitt\u00e4v\u00e4\u00e4 lomittumista: odottamaton performanssi katuvilin\u00e4ss\u00e4, vallattuja mainostauluja ja mainosparodioita. Se on k\u00e4site, joka yhdist\u00e4\u00e4 yhteiskunnallista kommentaaria ja luovaa vastarintaa. T\u00e4ss\u00e4 blogissa Voiman Jari Tamminen hahmottaa maailmaa kulttuurih\u00e4irinn\u00e4n n\u00e4k\u00f6kulmasta. Lis\u00e4\u00e4 Tammisen huomioita kulttuurih\u00e4irinn\u00e4st\u00e4 voi lukea Voimasta, H\u00e4irik\u00f6t \u2013 Kulttuurih\u00e4irinn\u00e4n aakkoset -kirjasta ja p\u00e4ivitt\u00e4in osoitteesta www.facebook.com\/hairikot.","sameAs":["http:\/\/www.facebook.com\/hairikot"],"url":"https:\/\/voima.fi\/hairikot\/artikkeli\/author\/hairikko\/"}]}},"enclosure":{"image":"https:\/\/voima.fi\/hairikot\/wp-content\/uploads\/sites\/9\/2020\/12\/lahiruoka-otsikko.png"},"meta:avatar":"","geolocation":[],"meta:youtube":null,"meta:vimeo":null,"meta:duration":null,"_links":{"self":[{"href":"https:\/\/voima.fi\/hairikot\/wp-json\/wp\/v2\/posts\/18778"}],"collection":[{"href":"https:\/\/voima.fi\/hairikot\/wp-json\/wp\/v2\/posts"}],"about":[{"href":"https:\/\/voima.fi\/hairikot\/wp-json\/wp\/v2\/types\/post"}],"author":[{"embeddable":true,"href":"https:\/\/voima.fi\/hairikot\/wp-json\/wp\/v2\/users\/122"}],"replies":[{"embeddable":true,"href":"https:\/\/voima.fi\/hairikot\/wp-json\/wp\/v2\/comments?post=18778"}],"version-history":[{"count":7,"href":"https:\/\/voima.fi\/hairikot\/wp-json\/wp\/v2\/posts\/18778\/revisions"}],"predecessor-version":[{"id":19781,"href":"https:\/\/voima.fi\/hairikot\/wp-json\/wp\/v2\/posts\/18778\/revisions\/19781"}],"wp:featuredmedia":[{"embeddable":true,"href":"https:\/\/voima.fi\/hairikot\/wp-json\/wp\/v2\/media\/18783"}],"wp:attachment":[{"href":"https:\/\/voima.fi\/hairikot\/wp-json\/wp\/v2\/media?parent=18778"}],"wp:term":[{"taxonomy":"category","embeddable":true,"href":"https:\/\/voima.fi\/hairikot\/wp-json\/wp\/v2\/categories?post=18778"},{"taxonomy":"post_tag","embeddable":true,"href":"https:\/\/voima.fi\/hairikot\/wp-json\/wp\/v2\/tags?post=18778"}],"curies":[{"name":"wp","href":"https:\/\/api.w.org\/{rel}","templated":true}]}}