{"id":18755,"date":"2020-12-11T17:58:15","date_gmt":"2020-12-11T15:58:15","guid":{"rendered":"http:\/\/voima.fi\/hairikot\/?p=18755"},"modified":"2020-12-11T18:08:37","modified_gmt":"2020-12-11T16:08:37","slug":"graffiti-politiikan-ja-byrokratian-pyorteissa","status":"publish","type":"post","link":"https:\/\/voima.fi\/hairikot\/artikkeli\/graffiti-politiikan-ja-byrokratian-pyorteissa\/","title":{"rendered":"Graffiti politiikan ja byrokratian py\u00f6rteiss\u00e4"},"content":{"rendered":"<p class=\"p2\"><span class=\"s1\"><b>Graffiti saapui<\/b> Suomeen moniin muihin Euroopan maihin verrattuna hieman j\u00e4lkijunassa. Sen ymp\u00e4rille syntyi kuitenkin 1980-luvun lopulla hyvin innokasta liikehdint\u00e4\u00e4: tekij\u00f6it\u00e4 haastateltiin, kuvasto siirtyi mainoksiin ja teoksia maalattiin ihan luvankin kanssa. Vuonna 1991 Helsingin Kulosaaressa It\u00e4v\u00e4yl\u00e4n varren melumuuriin kaupungin pyynn\u00f6st\u00e4 maalatut graffitit olivat n\u00e4kyv\u00e4 merkki my\u00f6t\u00e4mielisest\u00e4 suhtautumisesta uutta taidemuotoa kohtaan.\u00a0<\/span><\/p>\n<p class=\"p2\"><span class=\"s1\">Asenneilmapiiri muuttui 1990-luvun edetess\u00e4 torjuvammaksi. Todenn\u00e4k\u00f6isesti yhten\u00e4 syyn\u00e4 muutokselle oli se, ettei raitiovaunun ikkunoista v\u00e4lill\u00e4 n\u00e4hnyt ulos, koska ne olivat niin t\u00e4ynn\u00e4 t\u00e4gej\u00e4. Vuonna 2000 kaupungin virkamiehet p\u00e4\u00e4ttiv\u00e4t maalata Kulosaaren muurin teokset peittoon. P\u00e4\u00e4t\u00f6s liittyi pari vuotta aikaisemmin k\u00e4ynnistyneeseen Stop t\u00f6hryille -hankkeeseen ja niin sanottuun nollatoleranssilinjaan kaikkea katutaidetta kohtaan. My\u00f6s luvalliset teokset n\u00e4htiin ongelmana.<\/span><\/p>\n<p class=\"p2\"><span class=\"s1\">\u00a0<\/span><\/p>\n<figure id=\"attachment_18757\" aria-describedby=\"caption-attachment-18757\" style=\"width: 519px\" class=\"wp-caption alignright\"><img decoding=\"async\" class=\" wp-image-18757\" src=\"https:\/\/voima.fi\/hairikot\/wp-content\/uploads\/sites\/9\/2020\/12\/kuliksen-muuri-1991.png\" alt=\"\" width=\"519\" height=\"283\" srcset=\"https:\/\/voima.fi\/hairikot\/wp-content\/uploads\/sites\/9\/2020\/12\/kuliksen-muuri-1991.png 1604w, https:\/\/voima.fi\/hairikot\/wp-content\/uploads\/sites\/9\/2020\/12\/kuliksen-muuri-1991-600x327.png 600w, https:\/\/voima.fi\/hairikot\/wp-content\/uploads\/sites\/9\/2020\/12\/kuliksen-muuri-1991-1024x558.png 1024w, https:\/\/voima.fi\/hairikot\/wp-content\/uploads\/sites\/9\/2020\/12\/kuliksen-muuri-1991-768x418.png 768w, https:\/\/voima.fi\/hairikot\/wp-content\/uploads\/sites\/9\/2020\/12\/kuliksen-muuri-1991-1536x837.png 1536w, https:\/\/voima.fi\/hairikot\/wp-content\/uploads\/sites\/9\/2020\/12\/kuliksen-muuri-1991-320x174.png 320w, https:\/\/voima.fi\/hairikot\/wp-content\/uploads\/sites\/9\/2020\/12\/kuliksen-muuri-1991-200x109.png 200w, https:\/\/voima.fi\/hairikot\/wp-content\/uploads\/sites\/9\/2020\/12\/kuliksen-muuri-1991-560x305.png 560w, https:\/\/voima.fi\/hairikot\/wp-content\/uploads\/sites\/9\/2020\/12\/kuliksen-muuri-1991-980x534.png 980w, https:\/\/voima.fi\/hairikot\/wp-content\/uploads\/sites\/9\/2020\/12\/kuliksen-muuri-1991-300x163.png 300w\" sizes=\"(max-width: 519px) 100vw, 519px\" \/><figcaption id=\"caption-attachment-18757\" class=\"wp-caption-text\">V\u00e4l\u00e4yksi\u00e4 muurista ennen kuin virkamiehet p\u00e4\u00e4ttiv\u00e4t maalata sen valkoiseksi.<\/figcaption><\/figure>\n<p class=\"p2\"><span class=\"s1\"><b>Samoihin aikoihin<\/b>, kun nollatoleranssi teki tuloaan Helsinkiin, aloitteli Vasemmistoliiton <b>Paavo Arhinm\u00e4ki<\/b> poliittista uraansa.<\/span><\/p>\n<p class=\"p2\"><span class=\"s1\">\u201dOlin Helsingin opetuslautakunnan j\u00e4sen vuonna 1997, kun Stop t\u00f6hryille -hankkeen vet\u00e4j\u00e4<b> Mikko Virtam\u00e4ki<\/b> k\u00e4vi esittelem\u00e4ss\u00e4 projektiaan meille. H\u00e4n totesi strategian olevan, ett\u00e4 \u2019kaikki pois\u2019. Lautakunta p\u00e4\u00e4tti edet\u00e4 hankkeen kanssa vastaesityksest\u00e4ni huolimatta.\u201d<\/span><\/p>\n<p class=\"p2\"><span class=\"s1\">Kyseess\u00e4 oli yksi hanke monien joukossa, eik\u00e4 Arhinm\u00e4ki seurannut sit\u00e4 sen tarkemmin. P\u00e4\u00e4sty\u00e4\u00e4n valtuustoon vuonna 2001 h\u00e4n kuitenkin esitti ensit\u00f6ikseen ett\u00e4 Kulosaaren muuriin maalattaisiin j\u00e4lleen graffiteja.<\/span><\/p>\n<p class=\"p2\"><span class=\"s1\">\u201dEn miettinyt sit\u00e4 sen enemp\u00e4\u00e4. Ajattelin, ett\u00e4 melumuurin maalaaminen valkoiseksi oli ollut vain joku ty\u00f6tapaturma, jonka voisi nyt korjata\u201d, Arhinm\u00e4ki muistelee.<\/span><\/p>\n<p class=\"p2\"><span class=\"s1\">Ehdotus ei saanut kannatusta, mutta se kuitenkin huomioitiin mediassa. Huomion my\u00f6t\u00e4 Arhinm\u00e4elle alkoi tulla odottamattomia yhteydenottoja.<\/span><\/p>\n<p class=\"p2\"><span class=\"s1\">\u201dMinulle soitti \u00e4itej\u00e4, jotka kertoivat siit\u00e4 kuinka vartijat ovat pahoinpidelleet heid\u00e4n lapsiaan.\u201d<\/span><\/p>\n<p class=\"p2\"><span class=\"s1\"><img decoding=\"async\" class=\" wp-image-18758 alignright\" src=\"https:\/\/voima.fi\/hairikot\/wp-content\/uploads\/sites\/9\/2020\/12\/nacc88yttocc88kuva-2020-12-11-kello-14-41-16.png\" alt=\"\" width=\"270\" height=\"224\" srcset=\"https:\/\/voima.fi\/hairikot\/wp-content\/uploads\/sites\/9\/2020\/12\/nacc88yttocc88kuva-2020-12-11-kello-14-41-16.png 276w, https:\/\/voima.fi\/hairikot\/wp-content\/uploads\/sites\/9\/2020\/12\/nacc88yttocc88kuva-2020-12-11-kello-14-41-16-200x166.png 200w\" sizes=\"(max-width: 270px) 100vw, 270px\" \/>N\u00e4it\u00e4 samoja puheluita alkoi tulla my\u00f6s <i>Voima<\/i>-lehden toimitukseen: pahoinpideltyj\u00e4 lapsia ep\u00e4iltiin graffitien maalaamisesta.<\/span><\/p>\n<p class=\"p2\"><span class=\"s1\">\u201dTunsin kyll\u00e4 graffitikulttuurin, mutta en ollut seurannut aihetta vuosiin. Alettuani selvitt\u00e4\u00e4 asiaa, todellisuus paljastui j\u00e4rkytt\u00e4v\u00e4ksi: kuinka paljon hankkeeseen tuhlattiin rahaa ja kuinka pahoin nuorten tulevaisuuksia tuhottiin tolkuttomilla korvausvaatimuksilla. Aloin tehd\u00e4 johdonmukaisesti talousarvio- ja valtuustoaloitteita, jotta Stop t\u00f6hryille -kampanja lopetettaisiin ja graffitille varattaisiin luvallisia paikkoja.\u201d<\/span><\/p>\n<p class=\"p2\"><span class=\"s1\">Kymmenen vuotta jatkuneen hankkeen kokonaisbudjetti oli lopulta reilusti yli 20 miljoonaa euroa.\u00a0<\/span><\/p>\n<p class=\"p2\"><span class=\"s1\">\u00a0<\/span><\/p>\n<p class=\"p2\"><span class=\"s1\"><b>Motiivin ajaa <\/b>nollatoleranssin lopettamista Arhinm\u00e4ki l\u00f6ysi esimerkiksi siit\u00e4, ett\u00e4 h\u00e4n on kokenut graffitien vaikutuksen kokonaisuutena positiivisena.<\/span><\/p>\n<p class=\"p2\"><span class=\"s1\">\u201dGraffiti on ollut viime vuosikymmenien aikana se taiteenlaji, joka on eniten innostanut lapsia ja nuoria taiteen piiriin. On koko yhteiskunnan etu, ett\u00e4 kiinnostuneet voivat harrastaa t\u00e4t\u00e4 ilman pelkoa ongelmista.\u201d<\/span><\/p>\n<p class=\"p2\"><span class=\"s1\">Tietenkin Arhinm\u00e4kikin tiedostaa, ett\u00e4 graffitikulttuuriin liittyy my\u00f6s tietty luvattomuus, eiv\u00e4tk\u00e4 luvattomat graffitit tule kokonaan katoamaan luvallisten maalauspaikkojen my\u00f6t\u00e4.\u00a0<\/span><\/p>\n<p class=\"p2\"><span class=\"s1\">\u201dLuvallisiin paikkoihin k\u00e4ytetyt maalipurkit ovat kuitenkin poissa luvattomista paikoista. Sit\u00e4paitsi el\u00e4m\u00e4n merkit kuuluvat kaupunkiin. Eiv\u00e4t kaupungit toimi niin, ett\u00e4 joku konttorilla suunnittelee ne, ja kaikki menee suunnitelmien mukaan. Ihmiset muokkaavat aina elinymp\u00e4rist\u00f6\u00e4\u00e4n eri tavoin. Yhteiskuntaj\u00e4rjestelm\u00e4t, joissa l\u00e4hdet\u00e4\u00e4n siit\u00e4, ett\u00e4 erilaiset mielipiteet ja ihmiset eiv\u00e4t saa n\u00e4ky\u00e4, ovat tyystin erilaisia kuin meid\u00e4n j\u00e4rjestelm\u00e4mme.\u201d<\/span><\/p>\n<p><iframe title=\"Siisti Stadi - Stop to\u0308hryille (1999)\" width=\"1200\" height=\"900\" src=\"https:\/\/www.youtube.com\/embed\/7Y3Z29PWv7Q?&#038;showinfo=0&#038;rel=0&#038;modestbranding=1&#038;iv_load_policy=3&#038;color=white\" frameborder=\"0\" allow=\"accelerometer; autoplay; clipboard-write; encrypted-media; gyroscope; picture-in-picture\" allowfullscreen><\/iframe><\/p>\n<p><em>Siisti Stadi \u2013 Stop t\u00f6hryille. Video, 11 minuuttia.<br \/>\n<\/em><em>Vuonna 1999 viranomaisviestint\u00e4 oli perin erilaista kuin vaikkapa vuonna 2020.<\/em><\/p>\n<p class=\"p2\"><span class=\"s1\"><b>Nollatoleranssilinjan jatkuessa<\/b> katutaide ei saanut Helsingin politiikassa suurta kannatusta, vaikka muutamat valtuutetut aihetta pitiv\u00e4tkin esill\u00e4. Helsingin graffitipolitiikka kuitenkin muuttui loppusyksyst\u00e4 2008, kun valtuusto k\u00e4sitteli Arhinm\u00e4en aloitetta Vuosaaren sataman noin kilometrin mittaisen muurin vapauttamista maalaamiselle.\u00a0<\/span><\/p>\n<figure id=\"attachment_18759\" aria-describedby=\"caption-attachment-18759\" style=\"width: 520px\" class=\"wp-caption alignright\"><img decoding=\"async\" class=\" wp-image-18759\" src=\"https:\/\/voima.fi\/hairikot\/wp-content\/uploads\/sites\/9\/2020\/12\/kulis.jpg\" alt=\"\" width=\"520\" height=\"347\" srcset=\"https:\/\/voima.fi\/hairikot\/wp-content\/uploads\/sites\/9\/2020\/12\/kulis.jpg 799w, https:\/\/voima.fi\/hairikot\/wp-content\/uploads\/sites\/9\/2020\/12\/kulis-600x400.jpg 600w, https:\/\/voima.fi\/hairikot\/wp-content\/uploads\/sites\/9\/2020\/12\/kulis-768x512.jpg 768w, https:\/\/voima.fi\/hairikot\/wp-content\/uploads\/sites\/9\/2020\/12\/kulis-320x213.jpg 320w, https:\/\/voima.fi\/hairikot\/wp-content\/uploads\/sites\/9\/2020\/12\/kulis-200x133.jpg 200w, https:\/\/voima.fi\/hairikot\/wp-content\/uploads\/sites\/9\/2020\/12\/kulis-560x374.jpg 560w, https:\/\/voima.fi\/hairikot\/wp-content\/uploads\/sites\/9\/2020\/12\/kulis-300x200.jpg 300w\" sizes=\"(max-width: 520px) 100vw, 520px\" \/><figcaption id=\"caption-attachment-18759\" class=\"wp-caption-text\">Kes\u00e4kuussa 2017 Helsingiss\u00e4 ly\u00f6tiin hyvinkin mahdollisesti <a href=\"https:\/\/voima.fi\/hairikot\/artikkeli\/katutaide-osaksi-establishmenttia\/\"><span style=\"text-decoration: underline;\">viimeinen naula<\/span><\/a> nollatoleranssin arkkuun. Kulosaaren muuri maalattiin j\u00e4lleen t\u00e4yteen graffiteja.<\/figcaption><\/figure>\n<p class=\"p2\"><span class=\"s1\">\u201dValtuusto totesi yksimielisesti vastauksessaan, ett\u00e4 Vuosaaren muuri ei t\u00e4h\u00e4n tarkoitukseen sovi, mutta jos sopiva paikka l\u00f6ytyy, niin ei ole mit\u00e4\u00e4n ajatusta vastaan. Pian t\u00e4m\u00e4n j\u00e4lkeen Kaapelitehtaan silloinen toimitusjohtaja <b>Stuba Nikula<\/b> otti yhteytt\u00e4 ja ehdotti, ett\u00e4 joku voisi esitt\u00e4\u00e4 graffitiaitaa Suvilahteen. Min\u00e4 esitin ja Suvilahden aluetta hallinnoiva Kaapeli vastasi esitykseen my\u00f6nt\u00e4v\u00e4sti.\u201d<\/span><\/p>\n<p class=\"p2\"><span class=\"s1\">Ennen tuota Nikulan yhteydenottoa syksyll\u00e4 2008 Arhinm\u00e4ki ja vihreiden <b>Kimmo Helist\u00f6<\/b> k\u00e4\u00e4nnytettiin Finlandia-talon ovelta, kun he pyrkiv\u00e4t osallistumaan Stop t\u00f6hryille -hankkeen viralliseen kymmenvuotisseminaariin. Valtuutettujen k\u00e4\u00e4nnytt\u00e4minen kaupungin omasta tilaisuudesta her\u00e4tti runsaasti huomiota ja se ep\u00e4ilem\u00e4tt\u00e4 vaikutti my\u00f6s asenteisiin hankkeen tavoitteita kohtaan.\u00a0<\/span><\/p>\n<p class=\"p2\"><span class=\"s1\">Stop t\u00f6hryille -hanke p\u00e4\u00e4ttyi vuodenvaihteessa 2008\u201309 ja toukokuussa 2009 Suvilahteen avattiin Helsingin ensimm\u00e4inen graffitiaita. Ty\u00f6 graffitikulttuurin edist\u00e4miseksi ei kuitenkaan p\u00e4\u00e4ttynyt siihen.<\/span><\/p>\n<figure id=\"attachment_18770\" aria-describedby=\"caption-attachment-18770\" style=\"width: 2039px\" class=\"wp-caption alignnone\"><img decoding=\"async\" class=\"size-full wp-image-18770\" src=\"https:\/\/voima.fi\/hairikot\/wp-content\/uploads\/sites\/9\/2020\/12\/trama-kuliksessa.png\" alt=\"\" width=\"2039\" height=\"633\" srcset=\"https:\/\/voima.fi\/hairikot\/wp-content\/uploads\/sites\/9\/2020\/12\/trama-kuliksessa.png 2039w, https:\/\/voima.fi\/hairikot\/wp-content\/uploads\/sites\/9\/2020\/12\/trama-kuliksessa-600x186.png 600w, https:\/\/voima.fi\/hairikot\/wp-content\/uploads\/sites\/9\/2020\/12\/trama-kuliksessa-1024x318.png 1024w, https:\/\/voima.fi\/hairikot\/wp-content\/uploads\/sites\/9\/2020\/12\/trama-kuliksessa-768x238.png 768w, https:\/\/voima.fi\/hairikot\/wp-content\/uploads\/sites\/9\/2020\/12\/trama-kuliksessa-1536x477.png 1536w, https:\/\/voima.fi\/hairikot\/wp-content\/uploads\/sites\/9\/2020\/12\/trama-kuliksessa-320x99.png 320w, https:\/\/voima.fi\/hairikot\/wp-content\/uploads\/sites\/9\/2020\/12\/trama-kuliksessa-200x62.png 200w, https:\/\/voima.fi\/hairikot\/wp-content\/uploads\/sites\/9\/2020\/12\/trama-kuliksessa-560x174.png 560w, https:\/\/voima.fi\/hairikot\/wp-content\/uploads\/sites\/9\/2020\/12\/trama-kuliksessa-980x304.png 980w, https:\/\/voima.fi\/hairikot\/wp-content\/uploads\/sites\/9\/2020\/12\/trama-kuliksessa-300x93.png 300w\" sizes=\"(max-width: 2039px) 100vw, 2039px\" \/><figcaption id=\"caption-attachment-18770\" class=\"wp-caption-text\">My\u00f6s Trama oli mukana jo vuonna 1991. Vuonna 2017 h\u00e4n maalasi saman teoksen kuin ekallakin kierroksella.<\/figcaption><\/figure>\n<p class=\"p2\"><span class=\"s1\"><b>Antti Salminen<\/b> aloitti ty\u00f6t Helsingin nuorisotoimessa 1990-luvun puoliv\u00e4liss\u00e4. H\u00e4nen ensimm\u00e4iset hommansa liittyiv\u00e4t graffitity\u00f6pajojen vet\u00e4miseen. Melko pian tulivat my\u00f6s ensimm\u00e4iset t\u00f6rm\u00e4ykset rakennusviraston kanssa, mutta niiden muistelu ei ole Salmisen mielest\u00e4 erityisen kiinnostavaa. Stop t\u00f6hryille -hankkeeseen liittyy paljon ylily\u00f6ntej\u00e4, mutta samalla monet virkamiehet ovat tehneet sit\u00e4 ty\u00f6t\u00e4, mit\u00e4 poliitikot ovat heilt\u00e4 vaatineet. 2010-luvun l\u00e4hestyess\u00e4 muutokset ilmapiiriss\u00e4 kuitenkin toivat muutoksia my\u00f6s virkamiesten t\u00f6ihin.<\/span><\/p>\n<p><span class=\"s1\">\u201dKun Suvilahteen p\u00e4\u00e4tettiin tehd\u00e4 graffitiaita, niin ei kukaan tiennyt mit\u00e4 siit\u00e4 l\u00e4htee\u201d, Salminen muistelee.<\/span><\/p>\n<p class=\"p2\"><span class=\"s1\"><img decoding=\"async\" class=\" wp-image-18760 alignleft\" src=\"https:\/\/voima.fi\/hairikot\/wp-content\/uploads\/sites\/9\/2020\/12\/nacc88yttocc88kuva-2020-12-11-kello-14-40-52.png\" alt=\"\" width=\"270\" height=\"231\" srcset=\"https:\/\/voima.fi\/hairikot\/wp-content\/uploads\/sites\/9\/2020\/12\/nacc88yttocc88kuva-2020-12-11-kello-14-40-52.png 274w, https:\/\/voima.fi\/hairikot\/wp-content\/uploads\/sites\/9\/2020\/12\/nacc88yttocc88kuva-2020-12-11-kello-14-40-52-200x171.png 200w\" sizes=\"(max-width: 270px) 100vw, 270px\" \/><\/span><span class=\"s1\">Ensimm\u00e4isell\u00e4 graffitiaidalla oli pituutta noin 100 metri\u00e4. Suvilahden ja viereisen Sompasaaren alueella oli kuitenkin tuon satametrisen aidan lis\u00e4ksi kilometrin verran rakennusty\u00f6maan vaneriaitaa. Hieman huolimattoman viestinn\u00e4n seurauksena graffitimaalarit siirtyiv\u00e4t t\u00e4ytt\u00e4m\u00e4\u00e4n my\u00f6s tuota aitaa.<\/span><\/p>\n<p class=\"p2\"><span class=\"s1\">\u201dSe oli oikeastaan luvattu Kuvateideakatemialle. Kokoustimme asiasta pikaisesti ja p\u00e4\u00e4timme, ett\u00e4 antaa menn\u00e4 vaan.\u201d<\/span><\/p>\n<p class=\"p2\"><span class=\"s1\">T\u00e4m\u00e4 p\u00e4\u00e4t\u00f6s kannatti ja loppu onkin historiaa. Pian vanerisia aitoja pystytettiin eri puolille kaupunkia. Kaikki halusivat omansa, ja kaupunki hankki my\u00f6s nelj\u00e4 liikuteltavaa konttia, joita sai maalata vapaasti.<\/span><\/p>\n<p class=\"p2\"><span class=\"s1\">\u201dAjatus oli, ett\u00e4 annetaan mahdollisuus maalata luvallisesti. Ajatuksena oli my\u00f6s se, ett\u00e4 jos tulee lieveilmi\u00f6it\u00e4, niihin on sitten helpompi puuttua. Oletin my\u00f6s, ett\u00e4 t\u00f6hrytilastot l\u00e4htiv\u00e4t laskuun, mutta sit\u00e4 en uskaltanut sanoa \u00e4\u00e4neen. Tietoa ei ollut.\u201d<\/span><\/p>\n<p class=\"p2\"><span class=\"s1\">Salmisen oletus osoittautui oikeaksi.<\/span><\/p>\n<p class=\"p2\"><span class=\"s1\">\u00a0<\/span><\/p>\n<figure id=\"attachment_18761\" aria-describedby=\"caption-attachment-18761\" style=\"width: 520px\" class=\"wp-caption alignright\"><img decoding=\"async\" class=\" wp-image-18761\" src=\"https:\/\/voima.fi\/hairikot\/wp-content\/uploads\/sites\/9\/2020\/12\/kulis2.jpg\" alt=\"\" width=\"520\" height=\"347\" srcset=\"https:\/\/voima.fi\/hairikot\/wp-content\/uploads\/sites\/9\/2020\/12\/kulis2.jpg 800w, https:\/\/voima.fi\/hairikot\/wp-content\/uploads\/sites\/9\/2020\/12\/kulis2-600x401.jpg 600w, https:\/\/voima.fi\/hairikot\/wp-content\/uploads\/sites\/9\/2020\/12\/kulis2-768x513.jpg 768w, https:\/\/voima.fi\/hairikot\/wp-content\/uploads\/sites\/9\/2020\/12\/kulis2-320x214.jpg 320w, https:\/\/voima.fi\/hairikot\/wp-content\/uploads\/sites\/9\/2020\/12\/kulis2-200x134.jpg 200w, https:\/\/voima.fi\/hairikot\/wp-content\/uploads\/sites\/9\/2020\/12\/kulis2-560x374.jpg 560w, https:\/\/voima.fi\/hairikot\/wp-content\/uploads\/sites\/9\/2020\/12\/kulis2-300x200.jpg 300w\" sizes=\"(max-width: 520px) 100vw, 520px\" \/><figcaption id=\"caption-attachment-18761\" class=\"wp-caption-text\">Kulosaaren muuria p\u00e4\u00e4si maalaamaan moni pitk\u00e4n linjan tekij\u00e4. Osa vuonna 2017 paikalle saapuneista oli mukana jo ekalla kierroksella vuonna 1991.<br \/>Kuvassa ty\u00f6ntouhussa Jani Tolin, Graffitin Suomen mestari vuosimallia 1990.<\/figcaption><\/figure>\n<p class=\"p2\"><span class=\"s1\"><b>Vaikka graffitiin<\/b> ja katutaiteeseen laajemminkin liittynyt buumi l\u00e4hti levi\u00e4m\u00e4\u00e4n ja kaupungilla oli hyv\u00e4\u00e4 tahtoa, se ei tarkoittanut helppoja ty\u00f6p\u00e4ivi\u00e4. Mit\u00e4\u00e4n valmiita prosesseja ei ollut, eik\u00e4 rahaakaan,<\/span><\/p>\n<p class=\"p2\"><span class=\"s1\">\u201dKaupunki toimii hitaasti, tehd\u00e4\u00e4n budjetteja ja talousarvioita ja kaikki kest\u00e4\u00e4. Mik\u00e4\u00e4n ei tapahdu nopeasti, ja jos ruvetaan pystytt\u00e4m\u00e4\u00e4n aitoja, niihin tarvitaan rahaa ja lupia\u201d, Salminen selitt\u00e4\u00e4.<\/span><\/p>\n<figure id=\"attachment_18766\" aria-describedby=\"caption-attachment-18766\" style=\"width: 250px\" class=\"wp-caption alignleft\"><img decoding=\"async\" class=\" wp-image-18766\" src=\"https:\/\/voima.fi\/hairikot\/wp-content\/uploads\/sites\/9\/2020\/12\/jr.jpg\" alt=\"\" width=\"250\" height=\"375\" srcset=\"https:\/\/voima.fi\/hairikot\/wp-content\/uploads\/sites\/9\/2020\/12\/jr.jpg 533w, https:\/\/voima.fi\/hairikot\/wp-content\/uploads\/sites\/9\/2020\/12\/jr-400x600.jpg 400w, https:\/\/voima.fi\/hairikot\/wp-content\/uploads\/sites\/9\/2020\/12\/jr-213x320.jpg 213w, https:\/\/voima.fi\/hairikot\/wp-content\/uploads\/sites\/9\/2020\/12\/jr-200x300.jpg 200w\" sizes=\"(max-width: 250px) 100vw, 250px\" \/><figcaption id=\"caption-attachment-18766\" class=\"wp-caption-text\">JR:n tyyli on tunnistettava ja h\u00e4nen el\u00e4inhahmojaan l\u00f6ytyy lukuisista eri paikoista.<\/figcaption><\/figure>\n<p class=\"p2\"><span class=\"s1\">Olemattoman budjetin ohella luvat synnyttiv\u00e4t p\u00e4\u00e4nvaivaa. Kukaan kaupungin organisaatiossa ei halunnut erityisesti vastustaa katutaidetta, mutta lupaviidakko oli j\u00e4\u00e4t\u00e4v\u00e4. Eik\u00e4 kenell\u00e4k\u00e4\u00e4n ollut kokonaiskuvaa siit\u00e4, mit\u00e4 kaikkia lupia piti milloinkin hakea ja mist\u00e4.<\/span><\/p>\n<p class=\"p2\"><span class=\"s1\">\u201dOikeastaan koko prosessi piti rakentaa itse ja selvitt\u00e4\u00e4, mist\u00e4 mink\u00e4kin lupakortin voisi saada. Kun rakennusviraston kanssa homma toimi, niin tulikin rakennusvalvonta vastaan. Lupia tarvitaan jos mit\u00e4kin, liikennej\u00e4rjestelyist\u00e4 maank\u00e4ytt\u00f6\u00f6n. Eik\u00e4 kukaan ollut ajatellut, ett\u00e4 \u2019oho, joku haluaa maalata talon eri v\u00e4riseksi\u2019, kun kaavatasolla voi olla merkint\u00e4, ett\u00e4 sen talon kuuluu olla keltainen.\u201d<\/span><\/p>\n<p class=\"p2\"><span class=\"s1\">Salmisen mukaan ei oikeastaan ole edes mahdollista saada yht\u00e4 luukkua, josta saisi kaikki tarvittavat luvat. V\u00e4hitellen prosessi selkiytyi, ja t\u00e4ll\u00e4 hetkell\u00e4 maalaamista ei edell\u00e4 ep\u00e4toivoa synnytt\u00e4v\u00e4 byrokratia.<\/span><\/p>\n<p class=\"p2\"><span class=\"s1\">\u00a0<\/span><\/p>\n<p class=\"p2\"><span class=\"s1\"><b>L\u00e4pi vuosien<\/b> Salmista ajoi ajatus siit\u00e4, ett\u00e4 kaupunki tarvitsee dialogia.<\/span><\/p>\n<p class=\"p2\"><span class=\"s1\">\u201dL\u00e4ht\u00f6tilanne oli se, ett\u00e4 graffiti on vastakulttuuria. Tavoitteeni oli muuttaa tuo vastakulttuuri alakulttuuriksi, ja ett\u00e4 voisimme olla saman p\u00f6yd\u00e4n \u00e4\u00e4ress\u00e4. Eik\u00e4 edes haittaa, vaikka osa porukasta on edelleen siell\u00e4 vastakulttuurin piiriss\u00e4.\u201d<\/span><\/p>\n<p class=\"p2\"><span class=\"s1\">Siltojen rakentaminen erilaisten kulttuurien v\u00e4lille on toiminut. Helsinkiin on 2000-luvun aikana muodostunut varsin uudenlainen tapa toimia ja kohdata erilaisuutta. Suhtautuminen graffitiin toimii hyv\u00e4n\u00e4 esimerkkin\u00e4 siit\u00e4. Muuttunut suhde graffitiin on voinut vaikuttaa siihen, ett\u00e4 muuhunkin asukasl\u00e4ht\u00f6iseen kulttuuriin on alettu suhtautua hyv\u00e4ksyv\u00e4mmin: ravintolap\u00e4iv\u00e4t, block partyt ja Sompasaunan kaltaiset omaehtoiset, ja ilman kaupallista motiivia j\u00e4rjestetyt tapahtumat ja tilat ovat rakentaneet tyystin uudenlaista kaupunkikulttuuria.<\/span><\/p>\n<p class=\"p2\"><span class=\"s1\">\u201dRennompi ote kaupungilta on hyv\u00e4. V\u00e4lill\u00e4 on j\u00e4rkev\u00e4mp\u00e4\u00e4 sallia tietty roso, kun taas nollatoleranssi l\u00e4hti siit\u00e4, ettei sallita mit\u00e4\u00e4n. Kun p\u00e4\u00e4simme kauas kieltokulttuurista, koko kaupunkikulttuuri alkoi r\u00f6nsyill\u00e4. Se heijastusvaikutus on n\u00e4kym\u00e4t\u00f6n ty\u00f6voitto ja punainen lanka, joka kytkee n\u00e4m\u00e4 yhteen.\u201d<\/span><\/p>\n<p class=\"p2\"><span class=\"s1\"><b>Artikkeli on toinen osa Jari Tammisen Graffiti \u2013 vastakulttuurista museoiden suosikiksi -juttusarjassa. Sarjan ensimm\u00e4inen osa, Graffiti \u2013 s\u00e4r\u00f6j\u00e4 yhteiskunnan julkisivussa l\u00f6ytyy <a href=\"https:\/\/voima.fi\/hairikot\/artikkeli\/graffiti-saroja-yhteiskunnan-julkisivussa\/\">t\u00e4\u00e4lt\u00e4<\/a>.<br \/>\nStop t\u00f6hryille -hankkeesta lis\u00e4\u00e4 Voiman <a href=\"https:\/\/voima.fi\/arkisto-voima\/kymmenen-harmaata-vuotta\/\">arkistosta<\/a>.<\/b><\/span><\/p>\n<figure id=\"attachment_18767\" aria-describedby=\"caption-attachment-18767\" style=\"width: 2048px\" class=\"wp-caption alignnone\"><img decoding=\"async\" class=\"size-full wp-image-18767\" src=\"https:\/\/voima.fi\/hairikot\/wp-content\/uploads\/sites\/9\/2020\/12\/iistimpacc88acc88-siistimpacc88acc88.jpg\" alt=\"\" width=\"2048\" height=\"1365\" srcset=\"https:\/\/voima.fi\/hairikot\/wp-content\/uploads\/sites\/9\/2020\/12\/iistimpacc88acc88-siistimpacc88acc88.jpg 2048w, https:\/\/voima.fi\/hairikot\/wp-content\/uploads\/sites\/9\/2020\/12\/iistimpacc88acc88-siistimpacc88acc88-600x400.jpg 600w, https:\/\/voima.fi\/hairikot\/wp-content\/uploads\/sites\/9\/2020\/12\/iistimpacc88acc88-siistimpacc88acc88-1024x683.jpg 1024w, https:\/\/voima.fi\/hairikot\/wp-content\/uploads\/sites\/9\/2020\/12\/iistimpacc88acc88-siistimpacc88acc88-768x512.jpg 768w, https:\/\/voima.fi\/hairikot\/wp-content\/uploads\/sites\/9\/2020\/12\/iistimpacc88acc88-siistimpacc88acc88-1536x1024.jpg 1536w, https:\/\/voima.fi\/hairikot\/wp-content\/uploads\/sites\/9\/2020\/12\/iistimpacc88acc88-siistimpacc88acc88-320x213.jpg 320w, https:\/\/voima.fi\/hairikot\/wp-content\/uploads\/sites\/9\/2020\/12\/iistimpacc88acc88-siistimpacc88acc88-200x133.jpg 200w, https:\/\/voima.fi\/hairikot\/wp-content\/uploads\/sites\/9\/2020\/12\/iistimpacc88acc88-siistimpacc88acc88-560x373.jpg 560w, https:\/\/voima.fi\/hairikot\/wp-content\/uploads\/sites\/9\/2020\/12\/iistimpacc88acc88-siistimpacc88acc88-980x653.jpg 980w, https:\/\/voima.fi\/hairikot\/wp-content\/uploads\/sites\/9\/2020\/12\/iistimpacc88acc88-siistimpacc88acc88-300x200.jpg 300w\" sizes=\"(max-width: 2048px) 100vw, 2048px\" \/><figcaption id=\"caption-attachment-18767\" class=\"wp-caption-text\">Jugix2:n teos Iistimp\u00e4\u00e4\/siistimp\u00e4\u00e4 toivottaa metromatkustajat tervetulleiksi It\u00e4-Helsinkiin. Teos on ensimm\u00e4inen, jonka l\u00e4nnest\u00e4 metrolla saapuva n\u00e4kee.<\/figcaption><\/figure>\n","protected":false},"excerpt":{"rendered":"<p>Graffiti saapui Suomeen moniin muihin Euroopan maihin verrattuna hieman j\u00e4lkijunassa. Sen ymp\u00e4rille syntyi kuitenkin 1980-luvun lopulla hyvin innokasta liikehdint\u00e4\u00e4: tekij\u00f6it\u00e4 haastateltiin, kuvasto siirtyi mainoksiin ja teoksia maalattiin ihan luvankin kanssa. Vuonna 1991 Helsingin Kulosaaressa It\u00e4v\u00e4yl\u00e4n varren melumuuriin kaupungin pyynn\u00f6st\u00e4 maalatut graffitit olivat n\u00e4kyv\u00e4 merkki my\u00f6t\u00e4mielisest\u00e4 suhtautumisesta uutta taidemuotoa kohtaan.\u00a0 Asenneilmapiiri muuttui 1990-luvun edetess\u00e4 torjuvammaksi. Todenn\u00e4k\u00f6isesti [&hellip;]<\/p>\n","protected":false},"author":122,"featured_media":18765,"comment_status":"closed","ping_status":"closed","sticky":false,"template":"","format":"standard","meta":{"footnotes":""},"categories":[4],"tags":[2994,620,1087,1252,2993,2992],"yoast_head":"<!-- This site is optimized with the Yoast SEO plugin v22.7 - https:\/\/yoast.com\/wordpress\/plugins\/seo\/ -->\n<title>Graffiti politiikan ja byrokratian py\u00f6rteiss\u00e4 - H\u00e4irik\u00f6t-p\u00e4\u00e4maja<\/title>\n<meta name=\"robots\" content=\"index, follow, max-snippet:-1, max-image-preview:large, max-video-preview:-1\" \/>\n<link rel=\"canonical\" href=\"https:\/\/voima.fi\/hairikot\/artikkeli\/graffiti-politiikan-ja-byrokratian-pyorteissa\/\" \/>\n<meta property=\"og:locale\" content=\"fi_FI\" \/>\n<meta property=\"og:type\" content=\"article\" \/>\n<meta property=\"og:title\" content=\"Graffiti politiikan ja byrokratian py\u00f6rteiss\u00e4 - H\u00e4irik\u00f6t-p\u00e4\u00e4maja\" \/>\n<meta property=\"og:description\" content=\"Graffiti saapui Suomeen moniin muihin Euroopan maihin verrattuna hieman j\u00e4lkijunassa. Sen ymp\u00e4rille syntyi kuitenkin 1980-luvun lopulla hyvin innokasta liikehdint\u00e4\u00e4: tekij\u00f6it\u00e4 haastateltiin, kuvasto siirtyi mainoksiin ja teoksia maalattiin ihan luvankin kanssa. Vuonna 1991 Helsingin Kulosaaressa It\u00e4v\u00e4yl\u00e4n varren melumuuriin kaupungin pyynn\u00f6st\u00e4 maalatut graffitit olivat n\u00e4kyv\u00e4 merkki my\u00f6t\u00e4mielisest\u00e4 suhtautumisesta uutta taidemuotoa kohtaan.\u00a0 Asenneilmapiiri muuttui 1990-luvun edetess\u00e4 torjuvammaksi. Todenn\u00e4k\u00f6isesti [&hellip;]\" \/>\n<meta property=\"og:url\" content=\"https:\/\/voima.fi\/hairikot\/artikkeli\/graffiti-politiikan-ja-byrokratian-pyorteissa\/\" \/>\n<meta property=\"og:site_name\" content=\"H\u00e4irik\u00f6t-p\u00e4\u00e4maja\" \/>\n<meta property=\"article:published_time\" content=\"2020-12-11T15:58:15+00:00\" \/>\n<meta property=\"article:modified_time\" content=\"2020-12-11T16:08:37+00:00\" \/>\n<meta property=\"og:image\" content=\"https:\/\/voima.fi\/hairikot\/wp-content\/uploads\/sites\/9\/2020\/12\/kulis-2017-1-1.jpg\" \/>\n\t<meta property=\"og:image:width\" content=\"1425\" \/>\n\t<meta property=\"og:image:height\" content=\"508\" \/>\n\t<meta property=\"og:image:type\" content=\"image\/jpeg\" \/>\n<meta name=\"author\" content=\"Jari Tamminen\" \/>\n<meta name=\"twitter:card\" content=\"summary_large_image\" \/>\n<meta name=\"twitter:label1\" content=\"Kirjoittanut\" \/>\n\t<meta name=\"twitter:data1\" content=\"Jari Tamminen\" \/>\n\t<meta name=\"twitter:label2\" content=\"Arvioitu lukuaika\" \/>\n\t<meta name=\"twitter:data2\" content=\"7 minuuttia\" \/>\n<script type=\"application\/ld+json\" class=\"yoast-schema-graph\">{\"@context\":\"https:\/\/schema.org\",\"@graph\":[{\"@type\":\"WebPage\",\"@id\":\"https:\/\/voima.fi\/hairikot\/artikkeli\/graffiti-politiikan-ja-byrokratian-pyorteissa\/\",\"url\":\"https:\/\/voima.fi\/hairikot\/artikkeli\/graffiti-politiikan-ja-byrokratian-pyorteissa\/\",\"name\":\"Graffiti politiikan ja byrokratian py\u00f6rteiss\u00e4 - H\u00e4irik\u00f6t-p\u00e4\u00e4maja\",\"isPartOf\":{\"@id\":\"https:\/\/voima.fi\/hairikot\/#website\"},\"primaryImageOfPage\":{\"@id\":\"https:\/\/voima.fi\/hairikot\/artikkeli\/graffiti-politiikan-ja-byrokratian-pyorteissa\/#primaryimage\"},\"image\":{\"@id\":\"https:\/\/voima.fi\/hairikot\/artikkeli\/graffiti-politiikan-ja-byrokratian-pyorteissa\/#primaryimage\"},\"thumbnailUrl\":\"https:\/\/voima.fi\/hairikot\/wp-content\/uploads\/sites\/9\/2020\/12\/kulis-2017-1-1.jpg\",\"datePublished\":\"2020-12-11T15:58:15+00:00\",\"dateModified\":\"2020-12-11T16:08:37+00:00\",\"author\":{\"@id\":\"https:\/\/voima.fi\/hairikot\/#\/schema\/person\/523ff68c19f1381d78529f38bb76e7fe\"},\"breadcrumb\":{\"@id\":\"https:\/\/voima.fi\/hairikot\/artikkeli\/graffiti-politiikan-ja-byrokratian-pyorteissa\/#breadcrumb\"},\"inLanguage\":\"fi\",\"potentialAction\":[{\"@type\":\"ReadAction\",\"target\":[\"https:\/\/voima.fi\/hairikot\/artikkeli\/graffiti-politiikan-ja-byrokratian-pyorteissa\/\"]}]},{\"@type\":\"ImageObject\",\"inLanguage\":\"fi\",\"@id\":\"https:\/\/voima.fi\/hairikot\/artikkeli\/graffiti-politiikan-ja-byrokratian-pyorteissa\/#primaryimage\",\"url\":\"https:\/\/voima.fi\/hairikot\/wp-content\/uploads\/sites\/9\/2020\/12\/kulis-2017-1-1.jpg\",\"contentUrl\":\"https:\/\/voima.fi\/hairikot\/wp-content\/uploads\/sites\/9\/2020\/12\/kulis-2017-1-1.jpg\",\"width\":1425,\"height\":508},{\"@type\":\"BreadcrumbList\",\"@id\":\"https:\/\/voima.fi\/hairikot\/artikkeli\/graffiti-politiikan-ja-byrokratian-pyorteissa\/#breadcrumb\",\"itemListElement\":[{\"@type\":\"ListItem\",\"position\":1,\"name\":\"Home\",\"item\":\"https:\/\/voima.fi\/hairikot\/\"},{\"@type\":\"ListItem\",\"position\":2,\"name\":\"Graffiti politiikan ja byrokratian py\u00f6rteiss\u00e4\"}]},{\"@type\":\"WebSite\",\"@id\":\"https:\/\/voima.fi\/hairikot\/#website\",\"url\":\"https:\/\/voima.fi\/hairikot\/\",\"name\":\"H\u00e4irik\u00f6t-p\u00e4\u00e4maja\",\"description\":\"\",\"potentialAction\":[{\"@type\":\"SearchAction\",\"target\":{\"@type\":\"EntryPoint\",\"urlTemplate\":\"https:\/\/voima.fi\/hairikot\/?s={search_term_string}\"},\"query-input\":\"required name=search_term_string\"}],\"inLanguage\":\"fi\"},{\"@type\":\"Person\",\"@id\":\"https:\/\/voima.fi\/hairikot\/#\/schema\/person\/523ff68c19f1381d78529f38bb76e7fe\",\"name\":\"Jari Tamminen\",\"image\":{\"@type\":\"ImageObject\",\"inLanguage\":\"fi\",\"@id\":\"https:\/\/voima.fi\/hairikot\/#\/schema\/person\/image\/\",\"url\":\"https:\/\/secure.gravatar.com\/avatar\/e5c0bb16f2efc1924afe37fc190f8ce1?s=96&d=blank&r=g\",\"contentUrl\":\"https:\/\/secure.gravatar.com\/avatar\/e5c0bb16f2efc1924afe37fc190f8ce1?s=96&d=blank&r=g\",\"caption\":\"Jari Tamminen\"},\"description\":\"Kulttuurih\u00e4irint\u00e4 on taiteen ja aktivismin j\u00e4nnitt\u00e4v\u00e4\u00e4 lomittumista: odottamaton performanssi katuvilin\u00e4ss\u00e4, vallattuja mainostauluja ja mainosparodioita. Se on k\u00e4site, joka yhdist\u00e4\u00e4 yhteiskunnallista kommentaaria ja luovaa vastarintaa. T\u00e4ss\u00e4 blogissa Voiman Jari Tamminen hahmottaa maailmaa kulttuurih\u00e4irinn\u00e4n n\u00e4k\u00f6kulmasta. Lis\u00e4\u00e4 Tammisen huomioita kulttuurih\u00e4irinn\u00e4st\u00e4 voi lukea Voimasta, H\u00e4irik\u00f6t \u2013 Kulttuurih\u00e4irinn\u00e4n aakkoset -kirjasta ja p\u00e4ivitt\u00e4in osoitteesta www.facebook.com\/hairikot.\",\"sameAs\":[\"http:\/\/www.facebook.com\/hairikot\"],\"url\":\"https:\/\/voima.fi\/hairikot\/artikkeli\/author\/hairikko\/\"}]}<\/script>\n<!-- \/ Yoast SEO plugin. -->","yoast_head_json":{"title":"Graffiti politiikan ja byrokratian py\u00f6rteiss\u00e4 - H\u00e4irik\u00f6t-p\u00e4\u00e4maja","robots":{"index":"index","follow":"follow","max-snippet":"max-snippet:-1","max-image-preview":"max-image-preview:large","max-video-preview":"max-video-preview:-1"},"canonical":"https:\/\/voima.fi\/hairikot\/artikkeli\/graffiti-politiikan-ja-byrokratian-pyorteissa\/","og_locale":"fi_FI","og_type":"article","og_title":"Graffiti politiikan ja byrokratian py\u00f6rteiss\u00e4 - H\u00e4irik\u00f6t-p\u00e4\u00e4maja","og_description":"Graffiti saapui Suomeen moniin muihin Euroopan maihin verrattuna hieman j\u00e4lkijunassa. Sen ymp\u00e4rille syntyi kuitenkin 1980-luvun lopulla hyvin innokasta liikehdint\u00e4\u00e4: tekij\u00f6it\u00e4 haastateltiin, kuvasto siirtyi mainoksiin ja teoksia maalattiin ihan luvankin kanssa. Vuonna 1991 Helsingin Kulosaaressa It\u00e4v\u00e4yl\u00e4n varren melumuuriin kaupungin pyynn\u00f6st\u00e4 maalatut graffitit olivat n\u00e4kyv\u00e4 merkki my\u00f6t\u00e4mielisest\u00e4 suhtautumisesta uutta taidemuotoa kohtaan.\u00a0 Asenneilmapiiri muuttui 1990-luvun edetess\u00e4 torjuvammaksi. Todenn\u00e4k\u00f6isesti [&hellip;]","og_url":"https:\/\/voima.fi\/hairikot\/artikkeli\/graffiti-politiikan-ja-byrokratian-pyorteissa\/","og_site_name":"H\u00e4irik\u00f6t-p\u00e4\u00e4maja","article_published_time":"2020-12-11T15:58:15+00:00","article_modified_time":"2020-12-11T16:08:37+00:00","og_image":[{"width":1425,"height":508,"url":"https:\/\/voima.fi\/hairikot\/wp-content\/uploads\/sites\/9\/2020\/12\/kulis-2017-1-1.jpg","type":"image\/jpeg"}],"author":"Jari Tamminen","twitter_card":"summary_large_image","twitter_misc":{"Kirjoittanut":"Jari Tamminen","Arvioitu lukuaika":"7 minuuttia"},"schema":{"@context":"https:\/\/schema.org","@graph":[{"@type":"WebPage","@id":"https:\/\/voima.fi\/hairikot\/artikkeli\/graffiti-politiikan-ja-byrokratian-pyorteissa\/","url":"https:\/\/voima.fi\/hairikot\/artikkeli\/graffiti-politiikan-ja-byrokratian-pyorteissa\/","name":"Graffiti politiikan ja byrokratian py\u00f6rteiss\u00e4 - H\u00e4irik\u00f6t-p\u00e4\u00e4maja","isPartOf":{"@id":"https:\/\/voima.fi\/hairikot\/#website"},"primaryImageOfPage":{"@id":"https:\/\/voima.fi\/hairikot\/artikkeli\/graffiti-politiikan-ja-byrokratian-pyorteissa\/#primaryimage"},"image":{"@id":"https:\/\/voima.fi\/hairikot\/artikkeli\/graffiti-politiikan-ja-byrokratian-pyorteissa\/#primaryimage"},"thumbnailUrl":"https:\/\/voima.fi\/hairikot\/wp-content\/uploads\/sites\/9\/2020\/12\/kulis-2017-1-1.jpg","datePublished":"2020-12-11T15:58:15+00:00","dateModified":"2020-12-11T16:08:37+00:00","author":{"@id":"https:\/\/voima.fi\/hairikot\/#\/schema\/person\/523ff68c19f1381d78529f38bb76e7fe"},"breadcrumb":{"@id":"https:\/\/voima.fi\/hairikot\/artikkeli\/graffiti-politiikan-ja-byrokratian-pyorteissa\/#breadcrumb"},"inLanguage":"fi","potentialAction":[{"@type":"ReadAction","target":["https:\/\/voima.fi\/hairikot\/artikkeli\/graffiti-politiikan-ja-byrokratian-pyorteissa\/"]}]},{"@type":"ImageObject","inLanguage":"fi","@id":"https:\/\/voima.fi\/hairikot\/artikkeli\/graffiti-politiikan-ja-byrokratian-pyorteissa\/#primaryimage","url":"https:\/\/voima.fi\/hairikot\/wp-content\/uploads\/sites\/9\/2020\/12\/kulis-2017-1-1.jpg","contentUrl":"https:\/\/voima.fi\/hairikot\/wp-content\/uploads\/sites\/9\/2020\/12\/kulis-2017-1-1.jpg","width":1425,"height":508},{"@type":"BreadcrumbList","@id":"https:\/\/voima.fi\/hairikot\/artikkeli\/graffiti-politiikan-ja-byrokratian-pyorteissa\/#breadcrumb","itemListElement":[{"@type":"ListItem","position":1,"name":"Home","item":"https:\/\/voima.fi\/hairikot\/"},{"@type":"ListItem","position":2,"name":"Graffiti politiikan ja byrokratian py\u00f6rteiss\u00e4"}]},{"@type":"WebSite","@id":"https:\/\/voima.fi\/hairikot\/#website","url":"https:\/\/voima.fi\/hairikot\/","name":"H\u00e4irik\u00f6t-p\u00e4\u00e4maja","description":"","potentialAction":[{"@type":"SearchAction","target":{"@type":"EntryPoint","urlTemplate":"https:\/\/voima.fi\/hairikot\/?s={search_term_string}"},"query-input":"required name=search_term_string"}],"inLanguage":"fi"},{"@type":"Person","@id":"https:\/\/voima.fi\/hairikot\/#\/schema\/person\/523ff68c19f1381d78529f38bb76e7fe","name":"Jari Tamminen","image":{"@type":"ImageObject","inLanguage":"fi","@id":"https:\/\/voima.fi\/hairikot\/#\/schema\/person\/image\/","url":"https:\/\/secure.gravatar.com\/avatar\/e5c0bb16f2efc1924afe37fc190f8ce1?s=96&d=blank&r=g","contentUrl":"https:\/\/secure.gravatar.com\/avatar\/e5c0bb16f2efc1924afe37fc190f8ce1?s=96&d=blank&r=g","caption":"Jari Tamminen"},"description":"Kulttuurih\u00e4irint\u00e4 on taiteen ja aktivismin j\u00e4nnitt\u00e4v\u00e4\u00e4 lomittumista: odottamaton performanssi katuvilin\u00e4ss\u00e4, vallattuja mainostauluja ja mainosparodioita. Se on k\u00e4site, joka yhdist\u00e4\u00e4 yhteiskunnallista kommentaaria ja luovaa vastarintaa. T\u00e4ss\u00e4 blogissa Voiman Jari Tamminen hahmottaa maailmaa kulttuurih\u00e4irinn\u00e4n n\u00e4k\u00f6kulmasta. Lis\u00e4\u00e4 Tammisen huomioita kulttuurih\u00e4irinn\u00e4st\u00e4 voi lukea Voimasta, H\u00e4irik\u00f6t \u2013 Kulttuurih\u00e4irinn\u00e4n aakkoset -kirjasta ja p\u00e4ivitt\u00e4in osoitteesta www.facebook.com\/hairikot.","sameAs":["http:\/\/www.facebook.com\/hairikot"],"url":"https:\/\/voima.fi\/hairikot\/artikkeli\/author\/hairikko\/"}]}},"enclosure":{"image":"https:\/\/voima.fi\/hairikot\/wp-content\/uploads\/sites\/9\/2020\/12\/kulis-2017-1-1.jpg"},"meta:avatar":"","geolocation":[],"meta:youtube":null,"meta:vimeo":null,"meta:duration":null,"_links":{"self":[{"href":"https:\/\/voima.fi\/hairikot\/wp-json\/wp\/v2\/posts\/18755"}],"collection":[{"href":"https:\/\/voima.fi\/hairikot\/wp-json\/wp\/v2\/posts"}],"about":[{"href":"https:\/\/voima.fi\/hairikot\/wp-json\/wp\/v2\/types\/post"}],"author":[{"embeddable":true,"href":"https:\/\/voima.fi\/hairikot\/wp-json\/wp\/v2\/users\/122"}],"replies":[{"embeddable":true,"href":"https:\/\/voima.fi\/hairikot\/wp-json\/wp\/v2\/comments?post=18755"}],"version-history":[{"count":5,"href":"https:\/\/voima.fi\/hairikot\/wp-json\/wp\/v2\/posts\/18755\/revisions"}],"predecessor-version":[{"id":18772,"href":"https:\/\/voima.fi\/hairikot\/wp-json\/wp\/v2\/posts\/18755\/revisions\/18772"}],"wp:featuredmedia":[{"embeddable":true,"href":"https:\/\/voima.fi\/hairikot\/wp-json\/wp\/v2\/media\/18765"}],"wp:attachment":[{"href":"https:\/\/voima.fi\/hairikot\/wp-json\/wp\/v2\/media?parent=18755"}],"wp:term":[{"taxonomy":"category","embeddable":true,"href":"https:\/\/voima.fi\/hairikot\/wp-json\/wp\/v2\/categories?post=18755"},{"taxonomy":"post_tag","embeddable":true,"href":"https:\/\/voima.fi\/hairikot\/wp-json\/wp\/v2\/tags?post=18755"}],"curies":[{"name":"wp","href":"https:\/\/api.w.org\/{rel}","templated":true}]}}