{"id":18193,"date":"2020-06-17T14:25:42","date_gmt":"2020-06-17T11:25:42","guid":{"rendered":"http:\/\/voima.fi\/hairikot\/?post_type=blogi&#038;p=18193"},"modified":"2020-08-10T14:01:09","modified_gmt":"2020-08-10T11:01:09","slug":"vapaustaistelijoita-ja-terroristeja","status":"publish","type":"post","link":"https:\/\/voima.fi\/hairikot\/artikkeli\/vapaustaistelijoita-ja-terroristeja\/","title":{"rendered":"Vapaustaistelijoita ja terroristeja"},"content":{"rendered":"<div class=\"lowres-featured-image\"><img decoding=\"async\" width=\"994\" height=\"687\" src=\"https:\/\/voima.fi\/hairikot\/wp-content\/uploads\/sites\/9\/2020\/08\/The-North-Syria-paitta.png\" class=\"attachment-full size-full wp-post-image\" alt=\"\" srcset=\"https:\/\/voima.fi\/hairikot\/wp-content\/uploads\/sites\/9\/2020\/08\/The-North-Syria-paitta.png 994w, https:\/\/voima.fi\/hairikot\/wp-content\/uploads\/sites\/9\/2020\/08\/The-North-Syria-paitta-600x415.png 600w, https:\/\/voima.fi\/hairikot\/wp-content\/uploads\/sites\/9\/2020\/08\/The-North-Syria-paitta-768x531.png 768w, https:\/\/voima.fi\/hairikot\/wp-content\/uploads\/sites\/9\/2020\/08\/The-North-Syria-paitta-320x221.png 320w, https:\/\/voima.fi\/hairikot\/wp-content\/uploads\/sites\/9\/2020\/08\/The-North-Syria-paitta-200x138.png 200w, https:\/\/voima.fi\/hairikot\/wp-content\/uploads\/sites\/9\/2020\/08\/The-North-Syria-paitta-560x387.png 560w, https:\/\/voima.fi\/hairikot\/wp-content\/uploads\/sites\/9\/2020\/08\/The-North-Syria-paitta-980x677.png 980w, https:\/\/voima.fi\/hairikot\/wp-content\/uploads\/sites\/9\/2020\/08\/The-North-Syria-paitta-300x207.png 300w\" sizes=\"(max-width: 994px) 100vw, 994px\" \/><p class=\"ylakuvateksti\"><\/p><\/div><p class=\"p1\"><i>Turkki pommitti j\u00e4lleen terroristeiksi nimitt\u00e4mi\u00e4\u00e4n kurdeja pohjois-Irakissa. Samoja kurdeja on ylistetty taistelusta Saddam Husseinia ja Isisi\u00e4 vastaan.<\/i><\/p>\n<p class=\"p1\"><b>Turkin ilmavoimien<\/b> koneet pommittivat kes\u00e4kuun 15. p\u00e4iv\u00e4n\u00e4 yhteens\u00e4 81 kohdetta pohjoisessa Irakissa. Normaaliin tapaan maan puolustusministeri\u00f6<span class=\"Apple-converted-space\">\u00a0 <\/span>ilmoitti iskujen kohdistuneen \u201dterroristeihin\u201d.<\/p>\n<p class=\"p1\">Viel\u00e4 hetki sitten n\u00e4it\u00e4 kurdeja ylistettiin ymp\u00e4ri maailman siit\u00e4, ett\u00e4 he olivat tampanneet terroristij\u00e4rjest\u00f6 Isisin maan rakoon. Vuosituhannen taitteessa he saivat osakseen suitsustusta ja tukea taistellessaan Saddam Husseini hirmuhallintoa vastaan.<\/p>\n<p>Suomalaiset ovat kouluttaneet aivan viime aikoina n\u00e4it\u00e4 samoja kurditaistelijoita Irakissa osana kriisinhallintaoperaatiota.<\/p>\n<figure id=\"attachment_14839\" aria-describedby=\"caption-attachment-14839\" style=\"width: 300px\" class=\"wp-caption alignright\"><img decoding=\"async\" class=\" wp-image-14839\" src=\"https:\/\/voima.fi\/hairikot\/wp-content\/uploads\/sites\/9\/2020\/06\/Irakin-lentokieltoalueet.png\" alt=\"\" width=\"300\" height=\"323\" \/><figcaption id=\"caption-attachment-14839\" class=\"wp-caption-text\">Irakin lentokieltoalueet ehtiv\u00e4t olla voimassa hieman yli 12 vuoden ajan maaliskuusta 1991 maaliskuuhun 2003.<\/figcaption><\/figure>\n<p class=\"p1\">Yst\u00e4v\u00e4ni paikallisti 2000-luvun alussa kurdien tilanteen hulluuden juuri Turkin ja Irakin v\u00e4liseen rajaan, jonka etel\u00e4puolella yll\u00e4pidettiin lentokieltoaluetta Irakin viimeisimpien sotien v\u00e4lill\u00e4. H\u00e4n totesi, ett\u00e4 kurdit ovat ainoa kansa, jota Nato yht\u00e4 aikaa suojelee ja pommittaa.<\/p>\n<p class=\"p1\">Eli Pohjois-Irakissa kurdit olivat Saddamia vastustavia sankareita ja Naton lentokoneet suojelivat heit\u00e4 (toki t\u00e4h\u00e4n liittyi paljon ongelmia, ei menn\u00e4 niihin nyt). Samaan aikaan rajan pohjoispuolella Nato-maa Turkin koneet puolestaan pommittivat samoja kurdeja.<\/p>\n<p>Naton vinkkelista kurdit olivat samaan aikaan sek\u00e4 liittolaisia ett\u00e4 vihollisia. <em>Schr\u00f6dinger much?<\/em><\/p>\n<p class=\"p1\">T\u00e4m\u00e4 sama hulluus n\u00e4kyi my\u00f6s vuonna 2019, kun presidentti Trump p\u00e4\u00e4tti yll\u00e4tt\u00e4en vet\u00e4\u00e4 maansa joukot Syyriasta. P\u00e4\u00e4t\u00f6ksell\u00e4\u00e4n h\u00e4n j\u00e4tti kurdiliittolaisensa ilman suojaa ja Turkki hy\u00f6dynsikin tilanteen aikailematta ja hy\u00f6kk\u00e4si kurdien kimppuun.<\/p>\n<p class=\"p1\">Samalla, kun Turkin joukot taistelevat asein kurdeja vastaan rajojensa sis\u00e4- ja ulkopuolella on maassa muuten sy\u00f6sty vallasta kurdipormestareita ja parlamenttiin \u00e4\u00e4nestettyj\u00e4 kansanedustajia on pid\u00e4tetty.<\/p>\n<figure id=\"attachment_14473\" aria-describedby=\"caption-attachment-14473\" style=\"width: 420px\" class=\"wp-caption alignright\"><img decoding=\"async\" class=\" wp-image-14473\" src=\"https:\/\/voima.fi\/hairikot\/wp-content\/uploads\/sites\/9\/2019\/11\/Apua-vastis.jpg\" alt=\"\" width=\"420\" height=\"614\" \/><figcaption id=\"caption-attachment-14473\" class=\"wp-caption-text\">Vuonna 2009 ulkoministeri Alexander Stubb (kok.) kertoi haliavansa Suomesta rauhanv\u00e4litt\u00e4misen suurvallan. Samaa ovat toivoneet monet muutkin, ja presidentti Ahtisaaren ty\u00f6t\u00e4 tyk\u00e4t\u00e4\u00e4n tietenkin ylist\u00e4\u00e4.<br \/>Rauhanty\u00f6 kuitenkin vaatii resursseja \u2013 joskin paljon v\u00e4hemm\u00e4n kuin sotiminen \u2013 ja m\u00e4\u00e4r\u00e4tietoisuutta. My\u00f6s johdonmukaisuus tukisi sit\u00e4. Johdonmukaisuuden puutetta osoittaa, ett\u00e4 viime vuosina rauhanj\u00e4rjest\u00f6jen tukia on leikattu toistuvasti.<br \/>Timo Soinin (ps.\/sin.) alaisuudessa ulkoministeri\u00f6 leikkasi rauhaa ja turvallisuutta tutkivan ajatushautomo SaferGloben yleisrahoituksen kokonaan. Leikattuaan SaferGloben rahat Soini ilmoitti, ett\u00e4 Suomi ja Turkki jakavat yhteiset demokraattiset arvot.<br \/>Viel\u00e4 syksyll\u00e4 2019 Anti Rinteen (sdp.) hallitus my\u00f6nsi aseidenvientiluvan Turkkiin. Pian t\u00e4m\u00e4n j\u00e4lkeen Turkki hy\u00f6kk\u00e4si kurdiv\u00e4est\u00f6n kimppuun Pohjois-Syyriassa.Kenellek\u00e4\u00e4n kansainv\u00e4list\u00e4 politiikkaa edes pintapuolisesti seuraavalle Turkin kurdeihin kohdistama aggressio ei ole voinut tulla yll\u00e4tyksen\u00e4.<br \/>On vaikea olla n\u00e4kem\u00e4tt\u00e4 ristiriitaa siin\u00e4, ett\u00e4 Suomi samalla juhlii itse itse\u00e4\u00e4n rauhan suurvaltana ja leikkaa rauhanty\u00f6n resursseja. Viel\u00e4 r\u00e4ike\u00e4mm\u00e4ksi ristiriidan tekee se, ett\u00e4 Suomen valtion merkitt\u00e4vilt\u00e4 osin omistamien Patrian ja Lapuan kaltaiset asekauppiaat myyv\u00e4t aseita konfliktialueille ja hallituksille, jotka viis veisaavat ihmisoikeuksista.<\/figcaption><\/figure>\n<p class=\"p1\"><strong>Meihin t\u00e4m\u00e4 <\/strong>kaikki liittyy monella tavalla. Turkki on esimerkiksi\u00a0ollut merkitt\u00e4v\u00e4 kauppakumppani suomalaiselle aseteollisuudelle. Maa on ollut viime vuosina Suomen suurin asekauppakumppani yhdess\u00e4 Arabiemiraattien kanssa.<\/p>\n<p class=\"p1\">Turkin hy\u00f6k\u00e4tty\u00e4 Pohjois-Syyriaan vuonna 2019 Suomen hallitus linjasi, ett\u00e4 uusia aseidenvientilupia maahan ei en\u00e4\u00e4 my\u00f6nnet\u00e4. T\u00e4st\u00e4 huolimatta aseita ja asetarvikkeita on virrannut Suomesta Turkkiin tuon j\u00e4lkeenkin: aikaisemmin my\u00f6nnettyj\u00e4 vientilupia ei n\u00e4et ole peruttu. Suomalaista asekauppaa seuraavan ja tutkivan SaferGlobe <strong>Kari Paasonen<\/strong> <a href=\"https:\/\/hairikot.voima.fi\/artikkeli\/asekauppa-kannattaa\/\">kommentoi t\u00e4t\u00e4<\/a>.<\/p>\n<p class=\"p3\"><span class=\"s1\">\u201dSuomen laki sanoo, ett\u00e4 lupa voidaan perua, jos tilanne muuttuu merkitt\u00e4v\u00e4sti. N\u00e4in ei kuitenkaan oikeastaan tehd\u00e4. Jos katsotaan asiaa konfliktin jatkumisen ja ihmisoikeuksien n\u00e4k\u00f6kulmasta, my\u00f6s t\u00e4m\u00e4 voi vaikuttaa kummalliselta.\u201d<\/span><\/p>\n<p class=\"p4\"><span class=\"s1\">\u201dJos uudet luvat j\u00e4tet\u00e4\u00e4n my\u00f6nt\u00e4m\u00e4tt\u00e4 siksi, ett\u00e4 ei haluta vied\u00e4 sotatuotteita sotaa k\u00e4yv\u00e4\u00e4n maahan, niin silloin tuntuisi loogiselta, ett\u00e4 jo my\u00f6nnetyt luvat peruttaisiin. Ilmeinen syy olla perumatta lupia on, ett\u00e4 aseteollisuus vastustaa t\u00e4t\u00e4\u201d, Paasonen jatkoi edelleen.<\/span><\/p>\n<p class=\"p4\"><span class=\"s1\"><strong>Suomalaisten aseiden<\/strong> ohella my\u00f6s suomalaiset <a href=\"https:\/\/hairikot.voima.fi\/artikkeli\/sotalomat-turkissa\/\">turistit ovat kelvanneet Turkille.<\/a> Matkailu onkin yksi maan merkitt\u00e4vimmist\u00e4 tulonl\u00e4hteist\u00e4 ja turistien tuomille rahoille onkin k\u00e4ytt\u00f6\u00e4 koska esimerkiksi sotiminen on tunnetusti kallista puuhaa.\u00a0<\/span><\/p>\n<p class=\"p4\"><span class=\"s1\">Toukokuussa Turkin ulkoministeri\u00f6 <a href=\"https:\/\/yle.fi\/uutiset\/3-11356848\" class=\"external\" rel=\"nofollow\">l\u00e4hestyikin<\/a> kymmeni\u00e4 maita, my\u00f6s Suomea, kirjeitse ja ja toivotteli turisteja tervetulleiksi viel\u00e4 t\u00e4n\u00e4 kes\u00e4n\u00e4. Kiirehtiminen on ymm\u00e4rrett\u00e4v\u00e4\u00e4, sill\u00e4 turismi on tuonut maahan arviolta 30 miljardin euron tulot vuosittain ja korona on pist\u00e4nyt nuo rahahanat kiinni.<\/span><\/p>\n<figure id=\"attachment_14716\" aria-describedby=\"caption-attachment-14716\" style=\"width: 420px\" class=\"wp-caption alignright\"><img decoding=\"async\" class=\" wp-image-14716\" src=\"https:\/\/voima.fi\/hairikot\/wp-content\/uploads\/sites\/9\/2020\/03\/Trrkish-Airways-vastis.jpg\" alt=\"\" width=\"420\" height=\"611\" \/><figcaption id=\"caption-attachment-14716\" class=\"wp-caption-text\">Kuluttajille tulee helposti kiusaus olla miettim\u00e4tt\u00e4 kulutusp\u00e4\u00e4t\u00f6ksiin liittyvi\u00e4 laajempia kysymyksi\u00e4. Onko esimerkiksi hyv\u00e4ksytt\u00e4v\u00e4\u00e4 lomailla sellaisessa maassa, joka polkee ihmisoikeuksia? Turismi on ollut pitk\u00e4\u00e4n Turkin valtiolle merkitt\u00e4v\u00e4 tulonl\u00e4hde ja niill\u00e4 tuloilla on osaltaan taas rahoitettu loputonta sotaa kurdeja vastaan.<br \/>Mik\u00e4 on Turkin-lomia varaavien turistien vastuu t\u00e4ss\u00e4 prosessissa?<\/figcaption><\/figure>\n<p class=\"p4\"><span class=\"s1\">Turismiin liittyy palj<\/span><span class=\"s1\">on ongelmia, joista monista on viime vuosina puhuttu paljonkin. Barcelonan ja Berliinin kaltaisissa kaupungeissa turistit ovat tallanneet paikalliset jalkoihinsa ja \u201daitoja\u201d kokemuksia hakevat matkalaiset ovat pumpanneet asumisen hintaa yl\u00f6s. Toisaalta turismiin liittyv\u00e4 lentomatkailu ja sen p\u00e4\u00e4st\u00f6t ovat ylitsep\u00e4\u00e4sem\u00e4t\u00f6n ongelma.<\/span><\/p>\n<p class=\"p4\"><span class=\"s1\">Paikalliskulttuurin ja ymp\u00e4rist\u00f6ongelmien ohella olisi hyv\u00e4 huomioida my\u00f6s se, mit\u00e4 matkoille j\u00e4tetyt eurot tukevat. Niin kauan, kun Turkilla riitt\u00e4\u00e4 rahaa lenn\u00e4tt\u00e4\u00e4 h\u00e4vitt\u00e4ji\u00e4, nuo h\u00e4vitt\u00e4j\u00e4t my\u00f6s lent\u00e4v\u00e4t, eik\u00e4 esimerkiksi EU:n protestoinneilla ole ollut kummoistakaan painoarvoa. <\/span><\/p>\n<p class=\"p4\"><span class=\"s1\">Ei ole tyystin v\u00e4\u00e4rin sanoa, ett\u00e4 kun turistit lent\u00e4v\u00e4t, my\u00f6s h\u00e4vitt\u00e4j\u00e4t lent\u00e4v\u00e4t. Mik\u00e4li turistit j\u00e4tt\u00e4isiv\u00e4t palaamatta Turkkiin ja ilmoittaisivat syyksi haluttomuuden tukea maan sotaisaa politiikkaa, saatettaisiin viesti\u00e4 jopa kuunnella. <\/span><\/p>\n<p class=\"p4\"><span class=\"s1\">Ja niin, tietenk\u00e4\u00e4n Turkki ei ole alkuunkaan ainoa suomalaisten suosima matkakohde, jonka ihmisoikeustilanne on hirvitt\u00e4v\u00e4.<\/span><\/p>\n<figure id=\"attachment_14838\" aria-describedby=\"caption-attachment-14838\" style=\"width: 994px\" class=\"wp-caption aligncenter\"><img decoding=\"async\" class=\"size-full wp-image-14838\" src=\"https:\/\/voima.fi\/hairikot\/wp-content\/uploads\/sites\/9\/2020\/06\/The-North-Syria-paitta.png\" alt=\"\" width=\"994\" height=\"687\" \/><figcaption id=\"caption-attachment-14838\" class=\"wp-caption-text\">Vaatteet on mun aatteet. Pohjois-Syyrian tilannetta on kommentoitu perinteiseen tapaan t-paitojen printeiss\u00e4. My\u00f6s logoparodioita on n\u00e4hty, ohessa The North Face -br\u00e4ndist\u00e4.<\/figcaption><\/figure>\n","protected":false},"excerpt":{"rendered":"<p>Turkki pommitti j\u00e4lleen terroristeiksi nimitt\u00e4mi\u00e4\u00e4n kurdeja pohjois-Irakissa. Samoja kurdeja on ylistetty taistelusta Saddam Husseinia ja Isisi\u00e4 vastaan. Turkin ilmavoimien koneet pommittivat kes\u00e4kuun 15. p\u00e4iv\u00e4n\u00e4 yhteens\u00e4 81 kohdetta pohjoisessa Irakissa. Normaaliin tapaan maan puolustusministeri\u00f6\u00a0 ilmoitti iskujen kohdistuneen \u201dterroristeihin\u201d. Viel\u00e4 hetki sitten n\u00e4it\u00e4 kurdeja ylistettiin ymp\u00e4ri maailman siit\u00e4, ett\u00e4 he olivat tampanneet terroristij\u00e4rjest\u00f6 Isisin maan rakoon. Vuosituhannen [&hellip;]<\/p>\n","protected":false},"author":122,"featured_media":18194,"comment_status":"open","ping_status":"open","sticky":false,"template":"","format":"standard","meta":{"footnotes":""},"categories":[],"tags":[],"yoast_head":"<!-- This site is optimized with the Yoast SEO plugin v22.7 - https:\/\/yoast.com\/wordpress\/plugins\/seo\/ -->\n<title>Vapaustaistelijoita ja terroristeja - H\u00e4irik\u00f6t-p\u00e4\u00e4maja<\/title>\n<meta name=\"robots\" content=\"index, follow, max-snippet:-1, max-image-preview:large, max-video-preview:-1\" \/>\n<link rel=\"canonical\" href=\"https:\/\/voima.fi\/hairikot\/artikkeli\/vapaustaistelijoita-ja-terroristeja\/\" \/>\n<meta property=\"og:locale\" content=\"fi_FI\" \/>\n<meta property=\"og:type\" content=\"article\" \/>\n<meta property=\"og:title\" content=\"Vapaustaistelijoita ja terroristeja - H\u00e4irik\u00f6t-p\u00e4\u00e4maja\" \/>\n<meta property=\"og:description\" content=\"Turkki pommitti j\u00e4lleen terroristeiksi nimitt\u00e4mi\u00e4\u00e4n kurdeja pohjois-Irakissa. Samoja kurdeja on ylistetty taistelusta Saddam Husseinia ja Isisi\u00e4 vastaan. Turkin ilmavoimien koneet pommittivat kes\u00e4kuun 15. p\u00e4iv\u00e4n\u00e4 yhteens\u00e4 81 kohdetta pohjoisessa Irakissa. Normaaliin tapaan maan puolustusministeri\u00f6\u00a0 ilmoitti iskujen kohdistuneen \u201dterroristeihin\u201d. Viel\u00e4 hetki sitten n\u00e4it\u00e4 kurdeja ylistettiin ymp\u00e4ri maailman siit\u00e4, ett\u00e4 he olivat tampanneet terroristij\u00e4rjest\u00f6 Isisin maan rakoon. Vuosituhannen [&hellip;]\" \/>\n<meta property=\"og:url\" content=\"https:\/\/voima.fi\/hairikot\/artikkeli\/vapaustaistelijoita-ja-terroristeja\/\" \/>\n<meta property=\"og:site_name\" content=\"H\u00e4irik\u00f6t-p\u00e4\u00e4maja\" \/>\n<meta property=\"article:published_time\" content=\"2020-06-17T11:25:42+00:00\" \/>\n<meta property=\"article:modified_time\" content=\"2020-08-10T11:01:09+00:00\" \/>\n<meta property=\"og:image\" content=\"https:\/\/voima.fi\/hairikot\/wp-content\/uploads\/sites\/9\/2020\/08\/The-North-Syria-paitta.png\" \/>\n\t<meta property=\"og:image:width\" content=\"994\" \/>\n\t<meta property=\"og:image:height\" content=\"687\" \/>\n\t<meta property=\"og:image:type\" content=\"image\/png\" \/>\n<meta name=\"author\" content=\"Jari Tamminen\" \/>\n<meta name=\"twitter:card\" content=\"summary_large_image\" \/>\n<meta name=\"twitter:label1\" content=\"Kirjoittanut\" \/>\n\t<meta name=\"twitter:data1\" content=\"Jari Tamminen\" \/>\n\t<meta name=\"twitter:label2\" content=\"Arvioitu lukuaika\" \/>\n\t<meta name=\"twitter:data2\" content=\"5 minuuttia\" \/>\n<script type=\"application\/ld+json\" class=\"yoast-schema-graph\">{\"@context\":\"https:\/\/schema.org\",\"@graph\":[{\"@type\":\"WebPage\",\"@id\":\"https:\/\/voima.fi\/hairikot\/artikkeli\/vapaustaistelijoita-ja-terroristeja\/\",\"url\":\"https:\/\/voima.fi\/hairikot\/artikkeli\/vapaustaistelijoita-ja-terroristeja\/\",\"name\":\"Vapaustaistelijoita ja terroristeja - H\u00e4irik\u00f6t-p\u00e4\u00e4maja\",\"isPartOf\":{\"@id\":\"https:\/\/voima.fi\/hairikot\/#website\"},\"primaryImageOfPage\":{\"@id\":\"https:\/\/voima.fi\/hairikot\/artikkeli\/vapaustaistelijoita-ja-terroristeja\/#primaryimage\"},\"image\":{\"@id\":\"https:\/\/voima.fi\/hairikot\/artikkeli\/vapaustaistelijoita-ja-terroristeja\/#primaryimage\"},\"thumbnailUrl\":\"https:\/\/voima.fi\/hairikot\/wp-content\/uploads\/sites\/9\/2020\/08\/The-North-Syria-paitta.png\",\"datePublished\":\"2020-06-17T11:25:42+00:00\",\"dateModified\":\"2020-08-10T11:01:09+00:00\",\"author\":{\"@id\":\"https:\/\/voima.fi\/hairikot\/#\/schema\/person\/523ff68c19f1381d78529f38bb76e7fe\"},\"breadcrumb\":{\"@id\":\"https:\/\/voima.fi\/hairikot\/artikkeli\/vapaustaistelijoita-ja-terroristeja\/#breadcrumb\"},\"inLanguage\":\"fi\",\"potentialAction\":[{\"@type\":\"ReadAction\",\"target\":[\"https:\/\/voima.fi\/hairikot\/artikkeli\/vapaustaistelijoita-ja-terroristeja\/\"]}]},{\"@type\":\"ImageObject\",\"inLanguage\":\"fi\",\"@id\":\"https:\/\/voima.fi\/hairikot\/artikkeli\/vapaustaistelijoita-ja-terroristeja\/#primaryimage\",\"url\":\"https:\/\/voima.fi\/hairikot\/wp-content\/uploads\/sites\/9\/2020\/08\/The-North-Syria-paitta.png\",\"contentUrl\":\"https:\/\/voima.fi\/hairikot\/wp-content\/uploads\/sites\/9\/2020\/08\/The-North-Syria-paitta.png\",\"width\":994,\"height\":687},{\"@type\":\"BreadcrumbList\",\"@id\":\"https:\/\/voima.fi\/hairikot\/artikkeli\/vapaustaistelijoita-ja-terroristeja\/#breadcrumb\",\"itemListElement\":[{\"@type\":\"ListItem\",\"position\":1,\"name\":\"Home\",\"item\":\"https:\/\/voima.fi\/hairikot\/\"},{\"@type\":\"ListItem\",\"position\":2,\"name\":\"Vapaustaistelijoita ja terroristeja\"}]},{\"@type\":\"WebSite\",\"@id\":\"https:\/\/voima.fi\/hairikot\/#website\",\"url\":\"https:\/\/voima.fi\/hairikot\/\",\"name\":\"H\u00e4irik\u00f6t-p\u00e4\u00e4maja\",\"description\":\"\",\"potentialAction\":[{\"@type\":\"SearchAction\",\"target\":{\"@type\":\"EntryPoint\",\"urlTemplate\":\"https:\/\/voima.fi\/hairikot\/?s={search_term_string}\"},\"query-input\":\"required name=search_term_string\"}],\"inLanguage\":\"fi\"},{\"@type\":\"Person\",\"@id\":\"https:\/\/voima.fi\/hairikot\/#\/schema\/person\/523ff68c19f1381d78529f38bb76e7fe\",\"name\":\"Jari Tamminen\",\"image\":{\"@type\":\"ImageObject\",\"inLanguage\":\"fi\",\"@id\":\"https:\/\/voima.fi\/hairikot\/#\/schema\/person\/image\/\",\"url\":\"https:\/\/secure.gravatar.com\/avatar\/e5c0bb16f2efc1924afe37fc190f8ce1?s=96&d=blank&r=g\",\"contentUrl\":\"https:\/\/secure.gravatar.com\/avatar\/e5c0bb16f2efc1924afe37fc190f8ce1?s=96&d=blank&r=g\",\"caption\":\"Jari Tamminen\"},\"description\":\"Kulttuurih\u00e4irint\u00e4 on taiteen ja aktivismin j\u00e4nnitt\u00e4v\u00e4\u00e4 lomittumista: odottamaton performanssi katuvilin\u00e4ss\u00e4, vallattuja mainostauluja ja mainosparodioita. Se on k\u00e4site, joka yhdist\u00e4\u00e4 yhteiskunnallista kommentaaria ja luovaa vastarintaa. T\u00e4ss\u00e4 blogissa Voiman Jari Tamminen hahmottaa maailmaa kulttuurih\u00e4irinn\u00e4n n\u00e4k\u00f6kulmasta. Lis\u00e4\u00e4 Tammisen huomioita kulttuurih\u00e4irinn\u00e4st\u00e4 voi lukea Voimasta, H\u00e4irik\u00f6t \u2013 Kulttuurih\u00e4irinn\u00e4n aakkoset -kirjasta ja p\u00e4ivitt\u00e4in osoitteesta www.facebook.com\/hairikot.\",\"sameAs\":[\"http:\/\/www.facebook.com\/hairikot\"],\"url\":\"https:\/\/voima.fi\/hairikot\/artikkeli\/author\/hairikko\/\"}]}<\/script>\n<!-- \/ Yoast SEO plugin. -->","yoast_head_json":{"title":"Vapaustaistelijoita ja terroristeja - H\u00e4irik\u00f6t-p\u00e4\u00e4maja","robots":{"index":"index","follow":"follow","max-snippet":"max-snippet:-1","max-image-preview":"max-image-preview:large","max-video-preview":"max-video-preview:-1"},"canonical":"https:\/\/voima.fi\/hairikot\/artikkeli\/vapaustaistelijoita-ja-terroristeja\/","og_locale":"fi_FI","og_type":"article","og_title":"Vapaustaistelijoita ja terroristeja - H\u00e4irik\u00f6t-p\u00e4\u00e4maja","og_description":"Turkki pommitti j\u00e4lleen terroristeiksi nimitt\u00e4mi\u00e4\u00e4n kurdeja pohjois-Irakissa. Samoja kurdeja on ylistetty taistelusta Saddam Husseinia ja Isisi\u00e4 vastaan. Turkin ilmavoimien koneet pommittivat kes\u00e4kuun 15. p\u00e4iv\u00e4n\u00e4 yhteens\u00e4 81 kohdetta pohjoisessa Irakissa. Normaaliin tapaan maan puolustusministeri\u00f6\u00a0 ilmoitti iskujen kohdistuneen \u201dterroristeihin\u201d. Viel\u00e4 hetki sitten n\u00e4it\u00e4 kurdeja ylistettiin ymp\u00e4ri maailman siit\u00e4, ett\u00e4 he olivat tampanneet terroristij\u00e4rjest\u00f6 Isisin maan rakoon. Vuosituhannen [&hellip;]","og_url":"https:\/\/voima.fi\/hairikot\/artikkeli\/vapaustaistelijoita-ja-terroristeja\/","og_site_name":"H\u00e4irik\u00f6t-p\u00e4\u00e4maja","article_published_time":"2020-06-17T11:25:42+00:00","article_modified_time":"2020-08-10T11:01:09+00:00","og_image":[{"width":994,"height":687,"url":"https:\/\/voima.fi\/hairikot\/wp-content\/uploads\/sites\/9\/2020\/08\/The-North-Syria-paitta.png","type":"image\/png"}],"author":"Jari Tamminen","twitter_card":"summary_large_image","twitter_misc":{"Kirjoittanut":"Jari Tamminen","Arvioitu lukuaika":"5 minuuttia"},"schema":{"@context":"https:\/\/schema.org","@graph":[{"@type":"WebPage","@id":"https:\/\/voima.fi\/hairikot\/artikkeli\/vapaustaistelijoita-ja-terroristeja\/","url":"https:\/\/voima.fi\/hairikot\/artikkeli\/vapaustaistelijoita-ja-terroristeja\/","name":"Vapaustaistelijoita ja terroristeja - H\u00e4irik\u00f6t-p\u00e4\u00e4maja","isPartOf":{"@id":"https:\/\/voima.fi\/hairikot\/#website"},"primaryImageOfPage":{"@id":"https:\/\/voima.fi\/hairikot\/artikkeli\/vapaustaistelijoita-ja-terroristeja\/#primaryimage"},"image":{"@id":"https:\/\/voima.fi\/hairikot\/artikkeli\/vapaustaistelijoita-ja-terroristeja\/#primaryimage"},"thumbnailUrl":"https:\/\/voima.fi\/hairikot\/wp-content\/uploads\/sites\/9\/2020\/08\/The-North-Syria-paitta.png","datePublished":"2020-06-17T11:25:42+00:00","dateModified":"2020-08-10T11:01:09+00:00","author":{"@id":"https:\/\/voima.fi\/hairikot\/#\/schema\/person\/523ff68c19f1381d78529f38bb76e7fe"},"breadcrumb":{"@id":"https:\/\/voima.fi\/hairikot\/artikkeli\/vapaustaistelijoita-ja-terroristeja\/#breadcrumb"},"inLanguage":"fi","potentialAction":[{"@type":"ReadAction","target":["https:\/\/voima.fi\/hairikot\/artikkeli\/vapaustaistelijoita-ja-terroristeja\/"]}]},{"@type":"ImageObject","inLanguage":"fi","@id":"https:\/\/voima.fi\/hairikot\/artikkeli\/vapaustaistelijoita-ja-terroristeja\/#primaryimage","url":"https:\/\/voima.fi\/hairikot\/wp-content\/uploads\/sites\/9\/2020\/08\/The-North-Syria-paitta.png","contentUrl":"https:\/\/voima.fi\/hairikot\/wp-content\/uploads\/sites\/9\/2020\/08\/The-North-Syria-paitta.png","width":994,"height":687},{"@type":"BreadcrumbList","@id":"https:\/\/voima.fi\/hairikot\/artikkeli\/vapaustaistelijoita-ja-terroristeja\/#breadcrumb","itemListElement":[{"@type":"ListItem","position":1,"name":"Home","item":"https:\/\/voima.fi\/hairikot\/"},{"@type":"ListItem","position":2,"name":"Vapaustaistelijoita ja terroristeja"}]},{"@type":"WebSite","@id":"https:\/\/voima.fi\/hairikot\/#website","url":"https:\/\/voima.fi\/hairikot\/","name":"H\u00e4irik\u00f6t-p\u00e4\u00e4maja","description":"","potentialAction":[{"@type":"SearchAction","target":{"@type":"EntryPoint","urlTemplate":"https:\/\/voima.fi\/hairikot\/?s={search_term_string}"},"query-input":"required name=search_term_string"}],"inLanguage":"fi"},{"@type":"Person","@id":"https:\/\/voima.fi\/hairikot\/#\/schema\/person\/523ff68c19f1381d78529f38bb76e7fe","name":"Jari Tamminen","image":{"@type":"ImageObject","inLanguage":"fi","@id":"https:\/\/voima.fi\/hairikot\/#\/schema\/person\/image\/","url":"https:\/\/secure.gravatar.com\/avatar\/e5c0bb16f2efc1924afe37fc190f8ce1?s=96&d=blank&r=g","contentUrl":"https:\/\/secure.gravatar.com\/avatar\/e5c0bb16f2efc1924afe37fc190f8ce1?s=96&d=blank&r=g","caption":"Jari Tamminen"},"description":"Kulttuurih\u00e4irint\u00e4 on taiteen ja aktivismin j\u00e4nnitt\u00e4v\u00e4\u00e4 lomittumista: odottamaton performanssi katuvilin\u00e4ss\u00e4, vallattuja mainostauluja ja mainosparodioita. Se on k\u00e4site, joka yhdist\u00e4\u00e4 yhteiskunnallista kommentaaria ja luovaa vastarintaa. T\u00e4ss\u00e4 blogissa Voiman Jari Tamminen hahmottaa maailmaa kulttuurih\u00e4irinn\u00e4n n\u00e4k\u00f6kulmasta. Lis\u00e4\u00e4 Tammisen huomioita kulttuurih\u00e4irinn\u00e4st\u00e4 voi lukea Voimasta, H\u00e4irik\u00f6t \u2013 Kulttuurih\u00e4irinn\u00e4n aakkoset -kirjasta ja p\u00e4ivitt\u00e4in osoitteesta www.facebook.com\/hairikot.","sameAs":["http:\/\/www.facebook.com\/hairikot"],"url":"https:\/\/voima.fi\/hairikot\/artikkeli\/author\/hairikko\/"}]}},"enclosure":{"image":"https:\/\/voima.fi\/hairikot\/wp-content\/uploads\/sites\/9\/2020\/08\/The-North-Syria-paitta.png"},"meta:avatar":"","geolocation":[],"meta:youtube":null,"meta:vimeo":null,"meta:duration":null,"_links":{"self":[{"href":"https:\/\/voima.fi\/hairikot\/wp-json\/wp\/v2\/posts\/18193"}],"collection":[{"href":"https:\/\/voima.fi\/hairikot\/wp-json\/wp\/v2\/posts"}],"about":[{"href":"https:\/\/voima.fi\/hairikot\/wp-json\/wp\/v2\/types\/post"}],"author":[{"embeddable":true,"href":"https:\/\/voima.fi\/hairikot\/wp-json\/wp\/v2\/users\/122"}],"replies":[{"embeddable":true,"href":"https:\/\/voima.fi\/hairikot\/wp-json\/wp\/v2\/comments?post=18193"}],"version-history":[{"count":1,"href":"https:\/\/voima.fi\/hairikot\/wp-json\/wp\/v2\/posts\/18193\/revisions"}],"predecessor-version":[{"id":18195,"href":"https:\/\/voima.fi\/hairikot\/wp-json\/wp\/v2\/posts\/18193\/revisions\/18195"}],"wp:featuredmedia":[{"embeddable":true,"href":"https:\/\/voima.fi\/hairikot\/wp-json\/wp\/v2\/media\/18194"}],"wp:attachment":[{"href":"https:\/\/voima.fi\/hairikot\/wp-json\/wp\/v2\/media?parent=18193"}],"wp:term":[{"taxonomy":"category","embeddable":true,"href":"https:\/\/voima.fi\/hairikot\/wp-json\/wp\/v2\/categories?post=18193"},{"taxonomy":"post_tag","embeddable":true,"href":"https:\/\/voima.fi\/hairikot\/wp-json\/wp\/v2\/tags?post=18193"}],"curies":[{"name":"wp","href":"https:\/\/api.w.org\/{rel}","templated":true}]}}