{"id":17671,"date":"2019-04-25T00:00:00","date_gmt":"2019-04-24T21:00:00","guid":{"rendered":"http:\/\/voima.fi\/hairikot\/blogi\/nepalin-vuoristokylissa-kasvatetaan-ilmastotietoisuutta"},"modified":"2020-08-10T14:01:12","modified_gmt":"2020-08-10T11:01:12","slug":"nepalin-vuoristokylissa-kasvatetaan-ilmastotietoisuutta","status":"publish","type":"post","link":"https:\/\/voima.fi\/hairikot\/artikkeli\/nepalin-vuoristokylissa-kasvatetaan-ilmastotietoisuutta\/","title":{"rendered":"Nepalin vuoristokyliss\u00e4 kasvatetaan ilmastotietoisuutta"},"content":{"rendered":"<div class=\"lowres-featured-image\"><img decoding=\"async\" width=\"720\" height=\"432\" src=\"https:\/\/voima.fi\/hairikot\/wp-content\/uploads\/sites\/9\/2020\/04\/Phurpa-4.jpg\" class=\"attachment-full size-full wp-post-image\" alt=\"\" srcset=\"https:\/\/voima.fi\/hairikot\/wp-content\/uploads\/sites\/9\/2020\/04\/Phurpa-4.jpg 720w, https:\/\/voima.fi\/hairikot\/wp-content\/uploads\/sites\/9\/2020\/04\/Phurpa-4-600x360.jpg 600w, https:\/\/voima.fi\/hairikot\/wp-content\/uploads\/sites\/9\/2020\/04\/Phurpa-4-320x192.jpg 320w, https:\/\/voima.fi\/hairikot\/wp-content\/uploads\/sites\/9\/2020\/04\/Phurpa-4-200x120.jpg 200w, https:\/\/voima.fi\/hairikot\/wp-content\/uploads\/sites\/9\/2020\/04\/Phurpa-4-560x336.jpg 560w, https:\/\/voima.fi\/hairikot\/wp-content\/uploads\/sites\/9\/2020\/04\/Phurpa-4-300x180.jpg 300w\" sizes=\"(max-width: 720px) 100vw, 720px\" \/><p class=\"ylakuvateksti\"><\/p><\/div><p><span style=\"font-weight: 400;\">Syrj\u00e4isiss\u00e4 vuoristokyliss\u00e4 asuvat nepalilaiset kokevat jo ilmastonmuutoksen vaikutuksia arjessaan, mutta he eiv\u00e4t tied\u00e4, ett\u00e4 s\u00e4\u00e4n muutosten taustalla on ilmastonmuutos. Siksi\u00a0<\/span><span style=\"font-weight: 400;\">ilmastotietoisuuden lis\u00e4\u00e4minen on maassamme hyvin t\u00e4rke\u00e4\u00e4.<\/span><\/p>\n<blockquote>\n<h3><span style=\"font-weight: 400;\">&#8221;Olen kouluttautunut ilmastovaikuttajaksi&#8221;<\/span><\/h3>\n<\/blockquote>\n<figure id=\"attachment_14277\" aria-describedby=\"caption-attachment-14277\" style=\"width: 300px\" class=\"wp-caption alignright\"><img decoding=\"async\" class=\"size-thumbnail wp-image-14277\" src=\"https:\/\/voima.fi\/hairikot\/wp-content\/uploads\/sites\/9\/2020\/04\/Phurpa-e1556177389392.jpg\" alt=\"\" width=\"300\" height=\"300\" \/><figcaption id=\"caption-attachment-14277\" class=\"wp-caption-text\">Tekstin kirjoittaja Phurpa Lama on ilmastoaktivisti, -kouluttaja ja -lobbari Nepalin p\u00e4\u00e4kaupungista Kathmandusta. H\u00e4n toimii monenlaisissa vapaaehtoist\u00f6iss\u00e4, muun muassa itse perustamassaan Light Up for a Better Nepal -hankkeessa maan k\u00f6yhiss\u00e4 vuoristokyliss\u00e4.<\/figcaption><\/figure>\n<p><span style=\"font-weight: 400;\">Synnyin ja kasvoin Helambun vuoristokyl\u00e4alueella Sindhupalchokissa Nepalissa, l\u00e4hell\u00e4 Tiibetin rajaa.\u00a0<\/span><span style=\"font-weight: 400;\">Suoritin kotimaassani keskiasteen opinnot sosiologiassa ja englannin kirjallisuudessa. Vuonna 2009 sain mahdollisuuden osallistua lyhyelle ilmastol\u00e4hettil\u00e4skurssille Tanskassa. Kurssin j\u00e4lkeen suoritin Tanskassa puolentoista vuoden mittaiset globaalitutkimuksen (Global Studies) opinnot, joissa k\u00e4siteltiin my\u00f6s ymp\u00e4rist\u00f6n kest\u00e4vyyteen, ilmastonmuutokseen ja YK:n kest\u00e4v\u00e4n kehityksen tavoitteisiin liittyvi\u00e4 asioita. <\/span><\/p>\n<p><span style=\"font-weight: 400;\">Heti opintojen p\u00e4\u00e4tytty\u00e4 muutin takaisin kotimaahani soveltamaan oppimaani k\u00e4yt\u00e4nt\u00f6\u00f6n Nepalin syrj\u00e4isiss\u00e4 maaseutukyliss\u00e4, josta olen my\u00f6s itse kotoisin. T\u00e4ll\u00e4 hetkell\u00e4 asun Kathmandussa ja ty\u00f6skentelen ilmaston puolesta t\u00e4ysip\u00e4iv\u00e4isen\u00e4 vapaaehtoisena perheeni tuen avulla. Toimin tukihenkil\u00f6n\u00e4 NEFIN:in (<\/span><i><span style=\"font-weight: 400;\">Nepal Federation of Indigenous Nationalities<\/span><\/i><span style=\"font-weight: 400;\">) ilmastonmuutosohjelmassa, jossa tehd\u00e4\u00e4n edunvalvontaa, tutkimusta ja koulutusta. NEFIN ty\u00f6skentelee ilmastonmuutoksen ja Nepalin alkuper\u00e4iskansoihin liittyvien haasteiden parissa ja ilmastonmuutosohjelmassa k\u00e4sitell\u00e4\u00e4n my\u00f6s YK:n REDD+ -prosessia, jonka avulla kehittyvi\u00e4 maita kannustetaan mets\u00e4kadon aiheuttamien p\u00e4\u00e4st\u00f6jen v\u00e4hent\u00e4miseen. <\/span><\/p>\n<p><span style=\"font-weight: 400;\">Olen kouluttautunut ilmastovaikuttajaksi my\u00f6s Yhdysvaltain entisen varapresidentti Al Goren <\/span><i><span style=\"font-weight: 400;\">Climate Reality Leadership Program<\/span><\/i><span style=\"font-weight: 400;\"> -ohjelmassa. Toimin ohjelmassa mentorina ja vapaaehtoiskoordinaattorina muille ohjelman ilmastovaikuttajille. Lis\u00e4ksi olen pit\u00e4nyt yli 50 esityst\u00e4 ilmastonmuutoksesta Nepalin syrj\u00e4isiss\u00e4 kyliss\u00e4 ja j\u00e4rjest\u00e4nyt konferensseja ja ty\u00f6pajoja muun muassa nuorille ja maaseutukuntien poliittisille p\u00e4\u00e4tt\u00e4jille. \u00a0<\/span><\/p>\n<p><img decoding=\"async\" class=\"aligncenter size-full wp-image-14278\" src=\"https:\/\/voima.fi\/hairikot\/wp-content\/uploads\/sites\/9\/2020\/04\/Phurpa-2.jpg\" alt=\"\" width=\"960\" height=\"640\" \/><\/p>\n<blockquote>\n<h3><span style=\"font-weight: 400;\">&#8221;Lampun valo tuo hymyn maaseudun k\u00f6yhien ihmisten huulille&#8221;<\/span><\/h3>\n<\/blockquote>\n<p><span style=\"font-weight: 400;\">Muun vaikuttamisty\u00f6n ohella olen perustanut kotimaassani projektin nimelt\u00e4 <\/span><i><span style=\"font-weight: 400;\">Light Up a Life For A Better Nepal, <\/span><\/i><span style=\"font-weight: 400;\">jota toteutan yhdess\u00e4<\/span> <span style=\"font-weight: 400;\">intialaisten kollegoideni kanssa. Aloitin sen jo pari p\u00e4iv\u00e4\u00e4 sen j\u00e4lkeen, kun Nepalissa koettiin tuhoisa maanj\u00e4ristys vuonna 2015. <\/span><\/p>\n<p><span style=\"font-weight: 400;\">Toimitamme aurinkovoimalla toimivia lamppuja kyliin, joissa kaikilla asukkailla ei ole k\u00e4yt\u00f6ss\u00e4\u00e4n s\u00e4hk\u00f6\u00e4. Yksinkertaisten, mutta tarpeellisten lamppujen saaminen kyl\u00e4l\u00e4isten k\u00e4ytt\u00f6\u00f6n on hyvin t\u00e4rke\u00e4\u00e4. Samalla levit\u00e4mme tietoa petrolilla toimivien lamppujen haitallisuudesta. Projekti alkoi h\u00e4t\u00e4apuna ja se jatkuu yh\u00e4. Aurinkos\u00e4hk\u00f6laitteistojen avulla kyl\u00e4l\u00e4iset voivat my\u00f6s ladata puhelimiaan. Tavoitteenamme on tuoda aurinkoenergiaj\u00e4rjestelmi\u00e4 satoihin sellaisiin koteihin, joissa ei t\u00e4ll\u00e4 hetkell\u00e4 ole lainkaan s\u00e4hk\u00f6\u00e4. <\/span><\/p>\n<p><span style=\"font-weight: 400;\">Laajemmin ajatellen <\/span><i><span style=\"font-weight: 400;\">Light Up a Life For A Better Nepal <\/span><\/i><span style=\"font-weight: 400;\">-projektin tarkoituksena on korvata fossiilisten polttoaineiden k\u00e4ytt\u00f6\u00f6n perustuva valaistusj\u00e4rjestelm\u00e4 Nepalin syrj\u00e4isiss\u00e4 vuoristokyliss\u00e4 kokonaan kest\u00e4v\u00e4mmill\u00e4 vaihtoehdoilla, sek\u00e4 her\u00e4tt\u00e4\u00e4 p\u00e4\u00e4tt\u00e4jien huoli ja kiinnostus uusiutuviin energiantuotantomuotoihin siirtymisest\u00e4.<\/span><\/p>\n<p><img decoding=\"async\" class=\"aligncenter size-medium wp-image-14279\" src=\"https:\/\/voima.fi\/hairikot\/wp-content\/uploads\/sites\/9\/2020\/04\/Phurpa-3-scaled.jpg\" alt=\"\" width=\"1000\" height=\"750\" \/><\/p>\n<blockquote>\n<h3><span style=\"font-weight: 400;\">&#8221;Meid\u00e4n on onnistuttava pys\u00e4ytt\u00e4m\u00e4\u00e4n ilmastonmuutos&#8221;<\/span><\/h3>\n<\/blockquote>\n<p><span style=\"font-weight: 400;\">Nopeasti vet\u00e4ytyv\u00e4t Himalajan j\u00e4\u00e4tik\u00f6t, l\u00e4mp\u00f6tilojen nousu, voimakkaat ja ep\u00e4tasaisesti jakautuvat sadem\u00e4\u00e4r\u00e4t sek\u00e4 \u00e4\u00e4rimm\u00e4isten s\u00e4\u00e4ilmi\u00f6iden, kuten tulvien ja kuivuuden lis\u00e4\u00e4ntyminen ovat nyt jo selv\u00e4sti n\u00e4ht\u00e4vi\u00e4 ilmastonmuutoksen merkkej\u00e4 Nepalissa. Ilmastonmuutos koettelee maassamme erityisesti k\u00f6yhi\u00e4 ihmisi\u00e4 ja korkealla Himalajan vuoristossa asuvia alkuper\u00e4iskansojen edustajia. <\/span><\/p>\n<p><span style=\"font-weight: 400;\">Nepalissa ilmastonmuutokseen liittyv\u00e4n tietoisuuden kasvattamisen lis\u00e4ksi t\u00e4rke\u00e4\u00e4 on luonnonvarojen s\u00e4ilytt\u00e4minen, puhtaan s\u00e4hk\u00f6ntuotannon kehitt\u00e4minen, liikenteen uudistaminen sek\u00e4 kaikkien j\u00e4rjestelmien kehitt\u00e4minen mahdollisimman tehokkaaksi. Ty\u00f6h\u00f6n on v\u00e4ltt\u00e4m\u00e4t\u00f6nt\u00e4 saada mukaan toimijat paikallistasolta koko valtion tasolle. <\/span><\/p>\n<p><span style=\"font-weight: 400;\">Nepalin hallitus tekee t\u00e4ll\u00e4 hetkell\u00e4 parhaansa ilmastonmuutoksen vastaisessa ty\u00f6ss\u00e4. T\u00e4rkeint\u00e4 on, ett\u00e4 olemme allekirjoittaneet Pariisin ilmastosopimuksen sek\u00e4 toimittaneet YK:lle sopimukseen liittyv\u00e4t aiotut kansalliset panoksemme (INDC:t). Olemme siis ilmoittaneet millaisiin ilmastositoumuksiin olemme valmiita. N\u00e4ht\u00e4v\u00e4ksi j\u00e4\u00e4, miten vaikuttaviin toimiin nykyinen hallituksemme pystyy. T\u00e4ll\u00e4 hetkell\u00e4 hallitus keskittyy toimintatapojen, ohjelmien ja projektien kehitt\u00e4miseen, jotta saamme maamme p\u00e4\u00e4st\u00f6t oikealle raiteelle. Hallituksella on kuitenkin ollut vaikeuksia ainakin syrj\u00e4isiss\u00e4 kyliss\u00e4 olevien ihmisten tavoittamisessa, jotta ilmastotietoisuus maassamme saataisiin lis\u00e4\u00e4ntym\u00e4\u00e4n.<\/span><\/p>\n<p><span style=\"font-weight: 400;\">Olemme ensimm\u00e4inen sukupolvi, joka n\u00e4kee ilmastonmuutoksen vaikutukset elinymp\u00e4rist\u00f6iss\u00e4mme. T\u00e4m\u00e4 vaikuttaa el\u00e4m\u00e4ntapoihimme monin tavoin. Samaan aikaan olemme ensimm\u00e4inen sukupolvi, jolla on k\u00e4siss\u00e4\u00e4n riitt\u00e4v\u00e4t ratkaisut ilmastokriisin torjumiseksi. Meid\u00e4n on onnistuttava pys\u00e4ytt\u00e4m\u00e4\u00e4n ilmastonmuutos oman itsemme ja tulevien sukupolvien vuoksi, sek\u00e4 teht\u00e4v\u00e4 maailmasta parempi paikka el\u00e4\u00e4 ihan jokaiselle.<\/span><\/p>\n<p><img decoding=\"async\" class=\"aligncenter size-full wp-image-14280\" src=\"https:\/\/voima.fi\/hairikot\/wp-content\/uploads\/sites\/9\/2020\/04\/Phurpa-5.jpg\" alt=\"\" width=\"720\" height=\"540\" \/><\/p>\n[ilmastoterveisia]\n","protected":false},"excerpt":{"rendered":"<p>Syrj\u00e4isiss\u00e4 vuoristokyliss\u00e4 asuvat nepalilaiset kokevat jo ilmastonmuutoksen vaikutuksia arjessaan, mutta he eiv\u00e4t tied\u00e4, ett\u00e4 s\u00e4\u00e4n muutosten taustalla on ilmastonmuutos. Siksi\u00a0ilmastotietoisuuden lis\u00e4\u00e4minen on maassamme hyvin t\u00e4rke\u00e4\u00e4. &#8221;Olen kouluttautunut ilmastovaikuttajaksi&#8221; Synnyin ja kasvoin Helambun vuoristokyl\u00e4alueella Sindhupalchokissa Nepalissa, l\u00e4hell\u00e4 Tiibetin rajaa.\u00a0Suoritin kotimaassani keskiasteen opinnot sosiologiassa ja englannin kirjallisuudessa. Vuonna 2009 sain mahdollisuuden osallistua lyhyelle ilmastol\u00e4hettil\u00e4skurssille Tanskassa. Kurssin j\u00e4lkeen [&hellip;]<\/p>\n","protected":false},"author":737,"featured_media":15162,"comment_status":"open","ping_status":"open","sticky":false,"template":"","format":"standard","meta":{"footnotes":""},"categories":[7],"tags":[],"yoast_head":"<!-- This site is optimized with the Yoast SEO plugin v22.7 - https:\/\/yoast.com\/wordpress\/plugins\/seo\/ -->\n<title>Nepalin vuoristokyliss\u00e4 kasvatetaan ilmastotietoisuutta - H\u00e4irik\u00f6t-p\u00e4\u00e4maja<\/title>\n<meta name=\"robots\" content=\"index, follow, max-snippet:-1, max-image-preview:large, max-video-preview:-1\" \/>\n<link rel=\"canonical\" href=\"https:\/\/voima.fi\/hairikot\/artikkeli\/nepalin-vuoristokylissa-kasvatetaan-ilmastotietoisuutta\/\" \/>\n<meta property=\"og:locale\" content=\"fi_FI\" \/>\n<meta property=\"og:type\" content=\"article\" \/>\n<meta property=\"og:title\" content=\"Nepalin vuoristokyliss\u00e4 kasvatetaan ilmastotietoisuutta - H\u00e4irik\u00f6t-p\u00e4\u00e4maja\" \/>\n<meta property=\"og:description\" content=\"Syrj\u00e4isiss\u00e4 vuoristokyliss\u00e4 asuvat nepalilaiset kokevat jo ilmastonmuutoksen vaikutuksia arjessaan, mutta he eiv\u00e4t tied\u00e4, ett\u00e4 s\u00e4\u00e4n muutosten taustalla on ilmastonmuutos. Siksi\u00a0ilmastotietoisuuden lis\u00e4\u00e4minen on maassamme hyvin t\u00e4rke\u00e4\u00e4. &#8221;Olen kouluttautunut ilmastovaikuttajaksi&#8221; Synnyin ja kasvoin Helambun vuoristokyl\u00e4alueella Sindhupalchokissa Nepalissa, l\u00e4hell\u00e4 Tiibetin rajaa.\u00a0Suoritin kotimaassani keskiasteen opinnot sosiologiassa ja englannin kirjallisuudessa. Vuonna 2009 sain mahdollisuuden osallistua lyhyelle ilmastol\u00e4hettil\u00e4skurssille Tanskassa. Kurssin j\u00e4lkeen [&hellip;]\" \/>\n<meta property=\"og:url\" content=\"https:\/\/voima.fi\/hairikot\/artikkeli\/nepalin-vuoristokylissa-kasvatetaan-ilmastotietoisuutta\/\" \/>\n<meta property=\"og:site_name\" content=\"H\u00e4irik\u00f6t-p\u00e4\u00e4maja\" \/>\n<meta property=\"article:published_time\" content=\"2019-04-24T21:00:00+00:00\" \/>\n<meta property=\"article:modified_time\" content=\"2020-08-10T11:01:12+00:00\" \/>\n<meta property=\"og:image\" content=\"https:\/\/voima.fi\/hairikot\/wp-content\/uploads\/sites\/9\/2020\/04\/Phurpa-4.jpg\" \/>\n\t<meta property=\"og:image:width\" content=\"720\" \/>\n\t<meta property=\"og:image:height\" content=\"432\" \/>\n\t<meta property=\"og:image:type\" content=\"image\/jpeg\" \/>\n<meta name=\"author\" content=\"Ilmastoterveisi\u00e4 Etel\u00e4st\u00e4\" \/>\n<meta name=\"twitter:card\" content=\"summary_large_image\" \/>\n<meta name=\"twitter:label1\" content=\"Kirjoittanut\" \/>\n\t<meta name=\"twitter:data1\" content=\"Ilmastoterveisi\u00e4 Etel\u00e4st\u00e4\" \/>\n\t<meta name=\"twitter:label2\" content=\"Arvioitu lukuaika\" \/>\n\t<meta name=\"twitter:data2\" content=\"4 minuuttia\" \/>\n<script type=\"application\/ld+json\" class=\"yoast-schema-graph\">{\"@context\":\"https:\/\/schema.org\",\"@graph\":[{\"@type\":\"WebPage\",\"@id\":\"https:\/\/voima.fi\/hairikot\/artikkeli\/nepalin-vuoristokylissa-kasvatetaan-ilmastotietoisuutta\/\",\"url\":\"https:\/\/voima.fi\/hairikot\/artikkeli\/nepalin-vuoristokylissa-kasvatetaan-ilmastotietoisuutta\/\",\"name\":\"Nepalin vuoristokyliss\u00e4 kasvatetaan ilmastotietoisuutta - H\u00e4irik\u00f6t-p\u00e4\u00e4maja\",\"isPartOf\":{\"@id\":\"https:\/\/voima.fi\/hairikot\/#website\"},\"primaryImageOfPage\":{\"@id\":\"https:\/\/voima.fi\/hairikot\/artikkeli\/nepalin-vuoristokylissa-kasvatetaan-ilmastotietoisuutta\/#primaryimage\"},\"image\":{\"@id\":\"https:\/\/voima.fi\/hairikot\/artikkeli\/nepalin-vuoristokylissa-kasvatetaan-ilmastotietoisuutta\/#primaryimage\"},\"thumbnailUrl\":\"https:\/\/voima.fi\/hairikot\/wp-content\/uploads\/sites\/9\/2020\/04\/Phurpa-4.jpg\",\"datePublished\":\"2019-04-24T21:00:00+00:00\",\"dateModified\":\"2020-08-10T11:01:12+00:00\",\"author\":{\"@id\":\"https:\/\/voima.fi\/hairikot\/#\/schema\/person\/59230e8043d930ba726beb4dfc75e32f\"},\"breadcrumb\":{\"@id\":\"https:\/\/voima.fi\/hairikot\/artikkeli\/nepalin-vuoristokylissa-kasvatetaan-ilmastotietoisuutta\/#breadcrumb\"},\"inLanguage\":\"fi\",\"potentialAction\":[{\"@type\":\"ReadAction\",\"target\":[\"https:\/\/voima.fi\/hairikot\/artikkeli\/nepalin-vuoristokylissa-kasvatetaan-ilmastotietoisuutta\/\"]}]},{\"@type\":\"ImageObject\",\"inLanguage\":\"fi\",\"@id\":\"https:\/\/voima.fi\/hairikot\/artikkeli\/nepalin-vuoristokylissa-kasvatetaan-ilmastotietoisuutta\/#primaryimage\",\"url\":\"https:\/\/voima.fi\/hairikot\/wp-content\/uploads\/sites\/9\/2020\/04\/Phurpa-4.jpg\",\"contentUrl\":\"https:\/\/voima.fi\/hairikot\/wp-content\/uploads\/sites\/9\/2020\/04\/Phurpa-4.jpg\",\"width\":720,\"height\":432},{\"@type\":\"BreadcrumbList\",\"@id\":\"https:\/\/voima.fi\/hairikot\/artikkeli\/nepalin-vuoristokylissa-kasvatetaan-ilmastotietoisuutta\/#breadcrumb\",\"itemListElement\":[{\"@type\":\"ListItem\",\"position\":1,\"name\":\"Home\",\"item\":\"https:\/\/voima.fi\/hairikot\/\"},{\"@type\":\"ListItem\",\"position\":2,\"name\":\"Nepalin vuoristokyliss\u00e4 kasvatetaan ilmastotietoisuutta\"}]},{\"@type\":\"WebSite\",\"@id\":\"https:\/\/voima.fi\/hairikot\/#website\",\"url\":\"https:\/\/voima.fi\/hairikot\/\",\"name\":\"H\u00e4irik\u00f6t-p\u00e4\u00e4maja\",\"description\":\"\",\"potentialAction\":[{\"@type\":\"SearchAction\",\"target\":{\"@type\":\"EntryPoint\",\"urlTemplate\":\"https:\/\/voima.fi\/hairikot\/?s={search_term_string}\"},\"query-input\":\"required name=search_term_string\"}],\"inLanguage\":\"fi\"},{\"@type\":\"Person\",\"@id\":\"https:\/\/voima.fi\/hairikot\/#\/schema\/person\/59230e8043d930ba726beb4dfc75e32f\",\"name\":\"Ilmastoterveisi\u00e4 Etel\u00e4st\u00e4\",\"image\":{\"@type\":\"ImageObject\",\"inLanguage\":\"fi\",\"@id\":\"https:\/\/voima.fi\/hairikot\/#\/schema\/person\/image\/\",\"url\":\"https:\/\/secure.gravatar.com\/avatar\/5b417c909d83d5fcf04e62ded292b224?s=96&d=blank&r=g\",\"contentUrl\":\"https:\/\/secure.gravatar.com\/avatar\/5b417c909d83d5fcf04e62ded292b224?s=96&d=blank&r=g\",\"caption\":\"Ilmastoterveisi\u00e4 Etel\u00e4st\u00e4\"},\"url\":\"https:\/\/voima.fi\/hairikot\/artikkeli\/author\/ilmastoterveisia\/\"}]}<\/script>\n<!-- \/ Yoast SEO plugin. -->","yoast_head_json":{"title":"Nepalin vuoristokyliss\u00e4 kasvatetaan ilmastotietoisuutta - H\u00e4irik\u00f6t-p\u00e4\u00e4maja","robots":{"index":"index","follow":"follow","max-snippet":"max-snippet:-1","max-image-preview":"max-image-preview:large","max-video-preview":"max-video-preview:-1"},"canonical":"https:\/\/voima.fi\/hairikot\/artikkeli\/nepalin-vuoristokylissa-kasvatetaan-ilmastotietoisuutta\/","og_locale":"fi_FI","og_type":"article","og_title":"Nepalin vuoristokyliss\u00e4 kasvatetaan ilmastotietoisuutta - H\u00e4irik\u00f6t-p\u00e4\u00e4maja","og_description":"Syrj\u00e4isiss\u00e4 vuoristokyliss\u00e4 asuvat nepalilaiset kokevat jo ilmastonmuutoksen vaikutuksia arjessaan, mutta he eiv\u00e4t tied\u00e4, ett\u00e4 s\u00e4\u00e4n muutosten taustalla on ilmastonmuutos. Siksi\u00a0ilmastotietoisuuden lis\u00e4\u00e4minen on maassamme hyvin t\u00e4rke\u00e4\u00e4. &#8221;Olen kouluttautunut ilmastovaikuttajaksi&#8221; Synnyin ja kasvoin Helambun vuoristokyl\u00e4alueella Sindhupalchokissa Nepalissa, l\u00e4hell\u00e4 Tiibetin rajaa.\u00a0Suoritin kotimaassani keskiasteen opinnot sosiologiassa ja englannin kirjallisuudessa. Vuonna 2009 sain mahdollisuuden osallistua lyhyelle ilmastol\u00e4hettil\u00e4skurssille Tanskassa. Kurssin j\u00e4lkeen [&hellip;]","og_url":"https:\/\/voima.fi\/hairikot\/artikkeli\/nepalin-vuoristokylissa-kasvatetaan-ilmastotietoisuutta\/","og_site_name":"H\u00e4irik\u00f6t-p\u00e4\u00e4maja","article_published_time":"2019-04-24T21:00:00+00:00","article_modified_time":"2020-08-10T11:01:12+00:00","og_image":[{"width":720,"height":432,"url":"https:\/\/voima.fi\/hairikot\/wp-content\/uploads\/sites\/9\/2020\/04\/Phurpa-4.jpg","type":"image\/jpeg"}],"author":"Ilmastoterveisi\u00e4 Etel\u00e4st\u00e4","twitter_card":"summary_large_image","twitter_misc":{"Kirjoittanut":"Ilmastoterveisi\u00e4 Etel\u00e4st\u00e4","Arvioitu lukuaika":"4 minuuttia"},"schema":{"@context":"https:\/\/schema.org","@graph":[{"@type":"WebPage","@id":"https:\/\/voima.fi\/hairikot\/artikkeli\/nepalin-vuoristokylissa-kasvatetaan-ilmastotietoisuutta\/","url":"https:\/\/voima.fi\/hairikot\/artikkeli\/nepalin-vuoristokylissa-kasvatetaan-ilmastotietoisuutta\/","name":"Nepalin vuoristokyliss\u00e4 kasvatetaan ilmastotietoisuutta - H\u00e4irik\u00f6t-p\u00e4\u00e4maja","isPartOf":{"@id":"https:\/\/voima.fi\/hairikot\/#website"},"primaryImageOfPage":{"@id":"https:\/\/voima.fi\/hairikot\/artikkeli\/nepalin-vuoristokylissa-kasvatetaan-ilmastotietoisuutta\/#primaryimage"},"image":{"@id":"https:\/\/voima.fi\/hairikot\/artikkeli\/nepalin-vuoristokylissa-kasvatetaan-ilmastotietoisuutta\/#primaryimage"},"thumbnailUrl":"https:\/\/voima.fi\/hairikot\/wp-content\/uploads\/sites\/9\/2020\/04\/Phurpa-4.jpg","datePublished":"2019-04-24T21:00:00+00:00","dateModified":"2020-08-10T11:01:12+00:00","author":{"@id":"https:\/\/voima.fi\/hairikot\/#\/schema\/person\/59230e8043d930ba726beb4dfc75e32f"},"breadcrumb":{"@id":"https:\/\/voima.fi\/hairikot\/artikkeli\/nepalin-vuoristokylissa-kasvatetaan-ilmastotietoisuutta\/#breadcrumb"},"inLanguage":"fi","potentialAction":[{"@type":"ReadAction","target":["https:\/\/voima.fi\/hairikot\/artikkeli\/nepalin-vuoristokylissa-kasvatetaan-ilmastotietoisuutta\/"]}]},{"@type":"ImageObject","inLanguage":"fi","@id":"https:\/\/voima.fi\/hairikot\/artikkeli\/nepalin-vuoristokylissa-kasvatetaan-ilmastotietoisuutta\/#primaryimage","url":"https:\/\/voima.fi\/hairikot\/wp-content\/uploads\/sites\/9\/2020\/04\/Phurpa-4.jpg","contentUrl":"https:\/\/voima.fi\/hairikot\/wp-content\/uploads\/sites\/9\/2020\/04\/Phurpa-4.jpg","width":720,"height":432},{"@type":"BreadcrumbList","@id":"https:\/\/voima.fi\/hairikot\/artikkeli\/nepalin-vuoristokylissa-kasvatetaan-ilmastotietoisuutta\/#breadcrumb","itemListElement":[{"@type":"ListItem","position":1,"name":"Home","item":"https:\/\/voima.fi\/hairikot\/"},{"@type":"ListItem","position":2,"name":"Nepalin vuoristokyliss\u00e4 kasvatetaan ilmastotietoisuutta"}]},{"@type":"WebSite","@id":"https:\/\/voima.fi\/hairikot\/#website","url":"https:\/\/voima.fi\/hairikot\/","name":"H\u00e4irik\u00f6t-p\u00e4\u00e4maja","description":"","potentialAction":[{"@type":"SearchAction","target":{"@type":"EntryPoint","urlTemplate":"https:\/\/voima.fi\/hairikot\/?s={search_term_string}"},"query-input":"required name=search_term_string"}],"inLanguage":"fi"},{"@type":"Person","@id":"https:\/\/voima.fi\/hairikot\/#\/schema\/person\/59230e8043d930ba726beb4dfc75e32f","name":"Ilmastoterveisi\u00e4 Etel\u00e4st\u00e4","image":{"@type":"ImageObject","inLanguage":"fi","@id":"https:\/\/voima.fi\/hairikot\/#\/schema\/person\/image\/","url":"https:\/\/secure.gravatar.com\/avatar\/5b417c909d83d5fcf04e62ded292b224?s=96&d=blank&r=g","contentUrl":"https:\/\/secure.gravatar.com\/avatar\/5b417c909d83d5fcf04e62ded292b224?s=96&d=blank&r=g","caption":"Ilmastoterveisi\u00e4 Etel\u00e4st\u00e4"},"url":"https:\/\/voima.fi\/hairikot\/artikkeli\/author\/ilmastoterveisia\/"}]}},"enclosure":{"image":"https:\/\/voima.fi\/hairikot\/wp-content\/uploads\/sites\/9\/2020\/04\/Phurpa-4.jpg"},"meta:avatar":"","geolocation":[],"meta:youtube":null,"meta:vimeo":null,"meta:duration":null,"_links":{"self":[{"href":"https:\/\/voima.fi\/hairikot\/wp-json\/wp\/v2\/posts\/17671"}],"collection":[{"href":"https:\/\/voima.fi\/hairikot\/wp-json\/wp\/v2\/posts"}],"about":[{"href":"https:\/\/voima.fi\/hairikot\/wp-json\/wp\/v2\/types\/post"}],"author":[{"embeddable":true,"href":"https:\/\/voima.fi\/hairikot\/wp-json\/wp\/v2\/users\/737"}],"replies":[{"embeddable":true,"href":"https:\/\/voima.fi\/hairikot\/wp-json\/wp\/v2\/comments?post=17671"}],"version-history":[{"count":1,"href":"https:\/\/voima.fi\/hairikot\/wp-json\/wp\/v2\/posts\/17671\/revisions"}],"predecessor-version":[{"id":18243,"href":"https:\/\/voima.fi\/hairikot\/wp-json\/wp\/v2\/posts\/17671\/revisions\/18243"}],"wp:featuredmedia":[{"embeddable":true,"href":"https:\/\/voima.fi\/hairikot\/wp-json\/wp\/v2\/media\/15162"}],"wp:attachment":[{"href":"https:\/\/voima.fi\/hairikot\/wp-json\/wp\/v2\/media?parent=17671"}],"wp:term":[{"taxonomy":"category","embeddable":true,"href":"https:\/\/voima.fi\/hairikot\/wp-json\/wp\/v2\/categories?post=17671"},{"taxonomy":"post_tag","embeddable":true,"href":"https:\/\/voima.fi\/hairikot\/wp-json\/wp\/v2\/tags?post=17671"}],"curies":[{"name":"wp","href":"https:\/\/api.w.org\/{rel}","templated":true}]}}