{"id":17670,"date":"2019-04-12T00:00:00","date_gmt":"2019-04-11T21:00:00","guid":{"rendered":"http:\/\/voima.fi\/hairikot\/blogi\/ala-mokaa-naissa-kun-puhut-ilmastosta"},"modified":"2020-08-10T14:01:12","modified_gmt":"2020-08-10T11:01:12","slug":"ala-mokaa-naissa-kun-puhut-ilmastosta","status":"publish","type":"post","link":"https:\/\/voima.fi\/hairikot\/artikkeli\/ala-mokaa-naissa-kun-puhut-ilmastosta\/","title":{"rendered":"\u00c4l\u00e4 mokaa n\u00e4iss\u00e4, kun puhut ilmastosta"},"content":{"rendered":"<div class=\"lowres-featured-image\"><img decoding=\"async\" width=\"538\" height=\"467\" src=\"https:\/\/voima.fi\/hairikot\/wp-content\/uploads\/sites\/9\/2020\/04\/Ilmastonmuutos_otsikkokuva.png\" class=\"attachment-full size-full wp-post-image\" alt=\"\" srcset=\"https:\/\/voima.fi\/hairikot\/wp-content\/uploads\/sites\/9\/2020\/04\/Ilmastonmuutos_otsikkokuva.png 538w, https:\/\/voima.fi\/hairikot\/wp-content\/uploads\/sites\/9\/2020\/04\/Ilmastonmuutos_otsikkokuva-320x278.png 320w, https:\/\/voima.fi\/hairikot\/wp-content\/uploads\/sites\/9\/2020\/04\/Ilmastonmuutos_otsikkokuva-200x174.png 200w, https:\/\/voima.fi\/hairikot\/wp-content\/uploads\/sites\/9\/2020\/04\/Ilmastonmuutos_otsikkokuva-300x260.png 300w\" sizes=\"(max-width: 538px) 100vw, 538px\" \/><p class=\"ylakuvateksti\"><\/p><\/div><p><em>T\u00e4rkeist\u00e4 asioista saa ja pit\u00e4\u00e4kin puhua. Ja mit\u00e4 t\u00e4rke\u00e4mpi asia \u2013 kuten ilmastonmuutos \u2013 sit\u00e4 t\u00e4rke\u00e4mp\u00e4\u00e4 on huolehtia faktojen oikeellisuudesta. Ohessa H\u00e4irik\u00f6iden tarkastuslista ilmastokeskusteluun.<\/em><\/p>\n<p><span style=\"font-weight: 400;\"><strong>Syksyll\u00e4 julkaistu<\/strong>\u00a0<a href=\"https:\/\/ilmatieteenlaitos.fi\/ipcc-ilmastopaneeli\" class=\"external\" rel=\"nofollow\">hallitusten v\u00e4lisen ilmastonmuutospaneeli IPCC<\/a>:n arviointiraportti, kev\u00e4iset <a href=\"https:\/\/voima.fi\/artikkeli\/2019\/54184\/\">koululaisten globaalit ilmastolakot<\/a> ja <a href=\"https:\/\/voima.fi\/artikkeli\/2019\/karnevalistinen-ja-kuolemanvakava-ilmastomarssi\/\">vaalihulinat<\/a> ovat saaneet my\u00f6s sellaiset ihmiset puhumaan ilmastonmuutoksesta, jotka eiv\u00e4t ole sit\u00e4 ennen tehneet. Se on parasta ja mahtavinta! Valitettavasti julkisessa keskustelussa on syv\u00e4\u00e4n juurtuneita, paikkaansa pit\u00e4m\u00e4tt\u00f6mi\u00e4 ilmastokummallisuuksia, joita saattaa vahingossa tulla toistelleeksi itsekin. <\/span><\/p>\n<p><span style=\"font-weight: 400;\">Tarkista t\u00e4st\u00e4, ettei sinun suustasi ainakaan jatkossa lipsahda h\u00f6p\u00f6puheita.<\/span><\/p>\n<h3><span style=\"font-weight: 400;\">1. Ilmastonmuutos ei ole synonyymi kaikille maailman ongelmille<\/span><\/h3>\n<figure id=\"attachment_13040\" aria-describedby=\"caption-attachment-13040\" style=\"width: 442px\" class=\"wp-caption alignright\"><img decoding=\"async\" class=\" wp-image-13040\" src=\"https:\/\/voima.fi\/hairikot\/wp-content\/uploads\/sites\/9\/2020\/04\/HELLE-vastis.jpg\" alt=\"\" width=\"442\" height=\"642\" \/><figcaption id=\"caption-attachment-13040\" class=\"wp-caption-text\">Vuonna 2015 Helsingiss\u00e4 keskusteltiin Hanasaaren hiilivoimalan tulevaisuudesta. Vastakkain oli lyhyell\u00e4 t\u00e4ht\u00e4imell\u00e4 kustannustehokkaampi vaihtoehto voimalan elinkaaren pident\u00e4misest\u00e4 lis\u00e4investointien avulla sek\u00e4 p\u00e4\u00e4t\u00f6s hiilivoimalan toiminnan hallitusta alas ajamisesta ja investoinneista kest\u00e4v\u00e4mp\u00e4\u00e4n energian tuotantoon. Kest\u00e4v\u00e4mpi vaihtoehto voitti lopulta.<\/figcaption><\/figure>\n<p><span style=\"font-weight: 400;\">Maailmassa on t\u00e4ll\u00e4 hetkell\u00e4 paljon erilaisia ymp\u00e4rist\u00f6ongelmia ja eettisi\u00e4 haasteita. Ilmastonmuutoksen syyt, seuraukset ja hillint\u00e4keinot ulottuvat moneen paikkaan ja liittyv\u00e4t tavalla tai toisella moniin muihin ongelmiin ja haasteisiin.<\/span><\/p>\n<p><span style=\"font-weight: 400;\">Ilmastonmuutos on siis osa moninaista globaalia ymp\u00e4rist\u00f6- ja kest\u00e4vyysongelmien vyyhti\u00e4. Se ei kuitenkaan ole synonyymi kest\u00e4v\u00e4lle kehitykselle eik\u00e4 kaikille maailman ymp\u00e4rist\u00f6ongelmille. Jotta ymp\u00e4rist\u00f6kysymyksi\u00e4 voitaisiin p\u00e4tev\u00e4ll\u00e4 tavalla ratkaista, on tunnettava juuri kyseisen ongelman (t\u00e4ss\u00e4 tapauksessa ilmastonmuutoksen) syyt ja siihen parhaiten vaikuttavat ratkaisumallit. Pid\u00e4 huoli siit\u00e4, ettet sekoita ilmastonmuutoksen syit\u00e4, seurauksia ja ratkaisumalleja muiden ongelmien syihin, seurauksiin ja ratkaisumalleihin.<\/span><\/p>\n<p>Ilmastonmuutos ratkaistaan tekem\u00e4ll\u00e4 isoja muutoksia tavoissamme asua, liikkua, sy\u00f6d\u00e4 ja kuluttaa. Sen sijaan kodin kemikaalikuorman v\u00e4hent\u00e4misest\u00e4, otsonikerroksen suojelusta tai ty\u00f6ntekij\u00f6iden oikeuksia kunnioittavien Reilun kaupan tuotteiden ostamisesta ei juuri ole hy\u00f6ty\u00e4 ilmastonmuutoksen hillinn\u00e4ss\u00e4, vaikka paremman maailman kannalta n\u00e4m\u00e4 kaikki ovat hyvi\u00e4 asioita.<\/p>\n<h3><span style=\"font-weight: 400;\">2. Tiukat yhteiskunnalliset p\u00e4\u00e4t\u00f6kset ovat v\u00e4ltt\u00e4m\u00e4tt\u00f6myys, sill\u00e4 kuluttajavalinnat ovat liian pieni\u00e4<\/span><\/h3>\n<figure id=\"attachment_14261\" aria-describedby=\"caption-attachment-14261\" style=\"width: 421px\" class=\"wp-caption alignright\"><img decoding=\"async\" class=\" wp-image-14261\" src=\"https:\/\/voima.fi\/hairikot\/wp-content\/uploads\/sites\/9\/2020\/04\/Ilmastotoimet-meemi.jpg\" alt=\"\" width=\"421\" height=\"636\" \/><figcaption id=\"caption-attachment-14261\" class=\"wp-caption-text\">Isoilla asioilla on isot vaikutukset ja pienill\u00e4 pienemm\u00e4n. Kaikkia tarvitaan ja kaikki lasketaan, mutta mittakaavat kannattaa aina pit\u00e4\u00e4 mieless\u00e4.<\/figcaption><\/figure>\n<p><span style=\"font-weight: 400;\">Kuluttajavalintojen rooli ilmastonmuutoksen hillinn\u00e4ss\u00e4 on saanut julkisessa keskustelussa suhteettoman suuren roolin. Ilmastonmuutosta ei voida hillit\u00e4 riitt\u00e4v\u00e4sti keskittym\u00e4ll\u00e4 pelk\u00e4st\u00e4\u00e4n kuluttajavalintoihin. Yhteiskuntamme on rakentunut siten, ett\u00e4 omaa hiilijalanj\u00e4lke\u00e4\u00e4n on vaikeaa pienent\u00e4\u00e4 kest\u00e4v\u00e4lle tasolle, vaikka kuinka haluaisi. Yhteiskunnallinen vaikuttaminen on kuluttajavalintoja tehokkaampaa, koska sen avulla asumiseen, liikkumiseen, ruokaan ja kuluttamiseen liittyv\u00e4t ilmastoyst\u00e4v\u00e4lliset valinnat tehd\u00e4\u00e4n helpoiksi, halvoiksi ja houkutteleviksi my\u00f6s sellaisille kuluttajille, joilla ei ole aikaa, energiaa tai kiinnostusta erityisesti panostaa vastuullisiin valintoihin. <\/span><\/p>\n<p><span style=\"font-weight: 400;\">Kuten oheinen kuva muistuttaa, voidaan kuluttajavalinnoilla saada aikaan pieni\u00e4 muutoksia, mutta j\u00e4rk\u00e4lem\u00e4iseen vaikuttamiseen niist\u00e4 ei ole hy\u00f6ty\u00e4. On keskitytt\u00e4v\u00e4 j\u00e4rk\u00e4leen liikuttamiseen tavoilla, joilla se on oikeasti mahdollista (eli yhteiskunnallisella vaikuttamisella).<\/span><\/p>\n<p><span style=\"font-weight: 400;\">Joidenkin mielest\u00e4 on kohtuullista osallistua yhteiskunnalliseen vaikuttamistoimintaan vasta sitten kun on tiputtanut oman hiilijalanj\u00e4lkens\u00e4 riitt\u00e4v\u00e4n pieneksi. T\u00e4m\u00e4 on puppua. Jos ajattelemme n\u00e4in, on Suomessa vain muutamia ihminen, jolla on oikeus vaatia muutoksia. Jos tilanne olisi t\u00e4llainen, olisi peli jo pelattu ja planeettamme elinkelvoton jo ehk\u00e4 50 vuoden kuluttua. <\/span><\/p>\n<h3><span style=\"font-weight: 400;\">3. Isot teot ovat t\u00e4rke\u00e4mpi\u00e4 kuin pienet teot<\/span><\/h3>\n<figure id=\"attachment_14264\" aria-describedby=\"caption-attachment-14264\" style=\"width: 421px\" class=\"wp-caption alignright\"><img decoding=\"async\" class=\" wp-image-14264\" src=\"https:\/\/voima.fi\/hairikot\/wp-content\/uploads\/sites\/9\/2020\/04\/Ilmastoteot-2.jpg\" alt=\"\" width=\"421\" height=\"237\" \/><figcaption id=\"caption-attachment-14264\" class=\"wp-caption-text\">Mittakaava, baby. Mittakaava.<\/figcaption><\/figure>\n<p><span style=\"font-weight: 400;\">Ilmastonmuutosta hillit\u00e4\u00e4n erikokoisilla teoilla, mutta <\/span><span style=\"font-weight: 400;\">toiset teot ovat tehokkaampia kuin toiset. <\/span><span style=\"font-weight: 400;\">Kuluttajina tunnemme usein vain pienimm\u00e4t ja helpoimmat teot. Pienet teot vaikuttavat v\u00e4h\u00e4n yhden ihmisen tai perheen hiilijalanj\u00e4lkeen, isoimmilla teoilla vaikutetaan paljon kaikkien maailman ihmisten el\u00e4m\u00e4\u00e4n. O<\/span><span style=\"font-weight: 400;\">lemme globaalin ilmastokatastrofin partaalla ja koska k\u00e4ytett\u00e4viss\u00e4mme oleva aika on hyvin rajallinen, on olennaista kiinnitt\u00e4\u00e4 huomiota siihen, mill\u00e4 teoillamme on isoimpia vaikutuksia ja keskitty\u00e4 niihin. <\/span><span style=\"font-weight: 400;\">Mittakaavakysymyksill\u00e4 meit\u00e4 johdetaan usein my\u00f6s harhaan, joko tarkoituksella tai vahingossa. Keskity ilmastonmuutoksen kannalta merkitt\u00e4viin tekoihin ja vaadi my\u00f6s poliittisilta toimijoilta samaa. <\/span><\/p>\n<p><span style=\"font-weight: 400;\">Paljon puhutuilla kierr\u00e4tt\u00e4misell\u00e4 ja muovin k\u00e4yt\u00f6n v\u00e4hent\u00e4misell\u00e4 on maailmaan hyvi\u00e4 vaikutuksia, mutta ilmastonmuutoksen hillinn\u00e4ss\u00e4 niist\u00e4 on vain marginaalinen apu. Ilmastonmuutoksen riitt\u00e4v\u00e4 hillitseminen vaatii suuria muutoksia energiantuotannossa, teollisuudessa, liikenteess\u00e4, asumisessa ja maataloudessa. My\u00f6s luonnon omien hiilinielujen, kuten metsien ja maaper\u00e4n hiilensidontakyky\u00e4 tulee pyrki\u00e4 vahvistamaan. <\/span><\/p>\n<h3><span style=\"font-weight: 400;\">4. Eri toimijoilla on erilaiset roolit<\/span><\/h3>\n<p><span style=\"font-weight: 400;\">Ilmastoratkaisuja tekem\u00e4\u00e4n tarvitaan mahdollisimman paljon ihmisi\u00e4 ja eri alojen osaajia. Yhteiskunnassa eri rooleissa olevilla ihmisill\u00e4 on erilaisia mahdollisuuksia tehd\u00e4 erilaisia ilmastoratkaisuja. Parhaaseen lopputulokseen p\u00e4\u00e4st\u00e4\u00e4n, kun eri toimijat keskittyv\u00e4t niihin asioihin, joihin voivat parhaiten vaikuttaa omasta asemastaan k\u00e4sin. Toisaalta meill\u00e4 on yhteiskunnassa erilaisia rooleja ty\u00f6paikalla, harratustoiminnassa ja kotona ja voimme voimme toimia tehokkaasti jokaisessa n\u00e4ist\u00e4 paikoista.<\/span><\/p>\n<p><span style=\"font-weight: 400;\">TUTKIJAT tutkivat ilmastonmuutoksen syit\u00e4, seurauksia ja parhaita ratkaisumalleja ja v\u00e4litt\u00e4v\u00e4t tutkimustuloksensa yhteiskunnan muiden toimijoiden, erityisesti p\u00e4\u00e4t\u00f6ksentekij\u00f6iden tietoon.<\/span><\/p>\n<p><span style=\"font-weight: 400;\">POLIITIKOT s\u00e4\u00e4t\u00e4v\u00e4t lakeja ja muuttavat verotusta ja tukipolitiikkaa, joiden avulla ymp\u00e4rist\u00f6yst\u00e4v\u00e4lliset valinnat muuttuvat kuluttajille helpoksi ja yhteiskunnan uudet pelis\u00e4\u00e4nn\u00f6t tulevat selviksi yrityksille ja muille toimijoille yhteiskunnassa. Kuntapolitiikassa varmistetaan muun muassa ett\u00e4 kunnan energia- ja hankintapolitiikat ovat kunnossa ja kunnan alueella tehd\u00e4\u00e4n hyv\u00e4\u00e4 <\/span><span style=\"font-weight: 400;\">yhdyskuntasuunnittelua.<\/span><\/p>\n<p><span style=\"font-weight: 400;\">YRITYSTOIMIJAT tutkivat ja kehitt\u00e4v\u00e4t uusia tuotteita ja palveluita, jotka helpottavat muiden toimijoiden ilmastovastuullista toimintaa. Ne my\u00f6s huolehtivat siit\u00e4, ett\u00e4 oma toiminta ei kuormita ilmastoa.<\/span><\/p>\n<p><span style=\"font-weight: 400;\">TOIMITTAJAT ovat vallan vahtikoiria. He kirjoittavat ja puhuvat ilmastonmuutoksen syist\u00e4, seurauksista ja ratkaisumalleista, kysyv\u00e4t oikeita kysymyksi\u00e4 oikeilta toimijoilta, suhtautuvat haastateltavien viesteihin kriittisesti ja tarkistavat faktat ennen juttujen julkaisua.<\/span><\/p>\n<p><span style=\"font-weight: 400;\">KASVATTAJAT kasvattavat kriittiseen ajatteluun ja hyv\u00e4\u00e4n medialukutaitoon kykenevi\u00e4 aktiivisia kansalaisia, joilla on hallussa ainakin ilmastonmuutoksen perusfaktat.<\/span><\/p>\n<p><span style=\"font-weight: 400;\">J\u00c4RJEST\u00d6AMMATTILAISET pit\u00e4v\u00e4t yll\u00e4 yhteiskunnallista keskustelua, nostavat esiin ilmastonmuutokseen liittyvi\u00e4 ongelmia ja tarjoavat niihin ratkaisuja, kannustavat kansalaisia vaikuttamaan kanssaan ja vastaavat visaisiinkin kysymyksiin alansa asiantuntijoina.<\/span><\/p>\n<p><span style=\"font-weight: 400;\">KANSALAISET osallistuvat <\/span><span style=\"font-weight: 400;\">yhteiskunnalliseen vaikuttamiseen mm. painostamalla poliitikkoja kunnianhimoisiin p\u00e4\u00e4t\u00f6ksiin kirjeiden, s\u00e4hk\u00f6postiviestien ja puhelinsoittojen avulla, luomalla ja allekirjoittamalla vetoomuksia, osallistumalla mielenosoituksiin, tekem\u00e4ll\u00e4 \u00e4\u00e4nestysp\u00e4\u00e4t\u00f6kset huolella ja pit\u00e4m\u00e4ll\u00e4 yll\u00e4 kriittist\u00e4 keskustelua somessa ja lehtien palstoilla sek\u00e4 tekem\u00e4ll\u00e4 ilmastovastuullisia kuluttajavalintoja. Kansalaiset (<\/span><span style=\"font-weight: 400;\">lapset, nuoret ja aikuiset)<\/span><span style=\"font-weight: 400;\"> tiet\u00e4v\u00e4t ilmastonmuutoksen perusteista, mutta heid\u00e4n ei tarvitse olla aiheen asiantuntijoita, vaikka he osallistuisivat aktiivisesti yhteiskunnalliseen vaikuttamiseen. Oman arkensa lis\u00e4ksi kansalaiset voivat vaikuttaa my\u00f6s harrastustoiminnassaan niin futisfaijana, ymp\u00e4rist\u00f6aktivistina, partiolaisena, kuorolaulajana tai hyv\u00e4ntekev\u00e4isyysj\u00e4rjest\u00f6n aktiivina. <\/span><\/p>\n<h3><span style=\"font-weight: 400;\">5. Asuminen, liikkuminen, ruoka ja kuluttaminen lis\u00e4\u00e4v\u00e4t ilmaston muuttumista, tai auttavat hidastamaan sit\u00e4 <\/span><\/h3>\n<figure id=\"attachment_14226\" aria-describedby=\"caption-attachment-14226\" style=\"width: 420px\" class=\"wp-caption alignright\"><img decoding=\"async\" class=\" wp-image-14226\" src=\"https:\/\/voima.fi\/hairikot\/wp-content\/uploads\/sites\/9\/2020\/04\/Final-Air-vastis.jpg\" alt=\"\" width=\"420\" height=\"620\" \/><figcaption id=\"caption-attachment-14226\" class=\"wp-caption-text\">Finnair valittiin maan vastuullisimmaksi lentoyhti\u00f6ksi <a href=\"https:\/\/hairikot.voima.fi\/blogi\/illuusio-vastuullisuudesta-rakennetaan-markkinoinnilla\/\">Sustainable Brand Index -kilpailussa<\/a>. Ajatus siit\u00e4, ett\u00e4 lentoyhti\u00f6 voisi olla erityisen vastuullinen ja ymp\u00e4rist\u00f6yst\u00e4v\u00e4llinen on oikeastaan t\u00e4ysin p\u00e4hk\u00e4hullu. Koko toimiala perustuu liikkumistapaan ja liikkumisen volyymin kasvuun, jotka eiv\u00e4t yksinkertaisesti ole toteutettavissa ymp\u00e4rist\u00f6yst\u00e4v\u00e4llisesti.<\/figcaption><\/figure>\n<p><span style=\"font-weight: 400;\">Nykyinen l\u00e4nsimainen el\u00e4m\u00e4ntapa on rakentunut fossiilisten polttoaineiden <\/span><span style=\"font-weight: 400;\">eli hiilen, \u00f6ljyn, maakaasun ja turpeen <\/span><span style=\"font-weight: 400;\">k\u00e4yt\u00f6n varaan. Niiden polttaminen <\/span><span style=\"font-weight: 400;\">energiantuotannossa ja liikenteess\u00e4 <\/span><span style=\"font-weight: 400;\">on merkitt\u00e4vin ilmastonmuutoksen aiheuttaja. P\u00e4\u00e4st\u00f6j\u00e4 <\/span><span style=\"font-weight: 400;\">syntyy my\u00f6s muun muassa maataloudessa, teollisuuden prosesseissa, kaatopaikoilla ja mets\u00e4paloissa. Nyrkkis\u00e4\u00e4nt\u00f6n\u00e4 on, ett\u00e4 <\/span><span style=\"font-weight: 400;\">eniten p\u00e4\u00e4st\u00f6j\u00e4 syntyy asumisesta, liikkumisesta, sy\u00f6misest\u00e4 ja kuluttamisesta. P\u00e4\u00e4st\u00f6jen syntymist\u00e4 v\u00e4hennet\u00e4\u00e4n parhaiten keskittym\u00e4ll\u00e4 eniten p\u00e4\u00e4st\u00f6j\u00e4 aiheuttaviin toimintoihin.<\/span><\/p>\n<p><span style=\"font-weight: 400;\">O<\/span><span style=\"font-weight: 400;\">lemme globaalin ilmastokatastrofin partaalla ja siksi kaikilla sit\u00e4 oikeasti hillitsevill\u00e4 toimilla on merkityst\u00e4. <\/span><span style=\"font-weight: 400;\">Seuraavat teot ovat kuluttajan n\u00e4k\u00f6kulmasta vaikuttavimpia ilmastotekoja. <\/span><span style=\"font-weight: 400;\">Jos et kuluttajana jaksa mietti\u00e4 jokaista valintaasi ilmaston kannalta, kannattaa keskitty\u00e4 n\u00e4ihin. Muu on sipistely\u00e4. Kohdasta 4 voit katsoa, miten yhteiskunnan eri toimijat voivat helpottaa vastuullisten kuluttajavalintojen tekemist\u00e4. <\/span><\/p>\n<p><span style=\"font-weight: 400;\">ASUMINEN: muuta pienemp\u00e4\u00e4n asuntoon, muuta l\u00e4hemm\u00e4ksi ty\u00f6paikkaasi ja palveluita, alenna kotisi l\u00e4mp\u00f6tilaa, vaihda vihre\u00e4\u00e4n s\u00e4hk\u00f6\u00f6n<\/span><span style=\"font-weight: 400;\"><br \/>\n<\/span><span style=\"font-weight: 400;\">LIIKKUMINEN: v\u00e4henn\u00e4 lentomatkustamista, liiku py\u00f6r\u00e4ll\u00e4, k\u00e4vellen tai joukkoliikenteen avulla<\/span><span style=\"font-weight: 400;\"><br \/>\n<\/span><span style=\"font-weight: 400;\">SY\u00d6MINEN: \u00e4l\u00e4 heit\u00e4 ruokaa roskiin, sy\u00f6 enemm\u00e4n kasviksia ja v\u00e4hemm\u00e4n lihaa<\/span><span style=\"font-weight: 400;\"><br \/>\n<\/span><span style=\"font-weight: 400;\">KULUTTAMINEN: kuluta rahaa mahdollisimman v\u00e4h\u00e4n, tarkista, ett\u00e4 s\u00e4\u00e4st\u00f6si (el\u00e4kerahastot, sijoitukset) eiv\u00e4t tue fossiilitaloutta<\/span><\/p>\n<h3><span style=\"font-weight: 400;\">6. Ilmastoratkaisut ovat jo olemassa, ne pit\u00e4\u00e4 vain ottaa k\u00e4ytt\u00f6\u00f6n<\/span><\/h3>\n<p><span style=\"font-weight: 400;\">On jo melko hyvin tiedossa, miten ilmastonmuutos torjutaan. Tutkimusta ja tuotekehityst\u00e4 tarvitaan edelleen, mutta k\u00e4yt\u00e4nn\u00f6ss\u00e4 ilmastonmuutoksen hidastaminen t\u00e4ytyy ja voidaan tehd\u00e4 nyt jo k\u00e4yt\u00f6ss\u00e4 olevilla teknisill\u00e4 ratkaisuilla. Keskeisimm\u00e4t muutokset tehd\u00e4\u00e4n siell\u00e4, miss\u00e4 p\u00e4\u00e4st\u00f6j\u00e4 t\u00e4ll\u00e4 hetkell\u00e4 syntyy eniten. Muutoksia tarvitaan niin <\/span><span style=\"font-weight: 400;\">energiantuotannossa, liikenteess\u00e4, teollisuuden prosesseissa, maataloudessa, kuin kuluttamisessakin.<\/span><\/p>\n<p><span style=\"font-weight: 400;\">Tarvitaan ainoastaan riitt\u00e4v\u00e4 yhteiskunnallinen paine siihen, ett\u00e4 uudenlaiset ratkaisut otetaan k\u00e4ytt\u00f6\u00f6n laajassa mittakaavassa. Suomen itsen\u00e4isyyden juhlarahasto Sitra on listannut <a href=\"https:\/\/www.sitra.fi\/artikkelit\/sata-yhteiskunnan-ilmastotekoa\/\" class=\"external\" rel=\"nofollow\">100 yhteiskunnan ilmastotekoa<\/a>, joiden avulla ratkaisut pannaan k\u00e4yt\u00e4nt\u00f6\u00f6n. Lista alkaa tiukemmilla ilmastotavoitteilla ja vahvemmalla ilmastolailla. Sitten hommiin.<\/span><\/p>\n","protected":false},"excerpt":{"rendered":"<p>T\u00e4rkeist\u00e4 asioista saa ja pit\u00e4\u00e4kin puhua. Ja mit\u00e4 t\u00e4rke\u00e4mpi asia \u2013 kuten ilmastonmuutos \u2013 sit\u00e4 t\u00e4rke\u00e4mp\u00e4\u00e4 on huolehtia faktojen oikeellisuudesta. Ohessa H\u00e4irik\u00f6iden tarkastuslista ilmastokeskusteluun.<\/p>\n","protected":false},"author":718,"featured_media":15160,"comment_status":"open","ping_status":"open","sticky":false,"template":"","format":"standard","meta":{"footnotes":""},"categories":[4],"tags":[63,162,821,825,855,1226,1271,1966,2716,26],"yoast_head":"<!-- This site is optimized with the Yoast SEO plugin v22.7 - https:\/\/yoast.com\/wordpress\/plugins\/seo\/ -->\n<title>\u00c4l\u00e4 mokaa n\u00e4iss\u00e4, kun puhut ilmastosta - H\u00e4irik\u00f6t-p\u00e4\u00e4maja<\/title>\n<meta name=\"robots\" content=\"index, follow, max-snippet:-1, max-image-preview:large, max-video-preview:-1\" \/>\n<link rel=\"canonical\" href=\"https:\/\/voima.fi\/hairikot\/artikkeli\/ala-mokaa-naissa-kun-puhut-ilmastosta\/\" \/>\n<meta property=\"og:locale\" content=\"fi_FI\" \/>\n<meta property=\"og:type\" content=\"article\" \/>\n<meta property=\"og:title\" content=\"\u00c4l\u00e4 mokaa n\u00e4iss\u00e4, kun puhut ilmastosta - H\u00e4irik\u00f6t-p\u00e4\u00e4maja\" \/>\n<meta property=\"og:description\" content=\"T\u00e4rkeist\u00e4 asioista saa ja pit\u00e4\u00e4kin puhua. Ja mit\u00e4 t\u00e4rke\u00e4mpi asia \u2013 kuten ilmastonmuutos \u2013 sit\u00e4 t\u00e4rke\u00e4mp\u00e4\u00e4 on huolehtia faktojen oikeellisuudesta. Ohessa H\u00e4irik\u00f6iden tarkastuslista ilmastokeskusteluun.\" \/>\n<meta property=\"og:url\" content=\"https:\/\/voima.fi\/hairikot\/artikkeli\/ala-mokaa-naissa-kun-puhut-ilmastosta\/\" \/>\n<meta property=\"og:site_name\" content=\"H\u00e4irik\u00f6t-p\u00e4\u00e4maja\" \/>\n<meta property=\"article:published_time\" content=\"2019-04-11T21:00:00+00:00\" \/>\n<meta property=\"article:modified_time\" content=\"2020-08-10T11:01:12+00:00\" \/>\n<meta property=\"og:image\" content=\"https:\/\/voima.fi\/hairikot\/wp-content\/uploads\/sites\/9\/2020\/04\/Ilmastonmuutos_otsikkokuva.png\" \/>\n\t<meta property=\"og:image:width\" content=\"538\" \/>\n\t<meta property=\"og:image:height\" content=\"467\" \/>\n\t<meta property=\"og:image:type\" content=\"image\/png\" \/>\n<meta name=\"author\" content=\"Pinja Sipari\" \/>\n<meta name=\"twitter:card\" content=\"summary_large_image\" \/>\n<meta name=\"twitter:label1\" content=\"Kirjoittanut\" \/>\n\t<meta name=\"twitter:data1\" content=\"Pinja Sipari\" \/>\n\t<meta name=\"twitter:label2\" content=\"Arvioitu lukuaika\" \/>\n\t<meta name=\"twitter:data2\" content=\"7 minuuttia\" \/>\n<script type=\"application\/ld+json\" class=\"yoast-schema-graph\">{\"@context\":\"https:\/\/schema.org\",\"@graph\":[{\"@type\":\"WebPage\",\"@id\":\"https:\/\/voima.fi\/hairikot\/artikkeli\/ala-mokaa-naissa-kun-puhut-ilmastosta\/\",\"url\":\"https:\/\/voima.fi\/hairikot\/artikkeli\/ala-mokaa-naissa-kun-puhut-ilmastosta\/\",\"name\":\"\u00c4l\u00e4 mokaa n\u00e4iss\u00e4, kun puhut ilmastosta - H\u00e4irik\u00f6t-p\u00e4\u00e4maja\",\"isPartOf\":{\"@id\":\"https:\/\/voima.fi\/hairikot\/#website\"},\"primaryImageOfPage\":{\"@id\":\"https:\/\/voima.fi\/hairikot\/artikkeli\/ala-mokaa-naissa-kun-puhut-ilmastosta\/#primaryimage\"},\"image\":{\"@id\":\"https:\/\/voima.fi\/hairikot\/artikkeli\/ala-mokaa-naissa-kun-puhut-ilmastosta\/#primaryimage\"},\"thumbnailUrl\":\"https:\/\/voima.fi\/hairikot\/wp-content\/uploads\/sites\/9\/2020\/04\/Ilmastonmuutos_otsikkokuva.png\",\"datePublished\":\"2019-04-11T21:00:00+00:00\",\"dateModified\":\"2020-08-10T11:01:12+00:00\",\"author\":{\"@id\":\"https:\/\/voima.fi\/hairikot\/#\/schema\/person\/7f400fafec00798106289d569c264bf6\"},\"breadcrumb\":{\"@id\":\"https:\/\/voima.fi\/hairikot\/artikkeli\/ala-mokaa-naissa-kun-puhut-ilmastosta\/#breadcrumb\"},\"inLanguage\":\"fi\",\"potentialAction\":[{\"@type\":\"ReadAction\",\"target\":[\"https:\/\/voima.fi\/hairikot\/artikkeli\/ala-mokaa-naissa-kun-puhut-ilmastosta\/\"]}]},{\"@type\":\"ImageObject\",\"inLanguage\":\"fi\",\"@id\":\"https:\/\/voima.fi\/hairikot\/artikkeli\/ala-mokaa-naissa-kun-puhut-ilmastosta\/#primaryimage\",\"url\":\"https:\/\/voima.fi\/hairikot\/wp-content\/uploads\/sites\/9\/2020\/04\/Ilmastonmuutos_otsikkokuva.png\",\"contentUrl\":\"https:\/\/voima.fi\/hairikot\/wp-content\/uploads\/sites\/9\/2020\/04\/Ilmastonmuutos_otsikkokuva.png\",\"width\":538,\"height\":467},{\"@type\":\"BreadcrumbList\",\"@id\":\"https:\/\/voima.fi\/hairikot\/artikkeli\/ala-mokaa-naissa-kun-puhut-ilmastosta\/#breadcrumb\",\"itemListElement\":[{\"@type\":\"ListItem\",\"position\":1,\"name\":\"Home\",\"item\":\"https:\/\/voima.fi\/hairikot\/\"},{\"@type\":\"ListItem\",\"position\":2,\"name\":\"\u00c4l\u00e4 mokaa n\u00e4iss\u00e4, kun puhut ilmastosta\"}]},{\"@type\":\"WebSite\",\"@id\":\"https:\/\/voima.fi\/hairikot\/#website\",\"url\":\"https:\/\/voima.fi\/hairikot\/\",\"name\":\"H\u00e4irik\u00f6t-p\u00e4\u00e4maja\",\"description\":\"\",\"potentialAction\":[{\"@type\":\"SearchAction\",\"target\":{\"@type\":\"EntryPoint\",\"urlTemplate\":\"https:\/\/voima.fi\/hairikot\/?s={search_term_string}\"},\"query-input\":\"required name=search_term_string\"}],\"inLanguage\":\"fi\"},{\"@type\":\"Person\",\"@id\":\"https:\/\/voima.fi\/hairikot\/#\/schema\/person\/7f400fafec00798106289d569c264bf6\",\"name\":\"Pinja Sipari\",\"image\":{\"@type\":\"ImageObject\",\"inLanguage\":\"fi\",\"@id\":\"https:\/\/voima.fi\/hairikot\/#\/schema\/person\/image\/\",\"url\":\"https:\/\/secure.gravatar.com\/avatar\/a8d319e58f871fbb376b2b86b61bd461?s=96&d=blank&r=g\",\"contentUrl\":\"https:\/\/secure.gravatar.com\/avatar\/a8d319e58f871fbb376b2b86b61bd461?s=96&d=blank&r=g\",\"caption\":\"Pinja Sipari\"},\"url\":\"https:\/\/voima.fi\/hairikot\/artikkeli\/author\/pinja-sipari\/\"}]}<\/script>\n<!-- \/ Yoast SEO plugin. -->","yoast_head_json":{"title":"\u00c4l\u00e4 mokaa n\u00e4iss\u00e4, kun puhut ilmastosta - H\u00e4irik\u00f6t-p\u00e4\u00e4maja","robots":{"index":"index","follow":"follow","max-snippet":"max-snippet:-1","max-image-preview":"max-image-preview:large","max-video-preview":"max-video-preview:-1"},"canonical":"https:\/\/voima.fi\/hairikot\/artikkeli\/ala-mokaa-naissa-kun-puhut-ilmastosta\/","og_locale":"fi_FI","og_type":"article","og_title":"\u00c4l\u00e4 mokaa n\u00e4iss\u00e4, kun puhut ilmastosta - H\u00e4irik\u00f6t-p\u00e4\u00e4maja","og_description":"T\u00e4rkeist\u00e4 asioista saa ja pit\u00e4\u00e4kin puhua. Ja mit\u00e4 t\u00e4rke\u00e4mpi asia \u2013 kuten ilmastonmuutos \u2013 sit\u00e4 t\u00e4rke\u00e4mp\u00e4\u00e4 on huolehtia faktojen oikeellisuudesta. Ohessa H\u00e4irik\u00f6iden tarkastuslista ilmastokeskusteluun.","og_url":"https:\/\/voima.fi\/hairikot\/artikkeli\/ala-mokaa-naissa-kun-puhut-ilmastosta\/","og_site_name":"H\u00e4irik\u00f6t-p\u00e4\u00e4maja","article_published_time":"2019-04-11T21:00:00+00:00","article_modified_time":"2020-08-10T11:01:12+00:00","og_image":[{"width":538,"height":467,"url":"https:\/\/voima.fi\/hairikot\/wp-content\/uploads\/sites\/9\/2020\/04\/Ilmastonmuutos_otsikkokuva.png","type":"image\/png"}],"author":"Pinja Sipari","twitter_card":"summary_large_image","twitter_misc":{"Kirjoittanut":"Pinja Sipari","Arvioitu lukuaika":"7 minuuttia"},"schema":{"@context":"https:\/\/schema.org","@graph":[{"@type":"WebPage","@id":"https:\/\/voima.fi\/hairikot\/artikkeli\/ala-mokaa-naissa-kun-puhut-ilmastosta\/","url":"https:\/\/voima.fi\/hairikot\/artikkeli\/ala-mokaa-naissa-kun-puhut-ilmastosta\/","name":"\u00c4l\u00e4 mokaa n\u00e4iss\u00e4, kun puhut ilmastosta - H\u00e4irik\u00f6t-p\u00e4\u00e4maja","isPartOf":{"@id":"https:\/\/voima.fi\/hairikot\/#website"},"primaryImageOfPage":{"@id":"https:\/\/voima.fi\/hairikot\/artikkeli\/ala-mokaa-naissa-kun-puhut-ilmastosta\/#primaryimage"},"image":{"@id":"https:\/\/voima.fi\/hairikot\/artikkeli\/ala-mokaa-naissa-kun-puhut-ilmastosta\/#primaryimage"},"thumbnailUrl":"https:\/\/voima.fi\/hairikot\/wp-content\/uploads\/sites\/9\/2020\/04\/Ilmastonmuutos_otsikkokuva.png","datePublished":"2019-04-11T21:00:00+00:00","dateModified":"2020-08-10T11:01:12+00:00","author":{"@id":"https:\/\/voima.fi\/hairikot\/#\/schema\/person\/7f400fafec00798106289d569c264bf6"},"breadcrumb":{"@id":"https:\/\/voima.fi\/hairikot\/artikkeli\/ala-mokaa-naissa-kun-puhut-ilmastosta\/#breadcrumb"},"inLanguage":"fi","potentialAction":[{"@type":"ReadAction","target":["https:\/\/voima.fi\/hairikot\/artikkeli\/ala-mokaa-naissa-kun-puhut-ilmastosta\/"]}]},{"@type":"ImageObject","inLanguage":"fi","@id":"https:\/\/voima.fi\/hairikot\/artikkeli\/ala-mokaa-naissa-kun-puhut-ilmastosta\/#primaryimage","url":"https:\/\/voima.fi\/hairikot\/wp-content\/uploads\/sites\/9\/2020\/04\/Ilmastonmuutos_otsikkokuva.png","contentUrl":"https:\/\/voima.fi\/hairikot\/wp-content\/uploads\/sites\/9\/2020\/04\/Ilmastonmuutos_otsikkokuva.png","width":538,"height":467},{"@type":"BreadcrumbList","@id":"https:\/\/voima.fi\/hairikot\/artikkeli\/ala-mokaa-naissa-kun-puhut-ilmastosta\/#breadcrumb","itemListElement":[{"@type":"ListItem","position":1,"name":"Home","item":"https:\/\/voima.fi\/hairikot\/"},{"@type":"ListItem","position":2,"name":"\u00c4l\u00e4 mokaa n\u00e4iss\u00e4, kun puhut ilmastosta"}]},{"@type":"WebSite","@id":"https:\/\/voima.fi\/hairikot\/#website","url":"https:\/\/voima.fi\/hairikot\/","name":"H\u00e4irik\u00f6t-p\u00e4\u00e4maja","description":"","potentialAction":[{"@type":"SearchAction","target":{"@type":"EntryPoint","urlTemplate":"https:\/\/voima.fi\/hairikot\/?s={search_term_string}"},"query-input":"required name=search_term_string"}],"inLanguage":"fi"},{"@type":"Person","@id":"https:\/\/voima.fi\/hairikot\/#\/schema\/person\/7f400fafec00798106289d569c264bf6","name":"Pinja Sipari","image":{"@type":"ImageObject","inLanguage":"fi","@id":"https:\/\/voima.fi\/hairikot\/#\/schema\/person\/image\/","url":"https:\/\/secure.gravatar.com\/avatar\/a8d319e58f871fbb376b2b86b61bd461?s=96&d=blank&r=g","contentUrl":"https:\/\/secure.gravatar.com\/avatar\/a8d319e58f871fbb376b2b86b61bd461?s=96&d=blank&r=g","caption":"Pinja Sipari"},"url":"https:\/\/voima.fi\/hairikot\/artikkeli\/author\/pinja-sipari\/"}]}},"enclosure":{"image":"https:\/\/voima.fi\/hairikot\/wp-content\/uploads\/sites\/9\/2020\/04\/Ilmastonmuutos_otsikkokuva.png"},"meta:avatar":"","geolocation":[],"meta:youtube":null,"meta:vimeo":null,"meta:duration":null,"_links":{"self":[{"href":"https:\/\/voima.fi\/hairikot\/wp-json\/wp\/v2\/posts\/17670"}],"collection":[{"href":"https:\/\/voima.fi\/hairikot\/wp-json\/wp\/v2\/posts"}],"about":[{"href":"https:\/\/voima.fi\/hairikot\/wp-json\/wp\/v2\/types\/post"}],"author":[{"embeddable":true,"href":"https:\/\/voima.fi\/hairikot\/wp-json\/wp\/v2\/users\/718"}],"replies":[{"embeddable":true,"href":"https:\/\/voima.fi\/hairikot\/wp-json\/wp\/v2\/comments?post=17670"}],"version-history":[{"count":1,"href":"https:\/\/voima.fi\/hairikot\/wp-json\/wp\/v2\/posts\/17670\/revisions"}],"predecessor-version":[{"id":18244,"href":"https:\/\/voima.fi\/hairikot\/wp-json\/wp\/v2\/posts\/17670\/revisions\/18244"}],"wp:featuredmedia":[{"embeddable":true,"href":"https:\/\/voima.fi\/hairikot\/wp-json\/wp\/v2\/media\/15160"}],"wp:attachment":[{"href":"https:\/\/voima.fi\/hairikot\/wp-json\/wp\/v2\/media?parent=17670"}],"wp:term":[{"taxonomy":"category","embeddable":true,"href":"https:\/\/voima.fi\/hairikot\/wp-json\/wp\/v2\/categories?post=17670"},{"taxonomy":"post_tag","embeddable":true,"href":"https:\/\/voima.fi\/hairikot\/wp-json\/wp\/v2\/tags?post=17670"}],"curies":[{"name":"wp","href":"https:\/\/api.w.org\/{rel}","templated":true}]}}