{"id":17658,"date":"2019-01-11T00:00:00","date_gmt":"2019-01-10T22:00:00","guid":{"rendered":"http:\/\/voima.fi\/hairikot\/blogi\/nigeriassa-koulutettu-satoja-ilmastotoimittajia"},"modified":"2020-08-10T14:01:13","modified_gmt":"2020-08-10T11:01:13","slug":"nigeriassa-koulutettu-satoja-ilmastotoimittajia","status":"publish","type":"post","link":"https:\/\/voima.fi\/hairikot\/artikkeli\/nigeriassa-koulutettu-satoja-ilmastotoimittajia\/","title":{"rendered":"Nigeriassa on koulutettu satoja ilmastotoimittajia"},"content":{"rendered":"<div class=\"mceTemp\"><\/div>\n<figure id=\"attachment_14075\" aria-describedby=\"caption-attachment-14075\" style=\"width: 300px\" class=\"wp-caption alignright\"><img decoding=\"async\" class=\"size-thumbnail wp-image-14075\" src=\"https:\/\/voima.fi\/hairikot\/wp-content\/uploads\/sites\/9\/2020\/04\/Philip-pic.jpg\" alt=\"Tekstin kirjoittaja Philip Jakpor on toimittaja ja aktivisti Nigerian v\u00e4kirikkaimmasta kaupungista, Lagosista. Ty\u00f6ss\u00e4\u00e4n Philip on muun muassa kouluttanut satoja nigerialaisia toimittajia kirjoittamaan ilmastoaiheista asiantuntevasti ja ymm\u00e4rrett\u00e4v\u00e4sti.\" width=\"300\" height=\"300\" \/><figcaption id=\"caption-attachment-14075\" class=\"wp-caption-text\">Tekstin kirjoittaja Philip Jakpor on toimittaja ja aktivisti Nigerian v\u00e4kirikkaimmasta kaupungista, Lagosista. Ty\u00f6ss\u00e4\u00e4n Philip on muun muassa kouluttanut satoja nigerialaisia toimittajia kirjoittamaan ilmastoaiheista asiantuntevasti ja ymm\u00e4rrett\u00e4v\u00e4sti.<\/figcaption><\/figure>\n<p><span style=\"font-weight: 400;\">Se, mit\u00e4 tapahtuu yhdess\u00e4 paikassa, vaikuttaa nyky\u00e4\u00e4n usein my\u00f6s maapallon muihin osiin ja alueisiin. Siksi ilmastonmuutoksen torjunta on t\u00e4rke\u00e4\u00e4 kaikkialla maailmassa. J\u00e4\u00e4vuorten sulaminen pohjoisnavalla aiheuttaa ep\u00e4suorasti rannikkokaupunkien tulvimista globaalissa etel\u00e4ss\u00e4 ja Etel\u00e4-Nigeriassa sijaitsevan Nigerjoen suiston \u00f6ljykenttien kasvihuonekaasup\u00e4\u00e4st\u00f6t voimistavat aavikoitumista maan pohjoisosissa. T\u00e4m\u00e4nkaltaisten tapahtumien ja muiden ilmastonmuutoksen seurausten vuoksi ilmastokatastrofin torjumiseen tarvitaan mukaan mahdollisimman paljon ihmisi\u00e4. <\/span><\/p>\n<blockquote><p>\u201cMaassamme n\u00e4hd\u00e4\u00e4n jo paljon ilmastonmuutoksen \u200b\u200bmerkkej\u00e4\u201d<\/p><\/blockquote>\n<p><span style=\"font-weight: 400;\">Ilmastonmuutoksen vaikutukset ovat alkaneet n\u00e4ky\u00e4 Nigeriassa selv\u00e4sti viimeisen kymmenen vuoden aikana. K\u00e4\u00e4nnekohtana oli vuosi 2012, jolloin poikkeuksellisen voimakkaat sateet johtivat laajoihin tulviin 21:ssa Nigerian 36 osavaltiosta. Sateet pakottivat hallituksen avaamaan Lagdo- ja Kainji-padot Nigeriassa ja naapurimaassa Kamerunissa, jotta tulvavesi ei romahduttaisi patoja. Patojen avaamisen vuoksi Niger- ja Benue-jokien rantojen kyl\u00e4t tulvivat, viljelymaita tuhoutui tulvavesien mukana ja yli 300 ihmist\u00e4 kuoli. Sittemmin tapahtuma on toistunut jo useita kertoja. <\/span><\/p>\n<p><span style=\"font-weight: 400;\">Toisaalta my\u00f6s Saharan autiomaa levi\u00e4\u00e4 ilmaston muuttumisen my\u00f6t\u00e4 maamme pohjoisissa osavaltioissa. Saharan levitess\u00e4 Chad-j\u00e4rvi on alkanut kutistua siten, ett\u00e4 kun vuonna 1963 se oli kooltaan 25 000 km2, on se nyt kooltaan en\u00e4\u00e4 1500 km2, ja kutistuminen jatkuu yh\u00e4. Nigerian lis\u00e4ksi my\u00f6s naapurimaat T\u0161ad, Niger ja Kamerun tarvitsevat j\u00e4rve\u00e4 kalastukseen ja maatalouteen. Aiemmin noin 20 miljoonaa ihmist\u00e4 sai elantonsa j\u00e4rvest\u00e4. J\u00e4rven kuivumisen vuoksi monet paimennusta harjoittavat maanviljelij\u00e4t ovat jo joutuneet muuttamaan uusille asuinalueille. T\u00e4m\u00e4 on aiheuttanut yh\u00e4 v\u00e4kivaltaisemmiksi k\u00e4yvi\u00e4 konflikteja ihmisten v\u00e4lille, sill\u00e4 maata ei en\u00e4\u00e4 meinaa riitt\u00e4\u00e4 riitt\u00e4v\u00e4n ravinnon turvaamiseen ihmisille ja el\u00e4imille. Chad-j\u00e4rven kuivuminen on vaikuttanut my\u00f6s kalanviljelyyn, v\u00e4hent\u00e4nt\u00e4nyt kasteluveden k\u00e4yt\u00f6n mahdollisuutta maanviljelyss\u00e4 ja jopa juomaveden m\u00e4\u00e4r\u00e4\u00e4. <\/span><\/p>\n<p><span style=\"font-weight: 400;\">Maamme etel\u00e4osissa, Atlantin valtameren rannoilla ilmastonmuutoksen vaikutukset n\u00e4kyv\u00e4t tulvivana meren\u00e4. Valtameri on alkanut tulvia moniin suuriin rannikkokaupunkeihin, kuten Lekkiin, Akahiin ja Jakandeen Lagosin osavaltiossa, jossa itse asun. Meri on jo niellyt rannikon kyli\u00e4 ja Lagosin aiemmin kuuluisia lomakeskuksia, kuten Bar Beachin ja Alfa Beachin. L\u00e4hialueiden asukkaat el\u00e4v\u00e4t nyky\u00e4\u00e4n jatkuvassa tulvien pelossa.<\/span><\/p>\n<p><img decoding=\"async\" class=\"alignnone size-medium wp-image-14076\" src=\"https:\/\/voima.fi\/hairikot\/wp-content\/uploads\/sites\/9\/2020\/04\/Philip-3-scaled.jpg\" alt=\"\" width=\"1000\" height=\"667\" \/><\/p>\n<blockquote><p>\u201cKiinnostuin ymp\u00e4rist\u00f6kysymyksist\u00e4 ty\u00f6ss\u00e4ni toimittajana\u201d<\/p><\/blockquote>\n<p><span style=\"font-weight: 400;\">Olen opiskellut joukkoviestint\u00e4\u00e4 korkea-asteen oppilaitoksessa ja 2000-luvun alussa ty\u00f6skentelin maatalouteen ja energiakysymyksiin erikoistuneena toimittajana. Ty\u00f6 sai minut kiinnostumaan vaikutuksista, joita yrityksill\u00e4 on talouteen, ymp\u00e4rist\u00f6\u00f6n ja ennen kaikkea ihmisiin. Valitettavasti vaikutukset ihmisiin eiv\u00e4t aina ole my\u00f6nteisi\u00e4, ja usein yritykset tekev\u00e4t paljon t\u00f6it\u00e4 piilottaakseen n\u00e4it\u00e4 tietoja julkisesta keskustelusta. Toimittajana tutustuin moniin ihmisiin, joiden el\u00e4m\u00e4\u00e4n Shellin kaltaiset suuryritykset ovat vaikuttaneet haitallisesti ja n\u00e4in miten esimerkiksi yritysten harjoittama kaivostoiminta likaa ilmaa ja voimistaa ilmastonmuutosta. Halusin tuoda n\u00e4it\u00e4 ongelmia julkiseen tietoisuuteen. <\/span><\/p>\n<p><span style=\"font-weight: 400;\">Vuodesta 2007 l\u00e4htien olen ty\u00f6skennellyt Nigerian Maan Yst\u00e4viss\u00e4 (Environmental Rights Action \/Friends of the Earth Nigeria), joka on ymp\u00e4rist\u00f6oikeudellisiin kysymyksiin keskittyv\u00e4 kansalaisj\u00e4rjest\u00f6. J\u00e4rjest\u00f6mme vaatii, ett\u00e4 Nigerian hallitus tarttuu ilmastotoimiin vakavissaan. Tavoitteenamme on lopettaa Nigerian riippuvuus fossiilisista polttoaineista ja l\u00f6yt\u00e4\u00e4 puhtaita ja turvallisia energiantuotantotapoja. Teemme t\u00f6it\u00e4 sellaisten ihmisten puolesta, joiden el\u00e4m\u00e4\u00e4n \u00f6ljynporaus Nigerjoen suistossa vaikuttaa suoraan, sek\u00e4 kaikkien niiden puolesta, joihin \u00f6ljynporauksen aiheuttamat ilmastovaikutukset osuvat. <\/span><\/p>\n<blockquote><p>\u201cNigeriassa on osaavia ilmastotoimittajia\u201d<\/p><\/blockquote>\n<p><span style=\"font-weight: 400;\">Vuonna 2009 aloimme kouluttaa toimittajia, jotta he ymm\u00e4rt\u00e4isiv\u00e4t ilmastonmuutoksen vaikutuksia, osaisivat raportoida tapahtumista ja sit\u00e4 kautta lis\u00e4isiv\u00e4t ilmastotoimintaa maassamme kaikilla yhteiskunnan tasoilla. Nyt olemme kouluttaneet jo yli 200 toimittajaa ilmastonmuutoksen todellisuudesta kaikilta niilt\u00e4 alueilta maassamme, joihin ilmastonmuutos suoraan vaikuttaa. Koulutukset on toteuttu yhdess\u00e4 suomalaisen Viestint\u00e4 ja kehitys -s\u00e4\u00e4ti\u00f6n, sek\u00e4 suomalaisten ymp\u00e4rist\u00f6toimittajien kanssa. Ty\u00f6t\u00e4 on tukenut Suomen ulkoministeri\u00f6.<\/span><\/p>\n<p><span style=\"font-weight: 400;\">Koulutuksissa toimittajat oppivat ilmastonmuutoksesta ja muista globaaleista ymp\u00e4rist\u00f6ongelmista ja ymm\u00e4rt\u00e4v\u00e4t paremmin ilmastonmuutoksen merkkej\u00e4. Lis\u00e4ksi he oppivat haastattelutekniikoita ja uusien viestint\u00e4v\u00e4lineiden k\u00e4ytt\u00e4mist\u00e4 ideoiden levitt\u00e4misess\u00e4 sek\u00e4 verkostoitumistaitoja. Koulutusten my\u00f6t\u00e4 toimittajat vierailevat ilmastonmuutoksen koskettamilla alueilla ja kuuntelevat ihmisten tarinoita, joiden my\u00f6t\u00e4 ilmastonmuutoksen tragediat saavat inhimilliset kasvot. He oppivat ottamaan hyvi\u00e4 ja merkityksellisi\u00e4 valokuvia ja kirjoittamaan ilmi\u00f6st\u00e4 ja sen vaikutuksista juttuja, joita kaikki ihmiset Nigerian eri yhteiskuntaluokissa ymm\u00e4rt\u00e4v\u00e4t. <\/span><\/p>\n<p><span style=\"font-weight: 400;\">T\u00e4t\u00e4 nyky\u00e4 kaikista nigerialaisista sanomalehdist\u00e4 voi lukea hyvin pohjustettuja ilmastonmuutosreportaaseja ja useimmissa tomituksissa on my\u00f6s ymp\u00e4rist\u00f6asioihin keskittynyt toimittaja. Toimittajat ovat my\u00f6s muodostaneet kest\u00e4v\u00e4n ymp\u00e4rist\u00f6n journalistialoitteen (Journalist Initiative for Sustainable Environment), joka toimii perustana heid\u00e4n sitoutumiselleen ymp\u00e4rist\u00f6n puolesta toimimiseen ja mahdollistaa toimittajien verkostoitumisen yli Nigerian rajojen. <\/span><\/p>\n<p><span style=\"font-weight: 400;\">T\u00e4ll\u00e4 hetkell\u00e4 meit\u00e4 kiinnostaa my\u00f6s se, miten voimme kouluttaa paikallisyhteis\u00f6jen ihmisi\u00e4 tunnistamaan ja dokumentoimaan ilmastonmuutoksen merkkej\u00e4 sek\u00e4 kertomaan niiden pohjalta omia vaikuttavia tarinoitaan ilmastonmuutoksen vaikutuksista.<\/span><\/p>\n<blockquote><p>\u201cIlmastonmuutosta ja sen vaikutuksia ymm\u00e4rret\u00e4\u00e4n nyt selv\u00e4sti paremmin\u201d<\/p><\/blockquote>\n<p><span style=\"font-weight: 400;\">Kasvava joukko nigerialaisten on nyt tietoisempi ilmastonmuutoksesta ja painostaa hallitusta sitoutumaan ongelmien ratkaisemiseen. Suuren yleis\u00f6n kasvanutta ymm\u00e4rryst\u00e4 on vauhdittanut toimittajien lis\u00e4\u00e4ntynyt kyky raportoida ongelmista ja ratkaisun mahdollisuuksista suurelle yleis\u00f6lle ja poliittisille p\u00e4\u00e4tt\u00e4jille. My\u00f6s Nigerian ymp\u00e4rist\u00f6ministeri\u00f6 osallistuu nyt enemm\u00e4n kansainv\u00e4lisiin toimiin ilmastonmuutoksen torjumiseksi, kuten YK:n ilmastonmuutosta koskeva yleissopimuksen toteuttamiseen (UNFCCC), sek\u00e4 pyrkii omalta osaltaan auttamaan kansalaisia ymm\u00e4rt\u00e4m\u00e4\u00e4n ilmi\u00f6t\u00e4.<\/span><\/p>\n<p><img decoding=\"async\" class=\"alignnone size-medium wp-image-14078\" src=\"https:\/\/voima.fi\/hairikot\/wp-content\/uploads\/sites\/9\/2020\/04\/Philip-4-scaled.jpg\" alt=\"\" width=\"1000\" height=\"667\" \/><\/p>\n<p>\u2014\u2014\u2014\u2014\u2014\u2014\u2014\u2014\u2014\u2014\u2014\u2014\u2014\u2014\u2014\u2014\u2014\u2014\u2014\u2014\u2014\u2014\u2014\u2014\u2014\u2014\u2014<\/p>\n<p><em>Teksti on osa Ilmastoterveisi\u00e4 Etel\u00e4st\u00e4 -hankkeen blogisarjaa, jossa julkaistaan globaalin etel\u00e4n ilmastotoimijoiden kirjoituksia. Seuraa hanketta\u00a0<a href=\"https:\/\/facebook.com\/IlmastoterveisiaEtelasta\/\" class=\"external\" rel=\"nofollow\">Facebookissa<\/a>!<\/em><\/p>\n[ilmastoterveisia]\n","protected":false},"excerpt":{"rendered":"<p>Se, mit\u00e4 tapahtuu yhdess\u00e4 paikassa, vaikuttaa nyky\u00e4\u00e4n usein my\u00f6s maapallon muihin osiin ja alueisiin. Siksi ilmastonmuutoksen torjunta on t\u00e4rke\u00e4\u00e4 kaikkialla maailmassa. J\u00e4\u00e4vuorten sulaminen pohjoisnavalla aiheuttaa ep\u00e4suorasti rannikkokaupunkien tulvimista globaalissa etel\u00e4ss\u00e4 ja Etel\u00e4-Nigeriassa sijaitsevan Nigerjoen suiston \u00f6ljykenttien kasvihuonekaasup\u00e4\u00e4st\u00f6t voimistavat aavikoitumista maan pohjoisosissa. T\u00e4m\u00e4nkaltaisten tapahtumien ja muiden ilmastonmuutoksen seurausten vuoksi ilmastokatastrofin torjumiseen tarvitaan mukaan mahdollisimman paljon ihmisi\u00e4. [&hellip;]<\/p>\n","protected":false},"author":737,"featured_media":15142,"comment_status":"open","ping_status":"open","sticky":false,"template":"","format":"standard","meta":{"footnotes":""},"categories":[7],"tags":[],"yoast_head":"<!-- This site is optimized with the Yoast SEO plugin v22.7 - https:\/\/yoast.com\/wordpress\/plugins\/seo\/ -->\n<title>Nigeriassa on koulutettu satoja ilmastotoimittajia - H\u00e4irik\u00f6t-p\u00e4\u00e4maja<\/title>\n<meta name=\"robots\" content=\"index, follow, max-snippet:-1, max-image-preview:large, max-video-preview:-1\" \/>\n<link rel=\"canonical\" href=\"https:\/\/voima.fi\/hairikot\/artikkeli\/nigeriassa-koulutettu-satoja-ilmastotoimittajia\/\" \/>\n<meta property=\"og:locale\" content=\"fi_FI\" \/>\n<meta property=\"og:type\" content=\"article\" \/>\n<meta property=\"og:title\" content=\"Nigeriassa on koulutettu satoja ilmastotoimittajia - H\u00e4irik\u00f6t-p\u00e4\u00e4maja\" \/>\n<meta property=\"og:description\" content=\"Se, mit\u00e4 tapahtuu yhdess\u00e4 paikassa, vaikuttaa nyky\u00e4\u00e4n usein my\u00f6s maapallon muihin osiin ja alueisiin. Siksi ilmastonmuutoksen torjunta on t\u00e4rke\u00e4\u00e4 kaikkialla maailmassa. J\u00e4\u00e4vuorten sulaminen pohjoisnavalla aiheuttaa ep\u00e4suorasti rannikkokaupunkien tulvimista globaalissa etel\u00e4ss\u00e4 ja Etel\u00e4-Nigeriassa sijaitsevan Nigerjoen suiston \u00f6ljykenttien kasvihuonekaasup\u00e4\u00e4st\u00f6t voimistavat aavikoitumista maan pohjoisosissa. T\u00e4m\u00e4nkaltaisten tapahtumien ja muiden ilmastonmuutoksen seurausten vuoksi ilmastokatastrofin torjumiseen tarvitaan mukaan mahdollisimman paljon ihmisi\u00e4. [&hellip;]\" \/>\n<meta property=\"og:url\" content=\"https:\/\/voima.fi\/hairikot\/artikkeli\/nigeriassa-koulutettu-satoja-ilmastotoimittajia\/\" \/>\n<meta property=\"og:site_name\" content=\"H\u00e4irik\u00f6t-p\u00e4\u00e4maja\" \/>\n<meta property=\"article:published_time\" content=\"2019-01-10T22:00:00+00:00\" \/>\n<meta property=\"article:modified_time\" content=\"2020-08-10T11:01:13+00:00\" \/>\n<meta property=\"og:image\" content=\"https:\/\/voima.fi\/hairikot\/wp-content\/uploads\/sites\/9\/2020\/04\/Philip-2-scaled.jpg\" \/>\n\t<meta property=\"og:image:width\" content=\"2560\" \/>\n\t<meta property=\"og:image:height\" content=\"1439\" \/>\n\t<meta property=\"og:image:type\" content=\"image\/jpeg\" \/>\n<meta name=\"author\" content=\"Ilmastoterveisi\u00e4 Etel\u00e4st\u00e4\" \/>\n<meta name=\"twitter:card\" content=\"summary_large_image\" \/>\n<meta name=\"twitter:label1\" content=\"Kirjoittanut\" \/>\n\t<meta name=\"twitter:data1\" content=\"Ilmastoterveisi\u00e4 Etel\u00e4st\u00e4\" \/>\n\t<meta name=\"twitter:label2\" content=\"Arvioitu lukuaika\" \/>\n\t<meta name=\"twitter:data2\" content=\"4 minuuttia\" \/>\n<script type=\"application\/ld+json\" class=\"yoast-schema-graph\">{\"@context\":\"https:\/\/schema.org\",\"@graph\":[{\"@type\":\"WebPage\",\"@id\":\"https:\/\/voima.fi\/hairikot\/artikkeli\/nigeriassa-koulutettu-satoja-ilmastotoimittajia\/\",\"url\":\"https:\/\/voima.fi\/hairikot\/artikkeli\/nigeriassa-koulutettu-satoja-ilmastotoimittajia\/\",\"name\":\"Nigeriassa on koulutettu satoja ilmastotoimittajia - H\u00e4irik\u00f6t-p\u00e4\u00e4maja\",\"isPartOf\":{\"@id\":\"https:\/\/voima.fi\/hairikot\/#website\"},\"primaryImageOfPage\":{\"@id\":\"https:\/\/voima.fi\/hairikot\/artikkeli\/nigeriassa-koulutettu-satoja-ilmastotoimittajia\/#primaryimage\"},\"image\":{\"@id\":\"https:\/\/voima.fi\/hairikot\/artikkeli\/nigeriassa-koulutettu-satoja-ilmastotoimittajia\/#primaryimage\"},\"thumbnailUrl\":\"https:\/\/voima.fi\/hairikot\/wp-content\/uploads\/sites\/9\/2020\/04\/Philip-2-scaled.jpg\",\"datePublished\":\"2019-01-10T22:00:00+00:00\",\"dateModified\":\"2020-08-10T11:01:13+00:00\",\"author\":{\"@id\":\"https:\/\/voima.fi\/hairikot\/#\/schema\/person\/59230e8043d930ba726beb4dfc75e32f\"},\"breadcrumb\":{\"@id\":\"https:\/\/voima.fi\/hairikot\/artikkeli\/nigeriassa-koulutettu-satoja-ilmastotoimittajia\/#breadcrumb\"},\"inLanguage\":\"fi\",\"potentialAction\":[{\"@type\":\"ReadAction\",\"target\":[\"https:\/\/voima.fi\/hairikot\/artikkeli\/nigeriassa-koulutettu-satoja-ilmastotoimittajia\/\"]}]},{\"@type\":\"ImageObject\",\"inLanguage\":\"fi\",\"@id\":\"https:\/\/voima.fi\/hairikot\/artikkeli\/nigeriassa-koulutettu-satoja-ilmastotoimittajia\/#primaryimage\",\"url\":\"https:\/\/voima.fi\/hairikot\/wp-content\/uploads\/sites\/9\/2020\/04\/Philip-2-scaled.jpg\",\"contentUrl\":\"https:\/\/voima.fi\/hairikot\/wp-content\/uploads\/sites\/9\/2020\/04\/Philip-2-scaled.jpg\",\"width\":2560,\"height\":1439},{\"@type\":\"BreadcrumbList\",\"@id\":\"https:\/\/voima.fi\/hairikot\/artikkeli\/nigeriassa-koulutettu-satoja-ilmastotoimittajia\/#breadcrumb\",\"itemListElement\":[{\"@type\":\"ListItem\",\"position\":1,\"name\":\"Home\",\"item\":\"https:\/\/voima.fi\/hairikot\/\"},{\"@type\":\"ListItem\",\"position\":2,\"name\":\"Nigeriassa on koulutettu satoja ilmastotoimittajia\"}]},{\"@type\":\"WebSite\",\"@id\":\"https:\/\/voima.fi\/hairikot\/#website\",\"url\":\"https:\/\/voima.fi\/hairikot\/\",\"name\":\"H\u00e4irik\u00f6t-p\u00e4\u00e4maja\",\"description\":\"\",\"potentialAction\":[{\"@type\":\"SearchAction\",\"target\":{\"@type\":\"EntryPoint\",\"urlTemplate\":\"https:\/\/voima.fi\/hairikot\/?s={search_term_string}\"},\"query-input\":\"required name=search_term_string\"}],\"inLanguage\":\"fi\"},{\"@type\":\"Person\",\"@id\":\"https:\/\/voima.fi\/hairikot\/#\/schema\/person\/59230e8043d930ba726beb4dfc75e32f\",\"name\":\"Ilmastoterveisi\u00e4 Etel\u00e4st\u00e4\",\"image\":{\"@type\":\"ImageObject\",\"inLanguage\":\"fi\",\"@id\":\"https:\/\/voima.fi\/hairikot\/#\/schema\/person\/image\/\",\"url\":\"https:\/\/secure.gravatar.com\/avatar\/5b417c909d83d5fcf04e62ded292b224?s=96&d=blank&r=g\",\"contentUrl\":\"https:\/\/secure.gravatar.com\/avatar\/5b417c909d83d5fcf04e62ded292b224?s=96&d=blank&r=g\",\"caption\":\"Ilmastoterveisi\u00e4 Etel\u00e4st\u00e4\"},\"url\":\"https:\/\/voima.fi\/hairikot\/artikkeli\/author\/ilmastoterveisia\/\"}]}<\/script>\n<!-- \/ Yoast SEO plugin. -->","yoast_head_json":{"title":"Nigeriassa on koulutettu satoja ilmastotoimittajia - H\u00e4irik\u00f6t-p\u00e4\u00e4maja","robots":{"index":"index","follow":"follow","max-snippet":"max-snippet:-1","max-image-preview":"max-image-preview:large","max-video-preview":"max-video-preview:-1"},"canonical":"https:\/\/voima.fi\/hairikot\/artikkeli\/nigeriassa-koulutettu-satoja-ilmastotoimittajia\/","og_locale":"fi_FI","og_type":"article","og_title":"Nigeriassa on koulutettu satoja ilmastotoimittajia - H\u00e4irik\u00f6t-p\u00e4\u00e4maja","og_description":"Se, mit\u00e4 tapahtuu yhdess\u00e4 paikassa, vaikuttaa nyky\u00e4\u00e4n usein my\u00f6s maapallon muihin osiin ja alueisiin. Siksi ilmastonmuutoksen torjunta on t\u00e4rke\u00e4\u00e4 kaikkialla maailmassa. J\u00e4\u00e4vuorten sulaminen pohjoisnavalla aiheuttaa ep\u00e4suorasti rannikkokaupunkien tulvimista globaalissa etel\u00e4ss\u00e4 ja Etel\u00e4-Nigeriassa sijaitsevan Nigerjoen suiston \u00f6ljykenttien kasvihuonekaasup\u00e4\u00e4st\u00f6t voimistavat aavikoitumista maan pohjoisosissa. T\u00e4m\u00e4nkaltaisten tapahtumien ja muiden ilmastonmuutoksen seurausten vuoksi ilmastokatastrofin torjumiseen tarvitaan mukaan mahdollisimman paljon ihmisi\u00e4. [&hellip;]","og_url":"https:\/\/voima.fi\/hairikot\/artikkeli\/nigeriassa-koulutettu-satoja-ilmastotoimittajia\/","og_site_name":"H\u00e4irik\u00f6t-p\u00e4\u00e4maja","article_published_time":"2019-01-10T22:00:00+00:00","article_modified_time":"2020-08-10T11:01:13+00:00","og_image":[{"width":2560,"height":1439,"url":"https:\/\/voima.fi\/hairikot\/wp-content\/uploads\/sites\/9\/2020\/04\/Philip-2-scaled.jpg","type":"image\/jpeg"}],"author":"Ilmastoterveisi\u00e4 Etel\u00e4st\u00e4","twitter_card":"summary_large_image","twitter_misc":{"Kirjoittanut":"Ilmastoterveisi\u00e4 Etel\u00e4st\u00e4","Arvioitu lukuaika":"4 minuuttia"},"schema":{"@context":"https:\/\/schema.org","@graph":[{"@type":"WebPage","@id":"https:\/\/voima.fi\/hairikot\/artikkeli\/nigeriassa-koulutettu-satoja-ilmastotoimittajia\/","url":"https:\/\/voima.fi\/hairikot\/artikkeli\/nigeriassa-koulutettu-satoja-ilmastotoimittajia\/","name":"Nigeriassa on koulutettu satoja ilmastotoimittajia - H\u00e4irik\u00f6t-p\u00e4\u00e4maja","isPartOf":{"@id":"https:\/\/voima.fi\/hairikot\/#website"},"primaryImageOfPage":{"@id":"https:\/\/voima.fi\/hairikot\/artikkeli\/nigeriassa-koulutettu-satoja-ilmastotoimittajia\/#primaryimage"},"image":{"@id":"https:\/\/voima.fi\/hairikot\/artikkeli\/nigeriassa-koulutettu-satoja-ilmastotoimittajia\/#primaryimage"},"thumbnailUrl":"https:\/\/voima.fi\/hairikot\/wp-content\/uploads\/sites\/9\/2020\/04\/Philip-2-scaled.jpg","datePublished":"2019-01-10T22:00:00+00:00","dateModified":"2020-08-10T11:01:13+00:00","author":{"@id":"https:\/\/voima.fi\/hairikot\/#\/schema\/person\/59230e8043d930ba726beb4dfc75e32f"},"breadcrumb":{"@id":"https:\/\/voima.fi\/hairikot\/artikkeli\/nigeriassa-koulutettu-satoja-ilmastotoimittajia\/#breadcrumb"},"inLanguage":"fi","potentialAction":[{"@type":"ReadAction","target":["https:\/\/voima.fi\/hairikot\/artikkeli\/nigeriassa-koulutettu-satoja-ilmastotoimittajia\/"]}]},{"@type":"ImageObject","inLanguage":"fi","@id":"https:\/\/voima.fi\/hairikot\/artikkeli\/nigeriassa-koulutettu-satoja-ilmastotoimittajia\/#primaryimage","url":"https:\/\/voima.fi\/hairikot\/wp-content\/uploads\/sites\/9\/2020\/04\/Philip-2-scaled.jpg","contentUrl":"https:\/\/voima.fi\/hairikot\/wp-content\/uploads\/sites\/9\/2020\/04\/Philip-2-scaled.jpg","width":2560,"height":1439},{"@type":"BreadcrumbList","@id":"https:\/\/voima.fi\/hairikot\/artikkeli\/nigeriassa-koulutettu-satoja-ilmastotoimittajia\/#breadcrumb","itemListElement":[{"@type":"ListItem","position":1,"name":"Home","item":"https:\/\/voima.fi\/hairikot\/"},{"@type":"ListItem","position":2,"name":"Nigeriassa on koulutettu satoja ilmastotoimittajia"}]},{"@type":"WebSite","@id":"https:\/\/voima.fi\/hairikot\/#website","url":"https:\/\/voima.fi\/hairikot\/","name":"H\u00e4irik\u00f6t-p\u00e4\u00e4maja","description":"","potentialAction":[{"@type":"SearchAction","target":{"@type":"EntryPoint","urlTemplate":"https:\/\/voima.fi\/hairikot\/?s={search_term_string}"},"query-input":"required name=search_term_string"}],"inLanguage":"fi"},{"@type":"Person","@id":"https:\/\/voima.fi\/hairikot\/#\/schema\/person\/59230e8043d930ba726beb4dfc75e32f","name":"Ilmastoterveisi\u00e4 Etel\u00e4st\u00e4","image":{"@type":"ImageObject","inLanguage":"fi","@id":"https:\/\/voima.fi\/hairikot\/#\/schema\/person\/image\/","url":"https:\/\/secure.gravatar.com\/avatar\/5b417c909d83d5fcf04e62ded292b224?s=96&d=blank&r=g","contentUrl":"https:\/\/secure.gravatar.com\/avatar\/5b417c909d83d5fcf04e62ded292b224?s=96&d=blank&r=g","caption":"Ilmastoterveisi\u00e4 Etel\u00e4st\u00e4"},"url":"https:\/\/voima.fi\/hairikot\/artikkeli\/author\/ilmastoterveisia\/"}]}},"enclosure":{"image":"https:\/\/voima.fi\/hairikot\/wp-content\/uploads\/sites\/9\/2020\/04\/Philip-2-scaled.jpg"},"meta:avatar":"","geolocation":[],"meta:youtube":null,"meta:vimeo":null,"meta:duration":null,"_links":{"self":[{"href":"https:\/\/voima.fi\/hairikot\/wp-json\/wp\/v2\/posts\/17658"}],"collection":[{"href":"https:\/\/voima.fi\/hairikot\/wp-json\/wp\/v2\/posts"}],"about":[{"href":"https:\/\/voima.fi\/hairikot\/wp-json\/wp\/v2\/types\/post"}],"author":[{"embeddable":true,"href":"https:\/\/voima.fi\/hairikot\/wp-json\/wp\/v2\/users\/737"}],"replies":[{"embeddable":true,"href":"https:\/\/voima.fi\/hairikot\/wp-json\/wp\/v2\/comments?post=17658"}],"version-history":[{"count":1,"href":"https:\/\/voima.fi\/hairikot\/wp-json\/wp\/v2\/posts\/17658\/revisions"}],"predecessor-version":[{"id":18254,"href":"https:\/\/voima.fi\/hairikot\/wp-json\/wp\/v2\/posts\/17658\/revisions\/18254"}],"wp:featuredmedia":[{"embeddable":true,"href":"https:\/\/voima.fi\/hairikot\/wp-json\/wp\/v2\/media\/15142"}],"wp:attachment":[{"href":"https:\/\/voima.fi\/hairikot\/wp-json\/wp\/v2\/media?parent=17658"}],"wp:term":[{"taxonomy":"category","embeddable":true,"href":"https:\/\/voima.fi\/hairikot\/wp-json\/wp\/v2\/categories?post=17658"},{"taxonomy":"post_tag","embeddable":true,"href":"https:\/\/voima.fi\/hairikot\/wp-json\/wp\/v2\/tags?post=17658"}],"curies":[{"name":"wp","href":"https:\/\/api.w.org\/{rel}","templated":true}]}}