{"id":17654,"date":"2018-12-22T00:00:00","date_gmt":"2018-12-21T22:00:00","guid":{"rendered":"http:\/\/voima.fi\/hairikot\/blogi\/lihan-syomisesta-sensuurista"},"modified":"2020-08-10T14:01:14","modified_gmt":"2020-08-10T11:01:14","slug":"lihan-syomisesta-sensuurista","status":"publish","type":"post","link":"https:\/\/voima.fi\/hairikot\/artikkeli\/lihan-syomisesta-sensuurista\/","title":{"rendered":"lihan sy\u00f6misest\u00e4 ja sensuurista"},"content":{"rendered":"<p><em>El\u00e4insuhteemme on mit\u00e4 erikoisin ja siit\u00e4 puhuminen on usein vaikeata. Veikkaus oy p\u00e4\u00e4tti reagoida keskusteluun sensuurilla.<span class=\"Apple-converted-space\">\u00a0<\/span><\/em><\/p>\n<p><strong>Lasten tekem\u00e4ss\u00e4<\/strong> nukketeatterissa oli sankareina kolme urheaa pikkupossua. Iso paha susi puolestaan halusi sy\u00f6d\u00e4 sankaripossut.<span class=\"Apple-converted-space\">\u00a0<\/span><\/p>\n<figure id=\"attachment_11786\" aria-describedby=\"caption-attachment-11786\" style=\"width: 406px\" class=\"wp-caption alignright\"><img decoding=\"async\" class=\"size-full wp-image-11786\" src=\"https:\/\/voima.fi\/hairikot\/wp-content\/uploads\/sites\/9\/2020\/04\/JCDecorate.jpg\" alt=\"Voima kommentoi Animalian mainosten poistamista katukuvasta tuoreeltaan vastamainoksen muodossa. P\u00e4\u00e4sinp\u00e4 my\u00f6s puhumaan aiheesta Animalian ja JCDecauxin edustajien kanssa. T\u00e4m\u00e4 ja muut Voiman vastikset osoitteesta: http:\/\/uusi.voima.fi\/vastamainokset\" width=\"406\" height=\"600\" \/><figcaption id=\"caption-attachment-11786\" class=\"wp-caption-text\">Mainosyhti\u00f6 JCDecaux poisti taannoin Animalian el\u00e4intuotantoon liittyv\u00e4t julisteet telineist\u00e4\u00e4n. Moni ep\u00e4ili syyn\u00e4 olleen se, ett\u00e4 Animalian julisteet saivat vieress\u00e4 m\u00f6k\u00f6tt\u00e4neet M\u00e4kk\u00e4rin ja Saarioisten mainokset n\u00e4ytt\u00e4m\u00e4\u00e4n huonoilta. \u00a0Voima kommentoi tapahtunutta \u00a0tuoreeltaan vastamainoksen muodossa. P\u00e4\u00e4sinp\u00e4 my\u00f6s puhumaan aiheesta Animalian ja JCDecauxin edustajien kanssa<\/figcaption><\/figure>\n<p>Sek\u00e4 esityksen tehneet lapset, ett\u00e4 me yleis\u00f6ss\u00e4 istuneet aikuiset samaistuimme urheisiin possuihin ja toivoimme ep\u00e4onnea sudelle. Pian esityksen j\u00e4lkeen monet esiintyjist\u00e4 ja katsojista mutustelivat itse possua.<\/p>\n<p>Harvoin on yhteiskuntamme ristiriitaisuus ja p\u00e4hk\u00e4hulluus ollut n\u00e4in ilmeist\u00e4.<span class=\"Apple-converted-space\">\u00a0<\/span><\/p>\n<p><strong>Empatiaa ja el\u00e4insuhdettamme<\/strong> tutkinut <strong>Elisa Aaltola<\/strong>\u00a0puhui t\u00e4st\u00e4 ristiriidasta Veikkauksen\u00a0<em>Inhimillisi\u00e4 uutisia<\/em> -julkaisulle. Tuo artikkeli sensuroitiin ex-kansanedustaja <strong>Mikko K\u00e4rn\u00e4n<\/strong> vaatimuksesta.\u00a0Kuten tunnettua, internet ei unohda ja tuo sensuroitu artikkeli l\u00f6ytyy <a href=\"https:\/\/poistyopoydalta.blogspot.com\/2018\/12\/empatia-ja-elaintuotanto-mahdoton-yhtalo.html?fbclid=IwAR36KmILoNLeiOsSI4s1HbIkxZdocnk_XY3w795XYhtMwMTNMNJSo0QA4yQ&amp;m=1\" class=\"external\" rel=\"nofollow\">t\u00e4\u00e4lt\u00e4<\/a>.<span class=\"Apple-converted-space\">\u00a0<\/span><\/p>\n<p>Palataan kuitenkin t\u00e4h\u00e4n sensuuriin sen j\u00e4lkeen, kun olemme katsoneet, mit\u00e4 sanottavaa Aaltolalla oli.<\/p>\n<p>\u201d\u2019Ihmisell\u00e4 on taipumus olla n\u00e4kem\u00e4tt\u00e4 ik\u00e4vi\u00e4 asioita ja totuuksia, jotka sotivat omia etuja tai jo opittuja ajatusmalleja vastaan. Suhteemme el\u00e4imiin on juuri t\u00e4llaisen k\u00e4ytt\u00e4ytymisen ristipaineessa.\u2019<\/p>\n<p>Tuottajissa on my\u00f6s el\u00e4inrakkaita ihmisi\u00e4, vaikka tutkimuksen valossa he harvinaisuus ovatkin.\u2019\u201d<\/p>\n<p>Aaltola puhuu haastattelussa my\u00f6s lihaparadoksista. Paradoksi rakentuu sen varaan, ett\u00e4 me samanaikaisesti ilmoitamme rakastavamme el\u00e4imi\u00e4, mutta my\u00f6s hyv\u00e4ksymme tuotantoel\u00e4inten oikeuksien tallaamisen ja sy\u00f6mme niit\u00e4 satujen sankaripossuja. Aaltola muistuttaa lis\u00e4ksi lajien v\u00e4lisist\u00e4 eroista.<span class=\"Apple-converted-space\">\u00a0<\/span><\/p>\n<p><span class=\"Apple-converted-space\">\u00a0<\/span>\u201dLajit ovat eriarvoisessa asemassa. Toisinaan lemmikin rakastamisen ajatellaan, tiedostamattomasti, olevan jo riitt\u00e4v\u00e4 osoitus el\u00e4inrakkaudesta, mit\u00e4 puolestaan pidet\u00e4\u00e4n yleisesti hyv\u00e4ksytt\u00e4v\u00e4n\u00e4 piirteen\u00e4. Lemmikit saattavat olla er\u00e4\u00e4nlaisia toteemiel\u00e4imi\u00e4, niiden rooli on olla symbolina sille, ett\u00e4 kyll\u00e4 min\u00e4 el\u00e4imi\u00e4 kunnioitan\u201d.<\/p>\n<figure id=\"attachment_12617\" aria-describedby=\"caption-attachment-12617\" style=\"width: 474px\" class=\"wp-caption alignright\"><img decoding=\"async\" class=\"size-large wp-image-12617\" src=\"https:\/\/voima.fi\/hairikot\/wp-content\/uploads\/sites\/9\/2020\/04\/Ateria-artikkelikuva1-1024x748.png\" alt=\"Ateria, innovaatio, ruokainnovaatio, leikkele, Suomi100, \" width=\"474\" height=\"346\" \/><figcaption id=\"caption-attachment-12617\" class=\"wp-caption-text\">Miten suhtautuisimme uutuustuotteeseen leikkelehyllyll\u00e4, mik\u00e4li paketin kyljess\u00e4 meit\u00e4 katselisikin kissa? Olisiko joulukissasta joulukinkun kilpailijaksi? Jos ei, niin miksi? N\u00e4it\u00e4kin kysymyksi\u00e4 py\u00f6rittelimme Innovaatioleikkeleet-vastamainosten avulla.<\/figcaption><\/figure>\n<p><strong>Ehk\u00e4 ex-kansanedustaja<\/strong> K\u00e4rn\u00e4 tiet\u00e4\u00e4 paremmin. Samalla, kun h\u00e4n kertoo tietonsa, niin ehk\u00e4p\u00e4 h\u00e4n voisi selitt\u00e4\u00e4 my\u00f6s sen, mist\u00e4 h\u00e4nen hinkunsa sensuuria kohtaan kumpuaa.<\/p>\n<p>En tosin pid\u00e4ttele hengityst\u00e4ni.<\/p>\n<p>Aaltola itse kertoi saamastaan palautteesta <a href=\"https:\/\/hermithounds.com\/2018\/12\/21\/rakkaus-ja-elaimet\/?fbclid=IwAR2i591GT_4IoO5kToI-osH2hReBEe7VfIOonINTVPBMUOQgIjhyF_65luw\" class=\"external\" rel=\"nofollow\">blogissaan<\/a>, jossa h\u00e4n my\u00f6s listaa tutkimuksia, joiden tuloksiin h\u00e4n Veikkauksen sensuroimassa artikkelissa viittasi.<span class=\"Apple-converted-space\">\u00a0<\/span><\/p>\n<p>\u201dVeikkauksen johtaja kertoi minulle, ett\u00e4 p\u00e4\u00e4t\u00f6s ei johtunut jutun sis\u00e4ll\u00f6st\u00e4 vaan siit\u00e4, ett\u00e4 se oli her\u00e4tt\u00e4nyt voimakkaan reaktion.\u201d<\/p>\n<figure id=\"attachment_12619\" aria-describedby=\"caption-attachment-12619\" style=\"width: 474px\" class=\"wp-caption alignright\"><img decoding=\"async\" class=\"size-large wp-image-12619\" src=\"https:\/\/voima.fi\/hairikot\/wp-content\/uploads\/sites\/9\/2020\/04\/Heppa_nettiin-701x1024.jpg\" alt=\"&quot;Rahalla saa ja hevosesta piisaa.&quot; Miksi hevosen liha einespaketissa aiheuttaa skandaalin ja kohun? Saako hepasta tehd\u00e4 makkaraa, vai onko se lemmikki? Lis\u00e4\u00e4 hevosen elintarvikepotentiaalista t\u00e4\u00e4ll\u00e4. \" width=\"474\" height=\"692\" \/><figcaption id=\"caption-attachment-12619\" class=\"wp-caption-text\">&#8221;Rahalla saa ja hevosesta piisaa.&#8221; Miksi hevosen liha einespaketissa aiheuttaa skandaalin ja kohun? Saako hepasta tehd\u00e4 makkaraa, vai onko se lemmikki?<\/figcaption><\/figure>\n<p><strong>Kun huomasin<\/strong> uutisen t\u00e4st\u00e4 sensuroimisp\u00e4\u00e4t\u00f6ksest\u00e4 Elisa Aaltolan Facebook-sein\u00e4ll\u00e4, k\u00e4vi mieless\u00e4 my\u00f6s median kriisi. Veikkauksen<em> Inhimillisi\u00e4 uutisiahan<\/em> ei ole journalistisesti toimiva media, vaan se on osa Veikkauksen yritysviestint\u00e4\u00e4. Ja yritysviestinn\u00e4ss\u00e4 noudatetaan hieman erilaisia s\u00e4\u00e4nt\u00f6j\u00e4, kuin journalismissa. Esimerkiksi tiukassa poliittisessa ohjauksessa oleva, uhkapelimonopolia py\u00f6ritt\u00e4v\u00e4 yhti\u00f6 voi kuunnella poliitikkojen ajatuksia hieman tarpeettomankin herk\u00e4ll\u00e4 korvalla.<span class=\"Apple-converted-space\">\u00a0<\/span><\/p>\n<p>2000-luvulla riehaantunut median kriisi on myll\u00e4nnyt alaa monin tavoin ja esimerkiksi teknologinen kehitys on liittynyt kriisiin oleellisesti. Perinteinen media ei en\u00e4\u00e4 hallitse jakelukanavia ja tietysti t\u00e4m\u00e4n my\u00f6t\u00e4 resurssit, eli raha, jakautuu uusilla tavoilla. Kun journalismin resurssit ovat huvenneet, ovat esimerkiksi viestint\u00e4toimistot tahoillaan palkanneet niit\u00e4 osaavimpia toimittajia riveihins\u00e4. T\u00e4m\u00e4 ei ole pelk\u00e4st\u00e4\u00e4n hyv\u00e4 asia ja <strong>Salla Vuorikoski<\/strong> avasikin t\u00e4t\u00e4 ongelmaa sek\u00e4 journalismin ja kaupallisen sis\u00e4ll\u00f6ntuotannon v\u00e4list\u00e4 eroa ansiokkaasti <a href=\"https:\/\/suomenkuvalehti.fi\/vuorikoski\/poliitikon-kiukku-sai-veikkaus-pomon-poistamaan-uutisjutun-tapaus-alleviivaa-journalismin-ja-pr-tyon-eroa\/?shared=1001-7c28b166-999&amp;fbclid=IwAR05fV5thBgkl9-qwdlWn9DfyU73UMCoJTHg7vAfWCJn0wU9zkTSZ4SW2No\" class=\"external\" rel=\"nofollow\">Suomen kuvalehdess\u00e4<\/a>.<span class=\"Apple-converted-space\">\u00a0<\/span><\/p>\n<p>\u201dKeskeinen ero journalismissa ja kaupallisissa sis\u00e4ll\u00f6iss\u00e4 liittyy riippumattomuuteen. J\u00e4lkimm\u00e4isess\u00e4 sis\u00e4ll\u00f6t m\u00e4\u00e4r\u00e4\u00e4 lopulta tiukassa tilanteessa maksaja, jonka lauluja sis\u00e4ll\u00f6ntuottaja laulaa. Tarvittaessa ep\u00e4sopiva sis\u00e4lt\u00f6 vaikka poistetaan, mutta tyypillist\u00e4 on, ett\u00e4 sellaisia ei l\u00e4ht\u00f6kohtaisesti edes l\u00e4hdet\u00e4 tekem\u00e4\u00e4n.<\/p>\n<p>Journalismissa ensisijaista on rahoittajasta riippumaton pyrkimys totuuteen ja aiheiden monipuoliseen k\u00e4sittelyyn. Aina siin\u00e4 ei onnistuta, mutta n\u00e4it\u00e4 tavoitteita vasten journalismin onnistumista voi joka tapauksessa arvioida.\u201d<\/p>\n<p>Journalismi on tietenkin aina ihmisten tekem\u00e4\u00e4 ja sik\u00e4li altis virheille. Ja esimerkiksi tuore skandaali, kun paljastui, ett\u00e4 <a href=\"https:\/\/yle.fi\/uutiset\/3-10564201\" class=\"external\" rel=\"nofollow\"><em>Der Spiegelin<\/em><\/a> toimittaja oli tekaissut haastatteluja j\u00e4rjestelm\u00e4llisesti muistuttaa siit\u00e4, ett\u00e4 inhimillisi\u00e4 prosesseja pit\u00e4\u00e4 seurata valppaasti.<span class=\"Apple-converted-space\">\u00a0Journalismiin sis\u00e4ltyy t\u00e4m\u00e4 sis\u00e4inen korjausmekanismi, yritysviestint\u00e4\u00e4n ei.<\/span><\/p>\n<p>Ex-kansanedustaja K\u00e4rn\u00e4n ja Veikkauksen toiminta muistuttavat meit\u00e4 kaikkia siit\u00e4, ett\u00e4 tarvitsemme journalismia, joka ei n\u00f6yristele poliitikkojen edess\u00e4 ja joka ei toimi pelk\u00e4st\u00e4\u00e4n edustamansa yhti\u00f6n mainoskanavana. Ehk\u00e4 t\u00e4st\u00e4 muikkarista voimme K\u00e4rn\u00e4\u00e4 kiitt\u00e4\u00e4, muilta osin h\u00e4vetk\u00f6\u00f6n.<span class=\"Apple-converted-space\">\u00a0<\/span><\/p>\n","protected":false},"excerpt":{"rendered":"<p>El\u00e4insuhteemme on mit\u00e4 erikoisin ja siit\u00e4 puhuminen on usein vaikeata. Veikkaus oy p\u00e4\u00e4tti reagoida keskusteluun sensuurilla.<\/p>\n","protected":false},"author":122,"featured_media":15134,"comment_status":"open","ping_status":"open","sticky":false,"template":"","format":"standard","meta":{"footnotes":""},"categories":[5],"tags":[23,474,1260,1059,1385,2246,2775,2797],"yoast_head":"<!-- This site is optimized with the Yoast SEO plugin v22.7 - https:\/\/yoast.com\/wordpress\/plugins\/seo\/ -->\n<title>lihan sy\u00f6misest\u00e4 ja sensuurista - H\u00e4irik\u00f6t-p\u00e4\u00e4maja<\/title>\n<meta name=\"robots\" content=\"index, follow, max-snippet:-1, max-image-preview:large, max-video-preview:-1\" \/>\n<link rel=\"canonical\" href=\"https:\/\/voima.fi\/hairikot\/artikkeli\/lihan-syomisesta-sensuurista\/\" \/>\n<meta property=\"og:locale\" content=\"fi_FI\" \/>\n<meta property=\"og:type\" content=\"article\" \/>\n<meta property=\"og:title\" content=\"lihan sy\u00f6misest\u00e4 ja sensuurista - H\u00e4irik\u00f6t-p\u00e4\u00e4maja\" \/>\n<meta property=\"og:description\" content=\"El\u00e4insuhteemme on mit\u00e4 erikoisin ja siit\u00e4 puhuminen on usein vaikeata. Veikkaus oy p\u00e4\u00e4tti reagoida keskusteluun sensuurilla.\" \/>\n<meta property=\"og:url\" content=\"https:\/\/voima.fi\/hairikot\/artikkeli\/lihan-syomisesta-sensuurista\/\" \/>\n<meta property=\"og:site_name\" content=\"H\u00e4irik\u00f6t-p\u00e4\u00e4maja\" \/>\n<meta property=\"article:published_time\" content=\"2018-12-21T22:00:00+00:00\" \/>\n<meta property=\"article:modified_time\" content=\"2020-08-10T11:01:14+00:00\" \/>\n<meta property=\"og:image\" content=\"https:\/\/voima.fi\/hairikot\/wp-content\/uploads\/sites\/9\/2020\/04\/Ateria_otskikkokuva2-1024x622.png\" \/>\n\t<meta property=\"og:image:width\" content=\"1024\" \/>\n\t<meta property=\"og:image:height\" content=\"622\" \/>\n\t<meta property=\"og:image:type\" content=\"image\/png\" \/>\n<meta name=\"author\" content=\"Jari Tamminen\" \/>\n<meta name=\"twitter:card\" content=\"summary_large_image\" \/>\n<meta name=\"twitter:label1\" content=\"Kirjoittanut\" \/>\n\t<meta name=\"twitter:data1\" content=\"Jari Tamminen\" \/>\n\t<meta name=\"twitter:label2\" content=\"Arvioitu lukuaika\" \/>\n\t<meta name=\"twitter:data2\" content=\"4 minuuttia\" \/>\n<script type=\"application\/ld+json\" class=\"yoast-schema-graph\">{\"@context\":\"https:\/\/schema.org\",\"@graph\":[{\"@type\":\"WebPage\",\"@id\":\"https:\/\/voima.fi\/hairikot\/artikkeli\/lihan-syomisesta-sensuurista\/\",\"url\":\"https:\/\/voima.fi\/hairikot\/artikkeli\/lihan-syomisesta-sensuurista\/\",\"name\":\"lihan sy\u00f6misest\u00e4 ja sensuurista - H\u00e4irik\u00f6t-p\u00e4\u00e4maja\",\"isPartOf\":{\"@id\":\"https:\/\/voima.fi\/hairikot\/#website\"},\"primaryImageOfPage\":{\"@id\":\"https:\/\/voima.fi\/hairikot\/artikkeli\/lihan-syomisesta-sensuurista\/#primaryimage\"},\"image\":{\"@id\":\"https:\/\/voima.fi\/hairikot\/artikkeli\/lihan-syomisesta-sensuurista\/#primaryimage\"},\"thumbnailUrl\":\"https:\/\/voima.fi\/hairikot\/wp-content\/uploads\/sites\/9\/2020\/04\/Ateria_otskikkokuva2.png\",\"datePublished\":\"2018-12-21T22:00:00+00:00\",\"dateModified\":\"2020-08-10T11:01:14+00:00\",\"author\":{\"@id\":\"https:\/\/voima.fi\/hairikot\/#\/schema\/person\/523ff68c19f1381d78529f38bb76e7fe\"},\"breadcrumb\":{\"@id\":\"https:\/\/voima.fi\/hairikot\/artikkeli\/lihan-syomisesta-sensuurista\/#breadcrumb\"},\"inLanguage\":\"fi\",\"potentialAction\":[{\"@type\":\"ReadAction\",\"target\":[\"https:\/\/voima.fi\/hairikot\/artikkeli\/lihan-syomisesta-sensuurista\/\"]}]},{\"@type\":\"ImageObject\",\"inLanguage\":\"fi\",\"@id\":\"https:\/\/voima.fi\/hairikot\/artikkeli\/lihan-syomisesta-sensuurista\/#primaryimage\",\"url\":\"https:\/\/voima.fi\/hairikot\/wp-content\/uploads\/sites\/9\/2020\/04\/Ateria_otskikkokuva2.png\",\"contentUrl\":\"https:\/\/voima.fi\/hairikot\/wp-content\/uploads\/sites\/9\/2020\/04\/Ateria_otskikkokuva2.png\",\"width\":1459,\"height\":886},{\"@type\":\"BreadcrumbList\",\"@id\":\"https:\/\/voima.fi\/hairikot\/artikkeli\/lihan-syomisesta-sensuurista\/#breadcrumb\",\"itemListElement\":[{\"@type\":\"ListItem\",\"position\":1,\"name\":\"Home\",\"item\":\"https:\/\/voima.fi\/hairikot\/\"},{\"@type\":\"ListItem\",\"position\":2,\"name\":\"lihan sy\u00f6misest\u00e4 ja sensuurista\"}]},{\"@type\":\"WebSite\",\"@id\":\"https:\/\/voima.fi\/hairikot\/#website\",\"url\":\"https:\/\/voima.fi\/hairikot\/\",\"name\":\"H\u00e4irik\u00f6t-p\u00e4\u00e4maja\",\"description\":\"\",\"potentialAction\":[{\"@type\":\"SearchAction\",\"target\":{\"@type\":\"EntryPoint\",\"urlTemplate\":\"https:\/\/voima.fi\/hairikot\/?s={search_term_string}\"},\"query-input\":\"required name=search_term_string\"}],\"inLanguage\":\"fi\"},{\"@type\":\"Person\",\"@id\":\"https:\/\/voima.fi\/hairikot\/#\/schema\/person\/523ff68c19f1381d78529f38bb76e7fe\",\"name\":\"Jari Tamminen\",\"image\":{\"@type\":\"ImageObject\",\"inLanguage\":\"fi\",\"@id\":\"https:\/\/voima.fi\/hairikot\/#\/schema\/person\/image\/\",\"url\":\"https:\/\/secure.gravatar.com\/avatar\/e5c0bb16f2efc1924afe37fc190f8ce1?s=96&d=blank&r=g\",\"contentUrl\":\"https:\/\/secure.gravatar.com\/avatar\/e5c0bb16f2efc1924afe37fc190f8ce1?s=96&d=blank&r=g\",\"caption\":\"Jari Tamminen\"},\"description\":\"Kulttuurih\u00e4irint\u00e4 on taiteen ja aktivismin j\u00e4nnitt\u00e4v\u00e4\u00e4 lomittumista: odottamaton performanssi katuvilin\u00e4ss\u00e4, vallattuja mainostauluja ja mainosparodioita. Se on k\u00e4site, joka yhdist\u00e4\u00e4 yhteiskunnallista kommentaaria ja luovaa vastarintaa. T\u00e4ss\u00e4 blogissa Voiman Jari Tamminen hahmottaa maailmaa kulttuurih\u00e4irinn\u00e4n n\u00e4k\u00f6kulmasta. Lis\u00e4\u00e4 Tammisen huomioita kulttuurih\u00e4irinn\u00e4st\u00e4 voi lukea Voimasta, H\u00e4irik\u00f6t \u2013 Kulttuurih\u00e4irinn\u00e4n aakkoset -kirjasta ja p\u00e4ivitt\u00e4in osoitteesta www.facebook.com\/hairikot.\",\"sameAs\":[\"http:\/\/www.facebook.com\/hairikot\"],\"url\":\"https:\/\/voima.fi\/hairikot\/artikkeli\/author\/hairikko\/\"}]}<\/script>\n<!-- \/ Yoast SEO plugin. -->","yoast_head_json":{"title":"lihan sy\u00f6misest\u00e4 ja sensuurista - H\u00e4irik\u00f6t-p\u00e4\u00e4maja","robots":{"index":"index","follow":"follow","max-snippet":"max-snippet:-1","max-image-preview":"max-image-preview:large","max-video-preview":"max-video-preview:-1"},"canonical":"https:\/\/voima.fi\/hairikot\/artikkeli\/lihan-syomisesta-sensuurista\/","og_locale":"fi_FI","og_type":"article","og_title":"lihan sy\u00f6misest\u00e4 ja sensuurista - H\u00e4irik\u00f6t-p\u00e4\u00e4maja","og_description":"El\u00e4insuhteemme on mit\u00e4 erikoisin ja siit\u00e4 puhuminen on usein vaikeata. Veikkaus oy p\u00e4\u00e4tti reagoida keskusteluun sensuurilla.","og_url":"https:\/\/voima.fi\/hairikot\/artikkeli\/lihan-syomisesta-sensuurista\/","og_site_name":"H\u00e4irik\u00f6t-p\u00e4\u00e4maja","article_published_time":"2018-12-21T22:00:00+00:00","article_modified_time":"2020-08-10T11:01:14+00:00","og_image":[{"width":1024,"height":622,"url":"https:\/\/voima.fi\/hairikot\/wp-content\/uploads\/sites\/9\/2020\/04\/Ateria_otskikkokuva2-1024x622.png","type":"image\/png"}],"author":"Jari Tamminen","twitter_card":"summary_large_image","twitter_misc":{"Kirjoittanut":"Jari Tamminen","Arvioitu lukuaika":"4 minuuttia"},"schema":{"@context":"https:\/\/schema.org","@graph":[{"@type":"WebPage","@id":"https:\/\/voima.fi\/hairikot\/artikkeli\/lihan-syomisesta-sensuurista\/","url":"https:\/\/voima.fi\/hairikot\/artikkeli\/lihan-syomisesta-sensuurista\/","name":"lihan sy\u00f6misest\u00e4 ja sensuurista - H\u00e4irik\u00f6t-p\u00e4\u00e4maja","isPartOf":{"@id":"https:\/\/voima.fi\/hairikot\/#website"},"primaryImageOfPage":{"@id":"https:\/\/voima.fi\/hairikot\/artikkeli\/lihan-syomisesta-sensuurista\/#primaryimage"},"image":{"@id":"https:\/\/voima.fi\/hairikot\/artikkeli\/lihan-syomisesta-sensuurista\/#primaryimage"},"thumbnailUrl":"https:\/\/voima.fi\/hairikot\/wp-content\/uploads\/sites\/9\/2020\/04\/Ateria_otskikkokuva2.png","datePublished":"2018-12-21T22:00:00+00:00","dateModified":"2020-08-10T11:01:14+00:00","author":{"@id":"https:\/\/voima.fi\/hairikot\/#\/schema\/person\/523ff68c19f1381d78529f38bb76e7fe"},"breadcrumb":{"@id":"https:\/\/voima.fi\/hairikot\/artikkeli\/lihan-syomisesta-sensuurista\/#breadcrumb"},"inLanguage":"fi","potentialAction":[{"@type":"ReadAction","target":["https:\/\/voima.fi\/hairikot\/artikkeli\/lihan-syomisesta-sensuurista\/"]}]},{"@type":"ImageObject","inLanguage":"fi","@id":"https:\/\/voima.fi\/hairikot\/artikkeli\/lihan-syomisesta-sensuurista\/#primaryimage","url":"https:\/\/voima.fi\/hairikot\/wp-content\/uploads\/sites\/9\/2020\/04\/Ateria_otskikkokuva2.png","contentUrl":"https:\/\/voima.fi\/hairikot\/wp-content\/uploads\/sites\/9\/2020\/04\/Ateria_otskikkokuva2.png","width":1459,"height":886},{"@type":"BreadcrumbList","@id":"https:\/\/voima.fi\/hairikot\/artikkeli\/lihan-syomisesta-sensuurista\/#breadcrumb","itemListElement":[{"@type":"ListItem","position":1,"name":"Home","item":"https:\/\/voima.fi\/hairikot\/"},{"@type":"ListItem","position":2,"name":"lihan sy\u00f6misest\u00e4 ja sensuurista"}]},{"@type":"WebSite","@id":"https:\/\/voima.fi\/hairikot\/#website","url":"https:\/\/voima.fi\/hairikot\/","name":"H\u00e4irik\u00f6t-p\u00e4\u00e4maja","description":"","potentialAction":[{"@type":"SearchAction","target":{"@type":"EntryPoint","urlTemplate":"https:\/\/voima.fi\/hairikot\/?s={search_term_string}"},"query-input":"required name=search_term_string"}],"inLanguage":"fi"},{"@type":"Person","@id":"https:\/\/voima.fi\/hairikot\/#\/schema\/person\/523ff68c19f1381d78529f38bb76e7fe","name":"Jari Tamminen","image":{"@type":"ImageObject","inLanguage":"fi","@id":"https:\/\/voima.fi\/hairikot\/#\/schema\/person\/image\/","url":"https:\/\/secure.gravatar.com\/avatar\/e5c0bb16f2efc1924afe37fc190f8ce1?s=96&d=blank&r=g","contentUrl":"https:\/\/secure.gravatar.com\/avatar\/e5c0bb16f2efc1924afe37fc190f8ce1?s=96&d=blank&r=g","caption":"Jari Tamminen"},"description":"Kulttuurih\u00e4irint\u00e4 on taiteen ja aktivismin j\u00e4nnitt\u00e4v\u00e4\u00e4 lomittumista: odottamaton performanssi katuvilin\u00e4ss\u00e4, vallattuja mainostauluja ja mainosparodioita. Se on k\u00e4site, joka yhdist\u00e4\u00e4 yhteiskunnallista kommentaaria ja luovaa vastarintaa. T\u00e4ss\u00e4 blogissa Voiman Jari Tamminen hahmottaa maailmaa kulttuurih\u00e4irinn\u00e4n n\u00e4k\u00f6kulmasta. Lis\u00e4\u00e4 Tammisen huomioita kulttuurih\u00e4irinn\u00e4st\u00e4 voi lukea Voimasta, H\u00e4irik\u00f6t \u2013 Kulttuurih\u00e4irinn\u00e4n aakkoset -kirjasta ja p\u00e4ivitt\u00e4in osoitteesta www.facebook.com\/hairikot.","sameAs":["http:\/\/www.facebook.com\/hairikot"],"url":"https:\/\/voima.fi\/hairikot\/artikkeli\/author\/hairikko\/"}]}},"enclosure":{"image":"https:\/\/voima.fi\/hairikot\/wp-content\/uploads\/sites\/9\/2020\/04\/Ateria_otskikkokuva2.png"},"meta:avatar":"","geolocation":[],"meta:youtube":null,"meta:vimeo":null,"meta:duration":null,"_links":{"self":[{"href":"https:\/\/voima.fi\/hairikot\/wp-json\/wp\/v2\/posts\/17654"}],"collection":[{"href":"https:\/\/voima.fi\/hairikot\/wp-json\/wp\/v2\/posts"}],"about":[{"href":"https:\/\/voima.fi\/hairikot\/wp-json\/wp\/v2\/types\/post"}],"author":[{"embeddable":true,"href":"https:\/\/voima.fi\/hairikot\/wp-json\/wp\/v2\/users\/122"}],"replies":[{"embeddable":true,"href":"https:\/\/voima.fi\/hairikot\/wp-json\/wp\/v2\/comments?post=17654"}],"version-history":[{"count":1,"href":"https:\/\/voima.fi\/hairikot\/wp-json\/wp\/v2\/posts\/17654\/revisions"}],"predecessor-version":[{"id":18258,"href":"https:\/\/voima.fi\/hairikot\/wp-json\/wp\/v2\/posts\/17654\/revisions\/18258"}],"wp:featuredmedia":[{"embeddable":true,"href":"https:\/\/voima.fi\/hairikot\/wp-json\/wp\/v2\/media\/15134"}],"wp:attachment":[{"href":"https:\/\/voima.fi\/hairikot\/wp-json\/wp\/v2\/media?parent=17654"}],"wp:term":[{"taxonomy":"category","embeddable":true,"href":"https:\/\/voima.fi\/hairikot\/wp-json\/wp\/v2\/categories?post=17654"},{"taxonomy":"post_tag","embeddable":true,"href":"https:\/\/voima.fi\/hairikot\/wp-json\/wp\/v2\/tags?post=17654"}],"curies":[{"name":"wp","href":"https:\/\/api.w.org\/{rel}","templated":true}]}}