{"id":17652,"date":"2018-11-09T00:00:00","date_gmt":"2018-11-08T22:00:00","guid":{"rendered":"http:\/\/voima.fi\/hairikot\/blogi\/koulu-kannustaa-mielenosoituksiin"},"modified":"2020-08-10T14:01:14","modified_gmt":"2020-08-10T11:01:14","slug":"koulu-kannustaa-mielenosoituksiin","status":"publish","type":"post","link":"https:\/\/voima.fi\/hairikot\/artikkeli\/koulu-kannustaa-mielenosoituksiin\/","title":{"rendered":"Kun koulu kannustaa mielenosoituksiin"},"content":{"rendered":"<p><i><span style=\"font-weight: 400;\">Selvitimme, mitk\u00e4 ovat pelis\u00e4\u00e4nn\u00f6t silloin, kun koulu tarjoaa oppilaille mahdollisuuden osallistua mielenilmaukseen. Asiantuntijoiden viesti on selv\u00e4: kannustusta tarvitaan.<\/span><\/i><\/p>\n<p><span style=\"font-weight: 400;\">Ruotsalainen Greta Thunberg, 15, on noussut kuluneen syksyn aikana maailman maineeseen nuorena ilmastosankarina. H\u00e4n j\u00e4i koululakkoon ennen Ruotsin syksyn 2018 eduskuntavaaleja, koska aikuiset eiv\u00e4t h\u00e4nen mielest\u00e4\u00e4n ole tarpeeksi huolissaan ilmastonmuutoksesta. Vaalien j\u00e4lkeen Greta jatkaa lakkoilua perjantaisin.<\/span><\/p>\n<p><span style=\"font-weight: 400;\">Gretaa on alettu tukea mielenilmauksissa ymp\u00e4ri maailmaa. Helsingiss\u00e4kin eduskuntatalon portailla on aikuisten lis\u00e4ksi istunut Gretan tukena jo satoja lapsia ja nuoria, joista moni on saapunut paikalle opettajan kanssa koulup\u00e4iv\u00e4n osana.<\/span><\/p>\n<p><span style=\"font-weight: 400;\">Koululaiset ovat osallistuneet mielenilmauksiin kautta aikain, mutta aiheeseen suhtaudutaan Suomessa monesti hiukan arkaillen. Asiantuntijoiden mukaan tarvetta sellaiselle ei ole.<\/span><\/p>\n<figure id=\"attachment_13987\" aria-describedby=\"caption-attachment-13987\" style=\"width: 1000px\" class=\"wp-caption alignnone\"><img decoding=\"async\" class=\"size-medium wp-image-13987\" src=\"https:\/\/voima.fi\/hairikot\/wp-content\/uploads\/sites\/9\/2020\/04\/Eduskuntatalon-portailla-2.jpg\" alt=\"Eduskuntatalon portailla on osoitettu mielt\u00e4 ilmaston puolesta joka perjantai syyskuun lopusta alkaen.\" width=\"1000\" height=\"717\" \/><figcaption id=\"caption-attachment-13987\" class=\"wp-caption-text\">Eduskuntatalon portailla on osoitettu mielt\u00e4 ilmaston puolesta joka perjantai syyskuun lopusta alkaen.<\/figcaption><\/figure>\n<h2><span style=\"font-weight: 400;\">Oppilaita tulee kannustaa vaikuttamaan<\/span><\/h2>\n<p><span style=\"font-weight: 400;\">Opetussuunnitelmien mukaan koulun teht\u00e4v\u00e4 on tukea oppilaiden kasvua aktiiviseen ja osallistuvaan kansalaisuuteen, eli tarjota vaikuttamiskasvatusta ja mahdollistaa oppilaille vaikuttamisen kokemuksia k\u00e4yt\u00e4nn\u00f6ss\u00e4. Oppilaista kumpuavan vaikuttamisen tarpeen huomioon ottaminen on oleellista.<\/span><\/p>\n<p><span style=\"font-weight: 400;\">Koulussa opetellaan laatimaan yleis\u00f6nosastokirje, tutustutaan yhdistystoimintaan ja harjoitellaan varjovaalien avulla \u00e4\u00e4nestyksen k\u00e4yt\u00e4nt\u00f6j\u00e4.<\/span><span style=\"font-weight: 400;\"> Rauhanomaiset mielenosoitukset ovat t\u00e4rke\u00e4 kansalaisten osallistumisen keino ja siksi my\u00f6s niit\u00e4 voidaan opiskella muiden laillisten vaikuttamistapojen ohella. <\/span><span style=\"font-weight: 400;\">Koulun kanssa voidaan osallistua sellaisiin mielenilmauksiin, jotka vastaavat koulun arvopohjaa ja kasvatustavoitetta. Mielenosoituksessa oppimisen tapa on hiukan tavallisuudesta poikkeava, mutta opetuksen sis\u00e4lt\u00f6 vastaa luokkahuoneessa opittua.<\/span><span style=\"font-weight: 400;\"> Asian k\u00e4yt\u00e4nn\u00f6nl\u00e4heinen ja perusteellinen ty\u00f6st\u00e4minen yhdess\u00e4 syvent\u00e4\u00e4 oppilaan ymm\u00e4rryst\u00e4 kansalaisvaikuttamisesta ja mielenilmauksen aihepiirist\u00e4 ja <\/span><span style=\"font-weight: 400;\">voi n\u00e4in olla jopa <\/span><span style=\"font-weight: 400;\">pedagoginen etu.<\/span><\/p>\n<p><span style=\"font-weight: 400;\">Vuonna 2017 julkaistun kansainv\u00e4lisen <\/span><span style=\"font-weight: 400;\">ICCS-<\/span><span style=\"font-weight: 400;\">tutkimuksen mukaan suomalaisnuorten halukkuus ja kiinnostus osallistua yhteiskunnalliseen toimintaan on laimeaa ja heid\u00e4n luottamus omiin kykyihins\u00e4 yhteiskunnallisina toimijoina oli kansainv\u00e4lisesti vertailtuna heikkoa. Tutkimuksen mukaan luottamus omiin kykyihin on yhteydess\u00e4 tulevaan aktiiviseen osallistumiseen. Parempi luottamus ennakoi todenn\u00e4k\u00f6isyytt\u00e4 osallistua laillisiin mielenilmauksiin, \u00e4\u00e4nest\u00e4\u00e4 ja osallistua muihin poliittisen toiminnan muotoihin. Tutkimus toteutettiin 8.-luokkalaisille, eli 13-17-vuotiaille nuorille yli 20 maassa ymp\u00e4ri maailmaa.<\/span><\/p>\n<p><span style=\"font-weight: 400;\">Tutkimuksen tulosten perusteella voidaan ajatella, ett\u00e4 tukemalla lasten ja nuorten vaikuttamistaitoja heist\u00e4 kasvaa aktiivisia yhteiskunnallisia toimijoita. Mielenilmaukseen osallistuminen koulun puitteissa voi olla siihen yksi tapa.<\/span><\/p>\n<figure id=\"attachment_13985\" aria-describedby=\"caption-attachment-13985\" style=\"width: 1000px\" class=\"wp-caption alignnone\"><img decoding=\"async\" class=\"size-medium wp-image-13985\" src=\"https:\/\/voima.fi\/hairikot\/wp-content\/uploads\/sites\/9\/2020\/04\/Iso-Roba_-Paula-Kallio_WWF-scaled.jpg\" alt=\"WWF, Helsingin opetusvirasto, Ilmastokatu ja helsinkil\u00e4iset koulut juhlistivat vuoden 2016 Earth Hour -tapahtumaa Iso-roobertin kadulla. Paikalla oli 1500 oppilasta ja opettajaa. Kuva: Paula Kallio \/WWF\" width=\"1000\" height=\"667\" \/><figcaption id=\"caption-attachment-13985\" class=\"wp-caption-text\">WWF, Helsingin opetusvirasto, Ilmastokatu ja helsinkil\u00e4iset koulut juhlistivat vuoden 2016 Earth Hour -tapahtumaa Iso-roobertin kadulla. Paikalla oli 1500 oppilasta ja opettajaa.<br \/>Kuva: Paula Kallio \/WWF<\/figcaption><\/figure>\n<h2><span style=\"font-weight: 400;\">Mielenosoittaminen perustuu vapaaehtoisuuteen<\/span><\/h2>\n<p>Mielenosoitukset voivat olla monenlaisia. Eduskuntatalolla portailla istuminen on vain yksi esimerkki siit\u00e4, miten monin tavoin kiinnitet\u00e4\u00e4n huomiota yhteiskunnallisesti t\u00e4rkeisiin kysymyksiin. Mielenosoitus voi olla esimerkiksi perinteinen vappumarssi puheineen, hiljainen kynttil\u00e4tilaisuus jonkin tapahtuman muistoksi tai iloinen puistopiknik.<\/p>\n<p><span style=\"font-weight: 400;\">Koulu voi j\u00e4rjest\u00e4\u00e4 mielenilmauksen itse tai osallistua toisen tahon j\u00e4rjest\u00e4m\u00e4\u00e4n ilmaukseen. Ensimm\u00e4isess\u00e4 tapauksessa tiedossa on monenlaista antoisaa j\u00e4rjestelyty\u00f6t\u00e4, kuten suunnittelua, tiedottamista ja turvallisuussuunnitelmien tekoa. Toisen tahon j\u00e4rjest\u00e4m\u00e4\u00e4n tapahtumaan osallistuminen vaatii v\u00e4hemm\u00e4n etuk\u00e4teisty\u00f6t\u00e4, jolloin toimet liittyv\u00e4t l\u00e4hinn\u00e4 oppilaiden ja huoltajien kuulemiseen. Jos koululta l\u00e4htee mielenilmaukseen iso m\u00e4\u00e4r\u00e4 oppilaita, kannattaa j\u00e4rjest\u00e4j\u00e4lle ehk\u00e4 ilmoittaa t\u00e4st\u00e4, jotta esimerkiksi liikenneturvallisuusj\u00e4rjestyihin voidaan tarvittaessa kiinnitt\u00e4\u00e4 erityist\u00e4 huomiota.<\/span><\/p>\n<p><span style=\"font-weight: 400;\">Pakollinen mielenosoittaminen ei kuulu demokratiaan. Onkin t\u00e4rke\u00e4\u00e4 huolehtia siit\u00e4, ett\u00e4 t\u00e4m\u00e4 on my\u00f6s koulussa lapselle tai nuorelle vapaaehtoista. Mielenilmauksiin liittyy usein tietynlaista ryhm\u00e4painetta ja opettajan olisikin kyett\u00e4v\u00e4 luomaan ilmapiiri, jossa kukaan ei joudu hankalaan asemaan kantansa vuoksi, oli se millainen hyv\u00e4ns\u00e4. Vaikka oppilas ei haluaisi osallistua mielenosoitukseen, voi h\u00e4n silti l\u00e4hte\u00e4 opintoretkelle mukaan havainnoimaan tapahtumaa. Opittavaa ja seurattavaa on paljon: mit\u00e4 mielenilmauksessa tapahtuu, ket\u00e4 on mukana, mink\u00e4 puolesta, tai mit\u00e4 vastaan mielt\u00e4 osoitetaan ja miten osallistujat ilmaisevat kantojaan.<\/span><\/p>\n<p><span style=\"font-weight: 400;\">Voidakseen tehd\u00e4 itsen\u00e4isen p\u00e4\u00e4t\u00f6ksen mielenosoitukseen osallistumisesta, on oppilaan tunnettava sen aihe. <\/span><span style=\"font-weight: 400;\">Kuten miss\u00e4 tahansa opintok\u00e4ynniss\u00e4, on mielenilmauksessakin t\u00e4rke\u00e4\u00e4 tehd\u00e4 pohjaty\u00f6t hyvin. Etuk\u00e4teen voidaan keskustella <\/span><span style=\"font-weight: 400;\">mielenosoitusten yhteiskunnallisesta merkityksest\u00e4 ja mielenilmauksen aiheen taustoista ja tavoitteista, sek\u00e4 tehd\u00e4 mukaan kyltit ja hioa iskulauseet.<\/span><span style=\"font-weight: 400;\"> My\u00f6s huolellinen j\u00e4lkity\u00f6st\u00f6 on tarpeen. N\u00e4in k\u00e4ynti ei j\u00e4\u00e4 irralliseksi ohjelmanumeroksi, vaan tarjoaa oppilaalle omakohtaisen merkityksen. Jos mahdollista, voi esi- ja j\u00e4lkity\u00f6t olla hedelm\u00e4llist\u00e4 toteuttaa eri oppiaineiden yhteisty\u00f6n\u00e4.<\/span><\/p>\n<h2><span style=\"font-weight: 400;\">Huoltajille viestiminen on t\u00e4rke\u00e4\u00e4<\/span><\/h2>\n<p><span style=\"font-weight: 400;\">Mielenilmauksiin osallistuminen ei ole kouluissa aivan tavallista, ja on ymm\u00e4rrett\u00e4v\u00e4\u00e4, ett\u00e4 se saattaa her\u00e4tt\u00e4\u00e4 kysymyksi\u00e4 oppilaiden huoltajien keskuudessa. Avoimuus on eritt\u00e4in t\u00e4rke\u00e4\u00e4: huoltajille kannattaa etuk\u00e4teen selvitt\u00e4\u00e4 mist\u00e4 on kyse, millaisesta tapahtumasta on kyse, ja miksi toiminta on luonteva osa koulun toimintaa. Oppilailla on monenlaisia taustoja, ja k\u00e4sitykset suomalaisten mielenilmausten luonteesta saattavat vaihdella. Voi olla, ett\u00e4 oppilaiden vanhemmatkaan eiv\u00e4t ole osallistuneet mielenilmaukseen eiv\u00e4tk\u00e4 tied\u00e4, mist\u00e4 on kyse. Mielenosoittamisen kulttuuri my\u00f6s vaihtelee eri maissa.<\/span><\/p>\n<p><span style=\"font-weight: 400;\">Oppilaiden turvallisuus on luonnollisesti koulun ykk\u00f6sprioriteetti, eik\u00e4 se ole ristiriidassa mielenilmauksiin osallistumisen kanssa. Suomalaiset mielenosoitukset ovat l\u00e4hes poikkeuksetta rauhallisia, ja niist\u00e4 ilmoitetaan etuk\u00e4teen poliisille, joka valvoo tapahtumaa ja huolehtii tarvittaessa my\u00f6s liikennej\u00e4rjestelyist\u00e4. \u00a0Koulun viestinn\u00e4ss\u00e4 kannattaa kuitenkin jo etuk\u00e4teen lievitt\u00e4\u00e4 turvallisuuskysymyksiin liittyv\u00e4\u00e4 huolta. Lis\u00e4ksi esimerkiksi rehtorin kannattaa valmistautua vastaamaan huoltajien mielt\u00e4 mahdollisesti askarruttaviin kysymyksiin.<\/span><\/p>\n<p><span style=\"font-weight: 400;\">Hyv\u00e4st\u00e4 viestinn\u00e4st\u00e4 huolimatta negatiivisen huoltajapalautteen mahdollisuus on haastattelemiemme asiantuntijoiden kokemusten mukaan olemassa. Koulun ja opettajan on hyv\u00e4 muistaa, ettei palautteesta tarvitse h\u00e4t\u00e4\u00e4nty\u00e4 <\/span><span style=\"font-weight: 400;\">tai lannistua<\/span><span style=\"font-weight: 400;\">. Uudenlaiset opetusmuodot voivat her\u00e4tt\u00e4\u00e4 keskustelua, ja huoltajalla on oikeus saada tiet\u00e4\u00e4, millaiseen tapahtumaan lapsi on osallistumassa ja millaiset pelis\u00e4\u00e4nn\u00f6t mielenilmausvierailua varten on sovittu.<\/span><\/p>\n<p><span style=\"font-weight: 400;\">Rehtorin tuki opettajalle on t\u00e4rke\u00e4\u00e4 niin huoltajien palautteen k\u00e4sittelyss\u00e4 kuin monipuolisten oppimisymp\u00e4rist\u00f6jen, my\u00f6s mielenilmausten hy\u00f6dynt\u00e4misess\u00e4 koulussa. My\u00f6s oppilaiden ja huoltajien kiitokset ja positiivinen palaute voivat kannustaa koulua.<\/span><\/p>\n<figure id=\"attachment_13986\" aria-describedby=\"caption-attachment-13986\" style=\"width: 1000px\" class=\"wp-caption alignnone\"><img decoding=\"async\" class=\"size-medium wp-image-13986\" src=\"https:\/\/voima.fi\/hairikot\/wp-content\/uploads\/sites\/9\/2020\/04\/Krunan-ylaeaste-huomisen-puolesta.jpg\" alt=\"Kruununhaan yl\u00e4asteen oppilaiden itse perustama ilmastoryhm\u00e4 oli mukana mielenilmauksessa eduskuntatalon portailla lokakuussa 2018.\" width=\"1000\" height=\"750\" \/><figcaption id=\"caption-attachment-13986\" class=\"wp-caption-text\">Kruununhaan yl\u00e4asteen oppilaiden itse perustama ilmastoryhm\u00e4 oli mukana mielenilmauksessa eduskuntatalon portailla lokakuussa 2018.<\/figcaption><\/figure>\n<p><span style=\"font-weight: 400;\">*****<\/span><\/p>\n<h2><span style=\"font-weight: 400;\">Opetushallitus on varovaisen my\u00f6nteinen<\/span><\/h2>\n<p><span style=\"font-weight: 400;\">Opetushallitus ei ole antanut mielenilmauksiin liittyen erillist\u00e4 ohjeistusta, vaan ratkaisut asiassa tehd\u00e4\u00e4n paikallisesti koulun tasolla. Perusopetusasetuksen mukaan osa koulun ty\u00f6ajasta saadaan k\u00e4ytt\u00e4\u00e4 yhteisiin tapahtumiin, ja mielenilmauksiin osallistuminen voidaan t\u00e4llaiseksi tulkita.<\/span><\/p>\n<p><span style=\"font-weight: 400;\">Mielenilmaukseen osallistuminen ei saa olla pelk\u00e4st\u00e4\u00e4n yhden opettajan n\u00e4kemykseen perustuva asia, vaan p\u00e4\u00e4t\u00e4nt\u00e4valta asiasta on opetuksen j\u00e4rjest\u00e4j\u00e4ll\u00e4 ja koulun rehtorilla. T\u00e4rke\u00e4\u00e4 on, ett\u00e4 mielenilmaus on muiden koulun tapahtumien tavoin uskonnollisesti, katsomuksellisesti ja puoluepoliittisesti sitoutumaton. My\u00f6s huoltajien n\u00e4kemyksi\u00e4 on hyv\u00e4 huomioida etuk\u00e4teen.<\/span><\/p>\n<p><span style=\"font-weight: 400;\">Vastuukysymysten vuoksi tarkat tiedot tapahtumaan osallistumisesta tulee merkit\u00e4 koulun lukuvuosisuunnitelmaan, jota monissa kunnissa voidaan t\u00e4ydent\u00e4\u00e4 lukuvuoden aikana. Oman kunnan ja vakuutusyhti\u00f6n k\u00e4yt\u00e4nn\u00f6t kannattaa selvitt\u00e4\u00e4 erikseen.<\/span><\/p>\n<p>*****<\/p>\n<h2><span style=\"font-weight: 400;\">Innostuitko ideasta?<\/span><\/h2>\n<p><span style=\"font-weight: 400;\">&#8211; <a href=\"https:\/\/web.facebook.com\/events\/331465807431173\/\" class=\"external\" rel=\"nofollow\">Perjantait Gretan kanssa<\/a> Eduskuntatalon portailla Helsingiss\u00e4 joka perjantai klo 9-12 ainakin kev\u00e4\u00e4n 2019 eduskuntavaaleihin asti<\/span><\/p>\n<p><span style=\"font-weight: 400;\">&#8211; Koko Suomi istuu Gretan kanssa 30.11.2018. Lis\u00e4tietoa <a href=\"https:\/\/web.facebook.com\/events\/328542217935131\/\" class=\"external\" rel=\"nofollow\">fb-tapahtumasta<\/a>.<\/span><\/p>\n<p><span style=\"font-weight: 400;\">&#8211; J\u00e4rjest\u00e4k\u00e4\u00e4 oppilaiden kanssa polkupy\u00f6r\u00e4paraati koulussa. Ohjeet <a href=\"https:\/\/openilmasto-opas.fi\/enemman-polkupyorailya\/\" class=\"external\" rel=\"nofollow\">t\u00e4\u00e4lt\u00e4<\/a>.<\/span><\/p>\n<p><span style=\"font-weight: 400;\">&#8211; Kannustakaa kuntap\u00e4\u00e4tt\u00e4ji\u00e4 suurempiin ilmastotekoihin lasten ja nuorten kirjeiden, piirrustusten, runojen ja sarjakuvien avulla. Ohjeet <a href=\"https:\/\/openilmasto-opas.fi\/enemman-kuntavaikuttamista\/\" class=\"external\" rel=\"nofollow\">t\u00e4\u00e4lt\u00e4<\/a>.<\/span><\/p>\n<p><i><span style=\"font-weight: 400;\">Juttua varten on haastateltu seuraavia asiantuntijoita: Jan L\u00f6fstr\u00f6m\/ HY, Jukka Rantala\/ HY ja Liisa Pohjolainen\/ Kasvatuksen ja koulutuksen toimialajohtaja\/ Helsingin kaupunki. Opetushallituksen kannan kertoi y<\/span><\/i><i><span style=\"font-weight: 400;\">leissivist\u00e4v\u00e4n koulutuksen ja varhaiskasvatuksen johtaja <\/span><\/i><i><span style=\"font-weight: 400;\">Jorma Kauppinen.<\/span><\/i><\/p>\n[ilmastoterveisia]\n","protected":false},"excerpt":{"rendered":"<p>Selvitimme, mitk\u00e4 ovat pelis\u00e4\u00e4nn\u00f6t silloin, kun koulu tarjoaa oppilaille mahdollisuuden osallistua mielenilmaukseen. Asiantuntijoiden viesti on selv\u00e4: kannustusta tarvitaan. Ruotsalainen Greta Thunberg, 15, on noussut kuluneen syksyn aikana maailman maineeseen nuorena ilmastosankarina. H\u00e4n j\u00e4i koululakkoon ennen Ruotsin syksyn 2018 eduskuntavaaleja, koska aikuiset eiv\u00e4t h\u00e4nen mielest\u00e4\u00e4n ole tarpeeksi huolissaan ilmastonmuutoksesta. Vaalien j\u00e4lkeen Greta jatkaa lakkoilua perjantaisin. Gretaa [&hellip;]<\/p>\n","protected":false},"author":737,"featured_media":15130,"comment_status":"open","ping_status":"open","sticky":false,"template":"","format":"standard","meta":{"footnotes":""},"categories":[7],"tags":[],"yoast_head":"<!-- This site is optimized with the Yoast SEO plugin v22.7 - https:\/\/yoast.com\/wordpress\/plugins\/seo\/ -->\n<title>Kun koulu kannustaa mielenosoituksiin - H\u00e4irik\u00f6t-p\u00e4\u00e4maja<\/title>\n<meta name=\"robots\" content=\"index, follow, max-snippet:-1, max-image-preview:large, max-video-preview:-1\" \/>\n<link rel=\"canonical\" href=\"https:\/\/voima.fi\/hairikot\/artikkeli\/koulu-kannustaa-mielenosoituksiin\/\" \/>\n<meta property=\"og:locale\" content=\"fi_FI\" \/>\n<meta property=\"og:type\" content=\"article\" \/>\n<meta property=\"og:title\" content=\"Kun koulu kannustaa mielenosoituksiin - H\u00e4irik\u00f6t-p\u00e4\u00e4maja\" \/>\n<meta property=\"og:description\" content=\"Selvitimme, mitk\u00e4 ovat pelis\u00e4\u00e4nn\u00f6t silloin, kun koulu tarjoaa oppilaille mahdollisuuden osallistua mielenilmaukseen. Asiantuntijoiden viesti on selv\u00e4: kannustusta tarvitaan. Ruotsalainen Greta Thunberg, 15, on noussut kuluneen syksyn aikana maailman maineeseen nuorena ilmastosankarina. H\u00e4n j\u00e4i koululakkoon ennen Ruotsin syksyn 2018 eduskuntavaaleja, koska aikuiset eiv\u00e4t h\u00e4nen mielest\u00e4\u00e4n ole tarpeeksi huolissaan ilmastonmuutoksesta. Vaalien j\u00e4lkeen Greta jatkaa lakkoilua perjantaisin. Gretaa [&hellip;]\" \/>\n<meta property=\"og:url\" content=\"https:\/\/voima.fi\/hairikot\/artikkeli\/koulu-kannustaa-mielenosoituksiin\/\" \/>\n<meta property=\"og:site_name\" content=\"H\u00e4irik\u00f6t-p\u00e4\u00e4maja\" \/>\n<meta property=\"article:published_time\" content=\"2018-11-08T22:00:00+00:00\" \/>\n<meta property=\"article:modified_time\" content=\"2020-08-10T11:01:14+00:00\" \/>\n<meta property=\"og:image\" content=\"https:\/\/voima.fi\/hairikot\/wp-content\/uploads\/sites\/9\/2020\/04\/Iso-Roba_-Paula-Kallio_WWF-scaled.jpg\" \/>\n\t<meta property=\"og:image:width\" content=\"2560\" \/>\n\t<meta property=\"og:image:height\" content=\"1707\" \/>\n\t<meta property=\"og:image:type\" content=\"image\/jpeg\" \/>\n<meta name=\"author\" content=\"Ilmastoterveisi\u00e4 Etel\u00e4st\u00e4\" \/>\n<meta name=\"twitter:card\" content=\"summary_large_image\" \/>\n<meta name=\"twitter:label1\" content=\"Kirjoittanut\" \/>\n\t<meta name=\"twitter:data1\" content=\"Ilmastoterveisi\u00e4 Etel\u00e4st\u00e4\" \/>\n\t<meta name=\"twitter:label2\" content=\"Arvioitu lukuaika\" \/>\n\t<meta name=\"twitter:data2\" content=\"6 minuuttia\" \/>\n<script type=\"application\/ld+json\" class=\"yoast-schema-graph\">{\"@context\":\"https:\/\/schema.org\",\"@graph\":[{\"@type\":\"WebPage\",\"@id\":\"https:\/\/voima.fi\/hairikot\/artikkeli\/koulu-kannustaa-mielenosoituksiin\/\",\"url\":\"https:\/\/voima.fi\/hairikot\/artikkeli\/koulu-kannustaa-mielenosoituksiin\/\",\"name\":\"Kun koulu kannustaa mielenosoituksiin - H\u00e4irik\u00f6t-p\u00e4\u00e4maja\",\"isPartOf\":{\"@id\":\"https:\/\/voima.fi\/hairikot\/#website\"},\"primaryImageOfPage\":{\"@id\":\"https:\/\/voima.fi\/hairikot\/artikkeli\/koulu-kannustaa-mielenosoituksiin\/#primaryimage\"},\"image\":{\"@id\":\"https:\/\/voima.fi\/hairikot\/artikkeli\/koulu-kannustaa-mielenosoituksiin\/#primaryimage\"},\"thumbnailUrl\":\"https:\/\/voima.fi\/hairikot\/wp-content\/uploads\/sites\/9\/2020\/04\/Iso-Roba_-Paula-Kallio_WWF-scaled.jpg\",\"datePublished\":\"2018-11-08T22:00:00+00:00\",\"dateModified\":\"2020-08-10T11:01:14+00:00\",\"author\":{\"@id\":\"https:\/\/voima.fi\/hairikot\/#\/schema\/person\/59230e8043d930ba726beb4dfc75e32f\"},\"breadcrumb\":{\"@id\":\"https:\/\/voima.fi\/hairikot\/artikkeli\/koulu-kannustaa-mielenosoituksiin\/#breadcrumb\"},\"inLanguage\":\"fi\",\"potentialAction\":[{\"@type\":\"ReadAction\",\"target\":[\"https:\/\/voima.fi\/hairikot\/artikkeli\/koulu-kannustaa-mielenosoituksiin\/\"]}]},{\"@type\":\"ImageObject\",\"inLanguage\":\"fi\",\"@id\":\"https:\/\/voima.fi\/hairikot\/artikkeli\/koulu-kannustaa-mielenosoituksiin\/#primaryimage\",\"url\":\"https:\/\/voima.fi\/hairikot\/wp-content\/uploads\/sites\/9\/2020\/04\/Iso-Roba_-Paula-Kallio_WWF-scaled.jpg\",\"contentUrl\":\"https:\/\/voima.fi\/hairikot\/wp-content\/uploads\/sites\/9\/2020\/04\/Iso-Roba_-Paula-Kallio_WWF-scaled.jpg\",\"width\":2560,\"height\":1707,\"caption\":\"WWF, Helsingin opetusvirasto, Ilmastokatu ja helsinkil\u00e4iset koulut juhlistivat vuoden 2016 Earth Hour -tapahtumaa Iso-roobertin kadulla. Paikalla oli 1500 oppilasta ja opettajaa.\"},{\"@type\":\"BreadcrumbList\",\"@id\":\"https:\/\/voima.fi\/hairikot\/artikkeli\/koulu-kannustaa-mielenosoituksiin\/#breadcrumb\",\"itemListElement\":[{\"@type\":\"ListItem\",\"position\":1,\"name\":\"Home\",\"item\":\"https:\/\/voima.fi\/hairikot\/\"},{\"@type\":\"ListItem\",\"position\":2,\"name\":\"Kun koulu kannustaa mielenosoituksiin\"}]},{\"@type\":\"WebSite\",\"@id\":\"https:\/\/voima.fi\/hairikot\/#website\",\"url\":\"https:\/\/voima.fi\/hairikot\/\",\"name\":\"H\u00e4irik\u00f6t-p\u00e4\u00e4maja\",\"description\":\"\",\"potentialAction\":[{\"@type\":\"SearchAction\",\"target\":{\"@type\":\"EntryPoint\",\"urlTemplate\":\"https:\/\/voima.fi\/hairikot\/?s={search_term_string}\"},\"query-input\":\"required name=search_term_string\"}],\"inLanguage\":\"fi\"},{\"@type\":\"Person\",\"@id\":\"https:\/\/voima.fi\/hairikot\/#\/schema\/person\/59230e8043d930ba726beb4dfc75e32f\",\"name\":\"Ilmastoterveisi\u00e4 Etel\u00e4st\u00e4\",\"image\":{\"@type\":\"ImageObject\",\"inLanguage\":\"fi\",\"@id\":\"https:\/\/voima.fi\/hairikot\/#\/schema\/person\/image\/\",\"url\":\"https:\/\/secure.gravatar.com\/avatar\/5b417c909d83d5fcf04e62ded292b224?s=96&d=blank&r=g\",\"contentUrl\":\"https:\/\/secure.gravatar.com\/avatar\/5b417c909d83d5fcf04e62ded292b224?s=96&d=blank&r=g\",\"caption\":\"Ilmastoterveisi\u00e4 Etel\u00e4st\u00e4\"},\"url\":\"https:\/\/voima.fi\/hairikot\/artikkeli\/author\/ilmastoterveisia\/\"}]}<\/script>\n<!-- \/ Yoast SEO plugin. -->","yoast_head_json":{"title":"Kun koulu kannustaa mielenosoituksiin - H\u00e4irik\u00f6t-p\u00e4\u00e4maja","robots":{"index":"index","follow":"follow","max-snippet":"max-snippet:-1","max-image-preview":"max-image-preview:large","max-video-preview":"max-video-preview:-1"},"canonical":"https:\/\/voima.fi\/hairikot\/artikkeli\/koulu-kannustaa-mielenosoituksiin\/","og_locale":"fi_FI","og_type":"article","og_title":"Kun koulu kannustaa mielenosoituksiin - H\u00e4irik\u00f6t-p\u00e4\u00e4maja","og_description":"Selvitimme, mitk\u00e4 ovat pelis\u00e4\u00e4nn\u00f6t silloin, kun koulu tarjoaa oppilaille mahdollisuuden osallistua mielenilmaukseen. Asiantuntijoiden viesti on selv\u00e4: kannustusta tarvitaan. Ruotsalainen Greta Thunberg, 15, on noussut kuluneen syksyn aikana maailman maineeseen nuorena ilmastosankarina. H\u00e4n j\u00e4i koululakkoon ennen Ruotsin syksyn 2018 eduskuntavaaleja, koska aikuiset eiv\u00e4t h\u00e4nen mielest\u00e4\u00e4n ole tarpeeksi huolissaan ilmastonmuutoksesta. Vaalien j\u00e4lkeen Greta jatkaa lakkoilua perjantaisin. Gretaa [&hellip;]","og_url":"https:\/\/voima.fi\/hairikot\/artikkeli\/koulu-kannustaa-mielenosoituksiin\/","og_site_name":"H\u00e4irik\u00f6t-p\u00e4\u00e4maja","article_published_time":"2018-11-08T22:00:00+00:00","article_modified_time":"2020-08-10T11:01:14+00:00","og_image":[{"width":2560,"height":1707,"url":"https:\/\/voima.fi\/hairikot\/wp-content\/uploads\/sites\/9\/2020\/04\/Iso-Roba_-Paula-Kallio_WWF-scaled.jpg","type":"image\/jpeg"}],"author":"Ilmastoterveisi\u00e4 Etel\u00e4st\u00e4","twitter_card":"summary_large_image","twitter_misc":{"Kirjoittanut":"Ilmastoterveisi\u00e4 Etel\u00e4st\u00e4","Arvioitu lukuaika":"6 minuuttia"},"schema":{"@context":"https:\/\/schema.org","@graph":[{"@type":"WebPage","@id":"https:\/\/voima.fi\/hairikot\/artikkeli\/koulu-kannustaa-mielenosoituksiin\/","url":"https:\/\/voima.fi\/hairikot\/artikkeli\/koulu-kannustaa-mielenosoituksiin\/","name":"Kun koulu kannustaa mielenosoituksiin - H\u00e4irik\u00f6t-p\u00e4\u00e4maja","isPartOf":{"@id":"https:\/\/voima.fi\/hairikot\/#website"},"primaryImageOfPage":{"@id":"https:\/\/voima.fi\/hairikot\/artikkeli\/koulu-kannustaa-mielenosoituksiin\/#primaryimage"},"image":{"@id":"https:\/\/voima.fi\/hairikot\/artikkeli\/koulu-kannustaa-mielenosoituksiin\/#primaryimage"},"thumbnailUrl":"https:\/\/voima.fi\/hairikot\/wp-content\/uploads\/sites\/9\/2020\/04\/Iso-Roba_-Paula-Kallio_WWF-scaled.jpg","datePublished":"2018-11-08T22:00:00+00:00","dateModified":"2020-08-10T11:01:14+00:00","author":{"@id":"https:\/\/voima.fi\/hairikot\/#\/schema\/person\/59230e8043d930ba726beb4dfc75e32f"},"breadcrumb":{"@id":"https:\/\/voima.fi\/hairikot\/artikkeli\/koulu-kannustaa-mielenosoituksiin\/#breadcrumb"},"inLanguage":"fi","potentialAction":[{"@type":"ReadAction","target":["https:\/\/voima.fi\/hairikot\/artikkeli\/koulu-kannustaa-mielenosoituksiin\/"]}]},{"@type":"ImageObject","inLanguage":"fi","@id":"https:\/\/voima.fi\/hairikot\/artikkeli\/koulu-kannustaa-mielenosoituksiin\/#primaryimage","url":"https:\/\/voima.fi\/hairikot\/wp-content\/uploads\/sites\/9\/2020\/04\/Iso-Roba_-Paula-Kallio_WWF-scaled.jpg","contentUrl":"https:\/\/voima.fi\/hairikot\/wp-content\/uploads\/sites\/9\/2020\/04\/Iso-Roba_-Paula-Kallio_WWF-scaled.jpg","width":2560,"height":1707,"caption":"WWF, Helsingin opetusvirasto, Ilmastokatu ja helsinkil\u00e4iset koulut juhlistivat vuoden 2016 Earth Hour -tapahtumaa Iso-roobertin kadulla. Paikalla oli 1500 oppilasta ja opettajaa."},{"@type":"BreadcrumbList","@id":"https:\/\/voima.fi\/hairikot\/artikkeli\/koulu-kannustaa-mielenosoituksiin\/#breadcrumb","itemListElement":[{"@type":"ListItem","position":1,"name":"Home","item":"https:\/\/voima.fi\/hairikot\/"},{"@type":"ListItem","position":2,"name":"Kun koulu kannustaa mielenosoituksiin"}]},{"@type":"WebSite","@id":"https:\/\/voima.fi\/hairikot\/#website","url":"https:\/\/voima.fi\/hairikot\/","name":"H\u00e4irik\u00f6t-p\u00e4\u00e4maja","description":"","potentialAction":[{"@type":"SearchAction","target":{"@type":"EntryPoint","urlTemplate":"https:\/\/voima.fi\/hairikot\/?s={search_term_string}"},"query-input":"required name=search_term_string"}],"inLanguage":"fi"},{"@type":"Person","@id":"https:\/\/voima.fi\/hairikot\/#\/schema\/person\/59230e8043d930ba726beb4dfc75e32f","name":"Ilmastoterveisi\u00e4 Etel\u00e4st\u00e4","image":{"@type":"ImageObject","inLanguage":"fi","@id":"https:\/\/voima.fi\/hairikot\/#\/schema\/person\/image\/","url":"https:\/\/secure.gravatar.com\/avatar\/5b417c909d83d5fcf04e62ded292b224?s=96&d=blank&r=g","contentUrl":"https:\/\/secure.gravatar.com\/avatar\/5b417c909d83d5fcf04e62ded292b224?s=96&d=blank&r=g","caption":"Ilmastoterveisi\u00e4 Etel\u00e4st\u00e4"},"url":"https:\/\/voima.fi\/hairikot\/artikkeli\/author\/ilmastoterveisia\/"}]}},"enclosure":{"image":"https:\/\/voima.fi\/hairikot\/wp-content\/uploads\/sites\/9\/2020\/04\/Iso-Roba_-Paula-Kallio_WWF-scaled.jpg"},"meta:avatar":"","geolocation":[],"meta:youtube":null,"meta:vimeo":null,"meta:duration":null,"_links":{"self":[{"href":"https:\/\/voima.fi\/hairikot\/wp-json\/wp\/v2\/posts\/17652"}],"collection":[{"href":"https:\/\/voima.fi\/hairikot\/wp-json\/wp\/v2\/posts"}],"about":[{"href":"https:\/\/voima.fi\/hairikot\/wp-json\/wp\/v2\/types\/post"}],"author":[{"embeddable":true,"href":"https:\/\/voima.fi\/hairikot\/wp-json\/wp\/v2\/users\/737"}],"replies":[{"embeddable":true,"href":"https:\/\/voima.fi\/hairikot\/wp-json\/wp\/v2\/comments?post=17652"}],"version-history":[{"count":1,"href":"https:\/\/voima.fi\/hairikot\/wp-json\/wp\/v2\/posts\/17652\/revisions"}],"predecessor-version":[{"id":18260,"href":"https:\/\/voima.fi\/hairikot\/wp-json\/wp\/v2\/posts\/17652\/revisions\/18260"}],"wp:featuredmedia":[{"embeddable":true,"href":"https:\/\/voima.fi\/hairikot\/wp-json\/wp\/v2\/media\/15130"}],"wp:attachment":[{"href":"https:\/\/voima.fi\/hairikot\/wp-json\/wp\/v2\/media?parent=17652"}],"wp:term":[{"taxonomy":"category","embeddable":true,"href":"https:\/\/voima.fi\/hairikot\/wp-json\/wp\/v2\/categories?post=17652"},{"taxonomy":"post_tag","embeddable":true,"href":"https:\/\/voima.fi\/hairikot\/wp-json\/wp\/v2\/tags?post=17652"}],"curies":[{"name":"wp","href":"https:\/\/api.w.org\/{rel}","templated":true}]}}