{"id":17634,"date":"2018-03-09T00:00:00","date_gmt":"2018-03-08T22:00:00","guid":{"rendered":"http:\/\/voima.fi\/hairikot\/blogi\/kansa-taisteli-ollaan-lahtareita"},"modified":"2020-08-10T14:01:58","modified_gmt":"2020-08-10T11:01:58","slug":"kansa-taisteli-ollaan-lahtareita","status":"publish","type":"post","link":"https:\/\/voima.fi\/hairikot\/artikkeli\/kansa-taisteli-ollaan-lahtareita\/","title":{"rendered":"Kansa taisteli \u2013 Me ollaan lahtareita kaikki"},"content":{"rendered":"<div class=\"lowres-featured-image\"><img decoding=\"async\" width=\"723\" height=\"529\" src=\"https:\/\/voima.fi\/hairikot\/wp-content\/uploads\/sites\/9\/2020\/04\/Omakuva-Kansa-Taisteli.png\" class=\"attachment-full size-full wp-post-image\" alt=\"\" srcset=\"https:\/\/voima.fi\/hairikot\/wp-content\/uploads\/sites\/9\/2020\/04\/Omakuva-Kansa-Taisteli.png 723w, https:\/\/voima.fi\/hairikot\/wp-content\/uploads\/sites\/9\/2020\/04\/Omakuva-Kansa-Taisteli-600x439.png 600w, https:\/\/voima.fi\/hairikot\/wp-content\/uploads\/sites\/9\/2020\/04\/Omakuva-Kansa-Taisteli-320x234.png 320w, https:\/\/voima.fi\/hairikot\/wp-content\/uploads\/sites\/9\/2020\/04\/Omakuva-Kansa-Taisteli-200x146.png 200w, https:\/\/voima.fi\/hairikot\/wp-content\/uploads\/sites\/9\/2020\/04\/Omakuva-Kansa-Taisteli-560x410.png 560w, https:\/\/voima.fi\/hairikot\/wp-content\/uploads\/sites\/9\/2020\/04\/Omakuva-Kansa-Taisteli-300x220.png 300w\" sizes=\"(max-width: 723px) 100vw, 723px\" \/><p class=\"ylakuvateksti\"><\/p><\/div><p><em>Kansa taisteli \u2013 kesken\u00e4\u00e4n -lehden p\u00e4\u00e4kirjoituksessa p\u00e4\u00e4h\u00e4irikk\u00f6 Tamminen pohtii suhdettamme sadan vuoden takaisiin taisteluihin.<\/em><\/p>\n<p><strong>Sis\u00e4llissotaan suhtaudutaan<\/strong> tunneper\u00e4isesti viel\u00e4 vuonna 2018, sata vuotta kyseisen sodan p\u00e4\u00e4tymisen j\u00e4lkeen. Pitk\u00e4 varjo kertoo tietenkin siit\u00e4, kuinka traumaattisista tapahtumista on kyse. Osansa t\u00e4ss\u00e4 on my\u00f6s sill\u00e4, ett\u00e4 sodan tapahtumia ei p\u00e4\u00e4sty aikanaan prosessoimaan syist\u00e4, joita t\u00e4ss\u00e4kin lehdess\u00e4 perataan.<\/p>\n<p class=\"p1\">Emme ole viel\u00e4k\u00e4\u00e4n saavuttaneet konsensusta edes siit\u00e4, mill\u00e4 nimell\u00e4 sodasta puhutaan.<\/p>\n<p class=\"p1\">Monet meist\u00e4 asettavat itsens\u00e4 ainakin jollain ep\u00e4m\u00e4\u00e4r\u00e4isell\u00e4 tasolla jommallekummalle puolelle vuoden 1918 jakolinjaa. T\u00e4m\u00e4 siit\u00e4 huolimatta, ett\u00e4 monet tuolloiset kiistat ja sotaan johtaneet tekij\u00e4t ovat poistuneet pelilaudalta \u2013 osan niist\u00e4 toki pysyess\u00e4 edelleen yhteiskunnallisen keskustelun keski\u00f6ss\u00e4. Monella meist\u00e4 oli sukulaisia molemmilla puolin rintamalinjoja, ja ainakin sen my\u00f6t\u00e4 puolensa voi valita ihan identiteettipoliittisin perustein.<\/p>\n<div class=\"issuuembed\" style=\"width: 600px; height: 440px;\" data-configid=\"32915052\/59043611\"><\/div>\n<p><script src=\"\/\/e.issuu.com\/embed.js\" async=\"true\" type=\"text\/javascript\"><\/script><\/p>\n<p class=\"p1\"><em>H\u00e4irik\u00f6t-p\u00e4\u00e4majan Kansa Taisteli \u2013 kesken\u00e4\u00e4n -lehti l\u00f6ytyy Voiman 2\/2018 v\u00e4list\u00e4. Mik\u00e4li et ole paperista versiota viel\u00e4 saanut k\u00e4siisi, niin lehden voi lukea my\u00f6s oheisena s\u00e4hk\u00f6isen\u00e4 versiona.<\/em><\/p>\n<p class=\"p1\"><strong>Sis\u00e4llissotaan tehd\u00e4\u00e4n<\/strong> rinnastuksia usein my\u00f6s nykyp\u00e4iv\u00e4st\u00e4 puhuttaessa, ja poteroita kaivetaan totuttuihin paikkoihin. Vasemmisto ja oikeisto ovat tietenkin yh\u00e4 p\u00e4tevi\u00e4 m\u00e4\u00e4ritt\u00e4vi\u00e4 tekij\u00f6it\u00e4, mutta tutkija <b>Johanna Vuorelma<\/b>\u00a0<em>Kansa taisteli \u2013 kesken\u00e4\u00e4n<\/em> -lehden sivulla 3, ett\u00e4 ehk\u00e4p\u00e4 nykyisten yhteiskunnallisten jakolinjojen perusta on valettu enemm\u00e4nkin 1990-luvun lamavuosina kuin sis\u00e4llissodan taisteluissa.<\/p>\n<p class=\"p1\">T\u00e4t\u00e4 identiteettipolitiikkaa miettiess\u00e4 auttaa my\u00f6s antropologi <strong>Juuso Koposen<\/strong> huomio sivulla 5. H\u00e4n rinnastaa l\u00e4nsimaisen historiankirjoituksen alkuper\u00e4iskansojen myytteihin sik\u00e4li, ett\u00e4 molempien varaan rakennetaan identiteettej\u00e4. Ja koska historiankirjoitus on tunnetusti ideologisen valikoivaa, asettuvat identiteettimme usein sattumanvaraisten tapahtumaketjujen m\u00e4\u00e4rittelemille raiteille.<\/p>\n<figure id=\"attachment_13378\" aria-describedby=\"caption-attachment-13378\" style=\"width: 400px\" class=\"wp-caption alignright\"><img decoding=\"async\" class=\" wp-image-13378\" src=\"https:\/\/voima.fi\/hairikot\/wp-content\/uploads\/sites\/9\/2020\/04\/Patria-vastis.jpg\" alt=\"&quot;Jos ei me myyd\u00e4, niin sitten joku muu myy.&quot; T\u00e4m\u00e4 on aika yleinen selitys, kun viritell\u00e4\u00e4n keskustelua asekaupoista ja siit\u00e4, ett\u00e4 Suomi myy kuoleman v\u00e4lineit\u00e4 moniin sellaisiin maihin, joihin ei kenell\u00e4k\u00e4\u00e4n olisi mit\u00e4\u00e4n asiaa myyd\u00e4 yht\u00e4\u00e4n mit\u00e4\u00e4n aseita. Ja se todellakin on Suomi \u2013 siis me suomalaiset \u2013 joka kauppaa k\u00e4y Patrian kaltaisten valtio-omisteisten yhti\u00f6iden v\u00e4lityksell\u00e4 ja maan hallituksen my\u00f6nt\u00e4mien lupien kera.\" width=\"400\" height=\"575\" \/><figcaption id=\"caption-attachment-13378\" class=\"wp-caption-text\">&#8221;Jos ei me myyd\u00e4, niin sitten joku muu myy.&#8221;<br \/>T\u00e4m\u00e4 on aika yleinen selitys, kun viritell\u00e4\u00e4n keskustelua asekaupoista ja siit\u00e4, ett\u00e4 Suomi myy kuoleman v\u00e4lineit\u00e4 moniin sellaisiin maihin, joihin ei kenell\u00e4k\u00e4\u00e4n olisi mit\u00e4\u00e4n asiaa myyd\u00e4 yht\u00e4\u00e4n mit\u00e4\u00e4n aseita. Ja se todellakin on Suomi \u2013 siis me suomalaiset \u2013 joka kauppaa k\u00e4y Patrian kaltaisten valtio-omisteisten yhti\u00f6iden v\u00e4lityksell\u00e4 ja maan hallituksen my\u00f6nt\u00e4mien lupien kera.<\/figcaption><\/figure>\n<p class=\"p1\"><strong>Nyt kun olemme<\/strong> saaneet itsereflektion t\u00e4yteen vauhtiin, mit\u00e4p\u00e4 sit\u00e4 jarruttelemaan. Samalla kun muistelemme Suomen sis\u00e4llissotaa, sopii muistaa, ett\u00e4 suomalaiset aseet osallistuvat t\u00e4n\u00e4kin p\u00e4iv\u00e4n\u00e4 sis\u00e4llissotiin. Esimerkiksi Sako on myynyt tarkkuuskiv\u00e4\u00e4reit\u00e4 Turkkiin, joka k\u00e4y sotaa kurdeja vastaan \u2013 kyse on monen maan alueelle jakautuvasta sis\u00e4llissodasta. Patria puolestaan ei ole liikoja kriiseillyt, vaikka sen kalustoa on p\u00e4\u00e4tynyt esimerkiksi Jemenin sis\u00e4llissotaan.<\/p>\n<p class=\"p1\">Sis\u00e4llissodan satavuotismuisteloiden aikaan ruokimme surutta toisten sotia \u2013 ja sodan perint\u00f6 siirtyy j\u00e4lleen uusille sukupolville samalla, kun me suomalaiset ker\u00e4\u00e4mme siivumme voitoista. Saattaisimmeko toimia toisin?<\/p>\n<p class=\"p1\">Jari Tamminen<br \/>\nP\u00e4\u00e4h\u00e4irikk\u00f6<\/p>\n<p class=\"p1\">P.S. Tervetuloa H\u00e4irik\u00f6t-p\u00e4\u00e4majan jo perinteeksi muodostuneeseen <a href=\"https:\/\/www.facebook.com\/events\/854603744742654\/\" class=\"external\" rel=\"nofollow\">Spektaakkeligaalaan<\/a> 13.3. Helsingin ravintola Mascotiin. Luvassa viihteellisi\u00e4 ohjelmanumeroita sek\u00e4 keskustelua t\u00e4m\u00e4nkin lehden teemoista. Sis\u00e4\u00e4np\u00e4\u00e4sy nolla euroa (cheap!).<\/p>\n","protected":false},"excerpt":{"rendered":"<p>Kansa taisteli \u2013 kesken\u00e4\u00e4n -lehden p\u00e4\u00e4kirjoituksessa p\u00e4\u00e4h\u00e4irikk\u00f6 Tamminen pohtii suhdettamme sadan vuoden takaisiin taisteluihin.<\/p>\n","protected":false},"author":122,"featured_media":15035,"comment_status":"open","ping_status":"open","sticky":false,"template":"","format":"standard","meta":{"footnotes":""},"categories":[5],"tags":[12,185,801,1043,1260,2284,2775],"yoast_head":"<!-- This site is optimized with the Yoast SEO plugin v22.7 - https:\/\/yoast.com\/wordpress\/plugins\/seo\/ -->\n<title>Kansa taisteli \u2013 Me ollaan lahtareita kaikki - H\u00e4irik\u00f6t-p\u00e4\u00e4maja<\/title>\n<meta name=\"robots\" content=\"index, follow, max-snippet:-1, max-image-preview:large, max-video-preview:-1\" \/>\n<link rel=\"canonical\" href=\"https:\/\/voima.fi\/hairikot\/artikkeli\/kansa-taisteli-ollaan-lahtareita\/\" \/>\n<meta property=\"og:locale\" content=\"fi_FI\" \/>\n<meta property=\"og:type\" content=\"article\" \/>\n<meta property=\"og:title\" content=\"Kansa taisteli \u2013 Me ollaan lahtareita kaikki - H\u00e4irik\u00f6t-p\u00e4\u00e4maja\" \/>\n<meta property=\"og:description\" content=\"Kansa taisteli \u2013 kesken\u00e4\u00e4n -lehden p\u00e4\u00e4kirjoituksessa p\u00e4\u00e4h\u00e4irikk\u00f6 Tamminen pohtii suhdettamme sadan vuoden takaisiin taisteluihin.\" \/>\n<meta property=\"og:url\" content=\"https:\/\/voima.fi\/hairikot\/artikkeli\/kansa-taisteli-ollaan-lahtareita\/\" \/>\n<meta property=\"og:site_name\" content=\"H\u00e4irik\u00f6t-p\u00e4\u00e4maja\" \/>\n<meta property=\"article:published_time\" content=\"2018-03-08T22:00:00+00:00\" \/>\n<meta property=\"article:modified_time\" content=\"2020-08-10T11:01:58+00:00\" \/>\n<meta property=\"og:image\" content=\"https:\/\/voima.fi\/hairikot\/wp-content\/uploads\/sites\/9\/2020\/04\/Omakuva-Kansa-Taisteli.png\" \/>\n\t<meta property=\"og:image:width\" content=\"723\" \/>\n\t<meta property=\"og:image:height\" content=\"529\" \/>\n\t<meta property=\"og:image:type\" content=\"image\/png\" \/>\n<meta name=\"author\" content=\"Jari Tamminen\" \/>\n<meta name=\"twitter:card\" content=\"summary_large_image\" \/>\n<meta name=\"twitter:label1\" content=\"Kirjoittanut\" \/>\n\t<meta name=\"twitter:data1\" content=\"Jari Tamminen\" \/>\n\t<meta name=\"twitter:label2\" content=\"Arvioitu lukuaika\" \/>\n\t<meta name=\"twitter:data2\" content=\"2 minuuttia\" \/>\n<script type=\"application\/ld+json\" class=\"yoast-schema-graph\">{\"@context\":\"https:\/\/schema.org\",\"@graph\":[{\"@type\":\"WebPage\",\"@id\":\"https:\/\/voima.fi\/hairikot\/artikkeli\/kansa-taisteli-ollaan-lahtareita\/\",\"url\":\"https:\/\/voima.fi\/hairikot\/artikkeli\/kansa-taisteli-ollaan-lahtareita\/\",\"name\":\"Kansa taisteli \u2013 Me ollaan lahtareita kaikki - H\u00e4irik\u00f6t-p\u00e4\u00e4maja\",\"isPartOf\":{\"@id\":\"https:\/\/voima.fi\/hairikot\/#website\"},\"primaryImageOfPage\":{\"@id\":\"https:\/\/voima.fi\/hairikot\/artikkeli\/kansa-taisteli-ollaan-lahtareita\/#primaryimage\"},\"image\":{\"@id\":\"https:\/\/voima.fi\/hairikot\/artikkeli\/kansa-taisteli-ollaan-lahtareita\/#primaryimage\"},\"thumbnailUrl\":\"https:\/\/voima.fi\/hairikot\/wp-content\/uploads\/sites\/9\/2020\/04\/Omakuva-Kansa-Taisteli.png\",\"datePublished\":\"2018-03-08T22:00:00+00:00\",\"dateModified\":\"2020-08-10T11:01:58+00:00\",\"author\":{\"@id\":\"https:\/\/voima.fi\/hairikot\/#\/schema\/person\/523ff68c19f1381d78529f38bb76e7fe\"},\"breadcrumb\":{\"@id\":\"https:\/\/voima.fi\/hairikot\/artikkeli\/kansa-taisteli-ollaan-lahtareita\/#breadcrumb\"},\"inLanguage\":\"fi\",\"potentialAction\":[{\"@type\":\"ReadAction\",\"target\":[\"https:\/\/voima.fi\/hairikot\/artikkeli\/kansa-taisteli-ollaan-lahtareita\/\"]}]},{\"@type\":\"ImageObject\",\"inLanguage\":\"fi\",\"@id\":\"https:\/\/voima.fi\/hairikot\/artikkeli\/kansa-taisteli-ollaan-lahtareita\/#primaryimage\",\"url\":\"https:\/\/voima.fi\/hairikot\/wp-content\/uploads\/sites\/9\/2020\/04\/Omakuva-Kansa-Taisteli.png\",\"contentUrl\":\"https:\/\/voima.fi\/hairikot\/wp-content\/uploads\/sites\/9\/2020\/04\/Omakuva-Kansa-Taisteli.png\",\"width\":723,\"height\":529},{\"@type\":\"BreadcrumbList\",\"@id\":\"https:\/\/voima.fi\/hairikot\/artikkeli\/kansa-taisteli-ollaan-lahtareita\/#breadcrumb\",\"itemListElement\":[{\"@type\":\"ListItem\",\"position\":1,\"name\":\"Home\",\"item\":\"https:\/\/voima.fi\/hairikot\/\"},{\"@type\":\"ListItem\",\"position\":2,\"name\":\"Kansa taisteli \u2013 Me ollaan lahtareita kaikki\"}]},{\"@type\":\"WebSite\",\"@id\":\"https:\/\/voima.fi\/hairikot\/#website\",\"url\":\"https:\/\/voima.fi\/hairikot\/\",\"name\":\"H\u00e4irik\u00f6t-p\u00e4\u00e4maja\",\"description\":\"\",\"potentialAction\":[{\"@type\":\"SearchAction\",\"target\":{\"@type\":\"EntryPoint\",\"urlTemplate\":\"https:\/\/voima.fi\/hairikot\/?s={search_term_string}\"},\"query-input\":\"required name=search_term_string\"}],\"inLanguage\":\"fi\"},{\"@type\":\"Person\",\"@id\":\"https:\/\/voima.fi\/hairikot\/#\/schema\/person\/523ff68c19f1381d78529f38bb76e7fe\",\"name\":\"Jari Tamminen\",\"image\":{\"@type\":\"ImageObject\",\"inLanguage\":\"fi\",\"@id\":\"https:\/\/voima.fi\/hairikot\/#\/schema\/person\/image\/\",\"url\":\"https:\/\/secure.gravatar.com\/avatar\/e5c0bb16f2efc1924afe37fc190f8ce1?s=96&d=blank&r=g\",\"contentUrl\":\"https:\/\/secure.gravatar.com\/avatar\/e5c0bb16f2efc1924afe37fc190f8ce1?s=96&d=blank&r=g\",\"caption\":\"Jari Tamminen\"},\"description\":\"Kulttuurih\u00e4irint\u00e4 on taiteen ja aktivismin j\u00e4nnitt\u00e4v\u00e4\u00e4 lomittumista: odottamaton performanssi katuvilin\u00e4ss\u00e4, vallattuja mainostauluja ja mainosparodioita. Se on k\u00e4site, joka yhdist\u00e4\u00e4 yhteiskunnallista kommentaaria ja luovaa vastarintaa. T\u00e4ss\u00e4 blogissa Voiman Jari Tamminen hahmottaa maailmaa kulttuurih\u00e4irinn\u00e4n n\u00e4k\u00f6kulmasta. Lis\u00e4\u00e4 Tammisen huomioita kulttuurih\u00e4irinn\u00e4st\u00e4 voi lukea Voimasta, H\u00e4irik\u00f6t \u2013 Kulttuurih\u00e4irinn\u00e4n aakkoset -kirjasta ja p\u00e4ivitt\u00e4in osoitteesta www.facebook.com\/hairikot.\",\"sameAs\":[\"http:\/\/www.facebook.com\/hairikot\"],\"url\":\"https:\/\/voima.fi\/hairikot\/artikkeli\/author\/hairikko\/\"}]}<\/script>\n<!-- \/ Yoast SEO plugin. -->","yoast_head_json":{"title":"Kansa taisteli \u2013 Me ollaan lahtareita kaikki - H\u00e4irik\u00f6t-p\u00e4\u00e4maja","robots":{"index":"index","follow":"follow","max-snippet":"max-snippet:-1","max-image-preview":"max-image-preview:large","max-video-preview":"max-video-preview:-1"},"canonical":"https:\/\/voima.fi\/hairikot\/artikkeli\/kansa-taisteli-ollaan-lahtareita\/","og_locale":"fi_FI","og_type":"article","og_title":"Kansa taisteli \u2013 Me ollaan lahtareita kaikki - H\u00e4irik\u00f6t-p\u00e4\u00e4maja","og_description":"Kansa taisteli \u2013 kesken\u00e4\u00e4n -lehden p\u00e4\u00e4kirjoituksessa p\u00e4\u00e4h\u00e4irikk\u00f6 Tamminen pohtii suhdettamme sadan vuoden takaisiin taisteluihin.","og_url":"https:\/\/voima.fi\/hairikot\/artikkeli\/kansa-taisteli-ollaan-lahtareita\/","og_site_name":"H\u00e4irik\u00f6t-p\u00e4\u00e4maja","article_published_time":"2018-03-08T22:00:00+00:00","article_modified_time":"2020-08-10T11:01:58+00:00","og_image":[{"width":723,"height":529,"url":"https:\/\/voima.fi\/hairikot\/wp-content\/uploads\/sites\/9\/2020\/04\/Omakuva-Kansa-Taisteli.png","type":"image\/png"}],"author":"Jari Tamminen","twitter_card":"summary_large_image","twitter_misc":{"Kirjoittanut":"Jari Tamminen","Arvioitu lukuaika":"2 minuuttia"},"schema":{"@context":"https:\/\/schema.org","@graph":[{"@type":"WebPage","@id":"https:\/\/voima.fi\/hairikot\/artikkeli\/kansa-taisteli-ollaan-lahtareita\/","url":"https:\/\/voima.fi\/hairikot\/artikkeli\/kansa-taisteli-ollaan-lahtareita\/","name":"Kansa taisteli \u2013 Me ollaan lahtareita kaikki - H\u00e4irik\u00f6t-p\u00e4\u00e4maja","isPartOf":{"@id":"https:\/\/voima.fi\/hairikot\/#website"},"primaryImageOfPage":{"@id":"https:\/\/voima.fi\/hairikot\/artikkeli\/kansa-taisteli-ollaan-lahtareita\/#primaryimage"},"image":{"@id":"https:\/\/voima.fi\/hairikot\/artikkeli\/kansa-taisteli-ollaan-lahtareita\/#primaryimage"},"thumbnailUrl":"https:\/\/voima.fi\/hairikot\/wp-content\/uploads\/sites\/9\/2020\/04\/Omakuva-Kansa-Taisteli.png","datePublished":"2018-03-08T22:00:00+00:00","dateModified":"2020-08-10T11:01:58+00:00","author":{"@id":"https:\/\/voima.fi\/hairikot\/#\/schema\/person\/523ff68c19f1381d78529f38bb76e7fe"},"breadcrumb":{"@id":"https:\/\/voima.fi\/hairikot\/artikkeli\/kansa-taisteli-ollaan-lahtareita\/#breadcrumb"},"inLanguage":"fi","potentialAction":[{"@type":"ReadAction","target":["https:\/\/voima.fi\/hairikot\/artikkeli\/kansa-taisteli-ollaan-lahtareita\/"]}]},{"@type":"ImageObject","inLanguage":"fi","@id":"https:\/\/voima.fi\/hairikot\/artikkeli\/kansa-taisteli-ollaan-lahtareita\/#primaryimage","url":"https:\/\/voima.fi\/hairikot\/wp-content\/uploads\/sites\/9\/2020\/04\/Omakuva-Kansa-Taisteli.png","contentUrl":"https:\/\/voima.fi\/hairikot\/wp-content\/uploads\/sites\/9\/2020\/04\/Omakuva-Kansa-Taisteli.png","width":723,"height":529},{"@type":"BreadcrumbList","@id":"https:\/\/voima.fi\/hairikot\/artikkeli\/kansa-taisteli-ollaan-lahtareita\/#breadcrumb","itemListElement":[{"@type":"ListItem","position":1,"name":"Home","item":"https:\/\/voima.fi\/hairikot\/"},{"@type":"ListItem","position":2,"name":"Kansa taisteli \u2013 Me ollaan lahtareita kaikki"}]},{"@type":"WebSite","@id":"https:\/\/voima.fi\/hairikot\/#website","url":"https:\/\/voima.fi\/hairikot\/","name":"H\u00e4irik\u00f6t-p\u00e4\u00e4maja","description":"","potentialAction":[{"@type":"SearchAction","target":{"@type":"EntryPoint","urlTemplate":"https:\/\/voima.fi\/hairikot\/?s={search_term_string}"},"query-input":"required name=search_term_string"}],"inLanguage":"fi"},{"@type":"Person","@id":"https:\/\/voima.fi\/hairikot\/#\/schema\/person\/523ff68c19f1381d78529f38bb76e7fe","name":"Jari Tamminen","image":{"@type":"ImageObject","inLanguage":"fi","@id":"https:\/\/voima.fi\/hairikot\/#\/schema\/person\/image\/","url":"https:\/\/secure.gravatar.com\/avatar\/e5c0bb16f2efc1924afe37fc190f8ce1?s=96&d=blank&r=g","contentUrl":"https:\/\/secure.gravatar.com\/avatar\/e5c0bb16f2efc1924afe37fc190f8ce1?s=96&d=blank&r=g","caption":"Jari Tamminen"},"description":"Kulttuurih\u00e4irint\u00e4 on taiteen ja aktivismin j\u00e4nnitt\u00e4v\u00e4\u00e4 lomittumista: odottamaton performanssi katuvilin\u00e4ss\u00e4, vallattuja mainostauluja ja mainosparodioita. Se on k\u00e4site, joka yhdist\u00e4\u00e4 yhteiskunnallista kommentaaria ja luovaa vastarintaa. T\u00e4ss\u00e4 blogissa Voiman Jari Tamminen hahmottaa maailmaa kulttuurih\u00e4irinn\u00e4n n\u00e4k\u00f6kulmasta. Lis\u00e4\u00e4 Tammisen huomioita kulttuurih\u00e4irinn\u00e4st\u00e4 voi lukea Voimasta, H\u00e4irik\u00f6t \u2013 Kulttuurih\u00e4irinn\u00e4n aakkoset -kirjasta ja p\u00e4ivitt\u00e4in osoitteesta www.facebook.com\/hairikot.","sameAs":["http:\/\/www.facebook.com\/hairikot"],"url":"https:\/\/voima.fi\/hairikot\/artikkeli\/author\/hairikko\/"}]}},"enclosure":{"image":"https:\/\/voima.fi\/hairikot\/wp-content\/uploads\/sites\/9\/2020\/04\/Omakuva-Kansa-Taisteli.png"},"meta:avatar":"","geolocation":[],"meta:youtube":null,"meta:vimeo":null,"meta:duration":null,"_links":{"self":[{"href":"https:\/\/voima.fi\/hairikot\/wp-json\/wp\/v2\/posts\/17634"}],"collection":[{"href":"https:\/\/voima.fi\/hairikot\/wp-json\/wp\/v2\/posts"}],"about":[{"href":"https:\/\/voima.fi\/hairikot\/wp-json\/wp\/v2\/types\/post"}],"author":[{"embeddable":true,"href":"https:\/\/voima.fi\/hairikot\/wp-json\/wp\/v2\/users\/122"}],"replies":[{"embeddable":true,"href":"https:\/\/voima.fi\/hairikot\/wp-json\/wp\/v2\/comments?post=17634"}],"version-history":[{"count":1,"href":"https:\/\/voima.fi\/hairikot\/wp-json\/wp\/v2\/posts\/17634\/revisions"}],"predecessor-version":[{"id":18277,"href":"https:\/\/voima.fi\/hairikot\/wp-json\/wp\/v2\/posts\/17634\/revisions\/18277"}],"wp:featuredmedia":[{"embeddable":true,"href":"https:\/\/voima.fi\/hairikot\/wp-json\/wp\/v2\/media\/15035"}],"wp:attachment":[{"href":"https:\/\/voima.fi\/hairikot\/wp-json\/wp\/v2\/media?parent=17634"}],"wp:term":[{"taxonomy":"category","embeddable":true,"href":"https:\/\/voima.fi\/hairikot\/wp-json\/wp\/v2\/categories?post=17634"},{"taxonomy":"post_tag","embeddable":true,"href":"https:\/\/voima.fi\/hairikot\/wp-json\/wp\/v2\/tags?post=17634"}],"curies":[{"name":"wp","href":"https:\/\/api.w.org\/{rel}","templated":true}]}}