{"id":17632,"date":"2018-02-22T00:00:00","date_gmt":"2018-02-21T22:00:00","guid":{"rendered":"http:\/\/voima.fi\/hairikot\/blogi\/espanjassa-kidutetaan-vankeja-sensuroidaan-taidetta"},"modified":"2020-08-10T14:01:58","modified_gmt":"2020-08-10T11:01:58","slug":"espanjassa-kidutetaan-vankeja-sensuroidaan-taidetta","status":"publish","type":"post","link":"https:\/\/voima.fi\/hairikot\/artikkeli\/espanjassa-kidutetaan-vankeja-sensuroidaan-taidetta\/","title":{"rendered":"Espanjassa kidutetaan vankeja ja sensuroidaan taidetta"},"content":{"rendered":"<div class=\"lowres-featured-image\"><img decoding=\"async\" width=\"980\" height=\"552\" src=\"https:\/\/voima.fi\/hairikot\/wp-content\/uploads\/sites\/9\/2020\/04\/Sierra1.jpg\" class=\"attachment-full size-full wp-post-image\" alt=\"\" srcset=\"https:\/\/voima.fi\/hairikot\/wp-content\/uploads\/sites\/9\/2020\/04\/Sierra1.jpg 980w, https:\/\/voima.fi\/hairikot\/wp-content\/uploads\/sites\/9\/2020\/04\/Sierra1-600x338.jpg 600w, https:\/\/voima.fi\/hairikot\/wp-content\/uploads\/sites\/9\/2020\/04\/Sierra1-768x433.jpg 768w, https:\/\/voima.fi\/hairikot\/wp-content\/uploads\/sites\/9\/2020\/04\/Sierra1-320x180.jpg 320w, https:\/\/voima.fi\/hairikot\/wp-content\/uploads\/sites\/9\/2020\/04\/Sierra1-200x113.jpg 200w, https:\/\/voima.fi\/hairikot\/wp-content\/uploads\/sites\/9\/2020\/04\/Sierra1-560x315.jpg 560w, https:\/\/voima.fi\/hairikot\/wp-content\/uploads\/sites\/9\/2020\/04\/Sierra1-300x169.jpg 300w\" sizes=\"(max-width: 980px) 100vw, 980px\" \/><p class=\"ylakuvateksti\"><\/p><\/div><p class=\"p1\"><i>On aina pys\u00e4ytt\u00e4v\u00e4 kokemus huomata, ett\u00e4 EU-maassa sorretaan kansalaisia ja rajoitetaan sananvapautta. Harvemmin n\u00e4ist\u00e4 kuitenkaan puhutaan, vaikka toiminta olisi kuinka arkip\u00e4iv\u00e4ist\u00e4.<\/i><\/p>\n<p class=\"p3\"><span class=\"s1\"><strong>Espanjassa vuosittain<\/strong> j\u00e4rjestett\u00e4v\u00e4t ja maan t\u00e4rkeimm\u00e4t taidemessut \u2013 ARCOmadrid \u2013 alkoi taiteen sensuroinnilla. Keskiviikkona 21.2.,\u00a0hieman ennen t\u00e4m\u00e4n vuotisia\u00a0avajaisia provokatiivisesta taiteestaan tunnetun Santiago Sierran<\/span><span class=\"s2\">\u00a0<i>Presos pol\u00edticos en la Espa\u00f1a contempor\u00e1nea <\/i><\/span>-teossarja (\u201dPoliittiset vangit nyky-Espanjassa\u201d) <a href=\"https:\/\/news.artnet.com\/market\/santiago-sierras-portraits-spains-political-prisoners-censored-madrid-art-fair-1229117\" class=\"external\" rel=\"nofollow\">poistettiin messuhallin sein\u00e4lt\u00e4<\/a>.<\/p>\n<p class=\"p3\">Teossarja koostuu 24 mustavalkoisesta kuvasta, joissa oli muun muassa Katalonian ja Baskimaan itsen\u00e4isyyden puolesta puhuneiden ja ty\u00f6skennelleiden poliitikkojen, aktivistien, taiteilijoiden ja toimittajien kasvokuvia piksel\u00f6ityin\u00e4. Vaikka kuvissa esiintyvien henkil\u00f6iden kasvot oli peitetty, olivat he tunnistettavissa kuvien yhteydess\u00e4 olevista kuvauksista ja titteleist\u00e4 sek\u00e4 saamistaan tuomioista ja syytteist\u00e4.<\/p>\n<p class=\"p3\">Poliisi oli k\u00e4ynyt tutustumassa teoksiin jo edellisen\u00e4 maanantaina ja lopulta aloitteen sensurointip\u00e4\u00e4t\u00f6ksest\u00e4 oli tehnyt Madridin messukeskusta py\u00f6ritt\u00e4v\u00e4n IFEMA-yhti\u00f6n johtaja Eduardo L\u00f3pez-Puertas. L\u00f3pez-Puertas kertoi, ett\u00e4 tavoitteena oli \u201dv\u00e4ltt\u00e4\u00e4 polemiikkia\u201d.<\/p>\n<p class=\"p3\">Taiteilija Sierra kommentoi sensurointip\u00e4\u00e4t\u00f6st\u00e4 Facebookissa varsin suorasanaisesti ja totesi, ett\u00e4: \u201dT\u00e4m\u00e4n kaltaiset teot antavat merkityst\u00e4 ja perustelevat taideteoksen\u201d. Vaikka teossarja on yh\u00e4 takavarikoituna on se jo myyty nimett\u00f6m\u00e4n\u00e4 pysyttelev\u00e4lle ker\u00e4ilij\u00e4lle 80 000 euron hintaan ja messuilla on yh\u00e4 myynniss\u00e4 kirja, jossa sensuroidut kuvat n\u00e4kyv\u00e4t.<\/p>\n<figure id=\"attachment_13339\" aria-describedby=\"caption-attachment-13339\" style=\"width: 720px\" class=\"wp-caption alignright\"><img decoding=\"async\" class=\"size-full wp-image-13339\" src=\"https:\/\/voima.fi\/hairikot\/wp-content\/uploads\/sites\/9\/2020\/04\/Sierra2.jpg\" alt=\"T\u00e4lt\u00e4 tilanne n\u00e4ytti ennen sensurointip\u00e4\u00e4t\u00f6st\u00e4.\" width=\"720\" height=\"540\" \/><figcaption id=\"caption-attachment-13339\" class=\"wp-caption-text\">T\u00e4lt\u00e4 tilanne n\u00e4ytti ennen sensurointip\u00e4\u00e4t\u00f6st\u00e4.<\/figcaption><\/figure>\n<p class=\"p3\"><strong>Sierran teossarja<\/strong> puuttuu Espanjassa \u00e4\u00e4rimm\u00e4isen herkk\u00e4\u00e4n aiheeseen, mutta t\u00e4t\u00e4 aihetta ei juurikaan k\u00e4sitell\u00e4 esimerkiksi Suomessa. Katalonian itsen\u00e4istymispyrkimyksist\u00e4 kyll\u00e4 tuli hetken aikaa loputtomana virtana uutissilppua, mutta kyse on verrattomasti laajemmasta ja syvemm\u00e4st\u00e4 ongelmasta. Uudessa <a href=\"https:\/\/www.facebook.com\/Voima-108895368297\/?ref=br_rs\" class=\"external\" rel=\"nofollow\"><em>Voima<\/em><\/a>-lehdess\u00e4 on <a href=\"http:\/\/voima.fi\/artikkeli\/2018\/espanjalaista-terrorismia\/\">sattumalta artikkeli<\/a>, joka k\u00e4sittelee aihetta.<\/p>\n<p class=\"p5\"><span class=\"s3\">\u201dEspanja <\/span><span class=\"s4\">on jaettu seitsem\u00e4\u00e4ntoista itsehallintoalueeseen vuoden 1978 perustuslaissa. Alueet m\u00e4\u00e4r\u00e4ytyiv\u00e4t joko historiallisten kuningaskuntien tai esimerkiksi maakuntien pohjalta. N\u00e4ill\u00e4 alueilla on oma lippunsa ja parlamenttinsa, mutta niiden autonomiataso vaihtelee. Muun muassa Baskimaa ker\u00e4\u00e4 omat veronsa, kun taas monien itsehallintoalueiden verotuksesta p\u00e4\u00e4tt\u00e4\u00e4 keskushallinto.\u201d<\/span><\/p>\n<p class=\"p6\"><span class=\"s4\"><img decoding=\"async\" class=\"alignright size-thumbnail wp-image-13340\" src=\"https:\/\/voima.fi\/hairikot\/wp-content\/uploads\/sites\/9\/2020\/04\/Sierra-detsku.jpg\" alt=\"Sierra-detsku\" width=\"300\" height=\"300\" \/><strong>Katalonian itsen\u00e4isyys\u00e4\u00e4nestys<\/strong> muistutti t\u00e4\u00e4ll\u00e4 Suomessakin Espanjan sis\u00e4isest\u00e4 hajaannuksesta, mutta tuo hajaannus ei tosiaan rajaudu Kataloniaan.<\/span><\/p>\n<p class=\"p6\"><span class=\"s4\">\u201d<\/span><span class=\"s5\">Katalonia <\/span><span class=\"s4\">ei suinkaan ole ensimm\u00e4inen itsen\u00e4isyytt\u00e4 tavoitteleva itsehallintoalue Espanjassa. Baskimaa on pyrkinyt samaan jo vuosia. Vaikka n\u00e4m\u00e4 kaksi itsehallintoaluetta ovat poliittisesti ja historiallisesti hyvin erilaisia, yhteist\u00e4 niille on se, ett\u00e4 kummatkin ovat kyseenalaistaneet Espanjan alueellisen hegemonian ja saaneet vastineeksi k\u00e4rsi\u00e4 keskushallinnon tyytym\u00e4tt\u00f6myyden seuraukset.<\/span><\/p>\n<p class=\"p6\"><span class=\"s4\">Kummankin kohdalla keskushallinnon harjoittamasta v\u00e4kivallasta on puhuttu julkisesti hyvin rajoitetusti, jos lainkaan. Katalonian kansan\u00e4\u00e4nestyksen aikaista poliisiv\u00e4kivaltaa ja my\u00f6hempi\u00e4 pid\u00e4tyksi\u00e4 on kritisoitu julkisesti hyvin v\u00e4h\u00e4n. Baskimaassa v\u00e4kivalta on aina liitetty l\u00e4hes yksinomaan \u201dBaskimaa ja vapaus\u201d -j\u00e4rjest\u00f6 Etaan, eik\u00e4 itsen\u00e4isyysliikkeen vastaista v\u00e4kivaltaa ole juurikaan mainittu kansainv\u00e4lisess\u00e4 uutisoinnissa. Katalonian viimeaikaiset tapahtumat tarjoavat oivan tilaisuuden nostaa esille my\u00f6s Baskimaan itsen\u00e4isyystaistelun ja siihen kohdistetut sortomenetelm\u00e4t.\u201d<\/span><\/p>\n<p class=\"p6\"><span class=\"s4\">Siin\u00e4, miss\u00e4 virkakoneiston kovakouraisuus on ollut yksi tapa kohdata erimieliset, on Espanjassa s\u00e4\u00e4detty my\u00f6s lakeja, jotka ovat perin ongelmallisia:<\/span><\/p>\n<p class=\"p6\"><span class=\"s4\">\u201d<\/span><span class=\"s5\">Vuonna 2015<\/span><span class=\"s4\">\u00a0Espanjan rikoslakia uudistettiin. Tarkoituksena oli muun muassa sopeuttaa se Etan tulitauon j\u00e4lkeiseen \u2019rauhan\u2019 aikakauteen. Terrorismin k\u00e4sitett\u00e4 kuitenkin laajennettiin huomattavasti: uudessa rikoslaissa esimerkiksi kansalaistottelemattomuutta, julkisen rauhan rikkomista ja auktoriteettihenkil\u00f6n (poliisin) vastustamista pidet\u00e4\u00e4n terrorismina. Uusi rikoslaki tunnetaan yleisesti nimell\u00e4 \u2019suukapulalaki\u2019 (Ley Mordaza), ja sit\u00e4 vastaan \u00e4\u00e4nestiv\u00e4t kaikki puolueet paitsi konservatiivinen PP.<\/span><\/p>\n<p class=\"p6\"><span class=\"s4\">On selv\u00e4\u00e4, ett\u00e4 vaikka Eta onkin luopunut aseistaan, terrorismin uhkaa ei ole haluttu poistaa Espanjan poliittisesta k\u00e4sitteist\u00f6st\u00e4. \u2019Terrorismina\u2019 pidet\u00e4\u00e4n nyt Espanjan rajojen sis\u00e4ll\u00e4 monenlaisia mielen\u00adilmaisun muotoja. Monet uskovat, ett\u00e4 uuden rikoslain p\u00e4\u00e4llimm\u00e4inen tarkoitus onkin tukahduttaa kaikenlainen toisinajattelu ja valtion ja sen instituutioiden vastainen kritiikki.\u201d<\/span><\/p>\n<p class=\"p6\"><span class=\"s4\">N\u00e4ytt\u00e4\u00e4 silt\u00e4, ett\u00e4 n\u00e4m\u00e4 toisinajattelun tukahduttamispyrkimykset ovat voimissaan my\u00f6s taidemaailmassa.<\/span><\/p>\n<p class=\"p6\"><div class=\"su-youtube su-u-responsive-media-yes\"><iframe width=\"600\" height=\"400\" src=\"https:\/\/www.youtube.com\/embed\/a4y5W00UmCw?\" frameborder=\"0\" allowfullscreen allow=\"autoplay; encrypted-media; picture-in-picture\" title=\"\"><\/iframe><\/div>\n<em>Taiteen avulla on kommentoitu ennenkin ja ohessa esimerkki Baskimaalta, jossa kiinnitettiin huomiotta baskiaktivisteja kohtaan k\u00e4ytettyyn v\u00e4kivaltaan.<\/em><\/p>\n","protected":false},"excerpt":{"rendered":"<p>On aina pys\u00e4ytt\u00e4v\u00e4 kokemus huomata, ett\u00e4 EU-maassa sorretaan kansalaisia ja rajoitetaan sananvapautta. Harvemmin n\u00e4ist\u00e4 kuitenkaan puhutaan, vaikka toiminta olisi kuinka arkip\u00e4iv\u00e4ist\u00e4.<\/p>\n","protected":false},"author":122,"featured_media":15094,"comment_status":"open","ping_status":"open","sticky":false,"template":"","format":"standard","meta":{"footnotes":""},"categories":[5],"tags":[244,492,1082,1481,2246,2437],"yoast_head":"<!-- This site is optimized with the Yoast SEO plugin v22.7 - https:\/\/yoast.com\/wordpress\/plugins\/seo\/ -->\n<title>Espanjassa kidutetaan vankeja ja sensuroidaan taidetta - H\u00e4irik\u00f6t-p\u00e4\u00e4maja<\/title>\n<meta name=\"robots\" content=\"index, follow, max-snippet:-1, max-image-preview:large, max-video-preview:-1\" \/>\n<link rel=\"canonical\" href=\"https:\/\/voima.fi\/hairikot\/artikkeli\/espanjassa-kidutetaan-vankeja-sensuroidaan-taidetta\/\" \/>\n<meta property=\"og:locale\" content=\"fi_FI\" \/>\n<meta property=\"og:type\" content=\"article\" \/>\n<meta property=\"og:title\" content=\"Espanjassa kidutetaan vankeja ja sensuroidaan taidetta - H\u00e4irik\u00f6t-p\u00e4\u00e4maja\" \/>\n<meta property=\"og:description\" content=\"On aina pys\u00e4ytt\u00e4v\u00e4 kokemus huomata, ett\u00e4 EU-maassa sorretaan kansalaisia ja rajoitetaan sananvapautta. Harvemmin n\u00e4ist\u00e4 kuitenkaan puhutaan, vaikka toiminta olisi kuinka arkip\u00e4iv\u00e4ist\u00e4.\" \/>\n<meta property=\"og:url\" content=\"https:\/\/voima.fi\/hairikot\/artikkeli\/espanjassa-kidutetaan-vankeja-sensuroidaan-taidetta\/\" \/>\n<meta property=\"og:site_name\" content=\"H\u00e4irik\u00f6t-p\u00e4\u00e4maja\" \/>\n<meta property=\"article:published_time\" content=\"2018-02-21T22:00:00+00:00\" \/>\n<meta property=\"article:modified_time\" content=\"2020-08-10T11:01:58+00:00\" \/>\n<meta property=\"og:image\" content=\"https:\/\/voima.fi\/hairikot\/wp-content\/uploads\/sites\/9\/2020\/04\/Sierra1.jpg\" \/>\n\t<meta property=\"og:image:width\" content=\"980\" \/>\n\t<meta property=\"og:image:height\" content=\"552\" \/>\n\t<meta property=\"og:image:type\" content=\"image\/jpeg\" \/>\n<meta name=\"author\" content=\"Jari Tamminen\" \/>\n<meta name=\"twitter:card\" content=\"summary_large_image\" \/>\n<meta name=\"twitter:label1\" content=\"Kirjoittanut\" \/>\n\t<meta name=\"twitter:data1\" content=\"Jari Tamminen\" \/>\n\t<meta name=\"twitter:label2\" content=\"Arvioitu lukuaika\" \/>\n\t<meta name=\"twitter:data2\" content=\"3 minuuttia\" \/>\n<script type=\"application\/ld+json\" class=\"yoast-schema-graph\">{\"@context\":\"https:\/\/schema.org\",\"@graph\":[{\"@type\":\"WebPage\",\"@id\":\"https:\/\/voima.fi\/hairikot\/artikkeli\/espanjassa-kidutetaan-vankeja-sensuroidaan-taidetta\/\",\"url\":\"https:\/\/voima.fi\/hairikot\/artikkeli\/espanjassa-kidutetaan-vankeja-sensuroidaan-taidetta\/\",\"name\":\"Espanjassa kidutetaan vankeja ja sensuroidaan taidetta - H\u00e4irik\u00f6t-p\u00e4\u00e4maja\",\"isPartOf\":{\"@id\":\"https:\/\/voima.fi\/hairikot\/#website\"},\"primaryImageOfPage\":{\"@id\":\"https:\/\/voima.fi\/hairikot\/artikkeli\/espanjassa-kidutetaan-vankeja-sensuroidaan-taidetta\/#primaryimage\"},\"image\":{\"@id\":\"https:\/\/voima.fi\/hairikot\/artikkeli\/espanjassa-kidutetaan-vankeja-sensuroidaan-taidetta\/#primaryimage\"},\"thumbnailUrl\":\"https:\/\/voima.fi\/hairikot\/wp-content\/uploads\/sites\/9\/2020\/04\/Sierra1.jpg\",\"datePublished\":\"2018-02-21T22:00:00+00:00\",\"dateModified\":\"2020-08-10T11:01:58+00:00\",\"author\":{\"@id\":\"https:\/\/voima.fi\/hairikot\/#\/schema\/person\/523ff68c19f1381d78529f38bb76e7fe\"},\"breadcrumb\":{\"@id\":\"https:\/\/voima.fi\/hairikot\/artikkeli\/espanjassa-kidutetaan-vankeja-sensuroidaan-taidetta\/#breadcrumb\"},\"inLanguage\":\"fi\",\"potentialAction\":[{\"@type\":\"ReadAction\",\"target\":[\"https:\/\/voima.fi\/hairikot\/artikkeli\/espanjassa-kidutetaan-vankeja-sensuroidaan-taidetta\/\"]}]},{\"@type\":\"ImageObject\",\"inLanguage\":\"fi\",\"@id\":\"https:\/\/voima.fi\/hairikot\/artikkeli\/espanjassa-kidutetaan-vankeja-sensuroidaan-taidetta\/#primaryimage\",\"url\":\"https:\/\/voima.fi\/hairikot\/wp-content\/uploads\/sites\/9\/2020\/04\/Sierra1.jpg\",\"contentUrl\":\"https:\/\/voima.fi\/hairikot\/wp-content\/uploads\/sites\/9\/2020\/04\/Sierra1.jpg\",\"width\":980,\"height\":552},{\"@type\":\"BreadcrumbList\",\"@id\":\"https:\/\/voima.fi\/hairikot\/artikkeli\/espanjassa-kidutetaan-vankeja-sensuroidaan-taidetta\/#breadcrumb\",\"itemListElement\":[{\"@type\":\"ListItem\",\"position\":1,\"name\":\"Home\",\"item\":\"https:\/\/voima.fi\/hairikot\/\"},{\"@type\":\"ListItem\",\"position\":2,\"name\":\"Espanjassa kidutetaan vankeja ja sensuroidaan taidetta\"}]},{\"@type\":\"WebSite\",\"@id\":\"https:\/\/voima.fi\/hairikot\/#website\",\"url\":\"https:\/\/voima.fi\/hairikot\/\",\"name\":\"H\u00e4irik\u00f6t-p\u00e4\u00e4maja\",\"description\":\"\",\"potentialAction\":[{\"@type\":\"SearchAction\",\"target\":{\"@type\":\"EntryPoint\",\"urlTemplate\":\"https:\/\/voima.fi\/hairikot\/?s={search_term_string}\"},\"query-input\":\"required name=search_term_string\"}],\"inLanguage\":\"fi\"},{\"@type\":\"Person\",\"@id\":\"https:\/\/voima.fi\/hairikot\/#\/schema\/person\/523ff68c19f1381d78529f38bb76e7fe\",\"name\":\"Jari Tamminen\",\"image\":{\"@type\":\"ImageObject\",\"inLanguage\":\"fi\",\"@id\":\"https:\/\/voima.fi\/hairikot\/#\/schema\/person\/image\/\",\"url\":\"https:\/\/secure.gravatar.com\/avatar\/e5c0bb16f2efc1924afe37fc190f8ce1?s=96&d=blank&r=g\",\"contentUrl\":\"https:\/\/secure.gravatar.com\/avatar\/e5c0bb16f2efc1924afe37fc190f8ce1?s=96&d=blank&r=g\",\"caption\":\"Jari Tamminen\"},\"description\":\"Kulttuurih\u00e4irint\u00e4 on taiteen ja aktivismin j\u00e4nnitt\u00e4v\u00e4\u00e4 lomittumista: odottamaton performanssi katuvilin\u00e4ss\u00e4, vallattuja mainostauluja ja mainosparodioita. Se on k\u00e4site, joka yhdist\u00e4\u00e4 yhteiskunnallista kommentaaria ja luovaa vastarintaa. T\u00e4ss\u00e4 blogissa Voiman Jari Tamminen hahmottaa maailmaa kulttuurih\u00e4irinn\u00e4n n\u00e4k\u00f6kulmasta. Lis\u00e4\u00e4 Tammisen huomioita kulttuurih\u00e4irinn\u00e4st\u00e4 voi lukea Voimasta, H\u00e4irik\u00f6t \u2013 Kulttuurih\u00e4irinn\u00e4n aakkoset -kirjasta ja p\u00e4ivitt\u00e4in osoitteesta www.facebook.com\/hairikot.\",\"sameAs\":[\"http:\/\/www.facebook.com\/hairikot\"],\"url\":\"https:\/\/voima.fi\/hairikot\/artikkeli\/author\/hairikko\/\"}]}<\/script>\n<!-- \/ Yoast SEO plugin. -->","yoast_head_json":{"title":"Espanjassa kidutetaan vankeja ja sensuroidaan taidetta - H\u00e4irik\u00f6t-p\u00e4\u00e4maja","robots":{"index":"index","follow":"follow","max-snippet":"max-snippet:-1","max-image-preview":"max-image-preview:large","max-video-preview":"max-video-preview:-1"},"canonical":"https:\/\/voima.fi\/hairikot\/artikkeli\/espanjassa-kidutetaan-vankeja-sensuroidaan-taidetta\/","og_locale":"fi_FI","og_type":"article","og_title":"Espanjassa kidutetaan vankeja ja sensuroidaan taidetta - H\u00e4irik\u00f6t-p\u00e4\u00e4maja","og_description":"On aina pys\u00e4ytt\u00e4v\u00e4 kokemus huomata, ett\u00e4 EU-maassa sorretaan kansalaisia ja rajoitetaan sananvapautta. Harvemmin n\u00e4ist\u00e4 kuitenkaan puhutaan, vaikka toiminta olisi kuinka arkip\u00e4iv\u00e4ist\u00e4.","og_url":"https:\/\/voima.fi\/hairikot\/artikkeli\/espanjassa-kidutetaan-vankeja-sensuroidaan-taidetta\/","og_site_name":"H\u00e4irik\u00f6t-p\u00e4\u00e4maja","article_published_time":"2018-02-21T22:00:00+00:00","article_modified_time":"2020-08-10T11:01:58+00:00","og_image":[{"width":980,"height":552,"url":"https:\/\/voima.fi\/hairikot\/wp-content\/uploads\/sites\/9\/2020\/04\/Sierra1.jpg","type":"image\/jpeg"}],"author":"Jari Tamminen","twitter_card":"summary_large_image","twitter_misc":{"Kirjoittanut":"Jari Tamminen","Arvioitu lukuaika":"3 minuuttia"},"schema":{"@context":"https:\/\/schema.org","@graph":[{"@type":"WebPage","@id":"https:\/\/voima.fi\/hairikot\/artikkeli\/espanjassa-kidutetaan-vankeja-sensuroidaan-taidetta\/","url":"https:\/\/voima.fi\/hairikot\/artikkeli\/espanjassa-kidutetaan-vankeja-sensuroidaan-taidetta\/","name":"Espanjassa kidutetaan vankeja ja sensuroidaan taidetta - H\u00e4irik\u00f6t-p\u00e4\u00e4maja","isPartOf":{"@id":"https:\/\/voima.fi\/hairikot\/#website"},"primaryImageOfPage":{"@id":"https:\/\/voima.fi\/hairikot\/artikkeli\/espanjassa-kidutetaan-vankeja-sensuroidaan-taidetta\/#primaryimage"},"image":{"@id":"https:\/\/voima.fi\/hairikot\/artikkeli\/espanjassa-kidutetaan-vankeja-sensuroidaan-taidetta\/#primaryimage"},"thumbnailUrl":"https:\/\/voima.fi\/hairikot\/wp-content\/uploads\/sites\/9\/2020\/04\/Sierra1.jpg","datePublished":"2018-02-21T22:00:00+00:00","dateModified":"2020-08-10T11:01:58+00:00","author":{"@id":"https:\/\/voima.fi\/hairikot\/#\/schema\/person\/523ff68c19f1381d78529f38bb76e7fe"},"breadcrumb":{"@id":"https:\/\/voima.fi\/hairikot\/artikkeli\/espanjassa-kidutetaan-vankeja-sensuroidaan-taidetta\/#breadcrumb"},"inLanguage":"fi","potentialAction":[{"@type":"ReadAction","target":["https:\/\/voima.fi\/hairikot\/artikkeli\/espanjassa-kidutetaan-vankeja-sensuroidaan-taidetta\/"]}]},{"@type":"ImageObject","inLanguage":"fi","@id":"https:\/\/voima.fi\/hairikot\/artikkeli\/espanjassa-kidutetaan-vankeja-sensuroidaan-taidetta\/#primaryimage","url":"https:\/\/voima.fi\/hairikot\/wp-content\/uploads\/sites\/9\/2020\/04\/Sierra1.jpg","contentUrl":"https:\/\/voima.fi\/hairikot\/wp-content\/uploads\/sites\/9\/2020\/04\/Sierra1.jpg","width":980,"height":552},{"@type":"BreadcrumbList","@id":"https:\/\/voima.fi\/hairikot\/artikkeli\/espanjassa-kidutetaan-vankeja-sensuroidaan-taidetta\/#breadcrumb","itemListElement":[{"@type":"ListItem","position":1,"name":"Home","item":"https:\/\/voima.fi\/hairikot\/"},{"@type":"ListItem","position":2,"name":"Espanjassa kidutetaan vankeja ja sensuroidaan taidetta"}]},{"@type":"WebSite","@id":"https:\/\/voima.fi\/hairikot\/#website","url":"https:\/\/voima.fi\/hairikot\/","name":"H\u00e4irik\u00f6t-p\u00e4\u00e4maja","description":"","potentialAction":[{"@type":"SearchAction","target":{"@type":"EntryPoint","urlTemplate":"https:\/\/voima.fi\/hairikot\/?s={search_term_string}"},"query-input":"required name=search_term_string"}],"inLanguage":"fi"},{"@type":"Person","@id":"https:\/\/voima.fi\/hairikot\/#\/schema\/person\/523ff68c19f1381d78529f38bb76e7fe","name":"Jari Tamminen","image":{"@type":"ImageObject","inLanguage":"fi","@id":"https:\/\/voima.fi\/hairikot\/#\/schema\/person\/image\/","url":"https:\/\/secure.gravatar.com\/avatar\/e5c0bb16f2efc1924afe37fc190f8ce1?s=96&d=blank&r=g","contentUrl":"https:\/\/secure.gravatar.com\/avatar\/e5c0bb16f2efc1924afe37fc190f8ce1?s=96&d=blank&r=g","caption":"Jari Tamminen"},"description":"Kulttuurih\u00e4irint\u00e4 on taiteen ja aktivismin j\u00e4nnitt\u00e4v\u00e4\u00e4 lomittumista: odottamaton performanssi katuvilin\u00e4ss\u00e4, vallattuja mainostauluja ja mainosparodioita. Se on k\u00e4site, joka yhdist\u00e4\u00e4 yhteiskunnallista kommentaaria ja luovaa vastarintaa. T\u00e4ss\u00e4 blogissa Voiman Jari Tamminen hahmottaa maailmaa kulttuurih\u00e4irinn\u00e4n n\u00e4k\u00f6kulmasta. Lis\u00e4\u00e4 Tammisen huomioita kulttuurih\u00e4irinn\u00e4st\u00e4 voi lukea Voimasta, H\u00e4irik\u00f6t \u2013 Kulttuurih\u00e4irinn\u00e4n aakkoset -kirjasta ja p\u00e4ivitt\u00e4in osoitteesta www.facebook.com\/hairikot.","sameAs":["http:\/\/www.facebook.com\/hairikot"],"url":"https:\/\/voima.fi\/hairikot\/artikkeli\/author\/hairikko\/"}]}},"enclosure":{"image":"https:\/\/voima.fi\/hairikot\/wp-content\/uploads\/sites\/9\/2020\/04\/Sierra1.jpg"},"meta:avatar":"","geolocation":[],"meta:youtube":null,"meta:vimeo":null,"meta:duration":null,"_links":{"self":[{"href":"https:\/\/voima.fi\/hairikot\/wp-json\/wp\/v2\/posts\/17632"}],"collection":[{"href":"https:\/\/voima.fi\/hairikot\/wp-json\/wp\/v2\/posts"}],"about":[{"href":"https:\/\/voima.fi\/hairikot\/wp-json\/wp\/v2\/types\/post"}],"author":[{"embeddable":true,"href":"https:\/\/voima.fi\/hairikot\/wp-json\/wp\/v2\/users\/122"}],"replies":[{"embeddable":true,"href":"https:\/\/voima.fi\/hairikot\/wp-json\/wp\/v2\/comments?post=17632"}],"version-history":[{"count":1,"href":"https:\/\/voima.fi\/hairikot\/wp-json\/wp\/v2\/posts\/17632\/revisions"}],"predecessor-version":[{"id":18279,"href":"https:\/\/voima.fi\/hairikot\/wp-json\/wp\/v2\/posts\/17632\/revisions\/18279"}],"wp:featuredmedia":[{"embeddable":true,"href":"https:\/\/voima.fi\/hairikot\/wp-json\/wp\/v2\/media\/15094"}],"wp:attachment":[{"href":"https:\/\/voima.fi\/hairikot\/wp-json\/wp\/v2\/media?parent=17632"}],"wp:term":[{"taxonomy":"category","embeddable":true,"href":"https:\/\/voima.fi\/hairikot\/wp-json\/wp\/v2\/categories?post=17632"},{"taxonomy":"post_tag","embeddable":true,"href":"https:\/\/voima.fi\/hairikot\/wp-json\/wp\/v2\/tags?post=17632"}],"curies":[{"name":"wp","href":"https:\/\/api.w.org\/{rel}","templated":true}]}}