{"id":17605,"date":"2017-04-24T00:00:00","date_gmt":"2017-04-23T21:00:00","guid":{"rendered":"http:\/\/voima.fi\/hairikot\/blogi\/maailmanloppua-pukkaa"},"modified":"2020-08-10T14:02:16","modified_gmt":"2020-08-10T11:02:16","slug":"maailmanloppua-pukkaa","status":"publish","type":"post","link":"https:\/\/voima.fi\/hairikot\/artikkeli\/maailmanloppua-pukkaa\/","title":{"rendered":"Maailmanloppua pukkaa"},"content":{"rendered":"<p class=\"p1\"><i>Jeesus ja Sote, mik\u00e4 n\u00e4it\u00e4 yhdist\u00e4\u00e4? Molempia odotetaan kuin kuuta nousevaa ja molemmat tuovat muassaan varhan tuhon.<\/i><\/p>\n<p class=\"p1\"><b>Monet Herran nuhteessa<\/b> el\u00e4v\u00e4t\u00a0odottavat intopinkein\u00e4 Jeesuksen toista tulemista. <em>Raamatun<\/em> mukaan t\u00e4t\u00e4 tulemista\u00a0seuraa Harmageddon, eli lopullinen taistelu vanhan vihtahousun joukkojen ja Jessen sek\u00e4 Jumalan valtakunnan v\u00e4lill\u00e4. Luvassa on sotkuinen sekamelska ja varmaan on ainoastaan maailmaloppu.<\/p>\n<p class=\"p1\">T\u00e4ss\u00e4 visiossa on yll\u00e4tt\u00e4v\u00e4n paljon yhtym\u00e4kohtia sote-uudistukseen.<\/p>\n<p class=\"p1\">Sotea, eli sosiaali- ja terveydenhuollon palvelurakenteen uudistusta on ollut h\u00e4mment\u00e4v\u00e4\u00e4 seurattavaa jo vuosien ajan. Hallitus toisensa per\u00e4\u00e4n yritt\u00e4\u00e4 ajaa omaa k\u00e4\u00e4rmett\u00e4\u00e4n pyssyyn ja toistuvasti perustuslaki ja\/tai oppositio asettuu poikkiteloin kulloisenkin uudistuksen eteen. Halusimme tuoda aiheen ymp\u00e4rill\u00e4 k\u00e4ytyyn keskusteluun oman lis\u00e4mme ja k\u00e4vimme hieman liister\u00f6intihommeleissa.<\/p>\n<figure id=\"attachment_12590\" aria-describedby=\"caption-attachment-12590\" style=\"width: 400px\" class=\"wp-caption alignright\"><img decoding=\"async\" class=\" wp-image-12590\" src=\"https:\/\/voima.fi\/hairikot\/wp-content\/uploads\/sites\/9\/2020\/04\/Sote-tulee-liisteroity-vastamainos.jpg\" alt=\"Jeesus tulee, sote tulee, mit\u00e4 n\u00e4it\u00e4 nyt onkaan. Kuten Jeesus-lappujen formaattiin kuuluu, my\u00f6s meid\u00e4n Sote-lappu l\u00f6ysi tiens\u00e4 sein\u00e4pintaan, josta se voi yll\u00e4tt\u00e4\u00e4 pahaa-aavistamattoman ohikulkijan.\" width=\"400\" height=\"586\" \/><figcaption id=\"caption-attachment-12590\" class=\"wp-caption-text\">Jeesus tulee, sote tulee, mit\u00e4 n\u00e4it\u00e4 nyt onkaan. Kuten Jeesus-lappujen formaattiin kuuluu, my\u00f6s meid\u00e4n Sote-lappu l\u00f6ysi tiens\u00e4 sein\u00e4pintaan, josta se voi yll\u00e4tt\u00e4\u00e4 pahaa-aavistamattoman ohikulkijan.<\/figcaption><\/figure>\n<p class=\"p1\"><b>Sen lis\u00e4ksi<\/b>, ett\u00e4 meid\u00e4n Sote tulee -julisteemme saattaa her\u00e4tt\u00e4\u00e4 hym\u00e4hdyksi\u00e4, se muistuttaa Jeesuksen ja sote-uudistuksen yhtenev\u00e4isyyksist\u00e4. Molemmat ovat pitk\u00e4lti uskon asioita ja n\u00e4ytt\u00e4v\u00e4t mahdottomilta tosiasioiden valossa. Ne uskovat, jotka p\u00e4\u00e4tt\u00e4v\u00e4t uskoa ja hankkeisiin sekaantuneiden ammattilaisten kynnys kyseenalaistaa touhu julkisesti on \u00e4\u00e4rimm\u00e4isen korkea.<\/p>\n<p>Kuten sote, my\u00f6s Jeesuksen paluu on vuodesta toiseen ihan nurkan takana.<\/p>\n<p class=\"p1\">Yhteist\u00e4 n\u00e4iss\u00e4 tapauksissa on my\u00f6s se, ett\u00e4 suurelle yleis\u00f6lle n\u00e4iden seuraukset ovat toteutuessaan potentiaalisen katastrofaaliset. Taivaan ja Helvetin lopullisen yhteenoton seuraukset koskettavat koko luomakuntaa ja riippuu koulukunnasta ja tulkinnasta, ett\u00e4 kuinka moni pelastuu ja kuinka moni joutuu kadotukseen.<\/p>\n<p class=\"p1\">Samoin kuin Jessen tulemisesta, my\u00f6s sotesta on esitetty kovasti arvioita. Arvioiden luotettavuuden arvioimista vaikeuttaa se, ett\u00e4 edes poliitikot ja virkamiehet \u2013 joiden tulisi t\u00e4t\u00e4 orkesteria johtaa \u2013 eiv\u00e4t tunnu tiet\u00e4v\u00e4t odotettavissa olevia seurauksia. Jotain arvioita kuitenkin on esitetty suunnalla jos toisellakin. N\u00e4it\u00e4 arvioita yhdist\u00e4\u00e4 se, ett\u00e4 hyv\u00e4\u00e4 luvataan joillekin ja monille luvataan huonoa.<\/p>\n<p class=\"p3\"><span class=\"s1\">Helsingin yliopiston suunnalta <a href=\"http:\/\/www.hare.vn.fi\/Uploads\/30041\/408430\/LAUSUNTO_20170329112552_408430.pdf\" class=\"external\" rel=\"nofollow\">otettiin kantaa tulevaan<\/a>. L\u00e4\u00e4ketieteellinen tiedekunta kommentoi uudistusta ja siihen liittyv\u00e4\u00e4n ns. valinnan vapaus -ulottuvuutta olemassa olevin tiedoin: <em>\u201d<\/em><\/span><em><span class=\"s3\">Valinnanvapauslain ideana on, ett<\/span><span class=\"s4\">\u00e4<\/span><span class=\"s3\"> kilpailu parantaisi palvelujen saatavuutta ja laatua. Tutkimuksellinen n<\/span><span class=\"s4\">\u00e4<\/span><span class=\"s3\">ytt<\/span><span class=\"s4\">\u00f6<\/span><span class=\"s3\"> siit<\/span><span class=\"s4\">\u00e4<\/span><span class=\"s3\">, ett<\/span><span class=\"s4\">\u00e4<\/span><span class=\"s3\"> n<\/span><span class=\"s4\">\u00e4<\/span><span class=\"s3\">in k<\/span><span class=\"s4\">\u00e4<\/span><span class=\"s3\">y, kuitenkin puuttuu. Voi olla niin, ett<\/span><span class=\"s4\">\u00e4<\/span><span class=\"s3\"> valinnanvapauslakiin liittyv<\/span><span class=\"s4\">\u00e4<\/span><span class=\"s3\"> kilpailumekanismi p<\/span><span class=\"s4\">\u00e4<\/span><span class=\"s3\">invastoin ohjaa ty<\/span><span class=\"s4\">\u00f6<\/span><span class=\"s3\">voimaa pois joiltain kansanterveyden kannalta t<\/span><span class=\"s4\">\u00e4<\/span><span class=\"s3\">rkeilt<\/span><span class=\"s4\">\u00e4<\/span><span class=\"s3\"> aloilta (esim. psykiatria) taikka haja-asutusalueilta taajamiin heikent<\/span><span class=\"s4\">\u00e4<\/span><span class=\"s3\">en palvelujen saatavuutta.\u201d<\/span><\/em><\/p>\n<p class=\"p3\">&#8221;Valinnan vapaus&#8221; on kuitenkin sik\u00e4li ovelasti keksitty ja lanseerattu termi, ett\u00e4 kukapa sit\u00e4 voisi uskottavasti vastustaa. Vapauden vastustaminenhan on silkkaa Neuvostoliittoa, vaikka ei sit\u00e4 oikeasti olisikaan. T\u00e4ss\u00e4 yksityist\u00e4mist\u00e4 ajavat tahot ovat pelanneet kortinsa eritt\u00e4in ovelasti.<\/p>\n<p class=\"p3\"><span class=\"s3\">My\u00f6s valtiotieteellinen tiedekunta samalta yliopistolta otti kantaa: <em>\u201dMitk<\/em><\/span><em><span class=\"s4\">\u00e4\u00e4<\/span><span class=\"s3\">n tutkimustulokset eiv<\/span><span class=\"s4\">\u00e4<\/span><span class=\"s3\">t tue oletusta, ett<\/span><span class=\"s4\">\u00e4<\/span><span class=\"s3\"> kapitaatiorahoitukseen pohjautuva ja asiakkaiden yksityisten ja julkisten markkinaehtoisten tuottajien v<\/span><span class=\"s4\">\u00e4<\/span><span class=\"s3\">lill<\/span><span class=\"s4\">\u00e4<\/span><span class=\"s3\"> valitsema palvelutuotanto tuottaisi yhdenvertaisuutta. Ehdotetulla sote-keskusmallilla vahvistetaan palvelujen saamisen alueellista eriarvoisuutta sek<\/span><span class=\"s4\">\u00e4<\/span><span class=\"s3\"> terveys- ja hyvinvointieroja.\u201d<\/span><\/em><\/p>\n<p class=\"p3\"><span class=\"s3\"><b>Mutta kuten<\/b> sanottua, eiv\u00e4t kaikki t\u00e4ss\u00e4 h\u00e4vi\u00e4. T\u00e4m\u00e4 uudistus ep\u00e4ilem\u00e4tt\u00e4 toteutuessaan luo fantastisia mahdollisuuksia terveysalan yrityksille, jotka ovatkin jo asemoineet itsens\u00e4 hyviin asemiin ja odottavat rahahanojen aukeamista. <\/span><\/p>\n<p class=\"p3\"><span class=\"s3\">Helsingin yliopiston l\u00e4\u00e4ketieteellisen tiedekunnan kommentin voi siis lukea halutessaan ihan positiivisena: <em>\u201dEhdotettu valinnanvapausmalli lis<\/em><\/span><em><span class=\"s4\">\u00e4\u00e4<\/span><span class=\"s3\"> palvelujen kysynt<\/span><span class=\"s4\">\u00e4\u00e4<\/span><span class=\"s3\"> ja nostaa terveydenhuollon kokonaiskustannuksia.\u201d <\/span><\/em><\/p>\n<p class=\"p3\"><span class=\"s3\">Kokonaiskustannusten kasvu ep\u00e4ilem\u00e4tt\u00e4 tarkoittaa kasvavia tulovirtoja osalle toimijoista. T\u00e4h\u00e4n viittaa my\u00f6s em. valtsikan huomio: <\/span><em><span class=\"s5\">\u201d<\/span><span class=\"s3\">Uudistus heikent<\/span><span class=\"s4\">\u00e4\u00e4<\/span><\/em><span class=\"s3\"><em> paljon sosiaalipalveluja tarvitsevien asiakkaiden asemaa.\u201d<\/em> Toisen tappio on toisen voitto. <\/span><\/p>\n<figure id=\"attachment_12591\" aria-describedby=\"caption-attachment-12591\" style=\"width: 1290px\" class=\"wp-caption alignnone\"><img decoding=\"async\" class=\"size-full wp-image-12591\" src=\"https:\/\/voima.fi\/hairikot\/wp-content\/uploads\/sites\/9\/2020\/04\/Sote-kaavio.jpg\" alt=\"Luottaisitko t\u00e4m\u00e4n kaavion perusteella teht\u00e4v\u00e4\u00e4n uudistukseen, joka koskee jokaista suomalaista ja jonka taloudelliset vaikutukset ovat suuruudeltaan miljardeja euroja? Valtioneuvoston selvitys sote-hommeleista on luettavissa kokonaisuudessaan t\u00e4\u00e4ll\u00e4. Ennen t\u00e4h\u00e4n kaavioon p\u00e4\u00e4semist\u00e4 suosittelemme turvak\u00e4nnej\u00e4.\" width=\"1290\" height=\"1024\" \/><figcaption id=\"caption-attachment-12591\" class=\"wp-caption-text\">Luottaisitko t\u00e4m\u00e4n kaavion perusteella teht\u00e4v\u00e4\u00e4n uudistukseen, joka koskee jokaista suomalaista ja jonka taloudelliset vaikutukset ovat suuruudeltaan miljardeja euroja? Valtioneuvoston selvitys sote-hommeleista on luettavissa kokonaisuudessaan <a href=\"http:\/\/tietokayttoon.fi\/documents\/10616\/3866814\/29_vaikuttava-valvonta-osana-sosiaali-ja-terveydenhuollon-uudistusta.pdf\/ffe32373-6827-4ce2-a22a-60469ffff2c9?version=1.0\" class=\"external\" rel=\"nofollow\">t\u00e4\u00e4ll\u00e4<\/a>. Ennen t\u00e4h\u00e4n kaavioon p\u00e4\u00e4semist\u00e4 suosittelemme turvak\u00e4nnej\u00e4.<\/figcaption><\/figure>\n<p class=\"p3\"><span class=\"s3\"><b>Jotta t\u00e4m\u00e4<\/b> uudistus toisi varmasti muassaan viimeisen kohtaamisen, yhdistet\u00e4\u00e4n t\u00e4h\u00e4n samaan syssyyn my\u00f6s kuntauudistus ja kuntien aiheeseen liittyv\u00e4\u00e4 omaisuutta ollaan siirt\u00e4m\u00e4ss\u00e4 maakunnille korvauksetta. T\u00e4m\u00e4 aiheuttaa monenlaisia ep\u00e4varmuuksia kuntien talouteen, lainoihin ja varallisuuteen. Kunnissa saattaa jopa <a href=\"http:\/\/yle.fi\/uutiset\/3-9569081\" class=\"external\" rel=\"nofollow\">synty\u00e4 kiusaus myyd\u00e4<\/a> omaisuutta hintaan mihin hyv\u00e4ns\u00e4 ripe\u00e4ss\u00e4 tahdissa \u2013 n\u00e4in kunnalle j\u00e4isi ainakin v\u00e4h\u00e4n rahaa kouraan. Ei ole vaikea arvata, ketk\u00e4 j\u00e4\u00e4v\u00e4t lopulta voitolle n\u00e4ist\u00e4 alennusmyynneist\u00e4.<\/span><\/p>\n<p class=\"p3\"><span class=\"s3\">N\u00e4ht\u00e4v\u00e4ksi j\u00e4\u00e4, kuinka kaikki suomalaiset p\u00e4\u00e4sev\u00e4t harjoittamaan valinnan vapauttaan. Lopun aikoja odotellessa kukin voi halutessaan k\u00e4yd\u00e4 lataamassa ja tulostamassa meid\u00e4n Sote-julisteen <a href=\"http:\/\/voima.fi\/vastamainokset\/\">t\u00e4\u00e4lt\u00e4<\/a>.<\/span><\/p>\n<p class=\"p3\"><img decoding=\"async\" class=\"alignnone size-full wp-image-12592\" src=\"https:\/\/voima.fi\/hairikot\/wp-content\/uploads\/sites\/9\/2020\/04\/Sote-tulee-vastis.jpg\" alt=\"Sote-tulee-vastis\" width=\"1415\" height=\"2000\" \/><\/p>\n<p class=\"p3\">\n","protected":false},"excerpt":{"rendered":"<p>Jeesus ja Sote, mik\u00e4 n\u00e4it\u00e4 yhdist\u00e4\u00e4? Molempia odotetaan kuin kuuta nousevaa ja molemmat tuovat muassaan varman tuhon.<\/p>\n","protected":false},"author":122,"featured_media":15041,"comment_status":"open","ping_status":"open","sticky":false,"template":"","format":"standard","meta":{"footnotes":""},"categories":[5],"tags":[923,1260,2336,2775],"yoast_head":"<!-- This site is optimized with the Yoast SEO plugin v22.7 - https:\/\/yoast.com\/wordpress\/plugins\/seo\/ -->\n<title>Maailmanloppua pukkaa - H\u00e4irik\u00f6t-p\u00e4\u00e4maja<\/title>\n<meta name=\"robots\" content=\"index, follow, max-snippet:-1, max-image-preview:large, max-video-preview:-1\" \/>\n<link rel=\"canonical\" href=\"https:\/\/voima.fi\/hairikot\/artikkeli\/maailmanloppua-pukkaa\/\" \/>\n<meta property=\"og:locale\" content=\"fi_FI\" \/>\n<meta property=\"og:type\" content=\"article\" \/>\n<meta property=\"og:title\" content=\"Maailmanloppua pukkaa - H\u00e4irik\u00f6t-p\u00e4\u00e4maja\" \/>\n<meta property=\"og:description\" content=\"Jeesus ja Sote, mik\u00e4 n\u00e4it\u00e4 yhdist\u00e4\u00e4? Molempia odotetaan kuin kuuta nousevaa ja molemmat tuovat muassaan varman tuhon.\" \/>\n<meta property=\"og:url\" content=\"https:\/\/voima.fi\/hairikot\/artikkeli\/maailmanloppua-pukkaa\/\" \/>\n<meta property=\"og:site_name\" content=\"H\u00e4irik\u00f6t-p\u00e4\u00e4maja\" \/>\n<meta property=\"article:published_time\" content=\"2017-04-23T21:00:00+00:00\" \/>\n<meta property=\"article:modified_time\" content=\"2020-08-10T11:02:16+00:00\" \/>\n<meta property=\"og:image\" content=\"https:\/\/voima.fi\/hairikot\/wp-content\/uploads\/sites\/9\/2020\/04\/Sote-tulee-liisteroity-vaaka-vastamainos-kopio.jpeg\" \/>\n\t<meta property=\"og:image:width\" content=\"2000\" \/>\n\t<meta property=\"og:image:height\" content=\"1365\" \/>\n\t<meta property=\"og:image:type\" content=\"image\/jpeg\" \/>\n<meta name=\"author\" content=\"Jari Tamminen\" \/>\n<meta name=\"twitter:card\" content=\"summary_large_image\" \/>\n<meta name=\"twitter:label1\" content=\"Kirjoittanut\" \/>\n\t<meta name=\"twitter:data1\" content=\"Jari Tamminen\" \/>\n\t<meta name=\"twitter:label2\" content=\"Arvioitu lukuaika\" \/>\n\t<meta name=\"twitter:data2\" content=\"4 minuuttia\" \/>\n<script type=\"application\/ld+json\" class=\"yoast-schema-graph\">{\"@context\":\"https:\/\/schema.org\",\"@graph\":[{\"@type\":\"WebPage\",\"@id\":\"https:\/\/voima.fi\/hairikot\/artikkeli\/maailmanloppua-pukkaa\/\",\"url\":\"https:\/\/voima.fi\/hairikot\/artikkeli\/maailmanloppua-pukkaa\/\",\"name\":\"Maailmanloppua pukkaa - H\u00e4irik\u00f6t-p\u00e4\u00e4maja\",\"isPartOf\":{\"@id\":\"https:\/\/voima.fi\/hairikot\/#website\"},\"primaryImageOfPage\":{\"@id\":\"https:\/\/voima.fi\/hairikot\/artikkeli\/maailmanloppua-pukkaa\/#primaryimage\"},\"image\":{\"@id\":\"https:\/\/voima.fi\/hairikot\/artikkeli\/maailmanloppua-pukkaa\/#primaryimage\"},\"thumbnailUrl\":\"https:\/\/voima.fi\/hairikot\/wp-content\/uploads\/sites\/9\/2020\/04\/Sote-tulee-liisteroity-vaaka-vastamainos-kopio.jpeg\",\"datePublished\":\"2017-04-23T21:00:00+00:00\",\"dateModified\":\"2020-08-10T11:02:16+00:00\",\"author\":{\"@id\":\"https:\/\/voima.fi\/hairikot\/#\/schema\/person\/523ff68c19f1381d78529f38bb76e7fe\"},\"breadcrumb\":{\"@id\":\"https:\/\/voima.fi\/hairikot\/artikkeli\/maailmanloppua-pukkaa\/#breadcrumb\"},\"inLanguage\":\"fi\",\"potentialAction\":[{\"@type\":\"ReadAction\",\"target\":[\"https:\/\/voima.fi\/hairikot\/artikkeli\/maailmanloppua-pukkaa\/\"]}]},{\"@type\":\"ImageObject\",\"inLanguage\":\"fi\",\"@id\":\"https:\/\/voima.fi\/hairikot\/artikkeli\/maailmanloppua-pukkaa\/#primaryimage\",\"url\":\"https:\/\/voima.fi\/hairikot\/wp-content\/uploads\/sites\/9\/2020\/04\/Sote-tulee-liisteroity-vaaka-vastamainos-kopio.jpeg\",\"contentUrl\":\"https:\/\/voima.fi\/hairikot\/wp-content\/uploads\/sites\/9\/2020\/04\/Sote-tulee-liisteroity-vaaka-vastamainos-kopio.jpeg\",\"width\":2000,\"height\":1365,\"caption\":\"\u201dSiirtohinnoittelun ja konsernien sis\u00e4isen kaupan yleisyys nostaa esiin periaatteellisia kysymyksi\u00e4 siit\u00e4, onko yritystenk\u00e4\u00e4n toimintaa maailmantaloudessa j\u00e4rkev\u00e4\u00e4 olettaa markkinaperusteiseksi. Miss\u00e4 m\u00e4\u00e4rin reaalikapitalismissa onkin kyse suunnitelmataloudesta?\u201d\"},{\"@type\":\"BreadcrumbList\",\"@id\":\"https:\/\/voima.fi\/hairikot\/artikkeli\/maailmanloppua-pukkaa\/#breadcrumb\",\"itemListElement\":[{\"@type\":\"ListItem\",\"position\":1,\"name\":\"Home\",\"item\":\"https:\/\/voima.fi\/hairikot\/\"},{\"@type\":\"ListItem\",\"position\":2,\"name\":\"Maailmanloppua pukkaa\"}]},{\"@type\":\"WebSite\",\"@id\":\"https:\/\/voima.fi\/hairikot\/#website\",\"url\":\"https:\/\/voima.fi\/hairikot\/\",\"name\":\"H\u00e4irik\u00f6t-p\u00e4\u00e4maja\",\"description\":\"\",\"potentialAction\":[{\"@type\":\"SearchAction\",\"target\":{\"@type\":\"EntryPoint\",\"urlTemplate\":\"https:\/\/voima.fi\/hairikot\/?s={search_term_string}\"},\"query-input\":\"required name=search_term_string\"}],\"inLanguage\":\"fi\"},{\"@type\":\"Person\",\"@id\":\"https:\/\/voima.fi\/hairikot\/#\/schema\/person\/523ff68c19f1381d78529f38bb76e7fe\",\"name\":\"Jari Tamminen\",\"image\":{\"@type\":\"ImageObject\",\"inLanguage\":\"fi\",\"@id\":\"https:\/\/voima.fi\/hairikot\/#\/schema\/person\/image\/\",\"url\":\"https:\/\/secure.gravatar.com\/avatar\/e5c0bb16f2efc1924afe37fc190f8ce1?s=96&d=blank&r=g\",\"contentUrl\":\"https:\/\/secure.gravatar.com\/avatar\/e5c0bb16f2efc1924afe37fc190f8ce1?s=96&d=blank&r=g\",\"caption\":\"Jari Tamminen\"},\"description\":\"Kulttuurih\u00e4irint\u00e4 on taiteen ja aktivismin j\u00e4nnitt\u00e4v\u00e4\u00e4 lomittumista: odottamaton performanssi katuvilin\u00e4ss\u00e4, vallattuja mainostauluja ja mainosparodioita. Se on k\u00e4site, joka yhdist\u00e4\u00e4 yhteiskunnallista kommentaaria ja luovaa vastarintaa. T\u00e4ss\u00e4 blogissa Voiman Jari Tamminen hahmottaa maailmaa kulttuurih\u00e4irinn\u00e4n n\u00e4k\u00f6kulmasta. Lis\u00e4\u00e4 Tammisen huomioita kulttuurih\u00e4irinn\u00e4st\u00e4 voi lukea Voimasta, H\u00e4irik\u00f6t \u2013 Kulttuurih\u00e4irinn\u00e4n aakkoset -kirjasta ja p\u00e4ivitt\u00e4in osoitteesta www.facebook.com\/hairikot.\",\"sameAs\":[\"http:\/\/www.facebook.com\/hairikot\"],\"url\":\"https:\/\/voima.fi\/hairikot\/artikkeli\/author\/hairikko\/\"}]}<\/script>\n<!-- \/ Yoast SEO plugin. -->","yoast_head_json":{"title":"Maailmanloppua pukkaa - H\u00e4irik\u00f6t-p\u00e4\u00e4maja","robots":{"index":"index","follow":"follow","max-snippet":"max-snippet:-1","max-image-preview":"max-image-preview:large","max-video-preview":"max-video-preview:-1"},"canonical":"https:\/\/voima.fi\/hairikot\/artikkeli\/maailmanloppua-pukkaa\/","og_locale":"fi_FI","og_type":"article","og_title":"Maailmanloppua pukkaa - H\u00e4irik\u00f6t-p\u00e4\u00e4maja","og_description":"Jeesus ja Sote, mik\u00e4 n\u00e4it\u00e4 yhdist\u00e4\u00e4? Molempia odotetaan kuin kuuta nousevaa ja molemmat tuovat muassaan varman tuhon.","og_url":"https:\/\/voima.fi\/hairikot\/artikkeli\/maailmanloppua-pukkaa\/","og_site_name":"H\u00e4irik\u00f6t-p\u00e4\u00e4maja","article_published_time":"2017-04-23T21:00:00+00:00","article_modified_time":"2020-08-10T11:02:16+00:00","og_image":[{"width":2000,"height":1365,"url":"https:\/\/voima.fi\/hairikot\/wp-content\/uploads\/sites\/9\/2020\/04\/Sote-tulee-liisteroity-vaaka-vastamainos-kopio.jpeg","type":"image\/jpeg"}],"author":"Jari Tamminen","twitter_card":"summary_large_image","twitter_misc":{"Kirjoittanut":"Jari Tamminen","Arvioitu lukuaika":"4 minuuttia"},"schema":{"@context":"https:\/\/schema.org","@graph":[{"@type":"WebPage","@id":"https:\/\/voima.fi\/hairikot\/artikkeli\/maailmanloppua-pukkaa\/","url":"https:\/\/voima.fi\/hairikot\/artikkeli\/maailmanloppua-pukkaa\/","name":"Maailmanloppua pukkaa - H\u00e4irik\u00f6t-p\u00e4\u00e4maja","isPartOf":{"@id":"https:\/\/voima.fi\/hairikot\/#website"},"primaryImageOfPage":{"@id":"https:\/\/voima.fi\/hairikot\/artikkeli\/maailmanloppua-pukkaa\/#primaryimage"},"image":{"@id":"https:\/\/voima.fi\/hairikot\/artikkeli\/maailmanloppua-pukkaa\/#primaryimage"},"thumbnailUrl":"https:\/\/voima.fi\/hairikot\/wp-content\/uploads\/sites\/9\/2020\/04\/Sote-tulee-liisteroity-vaaka-vastamainos-kopio.jpeg","datePublished":"2017-04-23T21:00:00+00:00","dateModified":"2020-08-10T11:02:16+00:00","author":{"@id":"https:\/\/voima.fi\/hairikot\/#\/schema\/person\/523ff68c19f1381d78529f38bb76e7fe"},"breadcrumb":{"@id":"https:\/\/voima.fi\/hairikot\/artikkeli\/maailmanloppua-pukkaa\/#breadcrumb"},"inLanguage":"fi","potentialAction":[{"@type":"ReadAction","target":["https:\/\/voima.fi\/hairikot\/artikkeli\/maailmanloppua-pukkaa\/"]}]},{"@type":"ImageObject","inLanguage":"fi","@id":"https:\/\/voima.fi\/hairikot\/artikkeli\/maailmanloppua-pukkaa\/#primaryimage","url":"https:\/\/voima.fi\/hairikot\/wp-content\/uploads\/sites\/9\/2020\/04\/Sote-tulee-liisteroity-vaaka-vastamainos-kopio.jpeg","contentUrl":"https:\/\/voima.fi\/hairikot\/wp-content\/uploads\/sites\/9\/2020\/04\/Sote-tulee-liisteroity-vaaka-vastamainos-kopio.jpeg","width":2000,"height":1365,"caption":"\u201dSiirtohinnoittelun ja konsernien sis\u00e4isen kaupan yleisyys nostaa esiin periaatteellisia kysymyksi\u00e4 siit\u00e4, onko yritystenk\u00e4\u00e4n toimintaa maailmantaloudessa j\u00e4rkev\u00e4\u00e4 olettaa markkinaperusteiseksi. Miss\u00e4 m\u00e4\u00e4rin reaalikapitalismissa onkin kyse suunnitelmataloudesta?\u201d"},{"@type":"BreadcrumbList","@id":"https:\/\/voima.fi\/hairikot\/artikkeli\/maailmanloppua-pukkaa\/#breadcrumb","itemListElement":[{"@type":"ListItem","position":1,"name":"Home","item":"https:\/\/voima.fi\/hairikot\/"},{"@type":"ListItem","position":2,"name":"Maailmanloppua pukkaa"}]},{"@type":"WebSite","@id":"https:\/\/voima.fi\/hairikot\/#website","url":"https:\/\/voima.fi\/hairikot\/","name":"H\u00e4irik\u00f6t-p\u00e4\u00e4maja","description":"","potentialAction":[{"@type":"SearchAction","target":{"@type":"EntryPoint","urlTemplate":"https:\/\/voima.fi\/hairikot\/?s={search_term_string}"},"query-input":"required name=search_term_string"}],"inLanguage":"fi"},{"@type":"Person","@id":"https:\/\/voima.fi\/hairikot\/#\/schema\/person\/523ff68c19f1381d78529f38bb76e7fe","name":"Jari Tamminen","image":{"@type":"ImageObject","inLanguage":"fi","@id":"https:\/\/voima.fi\/hairikot\/#\/schema\/person\/image\/","url":"https:\/\/secure.gravatar.com\/avatar\/e5c0bb16f2efc1924afe37fc190f8ce1?s=96&d=blank&r=g","contentUrl":"https:\/\/secure.gravatar.com\/avatar\/e5c0bb16f2efc1924afe37fc190f8ce1?s=96&d=blank&r=g","caption":"Jari Tamminen"},"description":"Kulttuurih\u00e4irint\u00e4 on taiteen ja aktivismin j\u00e4nnitt\u00e4v\u00e4\u00e4 lomittumista: odottamaton performanssi katuvilin\u00e4ss\u00e4, vallattuja mainostauluja ja mainosparodioita. Se on k\u00e4site, joka yhdist\u00e4\u00e4 yhteiskunnallista kommentaaria ja luovaa vastarintaa. T\u00e4ss\u00e4 blogissa Voiman Jari Tamminen hahmottaa maailmaa kulttuurih\u00e4irinn\u00e4n n\u00e4k\u00f6kulmasta. Lis\u00e4\u00e4 Tammisen huomioita kulttuurih\u00e4irinn\u00e4st\u00e4 voi lukea Voimasta, H\u00e4irik\u00f6t \u2013 Kulttuurih\u00e4irinn\u00e4n aakkoset -kirjasta ja p\u00e4ivitt\u00e4in osoitteesta www.facebook.com\/hairikot.","sameAs":["http:\/\/www.facebook.com\/hairikot"],"url":"https:\/\/voima.fi\/hairikot\/artikkeli\/author\/hairikko\/"}]}},"enclosure":{"image":"https:\/\/voima.fi\/hairikot\/wp-content\/uploads\/sites\/9\/2020\/04\/Sote-tulee-liisteroity-vaaka-vastamainos-kopio.jpeg"},"meta:avatar":"","geolocation":[],"meta:youtube":null,"meta:vimeo":null,"meta:duration":null,"_links":{"self":[{"href":"https:\/\/voima.fi\/hairikot\/wp-json\/wp\/v2\/posts\/17605"}],"collection":[{"href":"https:\/\/voima.fi\/hairikot\/wp-json\/wp\/v2\/posts"}],"about":[{"href":"https:\/\/voima.fi\/hairikot\/wp-json\/wp\/v2\/types\/post"}],"author":[{"embeddable":true,"href":"https:\/\/voima.fi\/hairikot\/wp-json\/wp\/v2\/users\/122"}],"replies":[{"embeddable":true,"href":"https:\/\/voima.fi\/hairikot\/wp-json\/wp\/v2\/comments?post=17605"}],"version-history":[{"count":1,"href":"https:\/\/voima.fi\/hairikot\/wp-json\/wp\/v2\/posts\/17605\/revisions"}],"predecessor-version":[{"id":18306,"href":"https:\/\/voima.fi\/hairikot\/wp-json\/wp\/v2\/posts\/17605\/revisions\/18306"}],"wp:featuredmedia":[{"embeddable":true,"href":"https:\/\/voima.fi\/hairikot\/wp-json\/wp\/v2\/media\/15041"}],"wp:attachment":[{"href":"https:\/\/voima.fi\/hairikot\/wp-json\/wp\/v2\/media?parent=17605"}],"wp:term":[{"taxonomy":"category","embeddable":true,"href":"https:\/\/voima.fi\/hairikot\/wp-json\/wp\/v2\/categories?post=17605"},{"taxonomy":"post_tag","embeddable":true,"href":"https:\/\/voima.fi\/hairikot\/wp-json\/wp\/v2\/tags?post=17605"}],"curies":[{"name":"wp","href":"https:\/\/api.w.org\/{rel}","templated":true}]}}