{"id":17601,"date":"2017-03-21T00:00:00","date_gmt":"2017-03-20T22:00:00","guid":{"rendered":"http:\/\/voima.fi\/hairikot\/blogi\/seksistiset-mainokset-donald-trump"},"modified":"2020-08-10T14:02:16","modified_gmt":"2020-08-10T11:02:16","slug":"seksistiset-mainokset-donald-trump","status":"publish","type":"post","link":"https:\/\/voima.fi\/hairikot\/artikkeli\/seksistiset-mainokset-donald-trump\/","title":{"rendered":"Seksistiset mainokset ja Donald Trump"},"content":{"rendered":"<div class=\"lowres-featured-image\"><img decoding=\"async\" width=\"1060\" height=\"630\" src=\"https:\/\/voima.fi\/hairikot\/wp-content\/uploads\/sites\/9\/2020\/04\/Mainokset-ja-Trump-artikkelikuva.png\" class=\"attachment-full size-full wp-post-image\" alt=\"\" srcset=\"https:\/\/voima.fi\/hairikot\/wp-content\/uploads\/sites\/9\/2020\/04\/Mainokset-ja-Trump-artikkelikuva.png 1060w, https:\/\/voima.fi\/hairikot\/wp-content\/uploads\/sites\/9\/2020\/04\/Mainokset-ja-Trump-artikkelikuva-600x357.png 600w, https:\/\/voima.fi\/hairikot\/wp-content\/uploads\/sites\/9\/2020\/04\/Mainokset-ja-Trump-artikkelikuva-1024x609.png 1024w, https:\/\/voima.fi\/hairikot\/wp-content\/uploads\/sites\/9\/2020\/04\/Mainokset-ja-Trump-artikkelikuva-768x456.png 768w, https:\/\/voima.fi\/hairikot\/wp-content\/uploads\/sites\/9\/2020\/04\/Mainokset-ja-Trump-artikkelikuva-320x190.png 320w, https:\/\/voima.fi\/hairikot\/wp-content\/uploads\/sites\/9\/2020\/04\/Mainokset-ja-Trump-artikkelikuva-200x119.png 200w, https:\/\/voima.fi\/hairikot\/wp-content\/uploads\/sites\/9\/2020\/04\/Mainokset-ja-Trump-artikkelikuva-560x333.png 560w, https:\/\/voima.fi\/hairikot\/wp-content\/uploads\/sites\/9\/2020\/04\/Mainokset-ja-Trump-artikkelikuva-980x582.png 980w, https:\/\/voima.fi\/hairikot\/wp-content\/uploads\/sites\/9\/2020\/04\/Mainokset-ja-Trump-artikkelikuva-300x178.png 300w\" sizes=\"(max-width: 1060px) 100vw, 1060px\" \/><p class=\"ylakuvateksti\"><\/p><\/div><p><em>Seksismi mainoksissa pys\u00e4ytt\u00e4\u00e4 riippumatta siit\u00e4, onko kyseess\u00e4 uusi tai vanha mainos. My\u00f6skin presidentin puheissa vilisev\u00e4 seksismi pysytt\u00e4\u00e4.<\/em><\/p>\n<p><strong>Taiteilijanimen takaa<\/strong> toimiva syyrialaistaiteilija <a href=\"http:\/\/www.sainthoax.com\/\" class=\"external\" rel=\"nofollow\">Saint Hoax<\/a>\u00a0(&#8221;Pyh\u00e4 Ved\u00e4tys&#8221;) otti ja yhdisti sosiaalisessa mediassa kiert\u00e4v\u00e4t \u2013 seksistiset \u2013 vintegemainokset ja presidentti Trumpin \u2013 samoin seksistiset \u2013 m\u00f6l\u00e4ytykset jotka nekin ovat kiert\u00e4neet tiuhaan sitaatteina.<\/p>\n<p>Samalla, kun vanhat mainokset muistuttavat meit\u00e4 siit\u00e4, kuinka kauas olemme tulleet vuosikymmenten my\u00f6t\u00e4 Trumpin aatokset muistuttavat meit\u00e4 siit\u00e4, ett\u00e4 tekemist\u00e4 riitt\u00e4\u00e4 viel\u00e4kin. Eik\u00e4 ongelmat rajaudu pelk\u00e4st\u00e4\u00e4n yhteen hulluun poliitikkoon \u2013 kyll\u00e4 noista nykymainoksistakin ongelmia l\u00f6ytyy.<\/p>\n<p><img decoding=\"async\" class=\"alignnone size-full wp-image-12523\" src=\"https:\/\/voima.fi\/hairikot\/wp-content\/uploads\/sites\/9\/2017\/03\/Levea-1.png\" alt=\"Levea\u03081\" width=\"1649\" height=\"1014\" srcset=\"https:\/\/voima.fi\/hairikot\/wp-content\/uploads\/sites\/9\/2017\/03\/Levea-1.png 1649w, https:\/\/voima.fi\/hairikot\/wp-content\/uploads\/sites\/9\/2017\/03\/Levea-1-600x369.png 600w, https:\/\/voima.fi\/hairikot\/wp-content\/uploads\/sites\/9\/2017\/03\/Levea-1-1024x630.png 1024w, https:\/\/voima.fi\/hairikot\/wp-content\/uploads\/sites\/9\/2017\/03\/Levea-1-768x472.png 768w, https:\/\/voima.fi\/hairikot\/wp-content\/uploads\/sites\/9\/2017\/03\/Levea-1-1536x945.png 1536w, https:\/\/voima.fi\/hairikot\/wp-content\/uploads\/sites\/9\/2017\/03\/Levea-1-320x197.png 320w, https:\/\/voima.fi\/hairikot\/wp-content\/uploads\/sites\/9\/2017\/03\/Levea-1-200x123.png 200w, https:\/\/voima.fi\/hairikot\/wp-content\/uploads\/sites\/9\/2017\/03\/Levea-1-560x344.png 560w, https:\/\/voima.fi\/hairikot\/wp-content\/uploads\/sites\/9\/2017\/03\/Levea-1-980x603.png 980w, https:\/\/voima.fi\/hairikot\/wp-content\/uploads\/sites\/9\/2017\/03\/Levea-1-300x184.png 300w\" sizes=\"(max-width: 1649px) 100vw, 1649px\" \/><\/p>\n<p><strong>Aikaisemmin<\/strong>\u00a0Saint Hoax\u00a0on ottanut k\u00e4sittelyyn esimerkiksi Disney-animaatioiden kuvaston ja yhdist\u00e4nyt sen ajanmukaiseen meemimaailmaan ja keskusteluun.<\/p>\n<p>&#8221;Perinteisen lapsille suunnatun kuvaston ja todellisuuden yhdist\u00e4misess\u00e4 on voimaa. Noiden hahmojen siirt\u00e4minen pois utooppisesta ymp\u00e4rist\u00f6st\u00e4 nyky-yhteiskuntaan tuottaa shokeeraavaa kuvastoa&#8221;, h\u00e4n kertoi <a href=\"https:\/\/www.nytimes.com\/2015\/10\/22\/style\/disney-princesses-remade-for-the-instagram-age.html?_r=1\" class=\"external\" rel=\"nofollow\"><em>The New York Timesin<\/em> haastattelussa<\/a>.<\/p>\n<p>H\u00e4n my\u00f6s kertoi olleensa lapsena pakkomielteenomaisesti kiinnostunut Disneyn prinsessoista ja olleen &#8221;haluton j\u00e4tt\u00e4m\u00e4\u00e4n niit\u00e4 taakseen&#8221;.<\/p>\n<blockquote class=\"instagram-media\" data-instgrm-captioned data-instgrm-permalink=\"https:\/\/www.instagram.com\/p\/85-XwaQYXL\/?utm_source=ig_embed&amp;utm_campaign=loading\" data-instgrm-version=\"12\" style=\" background:#FFF; border:0; border-radius:3px; box-shadow:0 0 1px 0 rgba(0,0,0,0.5),0 1px 10px 0 rgba(0,0,0,0.15); margin: 1px; max-width:658px; min-width:326px; padding:0; width:99.375%; width:-webkit-calc(100% - 2px); width:calc(100% - 2px);\">\n<div style=\"padding:16px;\"> <a href=\"https:\/\/www.instagram.com\/p\/85-XwaQYXL\/?utm_source=ig_embed&amp;utm_campaign=loading\" style=\" background:#FFFFFF; line-height:0; padding:0 0; text-align:center; text-decoration:none; width:100%;\" target=\"_blank\" class=\"external\" rel=\"nofollow\"> <\/p>\n<div style=\" display: flex; flex-direction: row; align-items: center;\">\n<div style=\"background-color: #F4F4F4; border-radius: 50%; flex-grow: 0; height: 40px; margin-right: 14px; width: 40px;\"><\/div>\n<div style=\"display: flex; flex-direction: column; flex-grow: 1; justify-content: center;\">\n<div style=\" background-color: #F4F4F4; border-radius: 4px; flex-grow: 0; height: 14px; margin-bottom: 6px; width: 100px;\"><\/div>\n<div style=\" background-color: #F4F4F4; border-radius: 4px; flex-grow: 0; height: 14px; width: 60px;\"><\/div>\n<\/div>\n<\/div>\n<div style=\"padding: 19% 0;\"><\/div>\n<div style=\"display:block; height:50px; margin:0 auto 12px; width:50px;\"><svg width=\"50px\" height=\"50px\" viewBox=\"0 0 60 60\" version=\"1.1\" xmlns=\"https:\/\/www.w3.org\/2000\/svg\" xmlns:xlink=\"https:\/\/www.w3.org\/1999\/xlink\"><g stroke=\"none\" stroke-width=\"1\" fill=\"none\" fill-rule=\"evenodd\"><g transform=\"translate(-511.000000, -20.000000)\" fill=\"#000000\"><g><path d=\"M556.869,30.41 C554.814,30.41 553.148,32.076 553.148,34.131 C553.148,36.186 554.814,37.852 556.869,37.852 C558.924,37.852 560.59,36.186 560.59,34.131 C560.59,32.076 558.924,30.41 556.869,30.41 M541,60.657 C535.114,60.657 530.342,55.887 530.342,50 C530.342,44.114 535.114,39.342 541,39.342 C546.887,39.342 551.658,44.114 551.658,50 C551.658,55.887 546.887,60.657 541,60.657 M541,33.886 C532.1,33.886 524.886,41.1 524.886,50 C524.886,58.899 532.1,66.113 541,66.113 C549.9,66.113 557.115,58.899 557.115,50 C557.115,41.1 549.9,33.886 541,33.886 M565.378,62.101 C565.244,65.022 564.756,66.606 564.346,67.663 C563.803,69.06 563.154,70.057 562.106,71.106 C561.058,72.155 560.06,72.803 558.662,73.347 C557.607,73.757 556.021,74.244 553.102,74.378 C549.944,74.521 548.997,74.552 541,74.552 C533.003,74.552 532.056,74.521 528.898,74.378 C525.979,74.244 524.393,73.757 523.338,73.347 C521.94,72.803 520.942,72.155 519.894,71.106 C518.846,70.057 518.197,69.06 517.654,67.663 C517.244,66.606 516.755,65.022 516.623,62.101 C516.479,58.943 516.448,57.996 516.448,50 C516.448,42.003 516.479,41.056 516.623,37.899 C516.755,34.978 517.244,33.391 517.654,32.338 C518.197,30.938 518.846,29.942 519.894,28.894 C520.942,27.846 521.94,27.196 523.338,26.654 C524.393,26.244 525.979,25.756 528.898,25.623 C532.057,25.479 533.004,25.448 541,25.448 C548.997,25.448 549.943,25.479 553.102,25.623 C556.021,25.756 557.607,26.244 558.662,26.654 C560.06,27.196 561.058,27.846 562.106,28.894 C563.154,29.942 563.803,30.938 564.346,32.338 C564.756,33.391 565.244,34.978 565.378,37.899 C565.522,41.056 565.552,42.003 565.552,50 C565.552,57.996 565.522,58.943 565.378,62.101 M570.82,37.631 C570.674,34.438 570.167,32.258 569.425,30.349 C568.659,28.377 567.633,26.702 565.965,25.035 C564.297,23.368 562.623,22.342 560.652,21.575 C558.743,20.834 556.562,20.326 553.369,20.18 C550.169,20.033 549.148,20 541,20 C532.853,20 531.831,20.033 528.631,20.18 C525.438,20.326 523.257,20.834 521.349,21.575 C519.376,22.342 517.703,23.368 516.035,25.035 C514.368,26.702 513.342,28.377 512.574,30.349 C511.834,32.258 511.326,34.438 511.181,37.631 C511.035,40.831 511,41.851 511,50 C511,58.147 511.035,59.17 511.181,62.369 C511.326,65.562 511.834,67.743 512.574,69.651 C513.342,71.625 514.368,73.296 516.035,74.965 C517.703,76.634 519.376,77.658 521.349,78.425 C523.257,79.167 525.438,79.673 528.631,79.82 C531.831,79.965 532.853,80.001 541,80.001 C549.148,80.001 550.169,79.965 553.369,79.82 C556.562,79.673 558.743,79.167 560.652,78.425 C562.623,77.658 564.297,76.634 565.965,74.965 C567.633,73.296 568.659,71.625 569.425,69.651 C570.167,67.743 570.674,65.562 570.82,62.369 C570.966,59.17 571,58.147 571,50 C571,41.851 570.966,40.831 570.82,37.631\"><\/path><\/g><\/g><\/g><\/svg><\/div>\n<div style=\"padding-top: 8px;\">\n<div style=\" color:#3897f0; font-family:Arial,sans-serif; font-size:14px; font-style:normal; font-weight:550; line-height:18px;\"> View this post on Instagram<\/div>\n<\/div>\n<div style=\"padding: 12.5% 0;\"><\/div>\n<div style=\"display: flex; flex-direction: row; margin-bottom: 14px; align-items: center;\">\n<div>\n<div style=\"background-color: #F4F4F4; border-radius: 50%; height: 12.5px; width: 12.5px; transform: translateX(0px) translateY(7px);\"><\/div>\n<div style=\"background-color: #F4F4F4; height: 12.5px; transform: rotate(-45deg) translateX(3px) translateY(1px); width: 12.5px; flex-grow: 0; margin-right: 14px; margin-left: 2px;\"><\/div>\n<div style=\"background-color: #F4F4F4; border-radius: 50%; height: 12.5px; width: 12.5px; transform: translateX(9px) translateY(-18px);\"><\/div>\n<\/div>\n<div style=\"margin-left: 8px;\">\n<div style=\" background-color: #F4F4F4; border-radius: 50%; flex-grow: 0; height: 20px; width: 20px;\"><\/div>\n<div style=\" width: 0; height: 0; border-top: 2px solid transparent; border-left: 6px solid #f4f4f4; border-bottom: 2px solid transparent; transform: translateX(16px) translateY(-4px) rotate(30deg)\"><\/div>\n<\/div>\n<div style=\"margin-left: auto;\">\n<div style=\" width: 0px; border-top: 8px solid #F4F4F4; border-right: 8px solid transparent; transform: translateY(16px);\"><\/div>\n<div style=\" background-color: #F4F4F4; flex-grow: 0; height: 12px; width: 16px; transform: translateY(-4px);\"><\/div>\n<div style=\" width: 0; height: 0; border-top: 8px solid #F4F4F4; border-left: 8px solid transparent; transform: translateY(-4px) translateX(8px);\"><\/div>\n<\/div>\n<\/div>\n<p><\/a> <\/p>\n<p style=\" margin:8px 0 0 0; padding:0 4px;\"> <a href=\"https:\/\/www.instagram.com\/p\/85-XwaQYXL\/?utm_source=ig_embed&amp;utm_campaign=loading\" style=\" color:#000; font-family:Arial,sans-serif; font-size:14px; font-style:normal; font-weight:normal; line-height:17px; text-decoration:none; word-wrap:break-word;\" target=\"_blank\" class=\"external\" rel=\"nofollow\">The death of gender<\/a><\/p>\n<p style=\" color:#c9c8cd; font-family:Arial,sans-serif; font-size:14px; line-height:17px; margin-bottom:0; margin-top:8px; overflow:hidden; padding:8px 0 7px; text-align:center; text-overflow:ellipsis; white-space:nowrap;\">A post shared by <a href=\"https:\/\/www.instagram.com\/sainthoax\/?utm_source=ig_embed&amp;utm_campaign=loading\" style=\" color:#c9c8cd; font-family:Arial,sans-serif; font-size:14px; font-style:normal; font-weight:normal; line-height:17px;\" target=\"_blank\" class=\"external\" rel=\"nofollow\"> Saint Hoax<\/a> (@sainthoax) on <time style=\" font-family:Arial,sans-serif; font-size:14px; line-height:17px;\" datetime=\"2015-10-16T16:52:23+00:00\">Oct 16, 2015 at 9:52am PDT<\/time><\/p>\n<\/div>\n<\/blockquote>\n<p><script async src=\"\/\/www.instagram.com\/embed.js\"><\/script><\/p>\n<p><strong>Mutta palataan<\/strong>\u00a0siihen Trumpin m\u00f6lin\u00e4\u00e4n. Mit\u00e4 ihmett\u00e4 h\u00e4n sill\u00e4 hulluudella ajaa ja miksi kukaan ei pys\u00e4yt\u00e4 h\u00e4nt\u00e4? Mariko Sato <a href=\"http:\/\/voima.fi\/artikkeli\/2016\/mitahan-morko-tahtoo\/\">kommentoi<\/a> presidentin valinta tuoreeltaan ja ep\u00e4ili homman menev\u00e4n niin, ett\u00e4 Trump koheltaa ja muut k\u00e4ytt\u00e4v\u00e4t valtaa.<\/p>\n<p>&#8221;Monet politiikan tuntijat ovat arvioineet juuri virkanimitysten ratkaisevan Trumpin presidenttiyden suunnan. Poliittisesti kokemattomalla Trumpilla ei uskota olevan kattavaa suunnitelmaa kaudelleen, ja h\u00e4nen ennustetaan j\u00e4\u00e4v\u00e4n nopeasti virkamiesten ja neuvonantajiensa vaikutusvallan ja osaamisen jalkoihin. Nasevilla kommenteilla ja twiiteill\u00e4 voi menesty\u00e4 vaalikampanjassa, mutta pelk\u00e4ll\u00e4 populismilla ei saada aikaiseksi lains\u00e4\u00e4d\u00e4nt\u00f6\u00e4 tai johdeta virkamieskuntaa.. ..Vaikka Trump heitt\u00e4isi k\u00e4det ilmaan ja nostaisi jalat p\u00f6yd\u00e4lle tammikuun j\u00e4lkeen, n\u00e4ytt\u00e4\u00e4 valittujen ministereiden ja virkamiesten tausta pelottavalta enteelt\u00e4.&#8221;<\/p>\n<p>Trumpin tapauksessa voisi katsoa, ett\u00e4 vahinko on jo tapahtunut. N\u00e4ihin nimityksiin kannattaa kiinnitt\u00e4\u00e4 huomiota my\u00f6s samalla, kun pohtii pressan mahdollista viraltapanoa. FBI tutkii kaikenlaista Trumpin ja Ven\u00e4j\u00e4n kytk\u00f6ksiin liittyv\u00e4\u00e4 ja monet odottavat innoissaan potkuja Trumpille. Itse en suhtaudu Trumpin valtakauden keskeytymiseen niink\u00e4\u00e4n optimistisesti: tilalle nousisi varapresidentti Pence, joka edustaa l\u00e4hinn\u00e4 uskonnollista fundamentalismia. Trumpin v\u00e4istyminen johtaisi m\u00e4\u00e4r\u00e4tietoisemman pahuuden astumista puikkoihin.<\/p>\n<p><img decoding=\"async\" class=\"alignnone size-full wp-image-12525\" src=\"https:\/\/voima.fi\/hairikot\/wp-content\/uploads\/sites\/9\/2017\/03\/LEvea-2.png\" alt=\"LEvea\u0308 2\" width=\"1690\" height=\"1036\" srcset=\"https:\/\/voima.fi\/hairikot\/wp-content\/uploads\/sites\/9\/2017\/03\/LEvea-2.png 1690w, https:\/\/voima.fi\/hairikot\/wp-content\/uploads\/sites\/9\/2017\/03\/LEvea-2-600x368.png 600w, https:\/\/voima.fi\/hairikot\/wp-content\/uploads\/sites\/9\/2017\/03\/LEvea-2-1024x628.png 1024w, https:\/\/voima.fi\/hairikot\/wp-content\/uploads\/sites\/9\/2017\/03\/LEvea-2-768x471.png 768w, https:\/\/voima.fi\/hairikot\/wp-content\/uploads\/sites\/9\/2017\/03\/LEvea-2-1536x942.png 1536w, https:\/\/voima.fi\/hairikot\/wp-content\/uploads\/sites\/9\/2017\/03\/LEvea-2-320x196.png 320w, https:\/\/voima.fi\/hairikot\/wp-content\/uploads\/sites\/9\/2017\/03\/LEvea-2-200x123.png 200w, https:\/\/voima.fi\/hairikot\/wp-content\/uploads\/sites\/9\/2017\/03\/LEvea-2-560x343.png 560w, https:\/\/voima.fi\/hairikot\/wp-content\/uploads\/sites\/9\/2017\/03\/LEvea-2-980x601.png 980w, https:\/\/voima.fi\/hairikot\/wp-content\/uploads\/sites\/9\/2017\/03\/LEvea-2-300x184.png 300w\" sizes=\"(max-width: 1690px) 100vw, 1690px\" \/><\/p>\n<p><strong>Koska asiat<\/strong> eiv\u00e4t koskaan ole niin yksinkertaisia, kuin milt\u00e4 ne n\u00e4ytt\u00e4v\u00e4t, saa t\u00e4st\u00e4 Trump-ilmi\u00f6st\u00e4kin kaivettua isompaa kuviota esille kuten Kari M\u00f6tt\u00f6nen tekee <a href=\"http:\/\/politiikasta.fi\/trumpin-nousun-syyt-seuraukset\/\" class=\"external\" rel=\"nofollow\">kirjoituksessaan Trumpin nousun syyt ja seuraukset<\/a>.<\/p>\n<p>&#8221;Maailmanj\u00e4rjestyksen k\u00e4\u00e4nnekohdan syihin ja seurauksiin haettiin laajemmasta n\u00e4k\u00f6kulmasta vastausta kansainv\u00e4listen suhteiden tutkimuksen International Studies Association -j\u00e4rjest\u00f6n vuosikonferenssissa Baltimoressa.<\/p>\n<p>Yhdest\u00e4 vastauksesta vallitsee yksimielisyys. Trump-ilmi\u00f6 ei ole kriisin syy vaan yksi pitk\u00e4n murroksen seurauksista.<\/p>\n<p>L\u00e4nsijohtoinen liberaalinen j\u00e4rjestys ei koskaan ollut todella globaali. Kylm\u00e4ss\u00e4 sodassa se edusti toista osapuolta. Kylm\u00e4n sodan j\u00e4lkeisell\u00e4 liberalismin ja yksinapaisuuden valtakaudella nousevat vallat ja alueet vaativat rakenteellisia muutoksia l\u00e4nsijohtoisuuteen.<\/p>\n<p>Ratkaiseva sys\u00e4ys nykykriisiin on kypsynyt l\u00e4ntisten maiden sis\u00e4ll\u00e4. Uusliberalismi, vuonna 2008 alkanut finanssikriisi ja kiihtyv\u00e4 globalisaatio ovat j\u00e4tt\u00e4neet valtiot markkinoiden jalkoihin.<\/p>\n<p>Seurauksena on ollut liberaalin kansainv\u00e4lisen j\u00e4rjestyksen rakentamiseen kuuluneen yhteiskuntapoliittisen tarkoituksen katoaminen, eriarvoisuuden kasvu ja demokratiaa uhkaavan populismin nousu.&#8221;<\/p>\n<p><img decoding=\"async\" class=\"alignnone size-full wp-image-12526\" src=\"https:\/\/voima.fi\/hairikot\/wp-content\/uploads\/sites\/9\/2017\/03\/LEvea-3.png\" alt=\"LEvea\u0308 3\" width=\"1629\" height=\"999\" srcset=\"https:\/\/voima.fi\/hairikot\/wp-content\/uploads\/sites\/9\/2017\/03\/LEvea-3.png 1629w, https:\/\/voima.fi\/hairikot\/wp-content\/uploads\/sites\/9\/2017\/03\/LEvea-3-600x368.png 600w, https:\/\/voima.fi\/hairikot\/wp-content\/uploads\/sites\/9\/2017\/03\/LEvea-3-1024x628.png 1024w, https:\/\/voima.fi\/hairikot\/wp-content\/uploads\/sites\/9\/2017\/03\/LEvea-3-768x471.png 768w, https:\/\/voima.fi\/hairikot\/wp-content\/uploads\/sites\/9\/2017\/03\/LEvea-3-1536x942.png 1536w, https:\/\/voima.fi\/hairikot\/wp-content\/uploads\/sites\/9\/2017\/03\/LEvea-3-320x196.png 320w, https:\/\/voima.fi\/hairikot\/wp-content\/uploads\/sites\/9\/2017\/03\/LEvea-3-200x123.png 200w, https:\/\/voima.fi\/hairikot\/wp-content\/uploads\/sites\/9\/2017\/03\/LEvea-3-560x343.png 560w, https:\/\/voima.fi\/hairikot\/wp-content\/uploads\/sites\/9\/2017\/03\/LEvea-3-980x601.png 980w, https:\/\/voima.fi\/hairikot\/wp-content\/uploads\/sites\/9\/2017\/03\/LEvea-3-300x184.png 300w\" sizes=\"(max-width: 1629px) 100vw, 1629px\" \/><\/p>\n<p><strong>Vakaina itsereflektion<\/strong> yst\u00e4vin\u00e4 suomme t\u00e4ss\u00e4 my\u00f6s hetken pohdinnalle, jossa luodataan n\u00e4inkin vakavan aiheen k\u00e4sittely\u00e4 meemein ja muin hupsutteluin. Sit\u00e4h\u00e4n me teemme t\u00e4m\u00e4nkin bloggauksen yhteydess\u00e4. Miia Halme-Tuomisaari kommentoi ilmi\u00f6t\u00e4 <a href=\"http:\/\/www.antroblogi.fi\/2016\/11\/trump-ei-totta\/\" class=\"external\" rel=\"nofollow\">AntroBlogissa<\/a>.<\/p>\n<p>&#8221;Huumori, nauru kyynelten l\u00e4pi, kertoo askeleesta joka seuraa alun tyrmistyst\u00e4. Vaalitulos tullaan hyv\u00e4ksym\u00e4\u00e4n ilman merkitt\u00e4vi\u00e4 haasteita. Vaalit olivat kiistatta rehdit. Ne t\u00e4yttiv\u00e4t kaikki demokraattisen hallintaj\u00e4rjestelm\u00e4n t\u00e4rkeimm\u00e4t piirteet: avoimen mahdollisuuden hakeutua ehdokkaaksi, julkisen kampanjoinnin, kansan tahdon ilmaisun vaalip\u00e4iv\u00e4n\u00e4 \u00e4\u00e4nestysuurnilla.&#8221;<\/p>\n<p><img decoding=\"async\" class=\"alignnone size-full wp-image-12528\" src=\"https:\/\/voima.fi\/hairikot\/wp-content\/uploads\/sites\/9\/2017\/03\/Levea-4.png\" alt=\"Levea\u0308 4\" width=\"1720\" height=\"1054\" srcset=\"https:\/\/voima.fi\/hairikot\/wp-content\/uploads\/sites\/9\/2017\/03\/Levea-4.png 1720w, https:\/\/voima.fi\/hairikot\/wp-content\/uploads\/sites\/9\/2017\/03\/Levea-4-600x368.png 600w, https:\/\/voima.fi\/hairikot\/wp-content\/uploads\/sites\/9\/2017\/03\/Levea-4-1024x627.png 1024w, https:\/\/voima.fi\/hairikot\/wp-content\/uploads\/sites\/9\/2017\/03\/Levea-4-768x471.png 768w, https:\/\/voima.fi\/hairikot\/wp-content\/uploads\/sites\/9\/2017\/03\/Levea-4-1536x941.png 1536w, https:\/\/voima.fi\/hairikot\/wp-content\/uploads\/sites\/9\/2017\/03\/Levea-4-320x196.png 320w, https:\/\/voima.fi\/hairikot\/wp-content\/uploads\/sites\/9\/2017\/03\/Levea-4-200x123.png 200w, https:\/\/voima.fi\/hairikot\/wp-content\/uploads\/sites\/9\/2017\/03\/Levea-4-560x343.png 560w, https:\/\/voima.fi\/hairikot\/wp-content\/uploads\/sites\/9\/2017\/03\/Levea-4-980x601.png 980w, https:\/\/voima.fi\/hairikot\/wp-content\/uploads\/sites\/9\/2017\/03\/Levea-4-300x184.png 300w\" sizes=\"(max-width: 1720px) 100vw, 1720px\" \/><\/p>\n","protected":false},"excerpt":{"rendered":"<p>Seksismi mainoksissa pys\u00e4ytt\u00e4\u00e4 riippumatta siit\u00e4, onko kyseess\u00e4 uusi tai vanha mainos. My\u00f6skin presidentin puheissa vilisev\u00e4 seksismi pysytt\u00e4\u00e4.<\/p>\n","protected":false},"author":122,"featured_media":15039,"comment_status":"open","ping_status":"open","sticky":false,"template":"","format":"standard","meta":{"footnotes":""},"categories":[5],"tags":[1487,1518,2238,2585],"yoast_head":"<!-- This site is optimized with the Yoast SEO plugin v22.7 - https:\/\/yoast.com\/wordpress\/plugins\/seo\/ -->\n<title>Seksistiset mainokset ja Donald Trump - H\u00e4irik\u00f6t-p\u00e4\u00e4maja<\/title>\n<meta name=\"robots\" content=\"index, follow, max-snippet:-1, max-image-preview:large, max-video-preview:-1\" \/>\n<link rel=\"canonical\" href=\"https:\/\/voima.fi\/hairikot\/artikkeli\/seksistiset-mainokset-donald-trump\/\" \/>\n<meta property=\"og:locale\" content=\"fi_FI\" \/>\n<meta property=\"og:type\" content=\"article\" \/>\n<meta property=\"og:title\" content=\"Seksistiset mainokset ja Donald Trump - H\u00e4irik\u00f6t-p\u00e4\u00e4maja\" \/>\n<meta property=\"og:description\" content=\"Seksismi mainoksissa pys\u00e4ytt\u00e4\u00e4 riippumatta siit\u00e4, onko kyseess\u00e4 uusi tai vanha mainos. My\u00f6skin presidentin puheissa vilisev\u00e4 seksismi pysytt\u00e4\u00e4.\" \/>\n<meta property=\"og:url\" content=\"https:\/\/voima.fi\/hairikot\/artikkeli\/seksistiset-mainokset-donald-trump\/\" \/>\n<meta property=\"og:site_name\" content=\"H\u00e4irik\u00f6t-p\u00e4\u00e4maja\" \/>\n<meta property=\"article:published_time\" content=\"2017-03-20T22:00:00+00:00\" \/>\n<meta property=\"article:modified_time\" content=\"2020-08-10T11:02:16+00:00\" \/>\n<meta property=\"og:image\" content=\"https:\/\/voima.fi\/hairikot\/wp-content\/uploads\/sites\/9\/2020\/04\/Mainokset-ja-Trump-artikkelikuva.png\" \/>\n\t<meta property=\"og:image:width\" content=\"1060\" \/>\n\t<meta property=\"og:image:height\" content=\"630\" \/>\n\t<meta property=\"og:image:type\" content=\"image\/png\" \/>\n<meta name=\"author\" content=\"Jari Tamminen\" \/>\n<meta name=\"twitter:card\" content=\"summary_large_image\" \/>\n<meta name=\"twitter:label1\" content=\"Kirjoittanut\" \/>\n\t<meta name=\"twitter:data1\" content=\"Jari Tamminen\" \/>\n\t<meta name=\"twitter:label2\" content=\"Arvioitu lukuaika\" \/>\n\t<meta name=\"twitter:data2\" content=\"3 minuuttia\" \/>\n<script type=\"application\/ld+json\" class=\"yoast-schema-graph\">{\"@context\":\"https:\/\/schema.org\",\"@graph\":[{\"@type\":\"WebPage\",\"@id\":\"https:\/\/voima.fi\/hairikot\/artikkeli\/seksistiset-mainokset-donald-trump\/\",\"url\":\"https:\/\/voima.fi\/hairikot\/artikkeli\/seksistiset-mainokset-donald-trump\/\",\"name\":\"Seksistiset mainokset ja Donald Trump - H\u00e4irik\u00f6t-p\u00e4\u00e4maja\",\"isPartOf\":{\"@id\":\"https:\/\/voima.fi\/hairikot\/#website\"},\"primaryImageOfPage\":{\"@id\":\"https:\/\/voima.fi\/hairikot\/artikkeli\/seksistiset-mainokset-donald-trump\/#primaryimage\"},\"image\":{\"@id\":\"https:\/\/voima.fi\/hairikot\/artikkeli\/seksistiset-mainokset-donald-trump\/#primaryimage\"},\"thumbnailUrl\":\"https:\/\/voima.fi\/hairikot\/wp-content\/uploads\/sites\/9\/2020\/04\/Mainokset-ja-Trump-artikkelikuva.png\",\"datePublished\":\"2017-03-20T22:00:00+00:00\",\"dateModified\":\"2020-08-10T11:02:16+00:00\",\"author\":{\"@id\":\"https:\/\/voima.fi\/hairikot\/#\/schema\/person\/523ff68c19f1381d78529f38bb76e7fe\"},\"breadcrumb\":{\"@id\":\"https:\/\/voima.fi\/hairikot\/artikkeli\/seksistiset-mainokset-donald-trump\/#breadcrumb\"},\"inLanguage\":\"fi\",\"potentialAction\":[{\"@type\":\"ReadAction\",\"target\":[\"https:\/\/voima.fi\/hairikot\/artikkeli\/seksistiset-mainokset-donald-trump\/\"]}]},{\"@type\":\"ImageObject\",\"inLanguage\":\"fi\",\"@id\":\"https:\/\/voima.fi\/hairikot\/artikkeli\/seksistiset-mainokset-donald-trump\/#primaryimage\",\"url\":\"https:\/\/voima.fi\/hairikot\/wp-content\/uploads\/sites\/9\/2020\/04\/Mainokset-ja-Trump-artikkelikuva.png\",\"contentUrl\":\"https:\/\/voima.fi\/hairikot\/wp-content\/uploads\/sites\/9\/2020\/04\/Mainokset-ja-Trump-artikkelikuva.png\",\"width\":1060,\"height\":630},{\"@type\":\"BreadcrumbList\",\"@id\":\"https:\/\/voima.fi\/hairikot\/artikkeli\/seksistiset-mainokset-donald-trump\/#breadcrumb\",\"itemListElement\":[{\"@type\":\"ListItem\",\"position\":1,\"name\":\"Home\",\"item\":\"https:\/\/voima.fi\/hairikot\/\"},{\"@type\":\"ListItem\",\"position\":2,\"name\":\"Seksistiset mainokset ja Donald Trump\"}]},{\"@type\":\"WebSite\",\"@id\":\"https:\/\/voima.fi\/hairikot\/#website\",\"url\":\"https:\/\/voima.fi\/hairikot\/\",\"name\":\"H\u00e4irik\u00f6t-p\u00e4\u00e4maja\",\"description\":\"\",\"potentialAction\":[{\"@type\":\"SearchAction\",\"target\":{\"@type\":\"EntryPoint\",\"urlTemplate\":\"https:\/\/voima.fi\/hairikot\/?s={search_term_string}\"},\"query-input\":\"required name=search_term_string\"}],\"inLanguage\":\"fi\"},{\"@type\":\"Person\",\"@id\":\"https:\/\/voima.fi\/hairikot\/#\/schema\/person\/523ff68c19f1381d78529f38bb76e7fe\",\"name\":\"Jari Tamminen\",\"image\":{\"@type\":\"ImageObject\",\"inLanguage\":\"fi\",\"@id\":\"https:\/\/voima.fi\/hairikot\/#\/schema\/person\/image\/\",\"url\":\"https:\/\/secure.gravatar.com\/avatar\/e5c0bb16f2efc1924afe37fc190f8ce1?s=96&d=blank&r=g\",\"contentUrl\":\"https:\/\/secure.gravatar.com\/avatar\/e5c0bb16f2efc1924afe37fc190f8ce1?s=96&d=blank&r=g\",\"caption\":\"Jari Tamminen\"},\"description\":\"Kulttuurih\u00e4irint\u00e4 on taiteen ja aktivismin j\u00e4nnitt\u00e4v\u00e4\u00e4 lomittumista: odottamaton performanssi katuvilin\u00e4ss\u00e4, vallattuja mainostauluja ja mainosparodioita. Se on k\u00e4site, joka yhdist\u00e4\u00e4 yhteiskunnallista kommentaaria ja luovaa vastarintaa. T\u00e4ss\u00e4 blogissa Voiman Jari Tamminen hahmottaa maailmaa kulttuurih\u00e4irinn\u00e4n n\u00e4k\u00f6kulmasta. Lis\u00e4\u00e4 Tammisen huomioita kulttuurih\u00e4irinn\u00e4st\u00e4 voi lukea Voimasta, H\u00e4irik\u00f6t \u2013 Kulttuurih\u00e4irinn\u00e4n aakkoset -kirjasta ja p\u00e4ivitt\u00e4in osoitteesta www.facebook.com\/hairikot.\",\"sameAs\":[\"http:\/\/www.facebook.com\/hairikot\"],\"url\":\"https:\/\/voima.fi\/hairikot\/artikkeli\/author\/hairikko\/\"}]}<\/script>\n<!-- \/ Yoast SEO plugin. -->","yoast_head_json":{"title":"Seksistiset mainokset ja Donald Trump - H\u00e4irik\u00f6t-p\u00e4\u00e4maja","robots":{"index":"index","follow":"follow","max-snippet":"max-snippet:-1","max-image-preview":"max-image-preview:large","max-video-preview":"max-video-preview:-1"},"canonical":"https:\/\/voima.fi\/hairikot\/artikkeli\/seksistiset-mainokset-donald-trump\/","og_locale":"fi_FI","og_type":"article","og_title":"Seksistiset mainokset ja Donald Trump - H\u00e4irik\u00f6t-p\u00e4\u00e4maja","og_description":"Seksismi mainoksissa pys\u00e4ytt\u00e4\u00e4 riippumatta siit\u00e4, onko kyseess\u00e4 uusi tai vanha mainos. My\u00f6skin presidentin puheissa vilisev\u00e4 seksismi pysytt\u00e4\u00e4.","og_url":"https:\/\/voima.fi\/hairikot\/artikkeli\/seksistiset-mainokset-donald-trump\/","og_site_name":"H\u00e4irik\u00f6t-p\u00e4\u00e4maja","article_published_time":"2017-03-20T22:00:00+00:00","article_modified_time":"2020-08-10T11:02:16+00:00","og_image":[{"width":1060,"height":630,"url":"https:\/\/voima.fi\/hairikot\/wp-content\/uploads\/sites\/9\/2020\/04\/Mainokset-ja-Trump-artikkelikuva.png","type":"image\/png"}],"author":"Jari Tamminen","twitter_card":"summary_large_image","twitter_misc":{"Kirjoittanut":"Jari Tamminen","Arvioitu lukuaika":"3 minuuttia"},"schema":{"@context":"https:\/\/schema.org","@graph":[{"@type":"WebPage","@id":"https:\/\/voima.fi\/hairikot\/artikkeli\/seksistiset-mainokset-donald-trump\/","url":"https:\/\/voima.fi\/hairikot\/artikkeli\/seksistiset-mainokset-donald-trump\/","name":"Seksistiset mainokset ja Donald Trump - H\u00e4irik\u00f6t-p\u00e4\u00e4maja","isPartOf":{"@id":"https:\/\/voima.fi\/hairikot\/#website"},"primaryImageOfPage":{"@id":"https:\/\/voima.fi\/hairikot\/artikkeli\/seksistiset-mainokset-donald-trump\/#primaryimage"},"image":{"@id":"https:\/\/voima.fi\/hairikot\/artikkeli\/seksistiset-mainokset-donald-trump\/#primaryimage"},"thumbnailUrl":"https:\/\/voima.fi\/hairikot\/wp-content\/uploads\/sites\/9\/2020\/04\/Mainokset-ja-Trump-artikkelikuva.png","datePublished":"2017-03-20T22:00:00+00:00","dateModified":"2020-08-10T11:02:16+00:00","author":{"@id":"https:\/\/voima.fi\/hairikot\/#\/schema\/person\/523ff68c19f1381d78529f38bb76e7fe"},"breadcrumb":{"@id":"https:\/\/voima.fi\/hairikot\/artikkeli\/seksistiset-mainokset-donald-trump\/#breadcrumb"},"inLanguage":"fi","potentialAction":[{"@type":"ReadAction","target":["https:\/\/voima.fi\/hairikot\/artikkeli\/seksistiset-mainokset-donald-trump\/"]}]},{"@type":"ImageObject","inLanguage":"fi","@id":"https:\/\/voima.fi\/hairikot\/artikkeli\/seksistiset-mainokset-donald-trump\/#primaryimage","url":"https:\/\/voima.fi\/hairikot\/wp-content\/uploads\/sites\/9\/2020\/04\/Mainokset-ja-Trump-artikkelikuva.png","contentUrl":"https:\/\/voima.fi\/hairikot\/wp-content\/uploads\/sites\/9\/2020\/04\/Mainokset-ja-Trump-artikkelikuva.png","width":1060,"height":630},{"@type":"BreadcrumbList","@id":"https:\/\/voima.fi\/hairikot\/artikkeli\/seksistiset-mainokset-donald-trump\/#breadcrumb","itemListElement":[{"@type":"ListItem","position":1,"name":"Home","item":"https:\/\/voima.fi\/hairikot\/"},{"@type":"ListItem","position":2,"name":"Seksistiset mainokset ja Donald Trump"}]},{"@type":"WebSite","@id":"https:\/\/voima.fi\/hairikot\/#website","url":"https:\/\/voima.fi\/hairikot\/","name":"H\u00e4irik\u00f6t-p\u00e4\u00e4maja","description":"","potentialAction":[{"@type":"SearchAction","target":{"@type":"EntryPoint","urlTemplate":"https:\/\/voima.fi\/hairikot\/?s={search_term_string}"},"query-input":"required name=search_term_string"}],"inLanguage":"fi"},{"@type":"Person","@id":"https:\/\/voima.fi\/hairikot\/#\/schema\/person\/523ff68c19f1381d78529f38bb76e7fe","name":"Jari Tamminen","image":{"@type":"ImageObject","inLanguage":"fi","@id":"https:\/\/voima.fi\/hairikot\/#\/schema\/person\/image\/","url":"https:\/\/secure.gravatar.com\/avatar\/e5c0bb16f2efc1924afe37fc190f8ce1?s=96&d=blank&r=g","contentUrl":"https:\/\/secure.gravatar.com\/avatar\/e5c0bb16f2efc1924afe37fc190f8ce1?s=96&d=blank&r=g","caption":"Jari Tamminen"},"description":"Kulttuurih\u00e4irint\u00e4 on taiteen ja aktivismin j\u00e4nnitt\u00e4v\u00e4\u00e4 lomittumista: odottamaton performanssi katuvilin\u00e4ss\u00e4, vallattuja mainostauluja ja mainosparodioita. Se on k\u00e4site, joka yhdist\u00e4\u00e4 yhteiskunnallista kommentaaria ja luovaa vastarintaa. T\u00e4ss\u00e4 blogissa Voiman Jari Tamminen hahmottaa maailmaa kulttuurih\u00e4irinn\u00e4n n\u00e4k\u00f6kulmasta. Lis\u00e4\u00e4 Tammisen huomioita kulttuurih\u00e4irinn\u00e4st\u00e4 voi lukea Voimasta, H\u00e4irik\u00f6t \u2013 Kulttuurih\u00e4irinn\u00e4n aakkoset -kirjasta ja p\u00e4ivitt\u00e4in osoitteesta www.facebook.com\/hairikot.","sameAs":["http:\/\/www.facebook.com\/hairikot"],"url":"https:\/\/voima.fi\/hairikot\/artikkeli\/author\/hairikko\/"}]}},"enclosure":{"image":"https:\/\/voima.fi\/hairikot\/wp-content\/uploads\/sites\/9\/2020\/04\/Mainokset-ja-Trump-artikkelikuva.png"},"meta:avatar":"","geolocation":[],"meta:youtube":null,"meta:vimeo":null,"meta:duration":null,"_links":{"self":[{"href":"https:\/\/voima.fi\/hairikot\/wp-json\/wp\/v2\/posts\/17601"}],"collection":[{"href":"https:\/\/voima.fi\/hairikot\/wp-json\/wp\/v2\/posts"}],"about":[{"href":"https:\/\/voima.fi\/hairikot\/wp-json\/wp\/v2\/types\/post"}],"author":[{"embeddable":true,"href":"https:\/\/voima.fi\/hairikot\/wp-json\/wp\/v2\/users\/122"}],"replies":[{"embeddable":true,"href":"https:\/\/voima.fi\/hairikot\/wp-json\/wp\/v2\/comments?post=17601"}],"version-history":[{"count":1,"href":"https:\/\/voima.fi\/hairikot\/wp-json\/wp\/v2\/posts\/17601\/revisions"}],"predecessor-version":[{"id":18308,"href":"https:\/\/voima.fi\/hairikot\/wp-json\/wp\/v2\/posts\/17601\/revisions\/18308"}],"wp:featuredmedia":[{"embeddable":true,"href":"https:\/\/voima.fi\/hairikot\/wp-json\/wp\/v2\/media\/15039"}],"wp:attachment":[{"href":"https:\/\/voima.fi\/hairikot\/wp-json\/wp\/v2\/media?parent=17601"}],"wp:term":[{"taxonomy":"category","embeddable":true,"href":"https:\/\/voima.fi\/hairikot\/wp-json\/wp\/v2\/categories?post=17601"},{"taxonomy":"post_tag","embeddable":true,"href":"https:\/\/voima.fi\/hairikot\/wp-json\/wp\/v2\/tags?post=17601"}],"curies":[{"name":"wp","href":"https:\/\/api.w.org\/{rel}","templated":true}]}}