{"id":17591,"date":"2017-01-03T00:00:00","date_gmt":"2017-01-02T22:00:00","guid":{"rendered":"http:\/\/voima.fi\/hairikot\/blogi\/soija-murhaa-muita-paattomyyksia"},"modified":"2020-09-23T11:20:10","modified_gmt":"2020-09-23T08:20:10","slug":"soija-murhaa-muita-paattomyyksia","status":"publish","type":"post","link":"https:\/\/voima.fi\/hairikot\/artikkeli\/soija-murhaa-muita-paattomyyksia\/","title":{"rendered":"Soija on murhaa ja muita p\u00e4\u00e4tt\u00f6myyksi\u00e4"},"content":{"rendered":"<div class=\"lowres-featured-image\"><img decoding=\"async\" width=\"599\" height=\"355\" src=\"https:\/\/voima.fi\/hairikot\/wp-content\/uploads\/sites\/9\/2020\/04\/Tuplanaamapalmu-otsikko.png\" class=\"attachment-full size-full wp-post-image\" alt=\"\" srcset=\"https:\/\/voima.fi\/hairikot\/wp-content\/uploads\/sites\/9\/2020\/04\/Tuplanaamapalmu-otsikko.png 599w, https:\/\/voima.fi\/hairikot\/wp-content\/uploads\/sites\/9\/2020\/04\/Tuplanaamapalmu-otsikko-320x190.png 320w, https:\/\/voima.fi\/hairikot\/wp-content\/uploads\/sites\/9\/2020\/04\/Tuplanaamapalmu-otsikko-200x119.png 200w, https:\/\/voima.fi\/hairikot\/wp-content\/uploads\/sites\/9\/2020\/04\/Tuplanaamapalmu-otsikko-560x332.png 560w, https:\/\/voima.fi\/hairikot\/wp-content\/uploads\/sites\/9\/2020\/04\/Tuplanaamapalmu-otsikko-300x178.png 300w\" sizes=\"(max-width: 599px) 100vw, 599px\" \/><p class=\"ylakuvateksti\"><\/p><\/div><p class=\"p1\"><em>Mit\u00e4 mielt\u00e4 pit\u00e4isi olla puutahein\u00e4\u00e4 puhuvasta kansanedustajasta? Pit\u00e4isik\u00f6 edustajille asettaa joitain p\u00e4tevyysvaatimuksia? Miksi ei?<\/em><\/p>\n<p class=\"p1\"><strong>Sain eilen<\/strong>\u00a0lehdist\u00f6tiedotteen Suomen Keskustan eduskuntaryhm\u00e4n kansliasta. Minua l\u00e4hestyttiin kansanedustaja Mikko K\u00e4rn\u00e4n puolesta.\u00a0Edustaja K\u00e4rn\u00e4 oli selv\u00e4sti flipannut toissa p\u00e4iv\u00e4n\u00e4 alkaneen, koko tammikuun kest\u00e4v\u00e4n\u00a0<a href=\"http:\/\/vegaanihaaste.fi\/\" class=\"external\" rel=\"nofollow\">Vegaanihaasteen<\/a>\u00a0ja siihen liittyv\u00e4n keskustelun takia.<\/p>\n<p class=\"p3\"><span class=\"s1\"><i>&#8221;<\/i><\/span><i>Keskustan lappilainen kansanedustaja Mikko K\u00e4rn\u00e4 kritisoi blogissaan v\u00e4itteit\u00e4 veganismin eettisyydest\u00e4.. ..K\u00e4rn\u00e4 vaatii, ett\u00e4 eettisyyden k\u00e4site ruuoantuotannossa on m\u00e4\u00e4ritelt\u00e4v\u00e4 uudelleen ja haastaa jokaisen suomalaisen yksityisen ja yhteis\u00f6n mukaan talkoisiin kotimaisen ruoan puolesta.&#8221;<\/i><\/p>\n<p class=\"p3\">Edustaja K\u00e4rn\u00e4 on valinnut kritiikkins\u00e4 keih\u00e4\u00e4nk\u00e4rjeksi soijan, jonka ymp\u00e4rist\u00f6taakkaa h\u00e4n vakuuttelee meille median edustajille.<\/p>\n<p class=\"p3\"><i>&#8221;Metsi\u00e4 kaadetaan koko ajan uusien viljelmien tielt\u00e4 ja viljely aiheuttaa vesipulaa muutenkin kuivilla seuduilla.. ..On tosiasia, ett\u00e4 eettisint\u00e4 ja ekologisista ruokaa meille suomalaisille on suomalainen, l\u00e4hell\u00e4 tuotettu ruoka.&#8221;<\/i><\/p>\n<figure id=\"attachment_12349\" aria-describedby=\"caption-attachment-12349\" style=\"width: 441px\" class=\"wp-caption alignright\"><img decoding=\"async\" class=\" wp-image-12349\" src=\"https:\/\/voima.fi\/hairikot\/wp-content\/uploads\/sites\/9\/2017\/01\/Ilmeeni-kun-luin-kepun-lehdisto-tiedotetta.png\" alt=\"N\u00e4ihin tiedotteisiin pit\u00e4isi kyll\u00e4 laittaa joku yleinen varoitus. \" width=\"441\" height=\"321\" srcset=\"https:\/\/voima.fi\/hairikot\/wp-content\/uploads\/sites\/9\/2017\/01\/Ilmeeni-kun-luin-kepun-lehdisto-tiedotetta.png 480w, https:\/\/voima.fi\/hairikot\/wp-content\/uploads\/sites\/9\/2017\/01\/Ilmeeni-kun-luin-kepun-lehdisto-tiedotetta-320x233.png 320w, https:\/\/voima.fi\/hairikot\/wp-content\/uploads\/sites\/9\/2017\/01\/Ilmeeni-kun-luin-kepun-lehdisto-tiedotetta-200x145.png 200w, https:\/\/voima.fi\/hairikot\/wp-content\/uploads\/sites\/9\/2017\/01\/Ilmeeni-kun-luin-kepun-lehdisto-tiedotetta-300x218.png 300w\" sizes=\"(max-width: 441px) 100vw, 441px\" \/><figcaption id=\"caption-attachment-12349\" class=\"wp-caption-text\">N\u00e4ihin tiedotteisiin pit\u00e4isi kyll\u00e4 laittaa joku yleinen varoitus.<\/figcaption><\/figure>\n<p><span style=\"line-height: 1.5\"><strong>AaaAaAaargh!<\/strong> Naama sulaa. Eik\u00f6 Suomalaisen agraaripuolueen edustaja tied\u00e4 sen vertaa, ett\u00e4 h\u00e4nen ylist\u00e4m\u00e4 suomalainen liha ruokitaan ja kasvatetaan sill\u00e4 tuontisoijalla? Valehteleeko se? Onko se kujalla? Vai muuttuuko se tuontisoija jotenkin taianomaisesti kotimaiseksi, kun se on kierr\u00e4tetty nis\u00e4kk\u00e4\u00e4n ruuansulatuselimist\u00f6n l\u00e4pi ja puhdistettu lihasmassaksi, jota lihaa sy\u00f6v\u00e4 heteromieskin voi mussuttaa lippu tanassa?<\/span><\/p>\n<p class=\"p3\"><b><\/b>Ik\u00e4v\u00e4 kyll\u00e4, n\u00e4m\u00e4 tiedotteet menev\u00e4t usein sukkana l\u00e4pi, koska me toimittajat olemme laiskoja, klikkauksia tarvitaan ja ei se nyt ole aina ihan niin justiinsa. Ainakin <a href=\"http:\/\/www.talouselama.fi\/uutiset\/kansanedustaja-haastaa-vegaanihaasteen-avokado-ja-kvinoa-ovat-epaeettinen-vaihtoehto-6611884\" class=\"external\" rel=\"nofollow\"><em>Talousel\u00e4m\u00e4<\/em>\u00a0julkaisi<\/a> K\u00e4rn\u00e4n bloggauksen ja kepun l\u00e4hett\u00e4m\u00e4n tiedotteen pohjalta artikkelin, jossa ei vahingossakaan haastettu p\u00e4\u00e4tt\u00f6mi\u00e4 v\u00e4itteit\u00e4.<\/p>\n<p class=\"p3\">H\u00e4vetk\u00e4\u00e4 siell\u00e4 Alma-talossa. H\u00e4vetk\u00e4\u00e4.<\/p>\n<figure id=\"attachment_12350\" aria-describedby=\"caption-attachment-12350\" style=\"width: 440px\" class=\"wp-caption alignright\"><img decoding=\"async\" class=\" wp-image-12350\" src=\"https:\/\/voima.fi\/hairikot\/wp-content\/uploads\/sites\/9\/2020\/04\/Double-facepalm.png\" alt=\"Ehk\u00e4 ainoa asia, joka lohduttaa minua t\u00e4ll\u00e4 hetkell\u00e4 on se, ett\u00e4 kaikki Star Trekit ilmaantuivat juuri Netflixiin. Voin erakoitua, katkaista kaikki linkit ulkopuoliseen maailmaan ja keskitty\u00e4 olennaiseen.\" width=\"440\" height=\"339\" \/><figcaption id=\"caption-attachment-12350\" class=\"wp-caption-text\">Ehk\u00e4 ainoa asia, joka lohduttaa minua t\u00e4ll\u00e4 hetkell\u00e4 on se, ett\u00e4 kaikki Star Trekit ilmaantuivat juuri Netflixiin. Voin erakoitua, katkaista kaikki linkit ulkopuoliseen maailmaan ja keskitty\u00e4 olennaiseen.<\/figcaption><\/figure>\n<p class=\"p3\"><strong>Mik\u00e4li t\u00e4m\u00e4 <\/strong>soija-aihe kiinnostaa, niin WWF:n Hidden Soy &#8211;<a href=\"http:\/\/hiddensoy.panda.org\/\" class=\"external\" rel=\"nofollow\">hanke<\/a>\u00a0esitt\u00e4\u00e4 hyvin yksinkertaisen ja yksiselitteisen graafisen k\u00e4ytt\u00f6liittym\u00e4n avustuksella, kuinka noin\u00a0kaikkeen meid\u00e4n safkaan on k\u00e4ytetty soijaa. Esimerkiksi kilo sit\u00e4 K\u00e4rn\u00e4n possufilett\u00e4 on vaatinut keskim\u00e4\u00e4rin 510 grammaa soijaa (ja t\u00e4h\u00e4n p\u00e4\u00e4lle tietty aika hitosti muuta rehua ja sellaista). Kilo viljelty\u00e4 lohta on ottanut keskim\u00e4\u00e4rin 590 grammaa soijaa (my\u00f6skin kaikenlaisen muun ohessa).<\/p>\n<p class=\"p3\">Kuten p\u00e4ivyst\u00e4v\u00e4 anarkisti, Suvi Auvinen <a href=\"http:\/\/blogit.image.fi\/paivystavaanarkisti\/kun-kepu-etiikkaa-maaritteli\/\" class=\"external\" rel=\"nofollow\">huomautti<\/a>:<\/p>\n<p class=\"p5\"><em><span class=\"s2\">&#8221;<\/span>Eurooppalaisten k\u00e4ytt\u00e4m\u00e4st\u00e4 soijasta noin 93 % menee el\u00e4inten rehuksi. Soijan kierr\u00e4tt\u00e4minen el\u00e4inten kautta on globaalisti kest\u00e4m\u00e4t\u00f6n tapa tuottaa ruokaa.. ..K\u00e4rn\u00e4 kertoo my\u00f6s kvinoan kysynn\u00e4n lis\u00e4\u00e4ntymisen vaikuttaneen siihen, ettei &#8217;Perun ja Bolivian k\u00f6yhill\u00e4 ole siihen en\u00e4\u00e4 varaa.&#8217; T\u00e4m\u00e4 taas on puhtaasti kapitalistisen talousj\u00e4rjestelm\u00e4n, ei kvinoan ongelma. Jos K\u00e4rn\u00e4 tahtoo muutoksen t\u00e4h\u00e4n, suosittelen liittym\u00e4\u00e4n antikapitalistiseen liikkeeseen.&#8221;<\/em><\/p>\n<p class=\"p5\">T\u00e4ss\u00e4 saattaisin huomauttaa, ett\u00e4 kepu ja sen tukema maatalousj\u00e4rjestelm\u00e4 ovat hyvinkin pitk\u00e4lti antikapitalistisia hankkeita. T\u00e4m\u00e4 siit\u00e4 huolimatta, ett\u00e4 kepu julistaa porvarillisuuttaan ja porvarillisia arvoja.<\/p>\n<figure id=\"attachment_12211\" aria-describedby=\"caption-attachment-12211\" style=\"width: 460px\" class=\"wp-caption alignright\"><img decoding=\"async\" class=\" wp-image-12211\" src=\"https:\/\/voima.fi\/hairikot\/wp-content\/uploads\/sites\/9\/2016\/11\/Teit-meista-kauheen-vastamainos.jpg\" alt=\"Hesburger, Apulanta, liha, vastamainos, kulttuurih\u00e4irint\u00e4, el\u00e4inoikeudet\" width=\"460\" height=\"651\" srcset=\"https:\/\/voima.fi\/hairikot\/wp-content\/uploads\/sites\/9\/2016\/11\/Teit-meista-kauheen-vastamainos.jpg 842w, https:\/\/voima.fi\/hairikot\/wp-content\/uploads\/sites\/9\/2016\/11\/Teit-meista-kauheen-vastamainos-424x600.jpg 424w, https:\/\/voima.fi\/hairikot\/wp-content\/uploads\/sites\/9\/2016\/11\/Teit-meista-kauheen-vastamainos-724x1024.jpg 724w, https:\/\/voima.fi\/hairikot\/wp-content\/uploads\/sites\/9\/2016\/11\/Teit-meista-kauheen-vastamainos-768x1086.jpg 768w, https:\/\/voima.fi\/hairikot\/wp-content\/uploads\/sites\/9\/2016\/11\/Teit-meista-kauheen-vastamainos-226x320.jpg 226w, https:\/\/voima.fi\/hairikot\/wp-content\/uploads\/sites\/9\/2016\/11\/Teit-meista-kauheen-vastamainos-200x283.jpg 200w, https:\/\/voima.fi\/hairikot\/wp-content\/uploads\/sites\/9\/2016\/11\/Teit-meista-kauheen-vastamainos-560x792.jpg 560w, https:\/\/voima.fi\/hairikot\/wp-content\/uploads\/sites\/9\/2016\/11\/Teit-meista-kauheen-vastamainos-212x300.jpg 212w\" sizes=\"(max-width: 460px) 100vw, 460px\" \/><figcaption id=\"caption-attachment-12211\" class=\"wp-caption-text\">Muistatteko sen kerran, kun lihaa mainostettiin vegaaneilla? Hesburger p\u00e4\u00e4tti yhdist\u00e4\u00e4 Apulanta-yhtyeest\u00e4 kertovaan elokuvaan triplapekonihampurilaisen \u2013 siis hampurilaisen, jota Toni, Sippe tai Tuukka eiv\u00e4t itse miss\u00e4\u00e4n tapauksessa s\u00f6isi. Miksi n\u00e4in? On t\u00e4ysin mahdollista, ett\u00e4 Hese ei halua nostaa vegevaihtoehdon profiilia. Kasvishampurilaisen olemassa olo ja sen mainostaminen kuitenkin v\u00e4ist\u00e4m\u00e4tt\u00e4 muistuttaa kaikkia kuluttajia my\u00f6s siit\u00e4, ett\u00e4 firman ydintuotteeseen \u2013 teollisesti tuotettuun lihaan \u2013 liittyy moraalinen dilemma, jota ei voi pyyhk\u00e4ist\u00e4 pois huolettomalla k\u00e4den heilautuksella.<\/figcaption><\/figure>\n<p class=\"p3\"><span style=\"line-height: 1.5\"><strong>Koska kepun<\/strong> kanslia ja kansanedustaja n\u00e4in katsoivat asiakseen l\u00e4hesty\u00e4 minua t\u00e4m\u00e4n tiedotteensa kanssa koin tietenkin ihan perustelluksi\u00a0esitt\u00e4\u00e4 jatkokysymyksi\u00e4 aiheeseen liittyen. Vastasin aikailematta saamaani viestiin ja tiedustelin juurikin t\u00e4h\u00e4n tuontisoijan nis\u00e4kk\u00e4iden ruuansulatuskanavissa tapahtuvaan sinivalkopesuun liittyvi\u00e4.<\/span><\/p>\n<p class=\"p3\">Keskustan eduskuntaryhm\u00e4n kanslia ei kokenut asiakseen vastata t\u00e4h\u00e4n tiedusteluuni. En ole ihan varma, ett\u00e4 kannattaako meille toimittajille l\u00e4hetell\u00e4 tiedotteita, jos ei ole kiinnostunut vastaamaan niihin liittyviin kysymyksiin (no, Talousel\u00e4m\u00e4n kohdalla t\u00e4m\u00e4 n\u00e4ytti kyll\u00e4 kannattavan). Onneksi edustaja K\u00e4rn\u00e4 kuitenkin jatkoi keskustelua sosiaalisen median puolella ja onnistui jotenkin (mahdollisesti taikuuden avulla) ylitt\u00e4m\u00e4\u00e4n alkuper\u00e4isen kirjoituksensa h\u00f6ps\u00f6yden (ks. kuva).<\/p>\n<p>Huh-huh, siis nimitt\u00e4in. Nyt kyll\u00e4.<\/p>\n<figure id=\"attachment_12351\" aria-describedby=\"caption-attachment-12351\" style=\"width: 400px\" class=\"wp-caption alignright\"><img decoding=\"async\" class=\" wp-image-12351\" src=\"https:\/\/voima.fi\/hairikot\/wp-content\/uploads\/sites\/9\/2017\/01\/Mikko-Ka-rna-Twitter.jpg\" alt=\"T\u00e4m\u00e4 ei siis ole kuvamanipulaatio tai huonotapaista panettelua. T\u00e4m\u00e4 on kansaedustajan omalla nimell\u00e4\u00e4n ja naamalla julkaisema kommentti.\" width=\"400\" height=\"209\" srcset=\"https:\/\/voima.fi\/hairikot\/wp-content\/uploads\/sites\/9\/2017\/01\/Mikko-Ka-rna-Twitter.jpg 960w, https:\/\/voima.fi\/hairikot\/wp-content\/uploads\/sites\/9\/2017\/01\/Mikko-Ka-rna-Twitter-600x314.jpg 600w, https:\/\/voima.fi\/hairikot\/wp-content\/uploads\/sites\/9\/2017\/01\/Mikko-Ka-rna-Twitter-768x402.jpg 768w, https:\/\/voima.fi\/hairikot\/wp-content\/uploads\/sites\/9\/2017\/01\/Mikko-Ka-rna-Twitter-320x167.jpg 320w, https:\/\/voima.fi\/hairikot\/wp-content\/uploads\/sites\/9\/2017\/01\/Mikko-Ka-rna-Twitter-200x105.jpg 200w, https:\/\/voima.fi\/hairikot\/wp-content\/uploads\/sites\/9\/2017\/01\/Mikko-Ka-rna-Twitter-560x293.jpg 560w, https:\/\/voima.fi\/hairikot\/wp-content\/uploads\/sites\/9\/2017\/01\/Mikko-Ka-rna-Twitter-300x157.jpg 300w\" sizes=\"(max-width: 400px) 100vw, 400px\" \/><figcaption id=\"caption-attachment-12351\" class=\"wp-caption-text\">T\u00e4m\u00e4 ei siis ole kuvamanipulaatio tai huonotapaista panettelua. T\u00e4m\u00e4 on kansaedustajan omalla nimell\u00e4\u00e4n ja naamalla julkaisema kommentti.<\/figcaption><\/figure>\n<p class=\"p3\">\n","protected":false},"excerpt":{"rendered":"<p>Mit\u00e4 mielt\u00e4 pit\u00e4isi olla puutahein\u00e4\u00e4 puhuvasta kansanedustajasta? Pit\u00e4isik\u00f6 edustajille asettaa joitain p\u00e4tevyysvaatimuksia? Miksi ei?<\/p>\n","protected":false},"author":122,"featured_media":15020,"comment_status":"closed","ping_status":"closed","sticky":false,"template":"","format":"standard","meta":{"footnotes":""},"categories":[5],"tags":[53,407,771,1116,1260,1546,1911,2135,2310,2775],"yoast_head":"<!-- This site is optimized with the Yoast SEO plugin v22.7 - https:\/\/yoast.com\/wordpress\/plugins\/seo\/ -->\n<title>Soija on murhaa ja muita p\u00e4\u00e4tt\u00f6myyksi\u00e4 - H\u00e4irik\u00f6t-p\u00e4\u00e4maja<\/title>\n<meta name=\"robots\" content=\"index, follow, max-snippet:-1, max-image-preview:large, max-video-preview:-1\" \/>\n<link rel=\"canonical\" href=\"https:\/\/voima.fi\/hairikot\/artikkeli\/soija-murhaa-muita-paattomyyksia\/\" \/>\n<meta property=\"og:locale\" content=\"fi_FI\" \/>\n<meta property=\"og:type\" content=\"article\" \/>\n<meta property=\"og:title\" content=\"Soija on murhaa ja muita p\u00e4\u00e4tt\u00f6myyksi\u00e4 - H\u00e4irik\u00f6t-p\u00e4\u00e4maja\" \/>\n<meta property=\"og:description\" content=\"Mit\u00e4 mielt\u00e4 pit\u00e4isi olla puutahein\u00e4\u00e4 puhuvasta kansanedustajasta? Pit\u00e4isik\u00f6 edustajille asettaa joitain p\u00e4tevyysvaatimuksia? Miksi ei?\" \/>\n<meta property=\"og:url\" content=\"https:\/\/voima.fi\/hairikot\/artikkeli\/soija-murhaa-muita-paattomyyksia\/\" \/>\n<meta property=\"og:site_name\" content=\"H\u00e4irik\u00f6t-p\u00e4\u00e4maja\" \/>\n<meta property=\"article:published_time\" content=\"2017-01-02T22:00:00+00:00\" \/>\n<meta property=\"article:modified_time\" content=\"2020-09-23T08:20:10+00:00\" \/>\n<meta property=\"og:image\" content=\"https:\/\/voima.fi\/hairikot\/wp-content\/uploads\/sites\/9\/2020\/04\/Tuplanaamapalmu-otsikko.png\" \/>\n\t<meta property=\"og:image:width\" content=\"599\" \/>\n\t<meta property=\"og:image:height\" content=\"355\" \/>\n\t<meta property=\"og:image:type\" content=\"image\/png\" \/>\n<meta name=\"author\" content=\"Jari Tamminen\" \/>\n<meta name=\"twitter:card\" content=\"summary_large_image\" \/>\n<meta name=\"twitter:label1\" content=\"Kirjoittanut\" \/>\n\t<meta name=\"twitter:data1\" content=\"Jari Tamminen\" \/>\n\t<meta name=\"twitter:label2\" content=\"Arvioitu lukuaika\" \/>\n\t<meta name=\"twitter:data2\" content=\"4 minuuttia\" \/>\n<script type=\"application\/ld+json\" class=\"yoast-schema-graph\">{\"@context\":\"https:\/\/schema.org\",\"@graph\":[{\"@type\":\"WebPage\",\"@id\":\"https:\/\/voima.fi\/hairikot\/artikkeli\/soija-murhaa-muita-paattomyyksia\/\",\"url\":\"https:\/\/voima.fi\/hairikot\/artikkeli\/soija-murhaa-muita-paattomyyksia\/\",\"name\":\"Soija on murhaa ja muita p\u00e4\u00e4tt\u00f6myyksi\u00e4 - H\u00e4irik\u00f6t-p\u00e4\u00e4maja\",\"isPartOf\":{\"@id\":\"https:\/\/voima.fi\/hairikot\/#website\"},\"primaryImageOfPage\":{\"@id\":\"https:\/\/voima.fi\/hairikot\/artikkeli\/soija-murhaa-muita-paattomyyksia\/#primaryimage\"},\"image\":{\"@id\":\"https:\/\/voima.fi\/hairikot\/artikkeli\/soija-murhaa-muita-paattomyyksia\/#primaryimage\"},\"thumbnailUrl\":\"https:\/\/voima.fi\/hairikot\/wp-content\/uploads\/sites\/9\/2020\/04\/Tuplanaamapalmu-otsikko.png\",\"datePublished\":\"2017-01-02T22:00:00+00:00\",\"dateModified\":\"2020-09-23T08:20:10+00:00\",\"author\":{\"@id\":\"https:\/\/voima.fi\/hairikot\/#\/schema\/person\/523ff68c19f1381d78529f38bb76e7fe\"},\"breadcrumb\":{\"@id\":\"https:\/\/voima.fi\/hairikot\/artikkeli\/soija-murhaa-muita-paattomyyksia\/#breadcrumb\"},\"inLanguage\":\"fi\",\"potentialAction\":[{\"@type\":\"ReadAction\",\"target\":[\"https:\/\/voima.fi\/hairikot\/artikkeli\/soija-murhaa-muita-paattomyyksia\/\"]}]},{\"@type\":\"ImageObject\",\"inLanguage\":\"fi\",\"@id\":\"https:\/\/voima.fi\/hairikot\/artikkeli\/soija-murhaa-muita-paattomyyksia\/#primaryimage\",\"url\":\"https:\/\/voima.fi\/hairikot\/wp-content\/uploads\/sites\/9\/2020\/04\/Tuplanaamapalmu-otsikko.png\",\"contentUrl\":\"https:\/\/voima.fi\/hairikot\/wp-content\/uploads\/sites\/9\/2020\/04\/Tuplanaamapalmu-otsikko.png\",\"width\":599,\"height\":355},{\"@type\":\"BreadcrumbList\",\"@id\":\"https:\/\/voima.fi\/hairikot\/artikkeli\/soija-murhaa-muita-paattomyyksia\/#breadcrumb\",\"itemListElement\":[{\"@type\":\"ListItem\",\"position\":1,\"name\":\"Home\",\"item\":\"https:\/\/voima.fi\/hairikot\/\"},{\"@type\":\"ListItem\",\"position\":2,\"name\":\"Soija on murhaa ja muita p\u00e4\u00e4tt\u00f6myyksi\u00e4\"}]},{\"@type\":\"WebSite\",\"@id\":\"https:\/\/voima.fi\/hairikot\/#website\",\"url\":\"https:\/\/voima.fi\/hairikot\/\",\"name\":\"H\u00e4irik\u00f6t-p\u00e4\u00e4maja\",\"description\":\"\",\"potentialAction\":[{\"@type\":\"SearchAction\",\"target\":{\"@type\":\"EntryPoint\",\"urlTemplate\":\"https:\/\/voima.fi\/hairikot\/?s={search_term_string}\"},\"query-input\":\"required name=search_term_string\"}],\"inLanguage\":\"fi\"},{\"@type\":\"Person\",\"@id\":\"https:\/\/voima.fi\/hairikot\/#\/schema\/person\/523ff68c19f1381d78529f38bb76e7fe\",\"name\":\"Jari Tamminen\",\"image\":{\"@type\":\"ImageObject\",\"inLanguage\":\"fi\",\"@id\":\"https:\/\/voima.fi\/hairikot\/#\/schema\/person\/image\/\",\"url\":\"https:\/\/secure.gravatar.com\/avatar\/e5c0bb16f2efc1924afe37fc190f8ce1?s=96&d=blank&r=g\",\"contentUrl\":\"https:\/\/secure.gravatar.com\/avatar\/e5c0bb16f2efc1924afe37fc190f8ce1?s=96&d=blank&r=g\",\"caption\":\"Jari Tamminen\"},\"description\":\"Kulttuurih\u00e4irint\u00e4 on taiteen ja aktivismin j\u00e4nnitt\u00e4v\u00e4\u00e4 lomittumista: odottamaton performanssi katuvilin\u00e4ss\u00e4, vallattuja mainostauluja ja mainosparodioita. Se on k\u00e4site, joka yhdist\u00e4\u00e4 yhteiskunnallista kommentaaria ja luovaa vastarintaa. T\u00e4ss\u00e4 blogissa Voiman Jari Tamminen hahmottaa maailmaa kulttuurih\u00e4irinn\u00e4n n\u00e4k\u00f6kulmasta. Lis\u00e4\u00e4 Tammisen huomioita kulttuurih\u00e4irinn\u00e4st\u00e4 voi lukea Voimasta, H\u00e4irik\u00f6t \u2013 Kulttuurih\u00e4irinn\u00e4n aakkoset -kirjasta ja p\u00e4ivitt\u00e4in osoitteesta www.facebook.com\/hairikot.\",\"sameAs\":[\"http:\/\/www.facebook.com\/hairikot\"],\"url\":\"https:\/\/voima.fi\/hairikot\/artikkeli\/author\/hairikko\/\"}]}<\/script>\n<!-- \/ Yoast SEO plugin. -->","yoast_head_json":{"title":"Soija on murhaa ja muita p\u00e4\u00e4tt\u00f6myyksi\u00e4 - H\u00e4irik\u00f6t-p\u00e4\u00e4maja","robots":{"index":"index","follow":"follow","max-snippet":"max-snippet:-1","max-image-preview":"max-image-preview:large","max-video-preview":"max-video-preview:-1"},"canonical":"https:\/\/voima.fi\/hairikot\/artikkeli\/soija-murhaa-muita-paattomyyksia\/","og_locale":"fi_FI","og_type":"article","og_title":"Soija on murhaa ja muita p\u00e4\u00e4tt\u00f6myyksi\u00e4 - H\u00e4irik\u00f6t-p\u00e4\u00e4maja","og_description":"Mit\u00e4 mielt\u00e4 pit\u00e4isi olla puutahein\u00e4\u00e4 puhuvasta kansanedustajasta? Pit\u00e4isik\u00f6 edustajille asettaa joitain p\u00e4tevyysvaatimuksia? Miksi ei?","og_url":"https:\/\/voima.fi\/hairikot\/artikkeli\/soija-murhaa-muita-paattomyyksia\/","og_site_name":"H\u00e4irik\u00f6t-p\u00e4\u00e4maja","article_published_time":"2017-01-02T22:00:00+00:00","article_modified_time":"2020-09-23T08:20:10+00:00","og_image":[{"width":599,"height":355,"url":"https:\/\/voima.fi\/hairikot\/wp-content\/uploads\/sites\/9\/2020\/04\/Tuplanaamapalmu-otsikko.png","type":"image\/png"}],"author":"Jari Tamminen","twitter_card":"summary_large_image","twitter_misc":{"Kirjoittanut":"Jari Tamminen","Arvioitu lukuaika":"4 minuuttia"},"schema":{"@context":"https:\/\/schema.org","@graph":[{"@type":"WebPage","@id":"https:\/\/voima.fi\/hairikot\/artikkeli\/soija-murhaa-muita-paattomyyksia\/","url":"https:\/\/voima.fi\/hairikot\/artikkeli\/soija-murhaa-muita-paattomyyksia\/","name":"Soija on murhaa ja muita p\u00e4\u00e4tt\u00f6myyksi\u00e4 - H\u00e4irik\u00f6t-p\u00e4\u00e4maja","isPartOf":{"@id":"https:\/\/voima.fi\/hairikot\/#website"},"primaryImageOfPage":{"@id":"https:\/\/voima.fi\/hairikot\/artikkeli\/soija-murhaa-muita-paattomyyksia\/#primaryimage"},"image":{"@id":"https:\/\/voima.fi\/hairikot\/artikkeli\/soija-murhaa-muita-paattomyyksia\/#primaryimage"},"thumbnailUrl":"https:\/\/voima.fi\/hairikot\/wp-content\/uploads\/sites\/9\/2020\/04\/Tuplanaamapalmu-otsikko.png","datePublished":"2017-01-02T22:00:00+00:00","dateModified":"2020-09-23T08:20:10+00:00","author":{"@id":"https:\/\/voima.fi\/hairikot\/#\/schema\/person\/523ff68c19f1381d78529f38bb76e7fe"},"breadcrumb":{"@id":"https:\/\/voima.fi\/hairikot\/artikkeli\/soija-murhaa-muita-paattomyyksia\/#breadcrumb"},"inLanguage":"fi","potentialAction":[{"@type":"ReadAction","target":["https:\/\/voima.fi\/hairikot\/artikkeli\/soija-murhaa-muita-paattomyyksia\/"]}]},{"@type":"ImageObject","inLanguage":"fi","@id":"https:\/\/voima.fi\/hairikot\/artikkeli\/soija-murhaa-muita-paattomyyksia\/#primaryimage","url":"https:\/\/voima.fi\/hairikot\/wp-content\/uploads\/sites\/9\/2020\/04\/Tuplanaamapalmu-otsikko.png","contentUrl":"https:\/\/voima.fi\/hairikot\/wp-content\/uploads\/sites\/9\/2020\/04\/Tuplanaamapalmu-otsikko.png","width":599,"height":355},{"@type":"BreadcrumbList","@id":"https:\/\/voima.fi\/hairikot\/artikkeli\/soija-murhaa-muita-paattomyyksia\/#breadcrumb","itemListElement":[{"@type":"ListItem","position":1,"name":"Home","item":"https:\/\/voima.fi\/hairikot\/"},{"@type":"ListItem","position":2,"name":"Soija on murhaa ja muita p\u00e4\u00e4tt\u00f6myyksi\u00e4"}]},{"@type":"WebSite","@id":"https:\/\/voima.fi\/hairikot\/#website","url":"https:\/\/voima.fi\/hairikot\/","name":"H\u00e4irik\u00f6t-p\u00e4\u00e4maja","description":"","potentialAction":[{"@type":"SearchAction","target":{"@type":"EntryPoint","urlTemplate":"https:\/\/voima.fi\/hairikot\/?s={search_term_string}"},"query-input":"required name=search_term_string"}],"inLanguage":"fi"},{"@type":"Person","@id":"https:\/\/voima.fi\/hairikot\/#\/schema\/person\/523ff68c19f1381d78529f38bb76e7fe","name":"Jari Tamminen","image":{"@type":"ImageObject","inLanguage":"fi","@id":"https:\/\/voima.fi\/hairikot\/#\/schema\/person\/image\/","url":"https:\/\/secure.gravatar.com\/avatar\/e5c0bb16f2efc1924afe37fc190f8ce1?s=96&d=blank&r=g","contentUrl":"https:\/\/secure.gravatar.com\/avatar\/e5c0bb16f2efc1924afe37fc190f8ce1?s=96&d=blank&r=g","caption":"Jari Tamminen"},"description":"Kulttuurih\u00e4irint\u00e4 on taiteen ja aktivismin j\u00e4nnitt\u00e4v\u00e4\u00e4 lomittumista: odottamaton performanssi katuvilin\u00e4ss\u00e4, vallattuja mainostauluja ja mainosparodioita. Se on k\u00e4site, joka yhdist\u00e4\u00e4 yhteiskunnallista kommentaaria ja luovaa vastarintaa. T\u00e4ss\u00e4 blogissa Voiman Jari Tamminen hahmottaa maailmaa kulttuurih\u00e4irinn\u00e4n n\u00e4k\u00f6kulmasta. Lis\u00e4\u00e4 Tammisen huomioita kulttuurih\u00e4irinn\u00e4st\u00e4 voi lukea Voimasta, H\u00e4irik\u00f6t \u2013 Kulttuurih\u00e4irinn\u00e4n aakkoset -kirjasta ja p\u00e4ivitt\u00e4in osoitteesta www.facebook.com\/hairikot.","sameAs":["http:\/\/www.facebook.com\/hairikot"],"url":"https:\/\/voima.fi\/hairikot\/artikkeli\/author\/hairikko\/"}]}},"enclosure":{"image":"https:\/\/voima.fi\/hairikot\/wp-content\/uploads\/sites\/9\/2020\/04\/Tuplanaamapalmu-otsikko.png"},"meta:avatar":"","geolocation":[],"meta:youtube":null,"meta:vimeo":null,"meta:duration":null,"_links":{"self":[{"href":"https:\/\/voima.fi\/hairikot\/wp-json\/wp\/v2\/posts\/17591"}],"collection":[{"href":"https:\/\/voima.fi\/hairikot\/wp-json\/wp\/v2\/posts"}],"about":[{"href":"https:\/\/voima.fi\/hairikot\/wp-json\/wp\/v2\/types\/post"}],"author":[{"embeddable":true,"href":"https:\/\/voima.fi\/hairikot\/wp-json\/wp\/v2\/users\/122"}],"replies":[{"embeddable":true,"href":"https:\/\/voima.fi\/hairikot\/wp-json\/wp\/v2\/comments?post=17591"}],"version-history":[{"count":3,"href":"https:\/\/voima.fi\/hairikot\/wp-json\/wp\/v2\/posts\/17591\/revisions"}],"predecessor-version":[{"id":18634,"href":"https:\/\/voima.fi\/hairikot\/wp-json\/wp\/v2\/posts\/17591\/revisions\/18634"}],"wp:featuredmedia":[{"embeddable":true,"href":"https:\/\/voima.fi\/hairikot\/wp-json\/wp\/v2\/media\/15020"}],"wp:attachment":[{"href":"https:\/\/voima.fi\/hairikot\/wp-json\/wp\/v2\/media?parent=17591"}],"wp:term":[{"taxonomy":"category","embeddable":true,"href":"https:\/\/voima.fi\/hairikot\/wp-json\/wp\/v2\/categories?post=17591"},{"taxonomy":"post_tag","embeddable":true,"href":"https:\/\/voima.fi\/hairikot\/wp-json\/wp\/v2\/tags?post=17591"}],"curies":[{"name":"wp","href":"https:\/\/api.w.org\/{rel}","templated":true}]}}