{"id":17579,"date":"2016-11-24T00:00:00","date_gmt":"2016-11-23T22:00:00","guid":{"rendered":"http:\/\/voima.fi\/hairikot\/blogi\/oispa-visvaa"},"modified":"2020-08-10T14:02:18","modified_gmt":"2020-08-10T11:02:18","slug":"oispa-visvaa","status":"publish","type":"post","link":"https:\/\/voima.fi\/hairikot\/artikkeli\/oispa-visvaa\/","title":{"rendered":"Oispa visvaa"},"content":{"rendered":"<div class=\"lowres-featured-image\"><img decoding=\"async\" width=\"566\" height=\"317\" src=\"https:\/\/voima.fi\/hairikot\/wp-content\/uploads\/sites\/9\/2020\/04\/Oispa-visvaa-meemi.png\" class=\"attachment-full size-full wp-post-image\" alt=\"\" srcset=\"https:\/\/voima.fi\/hairikot\/wp-content\/uploads\/sites\/9\/2020\/04\/Oispa-visvaa-meemi.png 566w, https:\/\/voima.fi\/hairikot\/wp-content\/uploads\/sites\/9\/2020\/04\/Oispa-visvaa-meemi-320x179.png 320w, https:\/\/voima.fi\/hairikot\/wp-content\/uploads\/sites\/9\/2020\/04\/Oispa-visvaa-meemi-200x112.png 200w, https:\/\/voima.fi\/hairikot\/wp-content\/uploads\/sites\/9\/2020\/04\/Oispa-visvaa-meemi-560x314.png 560w, https:\/\/voima.fi\/hairikot\/wp-content\/uploads\/sites\/9\/2020\/04\/Oispa-visvaa-meemi-300x168.png 300w\" sizes=\"(max-width: 566px) 100vw, 566px\" \/><p class=\"ylakuvateksti\"><\/p><\/div><p class=\"p1\"><b><\/b><i>Mikko Kivinen n\u00e4yttelee kulinaristia ja mainostaa lihaa.<\/i><\/p>\n<p class=\"p1\"><b>En ole ottanut<\/b> ruokailutapoihin liittyvi\u00e4 ohjeita n\u00e4yttelij\u00e4 <b>Mikko Kiviselt\u00e4<\/b>, vaikka h\u00e4n on l\u00f6\u00f6ppien perusteella niit\u00e4 toistuvasti jakavan. T\u00e4ll\u00e4 viikolla Mikko Kivinen kertoi <em>Iltalehden<\/em> l\u00f6\u00f6piss\u00e4, ett\u00e4 \u201dtofu on visvaa\u201d ja ett\u00e4 nyt kannattaa ostaa joulukinkkua (paljon!).<\/p>\n<p class=\"p1\">\u201dTofu on ihan siet\u00e4m\u00e4t\u00f6nt\u00e4. Kaikki, jotka v\u00e4itt\u00e4v\u00e4t muuta, ovat valehtelijoita. Se on ihan mautonta visvaa&#8221;, Mikko Kivinen kertoo sis\u00e4sivuilla. Ja nauraa.<\/p>\n<p class=\"p1\">Jouluperinteist\u00e4\u00e4n kertova Mikko Kivinen ilmoittaa haastattelussa, ett\u00e4 kinkusta h\u00e4n ei luovu ja ett\u00e4 kyll\u00e4 tutulta tuottajalta ostettu kinkku tulee varmasti hyvist\u00e4 oloista. Se, kuka m\u00e4\u00e4rittelee hyv\u00e4t olot j\u00e4i kertomatta. Mutta t\u00e4m\u00e4 ei kuitenkaan ole se t\u00e4rkein kertomatta j\u00e4\u00e4nyt asia.<\/p>\n<p class=\"p1\">Se mit\u00e4 sen enemp\u00e4\u00e4 Mikko Kivinen kuin Iltalehtik\u00e4\u00e4n ei vaivautunut kertomaan l\u00f6\u00f6piss\u00e4 oli se, ett\u00e4 Mikko Kivinen rehki hommia lihateollisuuden piikkiin. L\u00f6\u00f6pin n\u00e4hnyt ja haastattelun lukenutkin henkil\u00f6 j\u00e4i ep\u00e4ilem\u00e4tt\u00e4 k\u00e4sitykseen, ett\u00e4 \u00e4\u00e4ness\u00e4 oli n\u00e4yttelij\u00e4 Mikko Kivinen eik\u00e4 mainosmies Mikko Kivinen. Vaikka t\u00e4m\u00e4 saattaa tuntua uskomattomalta, niin sek\u00e4 n\u00e4yttelij\u00e4 Mikko Kivinen ett\u00e4 mainosmies\u00a0Mikko Kivinen asuvat samassa ruumiissa. Siltik\u00e4\u00e4n heid\u00e4n lausuntojaan ei tulisi sekoittaa kesken\u00e4\u00e4n.<\/p>\n<p class=\"p1\">Mainosmies Mikko Kivinen on ollut mukana lihantuottajien (ja EU:n tukeman) Laatuvastuu-kampanjassa. Eli Mikko Kiviselle on annettu rahaa siit\u00e4, ett\u00e4 h\u00e4n kehuu lihan sy\u00f6nti\u00e4.<\/p>\n<figure id=\"attachment_12253\" aria-describedby=\"caption-attachment-12253\" style=\"width: 480px\" class=\"wp-caption alignnone\"><img decoding=\"async\" class=\"size-full wp-image-12253\" src=\"https:\/\/voima.fi\/hairikot\/wp-content\/uploads\/sites\/9\/2020\/04\/Mainosmies-Kivinen.jpg\" alt=\"Mikko, Kivinen, tofu, el\u00e4inoikeudet, journalismi\" width=\"480\" height=\"538\" \/><figcaption id=\"caption-attachment-12253\" class=\"wp-caption-text\">T\u00e4ss\u00e4 n\u00e4emm\u00e4 kuvataltion siit\u00e4 kerrsta, kun Iltalehti esitteli mainosmiehen n\u00e4yttelij\u00e4n\u00e4.<\/figcaption><\/figure>\n<p class=\"p1\"><b>Voin kyll\u00e4<\/b> sympata sy\u00f6misen kanssa vuosikymmenest\u00e4 toiseen tuskastelevaa n\u00e4yttelij\u00e4\u00e4, jonka paino on l\u00f6\u00f6ppien mukaan sahannut jojon lailla yl\u00f6s ja alas. Hirve\u00e4sti en kuitenkaan symppaa mainosmiest\u00e4, joka teeskentelee n\u00e4yttelij\u00e4\u00e4 ja mainostaa siin\u00e4 ohessa. Alkuunkaan en symppaa toimittajaa ja toimitusta, jotka antavat moisen menn\u00e4 l\u00e4pi ja julkaisevat \u2013 per\u00e4ti l\u00f6\u00f6piss\u00e4 \u2013 n\u00e4yttelij\u00e4n n\u00e4k\u00f6isen mainosmiehen puheita kertomatta kyseess\u00e4 olevan mainospuhe.<\/p>\n<p class=\"p1\">Artikkelin lukijalle sent\u00e4\u00e4n kerrottiin, ett\u00e4 Mikko Kivinen \u201don ollut mukana\u201d kampanjassa, mutta olisihan tuota voinut hieman avata. Meille l\u00f6\u00f6pin n\u00e4hneille ei kerrottu sit\u00e4k\u00e4\u00e4n v\u00e4h\u00e4\u00e4 asiasta ja sen taustoista.<\/p>\n<p class=\"p1\">L\u00e4hdekriittisyys kuuluu journalistin keskeisiin hommiin ja nyt Iltalehdess\u00e4 on heitetty l\u00e4hdekriittisyydell\u00e4 vesilintua (enk\u00e4 tarkoita Lapinlahden lintua).<\/p>\n<p class=\"p1\">Jotta t\u00e4m\u00e4 ei j\u00e4isi pelk\u00e4st\u00e4\u00e4n Iltaraivon kritisoimiseen, niin Animalia <a href=\"http:\/\/animalia.fi\/2016\/11\/mikko-kivinen-solvaa-tofua-sattumalta\/\" class=\"external\" rel=\"nofollow\">tiesi kertoa<\/a>, ett\u00e4 on mainosmies Mikko Kivinen ehtinyt radioonkin juttelemaan mukavia: \u201dRadio Rockin<a href=\"http:\/\/www.radiorock.fi\/#!\/post\/582b180c2fc59e0400e1dd4f\" class=\"external\" rel=\"nofollow\"> haastattelussa<\/a>.. ..juontaja n\u00e4enn\u00e4isesti omasta aloitteestaan pyyt\u00e4\u00e4 Kivist\u00e4 vastaamaan Lihatiedotus-yhdistyksen Possugeneraattorin kysymyksiin.\u201d<\/p>\n<p class=\"p1\">Ett\u00e4 n\u00e4in.<\/p>\n<figure id=\"attachment_12254\" aria-describedby=\"caption-attachment-12254\" style=\"width: 566px\" class=\"wp-caption alignnone\"><img decoding=\"async\" class=\"size-full wp-image-12254\" src=\"https:\/\/voima.fi\/hairikot\/wp-content\/uploads\/sites\/9\/2020\/04\/Oispa-visvaa-meemi.png\" alt=\"What vegans eat.\" width=\"566\" height=\"317\" \/><figcaption id=\"caption-attachment-12254\" class=\"wp-caption-text\">What vegans eat. Ja sekasy\u00f6j\u00e4t. Esimerkiksi t\u00e4m\u00e4n blogitekstin kirjoittaja ei ole vegaani, mutta tykk\u00e4\u00e4 tofusta.<\/figcaption><\/figure>\n<p class=\"p1\"><strong>Ja vasta<\/strong> viime viikolla viettiv\u00e4t kouluissa <a href=\"http:\/\/hairikot.voima.fi\/blogi\/kun-lobbaus-tulee-lihaksi\/\">Kotimaisen lihan viikkoa<\/a>.<\/p>\n<p class=\"p1\"><i>\u201dViikon aikana 3.\u20136.-luokkalaiset ymp\u00e4ri Suomen voivat tutustua liharuuan alkuper\u00e4\u00e4n kouluihin toimitettavan materiaalin avulla. Vaikka el\u00e4inten tappaminen kuuluu asiaan,\u00a0<\/i><a href=\"http:\/\/peli.lihasta.fi\/wp-content\/uploads\/2016\/10\/Kotimaisen_lihan_viikko_oppilas.pdf\" class=\"external\" rel=\"nofollow\"><i>materiaalissa<\/i><\/a><i>\u00a0ei kuolleita el\u00e4imi\u00e4 esitell\u00e4 mik\u00e4li lautasella n\u00f6k\u00f6tt\u00e4v\u00e4\u00e4 lihan palaa ei lasketa. Teemaviikon j\u00e4rjest\u00e4j\u00e4n\u00e4 toimii <\/i><a href=\"http:\/\/www.lihasta.fi\/\" class=\"external\" rel=\"nofollow\"><i>Lihasta-viestint\u00e4hanke<\/i><\/a><i>, jossa ovat mukana lihayhti\u00f6t Atria ja HKScan. Mukaan on l\u00e4htenyt jo yli sata koulua.<\/i><\/p>\n<p class=\"p3\"><i>Toisin sanoen suuret kaupalliset toimijat ovat jotenkin onnistuneet ujuttamaan mainoskampanjansa suoraan peruskoulujen luokkahuoneisiin.\u201d<\/i><\/p>\n<p class=\"p3\">Se oli viime viikolla se t\u00e4ll\u00e4 viikolla t\u00e4m\u00e4. Mit\u00e4k\u00f6h\u00e4n ensi viikolla tulee? Joulun kinkkusesongin ja tammikuun <a href=\"https:\/\/www.facebook.com\/events\/971447506310910\/\" class=\"external\" rel=\"nofollow\">Vegemessujen<\/a> l\u00e4hestyess\u00e4 saattaisin kuvitella, ett\u00e4 keskustelu ei ainakaan tule laantumaan.<\/p>\n","protected":false},"excerpt":{"rendered":"<p>Mikko Kivinen n\u00e4yttelee kulinaristia ja mainostaa lihaa.<\/p>\n","protected":false},"author":122,"featured_media":15006,"comment_status":"open","ping_status":"open","sticky":false,"template":"","format":"standard","meta":{"footnotes":""},"categories":[5],"tags":[951,1170,1260,1388,1492,1546,1590,2549,2601,2842],"yoast_head":"<!-- This site is optimized with the Yoast SEO plugin v22.7 - https:\/\/yoast.com\/wordpress\/plugins\/seo\/ -->\n<title>Oispa visvaa - H\u00e4irik\u00f6t-p\u00e4\u00e4maja<\/title>\n<meta name=\"robots\" content=\"index, follow, max-snippet:-1, max-image-preview:large, max-video-preview:-1\" \/>\n<link rel=\"canonical\" href=\"https:\/\/voima.fi\/hairikot\/artikkeli\/oispa-visvaa\/\" \/>\n<meta property=\"og:locale\" content=\"fi_FI\" \/>\n<meta property=\"og:type\" content=\"article\" \/>\n<meta property=\"og:title\" content=\"Oispa visvaa - H\u00e4irik\u00f6t-p\u00e4\u00e4maja\" \/>\n<meta property=\"og:description\" content=\"Mikko Kivinen n\u00e4yttelee kulinaristia ja mainostaa lihaa.\" \/>\n<meta property=\"og:url\" content=\"https:\/\/voima.fi\/hairikot\/artikkeli\/oispa-visvaa\/\" \/>\n<meta property=\"og:site_name\" content=\"H\u00e4irik\u00f6t-p\u00e4\u00e4maja\" \/>\n<meta property=\"article:published_time\" content=\"2016-11-23T22:00:00+00:00\" \/>\n<meta property=\"article:modified_time\" content=\"2020-08-10T11:02:18+00:00\" \/>\n<meta property=\"og:image\" content=\"https:\/\/voima.fi\/hairikot\/wp-content\/uploads\/sites\/9\/2020\/04\/Oispa-visvaa-meemi.png\" \/>\n\t<meta property=\"og:image:width\" content=\"566\" \/>\n\t<meta property=\"og:image:height\" content=\"317\" \/>\n\t<meta property=\"og:image:type\" content=\"image\/png\" \/>\n<meta name=\"author\" content=\"Jari Tamminen\" \/>\n<meta name=\"twitter:card\" content=\"summary_large_image\" \/>\n<meta name=\"twitter:label1\" content=\"Kirjoittanut\" \/>\n\t<meta name=\"twitter:data1\" content=\"Jari Tamminen\" \/>\n\t<meta name=\"twitter:label2\" content=\"Arvioitu lukuaika\" \/>\n\t<meta name=\"twitter:data2\" content=\"3 minuuttia\" \/>\n<script type=\"application\/ld+json\" class=\"yoast-schema-graph\">{\"@context\":\"https:\/\/schema.org\",\"@graph\":[{\"@type\":\"WebPage\",\"@id\":\"https:\/\/voima.fi\/hairikot\/artikkeli\/oispa-visvaa\/\",\"url\":\"https:\/\/voima.fi\/hairikot\/artikkeli\/oispa-visvaa\/\",\"name\":\"Oispa visvaa - H\u00e4irik\u00f6t-p\u00e4\u00e4maja\",\"isPartOf\":{\"@id\":\"https:\/\/voima.fi\/hairikot\/#website\"},\"primaryImageOfPage\":{\"@id\":\"https:\/\/voima.fi\/hairikot\/artikkeli\/oispa-visvaa\/#primaryimage\"},\"image\":{\"@id\":\"https:\/\/voima.fi\/hairikot\/artikkeli\/oispa-visvaa\/#primaryimage\"},\"thumbnailUrl\":\"https:\/\/voima.fi\/hairikot\/wp-content\/uploads\/sites\/9\/2020\/04\/Oispa-visvaa-meemi.png\",\"datePublished\":\"2016-11-23T22:00:00+00:00\",\"dateModified\":\"2020-08-10T11:02:18+00:00\",\"author\":{\"@id\":\"https:\/\/voima.fi\/hairikot\/#\/schema\/person\/523ff68c19f1381d78529f38bb76e7fe\"},\"breadcrumb\":{\"@id\":\"https:\/\/voima.fi\/hairikot\/artikkeli\/oispa-visvaa\/#breadcrumb\"},\"inLanguage\":\"fi\",\"potentialAction\":[{\"@type\":\"ReadAction\",\"target\":[\"https:\/\/voima.fi\/hairikot\/artikkeli\/oispa-visvaa\/\"]}]},{\"@type\":\"ImageObject\",\"inLanguage\":\"fi\",\"@id\":\"https:\/\/voima.fi\/hairikot\/artikkeli\/oispa-visvaa\/#primaryimage\",\"url\":\"https:\/\/voima.fi\/hairikot\/wp-content\/uploads\/sites\/9\/2020\/04\/Oispa-visvaa-meemi.png\",\"contentUrl\":\"https:\/\/voima.fi\/hairikot\/wp-content\/uploads\/sites\/9\/2020\/04\/Oispa-visvaa-meemi.png\",\"width\":566,\"height\":317,\"caption\":\"What vegans eat.\"},{\"@type\":\"BreadcrumbList\",\"@id\":\"https:\/\/voima.fi\/hairikot\/artikkeli\/oispa-visvaa\/#breadcrumb\",\"itemListElement\":[{\"@type\":\"ListItem\",\"position\":1,\"name\":\"Home\",\"item\":\"https:\/\/voima.fi\/hairikot\/\"},{\"@type\":\"ListItem\",\"position\":2,\"name\":\"Oispa visvaa\"}]},{\"@type\":\"WebSite\",\"@id\":\"https:\/\/voima.fi\/hairikot\/#website\",\"url\":\"https:\/\/voima.fi\/hairikot\/\",\"name\":\"H\u00e4irik\u00f6t-p\u00e4\u00e4maja\",\"description\":\"\",\"potentialAction\":[{\"@type\":\"SearchAction\",\"target\":{\"@type\":\"EntryPoint\",\"urlTemplate\":\"https:\/\/voima.fi\/hairikot\/?s={search_term_string}\"},\"query-input\":\"required name=search_term_string\"}],\"inLanguage\":\"fi\"},{\"@type\":\"Person\",\"@id\":\"https:\/\/voima.fi\/hairikot\/#\/schema\/person\/523ff68c19f1381d78529f38bb76e7fe\",\"name\":\"Jari Tamminen\",\"image\":{\"@type\":\"ImageObject\",\"inLanguage\":\"fi\",\"@id\":\"https:\/\/voima.fi\/hairikot\/#\/schema\/person\/image\/\",\"url\":\"https:\/\/secure.gravatar.com\/avatar\/e5c0bb16f2efc1924afe37fc190f8ce1?s=96&d=blank&r=g\",\"contentUrl\":\"https:\/\/secure.gravatar.com\/avatar\/e5c0bb16f2efc1924afe37fc190f8ce1?s=96&d=blank&r=g\",\"caption\":\"Jari Tamminen\"},\"description\":\"Kulttuurih\u00e4irint\u00e4 on taiteen ja aktivismin j\u00e4nnitt\u00e4v\u00e4\u00e4 lomittumista: odottamaton performanssi katuvilin\u00e4ss\u00e4, vallattuja mainostauluja ja mainosparodioita. Se on k\u00e4site, joka yhdist\u00e4\u00e4 yhteiskunnallista kommentaaria ja luovaa vastarintaa. T\u00e4ss\u00e4 blogissa Voiman Jari Tamminen hahmottaa maailmaa kulttuurih\u00e4irinn\u00e4n n\u00e4k\u00f6kulmasta. Lis\u00e4\u00e4 Tammisen huomioita kulttuurih\u00e4irinn\u00e4st\u00e4 voi lukea Voimasta, H\u00e4irik\u00f6t \u2013 Kulttuurih\u00e4irinn\u00e4n aakkoset -kirjasta ja p\u00e4ivitt\u00e4in osoitteesta www.facebook.com\/hairikot.\",\"sameAs\":[\"http:\/\/www.facebook.com\/hairikot\"],\"url\":\"https:\/\/voima.fi\/hairikot\/artikkeli\/author\/hairikko\/\"}]}<\/script>\n<!-- \/ Yoast SEO plugin. -->","yoast_head_json":{"title":"Oispa visvaa - H\u00e4irik\u00f6t-p\u00e4\u00e4maja","robots":{"index":"index","follow":"follow","max-snippet":"max-snippet:-1","max-image-preview":"max-image-preview:large","max-video-preview":"max-video-preview:-1"},"canonical":"https:\/\/voima.fi\/hairikot\/artikkeli\/oispa-visvaa\/","og_locale":"fi_FI","og_type":"article","og_title":"Oispa visvaa - H\u00e4irik\u00f6t-p\u00e4\u00e4maja","og_description":"Mikko Kivinen n\u00e4yttelee kulinaristia ja mainostaa lihaa.","og_url":"https:\/\/voima.fi\/hairikot\/artikkeli\/oispa-visvaa\/","og_site_name":"H\u00e4irik\u00f6t-p\u00e4\u00e4maja","article_published_time":"2016-11-23T22:00:00+00:00","article_modified_time":"2020-08-10T11:02:18+00:00","og_image":[{"width":566,"height":317,"url":"https:\/\/voima.fi\/hairikot\/wp-content\/uploads\/sites\/9\/2020\/04\/Oispa-visvaa-meemi.png","type":"image\/png"}],"author":"Jari Tamminen","twitter_card":"summary_large_image","twitter_misc":{"Kirjoittanut":"Jari Tamminen","Arvioitu lukuaika":"3 minuuttia"},"schema":{"@context":"https:\/\/schema.org","@graph":[{"@type":"WebPage","@id":"https:\/\/voima.fi\/hairikot\/artikkeli\/oispa-visvaa\/","url":"https:\/\/voima.fi\/hairikot\/artikkeli\/oispa-visvaa\/","name":"Oispa visvaa - H\u00e4irik\u00f6t-p\u00e4\u00e4maja","isPartOf":{"@id":"https:\/\/voima.fi\/hairikot\/#website"},"primaryImageOfPage":{"@id":"https:\/\/voima.fi\/hairikot\/artikkeli\/oispa-visvaa\/#primaryimage"},"image":{"@id":"https:\/\/voima.fi\/hairikot\/artikkeli\/oispa-visvaa\/#primaryimage"},"thumbnailUrl":"https:\/\/voima.fi\/hairikot\/wp-content\/uploads\/sites\/9\/2020\/04\/Oispa-visvaa-meemi.png","datePublished":"2016-11-23T22:00:00+00:00","dateModified":"2020-08-10T11:02:18+00:00","author":{"@id":"https:\/\/voima.fi\/hairikot\/#\/schema\/person\/523ff68c19f1381d78529f38bb76e7fe"},"breadcrumb":{"@id":"https:\/\/voima.fi\/hairikot\/artikkeli\/oispa-visvaa\/#breadcrumb"},"inLanguage":"fi","potentialAction":[{"@type":"ReadAction","target":["https:\/\/voima.fi\/hairikot\/artikkeli\/oispa-visvaa\/"]}]},{"@type":"ImageObject","inLanguage":"fi","@id":"https:\/\/voima.fi\/hairikot\/artikkeli\/oispa-visvaa\/#primaryimage","url":"https:\/\/voima.fi\/hairikot\/wp-content\/uploads\/sites\/9\/2020\/04\/Oispa-visvaa-meemi.png","contentUrl":"https:\/\/voima.fi\/hairikot\/wp-content\/uploads\/sites\/9\/2020\/04\/Oispa-visvaa-meemi.png","width":566,"height":317,"caption":"What vegans eat."},{"@type":"BreadcrumbList","@id":"https:\/\/voima.fi\/hairikot\/artikkeli\/oispa-visvaa\/#breadcrumb","itemListElement":[{"@type":"ListItem","position":1,"name":"Home","item":"https:\/\/voima.fi\/hairikot\/"},{"@type":"ListItem","position":2,"name":"Oispa visvaa"}]},{"@type":"WebSite","@id":"https:\/\/voima.fi\/hairikot\/#website","url":"https:\/\/voima.fi\/hairikot\/","name":"H\u00e4irik\u00f6t-p\u00e4\u00e4maja","description":"","potentialAction":[{"@type":"SearchAction","target":{"@type":"EntryPoint","urlTemplate":"https:\/\/voima.fi\/hairikot\/?s={search_term_string}"},"query-input":"required name=search_term_string"}],"inLanguage":"fi"},{"@type":"Person","@id":"https:\/\/voima.fi\/hairikot\/#\/schema\/person\/523ff68c19f1381d78529f38bb76e7fe","name":"Jari Tamminen","image":{"@type":"ImageObject","inLanguage":"fi","@id":"https:\/\/voima.fi\/hairikot\/#\/schema\/person\/image\/","url":"https:\/\/secure.gravatar.com\/avatar\/e5c0bb16f2efc1924afe37fc190f8ce1?s=96&d=blank&r=g","contentUrl":"https:\/\/secure.gravatar.com\/avatar\/e5c0bb16f2efc1924afe37fc190f8ce1?s=96&d=blank&r=g","caption":"Jari Tamminen"},"description":"Kulttuurih\u00e4irint\u00e4 on taiteen ja aktivismin j\u00e4nnitt\u00e4v\u00e4\u00e4 lomittumista: odottamaton performanssi katuvilin\u00e4ss\u00e4, vallattuja mainostauluja ja mainosparodioita. Se on k\u00e4site, joka yhdist\u00e4\u00e4 yhteiskunnallista kommentaaria ja luovaa vastarintaa. T\u00e4ss\u00e4 blogissa Voiman Jari Tamminen hahmottaa maailmaa kulttuurih\u00e4irinn\u00e4n n\u00e4k\u00f6kulmasta. Lis\u00e4\u00e4 Tammisen huomioita kulttuurih\u00e4irinn\u00e4st\u00e4 voi lukea Voimasta, H\u00e4irik\u00f6t \u2013 Kulttuurih\u00e4irinn\u00e4n aakkoset -kirjasta ja p\u00e4ivitt\u00e4in osoitteesta www.facebook.com\/hairikot.","sameAs":["http:\/\/www.facebook.com\/hairikot"],"url":"https:\/\/voima.fi\/hairikot\/artikkeli\/author\/hairikko\/"}]}},"enclosure":{"image":"https:\/\/voima.fi\/hairikot\/wp-content\/uploads\/sites\/9\/2020\/04\/Oispa-visvaa-meemi.png"},"meta:avatar":"","geolocation":[],"meta:youtube":null,"meta:vimeo":null,"meta:duration":null,"_links":{"self":[{"href":"https:\/\/voima.fi\/hairikot\/wp-json\/wp\/v2\/posts\/17579"}],"collection":[{"href":"https:\/\/voima.fi\/hairikot\/wp-json\/wp\/v2\/posts"}],"about":[{"href":"https:\/\/voima.fi\/hairikot\/wp-json\/wp\/v2\/types\/post"}],"author":[{"embeddable":true,"href":"https:\/\/voima.fi\/hairikot\/wp-json\/wp\/v2\/users\/122"}],"replies":[{"embeddable":true,"href":"https:\/\/voima.fi\/hairikot\/wp-json\/wp\/v2\/comments?post=17579"}],"version-history":[{"count":1,"href":"https:\/\/voima.fi\/hairikot\/wp-json\/wp\/v2\/posts\/17579\/revisions"}],"predecessor-version":[{"id":18326,"href":"https:\/\/voima.fi\/hairikot\/wp-json\/wp\/v2\/posts\/17579\/revisions\/18326"}],"wp:featuredmedia":[{"embeddable":true,"href":"https:\/\/voima.fi\/hairikot\/wp-json\/wp\/v2\/media\/15006"}],"wp:attachment":[{"href":"https:\/\/voima.fi\/hairikot\/wp-json\/wp\/v2\/media?parent=17579"}],"wp:term":[{"taxonomy":"category","embeddable":true,"href":"https:\/\/voima.fi\/hairikot\/wp-json\/wp\/v2\/categories?post=17579"},{"taxonomy":"post_tag","embeddable":true,"href":"https:\/\/voima.fi\/hairikot\/wp-json\/wp\/v2\/tags?post=17579"}],"curies":[{"name":"wp","href":"https:\/\/api.w.org\/{rel}","templated":true}]}}