{"id":17568,"date":"2016-10-03T00:00:00","date_gmt":"2016-10-02T21:00:00","guid":{"rendered":"http:\/\/voima.fi\/hairikot\/blogi\/yritysvastuusta-yritysten-vastuuseen"},"modified":"2020-08-10T14:02:19","modified_gmt":"2020-08-10T11:02:19","slug":"yritysvastuusta-yritysten-vastuuseen","status":"publish","type":"post","link":"https:\/\/voima.fi\/hairikot\/artikkeli\/yritysvastuusta-yritysten-vastuuseen\/","title":{"rendered":"Yritysvastuusta yritysten vastuuseen"},"content":{"rendered":"<p class=\"p1\"><em>Yritysviestint\u00e4 on mielikuvien hallintaa ja vastuullisuudesta viestiess\u00e4\u00e4n yritykset valitsevat tarkasti mit\u00e4 kertovat ja mit\u00e4 j\u00e4tt\u00e4v\u00e4t kertomatta. Tarvitaan my\u00f6s ulkopuolisia vahtikoiria.<\/em><\/p>\n<p class=\"p1\"><strong>Yritysvastuu on<\/strong> k\u00e4site, joka on nykyisin jonkinlainen itsest\u00e4\u00e4nselvyys k\u00e4yt\u00e4nn\u00f6ss\u00e4 miss\u00e4 tahansa yrityksess\u00e4 \u2013 ainakin mit\u00e4 julkisuuskuvaan tulee. Yritysskandaalit ja vastuuton yritystoiminta yleisemmin ovat kuitenkin olleet jatkuvasti uutisotsikoissa.<\/p>\n<p class=\"p1\">Olemme muun muassa saaneet lukea, kuinka kaivos on muuttanut j\u00e4rvi\u00e4 meriksi, autonvalmistaja on huijannut kaikkia moottoreidensa hiukkasp\u00e4\u00e4st\u00f6ist\u00e4 ja kuinka k\u00e4nnyk\u00f6iden valmistuksessa k\u00e4ytetyt arvometallit on kaivettu orjaty\u00f6voimalla.<\/p>\n<figure id=\"attachment_12069\" aria-describedby=\"caption-attachment-12069\" style=\"width: 1361px\" class=\"wp-caption alignnone\"><img decoding=\"async\" class=\"size-full wp-image-12069\" src=\"https:\/\/voima.fi\/hairikot\/wp-content\/uploads\/sites\/9\/2020\/04\/Honest-vastis.jpg\" alt=\"K\u00e4nnyk\u00f6iden valmistuksessa tarvittavia mineraleja kaivetaan usein olosuhteissa, jotka eiv\u00e4t t\u00e4yt\u00e4 mit\u00e4\u00e4n minimivaatimuksia ty\u00f6olosuhteiden tai ty\u00f6ntekij\u00f6iden oikeuden puolesta. Elektroniikkavalmistajat ovat kuitenkin erist\u00e4neet itsens\u00e4 n\u00e4ist\u00e4 ongelmista verrattoman tehokkaasti ja myyv\u00e4t kuluttajille kiilt\u00e4v\u00e4\u00e4 ja siloista pintaa menestyneid\u00e4n ja kauniiden ihmisten poseeratessa mainoksissa.\" width=\"1361\" height=\"2000\" \/><figcaption id=\"caption-attachment-12069\" class=\"wp-caption-text\">K\u00e4nnyk\u00f6iden valmistuksessa tarvittavia mineraleja <a href=\"http:\/\/uusi.voima.fi\/blog\/arkisto-voima\/pelasta-ita-kongo-2\/\">kaivetaan usein olosuhteissa<\/a>, jotka eiv\u00e4t t\u00e4yt\u00e4 mit\u00e4\u00e4n minimivaatimuksia ty\u00f6olosuhteiden tai ty\u00f6ntekij\u00f6iden oikeuksien puolesta. Elektroniikkavalmistajat ovat kuitenkin erist\u00e4neet itsens\u00e4 n\u00e4ist\u00e4 ongelmista verrattoman tehokkaasti ja myyv\u00e4t kuluttajille kiilt\u00e4v\u00e4\u00e4 ja siloista pintaa menestyneiden ja kauniiden ihmisten poseeratessa mainoksissa.<\/figcaption><\/figure>\n<p class=\"p1\"><strong>Suurliiketoiminnan nykyhenke\u00e4<\/strong> kuvastavana tapauksena voidaan nostaa tapetille vaikkapa Apple, jonka toimitusketjun kiinte\u00e4n\u00e4 osana toimivan kiinalaisen laitevalmistajan Foxconnin Shenzhenin tehtaan ty\u00f6olot johtivat k\u00e4rjistytty\u00e4\u00e4n kahdeksantoista ty\u00f6ntekij\u00e4n itsemurhayritykseen. T\u00e4h\u00e4n Foxconn reagoi nopeasti muun muassa asentamalla turvaverkot tehdasrakennusten kattojen tuntumaan, jottei hypp\u00e4\u00e4minen en\u00e4\u00e4 johtaisikaan kuolemaan.<\/p>\n<p class=\"p1\">Samaan aikaan Apple kertoo nettisivuillaan koreita tarinoita hankintaketjunsa vastuullisuudesta. N\u00e4m\u00e4 eiv\u00e4t suinkaan useimmissa tapauksissa ole valheita, vaan kuten <a href=\"http:\/\/org.sagepub.com\/content\/22\/6\/872.short\" class=\"external\" rel=\"nofollow\">vertaisarvioiduissa tutkimuksissa on havaittu<\/a>, pikemminkin osa er\u00e4\u00e4nlaista l\u00e4pin\u00e4kyvyyden hallintaa. Firma antaa mielikuvan l\u00e4pin\u00e4kyvyydest\u00e4, mutta todellisuudessa linssi n\u00e4ytt\u00e4\u00e4 ainoastaan julkisuusarvoltaan positiivista toimintaa, kun taas n\u00e4kyvyys ongelmallisiin konteksteihin j\u00e4tet\u00e4\u00e4n vahtikoiraorganisaatioiden teht\u00e4v\u00e4ksi.<\/p>\n<p class=\"p1\">Esimerkiksi kansalaisj\u00e4rjest\u00f6 <a href=\"http:\/\/uusi.voima.fi\/blog\/arkisto-voima\/talouden-pystykorva\/\">Finnwatchin<\/a> esiinnostamiin ep\u00e4kohtiin palmu\u00f6ljytuotannossa Neste on reagoinut vuosien ajan positiivisesti. Tosin eduskinta j\u00e4\u00e4dytti hiljattain hallituksen esityksest\u00e4 Finnwatchin rahoituksen.<\/p>\n<figure id=\"attachment_12070\" aria-describedby=\"caption-attachment-12070\" style=\"width: 1377px\" class=\"wp-caption alignnone\"><img decoding=\"async\" class=\"size-full wp-image-12070\" src=\"https:\/\/voima.fi\/hairikot\/wp-content\/uploads\/sites\/9\/2020\/04\/honest-vastis2.jpg\" alt=\"Esimerkiksi Eettisen kaupan puolesta ry. on tehnyt selvityksi\u00e4 suomalaisten elektroniikkaj\u00e4tteen kohtalosta. &quot;Eettisen kaupan puolesta ry:n Kaukainen kaatopaikka -selvityksen (2013) mukaan elektroniikkaj\u00e4tett\u00e4 vied\u00e4\u00e4n Suomesta kehitysmaihin kierr\u00e4tett\u00e4v\u00e4ksi ihmisille ja ymp\u00e4rist\u00f6lle haitallisin tavoin. Suomessa e-j\u00e4tett\u00e4 syntyy arviolta 90 000 \u2013 106 000 tonnia vuodessa.&quot;\" width=\"1377\" height=\"2000\" \/><figcaption id=\"caption-attachment-12070\" class=\"wp-caption-text\">Esimerkiksi Eettisen kaupan puolesta ry. <a href=\"http:\/\/www.eetti.fi\/kaukainenkaatopaikka\" class=\"external\" rel=\"nofollow\">on tehnyt selvityksi\u00e4<\/a> suomalaisten elektroniikkaj\u00e4tteen kohtalosta:\u00a0&#8221;Eettisen kaupan puolesta ry:n Kaukainen kaatopaikka -selvityksen (2013) mukaan elektroniikkaj\u00e4tett\u00e4 vied\u00e4\u00e4n Suomesta kehitysmaihin kierr\u00e4tett\u00e4v\u00e4ksi ihmisille ja ymp\u00e4rist\u00f6lle haitallisin tavoin. Suomessa e-j\u00e4tett\u00e4 syntyy arviolta 90 000 \u2013 106 000 tonnia vuodessa.&#8221;<\/figcaption><\/figure>\n<p class=\"p1\"><strong>Yrityksiss\u00e4 ollaan<\/strong> keskim\u00e4\u00e4rin eritt\u00e4in taitavia mielikuvien hallinnassa niin lyhyell\u00e4 kuin pitk\u00e4ll\u00e4kin t\u00e4ht\u00e4imell\u00e4. Tavallisesti t\u00e4m\u00e4 tapahtuu juuri yritysvastuunarratiivien kautta. Yritysvastuussa ei ole sijaa vastuuttomuudelle, eik\u00e4 yritysvastuu vastaa vastuuttomuuteen liittyviin ongelmiin. Yritysvastuukeskustelusta olisikin korkea aika siirty\u00e4 painottamaan vastuuttoman yritystoiminnan kitkemist\u00e4 ja ehk\u00e4isemist\u00e4 (<a href=\"http:\/\/www.tandfonline.com\/doi\/abs\/10.1080\/19416521003654186; http:\/\/amr.aom.org\/content\/37\/2\/300.short; http:\/\/amr.aom.org\/content\/early\/2015\/09\/08\/amr.2014.0208.shor\" class=\"external\" rel=\"nofollow\">kuten akateemisen johtamistutkimuksen valtavirrassa on tehtykin<\/a>.)<\/p>\n<p class=\"p1\">Yritysvastuusta ei ole vastaukseksi ongelmiin.\u00a0Apple on vain yksi esimerkki siit\u00e4, ettei kuluttajiakaan kiinnosta riitt\u00e4v\u00e4sti.<\/p>\n<p class=\"p1\">Ehk\u00e4 pit\u00e4isikin k\u00e4\u00e4nt\u00e4\u00e4 katse j\u00e4lleen kerran vastuuttomaan yritystoimintaan liittyv\u00e4\u00e4n lains\u00e4\u00e4d\u00e4nt\u00f6\u00f6n ja j\u00e4tt\u00e4\u00e4 vapaaehtoinen yritysvastuu sille sopivaan arvoon. Lains\u00e4\u00e4d\u00e4nn\u00f6ll\u00e4 on kuitenkin tutkitusti vapaaehtoista yritysvastuuta merkitt\u00e4v\u00e4mpi vaikutus esimerkiksi yritysten p\u00e4\u00e4st\u00f6jen hillitsemisess\u00e4.<\/p>\n<p class=\"p1\"><strong><i>Kirjoittaja v\u00e4itteli Aalto-yliopiston kauppakorkeakoulussa vastuuttoman yritystoiminnan kollektiivisesta muistamisesta ja unohtamisesta ja jatkaa nykyisin kyseisen teeman parissa Marie Curie -stipendiaattina Cass Business Schoolissa Lontoossa.<\/i><\/strong><\/p>\n","protected":false},"excerpt":{"rendered":"<p>Yritysviestint\u00e4 on mielikuvien hallintaa ja vastuullisuudesta viestiess\u00e4\u00e4n yritykset valitsevat tarkasti mit\u00e4 kertovat ja mit\u00e4 j\u00e4tt\u00e4v\u00e4t kertomatta. Tarvitaan my\u00f6s ulkopuolisia vahtikoiria.<\/p>\n","protected":false},"author":701,"featured_media":14992,"comment_status":"open","ping_status":"open","sticky":false,"template":"","format":"standard","meta":{"footnotes":""},"categories":[5],"tags":[24,748,751,760,764,1260,2775,2937],"yoast_head":"<!-- This site is optimized with the Yoast SEO plugin v22.7 - https:\/\/yoast.com\/wordpress\/plugins\/seo\/ -->\n<title>Yritysvastuusta yritysten vastuuseen - H\u00e4irik\u00f6t-p\u00e4\u00e4maja<\/title>\n<meta name=\"robots\" content=\"index, follow, max-snippet:-1, max-image-preview:large, max-video-preview:-1\" \/>\n<link rel=\"canonical\" href=\"https:\/\/voima.fi\/hairikot\/artikkeli\/yritysvastuusta-yritysten-vastuuseen\/\" \/>\n<meta property=\"og:locale\" content=\"fi_FI\" \/>\n<meta property=\"og:type\" content=\"article\" \/>\n<meta property=\"og:title\" content=\"Yritysvastuusta yritysten vastuuseen - H\u00e4irik\u00f6t-p\u00e4\u00e4maja\" \/>\n<meta property=\"og:description\" content=\"Yritysviestint\u00e4 on mielikuvien hallintaa ja vastuullisuudesta viestiess\u00e4\u00e4n yritykset valitsevat tarkasti mit\u00e4 kertovat ja mit\u00e4 j\u00e4tt\u00e4v\u00e4t kertomatta. Tarvitaan my\u00f6s ulkopuolisia vahtikoiria.\" \/>\n<meta property=\"og:url\" content=\"https:\/\/voima.fi\/hairikot\/artikkeli\/yritysvastuusta-yritysten-vastuuseen\/\" \/>\n<meta property=\"og:site_name\" content=\"H\u00e4irik\u00f6t-p\u00e4\u00e4maja\" \/>\n<meta property=\"article:published_time\" content=\"2016-10-02T21:00:00+00:00\" \/>\n<meta property=\"article:modified_time\" content=\"2020-08-10T11:02:19+00:00\" \/>\n<meta property=\"og:image\" content=\"https:\/\/voima.fi\/hairikot\/wp-content\/uploads\/sites\/9\/2020\/04\/Huaweit.png\" \/>\n\t<meta property=\"og:image:width\" content=\"1275\" \/>\n\t<meta property=\"og:image:height\" content=\"932\" \/>\n\t<meta property=\"og:image:type\" content=\"image\/png\" \/>\n<meta name=\"author\" content=\"Jukka Rintamaki\" \/>\n<meta name=\"twitter:card\" content=\"summary_large_image\" \/>\n<meta name=\"twitter:label1\" content=\"Kirjoittanut\" \/>\n\t<meta name=\"twitter:data1\" content=\"Jukka Rintamaki\" \/>\n\t<meta name=\"twitter:label2\" content=\"Arvioitu lukuaika\" \/>\n\t<meta name=\"twitter:data2\" content=\"2 minuuttia\" \/>\n<script type=\"application\/ld+json\" class=\"yoast-schema-graph\">{\"@context\":\"https:\/\/schema.org\",\"@graph\":[{\"@type\":\"WebPage\",\"@id\":\"https:\/\/voima.fi\/hairikot\/artikkeli\/yritysvastuusta-yritysten-vastuuseen\/\",\"url\":\"https:\/\/voima.fi\/hairikot\/artikkeli\/yritysvastuusta-yritysten-vastuuseen\/\",\"name\":\"Yritysvastuusta yritysten vastuuseen - H\u00e4irik\u00f6t-p\u00e4\u00e4maja\",\"isPartOf\":{\"@id\":\"https:\/\/voima.fi\/hairikot\/#website\"},\"primaryImageOfPage\":{\"@id\":\"https:\/\/voima.fi\/hairikot\/artikkeli\/yritysvastuusta-yritysten-vastuuseen\/#primaryimage\"},\"image\":{\"@id\":\"https:\/\/voima.fi\/hairikot\/artikkeli\/yritysvastuusta-yritysten-vastuuseen\/#primaryimage\"},\"thumbnailUrl\":\"https:\/\/voima.fi\/hairikot\/wp-content\/uploads\/sites\/9\/2020\/04\/Huaweit.png\",\"datePublished\":\"2016-10-02T21:00:00+00:00\",\"dateModified\":\"2020-08-10T11:02:19+00:00\",\"author\":{\"@id\":\"https:\/\/voima.fi\/hairikot\/#\/schema\/person\/c5d91c3d8987956f3199b10c250a9f49\"},\"breadcrumb\":{\"@id\":\"https:\/\/voima.fi\/hairikot\/artikkeli\/yritysvastuusta-yritysten-vastuuseen\/#breadcrumb\"},\"inLanguage\":\"fi\",\"potentialAction\":[{\"@type\":\"ReadAction\",\"target\":[\"https:\/\/voima.fi\/hairikot\/artikkeli\/yritysvastuusta-yritysten-vastuuseen\/\"]}]},{\"@type\":\"ImageObject\",\"inLanguage\":\"fi\",\"@id\":\"https:\/\/voima.fi\/hairikot\/artikkeli\/yritysvastuusta-yritysten-vastuuseen\/#primaryimage\",\"url\":\"https:\/\/voima.fi\/hairikot\/wp-content\/uploads\/sites\/9\/2020\/04\/Huaweit.png\",\"contentUrl\":\"https:\/\/voima.fi\/hairikot\/wp-content\/uploads\/sites\/9\/2020\/04\/Huaweit.png\",\"width\":1275,\"height\":932},{\"@type\":\"BreadcrumbList\",\"@id\":\"https:\/\/voima.fi\/hairikot\/artikkeli\/yritysvastuusta-yritysten-vastuuseen\/#breadcrumb\",\"itemListElement\":[{\"@type\":\"ListItem\",\"position\":1,\"name\":\"Home\",\"item\":\"https:\/\/voima.fi\/hairikot\/\"},{\"@type\":\"ListItem\",\"position\":2,\"name\":\"Yritysvastuusta yritysten vastuuseen\"}]},{\"@type\":\"WebSite\",\"@id\":\"https:\/\/voima.fi\/hairikot\/#website\",\"url\":\"https:\/\/voima.fi\/hairikot\/\",\"name\":\"H\u00e4irik\u00f6t-p\u00e4\u00e4maja\",\"description\":\"\",\"potentialAction\":[{\"@type\":\"SearchAction\",\"target\":{\"@type\":\"EntryPoint\",\"urlTemplate\":\"https:\/\/voima.fi\/hairikot\/?s={search_term_string}\"},\"query-input\":\"required name=search_term_string\"}],\"inLanguage\":\"fi\"},{\"@type\":\"Person\",\"@id\":\"https:\/\/voima.fi\/hairikot\/#\/schema\/person\/c5d91c3d8987956f3199b10c250a9f49\",\"name\":\"Jukka Rintamaki\",\"image\":{\"@type\":\"ImageObject\",\"inLanguage\":\"fi\",\"@id\":\"https:\/\/voima.fi\/hairikot\/#\/schema\/person\/image\/\",\"url\":\"https:\/\/secure.gravatar.com\/avatar\/dd839b2741aeacdf800c369ba400c921?s=96&d=blank&r=g\",\"contentUrl\":\"https:\/\/secure.gravatar.com\/avatar\/dd839b2741aeacdf800c369ba400c921?s=96&d=blank&r=g\",\"caption\":\"Jukka Rintamaki\"},\"url\":\"https:\/\/voima.fi\/hairikot\/artikkeli\/author\/jukka-rintamaki\/\"}]}<\/script>\n<!-- \/ Yoast SEO plugin. -->","yoast_head_json":{"title":"Yritysvastuusta yritysten vastuuseen - H\u00e4irik\u00f6t-p\u00e4\u00e4maja","robots":{"index":"index","follow":"follow","max-snippet":"max-snippet:-1","max-image-preview":"max-image-preview:large","max-video-preview":"max-video-preview:-1"},"canonical":"https:\/\/voima.fi\/hairikot\/artikkeli\/yritysvastuusta-yritysten-vastuuseen\/","og_locale":"fi_FI","og_type":"article","og_title":"Yritysvastuusta yritysten vastuuseen - H\u00e4irik\u00f6t-p\u00e4\u00e4maja","og_description":"Yritysviestint\u00e4 on mielikuvien hallintaa ja vastuullisuudesta viestiess\u00e4\u00e4n yritykset valitsevat tarkasti mit\u00e4 kertovat ja mit\u00e4 j\u00e4tt\u00e4v\u00e4t kertomatta. Tarvitaan my\u00f6s ulkopuolisia vahtikoiria.","og_url":"https:\/\/voima.fi\/hairikot\/artikkeli\/yritysvastuusta-yritysten-vastuuseen\/","og_site_name":"H\u00e4irik\u00f6t-p\u00e4\u00e4maja","article_published_time":"2016-10-02T21:00:00+00:00","article_modified_time":"2020-08-10T11:02:19+00:00","og_image":[{"width":1275,"height":932,"url":"https:\/\/voima.fi\/hairikot\/wp-content\/uploads\/sites\/9\/2020\/04\/Huaweit.png","type":"image\/png"}],"author":"Jukka Rintamaki","twitter_card":"summary_large_image","twitter_misc":{"Kirjoittanut":"Jukka Rintamaki","Arvioitu lukuaika":"2 minuuttia"},"schema":{"@context":"https:\/\/schema.org","@graph":[{"@type":"WebPage","@id":"https:\/\/voima.fi\/hairikot\/artikkeli\/yritysvastuusta-yritysten-vastuuseen\/","url":"https:\/\/voima.fi\/hairikot\/artikkeli\/yritysvastuusta-yritysten-vastuuseen\/","name":"Yritysvastuusta yritysten vastuuseen - H\u00e4irik\u00f6t-p\u00e4\u00e4maja","isPartOf":{"@id":"https:\/\/voima.fi\/hairikot\/#website"},"primaryImageOfPage":{"@id":"https:\/\/voima.fi\/hairikot\/artikkeli\/yritysvastuusta-yritysten-vastuuseen\/#primaryimage"},"image":{"@id":"https:\/\/voima.fi\/hairikot\/artikkeli\/yritysvastuusta-yritysten-vastuuseen\/#primaryimage"},"thumbnailUrl":"https:\/\/voima.fi\/hairikot\/wp-content\/uploads\/sites\/9\/2020\/04\/Huaweit.png","datePublished":"2016-10-02T21:00:00+00:00","dateModified":"2020-08-10T11:02:19+00:00","author":{"@id":"https:\/\/voima.fi\/hairikot\/#\/schema\/person\/c5d91c3d8987956f3199b10c250a9f49"},"breadcrumb":{"@id":"https:\/\/voima.fi\/hairikot\/artikkeli\/yritysvastuusta-yritysten-vastuuseen\/#breadcrumb"},"inLanguage":"fi","potentialAction":[{"@type":"ReadAction","target":["https:\/\/voima.fi\/hairikot\/artikkeli\/yritysvastuusta-yritysten-vastuuseen\/"]}]},{"@type":"ImageObject","inLanguage":"fi","@id":"https:\/\/voima.fi\/hairikot\/artikkeli\/yritysvastuusta-yritysten-vastuuseen\/#primaryimage","url":"https:\/\/voima.fi\/hairikot\/wp-content\/uploads\/sites\/9\/2020\/04\/Huaweit.png","contentUrl":"https:\/\/voima.fi\/hairikot\/wp-content\/uploads\/sites\/9\/2020\/04\/Huaweit.png","width":1275,"height":932},{"@type":"BreadcrumbList","@id":"https:\/\/voima.fi\/hairikot\/artikkeli\/yritysvastuusta-yritysten-vastuuseen\/#breadcrumb","itemListElement":[{"@type":"ListItem","position":1,"name":"Home","item":"https:\/\/voima.fi\/hairikot\/"},{"@type":"ListItem","position":2,"name":"Yritysvastuusta yritysten vastuuseen"}]},{"@type":"WebSite","@id":"https:\/\/voima.fi\/hairikot\/#website","url":"https:\/\/voima.fi\/hairikot\/","name":"H\u00e4irik\u00f6t-p\u00e4\u00e4maja","description":"","potentialAction":[{"@type":"SearchAction","target":{"@type":"EntryPoint","urlTemplate":"https:\/\/voima.fi\/hairikot\/?s={search_term_string}"},"query-input":"required name=search_term_string"}],"inLanguage":"fi"},{"@type":"Person","@id":"https:\/\/voima.fi\/hairikot\/#\/schema\/person\/c5d91c3d8987956f3199b10c250a9f49","name":"Jukka Rintamaki","image":{"@type":"ImageObject","inLanguage":"fi","@id":"https:\/\/voima.fi\/hairikot\/#\/schema\/person\/image\/","url":"https:\/\/secure.gravatar.com\/avatar\/dd839b2741aeacdf800c369ba400c921?s=96&d=blank&r=g","contentUrl":"https:\/\/secure.gravatar.com\/avatar\/dd839b2741aeacdf800c369ba400c921?s=96&d=blank&r=g","caption":"Jukka Rintamaki"},"url":"https:\/\/voima.fi\/hairikot\/artikkeli\/author\/jukka-rintamaki\/"}]}},"enclosure":{"image":"https:\/\/voima.fi\/hairikot\/wp-content\/uploads\/sites\/9\/2020\/04\/Huaweit.png"},"meta:avatar":"","geolocation":[],"meta:youtube":null,"meta:vimeo":null,"meta:duration":null,"_links":{"self":[{"href":"https:\/\/voima.fi\/hairikot\/wp-json\/wp\/v2\/posts\/17568"}],"collection":[{"href":"https:\/\/voima.fi\/hairikot\/wp-json\/wp\/v2\/posts"}],"about":[{"href":"https:\/\/voima.fi\/hairikot\/wp-json\/wp\/v2\/types\/post"}],"author":[{"embeddable":true,"href":"https:\/\/voima.fi\/hairikot\/wp-json\/wp\/v2\/users\/701"}],"replies":[{"embeddable":true,"href":"https:\/\/voima.fi\/hairikot\/wp-json\/wp\/v2\/comments?post=17568"}],"version-history":[{"count":1,"href":"https:\/\/voima.fi\/hairikot\/wp-json\/wp\/v2\/posts\/17568\/revisions"}],"predecessor-version":[{"id":18334,"href":"https:\/\/voima.fi\/hairikot\/wp-json\/wp\/v2\/posts\/17568\/revisions\/18334"}],"wp:featuredmedia":[{"embeddable":true,"href":"https:\/\/voima.fi\/hairikot\/wp-json\/wp\/v2\/media\/14992"}],"wp:attachment":[{"href":"https:\/\/voima.fi\/hairikot\/wp-json\/wp\/v2\/media?parent=17568"}],"wp:term":[{"taxonomy":"category","embeddable":true,"href":"https:\/\/voima.fi\/hairikot\/wp-json\/wp\/v2\/categories?post=17568"},{"taxonomy":"post_tag","embeddable":true,"href":"https:\/\/voima.fi\/hairikot\/wp-json\/wp\/v2\/tags?post=17568"}],"curies":[{"name":"wp","href":"https:\/\/api.w.org\/{rel}","templated":true}]}}