{"id":17566,"date":"2016-09-25T00:00:00","date_gmt":"2016-09-24T21:00:00","guid":{"rendered":"http:\/\/voima.fi\/hairikot\/blogi\/natsit-vittuun"},"modified":"2020-08-10T14:02:19","modified_gmt":"2020-08-10T11:02:19","slug":"natsit-vittuun","status":"publish","type":"post","link":"https:\/\/voima.fi\/hairikot\/artikkeli\/natsit-vittuun\/","title":{"rendered":"Natsit vittuun"},"content":{"rendered":"<p class=\"p1\"><em>Suomessa marssittiin rasismia ja rasisteja hyys\u00e4\u00e4vi\u00e4 vastaan. Yksi presidentti piti puheen ja yhden puolueen edustaja perseili.<\/em><\/p>\n<p class=\"p1\"><b><\/b><span class=\"s1\"><b>Melko tarkalleen<\/b> vuosi sitten poliittista v\u00e4kivaltaa ja terrorismia tutkiva Leena Malkki Helsingin yliopistolta <a href=\"http:\/\/politiikasta.fi\/suomi-ja-poliittinen-vakivalta-kaltevalla-pinnalla\/\" class=\"external\" rel=\"nofollow\">kirjoitti aiheesta<\/a>, joka on t\u00e4n\u00e4\u00e4n mit\u00e4 ajankohtaisin.<\/span><\/p>\n<p class=\"p3\"><span class=\"s2\"><i>\u201d<\/i><\/span><span class=\"s1\"><i>Viime vuosina on alettu kyseenalaistaa, onko Suomi en\u00e4\u00e4 mik\u00e4\u00e4n lintukoto tai pullonpohja. Osaltaan t\u00e4h\u00e4n ovat vaikuttaneet muissa Pohjoismaissa tapahtuneet terroriteot sek\u00e4 Suomessa oleskelevien entist\u00e4 tiiviimmiksi kehittyneet yhteydet jihadistiseen toimintaan.<\/i><\/span><\/p>\n<p class=\"p3\"><span class=\"s1\"><i>Tukholman keskustassa joulukuussa 2010 tehdyn itsemurhaiskuyrityksen j\u00e4lkeen presidentti Tarja Halonen totesi, ett\u00e4 on en\u00e4\u00e4 ajan kysymys, kun Suomessa tapahtuu terrori-isku.\u201d<\/i><\/span><\/p>\n<figure id=\"attachment_12022\" aria-describedby=\"caption-attachment-12022\" style=\"width: 960px\" class=\"wp-caption alignnone\"><img decoding=\"async\" class=\"size-full wp-image-12022\" src=\"https:\/\/voima.fi\/hairikot\/wp-content\/uploads\/sites\/9\/2020\/04\/Tarja-ja-mina.jpg\" alt=\"Tarja Halonen puhui Senaatintorilla parillekymmenelletuhannelle kuulijalle. Olin kuvaamassa ja jouduin itse vahingossa kuviin. Kuva Henri Salonen.\" width=\"960\" height=\"960\" \/><figcaption id=\"caption-attachment-12022\" class=\"wp-caption-text\">Tarja Halonen puhui Senaatintorilla parillekymmenelletuhannelle kuulijalle. Olin kuvaamassa ja jouduin itse vahingossa kuviin. Kuva Henri Salonen.<\/figcaption><\/figure>\n<p class=\"p3\"><strong>On vaikea<\/strong> n\u00e4hd\u00e4 rasismin ja v\u00e4kivallan nimeen vannovan, kansallissosialistisen Suomen vastarintaliikkeen tilaisuuden\u00a0yhteydess\u00e4 tapahtunutta poliittisesti motivoitunutta henkirikosta muuna kuin terrorismina. Varsinkin kun kyseess\u00e4 ei ole ensimm\u00e4inen kerta, kun ko. j\u00e4rjest\u00f6n j\u00e4senet rehaavat \u2013 porukalla on <a href=\"https:\/\/fi.wikipedia.org\/wiki\/Suomen_vastarintaliike#V.C3.A4kivallanteot\" class=\"external\" rel=\"nofollow\">kontollaan kaasuiskuja, puukotusta sun muuta<\/a>.<\/p>\n<p class=\"p3\">Poliittisesta v\u00e4kivallasta on kuitenkin melko turha puhua ilman, ett\u00e4 mietit\u00e4\u00e4n syit\u00e4 siihen. Yksi Malkin esitt\u00e4mist\u00e4 syist\u00e4 poliittiselle v\u00e4kivallalle j\u00e4i erityisesti py\u00f6rim\u00e4\u00e4n p\u00e4\u00e4h\u00e4n.<\/p>\n<p class=\"p3\"><span class=\"s2\"><i>\u201d<\/i><\/span><span class=\"s1\"><i>Taloudellinen eriarvoisuus on Suomessa lis\u00e4\u00e4ntym\u00e4ss\u00e4 ja Suomen talousn\u00e4kymi\u00e4 pidet\u00e4\u00e4n huonoina. Poliittinen v\u00e4kivalta ei vaikuta korreloivan suoraan tilastollisesti mitattavissa olevan eriarvoisuuden vakavuuden tai esimerkiksi bruttokansantuotteen kanssa, vaan paljon merkitt\u00e4v\u00e4mp\u00e4\u00e4 on kokemus ep\u00e4oikeudenmukaisuudesta ja erityisesti tilanteen muuttuminen siten, ett\u00e4 se synnytt\u00e4\u00e4 kokemuksen ep\u00e4oikeudenmukaisuuden pahentumisesta.\u201d<\/i><\/span><\/p>\n<p class=\"p1\"><span class=\"s1\">Perusporvarihallitus ei ole tuloeroja tasannut ja eriarvoisuus porskuttaa ja voi Suomessa hyvin vuonna 2016. T\u00e4t\u00e4 vasten on jotenkin irvokasta, ett\u00e4 maamme hallituksen ministereit\u00e4 oli mukana eilisess\u00e4 mielenosoituksessa. Mielenosoitukset ovat perinteisesti olleet viestint\u00e4kanava niille, joilla ei yksin ole valtaa. Ministereill\u00e4 jos keill\u00e4 sit\u00e4 valtaa piisaa.<\/span><\/p>\n<p class=\"p1\"><span class=\"s1\">Huomion arvoista on my\u00f6s se, ett\u00e4 Peli poikki -mielenosoitus <a href=\"https:\/\/www.facebook.com\/events\/708050872692504\/\" class=\"external\" rel=\"nofollow\">ei ollut kohdistunut<\/a> ainoastaan\u00a0niit\u00e4 muutamaa kymment\u00e4 vastarintaliikkeen natsia tai satunnaisia Rajat kiinni- ja Suomi ensi -vastaan.\u00a0<\/span><span class=\"s3\">\u201d<\/span><span class=\"s1\">Poliitikkojen hiljaisuus on tarjonnut rasismin ja uusnatsiliikkeen kasvulle otollisen maaper\u00e4n. On aika rikkoa hiljaisuus ja tehd\u00e4 selv\u00e4ksi, ett\u00e4 j\u00e4rjest\u00e4ytyneelle rasismille ei ole Suomessa sijaa!\u201d, tapahtuman Facebook -sivulla kirjoitetaan. Ja siell\u00e4 te ministerit vaan otitte selfieit\u00e4 \u2013 tekisitte mieluummin ty\u00f6nne kunnolla.<\/span><\/p>\n<figure id=\"attachment_12023\" aria-describedby=\"caption-attachment-12023\" style=\"width: 2750px\" class=\"wp-caption alignnone\"><img decoding=\"async\" class=\"size-full wp-image-12023\" src=\"https:\/\/voima.fi\/hairikot\/wp-content\/uploads\/sites\/9\/2020\/04\/Pale-ja-pellet-rajattu-scaled.jpg\" alt=\"Palefacen ja Loldiers of Odinin yhteisesiintymiset jatkuivat Peli poikki -miekkarissa. H\u00e4irik\u00f6iden Spektaakkeligaalassa ensi esityksens\u00e4 saanut Emme suostu pelk\u00e4\u00e4m\u00e4\u00e4n (Loldiers Anthem) raikasi ja pellet, no, pelleiliv\u00e4t. N\u00e4m\u00e4 pelleille taannoin lahjoittamani PACE-liput ovat muuten l\u00f6yt\u00e4neet hyv\u00e4n kodin itselleen.\" width=\"2750\" height=\"2006\" \/><figcaption id=\"caption-attachment-12023\" class=\"wp-caption-text\">Palefacen ja Loldiers of Odinin yhteisesiintymiset jatkuivat Peli poikki -miekkarissa. H\u00e4irik\u00f6iden Spektaakkeligaalassa ensi esityksens\u00e4 saanut Emme suostu pelk\u00e4\u00e4m\u00e4\u00e4n (Loldiers Anthem) raikasi ja pellet, no, pelleiliv\u00e4t.\u00a0N\u00e4m\u00e4 pelleille taannoin lahjoittamani PACE-liput ovat muuten l\u00f6yt\u00e4neet hyv\u00e4n kodin itselleen.<\/figcaption><\/figure>\n<p class=\"p1\"><strong>Presidentti Halosen<\/strong> pidetty\u00e4 puheensa Tuomiokirkon portailla Loldiers of Odinit kertoivat h\u00e4nelle vitsi. Se kuuluu seuraavasti:<\/p>\n<p>Kysymys: Kuinka monta natsia tarvitaan hehkulampun vaihtamiseen?<br \/>\nVastaus: Ei yht\u00e4\u00e4n. Natseja ei tarvita yht\u00e4\u00e4n mihink\u00e4\u00e4n.<\/p>\n<p>Eduskunnassa on muuten yksi puolue, <a href=\"http:\/\/kuntalehti.fi\/kuntauutiset\/sivistys\/yksi-puolue-edellyta-rasismin-vastaisuutta-kuntavaaliehdokkailtaan\/\" class=\"external\" rel=\"nofollow\">joka ei edellyt\u00e4<\/a>\u00a0ehdokkailtaan sitoutumista rasismin vastaisuuteen. Se puolue istuu hallituksessa. Sen lis\u00e4ksi, ett\u00e4 Perussuomalaiset eiv\u00e4t ole saaneet miss\u00e4\u00e4n vaiheessa harjattua rasistisia edustajiaan, niin muut hallituspuolueet eiv\u00e4t ole t\u00e4ss\u00e4 suurempaa ongelmaa n\u00e4hneet.<\/p>\n<p class=\"p1\"><span class=\"s1\">Mik\u00e4li esimerkiksi p\u00e4\u00e4ministeri Sipil\u00e4 oikeasti olisi huolissaan rasismista, niin h\u00e4nell\u00e4 kyll\u00e4 olisi keinot puuttua siihen. <\/span><\/p>\n<figure id=\"attachment_12024\" aria-describedby=\"caption-attachment-12024\" style=\"width: 2945px\" class=\"wp-caption alignnone\"><img decoding=\"async\" class=\"size-full wp-image-12024\" src=\"https:\/\/voima.fi\/hairikot\/wp-content\/uploads\/sites\/9\/2016\/09\/A-ka-inen-kissa-ja-natsit-vittuun-kopio-scaled.jpg\" alt=\"Itse olen useimmiten samaa mielt\u00e4 \u00e4k\u00e4isen kissan kanssa. Niin my\u00f6s t\u00e4ll\u00e4 kertaa.\" width=\"2945\" height=\"1434\" srcset=\"https:\/\/voima.fi\/hairikot\/wp-content\/uploads\/sites\/9\/2016\/09\/A-ka-inen-kissa-ja-natsit-vittuun-kopio-scaled.jpg 2560w, https:\/\/voima.fi\/hairikot\/wp-content\/uploads\/sites\/9\/2016\/09\/A-ka-inen-kissa-ja-natsit-vittuun-kopio-600x292.jpg 600w, https:\/\/voima.fi\/hairikot\/wp-content\/uploads\/sites\/9\/2016\/09\/A-ka-inen-kissa-ja-natsit-vittuun-kopio-1024x499.jpg 1024w, https:\/\/voima.fi\/hairikot\/wp-content\/uploads\/sites\/9\/2016\/09\/A-ka-inen-kissa-ja-natsit-vittuun-kopio-768x374.jpg 768w, https:\/\/voima.fi\/hairikot\/wp-content\/uploads\/sites\/9\/2016\/09\/A-ka-inen-kissa-ja-natsit-vittuun-kopio-1536x748.jpg 1536w, https:\/\/voima.fi\/hairikot\/wp-content\/uploads\/sites\/9\/2016\/09\/A-ka-inen-kissa-ja-natsit-vittuun-kopio-2048x997.jpg 2048w, https:\/\/voima.fi\/hairikot\/wp-content\/uploads\/sites\/9\/2016\/09\/A-ka-inen-kissa-ja-natsit-vittuun-kopio-320x156.jpg 320w, https:\/\/voima.fi\/hairikot\/wp-content\/uploads\/sites\/9\/2016\/09\/A-ka-inen-kissa-ja-natsit-vittuun-kopio-200x97.jpg 200w, https:\/\/voima.fi\/hairikot\/wp-content\/uploads\/sites\/9\/2016\/09\/A-ka-inen-kissa-ja-natsit-vittuun-kopio-560x273.jpg 560w, https:\/\/voima.fi\/hairikot\/wp-content\/uploads\/sites\/9\/2016\/09\/A-ka-inen-kissa-ja-natsit-vittuun-kopio-980x477.jpg 980w, https:\/\/voima.fi\/hairikot\/wp-content\/uploads\/sites\/9\/2016\/09\/A-ka-inen-kissa-ja-natsit-vittuun-kopio-300x146.jpg 300w\" sizes=\"(max-width: 2945px) 100vw, 2945px\" \/><figcaption id=\"caption-attachment-12024\" class=\"wp-caption-text\">Itse olen useimmiten samaa mielt\u00e4 \u00e4k\u00e4isen kissan kanssa. Niin my\u00f6s t\u00e4ll\u00e4 kertaa.<\/figcaption><\/figure>\n<p class=\"p1\"><span class=\"s1\"><b>Ja aivan<\/b> kun ei riitt\u00e4isi, ett\u00e4 persut hyys\u00e4\u00e4v\u00e4t niit\u00e4 rasistejaan, puolue jopa kannusti omat edustajat trollamaan rasismin vastaiseen mielenosoitukseen. Voiko touhu en\u00e4\u00e4 r\u00f6yhke\u00e4mm\u00e4ksi menn\u00e4?<\/span><\/p>\n<p class=\"p1\"><span class=\"s1\">Persunuorten puheenjohtaja kertoi pari p\u00e4iv\u00e4\u00e4 sitten, ett\u00e4 puolueen suunnalta oli tullut toive, ett\u00e4 h\u00e4n osallistuisi t\u00e4h\u00e4n miekkariin.<\/span><\/p>\n<p class=\"p1\"><span class=\"s1\">\u201dPyydettiin osallistumaan meilt\u00e4 huomiseen &#8217;Peli poikki&#8217; -miekkariin. Kaikki teht\u00e4v\u00e4t ei oo aina yht\u00e4 miellytt\u00e4v\u00e4n tuntuisia, mutta kun puolue kysyy niin velvollisuus kutsuu\u201d, Tynkkynen kirjoitti Facebookkiin. <\/span><\/p>\n<p class=\"p1\"><span class=\"s1\">Lopulta Tynkkynen kavereineen saapui miekkariin supersankareiksi naamioituneina ja he jakoivat Perussuomalaisten nuorten logolla varustettuja pillej\u00e4 pahaa-aavistamattomille mielenosoittajille (onneksi kovinkaan moni ei edes tunnista tuota logoa). Tynkkynen ja kaikki puolueet olivat t\u00e4ysin tietoisia siit\u00e4, ett\u00e4 mitk\u00e4\u00e4n puoluepoliittiset viestit ja tunnukset eiv\u00e4t olleet tervetulleita tilaisuuteen. T\u00e4t\u00e4 oli toivonut my\u00f6s natsin tappaman Jimi Karttusen perhe. Mutta n\u00e4inp\u00e4 vaan perussuomalaiset onnistuivat j\u00e4lleen haistattamaan paskaa rasismin vastustamiselle. <\/span><\/p>\n<p class=\"p1\"><span class=\"s1\">Kuten Suvi Auvinen <a href=\"http:\/\/uusi.voima.fi\/artikkeli\/2016\/vaarallilnen-r-sana\/\">kirjoitti\u00a0<i>Voimaan<\/i><\/a>: \u201d<\/span><span class=\"s4\">jos se n\u00e4ytt\u00e4\u00e4 ankalta ja kuulostaa ankalta, niin Sebastian Tynkkynen on rasisti.\u201d<\/span><\/p>\n<p class=\"p1\"><span class=\"s1\">Auvinen totesi hyvin t\u00e4st\u00e4 Tynkkysen ja persu-jugendin tempauksesta <a href=\"https:\/\/twitter.com\/suviauvi\/status\/779711335605137414?lang=fi\" class=\"external\" rel=\"nofollow\">tuoreeltaan Twitteriss\u00e4<\/a>: \u201dToi persunuorten pillitempaus on sama kuin jos m\u00e4 menisin jakamaan rasisteille suomenlippuja ja sit olisin et H\u00c4H\u00c4\u00c4 teill\u00e4 oli astalot.\u201d<\/span><\/p>\n<p class=\"p1\"><span class=\"s1\">Sebastian Tynkkynen on j\u00e4lleen saavuttanut haluamansa ja p\u00e4\u00e4ssyt parrasvaloihin. Se, ett\u00e4 h\u00e4n tuli samalla kusseeksi omiin (ja puolueensa) muroihin ei vissiin h\u00e4nt\u00e4 haittaa. Yll\u00e4tt\u00e4v\u00e4n v\u00e4h\u00e4n se my\u00f6sk\u00e4\u00e4n puoluetta haittaa.<\/span><\/p>\n<figure id=\"attachment_12025\" aria-describedby=\"caption-attachment-12025\" style=\"width: 2726px\" class=\"wp-caption alignnone\"><img decoding=\"async\" class=\"size-full wp-image-12025\" src=\"https:\/\/voima.fi\/hairikot\/wp-content\/uploads\/sites\/9\/2016\/09\/Ha-vetka-a-.-Oikeasti.-Perkele.-Rajattu-kopio-scaled.jpg\" alt=\"En voi muuta kuin kysy\u00e4, kuinka te kehtaatte ja kyll\u00e4h\u00e4n te kehtaatte.\" width=\"2726\" height=\"1692\" srcset=\"https:\/\/voima.fi\/hairikot\/wp-content\/uploads\/sites\/9\/2016\/09\/Ha-vetka-a-.-Oikeasti.-Perkele.-Rajattu-kopio-scaled.jpg 2560w, https:\/\/voima.fi\/hairikot\/wp-content\/uploads\/sites\/9\/2016\/09\/Ha-vetka-a-.-Oikeasti.-Perkele.-Rajattu-kopio-600x372.jpg 600w, https:\/\/voima.fi\/hairikot\/wp-content\/uploads\/sites\/9\/2016\/09\/Ha-vetka-a-.-Oikeasti.-Perkele.-Rajattu-kopio-1024x636.jpg 1024w, https:\/\/voima.fi\/hairikot\/wp-content\/uploads\/sites\/9\/2016\/09\/Ha-vetka-a-.-Oikeasti.-Perkele.-Rajattu-kopio-768x477.jpg 768w, https:\/\/voima.fi\/hairikot\/wp-content\/uploads\/sites\/9\/2016\/09\/Ha-vetka-a-.-Oikeasti.-Perkele.-Rajattu-kopio-1536x953.jpg 1536w, https:\/\/voima.fi\/hairikot\/wp-content\/uploads\/sites\/9\/2016\/09\/Ha-vetka-a-.-Oikeasti.-Perkele.-Rajattu-kopio-2048x1271.jpg 2048w, https:\/\/voima.fi\/hairikot\/wp-content\/uploads\/sites\/9\/2016\/09\/Ha-vetka-a-.-Oikeasti.-Perkele.-Rajattu-kopio-320x199.jpg 320w, https:\/\/voima.fi\/hairikot\/wp-content\/uploads\/sites\/9\/2016\/09\/Ha-vetka-a-.-Oikeasti.-Perkele.-Rajattu-kopio-200x124.jpg 200w, https:\/\/voima.fi\/hairikot\/wp-content\/uploads\/sites\/9\/2016\/09\/Ha-vetka-a-.-Oikeasti.-Perkele.-Rajattu-kopio-560x348.jpg 560w, https:\/\/voima.fi\/hairikot\/wp-content\/uploads\/sites\/9\/2016\/09\/Ha-vetka-a-.-Oikeasti.-Perkele.-Rajattu-kopio-980x608.jpg 980w, https:\/\/voima.fi\/hairikot\/wp-content\/uploads\/sites\/9\/2016\/09\/Ha-vetka-a-.-Oikeasti.-Perkele.-Rajattu-kopio-300x186.jpg 300w\" sizes=\"(max-width: 2726px) 100vw, 2726px\" \/><figcaption id=\"caption-attachment-12025\" class=\"wp-caption-text\">En voi muuta kuin kysy\u00e4, kuinka te kehtaatte ja kyll\u00e4h\u00e4n te kehtaatte.<\/figcaption><\/figure>\n<p class=\"p1\"><span class=\"s1\"><b>Miekkarin yhteydess\u00e4<\/b> k\u00e4ytiin my\u00f6s keskustelua valtiollisten symbolien soveliaisuudesta. Monille esimerkiksi Suomen lippu itsess\u00e4\u00e4n edustaa sortavaa koneistoa, eik\u00e4 ole n\u00e4ht\u00e4viss\u00e4 miss\u00e4\u00e4n olosuhteissa positiivisessa valossa. Monelle lippu itsess\u00e4\u00e4n puolestaan on nautraali ja se halutaan ottaa takaisin rasistisilta \u00e4\u00e4li\u00f6ilt\u00e4. Itse kallistun t\u00e4h\u00e4n j\u00e4lkimm\u00e4iseen ajatukseen ja t\u00e4ss\u00e4 on mielest\u00e4ni ensiluokkainen esimerkki siit\u00e4, kuinka otamme symbolimme takaisin. N\u00e4iden rintanappien kuvitus <a href=\"https:\/\/www.facebook.com\/permalink.php?story_fbid=326712577682820&amp;id=100010322411180\" class=\"external\" rel=\"nofollow\">laitettiin vapaasti jakoon<\/a>\u00a0ja kuka tahansa voi k\u00e4yd\u00e4 lataamassa sen itselleen ja pist\u00e4\u00e4 askarrellen. Itse ainakin ajattelin pist\u00e4\u00e4 H\u00e4irik\u00f6t-p\u00e4\u00e4majan rintanappikoneen k\u00e4yntiin heti huomenna.<\/span><\/p>\n<figure id=\"attachment_12026\" aria-describedby=\"caption-attachment-12026\" style=\"width: 960px\" class=\"wp-caption alignnone\"><img decoding=\"async\" class=\"size-full wp-image-12026\" src=\"https:\/\/voima.fi\/hairikot\/wp-content\/uploads\/sites\/9\/2020\/04\/Leijona-tallaa-hakaristin.jpg\" alt=\"Nyt jokainen askartelemaan.\" width=\"960\" height=\"720\" \/><figcaption id=\"caption-attachment-12026\" class=\"wp-caption-text\">Nyt jokainen askartelemaan.<\/figcaption><\/figure>\n","protected":false},"excerpt":{"rendered":"<p>Suomessa marssittiin rasismia ja rasisteja hyys\u00e4\u00e4vi\u00e4 vastaan. Yksi presidentti piti puheen ja yhden puolueen edustaja perseili.<\/p>\n","protected":false},"author":122,"featured_media":14988,"comment_status":"open","ping_status":"open","sticky":false,"template":"","format":"standard","meta":{"footnotes":""},"categories":[5],"tags":[1408,1679,1885,2072],"yoast_head":"<!-- This site is optimized with the Yoast SEO plugin v22.7 - https:\/\/yoast.com\/wordpress\/plugins\/seo\/ -->\n<title>Natsit vittuun - H\u00e4irik\u00f6t-p\u00e4\u00e4maja<\/title>\n<meta name=\"robots\" content=\"index, follow, max-snippet:-1, max-image-preview:large, max-video-preview:-1\" \/>\n<link rel=\"canonical\" href=\"https:\/\/voima.fi\/hairikot\/artikkeli\/natsit-vittuun\/\" \/>\n<meta property=\"og:locale\" content=\"fi_FI\" \/>\n<meta property=\"og:type\" content=\"article\" \/>\n<meta property=\"og:title\" content=\"Natsit vittuun - H\u00e4irik\u00f6t-p\u00e4\u00e4maja\" \/>\n<meta property=\"og:description\" content=\"Suomessa marssittiin rasismia ja rasisteja hyys\u00e4\u00e4vi\u00e4 vastaan. Yksi presidentti piti puheen ja yhden puolueen edustaja perseili.\" \/>\n<meta property=\"og:url\" content=\"https:\/\/voima.fi\/hairikot\/artikkeli\/natsit-vittuun\/\" \/>\n<meta property=\"og:site_name\" content=\"H\u00e4irik\u00f6t-p\u00e4\u00e4maja\" \/>\n<meta property=\"article:published_time\" content=\"2016-09-24T21:00:00+00:00\" \/>\n<meta property=\"article:modified_time\" content=\"2020-08-10T11:02:19+00:00\" \/>\n<meta property=\"og:image\" content=\"https:\/\/voima.fi\/hairikot\/wp-content\/uploads\/sites\/9\/2020\/04\/Pelle-seilaa-scaled.jpg\" \/>\n\t<meta property=\"og:image:width\" content=\"2560\" \/>\n\t<meta property=\"og:image:height\" content=\"1714\" \/>\n\t<meta property=\"og:image:type\" content=\"image\/jpeg\" \/>\n<meta name=\"author\" content=\"Jari Tamminen\" \/>\n<meta name=\"twitter:card\" content=\"summary_large_image\" \/>\n<meta name=\"twitter:label1\" content=\"Kirjoittanut\" \/>\n\t<meta name=\"twitter:data1\" content=\"Jari Tamminen\" \/>\n\t<meta name=\"twitter:label2\" content=\"Arvioitu lukuaika\" \/>\n\t<meta name=\"twitter:data2\" content=\"4 minuuttia\" \/>\n<script type=\"application\/ld+json\" class=\"yoast-schema-graph\">{\"@context\":\"https:\/\/schema.org\",\"@graph\":[{\"@type\":\"WebPage\",\"@id\":\"https:\/\/voima.fi\/hairikot\/artikkeli\/natsit-vittuun\/\",\"url\":\"https:\/\/voima.fi\/hairikot\/artikkeli\/natsit-vittuun\/\",\"name\":\"Natsit vittuun - H\u00e4irik\u00f6t-p\u00e4\u00e4maja\",\"isPartOf\":{\"@id\":\"https:\/\/voima.fi\/hairikot\/#website\"},\"primaryImageOfPage\":{\"@id\":\"https:\/\/voima.fi\/hairikot\/artikkeli\/natsit-vittuun\/#primaryimage\"},\"image\":{\"@id\":\"https:\/\/voima.fi\/hairikot\/artikkeli\/natsit-vittuun\/#primaryimage\"},\"thumbnailUrl\":\"https:\/\/voima.fi\/hairikot\/wp-content\/uploads\/sites\/9\/2020\/04\/Pelle-seilaa-scaled.jpg\",\"datePublished\":\"2016-09-24T21:00:00+00:00\",\"dateModified\":\"2020-08-10T11:02:19+00:00\",\"author\":{\"@id\":\"https:\/\/voima.fi\/hairikot\/#\/schema\/person\/523ff68c19f1381d78529f38bb76e7fe\"},\"breadcrumb\":{\"@id\":\"https:\/\/voima.fi\/hairikot\/artikkeli\/natsit-vittuun\/#breadcrumb\"},\"inLanguage\":\"fi\",\"potentialAction\":[{\"@type\":\"ReadAction\",\"target\":[\"https:\/\/voima.fi\/hairikot\/artikkeli\/natsit-vittuun\/\"]}]},{\"@type\":\"ImageObject\",\"inLanguage\":\"fi\",\"@id\":\"https:\/\/voima.fi\/hairikot\/artikkeli\/natsit-vittuun\/#primaryimage\",\"url\":\"https:\/\/voima.fi\/hairikot\/wp-content\/uploads\/sites\/9\/2020\/04\/Pelle-seilaa-scaled.jpg\",\"contentUrl\":\"https:\/\/voima.fi\/hairikot\/wp-content\/uploads\/sites\/9\/2020\/04\/Pelle-seilaa-scaled.jpg\",\"width\":2560,\"height\":1714},{\"@type\":\"BreadcrumbList\",\"@id\":\"https:\/\/voima.fi\/hairikot\/artikkeli\/natsit-vittuun\/#breadcrumb\",\"itemListElement\":[{\"@type\":\"ListItem\",\"position\":1,\"name\":\"Home\",\"item\":\"https:\/\/voima.fi\/hairikot\/\"},{\"@type\":\"ListItem\",\"position\":2,\"name\":\"Natsit vittuun\"}]},{\"@type\":\"WebSite\",\"@id\":\"https:\/\/voima.fi\/hairikot\/#website\",\"url\":\"https:\/\/voima.fi\/hairikot\/\",\"name\":\"H\u00e4irik\u00f6t-p\u00e4\u00e4maja\",\"description\":\"\",\"potentialAction\":[{\"@type\":\"SearchAction\",\"target\":{\"@type\":\"EntryPoint\",\"urlTemplate\":\"https:\/\/voima.fi\/hairikot\/?s={search_term_string}\"},\"query-input\":\"required name=search_term_string\"}],\"inLanguage\":\"fi\"},{\"@type\":\"Person\",\"@id\":\"https:\/\/voima.fi\/hairikot\/#\/schema\/person\/523ff68c19f1381d78529f38bb76e7fe\",\"name\":\"Jari Tamminen\",\"image\":{\"@type\":\"ImageObject\",\"inLanguage\":\"fi\",\"@id\":\"https:\/\/voima.fi\/hairikot\/#\/schema\/person\/image\/\",\"url\":\"https:\/\/secure.gravatar.com\/avatar\/e5c0bb16f2efc1924afe37fc190f8ce1?s=96&d=blank&r=g\",\"contentUrl\":\"https:\/\/secure.gravatar.com\/avatar\/e5c0bb16f2efc1924afe37fc190f8ce1?s=96&d=blank&r=g\",\"caption\":\"Jari Tamminen\"},\"description\":\"Kulttuurih\u00e4irint\u00e4 on taiteen ja aktivismin j\u00e4nnitt\u00e4v\u00e4\u00e4 lomittumista: odottamaton performanssi katuvilin\u00e4ss\u00e4, vallattuja mainostauluja ja mainosparodioita. Se on k\u00e4site, joka yhdist\u00e4\u00e4 yhteiskunnallista kommentaaria ja luovaa vastarintaa. T\u00e4ss\u00e4 blogissa Voiman Jari Tamminen hahmottaa maailmaa kulttuurih\u00e4irinn\u00e4n n\u00e4k\u00f6kulmasta. Lis\u00e4\u00e4 Tammisen huomioita kulttuurih\u00e4irinn\u00e4st\u00e4 voi lukea Voimasta, H\u00e4irik\u00f6t \u2013 Kulttuurih\u00e4irinn\u00e4n aakkoset -kirjasta ja p\u00e4ivitt\u00e4in osoitteesta www.facebook.com\/hairikot.\",\"sameAs\":[\"http:\/\/www.facebook.com\/hairikot\"],\"url\":\"https:\/\/voima.fi\/hairikot\/artikkeli\/author\/hairikko\/\"}]}<\/script>\n<!-- \/ Yoast SEO plugin. -->","yoast_head_json":{"title":"Natsit vittuun - H\u00e4irik\u00f6t-p\u00e4\u00e4maja","robots":{"index":"index","follow":"follow","max-snippet":"max-snippet:-1","max-image-preview":"max-image-preview:large","max-video-preview":"max-video-preview:-1"},"canonical":"https:\/\/voima.fi\/hairikot\/artikkeli\/natsit-vittuun\/","og_locale":"fi_FI","og_type":"article","og_title":"Natsit vittuun - H\u00e4irik\u00f6t-p\u00e4\u00e4maja","og_description":"Suomessa marssittiin rasismia ja rasisteja hyys\u00e4\u00e4vi\u00e4 vastaan. Yksi presidentti piti puheen ja yhden puolueen edustaja perseili.","og_url":"https:\/\/voima.fi\/hairikot\/artikkeli\/natsit-vittuun\/","og_site_name":"H\u00e4irik\u00f6t-p\u00e4\u00e4maja","article_published_time":"2016-09-24T21:00:00+00:00","article_modified_time":"2020-08-10T11:02:19+00:00","og_image":[{"width":2560,"height":1714,"url":"https:\/\/voima.fi\/hairikot\/wp-content\/uploads\/sites\/9\/2020\/04\/Pelle-seilaa-scaled.jpg","type":"image\/jpeg"}],"author":"Jari Tamminen","twitter_card":"summary_large_image","twitter_misc":{"Kirjoittanut":"Jari Tamminen","Arvioitu lukuaika":"4 minuuttia"},"schema":{"@context":"https:\/\/schema.org","@graph":[{"@type":"WebPage","@id":"https:\/\/voima.fi\/hairikot\/artikkeli\/natsit-vittuun\/","url":"https:\/\/voima.fi\/hairikot\/artikkeli\/natsit-vittuun\/","name":"Natsit vittuun - H\u00e4irik\u00f6t-p\u00e4\u00e4maja","isPartOf":{"@id":"https:\/\/voima.fi\/hairikot\/#website"},"primaryImageOfPage":{"@id":"https:\/\/voima.fi\/hairikot\/artikkeli\/natsit-vittuun\/#primaryimage"},"image":{"@id":"https:\/\/voima.fi\/hairikot\/artikkeli\/natsit-vittuun\/#primaryimage"},"thumbnailUrl":"https:\/\/voima.fi\/hairikot\/wp-content\/uploads\/sites\/9\/2020\/04\/Pelle-seilaa-scaled.jpg","datePublished":"2016-09-24T21:00:00+00:00","dateModified":"2020-08-10T11:02:19+00:00","author":{"@id":"https:\/\/voima.fi\/hairikot\/#\/schema\/person\/523ff68c19f1381d78529f38bb76e7fe"},"breadcrumb":{"@id":"https:\/\/voima.fi\/hairikot\/artikkeli\/natsit-vittuun\/#breadcrumb"},"inLanguage":"fi","potentialAction":[{"@type":"ReadAction","target":["https:\/\/voima.fi\/hairikot\/artikkeli\/natsit-vittuun\/"]}]},{"@type":"ImageObject","inLanguage":"fi","@id":"https:\/\/voima.fi\/hairikot\/artikkeli\/natsit-vittuun\/#primaryimage","url":"https:\/\/voima.fi\/hairikot\/wp-content\/uploads\/sites\/9\/2020\/04\/Pelle-seilaa-scaled.jpg","contentUrl":"https:\/\/voima.fi\/hairikot\/wp-content\/uploads\/sites\/9\/2020\/04\/Pelle-seilaa-scaled.jpg","width":2560,"height":1714},{"@type":"BreadcrumbList","@id":"https:\/\/voima.fi\/hairikot\/artikkeli\/natsit-vittuun\/#breadcrumb","itemListElement":[{"@type":"ListItem","position":1,"name":"Home","item":"https:\/\/voima.fi\/hairikot\/"},{"@type":"ListItem","position":2,"name":"Natsit vittuun"}]},{"@type":"WebSite","@id":"https:\/\/voima.fi\/hairikot\/#website","url":"https:\/\/voima.fi\/hairikot\/","name":"H\u00e4irik\u00f6t-p\u00e4\u00e4maja","description":"","potentialAction":[{"@type":"SearchAction","target":{"@type":"EntryPoint","urlTemplate":"https:\/\/voima.fi\/hairikot\/?s={search_term_string}"},"query-input":"required name=search_term_string"}],"inLanguage":"fi"},{"@type":"Person","@id":"https:\/\/voima.fi\/hairikot\/#\/schema\/person\/523ff68c19f1381d78529f38bb76e7fe","name":"Jari Tamminen","image":{"@type":"ImageObject","inLanguage":"fi","@id":"https:\/\/voima.fi\/hairikot\/#\/schema\/person\/image\/","url":"https:\/\/secure.gravatar.com\/avatar\/e5c0bb16f2efc1924afe37fc190f8ce1?s=96&d=blank&r=g","contentUrl":"https:\/\/secure.gravatar.com\/avatar\/e5c0bb16f2efc1924afe37fc190f8ce1?s=96&d=blank&r=g","caption":"Jari Tamminen"},"description":"Kulttuurih\u00e4irint\u00e4 on taiteen ja aktivismin j\u00e4nnitt\u00e4v\u00e4\u00e4 lomittumista: odottamaton performanssi katuvilin\u00e4ss\u00e4, vallattuja mainostauluja ja mainosparodioita. Se on k\u00e4site, joka yhdist\u00e4\u00e4 yhteiskunnallista kommentaaria ja luovaa vastarintaa. T\u00e4ss\u00e4 blogissa Voiman Jari Tamminen hahmottaa maailmaa kulttuurih\u00e4irinn\u00e4n n\u00e4k\u00f6kulmasta. Lis\u00e4\u00e4 Tammisen huomioita kulttuurih\u00e4irinn\u00e4st\u00e4 voi lukea Voimasta, H\u00e4irik\u00f6t \u2013 Kulttuurih\u00e4irinn\u00e4n aakkoset -kirjasta ja p\u00e4ivitt\u00e4in osoitteesta www.facebook.com\/hairikot.","sameAs":["http:\/\/www.facebook.com\/hairikot"],"url":"https:\/\/voima.fi\/hairikot\/artikkeli\/author\/hairikko\/"}]}},"enclosure":{"image":"https:\/\/voima.fi\/hairikot\/wp-content\/uploads\/sites\/9\/2020\/04\/Pelle-seilaa-scaled.jpg"},"meta:avatar":"","geolocation":[],"meta:youtube":null,"meta:vimeo":null,"meta:duration":null,"_links":{"self":[{"href":"https:\/\/voima.fi\/hairikot\/wp-json\/wp\/v2\/posts\/17566"}],"collection":[{"href":"https:\/\/voima.fi\/hairikot\/wp-json\/wp\/v2\/posts"}],"about":[{"href":"https:\/\/voima.fi\/hairikot\/wp-json\/wp\/v2\/types\/post"}],"author":[{"embeddable":true,"href":"https:\/\/voima.fi\/hairikot\/wp-json\/wp\/v2\/users\/122"}],"replies":[{"embeddable":true,"href":"https:\/\/voima.fi\/hairikot\/wp-json\/wp\/v2\/comments?post=17566"}],"version-history":[{"count":1,"href":"https:\/\/voima.fi\/hairikot\/wp-json\/wp\/v2\/posts\/17566\/revisions"}],"predecessor-version":[{"id":18336,"href":"https:\/\/voima.fi\/hairikot\/wp-json\/wp\/v2\/posts\/17566\/revisions\/18336"}],"wp:featuredmedia":[{"embeddable":true,"href":"https:\/\/voima.fi\/hairikot\/wp-json\/wp\/v2\/media\/14988"}],"wp:attachment":[{"href":"https:\/\/voima.fi\/hairikot\/wp-json\/wp\/v2\/media?parent=17566"}],"wp:term":[{"taxonomy":"category","embeddable":true,"href":"https:\/\/voima.fi\/hairikot\/wp-json\/wp\/v2\/categories?post=17566"},{"taxonomy":"post_tag","embeddable":true,"href":"https:\/\/voima.fi\/hairikot\/wp-json\/wp\/v2\/tags?post=17566"}],"curies":[{"name":"wp","href":"https:\/\/api.w.org\/{rel}","templated":true}]}}