{"id":17559,"date":"2016-09-03T00:00:00","date_gmt":"2016-09-02T21:00:00","guid":{"rendered":"http:\/\/voima.fi\/hairikot\/blogi\/suomi-epakuntoon-2"},"modified":"2020-08-10T14:02:19","modified_gmt":"2020-08-10T11:02:19","slug":"suomi-epakuntoon-2","status":"publish","type":"post","link":"https:\/\/voima.fi\/hairikot\/artikkeli\/suomi-epakuntoon-2\/","title":{"rendered":"Suomi ep\u00e4kuntoon \u2013\u00a0KATSO VIDEO!"},"content":{"rendered":"<div class=\"lowres-featured-image\"><img decoding=\"async\" width=\"1098\" height=\"732\" src=\"https:\/\/voima.fi\/hairikot\/wp-content\/uploads\/sites\/9\/2020\/04\/kiseleff4iso.jpg\" class=\"attachment-full size-full wp-post-image\" alt=\"\" srcset=\"https:\/\/voima.fi\/hairikot\/wp-content\/uploads\/sites\/9\/2020\/04\/kiseleff4iso.jpg 1098w, https:\/\/voima.fi\/hairikot\/wp-content\/uploads\/sites\/9\/2020\/04\/kiseleff4iso-600x400.jpg 600w, https:\/\/voima.fi\/hairikot\/wp-content\/uploads\/sites\/9\/2020\/04\/kiseleff4iso-1024x683.jpg 1024w, https:\/\/voima.fi\/hairikot\/wp-content\/uploads\/sites\/9\/2020\/04\/kiseleff4iso-768x512.jpg 768w, https:\/\/voima.fi\/hairikot\/wp-content\/uploads\/sites\/9\/2020\/04\/kiseleff4iso-320x213.jpg 320w, https:\/\/voima.fi\/hairikot\/wp-content\/uploads\/sites\/9\/2020\/04\/kiseleff4iso-200x133.jpg 200w, https:\/\/voima.fi\/hairikot\/wp-content\/uploads\/sites\/9\/2020\/04\/kiseleff4iso-560x373.jpg 560w, https:\/\/voima.fi\/hairikot\/wp-content\/uploads\/sites\/9\/2020\/04\/kiseleff4iso-980x653.jpg 980w, https:\/\/voima.fi\/hairikot\/wp-content\/uploads\/sites\/9\/2020\/04\/kiseleff4iso-300x200.jpg 300w\" sizes=\"(max-width: 1098px) 100vw, 1098px\" \/><p class=\"ylakuvateksti\"><\/p><\/div><p class=\"p1\"><em>Kun akateeminen v\u00e4ki pohtii koulutuspoliittisia linjauksia ja tutkimuksen merkityst\u00e4, on H\u00e4irik\u00f6iden teht\u00e4v\u00e4\u00a0h\u00e4irik\u00f6id\u00e4.<\/em><\/p>\n<p class=\"p1\"><b>H\u00e4irik\u00f6t-p\u00e4\u00e4maja<\/b> k\u00e4vi Helsingin taiteiden y\u00f6ss\u00e4 h\u00e4irik\u00f6im\u00e4ss\u00e4. Tilaisuudeksi valikoitui <a href=\"http:\/\/allegralabhki.fi\/4-dosentin-illallinen.html\" class=\"external\" rel=\"nofollow\">Nelj\u00e4n dosentin illallinen<\/a>, jonka aikana keskusteltiin koulutuspolitiikasta, koulutuksen ja tutkimuksen tarpeellisuudesta sek\u00e4 siit\u00e4, mik\u00e4 ajaa tutkijoita urallaan.<\/p>\n<p class=\"p1\">H\u00e4irik\u00f6iden rooli oli, no, luoda h\u00e4iri\u00f6it\u00e4. Kuten olen <a href=\"http:\/\/hairikot.voima.fi\/blogi\/hairikoiden-manifesti\/\">toistanut toistamasta p\u00e4\u00e4sty\u00e4ni <\/a>h\u00e4irik\u00f6inti pelk\u00e4st\u00e4 h\u00e4irik\u00f6imisen ilosta on hieman tyls\u00e4\u00e4 ja merkitykset\u00f6nt\u00e4, joten oli meill\u00e4 ihan ajatuksin h\u00e4irik\u00f6innin takana.\u00a0Oheisella videolla n\u00e4hdyn lakananpudottamisen ohella \u00e4myreist\u00e4 kajahti kuuluville Taina Riikosen \u00e4\u00e4niteos joka t\u00e4ss\u00e4 videollakin kuuluu.<\/p>\n<p class=\"p1\"><span style=\"line-height: 1.5;\">Tapahtumapaikka, Kiseleffin talo, Helsingin Senaatintorin laidalla on keskell\u00e4 symbolista valtakeskittym\u00e4\u00e4. Saman aukion laidoilla on edustettuna poliittinen\u00a0valta (Valtioneuvoston linna sek\u00e4 kaupungintalo), uskonnollinen valta (Tuomiokirkko), Helsingin yliopisto sek\u00e4 perinteinen kauppiass\u00e4\u00e4ty vanhojen kauppakorttelien muodossa. Olikin soveliasta r\u00e4v\u00e4ytt\u00e4\u00e4 esille lakana, jossa p\u00e4\u00e4ministeri Sipil\u00e4n politiikan seurauksena salama ly\u00f6 yliopiston p\u00e4\u00e4rakennuksen lipputankoon.<\/span><\/p>\n<p class=\"p1\"><div class=\"su-youtube su-u-responsive-media-yes\"><iframe width=\"600\" height=\"400\" src=\"https:\/\/www.youtube.com\/embed\/aBhCKG2nhKo?\" frameborder=\"0\" allowfullscreen allow=\"autoplay; encrypted-media; picture-in-picture\" title=\"\"><\/iframe><\/div>\n<p class=\"p1\"><i>Suomi ep\u00e4kuntoon -lakana: Jani Leinonen &amp; Jari Tamminen, \u00e4\u00e4niteos: Taina Riikonen. Video: H\u00e4irik\u00f6t-p\u00e4\u00e4maja.<\/i><\/p>\n<p class=\"p1\"><b>P\u00e4\u00e4timme keskitty\u00e4<\/b> h\u00e4iri\u00f6ss\u00e4mme maan hallituksen koulutuspoliittisiin linjauksiin. SOS-hallitus (ex-SSS-hallitus) on tehnyt erinomaisen merkitt\u00e4vi\u00e4 leikkauksia opetukseen ja tutkimukseen, <a href=\"https:\/\/www.facebook.com\/Sama-kuva-koulutuslupauksesta-joka-p%C3%A4iv%C3%A4-188213008201493\/\" class=\"external\" rel=\"nofollow\">vaikka ennen vaaleja luvattiin p\u00e4invastaista<\/a>. Her\u00e4\u00e4 kysymys, voiko hallitukseen luottaa. No, ei t\u00e4m\u00e4 tietenk\u00e4\u00e4n ensimm\u00e4inen kerta ole kun poliitikot pett\u00e4v\u00e4t ja kepuhan pett\u00e4\u00e4 aina, kuten tiedet\u00e4\u00e4n.<\/p>\n<p class=\"p1\">Juha Sipil\u00e4n <a href=\"http:\/\/valtioneuvosto.fi\/documents\/10184\/1427398\/Hallitusohjelma_27052015.pdf\/75d94d8d-15c9-405a-8a9b-eca4987b635e\" class=\"external\" rel=\"nofollow\"><em>Ratkaisujen Suomi<\/em> -hallitusohjelman<\/a> Osaaminen ja koulutus -luku alkaa seuraavasti.<\/p>\n<p class=\"p1\"><i>&#8221;Suomi on maa, jossa tekee mieli oppia koko ajan uutta. Suomalaisten osaamis- ja koulutustaso on noussut, mik\u00e4 tukee suomalaisen yhteiskunnan uudistumista ja mahdollisuuksien tasa-arvoa. Suomi on koulutuksen, osaamisen ja modernin oppimisen k\u00e4rkimaa.&#8221;<\/i><\/p>\n<p class=\"p1\">Mites meni noin niinku omasta mielest\u00e4?<\/p>\n<figure id=\"attachment_11950\" aria-describedby=\"caption-attachment-11950\" style=\"width: 900px\" class=\"wp-caption alignnone\"><img decoding=\"async\" class=\"size-full wp-image-11950\" src=\"https:\/\/voima.fi\/hairikot\/wp-content\/uploads\/sites\/9\/2020\/04\/Koulutuslupaus.jpg\" alt=\"Sama kuva koulutuslupauksesta -ryhm\u00e4 jakaa Facebookissa joka p\u00e4iv\u00e4 saman kuvan koulutuslupauksesta. \" width=\"900\" height=\"506\" \/><figcaption id=\"caption-attachment-11950\" class=\"wp-caption-text\">Sama kuva koulutuslupauksesta -ryhm\u00e4 jakaa Facebookissa joka p\u00e4iv\u00e4 saman kuvan koulutuslupauksesta.<\/figcaption><\/figure>\n<p class=\"p1\"><b style=\"line-height: 1.5;\">On vaikea<\/b><span style=\"line-height: 1.5;\"> n\u00e4hd\u00e4, kuinka hallituksen tuore budjettiesitys tukisi yll\u00e4 siteerattua linjausta ja sen tavoitteita. <a href=\"http:\/\/www.sivistystyonantajat.fi\/ajankohtaista\/Valtiovarainministerio_esittaa_koulutukseen_yllattavia_lisaleikkauksia_227.html\" class=\"external\" rel=\"nofollow\">Budettiesitys kohdistaa lis\u00e4leikkauksia<\/a> jo entisest\u00e4\u00e4n kurjistettua opetusta ja tutkimusta kohtaan.<\/span><\/p>\n<p class=\"p1\">\u201dTuntuu silt\u00e4, ett\u00e4 hallitus ei kunnioita j\u00e4rjest\u00f6jen yksimielisi\u00e4 sopimuksia eik\u00e4 kev\u00e4\u00e4n kehysriihen p\u00e4\u00e4t\u00f6ksi\u00e4. Yliopistoille ja tutkimukselle hallitus tarkoittaa kirjaimellisesti lyhenteens\u00e4 mukaisesti SOS\u201d, <a href=\"http:\/\/tieteentekijoidenliitto.fi\/media\/tiedotteet\/sos-hallitus_petti_yliopistot_ja_niiden_henkiloston.1861.news\" class=\"external\" rel=\"nofollow\">linjasivat<\/a> Tieteentekij\u00f6iden liiton puheenjohtaja Petri Koikalainen ja Professoriliiton puheenjohtaja Kaarle H\u00e4meri.<\/p>\n<p class=\"p1\">Viel\u00e4 kev\u00e4\u00e4n kehysriihess\u00e4 hallitus linjasi, ett\u00e4 yliopistoihin ja tutkimukseen ei kohdistu uusia lis\u00e4leikkauksia. Samaa muuten lupasi uusi valtiovarainministeri kes\u00e4ll\u00e4. Ilmeisesti my\u00f6s kokoomus pett\u00e4\u00e4 aina.<\/p>\n<figure id=\"attachment_11951\" aria-describedby=\"caption-attachment-11951\" style=\"width: 488px\" class=\"wp-caption alignnone\"><img decoding=\"async\" class=\"size-full wp-image-11951\" src=\"https:\/\/voima.fi\/hairikot\/wp-content\/uploads\/sites\/9\/2020\/04\/kiseleff1iso.jpg\" alt=\"Tilanne oli p\u00e4\u00e4ll\u00e4 ja meno jylh\u00e4\u00e4. Kuva: Velda Parkkinen\" width=\"488\" height=\"732\" \/><figcaption id=\"caption-attachment-11951\" class=\"wp-caption-text\">Tilanne oli p\u00e4\u00e4ll\u00e4 ja meno jylh\u00e4\u00e4. Kuva: Velda Parkkinen<\/figcaption><\/figure>\n<p class=\"p1\"><strong>Miksi H\u00e4irik\u00f6iden<\/strong>\u00a0koulutuspolitiikan kritisoiminen kohdistuu Juha Sipil\u00e4\u00e4n? P\u00e4\u00e4ministeri vastaa hallituksensa tekemisist\u00e4 ja m\u00e4\u00e4ritt\u00e4\u00e4 hyvin pitk\u00e4lle ne rajat, joiden puitteissa esimerkiksi opetus- ja kulttuuriministeri\u00f6 toimii.<\/p>\n<p class=\"p1\">Poliittisesta populismista v\u00e4itellyt, Helsingin yliopiston tutkija Emilia Palonen <a href=\"http:\/\/hairikot.voima.fi\/artikkeli\/populismin-nousu-ja-tuho\/\">analysoi H\u00e4irik\u00f6iden pyynn\u00f6st\u00e4<\/a>\u00a0<a href=\"https:\/\/pvf.fi\/vuosi-vaaleista\/\" class=\"external\" rel=\"nofollow\">Vuosi vaaleista -n\u00e4yttelyyn<\/a> tehtyj\u00e4 teoksia, joista Suomi ep\u00e4kuntoon oli yksi.<\/p>\n<p class=\"p3\"><span class=\"s3\"><i>&#8221;<\/i><\/span><b><i>Salama<\/i><\/b><i>, joka iskee Helsingin yliopiston p\u00e4\u00e4rakennuksen lipputankoon, hymyilev\u00e4 miljon\u00e4\u00e4ri oranssissa kravatissaan. Kun ensimm\u00e4isen kerran n\u00e4in <\/i><b><i>Juha Sipil\u00e4n <\/i><\/b><i>vaalimainoksen ihmettelin solmion v\u00e4ri\u00e4. Oranssi on populistien v\u00e4ri (esimerkiksi Fidesz Unkarissa, BZ\u00d6 It\u00e4vallassa, oranssi vallankumous Ukrainassa). Se on siis niiden v\u00e4ri, jotka v\u00e4itt\u00e4v\u00e4t olevansa kansan puolella eliitti\u00e4 vastaan, ilman mit\u00e4\u00e4n erityisi\u00e4 ideologioita.<\/i><\/p>\n<p class=\"p4\"><i>Vuosi sitten emme tienneet, mit\u00e4 Sipil\u00e4 ajoi, paitsi iloisia naamoja, jotka ovat nyt poissa julisteesta. Tilalla on autio tsaarin ajan aukio. Jotenkin t\u00e4st\u00e4 kuvasta, arkkitehtonisesta paraatiaukiosta ja hihojen k\u00e4\u00e4rimisest\u00e4 tulee mieleen neuvostorealismi.<\/i><\/p>\n<p class=\"p4\"><i>Nyt, vuosi vaalien j\u00e4lkeen tied\u00e4mme, ett\u00e4 hallituksella on ollut jonkinlainen agenda. Pitk\u00e4lle kyse on ollut siit\u00e4, ett\u00e4 k\u00e4\u00e4rit\u00e4\u00e4n hihat. Ja sitten on kiukuteltu, kun mit\u00e4\u00e4n ei olekaan tapahtunut. Kaikki ei olekaan mennyt kuin johtamisen oppikirjoissa, ja on tullut kritiikki\u00e4. Jos teoreetikoita <\/i><b><i>Chantal Mouffea<\/i><\/b><i> ja <\/i><b><i>Ernesto Laclauta<\/i><\/b><i> uskotaan, kiista on kuitenkin demokratialle keskeist\u00e4.<\/i><\/p>\n<p class=\"p4\"><i>Vaalikev\u00e4inen ty\u00f6rauha, jonka avulla Sipil\u00e4 sai m\u00f6ll\u00f6tt\u00e4\u00e4 yhteisen\u00e4 nimitt\u00e4j\u00e4n\u00e4 kaikille vaatimuksille, joita tehtiin hallitusta vastaan, on nyt murentunut. Tavoitteitakin on saavutettu: naisten ja lasten asemaa on heikennetty, sivistyksest\u00e4 ja kehitysavusta on viety rahat.<\/i><\/p>\n<p class=\"p4\"><i>Onko niin, ett\u00e4 Sipil\u00e4n salama iskee yliopistoon \u2013 vai nousevatko pilvet yliopiston takaa ja yliopisto toimii ukkosenjohdattimena? Kun tutkii populismia rajat ylitt\u00e4v\u00e4n\u00e4 ilmi\u00f6n\u00e4, on selv\u00e4\u00e4, ett\u00e4 sivistysvastainen anti-intellektualismi on niille kaikille tyypillist\u00e4.&#8221;<\/i><\/p>\n<p class=\"p1\">Me H\u00e4irik\u00f6t-p\u00e4\u00e4majassa uskomme, ett\u00e4 juuri nykyisen kaltaisessa tilanteessa, jossa tulevaisuus on ep\u00e4varmaa ja maailmatalous vinksin vonksin, meid\u00e4n t\u00e4ytyy kehitt\u00e4\u00e4 itse\u00e4mme ja pyrki\u00e4 parempaan. Nyt hallitus pyrkii nostamaan ty\u00f6llisyytt\u00e4 <a href=\"http:\/\/yle.fi\/uutiset\/hallitus_lykkaa_vaikeat_paatokset_tyollistamisesta_eteenpain\/9138697\" class=\"external\" rel=\"nofollow\">kikytt\u00e4m\u00e4ll\u00e4 k\u00f6yhi\u00e4<\/a>.<\/p>\n<p class=\"p5\"><em>\u201dPakettiin kuuluu, ett\u00e4 jokainen ty\u00f6t\u00f6n haastatellaan kolmen kuukauden v\u00e4lein, mihin hallitus laittaa 17 miljoonaa euroa lis\u00e4rahaa. Kasvavan ty\u00f6m\u00e4\u00e4r\u00e4n takia my\u00f6s yksityisten palveluntuottajien k\u00e4ytt\u00f6\u00e4 lis\u00e4t\u00e4\u00e4n. Ty\u00f6voimapalveluja tehostamalla hallitus yritt\u00e4\u00e4 auttaa ihmisi\u00e4 l\u00f6yt\u00e4m\u00e4\u00e4n t\u00f6it\u00e4.. ..Valtiovarainministeri Petteri Orpon (kok.) mukaan tarkoitus on luoda edellytykset 10 000 uudelle ty\u00f6paikalle.\u201d<\/em><\/p>\n<p class=\"p6\">En ole ihan varma, kuinka ty\u00f6tt\u00f6mien lis\u00e4\u00e4ntynyt kytt\u00e4\u00e4minen lis\u00e4\u00e4 tarjolla olevien ty\u00f6paikkojen m\u00e4\u00e4r\u00e4\u00e4 muualla kuin kytt\u00e4\u00e4missektorilla. Vissiin nuo uudet ty\u00f6paikat ovat niit\u00e4 kytt\u00e4\u00e4miseen liittyvi\u00e4. Ja t\u00e4t\u00e4 kytt\u00e4\u00e4mist\u00e4h\u00e4n voi lis\u00e4t\u00e4 kunnes kaikki ty\u00f6tt\u00f6m\u00e4t ovat ty\u00f6llistyneet kytt\u00e4\u00e4jin\u00e4.<\/p>\n<p class=\"p6\">Itse kuitenkin toivoisin hallitukselta avauksia, jotka eiv\u00e4t perustu kuristamiseen, leikkaamiseen ja kytt\u00e4\u00e4miseen.<\/p>\n<figure id=\"attachment_11952\" aria-describedby=\"caption-attachment-11952\" style=\"width: 300px\" class=\"wp-caption alignnone\"><img decoding=\"async\" class=\"size-full wp-image-11952\" src=\"https:\/\/voima.fi\/hairikot\/wp-content\/uploads\/sites\/9\/2016\/09\/Ha-mmentynyt-mies.png\" alt=\"Olemme h\u00e4mmentyneit\u00e4, kuten kuvasta n\u00e4kyy.\" width=\"300\" height=\"363\" srcset=\"https:\/\/voima.fi\/hairikot\/wp-content\/uploads\/sites\/9\/2016\/09\/Ha-mmentynyt-mies.png 300w, https:\/\/voima.fi\/hairikot\/wp-content\/uploads\/sites\/9\/2016\/09\/Ha-mmentynyt-mies-264x320.png 264w, https:\/\/voima.fi\/hairikot\/wp-content\/uploads\/sites\/9\/2016\/09\/Ha-mmentynyt-mies-200x242.png 200w, https:\/\/voima.fi\/hairikot\/wp-content\/uploads\/sites\/9\/2016\/09\/Ha-mmentynyt-mies-248x300.png 248w\" sizes=\"(max-width: 300px) 100vw, 300px\" \/><figcaption id=\"caption-attachment-11952\" class=\"wp-caption-text\">Olemme h\u00e4mmentyneit\u00e4, kuten kuvasta n\u00e4kyy.<\/figcaption><\/figure>\n","protected":false},"excerpt":{"rendered":"<p>Kun akateeminen v\u00e4ki pohtii koulutuspoliittisia linjauksia ja tutkimuksen merkityst\u00e4, on H\u00e4irik\u00f6iden roolina h\u00e4irik\u00f6id\u00e4.<\/p>\n","protected":false},"author":122,"featured_media":14977,"comment_status":"open","ping_status":"open","sticky":false,"template":"","format":"standard","meta":{"footnotes":""},"categories":[5],"tags":[144,905,1232,1260,2403,2404,2444,2536,2537,2538],"yoast_head":"<!-- This site is optimized with the Yoast SEO plugin v22.7 - https:\/\/yoast.com\/wordpress\/plugins\/seo\/ -->\n<title>Suomi ep\u00e4kuntoon \u2013\u00a0KATSO VIDEO! - H\u00e4irik\u00f6t-p\u00e4\u00e4maja<\/title>\n<meta name=\"robots\" content=\"index, follow, max-snippet:-1, max-image-preview:large, max-video-preview:-1\" \/>\n<link rel=\"canonical\" href=\"https:\/\/voima.fi\/hairikot\/artikkeli\/suomi-epakuntoon-2\/\" \/>\n<meta property=\"og:locale\" content=\"fi_FI\" \/>\n<meta property=\"og:type\" content=\"article\" \/>\n<meta property=\"og:title\" content=\"Suomi ep\u00e4kuntoon \u2013\u00a0KATSO VIDEO! - H\u00e4irik\u00f6t-p\u00e4\u00e4maja\" \/>\n<meta property=\"og:description\" content=\"Kun akateeminen v\u00e4ki pohtii koulutuspoliittisia linjauksia ja tutkimuksen merkityst\u00e4, on H\u00e4irik\u00f6iden roolina h\u00e4irik\u00f6id\u00e4.\" \/>\n<meta property=\"og:url\" content=\"https:\/\/voima.fi\/hairikot\/artikkeli\/suomi-epakuntoon-2\/\" \/>\n<meta property=\"og:site_name\" content=\"H\u00e4irik\u00f6t-p\u00e4\u00e4maja\" \/>\n<meta property=\"article:published_time\" content=\"2016-09-02T21:00:00+00:00\" \/>\n<meta property=\"article:modified_time\" content=\"2020-08-10T11:02:19+00:00\" \/>\n<meta property=\"og:image\" content=\"https:\/\/voima.fi\/hairikot\/wp-content\/uploads\/sites\/9\/2020\/04\/kiseleff4iso.jpg\" \/>\n\t<meta property=\"og:image:width\" content=\"1098\" \/>\n\t<meta property=\"og:image:height\" content=\"732\" \/>\n\t<meta property=\"og:image:type\" content=\"image\/jpeg\" \/>\n<meta name=\"author\" content=\"Jari Tamminen\" \/>\n<meta name=\"twitter:card\" content=\"summary_large_image\" \/>\n<meta name=\"twitter:label1\" content=\"Kirjoittanut\" \/>\n\t<meta name=\"twitter:data1\" content=\"Jari Tamminen\" \/>\n\t<meta name=\"twitter:label2\" content=\"Arvioitu lukuaika\" \/>\n\t<meta name=\"twitter:data2\" content=\"5 minuuttia\" \/>\n<script type=\"application\/ld+json\" class=\"yoast-schema-graph\">{\"@context\":\"https:\/\/schema.org\",\"@graph\":[{\"@type\":\"WebPage\",\"@id\":\"https:\/\/voima.fi\/hairikot\/artikkeli\/suomi-epakuntoon-2\/\",\"url\":\"https:\/\/voima.fi\/hairikot\/artikkeli\/suomi-epakuntoon-2\/\",\"name\":\"Suomi ep\u00e4kuntoon \u2013\u00a0KATSO VIDEO! - H\u00e4irik\u00f6t-p\u00e4\u00e4maja\",\"isPartOf\":{\"@id\":\"https:\/\/voima.fi\/hairikot\/#website\"},\"primaryImageOfPage\":{\"@id\":\"https:\/\/voima.fi\/hairikot\/artikkeli\/suomi-epakuntoon-2\/#primaryimage\"},\"image\":{\"@id\":\"https:\/\/voima.fi\/hairikot\/artikkeli\/suomi-epakuntoon-2\/#primaryimage\"},\"thumbnailUrl\":\"https:\/\/voima.fi\/hairikot\/wp-content\/uploads\/sites\/9\/2020\/04\/kiseleff4iso.jpg\",\"datePublished\":\"2016-09-02T21:00:00+00:00\",\"dateModified\":\"2020-08-10T11:02:19+00:00\",\"author\":{\"@id\":\"https:\/\/voima.fi\/hairikot\/#\/schema\/person\/523ff68c19f1381d78529f38bb76e7fe\"},\"breadcrumb\":{\"@id\":\"https:\/\/voima.fi\/hairikot\/artikkeli\/suomi-epakuntoon-2\/#breadcrumb\"},\"inLanguage\":\"fi\",\"potentialAction\":[{\"@type\":\"ReadAction\",\"target\":[\"https:\/\/voima.fi\/hairikot\/artikkeli\/suomi-epakuntoon-2\/\"]}]},{\"@type\":\"ImageObject\",\"inLanguage\":\"fi\",\"@id\":\"https:\/\/voima.fi\/hairikot\/artikkeli\/suomi-epakuntoon-2\/#primaryimage\",\"url\":\"https:\/\/voima.fi\/hairikot\/wp-content\/uploads\/sites\/9\/2020\/04\/kiseleff4iso.jpg\",\"contentUrl\":\"https:\/\/voima.fi\/hairikot\/wp-content\/uploads\/sites\/9\/2020\/04\/kiseleff4iso.jpg\",\"width\":1098,\"height\":732},{\"@type\":\"BreadcrumbList\",\"@id\":\"https:\/\/voima.fi\/hairikot\/artikkeli\/suomi-epakuntoon-2\/#breadcrumb\",\"itemListElement\":[{\"@type\":\"ListItem\",\"position\":1,\"name\":\"Home\",\"item\":\"https:\/\/voima.fi\/hairikot\/\"},{\"@type\":\"ListItem\",\"position\":2,\"name\":\"Suomi ep\u00e4kuntoon \u2013\u00a0KATSO VIDEO!\"}]},{\"@type\":\"WebSite\",\"@id\":\"https:\/\/voima.fi\/hairikot\/#website\",\"url\":\"https:\/\/voima.fi\/hairikot\/\",\"name\":\"H\u00e4irik\u00f6t-p\u00e4\u00e4maja\",\"description\":\"\",\"potentialAction\":[{\"@type\":\"SearchAction\",\"target\":{\"@type\":\"EntryPoint\",\"urlTemplate\":\"https:\/\/voima.fi\/hairikot\/?s={search_term_string}\"},\"query-input\":\"required name=search_term_string\"}],\"inLanguage\":\"fi\"},{\"@type\":\"Person\",\"@id\":\"https:\/\/voima.fi\/hairikot\/#\/schema\/person\/523ff68c19f1381d78529f38bb76e7fe\",\"name\":\"Jari Tamminen\",\"image\":{\"@type\":\"ImageObject\",\"inLanguage\":\"fi\",\"@id\":\"https:\/\/voima.fi\/hairikot\/#\/schema\/person\/image\/\",\"url\":\"https:\/\/secure.gravatar.com\/avatar\/e5c0bb16f2efc1924afe37fc190f8ce1?s=96&d=blank&r=g\",\"contentUrl\":\"https:\/\/secure.gravatar.com\/avatar\/e5c0bb16f2efc1924afe37fc190f8ce1?s=96&d=blank&r=g\",\"caption\":\"Jari Tamminen\"},\"description\":\"Kulttuurih\u00e4irint\u00e4 on taiteen ja aktivismin j\u00e4nnitt\u00e4v\u00e4\u00e4 lomittumista: odottamaton performanssi katuvilin\u00e4ss\u00e4, vallattuja mainostauluja ja mainosparodioita. Se on k\u00e4site, joka yhdist\u00e4\u00e4 yhteiskunnallista kommentaaria ja luovaa vastarintaa. T\u00e4ss\u00e4 blogissa Voiman Jari Tamminen hahmottaa maailmaa kulttuurih\u00e4irinn\u00e4n n\u00e4k\u00f6kulmasta. Lis\u00e4\u00e4 Tammisen huomioita kulttuurih\u00e4irinn\u00e4st\u00e4 voi lukea Voimasta, H\u00e4irik\u00f6t \u2013 Kulttuurih\u00e4irinn\u00e4n aakkoset -kirjasta ja p\u00e4ivitt\u00e4in osoitteesta www.facebook.com\/hairikot.\",\"sameAs\":[\"http:\/\/www.facebook.com\/hairikot\"],\"url\":\"https:\/\/voima.fi\/hairikot\/artikkeli\/author\/hairikko\/\"}]}<\/script>\n<!-- \/ Yoast SEO plugin. -->","yoast_head_json":{"title":"Suomi ep\u00e4kuntoon \u2013\u00a0KATSO VIDEO! - H\u00e4irik\u00f6t-p\u00e4\u00e4maja","robots":{"index":"index","follow":"follow","max-snippet":"max-snippet:-1","max-image-preview":"max-image-preview:large","max-video-preview":"max-video-preview:-1"},"canonical":"https:\/\/voima.fi\/hairikot\/artikkeli\/suomi-epakuntoon-2\/","og_locale":"fi_FI","og_type":"article","og_title":"Suomi ep\u00e4kuntoon \u2013\u00a0KATSO VIDEO! - H\u00e4irik\u00f6t-p\u00e4\u00e4maja","og_description":"Kun akateeminen v\u00e4ki pohtii koulutuspoliittisia linjauksia ja tutkimuksen merkityst\u00e4, on H\u00e4irik\u00f6iden roolina h\u00e4irik\u00f6id\u00e4.","og_url":"https:\/\/voima.fi\/hairikot\/artikkeli\/suomi-epakuntoon-2\/","og_site_name":"H\u00e4irik\u00f6t-p\u00e4\u00e4maja","article_published_time":"2016-09-02T21:00:00+00:00","article_modified_time":"2020-08-10T11:02:19+00:00","og_image":[{"width":1098,"height":732,"url":"https:\/\/voima.fi\/hairikot\/wp-content\/uploads\/sites\/9\/2020\/04\/kiseleff4iso.jpg","type":"image\/jpeg"}],"author":"Jari Tamminen","twitter_card":"summary_large_image","twitter_misc":{"Kirjoittanut":"Jari Tamminen","Arvioitu lukuaika":"5 minuuttia"},"schema":{"@context":"https:\/\/schema.org","@graph":[{"@type":"WebPage","@id":"https:\/\/voima.fi\/hairikot\/artikkeli\/suomi-epakuntoon-2\/","url":"https:\/\/voima.fi\/hairikot\/artikkeli\/suomi-epakuntoon-2\/","name":"Suomi ep\u00e4kuntoon \u2013\u00a0KATSO VIDEO! - H\u00e4irik\u00f6t-p\u00e4\u00e4maja","isPartOf":{"@id":"https:\/\/voima.fi\/hairikot\/#website"},"primaryImageOfPage":{"@id":"https:\/\/voima.fi\/hairikot\/artikkeli\/suomi-epakuntoon-2\/#primaryimage"},"image":{"@id":"https:\/\/voima.fi\/hairikot\/artikkeli\/suomi-epakuntoon-2\/#primaryimage"},"thumbnailUrl":"https:\/\/voima.fi\/hairikot\/wp-content\/uploads\/sites\/9\/2020\/04\/kiseleff4iso.jpg","datePublished":"2016-09-02T21:00:00+00:00","dateModified":"2020-08-10T11:02:19+00:00","author":{"@id":"https:\/\/voima.fi\/hairikot\/#\/schema\/person\/523ff68c19f1381d78529f38bb76e7fe"},"breadcrumb":{"@id":"https:\/\/voima.fi\/hairikot\/artikkeli\/suomi-epakuntoon-2\/#breadcrumb"},"inLanguage":"fi","potentialAction":[{"@type":"ReadAction","target":["https:\/\/voima.fi\/hairikot\/artikkeli\/suomi-epakuntoon-2\/"]}]},{"@type":"ImageObject","inLanguage":"fi","@id":"https:\/\/voima.fi\/hairikot\/artikkeli\/suomi-epakuntoon-2\/#primaryimage","url":"https:\/\/voima.fi\/hairikot\/wp-content\/uploads\/sites\/9\/2020\/04\/kiseleff4iso.jpg","contentUrl":"https:\/\/voima.fi\/hairikot\/wp-content\/uploads\/sites\/9\/2020\/04\/kiseleff4iso.jpg","width":1098,"height":732},{"@type":"BreadcrumbList","@id":"https:\/\/voima.fi\/hairikot\/artikkeli\/suomi-epakuntoon-2\/#breadcrumb","itemListElement":[{"@type":"ListItem","position":1,"name":"Home","item":"https:\/\/voima.fi\/hairikot\/"},{"@type":"ListItem","position":2,"name":"Suomi ep\u00e4kuntoon \u2013\u00a0KATSO VIDEO!"}]},{"@type":"WebSite","@id":"https:\/\/voima.fi\/hairikot\/#website","url":"https:\/\/voima.fi\/hairikot\/","name":"H\u00e4irik\u00f6t-p\u00e4\u00e4maja","description":"","potentialAction":[{"@type":"SearchAction","target":{"@type":"EntryPoint","urlTemplate":"https:\/\/voima.fi\/hairikot\/?s={search_term_string}"},"query-input":"required name=search_term_string"}],"inLanguage":"fi"},{"@type":"Person","@id":"https:\/\/voima.fi\/hairikot\/#\/schema\/person\/523ff68c19f1381d78529f38bb76e7fe","name":"Jari Tamminen","image":{"@type":"ImageObject","inLanguage":"fi","@id":"https:\/\/voima.fi\/hairikot\/#\/schema\/person\/image\/","url":"https:\/\/secure.gravatar.com\/avatar\/e5c0bb16f2efc1924afe37fc190f8ce1?s=96&d=blank&r=g","contentUrl":"https:\/\/secure.gravatar.com\/avatar\/e5c0bb16f2efc1924afe37fc190f8ce1?s=96&d=blank&r=g","caption":"Jari Tamminen"},"description":"Kulttuurih\u00e4irint\u00e4 on taiteen ja aktivismin j\u00e4nnitt\u00e4v\u00e4\u00e4 lomittumista: odottamaton performanssi katuvilin\u00e4ss\u00e4, vallattuja mainostauluja ja mainosparodioita. Se on k\u00e4site, joka yhdist\u00e4\u00e4 yhteiskunnallista kommentaaria ja luovaa vastarintaa. T\u00e4ss\u00e4 blogissa Voiman Jari Tamminen hahmottaa maailmaa kulttuurih\u00e4irinn\u00e4n n\u00e4k\u00f6kulmasta. Lis\u00e4\u00e4 Tammisen huomioita kulttuurih\u00e4irinn\u00e4st\u00e4 voi lukea Voimasta, H\u00e4irik\u00f6t \u2013 Kulttuurih\u00e4irinn\u00e4n aakkoset -kirjasta ja p\u00e4ivitt\u00e4in osoitteesta www.facebook.com\/hairikot.","sameAs":["http:\/\/www.facebook.com\/hairikot"],"url":"https:\/\/voima.fi\/hairikot\/artikkeli\/author\/hairikko\/"}]}},"enclosure":{"image":"https:\/\/voima.fi\/hairikot\/wp-content\/uploads\/sites\/9\/2020\/04\/kiseleff4iso.jpg"},"meta:avatar":"","geolocation":[],"meta:youtube":null,"meta:vimeo":null,"meta:duration":null,"_links":{"self":[{"href":"https:\/\/voima.fi\/hairikot\/wp-json\/wp\/v2\/posts\/17559"}],"collection":[{"href":"https:\/\/voima.fi\/hairikot\/wp-json\/wp\/v2\/posts"}],"about":[{"href":"https:\/\/voima.fi\/hairikot\/wp-json\/wp\/v2\/types\/post"}],"author":[{"embeddable":true,"href":"https:\/\/voima.fi\/hairikot\/wp-json\/wp\/v2\/users\/122"}],"replies":[{"embeddable":true,"href":"https:\/\/voima.fi\/hairikot\/wp-json\/wp\/v2\/comments?post=17559"}],"version-history":[{"count":1,"href":"https:\/\/voima.fi\/hairikot\/wp-json\/wp\/v2\/posts\/17559\/revisions"}],"predecessor-version":[{"id":18342,"href":"https:\/\/voima.fi\/hairikot\/wp-json\/wp\/v2\/posts\/17559\/revisions\/18342"}],"wp:featuredmedia":[{"embeddable":true,"href":"https:\/\/voima.fi\/hairikot\/wp-json\/wp\/v2\/media\/14977"}],"wp:attachment":[{"href":"https:\/\/voima.fi\/hairikot\/wp-json\/wp\/v2\/media?parent=17559"}],"wp:term":[{"taxonomy":"category","embeddable":true,"href":"https:\/\/voima.fi\/hairikot\/wp-json\/wp\/v2\/categories?post=17559"},{"taxonomy":"post_tag","embeddable":true,"href":"https:\/\/voima.fi\/hairikot\/wp-json\/wp\/v2\/tags?post=17559"}],"curies":[{"name":"wp","href":"https:\/\/api.w.org\/{rel}","templated":true}]}}