{"id":17556,"date":"2016-08-25T00:00:00","date_gmt":"2016-08-24T21:00:00","guid":{"rendered":"http:\/\/voima.fi\/hairikot\/blogi\/purku-uhan-alla-lontoossa"},"modified":"2020-08-10T14:02:20","modified_gmt":"2020-08-10T11:02:20","slug":"purku-uhan-alla-lontoossa","status":"publish","type":"post","link":"https:\/\/voima.fi\/hairikot\/artikkeli\/purku-uhan-alla-lontoossa\/","title":{"rendered":"Purku-uhan alla Lontoossa"},"content":{"rendered":"<p class=\"p1\"><span class=\"s1\"><i>Hackney Wickiss\u00e4<\/i><\/span><i> Euroopan suurimman taideyhteis\u00f6n olemassa olo on uhattuna.<\/i><\/p>\n<p class=\"p3\"><b>Nyt se<\/b> sitten tapahtui.<\/p>\n<p class=\"p3\">Kuukausi sitten naapureilleni tippui postiluukusta kirje London Legacy Development Corporation-yhti\u00f6lt\u00e4, joka omistaa It\u00e4-Lontoossa sijaitsevan Lontoon Olympia Stadionin \u2014 sek\u00e4 kivenheiton p\u00e4\u00e4ss\u00e4 sijaitsevan taiteilijayhteis\u00f6n tonttimme.<\/p>\n<p class=\"p3\">Kirjeess\u00e4 kerrottiin, ett\u00e4 varastohalli, jossa on yhteens\u00e4 noin sadan\u00a0taiteilijan vuokraty\u00f6tilat, aiotaan pist\u00e4\u00e4 maan tasalle uuden k\u00e4velysillan tielt\u00e4 5. syyskuuta 2016. <a href=\"http:\/\/hackneycitizen.co.uk\/2016\/07\/29\/vittoria-wharf-demolition-olympic-legacy-developers-have-no-grasp-community-campaigners\/\" class=\"external\" rel=\"nofollow\">Silta yhdist\u00e4isi Lontoon Olympian Stadionin sek\u00e4 Vittoria Wharfin<\/a>, alueemme Hackney Wickissa. Silta on \u201d\u00e4\u00e4rimm\u00e4isen t\u00e4rke\u00e4 tuleville asukkaille ja alueen vireydelle.\u201d<\/p>\n<p class=\"p3\">Luksusasunnoille, siis.<\/p>\n<p class=\"p3\">Ehdotuksessa on monta erikoista pointtia, t\u00e4rkeimmist\u00e4 se, ett\u00e4 asuntomme sijaitsee noin 100 metrin p\u00e4\u00e4st\u00e4 kahdesta Lea River-kanaalin ylitt\u00e4v\u00e4st\u00e4 sillasta. On vaikea n\u00e4hd\u00e4 sillan tarpeellisuutta, ainakaan juuri t\u00e4ll\u00e4 hetkell\u00e4.<\/p>\n<figure id=\"attachment_11894\" aria-describedby=\"caption-attachment-11894\" style=\"width: 960px\" class=\"wp-caption alignnone\"><img decoding=\"async\" class=\"size-full wp-image-11894\" src=\"https:\/\/voima.fi\/hairikot\/wp-content\/uploads\/sites\/9\/2020\/04\/1.-Nima-Teranchi.jpg\" alt=\"Paikallista aktivistia ja taiteilijaa Nima Trenchia haastateltiin ITV News - uutisiin 21. elokuuta.\" width=\"960\" height=\"960\" \/><figcaption id=\"caption-attachment-11894\" class=\"wp-caption-text\">Paikallista aktivistia ja taiteilijaa Nima Trenchia haastateltiin ITV News &#8211; uutisiin 21. elokuuta.<\/figcaption><\/figure>\n<p class=\"p3\"><strong>Hackney Wick<\/strong> on Lontoon \u2014 tai koko Euroopan \u2014 tiheimmin taiteilijoiden asuttama alue, jossa on lukuisia gallerioita, konserttitiloja ja live-work-tiloja. Puhetta taiteilijoiden t\u00e4ytt\u00e4mien entisten varasto- ja tehdastilojen maantasolle pist\u00e4misest\u00e4 on ollut ilmoilla ennenkin, mutta mahdollisesti vasta vuosien p\u00e4\u00e4st\u00e4. Uutinen tuli yhteis\u00f6lle j\u00e4rkytyksen\u00e4.<\/p>\n<p class=\"p3\">Elokuun alussa lanseerasimme <a href=\"https:\/\/savehackneywick.org\/\" class=\"external\" rel=\"nofollow\"><span class=\"s2\">Save Hackney Wick \u2013 kampanjan<\/span><\/a>: j\u00e4rjestimme naapurustossa konsertteja, puhetilaisuuksia, painoimme flyereita, julisteita sek\u00e4 <a href=\"http:\/\/savehackneywick.bigcartel.com\/\" class=\"external\" rel=\"nofollow\"><span class=\"s2\">t-paitoja<\/span><\/a> ja perustimme <a href=\"https:\/\/www.change.org\/p\/save-hackney-wick-stop-the-demolition-of-a-community\" class=\"external\" rel=\"nofollow\"><span class=\"s2\">vetoomuksen<\/span><\/a>purku-uhan lopettamiseksi.\u00a0 T\u00e4ll\u00e4 hetkell\u00e4 vetoomus on ker\u00e4nnyt liki 3,000 allekirjoitusta.<\/p>\n<p class=\"p3\">Kampanjan tarkoituksena on 1) viiv\u00e4stytt\u00e4\u00e4 purkutuomitota 2) saada t\u00e4rke\u00e4lle, globaalille kysymykselle n\u00e4kyvyytt\u00e4 ja 3) ostaa oikeus tonttiin yhdess\u00e4 viereisen Stour Space-gallerian kanssa ja luoda uusi \u201dedullisen ja kollektiivisen luovan ty\u00f6skentelyn malli, joka olisi avoinna my\u00f6s yleis\u00f6lle.\u201d \u00a0Ty\u00f6tiloja taiteilijoille siis. Pist\u00e4\u00e4 stop Lontoon loputtomalle gentrifikaatiolle.<\/p>\n<figure id=\"attachment_11896\" aria-describedby=\"caption-attachment-11896\" style=\"width: 5616px\" class=\"wp-caption alignnone\"><img decoding=\"async\" class=\"size-full wp-image-11896\" src=\"https:\/\/voima.fi\/hairikot\/wp-content\/uploads\/sites\/9\/2020\/04\/2.-HW-1-scaled.jpg\" alt=\"Hackney Wick on yli 100 taiteilijan koti. Kuva: Sara K\u00e4rp\u00e4nen \" width=\"5616\" height=\"3744\" \/><figcaption id=\"caption-attachment-11896\" class=\"wp-caption-text\">Hackney Wick on yli 100 taiteilijan koti. Kuva: Sara K\u00e4rp\u00e4nen<\/figcaption><\/figure>\n<p class=\"p3\"><strong style=\"line-height: 1.5;\">T\u00e4t\u00e4 kirjoittaessani<\/strong><span style=\"line-height: 1.5;\"> olemme saaneet roimasti n\u00e4kyvyytt\u00e4: ensin alakulttuurimedia <\/span><i style=\"line-height: 1.5;\">Vice <\/i><span style=\"line-height: 1.5;\">nappasi jutun otsikolla \u201dWhy we need to save Hackney Wick \u2013 Hackney Wick\u2019s unique artistic community is under threat.\u201d (&#8221;Miksi Hackney Wick tulisi pelastaa \u2014 Hackney Wickin uniikki taiteilijayhteis\u00f6 on uhan alla\u201d). Sen j\u00e4lkeen kampanjasta, jonka johtohahmoksi on noussut muusikko Nima Teranchia, on uutisoitu kansalliselle <\/span><a style=\"line-height: 1.5;\" href=\"https:\/\/twitter.com\/aidaprints\/status\/767749723054747648\" class=\"external\" rel=\"nofollow\"><span class=\"s2\"><i>ITV News<\/i><\/span><span class=\"s3\">&#8211;<\/span><\/a><span style=\"line-height: 1.5;\">televisiokanavalle, Sunday Timesiin ja Lontoon <\/span><a style=\"line-height: 1.5;\" href=\"http:\/\/www.timeout.com\/london\/blog\/hackney-wick-artists-are-protesting-to-save-their-studios-081216\" class=\"external\" rel=\"nofollow\"><span class=\"s2\">Time Out<\/span><\/a><span style=\"line-height: 1.5;\">-lehteen.<\/span><\/p>\n<p class=\"p3\">My\u00f6s poliitikot ja taidemaailma ovat hiljalleen her\u00e4nneet tilanteeseen: Tower Hamlet\u2019s Green party (vihreiden puole) on kritisoinut LLDC:ta ja tukenut julkisesti Save Hackney Wick-kampanjaa. Taidekriitikoiden s\u00e4\u00e4ti\u00f6 International Association of Art Critics Ireland on julkaissut aiheesta verkkosivuillaan mielipidekirjoituksen ja nykytaiteen museo White Chapel Gallery on levitt\u00e4nyt vetoomusta omassa sosiaalisessa mediassaan.<\/p>\n<p class=\"p3\">\u00a0Alueella on satoja taiteilijoita, mutta kampanja ydinryhm\u00e4ss\u00e4 meit\u00e4 on kourallinen. Siihen n\u00e4hden rattaiden py\u00f6riminen on tuntunut ihmeelliselt\u00e4. Toisaalta, luova energia sek\u00e4 osaaminen ja yhteisty\u00f6 ovat auttaneet ruohonjuuritason viestin eteenp\u00e4in viemisess\u00e4. Samalla, t\u00e4m\u00e4 ei ole viel\u00e4 l\u00e4hesk\u00e4\u00e4n tarpeeksi.<\/p>\n<figure id=\"attachment_11897\" aria-describedby=\"caption-attachment-11897\" style=\"width: 5616px\" class=\"wp-caption alignnone\"><img decoding=\"async\" class=\"size-full wp-image-11897\" src=\"https:\/\/voima.fi\/hairikot\/wp-content\/uploads\/sites\/9\/2020\/04\/3.kampanja_MG_9201-scaled.jpg\" alt=\"&quot;We caused Hackney Wick to become Gentrified. Now Where's my ten percent?&quot; Juliste Hackney Wickissa. Kuva: Sara K\u00e4rp\u00e4nen\" width=\"5616\" height=\"3744\" \/><figcaption id=\"caption-attachment-11897\" class=\"wp-caption-text\">&#8221;We caused Hackney Wick to become Gentrified. Now Where&#8217;s my ten percent?&#8221; Juliste Hackney Wickissa. Kuva: Sara K\u00e4rp\u00e4nen<\/figcaption><\/figure>\n<p class=\"p3\"><strong style=\"line-height: 1.5;\">Olympia-stadionia<\/strong><span style=\"line-height: 1.5;\"> suitsutetaan puiston hienosta aktivoinnista. Samalla, suuressa mediassa, harvoin puhutaan mit\u00e4 LLDC on tehnyt paikallisille asukkaille sek\u00e4 sen ymp\u00e4rist\u00f6lle: harvalla on en\u00e4\u00e4 varaa asua alueelle jota kuvataan <\/span><a style=\"line-height: 1.5;\" href=\"http:\/\/manhattanloftgardens.co.uk\/stratford-city\/\" class=\"external\" rel=\"nofollow\"><span class=\"s2\">\u201dLontoon Manhattaniksi\u201d<\/span><\/a><span style=\"line-height: 1.5;\"> ja jossa asuntoja ostavat l\u00e4hinn\u00e4 aasialaissijoittajat. Nyt, Euroopan suurimman taideyhteis\u00f6n purkaminen luksusanto tielt\u00e4 tuntuu jo liian paksulta.<\/span><\/p>\n<p class=\"p3\">En ole koskaan kokenut mit\u00e4\u00e4n kysymyst\u00e4 n\u00e4in t\u00e4rke\u00e4ksi. Mit\u00e4\u00e4n, jonka puolesta olisin valmis taistelemaan ja menett\u00e4m\u00e4\u00e4n y\u00f6uniani. Yhteis\u00f6kampanja on tuonut arkeen ihan uutta vireytt\u00e4.<\/p>\n<p class=\"p3\">Pian n\u00e4hd\u00e4\u00e4n miten meid\u00e4n k\u00e4y. Minulla on tunne ett\u00e4 t\u00e4m\u00e4 ei j\u00e4\u00e4 t\u00e4h\u00e4n. Lontoon uuden pormestari Sadiq Khanin vaalikampanja lupasi keskitty\u00e4 <a href=\"http:\/\/www.theguardian.com\/politics\/2016\/may\/16\/sadiq-khan-developers-housing-plan-london-mayor-affordable\" class=\"external\" rel=\"nofollow\"><span class=\"s2\">\u201dk\u00f6yhien ja v\u00e4h\u00e4tuloisten vuokratilanteiden parantamiseen<\/span><\/a>.\u201d<\/p>\n<p class=\"p3\">Khanilla olisi edess\u00e4 n\u00e4yt\u00f6npaikka.<\/p>\n<figure id=\"attachment_11898\" aria-describedby=\"caption-attachment-11898\" style=\"width: 800px\" class=\"wp-caption alignnone\"><img decoding=\"async\" class=\"size-full wp-image-11898\" src=\"https:\/\/voima.fi\/hairikot\/wp-content\/uploads\/sites\/9\/2016\/08\/4.-ryhma-kuva.jpg\" alt=\"Vittoria Wharf asukkaiden perustama &quot;Save Hackney Wick&quot; vetoomus on ker\u00e4nnyt l\u00e4hes 3,000 allekirjoitusta.\" width=\"800\" height=\"450\" srcset=\"https:\/\/voima.fi\/hairikot\/wp-content\/uploads\/sites\/9\/2016\/08\/4.-ryhma-kuva.jpg 800w, https:\/\/voima.fi\/hairikot\/wp-content\/uploads\/sites\/9\/2016\/08\/4.-ryhma-kuva-600x338.jpg 600w, https:\/\/voima.fi\/hairikot\/wp-content\/uploads\/sites\/9\/2016\/08\/4.-ryhma-kuva-768x432.jpg 768w, https:\/\/voima.fi\/hairikot\/wp-content\/uploads\/sites\/9\/2016\/08\/4.-ryhma-kuva-320x180.jpg 320w, https:\/\/voima.fi\/hairikot\/wp-content\/uploads\/sites\/9\/2016\/08\/4.-ryhma-kuva-200x113.jpg 200w, https:\/\/voima.fi\/hairikot\/wp-content\/uploads\/sites\/9\/2016\/08\/4.-ryhma-kuva-560x315.jpg 560w, https:\/\/voima.fi\/hairikot\/wp-content\/uploads\/sites\/9\/2016\/08\/4.-ryhma-kuva-300x169.jpg 300w\" sizes=\"(max-width: 800px) 100vw, 800px\" \/><figcaption id=\"caption-attachment-11898\" class=\"wp-caption-text\">Vittoria Wharf asukkaiden perustama &#8221;Save Hackney Wick&#8221; vetoomus on ker\u00e4nnyt l\u00e4hes 3,000 allekirjoitusta.<\/figcaption><\/figure>\n","protected":false},"excerpt":{"rendered":"<p>Hackney Wickiss\u00e4 Euroopan suurin taideyhteis\u00f6 on vaarassa.<\/p>\n","protected":false},"author":675,"featured_media":14971,"comment_status":"open","ping_status":"open","sticky":false,"template":"","format":"standard","meta":{"footnotes":""},"categories":[5],"tags":[63,177,601,1411],"yoast_head":"<!-- This site is optimized with the Yoast SEO plugin v22.7 - https:\/\/yoast.com\/wordpress\/plugins\/seo\/ -->\n<title>Purku-uhan alla Lontoossa - H\u00e4irik\u00f6t-p\u00e4\u00e4maja<\/title>\n<meta name=\"robots\" content=\"index, follow, max-snippet:-1, max-image-preview:large, max-video-preview:-1\" \/>\n<link rel=\"canonical\" href=\"https:\/\/voima.fi\/hairikot\/artikkeli\/purku-uhan-alla-lontoossa\/\" \/>\n<meta property=\"og:locale\" content=\"fi_FI\" \/>\n<meta property=\"og:type\" content=\"article\" \/>\n<meta property=\"og:title\" content=\"Purku-uhan alla Lontoossa - H\u00e4irik\u00f6t-p\u00e4\u00e4maja\" \/>\n<meta property=\"og:description\" content=\"Hackney Wickiss\u00e4 Euroopan suurin taideyhteis\u00f6 on vaarassa.\" \/>\n<meta property=\"og:url\" content=\"https:\/\/voima.fi\/hairikot\/artikkeli\/purku-uhan-alla-lontoossa\/\" \/>\n<meta property=\"og:site_name\" content=\"H\u00e4irik\u00f6t-p\u00e4\u00e4maja\" \/>\n<meta property=\"article:published_time\" content=\"2016-08-24T21:00:00+00:00\" \/>\n<meta property=\"article:modified_time\" content=\"2020-08-10T11:02:20+00:00\" \/>\n<meta property=\"og:image\" content=\"https:\/\/voima.fi\/hairikot\/wp-content\/uploads\/sites\/9\/2020\/04\/3.kampanja_MG_9201-scaled.jpg\" \/>\n\t<meta property=\"og:image:width\" content=\"2560\" \/>\n\t<meta property=\"og:image:height\" content=\"1707\" \/>\n\t<meta property=\"og:image:type\" content=\"image\/jpeg\" \/>\n<meta name=\"author\" content=\"Sara Sumelahti\" \/>\n<meta name=\"twitter:card\" content=\"summary_large_image\" \/>\n<meta name=\"twitter:label1\" content=\"Kirjoittanut\" \/>\n\t<meta name=\"twitter:data1\" content=\"Sara Sumelahti\" \/>\n\t<meta name=\"twitter:label2\" content=\"Arvioitu lukuaika\" \/>\n\t<meta name=\"twitter:data2\" content=\"3 minuuttia\" \/>\n<script type=\"application\/ld+json\" class=\"yoast-schema-graph\">{\"@context\":\"https:\/\/schema.org\",\"@graph\":[{\"@type\":\"WebPage\",\"@id\":\"https:\/\/voima.fi\/hairikot\/artikkeli\/purku-uhan-alla-lontoossa\/\",\"url\":\"https:\/\/voima.fi\/hairikot\/artikkeli\/purku-uhan-alla-lontoossa\/\",\"name\":\"Purku-uhan alla Lontoossa - H\u00e4irik\u00f6t-p\u00e4\u00e4maja\",\"isPartOf\":{\"@id\":\"https:\/\/voima.fi\/hairikot\/#website\"},\"primaryImageOfPage\":{\"@id\":\"https:\/\/voima.fi\/hairikot\/artikkeli\/purku-uhan-alla-lontoossa\/#primaryimage\"},\"image\":{\"@id\":\"https:\/\/voima.fi\/hairikot\/artikkeli\/purku-uhan-alla-lontoossa\/#primaryimage\"},\"thumbnailUrl\":\"https:\/\/voima.fi\/hairikot\/wp-content\/uploads\/sites\/9\/2020\/04\/3.kampanja_MG_9201-scaled.jpg\",\"datePublished\":\"2016-08-24T21:00:00+00:00\",\"dateModified\":\"2020-08-10T11:02:20+00:00\",\"author\":{\"@id\":\"https:\/\/voima.fi\/hairikot\/#\/schema\/person\/d0e5be8c033cdc433483d9d861503c62\"},\"breadcrumb\":{\"@id\":\"https:\/\/voima.fi\/hairikot\/artikkeli\/purku-uhan-alla-lontoossa\/#breadcrumb\"},\"inLanguage\":\"fi\",\"potentialAction\":[{\"@type\":\"ReadAction\",\"target\":[\"https:\/\/voima.fi\/hairikot\/artikkeli\/purku-uhan-alla-lontoossa\/\"]}]},{\"@type\":\"ImageObject\",\"inLanguage\":\"fi\",\"@id\":\"https:\/\/voima.fi\/hairikot\/artikkeli\/purku-uhan-alla-lontoossa\/#primaryimage\",\"url\":\"https:\/\/voima.fi\/hairikot\/wp-content\/uploads\/sites\/9\/2020\/04\/3.kampanja_MG_9201-scaled.jpg\",\"contentUrl\":\"https:\/\/voima.fi\/hairikot\/wp-content\/uploads\/sites\/9\/2020\/04\/3.kampanja_MG_9201-scaled.jpg\",\"width\":2560,\"height\":1707,\"caption\":\"\\\"We caused Hackney Wick to become Gentrified. Now Where's my ten percent?\\\" Juliste Hackney Wickissa. Kuva: Sara K\u00e4rp\u00e4nen\"},{\"@type\":\"BreadcrumbList\",\"@id\":\"https:\/\/voima.fi\/hairikot\/artikkeli\/purku-uhan-alla-lontoossa\/#breadcrumb\",\"itemListElement\":[{\"@type\":\"ListItem\",\"position\":1,\"name\":\"Home\",\"item\":\"https:\/\/voima.fi\/hairikot\/\"},{\"@type\":\"ListItem\",\"position\":2,\"name\":\"Purku-uhan alla Lontoossa\"}]},{\"@type\":\"WebSite\",\"@id\":\"https:\/\/voima.fi\/hairikot\/#website\",\"url\":\"https:\/\/voima.fi\/hairikot\/\",\"name\":\"H\u00e4irik\u00f6t-p\u00e4\u00e4maja\",\"description\":\"\",\"potentialAction\":[{\"@type\":\"SearchAction\",\"target\":{\"@type\":\"EntryPoint\",\"urlTemplate\":\"https:\/\/voima.fi\/hairikot\/?s={search_term_string}\"},\"query-input\":\"required name=search_term_string\"}],\"inLanguage\":\"fi\"},{\"@type\":\"Person\",\"@id\":\"https:\/\/voima.fi\/hairikot\/#\/schema\/person\/d0e5be8c033cdc433483d9d861503c62\",\"name\":\"Sara Sumelahti\",\"image\":{\"@type\":\"ImageObject\",\"inLanguage\":\"fi\",\"@id\":\"https:\/\/voima.fi\/hairikot\/#\/schema\/person\/image\/\",\"url\":\"https:\/\/secure.gravatar.com\/avatar\/ec6f6b581b28df412044814a77c547bc?s=96&d=blank&r=g\",\"contentUrl\":\"https:\/\/secure.gravatar.com\/avatar\/ec6f6b581b28df412044814a77c547bc?s=96&d=blank&r=g\",\"caption\":\"Sara Sumelahti\"},\"url\":\"https:\/\/voima.fi\/hairikot\/artikkeli\/author\/sara\/\"}]}<\/script>\n<!-- \/ Yoast SEO plugin. -->","yoast_head_json":{"title":"Purku-uhan alla Lontoossa - H\u00e4irik\u00f6t-p\u00e4\u00e4maja","robots":{"index":"index","follow":"follow","max-snippet":"max-snippet:-1","max-image-preview":"max-image-preview:large","max-video-preview":"max-video-preview:-1"},"canonical":"https:\/\/voima.fi\/hairikot\/artikkeli\/purku-uhan-alla-lontoossa\/","og_locale":"fi_FI","og_type":"article","og_title":"Purku-uhan alla Lontoossa - H\u00e4irik\u00f6t-p\u00e4\u00e4maja","og_description":"Hackney Wickiss\u00e4 Euroopan suurin taideyhteis\u00f6 on vaarassa.","og_url":"https:\/\/voima.fi\/hairikot\/artikkeli\/purku-uhan-alla-lontoossa\/","og_site_name":"H\u00e4irik\u00f6t-p\u00e4\u00e4maja","article_published_time":"2016-08-24T21:00:00+00:00","article_modified_time":"2020-08-10T11:02:20+00:00","og_image":[{"width":2560,"height":1707,"url":"https:\/\/voima.fi\/hairikot\/wp-content\/uploads\/sites\/9\/2020\/04\/3.kampanja_MG_9201-scaled.jpg","type":"image\/jpeg"}],"author":"Sara Sumelahti","twitter_card":"summary_large_image","twitter_misc":{"Kirjoittanut":"Sara Sumelahti","Arvioitu lukuaika":"3 minuuttia"},"schema":{"@context":"https:\/\/schema.org","@graph":[{"@type":"WebPage","@id":"https:\/\/voima.fi\/hairikot\/artikkeli\/purku-uhan-alla-lontoossa\/","url":"https:\/\/voima.fi\/hairikot\/artikkeli\/purku-uhan-alla-lontoossa\/","name":"Purku-uhan alla Lontoossa - H\u00e4irik\u00f6t-p\u00e4\u00e4maja","isPartOf":{"@id":"https:\/\/voima.fi\/hairikot\/#website"},"primaryImageOfPage":{"@id":"https:\/\/voima.fi\/hairikot\/artikkeli\/purku-uhan-alla-lontoossa\/#primaryimage"},"image":{"@id":"https:\/\/voima.fi\/hairikot\/artikkeli\/purku-uhan-alla-lontoossa\/#primaryimage"},"thumbnailUrl":"https:\/\/voima.fi\/hairikot\/wp-content\/uploads\/sites\/9\/2020\/04\/3.kampanja_MG_9201-scaled.jpg","datePublished":"2016-08-24T21:00:00+00:00","dateModified":"2020-08-10T11:02:20+00:00","author":{"@id":"https:\/\/voima.fi\/hairikot\/#\/schema\/person\/d0e5be8c033cdc433483d9d861503c62"},"breadcrumb":{"@id":"https:\/\/voima.fi\/hairikot\/artikkeli\/purku-uhan-alla-lontoossa\/#breadcrumb"},"inLanguage":"fi","potentialAction":[{"@type":"ReadAction","target":["https:\/\/voima.fi\/hairikot\/artikkeli\/purku-uhan-alla-lontoossa\/"]}]},{"@type":"ImageObject","inLanguage":"fi","@id":"https:\/\/voima.fi\/hairikot\/artikkeli\/purku-uhan-alla-lontoossa\/#primaryimage","url":"https:\/\/voima.fi\/hairikot\/wp-content\/uploads\/sites\/9\/2020\/04\/3.kampanja_MG_9201-scaled.jpg","contentUrl":"https:\/\/voima.fi\/hairikot\/wp-content\/uploads\/sites\/9\/2020\/04\/3.kampanja_MG_9201-scaled.jpg","width":2560,"height":1707,"caption":"\"We caused Hackney Wick to become Gentrified. Now Where's my ten percent?\" Juliste Hackney Wickissa. Kuva: Sara K\u00e4rp\u00e4nen"},{"@type":"BreadcrumbList","@id":"https:\/\/voima.fi\/hairikot\/artikkeli\/purku-uhan-alla-lontoossa\/#breadcrumb","itemListElement":[{"@type":"ListItem","position":1,"name":"Home","item":"https:\/\/voima.fi\/hairikot\/"},{"@type":"ListItem","position":2,"name":"Purku-uhan alla Lontoossa"}]},{"@type":"WebSite","@id":"https:\/\/voima.fi\/hairikot\/#website","url":"https:\/\/voima.fi\/hairikot\/","name":"H\u00e4irik\u00f6t-p\u00e4\u00e4maja","description":"","potentialAction":[{"@type":"SearchAction","target":{"@type":"EntryPoint","urlTemplate":"https:\/\/voima.fi\/hairikot\/?s={search_term_string}"},"query-input":"required name=search_term_string"}],"inLanguage":"fi"},{"@type":"Person","@id":"https:\/\/voima.fi\/hairikot\/#\/schema\/person\/d0e5be8c033cdc433483d9d861503c62","name":"Sara Sumelahti","image":{"@type":"ImageObject","inLanguage":"fi","@id":"https:\/\/voima.fi\/hairikot\/#\/schema\/person\/image\/","url":"https:\/\/secure.gravatar.com\/avatar\/ec6f6b581b28df412044814a77c547bc?s=96&d=blank&r=g","contentUrl":"https:\/\/secure.gravatar.com\/avatar\/ec6f6b581b28df412044814a77c547bc?s=96&d=blank&r=g","caption":"Sara Sumelahti"},"url":"https:\/\/voima.fi\/hairikot\/artikkeli\/author\/sara\/"}]}},"enclosure":{"image":"https:\/\/voima.fi\/hairikot\/wp-content\/uploads\/sites\/9\/2020\/04\/3.kampanja_MG_9201-scaled.jpg"},"meta:avatar":"","geolocation":[],"meta:youtube":null,"meta:vimeo":null,"meta:duration":null,"_links":{"self":[{"href":"https:\/\/voima.fi\/hairikot\/wp-json\/wp\/v2\/posts\/17556"}],"collection":[{"href":"https:\/\/voima.fi\/hairikot\/wp-json\/wp\/v2\/posts"}],"about":[{"href":"https:\/\/voima.fi\/hairikot\/wp-json\/wp\/v2\/types\/post"}],"author":[{"embeddable":true,"href":"https:\/\/voima.fi\/hairikot\/wp-json\/wp\/v2\/users\/675"}],"replies":[{"embeddable":true,"href":"https:\/\/voima.fi\/hairikot\/wp-json\/wp\/v2\/comments?post=17556"}],"version-history":[{"count":1,"href":"https:\/\/voima.fi\/hairikot\/wp-json\/wp\/v2\/posts\/17556\/revisions"}],"predecessor-version":[{"id":18345,"href":"https:\/\/voima.fi\/hairikot\/wp-json\/wp\/v2\/posts\/17556\/revisions\/18345"}],"wp:featuredmedia":[{"embeddable":true,"href":"https:\/\/voima.fi\/hairikot\/wp-json\/wp\/v2\/media\/14971"}],"wp:attachment":[{"href":"https:\/\/voima.fi\/hairikot\/wp-json\/wp\/v2\/media?parent=17556"}],"wp:term":[{"taxonomy":"category","embeddable":true,"href":"https:\/\/voima.fi\/hairikot\/wp-json\/wp\/v2\/categories?post=17556"},{"taxonomy":"post_tag","embeddable":true,"href":"https:\/\/voima.fi\/hairikot\/wp-json\/wp\/v2\/tags?post=17556"}],"curies":[{"name":"wp","href":"https:\/\/api.w.org\/{rel}","templated":true}]}}