{"id":17546,"date":"2016-06-27T00:00:00","date_gmt":"2016-06-26T21:00:00","guid":{"rendered":"http:\/\/voima.fi\/hairikot\/blogi\/yes-men-haluaa-aseen-joka-kateen"},"modified":"2020-08-10T14:02:20","modified_gmt":"2020-08-10T11:02:20","slug":"yes-men-haluaa-aseen-joka-kateen","status":"publish","type":"post","link":"https:\/\/voima.fi\/hairikot\/artikkeli\/yes-men-haluaa-aseen-joka-kateen\/","title":{"rendered":"Yes Men haluaa aseen joka k\u00e4teen"},"content":{"rendered":"<p class=\"p1\"><em>Aseet lis\u00e4\u00e4v\u00e4t turvallisuutta, eik\u00f6? Paras tapa lis\u00e4t\u00e4 turvattomien asuinalueiden turvallisuutta on siis toimittaa lis\u00e4\u00e4 aseita sinne koska miksip\u00e4 ei!<\/em><\/p>\n<p class=\"p1\"><b>Yritysidentiteettien lainaamisista<\/b> tunnettu <a href=\"http:\/\/uusi.voima.fi\/blog\/arkisto-voima\/httpwww-voima-ficontentviewfull1195\/\">The Yes Men<\/a> -kaksikko on j\u00e4lleen suorittanut menestyksellisen kaappauksen. T\u00e4ll\u00e4 kertaa he tekeytyiv\u00e4t NRA:n eli Yhdysvaltain voimakkaimman aselobbyn, Kansallisen kiv\u00e4\u00e4riyhdistyksen edustajiksi.<\/p>\n<p class=\"p1\">NRA:n <a href=\"https:\/\/sharethesafety.org\/\" class=\"external\" rel=\"nofollow\">Share The Safety<\/a> -ohjelman edustajaksi esiintynyt Hensly Cocker kertoi <span class=\"s2\">Ronald Reagan Presidential Library and Center for Public Affairs &#8211;<\/span>keskuksessa toimittajille ja republikaaninuorille uudesta, radikaalista ohjelmasta, jonka tavoitteena on lis\u00e4t\u00e4 kansalaisten turvallisuutta \u2013 aseistamalla heit\u00e4.<\/p>\n<p>Hensley Cocker oli oikeasti The Yes Menin Andy Bichlbaum.<\/p>\n<figure id=\"attachment_11740\" aria-describedby=\"caption-attachment-11740\" style=\"width: 1280px\" class=\"wp-caption alignnone\"><img decoding=\"async\" class=\"size-full wp-image-11740\" src=\"https:\/\/voima.fi\/hairikot\/wp-content\/uploads\/sites\/9\/2020\/04\/STA-Andy.jpg\" alt=\"Harmillisesti mielenosoittaja pyrki h\u00e4iritsem\u00e4\u00e4n NRA:n tilaisuutta, mutta onneksi h\u00e4net saatiin poistettua paikalta ja tilaisuus p\u00e4\u00e4si jatkumaan pian. \" width=\"1280\" height=\"855\" \/><figcaption id=\"caption-attachment-11740\" class=\"wp-caption-text\">Harmillisesti mielenosoittaja pyrki h\u00e4iritsem\u00e4\u00e4n NRA:n tilaisuutta, mutta onneksi h\u00e4net saatiin poistettua paikalta ja tilaisuus p\u00e4\u00e4si jatkumaan pian.<\/figcaption><\/figure>\n<p class=\"p1\"><i><\/i><b>Share The Safety<\/b> -ohjelma l\u00e4htee siit\u00e4 huomiosta, ett\u00e4 Yhdysvaltoja riivaa turvattomuus ja t\u00e4m\u00e4 koskee erityisesti v\u00e4h\u00e4varaisia, koska heill\u00e4 ei NRA:n mukaan ole varaa ostaa asetta turvakseen.<\/p>\n<p class=\"p1\">Hansley Cocker esitti paikalla oleville puheen, jonka logiikka oli aukotonta. Ehk\u00e4 hullua, mutta aukotonta.<\/p>\n<p class=\"p1\">&#8221;We\u2019re here to launch a revolutionary program to finally &#8217;share the safety&#8217; with all Americans, not just those of us who can afford to live in the the beautiful gated communities like the ones right here around the Reagan Library.&#8221;<\/p>\n<p>Koko puhe luettavissa <a href=\"https:\/\/sharethesafety.org\/media\/sharethesafety-speech.pdf\" class=\"external\" rel=\"nofollow\">t\u00e4\u00e4ll\u00e4<\/a>.<\/p>\n<figure id=\"attachment_11741\" aria-describedby=\"caption-attachment-11741\" style=\"width: 1666px\" class=\"wp-caption alignnone\"><img decoding=\"async\" class=\"size-full wp-image-11741\" src=\"https:\/\/voima.fi\/hairikot\/wp-content\/uploads\/sites\/9\/2020\/04\/STS-nainen.png\" alt=\"T\u00e4lt\u00e4 n\u00e4ytt\u00e4\u00e4 turvallisuus. Kaunista, eik\u00f6?\" width=\"1666\" height=\"702\" \/><figcaption id=\"caption-attachment-11741\" class=\"wp-caption-text\">T\u00e4lt\u00e4 n\u00e4ytt\u00e4\u00e4 turvallisuus. Kaunista, eik\u00f6?<\/figcaption><\/figure>\n<p class=\"p1\"><strong>Tiedotustilaisuudessa<\/strong>\u00a0Cocker kuvaili yksinkertaisen, mutta nerokkaan prosessin.<\/p>\n<p class=\"p1\">Aseen ostamista suunnitteleva amerikkalainen voi valita mieluisen aseen tarkoin suunnitellusta STS-valikoimasta. Valittuaan mieluisensa k\u00e4siaseen, asiakas voi valita listalta jonkun kymmenest\u00e4 k\u00f6yh\u00e4st\u00e4 asuinalueesta, jossa asuvalle henkil\u00f6lle lahjoitetaan toinen ase ohjelman puitteissa.<\/p>\n<p class=\"p1\">N\u00e4in rauhattomilla ja turvattomilla alueilla asuvilla kansalaisilla olisi paremmat mahdollisuudet puolustautua viranomaisten ylily\u00f6ntej\u00e4 vastaan.<\/p>\n<p class=\"p3\"><span class=\"s3\">&#8221;I<\/span>t&#8217;s almost every day you hear of some unarmed person in a neighborhood like Compton being killed by another &#8217;jack\u00adbooted government thug,&#8217; as I like to call them&#8221;, Cocker kertoi yleis\u00f6lleen.<\/p>\n<p class=\"p3\">Kansalaiset, jotka eiv\u00e4t saa aseita virallisia kanavia pitkin ovat my\u00f6s pakotettuja hankkimaan aseen itselleen pimeilt\u00e4 markkinoilta, joka puolestaan ajaa ihmisi\u00e4 tarpeettomasti rikollisuuden poluille. Share The Safety -ohjelma mahdollistaa yh\u00e4 useammalle yhdysvaltalaiselle turvallisen el\u00e4m\u00e4n lain kaidalla puolella.<\/p>\n<figure id=\"attachment_11742\" aria-describedby=\"caption-attachment-11742\" style=\"width: 1469px\" class=\"wp-caption alignnone\"><img decoding=\"async\" class=\"size-full wp-image-11742\" src=\"https:\/\/voima.fi\/hairikot\/wp-content\/uploads\/sites\/9\/2020\/04\/STA-Aseet.png\" alt=\"T\u00e4st\u00e4 vaan valitsemaan. Jotain jokaiselle.\" width=\"1469\" height=\"684\" \/><figcaption id=\"caption-attachment-11742\" class=\"wp-caption-text\">T\u00e4st\u00e4 vaan valitsemaan. Jotain jokaiselle.<\/figcaption><\/figure>\n<p class=\"p1\"><strong>Keskustelu aseista<\/strong> ja turvallisuudesta olisi t\u00e4m\u00e4n p\u00e4iv\u00e4n Yhdysvalloissa mahdotonta ilman, ett\u00e4 viitataan orlandolaisessa homobaarissa tehtyyn joukkomurhaan. NRA:n edustajaa esitt\u00e4nyt Andy Bichlbaum (joka my\u00f6skin on oikeasti taiteilijanimi) on itse avoimesti homoseksuaali ja on kritisoinut aselobbyn toimia aiemminkin. Liek\u00f6 t\u00e4m\u00e4n johdosta \u2013 jos mahdollista \u2013 Yes-miehet v\u00e4\u00e4nsiv\u00e4t jo entuudestaan kire\u00e4ll\u00e4 ruuvattua vieteri\u00e4\u00e4n entist\u00e4 kire\u00e4mm\u00e4lle ja huumoria oli entist\u00e4kin mustempaa.<\/p>\n<p class=\"p3\"><em><span class=\"s3\">&#8221;<\/span>We all know about the tragic attack in Orlando two weeks ago. But that tragedy could be compounded by an infinitely greater tragedy\u2014if we don&#8217;t get homosexuals onto our side. Every time I read the news lately, I hear the gays calling for gun control. That&#8217;s ominous, because whatever you might think of the gays, they&#8217;re not some grieving parents&#8217; organization\u2014these are battle\u00adhardened fighters.. ..Gun rights would go the way of traditional marriage. That&#8217;s why we need the gays with us, not against us. Share the Safety is committed to getting the word out that the only safe gay is an armed gay. We&#8217;re also working with Smith &amp; Wesson to develop a line of firearms marketed specifically at the gays. We could easily imagine discreet, fashionable, and elegant sidearms that might go well with some of the fashion choices homosexuals make\u2014designs that might complement a Philippe Starck d\u00e9cor or a fine Versace outfit.&#8221;<\/em><\/p>\n<figure id=\"attachment_11751\" aria-describedby=\"caption-attachment-11751\" style=\"width: 488px\" class=\"wp-caption alignnone\"><img decoding=\"async\" class=\"size-full wp-image-11751\" src=\"https:\/\/voima.fi\/hairikot\/wp-content\/uploads\/sites\/9\/2020\/04\/STS-New-Ally.png\" alt=\"Gay Guns? T\u00e4st\u00e4k\u00f6 uusi liittolainen NRA:lle?\" width=\"488\" height=\"278\" \/><figcaption id=\"caption-attachment-11751\" class=\"wp-caption-text\">Gay Guns? T\u00e4st\u00e4k\u00f6 uusi liittolainen NRA:lle?<\/figcaption><\/figure>\n<p class=\"p1\"><strong>J\u00e4lleen kerran<\/strong> Yes-miesten taika toimi. Vaikka v\u00e4litetty viesti oli p\u00e4hk\u00e4hullu ja heid\u00e4t olisi kaiken j\u00e4rjen mukaan pit\u00e4nyt saatella lavalta m\u00e4tien tomaattien lent\u00e4ess\u00e4 ja naurun s\u00e4est\u00e4m\u00e4n\u00e4, n\u00e4in ei k\u00e4ynyt. Yleis\u00f6 kuunteli kiltisti paikoillaan ja taputti lopussa kohteliaasti anastetun auktoriteetin turvin esiintyneille aktivistin\u00e4yttelij\u00f6ille.<\/p>\n<p class=\"p1\">J\u00e4lleen kerran keisari sai ratsastaan alastomana kansalaisten editse ilman, ett\u00e4 kukaan huomautti vaatteiden puuttumisesta. T\u00e4ll\u00e4 kertaa tosin keisariksi tekeytynyt henkil\u00f6 itse tiesi, ettei niit\u00e4 vaatteita ollut.\u00a0The Yes Men iski \u2013 j\u00e4lleen \u2013 kuin miljoona volttia<\/p>\n<p class=\"p1\"><div class=\"su-youtube su-u-responsive-media-yes\"><iframe width=\"600\" height=\"400\" src=\"https:\/\/www.youtube.com\/embed\/Ikb66V2rDcw?\" frameborder=\"0\" allowfullscreen allow=\"autoplay; encrypted-media; picture-in-picture\" title=\"\"><\/iframe><\/div>\n<p class=\"p1\"><i>Videokooste tiedotustilaisuudesta.<\/i><\/p>\n","protected":false},"excerpt":{"rendered":"<p>Aseet lis\u00e4\u00e4v\u00e4t turvallisuutta, eik\u00f6? Paras tapa lis\u00e4t\u00e4 turvattomien asuinalueiden turvallisuutta on siis toimittaa lis\u00e4\u00e4 aseita sinne koska miksip\u00e4 ei!<\/p>\n","protected":false},"author":122,"featured_media":14953,"comment_status":"open","ping_status":"open","sticky":false,"template":"","format":"standard","meta":{"footnotes":""},"categories":[5,6],"tags":[542,1260,1733,1863,1894,2530],"yoast_head":"<!-- This site is optimized with the Yoast SEO plugin v22.7 - https:\/\/yoast.com\/wordpress\/plugins\/seo\/ -->\n<title>Yes Men haluaa aseen joka k\u00e4teen - H\u00e4irik\u00f6t-p\u00e4\u00e4maja<\/title>\n<meta name=\"robots\" content=\"index, follow, max-snippet:-1, max-image-preview:large, max-video-preview:-1\" \/>\n<link rel=\"canonical\" href=\"https:\/\/voima.fi\/hairikot\/artikkeli\/yes-men-haluaa-aseen-joka-kateen\/\" \/>\n<meta property=\"og:locale\" content=\"fi_FI\" \/>\n<meta property=\"og:type\" content=\"article\" \/>\n<meta property=\"og:title\" content=\"Yes Men haluaa aseen joka k\u00e4teen - H\u00e4irik\u00f6t-p\u00e4\u00e4maja\" \/>\n<meta property=\"og:description\" content=\"Aseet lis\u00e4\u00e4v\u00e4t turvallisuutta, eik\u00f6? Paras tapa lis\u00e4t\u00e4 turvattomien asuinalueiden turvallisuutta on siis toimittaa lis\u00e4\u00e4 aseita sinne koska miksip\u00e4 ei!\" \/>\n<meta property=\"og:url\" content=\"https:\/\/voima.fi\/hairikot\/artikkeli\/yes-men-haluaa-aseen-joka-kateen\/\" \/>\n<meta property=\"og:site_name\" content=\"H\u00e4irik\u00f6t-p\u00e4\u00e4maja\" \/>\n<meta property=\"article:published_time\" content=\"2016-06-26T21:00:00+00:00\" \/>\n<meta property=\"article:modified_time\" content=\"2020-08-10T11:02:20+00:00\" \/>\n<meta property=\"og:image\" content=\"https:\/\/voima.fi\/hairikot\/wp-content\/uploads\/sites\/9\/2020\/04\/STS-artikkeli.png\" \/>\n\t<meta property=\"og:image:width\" content=\"1207\" \/>\n\t<meta property=\"og:image:height\" content=\"620\" \/>\n\t<meta property=\"og:image:type\" content=\"image\/png\" \/>\n<meta name=\"author\" content=\"Jari Tamminen\" \/>\n<meta name=\"twitter:card\" content=\"summary_large_image\" \/>\n<meta name=\"twitter:label1\" content=\"Kirjoittanut\" \/>\n\t<meta name=\"twitter:data1\" content=\"Jari Tamminen\" \/>\n\t<meta name=\"twitter:label2\" content=\"Arvioitu lukuaika\" \/>\n\t<meta name=\"twitter:data2\" content=\"4 minuuttia\" \/>\n<script type=\"application\/ld+json\" class=\"yoast-schema-graph\">{\"@context\":\"https:\/\/schema.org\",\"@graph\":[{\"@type\":\"WebPage\",\"@id\":\"https:\/\/voima.fi\/hairikot\/artikkeli\/yes-men-haluaa-aseen-joka-kateen\/\",\"url\":\"https:\/\/voima.fi\/hairikot\/artikkeli\/yes-men-haluaa-aseen-joka-kateen\/\",\"name\":\"Yes Men haluaa aseen joka k\u00e4teen - H\u00e4irik\u00f6t-p\u00e4\u00e4maja\",\"isPartOf\":{\"@id\":\"https:\/\/voima.fi\/hairikot\/#website\"},\"primaryImageOfPage\":{\"@id\":\"https:\/\/voima.fi\/hairikot\/artikkeli\/yes-men-haluaa-aseen-joka-kateen\/#primaryimage\"},\"image\":{\"@id\":\"https:\/\/voima.fi\/hairikot\/artikkeli\/yes-men-haluaa-aseen-joka-kateen\/#primaryimage\"},\"thumbnailUrl\":\"https:\/\/voima.fi\/hairikot\/wp-content\/uploads\/sites\/9\/2020\/04\/STS-artikkeli.png\",\"datePublished\":\"2016-06-26T21:00:00+00:00\",\"dateModified\":\"2020-08-10T11:02:20+00:00\",\"author\":{\"@id\":\"https:\/\/voima.fi\/hairikot\/#\/schema\/person\/523ff68c19f1381d78529f38bb76e7fe\"},\"breadcrumb\":{\"@id\":\"https:\/\/voima.fi\/hairikot\/artikkeli\/yes-men-haluaa-aseen-joka-kateen\/#breadcrumb\"},\"inLanguage\":\"fi\",\"potentialAction\":[{\"@type\":\"ReadAction\",\"target\":[\"https:\/\/voima.fi\/hairikot\/artikkeli\/yes-men-haluaa-aseen-joka-kateen\/\"]}]},{\"@type\":\"ImageObject\",\"inLanguage\":\"fi\",\"@id\":\"https:\/\/voima.fi\/hairikot\/artikkeli\/yes-men-haluaa-aseen-joka-kateen\/#primaryimage\",\"url\":\"https:\/\/voima.fi\/hairikot\/wp-content\/uploads\/sites\/9\/2020\/04\/STS-artikkeli.png\",\"contentUrl\":\"https:\/\/voima.fi\/hairikot\/wp-content\/uploads\/sites\/9\/2020\/04\/STS-artikkeli.png\",\"width\":1207,\"height\":620},{\"@type\":\"BreadcrumbList\",\"@id\":\"https:\/\/voima.fi\/hairikot\/artikkeli\/yes-men-haluaa-aseen-joka-kateen\/#breadcrumb\",\"itemListElement\":[{\"@type\":\"ListItem\",\"position\":1,\"name\":\"Home\",\"item\":\"https:\/\/voima.fi\/hairikot\/\"},{\"@type\":\"ListItem\",\"position\":2,\"name\":\"Yes Men haluaa aseen joka k\u00e4teen\"}]},{\"@type\":\"WebSite\",\"@id\":\"https:\/\/voima.fi\/hairikot\/#website\",\"url\":\"https:\/\/voima.fi\/hairikot\/\",\"name\":\"H\u00e4irik\u00f6t-p\u00e4\u00e4maja\",\"description\":\"\",\"potentialAction\":[{\"@type\":\"SearchAction\",\"target\":{\"@type\":\"EntryPoint\",\"urlTemplate\":\"https:\/\/voima.fi\/hairikot\/?s={search_term_string}\"},\"query-input\":\"required name=search_term_string\"}],\"inLanguage\":\"fi\"},{\"@type\":\"Person\",\"@id\":\"https:\/\/voima.fi\/hairikot\/#\/schema\/person\/523ff68c19f1381d78529f38bb76e7fe\",\"name\":\"Jari Tamminen\",\"image\":{\"@type\":\"ImageObject\",\"inLanguage\":\"fi\",\"@id\":\"https:\/\/voima.fi\/hairikot\/#\/schema\/person\/image\/\",\"url\":\"https:\/\/secure.gravatar.com\/avatar\/e5c0bb16f2efc1924afe37fc190f8ce1?s=96&d=blank&r=g\",\"contentUrl\":\"https:\/\/secure.gravatar.com\/avatar\/e5c0bb16f2efc1924afe37fc190f8ce1?s=96&d=blank&r=g\",\"caption\":\"Jari Tamminen\"},\"description\":\"Kulttuurih\u00e4irint\u00e4 on taiteen ja aktivismin j\u00e4nnitt\u00e4v\u00e4\u00e4 lomittumista: odottamaton performanssi katuvilin\u00e4ss\u00e4, vallattuja mainostauluja ja mainosparodioita. Se on k\u00e4site, joka yhdist\u00e4\u00e4 yhteiskunnallista kommentaaria ja luovaa vastarintaa. T\u00e4ss\u00e4 blogissa Voiman Jari Tamminen hahmottaa maailmaa kulttuurih\u00e4irinn\u00e4n n\u00e4k\u00f6kulmasta. Lis\u00e4\u00e4 Tammisen huomioita kulttuurih\u00e4irinn\u00e4st\u00e4 voi lukea Voimasta, H\u00e4irik\u00f6t \u2013 Kulttuurih\u00e4irinn\u00e4n aakkoset -kirjasta ja p\u00e4ivitt\u00e4in osoitteesta www.facebook.com\/hairikot.\",\"sameAs\":[\"http:\/\/www.facebook.com\/hairikot\"],\"url\":\"https:\/\/voima.fi\/hairikot\/artikkeli\/author\/hairikko\/\"}]}<\/script>\n<!-- \/ Yoast SEO plugin. -->","yoast_head_json":{"title":"Yes Men haluaa aseen joka k\u00e4teen - H\u00e4irik\u00f6t-p\u00e4\u00e4maja","robots":{"index":"index","follow":"follow","max-snippet":"max-snippet:-1","max-image-preview":"max-image-preview:large","max-video-preview":"max-video-preview:-1"},"canonical":"https:\/\/voima.fi\/hairikot\/artikkeli\/yes-men-haluaa-aseen-joka-kateen\/","og_locale":"fi_FI","og_type":"article","og_title":"Yes Men haluaa aseen joka k\u00e4teen - H\u00e4irik\u00f6t-p\u00e4\u00e4maja","og_description":"Aseet lis\u00e4\u00e4v\u00e4t turvallisuutta, eik\u00f6? Paras tapa lis\u00e4t\u00e4 turvattomien asuinalueiden turvallisuutta on siis toimittaa lis\u00e4\u00e4 aseita sinne koska miksip\u00e4 ei!","og_url":"https:\/\/voima.fi\/hairikot\/artikkeli\/yes-men-haluaa-aseen-joka-kateen\/","og_site_name":"H\u00e4irik\u00f6t-p\u00e4\u00e4maja","article_published_time":"2016-06-26T21:00:00+00:00","article_modified_time":"2020-08-10T11:02:20+00:00","og_image":[{"width":1207,"height":620,"url":"https:\/\/voima.fi\/hairikot\/wp-content\/uploads\/sites\/9\/2020\/04\/STS-artikkeli.png","type":"image\/png"}],"author":"Jari Tamminen","twitter_card":"summary_large_image","twitter_misc":{"Kirjoittanut":"Jari Tamminen","Arvioitu lukuaika":"4 minuuttia"},"schema":{"@context":"https:\/\/schema.org","@graph":[{"@type":"WebPage","@id":"https:\/\/voima.fi\/hairikot\/artikkeli\/yes-men-haluaa-aseen-joka-kateen\/","url":"https:\/\/voima.fi\/hairikot\/artikkeli\/yes-men-haluaa-aseen-joka-kateen\/","name":"Yes Men haluaa aseen joka k\u00e4teen - H\u00e4irik\u00f6t-p\u00e4\u00e4maja","isPartOf":{"@id":"https:\/\/voima.fi\/hairikot\/#website"},"primaryImageOfPage":{"@id":"https:\/\/voima.fi\/hairikot\/artikkeli\/yes-men-haluaa-aseen-joka-kateen\/#primaryimage"},"image":{"@id":"https:\/\/voima.fi\/hairikot\/artikkeli\/yes-men-haluaa-aseen-joka-kateen\/#primaryimage"},"thumbnailUrl":"https:\/\/voima.fi\/hairikot\/wp-content\/uploads\/sites\/9\/2020\/04\/STS-artikkeli.png","datePublished":"2016-06-26T21:00:00+00:00","dateModified":"2020-08-10T11:02:20+00:00","author":{"@id":"https:\/\/voima.fi\/hairikot\/#\/schema\/person\/523ff68c19f1381d78529f38bb76e7fe"},"breadcrumb":{"@id":"https:\/\/voima.fi\/hairikot\/artikkeli\/yes-men-haluaa-aseen-joka-kateen\/#breadcrumb"},"inLanguage":"fi","potentialAction":[{"@type":"ReadAction","target":["https:\/\/voima.fi\/hairikot\/artikkeli\/yes-men-haluaa-aseen-joka-kateen\/"]}]},{"@type":"ImageObject","inLanguage":"fi","@id":"https:\/\/voima.fi\/hairikot\/artikkeli\/yes-men-haluaa-aseen-joka-kateen\/#primaryimage","url":"https:\/\/voima.fi\/hairikot\/wp-content\/uploads\/sites\/9\/2020\/04\/STS-artikkeli.png","contentUrl":"https:\/\/voima.fi\/hairikot\/wp-content\/uploads\/sites\/9\/2020\/04\/STS-artikkeli.png","width":1207,"height":620},{"@type":"BreadcrumbList","@id":"https:\/\/voima.fi\/hairikot\/artikkeli\/yes-men-haluaa-aseen-joka-kateen\/#breadcrumb","itemListElement":[{"@type":"ListItem","position":1,"name":"Home","item":"https:\/\/voima.fi\/hairikot\/"},{"@type":"ListItem","position":2,"name":"Yes Men haluaa aseen joka k\u00e4teen"}]},{"@type":"WebSite","@id":"https:\/\/voima.fi\/hairikot\/#website","url":"https:\/\/voima.fi\/hairikot\/","name":"H\u00e4irik\u00f6t-p\u00e4\u00e4maja","description":"","potentialAction":[{"@type":"SearchAction","target":{"@type":"EntryPoint","urlTemplate":"https:\/\/voima.fi\/hairikot\/?s={search_term_string}"},"query-input":"required name=search_term_string"}],"inLanguage":"fi"},{"@type":"Person","@id":"https:\/\/voima.fi\/hairikot\/#\/schema\/person\/523ff68c19f1381d78529f38bb76e7fe","name":"Jari Tamminen","image":{"@type":"ImageObject","inLanguage":"fi","@id":"https:\/\/voima.fi\/hairikot\/#\/schema\/person\/image\/","url":"https:\/\/secure.gravatar.com\/avatar\/e5c0bb16f2efc1924afe37fc190f8ce1?s=96&d=blank&r=g","contentUrl":"https:\/\/secure.gravatar.com\/avatar\/e5c0bb16f2efc1924afe37fc190f8ce1?s=96&d=blank&r=g","caption":"Jari Tamminen"},"description":"Kulttuurih\u00e4irint\u00e4 on taiteen ja aktivismin j\u00e4nnitt\u00e4v\u00e4\u00e4 lomittumista: odottamaton performanssi katuvilin\u00e4ss\u00e4, vallattuja mainostauluja ja mainosparodioita. Se on k\u00e4site, joka yhdist\u00e4\u00e4 yhteiskunnallista kommentaaria ja luovaa vastarintaa. T\u00e4ss\u00e4 blogissa Voiman Jari Tamminen hahmottaa maailmaa kulttuurih\u00e4irinn\u00e4n n\u00e4k\u00f6kulmasta. Lis\u00e4\u00e4 Tammisen huomioita kulttuurih\u00e4irinn\u00e4st\u00e4 voi lukea Voimasta, H\u00e4irik\u00f6t \u2013 Kulttuurih\u00e4irinn\u00e4n aakkoset -kirjasta ja p\u00e4ivitt\u00e4in osoitteesta www.facebook.com\/hairikot.","sameAs":["http:\/\/www.facebook.com\/hairikot"],"url":"https:\/\/voima.fi\/hairikot\/artikkeli\/author\/hairikko\/"}]}},"enclosure":{"image":"https:\/\/voima.fi\/hairikot\/wp-content\/uploads\/sites\/9\/2020\/04\/STS-artikkeli.png"},"meta:avatar":"","geolocation":[],"meta:youtube":null,"meta:vimeo":null,"meta:duration":null,"_links":{"self":[{"href":"https:\/\/voima.fi\/hairikot\/wp-json\/wp\/v2\/posts\/17546"}],"collection":[{"href":"https:\/\/voima.fi\/hairikot\/wp-json\/wp\/v2\/posts"}],"about":[{"href":"https:\/\/voima.fi\/hairikot\/wp-json\/wp\/v2\/types\/post"}],"author":[{"embeddable":true,"href":"https:\/\/voima.fi\/hairikot\/wp-json\/wp\/v2\/users\/122"}],"replies":[{"embeddable":true,"href":"https:\/\/voima.fi\/hairikot\/wp-json\/wp\/v2\/comments?post=17546"}],"version-history":[{"count":1,"href":"https:\/\/voima.fi\/hairikot\/wp-json\/wp\/v2\/posts\/17546\/revisions"}],"predecessor-version":[{"id":18354,"href":"https:\/\/voima.fi\/hairikot\/wp-json\/wp\/v2\/posts\/17546\/revisions\/18354"}],"wp:featuredmedia":[{"embeddable":true,"href":"https:\/\/voima.fi\/hairikot\/wp-json\/wp\/v2\/media\/14953"}],"wp:attachment":[{"href":"https:\/\/voima.fi\/hairikot\/wp-json\/wp\/v2\/media?parent=17546"}],"wp:term":[{"taxonomy":"category","embeddable":true,"href":"https:\/\/voima.fi\/hairikot\/wp-json\/wp\/v2\/categories?post=17546"},{"taxonomy":"post_tag","embeddable":true,"href":"https:\/\/voima.fi\/hairikot\/wp-json\/wp\/v2\/tags?post=17546"}],"curies":[{"name":"wp","href":"https:\/\/api.w.org\/{rel}","templated":true}]}}