{"id":17541,"date":"2016-06-15T00:00:00","date_gmt":"2016-06-14T21:00:00","guid":{"rendered":"http:\/\/voima.fi\/hairikot\/blogi\/rantakunto-ja-paremmat-mainokset-nytten"},"modified":"2020-08-10T14:02:21","modified_gmt":"2020-08-10T11:02:21","slug":"rantakunto-ja-paremmat-mainokset-nytten","status":"publish","type":"post","link":"https:\/\/voima.fi\/hairikot\/artikkeli\/rantakunto-ja-paremmat-mainokset-nytten\/","title":{"rendered":"Rantakunto ja paremmat mainokset nytten!"},"content":{"rendered":"<div class=\"lowres-featured-image\"><img decoding=\"async\" width=\"625\" height=\"357\" src=\"https:\/\/voima.fi\/hairikot\/wp-content\/uploads\/sites\/9\/2020\/04\/KUVA-1.png\" class=\"attachment-full size-full wp-post-image\" alt=\"\" srcset=\"https:\/\/voima.fi\/hairikot\/wp-content\/uploads\/sites\/9\/2020\/04\/KUVA-1.png 625w, https:\/\/voima.fi\/hairikot\/wp-content\/uploads\/sites\/9\/2020\/04\/KUVA-1-600x343.png 600w, https:\/\/voima.fi\/hairikot\/wp-content\/uploads\/sites\/9\/2020\/04\/KUVA-1-320x183.png 320w, https:\/\/voima.fi\/hairikot\/wp-content\/uploads\/sites\/9\/2020\/04\/KUVA-1-200x114.png 200w, https:\/\/voima.fi\/hairikot\/wp-content\/uploads\/sites\/9\/2020\/04\/KUVA-1-560x320.png 560w, https:\/\/voima.fi\/hairikot\/wp-content\/uploads\/sites\/9\/2020\/04\/KUVA-1-300x171.png 300w\" sizes=\"(max-width: 625px) 100vw, 625px\" \/><p class=\"ylakuvateksti\"><\/p><\/div><p class=\"p1\"><em>Lontoon metrossa ei jatkossa seksistisi\u00e4 mainoksia n\u00e4hd\u00e4 (toivottavasti). T\u00e4m\u00e4 ei ole mitenk\u00e4\u00e4n huono uutinen.<strong><\/p>\n<p><\/strong><\/em><strong>Lontoon uudella<\/strong> pormestarilla Sadiq Khanilla on <a href=\"http:\/\/www.standard.co.uk\/news\/london\/sadiq-khan-there-will-be-no-more-body-shaming-adverts-on-the-tube-a3269951.html]\" class=\"external\" rel=\"nofollow\">radikaali ajatus<\/a>:\u00a0Kiellet\u00e4\u00e4n kehosyyllist\u00e4minen (body shaming) metrojen mainoksissa.<\/p>\n<p class=\"p3\"><em>\u201cAs the father of two teenage girls, I am extremely concerned about this kind of advertising which can demean people, particularly women, and make them ashamed of their bodies. It is high time it came to an end.\u201d<\/em><\/p>\n<p class=\"p3\">Ja koska pormestarilla on valtaa vaikuttaa kaupungin tekemisiin ja linjauksiin, ei metroissa h\u00e4nen lupauksensa mukaan jatkossa noita tyystin asiattomia mainoksia n\u00e4hd\u00e4.\u00a0H\u00e4irik\u00f6iden tuore <a href=\"http:\/\/hairikot.voima.fi\/blogi\/taiteilijoiden-mika-mika-maa\/\">Lontoon kirjeenvaihtaja<\/a>, Sara K\u00e4rp\u00e4nen kommentoi\u00a0uutista <a href=\"http:\/\/www.elephantjournal.com\/2016\/06\/this-beach-body-ad-was-blacklashed-now-london-mayor-bans-all-body-shaming-advertisements\/\" class=\"external\" rel=\"nofollow\">tuoreeltaan<\/a>:<\/p>\n<p class=\"p4\"><em><span class=\"s1\">&#8221;<\/span>I live in London and I have seen those huge advertisements on the tube stops. In fact, I see different variations of them everyday; a half-naked woman selling everything from\u00a0shampoos to last minute flights to Ibiza.<\/em><\/p>\n<p class=\"p5\"><em>The problem is, that these advertisements set\u00a0beauty standards. They tell us where to\u00a0shop, what to eat and how our body should look like\u00a0under our jeans and a blouse.\u00a0<\/em><em>And this current, commercial standard is pretty narrow. (Read: white, thin, heterosexual.)&#8221;<\/em><\/p>\n<p class=\"p1\">T\u00e4m\u00e4n pormestarin uuden linjauksen uutisoimisen yhteydess\u00e4 k\u00e4ytettiin kuvituksena monessa mediassa Protein Worldin mainosjulistetta. Vuosi sitten kes\u00e4n alla kohistiin juuri noista\u00a0The Weight Loss Collection -lis\u00e4ravinteiden mainosjulisteista ja itsekin aiheesta kirjoitin <a href=\"http:\/\/uusi.voima.fi\/blogikirjoitus\/2015\/tisseilla-tulokseen\/\">blogiin<\/a>. Mainoksissa\u00a0poseerasi bikineihin pukeutunut nainen, jonka vieress\u00e4 tiedusteltiin, ett\u00e4 \u201dOletko rantakroppakunnossa?\u201d<\/p>\n<figure id=\"attachment_11692\" aria-describedby=\"caption-attachment-11692\" style=\"width: 601px\" class=\"wp-caption alignnone\"><img decoding=\"async\" class=\"size-full wp-image-11692\" src=\"https:\/\/voima.fi\/hairikot\/wp-content\/uploads\/sites\/9\/2020\/04\/Body-shaming-x-2.png\" alt=\"N\u00e4rk\u00e4styneet kansalaiset k\u00e4viv\u00e4t korjailemassa \u2013 ihan perustellusti \u2013 n\u00e4it\u00e4 Protskumaailman mainoksia. Hyv\u00e4.\" width=\"601\" height=\"710\" \/><figcaption id=\"caption-attachment-11692\" class=\"wp-caption-text\">N\u00e4rk\u00e4styneet kansalaiset k\u00e4viv\u00e4t korjailemassa \u2013 ihan perustellusti \u2013 n\u00e4it\u00e4 Protskumaailman mainoksia. Hyv\u00e4.<\/figcaption><\/figure>\n<p class=\"p1\"><strong>Ihan kaikki<\/strong> eiv\u00e4t t\u00e4st\u00e4 kampanjasta innostuneet my\u00f6sk\u00e4\u00e4n vuosi sitten. Sosiaalisessa mediassa kuohui, ja mainoksia korjattiin. Py\u00f6r\u00e4ytettiinp\u00e4 my\u00f6s vetoomus mainosten pois vet\u00e4miseksi \u2013\u00a0allekirjoituksia kertyi 70 000.<\/p>\n<p class=\"p1\">Sosiaalisessa mediassa saatiin my\u00f6s\u00a0<a href=\"http:\/\/www.buzzfeed.com\/rossalynwarren\/women-are-improving-this-beach-body-advert-with-their-own-bo#.gne4ZpmEo\" class=\"external\" rel=\"nofollow\"><span class=\"s2\">Protein Worldin vastaus\u00a0<\/span><\/a>: Twitteriss\u00e4 firman edustaja ilmoitti Englannin olevan \u201dpl\u00f6s\u00f6j\u00e4 symppaava kansakunta\u201d. Toimitusjohtaja puolestaan ilmoitti haastattelussa, ett\u00e4 firman mainoksia kritisoineet ovat terroristeja. Hyvinh\u00e4n sekin meni, juuh.<\/p>\n<figure id=\"attachment_11693\" aria-describedby=\"caption-attachment-11693\" style=\"width: 600px\" class=\"wp-caption alignnone\"><img decoding=\"async\" class=\"size-full wp-image-11693\" src=\"https:\/\/voima.fi\/hairikot\/wp-content\/uploads\/sites\/9\/2020\/04\/KUVA2.jpg\" alt=\"Kun olen rannalla, olen rantakunnossa.\" width=\"600\" height=\"800\" \/><figcaption id=\"caption-attachment-11693\" class=\"wp-caption-text\">Kun olen rannalla, olen rantakunnossa.<\/figcaption><\/figure>\n<p class=\"p1\"><strong>Mit\u00e4 tulee<\/strong> rantakuntoon, niin jaan t\u00e4ss\u00e4 H\u00e4irik\u00f6t-p\u00e4\u00e4majassa laajaa ihailua nauttivan, <a href=\"http:\/\/www.hautomohattu.fi\" class=\"external\" rel=\"nofollow\">Ajatushautomo Hatun<\/a> johtaja Saara S\u00e4rm\u00e4n <a href=\"http:\/\/www.kansanuutiset.fi\/artikkeli\/3558599-saara-sarma-nain-paaset-rantakuntoon\" class=\"external\" rel=\"nofollow\">vinkit<\/a>\u00a0siit\u00e4, kuinka p\u00e4\u00e4set rantakuntoon:<\/p>\n<p class=\"p7\"><span class=\"s3\"><i>&#8221;<\/i><\/span><i>Lopuksi viel\u00e4 jo otsikossa lupaamaani vinkkiin, kuinka rantakuntoon p\u00e4\u00e4st\u00e4\u00e4n. Se on hyvin helppoa: laita p\u00e4\u00e4lle mieleiset pukimet ja mene rannalle.<\/i><\/p>\n<p class=\"p8\"><i>Mukaan rannalle tai puistoon kannattaa pakata ainakin aurinkorasvaa ja vesipullo. Nesteytys on t\u00e4rke\u00e4\u00e4, ettei nestehukka iske, ja auringosta johtuvat palovammat ovat hyvin ik\u00e4vi\u00e4. Jotain mieluista tekemist\u00e4 kannattaa my\u00f6s pakata kassiin.&#8221;<\/i><\/p>\n","protected":false},"excerpt":{"rendered":"<p>Lontoon metrossa ei jatkossa seksistisi\u00e4 mainoksia n\u00e4hd\u00e4 (toivottavasti). T\u00e4m\u00e4 ei ole mitenk\u00e4\u00e4n huono uutinen.<\/p>\n","protected":false},"author":122,"featured_media":14949,"comment_status":"open","ping_status":"open","sticky":false,"template":"","format":"standard","meta":{"footnotes":""},"categories":[5],"tags":[276,1411,1485],"yoast_head":"<!-- This site is optimized with the Yoast SEO plugin v22.7 - https:\/\/yoast.com\/wordpress\/plugins\/seo\/ -->\n<title>Rantakunto ja paremmat mainokset nytten! - H\u00e4irik\u00f6t-p\u00e4\u00e4maja<\/title>\n<meta name=\"robots\" content=\"index, follow, max-snippet:-1, max-image-preview:large, max-video-preview:-1\" \/>\n<link rel=\"canonical\" href=\"https:\/\/voima.fi\/hairikot\/artikkeli\/rantakunto-ja-paremmat-mainokset-nytten\/\" \/>\n<meta property=\"og:locale\" content=\"fi_FI\" \/>\n<meta property=\"og:type\" content=\"article\" \/>\n<meta property=\"og:title\" content=\"Rantakunto ja paremmat mainokset nytten! - H\u00e4irik\u00f6t-p\u00e4\u00e4maja\" \/>\n<meta property=\"og:description\" content=\"Lontoon metrossa ei jatkossa seksistisi\u00e4 mainoksia n\u00e4hd\u00e4 (toivottavasti). T\u00e4m\u00e4 ei ole mitenk\u00e4\u00e4n huono uutinen.\" \/>\n<meta property=\"og:url\" content=\"https:\/\/voima.fi\/hairikot\/artikkeli\/rantakunto-ja-paremmat-mainokset-nytten\/\" \/>\n<meta property=\"og:site_name\" content=\"H\u00e4irik\u00f6t-p\u00e4\u00e4maja\" \/>\n<meta property=\"article:published_time\" content=\"2016-06-14T21:00:00+00:00\" \/>\n<meta property=\"article:modified_time\" content=\"2020-08-10T11:02:21+00:00\" \/>\n<meta property=\"og:image\" content=\"https:\/\/voima.fi\/hairikot\/wp-content\/uploads\/sites\/9\/2020\/04\/KUVA-1.png\" \/>\n\t<meta property=\"og:image:width\" content=\"625\" \/>\n\t<meta property=\"og:image:height\" content=\"357\" \/>\n\t<meta property=\"og:image:type\" content=\"image\/png\" \/>\n<meta name=\"author\" content=\"Jari Tamminen\" \/>\n<meta name=\"twitter:card\" content=\"summary_large_image\" \/>\n<meta name=\"twitter:label1\" content=\"Kirjoittanut\" \/>\n\t<meta name=\"twitter:data1\" content=\"Jari Tamminen\" \/>\n\t<meta name=\"twitter:label2\" content=\"Arvioitu lukuaika\" \/>\n\t<meta name=\"twitter:data2\" content=\"2 minuuttia\" \/>\n<script type=\"application\/ld+json\" class=\"yoast-schema-graph\">{\"@context\":\"https:\/\/schema.org\",\"@graph\":[{\"@type\":\"WebPage\",\"@id\":\"https:\/\/voima.fi\/hairikot\/artikkeli\/rantakunto-ja-paremmat-mainokset-nytten\/\",\"url\":\"https:\/\/voima.fi\/hairikot\/artikkeli\/rantakunto-ja-paremmat-mainokset-nytten\/\",\"name\":\"Rantakunto ja paremmat mainokset nytten! - H\u00e4irik\u00f6t-p\u00e4\u00e4maja\",\"isPartOf\":{\"@id\":\"https:\/\/voima.fi\/hairikot\/#website\"},\"primaryImageOfPage\":{\"@id\":\"https:\/\/voima.fi\/hairikot\/artikkeli\/rantakunto-ja-paremmat-mainokset-nytten\/#primaryimage\"},\"image\":{\"@id\":\"https:\/\/voima.fi\/hairikot\/artikkeli\/rantakunto-ja-paremmat-mainokset-nytten\/#primaryimage\"},\"thumbnailUrl\":\"https:\/\/voima.fi\/hairikot\/wp-content\/uploads\/sites\/9\/2020\/04\/KUVA-1.png\",\"datePublished\":\"2016-06-14T21:00:00+00:00\",\"dateModified\":\"2020-08-10T11:02:21+00:00\",\"author\":{\"@id\":\"https:\/\/voima.fi\/hairikot\/#\/schema\/person\/523ff68c19f1381d78529f38bb76e7fe\"},\"breadcrumb\":{\"@id\":\"https:\/\/voima.fi\/hairikot\/artikkeli\/rantakunto-ja-paremmat-mainokset-nytten\/#breadcrumb\"},\"inLanguage\":\"fi\",\"potentialAction\":[{\"@type\":\"ReadAction\",\"target\":[\"https:\/\/voima.fi\/hairikot\/artikkeli\/rantakunto-ja-paremmat-mainokset-nytten\/\"]}]},{\"@type\":\"ImageObject\",\"inLanguage\":\"fi\",\"@id\":\"https:\/\/voima.fi\/hairikot\/artikkeli\/rantakunto-ja-paremmat-mainokset-nytten\/#primaryimage\",\"url\":\"https:\/\/voima.fi\/hairikot\/wp-content\/uploads\/sites\/9\/2020\/04\/KUVA-1.png\",\"contentUrl\":\"https:\/\/voima.fi\/hairikot\/wp-content\/uploads\/sites\/9\/2020\/04\/KUVA-1.png\",\"width\":625,\"height\":357},{\"@type\":\"BreadcrumbList\",\"@id\":\"https:\/\/voima.fi\/hairikot\/artikkeli\/rantakunto-ja-paremmat-mainokset-nytten\/#breadcrumb\",\"itemListElement\":[{\"@type\":\"ListItem\",\"position\":1,\"name\":\"Home\",\"item\":\"https:\/\/voima.fi\/hairikot\/\"},{\"@type\":\"ListItem\",\"position\":2,\"name\":\"Rantakunto ja paremmat mainokset nytten!\"}]},{\"@type\":\"WebSite\",\"@id\":\"https:\/\/voima.fi\/hairikot\/#website\",\"url\":\"https:\/\/voima.fi\/hairikot\/\",\"name\":\"H\u00e4irik\u00f6t-p\u00e4\u00e4maja\",\"description\":\"\",\"potentialAction\":[{\"@type\":\"SearchAction\",\"target\":{\"@type\":\"EntryPoint\",\"urlTemplate\":\"https:\/\/voima.fi\/hairikot\/?s={search_term_string}\"},\"query-input\":\"required name=search_term_string\"}],\"inLanguage\":\"fi\"},{\"@type\":\"Person\",\"@id\":\"https:\/\/voima.fi\/hairikot\/#\/schema\/person\/523ff68c19f1381d78529f38bb76e7fe\",\"name\":\"Jari Tamminen\",\"image\":{\"@type\":\"ImageObject\",\"inLanguage\":\"fi\",\"@id\":\"https:\/\/voima.fi\/hairikot\/#\/schema\/person\/image\/\",\"url\":\"https:\/\/secure.gravatar.com\/avatar\/e5c0bb16f2efc1924afe37fc190f8ce1?s=96&d=blank&r=g\",\"contentUrl\":\"https:\/\/secure.gravatar.com\/avatar\/e5c0bb16f2efc1924afe37fc190f8ce1?s=96&d=blank&r=g\",\"caption\":\"Jari Tamminen\"},\"description\":\"Kulttuurih\u00e4irint\u00e4 on taiteen ja aktivismin j\u00e4nnitt\u00e4v\u00e4\u00e4 lomittumista: odottamaton performanssi katuvilin\u00e4ss\u00e4, vallattuja mainostauluja ja mainosparodioita. Se on k\u00e4site, joka yhdist\u00e4\u00e4 yhteiskunnallista kommentaaria ja luovaa vastarintaa. T\u00e4ss\u00e4 blogissa Voiman Jari Tamminen hahmottaa maailmaa kulttuurih\u00e4irinn\u00e4n n\u00e4k\u00f6kulmasta. Lis\u00e4\u00e4 Tammisen huomioita kulttuurih\u00e4irinn\u00e4st\u00e4 voi lukea Voimasta, H\u00e4irik\u00f6t \u2013 Kulttuurih\u00e4irinn\u00e4n aakkoset -kirjasta ja p\u00e4ivitt\u00e4in osoitteesta www.facebook.com\/hairikot.\",\"sameAs\":[\"http:\/\/www.facebook.com\/hairikot\"],\"url\":\"https:\/\/voima.fi\/hairikot\/artikkeli\/author\/hairikko\/\"}]}<\/script>\n<!-- \/ Yoast SEO plugin. -->","yoast_head_json":{"title":"Rantakunto ja paremmat mainokset nytten! - H\u00e4irik\u00f6t-p\u00e4\u00e4maja","robots":{"index":"index","follow":"follow","max-snippet":"max-snippet:-1","max-image-preview":"max-image-preview:large","max-video-preview":"max-video-preview:-1"},"canonical":"https:\/\/voima.fi\/hairikot\/artikkeli\/rantakunto-ja-paremmat-mainokset-nytten\/","og_locale":"fi_FI","og_type":"article","og_title":"Rantakunto ja paremmat mainokset nytten! - H\u00e4irik\u00f6t-p\u00e4\u00e4maja","og_description":"Lontoon metrossa ei jatkossa seksistisi\u00e4 mainoksia n\u00e4hd\u00e4 (toivottavasti). T\u00e4m\u00e4 ei ole mitenk\u00e4\u00e4n huono uutinen.","og_url":"https:\/\/voima.fi\/hairikot\/artikkeli\/rantakunto-ja-paremmat-mainokset-nytten\/","og_site_name":"H\u00e4irik\u00f6t-p\u00e4\u00e4maja","article_published_time":"2016-06-14T21:00:00+00:00","article_modified_time":"2020-08-10T11:02:21+00:00","og_image":[{"width":625,"height":357,"url":"https:\/\/voima.fi\/hairikot\/wp-content\/uploads\/sites\/9\/2020\/04\/KUVA-1.png","type":"image\/png"}],"author":"Jari Tamminen","twitter_card":"summary_large_image","twitter_misc":{"Kirjoittanut":"Jari Tamminen","Arvioitu lukuaika":"2 minuuttia"},"schema":{"@context":"https:\/\/schema.org","@graph":[{"@type":"WebPage","@id":"https:\/\/voima.fi\/hairikot\/artikkeli\/rantakunto-ja-paremmat-mainokset-nytten\/","url":"https:\/\/voima.fi\/hairikot\/artikkeli\/rantakunto-ja-paremmat-mainokset-nytten\/","name":"Rantakunto ja paremmat mainokset nytten! - H\u00e4irik\u00f6t-p\u00e4\u00e4maja","isPartOf":{"@id":"https:\/\/voima.fi\/hairikot\/#website"},"primaryImageOfPage":{"@id":"https:\/\/voima.fi\/hairikot\/artikkeli\/rantakunto-ja-paremmat-mainokset-nytten\/#primaryimage"},"image":{"@id":"https:\/\/voima.fi\/hairikot\/artikkeli\/rantakunto-ja-paremmat-mainokset-nytten\/#primaryimage"},"thumbnailUrl":"https:\/\/voima.fi\/hairikot\/wp-content\/uploads\/sites\/9\/2020\/04\/KUVA-1.png","datePublished":"2016-06-14T21:00:00+00:00","dateModified":"2020-08-10T11:02:21+00:00","author":{"@id":"https:\/\/voima.fi\/hairikot\/#\/schema\/person\/523ff68c19f1381d78529f38bb76e7fe"},"breadcrumb":{"@id":"https:\/\/voima.fi\/hairikot\/artikkeli\/rantakunto-ja-paremmat-mainokset-nytten\/#breadcrumb"},"inLanguage":"fi","potentialAction":[{"@type":"ReadAction","target":["https:\/\/voima.fi\/hairikot\/artikkeli\/rantakunto-ja-paremmat-mainokset-nytten\/"]}]},{"@type":"ImageObject","inLanguage":"fi","@id":"https:\/\/voima.fi\/hairikot\/artikkeli\/rantakunto-ja-paremmat-mainokset-nytten\/#primaryimage","url":"https:\/\/voima.fi\/hairikot\/wp-content\/uploads\/sites\/9\/2020\/04\/KUVA-1.png","contentUrl":"https:\/\/voima.fi\/hairikot\/wp-content\/uploads\/sites\/9\/2020\/04\/KUVA-1.png","width":625,"height":357},{"@type":"BreadcrumbList","@id":"https:\/\/voima.fi\/hairikot\/artikkeli\/rantakunto-ja-paremmat-mainokset-nytten\/#breadcrumb","itemListElement":[{"@type":"ListItem","position":1,"name":"Home","item":"https:\/\/voima.fi\/hairikot\/"},{"@type":"ListItem","position":2,"name":"Rantakunto ja paremmat mainokset nytten!"}]},{"@type":"WebSite","@id":"https:\/\/voima.fi\/hairikot\/#website","url":"https:\/\/voima.fi\/hairikot\/","name":"H\u00e4irik\u00f6t-p\u00e4\u00e4maja","description":"","potentialAction":[{"@type":"SearchAction","target":{"@type":"EntryPoint","urlTemplate":"https:\/\/voima.fi\/hairikot\/?s={search_term_string}"},"query-input":"required name=search_term_string"}],"inLanguage":"fi"},{"@type":"Person","@id":"https:\/\/voima.fi\/hairikot\/#\/schema\/person\/523ff68c19f1381d78529f38bb76e7fe","name":"Jari Tamminen","image":{"@type":"ImageObject","inLanguage":"fi","@id":"https:\/\/voima.fi\/hairikot\/#\/schema\/person\/image\/","url":"https:\/\/secure.gravatar.com\/avatar\/e5c0bb16f2efc1924afe37fc190f8ce1?s=96&d=blank&r=g","contentUrl":"https:\/\/secure.gravatar.com\/avatar\/e5c0bb16f2efc1924afe37fc190f8ce1?s=96&d=blank&r=g","caption":"Jari Tamminen"},"description":"Kulttuurih\u00e4irint\u00e4 on taiteen ja aktivismin j\u00e4nnitt\u00e4v\u00e4\u00e4 lomittumista: odottamaton performanssi katuvilin\u00e4ss\u00e4, vallattuja mainostauluja ja mainosparodioita. Se on k\u00e4site, joka yhdist\u00e4\u00e4 yhteiskunnallista kommentaaria ja luovaa vastarintaa. T\u00e4ss\u00e4 blogissa Voiman Jari Tamminen hahmottaa maailmaa kulttuurih\u00e4irinn\u00e4n n\u00e4k\u00f6kulmasta. Lis\u00e4\u00e4 Tammisen huomioita kulttuurih\u00e4irinn\u00e4st\u00e4 voi lukea Voimasta, H\u00e4irik\u00f6t \u2013 Kulttuurih\u00e4irinn\u00e4n aakkoset -kirjasta ja p\u00e4ivitt\u00e4in osoitteesta www.facebook.com\/hairikot.","sameAs":["http:\/\/www.facebook.com\/hairikot"],"url":"https:\/\/voima.fi\/hairikot\/artikkeli\/author\/hairikko\/"}]}},"enclosure":{"image":"https:\/\/voima.fi\/hairikot\/wp-content\/uploads\/sites\/9\/2020\/04\/KUVA-1.png"},"meta:avatar":"","geolocation":[],"meta:youtube":null,"meta:vimeo":null,"meta:duration":null,"_links":{"self":[{"href":"https:\/\/voima.fi\/hairikot\/wp-json\/wp\/v2\/posts\/17541"}],"collection":[{"href":"https:\/\/voima.fi\/hairikot\/wp-json\/wp\/v2\/posts"}],"about":[{"href":"https:\/\/voima.fi\/hairikot\/wp-json\/wp\/v2\/types\/post"}],"author":[{"embeddable":true,"href":"https:\/\/voima.fi\/hairikot\/wp-json\/wp\/v2\/users\/122"}],"replies":[{"embeddable":true,"href":"https:\/\/voima.fi\/hairikot\/wp-json\/wp\/v2\/comments?post=17541"}],"version-history":[{"count":1,"href":"https:\/\/voima.fi\/hairikot\/wp-json\/wp\/v2\/posts\/17541\/revisions"}],"predecessor-version":[{"id":18357,"href":"https:\/\/voima.fi\/hairikot\/wp-json\/wp\/v2\/posts\/17541\/revisions\/18357"}],"wp:featuredmedia":[{"embeddable":true,"href":"https:\/\/voima.fi\/hairikot\/wp-json\/wp\/v2\/media\/14949"}],"wp:attachment":[{"href":"https:\/\/voima.fi\/hairikot\/wp-json\/wp\/v2\/media?parent=17541"}],"wp:term":[{"taxonomy":"category","embeddable":true,"href":"https:\/\/voima.fi\/hairikot\/wp-json\/wp\/v2\/categories?post=17541"},{"taxonomy":"post_tag","embeddable":true,"href":"https:\/\/voima.fi\/hairikot\/wp-json\/wp\/v2\/tags?post=17541"}],"curies":[{"name":"wp","href":"https:\/\/api.w.org\/{rel}","templated":true}]}}