{"id":17534,"date":"2016-05-23T00:00:00","date_gmt":"2016-05-22T21:00:00","guid":{"rendered":"http:\/\/voima.fi\/hairikot\/blogi\/yhteiskunta-tarvitsee-pelleja"},"modified":"2021-06-08T08:35:30","modified_gmt":"2021-06-08T05:35:30","slug":"yhteiskunta-tarvitsee-pelleja","status":"publish","type":"post","link":"https:\/\/voima.fi\/hairikot\/artikkeli\/yhteiskunta-tarvitsee-pelleja\/","title":{"rendered":"Yhteiskunta tarvitsee pellej\u00e4"},"content":{"rendered":"<div class=\"lowres-featured-image\"><img decoding=\"async\" width=\"952\" height=\"526\" src=\"https:\/\/voima.fi\/hairikot\/wp-content\/uploads\/sites\/9\/2020\/04\/Loldier-Karri-artikkelikuva.png\" class=\"attachment-full size-full wp-post-image\" alt=\"\" srcset=\"https:\/\/voima.fi\/hairikot\/wp-content\/uploads\/sites\/9\/2020\/04\/Loldier-Karri-artikkelikuva.png 952w, https:\/\/voima.fi\/hairikot\/wp-content\/uploads\/sites\/9\/2020\/04\/Loldier-Karri-artikkelikuva-600x332.png 600w, https:\/\/voima.fi\/hairikot\/wp-content\/uploads\/sites\/9\/2020\/04\/Loldier-Karri-artikkelikuva-768x424.png 768w, https:\/\/voima.fi\/hairikot\/wp-content\/uploads\/sites\/9\/2020\/04\/Loldier-Karri-artikkelikuva-320x177.png 320w, https:\/\/voima.fi\/hairikot\/wp-content\/uploads\/sites\/9\/2020\/04\/Loldier-Karri-artikkelikuva-200x111.png 200w, https:\/\/voima.fi\/hairikot\/wp-content\/uploads\/sites\/9\/2020\/04\/Loldier-Karri-artikkelikuva-560x309.png 560w, https:\/\/voima.fi\/hairikot\/wp-content\/uploads\/sites\/9\/2020\/04\/Loldier-Karri-artikkelikuva-300x166.png 300w\" sizes=\"(max-width: 952px) 100vw, 952px\" \/><p class=\"ylakuvateksti\"><\/p><\/div><p class=\"p1\"><em>Karnevalismi, parodia ja huumori eiv\u00e4t ole ainoita keinoja puuttua ep\u00e4kohtiin \u2013 eiv\u00e4tk\u00e4 ne yksist\u00e4\u00e4n riit\u00e4. Ne ovat kuitenkin verrattoman hyvi\u00e4 ty\u00f6kaluja.<\/em><\/p>\n<p class=\"p1\"><b>H\u00e4irik\u00f6t-p\u00e4\u00e4maja<\/b> seuraa kulttuurih\u00e4irint\u00e4n\u00e4 tunnettua ilmi\u00f6t\u00e4 ja kommentoi sen kautta yhteiskuntaa. Taiteen ja aktivismin sekainen kulttuurih\u00e4irint\u00e4 voidaan n\u00e4hd\u00e4 poliittisena taiteena, luovana aktivismina tai jonkinlaisena sekoituksena molempia. Ep\u00e4ilem\u00e4tt\u00e4 n\u00e4kyvin kulttuurih\u00e4irinn\u00e4n ilmentym\u00e4 Suomessa vuonna 2015 oli Loldiers of Odin.<\/p>\n<p class=\"p1\">Helmikuussa 2016 tapasin <strong>Karri Miettisen<\/strong>, eli <strong>Palefacen<\/strong>, lounaan merkeiss\u00e4 \u2013 tarkoituksena oli pohtia maaliskuussa julkistettavan H\u00e4irik\u00f6t-p\u00e4\u00e4majan avajaisbileiden settilistaa ja ohjelmaa. Kerroin jo varmistuneesta ohjelmasta ja mainitsin, ett\u00e4 Loldiers of Odinin Helsingin osasto tekee ensiesiintymisens\u00e4 tilaisuudessa ja tulee esitt\u00e4m\u00e4\u00e4n kutsun kaikille kiinnostuneille osallistua pellearmeijan toimintaan. T\u00e4ss\u00e4 kohdassa Karri alkoi suorastaan t\u00e4rist\u00e4 j\u00e4nnityksest\u00e4.<\/p>\n<p class=\"p1\">\u201dKuule Jari, mulla on nauhoitusta vaille valmiina Loldiers-biisi.\u201d<\/p>\n<p class=\"p1\">Hyvin pikaisesti sovimme, ett\u00e4 tuo uusi biisi j\u00e4tet\u00e4\u00e4n Palen setin viimeiseksi ja sen aikana loldierit astuvat parrasvaloihin. Tarjoaisimme spektaakkelia sit\u00e4 janoavalle yhteiskunnalle. Biisin j\u00e4lkeen Paleface voi poistua lavalle ja pellet voivat j\u00e4\u00e4d\u00e4, no, pelleilem\u00e4\u00e4n.<\/p>\n<figure id=\"attachment_11587\" aria-describedby=\"caption-attachment-11587\" style=\"width: 1105px\" class=\"wp-caption alignnone\"><img decoding=\"async\" class=\"wp-image-11587 size-full\" src=\"https:\/\/voima.fi\/hairikot\/wp-content\/uploads\/sites\/9\/2020\/04\/Karri-ja-Loldiers-of-Odin.png\" alt=\"Maaliskuussa H\u00e4irik\u00f6iden Spektaakkeligaalassa oli tilanne p\u00e4\u00e4ll\u00e4. \" width=\"1105\" height=\"622\" \/><figcaption id=\"caption-attachment-11587\" class=\"wp-caption-text\">Maaliskuussa H\u00e4irik\u00f6iden Spektaakkeligaalassa oli tilanne p\u00e4\u00e4ll\u00e4. Kuva: Velda Parkkinen<\/figcaption><\/figure>\n<p class=\"p1\"><b>Jatkoimme<\/b> <b>lounaalta<\/b> Karrin ty\u00f6huoneelle, jossa h\u00e4n esitti biisin akustisesti ja samalla avasi sen taustaa. Emme suostu pelk\u00e4\u00e4m\u00e4\u00e4n (Loldiers Anthem) -kappaleen pohjana toimii irlantilainen kapinalaulu Come out, Ye Black and Tans.<\/p>\n<p class=\"p1\">\u201dOlen vuosia halunnut esitt\u00e4\u00e4 tuon kappaleen yleis\u00f6lle, mutta irlantilainen kapina ei ole oikein istunut minun suuhuni ja olen miettinyt sopivaa teemaa suomenkielisille sanoilla. Loldiers of Odin tarjosi sen\u201d, Miettinen kertoi ty\u00f6huoneellaan Lauttasaaressa, entisiss\u00e4 Luottokunnan tiloissa.<\/p>\n<p class=\"p1\">Ty\u00f6huoneelta jatkoimme Miettisten kotiin kahvittelemaan ja jatkojalostamaan ideaa. Muutaman tunnin p\u00e4\u00e4st\u00e4 ollessani jo ulko-ovella keng\u00e4t jalassa ja takki p\u00e4\u00e4ll\u00e4 kys\u00e4isin, mit\u00e4 seiskatuumaisen tekeminen maksaa?<\/p>\n<p class=\"p1\">\u201dEih\u00e4n se paljoa maksa\u201d, Karri totesi ja loppu onkin historiaa.<\/p>\n<p class=\"p1\">Seiskatuumainen Loldiers Anthem -sinkku saapui juuri painosta ja se julkaistaan Vantaan taidemuseo <a href=\"http:\/\/www.artsimuseo.com\/\" class=\"external\" rel=\"nofollow\">Artsissa<\/a>, <a href=\"https:\/\/www.facebook.com\/events\/1011414845614365\/\" class=\"external\" rel=\"nofollow\">El\u00e4k\u00f6\u00f6n vinyyli<\/a> -n\u00e4yttelyn avajaisten yhteydess\u00e4.<\/p>\n<figure id=\"attachment_11595\" aria-describedby=\"caption-attachment-11595\" style=\"width: 1632px\" class=\"wp-caption alignnone\"><img decoding=\"async\" class=\"size-full wp-image-11595\" src=\"https:\/\/voima.fi\/hairikot\/wp-content\/uploads\/sites\/9\/2020\/04\/Sormi-Karri-ja-sinkku.jpg\" alt=\"Kuin kaksi marjaa: Karri ja Paleface. Kuva: Veera J\u00e4rvenp\u00e4\u00e4\" width=\"1632\" height=\"918\" \/><figcaption id=\"caption-attachment-11595\" class=\"wp-caption-text\">Kuin kaksi marjaa: Karri ja Paleface. Kuva: Veera J\u00e4rvenp\u00e4\u00e4<\/figcaption><\/figure>\n<p class=\"p1\"><b>Seiskatuumaisen kansitaiteilijaksi<\/b> valikoitui itseoikeutetusti H\u00e4irik\u00f6t-p\u00e4\u00e4majan visuaalisesta ilmeest\u00e4 vastaava Helsingin ja K\u00f6\u00f6penhaminan v\u00e4lill\u00e4 aikansa jakava yhdysvaltalaistaiteilija-graafikko <strong>Scott Caris<\/strong>. Kansikuvassa yhdistyv\u00e4t Palefacen kasvot, norjalainen black metal -estetiikka ja pelleteema. Yhdistelm\u00e4 on hieman h\u00e4iritsev\u00e4, kuten asiaan kuuluukin.<\/p>\n<p class=\"p1\">Nimi Come Out, Ye Black and Tans viittaa Irlannin itsen\u00e4isyyssodan aikaan kuninkaallisia poliisivoimia avustaneisiin Black and Tans -joukkoihin (\u201dmustaruskeat\u201d), joita britit v\u00e4rv\u00e4siv\u00e4t palvelukseen vuosina 1920\u201321. Valtaosa mustaruskeista oli ensimm\u00e4isen maailmansodan veteraaneja, ja joukot tulivat tunnetuiksi kovista otteista. Vuonna 1922 Irlannin kuninkaalliset poliisivoimat ja samalla Black and Tans -joukot lakkautettiin. Kappale on silti j\u00e4\u00e4nyt el\u00e4m\u00e4\u00e4n.<\/p>\n<figure id=\"attachment_11586\" aria-describedby=\"caption-attachment-11586\" style=\"width: 672px\" class=\"wp-caption alignnone\"><img decoding=\"async\" class=\"size-full wp-image-11586\" src=\"https:\/\/voima.fi\/hairikot\/wp-content\/uploads\/sites\/9\/2016\/02\/Loldiers-of-Odin-Sieg-Fail-1.jpg\" alt=\"Tampereella sattui ja tapahtui. \" width=\"672\" height=\"372\" \/><figcaption id=\"caption-attachment-11586\" class=\"wp-caption-text\">Tampereella sattui ja tapahtui.<\/figcaption><\/figure>\n<p class=\"p1\"><b>Lokakuussa 2015<\/b> Kemiss\u00e4 toimintansa aloittanut, rasistisesti motivoitunut Soldiers of Odin -katupartioliike (S.O.O.) her\u00e4tti v\u00e4litt\u00f6m\u00e4sti vilkasta keskustelua astuttuaan julkisuuteen. Keskustelua ep\u00e4ilem\u00e4tt\u00e4 vauhditti se, ett\u00e4 partion puhemiehen\u00e4 esiintyi henkil\u00f6, joka ei peitellyt kansallissosialistista arvomaailmaansa, poseerasi natsiupseerin koppalakissa ja Suomi-konepistooli syliss\u00e4\u00e4n. Populistinen maahanmuuttokeskustelu ja netiss\u00e4 jalansijaa saaneet sivustot loivat kasvualustan aggressiivisesti esiintyneille katupartioille ja S.O.O. levitt\u00e4ytyi nopeasti useisiin kaupunkeihin \u2013 my\u00f6s Tampereelle.<\/p>\n<p class=\"p1\">Tammikuussa 2016 Odinin sotureiden askeltaessa Tampereen H\u00e4meenkatua h\u00e4m\u00e4r\u00e4n jo laskeuduttua he saivat seurakseen uuden \u2013 ja odottamattoman \u2013 partion. Loldiers of Odin oli astunut julkisuuteen. Siin\u00e4 miss\u00e4 Odinin sotilaat rakensivat identiteettins\u00e4 v\u00e4kivallan uhan varaan, Odinin pellet vastasivat karnevalismilla.<\/p>\n<p class=\"p1\">Loldiers of Odin putosi suoraan ylpe\u00e4\u00e4n jatkumoon, josta l\u00f6ytyv\u00e4t my\u00f6s esimerkiksi muinaiset hovinarrit. V\u00e4\u00e4nt\u00e4m\u00e4ll\u00e4 ruuvin \u00e4\u00e4riasentoon ja kielt\u00e4ytym\u00e4ll\u00e4 keskustelusta rasistien m\u00e4\u00e4rittelemill\u00e4 termeill\u00e4 pellearmeija paljasti Soldiers of Odinin uhoon sis\u00e4\u00e4nrakennetun koomisuuden. Jos katupartio valmistautuu neuvottelemaan nyrkein itse m\u00e4\u00e4rittelem\u00e4ll\u00e4\u00e4n hyv\u00e4\u2013paha-akselilla, se ei ole kykenev\u00e4 vastaamaan klovnien punaneniin ja silkkaan dadaan.<\/p>\n<p class=\"p1\">Riist\u00e4m\u00e4ll\u00e4 Soldiers of Odinilta mahdollisuuden keskustella nyrkein, klovnit riistiv\u00e4t samalla my\u00f6s ryhm\u00e4n ainoan argumentin.<\/p>\n<p><iframe title=\"Loldiers of Odin Tampereella 16.1.2016\" width=\"1200\" height=\"675\" src=\"https:\/\/www.youtube.com\/embed\/n85LwLsvSfc?&#038;showinfo=0&#038;rel=0&#038;modestbranding=1&#038;iv_load_policy=3&#038;color=white\" frameborder=\"0\" allow=\"accelerometer; autoplay; clipboard-write; encrypted-media; gyroscope; picture-in-picture\" allowfullscreen><\/iframe><\/p>\n<p class=\"p1\"><em>T\u00e4ss\u00e4 kuulkaat tehtiin suomalaisen aktivismin historiaa. Meno oli kunnollista.<\/em><\/p>\n<p class=\"p1\"><b style=\"line-height: 1.5;\">Populismi<\/b><span style=\"line-height: 1.5;\"> nojaa usein kansallistunteeseen ja pelkoihin: ulkoa tuleva esitet\u00e4\u00e4n uhkana, jonka vastustaminen on jopa pyh\u00e4 velvollisuus. T\u00e4t\u00e4 populistista retoriikkaa voidaan viljell\u00e4 niin eduskunnan t\u00e4ysistunnoissa, netiss\u00e4 kuin kemil\u00e4isell\u00e4 kerhohuoneellakin. Ei ole uusi keksint\u00f6 projisoida omia pelkoja vieraaksi koettuihin henkil\u00f6ihin ja kanavoida yhteis\u00f6n tyytym\u00e4tt\u00f6myytt\u00e4 yhteis\u00f6n ulkopuolisiin. Samat peruslainalaisuudet taitavat toimia niin koulun pihamaalla kuin kansainv\u00e4lisess\u00e4 politiikassakin.<\/span><\/p>\n<p class=\"p1\">Ihmisluonnolle emme ehk\u00e4 voi mit\u00e4\u00e4n, mutta pystymme aina rakentamaan parempaa yhteiskuntaa. Osoittamalla n\u00e4kem\u00e4mme ep\u00e4kohdat, jokainen meist\u00e4 voi kantaa kortensa kekoon. T\u00e4t\u00e4 Lodiers of Odin on tehnyt hyvinkin ansiokkaasti. Karnevalismi, parodia ja huumori eiv\u00e4t ole ainoita keinoja puuttua ep\u00e4kohtiin \u2013 eiv\u00e4tk\u00e4 ne yksist\u00e4\u00e4n riit\u00e4. Ne ovat kuitenkin verrattoman hyvi\u00e4 ty\u00f6kaluja, ja ne tulisi aina pit\u00e4\u00e4 k\u00e4sill\u00e4. Maailma tarvitsee pellej\u00e4, Suomi tarvitsee pellej\u00e4 ja my\u00f6s sin\u00e4 tarvitset pellej\u00e4.<\/p>\n<p class=\"p1\">Palefacen &amp; huolestuneiden kansalaisten <i>Emme suostu pelk\u00e4\u00e4m\u00e4\u00e4n (Loldiers Anthem)<\/i> on kunnianosoitus Loldiers of Odinille ja kaikille muillekin kipe\u00e4sti tarvitsemillemme pelleille. Oli kunnia saada osallistua sen julkaisemiseen, ja toivottavasti se osaltaan kannustaa kuulijaansa puuttumaan rohkeasti kohtaamiinsa ep\u00e4kohtiin.<\/p>\n<p class=\"p1\"><strong>Artikkeli julkaistaan my\u00f6s El\u00e4k\u00f6\u00f6n vinyyli -n\u00e4yttelyn kirjassa.<\/strong><\/p>\n","protected":false},"excerpt":{"rendered":"<p>Karnevalismi, parodia ja huumori eiv\u00e4t ole ainoita keinoja puuttua ep\u00e4kohtiin \u2013 eiv\u00e4tk\u00e4 ne yksist\u00e4\u00e4n riit\u00e4. Ne ovat kuitenkin verrattoman hyvi\u00e4 ty\u00f6kaluja.<\/p>\n","protected":false},"author":122,"featured_media":14937,"comment_status":"closed","ping_status":"closed","sticky":false,"template":"","format":"standard","meta":{"footnotes":""},"categories":[5],"tags":[178,1062,1260,1408,1835,2313],"yoast_head":"<!-- This site is optimized with the Yoast SEO plugin v22.7 - https:\/\/yoast.com\/wordpress\/plugins\/seo\/ -->\n<title>Yhteiskunta tarvitsee pellej\u00e4 - H\u00e4irik\u00f6t-p\u00e4\u00e4maja<\/title>\n<meta name=\"robots\" content=\"index, follow, max-snippet:-1, max-image-preview:large, max-video-preview:-1\" \/>\n<link rel=\"canonical\" href=\"https:\/\/voima.fi\/hairikot\/artikkeli\/yhteiskunta-tarvitsee-pelleja\/\" \/>\n<meta property=\"og:locale\" content=\"fi_FI\" \/>\n<meta property=\"og:type\" content=\"article\" \/>\n<meta property=\"og:title\" content=\"Yhteiskunta tarvitsee pellej\u00e4 - H\u00e4irik\u00f6t-p\u00e4\u00e4maja\" \/>\n<meta property=\"og:description\" content=\"Karnevalismi, parodia ja huumori eiv\u00e4t ole ainoita keinoja puuttua ep\u00e4kohtiin \u2013 eiv\u00e4tk\u00e4 ne yksist\u00e4\u00e4n riit\u00e4. Ne ovat kuitenkin verrattoman hyvi\u00e4 ty\u00f6kaluja.\" \/>\n<meta property=\"og:url\" content=\"https:\/\/voima.fi\/hairikot\/artikkeli\/yhteiskunta-tarvitsee-pelleja\/\" \/>\n<meta property=\"og:site_name\" content=\"H\u00e4irik\u00f6t-p\u00e4\u00e4maja\" \/>\n<meta property=\"article:published_time\" content=\"2016-05-22T21:00:00+00:00\" \/>\n<meta property=\"article:modified_time\" content=\"2021-06-08T05:35:30+00:00\" \/>\n<meta property=\"og:image\" content=\"https:\/\/voima.fi\/hairikot\/wp-content\/uploads\/sites\/9\/2020\/04\/Loldier-Karri-artikkelikuva.png\" \/>\n\t<meta property=\"og:image:width\" content=\"952\" \/>\n\t<meta property=\"og:image:height\" content=\"526\" \/>\n\t<meta property=\"og:image:type\" content=\"image\/png\" \/>\n<meta name=\"author\" content=\"Jari Tamminen\" \/>\n<meta name=\"twitter:card\" content=\"summary_large_image\" \/>\n<meta name=\"twitter:label1\" content=\"Kirjoittanut\" \/>\n\t<meta name=\"twitter:data1\" content=\"Jari Tamminen\" \/>\n\t<meta name=\"twitter:label2\" content=\"Arvioitu lukuaika\" \/>\n\t<meta name=\"twitter:data2\" content=\"4 minuuttia\" \/>\n<script type=\"application\/ld+json\" class=\"yoast-schema-graph\">{\"@context\":\"https:\/\/schema.org\",\"@graph\":[{\"@type\":\"WebPage\",\"@id\":\"https:\/\/voima.fi\/hairikot\/artikkeli\/yhteiskunta-tarvitsee-pelleja\/\",\"url\":\"https:\/\/voima.fi\/hairikot\/artikkeli\/yhteiskunta-tarvitsee-pelleja\/\",\"name\":\"Yhteiskunta tarvitsee pellej\u00e4 - H\u00e4irik\u00f6t-p\u00e4\u00e4maja\",\"isPartOf\":{\"@id\":\"https:\/\/voima.fi\/hairikot\/#website\"},\"primaryImageOfPage\":{\"@id\":\"https:\/\/voima.fi\/hairikot\/artikkeli\/yhteiskunta-tarvitsee-pelleja\/#primaryimage\"},\"image\":{\"@id\":\"https:\/\/voima.fi\/hairikot\/artikkeli\/yhteiskunta-tarvitsee-pelleja\/#primaryimage\"},\"thumbnailUrl\":\"https:\/\/voima.fi\/hairikot\/wp-content\/uploads\/sites\/9\/2020\/04\/Loldier-Karri-artikkelikuva.png\",\"datePublished\":\"2016-05-22T21:00:00+00:00\",\"dateModified\":\"2021-06-08T05:35:30+00:00\",\"author\":{\"@id\":\"https:\/\/voima.fi\/hairikot\/#\/schema\/person\/523ff68c19f1381d78529f38bb76e7fe\"},\"breadcrumb\":{\"@id\":\"https:\/\/voima.fi\/hairikot\/artikkeli\/yhteiskunta-tarvitsee-pelleja\/#breadcrumb\"},\"inLanguage\":\"fi\",\"potentialAction\":[{\"@type\":\"ReadAction\",\"target\":[\"https:\/\/voima.fi\/hairikot\/artikkeli\/yhteiskunta-tarvitsee-pelleja\/\"]}]},{\"@type\":\"ImageObject\",\"inLanguage\":\"fi\",\"@id\":\"https:\/\/voima.fi\/hairikot\/artikkeli\/yhteiskunta-tarvitsee-pelleja\/#primaryimage\",\"url\":\"https:\/\/voima.fi\/hairikot\/wp-content\/uploads\/sites\/9\/2020\/04\/Loldier-Karri-artikkelikuva.png\",\"contentUrl\":\"https:\/\/voima.fi\/hairikot\/wp-content\/uploads\/sites\/9\/2020\/04\/Loldier-Karri-artikkelikuva.png\",\"width\":952,\"height\":526},{\"@type\":\"BreadcrumbList\",\"@id\":\"https:\/\/voima.fi\/hairikot\/artikkeli\/yhteiskunta-tarvitsee-pelleja\/#breadcrumb\",\"itemListElement\":[{\"@type\":\"ListItem\",\"position\":1,\"name\":\"Home\",\"item\":\"https:\/\/voima.fi\/hairikot\/\"},{\"@type\":\"ListItem\",\"position\":2,\"name\":\"Yhteiskunta tarvitsee pellej\u00e4\"}]},{\"@type\":\"WebSite\",\"@id\":\"https:\/\/voima.fi\/hairikot\/#website\",\"url\":\"https:\/\/voima.fi\/hairikot\/\",\"name\":\"H\u00e4irik\u00f6t-p\u00e4\u00e4maja\",\"description\":\"\",\"potentialAction\":[{\"@type\":\"SearchAction\",\"target\":{\"@type\":\"EntryPoint\",\"urlTemplate\":\"https:\/\/voima.fi\/hairikot\/?s={search_term_string}\"},\"query-input\":\"required name=search_term_string\"}],\"inLanguage\":\"fi\"},{\"@type\":\"Person\",\"@id\":\"https:\/\/voima.fi\/hairikot\/#\/schema\/person\/523ff68c19f1381d78529f38bb76e7fe\",\"name\":\"Jari Tamminen\",\"image\":{\"@type\":\"ImageObject\",\"inLanguage\":\"fi\",\"@id\":\"https:\/\/voima.fi\/hairikot\/#\/schema\/person\/image\/\",\"url\":\"https:\/\/secure.gravatar.com\/avatar\/e5c0bb16f2efc1924afe37fc190f8ce1?s=96&d=blank&r=g\",\"contentUrl\":\"https:\/\/secure.gravatar.com\/avatar\/e5c0bb16f2efc1924afe37fc190f8ce1?s=96&d=blank&r=g\",\"caption\":\"Jari Tamminen\"},\"description\":\"Kulttuurih\u00e4irint\u00e4 on taiteen ja aktivismin j\u00e4nnitt\u00e4v\u00e4\u00e4 lomittumista: odottamaton performanssi katuvilin\u00e4ss\u00e4, vallattuja mainostauluja ja mainosparodioita. Se on k\u00e4site, joka yhdist\u00e4\u00e4 yhteiskunnallista kommentaaria ja luovaa vastarintaa. T\u00e4ss\u00e4 blogissa Voiman Jari Tamminen hahmottaa maailmaa kulttuurih\u00e4irinn\u00e4n n\u00e4k\u00f6kulmasta. Lis\u00e4\u00e4 Tammisen huomioita kulttuurih\u00e4irinn\u00e4st\u00e4 voi lukea Voimasta, H\u00e4irik\u00f6t \u2013 Kulttuurih\u00e4irinn\u00e4n aakkoset -kirjasta ja p\u00e4ivitt\u00e4in osoitteesta www.facebook.com\/hairikot.\",\"sameAs\":[\"http:\/\/www.facebook.com\/hairikot\"],\"url\":\"https:\/\/voima.fi\/hairikot\/artikkeli\/author\/hairikko\/\"}]}<\/script>\n<!-- \/ Yoast SEO plugin. -->","yoast_head_json":{"title":"Yhteiskunta tarvitsee pellej\u00e4 - H\u00e4irik\u00f6t-p\u00e4\u00e4maja","robots":{"index":"index","follow":"follow","max-snippet":"max-snippet:-1","max-image-preview":"max-image-preview:large","max-video-preview":"max-video-preview:-1"},"canonical":"https:\/\/voima.fi\/hairikot\/artikkeli\/yhteiskunta-tarvitsee-pelleja\/","og_locale":"fi_FI","og_type":"article","og_title":"Yhteiskunta tarvitsee pellej\u00e4 - H\u00e4irik\u00f6t-p\u00e4\u00e4maja","og_description":"Karnevalismi, parodia ja huumori eiv\u00e4t ole ainoita keinoja puuttua ep\u00e4kohtiin \u2013 eiv\u00e4tk\u00e4 ne yksist\u00e4\u00e4n riit\u00e4. Ne ovat kuitenkin verrattoman hyvi\u00e4 ty\u00f6kaluja.","og_url":"https:\/\/voima.fi\/hairikot\/artikkeli\/yhteiskunta-tarvitsee-pelleja\/","og_site_name":"H\u00e4irik\u00f6t-p\u00e4\u00e4maja","article_published_time":"2016-05-22T21:00:00+00:00","article_modified_time":"2021-06-08T05:35:30+00:00","og_image":[{"width":952,"height":526,"url":"https:\/\/voima.fi\/hairikot\/wp-content\/uploads\/sites\/9\/2020\/04\/Loldier-Karri-artikkelikuva.png","type":"image\/png"}],"author":"Jari Tamminen","twitter_card":"summary_large_image","twitter_misc":{"Kirjoittanut":"Jari Tamminen","Arvioitu lukuaika":"4 minuuttia"},"schema":{"@context":"https:\/\/schema.org","@graph":[{"@type":"WebPage","@id":"https:\/\/voima.fi\/hairikot\/artikkeli\/yhteiskunta-tarvitsee-pelleja\/","url":"https:\/\/voima.fi\/hairikot\/artikkeli\/yhteiskunta-tarvitsee-pelleja\/","name":"Yhteiskunta tarvitsee pellej\u00e4 - H\u00e4irik\u00f6t-p\u00e4\u00e4maja","isPartOf":{"@id":"https:\/\/voima.fi\/hairikot\/#website"},"primaryImageOfPage":{"@id":"https:\/\/voima.fi\/hairikot\/artikkeli\/yhteiskunta-tarvitsee-pelleja\/#primaryimage"},"image":{"@id":"https:\/\/voima.fi\/hairikot\/artikkeli\/yhteiskunta-tarvitsee-pelleja\/#primaryimage"},"thumbnailUrl":"https:\/\/voima.fi\/hairikot\/wp-content\/uploads\/sites\/9\/2020\/04\/Loldier-Karri-artikkelikuva.png","datePublished":"2016-05-22T21:00:00+00:00","dateModified":"2021-06-08T05:35:30+00:00","author":{"@id":"https:\/\/voima.fi\/hairikot\/#\/schema\/person\/523ff68c19f1381d78529f38bb76e7fe"},"breadcrumb":{"@id":"https:\/\/voima.fi\/hairikot\/artikkeli\/yhteiskunta-tarvitsee-pelleja\/#breadcrumb"},"inLanguage":"fi","potentialAction":[{"@type":"ReadAction","target":["https:\/\/voima.fi\/hairikot\/artikkeli\/yhteiskunta-tarvitsee-pelleja\/"]}]},{"@type":"ImageObject","inLanguage":"fi","@id":"https:\/\/voima.fi\/hairikot\/artikkeli\/yhteiskunta-tarvitsee-pelleja\/#primaryimage","url":"https:\/\/voima.fi\/hairikot\/wp-content\/uploads\/sites\/9\/2020\/04\/Loldier-Karri-artikkelikuva.png","contentUrl":"https:\/\/voima.fi\/hairikot\/wp-content\/uploads\/sites\/9\/2020\/04\/Loldier-Karri-artikkelikuva.png","width":952,"height":526},{"@type":"BreadcrumbList","@id":"https:\/\/voima.fi\/hairikot\/artikkeli\/yhteiskunta-tarvitsee-pelleja\/#breadcrumb","itemListElement":[{"@type":"ListItem","position":1,"name":"Home","item":"https:\/\/voima.fi\/hairikot\/"},{"@type":"ListItem","position":2,"name":"Yhteiskunta tarvitsee pellej\u00e4"}]},{"@type":"WebSite","@id":"https:\/\/voima.fi\/hairikot\/#website","url":"https:\/\/voima.fi\/hairikot\/","name":"H\u00e4irik\u00f6t-p\u00e4\u00e4maja","description":"","potentialAction":[{"@type":"SearchAction","target":{"@type":"EntryPoint","urlTemplate":"https:\/\/voima.fi\/hairikot\/?s={search_term_string}"},"query-input":"required name=search_term_string"}],"inLanguage":"fi"},{"@type":"Person","@id":"https:\/\/voima.fi\/hairikot\/#\/schema\/person\/523ff68c19f1381d78529f38bb76e7fe","name":"Jari Tamminen","image":{"@type":"ImageObject","inLanguage":"fi","@id":"https:\/\/voima.fi\/hairikot\/#\/schema\/person\/image\/","url":"https:\/\/secure.gravatar.com\/avatar\/e5c0bb16f2efc1924afe37fc190f8ce1?s=96&d=blank&r=g","contentUrl":"https:\/\/secure.gravatar.com\/avatar\/e5c0bb16f2efc1924afe37fc190f8ce1?s=96&d=blank&r=g","caption":"Jari Tamminen"},"description":"Kulttuurih\u00e4irint\u00e4 on taiteen ja aktivismin j\u00e4nnitt\u00e4v\u00e4\u00e4 lomittumista: odottamaton performanssi katuvilin\u00e4ss\u00e4, vallattuja mainostauluja ja mainosparodioita. Se on k\u00e4site, joka yhdist\u00e4\u00e4 yhteiskunnallista kommentaaria ja luovaa vastarintaa. T\u00e4ss\u00e4 blogissa Voiman Jari Tamminen hahmottaa maailmaa kulttuurih\u00e4irinn\u00e4n n\u00e4k\u00f6kulmasta. Lis\u00e4\u00e4 Tammisen huomioita kulttuurih\u00e4irinn\u00e4st\u00e4 voi lukea Voimasta, H\u00e4irik\u00f6t \u2013 Kulttuurih\u00e4irinn\u00e4n aakkoset -kirjasta ja p\u00e4ivitt\u00e4in osoitteesta www.facebook.com\/hairikot.","sameAs":["http:\/\/www.facebook.com\/hairikot"],"url":"https:\/\/voima.fi\/hairikot\/artikkeli\/author\/hairikko\/"}]}},"enclosure":{"image":"https:\/\/voima.fi\/hairikot\/wp-content\/uploads\/sites\/9\/2020\/04\/Loldier-Karri-artikkelikuva.png"},"meta:avatar":"","geolocation":[],"meta:youtube":null,"meta:vimeo":null,"meta:duration":null,"_links":{"self":[{"href":"https:\/\/voima.fi\/hairikot\/wp-json\/wp\/v2\/posts\/17534"}],"collection":[{"href":"https:\/\/voima.fi\/hairikot\/wp-json\/wp\/v2\/posts"}],"about":[{"href":"https:\/\/voima.fi\/hairikot\/wp-json\/wp\/v2\/types\/post"}],"author":[{"embeddable":true,"href":"https:\/\/voima.fi\/hairikot\/wp-json\/wp\/v2\/users\/122"}],"replies":[{"embeddable":true,"href":"https:\/\/voima.fi\/hairikot\/wp-json\/wp\/v2\/comments?post=17534"}],"version-history":[{"count":2,"href":"https:\/\/voima.fi\/hairikot\/wp-json\/wp\/v2\/posts\/17534\/revisions"}],"predecessor-version":[{"id":19163,"href":"https:\/\/voima.fi\/hairikot\/wp-json\/wp\/v2\/posts\/17534\/revisions\/19163"}],"wp:featuredmedia":[{"embeddable":true,"href":"https:\/\/voima.fi\/hairikot\/wp-json\/wp\/v2\/media\/14937"}],"wp:attachment":[{"href":"https:\/\/voima.fi\/hairikot\/wp-json\/wp\/v2\/media?parent=17534"}],"wp:term":[{"taxonomy":"category","embeddable":true,"href":"https:\/\/voima.fi\/hairikot\/wp-json\/wp\/v2\/categories?post=17534"},{"taxonomy":"post_tag","embeddable":true,"href":"https:\/\/voima.fi\/hairikot\/wp-json\/wp\/v2\/tags?post=17534"}],"curies":[{"name":"wp","href":"https:\/\/api.w.org\/{rel}","templated":true}]}}