{"id":17480,"date":"2015-10-14T00:00:00","date_gmt":"2015-10-13T21:00:00","guid":{"rendered":"http:\/\/voima.fi\/hairikot\/blogi\/vero-optimoitu-kotipizza"},"modified":"2020-08-10T14:02:37","modified_gmt":"2020-08-10T11:02:37","slug":"vero-optimoitu-kotipizza","status":"publish","type":"post","link":"https:\/\/voima.fi\/hairikot\/artikkeli\/vero-optimoitu-kotipizza\/","title":{"rendered":"Vero-optimoitu Kotipizza"},"content":{"rendered":"<div class=\"lowres-featured-image\"><img decoding=\"async\" width=\"1000\" height=\"617\" src=\"https:\/\/voima.fi\/hairikot\/wp-content\/uploads\/sites\/9\/2020\/04\/vaakaisempi_Wanted-pizza-1.jpg\" class=\"attachment-full size-full wp-post-image\" alt=\"\" srcset=\"https:\/\/voima.fi\/hairikot\/wp-content\/uploads\/sites\/9\/2020\/04\/vaakaisempi_Wanted-pizza-1.jpg 1000w, https:\/\/voima.fi\/hairikot\/wp-content\/uploads\/sites\/9\/2020\/04\/vaakaisempi_Wanted-pizza-1-600x370.jpg 600w, https:\/\/voima.fi\/hairikot\/wp-content\/uploads\/sites\/9\/2020\/04\/vaakaisempi_Wanted-pizza-1-768x474.jpg 768w, https:\/\/voima.fi\/hairikot\/wp-content\/uploads\/sites\/9\/2020\/04\/vaakaisempi_Wanted-pizza-1-320x197.jpg 320w, https:\/\/voima.fi\/hairikot\/wp-content\/uploads\/sites\/9\/2020\/04\/vaakaisempi_Wanted-pizza-1-200x123.jpg 200w, https:\/\/voima.fi\/hairikot\/wp-content\/uploads\/sites\/9\/2020\/04\/vaakaisempi_Wanted-pizza-1-560x346.jpg 560w, https:\/\/voima.fi\/hairikot\/wp-content\/uploads\/sites\/9\/2020\/04\/vaakaisempi_Wanted-pizza-1-980x605.jpg 980w, https:\/\/voima.fi\/hairikot\/wp-content\/uploads\/sites\/9\/2020\/04\/vaakaisempi_Wanted-pizza-1-300x185.jpg 300w\" sizes=\"(max-width: 1000px) 100vw, 1000px\" \/><p class=\"ylakuvateksti\"><\/p><\/div><p class=\"p1\"><b><\/b><i>Poliisi ei v\u00e4ltt\u00e4m\u00e4tt\u00e4 oikein osaa somea. Veroja v\u00e4lttelev\u00e4 pizzeria on kuitenkin l\u00f6ytynyt sattumalta, ja se todellakin myy l\u00e4ttyj\u00e4 alle kuudella eurolla. <\/i><\/p>\n<p class=\"p3\"><b>Nyt kun<\/b> olemme pari p\u00e4iv\u00e4\u00e4 <a href=\"http:\/\/uusi.voima.fi\/blogikirjoitus\/2015\/harmaan-talouden-kimppuun-kaikki-nytten\/\">kauhistelleet<\/a>\u00a0ulkomaita <a href=\"http:\/\/www.bbc.com\/news\/blogs-news-from-elsewhere-34515639\" class=\"external\" rel=\"nofollow\">my\u00f6ten<\/a>\u00a0poliisin harmaan talouden vastaista kampanjaa, on jo korkea aika pohtia sit\u00e4, mit\u00e4 tehtiin, miten tehtiin ja mit\u00e4 saimme selville.<\/p>\n<p class=\"p3\">Ensinn\u00e4kin pieni k\u00f6mpelyys poliisin sometiimilt\u00e4 on sik\u00e4li ymm\u00e4rrett\u00e4v\u00e4\u00e4, ett\u00e4 \u201d<a href=\"https:\/\/www.facebook.com\/Talousrikostutkijat-Anne-ja-Jutta-1124490154245390\/\" class=\"external\" rel=\"nofollow\">Talousrikostutkijat Anne ja Jutta<\/a>\u201d\u00a0aloittivat hommissaan vasta \u00e4sken. T\u00e4m\u00e4 #pizzagate oli heid\u00e4n ensimm\u00e4inen ulostulonsa. Ei ehk\u00e4 ihan ymm\u00e4rretty, ett\u00e4 sosiaalinen media reagoi asioihin vauhdikkaasti.<\/p>\n<p class=\"p3\">Ehk\u00e4 j\u00e4i huomioimatta se, ett\u00e4 jengi on ihan oikeasti hiilen\u00e4 hallituksen p\u00e4\u00e4t\u00f6ksest\u00e4 leikata poliisin talousrikosten tutkinnasta ja puukottaa suomalaisyhti\u00f6iden veronkiertoa tutkivan Finnwatchin rahoitus.\u00a0Noin esimerkiksi.<\/p>\n<figure id=\"attachment_33860\" aria-describedby=\"caption-attachment-33860\" style=\"width: 587px\" class=\"wp-caption alignnone\"><a href=\"https:\/\/voima.fi\/hairikot\/wp-content\/uploads\/sites\/9\/2020\/04\/Fuck-the-pizza-police.jpg\"><img decoding=\"async\" class=\"size-full wp-image-33860\" src=\"https:\/\/voima.fi\/hairikot\/wp-content\/uploads\/sites\/9\/2020\/04\/Fuck-the-pizza-police.jpg\" alt=\"Anarkistimeemien kuvassa on suhteellisen reippaan ilakoiva meininki.\u00a0\" width=\"587\" height=\"720\" \/><\/a><figcaption id=\"caption-attachment-33860\" class=\"wp-caption-text\">Anarkistimeemien kuvassa on suhteellisen reippaan ilakoiva meininki.<\/figcaption><\/figure>\n<p class=\"p3\"><b>T\u00e4m\u00e4n j\u00e4lkeen<\/b> voisi k\u00e4ytt\u00e4\u00e4 tuokion siihen, ett\u00e4 mietit\u00e4\u00e4n tyt\u00f6ttely\u00e4. Onhan meill\u00e4 entuudestaan nettipoliisi, joka esiintyy sukunimest\u00e4 johdetulla lempinimell\u00e4\u00e4n, mutta ei poliiseja ole tavattu sinutella. On Reinikainen ja Maria Kallio, Aarnio ja mit\u00e4 n\u00e4it\u00e4 nyt onkaan.<\/p>\n<p class=\"p3\">Oikeastaan ainoat etunimell\u00e4 esitellyt poliisit, joita minulla tulee mieleen ovat poliisikoiria \u2013 ne ovat aina Severeit\u00e4 tai Manuja tai jotain. Ja nyt meill\u00e4 on sitten Anne ja Jutta. Ei t\u00e4ss\u00e4 ihan kiiluvasilm\u00e4inen feministi tarvitse olla n\u00e4hd\u00e4kseen tilanteen hieman h\u00f6ps\u00f6n\u00e4.<\/p>\n<p class=\"p3\"><div class=\"su-youtube su-u-responsive-media-yes\"><iframe width=\"600\" height=\"400\" src=\"https:\/\/www.youtube.com\/embed\/LS37SNYjg8w?\" frameborder=\"0\" allowfullscreen allow=\"autoplay; encrypted-media; picture-in-picture\" title=\"\"><\/iframe><\/div>\n<p class=\"p3\"><i>N\u00e4ist\u00e4 tyt\u00f6ttelyist\u00e4 tulee poikkeuksetta mieleen t\u00e4m\u00e4 video. Tied\u00e4 sitten miksi.<\/i><\/p>\n<p class=\"p3\"><b>No niin<\/b>, ett\u00e4 huonosti meni noin niinku viestinn\u00e4llisesti. Mutta ent\u00e4s se substanssi?<\/p>\n<p class=\"p3\">Kyll\u00e4 min\u00e4 ymm\u00e4rr\u00e4n, ett\u00e4 viranomaiset haluavat muistuttaa kansalaisia\u00a0siit\u00e4, ett\u00e4 veronkiertoa tapahtuu kaikkialla ja se on osa arkista el\u00e4m\u00e4\u00e4. <em>Sm\u00e5 saker \u00e4r stora saker<\/em>. Ehk\u00e4 se kuluttajakansalaisten toimeliaisuudenkin (siis ilmiantojen) toivominen menee sinne vahinkolaariin \u2013\u00a0ehk\u00e4 poliisille ei vain tullut mieleen, ett\u00e4 monet pit\u00e4v\u00e4t ajatusta toisiaan kytt\u00e4\u00e4vist\u00e4 ja vasikoivista kansalaisista hieman DDR:n\u00e4.<\/p>\n<p class=\"p3\">Mutta jotain hyv\u00e4\u00e4kin t\u00e4st\u00e4 kampanjasta seurasi. Esiin nousi ainakin yksi verojen maksamisesta laistava pizzeria \u2013 eik\u00e4 kyse ole mist\u00e4\u00e4n pikkutekij\u00e4st\u00e4, vaan kunnon vonkaleesta. Sosiaalisessa mediassakin jaettiin vitsin\u00e4 Kotipizzan mainosta, jossa kaupitellaan pizzaa hintaan 5,90 euroa. Kuvan tarkoituksena oli tietenkin osoittaa esitetyn \u201dalle kuuden euron pizza on veronkiertoa\u201d -v\u00e4itteen naurettavuus, mutta se osui vahingossa yll\u00e4tt\u00e4v\u00e4n l\u00e4helle maalia.<\/p>\n<p class=\"p3\">Kotipizza on Pohjoismaiden suurin pizzaravintolaketju ja yhti\u00f6n ja sen omistajan v\u00e4list\u00e4 rahaliikennett\u00e4 on hoidettu tavalla, jota voisi ep\u00e4ilem\u00e4tt\u00e4 kutsua vero-optimoinniksi. Veronkiertoahan se ei ole, koska ammattilaiset ovat huolehtineen toiminnan lainmukaisuudesta.<\/p>\n<p class=\"p3\">Kotipizzan perustaja Rabbe Gr\u00f6nblom myi vuonna 2011 Kotipizza-yhti\u00f6t p\u00e4\u00e4omasijoittaja Sentica Partnersille. Gr\u00f6nblom j\u00e4i yhti\u00f6n v\u00e4hemmist\u00f6osakkaaksi, mutta luopui lopuistakin omistuksistaan vuonna 2014. Viime kes\u00e4n\u00e4 Kotipizza listautui Helsingin p\u00f6rssiin.<\/p>\n<p class=\"p3\">Tutustumalla <a href=\"http:\/\/www2.kotipizza.fi\/index\/52\" class=\"external\" rel=\"nofollow\">Kotipizza Groupin lehdist\u00f6tiedotteisiin<\/a>\u00a0paljastuu yhti\u00f6n omistus- ja rahoitusj\u00e4rjestelyist\u00e4 vaikka mit\u00e4 kiinnostavaa.<\/p>\n<p class=\"p3\">On t\u00e4rke\u00e4\u00e4 huomioida, ett\u00e4 t\u00e4ss\u00e4 yhteydess\u00e4 puhutaan tosiaan Kotipizza Groupista eik\u00e4 yksitt\u00e4isist\u00e4 Kotipizza-franchise-yritt\u00e4jist\u00e4. Pizzerioita py\u00f6ritt\u00e4v\u00e4t yritt\u00e4j\u00e4t toimivat perin juurin erilaisilla askelmerkeill\u00e4 ja monet heist\u00e4 ovat syytt\u00e4neet ravintolaketjun johtoa <a href=\"http:\/\/www.hs.fi\/kotimaa\/a1396845895952\" class=\"external\" rel=\"nofollow\">kohtuuttomista sopimusehdoista, rahanahneudesta ja huonosta johtamisesta<\/a>. N\u00e4m\u00e4 yritt\u00e4j\u00e4t py\u00f6ritt\u00e4v\u00e4t niit\u00e4 ravintoloita Kotipizza Groupin keskittyess\u00e4 rahojen liikutteluun.<\/p>\n<p class=\"p3\"><b>Listautuessa Kotipizza<\/b> oli raskaasti alikapitalisoitu, eli yhti\u00f6st\u00e4 oli siirretty varoja ulos. T\u00e4m\u00e4 onnistui muun muassa maksamalla yhti\u00f6n ostaminen 30 miljoonan joukkovelkakirjalainalla, jonka korko on 8 prosenttia (kun euribor py\u00f6rii nollan nurkilla), sek\u00e4 7,4 miljoonan euron osakaslainalla, jonka korko on 7 prosenttia.<\/p>\n<p class=\"p3\">Jos toimittaja nytten yritt\u00e4\u00e4 ymm\u00e4rt\u00e4\u00e4 asian, niin on tapahtunut seuraavaa: Yhti\u00f6 on ostanut itse itsens\u00e4 itselt\u00e4\u00e4n ja rahoittanut t\u00e4m\u00e4n osittain ottamalla osakaslainaa itselt\u00e4\u00e4n. Juridisestihan se ei n\u00e4in yksinkertaisesti kuitenkaan mene ja j\u00e4rjestelyyn liittyy useampikin yhti\u00f6, mutta noin periaatteessa.<\/p>\n<p class=\"p3\">Korkojen maksun j\u00e4lkeen yhti\u00f6 tekee noin nollatulosta, jolloin veroja ei tarvitse maksaa. Liikevaihto on ollut kolme edellist\u00e4 tilikautta noin 52 \u2013 54 miljoonaa euroa ja liikevoitto 4 \u2013 5 miljoonaa euroa. Verotettava tulos on kuitenkin lainojen koroilla tiputettu 246 000 \u2013 1 524 000 euroon.<\/p>\n<p class=\"p3\">T\u00e4m\u00e4 ei ole mitenk\u00e4\u00e4n ainutlaatuinen tai edes harvinainen j\u00e4rjestely. Ei ole harvinaista,\u00a0ett\u00e4 yhti\u00f6 ottaa samaan konserniin kuuluvalta tai muuten likeiselt\u00e4 taholta \u2013 usein huomattavan \u2013 korkeakorkoista lainaa, maksaa sitten lainan korkoja ja samalla h\u00e4vitt\u00e4\u00e4 verotettavan tuloksen. N\u00e4iss\u00e4 j\u00e4rjestelyiss\u00e4 lainojen korot maksetaan tavalla, joka minimoi verot tai maksetaan ne maahan jossa verottaja hellii yritt\u00e4j\u00e4\u00e4 kuin paratiisissa.<\/p>\n<p class=\"p3\">Veroja Kotipizza on maksanut liikevaihdosta ja -voitosta viime vuosina 181 000 \u2013 573 000 euroa vuodessa.<\/p>\n<p class=\"p3\">Listauksen j\u00e4lkeen Kotipizza Group osti osakeannista saamilla rahoilla ja uudella lainalla 30 miljoonan euron joukkovelkakirjalainansa takaisin 103 prosentin ylikurssiin \u2013 ja maksoi lainasta 31 miljoonaa euroa alkuper\u00e4isen 30 miljoonan p\u00e4\u00e4oman p\u00e4\u00e4lle.<\/p>\n<p class=\"p3\">Osakaslainaa j\u00e4i Senticalta, ja se muunnettiin osakkeiksi. N\u00e4iden osakkeiden arvonnousu on verotonta tuottoa kommandiittiyhti\u00f6muotoiselle rahastolle.<\/p>\n<p class=\"p3\">Osakeannista saadut rahat ovat Kotipizza Groupille t\u00e4ysin verottomia. T\u00e4n\u00e4 vuonna yhti\u00f6 on listautumisen kuluista johtuen ollut tappiollinen ja veroennakot palautetaan.<\/p>\n<p class=\"p3\">&#8221;<a href=\"http:\/\/1wdm9l4e109u21ll6v3xa446.wpengine.netdna-cdn.com\/wp-content\/uploads\/2015\/06\/Prospectus-Finnish.pdf\" class=\"external\" rel=\"nofollow\">Kotipizza Groupin tuloverot 31.1.2014 p\u00e4\u00e4ttyneell\u00e4 tilikaudella olivat 0,2 miljoonaa euroa, ja ne laskivat 0,4 miljoonaa euroa eli 66,7 prosenttia verrattuna 0,6 miljoonan euron verohyvitykseen 31.1.2013 p\u00e4\u00e4ttyneell\u00e4 tilikaudella.<\/a>&#8221;<\/p>\n<figure id=\"attachment_33861\" aria-describedby=\"caption-attachment-33861\" style=\"width: 640px\" class=\"wp-caption alignnone\"><a href=\"https:\/\/voima.fi\/hairikot\/wp-content\/uploads\/sites\/9\/2020\/04\/Pixxa-5901.jpg\"><img decoding=\"async\" class=\"size-full wp-image-33861\" src=\"https:\/\/voima.fi\/hairikot\/wp-content\/uploads\/sites\/9\/2020\/04\/Pixxa-5901.jpg\" alt=\"Kassalla saatu kuitti ei takaa ihan reilua veronmaksua sek\u00e4\u00e4n.\u00a0 \" width=\"640\" height=\"640\" \/><\/a><figcaption id=\"caption-attachment-33861\" class=\"wp-caption-text\">Kassalla saatu kuitti ei takaa ihan reilua veronmaksua sek\u00e4\u00e4n.<\/figcaption><\/figure>\n<p class=\"p1\"><b style=\"line-height: 1.5\">Olisiko t\u00e4ss\u00e4<\/b><span style=\"line-height: 1.5\"> se pizzeria, jota poliisin ja verottajan kannattaisi kuumottaa? No ei tietenk\u00e4\u00e4n. T\u00e4m\u00e4 on kaikki t\u00e4ysin laillista ja asiakas saa aina kuittinsa.\u00a0<\/span><\/p>\n<p class=\"p3\">Maan hallitus ei kuitenkaan ole sanoilla tai teoilla viestinyt olevansa halukas puuttumaan vero-optimointiin tai veronkiertoon. Syit\u00e4 t\u00e4lle on ep\u00e4ilem\u00e4tt\u00e4 monia, joista osa voi liitty\u00e4 aitoon uskoon n\u00e4kym\u00e4tt\u00f6m\u00e4n k\u00e4den erehtym\u00e4tt\u00f6myydest\u00e4 ja markkinoiden itse itsens\u00e4 korjaavista mekanismeista. Ja osansa asiassa saattaa olla sill\u00e4kin, ett\u00e4 hallituksen istuvista <a href=\"http:\/\/www.kauppalehti.fi\/uutiset\/sipila-verosuunnitteli-lapsistaan-vauraita\/HZTM2hHH\" class=\"external\" rel=\"nofollow\">ministereist\u00e4kin<\/a> [] osa on <a href=\"http:\/\/yle.fi\/uutiset\/ministeri_berner_mukana_veroparatiisiyhtiossa\/8288620\" class=\"external\" rel=\"nofollow\">henkil\u00f6kohtaisestikin<\/a> osallistunut varsin suoraviivaiseen verov\u00e4lttelyyn.<\/p>\n<p class=\"p3\">Jotta emme olisi yksipuolisia, on asiallista huomioida my\u00f6s kotipizzakaupan toinen osapuoli, <a href=\"http:\/\/www.sentica.fi\/home\" class=\"external\" rel=\"nofollow\">Sentica Partners<\/a>. Se on suomalaisiin yrityksiin keskittynyt yksityinen p\u00e4\u00e4omasijoitusyhti\u00f6, jonka ker\u00e4\u00e4mien rahastojen sijoittajista l\u00f6ytyy muun muassa valtion p\u00e4\u00e4omasijoitusyhti\u00f6 Suomen teollisuussijoitus oy sek\u00e4 keskin\u00e4iset el\u00e4kevakuutusyhti\u00f6t Ilmarinen ja Etera.<\/p>\n<p class=\"p3\">Julkisen ja puolijulkisen rahan ollessa mukana peliss\u00e4 on kansalainen pakotettu pohtimaan, kuka ukottaa ja ket\u00e4. Jos valtion p\u00e4\u00e4omasijoitusyhti\u00f6n ja meid\u00e4n veronmaksajien el\u00e4kkeist\u00e4 huolehtivien yhti\u00f6iden omistama firma optimoi veroja, voittaako veronmaksaja?<\/p>\n<p class=\"p3\">Ehk\u00e4 n\u00e4m\u00e4 kuviot tosiaan ovat liian monimutkaisia ja et\u00e4isi\u00e4 poliisille (toimittajista puhumattakaan). Ehk\u00e4 meid\u00e4n kannattaisi huhuilla n\u00e4iss\u00e4 veron kierto- ja vero-optimointiasioissa poliisin sijaan poliitikoille. Ja ostaa pizzamme sielt\u00e4, mist\u00e4 halvimmalla saamme \u2013 niinh\u00e4n rationaalinen kuluttaja tekee.<\/p>\n<p class=\"p3\">&#8212;&#8212;-<\/p>\n<p class=\"p3\">KIITOKSET: Artikkelin taustoittamisessa on hy\u00f6dynnetty luvalla Sampsa Harion ansiokasta Facebook-p\u00e4ivityst\u00e4 aiheesta. Onneksi Harlo on valmis tekem\u00e4\u00e4n yksityishenkil\u00f6n\u00e4 sen, mit\u00e4 me toimittajat emme aina oikein osaa.  EDIT: Kotipizza Groupin joukkovelkakirjalainaa ei otettu Sentica Partnersilta vaan Tukholman p\u00f6rssist\u00e4.<\/p>\n","protected":false},"excerpt":{"rendered":"<p>Poliisi ei v\u00e4ltt\u00e4m\u00e4tt\u00e4 oikein osaa somea. Veroja v\u00e4lttelev\u00e4 pizzeria on kuitenkin l\u00f6ytynyt sattumalta, ja se todellakin myy l\u00e4ttyj\u00e4 alle kuudella eurolla. Nyt kun olemme pari p\u00e4iv\u00e4\u00e4 kauhistelleet\u00a0ulkomaita my\u00f6ten\u00a0poliisin harmaan talouden vastaista kampanjaa, on jo korkea aika pohtia sit\u00e4, mit\u00e4 tehtiin, miten tehtiin ja mit\u00e4 saimme selville. Ensinn\u00e4kin pieni k\u00f6mpelyys poliisin sometiimilt\u00e4 on sik\u00e4li ymm\u00e4rrett\u00e4v\u00e4\u00e4, ett\u00e4 [&hellip;]<\/p>\n","protected":false},"author":122,"featured_media":14848,"comment_status":"open","ping_status":"open","sticky":false,"template":"","format":"standard","meta":{"footnotes":""},"categories":[5],"tags":[561,672,1223,1939,2808],"yoast_head":"<!-- This site is optimized with the Yoast SEO plugin v22.7 - https:\/\/yoast.com\/wordpress\/plugins\/seo\/ -->\n<title>Vero-optimoitu Kotipizza - H\u00e4irik\u00f6t-p\u00e4\u00e4maja<\/title>\n<meta name=\"robots\" content=\"index, follow, max-snippet:-1, max-image-preview:large, max-video-preview:-1\" \/>\n<link rel=\"canonical\" href=\"https:\/\/voima.fi\/hairikot\/artikkeli\/vero-optimoitu-kotipizza\/\" \/>\n<meta property=\"og:locale\" content=\"fi_FI\" \/>\n<meta property=\"og:type\" content=\"article\" \/>\n<meta property=\"og:title\" content=\"Vero-optimoitu Kotipizza - H\u00e4irik\u00f6t-p\u00e4\u00e4maja\" \/>\n<meta property=\"og:description\" content=\"Poliisi ei v\u00e4ltt\u00e4m\u00e4tt\u00e4 oikein osaa somea. Veroja v\u00e4lttelev\u00e4 pizzeria on kuitenkin l\u00f6ytynyt sattumalta, ja se todellakin myy l\u00e4ttyj\u00e4 alle kuudella eurolla. Nyt kun olemme pari p\u00e4iv\u00e4\u00e4 kauhistelleet\u00a0ulkomaita my\u00f6ten\u00a0poliisin harmaan talouden vastaista kampanjaa, on jo korkea aika pohtia sit\u00e4, mit\u00e4 tehtiin, miten tehtiin ja mit\u00e4 saimme selville. Ensinn\u00e4kin pieni k\u00f6mpelyys poliisin sometiimilt\u00e4 on sik\u00e4li ymm\u00e4rrett\u00e4v\u00e4\u00e4, ett\u00e4 [&hellip;]\" \/>\n<meta property=\"og:url\" content=\"https:\/\/voima.fi\/hairikot\/artikkeli\/vero-optimoitu-kotipizza\/\" \/>\n<meta property=\"og:site_name\" content=\"H\u00e4irik\u00f6t-p\u00e4\u00e4maja\" \/>\n<meta property=\"article:published_time\" content=\"2015-10-13T21:00:00+00:00\" \/>\n<meta property=\"article:modified_time\" content=\"2020-08-10T11:02:37+00:00\" \/>\n<meta property=\"og:image\" content=\"https:\/\/voima.fi\/hairikot\/wp-content\/uploads\/sites\/9\/2020\/04\/vaakaisempi_Wanted-pizza-1.jpg\" \/>\n\t<meta property=\"og:image:width\" content=\"1000\" \/>\n\t<meta property=\"og:image:height\" content=\"617\" \/>\n\t<meta property=\"og:image:type\" content=\"image\/jpeg\" \/>\n<meta name=\"author\" content=\"Jari Tamminen\" \/>\n<meta name=\"twitter:card\" content=\"summary_large_image\" \/>\n<meta name=\"twitter:label1\" content=\"Kirjoittanut\" \/>\n\t<meta name=\"twitter:data1\" content=\"Jari Tamminen\" \/>\n\t<meta name=\"twitter:label2\" content=\"Arvioitu lukuaika\" \/>\n\t<meta name=\"twitter:data2\" content=\"5 minuuttia\" \/>\n<script type=\"application\/ld+json\" class=\"yoast-schema-graph\">{\"@context\":\"https:\/\/schema.org\",\"@graph\":[{\"@type\":\"WebPage\",\"@id\":\"https:\/\/voima.fi\/hairikot\/artikkeli\/vero-optimoitu-kotipizza\/\",\"url\":\"https:\/\/voima.fi\/hairikot\/artikkeli\/vero-optimoitu-kotipizza\/\",\"name\":\"Vero-optimoitu Kotipizza - H\u00e4irik\u00f6t-p\u00e4\u00e4maja\",\"isPartOf\":{\"@id\":\"https:\/\/voima.fi\/hairikot\/#website\"},\"primaryImageOfPage\":{\"@id\":\"https:\/\/voima.fi\/hairikot\/artikkeli\/vero-optimoitu-kotipizza\/#primaryimage\"},\"image\":{\"@id\":\"https:\/\/voima.fi\/hairikot\/artikkeli\/vero-optimoitu-kotipizza\/#primaryimage\"},\"thumbnailUrl\":\"https:\/\/voima.fi\/hairikot\/wp-content\/uploads\/sites\/9\/2020\/04\/vaakaisempi_Wanted-pizza-1.jpg\",\"datePublished\":\"2015-10-13T21:00:00+00:00\",\"dateModified\":\"2020-08-10T11:02:37+00:00\",\"author\":{\"@id\":\"https:\/\/voima.fi\/hairikot\/#\/schema\/person\/523ff68c19f1381d78529f38bb76e7fe\"},\"breadcrumb\":{\"@id\":\"https:\/\/voima.fi\/hairikot\/artikkeli\/vero-optimoitu-kotipizza\/#breadcrumb\"},\"inLanguage\":\"fi\",\"potentialAction\":[{\"@type\":\"ReadAction\",\"target\":[\"https:\/\/voima.fi\/hairikot\/artikkeli\/vero-optimoitu-kotipizza\/\"]}]},{\"@type\":\"ImageObject\",\"inLanguage\":\"fi\",\"@id\":\"https:\/\/voima.fi\/hairikot\/artikkeli\/vero-optimoitu-kotipizza\/#primaryimage\",\"url\":\"https:\/\/voima.fi\/hairikot\/wp-content\/uploads\/sites\/9\/2020\/04\/vaakaisempi_Wanted-pizza-1.jpg\",\"contentUrl\":\"https:\/\/voima.fi\/hairikot\/wp-content\/uploads\/sites\/9\/2020\/04\/vaakaisempi_Wanted-pizza-1.jpg\",\"width\":1000,\"height\":617},{\"@type\":\"BreadcrumbList\",\"@id\":\"https:\/\/voima.fi\/hairikot\/artikkeli\/vero-optimoitu-kotipizza\/#breadcrumb\",\"itemListElement\":[{\"@type\":\"ListItem\",\"position\":1,\"name\":\"Home\",\"item\":\"https:\/\/voima.fi\/hairikot\/\"},{\"@type\":\"ListItem\",\"position\":2,\"name\":\"Vero-optimoitu Kotipizza\"}]},{\"@type\":\"WebSite\",\"@id\":\"https:\/\/voima.fi\/hairikot\/#website\",\"url\":\"https:\/\/voima.fi\/hairikot\/\",\"name\":\"H\u00e4irik\u00f6t-p\u00e4\u00e4maja\",\"description\":\"\",\"potentialAction\":[{\"@type\":\"SearchAction\",\"target\":{\"@type\":\"EntryPoint\",\"urlTemplate\":\"https:\/\/voima.fi\/hairikot\/?s={search_term_string}\"},\"query-input\":\"required name=search_term_string\"}],\"inLanguage\":\"fi\"},{\"@type\":\"Person\",\"@id\":\"https:\/\/voima.fi\/hairikot\/#\/schema\/person\/523ff68c19f1381d78529f38bb76e7fe\",\"name\":\"Jari Tamminen\",\"image\":{\"@type\":\"ImageObject\",\"inLanguage\":\"fi\",\"@id\":\"https:\/\/voima.fi\/hairikot\/#\/schema\/person\/image\/\",\"url\":\"https:\/\/secure.gravatar.com\/avatar\/e5c0bb16f2efc1924afe37fc190f8ce1?s=96&d=blank&r=g\",\"contentUrl\":\"https:\/\/secure.gravatar.com\/avatar\/e5c0bb16f2efc1924afe37fc190f8ce1?s=96&d=blank&r=g\",\"caption\":\"Jari Tamminen\"},\"description\":\"Kulttuurih\u00e4irint\u00e4 on taiteen ja aktivismin j\u00e4nnitt\u00e4v\u00e4\u00e4 lomittumista: odottamaton performanssi katuvilin\u00e4ss\u00e4, vallattuja mainostauluja ja mainosparodioita. Se on k\u00e4site, joka yhdist\u00e4\u00e4 yhteiskunnallista kommentaaria ja luovaa vastarintaa. T\u00e4ss\u00e4 blogissa Voiman Jari Tamminen hahmottaa maailmaa kulttuurih\u00e4irinn\u00e4n n\u00e4k\u00f6kulmasta. Lis\u00e4\u00e4 Tammisen huomioita kulttuurih\u00e4irinn\u00e4st\u00e4 voi lukea Voimasta, H\u00e4irik\u00f6t \u2013 Kulttuurih\u00e4irinn\u00e4n aakkoset -kirjasta ja p\u00e4ivitt\u00e4in osoitteesta www.facebook.com\/hairikot.\",\"sameAs\":[\"http:\/\/www.facebook.com\/hairikot\"],\"url\":\"https:\/\/voima.fi\/hairikot\/artikkeli\/author\/hairikko\/\"}]}<\/script>\n<!-- \/ Yoast SEO plugin. -->","yoast_head_json":{"title":"Vero-optimoitu Kotipizza - H\u00e4irik\u00f6t-p\u00e4\u00e4maja","robots":{"index":"index","follow":"follow","max-snippet":"max-snippet:-1","max-image-preview":"max-image-preview:large","max-video-preview":"max-video-preview:-1"},"canonical":"https:\/\/voima.fi\/hairikot\/artikkeli\/vero-optimoitu-kotipizza\/","og_locale":"fi_FI","og_type":"article","og_title":"Vero-optimoitu Kotipizza - H\u00e4irik\u00f6t-p\u00e4\u00e4maja","og_description":"Poliisi ei v\u00e4ltt\u00e4m\u00e4tt\u00e4 oikein osaa somea. Veroja v\u00e4lttelev\u00e4 pizzeria on kuitenkin l\u00f6ytynyt sattumalta, ja se todellakin myy l\u00e4ttyj\u00e4 alle kuudella eurolla. Nyt kun olemme pari p\u00e4iv\u00e4\u00e4 kauhistelleet\u00a0ulkomaita my\u00f6ten\u00a0poliisin harmaan talouden vastaista kampanjaa, on jo korkea aika pohtia sit\u00e4, mit\u00e4 tehtiin, miten tehtiin ja mit\u00e4 saimme selville. Ensinn\u00e4kin pieni k\u00f6mpelyys poliisin sometiimilt\u00e4 on sik\u00e4li ymm\u00e4rrett\u00e4v\u00e4\u00e4, ett\u00e4 [&hellip;]","og_url":"https:\/\/voima.fi\/hairikot\/artikkeli\/vero-optimoitu-kotipizza\/","og_site_name":"H\u00e4irik\u00f6t-p\u00e4\u00e4maja","article_published_time":"2015-10-13T21:00:00+00:00","article_modified_time":"2020-08-10T11:02:37+00:00","og_image":[{"width":1000,"height":617,"url":"https:\/\/voima.fi\/hairikot\/wp-content\/uploads\/sites\/9\/2020\/04\/vaakaisempi_Wanted-pizza-1.jpg","type":"image\/jpeg"}],"author":"Jari Tamminen","twitter_card":"summary_large_image","twitter_misc":{"Kirjoittanut":"Jari Tamminen","Arvioitu lukuaika":"5 minuuttia"},"schema":{"@context":"https:\/\/schema.org","@graph":[{"@type":"WebPage","@id":"https:\/\/voima.fi\/hairikot\/artikkeli\/vero-optimoitu-kotipizza\/","url":"https:\/\/voima.fi\/hairikot\/artikkeli\/vero-optimoitu-kotipizza\/","name":"Vero-optimoitu Kotipizza - H\u00e4irik\u00f6t-p\u00e4\u00e4maja","isPartOf":{"@id":"https:\/\/voima.fi\/hairikot\/#website"},"primaryImageOfPage":{"@id":"https:\/\/voima.fi\/hairikot\/artikkeli\/vero-optimoitu-kotipizza\/#primaryimage"},"image":{"@id":"https:\/\/voima.fi\/hairikot\/artikkeli\/vero-optimoitu-kotipizza\/#primaryimage"},"thumbnailUrl":"https:\/\/voima.fi\/hairikot\/wp-content\/uploads\/sites\/9\/2020\/04\/vaakaisempi_Wanted-pizza-1.jpg","datePublished":"2015-10-13T21:00:00+00:00","dateModified":"2020-08-10T11:02:37+00:00","author":{"@id":"https:\/\/voima.fi\/hairikot\/#\/schema\/person\/523ff68c19f1381d78529f38bb76e7fe"},"breadcrumb":{"@id":"https:\/\/voima.fi\/hairikot\/artikkeli\/vero-optimoitu-kotipizza\/#breadcrumb"},"inLanguage":"fi","potentialAction":[{"@type":"ReadAction","target":["https:\/\/voima.fi\/hairikot\/artikkeli\/vero-optimoitu-kotipizza\/"]}]},{"@type":"ImageObject","inLanguage":"fi","@id":"https:\/\/voima.fi\/hairikot\/artikkeli\/vero-optimoitu-kotipizza\/#primaryimage","url":"https:\/\/voima.fi\/hairikot\/wp-content\/uploads\/sites\/9\/2020\/04\/vaakaisempi_Wanted-pizza-1.jpg","contentUrl":"https:\/\/voima.fi\/hairikot\/wp-content\/uploads\/sites\/9\/2020\/04\/vaakaisempi_Wanted-pizza-1.jpg","width":1000,"height":617},{"@type":"BreadcrumbList","@id":"https:\/\/voima.fi\/hairikot\/artikkeli\/vero-optimoitu-kotipizza\/#breadcrumb","itemListElement":[{"@type":"ListItem","position":1,"name":"Home","item":"https:\/\/voima.fi\/hairikot\/"},{"@type":"ListItem","position":2,"name":"Vero-optimoitu Kotipizza"}]},{"@type":"WebSite","@id":"https:\/\/voima.fi\/hairikot\/#website","url":"https:\/\/voima.fi\/hairikot\/","name":"H\u00e4irik\u00f6t-p\u00e4\u00e4maja","description":"","potentialAction":[{"@type":"SearchAction","target":{"@type":"EntryPoint","urlTemplate":"https:\/\/voima.fi\/hairikot\/?s={search_term_string}"},"query-input":"required name=search_term_string"}],"inLanguage":"fi"},{"@type":"Person","@id":"https:\/\/voima.fi\/hairikot\/#\/schema\/person\/523ff68c19f1381d78529f38bb76e7fe","name":"Jari Tamminen","image":{"@type":"ImageObject","inLanguage":"fi","@id":"https:\/\/voima.fi\/hairikot\/#\/schema\/person\/image\/","url":"https:\/\/secure.gravatar.com\/avatar\/e5c0bb16f2efc1924afe37fc190f8ce1?s=96&d=blank&r=g","contentUrl":"https:\/\/secure.gravatar.com\/avatar\/e5c0bb16f2efc1924afe37fc190f8ce1?s=96&d=blank&r=g","caption":"Jari Tamminen"},"description":"Kulttuurih\u00e4irint\u00e4 on taiteen ja aktivismin j\u00e4nnitt\u00e4v\u00e4\u00e4 lomittumista: odottamaton performanssi katuvilin\u00e4ss\u00e4, vallattuja mainostauluja ja mainosparodioita. Se on k\u00e4site, joka yhdist\u00e4\u00e4 yhteiskunnallista kommentaaria ja luovaa vastarintaa. T\u00e4ss\u00e4 blogissa Voiman Jari Tamminen hahmottaa maailmaa kulttuurih\u00e4irinn\u00e4n n\u00e4k\u00f6kulmasta. Lis\u00e4\u00e4 Tammisen huomioita kulttuurih\u00e4irinn\u00e4st\u00e4 voi lukea Voimasta, H\u00e4irik\u00f6t \u2013 Kulttuurih\u00e4irinn\u00e4n aakkoset -kirjasta ja p\u00e4ivitt\u00e4in osoitteesta www.facebook.com\/hairikot.","sameAs":["http:\/\/www.facebook.com\/hairikot"],"url":"https:\/\/voima.fi\/hairikot\/artikkeli\/author\/hairikko\/"}]}},"enclosure":{"image":"https:\/\/voima.fi\/hairikot\/wp-content\/uploads\/sites\/9\/2020\/04\/vaakaisempi_Wanted-pizza-1.jpg"},"meta:avatar":"","geolocation":[],"meta:youtube":null,"meta:vimeo":null,"meta:duration":null,"_links":{"self":[{"href":"https:\/\/voima.fi\/hairikot\/wp-json\/wp\/v2\/posts\/17480"}],"collection":[{"href":"https:\/\/voima.fi\/hairikot\/wp-json\/wp\/v2\/posts"}],"about":[{"href":"https:\/\/voima.fi\/hairikot\/wp-json\/wp\/v2\/types\/post"}],"author":[{"embeddable":true,"href":"https:\/\/voima.fi\/hairikot\/wp-json\/wp\/v2\/users\/122"}],"replies":[{"embeddable":true,"href":"https:\/\/voima.fi\/hairikot\/wp-json\/wp\/v2\/comments?post=17480"}],"version-history":[{"count":1,"href":"https:\/\/voima.fi\/hairikot\/wp-json\/wp\/v2\/posts\/17480\/revisions"}],"predecessor-version":[{"id":18413,"href":"https:\/\/voima.fi\/hairikot\/wp-json\/wp\/v2\/posts\/17480\/revisions\/18413"}],"wp:featuredmedia":[{"embeddable":true,"href":"https:\/\/voima.fi\/hairikot\/wp-json\/wp\/v2\/media\/14848"}],"wp:attachment":[{"href":"https:\/\/voima.fi\/hairikot\/wp-json\/wp\/v2\/media?parent=17480"}],"wp:term":[{"taxonomy":"category","embeddable":true,"href":"https:\/\/voima.fi\/hairikot\/wp-json\/wp\/v2\/categories?post=17480"},{"taxonomy":"post_tag","embeddable":true,"href":"https:\/\/voima.fi\/hairikot\/wp-json\/wp\/v2\/tags?post=17480"}],"curies":[{"name":"wp","href":"https:\/\/api.w.org\/{rel}","templated":true}]}}