{"id":14441,"date":"2019-09-26T00:00:00","date_gmt":"2019-09-25T21:00:00","guid":{"rendered":"http:\/\/voima.fi\/hairikot\/?post_type=artikkeli&#038;p=14441"},"modified":"2020-08-10T14:01:11","modified_gmt":"2020-08-10T11:01:11","slug":"valtionyhtiot-vallan-valineiksi","status":"publish","type":"post","link":"https:\/\/voima.fi\/hairikot\/artikkeli\/valtionyhtiot-vallan-valineiksi\/","title":{"rendered":"Valtionyhti\u00f6t vallan v\u00e4lineiksi?"},"content":{"rendered":"<p class=\"p1\"><b>Valtionyhti\u00f6t ovat<\/b> outolintuja valtion virkakoneiston ja markkinoiden v\u00e4liss\u00e4. Ne jaotellaan karkeasti kolmeen ryhm\u00e4\u00e4n sen mukaan, mit\u00e4 niilt\u00e4 halutaan: peruspalveluita, strategista osaamista vai osinkoja valtion kassaan.<\/p>\n<p class=\"p1\">Monet valtionyhti\u00f6t ovat entisi\u00e4 valtion laitoksia. Esimerkiksi Posti- ja telelaitos yhti\u00f6itettiin vuonna 1993. T\u00e4m\u00e4n seurauksena syntynyt Sonera haki kasvua muun muassa ostamalla yli nelj\u00e4ll\u00e4 miljardilla arvottomaksi osoittautuneita umts-lupia Saksasta. Vuonna 2003 se fuusioitui ruotsalaisen Telian kanssa.<\/p>\n<p class=\"p1\">Postin jakaminen puolestaan siirtyi Posti Oyj:n, nykynimelt\u00e4\u00e4n Posti Groupin\u00ad hoidettavaksi. Yritys on tehnyt satojen miljoonien tappioita esimerkiksi ostaessaan ulkomaisia logistiikka\u00adyrityksi\u00e4. Yrityskauppojen tappioita ja kotimaan yritystoiminnan huonoa kannattavuutta on viime aikoina yritetty paikkailla irtisanomalla ty\u00f6ntekij\u00f6it\u00e4 sek\u00e4 heikent\u00e4m\u00e4ll\u00e4 j\u00e4ljelle j\u00e4\u00e4neiden ty\u00f6ehtoja.<\/p>\n<figure id=\"attachment_14442\" aria-describedby=\"caption-attachment-14442\" style=\"width: 430px\" class=\"wp-caption alignright\"><img decoding=\"async\" class=\" wp-image-14442\" src=\"https:\/\/voima.fi\/hairikot\/wp-content\/uploads\/sites\/9\/2020\/04\/posti-vastis-scaled.jpg\" alt=\"\" width=\"430\" height=\"629\" \/><figcaption id=\"caption-attachment-14442\" class=\"wp-caption-text\">Posti ei kulje, jos Kusti ei polje. Ja paha on Kustin polkea, jos koko Posti on kaaoksen tilassa ja pomot piilottelevat ty\u00f6ntekij\u00f6iden lis\u00e4ksi medialta. Ketjut poikki ja irtisanottuna j\u00e4\u00e4 peruspalvelut retuper\u00e4lle.<\/figcaption><\/figure>\n<p class=\"p1\"><b>Yhti\u00f6itt\u00e4minen ja markkinaehtoisuus<\/b> saattavat ajaa valtionyhti\u00f6n oman edun ja valtion edut vastakkain. Posti- ja telelaitoksen tapauksessa on yhti\u00f6itt\u00e4misen j\u00e4lkeen k\u00e4ynyt juuri n\u00e4in, Aalto-yliopiston ja Jyv\u00e4skyl\u00e4n yliopiston <a href=\"https:\/\/www.aalto.fi\/fi\/uutiset\/tutkimus-postin-ja-telen-yhtioittamisesta-ylin-johto-kasvatti-hallinnollisessa-tyhjiossa\" class=\"external\" rel=\"nofollow\">yhteinen tutkijaryhm\u00e4 toteaa<\/a>.<\/p>\n<p class=\"p1\">\u201dJos poliittiset tavoitteet ovat ristiriidassa valtionyhti\u00f6n omien tavoitteiden kanssa, seurauksena on usein kohuja ja heikentynyt toimintakyky\u201d, kommentoi tutkimusryhm\u00e4\u00e4n kuuluva <b>Zeerim Cheung<\/b> Aalto-yliopistolta.<\/p>\n<p class=\"p1\">\u201dValtion putiikeilla on v\u00e4lill\u00e4 jonkinlainen palveluteht\u00e4v\u00e4. Esimerkiksi Postilta ihan lakis\u00e4\u00e4teisesti odotetaan markkinakannattavuutta laajempaa palvelun kattavuutta\u201d, toteaa puolestaan yhteiskuntapolitiikan sek\u00e4 filosofian dosentti <b>Teppo Eskelinen<\/b>.<\/p>\n<p class=\"p1\">Eskelisen mukaan on paikallaan kysy\u00e4 mit\u00e4 peruspalveluita tuottavilta yhti\u00f6ilt\u00e4 pit\u00e4\u00e4 yleens\u00e4k\u00e4\u00e4n vaatia n\u00e4iden peruspalveluiden lis\u00e4ksi.<\/p>\n<p class=\"p1\">\u201dYhti\u00f6malliin sis\u00e4ltyy oletus, ett\u00e4 sielt\u00e4 tulee my\u00f6s tulosta. Kun valtionyhti\u00f6 kohtaa markkinat, aletaan helposti toimia muiden suuryritysten tapaan, esimerkiksi kehitt\u00e4m\u00e4\u00e4n kasvustrategioita ja uusia aluevaltauksia.\u201d<\/p>\n<p class=\"p1\"><strong>\u00a0<\/strong><\/p>\n<figure id=\"attachment_14220\" aria-describedby=\"caption-attachment-14220\" style=\"width: 430px\" class=\"wp-caption alignright\"><img decoding=\"async\" class=\" wp-image-14220\" src=\"https:\/\/voima.fi\/hairikot\/wp-content\/uploads\/sites\/9\/2019\/04\/PAU_HS_Aukeama_alkupera\u0308inen-scaled.jpg\" alt=\"\" width=\"430\" height=\"297\" srcset=\"https:\/\/voima.fi\/hairikot\/wp-content\/uploads\/sites\/9\/2019\/04\/PAU_HS_Aukeama_alkupera\u0308inen-scaled.jpg 2560w, https:\/\/voima.fi\/hairikot\/wp-content\/uploads\/sites\/9\/2019\/04\/PAU_HS_Aukeama_alkupera\u0308inen-600x415.jpg 600w, https:\/\/voima.fi\/hairikot\/wp-content\/uploads\/sites\/9\/2019\/04\/PAU_HS_Aukeama_alkupera\u0308inen-1024x708.jpg 1024w, https:\/\/voima.fi\/hairikot\/wp-content\/uploads\/sites\/9\/2019\/04\/PAU_HS_Aukeama_alkupera\u0308inen-768x531.jpg 768w, https:\/\/voima.fi\/hairikot\/wp-content\/uploads\/sites\/9\/2019\/04\/PAU_HS_Aukeama_alkupera\u0308inen-1536x1062.jpg 1536w, https:\/\/voima.fi\/hairikot\/wp-content\/uploads\/sites\/9\/2019\/04\/PAU_HS_Aukeama_alkupera\u0308inen-2048x1415.jpg 2048w, https:\/\/voima.fi\/hairikot\/wp-content\/uploads\/sites\/9\/2019\/04\/PAU_HS_Aukeama_alkupera\u0308inen-320x221.jpg 320w, https:\/\/voima.fi\/hairikot\/wp-content\/uploads\/sites\/9\/2019\/04\/PAU_HS_Aukeama_alkupera\u0308inen-200x138.jpg 200w, https:\/\/voima.fi\/hairikot\/wp-content\/uploads\/sites\/9\/2019\/04\/PAU_HS_Aukeama_alkupera\u0308inen-560x387.jpg 560w, https:\/\/voima.fi\/hairikot\/wp-content\/uploads\/sites\/9\/2019\/04\/PAU_HS_Aukeama_alkupera\u0308inen-980x677.jpg 980w, https:\/\/voima.fi\/hairikot\/wp-content\/uploads\/sites\/9\/2019\/04\/PAU_HS_Aukeama_alkupera\u0308inen-300x207.jpg 300w\" sizes=\"(max-width: 430px) 100vw, 430px\" \/><figcaption id=\"caption-attachment-14220\" class=\"wp-caption-text\">Huhtikuussa 2019\u00a0Posti- ja logistiikka-alan unioni\u00a0PAU <a href=\"https:\/\/hairikot.voima.fi\/blogi\/hesari-jatkaa-yhteiskunnallisten-mainosten-sensuroimista\/\">k\u00e4ynnisti kampanjan<\/a>, jossa vastustettiin Postin p\u00e4\u00e4t\u00f6st\u00e4 heikent\u00e4\u00e4 ty\u00f6ntekij\u00f6iden asemaa ns. tyehtoshoppailun kautta. Kampanjoinnissa kohdattiin sik\u00e4li odottamattomia ongelmia, ett\u00e4 esimerkiksi t\u00e4m\u00e4 mainos kelpasi Hesarille vasta, kun siit\u00e4 poistettiin suora viittaus ty\u00f6nantajien perustamiin &#8221;ammattiliittoihin&#8221;. T\u00e4m\u00e4 vaatimus oli sik\u00e4li hassu, ett\u00e4 viittauksessa ei ollut mit\u00e4\u00e4n asiavirheit\u00e4.<\/figcaption><\/figure>\n<p class=\"p1\"><strong>Palveluiden tarjoaminen<\/strong> koko maahan on usein kallista. Taloudellisesti kannattamattomia palveluita rahoitetaan usein taloudellisesti kannattavien palveluiden tuotoilla.<\/p>\n<p class=\"p1\">Esimerkiksi postinjakelun ja junaliikenteen kaltaisten peruspalveluiden kilpailulle avaamisesta seuraisi, ett\u00e4 valtion niskaan j\u00e4isiv\u00e4t vastuut ja kannattamattomat palvelut samalla kun kannattavat reitit<span class=\"Apple-converted-space\">\u00a0 <\/span>\u2013 ja voitot \u2013 menisiv\u00e4t yksityisille yrityksille.<\/p>\n<p class=\"p1\">Eskelisen mukaan t\u00e4llaisten valtionyhti\u00f6iden palveluja ei kuitenkaan voi suunnitella pelk\u00e4n taloudellisen kannattavuuden n\u00e4k\u00f6kulmasta.<\/p>\n<p class=\"p1\">\u201dN\u00e4it\u00e4 yhti\u00f6it\u00e4 ja palveluita pit\u00e4isi ajatella osana isompaa poliittista kuvaa, jossa valtio ohjaa muun muassa infra- ja verotusratkaisuilla esimerkiksi liikennej\u00e4rjestelm\u00e4\u00e4.\u201d<\/p>\n<p class=\"p1\">Pit\u00e4isikin kysy\u00e4, miten valtio-omisteisuutta voisi k\u00e4ytt\u00e4\u00e4 haluttuun muutokseen.<\/p>\n<p class=\"p1\">\u201dYksityist\u00e4miskeskustelu py\u00f6rii v\u00e4lill\u00e4 t\u00e4llaisen ikuisen nykyisyyden n\u00e4k\u00f6kulman ymp\u00e4rill\u00e4. L\u00e4ht\u00f6kohtana pit\u00e4isi olla haluttu yhteiskunnallinen muutos \u2013 t\u00e4ss\u00e4 tapauksessa esimerkiksi hiilett\u00f6m\u00e4mpi liikenne \u2013 ja se, miten yksityist\u00e4minen vaikuttaa siihen tavoitteeseen.\u201d<\/p>\n<p class=\"p1\"><strong>Valtionyhti\u00f6 on<\/strong> m\u00e4\u00e4ritelm\u00e4llisesti sellainen yhti\u00f6, josta valtio omistaa v\u00e4hint\u00e4\u00e4n 50,1 prosenttia, joka puolestaan takaa enemmist\u00f6m\u00e4\u00e4r\u00e4ysvallan yhti\u00f6ss\u00e4. T\u00e4h\u00e4n m\u00e4\u00e4r\u00e4ysvaltaan liittyy kuitenkin ongelma: kuka lopulta johtaa n\u00e4iden yhti\u00f6iden toimintaa.<\/p>\n<p class=\"p1\">Osakeyhti\u00f6ss\u00e4 operatiivinen johto toimii osakkeenomistajien siunauksella. Valtion omistamissa yhti\u00f6iss\u00e4 poliitikkojen pyrkimykset ohjata yrityksen toimintaa otetaan kuitenkin vastaan hyvin ristiriitaisesti. Esimerkiksi kehitysministeri Heidi Hautala painostettiin eroamaan vuonna 2013 h\u00e4nen varoitettua Suomen j\u00e4\u00e4nmurtajakaluston omistanutta ja arktisen alueen \u00f6ljynporauksesta lis\u00e4ansioita tavoitellutta valtionyhti\u00f6 Arctia Shippingi\u00e4 tulevasta yhteenotosta ymp\u00e4rist\u00f6j\u00e4rjest\u00f6jen kanssa. J\u00e4lkik\u00e4teen tarkasteltuna imagoriskin voi todeta realisoituneen ja arktisilla alueilla operoiminen osoittautui varoitusten mukaisesti taloudellisesti kannattamattomaksi.<\/p>\n<figure id=\"attachment_13188\" aria-describedby=\"caption-attachment-13188\" style=\"width: 430px\" class=\"wp-caption alignright\"><img decoding=\"async\" class=\" wp-image-13188\" src=\"https:\/\/voima.fi\/hairikot\/wp-content\/uploads\/sites\/9\/2020\/04\/fordoom-vastis-scaled.jpg\" alt=\"\" width=\"430\" height=\"633\" \/><figcaption id=\"caption-attachment-13188\" class=\"wp-caption-text\">Valtio omistaa energiayhti\u00f6 Fortumista 50,76 prosenttia ja sen my\u00f6t\u00e4 valtiolla on yhti\u00f6ss\u00e4 m\u00e4\u00e4r\u00e4ysvalta. Vuonna 2017 t\u00e4m\u00e4 valtionyhti\u00f6 osti Saksasta <a href=\"https:\/\/hairikot.voima.fi\/artikkeli\/savuna-ilmaan\/\">l\u00e4hes nelj\u00e4ll\u00e4 miljardilla eurolla puolet energiayhti\u00f6 Uniperista<\/a>, joka tuottaa s\u00e4hk\u00f6\u00e4 p\u00e4\u00e4asiassa fossiilisista polttoaineista. Kuluttajille Fortum mainostaa tietysti uusiutuvaa energiaa. Onhan t\u00e4ss\u00e4 pieni ristiriita.<\/figcaption><\/figure>\n<p class=\"p1\">\u201dOmistajaohjaushan tarkoittaa juuri sit\u00e4, ett\u00e4 valtio-omisteisuus mahdollistaa poliittisen ohjauksen. Mutta kun sit\u00e4 k\u00e4ytet\u00e4\u00e4n, niin se koetaan siet\u00e4m\u00e4tt\u00f6m\u00e4ksi yhti\u00f6n asioihin puuttumiseksi. On ihan poliittisesta tahdosta ja ideologiasta kiinni, miten aktiivisesti ja mink\u00e4laisiin tarkoituksiin ohjausvaltaa k\u00e4ytet\u00e4\u00e4n. Viime aikoina on ollut vallalla sellainen markkina-ajattelu, ett\u00e4 valtion ei tule \u2019puuttua\u2019 omistamien yritystens\u00e4 toimintaan\u201d, Eskelinen toteaa.<\/p>\n<p class=\"p1\">\u201dEn sano t\u00e4t\u00e4 sill\u00e4, etteik\u00f6 omistajan mikromanageeraus voisi olla oikeasti ongelmallistakin, mutta on eri asia omistetaanko ohjaus- vai sijoitusmieless\u00e4\u201d, Eskelinen jatkaa.<\/p>\n<p class=\"p1\">Valtion perustoimintojen yhti\u00f6itt\u00e4misen ja yksityist\u00e4misen voi n\u00e4hd\u00e4 osana prosessia, jossa<span class=\"Apple-converted-space\">\u00a0 <\/span>valtion roolia hivutetaan hiljakseen sivuun yhteiskunnan perusteht\u00e4vien hoitamisesta.<\/p>\n<p class=\"p1\">\u201dHiljainen vallankumous tapahtui jo 1990-luvulla. Silloin valtionvarainministeri\u00f6n valta kasvoi ja otettiin k\u00e4ytt\u00f6\u00f6n markkina-ajattelu valtionyhti\u00f6iden osalta, uudet johtamisopit ja kehysbudjetointi. 2000-luvun puolella seurasi puolestaan valtion tuottavuusohjelma. Kokonaan valtio ei toki yritykseksi muutu, mutta Juha Sipil\u00e4n hallitus yritti keskitt\u00e4\u00e4 valtaa yritysten tapaan.\u201d<\/p>\n<p class=\"p1\">Samalla on her\u00e4nnyt keskustelua valtion roolista ylip\u00e4\u00e4t\u00e4\u00e4n.<\/p>\n<p class=\"p1\">\u201dMarkkinat hoitavat oman tonttinsa, mutta onko valtio enemm\u00e4n kuin markkinat? Valtionyhti\u00f6ill\u00e4 on aikoinaan haettu nopeampaa teollistumista kuin mihin markkinat olisivat pystyneet, tasattu alueiden v\u00e4lisi\u00e4 elintasoeroja ja pidetty huolta investointiasteesta ja sit\u00e4 kautta ty\u00f6llisyysasteesta. N\u00e4m\u00e4 kaikki ovat markkinoille v\u00e4h\u00e4n ty\u00f6l\u00e4it\u00e4 tavoitteita\u201d, Eskelinen avaa.<\/p>\n<p class=\"p1\">Valtionyhti\u00f6t ovat siis olleet teollistuvan, aluepolitiikkatietoisesti kehittyv\u00e4n hyvinvointivaltion poliittisia v\u00e4lineit\u00e4.<\/p>\n<p class=\"p1\">&#8221;Jos kysyt\u00e4\u00e4n, onko valtion \u2019j\u00e4rkev\u00e4\u00e4\u2019 omistaa yhti\u00f6it\u00e4, niin se \u2019j\u00e4rki\u2019 ei liity kykyyn hoitaa markkinoiden hommia vaan siihen, mit\u00e4 markkinat eiv\u00e4t hoida. Laajasti siis poliittiseen visioon. Valtionyhti\u00f6t on yksi v\u00e4line t\u00e4llaisen vision tavoittelussa.\u201d<\/p>\n<p class=\"p1\">L\u00e4hitulevaisuuden Suomessa Eskelinen n\u00e4kee valtion tavoitteiden liittyv\u00e4n edelleen investointiasteen yll\u00e4pit\u00e4miseen, mutta ennen kaikkea yhteiskunnan muutokseen.<\/p>\n<p class=\"p1\">\u201dEkologinen kriisi vaatii taloudessa enemm\u00e4n suunnittelua, niin pahalta kuin tuo sana voi joihinkin korviin kuulostaa.\u201d<\/p>\n<p class=\"p1\">T\u00e4h\u00e4n tarpeeseen valtionyhti\u00f6t voivat olla hyvi\u00e4 ty\u00f6kaluja, jos niit\u00e4 vaan maltetaan k\u00e4ytt\u00e4\u00e4.<\/p>\n","protected":false},"excerpt":{"rendered":"<p>Entiset valtion laitokset kompuroivat markkinoilla yritt\u00e4ess\u00e4\u00e4n tuottaa voittoa osittain taloudellisesti kannattamattomilla palveluilla. Valtionyhti\u00f6iden poliittisen ohjauksen avulla voitaisiin toteuttaa ilmastokatastrofin est\u00e4misen edellytt\u00e4mi\u00e4 yhteiskunnallisia muutoksia.\u00a0<\/p>\n","protected":false},"author":122,"featured_media":16980,"comment_status":"open","ping_status":"open","sticky":false,"template":"","format":"standard","meta":{"footnotes":""},"categories":[4],"tags":[1260,1990,2370,2743,2746,2775,2913],"yoast_head":"<!-- This site is optimized with the Yoast SEO plugin v22.7 - https:\/\/yoast.com\/wordpress\/plugins\/seo\/ -->\n<title>Valtionyhti\u00f6t vallan v\u00e4lineiksi? - H\u00e4irik\u00f6t-p\u00e4\u00e4maja<\/title>\n<meta name=\"robots\" content=\"index, follow, max-snippet:-1, max-image-preview:large, max-video-preview:-1\" \/>\n<link rel=\"canonical\" href=\"https:\/\/voima.fi\/hairikot\/artikkeli\/valtionyhtiot-vallan-valineiksi\/\" \/>\n<meta property=\"og:locale\" content=\"fi_FI\" \/>\n<meta property=\"og:type\" content=\"article\" \/>\n<meta property=\"og:title\" content=\"Valtionyhti\u00f6t vallan v\u00e4lineiksi? - H\u00e4irik\u00f6t-p\u00e4\u00e4maja\" \/>\n<meta property=\"og:description\" content=\"Entiset valtion laitokset kompuroivat markkinoilla yritt\u00e4ess\u00e4\u00e4n tuottaa voittoa osittain taloudellisesti kannattamattomilla palveluilla. Valtionyhti\u00f6iden poliittisen ohjauksen avulla voitaisiin toteuttaa ilmastokatastrofin est\u00e4misen edellytt\u00e4mi\u00e4 yhteiskunnallisia muutoksia.\u00a0\" \/>\n<meta property=\"og:url\" content=\"https:\/\/voima.fi\/hairikot\/artikkeli\/valtionyhtiot-vallan-valineiksi\/\" \/>\n<meta property=\"og:site_name\" content=\"H\u00e4irik\u00f6t-p\u00e4\u00e4maja\" \/>\n<meta property=\"article:published_time\" content=\"2019-09-25T21:00:00+00:00\" \/>\n<meta property=\"article:modified_time\" content=\"2020-08-10T11:01:11+00:00\" \/>\n<meta property=\"og:image\" content=\"https:\/\/voima.fi\/hairikot\/wp-content\/uploads\/sites\/9\/2020\/04\/posti-vastis2-scaled.jpg\" \/>\n\t<meta property=\"og:image:width\" content=\"2560\" \/>\n\t<meta property=\"og:image:height\" content=\"1243\" \/>\n\t<meta property=\"og:image:type\" content=\"image\/jpeg\" \/>\n<meta name=\"author\" content=\"Jari Tamminen\" \/>\n<meta name=\"twitter:card\" content=\"summary_large_image\" \/>\n<meta name=\"twitter:label1\" content=\"Kirjoittanut\" \/>\n\t<meta name=\"twitter:data1\" content=\"Jari Tamminen\" \/>\n\t<meta name=\"twitter:label2\" content=\"Arvioitu lukuaika\" \/>\n\t<meta name=\"twitter:data2\" content=\"5 minuuttia\" \/>\n<script type=\"application\/ld+json\" class=\"yoast-schema-graph\">{\"@context\":\"https:\/\/schema.org\",\"@graph\":[{\"@type\":\"WebPage\",\"@id\":\"https:\/\/voima.fi\/hairikot\/artikkeli\/valtionyhtiot-vallan-valineiksi\/\",\"url\":\"https:\/\/voima.fi\/hairikot\/artikkeli\/valtionyhtiot-vallan-valineiksi\/\",\"name\":\"Valtionyhti\u00f6t vallan v\u00e4lineiksi? - H\u00e4irik\u00f6t-p\u00e4\u00e4maja\",\"isPartOf\":{\"@id\":\"https:\/\/voima.fi\/hairikot\/#website\"},\"primaryImageOfPage\":{\"@id\":\"https:\/\/voima.fi\/hairikot\/artikkeli\/valtionyhtiot-vallan-valineiksi\/#primaryimage\"},\"image\":{\"@id\":\"https:\/\/voima.fi\/hairikot\/artikkeli\/valtionyhtiot-vallan-valineiksi\/#primaryimage\"},\"thumbnailUrl\":\"https:\/\/voima.fi\/hairikot\/wp-content\/uploads\/sites\/9\/2020\/04\/posti-vastis2-scaled.jpg\",\"datePublished\":\"2019-09-25T21:00:00+00:00\",\"dateModified\":\"2020-08-10T11:01:11+00:00\",\"author\":{\"@id\":\"https:\/\/voima.fi\/hairikot\/#\/schema\/person\/523ff68c19f1381d78529f38bb76e7fe\"},\"breadcrumb\":{\"@id\":\"https:\/\/voima.fi\/hairikot\/artikkeli\/valtionyhtiot-vallan-valineiksi\/#breadcrumb\"},\"inLanguage\":\"fi\",\"potentialAction\":[{\"@type\":\"ReadAction\",\"target\":[\"https:\/\/voima.fi\/hairikot\/artikkeli\/valtionyhtiot-vallan-valineiksi\/\"]}]},{\"@type\":\"ImageObject\",\"inLanguage\":\"fi\",\"@id\":\"https:\/\/voima.fi\/hairikot\/artikkeli\/valtionyhtiot-vallan-valineiksi\/#primaryimage\",\"url\":\"https:\/\/voima.fi\/hairikot\/wp-content\/uploads\/sites\/9\/2020\/04\/posti-vastis2-scaled.jpg\",\"contentUrl\":\"https:\/\/voima.fi\/hairikot\/wp-content\/uploads\/sites\/9\/2020\/04\/posti-vastis2-scaled.jpg\",\"width\":2560,\"height\":1243},{\"@type\":\"BreadcrumbList\",\"@id\":\"https:\/\/voima.fi\/hairikot\/artikkeli\/valtionyhtiot-vallan-valineiksi\/#breadcrumb\",\"itemListElement\":[{\"@type\":\"ListItem\",\"position\":1,\"name\":\"Home\",\"item\":\"https:\/\/voima.fi\/hairikot\/\"},{\"@type\":\"ListItem\",\"position\":2,\"name\":\"Valtionyhti\u00f6t vallan v\u00e4lineiksi?\"}]},{\"@type\":\"WebSite\",\"@id\":\"https:\/\/voima.fi\/hairikot\/#website\",\"url\":\"https:\/\/voima.fi\/hairikot\/\",\"name\":\"H\u00e4irik\u00f6t-p\u00e4\u00e4maja\",\"description\":\"\",\"potentialAction\":[{\"@type\":\"SearchAction\",\"target\":{\"@type\":\"EntryPoint\",\"urlTemplate\":\"https:\/\/voima.fi\/hairikot\/?s={search_term_string}\"},\"query-input\":\"required name=search_term_string\"}],\"inLanguage\":\"fi\"},{\"@type\":\"Person\",\"@id\":\"https:\/\/voima.fi\/hairikot\/#\/schema\/person\/523ff68c19f1381d78529f38bb76e7fe\",\"name\":\"Jari Tamminen\",\"image\":{\"@type\":\"ImageObject\",\"inLanguage\":\"fi\",\"@id\":\"https:\/\/voima.fi\/hairikot\/#\/schema\/person\/image\/\",\"url\":\"https:\/\/secure.gravatar.com\/avatar\/e5c0bb16f2efc1924afe37fc190f8ce1?s=96&d=blank&r=g\",\"contentUrl\":\"https:\/\/secure.gravatar.com\/avatar\/e5c0bb16f2efc1924afe37fc190f8ce1?s=96&d=blank&r=g\",\"caption\":\"Jari Tamminen\"},\"description\":\"Kulttuurih\u00e4irint\u00e4 on taiteen ja aktivismin j\u00e4nnitt\u00e4v\u00e4\u00e4 lomittumista: odottamaton performanssi katuvilin\u00e4ss\u00e4, vallattuja mainostauluja ja mainosparodioita. Se on k\u00e4site, joka yhdist\u00e4\u00e4 yhteiskunnallista kommentaaria ja luovaa vastarintaa. T\u00e4ss\u00e4 blogissa Voiman Jari Tamminen hahmottaa maailmaa kulttuurih\u00e4irinn\u00e4n n\u00e4k\u00f6kulmasta. Lis\u00e4\u00e4 Tammisen huomioita kulttuurih\u00e4irinn\u00e4st\u00e4 voi lukea Voimasta, H\u00e4irik\u00f6t \u2013 Kulttuurih\u00e4irinn\u00e4n aakkoset -kirjasta ja p\u00e4ivitt\u00e4in osoitteesta www.facebook.com\/hairikot.\",\"sameAs\":[\"http:\/\/www.facebook.com\/hairikot\"],\"url\":\"https:\/\/voima.fi\/hairikot\/artikkeli\/author\/hairikko\/\"}]}<\/script>\n<!-- \/ Yoast SEO plugin. -->","yoast_head_json":{"title":"Valtionyhti\u00f6t vallan v\u00e4lineiksi? - H\u00e4irik\u00f6t-p\u00e4\u00e4maja","robots":{"index":"index","follow":"follow","max-snippet":"max-snippet:-1","max-image-preview":"max-image-preview:large","max-video-preview":"max-video-preview:-1"},"canonical":"https:\/\/voima.fi\/hairikot\/artikkeli\/valtionyhtiot-vallan-valineiksi\/","og_locale":"fi_FI","og_type":"article","og_title":"Valtionyhti\u00f6t vallan v\u00e4lineiksi? - H\u00e4irik\u00f6t-p\u00e4\u00e4maja","og_description":"Entiset valtion laitokset kompuroivat markkinoilla yritt\u00e4ess\u00e4\u00e4n tuottaa voittoa osittain taloudellisesti kannattamattomilla palveluilla. Valtionyhti\u00f6iden poliittisen ohjauksen avulla voitaisiin toteuttaa ilmastokatastrofin est\u00e4misen edellytt\u00e4mi\u00e4 yhteiskunnallisia muutoksia.\u00a0","og_url":"https:\/\/voima.fi\/hairikot\/artikkeli\/valtionyhtiot-vallan-valineiksi\/","og_site_name":"H\u00e4irik\u00f6t-p\u00e4\u00e4maja","article_published_time":"2019-09-25T21:00:00+00:00","article_modified_time":"2020-08-10T11:01:11+00:00","og_image":[{"width":2560,"height":1243,"url":"https:\/\/voima.fi\/hairikot\/wp-content\/uploads\/sites\/9\/2020\/04\/posti-vastis2-scaled.jpg","type":"image\/jpeg"}],"author":"Jari Tamminen","twitter_card":"summary_large_image","twitter_misc":{"Kirjoittanut":"Jari Tamminen","Arvioitu lukuaika":"5 minuuttia"},"schema":{"@context":"https:\/\/schema.org","@graph":[{"@type":"WebPage","@id":"https:\/\/voima.fi\/hairikot\/artikkeli\/valtionyhtiot-vallan-valineiksi\/","url":"https:\/\/voima.fi\/hairikot\/artikkeli\/valtionyhtiot-vallan-valineiksi\/","name":"Valtionyhti\u00f6t vallan v\u00e4lineiksi? - H\u00e4irik\u00f6t-p\u00e4\u00e4maja","isPartOf":{"@id":"https:\/\/voima.fi\/hairikot\/#website"},"primaryImageOfPage":{"@id":"https:\/\/voima.fi\/hairikot\/artikkeli\/valtionyhtiot-vallan-valineiksi\/#primaryimage"},"image":{"@id":"https:\/\/voima.fi\/hairikot\/artikkeli\/valtionyhtiot-vallan-valineiksi\/#primaryimage"},"thumbnailUrl":"https:\/\/voima.fi\/hairikot\/wp-content\/uploads\/sites\/9\/2020\/04\/posti-vastis2-scaled.jpg","datePublished":"2019-09-25T21:00:00+00:00","dateModified":"2020-08-10T11:01:11+00:00","author":{"@id":"https:\/\/voima.fi\/hairikot\/#\/schema\/person\/523ff68c19f1381d78529f38bb76e7fe"},"breadcrumb":{"@id":"https:\/\/voima.fi\/hairikot\/artikkeli\/valtionyhtiot-vallan-valineiksi\/#breadcrumb"},"inLanguage":"fi","potentialAction":[{"@type":"ReadAction","target":["https:\/\/voima.fi\/hairikot\/artikkeli\/valtionyhtiot-vallan-valineiksi\/"]}]},{"@type":"ImageObject","inLanguage":"fi","@id":"https:\/\/voima.fi\/hairikot\/artikkeli\/valtionyhtiot-vallan-valineiksi\/#primaryimage","url":"https:\/\/voima.fi\/hairikot\/wp-content\/uploads\/sites\/9\/2020\/04\/posti-vastis2-scaled.jpg","contentUrl":"https:\/\/voima.fi\/hairikot\/wp-content\/uploads\/sites\/9\/2020\/04\/posti-vastis2-scaled.jpg","width":2560,"height":1243},{"@type":"BreadcrumbList","@id":"https:\/\/voima.fi\/hairikot\/artikkeli\/valtionyhtiot-vallan-valineiksi\/#breadcrumb","itemListElement":[{"@type":"ListItem","position":1,"name":"Home","item":"https:\/\/voima.fi\/hairikot\/"},{"@type":"ListItem","position":2,"name":"Valtionyhti\u00f6t vallan v\u00e4lineiksi?"}]},{"@type":"WebSite","@id":"https:\/\/voima.fi\/hairikot\/#website","url":"https:\/\/voima.fi\/hairikot\/","name":"H\u00e4irik\u00f6t-p\u00e4\u00e4maja","description":"","potentialAction":[{"@type":"SearchAction","target":{"@type":"EntryPoint","urlTemplate":"https:\/\/voima.fi\/hairikot\/?s={search_term_string}"},"query-input":"required name=search_term_string"}],"inLanguage":"fi"},{"@type":"Person","@id":"https:\/\/voima.fi\/hairikot\/#\/schema\/person\/523ff68c19f1381d78529f38bb76e7fe","name":"Jari Tamminen","image":{"@type":"ImageObject","inLanguage":"fi","@id":"https:\/\/voima.fi\/hairikot\/#\/schema\/person\/image\/","url":"https:\/\/secure.gravatar.com\/avatar\/e5c0bb16f2efc1924afe37fc190f8ce1?s=96&d=blank&r=g","contentUrl":"https:\/\/secure.gravatar.com\/avatar\/e5c0bb16f2efc1924afe37fc190f8ce1?s=96&d=blank&r=g","caption":"Jari Tamminen"},"description":"Kulttuurih\u00e4irint\u00e4 on taiteen ja aktivismin j\u00e4nnitt\u00e4v\u00e4\u00e4 lomittumista: odottamaton performanssi katuvilin\u00e4ss\u00e4, vallattuja mainostauluja ja mainosparodioita. Se on k\u00e4site, joka yhdist\u00e4\u00e4 yhteiskunnallista kommentaaria ja luovaa vastarintaa. T\u00e4ss\u00e4 blogissa Voiman Jari Tamminen hahmottaa maailmaa kulttuurih\u00e4irinn\u00e4n n\u00e4k\u00f6kulmasta. Lis\u00e4\u00e4 Tammisen huomioita kulttuurih\u00e4irinn\u00e4st\u00e4 voi lukea Voimasta, H\u00e4irik\u00f6t \u2013 Kulttuurih\u00e4irinn\u00e4n aakkoset -kirjasta ja p\u00e4ivitt\u00e4in osoitteesta www.facebook.com\/hairikot.","sameAs":["http:\/\/www.facebook.com\/hairikot"],"url":"https:\/\/voima.fi\/hairikot\/artikkeli\/author\/hairikko\/"}]}},"enclosure":{"image":"https:\/\/voima.fi\/hairikot\/wp-content\/uploads\/sites\/9\/2020\/04\/posti-vastis2-scaled.jpg"},"meta:avatar":"","geolocation":[],"meta:youtube":null,"meta:vimeo":null,"meta:duration":null,"_links":{"self":[{"href":"https:\/\/voima.fi\/hairikot\/wp-json\/wp\/v2\/posts\/14441"}],"collection":[{"href":"https:\/\/voima.fi\/hairikot\/wp-json\/wp\/v2\/posts"}],"about":[{"href":"https:\/\/voima.fi\/hairikot\/wp-json\/wp\/v2\/types\/post"}],"author":[{"embeddable":true,"href":"https:\/\/voima.fi\/hairikot\/wp-json\/wp\/v2\/users\/122"}],"replies":[{"embeddable":true,"href":"https:\/\/voima.fi\/hairikot\/wp-json\/wp\/v2\/comments?post=14441"}],"version-history":[{"count":4,"href":"https:\/\/voima.fi\/hairikot\/wp-json\/wp\/v2\/posts\/14441\/revisions"}],"predecessor-version":[{"id":18073,"href":"https:\/\/voima.fi\/hairikot\/wp-json\/wp\/v2\/posts\/14441\/revisions\/18073"}],"wp:featuredmedia":[{"embeddable":true,"href":"https:\/\/voima.fi\/hairikot\/wp-json\/wp\/v2\/media\/16980"}],"wp:attachment":[{"href":"https:\/\/voima.fi\/hairikot\/wp-json\/wp\/v2\/media?parent=14441"}],"wp:term":[{"taxonomy":"category","embeddable":true,"href":"https:\/\/voima.fi\/hairikot\/wp-json\/wp\/v2\/categories?post=14441"},{"taxonomy":"post_tag","embeddable":true,"href":"https:\/\/voima.fi\/hairikot\/wp-json\/wp\/v2\/tags?post=14441"}],"curies":[{"name":"wp","href":"https:\/\/api.w.org\/{rel}","templated":true}]}}