{"id":14286,"date":"2019-04-26T00:00:00","date_gmt":"2019-04-25T21:00:00","guid":{"rendered":"http:\/\/voima.fi\/hairikot\/?post_type=artikkeli&#038;p=14286"},"modified":"2020-08-10T14:01:12","modified_gmt":"2020-08-10T11:01:12","slug":"kitkerat-juhlat","status":"publish","type":"post","link":"https:\/\/voima.fi\/hairikot\/artikkeli\/kitkerat-juhlat\/","title":{"rendered":"Kitker\u00e4t juhlat"},"content":{"rendered":"<div class=\"lowres-featured-image\"><img decoding=\"async\" width=\"1163\" height=\"780\" src=\"https:\/\/voima.fi\/hairikot\/wp-content\/uploads\/sites\/9\/2020\/04\/Truevision_Gaza-otsikko.png\" class=\"attachment-full size-full wp-post-image\" alt=\"\" srcset=\"https:\/\/voima.fi\/hairikot\/wp-content\/uploads\/sites\/9\/2020\/04\/Truevision_Gaza-otsikko.png 1163w, https:\/\/voima.fi\/hairikot\/wp-content\/uploads\/sites\/9\/2020\/04\/Truevision_Gaza-otsikko-600x402.png 600w, https:\/\/voima.fi\/hairikot\/wp-content\/uploads\/sites\/9\/2020\/04\/Truevision_Gaza-otsikko-1024x687.png 1024w, https:\/\/voima.fi\/hairikot\/wp-content\/uploads\/sites\/9\/2020\/04\/Truevision_Gaza-otsikko-768x515.png 768w, https:\/\/voima.fi\/hairikot\/wp-content\/uploads\/sites\/9\/2020\/04\/Truevision_Gaza-otsikko-320x215.png 320w, https:\/\/voima.fi\/hairikot\/wp-content\/uploads\/sites\/9\/2020\/04\/Truevision_Gaza-otsikko-200x134.png 200w, https:\/\/voima.fi\/hairikot\/wp-content\/uploads\/sites\/9\/2020\/04\/Truevision_Gaza-otsikko-560x376.png 560w, https:\/\/voima.fi\/hairikot\/wp-content\/uploads\/sites\/9\/2020\/04\/Truevision_Gaza-otsikko-980x657.png 980w, https:\/\/voima.fi\/hairikot\/wp-content\/uploads\/sites\/9\/2020\/04\/Truevision_Gaza-otsikko-300x201.png 300w\" sizes=\"(max-width: 1163px) 100vw, 1163px\" \/><p class=\"ylakuvateksti\"><\/p><\/div><p class=\"p1\"><span class=\"s1\"><b>Israelin huhtikuun<\/b><\/span> vaa\u00adlien j\u00e4lkeen <b>Benjamin Netanjahu<\/b> jatkaa p\u00e4\u00e4ministerin\u00e4 yhdett\u00e4toista vuotta. H\u00e4nen menestyksens\u00e4 perustuu siihen, ett\u00e4 h\u00e4n on sek\u00e4 yllytt\u00e4nyt ett\u00e4 my\u00f6t\u00e4illyt Israelin yhteiskuntaa poliittisen painopisteen siirtyess\u00e4 oikealta \u00e4\u00e4ri\u00adoikealle. Vaaleissa tapahtui kuitenkin k\u00e4\u00e4nne, joka j\u00e4rkytti jopa Israelin apartheidin yst\u00e4vi\u00e4. Netanjahu haki liittolaiseksi Juutalainen voima -puolueen (<a href=\"https:\/\/en.wikipedia.org\/wiki\/Otzma_Yehudit\" class=\"external\" rel=\"nofollow\">Otzma Yehudit<\/a>), joka ilmoittaa ohjelmassaan, ett\u00e4 \u201dl\u00e4nsimainen demokratia\u201d on uhka juutalaisvaltiolle. Puolue my\u00f6s vakuuttaa est\u00e4v\u00e4ns\u00e4 ihmis\u00adoikeuksien, sananvapauden ja demokratian v\u00e4\u00e4rin\u00adk\u00e4yt\u00f6n, koska ne edist\u00e4v\u00e4t vihollisten voittoa.<\/p>\n<figure id=\"attachment_14290\" aria-describedby=\"caption-attachment-14290\" style=\"width: 440px\" class=\"wp-caption alignright\"><img decoding=\"async\" class=\" wp-image-14290\" src=\"https:\/\/voima.fi\/hairikot\/wp-content\/uploads\/sites\/9\/2020\/04\/Truevision_tuhotut-kodit-vastis.jpg\" alt=\"\" width=\"440\" height=\"632\" \/><figcaption id=\"caption-attachment-14290\" class=\"wp-caption-text\">&#8221;Raivaustraktori on yleinen ty\u00f6kalu palestiinalaisten kylien, kotien, maanviljelysmaiden ja vesiputkien tuhoamiseen&#8221;, <a href=\"https:\/\/voima.fi\/artikkeli\/2018\/palestiinalaisten-tila-hupenee-vesipisara-kerrallaan\/\">kirjoitti Palsestiinasta palannut Sonja Nyholm<\/a>.<br \/>&#8221;Pitk\u00e4\u00e4n jatkunut taistelu Khan al-Ahmarin kyl\u00e4n s\u00e4ilymisest\u00e4 on pian tulossa p\u00e4\u00e4t\u00f6kseen. Khan al-Ahmarin beduiini\u00adkyl\u00e4 taistelee nyt viimeisill\u00e4 voimillaan Israelin korkeimmassa tuomioistuimessa beduiiniyhteis\u00f6jen tulevaisuudesta ja yhdistyneen L\u00e4nsirannan puolesta. Israelin viranomaisten odotetaan tuhoavan kyl\u00e4n ja pakkosiirt\u00e4v\u00e4n sen asukkaat tilap\u00e4isesti palestiinalaishallinnon alaiselle Abu Dis -alueelle. P\u00e4\u00e4m\u00e4\u00e4r\u00e4n\u00e4 on Vered, joka on Jerikon siirtokunnan l\u00e4hell\u00e4.<\/figcaption><\/figure>\n<p class=\"p2\">Juutalaisen voiman johtajat ovat rabbi <a href=\"https:\/\/en.wikipedia.org\/wiki\/Meir_Kahane\" class=\"external\" rel=\"nofollow\"><strong>Meir Kahanen<\/strong><\/a> (1932\u20131990) opetuslapsia. Kahanen poliittiseen ohjelmaan kuului muun muassa juutalaisten ja ei-juutalaisten v\u00e4lisen seksin kielt\u00e4minen, palestiinalaisten karkoittaminen ja Israelin muuttaminen teokratiaksi. Vuonna 1994 Kahanen perustaman Kakh-puolueen aktiivi <b>Baruch Goldstein <\/b>murhasi rynn\u00e4kk\u00f6kiv\u00e4\u00e4rill\u00e4 29 palestiinalaista ja haavoitti yli sataa Ibrahimin moskeijassa, mink\u00e4 j\u00e4lkeen Israelin hallitus kielsi Kakhin terroristij\u00e4rjest\u00f6n\u00e4. Nyt 25 vuotta my\u00f6hemmin Kakhin perillinen Juutalainen voima saattaa p\u00e4\u00e4ty\u00e4 hallitukseen.<\/p>\n<p class=\"p2\">Israelin apartheidin yhdysvaltalaiset ydinkannattajat American Jewish Committee ja AIPAC poikkeuksellisesti kuvasivat Juutalaista voimaa \u00e4\u00e4ri\u00adoikeistolaiseksi ja tuomitsivat sen politiikan. Vastalauseissa on kuitenkin ontto kaiku, koska keskeisiss\u00e4 kysymyksiss\u00e4 Juutalaisen voiman ja muiden puolueiden v\u00e4lill\u00e4 on l\u00e4hinn\u00e4 s\u00e4vyero.<\/p>\n<p class=\"p2\">Oikeusministeri <b>Ayelet Shaked <\/b>kampanjoi vaaleissa videolla, miss\u00e4 h\u00e4n suihkuttaa p\u00e4\u00e4lleen hajuvett\u00e4 pullosta, jossa lukee \u201dFasismi\u201d ja vakuuttaa pist\u00e4v\u00e4ns\u00e4 korkeimman oikeuden aisoihin. Poliittista keskustavasemmistoa edustava <b>Benny Gantz<\/b>, entinen armeijan komentaja, haastoi Netanjahun kehumalla pommittaneensa osan Gazasta \u201dtakaisin kivikaudelle\u201d. H\u00e4nen vaalivideoissaan n\u00e4ytettiin Gazan raunioita ja palestiinalaisten hautajaisia, joiden p\u00e4\u00e4ll\u00e4 kuolonuhrien laskuri mittasi Gantzin saavutuksia. T\u00e4t\u00e4 ei pidetty huolestuttavana Israelissa eik\u00e4 ulkomailla.<\/p>\n<figure id=\"attachment_14287\" aria-describedby=\"caption-attachment-14287\" style=\"width: 440px\" class=\"wp-caption alignright\"><img decoding=\"async\" class=\" wp-image-14287\" src=\"https:\/\/voima.fi\/hairikot\/wp-content\/uploads\/sites\/9\/2020\/04\/Truevision_Gaza-vastis.jpg\" alt=\"\" width=\"440\" height=\"643\" \/><figcaption id=\"caption-attachment-14287\" class=\"wp-caption-text\">Israelin kotirintaman puolustusministeri Avi Dichter <a href=\"https:\/\/voima.fi\/artikkeli\/2012\/israel-pommittaa-gazaa-uusiksi\/\">linjasi vuonna 2012<\/a>, ett\u00e4 \u201dMeill\u00e4 ei ole muuta vaihtoehtoa: Israelin on suoritettava Gazan \u2019reformatointi\u2019, j\u00e4rjestett\u00e4v\u00e4 Gaza uudelleen, kuten teimme Juudeassa ja Samariassa [yleinen L\u00e4nsirannasta k\u00e4ytett\u00e4v\u00e4 nimitys Israelissa, toim. huom.] vuonna 2002.\u201d<\/figcaption><\/figure>\n<p class=\"p1\"><span class=\"s1\"><b>Vaalikampanjassaan<\/b><\/span> Gantz lupasi lis\u00e4\u00e4 v\u00e4kivaltaa Gazaan. Gazan saarto on jatkunut yli 12 vuotta. Armeija hy\u00f6kk\u00e4\u00e4 p\u00e4ivitt\u00e4in Gazan maan\u00adviljelij\u00f6iden ja kalastajien kimppuun ja ampuu mielenosoittajia. Keskustavasemmistolaiselle Gantzille t\u00e4m\u00e4 ei ole tarpeeksi.<\/p>\n<p class=\"p2\">YK:n mukaan Gazasta on tullut ihmisel\u00e4m\u00e4lle kelvoton asuinpaikka veden ja maaper\u00e4n saastumisen ja tuhotun infrastruktuurin takia. Palestiinalaiset ovat yli vuoden osoittaneet joka perjantai mielt\u00e4\u00e4n Gazan ja Israelin erottavan aidan luona. Kaksi kolmasosaa Gazan asukkaista on pakolaisia, ja he vaativat saada k\u00e4ytt\u00e4\u00e4 kansainv\u00e4lisen oikeuden takaamaa oikeuttaan palata kotiin nykyisen Israelin alueelle. Is\u00adrael on vastannut mielenosoituksiin haavoittamalla yli 26\u2009000 ja tappamalla yli 190 mielenosoittajaa, mukaan lukien journalisteja, l\u00e4\u00e4kint\u00e4henkil\u00f6kuntaa ja kymmeni\u00e4 lapsia. YK:n komission mukaan t\u00e4st\u00e4 pit\u00e4isi aloittaa tutkinta mahdollisina sotarikoksina ja rikoksina ihmisyytt\u00e4 vastaan.<\/p>\n<p class=\"p2\">Israelissa asia n\u00e4hd\u00e4\u00e4n toisin: pakolaisten ampumisesta on tullut osa perjantai-illan arkea. Tolkun ihmiset osallistuvat asepalveluksessa miehityksen yll\u00e4pit\u00e4miseen, pit\u00e4v\u00e4t siviilien ampujia sankareina ja \u00e4\u00e4nest\u00e4v\u00e4t valtaan p\u00e4\u00e4tt\u00e4ji\u00e4, joiden ei en\u00e4\u00e4 tarvitse teeskennell\u00e4 tavoittelevansa rauhaa tai kannattavansa yht\u00e4l\u00e4isi\u00e4 oikeuksia.<\/p>\n<p class=\"p2\">Israelilaisen fasismin tutkijan <b>Ze\u2019ev Sternhellin <\/b>sanoin, Israel on \u201dpoikkeuksellinen laboratorio, jossa n\u00e4kee valistuksen arvojen hiljaisen rapautumisen\u201d.<\/p>\n<figure id=\"attachment_14298\" aria-describedby=\"caption-attachment-14298\" style=\"width: 440px\" class=\"wp-caption alignright\"><img decoding=\"async\" class=\" wp-image-14298\" src=\"https:\/\/voima.fi\/hairikot\/wp-content\/uploads\/sites\/9\/2020\/04\/Truevision_Darude-vastis-1.jpg\" alt=\"\" width=\"440\" height=\"647\" \/><figcaption id=\"caption-attachment-14298\" class=\"wp-caption-text\"><a href=\"https:\/\/hairikot.voima.fi\/artikkeli\/euroviisut-alkaa-peitelko-israelin-miehitysta-ihmisoikeusloukkauksia\/\">Reilu 140 taiteilijaa vetosi<\/a> Euroopan yleisradiounioni EBU:n, jotta vuoden 2019 Euroviisuja ei j\u00e4rjestett\u00e4isi Israelissa.<br \/>&#8221;Kunnes palestiinalaiset saavat nauttia kaikille ihmisille kuuluvista vapaudesta, oikeudenmukaisuudesta ja yht\u00e4l\u00e4isist\u00e4 oikeuksista, ei pid\u00e4 teeskennell\u00e4, ett\u00e4 kaikki on hyvin valtiossa, joka kiist\u00e4\u00e4 heilt\u00e4 perusoikeudet.&#8221;<\/figcaption><\/figure>\n<p class=\"p1\"><span class=\"s1\"><b>Euroopan hallitusten<\/b><\/span> suhtautumista Israelin siirtymiseen apartheidista kohti fasismia kuvaa t\u00e4ydellisesti se, ett\u00e4 maassa j\u00e4rjestet\u00e4\u00e4n Euroviisut, joiden slogan on \u201duskalla unelmoida\u201d ja teemana inkluusio, diversiteetti ja yhten\u00e4isyys. Kilpailu pidet\u00e4\u00e4n Tel Aviv Expo Centeriss\u00e4, joka on rakennettu etnisesti puhdistetun palestiinalaisen kyl\u00e4n, al-Shaykh Muwannisin, p\u00e4\u00e4lle. Osana Euroviisuja Suomen edustaja <b>Darude<\/b> tekee matkailumainoksen apartheidille laulamalla \u2013 mit\u00e4 ilmeisimmin vailla iro\u00adniaa \u2013 Tel Avivissa sairaalan katolta siit\u00e4, miten kamalaa on k\u00e4\u00e4nt\u00e4\u00e4 katseensa ihmisoikeus\u00adloukkauk\u00adsista.<\/p>\n<p class=\"p2\">Sen enemp\u00e4\u00e4 Daruden kuin EU-maidenkaan ongelma ei ole, ettei mit\u00e4\u00e4n voisi tehd\u00e4. Jokainen artisti, jokainen kulttuurihenkil\u00f6, jokainen tutkija ja jokainen turisti voisi kielt\u00e4yty\u00e4 valkopesem\u00e4st\u00e4 Israelin politiikkaa sanoillaan, rahoillaan tai hiljaisuudellaan. Euroviisujen j\u00e4tt\u00e4minen v\u00e4liin l\u00e4hett\u00e4isi sek\u00e4 Israelin yhteiskunnalle ett\u00e4 Euroopan p\u00e4\u00e4tt\u00e4jille selv\u00e4n viestin, ett\u00e4 apartheidia ei hyv\u00e4ksyt\u00e4.<\/p>\n<p class=\"p2\">Euroopassa ei toki vain katsota sivusta Israelin toimintaa. P\u00e4in vastoin, Eurooppa tukee Israelin sotarikoksia aktiivisesti. Yksi selvimmist\u00e4 tavoista on aseiden myynti, osto ja yhteiskehittely. Israelilaisten aseiden myyntivalttina on, ett\u00e4 aseita on testattu palestiinalaisiin, usein siviileihin. Suomen sopiessa tammikuussa 2019 uusien asej\u00e4rjestelmien hankkimisesta Israelista puolustusministeri <b>Jussi Niinist\u00f6 <\/b>kommentoikin, ett\u00e4 \u201dei ole haitaksi, ett\u00e4 niit\u00e4 on kokeiltu k\u00e4yt\u00e4nn\u00f6ss\u00e4\u201d.<\/p>\n<figure id=\"attachment_13820\" aria-describedby=\"caption-attachment-13820\" style=\"width: 440px\" class=\"wp-caption alignright\"><img decoding=\"async\" class=\" wp-image-13820\" src=\"https:\/\/voima.fi\/hairikot\/wp-content\/uploads\/sites\/9\/2020\/04\/Truevision-vastis.jpg\" alt=\"\" width=\"440\" height=\"632\" \/><figcaption id=\"caption-attachment-13820\" class=\"wp-caption-text\">&#8221;Odottavan aika\u00a0on tunnetusti pitk\u00e4, ja L\u00e4hi-it\u00e4\u00e4n tosiaan liittyy paljon odotuksia ja odottamista. Yhdet odottavat Jumalan lupaamaa maata ja toiset Messiaan toista tulemista. My\u00f6s oikeutta ja kotimaata odotetaan, ja v\u00e4lill\u00e4 odotetaan lupaa korjata kuoppainen tie. Odotuttaminen voi olla my\u00f6s alistavan politiikan v\u00e4line,\u00a0kuten Tampereen yliopiston tutkija\u00a0<b>Mikko Joronen<\/b>\u00a0esitt\u00e4\u00e4 artikkelissaan\u00a0<a href=\"http:\/\/tampub.uta.fi\/handle\/10024\/102381\" class=\"external\" rel=\"nofollow\"><i>Spaces of waiting<\/i><\/a>.&#8221;\u00a0Kuvassa palestiinalaisia ty\u00f6ntekij\u00f6it\u00e4 Betlehemin tarkastuspisteell\u00e4, L\u00e4nsirannalla vuonna 2017. Lis\u00e4\u00e4 odottamisesta <a href=\"https:\/\/hairikot.voima.fi\/artikkeli\/euroviisut-alkaa-peitelko-israelin-miehitysta-ihmisoikeusloukkauksia\/\">t\u00e4\u00e4ll\u00e4<\/a>.<\/figcaption><\/figure>\n<p class=\"p2\">Suomi tukee sotarikoksia my\u00f6s sallimalla tuonnin Israelin siirtokunnista miehitetyilt\u00e4 alueilta. EU kielsi tuonnin Krimilt\u00e4 vain kolme kuukautta sen j\u00e4lkeen kun Ven\u00e4j\u00e4 miehitti \u00adalueen, koska EU ei tunnusta Ven\u00e4j\u00e4n suvereniteettia Krimill\u00e4. EU ei my\u00f6sk\u00e4\u00e4n tunnusta Israelin suvereniteettia L\u00e4nsirannalla ja pit\u00e4\u00e4 siirtokuntia laittomina, mutta toivottaa silti niiss\u00e4 valmistetut tuotteet tervetulleiksi. T\u00e4m\u00e4 on paitsi poliittisesti ristiriitaista, my\u00f6s kansainv\u00e4lisen oikeuden vastaista, koska kaupank\u00e4ynti tukee siirtokuntia ja valtioilla on velvollisuus olla tunnustamatta ja edesauttamatta laitonta tilannetta.<\/p>\n<p class=\"p2\">Euroopassa Irlanti on ensimm\u00e4isen\u00e4 siirtym\u00e4ss\u00e4 noudattamaan kansainv\u00e4list\u00e4 oikeutta kielt\u00e4m\u00e4ll\u00e4 siirtokunnassa valmistettujen tuotteiden tuonnin. Maan koko ei ole ratkaiseva tekij\u00e4, vaan yhden toimet rohkaisevat muita seuraamaan. Jos Suomi haluaa olla edell\u00e4k\u00e4vij\u00e4 kansainv\u00e4lisen oikeuden ja rauhan edist\u00e4misess\u00e4, sill\u00e4 on siihen kaikki edellytykset. Mutta se vaatii sit\u00e4, ett\u00e4 kansalaiset vaikuttavat p\u00e4\u00e4tt\u00e4jiin, jotta n\u00e4m\u00e4 ottavat lait ja ihmisoikeudet vakavasti.<\/p>\n<p class=\"p1\"><b>Kirjoittaja oli loppuvuodesta 2018 vapaa-ehtoisena professorina Palestiinassa Birzeitin yliopiston fysiikan laitoksella. H\u00e4n on tehnyt ruohonjuuritason ihmisoikeusty\u00f6t\u00e4 miehitetyll\u00e4 L\u00e4nsirannalla International -Solidarity Movement -j\u00e4rjest\u00f6ss\u00e4 ja on israelilaisen ICAHD-ihmisoikeusj\u00e4rjest\u00f6n Suomen osaston puheenjohtaja.<\/b><\/p>\n","protected":false},"excerpt":{"rendered":"<p>Israelin Euroviisuissa juhlitaan moni\u00e4\u00e4nisyytt\u00e4, vapautta ja rakkautta palestiinalaisen kyl\u00e4n p\u00e4\u00e4lle rakennetussa messukeskuksessa.<\/p>\n","protected":false},"author":740,"featured_media":16967,"comment_status":"open","ping_status":"open","sticky":false,"template":"","format":"standard","meta":{"footnotes":""},"categories":[4],"tags":[358,520,521,600,801,875,1260,1325,1581,1836,1837,2775],"yoast_head":"<!-- This site is optimized with the Yoast SEO plugin v22.7 - https:\/\/yoast.com\/wordpress\/plugins\/seo\/ -->\n<title>Kitker\u00e4t juhlat - H\u00e4irik\u00f6t-p\u00e4\u00e4maja<\/title>\n<meta name=\"robots\" content=\"index, follow, max-snippet:-1, max-image-preview:large, max-video-preview:-1\" \/>\n<link rel=\"canonical\" href=\"https:\/\/voima.fi\/hairikot\/artikkeli\/kitkerat-juhlat\/\" \/>\n<meta property=\"og:locale\" content=\"fi_FI\" \/>\n<meta property=\"og:type\" content=\"article\" \/>\n<meta property=\"og:title\" content=\"Kitker\u00e4t juhlat - H\u00e4irik\u00f6t-p\u00e4\u00e4maja\" \/>\n<meta property=\"og:description\" content=\"Israelin Euroviisuissa juhlitaan moni\u00e4\u00e4nisyytt\u00e4, vapautta ja rakkautta palestiinalaisen kyl\u00e4n p\u00e4\u00e4lle rakennetussa messukeskuksessa.\" \/>\n<meta property=\"og:url\" content=\"https:\/\/voima.fi\/hairikot\/artikkeli\/kitkerat-juhlat\/\" \/>\n<meta property=\"og:site_name\" content=\"H\u00e4irik\u00f6t-p\u00e4\u00e4maja\" \/>\n<meta property=\"article:published_time\" content=\"2019-04-25T21:00:00+00:00\" \/>\n<meta property=\"article:modified_time\" content=\"2020-08-10T11:01:12+00:00\" \/>\n<meta property=\"og:image\" content=\"https:\/\/voima.fi\/hairikot\/wp-content\/uploads\/sites\/9\/2020\/04\/Truevision_Gaza-otsikko.png\" \/>\n\t<meta property=\"og:image:width\" content=\"1163\" \/>\n\t<meta property=\"og:image:height\" content=\"780\" \/>\n\t<meta property=\"og:image:type\" content=\"image\/png\" \/>\n<meta name=\"author\" content=\"Syksy Rasanen\" \/>\n<meta name=\"twitter:card\" content=\"summary_large_image\" \/>\n<meta name=\"twitter:label1\" content=\"Kirjoittanut\" \/>\n\t<meta name=\"twitter:data1\" content=\"Syksy Rasanen\" \/>\n\t<meta name=\"twitter:label2\" content=\"Arvioitu lukuaika\" \/>\n\t<meta name=\"twitter:data2\" content=\"6 minuuttia\" \/>\n<script type=\"application\/ld+json\" class=\"yoast-schema-graph\">{\"@context\":\"https:\/\/schema.org\",\"@graph\":[{\"@type\":\"WebPage\",\"@id\":\"https:\/\/voima.fi\/hairikot\/artikkeli\/kitkerat-juhlat\/\",\"url\":\"https:\/\/voima.fi\/hairikot\/artikkeli\/kitkerat-juhlat\/\",\"name\":\"Kitker\u00e4t juhlat - H\u00e4irik\u00f6t-p\u00e4\u00e4maja\",\"isPartOf\":{\"@id\":\"https:\/\/voima.fi\/hairikot\/#website\"},\"primaryImageOfPage\":{\"@id\":\"https:\/\/voima.fi\/hairikot\/artikkeli\/kitkerat-juhlat\/#primaryimage\"},\"image\":{\"@id\":\"https:\/\/voima.fi\/hairikot\/artikkeli\/kitkerat-juhlat\/#primaryimage\"},\"thumbnailUrl\":\"https:\/\/voima.fi\/hairikot\/wp-content\/uploads\/sites\/9\/2020\/04\/Truevision_Gaza-otsikko.png\",\"datePublished\":\"2019-04-25T21:00:00+00:00\",\"dateModified\":\"2020-08-10T11:01:12+00:00\",\"author\":{\"@id\":\"https:\/\/voima.fi\/hairikot\/#\/schema\/person\/a0fbd96fcad4a431fbeca0ac14962c20\"},\"breadcrumb\":{\"@id\":\"https:\/\/voima.fi\/hairikot\/artikkeli\/kitkerat-juhlat\/#breadcrumb\"},\"inLanguage\":\"fi\",\"potentialAction\":[{\"@type\":\"ReadAction\",\"target\":[\"https:\/\/voima.fi\/hairikot\/artikkeli\/kitkerat-juhlat\/\"]}]},{\"@type\":\"ImageObject\",\"inLanguage\":\"fi\",\"@id\":\"https:\/\/voima.fi\/hairikot\/artikkeli\/kitkerat-juhlat\/#primaryimage\",\"url\":\"https:\/\/voima.fi\/hairikot\/wp-content\/uploads\/sites\/9\/2020\/04\/Truevision_Gaza-otsikko.png\",\"contentUrl\":\"https:\/\/voima.fi\/hairikot\/wp-content\/uploads\/sites\/9\/2020\/04\/Truevision_Gaza-otsikko.png\",\"width\":1163,\"height\":780},{\"@type\":\"BreadcrumbList\",\"@id\":\"https:\/\/voima.fi\/hairikot\/artikkeli\/kitkerat-juhlat\/#breadcrumb\",\"itemListElement\":[{\"@type\":\"ListItem\",\"position\":1,\"name\":\"Home\",\"item\":\"https:\/\/voima.fi\/hairikot\/\"},{\"@type\":\"ListItem\",\"position\":2,\"name\":\"Kitker\u00e4t juhlat\"}]},{\"@type\":\"WebSite\",\"@id\":\"https:\/\/voima.fi\/hairikot\/#website\",\"url\":\"https:\/\/voima.fi\/hairikot\/\",\"name\":\"H\u00e4irik\u00f6t-p\u00e4\u00e4maja\",\"description\":\"\",\"potentialAction\":[{\"@type\":\"SearchAction\",\"target\":{\"@type\":\"EntryPoint\",\"urlTemplate\":\"https:\/\/voima.fi\/hairikot\/?s={search_term_string}\"},\"query-input\":\"required name=search_term_string\"}],\"inLanguage\":\"fi\"},{\"@type\":\"Person\",\"@id\":\"https:\/\/voima.fi\/hairikot\/#\/schema\/person\/a0fbd96fcad4a431fbeca0ac14962c20\",\"name\":\"Syksy Rasanen\",\"image\":{\"@type\":\"ImageObject\",\"inLanguage\":\"fi\",\"@id\":\"https:\/\/voima.fi\/hairikot\/#\/schema\/person\/image\/\",\"url\":\"https:\/\/secure.gravatar.com\/avatar\/dee0e881a000551fe678e650bcb77d96?s=96&d=blank&r=g\",\"contentUrl\":\"https:\/\/secure.gravatar.com\/avatar\/dee0e881a000551fe678e650bcb77d96?s=96&d=blank&r=g\",\"caption\":\"Syksy Rasanen\"},\"url\":\"https:\/\/voima.fi\/hairikot\/artikkeli\/author\/syksy-rasanen\/\"}]}<\/script>\n<!-- \/ Yoast SEO plugin. -->","yoast_head_json":{"title":"Kitker\u00e4t juhlat - H\u00e4irik\u00f6t-p\u00e4\u00e4maja","robots":{"index":"index","follow":"follow","max-snippet":"max-snippet:-1","max-image-preview":"max-image-preview:large","max-video-preview":"max-video-preview:-1"},"canonical":"https:\/\/voima.fi\/hairikot\/artikkeli\/kitkerat-juhlat\/","og_locale":"fi_FI","og_type":"article","og_title":"Kitker\u00e4t juhlat - H\u00e4irik\u00f6t-p\u00e4\u00e4maja","og_description":"Israelin Euroviisuissa juhlitaan moni\u00e4\u00e4nisyytt\u00e4, vapautta ja rakkautta palestiinalaisen kyl\u00e4n p\u00e4\u00e4lle rakennetussa messukeskuksessa.","og_url":"https:\/\/voima.fi\/hairikot\/artikkeli\/kitkerat-juhlat\/","og_site_name":"H\u00e4irik\u00f6t-p\u00e4\u00e4maja","article_published_time":"2019-04-25T21:00:00+00:00","article_modified_time":"2020-08-10T11:01:12+00:00","og_image":[{"width":1163,"height":780,"url":"https:\/\/voima.fi\/hairikot\/wp-content\/uploads\/sites\/9\/2020\/04\/Truevision_Gaza-otsikko.png","type":"image\/png"}],"author":"Syksy Rasanen","twitter_card":"summary_large_image","twitter_misc":{"Kirjoittanut":"Syksy Rasanen","Arvioitu lukuaika":"6 minuuttia"},"schema":{"@context":"https:\/\/schema.org","@graph":[{"@type":"WebPage","@id":"https:\/\/voima.fi\/hairikot\/artikkeli\/kitkerat-juhlat\/","url":"https:\/\/voima.fi\/hairikot\/artikkeli\/kitkerat-juhlat\/","name":"Kitker\u00e4t juhlat - H\u00e4irik\u00f6t-p\u00e4\u00e4maja","isPartOf":{"@id":"https:\/\/voima.fi\/hairikot\/#website"},"primaryImageOfPage":{"@id":"https:\/\/voima.fi\/hairikot\/artikkeli\/kitkerat-juhlat\/#primaryimage"},"image":{"@id":"https:\/\/voima.fi\/hairikot\/artikkeli\/kitkerat-juhlat\/#primaryimage"},"thumbnailUrl":"https:\/\/voima.fi\/hairikot\/wp-content\/uploads\/sites\/9\/2020\/04\/Truevision_Gaza-otsikko.png","datePublished":"2019-04-25T21:00:00+00:00","dateModified":"2020-08-10T11:01:12+00:00","author":{"@id":"https:\/\/voima.fi\/hairikot\/#\/schema\/person\/a0fbd96fcad4a431fbeca0ac14962c20"},"breadcrumb":{"@id":"https:\/\/voima.fi\/hairikot\/artikkeli\/kitkerat-juhlat\/#breadcrumb"},"inLanguage":"fi","potentialAction":[{"@type":"ReadAction","target":["https:\/\/voima.fi\/hairikot\/artikkeli\/kitkerat-juhlat\/"]}]},{"@type":"ImageObject","inLanguage":"fi","@id":"https:\/\/voima.fi\/hairikot\/artikkeli\/kitkerat-juhlat\/#primaryimage","url":"https:\/\/voima.fi\/hairikot\/wp-content\/uploads\/sites\/9\/2020\/04\/Truevision_Gaza-otsikko.png","contentUrl":"https:\/\/voima.fi\/hairikot\/wp-content\/uploads\/sites\/9\/2020\/04\/Truevision_Gaza-otsikko.png","width":1163,"height":780},{"@type":"BreadcrumbList","@id":"https:\/\/voima.fi\/hairikot\/artikkeli\/kitkerat-juhlat\/#breadcrumb","itemListElement":[{"@type":"ListItem","position":1,"name":"Home","item":"https:\/\/voima.fi\/hairikot\/"},{"@type":"ListItem","position":2,"name":"Kitker\u00e4t juhlat"}]},{"@type":"WebSite","@id":"https:\/\/voima.fi\/hairikot\/#website","url":"https:\/\/voima.fi\/hairikot\/","name":"H\u00e4irik\u00f6t-p\u00e4\u00e4maja","description":"","potentialAction":[{"@type":"SearchAction","target":{"@type":"EntryPoint","urlTemplate":"https:\/\/voima.fi\/hairikot\/?s={search_term_string}"},"query-input":"required name=search_term_string"}],"inLanguage":"fi"},{"@type":"Person","@id":"https:\/\/voima.fi\/hairikot\/#\/schema\/person\/a0fbd96fcad4a431fbeca0ac14962c20","name":"Syksy Rasanen","image":{"@type":"ImageObject","inLanguage":"fi","@id":"https:\/\/voima.fi\/hairikot\/#\/schema\/person\/image\/","url":"https:\/\/secure.gravatar.com\/avatar\/dee0e881a000551fe678e650bcb77d96?s=96&d=blank&r=g","contentUrl":"https:\/\/secure.gravatar.com\/avatar\/dee0e881a000551fe678e650bcb77d96?s=96&d=blank&r=g","caption":"Syksy Rasanen"},"url":"https:\/\/voima.fi\/hairikot\/artikkeli\/author\/syksy-rasanen\/"}]}},"enclosure":{"image":"https:\/\/voima.fi\/hairikot\/wp-content\/uploads\/sites\/9\/2020\/04\/Truevision_Gaza-otsikko.png"},"meta:avatar":"","geolocation":[],"meta:youtube":null,"meta:vimeo":null,"meta:duration":null,"_links":{"self":[{"href":"https:\/\/voima.fi\/hairikot\/wp-json\/wp\/v2\/posts\/14286"}],"collection":[{"href":"https:\/\/voima.fi\/hairikot\/wp-json\/wp\/v2\/posts"}],"about":[{"href":"https:\/\/voima.fi\/hairikot\/wp-json\/wp\/v2\/types\/post"}],"author":[{"embeddable":true,"href":"https:\/\/voima.fi\/hairikot\/wp-json\/wp\/v2\/users\/740"}],"replies":[{"embeddable":true,"href":"https:\/\/voima.fi\/hairikot\/wp-json\/wp\/v2\/comments?post=14286"}],"version-history":[{"count":4,"href":"https:\/\/voima.fi\/hairikot\/wp-json\/wp\/v2\/posts\/14286\/revisions"}],"predecessor-version":[{"id":18079,"href":"https:\/\/voima.fi\/hairikot\/wp-json\/wp\/v2\/posts\/14286\/revisions\/18079"}],"wp:featuredmedia":[{"embeddable":true,"href":"https:\/\/voima.fi\/hairikot\/wp-json\/wp\/v2\/media\/16967"}],"wp:attachment":[{"href":"https:\/\/voima.fi\/hairikot\/wp-json\/wp\/v2\/media?parent=14286"}],"wp:term":[{"taxonomy":"category","embeddable":true,"href":"https:\/\/voima.fi\/hairikot\/wp-json\/wp\/v2\/categories?post=14286"},{"taxonomy":"post_tag","embeddable":true,"href":"https:\/\/voima.fi\/hairikot\/wp-json\/wp\/v2\/tags?post=14286"}],"curies":[{"name":"wp","href":"https:\/\/api.w.org\/{rel}","templated":true}]}}