{"id":14142,"date":"2019-02-17T00:00:00","date_gmt":"2019-02-16T22:00:00","guid":{"rendered":"http:\/\/voima.fi\/hairikot\/?post_type=artikkeli&#038;p=14142"},"modified":"2021-09-07T08:17:42","modified_gmt":"2021-09-07T05:17:42","slug":"tutkimusmatkoja-normaaliin","status":"publish","type":"post","link":"https:\/\/voima.fi\/hairikot\/artikkeli\/tutkimusmatkoja-normaaliin\/","title":{"rendered":"Tutkimusmatkoja normaaliin"},"content":{"rendered":"<p class=\"p1\"><b>Vierailu ruokakaupassa<\/b> on arkisista rutiineista se arkisin. Kierros hyllyjen v\u00e4liss\u00e4 tuttua reitti\u00e4 seuraillen ja tuttujen tuotteiden lapioiminen ostoskoriin tai -k\u00e4rryyn ei her\u00e4t\u00e4 suuria tunteita. Tilanne kuitenkin muuttuu, mik\u00e4li tuohon kokemukseen yhdistyy tieto siit\u00e4, mink\u00e4laisien prosessien kautta elintarvikkeet ovat kaupan hyllyille p\u00e4\u00e4tyneet.<\/p>\n<p class=\"p1\">Tuottajat ja kauppiaat eiv\u00e4t tosin t\u00e4t\u00e4 yhdist\u00e4mist\u00e4 kernaasti tee ja mediakin on ollut yll\u00e4tt\u00e4v\u00e4n varovainen n\u00e4iden pisteiden yhdistelemisess\u00e4.<\/p>\n<p class=\"p1\">Vuonna 2006 joukko el\u00e4inoikeusaktivisteja astui salaa broilerihalliin kuvaamaan. Tavoitteena oli dokumentoida tuotantoel\u00e4inten el\u00e4m\u00e4 juuri sellaisena kuin se on. Aktivistit eiv\u00e4t odottanut l\u00f6yt\u00e4v\u00e4ns\u00e4 mit\u00e4\u00e4n erityisen j\u00e4rkytt\u00e4v\u00e4\u00e4, eik\u00e4 kuvillekaan ollut kovinkaan tarkasti mietitty k\u00e4ytt\u00f6\u00e4. Yht\u00e4 kaikki, aktivistit k\u00e4viv\u00e4t useilla tiloilla, kuvasivat ja poistuivat paikalta j\u00e4tt\u00e4m\u00e4tt\u00e4 j\u00e4lki\u00e4. Juuri kukaan ei tiennyt t\u00e4st\u00e4 pienen porukan tekem\u00e4st\u00e4 ty\u00f6st\u00e4 yht\u00e4\u00e4n mit\u00e4\u00e4n.<\/p>\n<p class=\"p1\"><a href=\"https:\/\/hairikot.voima.fi\/artikkeli\/elainten-asialla\/\">Lopulta videot julkaistiin<\/a> Yleisradion A-Studiossa marraskuussa 2007.<\/p>\n<p class=\"p1\">Seurasi yli kymmenen vuotta jatkunut julkinen keskustelu tuotantoel\u00e4inten oikeuksista, eik\u00e4 keskustelulle n\u00e4y loppua. Samalla kun aihetta k\u00e4sitelleet toimittajat ovat olleet aidosti ja avoimesti j\u00e4rkyttyneit\u00e4 n\u00e4kem\u00e4st\u00e4\u00e4n, media on kuitenkin jatkanut vanhoilla raiteilla: kuvia k\u00e4sitell\u00e4\u00e4n lehdiss\u00e4, joissa samoja el\u00e4imi\u00e4 mainostetaan kuluttajille tyhji\u00f6pakkauksissa, ja videoita esitell\u00e4\u00e4n kanavilla, joiden kokkiohjelmissa pihvi paistuu tuttuun tapaan.<\/p>\n<p class=\"p1\">Yhteiskuntamme suhdetta lihaan voisi kuvailla p\u00e4hk\u00e4hulluksi.<br \/>\n<strong>(Artikkeli jatkuu kuvan j\u00e4lkeen.)<\/strong><\/p>\n<figure id=\"attachment_14144\" aria-describedby=\"caption-attachment-14144\" style=\"width: 1500px\" class=\"wp-caption aligncenter\"><img decoding=\"async\" class=\"size-full wp-image-14144\" src=\"https:\/\/voima.fi\/hairikot\/wp-content\/uploads\/sites\/9\/2019\/02\/Suomen-suurin-h\u00e4kkikana\u00f6a-vastis.jpg\" alt=\"\" width=\"1500\" height=\"2156\" \/><figcaption id=\"caption-attachment-14144\" class=\"wp-caption-text\">Oikeutta el\u00e4imille -j\u00e4rjest\u00f6 ker\u00e4si kannattajiltaan lahjoituksia joilla ostaa mainossivu Helsingin Sanomista h\u00e4kkikanalakampanjalleen. OE pyysi H\u00e4irik\u00f6it-p\u00e4\u00e4majaa toteuttamaan teoksen, jossa tuotantoel\u00e4inten kohtelu tuodaan kuluttajien arkiseen kokemusmaailmaan. Ohessa teoksemme, jonka kuvaelementeist\u00e4 yksik\u00e4\u00e4n ei kelvannut Helsingin Sanomille.<br \/>T\u00e4m\u00e4 Hesarin haluttomuus julkaista logoparodioita ei tietenk\u00e4\u00e4n t\u00e4ysin yll\u00e4t\u00e4. Hieman yll\u00e4tt\u00e4v\u00e4\u00e4 on se, lehdelle ei kelvannut edes kuva, jossa asiakas katselee geneerisen ruokakaupan lihahylly\u00e4, joka on korvattu h\u00e4kkikanalalla. Lehden mukaan teos rikkoo hyv\u00e4\u00e4 mairkkinointitapaa. Voittoa tavoittelemattomalle ja siten markkinalogiikkaa rikkovalle j\u00e4rjest\u00f6lle ainoa hyv\u00e4ksytt\u00e4v\u00e4 tapa viesti\u00e4 n\u00e4ytt\u00e4isi olevan avoin kirje ja tiukan dokumentaariset kuvat. T\u00e4m\u00e4 on sik\u00e4li kiinnostavaa, ett\u00e4 mainonnassa on yleisesti hyv\u00e4ksytty\u00e4 irvailla kilpailijalle ja viitata sen tuotteisiin, kuten n\u00e4imme esimerkiksi hiljattain Pepsin kampanjassa, jossa oli my\u00f6s ilmiselv\u00e4 Cokis-t\u00f6lkki. Eiv\u00e4tk\u00e4 kaupalliset mainostajat ole ainoita: Hesari nosti itsekin Kuukausiliitteen kanteen parodian j\u00e4\u00e4kiekkojoukkue Jokereiden logosta.<br \/>Mainosten ja kaupallisten motiivien m\u00e4\u00e4rittelem\u00e4ss\u00e4 yhteiskunnassa on vaikea hy\u00f6dynt\u00e4\u00e4 mainonnan kielt\u00e4 ja kanavia, mik\u00e4li ei ole myym\u00e4ss\u00e4 mit\u00e4\u00e4n. T\u00e4m\u00e4 on sik\u00e4likin ongelmallista, ett\u00e4 mainokset m\u00e4\u00e4rittelev\u00e4t hyvinkin paljon sit\u00e4, kuinka yhteiskuntamme hahmotamme.<\/figcaption><\/figure>\n<p class=\"p1\"><b>Vuodesta 1996<\/b> el\u00e4inoikeusaktivismissa mukana ollut<b> Kristo Muurimaa<\/b>, yksi broilerihallin kuvaajista, perustelee salakuvauksia ihmisten oikeudella tietoon.<\/p>\n<p class=\"p1\">\u201dEl\u00e4inliikkeess\u00e4 on aina ollut ajatus, ett\u00e4 mik\u00e4li ihmiset tiet\u00e4isiv\u00e4t, mit\u00e4 tuotannossa tapahtuu, se johtaisi muutokseen.\u201d<\/p>\n<p class=\"p1\">Tai kuten <b>Paul McCartneyn<\/b> nimiin laitettu toteamus kuuluu: \u201dJos teurastamoissa olisi lasisein\u00e4t, kaikki olisivat vegaaneja.\u201d<\/p>\n<p class=\"p1\">\u201dIhmiset eiv\u00e4t tied\u00e4, milt\u00e4 el\u00e4intuotanto n\u00e4ytt\u00e4\u00e4. Ja jos he tiet\u00e4v\u00e4t, usein he haluavat sulkea silm\u00e4ns\u00e4 ja olla uskomatta\u201d, Muurimaa sanoo.<\/p>\n<p class=\"p1\">H\u00e4nen mukaansa el\u00e4inoikeusliikkeell\u00e4 oli ulkomailta per\u00e4isin olevaa kuvamateriaalia tuotantolaitoksilta. Se ei kuitenkaan tehonnut toivotulla tavalla. Yksi keino sulkea silm\u00e4t oli v\u00e4itt\u00e4\u00e4, ett\u00e4 t\u00e4llaista ei tapahdu Suomessa.<\/p>\n<p class=\"p1\">\u201cSen halusimme osoittaa v\u00e4\u00e4r\u00e4ksi. Halusimme kuvamateriaalia, joka vakuuttaa yleis\u00f6n siit\u00e4, ett\u00e4 tilanne on t\u00e4\u00e4ll\u00e4 sama kuin muuallakin.\u201d<\/p>\n<p class=\"p1\">Aktivistien piireiss\u00e4 oli tiedetty jo pitk\u00e4\u00e4n, ett\u00e4 kuville on tilausta. Sen t\u00e4ytt\u00e4minen mahdollistui muun muassa 2000-luvun ensimm\u00e4isen vuosikymmenen puoliv\u00e4liss\u00e4 tarpeeksi edullisen tekniikan ansiosta.<\/p>\n<p class=\"p1\">\u201dSiedett\u00e4v\u00e4n hyv\u00e4 laatuisista digikameroista oli tullut niin edullisia, ett\u00e4 pystyimme ostamaan niit\u00e4 opiskelijabudjetilla. Eiv\u00e4t ne kamerat hyvi\u00e4 olleet, mutta niill\u00e4 kykenimme tekem\u00e4\u00e4n kampanjan.\u201d<\/p>\n<figure id=\"attachment_14145\" aria-describedby=\"caption-attachment-14145\" style=\"width: 400px\" class=\"wp-caption alignright\"><img decoding=\"async\" class=\" wp-image-14145\" src=\"https:\/\/voima.fi\/hairikot\/wp-content\/uploads\/sites\/9\/2020\/04\/AnalaAlepa.jpg\" alt=\"\" width=\"400\" height=\"644\" \/><figcaption id=\"caption-attachment-14145\" class=\"wp-caption-text\">Samaan aikaan, kun Hesarin painokoneet py\u00f6riv\u00e4t ja avoin kirje S-ryhm\u00e4lle painautui paperille, her\u00e4teltiin keskustelua my\u00f6s toisilla rintamilla. N\u00e4it\u00e4 tarroja saattaa tulla vastaan siell\u00e4 tai t\u00e4\u00e4ll\u00e4. Avoin kirje S-ryhm\u00e4lle luettavissa <a href=\"http:\/\/oikeuttaelaimille.fi\/avoin-kirje-s-ryhmalle\" class=\"external\" rel=\"nofollow\">t\u00e4\u00e4ll\u00e4<\/a>.<\/figcaption><\/figure>\n<p class=\"p1\"><b>El\u00e4inoikeusaktivistit<\/b> joutuvat tasapainottelemaan viestinn\u00e4ss\u00e4\u00e4n: liian karut kuvat voivat ajaa pois ahdistuneen yleis\u00f6n ja siloiteltu kuvasto puolestaan menett\u00e4\u00e4 iskevyytt\u00e4\u00e4n. T\u00e4m\u00e4n ohessa pit\u00e4\u00e4 mietti\u00e4, ett\u00e4 kuuluuko vakava asia viesti\u00e4 aina vakavasti, vai kannattaako ajoittain turvautua my\u00f6s huumoriin.<\/p>\n<p class=\"p1\">\u201dOlemme pitk\u00e4\u00e4n k\u00e4ytt\u00e4neet parodiaa. Parodialliset viestit eiv\u00e4t suoranaisesti viesti el\u00e4inten k\u00e4rsimyksest\u00e4, vaan enemm\u00e4nkin siit\u00e4, mik\u00e4 siihen k\u00e4rsimykseen johtaa ja ketk\u00e4 sit\u00e4 tekev\u00e4t. Esit\u00e4mme yritysten vastuuseen ja ihmisten kulutustottumuksiin liittyvi\u00e4 huomioita\u201d, Muurimaa kertoo ja jatkaa: \u201dEn varsinaisesti pid\u00e4 ongelmana sit\u00e4k\u00e4\u00e4n, ett\u00e4 el\u00e4inten k\u00e4rsimyksist\u00e4 viestit\u00e4\u00e4n tavalla, joka hy\u00f6dynt\u00e4\u00e4 mustaa huumoria yksinkertaisesti siit\u00e4 syyst\u00e4, ett\u00e4 aiheet saattavat olla niin vaikeita, ett\u00e4 niit\u00e4 k\u00e4sitelt\u00e4ess\u00e4 huumori voi olla keino vapauttaa keskustelua.\u201d<\/p>\n<p class=\"p1\">Esimerkkin\u00e4 t\u00e4st\u00e4 mainittakoon vuonna 2007 tehty tarra, jossa n\u00e4kyy karsinaan j\u00e4tetty kuollut sika, jotta sen lajitoverit kannibalisoivat. Tarran tekstiss\u00e4 luki \u201dHei kaverit. Musta tuntuu, ett\u00e4 Masalla on jotain h\u00e4t\u00e4n\u00e4\u201d. Muurimaan mielest\u00e4 mustan huumorin kautta voi pikemminkin alleviivata tilanteen traagisuutta kuin nauraa itse tilanteelle.<\/p>\n<p class=\"p1\">\u201dParodia saattaa puhutella tavalla, joka l\u00e4p\u00e4isee sen suojamuurin, jonka ihminen nostaa kohdatessaan ahdistavaa ja asiapitoista viestint\u00e4\u00e4. Uskon, ett\u00e4 siin\u00e4 saattaa olla sellainen mahdollisuus, jonka hy\u00f6dynt\u00e4minen on aika olennaista vakavistakin asioista puhuttaessa.\u201d<\/p>\n<p class=\"p1\">Toisinaan my\u00f6s se, ett\u00e4 normaalisti piilossa pysyv\u00e4t kuvat yhdistet\u00e4\u00e4n arkisiin kokemuksiin tavalla, joka tekee niiden keskin\u00e4isen riippuvuussuhteen n\u00e4kyv\u00e4ksi voi tarjota katsojalle uusia tapoja hahmottaa maailmaa. Kuten nyt vaikka sen, ett\u00e4 ne pieniss\u00e4 kopperoissa koko el\u00e4m\u00e4ns\u00e4 viett\u00e4v\u00e4t kanat ja kaupan hyllylt\u00e4 l\u00f6ytyv\u00e4t kananmunat ihan oikeasti liittyv\u00e4t toisiinsa.<\/p>\n<figure id=\"attachment_14146\" aria-describedby=\"caption-attachment-14146\" style=\"width: 440px\" class=\"wp-caption alignright\"><img decoding=\"async\" class=\" wp-image-14146\" src=\"https:\/\/voima.fi\/hairikot\/wp-content\/uploads\/sites\/9\/2020\/04\/OE_mainos_Hesari-1024x576.jpg\" alt=\"\" width=\"440\" height=\"248\" \/><figcaption id=\"caption-attachment-14146\" class=\"wp-caption-text\">T\u00e4m\u00e4 kelpasi Hesarille. Ehk\u00e4 hieman kiinnostavasti el\u00e4inoikeusj\u00e4rjest\u00f6 saa tehd\u00e4 lehteen maksullisen ilmoituksen, joka n\u00e4ytt\u00e4\u00e4 journalismilta, mutta ei ilmoitusta, joka hy\u00f6dynt\u00e4isi mainonnan kuvakielt\u00e4.<br \/>N\u00e4m\u00e4 advertoriaalit \u2013 eli journalismin estetiikkaa lainaavat mainokset \u2013 ovat melkoisen peruskauraa my\u00f6s Helsingin Sanomissa. Nauttiiko mainonnan muoto suurempaa suojaa yhteiskunnassamme kuin journalismin estetiikka?<\/figcaption><\/figure>\n<p class=\"p1\"><b>Kansakuntaa j\u00e4rkytt\u00e4neet<\/b> kuvat on otettu paikoissa, joissa tuhannet ihmiset ty\u00f6skentelev\u00e4t arkisten rutiinien parissa. Ne eiv\u00e4t esit\u00e4 mit\u00e4\u00e4n poikkeuksellista vaan p\u00e4\u00e4osin laillista el\u00e4intenpitoa. Kysymys on siit\u00e4, miten mik\u00e4kin normalisoituu ihmisille. On helpompaa kohdata k\u00e4rsimys, joka on normalisoitunut.<\/p>\n<p class=\"p1\">\u201dTuottajillen kohdalla on kyse siit\u00e4, miten he el\u00e4imen n\u00e4kev\u00e4t. Jos el\u00e4imen ymm\u00e4rt\u00e4\u00e4 tuotantov\u00e4lineen\u00e4 tai olentona, jonka kuuluukin el\u00e4\u00e4 niin, ei siin\u00e4 tietenk\u00e4\u00e4n n\u00e4e mit\u00e4\u00e4n erikoista. He menev\u00e4t t\u00f6ihin samaan paikkaan, johon min\u00e4 menen j\u00e4rkyttym\u00e4\u00e4n. Se on valtavan mielenkiintoinen asetelma\u201d, Muurimaa toteaa ja sanoo tehneens\u00e4 \u201ctutkimusmatkoja normaaliin\u201d.<\/p>\n<p class=\"p1\">Jatkossa yhteiskunnan pit\u00e4\u00e4 p\u00e4\u00e4tt\u00e4\u00e4, miten se suhtautuu t\u00e4h\u00e4n normaaliin ja kuinka toimia, jos haluaa muuttaa sen, mit\u00e4 koemme normaaliksi.<\/p>\n<p class=\"p1\">Yhteiskunnan voi jakaa kolmeen tasoon, jossa p\u00e4\u00e4t\u00f6ksi\u00e4 tehd\u00e4\u00e4n: yksil\u00f6, kauppa ja tuotanto sek\u00e4 valtionhallinto.<\/p>\n<p class=\"p1\">&#8221;Helpointa \u2013 ja samalla my\u00f6s ehk\u00e4 vaikeinta \u2013 on muuttaa omaa toimintaa. Seuraava askel on tuotanto ja kauppa. Moni raivostuu n\u00e4ille tuottajille, mutta raivo yksitt\u00e4isi\u00e4 ihmisi\u00e4 kohtaan ei ole hedelm\u00e4llist\u00e4. Pit\u00e4isi suunnata raivo siihen j\u00e4rjestelm\u00e4\u00e4n, joka mahdollistaa ja kannustaa t\u00e4h\u00e4n. Kolmas askel on se, ett\u00e4 meid\u00e4n pit\u00e4\u00e4 muuttaa lait ja normit. T\u00e4ht\u00e4imen pit\u00e4\u00e4 olla ylemp\u00e4n\u00e4 kuin yksil\u00f6ss\u00e4.\u201d<\/p>\n<p class=\"p1\">Ei kannata kiinnitt\u00e4\u00e4 liikaa huomiota yksitt\u00e4isiin m\u00e4tiin omeniin, jos korista on noussut jo pidemm\u00e4n aikaa pelk\u00e4st\u00e4\u00e4n m\u00e4ti\u00e4 omenia. Silloin kannattaa hyl\u00e4t\u00e4 koko kori. T\u00e4ll\u00e4 hetkell\u00e4 muutosta tapahtuu yksil\u00f6iden ja kaupan tasolla, mutta Muurimaan mukaan ei politiikassa. Yksik\u00e4\u00e4n puolue ei ole viel\u00e4 valmis esimerkiksi asettamaan el\u00e4inten oikeuksia kynnyskysymykseksi hallitusneuvotteluissa.<\/p>\n<p class=\"p1\">\u201dKuvauskampanjoiden keskeinen tavoite on nostaa t\u00e4m\u00e4 aihe uudestaan ja uudestaan keskusteluun, jotta sen merkitt\u00e4vyys kasvaisi. Eik\u00e4 ole mik\u00e4\u00e4n pikkukysymys, kuinka yhteiskunnan ruoka tuotetaan. Mik\u00e4p\u00e4 olisi keskeisemp\u00e4\u00e4.\u201d<\/p>\n<p>J\u00c4LKIKIRJOITUS<\/p>\n<p>Pari kuukautta Suomen pienin h\u00e4kkikanala -vastamainoksen ilmestymisen j\u00e4lkeen S-ryhm\u00e4 ilmoitti, ett\u00e4 se luopuu vuoteen 2026 menness\u00e4 h\u00e4kkikananmunien myymisest\u00e4 kaupoissaan ja lopettaa niiden k\u00e4ytt\u00e4misen ravintoloissaan. Lis\u00e4\u00e4 p\u00e4\u00e4t\u00f6ksest\u00e4 <a href=\"https:\/\/voima.fi\/hairikot\/artikkeli\/kampanjointi-kannatti-s-ryhma-luopuu-hakkikananmunista\/\"><span style=\"text-decoration: underline;\">t\u00e4\u00e4ll\u00e4<\/span><\/a>.<\/p>\n","protected":false},"excerpt":{"rendered":"<p>El\u00e4inoikeusaktivistit ovat kuvanneet reilun vuosikymmenen ajan tuotantoel\u00e4inten oloja salaa. Nyt kuvat p\u00e4\u00e4ttyiv\u00e4t my\u00f6s vastamainokseen.<\/p>\n","protected":false},"author":122,"featured_media":19296,"comment_status":"closed","ping_status":"closed","sticky":false,"template":"","format":"standard","meta":{"footnotes":""},"categories":[4],"tags":[83,695,757,759,647,649,650,651,1260,1751,1762,2004,2148,2149,2775],"yoast_head":"<!-- This site is optimized with the Yoast SEO plugin v22.7 - https:\/\/yoast.com\/wordpress\/plugins\/seo\/ -->\n<title>Tutkimusmatkoja normaaliin - H\u00e4irik\u00f6t-p\u00e4\u00e4maja<\/title>\n<meta name=\"robots\" content=\"index, follow, max-snippet:-1, max-image-preview:large, max-video-preview:-1\" \/>\n<link rel=\"canonical\" href=\"https:\/\/voima.fi\/hairikot\/artikkeli\/tutkimusmatkoja-normaaliin\/\" \/>\n<meta property=\"og:locale\" content=\"fi_FI\" \/>\n<meta property=\"og:type\" content=\"article\" \/>\n<meta property=\"og:title\" content=\"Tutkimusmatkoja normaaliin - H\u00e4irik\u00f6t-p\u00e4\u00e4maja\" \/>\n<meta property=\"og:description\" content=\"El\u00e4inoikeusaktivistit ovat kuvanneet reilun vuosikymmenen ajan tuotantoel\u00e4inten oloja salaa. Nyt kuvat p\u00e4\u00e4ttyiv\u00e4t my\u00f6s vastamainokseen.\" \/>\n<meta property=\"og:url\" content=\"https:\/\/voima.fi\/hairikot\/artikkeli\/tutkimusmatkoja-normaaliin\/\" \/>\n<meta property=\"og:site_name\" content=\"H\u00e4irik\u00f6t-p\u00e4\u00e4maja\" \/>\n<meta property=\"article:published_time\" content=\"2019-02-16T22:00:00+00:00\" \/>\n<meta property=\"article:modified_time\" content=\"2021-09-07T05:17:42+00:00\" \/>\n<meta property=\"og:image\" content=\"https:\/\/voima.fi\/hairikot\/wp-content\/uploads\/sites\/9\/2019\/02\/suomen-suurin-hakkikanala-otsikko.jpg\" \/>\n\t<meta property=\"og:image:width\" content=\"1469\" \/>\n\t<meta property=\"og:image:height\" content=\"841\" \/>\n\t<meta property=\"og:image:type\" content=\"image\/jpeg\" \/>\n<meta name=\"author\" content=\"Jari Tamminen\" \/>\n<meta name=\"twitter:card\" content=\"summary_large_image\" \/>\n<meta name=\"twitter:label1\" content=\"Kirjoittanut\" \/>\n\t<meta name=\"twitter:data1\" content=\"Jari Tamminen\" \/>\n\t<meta name=\"twitter:label2\" content=\"Arvioitu lukuaika\" \/>\n\t<meta name=\"twitter:data2\" content=\"7 minuuttia\" \/>\n<script type=\"application\/ld+json\" class=\"yoast-schema-graph\">{\"@context\":\"https:\/\/schema.org\",\"@graph\":[{\"@type\":\"WebPage\",\"@id\":\"https:\/\/voima.fi\/hairikot\/artikkeli\/tutkimusmatkoja-normaaliin\/\",\"url\":\"https:\/\/voima.fi\/hairikot\/artikkeli\/tutkimusmatkoja-normaaliin\/\",\"name\":\"Tutkimusmatkoja normaaliin - H\u00e4irik\u00f6t-p\u00e4\u00e4maja\",\"isPartOf\":{\"@id\":\"https:\/\/voima.fi\/hairikot\/#website\"},\"primaryImageOfPage\":{\"@id\":\"https:\/\/voima.fi\/hairikot\/artikkeli\/tutkimusmatkoja-normaaliin\/#primaryimage\"},\"image\":{\"@id\":\"https:\/\/voima.fi\/hairikot\/artikkeli\/tutkimusmatkoja-normaaliin\/#primaryimage\"},\"thumbnailUrl\":\"https:\/\/voima.fi\/hairikot\/wp-content\/uploads\/sites\/9\/2019\/02\/suomen-suurin-hakkikanala-otsikko.jpg\",\"datePublished\":\"2019-02-16T22:00:00+00:00\",\"dateModified\":\"2021-09-07T05:17:42+00:00\",\"author\":{\"@id\":\"https:\/\/voima.fi\/hairikot\/#\/schema\/person\/523ff68c19f1381d78529f38bb76e7fe\"},\"breadcrumb\":{\"@id\":\"https:\/\/voima.fi\/hairikot\/artikkeli\/tutkimusmatkoja-normaaliin\/#breadcrumb\"},\"inLanguage\":\"fi\",\"potentialAction\":[{\"@type\":\"ReadAction\",\"target\":[\"https:\/\/voima.fi\/hairikot\/artikkeli\/tutkimusmatkoja-normaaliin\/\"]}]},{\"@type\":\"ImageObject\",\"inLanguage\":\"fi\",\"@id\":\"https:\/\/voima.fi\/hairikot\/artikkeli\/tutkimusmatkoja-normaaliin\/#primaryimage\",\"url\":\"https:\/\/voima.fi\/hairikot\/wp-content\/uploads\/sites\/9\/2019\/02\/suomen-suurin-hakkikanala-otsikko.jpg\",\"contentUrl\":\"https:\/\/voima.fi\/hairikot\/wp-content\/uploads\/sites\/9\/2019\/02\/suomen-suurin-hakkikanala-otsikko.jpg\",\"width\":1469,\"height\":841},{\"@type\":\"BreadcrumbList\",\"@id\":\"https:\/\/voima.fi\/hairikot\/artikkeli\/tutkimusmatkoja-normaaliin\/#breadcrumb\",\"itemListElement\":[{\"@type\":\"ListItem\",\"position\":1,\"name\":\"Home\",\"item\":\"https:\/\/voima.fi\/hairikot\/\"},{\"@type\":\"ListItem\",\"position\":2,\"name\":\"Tutkimusmatkoja normaaliin\"}]},{\"@type\":\"WebSite\",\"@id\":\"https:\/\/voima.fi\/hairikot\/#website\",\"url\":\"https:\/\/voima.fi\/hairikot\/\",\"name\":\"H\u00e4irik\u00f6t-p\u00e4\u00e4maja\",\"description\":\"\",\"potentialAction\":[{\"@type\":\"SearchAction\",\"target\":{\"@type\":\"EntryPoint\",\"urlTemplate\":\"https:\/\/voima.fi\/hairikot\/?s={search_term_string}\"},\"query-input\":\"required name=search_term_string\"}],\"inLanguage\":\"fi\"},{\"@type\":\"Person\",\"@id\":\"https:\/\/voima.fi\/hairikot\/#\/schema\/person\/523ff68c19f1381d78529f38bb76e7fe\",\"name\":\"Jari Tamminen\",\"image\":{\"@type\":\"ImageObject\",\"inLanguage\":\"fi\",\"@id\":\"https:\/\/voima.fi\/hairikot\/#\/schema\/person\/image\/\",\"url\":\"https:\/\/secure.gravatar.com\/avatar\/e5c0bb16f2efc1924afe37fc190f8ce1?s=96&d=blank&r=g\",\"contentUrl\":\"https:\/\/secure.gravatar.com\/avatar\/e5c0bb16f2efc1924afe37fc190f8ce1?s=96&d=blank&r=g\",\"caption\":\"Jari Tamminen\"},\"description\":\"Kulttuurih\u00e4irint\u00e4 on taiteen ja aktivismin j\u00e4nnitt\u00e4v\u00e4\u00e4 lomittumista: odottamaton performanssi katuvilin\u00e4ss\u00e4, vallattuja mainostauluja ja mainosparodioita. Se on k\u00e4site, joka yhdist\u00e4\u00e4 yhteiskunnallista kommentaaria ja luovaa vastarintaa. T\u00e4ss\u00e4 blogissa Voiman Jari Tamminen hahmottaa maailmaa kulttuurih\u00e4irinn\u00e4n n\u00e4k\u00f6kulmasta. Lis\u00e4\u00e4 Tammisen huomioita kulttuurih\u00e4irinn\u00e4st\u00e4 voi lukea Voimasta, H\u00e4irik\u00f6t \u2013 Kulttuurih\u00e4irinn\u00e4n aakkoset -kirjasta ja p\u00e4ivitt\u00e4in osoitteesta www.facebook.com\/hairikot.\",\"sameAs\":[\"http:\/\/www.facebook.com\/hairikot\"],\"url\":\"https:\/\/voima.fi\/hairikot\/artikkeli\/author\/hairikko\/\"}]}<\/script>\n<!-- \/ Yoast SEO plugin. -->","yoast_head_json":{"title":"Tutkimusmatkoja normaaliin - H\u00e4irik\u00f6t-p\u00e4\u00e4maja","robots":{"index":"index","follow":"follow","max-snippet":"max-snippet:-1","max-image-preview":"max-image-preview:large","max-video-preview":"max-video-preview:-1"},"canonical":"https:\/\/voima.fi\/hairikot\/artikkeli\/tutkimusmatkoja-normaaliin\/","og_locale":"fi_FI","og_type":"article","og_title":"Tutkimusmatkoja normaaliin - H\u00e4irik\u00f6t-p\u00e4\u00e4maja","og_description":"El\u00e4inoikeusaktivistit ovat kuvanneet reilun vuosikymmenen ajan tuotantoel\u00e4inten oloja salaa. Nyt kuvat p\u00e4\u00e4ttyiv\u00e4t my\u00f6s vastamainokseen.","og_url":"https:\/\/voima.fi\/hairikot\/artikkeli\/tutkimusmatkoja-normaaliin\/","og_site_name":"H\u00e4irik\u00f6t-p\u00e4\u00e4maja","article_published_time":"2019-02-16T22:00:00+00:00","article_modified_time":"2021-09-07T05:17:42+00:00","og_image":[{"width":1469,"height":841,"url":"https:\/\/voima.fi\/hairikot\/wp-content\/uploads\/sites\/9\/2019\/02\/suomen-suurin-hakkikanala-otsikko.jpg","type":"image\/jpeg"}],"author":"Jari Tamminen","twitter_card":"summary_large_image","twitter_misc":{"Kirjoittanut":"Jari Tamminen","Arvioitu lukuaika":"7 minuuttia"},"schema":{"@context":"https:\/\/schema.org","@graph":[{"@type":"WebPage","@id":"https:\/\/voima.fi\/hairikot\/artikkeli\/tutkimusmatkoja-normaaliin\/","url":"https:\/\/voima.fi\/hairikot\/artikkeli\/tutkimusmatkoja-normaaliin\/","name":"Tutkimusmatkoja normaaliin - H\u00e4irik\u00f6t-p\u00e4\u00e4maja","isPartOf":{"@id":"https:\/\/voima.fi\/hairikot\/#website"},"primaryImageOfPage":{"@id":"https:\/\/voima.fi\/hairikot\/artikkeli\/tutkimusmatkoja-normaaliin\/#primaryimage"},"image":{"@id":"https:\/\/voima.fi\/hairikot\/artikkeli\/tutkimusmatkoja-normaaliin\/#primaryimage"},"thumbnailUrl":"https:\/\/voima.fi\/hairikot\/wp-content\/uploads\/sites\/9\/2019\/02\/suomen-suurin-hakkikanala-otsikko.jpg","datePublished":"2019-02-16T22:00:00+00:00","dateModified":"2021-09-07T05:17:42+00:00","author":{"@id":"https:\/\/voima.fi\/hairikot\/#\/schema\/person\/523ff68c19f1381d78529f38bb76e7fe"},"breadcrumb":{"@id":"https:\/\/voima.fi\/hairikot\/artikkeli\/tutkimusmatkoja-normaaliin\/#breadcrumb"},"inLanguage":"fi","potentialAction":[{"@type":"ReadAction","target":["https:\/\/voima.fi\/hairikot\/artikkeli\/tutkimusmatkoja-normaaliin\/"]}]},{"@type":"ImageObject","inLanguage":"fi","@id":"https:\/\/voima.fi\/hairikot\/artikkeli\/tutkimusmatkoja-normaaliin\/#primaryimage","url":"https:\/\/voima.fi\/hairikot\/wp-content\/uploads\/sites\/9\/2019\/02\/suomen-suurin-hakkikanala-otsikko.jpg","contentUrl":"https:\/\/voima.fi\/hairikot\/wp-content\/uploads\/sites\/9\/2019\/02\/suomen-suurin-hakkikanala-otsikko.jpg","width":1469,"height":841},{"@type":"BreadcrumbList","@id":"https:\/\/voima.fi\/hairikot\/artikkeli\/tutkimusmatkoja-normaaliin\/#breadcrumb","itemListElement":[{"@type":"ListItem","position":1,"name":"Home","item":"https:\/\/voima.fi\/hairikot\/"},{"@type":"ListItem","position":2,"name":"Tutkimusmatkoja normaaliin"}]},{"@type":"WebSite","@id":"https:\/\/voima.fi\/hairikot\/#website","url":"https:\/\/voima.fi\/hairikot\/","name":"H\u00e4irik\u00f6t-p\u00e4\u00e4maja","description":"","potentialAction":[{"@type":"SearchAction","target":{"@type":"EntryPoint","urlTemplate":"https:\/\/voima.fi\/hairikot\/?s={search_term_string}"},"query-input":"required name=search_term_string"}],"inLanguage":"fi"},{"@type":"Person","@id":"https:\/\/voima.fi\/hairikot\/#\/schema\/person\/523ff68c19f1381d78529f38bb76e7fe","name":"Jari Tamminen","image":{"@type":"ImageObject","inLanguage":"fi","@id":"https:\/\/voima.fi\/hairikot\/#\/schema\/person\/image\/","url":"https:\/\/secure.gravatar.com\/avatar\/e5c0bb16f2efc1924afe37fc190f8ce1?s=96&d=blank&r=g","contentUrl":"https:\/\/secure.gravatar.com\/avatar\/e5c0bb16f2efc1924afe37fc190f8ce1?s=96&d=blank&r=g","caption":"Jari Tamminen"},"description":"Kulttuurih\u00e4irint\u00e4 on taiteen ja aktivismin j\u00e4nnitt\u00e4v\u00e4\u00e4 lomittumista: odottamaton performanssi katuvilin\u00e4ss\u00e4, vallattuja mainostauluja ja mainosparodioita. Se on k\u00e4site, joka yhdist\u00e4\u00e4 yhteiskunnallista kommentaaria ja luovaa vastarintaa. T\u00e4ss\u00e4 blogissa Voiman Jari Tamminen hahmottaa maailmaa kulttuurih\u00e4irinn\u00e4n n\u00e4k\u00f6kulmasta. Lis\u00e4\u00e4 Tammisen huomioita kulttuurih\u00e4irinn\u00e4st\u00e4 voi lukea Voimasta, H\u00e4irik\u00f6t \u2013 Kulttuurih\u00e4irinn\u00e4n aakkoset -kirjasta ja p\u00e4ivitt\u00e4in osoitteesta www.facebook.com\/hairikot.","sameAs":["http:\/\/www.facebook.com\/hairikot"],"url":"https:\/\/voima.fi\/hairikot\/artikkeli\/author\/hairikko\/"}]}},"enclosure":{"image":"https:\/\/voima.fi\/hairikot\/wp-content\/uploads\/sites\/9\/2019\/02\/suomen-suurin-hakkikanala-otsikko.jpg"},"meta:avatar":"","geolocation":[],"meta:youtube":null,"meta:vimeo":null,"meta:duration":null,"_links":{"self":[{"href":"https:\/\/voima.fi\/hairikot\/wp-json\/wp\/v2\/posts\/14142"}],"collection":[{"href":"https:\/\/voima.fi\/hairikot\/wp-json\/wp\/v2\/posts"}],"about":[{"href":"https:\/\/voima.fi\/hairikot\/wp-json\/wp\/v2\/types\/post"}],"author":[{"embeddable":true,"href":"https:\/\/voima.fi\/hairikot\/wp-json\/wp\/v2\/users\/122"}],"replies":[{"embeddable":true,"href":"https:\/\/voima.fi\/hairikot\/wp-json\/wp\/v2\/comments?post=14142"}],"version-history":[{"count":8,"href":"https:\/\/voima.fi\/hairikot\/wp-json\/wp\/v2\/posts\/14142\/revisions"}],"predecessor-version":[{"id":19297,"href":"https:\/\/voima.fi\/hairikot\/wp-json\/wp\/v2\/posts\/14142\/revisions\/19297"}],"wp:featuredmedia":[{"embeddable":true,"href":"https:\/\/voima.fi\/hairikot\/wp-json\/wp\/v2\/media\/19296"}],"wp:attachment":[{"href":"https:\/\/voima.fi\/hairikot\/wp-json\/wp\/v2\/media?parent=14142"}],"wp:term":[{"taxonomy":"category","embeddable":true,"href":"https:\/\/voima.fi\/hairikot\/wp-json\/wp\/v2\/categories?post=14142"},{"taxonomy":"post_tag","embeddable":true,"href":"https:\/\/voima.fi\/hairikot\/wp-json\/wp\/v2\/tags?post=14142"}],"curies":[{"name":"wp","href":"https:\/\/api.w.org\/{rel}","templated":true}]}}