{"id":14034,"date":"2018-12-17T00:00:00","date_gmt":"2018-12-16T22:00:00","guid":{"rendered":"http:\/\/voima.fi\/hairikot\/?post_type=artikkeli&#038;p=14034"},"modified":"2020-08-10T14:01:14","modified_gmt":"2020-08-10T11:01:14","slug":"laput-silmille-yhdessa-kaduille","status":"publish","type":"post","link":"https:\/\/voima.fi\/hairikot\/artikkeli\/laput-silmille-yhdessa-kaduille\/","title":{"rendered":"Laput silmille\u00a0vai yhdess\u00e4 kaduille?"},"content":{"rendered":"<div class=\"lowres-featured-image\"><img decoding=\"async\" width=\"773\" height=\"591\" src=\"https:\/\/voima.fi\/hairikot\/wp-content\/uploads\/sites\/9\/2020\/04\/Denial-otsikkokuva.png\" class=\"attachment-full size-full wp-post-image\" alt=\"\" srcset=\"https:\/\/voima.fi\/hairikot\/wp-content\/uploads\/sites\/9\/2020\/04\/Denial-otsikkokuva.png 773w, https:\/\/voima.fi\/hairikot\/wp-content\/uploads\/sites\/9\/2020\/04\/Denial-otsikkokuva-600x459.png 600w, https:\/\/voima.fi\/hairikot\/wp-content\/uploads\/sites\/9\/2020\/04\/Denial-otsikkokuva-768x587.png 768w, https:\/\/voima.fi\/hairikot\/wp-content\/uploads\/sites\/9\/2020\/04\/Denial-otsikkokuva-320x245.png 320w, https:\/\/voima.fi\/hairikot\/wp-content\/uploads\/sites\/9\/2020\/04\/Denial-otsikkokuva-200x153.png 200w, https:\/\/voima.fi\/hairikot\/wp-content\/uploads\/sites\/9\/2020\/04\/Denial-otsikkokuva-560x428.png 560w, https:\/\/voima.fi\/hairikot\/wp-content\/uploads\/sites\/9\/2020\/04\/Denial-otsikkokuva-300x229.png 300w\" sizes=\"(max-width: 773px) 100vw, 773px\" \/><p class=\"ylakuvateksti\"><\/p><\/div><p class=\"p1\"><b>Carmen Baltzarin<\/b>\u00a0dokumenttielokuva\u00a0<em>Maailman onnellisin maa<\/em>\u00a0kuvaa kolmea henkil\u00f6\u00e4, jotka purkavat ilmastoahdistustaan terapeutin penkill\u00e4. Henkil\u00f6\u00adkohtaiset kokemukset horisontissa vaanivasta kriisist\u00e4 ovat intiimej\u00e4 ja samalla universaaleja.<\/p>\n<figure id=\"attachment_14035\" aria-describedby=\"caption-attachment-14035\" style=\"width: 474px\" class=\"wp-caption alignright\"><img decoding=\"async\" class=\"size-large wp-image-14035\" src=\"https:\/\/voima.fi\/hairikot\/wp-content\/uploads\/sites\/9\/2020\/04\/Denial-vastis-722x1024.jpg\" alt=\"Silmien ja korvien sulkeminen ahdistavilta uutisilta on inhimillist\u00e4 ja ymm\u00e4rrett\u00e4v\u00e4\u00e4. Jotkut voivat my\u00f6s suojella itse\u00e4\u00e4n ahdistukselta kielt\u00e4m\u00e4ll\u00e4 koko ongelman olemassa olo. Ongelman kielt\u00e4minen ei kuitenkaan ongelmaa poista ja olisikin parempi keksi\u00e4 keinoja kohdata ongelmat yhdess\u00e4.\" width=\"474\" height=\"672\" \/><figcaption id=\"caption-attachment-14035\" class=\"wp-caption-text\">Silmien ja korvien sulkeminen ahdistavilta uutisilta on inhimillist\u00e4 ja ymm\u00e4rrett\u00e4v\u00e4\u00e4.\u00a0 Ongelmien kielt\u00e4minen ei kuitenkaan\u00a0niit\u00e4 poista ja olisikin parempi keksi\u00e4 keinoja kohdata ongelmat yhdess\u00e4.<\/figcaption><\/figure>\n<p class=\"p1\">\u201dTodella pitk\u00e4\u00e4n aikaan en keksinyt mit\u00e4\u00e4n j\u00e4rkev\u00e4\u00e4 tapaa k\u00e4sitell\u00e4 t\u00e4t\u00e4. Ja kokemukseni mukaan aihetta k\u00e4sitell\u00e4\u00e4n mediassa tavalla, joka ei edist\u00e4 ongelman ratkaisua\u201d, Baltzar toteaa.<\/p>\n<p class=\"p1\">\u201dKyse on rakenteellisesta ongelmasta, ja samalla meill\u00e4 on hyvin yksil\u00f6keskeinen kulttuuri l\u00e4nsimaissa. Meid\u00e4t on opetettu hahmottamaan maailma niin yksil\u00f6keskeisesti, ett\u00e4 on vaikea l\u00f6yt\u00e4\u00e4 tapaa toimia kollektiivisesti \u2013 ja juuri sit\u00e4 me tarvitsisimme.\u201d<\/p>\n<p class=\"p1\">Lopulta Baltzarille syntyi ajatus kuvata ihmisi\u00e4 puhumassa omasta henkil\u00f6kohtaisesta ahdistuksestaan, vaikka samalla maailma ymp\u00e4rill\u00e4 on liekeiss\u00e4.<\/p>\n<p class=\"p1\">\u201dYksil\u00f6terapia on \u00e4\u00e4rimm\u00e4isen yksil\u00f6keskeinen ratkaisu. Halusin yhdist\u00e4\u00e4 sen rakenteelliseen ilmastonmuutoksen tuomaan ongelmaan.\u201d<\/p>\n<p class=\"p1\"><strong>Ihmiskunnan\u00a0mittakaavassa<\/strong> ongelma on valtava, yksil\u00f6n tasolla abstrakti.<\/p>\n<p class=\"p1\">Hallitustenv\u00e4lisen ilmastonmuutospaneeli IPCC:n lokakuussa 2018 julkaistu kuudes ilmastoraportti\u00a0Global Warming of 1,5 \u00b0C\u00a0maalaa lohduttoman kuvan ilmastomme tilasta ja tulevasta. Maailman tiedeyhteis\u00f6 kertoo raportissaan siit\u00e4, kuinka ilmasto on muuttunut, mik\u00e4 on ihmisen rooli muutoksessa ja mit\u00e4 t\u00e4m\u00e4 muutos tarkoittaa.<\/p>\n<p class=\"p1\">Ilmatieteenlaitoksen tutkija,\u00a0<b>Kimmo Ruosteenoja<\/b>, kuvaili tilannetta toimittajille j\u00e4rjestetyll\u00e4 kurssilla.<\/p>\n<p class=\"p1\">\u201d200 vuotta sitten, ennen teollistumista ilmakeh\u00e4n hiilidioksidipitoisuus oli 280ppm. T\u00e4ll\u00e4 hetkell\u00e4 se on reilu 440ppm, ja nousutahti on noin 2ppm vuodessa.\u201d<\/p>\n<p class=\"p1\">Mittayksikk\u00f6 ppm tarkoittaa miljoonasosaa. Hiilidioksidi puolestaan on el\u00e4m\u00e4lle v\u00e4ltt\u00e4m\u00e4t\u00f6n kasvihuonekaasu, joka liiallisissa m\u00e4\u00e4rin l\u00e4mmitt\u00e4\u00e4 planeettaamme liikaakin.<\/p>\n<p class=\"p1\">\u201dKasvihuonekaasut ovat pitk\u00e4ik\u00e4isi\u00e4. Arvioid\u00aden mukaan 15\u201340 prosenttia nykyisist\u00e4 ilmakeh\u00e4ss\u00e4 olevista kasvihuonekaasuista on j\u00e4ljell\u00e4 siell\u00e4 viel\u00e4 tuhannen vuoden p\u00e4\u00e4st\u00e4kin\u201d, Ruosteenoja sanoo.<\/p>\n<p class=\"p1\">IPCC:n mukaan ihmiskunnalla on noin vuosikymmen aikaa vaihtaa suuntaa ja k\u00e4\u00e4nt\u00e4\u00e4 p\u00e4\u00e4st\u00f6t laskuun. Vaikka tekisimme mit\u00e4, ongelma ei poistu, mutta toimimattomuuden my\u00f6t\u00e4 ongelma pahenee ja kumuloituu.<\/p>\n<p class=\"p1\"><strong>Yksi inhimillinen<\/strong> tapa\u00a0reagoida ongelmaan on kielt\u00e4\u00e4 se. Varsinkin, jos ongelmaan ei tarjota mit\u00e4\u00e4n ratkaisuehdotusta tai ratkaisuehdotukset sotivat omia arvoja vastaan. Sopivan ratkaisun tarjoaminen voi helpottaa ongelman hyv\u00e4ksymist\u00e4.<\/p>\n<p class=\"p1\">Psykologiassa k\u00e4ytet\u00e4\u00e4n termi\u00e4 motivoitu p\u00e4\u00e4ttely. T\u00e4ll\u00e4 tarkoitetaan tapaa valita argumentit ja painottaa faktoja vinoutuneesti, jotta voi p\u00e4\u00e4ty\u00e4 mieleiseens\u00e4 lopputulokseen, kertoo psykologi ja kirjailija\u00a0<b>Jussi Valtonen<\/b>.<\/p>\n<p class=\"p1\">\u201dYhdysvalloissa professori\u00a0Aaron Kayn\u00a0tutkimusryhm\u00e4 Duken yliopistosta on osoittanut, ett\u00e4 ratkaisut, joilla ihmiset arvelevat ilmastonmuutosta torjuttavan, vaikuttavat siihen, kuinka taipuvaisia he ovat uskomaan IPCC:n faktoja. Republikaanit kielsiv\u00e4t ongelman helpommin, jos heille sanottiin, ett\u00e4 ongelma ratkaistaan ymp\u00e4rist\u00f6veroilla, jotka eiv\u00e4t sovi republikaanien poliittiseen ideologiaan. He sen sijaan pitiv\u00e4t IPCC:n faktoja selv\u00e4sti uskottavampina, jos heille sanottiin, ett\u00e4 ongelma ratkaistaan yritystoimintaa vapauttamalla, joka taas kuuluu republikaanien poliittisiin tavoitteisiin. Eron koetilanteissa ajatellaan johtuvan siit\u00e4, ett\u00e4 on helpompi muuttaa k\u00e4sityst\u00e4\u00e4n IPCC:n faktoista kuin j\u00e4rjest\u00e4\u00e4 koko poliittinen uskomusj\u00e4rjestelm\u00e4ns\u00e4 uusiksi.\u201d<\/p>\n<p class=\"p1\">Valtosen mukaan se, ett\u00e4 olemme vuosien ja vuosikymmenten j\u00e4lkeenkin ilmastonmuutoskeskustelussa n\u00e4enn\u00e4isen samassa pisteess\u00e4, on helposti lannistavaa.<\/p>\n<p class=\"p1\">\u201dKoska haaste on niin suuri, se koskee koko tapaa, jolla olemme yhteiskuntamme ja el\u00e4m\u00e4nmuotomme j\u00e4rjest\u00e4neet. Ja koska ratkaisujen pit\u00e4isi olla globaaleja, haaste tuntuu yksil\u00f6tasolla tietenkin ylivoimaiselta. T\u00e4m\u00e4 polttavan huolen ja t\u00e4ydellisen voimattomuuden kokemuksen yhdistelm\u00e4 tuottaa ahdistusta, mik\u00e4 on tietenkin tervett\u00e4.\u201d<\/p>\n<p class=\"p1\">My\u00f6s Valtosen mukaan meid\u00e4n t\u00e4ytyy p\u00e4\u00e4st\u00e4 eroon yksil\u00f6keskeisten ratkaisujen hakemisesta.<\/p>\n<p class=\"p1\">\u201dOlemme tottuneet ajattelemaan, ett\u00e4 ratkaisut ovat muotoa \u2019valitse A-margariinin sijasta B-margariini\u2019, mik\u00e4 vain lis\u00e4\u00e4 ahdistusta, jos yht\u00e4\u00e4n ymm\u00e4rt\u00e4\u00e4 ongelman luonnetta ja mittaluokkaa. Seuraamme yh\u00e4 uusia ep\u00e4onnistuneita ilmastokokouksia ja yrit\u00e4mme yh\u00e4 kiivaammin valita margariinimme paremmin. Jos sen sijaan olisimme tottuneet toimimaan yhdess\u00e4, painumaan kadulle ja painostamaan niit\u00e4, joilla on valtaa \u2013 siis nimenomaan yhdess\u00e4 \u2013 kokisimme nyt ehk\u00e4 yhteenkuuluvuuden tunnetta, iloa ja ylpeytt\u00e4 sen sijaan, ett\u00e4 seisoisimme yksin ahdistuneena margariinihyllyn luona.\u201d<\/p>\n<p class=\"p1\">Yksil\u00f6\u00f6n kohdistuu\u00a0my\u00f6s ristiriitaisia viestej\u00e4. Samalla kun media uutisoi ilmastonmuutokseen liittyvist\u00e4 ongelmista, meille mainostetaan t\u00e4ysin p\u00e4invastaista el\u00e4m\u00e4ntapaa: hiilidioksidip\u00e4\u00e4st\u00f6jen v\u00e4hent\u00e4mist\u00e4 vaativalta lehtiartikkelilta vie kummasti tehoja, jos sit\u00e4 seuraavat sivut ovat t\u00e4ynn\u00e4 mainoksia edullisista lihatuotteista ja l\u00e4hes ilmaisista \u00e4kkil\u00e4hd\u00f6ist\u00e4 etel\u00e4n l\u00e4mp\u00f6\u00f6n.<\/p>\n<p class=\"p1\">Journalismin ja mainonnan v\u00e4lisen ristiriidan ohella ongelma paikallistuu mediassa my\u00f6s siihen, ett\u00e4 usein ilmastokysymykset on lokeroitu omiksi \u00adartikkeleikseen, eiv\u00e4tk\u00e4 ne n\u00e4y talousuutisten tai poliittisten analyysien puolella.<\/p>\n<p class=\"p1\">\u201dKollektiivisen tiedostuksen taso on pysynyt v\u00e4h\u00e4isen\u00e4, koska ihmiset pystyv\u00e4t erist\u00e4m\u00e4\u00e4n ymp\u00e4rist\u00f6kysymykset ajatuksissaan erilliseen lohkoon. Meid\u00e4n on pakko sitoa n\u00e4m\u00e4 aiheet yhdeksi kokonaisuudeksi. Yleis\u00f6\u00e4 pit\u00e4isi auttaa siin\u00e4\u201d, Baltzar summaa.<\/p>\n<p class=\"p1\"><strong>Mutta mit\u00e4<\/strong> yksil\u00f6\u00a0voi sitten tehd\u00e4? Moni pohtii sit\u00e4, kuinka kohdata ongelma. Carmen Baltzarin mukaan meid\u00e4n tulisi hyv\u00e4ksy\u00e4, ett\u00e4 on joitain asioita, joihin pystymme vaikuttamaan, ja olla \u201dahdistumatta hysteerisesti niist\u00e4, joihin emme kykene vaikuttamaan\u201d.<\/p>\n<p class=\"p1\">\u201dMinulle tuli dokumentin ohjaamisen my\u00f6t\u00e4 \u2013 varmasti t\u00e4ysin harhainen \u2013 tunne, ett\u00e4 nyt teen jotain ongelmalle. Ei minulla ole kuvitelmia siit\u00e4, ett\u00e4 taide voisi vaikuttaa, mutta aiheen k\u00e4sitteleminen helpottaa sen kohtaamista.\u201d<\/p>\n<p class=\"p1\">Jokaisen pit\u00e4isikin mietti\u00e4 itselleen sopiva tapa tai ryhm\u00e4, jossa taklata ongelmaa. Silmien ja korvien sulkeminen ei auta sen enemp\u00e4\u00e4 yksil\u00f6\u00e4, yhteis\u00f6\u00e4 kuin planeettaakaan.<\/p>\n","protected":false},"excerpt":{"rendered":"<p>Ilmastonmuutos on mittakaavaltaan niin valtava, ett\u00e4 se houkuttaa yksil\u00f6\u00e4 sulkemaan silm\u00e4ns\u00e4. Ehk\u00e4 yhdess\u00e4 olisimme vahvempia senkin ongelman taklaamisessa.<\/p>\n","protected":false},"author":122,"featured_media":16950,"comment_status":"open","ping_status":"open","sticky":false,"template":"","format":"standard","meta":{"footnotes":""},"categories":[4],"tags":[815,816,825,855,1141,1260,2775],"yoast_head":"<!-- This site is optimized with the Yoast SEO plugin v22.7 - https:\/\/yoast.com\/wordpress\/plugins\/seo\/ -->\n<title>Laput silmille\u00a0vai yhdess\u00e4 kaduille? - H\u00e4irik\u00f6t-p\u00e4\u00e4maja<\/title>\n<meta name=\"robots\" content=\"index, follow, max-snippet:-1, max-image-preview:large, max-video-preview:-1\" \/>\n<link rel=\"canonical\" href=\"https:\/\/voima.fi\/hairikot\/artikkeli\/laput-silmille-yhdessa-kaduille\/\" \/>\n<meta property=\"og:locale\" content=\"fi_FI\" \/>\n<meta property=\"og:type\" content=\"article\" \/>\n<meta property=\"og:title\" content=\"Laput silmille\u00a0vai yhdess\u00e4 kaduille? - H\u00e4irik\u00f6t-p\u00e4\u00e4maja\" \/>\n<meta property=\"og:description\" content=\"Ilmastonmuutos on mittakaavaltaan niin valtava, ett\u00e4 se houkuttaa yksil\u00f6\u00e4 sulkemaan silm\u00e4ns\u00e4. Ehk\u00e4 yhdess\u00e4 olisimme vahvempia senkin ongelman taklaamisessa.\" \/>\n<meta property=\"og:url\" content=\"https:\/\/voima.fi\/hairikot\/artikkeli\/laput-silmille-yhdessa-kaduille\/\" \/>\n<meta property=\"og:site_name\" content=\"H\u00e4irik\u00f6t-p\u00e4\u00e4maja\" \/>\n<meta property=\"article:published_time\" content=\"2018-12-16T22:00:00+00:00\" \/>\n<meta property=\"article:modified_time\" content=\"2020-08-10T11:01:14+00:00\" \/>\n<meta property=\"og:image\" content=\"https:\/\/voima.fi\/hairikot\/wp-content\/uploads\/sites\/9\/2020\/04\/Denial-otsikkokuva.png\" \/>\n\t<meta property=\"og:image:width\" content=\"773\" \/>\n\t<meta property=\"og:image:height\" content=\"591\" \/>\n\t<meta property=\"og:image:type\" content=\"image\/png\" \/>\n<meta name=\"author\" content=\"Jari Tamminen\" \/>\n<meta name=\"twitter:card\" content=\"summary_large_image\" \/>\n<meta name=\"twitter:label1\" content=\"Kirjoittanut\" \/>\n\t<meta name=\"twitter:data1\" content=\"Jari Tamminen\" \/>\n\t<meta name=\"twitter:label2\" content=\"Arvioitu lukuaika\" \/>\n\t<meta name=\"twitter:data2\" content=\"4 minuuttia\" \/>\n<script type=\"application\/ld+json\" class=\"yoast-schema-graph\">{\"@context\":\"https:\/\/schema.org\",\"@graph\":[{\"@type\":\"WebPage\",\"@id\":\"https:\/\/voima.fi\/hairikot\/artikkeli\/laput-silmille-yhdessa-kaduille\/\",\"url\":\"https:\/\/voima.fi\/hairikot\/artikkeli\/laput-silmille-yhdessa-kaduille\/\",\"name\":\"Laput silmille\u00a0vai yhdess\u00e4 kaduille? - H\u00e4irik\u00f6t-p\u00e4\u00e4maja\",\"isPartOf\":{\"@id\":\"https:\/\/voima.fi\/hairikot\/#website\"},\"primaryImageOfPage\":{\"@id\":\"https:\/\/voima.fi\/hairikot\/artikkeli\/laput-silmille-yhdessa-kaduille\/#primaryimage\"},\"image\":{\"@id\":\"https:\/\/voima.fi\/hairikot\/artikkeli\/laput-silmille-yhdessa-kaduille\/#primaryimage\"},\"thumbnailUrl\":\"https:\/\/voima.fi\/hairikot\/wp-content\/uploads\/sites\/9\/2020\/04\/Denial-otsikkokuva.png\",\"datePublished\":\"2018-12-16T22:00:00+00:00\",\"dateModified\":\"2020-08-10T11:01:14+00:00\",\"author\":{\"@id\":\"https:\/\/voima.fi\/hairikot\/#\/schema\/person\/523ff68c19f1381d78529f38bb76e7fe\"},\"breadcrumb\":{\"@id\":\"https:\/\/voima.fi\/hairikot\/artikkeli\/laput-silmille-yhdessa-kaduille\/#breadcrumb\"},\"inLanguage\":\"fi\",\"potentialAction\":[{\"@type\":\"ReadAction\",\"target\":[\"https:\/\/voima.fi\/hairikot\/artikkeli\/laput-silmille-yhdessa-kaduille\/\"]}]},{\"@type\":\"ImageObject\",\"inLanguage\":\"fi\",\"@id\":\"https:\/\/voima.fi\/hairikot\/artikkeli\/laput-silmille-yhdessa-kaduille\/#primaryimage\",\"url\":\"https:\/\/voima.fi\/hairikot\/wp-content\/uploads\/sites\/9\/2020\/04\/Denial-otsikkokuva.png\",\"contentUrl\":\"https:\/\/voima.fi\/hairikot\/wp-content\/uploads\/sites\/9\/2020\/04\/Denial-otsikkokuva.png\",\"width\":773,\"height\":591},{\"@type\":\"BreadcrumbList\",\"@id\":\"https:\/\/voima.fi\/hairikot\/artikkeli\/laput-silmille-yhdessa-kaduille\/#breadcrumb\",\"itemListElement\":[{\"@type\":\"ListItem\",\"position\":1,\"name\":\"Home\",\"item\":\"https:\/\/voima.fi\/hairikot\/\"},{\"@type\":\"ListItem\",\"position\":2,\"name\":\"Laput silmille\u00a0vai yhdess\u00e4 kaduille?\"}]},{\"@type\":\"WebSite\",\"@id\":\"https:\/\/voima.fi\/hairikot\/#website\",\"url\":\"https:\/\/voima.fi\/hairikot\/\",\"name\":\"H\u00e4irik\u00f6t-p\u00e4\u00e4maja\",\"description\":\"\",\"potentialAction\":[{\"@type\":\"SearchAction\",\"target\":{\"@type\":\"EntryPoint\",\"urlTemplate\":\"https:\/\/voima.fi\/hairikot\/?s={search_term_string}\"},\"query-input\":\"required name=search_term_string\"}],\"inLanguage\":\"fi\"},{\"@type\":\"Person\",\"@id\":\"https:\/\/voima.fi\/hairikot\/#\/schema\/person\/523ff68c19f1381d78529f38bb76e7fe\",\"name\":\"Jari Tamminen\",\"image\":{\"@type\":\"ImageObject\",\"inLanguage\":\"fi\",\"@id\":\"https:\/\/voima.fi\/hairikot\/#\/schema\/person\/image\/\",\"url\":\"https:\/\/secure.gravatar.com\/avatar\/e5c0bb16f2efc1924afe37fc190f8ce1?s=96&d=blank&r=g\",\"contentUrl\":\"https:\/\/secure.gravatar.com\/avatar\/e5c0bb16f2efc1924afe37fc190f8ce1?s=96&d=blank&r=g\",\"caption\":\"Jari Tamminen\"},\"description\":\"Kulttuurih\u00e4irint\u00e4 on taiteen ja aktivismin j\u00e4nnitt\u00e4v\u00e4\u00e4 lomittumista: odottamaton performanssi katuvilin\u00e4ss\u00e4, vallattuja mainostauluja ja mainosparodioita. Se on k\u00e4site, joka yhdist\u00e4\u00e4 yhteiskunnallista kommentaaria ja luovaa vastarintaa. T\u00e4ss\u00e4 blogissa Voiman Jari Tamminen hahmottaa maailmaa kulttuurih\u00e4irinn\u00e4n n\u00e4k\u00f6kulmasta. Lis\u00e4\u00e4 Tammisen huomioita kulttuurih\u00e4irinn\u00e4st\u00e4 voi lukea Voimasta, H\u00e4irik\u00f6t \u2013 Kulttuurih\u00e4irinn\u00e4n aakkoset -kirjasta ja p\u00e4ivitt\u00e4in osoitteesta www.facebook.com\/hairikot.\",\"sameAs\":[\"http:\/\/www.facebook.com\/hairikot\"],\"url\":\"https:\/\/voima.fi\/hairikot\/artikkeli\/author\/hairikko\/\"}]}<\/script>\n<!-- \/ Yoast SEO plugin. -->","yoast_head_json":{"title":"Laput silmille\u00a0vai yhdess\u00e4 kaduille? - H\u00e4irik\u00f6t-p\u00e4\u00e4maja","robots":{"index":"index","follow":"follow","max-snippet":"max-snippet:-1","max-image-preview":"max-image-preview:large","max-video-preview":"max-video-preview:-1"},"canonical":"https:\/\/voima.fi\/hairikot\/artikkeli\/laput-silmille-yhdessa-kaduille\/","og_locale":"fi_FI","og_type":"article","og_title":"Laput silmille\u00a0vai yhdess\u00e4 kaduille? - H\u00e4irik\u00f6t-p\u00e4\u00e4maja","og_description":"Ilmastonmuutos on mittakaavaltaan niin valtava, ett\u00e4 se houkuttaa yksil\u00f6\u00e4 sulkemaan silm\u00e4ns\u00e4. Ehk\u00e4 yhdess\u00e4 olisimme vahvempia senkin ongelman taklaamisessa.","og_url":"https:\/\/voima.fi\/hairikot\/artikkeli\/laput-silmille-yhdessa-kaduille\/","og_site_name":"H\u00e4irik\u00f6t-p\u00e4\u00e4maja","article_published_time":"2018-12-16T22:00:00+00:00","article_modified_time":"2020-08-10T11:01:14+00:00","og_image":[{"width":773,"height":591,"url":"https:\/\/voima.fi\/hairikot\/wp-content\/uploads\/sites\/9\/2020\/04\/Denial-otsikkokuva.png","type":"image\/png"}],"author":"Jari Tamminen","twitter_card":"summary_large_image","twitter_misc":{"Kirjoittanut":"Jari Tamminen","Arvioitu lukuaika":"4 minuuttia"},"schema":{"@context":"https:\/\/schema.org","@graph":[{"@type":"WebPage","@id":"https:\/\/voima.fi\/hairikot\/artikkeli\/laput-silmille-yhdessa-kaduille\/","url":"https:\/\/voima.fi\/hairikot\/artikkeli\/laput-silmille-yhdessa-kaduille\/","name":"Laput silmille\u00a0vai yhdess\u00e4 kaduille? - H\u00e4irik\u00f6t-p\u00e4\u00e4maja","isPartOf":{"@id":"https:\/\/voima.fi\/hairikot\/#website"},"primaryImageOfPage":{"@id":"https:\/\/voima.fi\/hairikot\/artikkeli\/laput-silmille-yhdessa-kaduille\/#primaryimage"},"image":{"@id":"https:\/\/voima.fi\/hairikot\/artikkeli\/laput-silmille-yhdessa-kaduille\/#primaryimage"},"thumbnailUrl":"https:\/\/voima.fi\/hairikot\/wp-content\/uploads\/sites\/9\/2020\/04\/Denial-otsikkokuva.png","datePublished":"2018-12-16T22:00:00+00:00","dateModified":"2020-08-10T11:01:14+00:00","author":{"@id":"https:\/\/voima.fi\/hairikot\/#\/schema\/person\/523ff68c19f1381d78529f38bb76e7fe"},"breadcrumb":{"@id":"https:\/\/voima.fi\/hairikot\/artikkeli\/laput-silmille-yhdessa-kaduille\/#breadcrumb"},"inLanguage":"fi","potentialAction":[{"@type":"ReadAction","target":["https:\/\/voima.fi\/hairikot\/artikkeli\/laput-silmille-yhdessa-kaduille\/"]}]},{"@type":"ImageObject","inLanguage":"fi","@id":"https:\/\/voima.fi\/hairikot\/artikkeli\/laput-silmille-yhdessa-kaduille\/#primaryimage","url":"https:\/\/voima.fi\/hairikot\/wp-content\/uploads\/sites\/9\/2020\/04\/Denial-otsikkokuva.png","contentUrl":"https:\/\/voima.fi\/hairikot\/wp-content\/uploads\/sites\/9\/2020\/04\/Denial-otsikkokuva.png","width":773,"height":591},{"@type":"BreadcrumbList","@id":"https:\/\/voima.fi\/hairikot\/artikkeli\/laput-silmille-yhdessa-kaduille\/#breadcrumb","itemListElement":[{"@type":"ListItem","position":1,"name":"Home","item":"https:\/\/voima.fi\/hairikot\/"},{"@type":"ListItem","position":2,"name":"Laput silmille\u00a0vai yhdess\u00e4 kaduille?"}]},{"@type":"WebSite","@id":"https:\/\/voima.fi\/hairikot\/#website","url":"https:\/\/voima.fi\/hairikot\/","name":"H\u00e4irik\u00f6t-p\u00e4\u00e4maja","description":"","potentialAction":[{"@type":"SearchAction","target":{"@type":"EntryPoint","urlTemplate":"https:\/\/voima.fi\/hairikot\/?s={search_term_string}"},"query-input":"required name=search_term_string"}],"inLanguage":"fi"},{"@type":"Person","@id":"https:\/\/voima.fi\/hairikot\/#\/schema\/person\/523ff68c19f1381d78529f38bb76e7fe","name":"Jari Tamminen","image":{"@type":"ImageObject","inLanguage":"fi","@id":"https:\/\/voima.fi\/hairikot\/#\/schema\/person\/image\/","url":"https:\/\/secure.gravatar.com\/avatar\/e5c0bb16f2efc1924afe37fc190f8ce1?s=96&d=blank&r=g","contentUrl":"https:\/\/secure.gravatar.com\/avatar\/e5c0bb16f2efc1924afe37fc190f8ce1?s=96&d=blank&r=g","caption":"Jari Tamminen"},"description":"Kulttuurih\u00e4irint\u00e4 on taiteen ja aktivismin j\u00e4nnitt\u00e4v\u00e4\u00e4 lomittumista: odottamaton performanssi katuvilin\u00e4ss\u00e4, vallattuja mainostauluja ja mainosparodioita. Se on k\u00e4site, joka yhdist\u00e4\u00e4 yhteiskunnallista kommentaaria ja luovaa vastarintaa. T\u00e4ss\u00e4 blogissa Voiman Jari Tamminen hahmottaa maailmaa kulttuurih\u00e4irinn\u00e4n n\u00e4k\u00f6kulmasta. Lis\u00e4\u00e4 Tammisen huomioita kulttuurih\u00e4irinn\u00e4st\u00e4 voi lukea Voimasta, H\u00e4irik\u00f6t \u2013 Kulttuurih\u00e4irinn\u00e4n aakkoset -kirjasta ja p\u00e4ivitt\u00e4in osoitteesta www.facebook.com\/hairikot.","sameAs":["http:\/\/www.facebook.com\/hairikot"],"url":"https:\/\/voima.fi\/hairikot\/artikkeli\/author\/hairikko\/"}]}},"enclosure":{"image":"https:\/\/voima.fi\/hairikot\/wp-content\/uploads\/sites\/9\/2020\/04\/Denial-otsikkokuva.png"},"meta:avatar":"","geolocation":[],"meta:youtube":null,"meta:vimeo":null,"meta:duration":null,"_links":{"self":[{"href":"https:\/\/voima.fi\/hairikot\/wp-json\/wp\/v2\/posts\/14034"}],"collection":[{"href":"https:\/\/voima.fi\/hairikot\/wp-json\/wp\/v2\/posts"}],"about":[{"href":"https:\/\/voima.fi\/hairikot\/wp-json\/wp\/v2\/types\/post"}],"author":[{"embeddable":true,"href":"https:\/\/voima.fi\/hairikot\/wp-json\/wp\/v2\/users\/122"}],"replies":[{"embeddable":true,"href":"https:\/\/voima.fi\/hairikot\/wp-json\/wp\/v2\/comments?post=14034"}],"version-history":[{"count":4,"href":"https:\/\/voima.fi\/hairikot\/wp-json\/wp\/v2\/posts\/14034\/revisions"}],"predecessor-version":[{"id":18047,"href":"https:\/\/voima.fi\/hairikot\/wp-json\/wp\/v2\/posts\/14034\/revisions\/18047"}],"wp:featuredmedia":[{"embeddable":true,"href":"https:\/\/voima.fi\/hairikot\/wp-json\/wp\/v2\/media\/16950"}],"wp:attachment":[{"href":"https:\/\/voima.fi\/hairikot\/wp-json\/wp\/v2\/media?parent=14034"}],"wp:term":[{"taxonomy":"category","embeddable":true,"href":"https:\/\/voima.fi\/hairikot\/wp-json\/wp\/v2\/categories?post=14034"},{"taxonomy":"post_tag","embeddable":true,"href":"https:\/\/voima.fi\/hairikot\/wp-json\/wp\/v2\/tags?post=14034"}],"curies":[{"name":"wp","href":"https:\/\/api.w.org\/{rel}","templated":true}]}}