{"id":13908,"date":"2018-09-27T00:00:00","date_gmt":"2018-09-26T21:00:00","guid":{"rendered":"http:\/\/voima.fi\/hairikot\/?post_type=artikkeli&#038;p=13908"},"modified":"2020-08-10T14:01:15","modified_gmt":"2020-08-10T11:01:15","slug":"poissa-silmista-paastoista","status":"publish","type":"post","link":"https:\/\/voima.fi\/hairikot\/artikkeli\/poissa-silmista-paastoista\/","title":{"rendered":"Poissa silmist\u00e4, ei p\u00e4\u00e4st\u00f6ist\u00e4"},"content":{"rendered":"<div class=\"lowres-featured-image\"><img decoding=\"async\" width=\"1078\" height=\"741\" src=\"https:\/\/voima.fi\/hairikot\/wp-content\/uploads\/sites\/9\/2020\/04\/Thailaakson-tehdas-otsikko.png\" class=\"attachment-full size-full wp-post-image\" alt=\"\" srcset=\"https:\/\/voima.fi\/hairikot\/wp-content\/uploads\/sites\/9\/2020\/04\/Thailaakson-tehdas-otsikko.png 1078w, https:\/\/voima.fi\/hairikot\/wp-content\/uploads\/sites\/9\/2020\/04\/Thailaakson-tehdas-otsikko-600x412.png 600w, https:\/\/voima.fi\/hairikot\/wp-content\/uploads\/sites\/9\/2020\/04\/Thailaakson-tehdas-otsikko-1024x704.png 1024w, https:\/\/voima.fi\/hairikot\/wp-content\/uploads\/sites\/9\/2020\/04\/Thailaakson-tehdas-otsikko-768x528.png 768w, https:\/\/voima.fi\/hairikot\/wp-content\/uploads\/sites\/9\/2020\/04\/Thailaakson-tehdas-otsikko-320x220.png 320w, https:\/\/voima.fi\/hairikot\/wp-content\/uploads\/sites\/9\/2020\/04\/Thailaakson-tehdas-otsikko-200x137.png 200w, https:\/\/voima.fi\/hairikot\/wp-content\/uploads\/sites\/9\/2020\/04\/Thailaakson-tehdas-otsikko-560x385.png 560w, https:\/\/voima.fi\/hairikot\/wp-content\/uploads\/sites\/9\/2020\/04\/Thailaakson-tehdas-otsikko-980x674.png 980w, https:\/\/voima.fi\/hairikot\/wp-content\/uploads\/sites\/9\/2020\/04\/Thailaakson-tehdas-otsikko-300x206.png 300w\" sizes=\"(max-width: 1078px) 100vw, 1078px\" \/><p class=\"ylakuvateksti\"><\/p><\/div><p class=\"p1\"><b>Olen tehnyt<\/b> ymp\u00e4rist\u00f6asioiden parissa t\u00f6it\u00e4 yli nelj\u00e4nnesvuosisadan. Tuona aikana olen \u2013 yht\u00e4\u00e4n liioittelematta \u2013 kuullut tuhansia kertoja sen kummallisen vahvana el\u00e4v\u00e4n mielipiteen, ettei suomalaisten toiminnalla maailman ongelmia ratkaista. Etenk\u00e4\u00e4n suomalaisten kuluttajien toiminnalla ei ole mit\u00e4\u00e4n merkityst\u00e4, kun meit\u00e4 on niin v\u00e4h\u00e4n.<\/p>\n<p class=\"p1\">Katsotaanpa tarkemmin. Suomen ymp\u00e4rist\u00f6keskuksen tutkimuksen mukaan suomalaisten kotitalouksien kulutus muodosti 68 prosenttia kotimaan kasvihuonekaasup\u00e4\u00e4st\u00f6ist\u00e4. Loput 32 prosenttia syntyiv\u00e4t julkisesta kulutuksesta ja investoinneista. Kulutuksen kasvihuonekaasup\u00e4\u00e4st\u00f6t koostuvat asumisesta, liikkumisesta, ruoasta ja muista tavaroista ja palveluista. Kulutusn\u00e4k\u00f6kulma tarkoittaa sit\u00e4, ett\u00e4 suomalaisten loppukulutus huomioidaan riippumatta siit\u00e4, miss\u00e4 p\u00e4in maailmaa tavarat on tuotettu.<\/p>\n<p class=\"p1\">Voimme siis sanoa, ett\u00e4 kaksi kolmasosaa suomalaisten ilmastovaikutuksesta aiheutuu kotitalouksien jokap\u00e4iv\u00e4isist\u00e4 p\u00e4\u00e4t\u00f6ksist\u00e4. Ja n\u00e4ist\u00e4 aiheuttamistamme p\u00e4\u00e4st\u00f6ist\u00e4 l\u00e4hes puolet \u2013 44 prosenttia \u2013 syntyv\u00e4t jossain maailmalla. Mielest\u00e4ni molemmat luvut ovat varsin merkitt\u00e4vi\u00e4.<\/p>\n<p class=\"p1\">Katsotaan prosenttien sijaan todellisia m\u00e4\u00e4ri\u00e4: Vuosittaiset p\u00e4\u00e4st\u00f6mme vaihtelevat, mutta karkeasti ottaen voi sanoa, ett\u00e4 keskim\u00e4\u00e4r\u00e4isen suomalaisen kulutuksesta aiheutuvat kasvihuonekaasup\u00e4\u00e4st\u00f6t ovat noin kymmenen tonnia. Pys\u00e4hdy miettim\u00e4\u00e4n tuota lukua hetkeksi. En usko, ett\u00e4 kukaan haluaisi takapihalleen kymmenen tonnin kasaa j\u00e4tett\u00e4 vuosittain \u2013 per kotitalouden henkil\u00f6. Mutta siit\u00e4h\u00e4n t\u00e4ss\u00e4 on kyse. Kulutuksemme aiheuttaa j\u00e4tett\u00e4. Emme vain n\u00e4e t\u00e4t\u00e4 kaasumaista j\u00e4tekasaa, joten se on helppo sivuuttaa. Poissa silmist\u00e4, poissa mielist\u00e4.<\/p>\n<figure id=\"attachment_13904\" aria-describedby=\"caption-attachment-13904\" style=\"width: 501px\" class=\"wp-caption alignright\"><img decoding=\"async\" class=\" wp-image-13904\" src=\"https:\/\/voima.fi\/hairikot\/wp-content\/uploads\/sites\/9\/2020\/04\/Thailaakson-tehdas-vastis.jpg\" alt=\"Kaj Frankin vuonna 1952 julkaistua Teema-astia sarjaa voi hyvinkin kutsua suomalaisen teollisen muotoilun klassikoksi. Onhan kyseess\u00e4 yhden maamme kautta aikain merkitt\u00e4vimm\u00e4n muotoilijan yksi tunnetuimmista tuotteista. Moni kuluttaja j\u00e4rkyttyi vuonna 2016 ilmoitetusta p\u00e4\u00e4t\u00f6ksest\u00e4 siirt\u00e4\u00e4 my\u00f6s Teema-astioiden valmistus Thaimaahan. Tove Janssonin Muumi-tarinat puolestaan ovat nivoutuneet osaksi kansallista identiteetti\u00e4mme ja Muumi-mukeja jonotetaan kuin \u00e4mp\u00e4reit\u00e4. Nyky\u00e4\u00e4n my\u00f6s Muumi-mukit valmistetaan Thaimaassa. Kaukomaille siirretty Muumi-mukien valmistus on ehk\u00e4 syvimm\u00e4lle suomalaisuuteen sukeltava esimerkki Kiina-ilmi\u00f6st\u00e4 \u2013 eli siit\u00e4, ett\u00e4 tuotanto siirtyy pois kotimaasta. Samalla, kun valmistus ja ty\u00f6paikat siirtyv\u00e4t muualle, v\u00e4henee kotimaisen tuotannon ohella my\u00f6s p\u00e4\u00e4st\u00f6t kotimaassa. Tosin samat p\u00e4\u00e4st\u00f6t tupruavat tehtaan piipusta my\u00f6s toisaalla ja meid\u00e4n p\u00e4\u00e4st\u00f6jen pieneneminen on vain n\u00e4enn\u00e4ist\u00e4.\" width=\"501\" height=\"726\" \/><figcaption id=\"caption-attachment-13904\" class=\"wp-caption-text\">Kaj Frankin vuonna 1952 julkaistua Teema-astia sarjaa voi hyvinkin kutsua suomalaisen teollisen muotoilun klassikoksi. Onhan kyseess\u00e4 yhden maamme kautta aikain merkitt\u00e4vimm\u00e4n muotoilijan yksi tunnetuimmista tuotteista. <a href=\"https:\/\/yle.fi\/uutiset\/3-9520460\" class=\"external\" rel=\"nofollow\">Moni kuluttaja j\u00e4rkyttyi<\/a> vuonna 2016 ilmoitetusta p\u00e4\u00e4t\u00f6ksest\u00e4 siirt\u00e4\u00e4 my\u00f6s Teema-astioiden valmistus Thaimaahan.<br \/>Tove Janssonin Muumi-tarinat puolestaan ovat nivoutuneet osaksi kansallista identiteetti\u00e4mme ja Muumi-mukeja jonotetaan kuin \u00e4mp\u00e4reit\u00e4. Nyky\u00e4\u00e4n my\u00f6s Muumi-mukit valmistetaan Thaimaassa. Kaukomaille siirretty Muumi-mukien valmistus on ehk\u00e4 syvimm\u00e4lle suomalaisuuteen sukeltava esimerkki Kiina-ilmi\u00f6st\u00e4 \u2013 eli siit\u00e4, ett\u00e4 tuotanto siirtyy pois kotimaasta. Samalla, kun valmistus ja ty\u00f6paikat siirtyv\u00e4t muualle, v\u00e4henee kotimaisen tuotannon ohella my\u00f6s p\u00e4\u00e4st\u00f6t kotimaassa. Tosin samat p\u00e4\u00e4st\u00f6t tupruavat tehtaan piipusta my\u00f6s toisaalla ja meid\u00e4n p\u00e4\u00e4st\u00f6jen pieneneminen on vain n\u00e4enn\u00e4ist\u00e4.<\/figcaption><\/figure>\n<p class=\"p1\"><b>Kulutuksen p\u00e4\u00e4st\u00f6l\u00e4hteetkin<\/b> ovat meilt\u00e4 pimennossa.<\/p>\n<p class=\"p1\">On viel\u00e4 melko helppo hahmottaa se, ett\u00e4 bensiinin palaessa auton moottorissa syntyy p\u00e4\u00e4st\u00f6j\u00e4. Mutta hankalammin j\u00e4sentyy se, ett\u00e4 sisustustyyny tai sipsit ovat samalla tavoin p\u00e4\u00e4st\u00f6l\u00e4hde. K\u00e4yt\u00e4mme suurimman osan tarvitsemastamme energiasta v\u00e4lillisesti, tuotteisiin ja palveluihin sitoutuneena. Euroopan tasolla on arvioitu, ett\u00e4 kotitalouksien v\u00e4lit\u00f6n energiankulutus \u2013 kuten valaistus ja l\u00e4mmitys \u2013 kattaa vain noin 40\u00a0prosenttia kaikesta energiank\u00e4yt\u00f6st\u00e4. K\u00e4yt\u00e4mme siis enemm\u00e4n energiaa v\u00e4lillisesti kuin suoraan.<\/p>\n<p class=\"p1\">Ruoka on hyv\u00e4 esimerkki meilt\u00e4 piilotetuista ymp\u00e4rist\u00f6vaikutuksista.<\/p>\n<p class=\"p1\">Ruoka on ihmisen keskeinen energianl\u00e4hde, mutta k\u00e4yt\u00e4nn\u00f6ss\u00e4 lautasemme sis\u00e4lt\u00f6 on saatu aikaan fossiilisella energialla. Yht\u00e4 ruoasta saatua kaloria kohden on l\u00e4nsimaissa k\u00e4ytetty viisi\u2013kymmenen kaloria fossiilisia polttoaineita. Pelkk\u00e4 \u00f6ljyn k\u00e4ytt\u00f6 huomioiden p\u00e4\u00e4dyt\u00e4\u00e4n laskelmaan, ett\u00e4 tarvitsemme yksi\u2013kolme litraa \u00f6ljy\u00e4 yht\u00e4 ruokakiloa kohden. Ei ole liioiteltua sanoa, ett\u00e4 sy\u00f6mme \u00f6ljy\u00e4 \u2013 tai ainakin toisinp\u00e4in: ilman \u00f6ljy\u00e4 emme sy\u00f6.<\/p>\n<p class=\"p1\">Ruoantuotannon r\u00e4j\u00e4hdysm\u00e4inen kasvu on saatu aikaan lis\u00e4\u00e4m\u00e4ll\u00e4 fossiilisen energian panoksia lannoitteisiin, torjunta-aineisiin, keinokasteluveden pumppaamiseen, maatalouskoneiden k\u00e4ytt\u00e4miseen ja ruoan kuljetukseen, s\u00e4il\u00f6miseen, valmistamiseen ja pakkaamiseen.<\/p>\n<p class=\"p1\"><b>Iso osa<\/b> el\u00e4m\u00e4ntapamme vaatimasta tuotannosta tapahtuu jossain kaukana meist\u00e4. T\u00e4m\u00e4 kaukana tapahtuva saastuttaminen kuitenkin vaikuttaa kaikkien el\u00e4m\u00e4\u00e4n, ja vastuumme ei katoa maantieteellisen siirtym\u00e4n my\u00f6t\u00e4.<\/p>\n<p class=\"p1\">Kiinasta on tullut maailman tehdas. Samalla kun paheksumme Kiinan saastuttavaa tuotantoa, kiinalaiset tuotteet p\u00e4\u00e4tyv\u00e4t usein meid\u00e4n l\u00e4nsimaisten kuluttajien ostoskoreihin.<\/p>\n<p class=\"p1\">Meill\u00e4 on vastuu: turhia tuotteita ei tuotettaisi, mik\u00e4li emme sit\u00e4 lysti\u00e4 maksaisi. Suomen tuonti Kiinasta vuonna 2017 oli 4,6 miljardia euroa, noin seitsem\u00e4n prosenttia kaikesta tuonnistamme. Uskallan v\u00e4itt\u00e4\u00e4, ett\u00e4 suuri osa t\u00e4st\u00e4 tuonnista on sellaista tarpeetonta kulutusta, jonka voisimme karsia el\u00e4m\u00e4nlaatumme mitenk\u00e4\u00e4n k\u00e4rsim\u00e4tt\u00e4. Lompakko ja ilmasto kiitt\u00e4isiv\u00e4t.<\/p>\n<p class=\"p1\">P\u00e4\u00e4st\u00f6jen ulkoistuksesta johtuen l\u00e4nsimaiden todelliset p\u00e4\u00e4st\u00f6t ovat suurempia kuin Pariisin ilmastosopimuksen laskennassa k\u00e4ytetyt luvut. P\u00e4\u00e4st\u00f6t kasvavat, kun huomioidaan tuonnin p\u00e4\u00e4st\u00f6t v\u00e4hennettyn\u00e4 viennin p\u00e4\u00e4st\u00f6ill\u00e4. Esimerkiksi Britannia on v\u00e4hent\u00e4nyt kotimaisia p\u00e4\u00e4st\u00f6j\u00e4\u00e4n varsin paljon, noin kolmanneksella kahden viime vuosikymmenen aikana. Mutta jos huomioidaan lis\u00e4\u00e4ntyneen tuonnin aiheuttamat p\u00e4\u00e4st\u00f6t, Britannian hiilijalanj\u00e4lki onkin kasvanut.<\/p>\n<p class=\"p1\">Muutkin rikkaat l\u00e4nsimaat voivat raportoida aiempaa alhaisemmat p\u00e4\u00e4st\u00f6t, koska korkeita ilmastop\u00e4\u00e4st\u00f6j\u00e4 aiheuttavien raaka-aineiden kuten ter\u00e4ksen ja sementin kotimainen valmistus on v\u00e4hentynyt. Niiden tuonti on kuitenkin lis\u00e4\u00e4ntynyt.<\/p>\n<p class=\"p1\">Samoin on k\u00e4ynyt tavallisten kuluttajatuotteiden osalta. On arvioitu, ett\u00e4 globaalisti noin nelj\u00e4nnes kaikista hiilidioksidip\u00e4\u00e4st\u00f6ist\u00e4 syntyy ulkoistettuna muille maille. Kiinan p\u00e4\u00e4st\u00f6ist\u00e4 noin 15 prosenttia aiheutuu siit\u00e4, ett\u00e4 me l\u00e4nsimaalaiset voisimme kuluttaa enemm\u00e4n. Kiinalaiset puolestaan ulkoistavat p\u00e4\u00e4st\u00f6j\u00e4\u00e4n yh\u00e4 isommassa m\u00e4\u00e4rin l\u00e4himaihin kuten Vietnamiin ja Kamputseaan.<\/p>\n<p class=\"p1\">Vaikka t\u00e4m\u00e4 ilmastodomino ei tietenk\u00e4\u00e4n voi jatkua kovin paljon pidemm\u00e4lle, edistymme surkeasti ilmastonmuutoksen hillinn\u00e4ss\u00e4. Viime vuonna globaalit hiilidioksidip\u00e4\u00e4st\u00f6t kasvoivat, vaikka ne pit\u00e4isi puolittaa vuoteen 2030 menness\u00e4.<\/p>\n<p class=\"p1\">Mutta meneeh\u00e4n t\u00e4m\u00e4 h\u00f6lm\u00f6l\u00e4isen peitonjatkaminen toisinkin p\u00e4in. Me suomalaiset tuotamme hiilinieluista \u2013 anteeksi talousmetsist\u00e4 \u2013 sellua kiinalaisille vessapaperia varten. Mets\u00e4teollisuuden p\u00e4\u00e4st\u00f6t lasketaan Suomen lukuihin, vaikka p\u00e4\u00e4st\u00f6j\u00e4 vastaava kulutus tapahtuu Kiinassa tai jossain muualla. Nykypeliss\u00e4 tuhlaamme omaa kansallista hiilibudjettiamme, jotta kiinalaiset voivat paremmin pyyhki\u00e4 pyllyns\u00e4. Kiina on siis ulkoistanut p\u00e4\u00e4st\u00f6j\u00e4\u00e4n meille.<\/p>\n<p class=\"p1\"><b>On minulla<\/b> ratkaisukin tarjota.<\/p>\n<p class=\"p1\">Ratkaisu olisi henkil\u00f6kohtainen hiilibudjetti. T\u00e4ll\u00f6in jokaisella maapallon asukkaalla olisi oma kiinti\u00f6, jota voisi kasvattaa vain ostamalla p\u00e4\u00e4st\u00f6oikeuksia toisilta kuluttajilta. Kokonaisp\u00e4\u00e4st\u00f6 olisi rajoitettu, ja ylikulutukselle tulisi todellinen hinta. Suomalainen voisi toteuttaa Kanariansaarten talvilomansa tai argentiinalaisen h\u00e4r\u00e4npihvifiestan vain, mik\u00e4li ostaisi pakettimatkan tai pihvipaketin lis\u00e4ksi tarvittavan m\u00e4\u00e4r\u00e4n p\u00e4\u00e4st\u00f6oikeuksia v\u00e4hemm\u00e4n kuluttavilta, esimerkiksi tansanialaisilta.<\/p>\n<p class=\"p1\">N\u00e4in p\u00e4\u00e4sisimme polulle, jolla erottaisimme tarpeellisen kulutuksen turhasta, fossiilienergiaan lukkiutuneesta kulutuksestamme. Henkil\u00f6kohtaiset hiilibudjetit olisivat jo t\u00e4ysin toteuttavissa oleva j\u00e4rjestelm\u00e4 nykyisell\u00e4 digitaalisella osaamisella ja tiedonlouhintakapasiteetilla.<\/p>\n<p class=\"p3\"><b>Kirjoittaja on ymp\u00e4rist\u00f6talouden ja -johtamisen professori Lappeenrannan teknillisess\u00e4 yliopistossa sek\u00e4 Suomen Ilmastopaneelin j\u00e4sen.<\/b><\/p>\n<p class=\"p1\">\n","protected":false},"excerpt":{"rendered":"<p>Ymp\u00e4rist\u00f6talouden tutkija muistuttaa, ett\u00e4 el\u00e4m\u00e4ntapamme saastuttaa yht\u00e4 lailla, vaikka tuotanto olisikin siirretty pois Suomesta.<\/p>\n","protected":false},"author":738,"featured_media":16918,"comment_status":"open","ping_status":"open","sticky":false,"template":"","format":"standard","meta":{"footnotes":""},"categories":[4],"tags":[157,718,1148,1260,1326,1441,1648,1815,2501,2523,2775,2921],"yoast_head":"<!-- This site is optimized with the Yoast SEO plugin v22.7 - https:\/\/yoast.com\/wordpress\/plugins\/seo\/ -->\n<title>Poissa silmist\u00e4, ei p\u00e4\u00e4st\u00f6ist\u00e4 - H\u00e4irik\u00f6t-p\u00e4\u00e4maja<\/title>\n<meta name=\"robots\" content=\"index, follow, max-snippet:-1, max-image-preview:large, max-video-preview:-1\" \/>\n<link rel=\"canonical\" href=\"https:\/\/voima.fi\/hairikot\/artikkeli\/poissa-silmista-paastoista\/\" \/>\n<meta property=\"og:locale\" content=\"fi_FI\" \/>\n<meta property=\"og:type\" content=\"article\" \/>\n<meta property=\"og:title\" content=\"Poissa silmist\u00e4, ei p\u00e4\u00e4st\u00f6ist\u00e4 - H\u00e4irik\u00f6t-p\u00e4\u00e4maja\" \/>\n<meta property=\"og:description\" content=\"Ymp\u00e4rist\u00f6talouden tutkija muistuttaa, ett\u00e4 el\u00e4m\u00e4ntapamme saastuttaa yht\u00e4 lailla, vaikka tuotanto olisikin siirretty pois Suomesta.\" \/>\n<meta property=\"og:url\" content=\"https:\/\/voima.fi\/hairikot\/artikkeli\/poissa-silmista-paastoista\/\" \/>\n<meta property=\"og:site_name\" content=\"H\u00e4irik\u00f6t-p\u00e4\u00e4maja\" \/>\n<meta property=\"article:published_time\" content=\"2018-09-26T21:00:00+00:00\" \/>\n<meta property=\"article:modified_time\" content=\"2020-08-10T11:01:15+00:00\" \/>\n<meta property=\"og:image\" content=\"https:\/\/voima.fi\/hairikot\/wp-content\/uploads\/sites\/9\/2020\/04\/Thailaakson-tehdas-otsikko.png\" \/>\n\t<meta property=\"og:image:width\" content=\"1078\" \/>\n\t<meta property=\"og:image:height\" content=\"741\" \/>\n\t<meta property=\"og:image:type\" content=\"image\/png\" \/>\n<meta name=\"author\" content=\"Lassi Linnanen\" \/>\n<meta name=\"twitter:card\" content=\"summary_large_image\" \/>\n<meta name=\"twitter:label1\" content=\"Kirjoittanut\" \/>\n\t<meta name=\"twitter:data1\" content=\"Lassi Linnanen\" \/>\n\t<meta name=\"twitter:label2\" content=\"Arvioitu lukuaika\" \/>\n\t<meta name=\"twitter:data2\" content=\"5 minuuttia\" \/>\n<script type=\"application\/ld+json\" class=\"yoast-schema-graph\">{\"@context\":\"https:\/\/schema.org\",\"@graph\":[{\"@type\":\"WebPage\",\"@id\":\"https:\/\/voima.fi\/hairikot\/artikkeli\/poissa-silmista-paastoista\/\",\"url\":\"https:\/\/voima.fi\/hairikot\/artikkeli\/poissa-silmista-paastoista\/\",\"name\":\"Poissa silmist\u00e4, ei p\u00e4\u00e4st\u00f6ist\u00e4 - H\u00e4irik\u00f6t-p\u00e4\u00e4maja\",\"isPartOf\":{\"@id\":\"https:\/\/voima.fi\/hairikot\/#website\"},\"primaryImageOfPage\":{\"@id\":\"https:\/\/voima.fi\/hairikot\/artikkeli\/poissa-silmista-paastoista\/#primaryimage\"},\"image\":{\"@id\":\"https:\/\/voima.fi\/hairikot\/artikkeli\/poissa-silmista-paastoista\/#primaryimage\"},\"thumbnailUrl\":\"https:\/\/voima.fi\/hairikot\/wp-content\/uploads\/sites\/9\/2020\/04\/Thailaakson-tehdas-otsikko.png\",\"datePublished\":\"2018-09-26T21:00:00+00:00\",\"dateModified\":\"2020-08-10T11:01:15+00:00\",\"author\":{\"@id\":\"https:\/\/voima.fi\/hairikot\/#\/schema\/person\/712eae16f05109f7971232d8878d72cc\"},\"breadcrumb\":{\"@id\":\"https:\/\/voima.fi\/hairikot\/artikkeli\/poissa-silmista-paastoista\/#breadcrumb\"},\"inLanguage\":\"fi\",\"potentialAction\":[{\"@type\":\"ReadAction\",\"target\":[\"https:\/\/voima.fi\/hairikot\/artikkeli\/poissa-silmista-paastoista\/\"]}]},{\"@type\":\"ImageObject\",\"inLanguage\":\"fi\",\"@id\":\"https:\/\/voima.fi\/hairikot\/artikkeli\/poissa-silmista-paastoista\/#primaryimage\",\"url\":\"https:\/\/voima.fi\/hairikot\/wp-content\/uploads\/sites\/9\/2020\/04\/Thailaakson-tehdas-otsikko.png\",\"contentUrl\":\"https:\/\/voima.fi\/hairikot\/wp-content\/uploads\/sites\/9\/2020\/04\/Thailaakson-tehdas-otsikko.png\",\"width\":1078,\"height\":741},{\"@type\":\"BreadcrumbList\",\"@id\":\"https:\/\/voima.fi\/hairikot\/artikkeli\/poissa-silmista-paastoista\/#breadcrumb\",\"itemListElement\":[{\"@type\":\"ListItem\",\"position\":1,\"name\":\"Home\",\"item\":\"https:\/\/voima.fi\/hairikot\/\"},{\"@type\":\"ListItem\",\"position\":2,\"name\":\"Poissa silmist\u00e4, ei p\u00e4\u00e4st\u00f6ist\u00e4\"}]},{\"@type\":\"WebSite\",\"@id\":\"https:\/\/voima.fi\/hairikot\/#website\",\"url\":\"https:\/\/voima.fi\/hairikot\/\",\"name\":\"H\u00e4irik\u00f6t-p\u00e4\u00e4maja\",\"description\":\"\",\"potentialAction\":[{\"@type\":\"SearchAction\",\"target\":{\"@type\":\"EntryPoint\",\"urlTemplate\":\"https:\/\/voima.fi\/hairikot\/?s={search_term_string}\"},\"query-input\":\"required name=search_term_string\"}],\"inLanguage\":\"fi\"},{\"@type\":\"Person\",\"@id\":\"https:\/\/voima.fi\/hairikot\/#\/schema\/person\/712eae16f05109f7971232d8878d72cc\",\"name\":\"Lassi Linnanen\",\"image\":{\"@type\":\"ImageObject\",\"inLanguage\":\"fi\",\"@id\":\"https:\/\/voima.fi\/hairikot\/#\/schema\/person\/image\/\",\"url\":\"https:\/\/secure.gravatar.com\/avatar\/36d758bfaf7b400ef6e000d90018e774?s=96&d=blank&r=g\",\"contentUrl\":\"https:\/\/secure.gravatar.com\/avatar\/36d758bfaf7b400ef6e000d90018e774?s=96&d=blank&r=g\",\"caption\":\"Lassi Linnanen\"},\"url\":\"https:\/\/voima.fi\/hairikot\/artikkeli\/author\/lassi-linnanen\/\"}]}<\/script>\n<!-- \/ Yoast SEO plugin. -->","yoast_head_json":{"title":"Poissa silmist\u00e4, ei p\u00e4\u00e4st\u00f6ist\u00e4 - H\u00e4irik\u00f6t-p\u00e4\u00e4maja","robots":{"index":"index","follow":"follow","max-snippet":"max-snippet:-1","max-image-preview":"max-image-preview:large","max-video-preview":"max-video-preview:-1"},"canonical":"https:\/\/voima.fi\/hairikot\/artikkeli\/poissa-silmista-paastoista\/","og_locale":"fi_FI","og_type":"article","og_title":"Poissa silmist\u00e4, ei p\u00e4\u00e4st\u00f6ist\u00e4 - H\u00e4irik\u00f6t-p\u00e4\u00e4maja","og_description":"Ymp\u00e4rist\u00f6talouden tutkija muistuttaa, ett\u00e4 el\u00e4m\u00e4ntapamme saastuttaa yht\u00e4 lailla, vaikka tuotanto olisikin siirretty pois Suomesta.","og_url":"https:\/\/voima.fi\/hairikot\/artikkeli\/poissa-silmista-paastoista\/","og_site_name":"H\u00e4irik\u00f6t-p\u00e4\u00e4maja","article_published_time":"2018-09-26T21:00:00+00:00","article_modified_time":"2020-08-10T11:01:15+00:00","og_image":[{"width":1078,"height":741,"url":"https:\/\/voima.fi\/hairikot\/wp-content\/uploads\/sites\/9\/2020\/04\/Thailaakson-tehdas-otsikko.png","type":"image\/png"}],"author":"Lassi Linnanen","twitter_card":"summary_large_image","twitter_misc":{"Kirjoittanut":"Lassi Linnanen","Arvioitu lukuaika":"5 minuuttia"},"schema":{"@context":"https:\/\/schema.org","@graph":[{"@type":"WebPage","@id":"https:\/\/voima.fi\/hairikot\/artikkeli\/poissa-silmista-paastoista\/","url":"https:\/\/voima.fi\/hairikot\/artikkeli\/poissa-silmista-paastoista\/","name":"Poissa silmist\u00e4, ei p\u00e4\u00e4st\u00f6ist\u00e4 - H\u00e4irik\u00f6t-p\u00e4\u00e4maja","isPartOf":{"@id":"https:\/\/voima.fi\/hairikot\/#website"},"primaryImageOfPage":{"@id":"https:\/\/voima.fi\/hairikot\/artikkeli\/poissa-silmista-paastoista\/#primaryimage"},"image":{"@id":"https:\/\/voima.fi\/hairikot\/artikkeli\/poissa-silmista-paastoista\/#primaryimage"},"thumbnailUrl":"https:\/\/voima.fi\/hairikot\/wp-content\/uploads\/sites\/9\/2020\/04\/Thailaakson-tehdas-otsikko.png","datePublished":"2018-09-26T21:00:00+00:00","dateModified":"2020-08-10T11:01:15+00:00","author":{"@id":"https:\/\/voima.fi\/hairikot\/#\/schema\/person\/712eae16f05109f7971232d8878d72cc"},"breadcrumb":{"@id":"https:\/\/voima.fi\/hairikot\/artikkeli\/poissa-silmista-paastoista\/#breadcrumb"},"inLanguage":"fi","potentialAction":[{"@type":"ReadAction","target":["https:\/\/voima.fi\/hairikot\/artikkeli\/poissa-silmista-paastoista\/"]}]},{"@type":"ImageObject","inLanguage":"fi","@id":"https:\/\/voima.fi\/hairikot\/artikkeli\/poissa-silmista-paastoista\/#primaryimage","url":"https:\/\/voima.fi\/hairikot\/wp-content\/uploads\/sites\/9\/2020\/04\/Thailaakson-tehdas-otsikko.png","contentUrl":"https:\/\/voima.fi\/hairikot\/wp-content\/uploads\/sites\/9\/2020\/04\/Thailaakson-tehdas-otsikko.png","width":1078,"height":741},{"@type":"BreadcrumbList","@id":"https:\/\/voima.fi\/hairikot\/artikkeli\/poissa-silmista-paastoista\/#breadcrumb","itemListElement":[{"@type":"ListItem","position":1,"name":"Home","item":"https:\/\/voima.fi\/hairikot\/"},{"@type":"ListItem","position":2,"name":"Poissa silmist\u00e4, ei p\u00e4\u00e4st\u00f6ist\u00e4"}]},{"@type":"WebSite","@id":"https:\/\/voima.fi\/hairikot\/#website","url":"https:\/\/voima.fi\/hairikot\/","name":"H\u00e4irik\u00f6t-p\u00e4\u00e4maja","description":"","potentialAction":[{"@type":"SearchAction","target":{"@type":"EntryPoint","urlTemplate":"https:\/\/voima.fi\/hairikot\/?s={search_term_string}"},"query-input":"required name=search_term_string"}],"inLanguage":"fi"},{"@type":"Person","@id":"https:\/\/voima.fi\/hairikot\/#\/schema\/person\/712eae16f05109f7971232d8878d72cc","name":"Lassi Linnanen","image":{"@type":"ImageObject","inLanguage":"fi","@id":"https:\/\/voima.fi\/hairikot\/#\/schema\/person\/image\/","url":"https:\/\/secure.gravatar.com\/avatar\/36d758bfaf7b400ef6e000d90018e774?s=96&d=blank&r=g","contentUrl":"https:\/\/secure.gravatar.com\/avatar\/36d758bfaf7b400ef6e000d90018e774?s=96&d=blank&r=g","caption":"Lassi Linnanen"},"url":"https:\/\/voima.fi\/hairikot\/artikkeli\/author\/lassi-linnanen\/"}]}},"enclosure":{"image":"https:\/\/voima.fi\/hairikot\/wp-content\/uploads\/sites\/9\/2020\/04\/Thailaakson-tehdas-otsikko.png"},"meta:avatar":"","geolocation":[],"meta:youtube":null,"meta:vimeo":null,"meta:duration":null,"_links":{"self":[{"href":"https:\/\/voima.fi\/hairikot\/wp-json\/wp\/v2\/posts\/13908"}],"collection":[{"href":"https:\/\/voima.fi\/hairikot\/wp-json\/wp\/v2\/posts"}],"about":[{"href":"https:\/\/voima.fi\/hairikot\/wp-json\/wp\/v2\/types\/post"}],"author":[{"embeddable":true,"href":"https:\/\/voima.fi\/hairikot\/wp-json\/wp\/v2\/users\/738"}],"replies":[{"embeddable":true,"href":"https:\/\/voima.fi\/hairikot\/wp-json\/wp\/v2\/comments?post=13908"}],"version-history":[{"count":4,"href":"https:\/\/voima.fi\/hairikot\/wp-json\/wp\/v2\/posts\/13908\/revisions"}],"predecessor-version":[{"id":18056,"href":"https:\/\/voima.fi\/hairikot\/wp-json\/wp\/v2\/posts\/13908\/revisions\/18056"}],"wp:featuredmedia":[{"embeddable":true,"href":"https:\/\/voima.fi\/hairikot\/wp-json\/wp\/v2\/media\/16918"}],"wp:attachment":[{"href":"https:\/\/voima.fi\/hairikot\/wp-json\/wp\/v2\/media?parent=13908"}],"wp:term":[{"taxonomy":"category","embeddable":true,"href":"https:\/\/voima.fi\/hairikot\/wp-json\/wp\/v2\/categories?post=13908"},{"taxonomy":"post_tag","embeddable":true,"href":"https:\/\/voima.fi\/hairikot\/wp-json\/wp\/v2\/tags?post=13908"}],"curies":[{"name":"wp","href":"https:\/\/api.w.org\/{rel}","templated":true}]}}