{"id":13636,"date":"2018-06-06T00:00:00","date_gmt":"2018-06-05T21:00:00","guid":{"rendered":"http:\/\/voima.fi\/hairikot\/?post_type=artikkeli&#038;p=13636"},"modified":"2020-08-10T14:01:56","modified_gmt":"2020-08-10T11:01:56","slug":"koe-maailman-muuttamiseksi","status":"publish","type":"post","link":"https:\/\/voima.fi\/hairikot\/artikkeli\/koe-maailman-muuttamiseksi\/","title":{"rendered":"Koe maailman muuttamiseksi"},"content":{"rendered":"<p><span class=\"s1\">\u201dMeid\u00e4n on purettava t\u00e4m\u00e4 kapitalistinen j\u00e4rjestelm\u00e4, joka johtaa v\u00e4ist\u00e4m\u00e4tt\u00e4 ekosysteemin romahtamiseen. Kapitalismia ei voi hienos\u00e4\u00e4t\u00e4\u00e4, eik\u00e4 ole olemassa vihre\u00e4t\u00e4 kapitalismia. Meid\u00e4n on yksinkertaisesti siirrytt\u00e4v\u00e4 pois siit\u00e4 ja jatkuvan kasvun mallista\u201d,\u00a0<b>John Jordan<\/b>\u00a0julistaa.\u00a0<\/span><\/p>\n<p class=\"p1\"><span class=\"s1\">On aurinkoinen kes\u00e4p\u00e4iv\u00e4 Helsingin edustan Vallisaaressa, ja viereisess\u00e4 p\u00f6yd\u00e4ss\u00e4 yliopisto-opiskelijat pulisevat lounaansa yli. Naapurisaarelta Santahaminan varuskunnasta kantautuu ammuskelun pauketta.\u00a0<\/span><\/p>\n<figure id=\"attachment_13637\" aria-describedby=\"caption-attachment-13637\" style=\"width: 399px\" class=\"wp-caption alignright\"><img decoding=\"async\" class=\" wp-image-13637\" src=\"https:\/\/voima.fi\/hairikot\/wp-content\/uploads\/sites\/9\/2020\/04\/Tyypit.jpeg\" alt=\"Isabelle Fr\u00e9meaux ja John Jordan Helsingin Myym\u00e4l\u00e42-galleriassa pidetyn luennon j\u00e4lkeen. KUVA: Jari Tamminen\" width=\"399\" height=\"266\" \/><figcaption id=\"caption-attachment-13637\" class=\"wp-caption-text\">Isabelle Fr\u00e9meaux ja John Jordan Helsingin Myym\u00e4l\u00e42-galleriassa pidetyn luennon j\u00e4lkeen.<br \/>KUVA: Jari Tamminen<\/figcaption><\/figure>\n<p class=\"p1\"><span class=\"s1\">John Jordan ja\u00a0<b>Isabelle Fr\u00e9meaux<\/b>\u00a0ovat pitk\u00e4n linjan aktivisteja, jotka ovat yhdist\u00e4neet tekemisiins\u00e4 luovat keinot ja taiteen. Vuonna 2004 he perustivat <a href=\"http:\/\/www.labofii.net\" class=\"external\" rel=\"nofollow\">Laboratory of Insurrectionary Imagination<\/a> -kollektiivin. Siit\u00e4 asti kaksikko on systemaattisesti keskittynyt taiteilijoiden ja aktivistien yhteen saattamiseen. Tavoitteena on hahmottaa ja opettaa uusia luovia vastarinnan muotoja.\u00a0<\/span><\/p>\n<p class=\"p1\"><span class=\"s1\">\u201dTaiteilijat kykenev\u00e4t ajattelemaan laatikon ulkopuolella, mutta heill\u00e4 on usein isot egot, koska koko taidemaailma py\u00f6rii henkil\u00f6br\u00e4ndien ja \u2018kuuluisa taiteilija\u2019 -kultin ymp\u00e4rill\u00e4. Aktivistit puolestaan ovat parempia yhteiskunnallisen kritiikin suhteen ja hyvi\u00e4 ty\u00f6skentelem\u00e4\u00e4n ryhm\u00e4ss\u00e4, mutta heilt\u00e4 puuttuu usein taiteilijoiden luovuus\u201d, Jordan listaa viiteryh\u00admien ominaisuuksia.\u00a0<\/span><\/p>\n<figure id=\"attachment_13639\" aria-describedby=\"caption-attachment-13639\" style=\"width: 401px\" class=\"wp-caption alignright\"><img decoding=\"async\" class=\" wp-image-13639\" src=\"https:\/\/voima.fi\/hairikot\/wp-content\/uploads\/sites\/9\/2020\/04\/20180526_151030-scaled.jpg\" alt=\"Think Like a Forest -kurssin opiskelijaty\u00f6n Resist-teksti n\u00e4kyi Vallisaaresta Suomenlinnaan.\u00a0 Kurssin loputtua joku k\u00e4vi poistamassa kirjaimet. KUVA:\u00a0John Jordan \" width=\"401\" height=\"226\" \/><figcaption id=\"caption-attachment-13639\" class=\"wp-caption-text\">Think Like a Forest -kurssin opiskelijaty\u00f6n Resist-teksti n\u00e4kyi Vallisaaresta Suomenlinnaan.\u00a0<br \/>Kurssin loputtua joku k\u00e4vi poistamassa kirjaimet.<br \/>KUVA:\u00a0John Jordan<\/figcaption><\/figure>\n<p class=\"p1\"><span class=\"s1\">Jordanin ja Fr\u00e9meux\u2019n toi Suomeen Helsingin yliopiston ja Taide\u00adyliopiston kymmenen p\u00e4iv\u00e4n mittainen kurssi <a href=\"https:\/\/blogs.helsinki.fi\/vallisaari\/2018\/01\/18\/course_information\/\" class=\"external\" rel=\"nofollow\">Think Like a Forest<\/a>, joka pyrki l\u00f6yt\u00e4m\u00e4\u00e4n uusia tapoja taklata ilmastokriisi ja jonka vet\u00e4jin\u00e4 he toimivat.<\/span><\/p>\n<p class=\"p1\"><span class=\"s1\">\u201dHelsingiss\u00e4 oli erityisen kiinnostavaa tuoda yhteen taideopiskelijoita ja tieteilij\u00f6it\u00e4 ja osoittaa, ett\u00e4 metodejamme voi hy\u00f6dynt\u00e4\u00e4 my\u00f6s hieman eri ryhmien opettamisessa.\u201d<\/span><\/p>\n<figure id=\"attachment_13638\" aria-describedby=\"caption-attachment-13638\" style=\"width: 399px\" class=\"wp-caption alignright\"><img decoding=\"async\" class=\" wp-image-13638\" src=\"https:\/\/voima.fi\/hairikot\/wp-content\/uploads\/sites\/9\/2020\/04\/copsandclown.jpg\" alt=\"The Clandestine Insurgent Rebel Clown Army, eli CIRCA tunnetaan my\u00f6s nimell\u00e4 Clown Army. T\u00e4ss\u00e4 klovnit osallistuvat G8-kokouksen yhteydess\u00e4 k\u00e4yt\u00e4v\u00e4\u00e4n keskusteluun Kuva: Ian Teh\" width=\"399\" height=\"266\" \/><figcaption id=\"caption-attachment-13638\" class=\"wp-caption-text\"><a href=\"https:\/\/en.wikipedia.org\/wiki\/Clandestine_Insurgent_Rebel_Clown_Army\" class=\"external\" rel=\"nofollow\">The Clandestine Insurgent Rebel Clown Army<\/a>, eli CIRCA tunnetaan my\u00f6s nimell\u00e4 Clown Army. T\u00e4ss\u00e4 klovnit osallistuvat G8-kokouksen yhteydess\u00e4 k\u00e4yt\u00e4v\u00e4\u00e4n keskusteluun vuonna 2008.<br \/>Kuva: Ian Teh<\/figcaption><\/figure>\n<p class=\"p1\"><span class=\"s1\"><strong>Ei riit\u00e4<\/strong>,\u00a0ett\u00e4 tunnistaa ongelman ja kertoo siit\u00e4 yleis\u00f6lle. Fr\u00e9meaux\u2019n ja Jordanin mukaan viesti pit\u00e4\u00e4 v\u00e4litt\u00e4\u00e4 yleis\u00f6lle niin, ett\u00e4 se her\u00e4tt\u00e4\u00e4 huomion, j\u00e4\u00e4 mieleen ja kannustaa toimimaan.\u00a0<\/span><\/p>\n<p class=\"p1\"><span class=\"s1\">Vuosikymmeni\u00e4 aktivismin piiriss\u00e4 toimineen kaksikon mielest\u00e4 yksi kansalaisj\u00e4rjest\u00f6jen, aktivistien, tieteilij\u00f6iden ja vasemmiston iso ongelma onkin \u2013 hieman ristiriitaisesti \u2013 usko siihen, ett\u00e4 tieto on avain \u00adongelmiin. Suurelle yleis\u00f6lle voi kertoa vaikka sen, ett\u00e4 joka p\u00e4iv\u00e4 200 eli\u00f6\u00adlajia kuolee sukupuuttoon el\u00e4m\u00e4n\u00adtapamme takia, mutta t\u00e4m\u00e4n kertominen ei kuitenkaan tuota muutosta.<\/span><\/p>\n<p class=\"p1\"><span class=\"s1\">\u201dTaiteen ja aktivismin ja\u00a0artivismin\u00a0rooli on koskettaa ihmisten haluja. Rationaalinen ajattelu ei muuta ihmisi\u00e4, halut ja toiveet muuttavat. T\u00e4ss\u00e4 kapitalismi on eritt\u00e4in taitava. Mainonta vetoaa juuri haluihimme, ja usein me kriitikot vetoamme aivan liikaa rationaalisuuteen\u201d, Fr\u00e9meaux toteaa.\u00a0<\/span><\/p>\n<p class=\"p1\"><span class=\"s1\">Mainonta ohittaa analyyttisen mielen ja sukeltaa suoraan vastaanottajan tunteisiin, josta se sitten luikertelee muuallekin. Aktivistien ja tiedeyhteis\u00f6n pit\u00e4isi ottaa t\u00e4st\u00e4 opikseen. Taistelu ilmastonmuutosta vastaan on samalla taistelu ihmisten syd\u00e4mist\u00e4.\u00a0<\/span><\/p>\n<p class=\"p1\"><span class=\"s1\">Jordan ja Fr\u00e9meux kutsuvat tempauksiaan kokeiksi, sill\u00e4 kokeilla \u2013 kuten meill\u00e4 kaikilla \u2013 on aina my\u00f6s lupa ep\u00e4\u00adonnistua.\u00a0<\/span><\/p>\n<figure id=\"attachment_13640\" aria-describedby=\"caption-attachment-13640\" style=\"width: 400px\" class=\"wp-caption alignright\"><img decoding=\"async\" class=\" wp-image-13640\" src=\"https:\/\/voima.fi\/hairikot\/wp-content\/uploads\/sites\/9\/2020\/04\/Camdenfor-Print.jpg\" alt=\"Ensimm\u00e4inen Reclaim the Streets -tapahtuma k\u00e4ynnistyi lavastetulla kolarilla Lontoon Camden Townissa vuonna 1995. Ideana oli vallata kaupunkitilaa autoilta ihmisille\u00a0 ja esitett\u00e4\u00e4 vaihtoehtoinen tapa k\u00e4ytt\u00e4\u00e4 julkista tilaa. KUVA\u00a0Nick Cobbing \" width=\"400\" height=\"263\" \/><figcaption id=\"caption-attachment-13640\" class=\"wp-caption-text\">Ensimm\u00e4inen Reclaim the Streets -tapahtuma k\u00e4ynnistyi lavastetulla kolarilla Lontoon Camden Townissa vuonna 1995. Ideana oli vallata kaupunkitilaa autoilta ihmisille\u00a0<br \/>ja esitett\u00e4\u00e4 vaihtoehtoinen tapa k\u00e4ytt\u00e4\u00e4 julkista tilaa.<br \/>KUVA\u00a0Nick Cobbing<\/figcaption><\/figure>\n<p class=\"p1\"><span class=\"s1\">Jordan aloitti\u00a0yhteiskunnallisen ja yhteis\u00f6llisen ty\u00f6n parissa jo 1980-luvulla. Seuraavan vuosikymmenen puoliv\u00e4liss\u00e4 h\u00e4n oli perustamassa kansainv\u00e4liseksi ilmi\u00f6ksi kasvanutta <a href=\"https:\/\/fi.wikipedia.org\/wiki\/Reclaim_the_Streets\" class=\"external\" rel=\"nofollow\">Reclaim the Streets<\/a> -liikett\u00e4, joka haastoi k\u00e4sitykset siit\u00e4, mit\u00e4 julkisessa tilassa saa tehd\u00e4. Samalla h\u00e4n toimi luennoitsijana Sheffield Hallam -yliopistossa ja ty\u00f6skenteli\u00a0<strong>Naomi Kleinin<\/strong>\u00a0The Take\u00a0-elokuvan parissa. Laboratorio of Insurrectionary Imagination -kollektiivin my\u00f6t\u00e4 Jordan on muun muassa j\u00e4rjest\u00e4nyt py\u00f6r\u00e4mielenosoituksia K\u00f6\u00f6penhaminan COP15-ilmasto\u00adkokouksen aikana ja heitellyt pankkiireja lumipalloilla.\u00a0<\/span><\/p>\n<p class=\"p1\"><span class=\"s1\">Fr\u00e9meaux luopui vuonna 2011 media- ja kulttuuritutkimuksen dosentin teht\u00e4vist\u00e4\u00e4n Lontoon Birkbeck College -yliopistossa ja on sittemmin keskittynyt toiminnalliseen aktivismiin.<\/span><\/p>\n<p class=\"p1\"><span class=\"s1\">Fr\u00e9meaux ja Jordan ovat asuneet vuosia L\u00e4nsi-Ranskassa Notre-Dame-des-Landesin ZAD-yhteis\u00f6ss\u00e4. ZADin nimi tulee ranskankielisest\u00e4 k\u00e4sitteest\u00e4\u00a0zone \u00e0 d\u00e9fendre (\u201dpuolustettava alue\u201d),\u00a0ja pelkk\u00e4 asuminen siell\u00e4 on vastarinnan kulttuuria.<\/span><\/p>\n<p class=\"p1\"><span class=\"s1\">\u201dReilun 1\u2009600 hehtaarin laajuinen alue on ollut 50 vuoden ajan viljelij\u00f6iden ja aktivistien valtaama. Sinne kaavailtiin aikanaan uutta kansainv\u00e4list\u00e4 lentokentt\u00e4\u00e4\u201d, Jordan kertoo ja jatkaa: \u201dAlueella on 70 asuntoa, joissa asuu pysyv\u00e4sti noin 300 henkil\u00f6\u00e4. Meill\u00e4 on oma radioasemamme, oma sanoma\u00adlehtemme, oma leipomo ja terveyspalvelut sek\u00e4 oma j\u00e4rjestyksenvalvonta \u2013 poliisin ei ole tarvinnut k\u00e4yd\u00e4 alueella vuosiin.\u201d<\/span><\/p>\n<p class=\"p1\"><span class=\"s1\">Yhteis\u00f6 voitti juuri viimeisimm\u00e4n oikeustaiston valtiota vastaan ja lentokentt\u00e4hanke hyl\u00e4ttiin. Samalla valtio tosin ilmoitti h\u00e4\u00e4t\u00e4v\u00e4ns\u00e4 asukkaat joka tapauksessa.<\/span><\/p>\n<p class=\"p1\"><span class=\"s1\">\u201dMutta saamme paljon tukea ulkopuolisilta. Aina kun j\u00e4rjest\u00e4mme toimintaa, meill\u00e4 on tuhansia, jopa kymmeni\u00e4tuhansia ihmisi\u00e4 tukemassa meit\u00e4. Meill\u00e4 on siis k\u00e4ynniss\u00e4 koe, joka osoittaa, ett\u00e4 paikallisen tason suora toiminta voi olla hyvin tehokas ja toimiva.\u201d<\/span><\/p>\n<p class=\"p1\"><span class=\"s1\">Asuminen ZADissa tekee el\u00e4m\u00e4st\u00e4 my\u00f6s altista ik\u00e4ville yll\u00e4tyksille, Jordan kertoo.\u00a0<\/span><\/p>\n<p class=\"p1\"><span class=\"s1\">\u201dHuhtikuun 9. p\u00e4iv\u00e4n\u00e4 viranomaiset aloittivat suuren operaation h\u00e4\u00e4t\u00e4\u00e4kseen meid\u00e4t asunnoistamme: paikalle saapui puolitoista tuhatta poliisia tankkien ja dronejen ja helikoptereiden kanssa. Poliisit ampuivat leiriin tuhansia kyynelkaasukranaatteja.\u201d<\/span><\/p>\n<figure id=\"attachment_13641\" aria-describedby=\"caption-attachment-13641\" style=\"width: 398px\" class=\"wp-caption alignright\"><img decoding=\"async\" class=\" wp-image-13641\" src=\"https:\/\/voima.fi\/hairikot\/wp-content\/uploads\/sites\/9\/2020\/04\/Climate-Camp.jpg\" alt=\"The Camp for Climate Action UK 2007 Heathrow-lentokent\u00e4n laajennushanketta vastustavien Climate Camp 2007 -mielenosoittajien kilpiin on painettu ilmastonmuutoksesta k\u00e4rsivien ihmisten kasvoja. KUVA\u00a0Kristian Buss \" width=\"398\" height=\"265\" \/><figcaption id=\"caption-attachment-13641\" class=\"wp-caption-text\">Heathrow-lentokent\u00e4n laajennushanketta vastustavien Climate Camp 2007 -mielenosoittajien kilpiin on painettu ilmastonmuutoksesta k\u00e4rsivien ihmisten kasvoja.<br \/>KUVA\u00a0Kristian Buss<\/figcaption><\/figure>\n<p class=\"p1\"><span class=\"s1\"><strong>Aktivistien esitt\u00e4m\u00e4<\/strong>\u00a0vaatimus jatkuvan kasvun ideologian ja kapitalismin kumoamisesta on tietenkin r\u00f6yhke\u00e4 ja hieman utopistinenkin. Jordan ei kuitenkaan pid\u00e4 sit\u00e4 kohtuuttomana tai edes mahdottomana.<\/span><\/p>\n<p class=\"p1\"><span class=\"s1\">\u201dJos mietimme 300 vuotta taaksep\u00e4in, silloin enemmist\u00f6n mielest\u00e4 tummaihoisilla ihmisill\u00e4 ei ollut sieluja ja oli t\u00e4ysin sopivaa pit\u00e4\u00e4 heit\u00e4 orjina. T\u00e4m\u00e4 vaikutti mahdottomalta muuttaa, mik\u00e4 t\u00e4n\u00e4\u00e4n tuntuu t\u00e4ysin absurdilta.\u201d<\/span><\/p>\n<p class=\"p1\"><span class=\"s1\">Toiseksi esimerkiksi Jordan nostaa kuninkaalliset. Viel\u00e4 300 vuotta sitten heid\u00e4n uskottiin hallitsevan Jumalan armosta. T\u00e4m\u00e4kin tuntuu nyky\u00e4\u00e4n jo absurdilta.<\/span><\/p>\n<p class=\"p1\"><span class=\"s1\">\u201dJonain p\u00e4iv\u00e4n\u00e4 jatkuva kasvu ja teollinen kapitalismi ja niiden halu nostaa raha el\u00e4m\u00e4n yl\u00e4puolelle tulevat n\u00e4ytt\u00e4ytym\u00e4\u00e4n yht\u00e4 absurdeina ajatuksina. Saavuttaaksemme t\u00e4m\u00e4n tarvitsemme monenlaisia ty\u00f6kaluja. Yht\u00e4 niist\u00e4 nimit\u00e4mme vastarinnan kulttuuriksi.\u201d<\/span><\/p>\n<p class=\"p1\"><span class=\"s1\">Kulttuuriin kuuluu oppiminen toisilta. Fr\u00e9meux sanoo sen my\u00f6s syyksi matkalle Suomeen.<\/span><\/p>\n<p class=\"p1\"><span class=\"s1\">\u201dEmme halua toimia vain meta\u00adtasolla, jossa aktivistit el\u00e4v\u00e4t ja liikkuvat kesken\u00e4\u00e4n maasta toiseen ja kokouk\u00adsista konfe\u00adrensseihin.\u201d<\/span><\/p>\n<p class=\"p1\"><span class=\"s1\">Fr\u00e9meux kuvailee, kuinka h\u00e4nen aktivismiturismiksi m\u00e4\u00e4rittelem\u00e4 ilmi\u00f6 voi kehitty\u00e4 niin, ett\u00e4 yhteiskuntien yl\u00e4puolella leijuu oma aktivistien kerros, jolla ei ole todellista kosketusta ymp\u00e4r\u00f6iv\u00e4\u00e4n yhteiskuntaan. Aktivisteille on elint\u00e4rke\u00e4\u00e4 ty\u00f6skennell\u00e4 monenlaisten ihmisten kanssa ja l\u00f6yt\u00e4\u00e4 paikalliset ongelmat, joista ihmiset saavat otteen. Yksi ilmastonmuutokseen liittyv\u00e4 ongelma esimerkiksi on se, ett\u00e4 aihe on niin abstrakti ja suunnaton.\u00a0<\/span><\/p>\n<p class=\"p1\"><span class=\"s1\">\u201dIhmisi\u00e4 on aika vaikea saada barrikadeille molekyyleill\u00e4 ja niiden osuudella ilmakeh\u00e4st\u00e4\u201d, Jordan selvent\u00e4\u00e4. Vaikuttavuuteen pyrkivien aktivistien on l\u00f6ydett\u00e4v\u00e4 kaikkialta niit\u00e4 paikallisia mekanismeja, joihin vaikuttamalla voi vaikuttaa vaikka ilmastonmuutokseen.<\/span><\/p>\n<p class=\"p1\"><span class=\"s1\">\u201dJa toiminnan my\u00f6t\u00e4 pit\u00e4\u00e4 aina tarjota vaihtoehtoja kritisoidulle asialle\u201d, Jordan muistuttaa.<\/span><\/p>\n<figure id=\"attachment_13642\" aria-describedby=\"caption-attachment-13642\" style=\"width: 399px\" class=\"wp-caption alignright\"><img decoding=\"async\" class=\" wp-image-13642\" src=\"https:\/\/voima.fi\/hairikot\/wp-content\/uploads\/sites\/9\/2020\/04\/snowballhighres-scaled.jpg\" alt=\"The People vs. Banksters -tempaus. Helmikuussa 2009 Lontoossa n\u00e4htiin ep\u00e4tavallisen runsaat lumisateet. Tuolloin syntyi spontaani ajatus ker\u00e4\u00e4nty\u00e4 \u00f6ljy- ja kaasuteollisuutta rahoittavan Royal Bank of Scotland -pankin edustalle ja haastaa pankkiirit lumisotaan. Muutama pankin ty\u00f6ntekij\u00e4 osallistui lumisotaan. \" width=\"399\" height=\"266\" \/><figcaption id=\"caption-attachment-13642\" class=\"wp-caption-text\">The People vs. Banksters -tempaus. Helmikuussa 2009 Lontoossa n\u00e4htiin ep\u00e4tavallisen runsaat lumisateet. Tuolloin syntyi spontaani ajatus ker\u00e4\u00e4nty\u00e4 \u00f6ljy- ja kaasuteollisuutta rahoittavan Royal Bank of Scotland -pankin edustalle ja haastaa pankkiirit lumisotaan. Muutama pankin ty\u00f6ntekij\u00e4 osallistui lumisotaan.<\/figcaption><\/figure>\n<p class=\"p1\"><span class=\"s1\">Kumpikaan kaksikosta\u00a0ei karsasta ajatusta lain rikkomisesta tarvittaessa, mik\u00e4 n\u00e4kyy jo heid\u00e4n valitsemassaan asumisratkaisussa. Molemmat huomauttavat, ett\u00e4 toisinaan s\u00e4\u00e4nt\u00f6jen rikkominen on moraalisesti ainoa oikea valinta.<\/span><\/p>\n<p class=\"p1\"><span class=\"s1\">\u201dAloitamme harjoituksemme aina sill\u00e4, ett\u00e4 pyyd\u00e4mme kaikkia naiseksi identifioituvia ja housuihin pukeutuneita nousemaan seisomaan. Sen j\u00e4lkeen pyyd\u00e4mme kaikkia ehk\u00e4isy\u00e4 k\u00e4ytt\u00e4neit\u00e4 nousemaan seisomaan. Pyyd\u00e4mme kaikkia ammattiliittoon kuuluvia tai kuuluneita nousemaan seisomaan. Kaikkia lakkoon osallistuneita nousemaan. Kaikkia itsen\u00e4isi\u00e4 ja riippumattomia sanomalehti\u00e4 lukeneita nousemaan. Ja sitten kysymme: \u2018Mik\u00e4 yhdist\u00e4\u00e4 teit\u00e4 kaikkia?\u2019\u201d<\/span><\/p>\n<p class=\"p1\"><span class=\"s1\">Jordan vastaa esitt\u00e4m\u00e4\u00e4ns\u00e4 kysymykseen saman tien: \u201dKaikkia listaamiamme asioita yhdist\u00e4\u00e4 se, ett\u00e4 ne ovat olleet kiellettyj\u00e4 ja ett\u00e4 niiden kieltoja on vastustettu tottelemattomuuden kautta.\u201d\u00a0<\/span><\/p>\n<figure id=\"attachment_13643\" aria-describedby=\"caption-attachment-13643\" style=\"width: 401px\" class=\"wp-caption alignright\"><img decoding=\"async\" class=\" wp-image-13643\" src=\"https:\/\/voima.fi\/hairikot\/wp-content\/uploads\/sites\/9\/2020\/04\/C.R.A.P..jpg\" alt=\"Tammikuussa Jordan ja Fr\u00e9meaux opettivat Brysselin Royal Institute for Theatre, Cinema &amp; Soundissa. Opiskelijat suunnittelivat ja toteuttivat kurssin aikana projektin, jolla he halusivat kiinnitt\u00e4\u00e4 huomiota siihen, kuinka eri tavoin kaupungin ulkomaisiin asukkaisiin suhtaudutaan. L\u00e4hes 70 prosenttia kaupungin asukkaista omaa ulkomaiset juuret. Termill\u00e4 &quot;migrants&quot; viitataan maahanmuuttajiin, jotka saapuvat esimerkiksi pakolaisina ja kehittyvist\u00e4 maista. Termill\u00e4 &quot;expats&quot; puolestaan viitataan maahanmuutajiin, jotka tulevat ty\u00f6n per\u00e4ss\u00e4 l\u00e4nsimaista. C.R.A.P. -projektin osana opiskelijat tulostivat &quot;migrants&quot; ja &quot;expats&quot; -teksteill\u00e4 varustettuja opastustarroja, jotka liimattiin kaupungin metroasemille liukuportaiden alap\u00e4\u00e4h\u00e4n. L\u00e4nsimaiset maahanmuuttajat ohjatiin yl\u00f6s johtaville liukuportaille ja muut maahanmuuttajat ohjattiin alasp\u00e4in johtaville portaille. Tarkoituksena oli demonstroida, kuinka toisten arki oli kamppailua yl\u00e4m\u00e4keen pelk\u00e4st\u00e4\u00e4n syntyper\u00e4n takia. Kuva: Emma De Poot\" width=\"401\" height=\"301\" \/><figcaption id=\"caption-attachment-13643\" class=\"wp-caption-text\">Tammikuussa Jordan ja Fr\u00e9meaux opettivat Brysselin Royal Institute for Theatre, Cinema &amp; Soundissa. Opiskelijat, jotka eiv\u00e4t aikaisemmin olleet luvatonta aktivismia tehneet suunnittelivat ja toteuttivat kurssin aikana projektin, joka hy\u00f6dynsi luovaa vastarintaa ja kansalaistottelemattomuutta. He halusivat kiinnitt\u00e4\u00e4 huomiota siihen, kuinka eri tavoin kaupungin ulkomaisiin asukkaisiin suhtaudutaan. L\u00e4hes 70 prosenttia kaupungin asukkaista omaa ulkomaiset juuret. Termill\u00e4 &#8221;migrants&#8221; viitataan maahanmuuttajiin, jotka saapuvat esimerkiksi pakolaisina ja kehittyvist\u00e4 maista. Termill\u00e4 &#8221;expats&#8221; puolestaan viitataan maahanmuutajiin, jotka tulevat ty\u00f6n per\u00e4ss\u00e4 l\u00e4nsimaista.<br \/>C.R.A.P. -projektin osana opiskelijat tulostivat &#8221;migrants&#8221; ja &#8221;expats&#8221; -teksteill\u00e4 varustettuja opastustarroja, jotka liimattiin kaupungin metroasemille liukuportaiden alap\u00e4\u00e4h\u00e4n. L\u00e4nsimaiset maahanmuuttajat ohjatiin yl\u00f6s johtaville liukuportaille ja muut maahanmuuttajat ohjattiin alasp\u00e4in johtaville portaille. Tarkoituksena oli demonstroida, kuinka toisten arki oli kamppailua yl\u00e4m\u00e4keen pelk\u00e4st\u00e4\u00e4n syntyper\u00e4n takia.<br \/>Kuva: Emma De Poot<\/figcaption><\/figure>\n<p class=\"p1\"><span class=\"s1\">H\u00e4n siteeraa\u00a0<b>Oscar Wildea<\/b>, jonka mukaan tottelemattomuus on ihmisen alkuper\u00e4inen hyve ja jonka mukaan kehitys on aina seurausta tottelemattomuudesta. Fr\u00e9meaux kuitenkin muistuttaa, ett\u00e4 kapina silkasta kapinan ilosta ei ole viel\u00e4 itsess\u00e4\u00e4n merkityksellist\u00e4.<\/span><\/p>\n<p class=\"p1\"><span class=\"s1\">\u201dToisinaan aktivistipiireiss\u00e4 esiintyy my\u00f6s pakkomiellett\u00e4, ett\u00e4 on rikottava s\u00e4\u00e4nt\u00f6j\u00e4. Minulle kyse on strategiasta \u2013 siit\u00e4, ett\u00e4 l\u00f6yt\u00e4\u00e4 kulloinkin parhaan tavan toimia. Ei minua kiinnosta tehd\u00e4 jotain vain siksi, ett\u00e4 se on laitonta, enk\u00e4 j\u00e4t\u00e4 mielest\u00e4ni oikeaa \u00adasiaa tekem\u00e4tt\u00e4 siksi, ett\u00e4 se on laitonta.\u201d<\/span><\/p>\n<p class=\"p1\"><span class=\"s1\">S\u00e4\u00e4nn\u00f6t ja lait muuttuvat aina ennemmin tai my\u00f6hemmin, eik\u00e4 vastarinnan kulttuuri tarkoita, ett\u00e4 kaik\u00adkien tarvitsisi rikkoa lakia.<\/span><\/p>\n<p class=\"p1\"><span class=\"s1\">\u201dJokaisen on t\u00e4rke\u00e4 l\u00f6yt\u00e4\u00e4 oma tapansa ja tahtinsa toimia\u201d, Fr\u00e9meaux toteaa.\u00a0<\/span><\/p>\n<p class=\"p3\"><span class=\"s2\">\u201dMe emme ole mik\u00e4\u00e4n aktivistitehdas, vaan tavoitteenamme on opettaa ja kannustaa ihmisi\u00e4 luottamaan itseens\u00e4 ja saavuttamaan kapasiteettinsa. Olemme kaikki kusessa, ellemme saa itsest\u00e4mme enemm\u00e4n irti. Yhdess\u00e4 l\u00f6yd\u00e4mme voiman kohdata se absoluuttisen massiivinen vastus, joka meill\u00e4 on edess\u00e4mme.\u201d<\/span><\/p>\n<p><iframe title=\"John Jordan on Creative Activism\" width=\"1200\" height=\"675\" src=\"https:\/\/www.youtube.com\/embed\/WPQ2MyLwiJI?&#038;showinfo=0&#038;rel=0&#038;modestbranding=1&#038;iv_load_policy=3&#038;color=white\" frameborder=\"0\" allow=\"accelerometer; autoplay; encrypted-media; gyroscope; picture-in-picture\" allowfullscreen><\/iframe><\/p>\n<p><em>John Jordanin luento vuodelta 2016.<\/em><\/p>\n","protected":false},"excerpt":{"rendered":"<p>Pelkk\u00e4 tieto ei riit\u00e4, vastarinnan veteraanit kertovat. Taiteen ja aktivismin tulee koskettaa ihmisten haluja.<\/p>\n","protected":false},"author":122,"featured_media":16857,"comment_status":"open","ping_status":"open","sticky":false,"template":"","format":"standard","meta":{"footnotes":""},"categories":[4],"tags":[63,177,579,865,936,943,1260,2437],"yoast_head":"<!-- This site is optimized with the Yoast SEO plugin v22.7 - https:\/\/yoast.com\/wordpress\/plugins\/seo\/ -->\n<title>Koe maailman muuttamiseksi - H\u00e4irik\u00f6t-p\u00e4\u00e4maja<\/title>\n<meta name=\"robots\" content=\"index, follow, max-snippet:-1, max-image-preview:large, max-video-preview:-1\" \/>\n<link rel=\"canonical\" href=\"https:\/\/voima.fi\/hairikot\/artikkeli\/koe-maailman-muuttamiseksi\/\" \/>\n<meta property=\"og:locale\" content=\"fi_FI\" \/>\n<meta property=\"og:type\" content=\"article\" \/>\n<meta property=\"og:title\" content=\"Koe maailman muuttamiseksi - H\u00e4irik\u00f6t-p\u00e4\u00e4maja\" \/>\n<meta property=\"og:description\" content=\"Pelkk\u00e4 tieto ei riit\u00e4, vastarinnan veteraanit kertovat. Taiteen ja aktivismin tulee koskettaa ihmisten haluja.\" \/>\n<meta property=\"og:url\" content=\"https:\/\/voima.fi\/hairikot\/artikkeli\/koe-maailman-muuttamiseksi\/\" \/>\n<meta property=\"og:site_name\" content=\"H\u00e4irik\u00f6t-p\u00e4\u00e4maja\" \/>\n<meta property=\"article:published_time\" content=\"2018-06-05T21:00:00+00:00\" \/>\n<meta property=\"article:modified_time\" content=\"2020-08-10T11:01:56+00:00\" \/>\n<meta property=\"og:image\" content=\"https:\/\/voima.fi\/hairikot\/wp-content\/uploads\/sites\/9\/2020\/04\/CIRCA-KISS-HIGH-RES.jpg\" \/>\n\t<meta property=\"og:image:width\" content=\"2272\" \/>\n\t<meta property=\"og:image:height\" content=\"1704\" \/>\n\t<meta property=\"og:image:type\" content=\"image\/jpeg\" \/>\n<meta name=\"author\" content=\"Jari Tamminen\" \/>\n<meta name=\"twitter:card\" content=\"summary_large_image\" \/>\n<meta name=\"twitter:label1\" content=\"Kirjoittanut\" \/>\n\t<meta name=\"twitter:data1\" content=\"Jari Tamminen\" \/>\n\t<meta name=\"twitter:label2\" content=\"Arvioitu lukuaika\" \/>\n\t<meta name=\"twitter:data2\" content=\"8 minuuttia\" \/>\n<script type=\"application\/ld+json\" class=\"yoast-schema-graph\">{\"@context\":\"https:\/\/schema.org\",\"@graph\":[{\"@type\":\"WebPage\",\"@id\":\"https:\/\/voima.fi\/hairikot\/artikkeli\/koe-maailman-muuttamiseksi\/\",\"url\":\"https:\/\/voima.fi\/hairikot\/artikkeli\/koe-maailman-muuttamiseksi\/\",\"name\":\"Koe maailman muuttamiseksi - H\u00e4irik\u00f6t-p\u00e4\u00e4maja\",\"isPartOf\":{\"@id\":\"https:\/\/voima.fi\/hairikot\/#website\"},\"primaryImageOfPage\":{\"@id\":\"https:\/\/voima.fi\/hairikot\/artikkeli\/koe-maailman-muuttamiseksi\/#primaryimage\"},\"image\":{\"@id\":\"https:\/\/voima.fi\/hairikot\/artikkeli\/koe-maailman-muuttamiseksi\/#primaryimage\"},\"thumbnailUrl\":\"https:\/\/voima.fi\/hairikot\/wp-content\/uploads\/sites\/9\/2020\/04\/CIRCA-KISS-HIGH-RES.jpg\",\"datePublished\":\"2018-06-05T21:00:00+00:00\",\"dateModified\":\"2020-08-10T11:01:56+00:00\",\"author\":{\"@id\":\"https:\/\/voima.fi\/hairikot\/#\/schema\/person\/523ff68c19f1381d78529f38bb76e7fe\"},\"breadcrumb\":{\"@id\":\"https:\/\/voima.fi\/hairikot\/artikkeli\/koe-maailman-muuttamiseksi\/#breadcrumb\"},\"inLanguage\":\"fi\",\"potentialAction\":[{\"@type\":\"ReadAction\",\"target\":[\"https:\/\/voima.fi\/hairikot\/artikkeli\/koe-maailman-muuttamiseksi\/\"]}]},{\"@type\":\"ImageObject\",\"inLanguage\":\"fi\",\"@id\":\"https:\/\/voima.fi\/hairikot\/artikkeli\/koe-maailman-muuttamiseksi\/#primaryimage\",\"url\":\"https:\/\/voima.fi\/hairikot\/wp-content\/uploads\/sites\/9\/2020\/04\/CIRCA-KISS-HIGH-RES.jpg\",\"contentUrl\":\"https:\/\/voima.fi\/hairikot\/wp-content\/uploads\/sites\/9\/2020\/04\/CIRCA-KISS-HIGH-RES.jpg\",\"width\":2272,\"height\":1704,\"caption\":\"Give a kiss!\"},{\"@type\":\"BreadcrumbList\",\"@id\":\"https:\/\/voima.fi\/hairikot\/artikkeli\/koe-maailman-muuttamiseksi\/#breadcrumb\",\"itemListElement\":[{\"@type\":\"ListItem\",\"position\":1,\"name\":\"Home\",\"item\":\"https:\/\/voima.fi\/hairikot\/\"},{\"@type\":\"ListItem\",\"position\":2,\"name\":\"Koe maailman muuttamiseksi\"}]},{\"@type\":\"WebSite\",\"@id\":\"https:\/\/voima.fi\/hairikot\/#website\",\"url\":\"https:\/\/voima.fi\/hairikot\/\",\"name\":\"H\u00e4irik\u00f6t-p\u00e4\u00e4maja\",\"description\":\"\",\"potentialAction\":[{\"@type\":\"SearchAction\",\"target\":{\"@type\":\"EntryPoint\",\"urlTemplate\":\"https:\/\/voima.fi\/hairikot\/?s={search_term_string}\"},\"query-input\":\"required name=search_term_string\"}],\"inLanguage\":\"fi\"},{\"@type\":\"Person\",\"@id\":\"https:\/\/voima.fi\/hairikot\/#\/schema\/person\/523ff68c19f1381d78529f38bb76e7fe\",\"name\":\"Jari Tamminen\",\"image\":{\"@type\":\"ImageObject\",\"inLanguage\":\"fi\",\"@id\":\"https:\/\/voima.fi\/hairikot\/#\/schema\/person\/image\/\",\"url\":\"https:\/\/secure.gravatar.com\/avatar\/e5c0bb16f2efc1924afe37fc190f8ce1?s=96&d=blank&r=g\",\"contentUrl\":\"https:\/\/secure.gravatar.com\/avatar\/e5c0bb16f2efc1924afe37fc190f8ce1?s=96&d=blank&r=g\",\"caption\":\"Jari Tamminen\"},\"description\":\"Kulttuurih\u00e4irint\u00e4 on taiteen ja aktivismin j\u00e4nnitt\u00e4v\u00e4\u00e4 lomittumista: odottamaton performanssi katuvilin\u00e4ss\u00e4, vallattuja mainostauluja ja mainosparodioita. Se on k\u00e4site, joka yhdist\u00e4\u00e4 yhteiskunnallista kommentaaria ja luovaa vastarintaa. T\u00e4ss\u00e4 blogissa Voiman Jari Tamminen hahmottaa maailmaa kulttuurih\u00e4irinn\u00e4n n\u00e4k\u00f6kulmasta. Lis\u00e4\u00e4 Tammisen huomioita kulttuurih\u00e4irinn\u00e4st\u00e4 voi lukea Voimasta, H\u00e4irik\u00f6t \u2013 Kulttuurih\u00e4irinn\u00e4n aakkoset -kirjasta ja p\u00e4ivitt\u00e4in osoitteesta www.facebook.com\/hairikot.\",\"sameAs\":[\"http:\/\/www.facebook.com\/hairikot\"],\"url\":\"https:\/\/voima.fi\/hairikot\/artikkeli\/author\/hairikko\/\"}]}<\/script>\n<!-- \/ Yoast SEO plugin. -->","yoast_head_json":{"title":"Koe maailman muuttamiseksi - H\u00e4irik\u00f6t-p\u00e4\u00e4maja","robots":{"index":"index","follow":"follow","max-snippet":"max-snippet:-1","max-image-preview":"max-image-preview:large","max-video-preview":"max-video-preview:-1"},"canonical":"https:\/\/voima.fi\/hairikot\/artikkeli\/koe-maailman-muuttamiseksi\/","og_locale":"fi_FI","og_type":"article","og_title":"Koe maailman muuttamiseksi - H\u00e4irik\u00f6t-p\u00e4\u00e4maja","og_description":"Pelkk\u00e4 tieto ei riit\u00e4, vastarinnan veteraanit kertovat. Taiteen ja aktivismin tulee koskettaa ihmisten haluja.","og_url":"https:\/\/voima.fi\/hairikot\/artikkeli\/koe-maailman-muuttamiseksi\/","og_site_name":"H\u00e4irik\u00f6t-p\u00e4\u00e4maja","article_published_time":"2018-06-05T21:00:00+00:00","article_modified_time":"2020-08-10T11:01:56+00:00","og_image":[{"width":2272,"height":1704,"url":"https:\/\/voima.fi\/hairikot\/wp-content\/uploads\/sites\/9\/2020\/04\/CIRCA-KISS-HIGH-RES.jpg","type":"image\/jpeg"}],"author":"Jari Tamminen","twitter_card":"summary_large_image","twitter_misc":{"Kirjoittanut":"Jari Tamminen","Arvioitu lukuaika":"8 minuuttia"},"schema":{"@context":"https:\/\/schema.org","@graph":[{"@type":"WebPage","@id":"https:\/\/voima.fi\/hairikot\/artikkeli\/koe-maailman-muuttamiseksi\/","url":"https:\/\/voima.fi\/hairikot\/artikkeli\/koe-maailman-muuttamiseksi\/","name":"Koe maailman muuttamiseksi - H\u00e4irik\u00f6t-p\u00e4\u00e4maja","isPartOf":{"@id":"https:\/\/voima.fi\/hairikot\/#website"},"primaryImageOfPage":{"@id":"https:\/\/voima.fi\/hairikot\/artikkeli\/koe-maailman-muuttamiseksi\/#primaryimage"},"image":{"@id":"https:\/\/voima.fi\/hairikot\/artikkeli\/koe-maailman-muuttamiseksi\/#primaryimage"},"thumbnailUrl":"https:\/\/voima.fi\/hairikot\/wp-content\/uploads\/sites\/9\/2020\/04\/CIRCA-KISS-HIGH-RES.jpg","datePublished":"2018-06-05T21:00:00+00:00","dateModified":"2020-08-10T11:01:56+00:00","author":{"@id":"https:\/\/voima.fi\/hairikot\/#\/schema\/person\/523ff68c19f1381d78529f38bb76e7fe"},"breadcrumb":{"@id":"https:\/\/voima.fi\/hairikot\/artikkeli\/koe-maailman-muuttamiseksi\/#breadcrumb"},"inLanguage":"fi","potentialAction":[{"@type":"ReadAction","target":["https:\/\/voima.fi\/hairikot\/artikkeli\/koe-maailman-muuttamiseksi\/"]}]},{"@type":"ImageObject","inLanguage":"fi","@id":"https:\/\/voima.fi\/hairikot\/artikkeli\/koe-maailman-muuttamiseksi\/#primaryimage","url":"https:\/\/voima.fi\/hairikot\/wp-content\/uploads\/sites\/9\/2020\/04\/CIRCA-KISS-HIGH-RES.jpg","contentUrl":"https:\/\/voima.fi\/hairikot\/wp-content\/uploads\/sites\/9\/2020\/04\/CIRCA-KISS-HIGH-RES.jpg","width":2272,"height":1704,"caption":"Give a kiss!"},{"@type":"BreadcrumbList","@id":"https:\/\/voima.fi\/hairikot\/artikkeli\/koe-maailman-muuttamiseksi\/#breadcrumb","itemListElement":[{"@type":"ListItem","position":1,"name":"Home","item":"https:\/\/voima.fi\/hairikot\/"},{"@type":"ListItem","position":2,"name":"Koe maailman muuttamiseksi"}]},{"@type":"WebSite","@id":"https:\/\/voima.fi\/hairikot\/#website","url":"https:\/\/voima.fi\/hairikot\/","name":"H\u00e4irik\u00f6t-p\u00e4\u00e4maja","description":"","potentialAction":[{"@type":"SearchAction","target":{"@type":"EntryPoint","urlTemplate":"https:\/\/voima.fi\/hairikot\/?s={search_term_string}"},"query-input":"required name=search_term_string"}],"inLanguage":"fi"},{"@type":"Person","@id":"https:\/\/voima.fi\/hairikot\/#\/schema\/person\/523ff68c19f1381d78529f38bb76e7fe","name":"Jari Tamminen","image":{"@type":"ImageObject","inLanguage":"fi","@id":"https:\/\/voima.fi\/hairikot\/#\/schema\/person\/image\/","url":"https:\/\/secure.gravatar.com\/avatar\/e5c0bb16f2efc1924afe37fc190f8ce1?s=96&d=blank&r=g","contentUrl":"https:\/\/secure.gravatar.com\/avatar\/e5c0bb16f2efc1924afe37fc190f8ce1?s=96&d=blank&r=g","caption":"Jari Tamminen"},"description":"Kulttuurih\u00e4irint\u00e4 on taiteen ja aktivismin j\u00e4nnitt\u00e4v\u00e4\u00e4 lomittumista: odottamaton performanssi katuvilin\u00e4ss\u00e4, vallattuja mainostauluja ja mainosparodioita. Se on k\u00e4site, joka yhdist\u00e4\u00e4 yhteiskunnallista kommentaaria ja luovaa vastarintaa. T\u00e4ss\u00e4 blogissa Voiman Jari Tamminen hahmottaa maailmaa kulttuurih\u00e4irinn\u00e4n n\u00e4k\u00f6kulmasta. Lis\u00e4\u00e4 Tammisen huomioita kulttuurih\u00e4irinn\u00e4st\u00e4 voi lukea Voimasta, H\u00e4irik\u00f6t \u2013 Kulttuurih\u00e4irinn\u00e4n aakkoset -kirjasta ja p\u00e4ivitt\u00e4in osoitteesta www.facebook.com\/hairikot.","sameAs":["http:\/\/www.facebook.com\/hairikot"],"url":"https:\/\/voima.fi\/hairikot\/artikkeli\/author\/hairikko\/"}]}},"enclosure":{"image":"https:\/\/voima.fi\/hairikot\/wp-content\/uploads\/sites\/9\/2020\/04\/CIRCA-KISS-HIGH-RES.jpg"},"meta:avatar":"","geolocation":[],"meta:youtube":null,"meta:vimeo":null,"meta:duration":null,"_links":{"self":[{"href":"https:\/\/voima.fi\/hairikot\/wp-json\/wp\/v2\/posts\/13636"}],"collection":[{"href":"https:\/\/voima.fi\/hairikot\/wp-json\/wp\/v2\/posts"}],"about":[{"href":"https:\/\/voima.fi\/hairikot\/wp-json\/wp\/v2\/types\/post"}],"author":[{"embeddable":true,"href":"https:\/\/voima.fi\/hairikot\/wp-json\/wp\/v2\/users\/122"}],"replies":[{"embeddable":true,"href":"https:\/\/voima.fi\/hairikot\/wp-json\/wp\/v2\/comments?post=13636"}],"version-history":[{"count":6,"href":"https:\/\/voima.fi\/hairikot\/wp-json\/wp\/v2\/posts\/13636\/revisions"}],"predecessor-version":[{"id":18123,"href":"https:\/\/voima.fi\/hairikot\/wp-json\/wp\/v2\/posts\/13636\/revisions\/18123"}],"wp:featuredmedia":[{"embeddable":true,"href":"https:\/\/voima.fi\/hairikot\/wp-json\/wp\/v2\/media\/16857"}],"wp:attachment":[{"href":"https:\/\/voima.fi\/hairikot\/wp-json\/wp\/v2\/media?parent=13636"}],"wp:term":[{"taxonomy":"category","embeddable":true,"href":"https:\/\/voima.fi\/hairikot\/wp-json\/wp\/v2\/categories?post=13636"},{"taxonomy":"post_tag","embeddable":true,"href":"https:\/\/voima.fi\/hairikot\/wp-json\/wp\/v2\/tags?post=13636"}],"curies":[{"name":"wp","href":"https:\/\/api.w.org\/{rel}","templated":true}]}}