{"id":13286,"date":"2018-02-02T00:00:00","date_gmt":"2018-02-01T22:00:00","guid":{"rendered":"http:\/\/voima.fi\/hairikot\/?post_type=artikkeli&#038;p=13286"},"modified":"2020-08-10T14:01:58","modified_gmt":"2020-08-10T11:01:58","slug":"itsekas-spektaakkeli","status":"publish","type":"post","link":"https:\/\/voima.fi\/hairikot\/artikkeli\/itsekas-spektaakkeli\/","title":{"rendered":"Itsek\u00e4s spektaakkeli"},"content":{"rendered":"<p class=\"p1\"><span class=\"s1\"><b>Pid\u00e4mme<\/b><\/span> itsekkyytt\u00e4 ennen kaikkea oman aikamme ilmi\u00f6n\u00e4. Olemme ilmeisen taitavia havaitsemaan sit\u00e4 ymp\u00e4rill\u00e4mme, muissa ihmisiss\u00e4, mutta emme yleens\u00e4 itsess\u00e4mme. Itsekkyydest\u00e4 on kuitenkin mit\u00e4 ilmeisimmin valitettu kautta aikain.<\/p>\n<p class=\"p2\">Esimerkiksi Saksan kansalliskirjailijoihin kuuluva <a href=\"https:\/\/fi.wikipedia.org\/wiki\/Friedrich_Schiller\" class=\"external\" rel=\"nofollow\"><b>Friedrich Schiller<\/b><\/a> valitti 1700-luvun lopulla yl\u00e4luokkien harjoittavan egoismia ja yhteiskunnan perustuvan liiallisen hy\u00f6dyn etsimiseen. <a href=\"https:\/\/fi.wikipedia.org\/wiki\/Friedrich_Nietzsche\" class=\"external\" rel=\"nofollow\"><b>Friedrich Nietzsche<\/b><\/a> (1844\u20131900) saa yh\u00e4 kaikupohjaa vahvatahtoisena, itsen\u00e4isen\u00e4 ja ehdottoman antiporvarillisena ajattelijana. Nietzsche my\u00f6s oli ratkaiseva yllyke ven\u00e4l\u00e4issyntyiselle <a href=\"http:\/\/voima.fi\/blog\/arkisto-voima\/tata-he-lukevat\/\"><b>Ayn Randille<\/b><\/a> (1905\u20131982), joka on Yhdysvalloissa vapaan kapitalismin ja teekutsuliikkeen avainhahmo. \u00adNietzsche ja Rand ovat itsekkyyden merkitt\u00e4vimpi\u00e4 puolustajia, kumpikin omalla tavallaan.<\/p>\n<p class=\"p2\">Aatehistoriaa pengottaessa hahmottuu seuraava huomio: itsekkyys on vapauden hinta. Mit\u00e4 vapaampia olemme, sit\u00e4 enemm\u00e4n joudumme tekemisiin itsekkyyden kanssa, koska vapaus v\u00e4\u00e4j\u00e4\u00e4m\u00e4tt\u00e4 korostaa yksil\u00f6n valtaa.<\/p>\n<figure id=\"attachment_13287\" aria-describedby=\"caption-attachment-13287\" style=\"width: 400px\" class=\"wp-caption alignright\"><img decoding=\"async\" class=\" wp-image-13287\" src=\"https:\/\/voima.fi\/hairikot\/wp-content\/uploads\/sites\/9\/2020\/04\/10.-Nodeal-Wahlroos-vastis-scaled.jpg\" alt=\"Pyh\u00e4 Bj\u00f6rn Ludvig XIV, eli Aurinkokuningas, muistetaan Ranskan kaikkien aikojen pitk\u00e4aikaisimpana hallitsijana (1643\u20131715) ja miehen\u00e4, joka ei ollut vaatimaton. H\u00e4n remontoi Versailles\u2019n palatsin nykyisenlaiseksi kitsch-kermakakuksi, jossa on\u00a0esimerkiksi kultainen huone. Pankkiiri Bj\u00f6rn Wahlroos ei ole syntyj\u00e4\u00e4n aatelinen, mutta rahaa h\u00e4n on onnistunut haalimaan. Kalvinistisen opin\u00a0mukaan menestys ja mammona ovat merkkej\u00e4 Jumalan suosiosta. Jos n\u00e4in tosiaan on, on Wahlroos ep\u00e4ilem\u00e4tt\u00e4 v\u00e4hint\u00e4\u00e4n pyhimys. Rahoillaan h\u00e4n on muun muassa ostanut kartanoita ja ujuttanut itsens\u00e4 Ruotsin kuninkaan kaveripiiriin \u2013 eli siis melkein siniverinen itsekin. \" width=\"400\" height=\"581\" \/><figcaption id=\"caption-attachment-13287\" class=\"wp-caption-text\">Pyh\u00e4 Bj\u00f6rn<br \/>Ludvig XIV, eli Aurinkokuningas, muistetaan Ranskan kaikkien aikojen pitk\u00e4aikaisimpana hallitsijana (1643\u20131715) ja miehen\u00e4, joka ei ollut vaatimaton. H\u00e4n remontoi Versailles\u2019n palatsin nykyisenlaiseksi kitsch-kermakakuksi, jossa on\u00a0esimerkiksi kultainen huone.<br \/>Pankkiiri Bj\u00f6rn Wahlroos ei ole syntyj\u00e4\u00e4n aatelinen, mutta rahaa h\u00e4n on onnistunut haalimaan. Kalvinistisen opin\u00a0mukaan menestys ja mammona ovat merkkej\u00e4 Jumalan suosiosta. Jos n\u00e4in tosiaan on, on Wahlroos ep\u00e4ilem\u00e4tt\u00e4 v\u00e4hint\u00e4\u00e4n pyhimys. Rahoillaan h\u00e4n on muun muassa ostanut kartanoita ja ujuttanut itsens\u00e4 Ruotsin kuninkaan kaveripiiriin \u2013 eli siis melkein siniverinen itsekin.<\/figcaption><\/figure>\n<p class=\"p1\"><span class=\"s1\"><b>Viel\u00e4 muutama vuosi <\/b><\/span>sitten oli vaikea l\u00f6yt\u00e4\u00e4 uusliberaaleja. Melkein kaikki tuntemani ihmiset tuomitsivat ja tuomitsevat uusliberalismin jyrkin sanoin: se edustaa itsekkyyden kulttuuria ja edist\u00e4\u00e4 ahneutta. Julkisuudessa kukaan ei tuntunut puhuvan suuntauksen puolesta. Silti maamme on selv\u00e4sti liukunut suuntaan, jota kutsutaan uusliberalismiksi: yksityistet\u00e4\u00e4n, lasketaan ja alennetaan koko ajan kustannuksia, nostetaan talous esiin joka ikisell\u00e4 kolkalla ja kulmalla.<\/p>\n<p class=\"p2\">Pitk\u00e4\u00e4n meill\u00e4 oli vain yksi mies, joka paikannettiin uusliberalistiksi ja joka puhui sen puolesta. <a href=\"http:\/\/voima.fi\/blog\/arkisto-voima\/wahlroosin-vaitteet\/\"><b>Bj\u00f6rn \u201dNalle\u201d Wahlroosia<\/b><\/a> onkin saatu kuulla kohtuullisen taajaan. H\u00e4n keksii \u00e4rsytt\u00e4vi\u00e4 lausuntoja: 80 prosenttia ihmisist\u00e4 on idiootteja, ainakin mit\u00e4 tulee rahaan. K\u00f6yhien ja rikkin\u00e4isten perheiden tukemista ei voi siet\u00e4\u00e4. Kun \u00adNordean ruotsalainen p\u00e4\u00e4johtaja muuttaa luksus\u00adasuntoon, Nalle on j\u00e4lleen vauhdissa ja lausuu, ett\u00e4 pit\u00e4\u00e4h\u00e4n sit\u00e4 ihmisen jossakin asua.<\/p>\n<p class=\"p2\">Jos miljoonabonuksien k\u00e4\u00e4riminen omiin taskuihin ilman ansioita ei ole ahneutta ja itsekkyytt\u00e4, mik\u00e4 sitten on? Hyv\u00e4ll\u00e4 syyll\u00e4 voi sanoa, ett\u00e4 se on my\u00f6s rikollisuutta, josta ei rangaista, samoin kuin varojen siirt\u00e4minen porsaanreikien l\u00e4pi veroparatiiseihin. Ainoa puolustus, jonka sijoituspankkiirit ja meklarit esitt\u00e4v\u00e4t, on ett\u00e4 heid\u00e4n rahanpy\u00f6rityksest\u00e4\u00e4n on etua my\u00f6s muille.<\/p>\n<p class=\"p1\"><span class=\"s1\"><b>On kuitenkin syyt\u00e4<\/b><\/span> varovaiseen optimismiin: kuninkaat, sotaherrat ja ruhtinaat eiv\u00e4t saa en\u00e4\u00e4 mellastaa miten lyst\u00e4\u00e4v\u00e4t, vaan jokaisen on perusteltava toimensa ja asetettava ne julkiseen arvioon. Vaikka tuomio tulisi my\u00f6h\u00e4ss\u00e4, kuten Irakin sodan tapauksessa, se kuitenkin tulee, emmek\u00e4 en\u00e4\u00e4 ota kohtaloamme fatalistisesti vastaan. Vaikka Wahlroosin talouspolitiikka her\u00e4tt\u00e4\u00e4 vastustusta, h\u00e4n joutuu perustelemaan kantansa per\u00e4ti kahden kirjan voimin ja asettuu siten julkisen kritiikin kohteeksi. Ja kriitikoiden joukossa on niit\u00e4, jotka ovat lukeneet h\u00e4nen kirjansa ja joiden velvollisuutena on esitt\u00e4\u00e4 vasta-argumentteja ja parempia malleja. Wahlroosin sana ei varmasti j\u00e4\u00e4 viimeisen\u00e4 voimaan, kuten ei mik\u00e4\u00e4n muukaan malli.<\/p>\n<p class=\"p2\">Ajatuksenani on esitt\u00e4\u00e4 Wahlroosille ehdotus. H\u00e4nell\u00e4 on liikaa rahaa. H\u00e4n ei ole rikas, vaan moninkertaisesti rikas. Mielest\u00e4ni riitt\u00e4isi, ett\u00e4 h\u00e4n olisi vain rikas eli lahjoittaisi suurimman osan omaisuudestaan hyv\u00e4ntekev\u00e4isyyteen. H\u00e4n on jo harjoittanut hyv\u00e4ntekev\u00e4isyytt\u00e4, mutta sana siit\u00e4 ei ole kulkeutunut suurelle yleis\u00f6lle.<\/p>\n<p class=\"p2\">Siksi koko kansan Nalle voisi liitty\u00e4 miljard\u00f6\u00f6rien liikkeeseen ja tehd\u00e4 kerralla kunnon lahjoituksen. 2010-luvulla jo kymmenet yhdysvaltalaiset miljard\u00f6\u00f6rit ilmoittivat lahjoittavansa puolet omaisuudestaan pois. Asia voidaan hoitaa n\u00e4ytt\u00e4v\u00e4sti: Joensuun kartanossa Salon l\u00e4hell\u00e4 voidaan j\u00e4rjest\u00e4\u00e4 suuri gaala asian kunniaksi, ja lehdist\u00f6lle voidaan tarjota muutakin kuvattavaa kuin punaiset housut. Paikalle kutsutaan <b>Esa-Pekka Salosen<\/b> johtamat Lontoon filharmonikot, <b>Bob Geldof<\/b> selitt\u00e4m\u00e4\u00e4n minne h\u00e4n aikoo ohjata oman osuutensa ja muutama muu huomattava julkkis. Maailmanluokan tapahtuma siis.<\/p>\n<p class=\"p2\">N\u00e4in Wahlroos h\u00e4mment\u00e4isi pakkaa ja ehk\u00e4 h\u00e4n saisi ensi kerralla \u00ad\u00e4\u00e4nens\u00e4 paremmin kuuluviin, kun h\u00e4n puhuisi rationaalisen k\u00e4ytt\u00e4ytymisen ja markkinoiden puolesta. Lis\u00e4ksi h\u00e4n toimisi t\u00e4rke\u00e4n\u00e4 esikuvana muille rikkaille, joista moni kokisi pakkoa toimia samaan tapaan.<\/p>\n<p class=\"p2\">Mutta eik\u00f6 t\u00e4m\u00e4 kaikki olisi lopulta vain ison egon n\u00e4yt\u00f6s? Eik\u00f6 spektaakkelin motiivi olisi ilmiselv\u00e4sti itsek\u00e4s?<\/p>\n<p class=\"p2\">Saattaisi hyvinkin olla. Mutta jos l\u00e4ht\u00f6kohtana on, ettemme p\u00e4\u00e4se itsekkyydest\u00e4 koskaan kokonaan eroon, niin on parempi kanavoida itsekkyys mahdollisimman monen hyv\u00e4ksi. T\u00e4m\u00e4 toimintamalli sopii yhteen australialaisen filosofin <b>Peter Singerin<\/b> ajattelun kanssa.<\/p>\n<p class=\"p2\">Singer puhuu tehokaan altruismin puolesta ja h\u00e4n on utilitaristi, ja etiikan suuntauksena utilitarismi tarkoittaa, ett\u00e4 p\u00e4\u00e4m\u00e4\u00e4r\u00e4 ja tulos ratkaisevat, eiv\u00e4t motiivit.<\/p>\n<p class=\"p1\"><b>Teksti on lyhent\u00e4en lainattu Koskelaisen teoksesta <em>Mahtava min\u00e4<\/em>.<\/b><\/p>\n<p class=\"p1\"><b>Jukka Koskelainen: Mahtava min\u00e4 \u2013 Itsekkyyden voima ja vastavoimat. Atena Kustannus 2017. 366 sivua.<\/b><\/p>\n<p class=\"p1\">\n","protected":false},"excerpt":{"rendered":"<p>Monien mielest\u00e4 el\u00e4mme itsekkyyden aikakautta. Suomessa itsekkyyden ruumiillistumana voisi pit\u00e4\u00e4 Bj\u00f6rn Wahlroosia.<\/p>\n","protected":false},"author":725,"featured_media":16744,"comment_status":"open","ping_status":"open","sticky":false,"template":"","format":"standard","meta":{"footnotes":""},"categories":[4],"tags":[881,1260,1723,2775,2874],"yoast_head":"<!-- This site is optimized with the Yoast SEO plugin v22.7 - https:\/\/yoast.com\/wordpress\/plugins\/seo\/ -->\n<title>Itsek\u00e4s spektaakkeli - H\u00e4irik\u00f6t-p\u00e4\u00e4maja<\/title>\n<meta name=\"robots\" content=\"index, follow, max-snippet:-1, max-image-preview:large, max-video-preview:-1\" \/>\n<link rel=\"canonical\" href=\"https:\/\/voima.fi\/hairikot\/artikkeli\/itsekas-spektaakkeli\/\" \/>\n<meta property=\"og:locale\" content=\"fi_FI\" \/>\n<meta property=\"og:type\" content=\"article\" \/>\n<meta property=\"og:title\" content=\"Itsek\u00e4s spektaakkeli - H\u00e4irik\u00f6t-p\u00e4\u00e4maja\" \/>\n<meta property=\"og:description\" content=\"Monien mielest\u00e4 el\u00e4mme itsekkyyden aikakautta. Suomessa itsekkyyden ruumiillistumana voisi pit\u00e4\u00e4 Bj\u00f6rn Wahlroosia.\" \/>\n<meta property=\"og:url\" content=\"https:\/\/voima.fi\/hairikot\/artikkeli\/itsekas-spektaakkeli\/\" \/>\n<meta property=\"og:site_name\" content=\"H\u00e4irik\u00f6t-p\u00e4\u00e4maja\" \/>\n<meta property=\"article:published_time\" content=\"2018-02-01T22:00:00+00:00\" \/>\n<meta property=\"article:modified_time\" content=\"2020-08-10T11:01:58+00:00\" \/>\n<meta property=\"og:image\" content=\"https:\/\/voima.fi\/hairikot\/wp-content\/uploads\/sites\/9\/2020\/04\/WahlroosCrop.jpg\" \/>\n\t<meta property=\"og:image:width\" content=\"1866\" \/>\n\t<meta property=\"og:image:height\" content=\"1031\" \/>\n\t<meta property=\"og:image:type\" content=\"image\/jpeg\" \/>\n<meta name=\"author\" content=\"Jukka Koskelainen\" \/>\n<meta name=\"twitter:card\" content=\"summary_large_image\" \/>\n<meta name=\"twitter:label1\" content=\"Kirjoittanut\" \/>\n\t<meta name=\"twitter:data1\" content=\"Jukka Koskelainen\" \/>\n\t<meta name=\"twitter:label2\" content=\"Arvioitu lukuaika\" \/>\n\t<meta name=\"twitter:data2\" content=\"4 minuuttia\" \/>\n<script type=\"application\/ld+json\" class=\"yoast-schema-graph\">{\"@context\":\"https:\/\/schema.org\",\"@graph\":[{\"@type\":\"WebPage\",\"@id\":\"https:\/\/voima.fi\/hairikot\/artikkeli\/itsekas-spektaakkeli\/\",\"url\":\"https:\/\/voima.fi\/hairikot\/artikkeli\/itsekas-spektaakkeli\/\",\"name\":\"Itsek\u00e4s spektaakkeli - H\u00e4irik\u00f6t-p\u00e4\u00e4maja\",\"isPartOf\":{\"@id\":\"https:\/\/voima.fi\/hairikot\/#website\"},\"primaryImageOfPage\":{\"@id\":\"https:\/\/voima.fi\/hairikot\/artikkeli\/itsekas-spektaakkeli\/#primaryimage\"},\"image\":{\"@id\":\"https:\/\/voima.fi\/hairikot\/artikkeli\/itsekas-spektaakkeli\/#primaryimage\"},\"thumbnailUrl\":\"https:\/\/voima.fi\/hairikot\/wp-content\/uploads\/sites\/9\/2020\/04\/WahlroosCrop.jpg\",\"datePublished\":\"2018-02-01T22:00:00+00:00\",\"dateModified\":\"2020-08-10T11:01:58+00:00\",\"author\":{\"@id\":\"https:\/\/voima.fi\/hairikot\/#\/schema\/person\/6014918e5eb84a5b368ce1b901437c7d\"},\"breadcrumb\":{\"@id\":\"https:\/\/voima.fi\/hairikot\/artikkeli\/itsekas-spektaakkeli\/#breadcrumb\"},\"inLanguage\":\"fi\",\"potentialAction\":[{\"@type\":\"ReadAction\",\"target\":[\"https:\/\/voima.fi\/hairikot\/artikkeli\/itsekas-spektaakkeli\/\"]}]},{\"@type\":\"ImageObject\",\"inLanguage\":\"fi\",\"@id\":\"https:\/\/voima.fi\/hairikot\/artikkeli\/itsekas-spektaakkeli\/#primaryimage\",\"url\":\"https:\/\/voima.fi\/hairikot\/wp-content\/uploads\/sites\/9\/2020\/04\/WahlroosCrop.jpg\",\"contentUrl\":\"https:\/\/voima.fi\/hairikot\/wp-content\/uploads\/sites\/9\/2020\/04\/WahlroosCrop.jpg\",\"width\":1866,\"height\":1031},{\"@type\":\"BreadcrumbList\",\"@id\":\"https:\/\/voima.fi\/hairikot\/artikkeli\/itsekas-spektaakkeli\/#breadcrumb\",\"itemListElement\":[{\"@type\":\"ListItem\",\"position\":1,\"name\":\"Home\",\"item\":\"https:\/\/voima.fi\/hairikot\/\"},{\"@type\":\"ListItem\",\"position\":2,\"name\":\"Itsek\u00e4s spektaakkeli\"}]},{\"@type\":\"WebSite\",\"@id\":\"https:\/\/voima.fi\/hairikot\/#website\",\"url\":\"https:\/\/voima.fi\/hairikot\/\",\"name\":\"H\u00e4irik\u00f6t-p\u00e4\u00e4maja\",\"description\":\"\",\"potentialAction\":[{\"@type\":\"SearchAction\",\"target\":{\"@type\":\"EntryPoint\",\"urlTemplate\":\"https:\/\/voima.fi\/hairikot\/?s={search_term_string}\"},\"query-input\":\"required name=search_term_string\"}],\"inLanguage\":\"fi\"},{\"@type\":\"Person\",\"@id\":\"https:\/\/voima.fi\/hairikot\/#\/schema\/person\/6014918e5eb84a5b368ce1b901437c7d\",\"name\":\"Jukka Koskelainen\",\"image\":{\"@type\":\"ImageObject\",\"inLanguage\":\"fi\",\"@id\":\"https:\/\/voima.fi\/hairikot\/#\/schema\/person\/image\/\",\"url\":\"https:\/\/secure.gravatar.com\/avatar\/c05acdee782e25f9a110b4fb83377cef?s=96&d=blank&r=g\",\"contentUrl\":\"https:\/\/secure.gravatar.com\/avatar\/c05acdee782e25f9a110b4fb83377cef?s=96&d=blank&r=g\",\"caption\":\"Jukka Koskelainen\"},\"url\":\"https:\/\/voima.fi\/hairikot\/artikkeli\/author\/jukka-koskelainen\/\"}]}<\/script>\n<!-- \/ Yoast SEO plugin. -->","yoast_head_json":{"title":"Itsek\u00e4s spektaakkeli - H\u00e4irik\u00f6t-p\u00e4\u00e4maja","robots":{"index":"index","follow":"follow","max-snippet":"max-snippet:-1","max-image-preview":"max-image-preview:large","max-video-preview":"max-video-preview:-1"},"canonical":"https:\/\/voima.fi\/hairikot\/artikkeli\/itsekas-spektaakkeli\/","og_locale":"fi_FI","og_type":"article","og_title":"Itsek\u00e4s spektaakkeli - H\u00e4irik\u00f6t-p\u00e4\u00e4maja","og_description":"Monien mielest\u00e4 el\u00e4mme itsekkyyden aikakautta. Suomessa itsekkyyden ruumiillistumana voisi pit\u00e4\u00e4 Bj\u00f6rn Wahlroosia.","og_url":"https:\/\/voima.fi\/hairikot\/artikkeli\/itsekas-spektaakkeli\/","og_site_name":"H\u00e4irik\u00f6t-p\u00e4\u00e4maja","article_published_time":"2018-02-01T22:00:00+00:00","article_modified_time":"2020-08-10T11:01:58+00:00","og_image":[{"width":1866,"height":1031,"url":"https:\/\/voima.fi\/hairikot\/wp-content\/uploads\/sites\/9\/2020\/04\/WahlroosCrop.jpg","type":"image\/jpeg"}],"author":"Jukka Koskelainen","twitter_card":"summary_large_image","twitter_misc":{"Kirjoittanut":"Jukka Koskelainen","Arvioitu lukuaika":"4 minuuttia"},"schema":{"@context":"https:\/\/schema.org","@graph":[{"@type":"WebPage","@id":"https:\/\/voima.fi\/hairikot\/artikkeli\/itsekas-spektaakkeli\/","url":"https:\/\/voima.fi\/hairikot\/artikkeli\/itsekas-spektaakkeli\/","name":"Itsek\u00e4s spektaakkeli - H\u00e4irik\u00f6t-p\u00e4\u00e4maja","isPartOf":{"@id":"https:\/\/voima.fi\/hairikot\/#website"},"primaryImageOfPage":{"@id":"https:\/\/voima.fi\/hairikot\/artikkeli\/itsekas-spektaakkeli\/#primaryimage"},"image":{"@id":"https:\/\/voima.fi\/hairikot\/artikkeli\/itsekas-spektaakkeli\/#primaryimage"},"thumbnailUrl":"https:\/\/voima.fi\/hairikot\/wp-content\/uploads\/sites\/9\/2020\/04\/WahlroosCrop.jpg","datePublished":"2018-02-01T22:00:00+00:00","dateModified":"2020-08-10T11:01:58+00:00","author":{"@id":"https:\/\/voima.fi\/hairikot\/#\/schema\/person\/6014918e5eb84a5b368ce1b901437c7d"},"breadcrumb":{"@id":"https:\/\/voima.fi\/hairikot\/artikkeli\/itsekas-spektaakkeli\/#breadcrumb"},"inLanguage":"fi","potentialAction":[{"@type":"ReadAction","target":["https:\/\/voima.fi\/hairikot\/artikkeli\/itsekas-spektaakkeli\/"]}]},{"@type":"ImageObject","inLanguage":"fi","@id":"https:\/\/voima.fi\/hairikot\/artikkeli\/itsekas-spektaakkeli\/#primaryimage","url":"https:\/\/voima.fi\/hairikot\/wp-content\/uploads\/sites\/9\/2020\/04\/WahlroosCrop.jpg","contentUrl":"https:\/\/voima.fi\/hairikot\/wp-content\/uploads\/sites\/9\/2020\/04\/WahlroosCrop.jpg","width":1866,"height":1031},{"@type":"BreadcrumbList","@id":"https:\/\/voima.fi\/hairikot\/artikkeli\/itsekas-spektaakkeli\/#breadcrumb","itemListElement":[{"@type":"ListItem","position":1,"name":"Home","item":"https:\/\/voima.fi\/hairikot\/"},{"@type":"ListItem","position":2,"name":"Itsek\u00e4s spektaakkeli"}]},{"@type":"WebSite","@id":"https:\/\/voima.fi\/hairikot\/#website","url":"https:\/\/voima.fi\/hairikot\/","name":"H\u00e4irik\u00f6t-p\u00e4\u00e4maja","description":"","potentialAction":[{"@type":"SearchAction","target":{"@type":"EntryPoint","urlTemplate":"https:\/\/voima.fi\/hairikot\/?s={search_term_string}"},"query-input":"required name=search_term_string"}],"inLanguage":"fi"},{"@type":"Person","@id":"https:\/\/voima.fi\/hairikot\/#\/schema\/person\/6014918e5eb84a5b368ce1b901437c7d","name":"Jukka Koskelainen","image":{"@type":"ImageObject","inLanguage":"fi","@id":"https:\/\/voima.fi\/hairikot\/#\/schema\/person\/image\/","url":"https:\/\/secure.gravatar.com\/avatar\/c05acdee782e25f9a110b4fb83377cef?s=96&d=blank&r=g","contentUrl":"https:\/\/secure.gravatar.com\/avatar\/c05acdee782e25f9a110b4fb83377cef?s=96&d=blank&r=g","caption":"Jukka Koskelainen"},"url":"https:\/\/voima.fi\/hairikot\/artikkeli\/author\/jukka-koskelainen\/"}]}},"enclosure":{"image":"https:\/\/voima.fi\/hairikot\/wp-content\/uploads\/sites\/9\/2020\/04\/WahlroosCrop.jpg"},"meta:avatar":"","geolocation":[],"meta:youtube":null,"meta:vimeo":null,"meta:duration":null,"_links":{"self":[{"href":"https:\/\/voima.fi\/hairikot\/wp-json\/wp\/v2\/posts\/13286"}],"collection":[{"href":"https:\/\/voima.fi\/hairikot\/wp-json\/wp\/v2\/posts"}],"about":[{"href":"https:\/\/voima.fi\/hairikot\/wp-json\/wp\/v2\/types\/post"}],"author":[{"embeddable":true,"href":"https:\/\/voima.fi\/hairikot\/wp-json\/wp\/v2\/users\/725"}],"replies":[{"embeddable":true,"href":"https:\/\/voima.fi\/hairikot\/wp-json\/wp\/v2\/comments?post=13286"}],"version-history":[{"count":4,"href":"https:\/\/voima.fi\/hairikot\/wp-json\/wp\/v2\/posts\/13286\/revisions"}],"predecessor-version":[{"id":18006,"href":"https:\/\/voima.fi\/hairikot\/wp-json\/wp\/v2\/posts\/13286\/revisions\/18006"}],"wp:featuredmedia":[{"embeddable":true,"href":"https:\/\/voima.fi\/hairikot\/wp-json\/wp\/v2\/media\/16744"}],"wp:attachment":[{"href":"https:\/\/voima.fi\/hairikot\/wp-json\/wp\/v2\/media?parent=13286"}],"wp:term":[{"taxonomy":"category","embeddable":true,"href":"https:\/\/voima.fi\/hairikot\/wp-json\/wp\/v2\/categories?post=13286"},{"taxonomy":"post_tag","embeddable":true,"href":"https:\/\/voima.fi\/hairikot\/wp-json\/wp\/v2\/tags?post=13286"}],"curies":[{"name":"wp","href":"https:\/\/api.w.org\/{rel}","templated":true}]}}