{"id":13006,"date":"2017-09-27T00:00:00","date_gmt":"2017-09-26T21:00:00","guid":{"rendered":"http:\/\/voima.fi\/hairikot\/?post_type=artikkeli&#038;p=13006"},"modified":"2020-08-10T14:02:00","modified_gmt":"2020-08-10T11:02:00","slug":"uuskieli-uhkaa","status":"publish","type":"post","link":"https:\/\/voima.fi\/hairikot\/artikkeli\/uuskieli-uhkaa\/","title":{"rendered":"Uuskieli uhkaa!"},"content":{"rendered":"<p class=\"p1\"><span class=\"s1\"><em>\u00a0<\/em><\/span><\/p>\n<p><a href=\"https:\/\/www.aamulehti.fi\/paakirjoitukset\/olemme-paattaneet-olla-kaikki-ihmisia-200395971\/\" class=\"external\" rel=\"nofollow\"><strong>Aamulehti<\/strong><strong> ilmoitti<\/strong><\/a> luopuvansa sukupuolittuneiden ammattinimikkeiden k\u00e4yt\u00f6st\u00e4. T\u00e4m\u00e4 on her\u00e4tt\u00e4nyt kiivasta keskustelua, josta on kirjoitettu suurimmissa medioissa monista n\u00e4k\u00f6kulmista. <em>Helsingin Sanomien<\/em> tekem\u00e4n <a href=\"http:\/\/www.hs.fi\/kotimaa\/art-2000005373187.html\" class=\"external\" rel=\"nofollow\">kyselyn<\/a> mukaan liev\u00e4 enemmist\u00f6 noin 5000 vastaajasta kannatti sukupuolittuneiden termien hylk\u00e4\u00e4mist\u00e4 ja \u201cuusien keksimist\u00e4\u201d.<\/p>\n<figure id=\"attachment_13007\" aria-describedby=\"caption-attachment-13007\" style=\"width: 400px\" class=\"wp-caption alignright\"><img decoding=\"async\" class=\" wp-image-13007\" src=\"https:\/\/voima.fi\/hairikot\/wp-content\/uploads\/sites\/9\/2020\/04\/Uuskieli-uhkaa-scaled.jpg\" alt=\"Yleisradion toimittaja Sanna Ukkola suivaantui Aamulehden ilmoituksesta siirty\u00e4 sukupuolineutraaleihin ammattinimikkeisiin. &quot;On kyse tietynlaisesta kirjaroviosta, kun lehti alkaa listata kiellettyj\u00e4 sanoja ja kiellettyj\u00e4 ilmaisuja. Aamulehti kertoi sunnuntain p\u00e4\u00e4kirjoituksessaan (siirryt toiseen palveluun) siirtyv\u00e4ns\u00e4 sukupuolineutraaleihin titteleihin tasa-arvon nimiss\u00e4. Aamulehden toimittajat eiv\u00e4t vastaisuudessa saa k\u00e4ytt\u00e4\u00e4 esimerkiksi eduskunnan puhemiehest\u00e4 h\u00e4nen oikeaa titteli\u00e4\u00e4n vaan Aamulehden keksim\u00e4\u00e4 sukupuolineutraalia versiota puheenjohtaja. Siis vaikka titteli on kirjattu perustuslakiin: se on puhemies, ei puheenjohtaja.&quot; Hieman yll\u00e4tt\u00e4v\u00e4sti lehtimies Ukkola ei ole p\u00f6yristynyt esimerkiksi vakiintuneesta tavasta puhua maan hallituksesta eik\u00e4 valtioneuvostosta, vaikka j\u00e4lkimm\u00e4inen on perustuslakiin kirjattu muoto.\" width=\"400\" height=\"578\" \/><figcaption id=\"caption-attachment-13007\" class=\"wp-caption-text\">Yleisradion toimittaja Sanna Ukkola <a href=\"https:\/\/yle.fi\/uutiset\/3-9837294\" class=\"external\" rel=\"nofollow\">suivaantui<\/a> Aamulehden ilmoituksesta siirty\u00e4 sukupuolineutraaleihin ammattinimikkeisiin.<br \/>&#8221;On kyse tietynlaisesta kirjaroviosta, kun lehti alkaa listata kiellettyj\u00e4 sanoja ja kiellettyj\u00e4 ilmaisuja. Aamulehti kertoi sunnuntain p\u00e4\u00e4kirjoituksessaan siirtyv\u00e4ns\u00e4 sukupuolineutraaleihin titteleihin tasa-arvon nimiss\u00e4.<br \/>Aamulehden toimittajat eiv\u00e4t vastaisuudessa saa k\u00e4ytt\u00e4\u00e4 esimerkiksi eduskunnan puhemiehest\u00e4 h\u00e4nen oikeaa titteli\u00e4\u00e4n vaan Aamulehden keksim\u00e4\u00e4 sukupuolineutraalia versiota puheenjohtaja. Siis vaikka titteli on kirjattu perustuslakiin: se on puhemies, ei puheenjohtaja.&#8221;<br \/>Hieman yll\u00e4tt\u00e4v\u00e4sti lehtimies Ukkola ei ole p\u00f6yristynyt esimerkiksi vakiintuneesta tavasta puhua maan hallituksesta eik\u00e4 valtioneuvostosta, vaikka j\u00e4lkimm\u00e4inen on perustuslakiin kirjattu muoto. Ukkolan saavutukseksi voi laskea sen, ett\u00e4 h\u00e4n onnistui kirjoituksessaan pelaamaan sek\u00e4 natsi- ett\u00e4 Orwell-kortit. KUVA: H\u00e4irik\u00f6t-p\u00e4\u00e4maja<\/figcaption><\/figure>\n<p class=\"p1\"><span class=\"s1\">Todellisuudessa kieless\u00e4mme on jo olemassa vakiintunut, sukupuolineutraalimpi termi monille mies-p\u00e4\u00e4tteisille tai naisiin viittaaville nimikkeille. Uusien termien keksiminen ei monesti ole lainkaan tarpeen: lehtimies on toimittaja, lentoem\u00e4nt\u00e4 stuertti ja lakimies juristi. Kyse onkin sanavalinnoista, ei v\u00e4kin\u00e4isest\u00e4 kielen uudistamisesta \u2013 tai \u2018uuskielest\u00e4\u2019, niin kuin sukupuolineutraalin l\u00e4hestymistavan kriitikot ovat paikoin asian ilmaisseet. <\/span><\/p>\n<p class=\"p1\"><span class=\"s1\"><strong>Kielitieteellinen antropologia<\/strong> on tieteenalamme alkuajoista l\u00e4htien tarkastellut kielen ja maailman v\u00e4list\u00e4 suhdetta. Kuvaako kieli todellisuutta vai luoko se sit\u00e4? Voimme monessakin mieless\u00e4 n\u00e4hd\u00e4 sen tekev\u00e4n molempia. Sukupuolineutraaliuden saama hanakka vastustus tukee t\u00e4t\u00e4 havaintoa. Sapirin-Whorfin hypoteesin mukaan kieli antaa ajattelullemme rakenteen ja voi rajoittaa sit\u00e4. T\u00e4ss\u00e4 mieless\u00e4 kielen uudistaminen on \u00e4\u00e4rimm\u00e4isen t\u00e4rke\u00e4\u00e4. Kieli voi yll\u00e4pit\u00e4\u00e4 alistavia rakenteita, jotka uusintavat yhteiskunnan valtarakenteita ja sosiaalisia hierarkioita.<\/span><\/p>\n<p class=\"p1\"><span class=\"s1\">Mies- ja naissukupuoliin viittaavat nimikkeet eiv\u00e4t ole kieless\u00e4 sattumalta. Ne kertovat sukupuolirooleista ja sukupuolten asemasta yhteiskunnassa \u2013 ne kun eiv\u00e4t ole olemassa itsest\u00e4\u00e4n, vaan rakennetaan sosiaalisesti. Miessukupuoleen viittaavat termit ja sanamuodot heijastavat tiettyj\u00e4 valtarakenteita ja kieliv\u00e4t, ett\u00e4 yhdenvertaisuuteen on viel\u00e4 matkaa. Keskustelusta ilmenee, ett\u00e4 monelle on vaikeaa hyv\u00e4ksy\u00e4 neutraalissa kieless\u00e4 v\u00e4littyv\u00e4\u00e4 yhdenvertaisempaa yhteiskuntaa. T\u00e4m\u00e4 n\u00e4kyy muutoksen saamassa vastustuksessa.<\/span><\/p>\n<p><iframe title=\"Women: Know Your Limits! Harry Enfield - BBC comedy\" width=\"1200\" height=\"900\" src=\"https:\/\/www.youtube.com\/embed\/LS37SNYjg8w?&#038;showinfo=0&#038;rel=0&#038;modestbranding=1&#038;iv_load_policy=3&#038;color=white\" frameborder=\"0\" allow=\"accelerometer; autoplay; encrypted-media; gyroscope; picture-in-picture\" allowfullscreen><\/iframe><\/p>\n<p class=\"p1\">\n<em>Joskus sen vaan voi sanoa selvemmin huumorin keinoin.<\/em><\/p>\n<p class=\"p1\"><span class=\"s1\"><strong>Antropologiassa on<\/strong> pitk\u00e4\u00e4n tehty vertailevaa tutkimusta maailman eri yhteis\u00f6jen v\u00e4lill\u00e4. Universaaliksi, kaikkia maailman kulttuureita koskettavaksi piirteeksi on havaittu kulttuurien dynaamisuus eli jatkuva muutos. Aivan yht\u00e4 todellista ja \u2018luonnollista\u2019 kuin kulttuurin jatkuva muutos on my\u00f6s kielen muuttuminen. Kun hegemonisessa arvomaailmassa ja sosiaalisessa j\u00e4rjestyksess\u00e4 tapahtuu muutoksia, kieli mukautuu niihin. Uudistumiskyky on my\u00f6s kulttuurisen jatkuvuuden edellytys. Uudistamalla sanastoamme vastaamaan paremmin eletty\u00e4 todellisuutta my\u00f6s takaamme kielen ja kulttuurin jatkuvuuden.<\/span><\/p>\n<p class=\"p1\"><span class=\"s1\">Sukupuoliroolit muuttuvat. Kielen kautta v\u00e4littyv\u00e4n sukupuolij\u00e4rjestelm\u00e4n heijastaessa valtasuhteita tulee kielenkin muuttua pyrkiess\u00e4mme kohti yhdenvertaista yhteiskuntaa. Termit kuten \u2018eduskunnan puhemies\u2019 ovat esimerkkej\u00e4 ajattelusta, jossa vain miehet toimivat politiikassa. T\u00e4n\u00e4\u00e4n tilanne on toinen. Voimmekin kysy\u00e4 kumpi on keinotekoisempaa, v\u00e4kisin vanhanaikaisista termeist\u00e4 kiinnipit\u00e4minen vai niiden uudistaminen aikaamme vastaavaksi? Kumpi on turhaa n\u00e4pertely\u00e4, monien el\u00e4m\u00e4\u00e4n syrjiv\u00e4ll\u00e4 tavalla vaikuttavan ep\u00e4kohdan korjaaminen vai vanhaan takertuminen perinteen varjolla?<\/span><\/p>\n<p class=\"p1\"><strong>Kirjoittaja on VTM, tohtorikoulutettava Groningenin yliopistossa Hollannissa sek\u00e4 AntroBlogin toimitusp\u00e4\u00e4llikk\u00f6. Teksti on julkaistu alkujaan AntroBlogin <a href=\"http:\/\/antroblogi.fi\/category\/uutiskommentit\/\" class=\"external\" rel=\"nofollow\">Uutiskommentit-sarjassa<\/a>.<\/strong><\/p>\n<p class=\"p1\"><span class=\"s1\">\u00a0<\/span><\/p>\n","protected":false},"excerpt":{"rendered":"<p>Ovatko sukupuolineutraalit tittelit pelk\u00e4st\u00e4\u00e4n feministien kotkotusta? Ent\u00e4 vahvistavatko sukupuolittuneet ammattinimikkeet patriarkaatin asemaa?<\/p>\n","protected":false},"author":721,"featured_media":16697,"comment_status":"open","ping_status":"open","sticky":false,"template":"","format":"standard","meta":{"footnotes":""},"categories":[4],"tags":[25,543,1260,1795,2382,2485,2694,2775,2915],"yoast_head":"<!-- This site is optimized with the Yoast SEO plugin v22.7 - https:\/\/yoast.com\/wordpress\/plugins\/seo\/ -->\n<title>Uuskieli uhkaa! - H\u00e4irik\u00f6t-p\u00e4\u00e4maja<\/title>\n<meta name=\"robots\" content=\"index, follow, max-snippet:-1, max-image-preview:large, max-video-preview:-1\" \/>\n<link rel=\"canonical\" href=\"https:\/\/voima.fi\/hairikot\/artikkeli\/uuskieli-uhkaa\/\" \/>\n<meta property=\"og:locale\" content=\"fi_FI\" \/>\n<meta property=\"og:type\" content=\"article\" \/>\n<meta property=\"og:title\" content=\"Uuskieli uhkaa! - H\u00e4irik\u00f6t-p\u00e4\u00e4maja\" \/>\n<meta property=\"og:description\" content=\"Ovatko sukupuolineutraalit tittelit pelk\u00e4st\u00e4\u00e4n feministien kotkotusta? Ent\u00e4 vahvistavatko sukupuolittuneet ammattinimikkeet patriarkaatin asemaa?\" \/>\n<meta property=\"og:url\" content=\"https:\/\/voima.fi\/hairikot\/artikkeli\/uuskieli-uhkaa\/\" \/>\n<meta property=\"og:site_name\" content=\"H\u00e4irik\u00f6t-p\u00e4\u00e4maja\" \/>\n<meta property=\"article:published_time\" content=\"2017-09-26T21:00:00+00:00\" \/>\n<meta property=\"article:modified_time\" content=\"2020-08-10T11:02:00+00:00\" \/>\n<meta property=\"og:image\" content=\"https:\/\/voima.fi\/hairikot\/wp-content\/uploads\/sites\/9\/2020\/04\/Uuskieli-uhkaa-otsikko-1024x749.png\" \/>\n\t<meta property=\"og:image:width\" content=\"1024\" \/>\n\t<meta property=\"og:image:height\" content=\"749\" \/>\n\t<meta property=\"og:image:type\" content=\"image\/png\" \/>\n<meta name=\"author\" content=\"Saara Toukolehto\" \/>\n<meta name=\"twitter:card\" content=\"summary_large_image\" \/>\n<meta name=\"twitter:label1\" content=\"Kirjoittanut\" \/>\n\t<meta name=\"twitter:data1\" content=\"Saara Toukolehto\" \/>\n\t<meta name=\"twitter:label2\" content=\"Arvioitu lukuaika\" \/>\n\t<meta name=\"twitter:data2\" content=\"3 minuuttia\" \/>\n<script type=\"application\/ld+json\" class=\"yoast-schema-graph\">{\"@context\":\"https:\/\/schema.org\",\"@graph\":[{\"@type\":\"WebPage\",\"@id\":\"https:\/\/voima.fi\/hairikot\/artikkeli\/uuskieli-uhkaa\/\",\"url\":\"https:\/\/voima.fi\/hairikot\/artikkeli\/uuskieli-uhkaa\/\",\"name\":\"Uuskieli uhkaa! - H\u00e4irik\u00f6t-p\u00e4\u00e4maja\",\"isPartOf\":{\"@id\":\"https:\/\/voima.fi\/hairikot\/#website\"},\"primaryImageOfPage\":{\"@id\":\"https:\/\/voima.fi\/hairikot\/artikkeli\/uuskieli-uhkaa\/#primaryimage\"},\"image\":{\"@id\":\"https:\/\/voima.fi\/hairikot\/artikkeli\/uuskieli-uhkaa\/#primaryimage\"},\"thumbnailUrl\":\"https:\/\/voima.fi\/hairikot\/wp-content\/uploads\/sites\/9\/2020\/04\/Uuskieli-uhkaa-otsikko.png\",\"datePublished\":\"2017-09-26T21:00:00+00:00\",\"dateModified\":\"2020-08-10T11:02:00+00:00\",\"author\":{\"@id\":\"https:\/\/voima.fi\/hairikot\/#\/schema\/person\/67c2c6c57285086927e5ba31ca2e5f5d\"},\"breadcrumb\":{\"@id\":\"https:\/\/voima.fi\/hairikot\/artikkeli\/uuskieli-uhkaa\/#breadcrumb\"},\"inLanguage\":\"fi\",\"potentialAction\":[{\"@type\":\"ReadAction\",\"target\":[\"https:\/\/voima.fi\/hairikot\/artikkeli\/uuskieli-uhkaa\/\"]}]},{\"@type\":\"ImageObject\",\"inLanguage\":\"fi\",\"@id\":\"https:\/\/voima.fi\/hairikot\/artikkeli\/uuskieli-uhkaa\/#primaryimage\",\"url\":\"https:\/\/voima.fi\/hairikot\/wp-content\/uploads\/sites\/9\/2020\/04\/Uuskieli-uhkaa-otsikko.png\",\"contentUrl\":\"https:\/\/voima.fi\/hairikot\/wp-content\/uploads\/sites\/9\/2020\/04\/Uuskieli-uhkaa-otsikko.png\",\"width\":3166,\"height\":2317},{\"@type\":\"BreadcrumbList\",\"@id\":\"https:\/\/voima.fi\/hairikot\/artikkeli\/uuskieli-uhkaa\/#breadcrumb\",\"itemListElement\":[{\"@type\":\"ListItem\",\"position\":1,\"name\":\"Home\",\"item\":\"https:\/\/voima.fi\/hairikot\/\"},{\"@type\":\"ListItem\",\"position\":2,\"name\":\"Uuskieli uhkaa!\"}]},{\"@type\":\"WebSite\",\"@id\":\"https:\/\/voima.fi\/hairikot\/#website\",\"url\":\"https:\/\/voima.fi\/hairikot\/\",\"name\":\"H\u00e4irik\u00f6t-p\u00e4\u00e4maja\",\"description\":\"\",\"potentialAction\":[{\"@type\":\"SearchAction\",\"target\":{\"@type\":\"EntryPoint\",\"urlTemplate\":\"https:\/\/voima.fi\/hairikot\/?s={search_term_string}\"},\"query-input\":\"required name=search_term_string\"}],\"inLanguage\":\"fi\"},{\"@type\":\"Person\",\"@id\":\"https:\/\/voima.fi\/hairikot\/#\/schema\/person\/67c2c6c57285086927e5ba31ca2e5f5d\",\"name\":\"Saara Toukolehto\",\"image\":{\"@type\":\"ImageObject\",\"inLanguage\":\"fi\",\"@id\":\"https:\/\/voima.fi\/hairikot\/#\/schema\/person\/image\/\",\"url\":\"https:\/\/secure.gravatar.com\/avatar\/46a2d312d2b1bf45b095724697bf2b4a?s=96&d=blank&r=g\",\"contentUrl\":\"https:\/\/secure.gravatar.com\/avatar\/46a2d312d2b1bf45b095724697bf2b4a?s=96&d=blank&r=g\",\"caption\":\"Saara Toukolehto\"},\"url\":\"https:\/\/voima.fi\/hairikot\/artikkeli\/author\/saara-toukolehto\/\"}]}<\/script>\n<!-- \/ Yoast SEO plugin. -->","yoast_head_json":{"title":"Uuskieli uhkaa! - H\u00e4irik\u00f6t-p\u00e4\u00e4maja","robots":{"index":"index","follow":"follow","max-snippet":"max-snippet:-1","max-image-preview":"max-image-preview:large","max-video-preview":"max-video-preview:-1"},"canonical":"https:\/\/voima.fi\/hairikot\/artikkeli\/uuskieli-uhkaa\/","og_locale":"fi_FI","og_type":"article","og_title":"Uuskieli uhkaa! - H\u00e4irik\u00f6t-p\u00e4\u00e4maja","og_description":"Ovatko sukupuolineutraalit tittelit pelk\u00e4st\u00e4\u00e4n feministien kotkotusta? Ent\u00e4 vahvistavatko sukupuolittuneet ammattinimikkeet patriarkaatin asemaa?","og_url":"https:\/\/voima.fi\/hairikot\/artikkeli\/uuskieli-uhkaa\/","og_site_name":"H\u00e4irik\u00f6t-p\u00e4\u00e4maja","article_published_time":"2017-09-26T21:00:00+00:00","article_modified_time":"2020-08-10T11:02:00+00:00","og_image":[{"width":1024,"height":749,"url":"https:\/\/voima.fi\/hairikot\/wp-content\/uploads\/sites\/9\/2020\/04\/Uuskieli-uhkaa-otsikko-1024x749.png","type":"image\/png"}],"author":"Saara Toukolehto","twitter_card":"summary_large_image","twitter_misc":{"Kirjoittanut":"Saara Toukolehto","Arvioitu lukuaika":"3 minuuttia"},"schema":{"@context":"https:\/\/schema.org","@graph":[{"@type":"WebPage","@id":"https:\/\/voima.fi\/hairikot\/artikkeli\/uuskieli-uhkaa\/","url":"https:\/\/voima.fi\/hairikot\/artikkeli\/uuskieli-uhkaa\/","name":"Uuskieli uhkaa! - H\u00e4irik\u00f6t-p\u00e4\u00e4maja","isPartOf":{"@id":"https:\/\/voima.fi\/hairikot\/#website"},"primaryImageOfPage":{"@id":"https:\/\/voima.fi\/hairikot\/artikkeli\/uuskieli-uhkaa\/#primaryimage"},"image":{"@id":"https:\/\/voima.fi\/hairikot\/artikkeli\/uuskieli-uhkaa\/#primaryimage"},"thumbnailUrl":"https:\/\/voima.fi\/hairikot\/wp-content\/uploads\/sites\/9\/2020\/04\/Uuskieli-uhkaa-otsikko.png","datePublished":"2017-09-26T21:00:00+00:00","dateModified":"2020-08-10T11:02:00+00:00","author":{"@id":"https:\/\/voima.fi\/hairikot\/#\/schema\/person\/67c2c6c57285086927e5ba31ca2e5f5d"},"breadcrumb":{"@id":"https:\/\/voima.fi\/hairikot\/artikkeli\/uuskieli-uhkaa\/#breadcrumb"},"inLanguage":"fi","potentialAction":[{"@type":"ReadAction","target":["https:\/\/voima.fi\/hairikot\/artikkeli\/uuskieli-uhkaa\/"]}]},{"@type":"ImageObject","inLanguage":"fi","@id":"https:\/\/voima.fi\/hairikot\/artikkeli\/uuskieli-uhkaa\/#primaryimage","url":"https:\/\/voima.fi\/hairikot\/wp-content\/uploads\/sites\/9\/2020\/04\/Uuskieli-uhkaa-otsikko.png","contentUrl":"https:\/\/voima.fi\/hairikot\/wp-content\/uploads\/sites\/9\/2020\/04\/Uuskieli-uhkaa-otsikko.png","width":3166,"height":2317},{"@type":"BreadcrumbList","@id":"https:\/\/voima.fi\/hairikot\/artikkeli\/uuskieli-uhkaa\/#breadcrumb","itemListElement":[{"@type":"ListItem","position":1,"name":"Home","item":"https:\/\/voima.fi\/hairikot\/"},{"@type":"ListItem","position":2,"name":"Uuskieli uhkaa!"}]},{"@type":"WebSite","@id":"https:\/\/voima.fi\/hairikot\/#website","url":"https:\/\/voima.fi\/hairikot\/","name":"H\u00e4irik\u00f6t-p\u00e4\u00e4maja","description":"","potentialAction":[{"@type":"SearchAction","target":{"@type":"EntryPoint","urlTemplate":"https:\/\/voima.fi\/hairikot\/?s={search_term_string}"},"query-input":"required name=search_term_string"}],"inLanguage":"fi"},{"@type":"Person","@id":"https:\/\/voima.fi\/hairikot\/#\/schema\/person\/67c2c6c57285086927e5ba31ca2e5f5d","name":"Saara Toukolehto","image":{"@type":"ImageObject","inLanguage":"fi","@id":"https:\/\/voima.fi\/hairikot\/#\/schema\/person\/image\/","url":"https:\/\/secure.gravatar.com\/avatar\/46a2d312d2b1bf45b095724697bf2b4a?s=96&d=blank&r=g","contentUrl":"https:\/\/secure.gravatar.com\/avatar\/46a2d312d2b1bf45b095724697bf2b4a?s=96&d=blank&r=g","caption":"Saara Toukolehto"},"url":"https:\/\/voima.fi\/hairikot\/artikkeli\/author\/saara-toukolehto\/"}]}},"enclosure":{"image":"https:\/\/voima.fi\/hairikot\/wp-content\/uploads\/sites\/9\/2020\/04\/Uuskieli-uhkaa-otsikko.png"},"meta:avatar":"","geolocation":[],"meta:youtube":null,"meta:vimeo":null,"meta:duration":null,"_links":{"self":[{"href":"https:\/\/voima.fi\/hairikot\/wp-json\/wp\/v2\/posts\/13006"}],"collection":[{"href":"https:\/\/voima.fi\/hairikot\/wp-json\/wp\/v2\/posts"}],"about":[{"href":"https:\/\/voima.fi\/hairikot\/wp-json\/wp\/v2\/types\/post"}],"author":[{"embeddable":true,"href":"https:\/\/voima.fi\/hairikot\/wp-json\/wp\/v2\/users\/721"}],"replies":[{"embeddable":true,"href":"https:\/\/voima.fi\/hairikot\/wp-json\/wp\/v2\/comments?post=13006"}],"version-history":[{"count":6,"href":"https:\/\/voima.fi\/hairikot\/wp-json\/wp\/v2\/posts\/13006\/revisions"}],"predecessor-version":[{"id":18108,"href":"https:\/\/voima.fi\/hairikot\/wp-json\/wp\/v2\/posts\/13006\/revisions\/18108"}],"wp:featuredmedia":[{"embeddable":true,"href":"https:\/\/voima.fi\/hairikot\/wp-json\/wp\/v2\/media\/16697"}],"wp:attachment":[{"href":"https:\/\/voima.fi\/hairikot\/wp-json\/wp\/v2\/media?parent=13006"}],"wp:term":[{"taxonomy":"category","embeddable":true,"href":"https:\/\/voima.fi\/hairikot\/wp-json\/wp\/v2\/categories?post=13006"},{"taxonomy":"post_tag","embeddable":true,"href":"https:\/\/voima.fi\/hairikot\/wp-json\/wp\/v2\/tags?post=13006"}],"curies":[{"name":"wp","href":"https:\/\/api.w.org\/{rel}","templated":true}]}}