{"id":12941,"date":"2017-09-19T00:00:00","date_gmt":"2017-09-18T21:00:00","guid":{"rendered":"http:\/\/voima.fi\/hairikot\/?post_type=artikkeli&#038;p=12941"},"modified":"2020-08-10T14:02:00","modified_gmt":"2020-08-10T11:02:00","slug":"performanssi-politiikasta-pornosta","status":"publish","type":"post","link":"https:\/\/voima.fi\/hairikot\/artikkeli\/performanssi-politiikasta-pornosta\/","title":{"rendered":"Performanssi politiikasta ja pornosta"},"content":{"rendered":"<p class=\"p1\"><b>Pornot\u00e4hti<\/b> <b>Ilona Staller<\/b> oli Italialaisen yhteiskunnan m\u00e4rk\u00e4 uni sek\u00e4 painajainen. Cicciolinana tunnettu t\u00e4hti nousi Italian parlamenttiin 30 vuotta sitten hein\u00e4kuussa 1987 valtavan kohun saattelemana.<\/p>\n<p class=\"p1\">Kun lehdet kirjoittavat Stallerista<b>, <\/b>liitet\u00e4\u00e4n h\u00e4nen nimeens\u00e4 aina sanat \u201dpornot\u00e4hti\u201d ja \u201dpoliitikko\u201d. Kumpikaan titteli ei kuitenkaan kerro kauheasti Stallerista tai t\u00e4m\u00e4n alter egosta <b>Cicciolinasta<\/b>. Ja kyll\u00e4: Ilona Staller on pornofilmeiss\u00e4 esiintynyt julkkis joka nousi Italian parlamenttiin kaudelle 1987-92. Ihan tyypillinen poliitikko Ilona ei kuitenkaan koskaan ollut. Ja vaikka Cicciolina oli tunnettu pornosta, on Cicciolinan niputtaminen yhteen tavanomaisten pornot\u00e4htien tai pin-up -tytt\u00f6jen kanssa my\u00f6s virhe.<\/p>\n<figure id=\"attachment_12951\" aria-describedby=\"caption-attachment-12951\" style=\"width: 688px\" class=\"wp-caption aligncenter\"><img decoding=\"async\" class=\"size-full wp-image-12951\" src=\"https:\/\/voima.fi\/hairikot\/wp-content\/uploads\/sites\/9\/2020\/04\/Na-ytto-kuva-2017-09-19-kello-11.23.29.png\" alt=\"Kukapa ei muistaisi sit\u00e4, kun poliitikko, jolla on todistettavasti rinta, k\u00e4vi Suomen eduskunnassa. P\u00e4\u00e4toimittajat pohtivan, oli j\u00e4rkytt\u00e4v\u00e4\u00e4.\" width=\"688\" height=\"385\" \/><figcaption id=\"caption-attachment-12951\" class=\"wp-caption-text\">Kukapa ei muistaisi sit\u00e4, kun poliitikko, jolla on todistettavasti rinta, k\u00e4vi Suomen eduskunnassa. <a href=\"https:\/\/yle.fi\/aihe\/artikkeli\/2015\/11\/25\/cicciolina-vilautti-eduskunnalle\" class=\"external\" rel=\"nofollow\">P\u00e4\u00e4toimittajat pohtivan, oli j\u00e4rkytt\u00e4v\u00e4\u00e4<\/a>.<\/figcaption><\/figure>\n<p class=\"p1\"><strong>Cicciolina oli<\/strong> pikemminkin v\u00e4h\u00e4n kuin <strong>Barbarella<\/strong>; ohjaaja Roger Vadimin 1960-luvun lopun scifi-fantasia intergalaktisesta entiteetist\u00e4, jonka seksuaalinen energia on niin ylivoimainen, ett\u00e4 pahimmatkin joukkotuhoaseet kalpenevat sen voiman rinnalla. Kaikesta kyynisyydest\u00e4, estoista ja vaatteista riisuttu Barbarella on pikkunokkela miehinen fantasia; ihana, mutta my\u00f6s naurettava mahdottomuudessaan. Elokuva on pohjimmiltaan hyv\u00e4ntahtoinen satiiri rauhan ja rakkauden sukupolvesta; uskosta e-pilleriin ja seksuaaliseen vallankumoukseen Vietnamin sodan keskell\u00e4.<\/p>\n<p class=\"p1\">Cicciolina syntyi samasta koeputkesta, Ilona Staller k\u00e4til\u00f6n\u00e4\u00e4n.<\/p>\n<p class=\"p1\">Ohjaajanero <b>Federico Fellini<\/b> kutsui Cicciolinaa vuonna 1987 \u201dItalialaisen yhteiskunnan unelmaksi\u201d ja samalla \u201dpainajaismaiseksi uneksi\u201d. Mutta Fellini unohti mainita, ett\u00e4 kaikessa unenomaisuudessaankin \u2013 toisin kuin Roger Vadiminin Barbarella \u2013 oli Cicciolina my\u00f6s todellinen. Todellinen nainen ja todellinen peruskurssi poliittisesta populismista. Siit\u00e4 kuinka noustaan parlamenttiin ja tullaan kuulluksi ilman koulutusta, suhteita, rahaa tai oikeaa sukupuolta.<\/p>\n<figure id=\"attachment_12946\" aria-describedby=\"caption-attachment-12946\" style=\"width: 1000px\" class=\"wp-caption aligncenter\"><img decoding=\"async\" class=\"size-medium wp-image-12946\" src=\"https:\/\/voima.fi\/hairikot\/wp-content\/uploads\/sites\/9\/2020\/04\/Ensimma-inen_pa-iva-_parlamentissa.jpg\" alt=\"Ensimm\u00e4inen p\u00e4iv\u00e4 parlamentissa.\" width=\"1000\" height=\"583\" \/><figcaption id=\"caption-attachment-12946\" class=\"wp-caption-text\">Ensimm\u00e4inen p\u00e4iv\u00e4 parlamentissa.<\/figcaption><\/figure>\n<p class=\"p1\"><strong>Ilona Staller<\/strong> syntyi \u201dylikansoitetun asuintalon vaatimattomassa huoneistossa\u201d, Budapestissa kommunistisessa Unkarissa marraskuussa 1951. Omien sanojensa mukaan Ilona oli onnellinen, estoton lapsi joka haaveili satujen prinsessoista talossa jossa eli \u201dlihavaperseisi\u00e4 naisia, isomahaisia ja rasvantahrimia aviomiehi\u00e4, kitisevi\u00e4 ja kiljuvia k\u00e4yt\u00e4v\u00e4ss\u00e4 juoksentelevia lapsia\u201d. Kasvettuaan auktoriteettiongelmaisesta pikkupioneerista teini-ik\u00e4\u00e4n, Ilonan haaveet aikuisuudesta ja glamourista t\u00f6rm\u00e4siv\u00e4t Budapestin sodanj\u00e4lkeiseen lyijynharmaaseen todellisuuteen.<\/p>\n<p class=\"p1\">Ilonan kauneus ei silti j\u00e4\u00e4nyt huomiotta sosialistisessakaan j\u00e4rjestelm\u00e4ss\u00e4; h\u00e4n voitti kauneuskisat ja p\u00e4\u00e4si jo teini-ik\u00e4isen\u00e4 ty\u00f6skentelem\u00e4\u00e4n mannekiinina Unkarin suurimmalle mallitoimistolle M.T.I:lle.<\/p>\n<p class=\"p1\">Mannekiini ei ollut nuoren Ilonan ainoa ammatti. Jos Ilonan harlekiinimaisen lennokkaasti kirjoittamaa omael\u00e4m\u00e4nkertaa \u201dTunnustuksia\u201d (1988, Odessa) uskoo, v\u00e4rv\u00e4si Unkarin kommunistinen salainen poliisi Ilonan er\u00e4\u00e4n hotellin sis\u00e4k\u00f6ksi, teht\u00e4v\u00e4n\u00e4\u00e4n vakoilla hotellissa asuvia amerikkalaisia diplomaatteja. Ilonan koodinimi oli \u201dLepp\u00e4kerttu\u201d. Se onko t\u00e4m\u00e4 ja monet muut seikkailut Ilonan el\u00e4m\u00e4nkerrassa vilkkaan mielikuvituksen tuotetta, tai Cicciolina hahmon luomista, voi vain arvailla. Fakta on kuitenkin, ett\u00e4 kun mahdollisuus j\u00e4tt\u00e4\u00e4 Unkari taakse tuli, tarttui Ilona siihen ahneesti. Yhteisest\u00e4 sopimuksesta solmitu pika-avioliitto Italialaisen miehen kanssa oli lopulta nuoren Ilonan menoloppu pois maansa koruttomasta arjesta.<\/p>\n<p class=\"p1\">Roomassa Ilona k\u00e4ynnisti uransa eroottisena mallina, esiintyen lehdiss\u00e4 ja muutamassa seksikk\u00e4\u00e4ss\u00e4 elokuvaroolissa. Tavattuaan valokuvaaja<b> Riccardo Schicchin<\/b> 1973 sai Ilonan ura uuden vaihteen silm\u00e4\u00e4n; h\u00e4n oli l\u00f6yt\u00e4nyt rikoskumppanin ja tulevan managerinsa. Varsinaiseksi svengaliksi Riccardoa voi tuskin kuitenkaan kutsua. Ilonan mukaan parikymppisell\u00e4 managerilla oli \u201d<i>tasan nolla liiraa tilill\u00e4 ja rikkin\u00e4inen p\u00f6s\u00f6, jonka min\u00e4 sain usein ty\u00f6nt\u00e4\u00e4 k\u00e4yntiin<\/i>\u201d. Pyynn\u00f6st\u00e4 kaksikko aloitti yhteisen erotiikkaa ja politiikkaa sotkevan radio-ohjelman piraattikanava Radio Lunalla. Kuuntelijoiden puhelut, seksuaaliset ongelmat, ja ilonan todellisuutta sek\u00e4 fantasiaa sekoittavat tarinat tekiv\u00e4t <i>Voulez-vous coucher avec moi?<\/i> -ohjelmasta hitin. Miespuolisia kuuntelijoitaan Ilona kutsui Ciccioliniksi, ja samalla vakiintui Ilonan oma taiteilijanimi; La Cicciolina. Cicciolina -termin k\u00e4ytt\u00f6 oli my\u00f6s tapa sumuttaa l\u00e4hetyksi\u00e4 valvovaa virkavaltaa; se oli yksi Ilonan koodisanoista pimpille.<\/p>\n<p class=\"p1\">Cicciolinan esiintymiset olivat erotiikkaa, mutta my\u00f6s kritiikki\u00e4 vallitseville kaksinaismoralistisille arvoille. Ilona puhui haastatteluissaan huorista, homoista, katutyt\u00f6ist\u00e4, AIDSista, aborteista ja nussimisesta. Sanoista ja asioista jotka olivat kaikki tuohon aikaan edelleen tabuja voimakkaasti katolisessa Italialaisessa yhteiskunnassa.<\/p>\n<p class=\"p1\">Ilonan ja Riccardo Schicchin ohjelmat Radio Lunalle ja Radio San Paulolle nostivat myrskyn, jota seurasi siveellisyyrikossyytteiden sade. My\u00f6s Cicciolinan paljapintaiset live-esiintymiset y\u00f6kerhoissa keskeytyiv\u00e4t toistuvasti poliisin toimesta ja p\u00e4\u00e4tyiv\u00e4t yleiseen kaaokseen. Mit\u00e4 enemm\u00e4n Cicciolina provosoi viranomaisia, sit\u00e4 enemm\u00e4n h\u00e4n tuntui suurta yleis\u00f6\u00e4 kiinnostavan. Ilonaa itse\u00e4\u00e4n uusi julkisuus ei h\u00e4mment\u00e4nyt: \u201d<i>Koin kaiken hyvin luonnollisena, ilman draamoja tai metafyysisi\u00e4 ongelmia. Tunsin itseni perhoseksi\u201d<\/i>. 1970-luvun loppuun menness\u00e4 Cicciolina oli tuttu nimi lehtien palstoilla ja jo melkoinen ilmi\u00f6. Vuonna 1978 Ilona j\u00e4rkytti Italian kotikatsomoja paljastamalla rintansa suorassa tv-l\u00e4hetyksess\u00e4, ensimm\u00e4isen\u00e4 naisena maan historiassa. Vuonna 1979 Cicciolina-hahmon ymp\u00e4rille kyh\u00e4ttiin kokoillan elokuva <i>Cicciolina, amore mio<\/i>, ep\u00e4ilem\u00e4tt\u00e4 <i>Emmanuelle<\/i>-elokuvasarjan menestyksen innoittamana. Samana vuonna monikansallinen RCA-levy-yhti\u00f6 julkaisi Ilona Stallerin discomusiikkia sis\u00e4lt\u00e4neen debyyttialbumin. Cicciolina oli siirtym\u00e4ss\u00e4 valtavirtaan.<\/p>\n<p class=\"p1\">1980-luvun alussa Ilona ja Riccardo Schicchi perustivat Diva Futura elokuvayhti\u00f6n joka tuotti pornoa, ja my\u00f6s Stallerin omat ensimm\u00e4iset hardcore -pornoelokuvat.<\/p>\n<p class=\"p1\">Samaan aikaan sensuuria ja kaikkinaista kansinaismoralismia vihaava Ilona oli jo viritellyt ensimm\u00e4iset poliittiset verkkonsa. Jo vuonna 1979 Staller oli liittoutunut Italian ensimm\u00e4isen vihre\u00e4n puolueen Lista del Solen kanssa ja esitelty puolueen parlamentti-ehdokkaana. Vuonna 1985 Staller loikkasi Italialaisen radikaalipuolueen (Partito Radicale, PR) riveihin. Voimakkaasti vasemmistolaisen puolueen ehdokkaana Stallerin teemoihin kuului ihmisoikeuskysymykset sek\u00e4 ydinvoiman ja NATO-j\u00e4sennyyden vastustaminen. Valovoimaisen Stallerin valinta Italian parlamenttiin vuonna 1987 n\u00e4htiin ep\u00e4ilem\u00e4tt\u00e4 maailmalla suurena puhalluksena sek\u00e4 karnevalismin voittona j\u00e4rjest\u00e4. Stallerin teemat kuten koulujen sukupuolivalistus, prostituoitujen aseman parantaminen, AIDSin vastainen ty\u00f6, ymp\u00e4rist\u00f6kysymykset ja uusiutuvat energiamuodot kuulostavat kuitenkin t\u00e4n\u00e4 p\u00e4iv\u00e4n\u00e4 edelleen yll\u00e4tt\u00e4v\u00e4n relevanteilta.<\/p>\n<figure id=\"attachment_12942\" aria-describedby=\"caption-attachment-12942\" style=\"width: 1000px\" class=\"wp-caption aligncenter\"><img decoding=\"async\" class=\"size-medium wp-image-12942\" src=\"https:\/\/voima.fi\/hairikot\/wp-content\/uploads\/sites\/9\/2020\/04\/ilona-staller-roberta-tatafiore-Radikaalipuolueen-kokouksessa-1987.jpg\" alt=\"Kuva: ilona Staller ja radikaalifeministi Roberta Tatafiore Radikaalipuolue PR:n kokouksessa, 1987.\" width=\"1000\" height=\"649\" \/><figcaption id=\"caption-attachment-12942\" class=\"wp-caption-text\">Ilona Staller ja radikaalifeministi Roberta Tatafiore Radikaalipuolue PR:n kokouksessa, 1987.<\/figcaption><\/figure>\n<p class=\"p1\"><strong>Vaikka Ilona<\/strong> oli poliittisesti kokematon on Cicciolinan imago todellinen koulukirjaesimerkki taitavasta br\u00e4nd\u00e4yksest\u00e4. Hahmon visuaaliset elementit hipovat yksinkertaisessa neroudessaan McDonaldsin kaaria. Nuo levottomat kulmakarvat, tuo maire hymy, kukkaseppele ja yksi paljastettu rinta \u2013 1980-luvun lopussa Cicciolinan tavaramerkit tunnistettiin kautta maailman.<\/p>\n<p class=\"p1\">Cicciolina oli tuote: kiihottava kuin hampurilainen, mutta ei kuitenkaan t\u00e4ysin yksiulotteinen. H\u00e4n saattoi olla seksuaaliobjekti, mutta h\u00e4iriintynyt sellainen. Mit\u00e4 tarkoitti tuo lapsenomainen virnistys? Tai syliin puristettu teddy-karhu? Miksi tarinoida koiran tai hevosen kanssa parittelusta? Tai leikki\u00e4 el\u00e4v\u00e4ll\u00e4 k\u00e4\u00e4rmeell\u00e4? Cicciolina saattoi olla fantasioittemme nymfomaani, mutta samaan aikaan h\u00e4n oli my\u00f6s klovni ja hirvi\u00f6.<\/p>\n<p class=\"p1\">Cicciolinan nousu parlamenttiin 20 000 \u00e4\u00e4nell\u00e4 oli iso uutinen Italiassa ja koko Euroopassa. Loputtomat puhuvat p\u00e4\u00e4t analysoivat Cicciolina -ilm\u00f6t\u00e4 TV:n asiaohjelmissa ja muut politikot sek\u00e4 julkkikset antoivat kilvan kommenttejaan lehdille. <strong>Federico Fellini<\/strong> kutsui Stalleria \u201d<i>syv\u00e4llisemm\u00e4ksi ilmi\u00f6ksi, joka nousee esille vaistomaisesti ja jonka kanssa meid\u00e4n on teht\u00e4v\u00e4 tilimme selviksi<\/i>\u201d ja kirjailija <strong>Umberto Eco<\/strong> kirjoitti pitk\u00e4n esseen Cicciolinan moraalisesta oikeutuksesta parlamenttipaikkaansa.<\/p>\n<figure id=\"attachment_12945\" aria-describedby=\"caption-attachment-12945\" style=\"width: 1000px\" class=\"wp-caption aligncenter\"><img decoding=\"async\" class=\"size-medium wp-image-12945\" src=\"https:\/\/voima.fi\/hairikot\/wp-content\/uploads\/sites\/9\/2020\/04\/Cicciolina-ja-kannattajat.jpg\" alt=\"Cicciolina ja kannattajat. Meno on kuunnollista.\" width=\"1000\" height=\"583\" \/><figcaption id=\"caption-attachment-12945\" class=\"wp-caption-text\">Cicciolina ja kannattajat. Meno on kuunnollista.<\/figcaption><\/figure>\n<p class=\"p1\"><strong>Kaikesta metakasta<\/strong> huolimatta poliittisesti kokemattoman Stallerin ura Italian parlamentissa 1987-92 oli hieman kuin vettynyt dynamiittip\u00f6tk\u00f6. Edes Cicciolina ei kyennyt supervoimillaan mit\u00e4\u00e4n tuolle harmaiden herrojen armeijalle. Poliittisesti kokematon edustaja on jo l\u00e4ht\u00f6kohtaisesti alakynness\u00e4 ammattipoliitikoiden johtaessa.<\/p>\n<p class=\"p1\">Silti, Stallerin nousua parlamenttiin ei voi pit\u00e4\u00e4 ihan mit\u00e4tt\u00f6m\u00e4n\u00e4 saavutuksena. Italiassa parlamentti koostui viel\u00e4 vuonna 1990 melkein 90-prosenttisesti miehist\u00e4. Ilona Staller oli nainen joka edusti marginaalia ja puhui marginaalisten ihmisten oikeuksista. Cicciolina kritisoi my\u00f6s vallassa ollutta vahvaa hyv\u00e4veli-j\u00e4rjestelm\u00e4\u00e4: \u201d<i>hallituksen s\u00e4\u00e4nn\u00f6t voivat muuttua, mutta teid\u00e4n naamanne s\u00e4ilyv\u00e4t t\u00e4\u00e4ll\u00e4 aina samoina<\/i>\u201d.<\/p>\n<p class=\"p1\">Stalleria ei valittu toiselle kaudelle vuoden 1991 vaaleissa. Korruptiota vastustanut ja sit\u00e4 paljon tapetille nostanut Ilona sai tavallaan kuitenkin viimeisen kikatuksensa. Seuraavan kauden alussa k\u00e4ynnistettiin niinsanottu \u201dMani pulite\u201d -tutkinto, eli Italian poliittisen historian laajin korruptiota kartoittanut rikostutkimus. Parin seuraavan vuoden ajan Italian rikospoliisi saattoi tuhansia poliittisia toimijoita ep\u00e4ilyksen alaiseksi, paljastaen lopulta valtavan korruptioverkoston \u201dTangentopolin\u201d. Er\u00e4\u00e4ss\u00e4 vaiheessa yli puolet parlamentin j\u00e4senist\u00e4 oli toimiensa takia tutkinnan alaisena. Tangentopolin paljastuminen aiheutti valtavan rytin\u00e4n Italian poliittisella kent\u00e4ll\u00e4 ja johti lopulta sen massiiviseen uudelleenj\u00e4rjest\u00e4ytymisen.<\/p>\n<figure id=\"attachment_12944\" aria-describedby=\"caption-attachment-12944\" style=\"width: 1000px\" class=\"wp-caption aligncenter\"><img decoding=\"async\" class=\"size-medium wp-image-12944\" src=\"https:\/\/voima.fi\/hairikot\/wp-content\/uploads\/sites\/9\/2020\/04\/Ilona_Staller_-Italian-radikaalipuolueen-puheenjohtaja-Marco-Pannella.jpg\" alt=\"Ilona Staller ja Italian radikaalipuolueen puheenjohtaja Marco Pannella.\" width=\"1000\" height=\"562\" \/><figcaption id=\"caption-attachment-12944\" class=\"wp-caption-text\">Ilona Staller ja Italian radikaalipuolueen puheenjohtaja Marco Pannella.<\/figcaption><\/figure>\n<p class=\"p1\"><strong>Cicciolina oli<\/strong> t\u00e4ss\u00e4 vaiheessa siirtynyt jo aiheuttamaan sekasortoa uuteen maailmaan. Tuotuaan paljaat rintansa Italian parlamenttiin, oli tuleva rouva Staller-Koons valmis j\u00e4rkytt\u00e4m\u00e4\u00e4n taidemaailmaa. Cicciolinahan oli jo taideteos, tarvittiin vain maailmakuulu taiteilija <strong>Jeff Koons<\/strong> kehyst\u00e4m\u00e4\u00e4n h\u00e4net. Koonsin avustuksella Cicciliolinan h\u00e4py siirtyi mets\u00e4\u00e4n k\u00e4tketyn tahmaisen lehden aukeamalta koko sein\u00e4n peitt\u00e4v\u00e4ksi mestariteokseksi, maailman rikkaiden ja vaikutusvaltaisten \u00e4llistelt\u00e4v\u00e4ksi <em>Made In Heaven<\/em> -n\u00e4yttelyn avajaisiin Venetsian biennaaliin.<\/p>\n<p class=\"p1\"><i>\u201dOlen n\u00e4ytt\u00e4nyt seksuaalisuuden p\u00e4iv\u00e4nvalossa, olen antanut kaikille mahdollisuuden n\u00e4hd\u00e4 t\u00e4m\u00e4n k\u00e4tketyn, tuntemattoman ja h\u00e4pe\u00e4llisen sukupuolisuuden. Rakkaus on suurenmoista ja se tekee meist\u00e4 parempia. Tehk\u00e4\u00e4 mit\u00e4 haluatte vapaasti v\u00e4litt\u00e4m\u00e4tt\u00e4 m\u00e4\u00e4ritellyist\u00e4 palkkioista. Rakastelkaa kenen kanssa haluatte, on tarpeetonta olla katutytt\u00f6 uskotellakseen itselleen olevansa vapaa. Se olisi karkea virhe.\u201d<\/i><\/p>\n<p class=\"p1\"><i>(Ilona Stallerin lainaukset teoksesta \u201dTunnustuksia\u201d, Odessa 1988)<\/i><\/p>\n<p class=\"p1\"><b>Docventures: La Cicciolina, Godmother of Scandal. 53 min; ke 20.9.2017, TV2, Yle Areena<\/b><\/p>\n","protected":false},"excerpt":{"rendered":"<p>Cicciolina on sek\u00e4 idealistinen pornot\u00e4hti ett\u00e4 karnevalistinen poliitikko. Ristiriitaisetkin roolit istuvat yhteen kummasti, kun niist\u00e4 rakentaa performatiivisen kokonaisuuden.<\/p>\n","protected":false},"author":719,"featured_media":16675,"comment_status":"open","ping_status":"open","sticky":false,"template":"","format":"standard","meta":{"footnotes":""},"categories":[4],"tags":[329,831,1894,1966,2354],"yoast_head":"<!-- This site is optimized with the Yoast SEO plugin v22.7 - https:\/\/yoast.com\/wordpress\/plugins\/seo\/ -->\n<title>Performanssi politiikasta ja pornosta - H\u00e4irik\u00f6t-p\u00e4\u00e4maja<\/title>\n<meta name=\"robots\" content=\"index, follow, max-snippet:-1, max-image-preview:large, max-video-preview:-1\" \/>\n<link rel=\"canonical\" href=\"https:\/\/voima.fi\/hairikot\/artikkeli\/performanssi-politiikasta-pornosta\/\" \/>\n<meta property=\"og:locale\" content=\"fi_FI\" \/>\n<meta property=\"og:type\" content=\"article\" \/>\n<meta property=\"og:title\" content=\"Performanssi politiikasta ja pornosta - H\u00e4irik\u00f6t-p\u00e4\u00e4maja\" \/>\n<meta property=\"og:description\" content=\"Cicciolina on sek\u00e4 idealistinen pornot\u00e4hti ett\u00e4 karnevalistinen poliitikko. Ristiriitaisetkin roolit istuvat yhteen kummasti, kun niist\u00e4 rakentaa performatiivisen kokonaisuuden.\" \/>\n<meta property=\"og:url\" content=\"https:\/\/voima.fi\/hairikot\/artikkeli\/performanssi-politiikasta-pornosta\/\" \/>\n<meta property=\"og:site_name\" content=\"H\u00e4irik\u00f6t-p\u00e4\u00e4maja\" \/>\n<meta property=\"article:published_time\" content=\"2017-09-18T21:00:00+00:00\" \/>\n<meta property=\"article:modified_time\" content=\"2020-08-10T11:02:00+00:00\" \/>\n<meta property=\"og:image\" content=\"https:\/\/voima.fi\/hairikot\/wp-content\/uploads\/sites\/9\/2020\/04\/PA-A-KUVA_Ilona_Staller_manifestazione_antiproibizionista_Rome.jpg\" \/>\n\t<meta property=\"og:image:width\" content=\"1776\" \/>\n\t<meta property=\"og:image:height\" content=\"1182\" \/>\n\t<meta property=\"og:image:type\" content=\"image\/jpeg\" \/>\n<meta name=\"twitter:card\" content=\"summary_large_image\" \/>\n<meta name=\"twitter:label1\" content=\"Kirjoittanut\" \/>\n\t<meta name=\"twitter:data1\" content=\"\" \/>\n\t<meta name=\"twitter:label2\" content=\"Arvioitu lukuaika\" \/>\n\t<meta name=\"twitter:data2\" content=\"7 minuuttia\" \/>\n<script type=\"application\/ld+json\" class=\"yoast-schema-graph\">{\"@context\":\"https:\/\/schema.org\",\"@graph\":[{\"@type\":\"WebPage\",\"@id\":\"https:\/\/voima.fi\/hairikot\/artikkeli\/performanssi-politiikasta-pornosta\/\",\"url\":\"https:\/\/voima.fi\/hairikot\/artikkeli\/performanssi-politiikasta-pornosta\/\",\"name\":\"Performanssi politiikasta ja pornosta - H\u00e4irik\u00f6t-p\u00e4\u00e4maja\",\"isPartOf\":{\"@id\":\"https:\/\/voima.fi\/hairikot\/#website\"},\"primaryImageOfPage\":{\"@id\":\"https:\/\/voima.fi\/hairikot\/artikkeli\/performanssi-politiikasta-pornosta\/#primaryimage\"},\"image\":{\"@id\":\"https:\/\/voima.fi\/hairikot\/artikkeli\/performanssi-politiikasta-pornosta\/#primaryimage\"},\"thumbnailUrl\":\"https:\/\/voima.fi\/hairikot\/wp-content\/uploads\/sites\/9\/2020\/04\/PA-A-KUVA_Ilona_Staller_manifestazione_antiproibizionista_Rome.jpg\",\"datePublished\":\"2017-09-18T21:00:00+00:00\",\"dateModified\":\"2020-08-10T11:02:00+00:00\",\"author\":{\"@id\":\"\"},\"breadcrumb\":{\"@id\":\"https:\/\/voima.fi\/hairikot\/artikkeli\/performanssi-politiikasta-pornosta\/#breadcrumb\"},\"inLanguage\":\"fi\",\"potentialAction\":[{\"@type\":\"ReadAction\",\"target\":[\"https:\/\/voima.fi\/hairikot\/artikkeli\/performanssi-politiikasta-pornosta\/\"]}]},{\"@type\":\"ImageObject\",\"inLanguage\":\"fi\",\"@id\":\"https:\/\/voima.fi\/hairikot\/artikkeli\/performanssi-politiikasta-pornosta\/#primaryimage\",\"url\":\"https:\/\/voima.fi\/hairikot\/wp-content\/uploads\/sites\/9\/2020\/04\/PA-A-KUVA_Ilona_Staller_manifestazione_antiproibizionista_Rome.jpg\",\"contentUrl\":\"https:\/\/voima.fi\/hairikot\/wp-content\/uploads\/sites\/9\/2020\/04\/PA-A-KUVA_Ilona_Staller_manifestazione_antiproibizionista_Rome.jpg\",\"width\":1776,\"height\":1182},{\"@type\":\"BreadcrumbList\",\"@id\":\"https:\/\/voima.fi\/hairikot\/artikkeli\/performanssi-politiikasta-pornosta\/#breadcrumb\",\"itemListElement\":[{\"@type\":\"ListItem\",\"position\":1,\"name\":\"Home\",\"item\":\"https:\/\/voima.fi\/hairikot\/\"},{\"@type\":\"ListItem\",\"position\":2,\"name\":\"Performanssi politiikasta ja pornosta\"}]},{\"@type\":\"WebSite\",\"@id\":\"https:\/\/voima.fi\/hairikot\/#website\",\"url\":\"https:\/\/voima.fi\/hairikot\/\",\"name\":\"H\u00e4irik\u00f6t-p\u00e4\u00e4maja\",\"description\":\"\",\"potentialAction\":[{\"@type\":\"SearchAction\",\"target\":{\"@type\":\"EntryPoint\",\"urlTemplate\":\"https:\/\/voima.fi\/hairikot\/?s={search_term_string}\"},\"query-input\":\"required name=search_term_string\"}],\"inLanguage\":\"fi\"},{\"@type\":\"Person\",\"@id\":\"\",\"url\":\"https:\/\/voima.fi\/hairikot\/artikkeli\/author\/\"}]}<\/script>\n<!-- \/ Yoast SEO plugin. -->","yoast_head_json":{"title":"Performanssi politiikasta ja pornosta - H\u00e4irik\u00f6t-p\u00e4\u00e4maja","robots":{"index":"index","follow":"follow","max-snippet":"max-snippet:-1","max-image-preview":"max-image-preview:large","max-video-preview":"max-video-preview:-1"},"canonical":"https:\/\/voima.fi\/hairikot\/artikkeli\/performanssi-politiikasta-pornosta\/","og_locale":"fi_FI","og_type":"article","og_title":"Performanssi politiikasta ja pornosta - H\u00e4irik\u00f6t-p\u00e4\u00e4maja","og_description":"Cicciolina on sek\u00e4 idealistinen pornot\u00e4hti ett\u00e4 karnevalistinen poliitikko. Ristiriitaisetkin roolit istuvat yhteen kummasti, kun niist\u00e4 rakentaa performatiivisen kokonaisuuden.","og_url":"https:\/\/voima.fi\/hairikot\/artikkeli\/performanssi-politiikasta-pornosta\/","og_site_name":"H\u00e4irik\u00f6t-p\u00e4\u00e4maja","article_published_time":"2017-09-18T21:00:00+00:00","article_modified_time":"2020-08-10T11:02:00+00:00","og_image":[{"width":1776,"height":1182,"url":"https:\/\/voima.fi\/hairikot\/wp-content\/uploads\/sites\/9\/2020\/04\/PA-A-KUVA_Ilona_Staller_manifestazione_antiproibizionista_Rome.jpg","type":"image\/jpeg"}],"twitter_card":"summary_large_image","twitter_misc":{"Kirjoittanut":"","Arvioitu lukuaika":"7 minuuttia"},"schema":{"@context":"https:\/\/schema.org","@graph":[{"@type":"WebPage","@id":"https:\/\/voima.fi\/hairikot\/artikkeli\/performanssi-politiikasta-pornosta\/","url":"https:\/\/voima.fi\/hairikot\/artikkeli\/performanssi-politiikasta-pornosta\/","name":"Performanssi politiikasta ja pornosta - H\u00e4irik\u00f6t-p\u00e4\u00e4maja","isPartOf":{"@id":"https:\/\/voima.fi\/hairikot\/#website"},"primaryImageOfPage":{"@id":"https:\/\/voima.fi\/hairikot\/artikkeli\/performanssi-politiikasta-pornosta\/#primaryimage"},"image":{"@id":"https:\/\/voima.fi\/hairikot\/artikkeli\/performanssi-politiikasta-pornosta\/#primaryimage"},"thumbnailUrl":"https:\/\/voima.fi\/hairikot\/wp-content\/uploads\/sites\/9\/2020\/04\/PA-A-KUVA_Ilona_Staller_manifestazione_antiproibizionista_Rome.jpg","datePublished":"2017-09-18T21:00:00+00:00","dateModified":"2020-08-10T11:02:00+00:00","author":{"@id":""},"breadcrumb":{"@id":"https:\/\/voima.fi\/hairikot\/artikkeli\/performanssi-politiikasta-pornosta\/#breadcrumb"},"inLanguage":"fi","potentialAction":[{"@type":"ReadAction","target":["https:\/\/voima.fi\/hairikot\/artikkeli\/performanssi-politiikasta-pornosta\/"]}]},{"@type":"ImageObject","inLanguage":"fi","@id":"https:\/\/voima.fi\/hairikot\/artikkeli\/performanssi-politiikasta-pornosta\/#primaryimage","url":"https:\/\/voima.fi\/hairikot\/wp-content\/uploads\/sites\/9\/2020\/04\/PA-A-KUVA_Ilona_Staller_manifestazione_antiproibizionista_Rome.jpg","contentUrl":"https:\/\/voima.fi\/hairikot\/wp-content\/uploads\/sites\/9\/2020\/04\/PA-A-KUVA_Ilona_Staller_manifestazione_antiproibizionista_Rome.jpg","width":1776,"height":1182},{"@type":"BreadcrumbList","@id":"https:\/\/voima.fi\/hairikot\/artikkeli\/performanssi-politiikasta-pornosta\/#breadcrumb","itemListElement":[{"@type":"ListItem","position":1,"name":"Home","item":"https:\/\/voima.fi\/hairikot\/"},{"@type":"ListItem","position":2,"name":"Performanssi politiikasta ja pornosta"}]},{"@type":"WebSite","@id":"https:\/\/voima.fi\/hairikot\/#website","url":"https:\/\/voima.fi\/hairikot\/","name":"H\u00e4irik\u00f6t-p\u00e4\u00e4maja","description":"","potentialAction":[{"@type":"SearchAction","target":{"@type":"EntryPoint","urlTemplate":"https:\/\/voima.fi\/hairikot\/?s={search_term_string}"},"query-input":"required name=search_term_string"}],"inLanguage":"fi"},{"@type":"Person","@id":"","url":"https:\/\/voima.fi\/hairikot\/artikkeli\/author\/"}]}},"enclosure":{"image":"https:\/\/voima.fi\/hairikot\/wp-content\/uploads\/sites\/9\/2020\/04\/PA-A-KUVA_Ilona_Staller_manifestazione_antiproibizionista_Rome.jpg"},"meta:avatar":"","geolocation":[],"meta:youtube":null,"meta:vimeo":null,"meta:duration":null,"_links":{"self":[{"href":"https:\/\/voima.fi\/hairikot\/wp-json\/wp\/v2\/posts\/12941"}],"collection":[{"href":"https:\/\/voima.fi\/hairikot\/wp-json\/wp\/v2\/posts"}],"about":[{"href":"https:\/\/voima.fi\/hairikot\/wp-json\/wp\/v2\/types\/post"}],"author":[{"embeddable":true,"href":"https:\/\/voima.fi\/hairikot\/wp-json\/wp\/v2\/users\/719"}],"replies":[{"embeddable":true,"href":"https:\/\/voima.fi\/hairikot\/wp-json\/wp\/v2\/comments?post=12941"}],"version-history":[{"count":4,"href":"https:\/\/voima.fi\/hairikot\/wp-json\/wp\/v2\/posts\/12941\/revisions"}],"predecessor-version":[{"id":17977,"href":"https:\/\/voima.fi\/hairikot\/wp-json\/wp\/v2\/posts\/12941\/revisions\/17977"}],"wp:featuredmedia":[{"embeddable":true,"href":"https:\/\/voima.fi\/hairikot\/wp-json\/wp\/v2\/media\/16675"}],"wp:attachment":[{"href":"https:\/\/voima.fi\/hairikot\/wp-json\/wp\/v2\/media?parent=12941"}],"wp:term":[{"taxonomy":"category","embeddable":true,"href":"https:\/\/voima.fi\/hairikot\/wp-json\/wp\/v2\/categories?post=12941"},{"taxonomy":"post_tag","embeddable":true,"href":"https:\/\/voima.fi\/hairikot\/wp-json\/wp\/v2\/tags?post=12941"}],"curies":[{"name":"wp","href":"https:\/\/api.w.org\/{rel}","templated":true}]}}