{"id":12874,"date":"2017-09-01T00:00:00","date_gmt":"2017-08-31T21:00:00","guid":{"rendered":"http:\/\/voima.fi\/hairikot\/?post_type=artikkeli&#038;p=12874"},"modified":"2020-08-10T14:02:00","modified_gmt":"2020-08-10T11:02:00","slug":"anus-spa-mikaan-tavallinen-hoitola","status":"publish","type":"post","link":"https:\/\/voima.fi\/hairikot\/artikkeli\/anus-spa-mikaan-tavallinen-hoitola\/","title":{"rendered":"Anu&#8217;s Spa \u2013\u00a0ei mik\u00e4\u00e4n tavallinen hoitola\u00a0"},"content":{"rendered":"<div class=\"lowres-featured-image\"><img decoding=\"async\" width=\"1038\" height=\"430\" src=\"https:\/\/voima.fi\/hairikot\/wp-content\/uploads\/sites\/9\/2020\/04\/Na-ytto-kuva-2017-09-01-kello-13.18.49.png\" class=\"attachment-full size-full wp-post-image\" alt=\"\" srcset=\"https:\/\/voima.fi\/hairikot\/wp-content\/uploads\/sites\/9\/2020\/04\/Na-ytto-kuva-2017-09-01-kello-13.18.49.png 1038w, https:\/\/voima.fi\/hairikot\/wp-content\/uploads\/sites\/9\/2020\/04\/Na-ytto-kuva-2017-09-01-kello-13.18.49-600x249.png 600w, https:\/\/voima.fi\/hairikot\/wp-content\/uploads\/sites\/9\/2020\/04\/Na-ytto-kuva-2017-09-01-kello-13.18.49-1024x424.png 1024w, https:\/\/voima.fi\/hairikot\/wp-content\/uploads\/sites\/9\/2020\/04\/Na-ytto-kuva-2017-09-01-kello-13.18.49-768x318.png 768w, https:\/\/voima.fi\/hairikot\/wp-content\/uploads\/sites\/9\/2020\/04\/Na-ytto-kuva-2017-09-01-kello-13.18.49-320x133.png 320w, https:\/\/voima.fi\/hairikot\/wp-content\/uploads\/sites\/9\/2020\/04\/Na-ytto-kuva-2017-09-01-kello-13.18.49-200x83.png 200w, https:\/\/voima.fi\/hairikot\/wp-content\/uploads\/sites\/9\/2020\/04\/Na-ytto-kuva-2017-09-01-kello-13.18.49-560x232.png 560w, https:\/\/voima.fi\/hairikot\/wp-content\/uploads\/sites\/9\/2020\/04\/Na-ytto-kuva-2017-09-01-kello-13.18.49-980x406.png 980w, https:\/\/voima.fi\/hairikot\/wp-content\/uploads\/sites\/9\/2020\/04\/Na-ytto-kuva-2017-09-01-kello-13.18.49-300x124.png 300w\" sizes=\"(max-width: 1038px) 100vw, 1038px\" \/><p class=\"ylakuvateksti\"><\/p><\/div><p class=\"p3\"><span class=\"s1\"><b><a href=\"https:\/\/www.facebook.com\/idaidahoho\/\" class=\"external\" rel=\"nofollow\">IDA HO<\/a>\u00a0<\/b>-ty\u00f6ryhm\u00e4 on koetellut teatteri-ilmaisun rajoja ja v\u00e4hitellen siirtynyt teatterin tuolle puolen. Ryhm\u00e4 m\u00e4\u00e4rittelee tutkivansa esiintymisen ja olemisen taajuuksia. T\u00e4ll\u00e4 kertaa ryhm\u00e4n tutkimukset tapahtuvat hyvinvointi<\/span><span class=\"s3\">&#8211;<\/span><span class=\"s1\">spalta muotonsa lainanneessa tilassa, jossa kokijalle tarjotaan rajatiedosta, uskomushoidoista ja tosimaailman hulluudesta ideansa lainanneita hoitoja.\u00a0<\/span><\/p>\n<p class=\"p4\"><span class=\"s1\">Tarjolla on muun muassa ebola<\/span><span class=\"s3\">&#8211;<\/span><span class=\"s1\">viruspistoksia, jotka parantavat kaikista taudeista, ja Bifrost<\/span><span class=\"s3\">&#8211;<\/span><span class=\"s1\">sateenkaarisiltaterapiaa. Palveluihin kuuluu my\u00f6s ajankohtainen Suomi sata -luksushoitopaketti, joka sis\u00e4lt\u00e4\u00e4 muun muassa Koivuniemen herran vierailun. Ja voi olla, ett\u00e4 kaikki Yellow Moment Magic\u00a0<\/span><span class=\"s3\">&#8211;<\/span><span class=\"s1\">hoidon tilanneet eiv\u00e4t ymm\u00e4rr\u00e4 viittausta kultaiseen suihkuun.\u00a0<\/span><\/p>\n<figure id=\"attachment_12875\" aria-describedby=\"caption-attachment-12875\" style=\"width: 400px\" class=\"wp-caption alignright\"><img decoding=\"async\" class=\" wp-image-12875\" src=\"https:\/\/voima.fi\/hairikot\/wp-content\/uploads\/sites\/9\/2020\/04\/Anus-Spa-1.jpg\" alt=\"BARBRA ALA-H\u00c4RKKI\u00a0on erikoistunut viruologisiin hoitoihin ja h\u00e4n on lisenssoitu aromaterapeutti. Uskaltaisitko antaa h\u00e4nen ruiskuttaa kehoosi ebola-virusta? Miksi?\" width=\"400\" height=\"596\" \/><figcaption id=\"caption-attachment-12875\" class=\"wp-caption-text\">BARBRA ALA-H\u00c4RKKI\u00a0on erikoistunut viruologisiin hoitoihin ja h\u00e4n on lisenssoitu aromaterapeutti. Uskaltaisitko antaa h\u00e4nen ruiskuttaa kehoosi ebola-virusta? Miksi?<\/figcaption><\/figure>\n<p class=\"p4\"><span class=\"s1\"><b>MISS\u00c4\u00c4N EI OLE\u00a0<\/b>mit\u00e4\u00e4n j\u00e4rke\u00e4, paitsi ett\u00e4 on. Ida Ho -ty\u00f6ryhm\u00e4 kertoo, mist\u00e4 Helsingin Vallilaan sijoittuvassa performatiivisessa aktiossa nimelt\u00e4\u00a0<i><a href=\"http:\/\/anusspa.fi\" class=\"external\" rel=\"nofollow\">Anu\u2019s Spa<\/a>\u00a0<\/i>on kyse.\u00a0<\/span><\/p>\n<p class=\"p4\"><span class=\"s1\">\u201dT\u00e4m\u00e4n produktion ensimm\u00e4inen idea oli, ett\u00e4 ihmiset tavoittelevat hyv\u00e4\u00e4 oloa itsens\u00e4 ulkopuolella olevalla \u2013 esimerkiksi vaihtoehtohoidoilla. K\u00e4vin Tallinnassa kylpyl\u00e4ss\u00e4, jossa tarjottiin Kauneus minussa ja James Bond -hoitoja. Kysyimme itselt\u00e4mme, mit\u00e4 niill\u00e4 haetaan. Henkisyys on nykymaailmassa hyvin materialistista, ja Lidlist\u00e4kin saa joogamattoja ja\u00a0<\/span><span class=\"s3\">&#8211;<\/span><span class=\"s1\">housuja\u201d, kertoo ty\u00f6ryhm\u00e4n j\u00e4sen\u00a0<b>Thomas Hamberg<\/b>.\u00a0<\/span><\/p>\n<p class=\"p4\"><span class=\"s1\">Anu\u2019s Spassa kokija on itse ty\u00f6ryhm\u00e4n yksil\u00f6llisen huomion kohteena ja joutuu kohtaamaan maailman sek\u00e4 itsens\u00e4 ehk\u00e4 tunnistettavina, mutta samalla my\u00f6s v\u00e4\u00e4rist\u00e4v\u00e4n peilin kautta.\u00a0<\/span><\/p>\n<p class=\"p4\"><span class=\"s1\">\u201dIhmiset eiv\u00e4t useinkaan ajattele kauhean pitk\u00e4lle, mit\u00e4 ottavat vastaan. Ei pid\u00e4 kyseenalaistaa pelk\u00e4st\u00e4\u00e4n sit\u00e4, mit\u00e4 tarjotaan, vaan my\u00f6s se, mit\u00e4 otetaan vastaan. Humpuukiahan t\u00e4m\u00e4 kaikki on, vaikka varmasti jotkut my\u00f6s ihan vilpitt\u00f6m\u00e4sti tarjoavat yksisarvishoitoja\u201d,\u00a0<b>Satu M\u00e4kinen\u00a0<\/b>toteaa.\u00a0<\/span><\/p>\n<p class=\"p4\"><span class=\"s1\">\u201dEn suhtaudu aggressiivisen kriittisesti vaihtoehtohoitoihin, enemm\u00e4nkin uteliaan huvittuneesti. Minua kiinnostaa se, kuinka esimerkiksi ihmisten h\u00e4t\u00e4\u00e4 voidaan hyv\u00e4ksik\u00e4ytt\u00e4\u00e4. K\u00e4y vaikka katsomassa Valkoisen Liekin Voima\u00a0<\/span><span class=\"s3\">&#8211;<\/span><span class=\"s1\">sivua: siell\u00e4 myyd\u00e4\u00e4n seitsem\u00e4nsadan euron yksisarviskouluttajapakettia. Kyll\u00e4 m\u00e4 vakavasti uskon, ett\u00e4 sen ostavat ihmiset saavat jotain siit\u00e4 \u2013 en tosin tied\u00e4 mit\u00e4\u201d, sanoo Hamberg.\u00a0<\/span><\/p>\n<p class=\"p4\"><span class=\"s1\">\u201dKoska t\u00e4m\u00e4n uushenkisyyden ymp\u00e4rill\u00e4 on iso bisnes, mekin avaamme nettikaupan. Sielt\u00e4 voi ostaa merkityksellisi\u00e4 h\u00f6yheni\u00e4 ja ebola-rentoutusta ja muuta. Henkisyydest\u00e4 on tehty kulutustavara, josta valitaan itselle sopivat palaset ja tehd\u00e4\u00e4n siit\u00e4\u00a0<i>statement<\/i>. Sitten sit\u00e4 henkisyytt\u00e4 julistetaan jollain tiibetil\u00e4isell\u00e4 kellolla\u201d, ryhm\u00e4n kolmas j\u00e4sen\u00a0<b>Irene Kajo\u00a0<\/b>kertoo.\u00a0<\/span><\/p>\n<figure id=\"attachment_12876\" aria-describedby=\"caption-attachment-12876\" style=\"width: 400px\" class=\"wp-caption alignright\"><img decoding=\"async\" class=\" wp-image-12876\" src=\"https:\/\/voima.fi\/hairikot\/wp-content\/uploads\/sites\/9\/2020\/04\/Anus-Spa-scaled.jpg\" alt=\"Suolakivist\u00e4 kerrotaan muun muassa seuraavaa: &quot;Salt kristalli valaisimet edistet\u00e4\u00e4n niiden terveyshy\u00f6tyj\u00e4. Monille lamput kristalli suola tulee Himalajan suolaa, joka on otettu antiikin merenpohjassa. N\u00e4m\u00e4 kiteet sitten koverrettu ja lamppu on sijoitettu. Lamppu, kun k\u00e4yt\u00f6ss\u00e4 tuottaa l\u00e4mp\u00f6\u00e4. Mukaan kannattaa suolaa kristalli valaisimet t\u00e4m\u00e4 l\u00e4mp\u00f6 tuottaa negatiivisia ioneja, jotka puhdistavat ilmaa.&quot; Need I say more? \" width=\"400\" height=\"554\" \/><figcaption id=\"caption-attachment-12876\" class=\"wp-caption-text\">Suolakivist\u00e4 <a href=\"http:\/\/puksikaka.com\/article\/truth-about-salt-crystal-valaisimet\" class=\"external\" rel=\"nofollow\">kerrotaan<\/a> muun muassa seuraavaa:<br \/>&#8221;Salt kristalli valaisimet edistet\u00e4\u00e4n niiden terveyshy\u00f6tyj\u00e4. Monille lamput kristalli suola tulee Himalajan suolaa, joka on otettu antiikin merenpohjassa. N\u00e4m\u00e4 kiteet sitten koverrettu ja lamppu on sijoitettu. Lamppu, kun k\u00e4yt\u00f6ss\u00e4 tuottaa l\u00e4mp\u00f6\u00e4. Mukaan kannattaa suolaa kristalli valaisimet t\u00e4m\u00e4 l\u00e4mp\u00f6 tuottaa negatiivisia ioneja, jotka puhdistavat ilmaa.&#8221;<br \/>Need I say more?<\/figcaption><\/figure>\n<p class=\"p4\"><span class=\"s1\"><b>VAIKKA IDA HON\u00a0<\/b>ote on tukevan absurdi, ei se tarkoita, etteik\u00f6 asia olisi vakava. Absurdi on vain sopiva kieli kuvaamaan t\u00e4t\u00e4 yhteiskuntaa. Koko ryhm\u00e4 toteaa yhteen \u00e4\u00e4neen, ettei n\u00e4it\u00e4 teemoja olisi mit\u00e4\u00e4n j\u00e4rke\u00e4 k\u00e4sitell\u00e4 ilman karnevalismia.\u00a0<\/span><\/p>\n<p class=\"p4\"><span class=\"s1\">\u201dKarnevalismi on se meid\u00e4n juttu \u2013 ylh\u00e4isen alentaminen ja groteski estetiikka. Ilman sit\u00e4 t\u00e4m\u00e4 olisi sit\u00e4 pateettista soopaa, joka t\u00e4ytt\u00e4\u00e4 teattereiden isot n\u00e4ytt\u00e4m\u00f6t\u201d, Kajo aloittaa.\u00a0<\/span><\/p>\n<p class=\"p4\"><span class=\"s1\">\u201dKielemme on absurdin surrealistinen. Ironian ja satiirin avulla asiat voi vied\u00e4 niin pitk\u00e4lle, ett\u00e4 joutuu miettim\u00e4\u00e4n, saako t\u00e4lle edes nauraa\u201d, M\u00e4kinen jatkaa.\u00a0<\/span><\/p>\n<p class=\"p4\"><span class=\"s1\">\u201dEtt\u00e4 naurattaisi, mutta ei ole varma, kehtaako\u201d, Hamberg p\u00e4\u00e4tt\u00e4\u00e4.\u00a0<\/span><\/p>\n<p class=\"p4\"><span class=\"s1\"><b>ANU\u2019S SPAN NIMESS\u00c4\u00a0<\/b>on ilmeinen v\u00e4\u00e4rinlukemisen vaara, eik\u00e4 t\u00e4m\u00e4 ollut vahinko. Sivun linkki l\u00e4htikin villisti kiert\u00e4m\u00e4\u00e4n sosiaalisessa mediassa. Ryhm\u00e4n tavoitteena ei kuitenkaan ole saada suuria yleis\u00f6j\u00e4 vaan luoda suuria tunteita sille yleis\u00f6lle, joka heid\u00e4t l\u00f6yt\u00e4\u00e4.\u00a0<\/span><\/p>\n<p class=\"p4\"><span class=\"s1\">\u201dSe, mit\u00e4 sosiaalisessa mediassa levi\u00e4\u00e4 meemin\u00e4 ja leikkin\u00e4, on kevytt\u00e4. Hoidot, joita tarjoamme, ovat se itse asia. Emme tee kokemusesityksi\u00e4, joissa vaan silitell\u00e4\u00e4n katsojaa\u201d, M\u00e4kinen kertoo.\u00a0<\/span><\/p>\n<p class=\"p4\"><span class=\"s1\">\u201dOlin erityisen ilahtunut, kun Punk in Finland\u00a0<\/span><span class=\"s3\">&#8211;<\/span><span class=\"s1\">palstalla spekuloitiin, olemmeko me oikeita ihmisi\u00e4. Olemme koetelleet soveliaisuuden rajoja ennenkin, mutta nyt ainakin tied\u00e4mme, ett\u00e4 t\u00e4m\u00e4 menee yli jostain kynnyksest\u00e4. Karnevalismissa on aina se kevyt ja vakava puolensa. Anu\u2019s Spahan ei kannata tulla pelk\u00e4st\u00e4\u00e4n viihtym\u00e4\u00e4n. Kyll\u00e4 osa t\u00e4\u00e4lt\u00e4 varmaan l\u00e4htee pahastuneina\u201d, Kajo uskoo.\u00a0<\/span><\/p>\n<p class=\"p4\"><span class=\"s1\"><b>Anu\u2019s Spa, Eurantie 8\u201310, Helsinki. Ryhm\u00e4hoitop\u00e4iv\u00e4t 7., 8., 12. ja 19.9. sek\u00e4 6. ja 7.10.\u00a0<\/b><\/span><\/p>\n","protected":false},"excerpt":{"rendered":"<p>Vaihtoehtohoitoja tarjoava spa avasi nettisivunsa, ja internet r\u00e4j\u00e4hti.<\/p>\n","protected":false},"author":122,"featured_media":16654,"comment_status":"open","ping_status":"open","sticky":false,"template":"","format":"standard","meta":{"footnotes":""},"categories":[4],"tags":[771,792,1260,1894,2056,2490,2683],"yoast_head":"<!-- This site is optimized with the Yoast SEO plugin v22.7 - https:\/\/yoast.com\/wordpress\/plugins\/seo\/ -->\n<title>Anu&#039;s Spa \u2013\u00a0ei mik\u00e4\u00e4n tavallinen hoitola\u00a0 - H\u00e4irik\u00f6t-p\u00e4\u00e4maja<\/title>\n<meta name=\"robots\" content=\"index, follow, max-snippet:-1, max-image-preview:large, max-video-preview:-1\" \/>\n<link rel=\"canonical\" href=\"https:\/\/voima.fi\/hairikot\/artikkeli\/anus-spa-mikaan-tavallinen-hoitola\/\" \/>\n<meta property=\"og:locale\" content=\"fi_FI\" \/>\n<meta property=\"og:type\" content=\"article\" \/>\n<meta property=\"og:title\" content=\"Anu&#039;s Spa \u2013\u00a0ei mik\u00e4\u00e4n tavallinen hoitola\u00a0 - H\u00e4irik\u00f6t-p\u00e4\u00e4maja\" \/>\n<meta property=\"og:description\" content=\"Vaihtoehtohoitoja tarjoava spa avasi nettisivunsa, ja internet r\u00e4j\u00e4hti.\" \/>\n<meta property=\"og:url\" content=\"https:\/\/voima.fi\/hairikot\/artikkeli\/anus-spa-mikaan-tavallinen-hoitola\/\" \/>\n<meta property=\"og:site_name\" content=\"H\u00e4irik\u00f6t-p\u00e4\u00e4maja\" \/>\n<meta property=\"article:published_time\" content=\"2017-08-31T21:00:00+00:00\" \/>\n<meta property=\"article:modified_time\" content=\"2020-08-10T11:02:00+00:00\" \/>\n<meta property=\"og:image\" content=\"https:\/\/voima.fi\/hairikot\/wp-content\/uploads\/sites\/9\/2020\/04\/Na-ytto-kuva-2017-09-01-kello-13.18.49.png\" \/>\n\t<meta property=\"og:image:width\" content=\"1038\" \/>\n\t<meta property=\"og:image:height\" content=\"430\" \/>\n\t<meta property=\"og:image:type\" content=\"image\/png\" \/>\n<meta name=\"author\" content=\"Jari Tamminen\" \/>\n<meta name=\"twitter:card\" content=\"summary_large_image\" \/>\n<meta name=\"twitter:label1\" content=\"Kirjoittanut\" \/>\n\t<meta name=\"twitter:data1\" content=\"Jari Tamminen\" \/>\n\t<meta name=\"twitter:label2\" content=\"Arvioitu lukuaika\" \/>\n\t<meta name=\"twitter:data2\" content=\"4 minuuttia\" \/>\n<script type=\"application\/ld+json\" class=\"yoast-schema-graph\">{\"@context\":\"https:\/\/schema.org\",\"@graph\":[{\"@type\":\"WebPage\",\"@id\":\"https:\/\/voima.fi\/hairikot\/artikkeli\/anus-spa-mikaan-tavallinen-hoitola\/\",\"url\":\"https:\/\/voima.fi\/hairikot\/artikkeli\/anus-spa-mikaan-tavallinen-hoitola\/\",\"name\":\"Anu's Spa \u2013\u00a0ei mik\u00e4\u00e4n tavallinen hoitola\u00a0 - H\u00e4irik\u00f6t-p\u00e4\u00e4maja\",\"isPartOf\":{\"@id\":\"https:\/\/voima.fi\/hairikot\/#website\"},\"primaryImageOfPage\":{\"@id\":\"https:\/\/voima.fi\/hairikot\/artikkeli\/anus-spa-mikaan-tavallinen-hoitola\/#primaryimage\"},\"image\":{\"@id\":\"https:\/\/voima.fi\/hairikot\/artikkeli\/anus-spa-mikaan-tavallinen-hoitola\/#primaryimage\"},\"thumbnailUrl\":\"https:\/\/voima.fi\/hairikot\/wp-content\/uploads\/sites\/9\/2020\/04\/Na-ytto-kuva-2017-09-01-kello-13.18.49.png\",\"datePublished\":\"2017-08-31T21:00:00+00:00\",\"dateModified\":\"2020-08-10T11:02:00+00:00\",\"author\":{\"@id\":\"https:\/\/voima.fi\/hairikot\/#\/schema\/person\/523ff68c19f1381d78529f38bb76e7fe\"},\"breadcrumb\":{\"@id\":\"https:\/\/voima.fi\/hairikot\/artikkeli\/anus-spa-mikaan-tavallinen-hoitola\/#breadcrumb\"},\"inLanguage\":\"fi\",\"potentialAction\":[{\"@type\":\"ReadAction\",\"target\":[\"https:\/\/voima.fi\/hairikot\/artikkeli\/anus-spa-mikaan-tavallinen-hoitola\/\"]}]},{\"@type\":\"ImageObject\",\"inLanguage\":\"fi\",\"@id\":\"https:\/\/voima.fi\/hairikot\/artikkeli\/anus-spa-mikaan-tavallinen-hoitola\/#primaryimage\",\"url\":\"https:\/\/voima.fi\/hairikot\/wp-content\/uploads\/sites\/9\/2020\/04\/Na-ytto-kuva-2017-09-01-kello-13.18.49.png\",\"contentUrl\":\"https:\/\/voima.fi\/hairikot\/wp-content\/uploads\/sites\/9\/2020\/04\/Na-ytto-kuva-2017-09-01-kello-13.18.49.png\",\"width\":1038,\"height\":430},{\"@type\":\"BreadcrumbList\",\"@id\":\"https:\/\/voima.fi\/hairikot\/artikkeli\/anus-spa-mikaan-tavallinen-hoitola\/#breadcrumb\",\"itemListElement\":[{\"@type\":\"ListItem\",\"position\":1,\"name\":\"Home\",\"item\":\"https:\/\/voima.fi\/hairikot\/\"},{\"@type\":\"ListItem\",\"position\":2,\"name\":\"Anu&#8217;s Spa \u2013\u00a0ei mik\u00e4\u00e4n tavallinen hoitola\u00a0\"}]},{\"@type\":\"WebSite\",\"@id\":\"https:\/\/voima.fi\/hairikot\/#website\",\"url\":\"https:\/\/voima.fi\/hairikot\/\",\"name\":\"H\u00e4irik\u00f6t-p\u00e4\u00e4maja\",\"description\":\"\",\"potentialAction\":[{\"@type\":\"SearchAction\",\"target\":{\"@type\":\"EntryPoint\",\"urlTemplate\":\"https:\/\/voima.fi\/hairikot\/?s={search_term_string}\"},\"query-input\":\"required name=search_term_string\"}],\"inLanguage\":\"fi\"},{\"@type\":\"Person\",\"@id\":\"https:\/\/voima.fi\/hairikot\/#\/schema\/person\/523ff68c19f1381d78529f38bb76e7fe\",\"name\":\"Jari Tamminen\",\"image\":{\"@type\":\"ImageObject\",\"inLanguage\":\"fi\",\"@id\":\"https:\/\/voima.fi\/hairikot\/#\/schema\/person\/image\/\",\"url\":\"https:\/\/secure.gravatar.com\/avatar\/e5c0bb16f2efc1924afe37fc190f8ce1?s=96&d=blank&r=g\",\"contentUrl\":\"https:\/\/secure.gravatar.com\/avatar\/e5c0bb16f2efc1924afe37fc190f8ce1?s=96&d=blank&r=g\",\"caption\":\"Jari Tamminen\"},\"description\":\"Kulttuurih\u00e4irint\u00e4 on taiteen ja aktivismin j\u00e4nnitt\u00e4v\u00e4\u00e4 lomittumista: odottamaton performanssi katuvilin\u00e4ss\u00e4, vallattuja mainostauluja ja mainosparodioita. Se on k\u00e4site, joka yhdist\u00e4\u00e4 yhteiskunnallista kommentaaria ja luovaa vastarintaa. T\u00e4ss\u00e4 blogissa Voiman Jari Tamminen hahmottaa maailmaa kulttuurih\u00e4irinn\u00e4n n\u00e4k\u00f6kulmasta. Lis\u00e4\u00e4 Tammisen huomioita kulttuurih\u00e4irinn\u00e4st\u00e4 voi lukea Voimasta, H\u00e4irik\u00f6t \u2013 Kulttuurih\u00e4irinn\u00e4n aakkoset -kirjasta ja p\u00e4ivitt\u00e4in osoitteesta www.facebook.com\/hairikot.\",\"sameAs\":[\"http:\/\/www.facebook.com\/hairikot\"],\"url\":\"https:\/\/voima.fi\/hairikot\/artikkeli\/author\/hairikko\/\"}]}<\/script>\n<!-- \/ Yoast SEO plugin. -->","yoast_head_json":{"title":"Anu's Spa \u2013\u00a0ei mik\u00e4\u00e4n tavallinen hoitola\u00a0 - H\u00e4irik\u00f6t-p\u00e4\u00e4maja","robots":{"index":"index","follow":"follow","max-snippet":"max-snippet:-1","max-image-preview":"max-image-preview:large","max-video-preview":"max-video-preview:-1"},"canonical":"https:\/\/voima.fi\/hairikot\/artikkeli\/anus-spa-mikaan-tavallinen-hoitola\/","og_locale":"fi_FI","og_type":"article","og_title":"Anu's Spa \u2013\u00a0ei mik\u00e4\u00e4n tavallinen hoitola\u00a0 - H\u00e4irik\u00f6t-p\u00e4\u00e4maja","og_description":"Vaihtoehtohoitoja tarjoava spa avasi nettisivunsa, ja internet r\u00e4j\u00e4hti.","og_url":"https:\/\/voima.fi\/hairikot\/artikkeli\/anus-spa-mikaan-tavallinen-hoitola\/","og_site_name":"H\u00e4irik\u00f6t-p\u00e4\u00e4maja","article_published_time":"2017-08-31T21:00:00+00:00","article_modified_time":"2020-08-10T11:02:00+00:00","og_image":[{"width":1038,"height":430,"url":"https:\/\/voima.fi\/hairikot\/wp-content\/uploads\/sites\/9\/2020\/04\/Na-ytto-kuva-2017-09-01-kello-13.18.49.png","type":"image\/png"}],"author":"Jari Tamminen","twitter_card":"summary_large_image","twitter_misc":{"Kirjoittanut":"Jari Tamminen","Arvioitu lukuaika":"4 minuuttia"},"schema":{"@context":"https:\/\/schema.org","@graph":[{"@type":"WebPage","@id":"https:\/\/voima.fi\/hairikot\/artikkeli\/anus-spa-mikaan-tavallinen-hoitola\/","url":"https:\/\/voima.fi\/hairikot\/artikkeli\/anus-spa-mikaan-tavallinen-hoitola\/","name":"Anu's Spa \u2013\u00a0ei mik\u00e4\u00e4n tavallinen hoitola\u00a0 - H\u00e4irik\u00f6t-p\u00e4\u00e4maja","isPartOf":{"@id":"https:\/\/voima.fi\/hairikot\/#website"},"primaryImageOfPage":{"@id":"https:\/\/voima.fi\/hairikot\/artikkeli\/anus-spa-mikaan-tavallinen-hoitola\/#primaryimage"},"image":{"@id":"https:\/\/voima.fi\/hairikot\/artikkeli\/anus-spa-mikaan-tavallinen-hoitola\/#primaryimage"},"thumbnailUrl":"https:\/\/voima.fi\/hairikot\/wp-content\/uploads\/sites\/9\/2020\/04\/Na-ytto-kuva-2017-09-01-kello-13.18.49.png","datePublished":"2017-08-31T21:00:00+00:00","dateModified":"2020-08-10T11:02:00+00:00","author":{"@id":"https:\/\/voima.fi\/hairikot\/#\/schema\/person\/523ff68c19f1381d78529f38bb76e7fe"},"breadcrumb":{"@id":"https:\/\/voima.fi\/hairikot\/artikkeli\/anus-spa-mikaan-tavallinen-hoitola\/#breadcrumb"},"inLanguage":"fi","potentialAction":[{"@type":"ReadAction","target":["https:\/\/voima.fi\/hairikot\/artikkeli\/anus-spa-mikaan-tavallinen-hoitola\/"]}]},{"@type":"ImageObject","inLanguage":"fi","@id":"https:\/\/voima.fi\/hairikot\/artikkeli\/anus-spa-mikaan-tavallinen-hoitola\/#primaryimage","url":"https:\/\/voima.fi\/hairikot\/wp-content\/uploads\/sites\/9\/2020\/04\/Na-ytto-kuva-2017-09-01-kello-13.18.49.png","contentUrl":"https:\/\/voima.fi\/hairikot\/wp-content\/uploads\/sites\/9\/2020\/04\/Na-ytto-kuva-2017-09-01-kello-13.18.49.png","width":1038,"height":430},{"@type":"BreadcrumbList","@id":"https:\/\/voima.fi\/hairikot\/artikkeli\/anus-spa-mikaan-tavallinen-hoitola\/#breadcrumb","itemListElement":[{"@type":"ListItem","position":1,"name":"Home","item":"https:\/\/voima.fi\/hairikot\/"},{"@type":"ListItem","position":2,"name":"Anu&#8217;s Spa \u2013\u00a0ei mik\u00e4\u00e4n tavallinen hoitola\u00a0"}]},{"@type":"WebSite","@id":"https:\/\/voima.fi\/hairikot\/#website","url":"https:\/\/voima.fi\/hairikot\/","name":"H\u00e4irik\u00f6t-p\u00e4\u00e4maja","description":"","potentialAction":[{"@type":"SearchAction","target":{"@type":"EntryPoint","urlTemplate":"https:\/\/voima.fi\/hairikot\/?s={search_term_string}"},"query-input":"required name=search_term_string"}],"inLanguage":"fi"},{"@type":"Person","@id":"https:\/\/voima.fi\/hairikot\/#\/schema\/person\/523ff68c19f1381d78529f38bb76e7fe","name":"Jari Tamminen","image":{"@type":"ImageObject","inLanguage":"fi","@id":"https:\/\/voima.fi\/hairikot\/#\/schema\/person\/image\/","url":"https:\/\/secure.gravatar.com\/avatar\/e5c0bb16f2efc1924afe37fc190f8ce1?s=96&d=blank&r=g","contentUrl":"https:\/\/secure.gravatar.com\/avatar\/e5c0bb16f2efc1924afe37fc190f8ce1?s=96&d=blank&r=g","caption":"Jari Tamminen"},"description":"Kulttuurih\u00e4irint\u00e4 on taiteen ja aktivismin j\u00e4nnitt\u00e4v\u00e4\u00e4 lomittumista: odottamaton performanssi katuvilin\u00e4ss\u00e4, vallattuja mainostauluja ja mainosparodioita. Se on k\u00e4site, joka yhdist\u00e4\u00e4 yhteiskunnallista kommentaaria ja luovaa vastarintaa. T\u00e4ss\u00e4 blogissa Voiman Jari Tamminen hahmottaa maailmaa kulttuurih\u00e4irinn\u00e4n n\u00e4k\u00f6kulmasta. Lis\u00e4\u00e4 Tammisen huomioita kulttuurih\u00e4irinn\u00e4st\u00e4 voi lukea Voimasta, H\u00e4irik\u00f6t \u2013 Kulttuurih\u00e4irinn\u00e4n aakkoset -kirjasta ja p\u00e4ivitt\u00e4in osoitteesta www.facebook.com\/hairikot.","sameAs":["http:\/\/www.facebook.com\/hairikot"],"url":"https:\/\/voima.fi\/hairikot\/artikkeli\/author\/hairikko\/"}]}},"enclosure":{"image":"https:\/\/voima.fi\/hairikot\/wp-content\/uploads\/sites\/9\/2020\/04\/Na-ytto-kuva-2017-09-01-kello-13.18.49.png"},"meta:avatar":"","geolocation":[],"meta:youtube":null,"meta:vimeo":null,"meta:duration":null,"_links":{"self":[{"href":"https:\/\/voima.fi\/hairikot\/wp-json\/wp\/v2\/posts\/12874"}],"collection":[{"href":"https:\/\/voima.fi\/hairikot\/wp-json\/wp\/v2\/posts"}],"about":[{"href":"https:\/\/voima.fi\/hairikot\/wp-json\/wp\/v2\/types\/post"}],"author":[{"embeddable":true,"href":"https:\/\/voima.fi\/hairikot\/wp-json\/wp\/v2\/users\/122"}],"replies":[{"embeddable":true,"href":"https:\/\/voima.fi\/hairikot\/wp-json\/wp\/v2\/comments?post=12874"}],"version-history":[{"count":4,"href":"https:\/\/voima.fi\/hairikot\/wp-json\/wp\/v2\/posts\/12874\/revisions"}],"predecessor-version":[{"id":17982,"href":"https:\/\/voima.fi\/hairikot\/wp-json\/wp\/v2\/posts\/12874\/revisions\/17982"}],"wp:featuredmedia":[{"embeddable":true,"href":"https:\/\/voima.fi\/hairikot\/wp-json\/wp\/v2\/media\/16654"}],"wp:attachment":[{"href":"https:\/\/voima.fi\/hairikot\/wp-json\/wp\/v2\/media?parent=12874"}],"wp:term":[{"taxonomy":"category","embeddable":true,"href":"https:\/\/voima.fi\/hairikot\/wp-json\/wp\/v2\/categories?post=12874"},{"taxonomy":"post_tag","embeddable":true,"href":"https:\/\/voima.fi\/hairikot\/wp-json\/wp\/v2\/tags?post=12874"}],"curies":[{"name":"wp","href":"https:\/\/api.w.org\/{rel}","templated":true}]}}