{"id":12800,"date":"2017-06-29T00:00:00","date_gmt":"2017-06-28T21:00:00","guid":{"rendered":"http:\/\/voima.fi\/hairikot\/?post_type=artikkeli&#038;p=12800"},"modified":"2020-08-10T14:02:01","modified_gmt":"2020-08-10T11:02:01","slug":"kuuma-laskikeskustelu","status":"publish","type":"post","link":"https:\/\/voima.fi\/hairikot\/artikkeli\/kuuma-laskikeskustelu\/","title":{"rendered":"Kuuma l\u00e4skikeskustelu"},"content":{"rendered":"<p class=\"p1\"><span class=\"s1\">TEKSTI \u00a0Raisa Omaheimo ja Saara S\u00e4rm\u00e4<\/span><\/p>\n<p class=\"p1\"><span class=\"s1\"><strong>Satavuotisen Suomen<\/strong> historiassa naiskehoa on aina haluttu kontrolloida. Edistyst\u00e4kin on tapahtunut: Nyky\u00e4\u00e4n me saamme ehk\u00e4ist\u00e4 raskauksia monipuolisilla tavoilla, me saamme jopa steriloida itsemme (kunhan olemme tarpeeksi vanhoja). Kuukautissuojia on saatavilla helposti, ja ne ovat suurimmalle osalle meist\u00e4 kohtuullisen hintaisia.<\/span><\/p>\n<p class=\"p1\"><span class=\"s1\">Seksiin tarvitaan suostumus, jopa avioliitossa.<\/span><\/p>\n<p class=\"p1\"><span class=\"s1\">Ulkon\u00e4\u00f6n kontrolli kuitenkin on ja pysyy. Seksuaalisesta h\u00e4irinn\u00e4st\u00e4 puhutaan jo paljon ja kauneusihanteita kritisoidaan ep\u00e4terveellisin\u00e4, mutta kaikkien kehojen olemassaolon oikeutusta vaativa intersektionaalinen l\u00e4skiaktivismikeskustelu saapui maahamme vasta vuonna 2016. Siksi l\u00e4skiaktivismi on keskeinen kamppailu Suomen siirtyess\u00e4 toiselle vuosisadalleen.<\/span><\/p>\n<p><iframe title=\"Kalevala Koru: Kesytt\u00e4m\u00e4t\u00f6nt\u00e4 kauneutta\" width=\"1200\" height=\"675\" src=\"https:\/\/www.youtube.com\/embed\/VndKBvh3ZS4?&#038;showinfo=0&#038;rel=0&#038;modestbranding=1&#038;iv_load_policy=3&#038;color=white\" frameborder=\"0\" allow=\"accelerometer; autoplay; encrypted-media; gyroscope; picture-in-picture\" allowfullscreen><\/iframe><\/p>\n<p class=\"p1\"><em>Kalevala Koru: Kesytt\u00e4m\u00e4t\u00f6nt\u00e4 kauneutta<\/em><\/p>\n<p class=\"p1\"><span class=\"s1\"><strong>Kalevala Koru<\/strong> julkaisi toukokuussa 2017 Kesytt\u00e4m\u00e4t\u00f6nt\u00e4 kauneutta -mainosvideon. Videon taustamusiikkina soi kappale \u201dKen on heist\u00e4 kaikkein kaunein\u201d, ja siin\u00e4 esiintyi erilaisia naisia tekem\u00e4ss\u00e4 itselleen t\u00e4rkeit\u00e4 asioita. Video sai julkisuudessa ja sosiaalisessa mediassa p\u00e4\u00e4s\u00e4\u00e4nt\u00f6isesti hyv\u00e4n vastaanoton, ja sen naiseuden diversiteetti\u00e4 kiitettiin. Meit\u00e4 kriittisi\u00e4 \u00e4\u00e4ni\u00e4 oli paljon v\u00e4hemm\u00e4n.<\/span><\/p>\n<p class=\"p1\"><span class=\"s1\">Me pohdimme, miksi jo monissa yhteyksiss\u00e4 arvoiksi nousseet inkluusion ja diversiteetin k\u00e4sitteet eiv\u00e4t viel\u00e4k\u00e4\u00e4n laajene l\u00e4ski-inklusiivisiksi. Kalevala Korun mainoksessa n\u00e4kyi vain yksi keho, jolla oli v\u00e4h\u00e4n ylipainoa.<\/span><\/p>\n<p class=\"p1\"><span class=\"s1\">Kosmetiikkayhti\u00f6 Dove on tuottanut useita vastaavankaltaisia kehopositiivisia mainoskampajoita, joissa esitell\u00e4\u00e4n \u201dkaikenkokoisia naisia\u201d. Kampanjoita yhdist\u00e4\u00e4 se, ett\u00e4 kaikki kehot ovat aina tiimalasimallisia. Kutsumme n\u00e4it\u00e4 kehoja \u201dDove-asteikon l\u00e4skeiksi\u201d eli kehoiksi, joiden ylipaino on helpommin kulttuurisesti hyv\u00e4ksytt\u00e4v\u00e4\u00e4. Vallitsevasta normikehoihanteesta dovel\u00e4skit eroavat hyvin v\u00e4h\u00e4n.<\/span><\/p>\n<p class=\"p1\"><span class=\"s1\"><strong>Roxane Gay<\/strong> k\u00e4sittelee t\u00e4t\u00e4 teemaa kirjassaan <em>Bad Feminist<\/em>: \u201dKeho on henkil\u00f6kohtaista aluetta, ja jokaisen ihmisen painokamppailut pit\u00e4\u00e4 ottaa tosissaan, mutta on on olemassa ylipainoa ja ylipainoa. Jos kuuluu j\u00e4lkimm\u00e4iseen ryhm\u00e4\u00e4n, on vaikea ottaa ensimm\u00e4ist\u00e4 vakavasti, oli se sitten oikein tai v\u00e4\u00e4rin.\u201d<\/span><\/p>\n<figure id=\"attachment_12801\" aria-describedby=\"caption-attachment-12801\" style=\"width: 617px\" class=\"wp-caption aligncenter\"><img decoding=\"async\" class=\"size-full wp-image-12801\" src=\"https:\/\/voima.fi\/hairikot\/wp-content\/uploads\/sites\/9\/2020\/04\/Dove-mainos.png\" alt=\"N\u00e4it\u00e4 Doven mainoksiahan on n\u00e4hty meill\u00e4kin mediassa ja julkisessa tilassa vuosien mittaan.\" width=\"617\" height=\"364\" \/><figcaption id=\"caption-attachment-12801\" class=\"wp-caption-text\">N\u00e4it\u00e4 Doven mainoksiahan on n\u00e4hty meill\u00e4kin mediassa ja julkisessa tilassa vuosien mittaan.<\/figcaption><\/figure>\n<p class=\"p1\"><span class=\"s1\"><strong>Ihmiset eiv\u00e4t<\/strong> tied\u00e4, milt\u00e4 l\u00e4ski n\u00e4ytt\u00e4\u00e4. On turhauttavaa keskustella ihmisten kanssa, jotka osoittavat Dove-asteikon l\u00e4ski\u00e4, ett\u00e4 katsokaa, nyt on inklusiivista, kun tuolla on mukana tuollainen \u201disokin tytt\u00f6\u201d. Jos inklusiivisuudeksi riitt\u00e4\u00e4 kehonormia hiukan venytt\u00e4v\u00e4 \u201diso\u201d keho, h\u00e4ivytet\u00e4\u00e4n n\u00e4kyvist\u00e4 todella l\u00e4skit. Meill\u00e4kin on oikeus olla olemassa ja tulla n\u00e4hdyiksi osana ihmiskunnan kirjoa.<\/span><\/p>\n<p class=\"p1\"><span class=\"s1\">Usein k\u00e4y niin, ett\u00e4 kun kaipaa tietynlaisia representaatioita, joissa voisi n\u00e4hd\u00e4 my\u00f6s itsens\u00e4, on ment\u00e4v\u00e4 ja teht\u00e4v\u00e4 ne itse. Toukokuisena perjantaina riisuuduimme alastomiksi kameran edess\u00e4 ja poseerasimme hymyillen, syliss\u00e4mme muoviset mallinukketorsot, jotka peittiv\u00e4t kriittiset paikat. Projekti nimi oli <a href=\"https:\/\/www.facebook.com\/events\/1678484522460723\/\" class=\"external\" rel=\"nofollow\">\u201d\u00c4l\u00e4 mahdu muottiin\u201d<\/a>, ja sit\u00e4 oli j\u00e4rjest\u00e4m\u00e4ss\u00e4 muun muassa <a href=\"http:\/\/www.syomishairioliitto.fi\" class=\"external\" rel=\"nofollow\">Sy\u00f6mish\u00e4iri\u00f6liiton<\/a> j\u00e4senj\u00e4rjest\u00f6 <a href=\"https:\/\/etelansyli.fi\" class=\"external\" rel=\"nofollow\">Etel\u00e4n-SYLI ry<\/a>.<\/span><\/p>\n<p class=\"p1\"><span class=\"s1\">Meist\u00e4 otettu alastonkuva todistaa, miten kaukana Kalevala Korun k\u00e4sitys on kehojen monimuotoisuudesta ja aidosta diversiteetist\u00e4.<\/span><\/p>\n<figure id=\"attachment_12802\" aria-describedby=\"caption-attachment-12802\" style=\"width: 350px\" class=\"wp-caption alignright\"><img decoding=\"async\" class=\" wp-image-12802\" src=\"https:\/\/voima.fi\/hairikot\/wp-content\/uploads\/sites\/9\/2020\/04\/a-la-mahdumuottiin.jpg\" alt=\"Niina Stolt ja Mirkku Merimaa jatkavat #\u00e4l\u00e4mahdumuottiin -kuvauksia syksyll\u00e4. KUVA: Ihana El\u00e4mys Oy\/Niina Stolt \" width=\"350\" height=\"350\" \/><figcaption id=\"caption-attachment-12802\" class=\"wp-caption-text\">Kirjoittajat Saara ja Raisa kuvassa. Niina Stolt ja Mirkku Merimaa jatkavat #\u00e4l\u00e4mahdumuottiin-kuvauksia j\u00e4lleen syksyll\u00e4.<br \/>KUVA: Ihana El\u00e4mys Oy\/Niina Stolt<\/figcaption><\/figure>\n<p class=\"p1\"><span class=\"s1\"><strong>L\u00e4skikeskustelu<\/strong> k\u00e4y kuumana, ja Suomeen on rantautunut maailmalta my\u00f6s kehopositiivisuuden k\u00e4site. L\u00e4skiaktivismi ja kehopositiivisuus ovat kaksi eri asiaa, ja niill\u00e4 on eri tavoitteet.<\/span><\/p>\n<p class=\"p1\"><span class=\"s1\">Jos ihminen tuntee itsens\u00e4 l\u00e4skiksi, kehopositiivisuus lupaa auttaa hyv\u00e4ksym\u00e4\u00e4n oman kehon. Itsens\u00e4 l\u00e4skiksi tunteminen on kuitenkin aivan eri asia kuin se, ett\u00e4 ei konkreettisesti mahdu paikkoihin tai l\u00f6yd\u00e4 kaupasta sopivankokoisia vaatteita.<\/span><\/p>\n<p class=\"p1\"><span class=\"s1\">Lihavuudelle voi olla monenlaisia syit\u00e4, mutta niill\u00e4 ei ole mit\u00e4\u00e4n v\u00e4li\u00e4. Oli syy mik\u00e4 hyv\u00e4ns\u00e4, l\u00e4skill\u00e4 on oikeus olla olemassa. Ratkaisu paikkoihin mahtumiselle tai sopivien vaatteiden l\u00f6yt\u00e4miselle ei pid\u00e4 olla yksil\u00f6n kyvyss\u00e4 muuttaa itsens\u00e4 sopivan kokoiseksi. Ei kenellek\u00e4\u00e4n tulisi mieleen ehdottaa pitk\u00e4lle ihmiselle, ett\u00e4 t\u00e4m\u00e4 katkaisisi parikymment\u00e4 sentti\u00e4 jaloistaan, jotta mahtuisi paremmin lentokoneen penkkiin istumaan.<\/span><\/p>\n<p class=\"p1\"><span class=\"s1\">Ei pid\u00e4 muuttaa itse\u00e4\u00e4n, pit\u00e4\u00e4 muuttaa normia. Erityisesti naisten kehoja koskevat normit ovat uskomattoman kapeita, mielivaltaisia ja koko ajan muuttuvia. Aina l\u00f6ytyy jotain, mit\u00e4 pit\u00e4isi korjata, jotta voisi mahtua normiin t\u00e4ydellisesti. T\u00e4st\u00e4 ei hy\u00f6dy kuin aina uutta myyt\u00e4v\u00e4\u00e4 kehitt\u00e4v\u00e4 kapitalismi.<\/span><\/p>\n<figure id=\"attachment_12803\" aria-describedby=\"caption-attachment-12803\" style=\"width: 1000px\" class=\"wp-caption aligncenter\"><img decoding=\"async\" class=\"size-medium wp-image-12803\" src=\"https:\/\/voima.fi\/hairikot\/wp-content\/uploads\/sites\/9\/2020\/04\/Na-ytto-kuva-2017-06-19-kello-17.19.41.png\" alt=\"Kuvakaappaus Kalevala Koru: Kesytt\u00e4m\u00e4t\u00f6nt\u00e4 kauneutta -mainoksesta.\" width=\"1000\" height=\"559\" \/><figcaption id=\"caption-attachment-12803\" class=\"wp-caption-text\">Kuvakaappaus Kalevala Koru: Kesytt\u00e4m\u00e4t\u00f6nt\u00e4 kauneutta -mainoksesta.<\/figcaption><\/figure>\n<p class=\"p1\"><span class=\"s1\"><strong>Kehopositiivisuus on<\/strong> ihan kiva juttu, mutta se ei riit\u00e4. Keho\u00adpositiivisuudesta ja itsens\u00e4 rakastamisesta tulee helposti yksi suorite lis\u00e4\u00e4 jo valmiiksi suorituskeskeisess\u00e4 yhteiskunnassa. Itse\u00e4\u00e4n ei tarvitse rakastaa ehdoitta. Riitt\u00e4v\u00e4 tavoite on, ett\u00e4 ei aktiivisesti vihaa itse\u00e4\u00e4n. Kenenk\u00e4\u00e4n olemassaolon oikeutus ei riipu kehon koosta tai itsen rakastamisen asteesta.<\/span><\/p>\n<p class=\"p1\"><span class=\"s1\">Kehopositiivisuus vastuuttaa yksil\u00f6n ja sivuuttaa rakenteet. \u201dRiitt\u00e4\u00e4, kunhan vaan itse kehut itse\u00e4si\u201d -filosofia perustuu ajatukselle, ett\u00e4 el\u00e4isimme tyhji\u00f6ss\u00e4 ja ymp\u00e4r\u00f6iv\u00e4 kulttuuri ei vaikuttaisi meihin. Omaan hyvinvointiin keskittym\u00e4ll\u00e4 voi toki lis\u00e4t\u00e4 omaa hyvinvointiaan hetkellisesti, mutta jos kulttuuriset rakenteet ja asenteet eiv\u00e4t muutu minnek\u00e4\u00e4n, niiden tuottamia paineita on vaikea vastustaa yksin. Siksi on parempi keskitty\u00e4 muuttamaan yhteiskuntaa kuin omaa kehoa.<\/span><\/p>\n<p class=\"p1\"><span class=\"s1\">Kun yhteiskunta muuttuu sallivammiksi kaikenlaisia kehoja kohtaan, yksil\u00f6llinen hyvinvointikin on helpompi saavuttaa.<\/span><\/p>\n<p class=\"p1\"><span class=\"s1\">L\u00e4skiaktivismi pyrkii aktiivisesti muuttamaan yhteiskuntaa ja maailmaa. Sen ytimess\u00e4 on ajatus, ett\u00e4 tasa-arvon toteutumisen edellytyksen\u00e4 on t\u00e4ysi oikeus ruumiilliseen koskemattomuuteen ja valta m\u00e4\u00e4ritell\u00e4 sen rajat itse.<\/span><\/p>\n<figure id=\"attachment_12804\" aria-describedby=\"caption-attachment-12804\" style=\"width: 1000px\" class=\"wp-caption aligncenter\"><img decoding=\"async\" class=\"size-medium wp-image-12804\" src=\"https:\/\/voima.fi\/hairikot\/wp-content\/uploads\/sites\/9\/2020\/04\/Na-ytto-kuva-2017-06-19-kello-17.15.53.png\" alt=\"Yksi puuttuu joukosta. Kuvakaappaus Kalevala Koru: Kesytt\u00e4m\u00e4t\u00f6nt\u00e4 kauneutta -mainoksesta.\" width=\"1000\" height=\"564\" \/><figcaption id=\"caption-attachment-12804\" class=\"wp-caption-text\">Yksi puuttuu joukosta. Kuvakaappaus Kalevala Koru: Kesytt\u00e4m\u00e4t\u00f6nt\u00e4 kauneutta -mainoksesta.<\/figcaption><\/figure>\n<p class=\"p1\"><span class=\"s1\"><strong>Oikeus itsem\u00e4\u00e4rittelyyn<\/strong> ja ruumiillisesta koskemattomuudesta kiinnipit\u00e4miseen ei kuitenkaan ole kaikille sama. Valkoisten tytt\u00f6jen ei tarvitse perustella p\u00e4\u00e4hinevalintaansa tuntemattomille mutta ruskeiden pit\u00e4\u00e4. Pikkulapsia \u201dsaa\u201d syleill\u00e4 ja pussailla ilman suostumusta, mutta aikuisten kesken moinen olisi h\u00e4irint\u00e4\u00e4. Cis-sukupuolisten harvemmin tarvitsee vastata tuntemattomien uteluihin genitaaleistaan.<\/span><\/p>\n<p class=\"p1\"><span class=\"s1\">Lis\u00e4\u00e4ntymiseen liittyv\u00e4t ratkaisut ovat olennainen osa ruumiillista koskemattomuutta ja sen rajojen m\u00e4\u00e4rittely\u00e4. Jokaisella on oltava valta valita ja valta m\u00e4\u00e4ritell\u00e4 itse, kenelle haluaa ratkaisuistaan kertoa ja koska. On \u00e4\u00e4rimm\u00e4isen noloa olla se tyyppi, joka kyselee nuorehkoilta naisilta lastenhankintasuunnitelmista tai kommentoi toisen py\u00f6ristynytt\u00e4 vatsaa onnitellen. Joskus se on vaan l\u00e4ski\u00e4, joskus taas siell\u00e4 vatsassa kasvaa onnellisesti tai onnettomasti siki\u00f6. \u00c4l\u00e4 siis kommentoi, ennen kuin henkil\u00f6 itse ottaa asian puheeksi.<\/span><\/p>\n<p class=\"p1\"><span class=\"s1\">Maailmassa on paljon ulkon\u00e4\u00f6n kommentointia, jonka tarkoitus on kehuminen tai kannustus mutta lopputulos n\u00f6yryytys tai ahdistus. Ihminen, joka n\u00e4ytt\u00e4\u00e4 raskaana olevalta, on voinut saada edellisviikolla keskenmenon tai aloittaa l\u00e4\u00e4kityksen, joka nostaa painoa. Laihtunut ihminen taas voi olla vakavasti sairas, tai ehk\u00e4 h\u00e4nen bulimiansa on tosi huonossa vaiheessa.<\/span><\/p>\n<p class=\"p1\"><span class=\"s1\">\u201d\u00c4l\u00e4 oleta\u201d on hyv\u00e4 neuvo. Anna kehorauha kaikille.<\/span><\/p>\n<p class=\"p1\"><span class=\"s1\">Ruumiillisen koskemattomuuden periaate ulottuu my\u00f6s ulkon\u00e4k\u00f6\u00f6n ja vaatteisiin. Jokaisella on oltava oikeus n\u00e4ytt\u00e4\u00e4, milt\u00e4 itse haluaa, ja pukeutua haluamallaan tavalla, ilman ett\u00e4 kukaan muu sit\u00e4 kommentoi.<\/span><\/p>\n<p class=\"p1\"><span class=\"s1\">Perinteisesti ylipainoisen ihmisen oletetaan verhoavan itsens\u00e4 muodottomiin liehuihin. Se, ett\u00e4 k\u00e4yt\u00e4mme tv-haastatteluissa ihonmy\u00f6t\u00e4isi\u00e4 paitoja, on poliittinen teko. Ylip\u00e4\u00e4t\u00e4\u00e4n julkisuudessa esiintyminen l\u00e4skin\u00e4 on poliittinen teko.<\/span><\/p>\n<p><iframe title=\"For the makers of Skam: &quot;Skam is ALMOST perfect!&quot;\" width=\"1200\" height=\"675\" src=\"https:\/\/www.youtube.com\/embed\/qJPo87Jq7x0?&#038;showinfo=0&#038;rel=0&#038;modestbranding=1&#038;iv_load_policy=3&#038;color=white\" frameborder=\"0\" allow=\"accelerometer; autoplay; encrypted-media; gyroscope; picture-in-picture\" allowfullscreen><\/iframe><\/p>\n<p class=\"p1\">\n<em>Yleisradion Vaakakapinakin l\u00e4hetti terveisi\u00e4 laajalti ylistetyn norjalaisen <strong>Skam-sarjan<\/strong> tekij\u00f6ille.<\/em><\/p>\n<p><span class=\"s1\"><strong>Nuorena tiesimme<\/strong>, ett\u00e4 aina kun kamera tulee esiin, t\u00e4ytyy joko vet\u00e4\u00e4 vatsaa sis\u00e4\u00e4n, menn\u00e4 jonkun taakse ja kurkata sielt\u00e4, ottaa syliin sohvatyyny tai lepuuttaa k\u00e4mmenselk\u00e4\u00e4 leualla ja kekseli\u00e4\u00e4sti peitt\u00e4\u00e4 kaksoisleukaa toisella k\u00e4dell\u00e4.<\/span><\/p>\n<p class=\"p1\"><span class=\"s1\">Aikuisena julkisuudessa piti alkuun keskitty\u00e4 siihen, ettei vet\u00e4isi vatsaa sis\u00e4\u00e4n, vaikka kamera nauhoitti. On aika paljon helpompaa ajatella ja puhua fiksuja, kun vatsalihaksia ei tarvitse j\u00e4nnitt\u00e4\u00e4 t\u00e4p\u00f6ll\u00e4. Sit\u00e4 paitsi n\u00e4yt\u00e4mme ihan vitun hyvilt\u00e4.<\/span><\/p>\n<p class=\"p1\"><span class=\"s1\">L\u00e4skej\u00e4 pidet\u00e4\u00e4n ep\u00e4seksuaalisina, muumimaisina pulleroina. L\u00e4skeille ei ole tarjolla seksikk\u00e4it\u00e4 vaatteita. L\u00e4skien ei oleteta harrastavan seksi\u00e4. Jos populaarikulttuurissa esitet\u00e4\u00e4n l\u00e4skien seksiel\u00e4m\u00e4\u00e4, se n\u00e4ytet\u00e4\u00e4n joko naurettavana, s\u00e4\u00e4litt\u00e4v\u00e4n\u00e4 tai fetisistisen\u00e4 friikkitouhuna. Lihavat naiset tv-sarjoissa ovat liian usein hulluja sarjamurhaajia.<\/span><\/p>\n<p class=\"p1\"><span class=\"s1\">L\u00e4skin pit\u00e4isi my\u00f6s olla kiitollinen kaikesta seksuaalisesta huomiosta, jopa h\u00e4irinn\u00e4st\u00e4. Kun perseen puristelijaa kielt\u00e4\u00e4 kourimasta, se vastaa: \u201dOlisit kiitollinen, ett\u00e4 edes joku sua haluaa kouria.\u201d<\/span><\/p>\n<p class=\"p1\"><span class=\"s1\">L\u00e4skill\u00e4 voi olla ihan hyv\u00e4 ja vaikka t\u00e4ydellinen seksiel\u00e4m\u00e4, kunhan kaiken maailman urpot kunnioittavat l\u00e4skin oikeutta m\u00e4\u00e4ritell\u00e4 ruumiillisen koskemattomuutensa rajat.<\/span><\/p>\n<p class=\"p1\"><span class=\"s1\">Haluamme n\u00e4hd\u00e4 mediassa eri sukupuolisia erikokoisia, -n\u00e4k\u00f6isi\u00e4, -ik\u00e4isi\u00e4 ja -v\u00e4risi\u00e4 ihmisi\u00e4 tekem\u00e4ss\u00e4 ihan tavallisia asioita, my\u00f6s seksiasioita.<\/span><\/p>\n<p class=\"p1\"><strong><span class=\"s1\">Raisa Omaheimo on aktivisti, taiteilija ja lehtori. H\u00e4n oli mukana tekem\u00e4ss\u00e4 L\u00c4SKI-monologia ja ty\u00f6skentelee parhaillaan mielenterveyden h\u00e4iri\u00f6it\u00e4 k\u00e4sittelev\u00e4n k\u00e4sikirjoituksen kimpussa.<\/span><\/strong><\/p>\n<p class=\"p1\"><strong><span class=\"s1\">Saara S\u00e4rm\u00e4 on feministi, yhteiskuntatieteiden tohtori, Feministisen ajatushautomo Hatun johtaja, taiteileva tutkija ja l\u00e4skiaktivisti.<\/span><\/strong><\/p>\n<p class=\"p1\"><strong><span class=\"s1\">Niina Stolt ja Mirkku Merimaa jatkavat #\u00e4l\u00e4mahdumuottiin -kuvauksia syksyll\u00e4.<\/span><\/strong><\/p>\n<p class=\"p1\"><span class=\"s1\">\u00a0<\/span><\/p>\n<p class=\"p1\"><span class=\"s1\">\u00a0<\/span><\/p>\n<p class=\"p1\"><span class=\"s1\">\u00a0<\/span><\/p>\n<p class=\"p1\"><span class=\"s1\">\u00a0<\/span><\/p>\n","protected":false},"excerpt":{"rendered":"<p>Kehopositiivisuus ei ole sama asia kuin l\u00e4skiaktivismi. J\u00e4lkimm\u00e4inen pyrkii muuttamaan yhteiskuntaa.<\/p>\n","protected":false},"author":698,"featured_media":16644,"comment_status":"open","ping_status":"open","sticky":false,"template":"","format":"standard","meta":{"footnotes":""},"categories":[4],"tags":[57,543,679,849,1007,1107,1337,1487,1542,1776,2290,2211],"yoast_head":"<!-- This site is optimized with the Yoast SEO plugin v22.7 - https:\/\/yoast.com\/wordpress\/plugins\/seo\/ -->\n<title>Kuuma l\u00e4skikeskustelu - H\u00e4irik\u00f6t-p\u00e4\u00e4maja<\/title>\n<meta name=\"robots\" content=\"index, follow, max-snippet:-1, max-image-preview:large, max-video-preview:-1\" \/>\n<link rel=\"canonical\" href=\"https:\/\/voima.fi\/hairikot\/artikkeli\/kuuma-laskikeskustelu\/\" \/>\n<meta property=\"og:locale\" content=\"fi_FI\" \/>\n<meta property=\"og:type\" content=\"article\" \/>\n<meta property=\"og:title\" content=\"Kuuma l\u00e4skikeskustelu - H\u00e4irik\u00f6t-p\u00e4\u00e4maja\" \/>\n<meta property=\"og:description\" content=\"Kehopositiivisuus ei ole sama asia kuin l\u00e4skiaktivismi. J\u00e4lkimm\u00e4inen pyrkii muuttamaan yhteiskuntaa.\" \/>\n<meta property=\"og:url\" content=\"https:\/\/voima.fi\/hairikot\/artikkeli\/kuuma-laskikeskustelu\/\" \/>\n<meta property=\"og:site_name\" content=\"H\u00e4irik\u00f6t-p\u00e4\u00e4maja\" \/>\n<meta property=\"article:published_time\" content=\"2017-06-28T21:00:00+00:00\" \/>\n<meta property=\"article:modified_time\" content=\"2020-08-10T11:02:01+00:00\" \/>\n<meta property=\"og:image\" content=\"https:\/\/voima.fi\/hairikot\/wp-content\/uploads\/sites\/9\/2020\/04\/Na-ytto-kuva-2017-06-19-kello-17.15.53-1024x577.png\" \/>\n\t<meta property=\"og:image:width\" content=\"1024\" \/>\n\t<meta property=\"og:image:height\" content=\"577\" \/>\n\t<meta property=\"og:image:type\" content=\"image\/png\" \/>\n<meta name=\"author\" content=\"H\u00e4irik\u00f6iv\u00e4t Dosentit\" \/>\n<meta name=\"twitter:card\" content=\"summary_large_image\" \/>\n<meta name=\"twitter:label1\" content=\"Kirjoittanut\" \/>\n\t<meta name=\"twitter:data1\" content=\"H\u00e4irik\u00f6iv\u00e4t Dosentit\" \/>\n\t<meta name=\"twitter:label2\" content=\"Arvioitu lukuaika\" \/>\n\t<meta name=\"twitter:data2\" content=\"7 minuuttia\" \/>\n<script type=\"application\/ld+json\" class=\"yoast-schema-graph\">{\"@context\":\"https:\/\/schema.org\",\"@graph\":[{\"@type\":\"WebPage\",\"@id\":\"https:\/\/voima.fi\/hairikot\/artikkeli\/kuuma-laskikeskustelu\/\",\"url\":\"https:\/\/voima.fi\/hairikot\/artikkeli\/kuuma-laskikeskustelu\/\",\"name\":\"Kuuma l\u00e4skikeskustelu - H\u00e4irik\u00f6t-p\u00e4\u00e4maja\",\"isPartOf\":{\"@id\":\"https:\/\/voima.fi\/hairikot\/#website\"},\"primaryImageOfPage\":{\"@id\":\"https:\/\/voima.fi\/hairikot\/artikkeli\/kuuma-laskikeskustelu\/#primaryimage\"},\"image\":{\"@id\":\"https:\/\/voima.fi\/hairikot\/artikkeli\/kuuma-laskikeskustelu\/#primaryimage\"},\"thumbnailUrl\":\"https:\/\/voima.fi\/hairikot\/wp-content\/uploads\/sites\/9\/2020\/04\/Na-ytto-kuva-2017-06-19-kello-17.15.53.png\",\"datePublished\":\"2017-06-28T21:00:00+00:00\",\"dateModified\":\"2020-08-10T11:02:01+00:00\",\"author\":{\"@id\":\"https:\/\/voima.fi\/hairikot\/#\/schema\/person\/6bf2f8d27d30e015b9ea64d7860726cf\"},\"breadcrumb\":{\"@id\":\"https:\/\/voima.fi\/hairikot\/artikkeli\/kuuma-laskikeskustelu\/#breadcrumb\"},\"inLanguage\":\"fi\",\"potentialAction\":[{\"@type\":\"ReadAction\",\"target\":[\"https:\/\/voima.fi\/hairikot\/artikkeli\/kuuma-laskikeskustelu\/\"]}]},{\"@type\":\"ImageObject\",\"inLanguage\":\"fi\",\"@id\":\"https:\/\/voima.fi\/hairikot\/artikkeli\/kuuma-laskikeskustelu\/#primaryimage\",\"url\":\"https:\/\/voima.fi\/hairikot\/wp-content\/uploads\/sites\/9\/2020\/04\/Na-ytto-kuva-2017-06-19-kello-17.15.53.png\",\"contentUrl\":\"https:\/\/voima.fi\/hairikot\/wp-content\/uploads\/sites\/9\/2020\/04\/Na-ytto-kuva-2017-06-19-kello-17.15.53.png\",\"width\":1917,\"height\":1081,\"caption\":\"Yksi puuttuu joukosta. Kuvakaappaus Kalevala Koru: Kesytt\u00e4m\u00e4t\u00f6nt\u00e4 kauneutta -mainoksesta.\"},{\"@type\":\"BreadcrumbList\",\"@id\":\"https:\/\/voima.fi\/hairikot\/artikkeli\/kuuma-laskikeskustelu\/#breadcrumb\",\"itemListElement\":[{\"@type\":\"ListItem\",\"position\":1,\"name\":\"Home\",\"item\":\"https:\/\/voima.fi\/hairikot\/\"},{\"@type\":\"ListItem\",\"position\":2,\"name\":\"Kuuma l\u00e4skikeskustelu\"}]},{\"@type\":\"WebSite\",\"@id\":\"https:\/\/voima.fi\/hairikot\/#website\",\"url\":\"https:\/\/voima.fi\/hairikot\/\",\"name\":\"H\u00e4irik\u00f6t-p\u00e4\u00e4maja\",\"description\":\"\",\"potentialAction\":[{\"@type\":\"SearchAction\",\"target\":{\"@type\":\"EntryPoint\",\"urlTemplate\":\"https:\/\/voima.fi\/hairikot\/?s={search_term_string}\"},\"query-input\":\"required name=search_term_string\"}],\"inLanguage\":\"fi\"},{\"@type\":\"Person\",\"@id\":\"https:\/\/voima.fi\/hairikot\/#\/schema\/person\/6bf2f8d27d30e015b9ea64d7860726cf\",\"name\":\"H\u00e4irik\u00f6iv\u00e4t Dosentit\",\"image\":{\"@type\":\"ImageObject\",\"inLanguage\":\"fi\",\"@id\":\"https:\/\/voima.fi\/hairikot\/#\/schema\/person\/image\/\",\"url\":\"https:\/\/secure.gravatar.com\/avatar\/92a05f540af867c86f5f1748a7bfb3dc?s=96&d=blank&r=g\",\"contentUrl\":\"https:\/\/secure.gravatar.com\/avatar\/92a05f540af867c86f5f1748a7bfb3dc?s=96&d=blank&r=g\",\"caption\":\"H\u00e4irik\u00f6iv\u00e4t Dosentit\"},\"url\":\"https:\/\/voima.fi\/hairikot\/artikkeli\/author\/hairikoivat-dosentit\/\"}]}<\/script>\n<!-- \/ Yoast SEO plugin. -->","yoast_head_json":{"title":"Kuuma l\u00e4skikeskustelu - H\u00e4irik\u00f6t-p\u00e4\u00e4maja","robots":{"index":"index","follow":"follow","max-snippet":"max-snippet:-1","max-image-preview":"max-image-preview:large","max-video-preview":"max-video-preview:-1"},"canonical":"https:\/\/voima.fi\/hairikot\/artikkeli\/kuuma-laskikeskustelu\/","og_locale":"fi_FI","og_type":"article","og_title":"Kuuma l\u00e4skikeskustelu - H\u00e4irik\u00f6t-p\u00e4\u00e4maja","og_description":"Kehopositiivisuus ei ole sama asia kuin l\u00e4skiaktivismi. J\u00e4lkimm\u00e4inen pyrkii muuttamaan yhteiskuntaa.","og_url":"https:\/\/voima.fi\/hairikot\/artikkeli\/kuuma-laskikeskustelu\/","og_site_name":"H\u00e4irik\u00f6t-p\u00e4\u00e4maja","article_published_time":"2017-06-28T21:00:00+00:00","article_modified_time":"2020-08-10T11:02:01+00:00","og_image":[{"width":1024,"height":577,"url":"https:\/\/voima.fi\/hairikot\/wp-content\/uploads\/sites\/9\/2020\/04\/Na-ytto-kuva-2017-06-19-kello-17.15.53-1024x577.png","type":"image\/png"}],"author":"H\u00e4irik\u00f6iv\u00e4t Dosentit","twitter_card":"summary_large_image","twitter_misc":{"Kirjoittanut":"H\u00e4irik\u00f6iv\u00e4t Dosentit","Arvioitu lukuaika":"7 minuuttia"},"schema":{"@context":"https:\/\/schema.org","@graph":[{"@type":"WebPage","@id":"https:\/\/voima.fi\/hairikot\/artikkeli\/kuuma-laskikeskustelu\/","url":"https:\/\/voima.fi\/hairikot\/artikkeli\/kuuma-laskikeskustelu\/","name":"Kuuma l\u00e4skikeskustelu - H\u00e4irik\u00f6t-p\u00e4\u00e4maja","isPartOf":{"@id":"https:\/\/voima.fi\/hairikot\/#website"},"primaryImageOfPage":{"@id":"https:\/\/voima.fi\/hairikot\/artikkeli\/kuuma-laskikeskustelu\/#primaryimage"},"image":{"@id":"https:\/\/voima.fi\/hairikot\/artikkeli\/kuuma-laskikeskustelu\/#primaryimage"},"thumbnailUrl":"https:\/\/voima.fi\/hairikot\/wp-content\/uploads\/sites\/9\/2020\/04\/Na-ytto-kuva-2017-06-19-kello-17.15.53.png","datePublished":"2017-06-28T21:00:00+00:00","dateModified":"2020-08-10T11:02:01+00:00","author":{"@id":"https:\/\/voima.fi\/hairikot\/#\/schema\/person\/6bf2f8d27d30e015b9ea64d7860726cf"},"breadcrumb":{"@id":"https:\/\/voima.fi\/hairikot\/artikkeli\/kuuma-laskikeskustelu\/#breadcrumb"},"inLanguage":"fi","potentialAction":[{"@type":"ReadAction","target":["https:\/\/voima.fi\/hairikot\/artikkeli\/kuuma-laskikeskustelu\/"]}]},{"@type":"ImageObject","inLanguage":"fi","@id":"https:\/\/voima.fi\/hairikot\/artikkeli\/kuuma-laskikeskustelu\/#primaryimage","url":"https:\/\/voima.fi\/hairikot\/wp-content\/uploads\/sites\/9\/2020\/04\/Na-ytto-kuva-2017-06-19-kello-17.15.53.png","contentUrl":"https:\/\/voima.fi\/hairikot\/wp-content\/uploads\/sites\/9\/2020\/04\/Na-ytto-kuva-2017-06-19-kello-17.15.53.png","width":1917,"height":1081,"caption":"Yksi puuttuu joukosta. Kuvakaappaus Kalevala Koru: Kesytt\u00e4m\u00e4t\u00f6nt\u00e4 kauneutta -mainoksesta."},{"@type":"BreadcrumbList","@id":"https:\/\/voima.fi\/hairikot\/artikkeli\/kuuma-laskikeskustelu\/#breadcrumb","itemListElement":[{"@type":"ListItem","position":1,"name":"Home","item":"https:\/\/voima.fi\/hairikot\/"},{"@type":"ListItem","position":2,"name":"Kuuma l\u00e4skikeskustelu"}]},{"@type":"WebSite","@id":"https:\/\/voima.fi\/hairikot\/#website","url":"https:\/\/voima.fi\/hairikot\/","name":"H\u00e4irik\u00f6t-p\u00e4\u00e4maja","description":"","potentialAction":[{"@type":"SearchAction","target":{"@type":"EntryPoint","urlTemplate":"https:\/\/voima.fi\/hairikot\/?s={search_term_string}"},"query-input":"required name=search_term_string"}],"inLanguage":"fi"},{"@type":"Person","@id":"https:\/\/voima.fi\/hairikot\/#\/schema\/person\/6bf2f8d27d30e015b9ea64d7860726cf","name":"H\u00e4irik\u00f6iv\u00e4t Dosentit","image":{"@type":"ImageObject","inLanguage":"fi","@id":"https:\/\/voima.fi\/hairikot\/#\/schema\/person\/image\/","url":"https:\/\/secure.gravatar.com\/avatar\/92a05f540af867c86f5f1748a7bfb3dc?s=96&d=blank&r=g","contentUrl":"https:\/\/secure.gravatar.com\/avatar\/92a05f540af867c86f5f1748a7bfb3dc?s=96&d=blank&r=g","caption":"H\u00e4irik\u00f6iv\u00e4t Dosentit"},"url":"https:\/\/voima.fi\/hairikot\/artikkeli\/author\/hairikoivat-dosentit\/"}]}},"enclosure":{"image":"https:\/\/voima.fi\/hairikot\/wp-content\/uploads\/sites\/9\/2020\/04\/Na-ytto-kuva-2017-06-19-kello-17.15.53.png"},"meta:avatar":"","geolocation":[],"meta:youtube":null,"meta:vimeo":null,"meta:duration":null,"_links":{"self":[{"href":"https:\/\/voima.fi\/hairikot\/wp-json\/wp\/v2\/posts\/12800"}],"collection":[{"href":"https:\/\/voima.fi\/hairikot\/wp-json\/wp\/v2\/posts"}],"about":[{"href":"https:\/\/voima.fi\/hairikot\/wp-json\/wp\/v2\/types\/post"}],"author":[{"embeddable":true,"href":"https:\/\/voima.fi\/hairikot\/wp-json\/wp\/v2\/users\/698"}],"replies":[{"embeddable":true,"href":"https:\/\/voima.fi\/hairikot\/wp-json\/wp\/v2\/comments?post=12800"}],"version-history":[{"count":6,"href":"https:\/\/voima.fi\/hairikot\/wp-json\/wp\/v2\/posts\/12800\/revisions"}],"predecessor-version":[{"id":18101,"href":"https:\/\/voima.fi\/hairikot\/wp-json\/wp\/v2\/posts\/12800\/revisions\/18101"}],"wp:featuredmedia":[{"embeddable":true,"href":"https:\/\/voima.fi\/hairikot\/wp-json\/wp\/v2\/media\/16644"}],"wp:attachment":[{"href":"https:\/\/voima.fi\/hairikot\/wp-json\/wp\/v2\/media?parent=12800"}],"wp:term":[{"taxonomy":"category","embeddable":true,"href":"https:\/\/voima.fi\/hairikot\/wp-json\/wp\/v2\/categories?post=12800"},{"taxonomy":"post_tag","embeddable":true,"href":"https:\/\/voima.fi\/hairikot\/wp-json\/wp\/v2\/tags?post=12800"}],"curies":[{"name":"wp","href":"https:\/\/api.w.org\/{rel}","templated":true}]}}