{"id":11718,"date":"2016-06-23T00:00:00","date_gmt":"2016-06-22T21:00:00","guid":{"rendered":"http:\/\/voima.fi\/hairikot\/?post_type=artikkeli&#038;p=11718"},"modified":"2020-08-10T14:02:21","modified_gmt":"2020-08-10T11:02:21","slug":"bonkin-saaga","status":"publish","type":"post","link":"https:\/\/voima.fi\/hairikot\/artikkeli\/bonkin-saaga\/","title":{"rendered":"Bonkin saaga"},"content":{"rendered":"<p class=\"p1\"><strong>Bonk-taiteen<\/strong> ytimes\u00ads\u00e4 ovat koneet, jotka eiv\u00e4t toimi, ja yritys, jota ei ole. Bonkin saaga sai alkunsa 1980-luvun loppupuolella, kun Alvar Gullichsenin piti tuottaa veistoksia osana opintojaan Kuvataideakatemiassa ja veistosten tekeminen vanhoista koneenosista tuntui omimmalta.<\/p>\n<p class=\"p1\">Sittemmin veistosten ymp\u00e4rille kasvoi poikkitaiteellinen kokonaisuus ja suurn\u00e4yttely.<\/p>\n<p class=\"p1\">\u201dVoisin kuvitella, ett\u00e4 Bonkin tulkinta muuttuu sit\u00e4 mukaan kun maailma muuttuu\u201d, Gullichsen \u00adtoteaa Helsingin kaupungintalon neuvotteluhuoneessa.<\/p>\n<p class=\"p1\">Bonk Business Inc. on kokonaistaide\u00adteos, jossa veistokset, manipuloidut kuvat, yritysgrafiikka ja tarina kietoutuvat surrealistiseksi kokonaisuudeksi. Kaupungintalon Virka-galleriassa, Bonk Expon avajaisissa yleis\u00f6lle jaettiin Learning Patch -laastareita, jotka otsaan liimattuina luovuttavat \u201dhormoneja\u201d sek\u00e4 \u201dneurotransmittereita\u201d aivoihin. Bonk n\u00e4ytt\u00e4\u00e4 aidolta, mutta ei sit\u00e4 ole \u2013\u00a0 vastuu on aina katsojalla.<\/p>\n<p class=\"p1\">\u201dPerusresepti n\u00e4yttelyss\u00e4 on se, ett\u00e4 on joku h\u00e4rveli, joka n\u00e4ytt\u00e4\u00e4 vaikka satavuotiaalta. Sen vieress\u00e4 on samanik\u00e4isen n\u00e4k\u00f6inen kuva, jossa on se sama kone, ja esittelyteksti koneelle\u201d, Gullichsen avaa konseptiaan.<\/p>\n<figure id=\"attachment_11721\" aria-describedby=\"caption-attachment-11721\" style=\"width: 1078px\" class=\"wp-caption aligncenter\"><img decoding=\"async\" class=\"size-full wp-image-11721\" src=\"https:\/\/voima.fi\/hairikot\/wp-content\/uploads\/sites\/9\/2020\/04\/BK-50.png\" alt=\"Vuonna 1915 massiivisten revontulien \u00adhuumaama P\u00e4rre Bonk teoretisoi elektromagneettiset aallot, jotka h\u00e4n nimesi Van Goghin kent\u00e4ksi. N\u00e4m\u00e4 aallot yhdess\u00e4 kosmisten s\u00e4teiden kanssa antavat tarvittavan nosteen Bonkin meteorologiselle BK-50-pallolle. \" width=\"1078\" height=\"807\" \/><figcaption id=\"caption-attachment-11721\" class=\"wp-caption-text\">Vuonna 1915 massiivisten revontulien \u00adhuumaama P\u00e4rre Bonk teoretisoi elektromagneettiset aallot, jotka h\u00e4n nimesi Van Goghin kent\u00e4ksi. N\u00e4m\u00e4 aallot yhdess\u00e4 kosmisten s\u00e4teiden kanssa antavat tarvittavan nosteen Bonkin meteorologiselle BK-50-pallolle.<\/figcaption><\/figure>\n<p class=\"p1\"><strong>\u201dKun lanseerasimme<\/strong> ensimm\u00e4iset Bonk-koneet vuonna 1989 debyyttin\u00e4yttelyss\u00e4ni Galleria Krista Mikkolassa, sit\u00e4 pidettiin ylikuumentuneen talousel\u00e4m\u00e4n satiirina. Kun\u00a0 Bonk juhlisti 100-vuotista historiaansa Porin taidemuseon suuressa n\u00e4yttelyss\u00e4 vuonna 1993, oli lama ja teoksia tulkittiin sen valossa\u201d, Gullichsen kertoo.<\/p>\n<p class=\"p1\">Vuonna 2016 teokset ovat j\u00e4lleen saaneet uuden tulkinnan.<\/p>\n<p class=\"p1\">\u201dBonk Expon avajaisissa puhunut suurl\u00e4hettil\u00e4s Petri Tuomi-Nikula totesi, ett\u00e4 maailma on muuttunut entist\u00e4 enemm\u00e4n Bonkin kaltaiseksi \u2013 fiktion ja toden raja on h\u00e4m\u00e4r\u00e4 niin politiikassa kuin bisneksess\u00e4kin.\u201d<\/p>\n<p class=\"p1\">Gullichsen ei anna valmista tulkintaa tai lukuohjetta katsojalle.<\/p>\n<p class=\"p1\">\u201dTaiteilijalla saattaa olla tietyt motiivit, mutta yleis\u00f6 voi l\u00f6yt\u00e4\u00e4 teoksista ihan toisia merkityksi\u00e4 \u2013\u00a0 yleis\u00f6n tulkinnat ovat toinen osa t\u00e4st\u00e4 yht\u00e4l\u00f6st\u00e4. Henkil\u00f6kohtainen intentioni Bonkin suhteen oli alkujaan puhtaasti surrealistinen.\u201d<\/p>\n<p class=\"p1\">Kuvitteellisilla br\u00e4ndeill\u00e4 leikittely ja fiktiivisen maailman luominen tuntui taiteilijasta \u201d\u00e4lytt\u00f6m\u00e4n hauskalta\u201d. Odotuksista poikkeava taidekonsepti my\u00f6s puhuttelee yleis\u00f6\u00e4, joka ei taiteen pariin tavallisesti hakeudu.<\/p>\n<p class=\"p1\">Sen huomaa my\u00f6s kaupungintalolla: l\u00e4pi haastattelun turistit h\u00e4\u00e4riv\u00e4t ja kuvaavat Bonk-koneita neukkarin ikkunan toisella puolella.<\/p>\n<p class=\"p1\">\u201dBonk on esimerkki siit\u00e4, kuinka katsojalle voi esitell\u00e4 taidetta, joka ei n\u00e4yt\u00e4 taiteelta.\u201d<\/p>\n<figure id=\"attachment_11722\" aria-describedby=\"caption-attachment-11722\" style=\"width: 761px\" class=\"wp-caption aligncenter\"><img decoding=\"async\" class=\"wp-image-11722 size-full\" src=\"https:\/\/voima.fi\/hairikot\/wp-content\/uploads\/sites\/9\/2020\/04\/Bara-Hiff-Quasar.png\" alt=\"\" width=\"761\" height=\"955\" \/><figcaption id=\"caption-attachment-11722\" class=\"wp-caption-text\">T\u00e4m\u00e4kin mainio Bonk-tuote, Raba-Hiff Quasar OQ-172, on n\u00e4ht\u00e4viss\u00e4 Helsingin Virka-galleriassa.<\/figcaption><\/figure>\n<p class=\"p1\"><strong>Perheyritykseksi esitelty<\/strong> Bonk-yhti\u00f6 on ollut alusta alkaen poikkitaiteellisen yhteisty\u00f6n tulos.<\/p>\n<p class=\"p1\">\u201dRichard Stanley on konseptualistimme. H\u00e4n vastaa teksteist\u00e4 ja tarinoista ja on paneutunut mainosmaailman koukeroihin. Min\u00e4 en ole niink\u00e4\u00e4n kiinnostunut mainonnasta, vaan minua kiinnostavat ensisijaisesti luova prosessi ja sen vaiheet \u2013 min\u00e4 n\u00e4en t\u00e4ss\u00e4 veistoksia, grafiikkaa ja valokuvataidetta.\u201d<\/p>\n<p class=\"p1\">Stanley oli my\u00f6s mukana ideoimassa Bonkin anjovisteknologiaa. Monet Bonk-koneet perustuvat (kuvitteellisen) Perun j\u00e4ttianjoviksen (lat. Engraulis Baltica) prosessointiin. Jopa 1,8-metrisiksi kasvavista silleist\u00e4 jalostetaan p\u00e4ihdett\u00e4, garumia, joka oli muun muassa \u00adLeninin suosios\u00adsa \u2013 ja kaappasipa Rasputin garumin seireeninkutsun avulla tsaarin hovin haltuunsa. Ruotsissa garum-\u00adnuuska oli kuuminta hottia 1800\u20131900-lukujen taitteessa, ja vuonna 2011 hallusinogeenist\u00e4 garumia myytiin yli miljardi litraa.<\/p>\n<p class=\"p1\">\u201dOlimme saaristossa p\u00e4re\u00adkattot\u00adalkoissa Richardin kanssa. Siin\u00e4 katolla keskustelimme \u2013 kuten aina \u2013 niit\u00e4 ja n\u00e4it\u00e4, ja niin anjovis\u00adkonsepti syntyi. Siis ajatus siit\u00e4, ett\u00e4\u00ad kokonaisen yritysmaailman lis\u00e4ksi t\u00e4ss\u00e4 olisi jonkinn\u00e4k\u00f6inen luonnontieteellinen fiktiivinen aspekti. Siin\u00e4 katonharjalla Bonk-perheen imperiumi sai alkupl\u00e4j\u00e4yksens\u00e4.\u201d<\/p>\n<p class=\"p1\">Bonk-yhti\u00f6n perustaja P\u00e4r Bonk sai surmansa Siperiassa vuonna 1908 anjovisdynamon r\u00e4j\u00e4hdyksess\u00e4. \u00adGeneraattorin toiminta perustui magneettikentt\u00e4\u00e4 kiert\u00e4vien anjovisten tuottaman energian talteenottoon. Bonk-koneiden selityksiss\u00e4 anjovisjalosteet toistuvat loputtomasti, ja anjovispohjaiset innovaatiot ovat johtaneet mullistaviin luonnontieteellisiin l\u00f6yt\u00f6ihin. Niihin lukeutuu muun muassa ennen tuntemattomien biomagneettisten s\u00e4hk\u00f6aaltojen havaitseminen.<\/p>\n<figure id=\"attachment_11723\" aria-describedby=\"caption-attachment-11723\" style=\"width: 3264px\" class=\"wp-caption aligncenter\"><img decoding=\"async\" class=\"wp-image-11723 size-full\" src=\"https:\/\/voima.fi\/hairikot\/wp-content\/uploads\/sites\/9\/2020\/04\/Bonk-kontti-scaled.jpg\" alt=\"T\u00e4m\u00e4 ei ole kontti. Bonk Expo on levinnyt my\u00f6s kaupungintalon ulkopuolelle, Kauppatorille. Kuten Bonkin defunktionalisoitujen koneiden ja ratkaisujen linjaan kuuluu, t\u00e4ll\u00e4 kontille ei ole mit\u00e4\u00e4n konkreettista funktiota., T\u00e4m\u00e4 onkin her\u00e4tt\u00e4nyt keskustelua (kuten taiteen kuuluukin). Esimerkiksi Helsinki Bike Tours on anonut lupaa tuohon samaan paikkaan sijoitettavalle kontille, jota k\u00e4ytett\u00e4isiin turisteille vuokrattavien polkupy\u00f6rien s\u00e4ilytt\u00e4miseen. Lupaa ei py\u00f6r\u00e4yritt\u00e4jille ole hellinnyt. On selv\u00e4\u00e4, ett\u00e4 taidetta ja liiketoimintaa ei tule vertailla kesken\u00e4\u00e4n eik\u00e4 asettaa tarpeettomasti vastakkain. Siltikin merelliseen milj\u00f6\u00f6h\u00f6n sopiva Bonk-kontti muistuttaa, ett\u00e4 kyll\u00e4h\u00e4n tuohon yritystoimintaa tukeva v\u00e4liaikainen konttikin sopisi oikein somasti. \" width=\"3264\" height=\"1340\" \/><figcaption id=\"caption-attachment-11723\" class=\"wp-caption-text\">T\u00e4m\u00e4 ei ole kontti. Bonk Expo on levinnyt my\u00f6s kaupungintalon ulkopuolelle, Kauppatorille. Kuten Bonkin defunktionalisoitujen koneiden ja ratkaisujen linjaan kuuluu, t\u00e4ll\u00e4 kontille ei ole mit\u00e4\u00e4n konkreettista funktiota. T\u00e4m\u00e4 on her\u00e4tt\u00e4nyt keskustelua (kuten taiteen kuuluukin). Esimerkiksi Helsinki Bike Tours on anonut lupaa tuohon samaan paikkaan sijoitettavalle kontille, jota k\u00e4ytett\u00e4isiin turisteille vuokrattavien polkupy\u00f6rien s\u00e4ilytt\u00e4miseen. Lupaa ei py\u00f6r\u00e4yritt\u00e4jille ole hellinnyt.<br \/>On selv\u00e4\u00e4, ett\u00e4 taidetta ja liiketoimintaa ei tule vertailla kesken\u00e4\u00e4n eik\u00e4 asettaa tarpeettomasti vastakkain. Siltikin merelliseen milj\u00f6\u00f6h\u00f6n sopiva Bonk-kontti muistuttaa, ett\u00e4 kyll\u00e4h\u00e4n tuohon yritystoimintaa tukeva v\u00e4liaikainen konttikin sopisi oikein somasti. (Pahoittelut maailman huonoimmasta kuvasta, k\u00e4nnykameran linssi on snadisti kurassa \u2013 yrit\u00e4n joutessani kipaista paikalle oikean kameran kanssa)<\/figcaption><\/figure>\n<p class=\"p1\"><strong>Ensimm\u00e4iset Bonk-koneet<\/strong> olivat Gullichsenin itse rakentamia, mutta omat k\u00e4den taidot eiv\u00e4t kuitenkaan riitt\u00e4neet tyydytt\u00e4m\u00e4\u00e4n h\u00e4nen vaatimustasoansa. Niinp\u00e4 h\u00e4n hankki pian apua veistosten toteuttamiseen<\/p>\n<p class=\"p1\">\u201dHenrik Helpi\u00f6n my\u00f6t\u00e4 koneiden tekninen taso nousi uudelle tasolle, ja niihin tuli ihan uutta arvokkuutta.\u201d<\/p>\n<p class=\"p1\">Eri aikakausia Bonkin yli 100-vuotisesta historiasta edustavat koneet on tehty uskollisesti: kunkin aikakauden tekniikkaa on kunnioitettu ja ajalle tyypillisi\u00e4 osia hy\u00f6dynnetty. Vaikka koneet ovat fiktiivisi\u00e4, ne edustavat monella tavalla arkkityyppej\u00e4 aikakautensa teollisesta muotoilusta. Erityistaitojen tarpeen lis\u00e4ksi Gullichsen huomauttaa, ett\u00e4 yhden taiteilijan resurssit eiv\u00e4t olisi riitt\u00e4neet koko Bonk-tuoteperheen ja siihen liittyvien tuottamiseen.<\/p>\n<p class=\"p1\">Gullichsenin erityismaininnan ansaitsevat mukana kulkeneet valokuvaajat Magnus Scharmanoff, Magnus Weckstr\u00f6m ja Olli Lehtinen \u2013 mutta my\u00f6s lukuisat tutut ja kyl\u00e4nmiehet, jotka ovat v\u00e4sym\u00e4tt\u00e4 poseeranneet Bonk-mainoksissa, -julisteissa ja -videoissa.<\/p>\n<figure id=\"attachment_11724\" aria-describedby=\"caption-attachment-11724\" style=\"width: 934px\" class=\"wp-caption aligncenter\"><img decoding=\"async\" class=\"size-full wp-image-11724\" src=\"https:\/\/voima.fi\/hairikot\/wp-content\/uploads\/sites\/9\/2020\/04\/Surf-Scooter-nettiin.png\" alt=\"Tuskin mik\u00e4\u00e4n n\u00e4ytt\u00e4\u00e4 enemm\u00e4n surffaukselta ja skootterilta kuin Bonkin Surf Scooter 1957. T\u00e4m\u00e4n saattaisi jopa nostaa edustamansa aikakauden ikonisimman teollisen muotoilun kaanoniin. Skootterin per\u00e4 on rakennettu yl\u00f6salaisin k\u00e4\u00e4nnetyst\u00e4 vanhan Mercury-per\u00e4moottorin osasta. \" width=\"934\" height=\"581\" \/><figcaption id=\"caption-attachment-11724\" class=\"wp-caption-text\">Tuskin mik\u00e4\u00e4n n\u00e4ytt\u00e4\u00e4 enemm\u00e4n surffaukselta ja skootterilta kuin Bonkin Surf Scooter 1957. T\u00e4m\u00e4n saattaisi jopa nostaa edustamansa aikakauden ikonisimman teollisen muotoilun kaanoniin.<br \/>Skootterin per\u00e4 on rakennettu yl\u00f6salaisin k\u00e4\u00e4nnetyst\u00e4 vanhan Mercury-per\u00e4moottorin osasta.<\/figcaption><\/figure>\n<p class=\"p1\"><strong>Edell\u00e4 esitetty<\/strong> v\u00e4ite Bonkin hiljaiselosta on sik\u00e4li v\u00e4\u00e4r\u00e4, ett\u00e4 Bonk-museo on toiminut Uudessakaupungissa vuodesta 1994 alkaen. Suomessa ei ole montaa elossa olevaa taiteilijaa \u2013 ITE-skenen ulkopuolella \u2013\u00a0 jonka taiteen varaan on perustettu oma museo. Gullichsen ei suostu ottamaan t\u00e4st\u00e4 kunniaa itselleen. H\u00e4n n\u00e4kee Bonkin ryhm\u00e4ty\u00f6skentelyn tuloksena, eik\u00e4 h\u00e4n osallistu henkil\u00f6kohtaisesti mu\u00adseon toimintaan tai py\u00f6ritt\u00e4miseen.<\/p>\n<p class=\"p1\">\u201dPorin taidemuseon suuren n\u00e4yttelyn yhteydess\u00e4 Uusikaupunki sai osakseen huomiota. Valtaosa koneista oli rakennettu siell\u00e4, ja my\u00f6s monet n\u00e4yttelyn kuvista oli otettu siell\u00e4. Kaupungin kulttuuriv\u00e4ki sai idean museosta ja kaupunki innostui. Museolle tarjottiin vanha s\u00e4hk\u00f6keskus k\u00e4ytt\u00f6\u00f6n.\u201d<\/p>\n<p class=\"p1\">Museossa pidet\u00e4\u00e4n asiaan kuuluvasti yll\u00e4 illuusiota aidosta yrityshistoriasta, ja oppaatkin tuntevat Bonk-yhti\u00f6n kuvitteellisen tarinan etu- ja takaperin. Museon voi n\u00e4hd\u00e4 yhten\u00e4 isona installaationa ja henkil\u00f6kunnan esityksen performanssina. Vasta kierroksen lopussa k\u00e4vij\u00f6ille paljastetaan \u2013\u00a0 tarvittaessa \u2013\u00a0 ett\u00e4 kaikki on puhdasta palturia.<\/p>\n<p class=\"p1\">Harvemmin museok\u00e4vij\u00e4t suuttuvat ved\u00e4tyksen paljastuttua.<\/p>\n<p class=\"p1\"><strong>BONK EXPO 2016 Helsingin -Virka-galleriassa 11.9. asti.<\/strong><\/p>\n<p class=\"p3\"><span class=\"s1\"><a href=\"http:\/\/www.bonkcentre.fi\/\" class=\"external\" rel=\"nofollow\">www.bonkcentre.fi<\/a><\/span><\/p>\n","protected":false},"excerpt":{"rendered":"<p>Kone, joka n\u00e4ytt\u00e4\u00e4 koneelta, ei v\u00e4ltt\u00e4m\u00e4tt\u00e4 ole kone. Taide, joka ei n\u00e4yt\u00e4 taiteelta, voi olla kiinnostavaa taidetta.<\/p>\n","protected":false},"author":122,"featured_media":15977,"comment_status":"open","ping_status":"open","sticky":false,"template":"","format":"standard","meta":{"footnotes":""},"categories":[4],"tags":[282,771,1260,1863,1972,2411,2509],"yoast_head":"<!-- This site is optimized with the Yoast SEO plugin v22.7 - https:\/\/yoast.com\/wordpress\/plugins\/seo\/ -->\n<title>Bonkin saaga - H\u00e4irik\u00f6t-p\u00e4\u00e4maja<\/title>\n<meta name=\"robots\" content=\"index, follow, max-snippet:-1, max-image-preview:large, max-video-preview:-1\" \/>\n<link rel=\"canonical\" href=\"https:\/\/voima.fi\/hairikot\/artikkeli\/bonkin-saaga\/\" \/>\n<meta property=\"og:locale\" content=\"fi_FI\" \/>\n<meta property=\"og:type\" content=\"article\" \/>\n<meta property=\"og:title\" content=\"Bonkin saaga - H\u00e4irik\u00f6t-p\u00e4\u00e4maja\" \/>\n<meta property=\"og:description\" content=\"Kone, joka n\u00e4ytt\u00e4\u00e4 koneelta, ei v\u00e4ltt\u00e4m\u00e4tt\u00e4 ole kone. Taide, joka ei n\u00e4yt\u00e4 taiteelta, voi olla kiinnostavaa taidetta.\" \/>\n<meta property=\"og:url\" content=\"https:\/\/voima.fi\/hairikot\/artikkeli\/bonkin-saaga\/\" \/>\n<meta property=\"og:site_name\" content=\"H\u00e4irik\u00f6t-p\u00e4\u00e4maja\" \/>\n<meta property=\"article:published_time\" content=\"2016-06-22T21:00:00+00:00\" \/>\n<meta property=\"article:modified_time\" content=\"2020-08-10T11:02:21+00:00\" \/>\n<meta property=\"og:image\" content=\"https:\/\/voima.fi\/hairikot\/wp-content\/uploads\/sites\/9\/2020\/04\/Bonk-Pulsar-Q22-1024x948.jpg\" \/>\n\t<meta property=\"og:image:width\" content=\"1024\" \/>\n\t<meta property=\"og:image:height\" content=\"948\" \/>\n\t<meta property=\"og:image:type\" content=\"image\/jpeg\" \/>\n<meta name=\"author\" content=\"Jari Tamminen\" \/>\n<meta name=\"twitter:card\" content=\"summary_large_image\" \/>\n<meta name=\"twitter:label1\" content=\"Kirjoittanut\" \/>\n\t<meta name=\"twitter:data1\" content=\"Jari Tamminen\" \/>\n\t<meta name=\"twitter:label2\" content=\"Arvioitu lukuaika\" \/>\n\t<meta name=\"twitter:data2\" content=\"5 minuuttia\" \/>\n<script type=\"application\/ld+json\" class=\"yoast-schema-graph\">{\"@context\":\"https:\/\/schema.org\",\"@graph\":[{\"@type\":\"WebPage\",\"@id\":\"https:\/\/voima.fi\/hairikot\/artikkeli\/bonkin-saaga\/\",\"url\":\"https:\/\/voima.fi\/hairikot\/artikkeli\/bonkin-saaga\/\",\"name\":\"Bonkin saaga - H\u00e4irik\u00f6t-p\u00e4\u00e4maja\",\"isPartOf\":{\"@id\":\"https:\/\/voima.fi\/hairikot\/#website\"},\"primaryImageOfPage\":{\"@id\":\"https:\/\/voima.fi\/hairikot\/artikkeli\/bonkin-saaga\/#primaryimage\"},\"image\":{\"@id\":\"https:\/\/voima.fi\/hairikot\/artikkeli\/bonkin-saaga\/#primaryimage\"},\"thumbnailUrl\":\"https:\/\/voima.fi\/hairikot\/wp-content\/uploads\/sites\/9\/2020\/04\/Bonk-Pulsar-Q22.jpg\",\"datePublished\":\"2016-06-22T21:00:00+00:00\",\"dateModified\":\"2020-08-10T11:02:21+00:00\",\"author\":{\"@id\":\"https:\/\/voima.fi\/hairikot\/#\/schema\/person\/523ff68c19f1381d78529f38bb76e7fe\"},\"breadcrumb\":{\"@id\":\"https:\/\/voima.fi\/hairikot\/artikkeli\/bonkin-saaga\/#breadcrumb\"},\"inLanguage\":\"fi\",\"potentialAction\":[{\"@type\":\"ReadAction\",\"target\":[\"https:\/\/voima.fi\/hairikot\/artikkeli\/bonkin-saaga\/\"]}]},{\"@type\":\"ImageObject\",\"inLanguage\":\"fi\",\"@id\":\"https:\/\/voima.fi\/hairikot\/artikkeli\/bonkin-saaga\/#primaryimage\",\"url\":\"https:\/\/voima.fi\/hairikot\/wp-content\/uploads\/sites\/9\/2020\/04\/Bonk-Pulsar-Q22.jpg\",\"contentUrl\":\"https:\/\/voima.fi\/hairikot\/wp-content\/uploads\/sites\/9\/2020\/04\/Bonk-Pulsar-Q22.jpg\",\"width\":2362,\"height\":2187,\"caption\":\"Pulsar 001\"},{\"@type\":\"BreadcrumbList\",\"@id\":\"https:\/\/voima.fi\/hairikot\/artikkeli\/bonkin-saaga\/#breadcrumb\",\"itemListElement\":[{\"@type\":\"ListItem\",\"position\":1,\"name\":\"Home\",\"item\":\"https:\/\/voima.fi\/hairikot\/\"},{\"@type\":\"ListItem\",\"position\":2,\"name\":\"Bonkin saaga\"}]},{\"@type\":\"WebSite\",\"@id\":\"https:\/\/voima.fi\/hairikot\/#website\",\"url\":\"https:\/\/voima.fi\/hairikot\/\",\"name\":\"H\u00e4irik\u00f6t-p\u00e4\u00e4maja\",\"description\":\"\",\"potentialAction\":[{\"@type\":\"SearchAction\",\"target\":{\"@type\":\"EntryPoint\",\"urlTemplate\":\"https:\/\/voima.fi\/hairikot\/?s={search_term_string}\"},\"query-input\":\"required name=search_term_string\"}],\"inLanguage\":\"fi\"},{\"@type\":\"Person\",\"@id\":\"https:\/\/voima.fi\/hairikot\/#\/schema\/person\/523ff68c19f1381d78529f38bb76e7fe\",\"name\":\"Jari Tamminen\",\"image\":{\"@type\":\"ImageObject\",\"inLanguage\":\"fi\",\"@id\":\"https:\/\/voima.fi\/hairikot\/#\/schema\/person\/image\/\",\"url\":\"https:\/\/secure.gravatar.com\/avatar\/e5c0bb16f2efc1924afe37fc190f8ce1?s=96&d=blank&r=g\",\"contentUrl\":\"https:\/\/secure.gravatar.com\/avatar\/e5c0bb16f2efc1924afe37fc190f8ce1?s=96&d=blank&r=g\",\"caption\":\"Jari Tamminen\"},\"description\":\"Kulttuurih\u00e4irint\u00e4 on taiteen ja aktivismin j\u00e4nnitt\u00e4v\u00e4\u00e4 lomittumista: odottamaton performanssi katuvilin\u00e4ss\u00e4, vallattuja mainostauluja ja mainosparodioita. Se on k\u00e4site, joka yhdist\u00e4\u00e4 yhteiskunnallista kommentaaria ja luovaa vastarintaa. T\u00e4ss\u00e4 blogissa Voiman Jari Tamminen hahmottaa maailmaa kulttuurih\u00e4irinn\u00e4n n\u00e4k\u00f6kulmasta. Lis\u00e4\u00e4 Tammisen huomioita kulttuurih\u00e4irinn\u00e4st\u00e4 voi lukea Voimasta, H\u00e4irik\u00f6t \u2013 Kulttuurih\u00e4irinn\u00e4n aakkoset -kirjasta ja p\u00e4ivitt\u00e4in osoitteesta www.facebook.com\/hairikot.\",\"sameAs\":[\"http:\/\/www.facebook.com\/hairikot\"],\"url\":\"https:\/\/voima.fi\/hairikot\/artikkeli\/author\/hairikko\/\"}]}<\/script>\n<!-- \/ Yoast SEO plugin. -->","yoast_head_json":{"title":"Bonkin saaga - H\u00e4irik\u00f6t-p\u00e4\u00e4maja","robots":{"index":"index","follow":"follow","max-snippet":"max-snippet:-1","max-image-preview":"max-image-preview:large","max-video-preview":"max-video-preview:-1"},"canonical":"https:\/\/voima.fi\/hairikot\/artikkeli\/bonkin-saaga\/","og_locale":"fi_FI","og_type":"article","og_title":"Bonkin saaga - H\u00e4irik\u00f6t-p\u00e4\u00e4maja","og_description":"Kone, joka n\u00e4ytt\u00e4\u00e4 koneelta, ei v\u00e4ltt\u00e4m\u00e4tt\u00e4 ole kone. Taide, joka ei n\u00e4yt\u00e4 taiteelta, voi olla kiinnostavaa taidetta.","og_url":"https:\/\/voima.fi\/hairikot\/artikkeli\/bonkin-saaga\/","og_site_name":"H\u00e4irik\u00f6t-p\u00e4\u00e4maja","article_published_time":"2016-06-22T21:00:00+00:00","article_modified_time":"2020-08-10T11:02:21+00:00","og_image":[{"width":1024,"height":948,"url":"https:\/\/voima.fi\/hairikot\/wp-content\/uploads\/sites\/9\/2020\/04\/Bonk-Pulsar-Q22-1024x948.jpg","type":"image\/jpeg"}],"author":"Jari Tamminen","twitter_card":"summary_large_image","twitter_misc":{"Kirjoittanut":"Jari Tamminen","Arvioitu lukuaika":"5 minuuttia"},"schema":{"@context":"https:\/\/schema.org","@graph":[{"@type":"WebPage","@id":"https:\/\/voima.fi\/hairikot\/artikkeli\/bonkin-saaga\/","url":"https:\/\/voima.fi\/hairikot\/artikkeli\/bonkin-saaga\/","name":"Bonkin saaga - H\u00e4irik\u00f6t-p\u00e4\u00e4maja","isPartOf":{"@id":"https:\/\/voima.fi\/hairikot\/#website"},"primaryImageOfPage":{"@id":"https:\/\/voima.fi\/hairikot\/artikkeli\/bonkin-saaga\/#primaryimage"},"image":{"@id":"https:\/\/voima.fi\/hairikot\/artikkeli\/bonkin-saaga\/#primaryimage"},"thumbnailUrl":"https:\/\/voima.fi\/hairikot\/wp-content\/uploads\/sites\/9\/2020\/04\/Bonk-Pulsar-Q22.jpg","datePublished":"2016-06-22T21:00:00+00:00","dateModified":"2020-08-10T11:02:21+00:00","author":{"@id":"https:\/\/voima.fi\/hairikot\/#\/schema\/person\/523ff68c19f1381d78529f38bb76e7fe"},"breadcrumb":{"@id":"https:\/\/voima.fi\/hairikot\/artikkeli\/bonkin-saaga\/#breadcrumb"},"inLanguage":"fi","potentialAction":[{"@type":"ReadAction","target":["https:\/\/voima.fi\/hairikot\/artikkeli\/bonkin-saaga\/"]}]},{"@type":"ImageObject","inLanguage":"fi","@id":"https:\/\/voima.fi\/hairikot\/artikkeli\/bonkin-saaga\/#primaryimage","url":"https:\/\/voima.fi\/hairikot\/wp-content\/uploads\/sites\/9\/2020\/04\/Bonk-Pulsar-Q22.jpg","contentUrl":"https:\/\/voima.fi\/hairikot\/wp-content\/uploads\/sites\/9\/2020\/04\/Bonk-Pulsar-Q22.jpg","width":2362,"height":2187,"caption":"Pulsar 001"},{"@type":"BreadcrumbList","@id":"https:\/\/voima.fi\/hairikot\/artikkeli\/bonkin-saaga\/#breadcrumb","itemListElement":[{"@type":"ListItem","position":1,"name":"Home","item":"https:\/\/voima.fi\/hairikot\/"},{"@type":"ListItem","position":2,"name":"Bonkin saaga"}]},{"@type":"WebSite","@id":"https:\/\/voima.fi\/hairikot\/#website","url":"https:\/\/voima.fi\/hairikot\/","name":"H\u00e4irik\u00f6t-p\u00e4\u00e4maja","description":"","potentialAction":[{"@type":"SearchAction","target":{"@type":"EntryPoint","urlTemplate":"https:\/\/voima.fi\/hairikot\/?s={search_term_string}"},"query-input":"required name=search_term_string"}],"inLanguage":"fi"},{"@type":"Person","@id":"https:\/\/voima.fi\/hairikot\/#\/schema\/person\/523ff68c19f1381d78529f38bb76e7fe","name":"Jari Tamminen","image":{"@type":"ImageObject","inLanguage":"fi","@id":"https:\/\/voima.fi\/hairikot\/#\/schema\/person\/image\/","url":"https:\/\/secure.gravatar.com\/avatar\/e5c0bb16f2efc1924afe37fc190f8ce1?s=96&d=blank&r=g","contentUrl":"https:\/\/secure.gravatar.com\/avatar\/e5c0bb16f2efc1924afe37fc190f8ce1?s=96&d=blank&r=g","caption":"Jari Tamminen"},"description":"Kulttuurih\u00e4irint\u00e4 on taiteen ja aktivismin j\u00e4nnitt\u00e4v\u00e4\u00e4 lomittumista: odottamaton performanssi katuvilin\u00e4ss\u00e4, vallattuja mainostauluja ja mainosparodioita. Se on k\u00e4site, joka yhdist\u00e4\u00e4 yhteiskunnallista kommentaaria ja luovaa vastarintaa. T\u00e4ss\u00e4 blogissa Voiman Jari Tamminen hahmottaa maailmaa kulttuurih\u00e4irinn\u00e4n n\u00e4k\u00f6kulmasta. Lis\u00e4\u00e4 Tammisen huomioita kulttuurih\u00e4irinn\u00e4st\u00e4 voi lukea Voimasta, H\u00e4irik\u00f6t \u2013 Kulttuurih\u00e4irinn\u00e4n aakkoset -kirjasta ja p\u00e4ivitt\u00e4in osoitteesta www.facebook.com\/hairikot.","sameAs":["http:\/\/www.facebook.com\/hairikot"],"url":"https:\/\/voima.fi\/hairikot\/artikkeli\/author\/hairikko\/"}]}},"enclosure":{"image":"https:\/\/voima.fi\/hairikot\/wp-content\/uploads\/sites\/9\/2020\/04\/Bonk-Pulsar-Q22.jpg"},"meta:avatar":"","geolocation":[],"meta:youtube":null,"meta:vimeo":null,"meta:duration":null,"_links":{"self":[{"href":"https:\/\/voima.fi\/hairikot\/wp-json\/wp\/v2\/posts\/11718"}],"collection":[{"href":"https:\/\/voima.fi\/hairikot\/wp-json\/wp\/v2\/posts"}],"about":[{"href":"https:\/\/voima.fi\/hairikot\/wp-json\/wp\/v2\/types\/post"}],"author":[{"embeddable":true,"href":"https:\/\/voima.fi\/hairikot\/wp-json\/wp\/v2\/users\/122"}],"replies":[{"embeddable":true,"href":"https:\/\/voima.fi\/hairikot\/wp-json\/wp\/v2\/comments?post=11718"}],"version-history":[{"count":6,"href":"https:\/\/voima.fi\/hairikot\/wp-json\/wp\/v2\/posts\/11718\/revisions"}],"predecessor-version":[{"id":17931,"href":"https:\/\/voima.fi\/hairikot\/wp-json\/wp\/v2\/posts\/11718\/revisions\/17931"}],"wp:featuredmedia":[{"embeddable":true,"href":"https:\/\/voima.fi\/hairikot\/wp-json\/wp\/v2\/media\/15977"}],"wp:attachment":[{"href":"https:\/\/voima.fi\/hairikot\/wp-json\/wp\/v2\/media?parent=11718"}],"wp:term":[{"taxonomy":"category","embeddable":true,"href":"https:\/\/voima.fi\/hairikot\/wp-json\/wp\/v2\/categories?post=11718"},{"taxonomy":"post_tag","embeddable":true,"href":"https:\/\/voima.fi\/hairikot\/wp-json\/wp\/v2\/tags?post=11718"}],"curies":[{"name":"wp","href":"https:\/\/api.w.org\/{rel}","templated":true}]}}