{"id":11223,"date":"2016-03-18T00:00:00","date_gmt":"2016-03-17T22:00:00","guid":{"rendered":"http:\/\/voima.fi\/hairikot\/?post_type=artikkeli&#038;p=11223"},"modified":"2020-08-10T14:02:34","modified_gmt":"2020-08-10T11:02:34","slug":"mannynneulasia-jyvaskylassa-hanna-rast-ja-pine-needles","status":"publish","type":"post","link":"https:\/\/voima.fi\/hairikot\/artikkeli\/mannynneulasia-jyvaskylassa-hanna-rast-ja-pine-needles\/","title":{"rendered":"Muistojen pirstaleisia fantasioita: M\u00e4nnynneulasia Jyv\u00e4skyl\u00e4ss\u00e4."},"content":{"rendered":"<p>R\u00e5stin n\u00e4yttely kertoo mit\u00e4 vaarallisimmista h\u00e4iri\u00f6ist\u00e4 todellisuudessamme. H\u00e4irint\u00e4\u00e4 eiv\u00e4t aina harjoita toiset ihmiset, kuuluiset &#8221;ne muut&#8221;, eiv\u00e4tk\u00e4 &#8221;jotkut&#8221;. Saatamme rakentaa valheellisen historian itse itsellemme.<\/p>\n<p>Joskus teemme itsest\u00e4mme uhreja, jos se sopii hauraaseen feikkitodellisuuteemme paremmin kuin se mahdollinen totuus, ett\u00e4 ehk\u00e4 olemmekin itse m\u00f6hlineet. Haluamme olla moraalisesti oikeamielisi\u00e4, vaikka sitten j\u00e4lkeenp\u00e4in historiaamme repien tai uudelleen v\u00e4rj\u00e4ten.<\/p>\n<p>Menneisyyden valheet eiv\u00e4t aina ole ongelmallisia. Voihan silottelu olla ihan positiivistakin, jos muistomme k\u00e4tkev\u00e4t suuren trauman ja nykyisyys on helpompaa kun sit\u00e4 ei k\u00e4sittele.<\/p>\n<p>Mutta ent\u00e4 jos k\u00e4yt\u00e4mme tulevaisuuden pahojen tekojen oikeutuksena omia valemuistojamme?<\/p>\n<p>Jos valheemme muka oikeuttavat vaikka v\u00e4kivaltaa, todellisuutemme v\u00e4\u00e4ristym\u00e4 ei ole vain yksityisasiamme.<\/p>\n<figure id=\"attachment_11274\" aria-describedby=\"caption-attachment-11274\" style=\"width: 388px\" class=\"wp-caption alignright\"><img decoding=\"async\" class=\"size-full wp-image-11274\" src=\"https:\/\/voima.fi\/hairikot\/wp-content\/uploads\/sites\/9\/2020\/04\/a3ccb8af1e13f33db818e2436303e857e874507c.jpg\" alt=\"Of the same blood, 2014, 30x40, From series Pine needles\" width=\"388\" height=\"600\" \/><figcaption id=\"caption-attachment-11274\" class=\"wp-caption-text\">Of the same blood, Samaa verta, 2014, 30&#215;40, from series Pine Needles<\/figcaption><\/figure>\n<p><strong>Luonnontieteet kohtelevat<\/strong> ihmist\u00e4 t\u00e4m\u00e4n geeniperim\u00e4n lopputuloksena. \u00a0L\u00e4\u00e4k\u00e4rit haluavat tarkistaa sairaskertomuksen ja verenkuvan ennen kuin p\u00e4\u00e4tt\u00e4v\u00e4t keit\u00e4 olemme.<\/p>\n<p>Poliittiset teoreetikot muutama vuosikymmen sitten pitiv\u00e4t yksil\u00f6\u00e4 l\u00e4hinn\u00e4 yhteiskunnallisten vaikutusten uhrina.<\/p>\n<p>Amerikanjuutalaiset ja hirtehiset taiteilijat,\u00a0kuten kirjailija <strong>Philip Roth<\/strong>\u00a0ja elokuvaohjaaja, auteur\u00a0<strong>Woody Allen<\/strong>\u00a0opettivat,\u00a0ett\u00e4 newyorkilainen ahdistunut menestyj\u00e4 on taustaltaan terapeuttinsa traumaattinen luomus.<\/p>\n<p>Nykyp\u00e4iv\u00e4n liberaalitrendi on pit\u00e4\u00e4 ihmist\u00e4 oman el\u00e4m\u00e4ns\u00e4 sankarina, joka on tehnyt tietoisesti omat valintansa. Jos omat tai menneiden sukupolvien valinnat\u00a0ovat huonoja, yksil\u00f6 ansaitsee rangaistuksensa kuten k\u00f6yhyyden.<\/p>\n<p>Onneksi\u00a0nykytaiteilijat usein\u00a0kyseenalaistavat totutut rakennelmat ja vaativat ihmist\u00e4, kutakin itse\u00e4\u00e4n, pohtimaan\u00a0omaa historiaansa.<\/p>\n<figure id=\"attachment_11241\" aria-describedby=\"caption-attachment-11241\" style=\"width: 1000px\" class=\"wp-caption aligncenter\"><img decoding=\"async\" class=\"wp-image-11241 size-medium\" src=\"https:\/\/voima.fi\/hairikot\/wp-content\/uploads\/sites\/9\/2020\/04\/12694643_10154609422748942_6683898638502879158_o.jpg\" alt=\"12694643_10154609422748942_6683898638502879158_o\" width=\"1000\" height=\"750\" \/><figcaption id=\"caption-attachment-11241\" class=\"wp-caption-text\">Galleria Ratamo ja Pine Needles<\/figcaption><\/figure>\n<p><strong>N\u00e4yttelyn esitteess\u00e4<\/strong> R\u00e5st kertoo, ett\u00e4 &#8221;ihmisen kasvussa ei ole aikaa, on vain muutoksia. &#8212; Olemme herkki\u00e4 muutoksille ja h\u00e4iri\u00f6tekij\u00f6ille, mitk\u00e4 yleens\u00e4 tulevat ulkopuolisesta maailmasta. N\u00e4m\u00e4 h\u00e4iri\u00f6t saattavat vaikuttaa merkitt\u00e4v\u00e4sti siihen, miten n\u00e4emme itsemme ja ymp\u00e4rill\u00e4 olevan.&#8221;<\/p>\n<p>Millainen olisi menneisyyteni ollut, jos kuvan henkil\u00f6t olisivatkin eri kuin kuvassa ovat? Muistanko edes keit\u00e4 kuvassa oli, kun ei n\u00e4e kuvaa? \u00a0Muistanko heid\u00e4t, jos heid\u00e4t on \u00e4\u00e4riviivoja my\u00f6ten leikattu kuvasta pois? Ent\u00e4 jos kuvan p\u00e4\u00e4ll\u00e4 onkin h\u00e4iri\u00f6it\u00e4 \u2013 v\u00e4rej\u00e4 ja muotoja, joita kuvan todellisuudessa ei ollut?<\/p>\n<p>Kun menneisyys on\u00a0pirstaleinen, kuva hajoaa suikaleiksi. Ja\u00a0kun\u00a0suikaleet liitt\u00e4\u00e4 yhteen, kuva palautuu oudon v\u00e4reilev\u00e4n\u00e4. Kuin muisto, korjattu kuva\u00a0tavoittaa vain jotain hetken tunnelmasta \u2013 aito tilanne on ikuisiksi ajoiksi mennytt\u00e4.<\/p>\n<p>Ent\u00e4 jos kuvasta irrottaa jonkin n\u00e4enn\u00e4isen huomaamattoman rakenteen: taustan tai v\u00e4rin. Irtoaako muistosta jokin olennainen osa pois \u2013 vai tuleeko siihen jotain lis\u00e4\u00e4?<\/p>\n<p>&#8221;Menneen el\u00e4m\u00e4mme j\u00e4ljet ovat valjastettu loputtomaan muokkaamiseen, uudelleenmuokkaamiseen ja selvitt\u00e4misen prosessiin itsest\u00e4mme, t\u00e4ss\u00e4 hetkess\u00e4&#8221;, kirjoittaa R\u00e5st.<\/p>\n<p>Hanna R\u00e5st on syntynyt v. 1986 Saarij\u00e4rvell\u00e4. H\u00e4n on valmistunut maisteriksi Aalto-yliopistosta vuonna. 2011. Pine Needles n\u00e4hd\u00e4\u00e4n t\u00e4n\u00e4 vuonna my\u00f6s Saarij\u00e4rvell\u00e4.<\/p>\n<figure id=\"attachment_11246\" aria-describedby=\"caption-attachment-11246\" style=\"width: 1000px\" class=\"wp-caption aligncenter\"><img decoding=\"async\" class=\"wp-image-11246 size-medium\" src=\"https:\/\/voima.fi\/hairikot\/wp-content\/uploads\/sites\/9\/2020\/04\/980142_10154609441498942_6559255243175067328_o.jpg\" alt=\"980142_10154609441498942_6559255243175067328_o\" width=\"1000\" height=\"750\" \/><figcaption id=\"caption-attachment-11246\" class=\"wp-caption-text\">Tervetuloa, nuoriso.<\/figcaption><\/figure>\n<p><strong>Veturitallit\u00a0ja Ratamon<\/strong> galleria ovat hyvi\u00e4 tutustumiskohteita vain piipahtajille. Tiloissa on kahvila, kirjastoja ja paljon harrastustoimintaa. \u00a0Paikallisille \u2013 varsinkin nuorille \u2013 on kerhoja kuvataiteista elokuviin ja jopa ammatinvalintaohjausta. \u00c4iditkin siell\u00e4 tapaavat ja avautuvat. \u00a0Tiloista saa vuokrata bilepaikkoja yksityistilaisuuksiin.<\/p>\n<p><strong>Hanna R\u00e5st: Pine Needles on Grafiikka- ja valokuvakeskus Ratamossa 3.4. asti. <a href=\"http:\/\/jyvaskyla.fi\/ratamo\" class=\"external\" rel=\"nofollow\">jyvaskyla.fi\/ratamo<\/a><\/strong><\/p>\n<p><strong>Veturitallit Jyv\u00e4skyl\u00e4,\u00a0Veturitallinkatu 6,\u00a0<a href=\"http:\/\/veturitallit.jyvaskyla.fi\/\" class=\"external\" rel=\"nofollow\">veturitallit.jyvaskyla.fi<\/a><\/strong><\/p>\n<figure id=\"attachment_11244\" aria-describedby=\"caption-attachment-11244\" style=\"width: 1000px\" class=\"wp-caption aligncenter\"><img decoding=\"async\" class=\"wp-image-11244 size-medium\" src=\"https:\/\/voima.fi\/hairikot\/wp-content\/uploads\/sites\/9\/2020\/04\/12829492_10154609441273942_1145415786728862781_o.jpg\" alt=\"12829492_10154609441273942_1145415786728862781_o\" width=\"1000\" height=\"750\" \/><figcaption id=\"caption-attachment-11244\" class=\"wp-caption-text\">Galleria Ratamon kauppaa ja kirjastoa.<\/figcaption><\/figure>\n","protected":false},"excerpt":{"rendered":"<p>R\u00e5stin n\u00e4yttely kertoo mit\u00e4 vaarallisimmista h\u00e4iri\u00f6ist\u00e4 todellisuudessamme. H\u00e4irint\u00e4\u00e4 eiv\u00e4t aina harjoita toiset ihmiset, kuuluiset &#8221;ne muut&#8221;, eiv\u00e4tk\u00e4 &#8221;jotkut&#8221;. Saatamme rakentaa valheellisen historian itse itsellemme. Joskus teemme itsest\u00e4mme uhreja, jos se sopii hauraaseen feikkitodellisuuteemme paremmin kuin se mahdollinen totuus, ett\u00e4 ehk\u00e4 olemmekin itse m\u00f6hlineet. Haluamme olla moraalisesti oikeamielisi\u00e4, vaikka sitten j\u00e4lkeenp\u00e4in historiaamme repien tai uudelleen v\u00e4rj\u00e4ten. [&hellip;]<\/p>\n","protected":false},"author":690,"featured_media":15923,"comment_status":"open","ping_status":"open","sticky":false,"template":"","format":"standard","meta":{"footnotes":""},"categories":[4],"tags":[986,1296,1625,2437,2735,2817],"yoast_head":"<!-- This site is optimized with the Yoast SEO plugin v22.7 - https:\/\/yoast.com\/wordpress\/plugins\/seo\/ -->\n<title>Muistojen pirstaleisia fantasioita: M\u00e4nnynneulasia Jyv\u00e4skyl\u00e4ss\u00e4. - H\u00e4irik\u00f6t-p\u00e4\u00e4maja<\/title>\n<meta name=\"robots\" content=\"index, follow, max-snippet:-1, max-image-preview:large, max-video-preview:-1\" \/>\n<link rel=\"canonical\" href=\"https:\/\/voima.fi\/hairikot\/artikkeli\/mannynneulasia-jyvaskylassa-hanna-rast-ja-pine-needles\/\" \/>\n<meta property=\"og:locale\" content=\"fi_FI\" \/>\n<meta property=\"og:type\" content=\"article\" \/>\n<meta property=\"og:title\" content=\"Muistojen pirstaleisia fantasioita: M\u00e4nnynneulasia Jyv\u00e4skyl\u00e4ss\u00e4. - H\u00e4irik\u00f6t-p\u00e4\u00e4maja\" \/>\n<meta property=\"og:description\" content=\"R\u00e5stin n\u00e4yttely kertoo mit\u00e4 vaarallisimmista h\u00e4iri\u00f6ist\u00e4 todellisuudessamme. H\u00e4irint\u00e4\u00e4 eiv\u00e4t aina harjoita toiset ihmiset, kuuluiset &#8221;ne muut&#8221;, eiv\u00e4tk\u00e4 &#8221;jotkut&#8221;. Saatamme rakentaa valheellisen historian itse itsellemme. Joskus teemme itsest\u00e4mme uhreja, jos se sopii hauraaseen feikkitodellisuuteemme paremmin kuin se mahdollinen totuus, ett\u00e4 ehk\u00e4 olemmekin itse m\u00f6hlineet. Haluamme olla moraalisesti oikeamielisi\u00e4, vaikka sitten j\u00e4lkeenp\u00e4in historiaamme repien tai uudelleen v\u00e4rj\u00e4ten. [&hellip;]\" \/>\n<meta property=\"og:url\" content=\"https:\/\/voima.fi\/hairikot\/artikkeli\/mannynneulasia-jyvaskylassa-hanna-rast-ja-pine-needles\/\" \/>\n<meta property=\"og:site_name\" content=\"H\u00e4irik\u00f6t-p\u00e4\u00e4maja\" \/>\n<meta property=\"article:published_time\" content=\"2016-03-17T22:00:00+00:00\" \/>\n<meta property=\"article:modified_time\" content=\"2020-08-10T11:02:34+00:00\" \/>\n<meta property=\"og:image\" content=\"https:\/\/voima.fi\/hairikot\/wp-content\/uploads\/sites\/9\/2020\/04\/12823449_10154609443273942_2857526508032350736_o.jpg\" \/>\n\t<meta property=\"og:image:width\" content=\"2048\" \/>\n\t<meta property=\"og:image:height\" content=\"1777\" \/>\n\t<meta property=\"og:image:type\" content=\"image\/jpeg\" \/>\n<meta name=\"author\" content=\"Iida Simes\" \/>\n<meta name=\"twitter:card\" content=\"summary_large_image\" \/>\n<meta name=\"twitter:label1\" content=\"Kirjoittanut\" \/>\n\t<meta name=\"twitter:data1\" content=\"Iida Simes\" \/>\n\t<meta name=\"twitter:label2\" content=\"Arvioitu lukuaika\" \/>\n\t<meta name=\"twitter:data2\" content=\"3 minuuttia\" \/>\n<script type=\"application\/ld+json\" class=\"yoast-schema-graph\">{\"@context\":\"https:\/\/schema.org\",\"@graph\":[{\"@type\":\"WebPage\",\"@id\":\"https:\/\/voima.fi\/hairikot\/artikkeli\/mannynneulasia-jyvaskylassa-hanna-rast-ja-pine-needles\/\",\"url\":\"https:\/\/voima.fi\/hairikot\/artikkeli\/mannynneulasia-jyvaskylassa-hanna-rast-ja-pine-needles\/\",\"name\":\"Muistojen pirstaleisia fantasioita: M\u00e4nnynneulasia Jyv\u00e4skyl\u00e4ss\u00e4. - H\u00e4irik\u00f6t-p\u00e4\u00e4maja\",\"isPartOf\":{\"@id\":\"https:\/\/voima.fi\/hairikot\/#website\"},\"primaryImageOfPage\":{\"@id\":\"https:\/\/voima.fi\/hairikot\/artikkeli\/mannynneulasia-jyvaskylassa-hanna-rast-ja-pine-needles\/#primaryimage\"},\"image\":{\"@id\":\"https:\/\/voima.fi\/hairikot\/artikkeli\/mannynneulasia-jyvaskylassa-hanna-rast-ja-pine-needles\/#primaryimage\"},\"thumbnailUrl\":\"https:\/\/voima.fi\/hairikot\/wp-content\/uploads\/sites\/9\/2020\/04\/12823449_10154609443273942_2857526508032350736_o.jpg\",\"datePublished\":\"2016-03-17T22:00:00+00:00\",\"dateModified\":\"2020-08-10T11:02:34+00:00\",\"author\":{\"@id\":\"https:\/\/voima.fi\/hairikot\/#\/schema\/person\/76c82d7d80d8e3db791420c223bb32ea\"},\"breadcrumb\":{\"@id\":\"https:\/\/voima.fi\/hairikot\/artikkeli\/mannynneulasia-jyvaskylassa-hanna-rast-ja-pine-needles\/#breadcrumb\"},\"inLanguage\":\"fi\",\"potentialAction\":[{\"@type\":\"ReadAction\",\"target\":[\"https:\/\/voima.fi\/hairikot\/artikkeli\/mannynneulasia-jyvaskylassa-hanna-rast-ja-pine-needles\/\"]}]},{\"@type\":\"ImageObject\",\"inLanguage\":\"fi\",\"@id\":\"https:\/\/voima.fi\/hairikot\/artikkeli\/mannynneulasia-jyvaskylassa-hanna-rast-ja-pine-needles\/#primaryimage\",\"url\":\"https:\/\/voima.fi\/hairikot\/wp-content\/uploads\/sites\/9\/2020\/04\/12823449_10154609443273942_2857526508032350736_o.jpg\",\"contentUrl\":\"https:\/\/voima.fi\/hairikot\/wp-content\/uploads\/sites\/9\/2020\/04\/12823449_10154609443273942_2857526508032350736_o.jpg\",\"width\":2048,\"height\":1777},{\"@type\":\"BreadcrumbList\",\"@id\":\"https:\/\/voima.fi\/hairikot\/artikkeli\/mannynneulasia-jyvaskylassa-hanna-rast-ja-pine-needles\/#breadcrumb\",\"itemListElement\":[{\"@type\":\"ListItem\",\"position\":1,\"name\":\"Home\",\"item\":\"https:\/\/voima.fi\/hairikot\/\"},{\"@type\":\"ListItem\",\"position\":2,\"name\":\"Muistojen pirstaleisia fantasioita: M\u00e4nnynneulasia Jyv\u00e4skyl\u00e4ss\u00e4.\"}]},{\"@type\":\"WebSite\",\"@id\":\"https:\/\/voima.fi\/hairikot\/#website\",\"url\":\"https:\/\/voima.fi\/hairikot\/\",\"name\":\"H\u00e4irik\u00f6t-p\u00e4\u00e4maja\",\"description\":\"\",\"potentialAction\":[{\"@type\":\"SearchAction\",\"target\":{\"@type\":\"EntryPoint\",\"urlTemplate\":\"https:\/\/voima.fi\/hairikot\/?s={search_term_string}\"},\"query-input\":\"required name=search_term_string\"}],\"inLanguage\":\"fi\"},{\"@type\":\"Person\",\"@id\":\"https:\/\/voima.fi\/hairikot\/#\/schema\/person\/76c82d7d80d8e3db791420c223bb32ea\",\"name\":\"Iida Simes\",\"image\":{\"@type\":\"ImageObject\",\"inLanguage\":\"fi\",\"@id\":\"https:\/\/voima.fi\/hairikot\/#\/schema\/person\/image\/\",\"url\":\"https:\/\/secure.gravatar.com\/avatar\/43384a790c584dc4699d9caef686d1c6?s=96&d=blank&r=g\",\"contentUrl\":\"https:\/\/secure.gravatar.com\/avatar\/43384a790c584dc4699d9caef686d1c6?s=96&d=blank&r=g\",\"caption\":\"Iida Simes\"},\"url\":\"https:\/\/voima.fi\/hairikot\/artikkeli\/author\/iida\/\"}]}<\/script>\n<!-- \/ Yoast SEO plugin. -->","yoast_head_json":{"title":"Muistojen pirstaleisia fantasioita: M\u00e4nnynneulasia Jyv\u00e4skyl\u00e4ss\u00e4. - H\u00e4irik\u00f6t-p\u00e4\u00e4maja","robots":{"index":"index","follow":"follow","max-snippet":"max-snippet:-1","max-image-preview":"max-image-preview:large","max-video-preview":"max-video-preview:-1"},"canonical":"https:\/\/voima.fi\/hairikot\/artikkeli\/mannynneulasia-jyvaskylassa-hanna-rast-ja-pine-needles\/","og_locale":"fi_FI","og_type":"article","og_title":"Muistojen pirstaleisia fantasioita: M\u00e4nnynneulasia Jyv\u00e4skyl\u00e4ss\u00e4. - H\u00e4irik\u00f6t-p\u00e4\u00e4maja","og_description":"R\u00e5stin n\u00e4yttely kertoo mit\u00e4 vaarallisimmista h\u00e4iri\u00f6ist\u00e4 todellisuudessamme. H\u00e4irint\u00e4\u00e4 eiv\u00e4t aina harjoita toiset ihmiset, kuuluiset &#8221;ne muut&#8221;, eiv\u00e4tk\u00e4 &#8221;jotkut&#8221;. Saatamme rakentaa valheellisen historian itse itsellemme. Joskus teemme itsest\u00e4mme uhreja, jos se sopii hauraaseen feikkitodellisuuteemme paremmin kuin se mahdollinen totuus, ett\u00e4 ehk\u00e4 olemmekin itse m\u00f6hlineet. Haluamme olla moraalisesti oikeamielisi\u00e4, vaikka sitten j\u00e4lkeenp\u00e4in historiaamme repien tai uudelleen v\u00e4rj\u00e4ten. [&hellip;]","og_url":"https:\/\/voima.fi\/hairikot\/artikkeli\/mannynneulasia-jyvaskylassa-hanna-rast-ja-pine-needles\/","og_site_name":"H\u00e4irik\u00f6t-p\u00e4\u00e4maja","article_published_time":"2016-03-17T22:00:00+00:00","article_modified_time":"2020-08-10T11:02:34+00:00","og_image":[{"width":2048,"height":1777,"url":"https:\/\/voima.fi\/hairikot\/wp-content\/uploads\/sites\/9\/2020\/04\/12823449_10154609443273942_2857526508032350736_o.jpg","type":"image\/jpeg"}],"author":"Iida Simes","twitter_card":"summary_large_image","twitter_misc":{"Kirjoittanut":"Iida Simes","Arvioitu lukuaika":"3 minuuttia"},"schema":{"@context":"https:\/\/schema.org","@graph":[{"@type":"WebPage","@id":"https:\/\/voima.fi\/hairikot\/artikkeli\/mannynneulasia-jyvaskylassa-hanna-rast-ja-pine-needles\/","url":"https:\/\/voima.fi\/hairikot\/artikkeli\/mannynneulasia-jyvaskylassa-hanna-rast-ja-pine-needles\/","name":"Muistojen pirstaleisia fantasioita: M\u00e4nnynneulasia Jyv\u00e4skyl\u00e4ss\u00e4. - H\u00e4irik\u00f6t-p\u00e4\u00e4maja","isPartOf":{"@id":"https:\/\/voima.fi\/hairikot\/#website"},"primaryImageOfPage":{"@id":"https:\/\/voima.fi\/hairikot\/artikkeli\/mannynneulasia-jyvaskylassa-hanna-rast-ja-pine-needles\/#primaryimage"},"image":{"@id":"https:\/\/voima.fi\/hairikot\/artikkeli\/mannynneulasia-jyvaskylassa-hanna-rast-ja-pine-needles\/#primaryimage"},"thumbnailUrl":"https:\/\/voima.fi\/hairikot\/wp-content\/uploads\/sites\/9\/2020\/04\/12823449_10154609443273942_2857526508032350736_o.jpg","datePublished":"2016-03-17T22:00:00+00:00","dateModified":"2020-08-10T11:02:34+00:00","author":{"@id":"https:\/\/voima.fi\/hairikot\/#\/schema\/person\/76c82d7d80d8e3db791420c223bb32ea"},"breadcrumb":{"@id":"https:\/\/voima.fi\/hairikot\/artikkeli\/mannynneulasia-jyvaskylassa-hanna-rast-ja-pine-needles\/#breadcrumb"},"inLanguage":"fi","potentialAction":[{"@type":"ReadAction","target":["https:\/\/voima.fi\/hairikot\/artikkeli\/mannynneulasia-jyvaskylassa-hanna-rast-ja-pine-needles\/"]}]},{"@type":"ImageObject","inLanguage":"fi","@id":"https:\/\/voima.fi\/hairikot\/artikkeli\/mannynneulasia-jyvaskylassa-hanna-rast-ja-pine-needles\/#primaryimage","url":"https:\/\/voima.fi\/hairikot\/wp-content\/uploads\/sites\/9\/2020\/04\/12823449_10154609443273942_2857526508032350736_o.jpg","contentUrl":"https:\/\/voima.fi\/hairikot\/wp-content\/uploads\/sites\/9\/2020\/04\/12823449_10154609443273942_2857526508032350736_o.jpg","width":2048,"height":1777},{"@type":"BreadcrumbList","@id":"https:\/\/voima.fi\/hairikot\/artikkeli\/mannynneulasia-jyvaskylassa-hanna-rast-ja-pine-needles\/#breadcrumb","itemListElement":[{"@type":"ListItem","position":1,"name":"Home","item":"https:\/\/voima.fi\/hairikot\/"},{"@type":"ListItem","position":2,"name":"Muistojen pirstaleisia fantasioita: M\u00e4nnynneulasia Jyv\u00e4skyl\u00e4ss\u00e4."}]},{"@type":"WebSite","@id":"https:\/\/voima.fi\/hairikot\/#website","url":"https:\/\/voima.fi\/hairikot\/","name":"H\u00e4irik\u00f6t-p\u00e4\u00e4maja","description":"","potentialAction":[{"@type":"SearchAction","target":{"@type":"EntryPoint","urlTemplate":"https:\/\/voima.fi\/hairikot\/?s={search_term_string}"},"query-input":"required name=search_term_string"}],"inLanguage":"fi"},{"@type":"Person","@id":"https:\/\/voima.fi\/hairikot\/#\/schema\/person\/76c82d7d80d8e3db791420c223bb32ea","name":"Iida Simes","image":{"@type":"ImageObject","inLanguage":"fi","@id":"https:\/\/voima.fi\/hairikot\/#\/schema\/person\/image\/","url":"https:\/\/secure.gravatar.com\/avatar\/43384a790c584dc4699d9caef686d1c6?s=96&d=blank&r=g","contentUrl":"https:\/\/secure.gravatar.com\/avatar\/43384a790c584dc4699d9caef686d1c6?s=96&d=blank&r=g","caption":"Iida Simes"},"url":"https:\/\/voima.fi\/hairikot\/artikkeli\/author\/iida\/"}]}},"enclosure":{"image":"https:\/\/voima.fi\/hairikot\/wp-content\/uploads\/sites\/9\/2020\/04\/12823449_10154609443273942_2857526508032350736_o.jpg"},"meta:avatar":"","geolocation":[],"meta:youtube":null,"meta:vimeo":null,"meta:duration":null,"_links":{"self":[{"href":"https:\/\/voima.fi\/hairikot\/wp-json\/wp\/v2\/posts\/11223"}],"collection":[{"href":"https:\/\/voima.fi\/hairikot\/wp-json\/wp\/v2\/posts"}],"about":[{"href":"https:\/\/voima.fi\/hairikot\/wp-json\/wp\/v2\/types\/post"}],"author":[{"embeddable":true,"href":"https:\/\/voima.fi\/hairikot\/wp-json\/wp\/v2\/users\/690"}],"replies":[{"embeddable":true,"href":"https:\/\/voima.fi\/hairikot\/wp-json\/wp\/v2\/comments?post=11223"}],"version-history":[{"count":6,"href":"https:\/\/voima.fi\/hairikot\/wp-json\/wp\/v2\/posts\/11223\/revisions"}],"predecessor-version":[{"id":17910,"href":"https:\/\/voima.fi\/hairikot\/wp-json\/wp\/v2\/posts\/11223\/revisions\/17910"}],"wp:featuredmedia":[{"embeddable":true,"href":"https:\/\/voima.fi\/hairikot\/wp-json\/wp\/v2\/media\/15923"}],"wp:attachment":[{"href":"https:\/\/voima.fi\/hairikot\/wp-json\/wp\/v2\/media?parent=11223"}],"wp:term":[{"taxonomy":"category","embeddable":true,"href":"https:\/\/voima.fi\/hairikot\/wp-json\/wp\/v2\/categories?post=11223"},{"taxonomy":"post_tag","embeddable":true,"href":"https:\/\/voima.fi\/hairikot\/wp-json\/wp\/v2\/tags?post=11223"}],"curies":[{"name":"wp","href":"https:\/\/api.w.org\/{rel}","templated":true}]}}